{"id":30408,"date":"2020-12-30T12:40:40","date_gmt":"2020-12-30T11:40:40","guid":{"rendered":"http:\/\/madeinzaragoza.es\/blog\/?p=30408"},"modified":"2022-10-09T14:52:41","modified_gmt":"2022-10-09T13:52:41","slug":"si-es-una-navidad-diferente-llenala-de-planes-diferentes","status":"publish","type":"post","link":"https:\/\/madeinzaragoza.es\/blog\/si-es-una-navidad-diferente-llenala-de-planes-diferentes\/","title":{"rendered":"Si es una Navidad diferente, ll\u00e9nala de planes diferentes"},"content":{"rendered":"\n<p>Esta Navidad en Zaragoza viene cargadita de planes, as\u00ed que no tienes excusa, saca la agenda de los \u00faltimos d\u00edas de este 2020, y principios de enero y  proponte disfrutar al m\u00e1ximo, de lo que sin duda, ha sido un a\u00f1o at\u00edpico. <\/p>\n\n\n\n<p>L\u00e1nzate a hacer de estas Navidades tambi\u00e9n algo distinto y diferentemente bueno, <strong>dale la vuelta al a\u00f1o y comienza el 2021 con ganas de conocer lo que tienes a tu alrededor<\/strong>. Y adem\u00e1s, puedes hacerlo, porque no va a ser por falta de planes. As\u00ed que aqu\u00ed van unas recomendaciones para todo tipo de gustos.<\/p>\n\n\n\n<h2 class=\"wp-block-heading\"><strong>Para los amantes de la m\u00fasica <\/strong><\/h2>\n\n\n\n<p>Si lo que quer\u00e9is es ir a un concierto en familia que es, por otra parte, un planazo para el a\u00f1o nuevo, el 2 y el 3 , en el <a href=\"https:\/\/teatrodelasesquinas.com\/\" target=\"_blank\" rel=\"noreferrer noopener\">Teatro de las Esquinas<\/a>, no os pod\u00e9is perder a <strong>La<\/strong> <strong>Orquesta de las Esquinas que presenta \u00abLocos por Disney\u00bb<\/strong>.<\/p>\n\n\n\n<p>Despu\u00e9s de m\u00e1s de 5 a\u00f1os de giras por el territorio espa\u00f1ol y convertirse en una de las formaciones de m\u00fasica de c\u00e1mara m\u00e1s vers\u00e1til, la Orquesta de las Esquinas retoma y renueva su repertorio Disney en un divertid\u00edsimo concierto sorprendiendo en cada una de las versiones interpretadas en el espect\u00e1culo de los \u00faltimos \u00e9xitos cinematogr\u00e1ficos de la factor\u00eda Disney.<\/p>\n\n\n\n<div class=\"wp-block-image\"><figure class=\"aligncenter size-large\"><img loading=\"lazy\" decoding=\"async\" width=\"768\" height=\"973\" src=\"http:\/\/madeinzaragoza.es\/blog\/wp-content\/uploads\/2020\/12\/teatro-de-las-esquinas-orequesta-de-las-esquinas-locos-por-disney-cartel-768x973-1.jpg\" alt=\"\" class=\"wp-image-30541\" srcset=\"https:\/\/madeinzaragoza.es\/blog\/wp-content\/uploads\/2020\/12\/teatro-de-las-esquinas-orequesta-de-las-esquinas-locos-por-disney-cartel-768x973-1.jpg 768w, https:\/\/madeinzaragoza.es\/blog\/wp-content\/uploads\/2020\/12\/teatro-de-las-esquinas-orequesta-de-las-esquinas-locos-por-disney-cartel-768x973-1-237x300.jpg 237w\" sizes=\"(max-width: 709px) 85vw, (max-width: 909px) 67vw, (max-width: 984px) 61vw, (max-width: 1362px) 45vw, 600px\" \/><\/figure><\/div>\n\n\n\n<p>Pero si quer\u00e9is conocer grupos de la tierra, que por el momento en el que estamos no podemos verlos en directo, os recomendamos, esta excelente idea de <a href=\"https:\/\/www.cartv.es\/aragoncultura\" target=\"_blank\" rel=\"noreferrer noopener\">aragoncultura.es<\/a> para promocionar a grupos de aqu\u00ed que han decidido dar la bienvenida al nuevo a\u00f1o con un concierto online que han llamado \u00ab<strong>Hola 2021. Grupos aragoneses en escena \u00a1por amor al arte!\u00bb<\/strong>. <\/p>\n\n\n\n<p>El evento virtual, de acceso libre, estar\u00e1 disponible a partir de las 00:30 del d\u00eda 1 y podr\u00e1 verse a la carta en cualquier momento a partir de entonces.<\/p>\n\n\n\n<p>Por el escenario pasar\u00e1n F\u00f3rmula Show, Delacueva, Copacabana, Los Pasocebra, Elem, J Heras, Nom, Charanga Os Moz\u00e9s, Black Ice, Tako, Laura Valma, Cristian Baquero Rock Tour y los Dj&#8217;s Eddy Charlez, Sual, Fleki, \u00c1lex Melero y Mikel Lombarte. Cerca de dos horas de actuaciones donde tendr\u00e1n cabida todos los estilos: pop, rock, urbano, funk, rumba, indie y la m\u00fasica m\u00e1s actual con la participaci\u00f3n de cinco djs de la escena aragonesa. La gala estar\u00e1 presentada por el humorista Daniel Fern\u00e1ndez y la cantante y colaboradora de Arag\u00f3n Radio, Silvia Sol\u00e1ns, acompa\u00f1ados por el periodista de Arag\u00f3n TV, Jorge San Mart\u00edn, en las entrevistas.<\/p>\n\n\n\n<p><a href=\"http:\/\/www.aragoncultura.es\/\" target=\"_blank\" rel=\"noreferrer noopener\">Ver evento OnLine&nbsp;<\/a><\/p>\n\n\n\n<div class=\"wp-block-image\"><figure class=\"aligncenter size-large\"><img loading=\"lazy\" decoding=\"async\" width=\"554\" height=\"800\" src=\"http:\/\/madeinzaragoza.es\/blog\/wp-content\/uploads\/2020\/12\/59335_g.jpg\" alt=\"\" class=\"wp-image-30545\" srcset=\"https:\/\/madeinzaragoza.es\/blog\/wp-content\/uploads\/2020\/12\/59335_g.jpg 554w, https:\/\/madeinzaragoza.es\/blog\/wp-content\/uploads\/2020\/12\/59335_g-208x300.jpg 208w\" sizes=\"(max-width: 554px) 85vw, 554px\" \/><\/figure><\/div>\n\n\n\n<h2 class=\"wp-block-heading\"><strong>Para los amantes del teatro<\/strong><\/h2>\n\n\n\n<p>Para los que os guste el teatro tampoco ten\u00e9is excusas este principio de a\u00f1o, <strong>Le Plat\u00f3 d\u2019Teatro  presenta &#8216;Mala&#8217; en el <a href=\"https:\/\/teatrodelaestacion.com\/web\/\" target=\"_blank\" rel=\"noreferrer noopener\">Teatro de la Estaci\u00f3n<\/a> los d\u00edas 2 y 3 de Enero. <\/strong><\/p>\n\n\n\n<p><em>Mala<\/em>&nbsp;es una comedia negra. La historia de una mujer con el alma quemada de cicatrices que se niega a ser v\u00edctima de ninguna herida, aunque las sufri\u00f3 desde ni\u00f1a. Mala es Marta, una mujer libre, solitaria, fuerte, que no espera nada m\u00e1s que lo que ella misma se gana.  La compa\u00f1\u00eda Le Plat\u00f3 d\u2019Teatro es una compa\u00f1\u00eda aragonesa de reciente creaci\u00f3n, residente en el Teatro de la Estaci\u00f3n. Presenta con&nbsp;<em>Mala<\/em>&nbsp;su segunda producci\u00f3n. El actor y dramaturgo Rafael Campos dirige la producci\u00f3n.  Y las actrices son: Cristina Seral y Clara Gallego. <\/p>\n\n\n\n<div class=\"wp-block-image\"><figure class=\"aligncenter size-large\"><img loading=\"lazy\" decoding=\"async\" width=\"569\" height=\"800\" src=\"http:\/\/madeinzaragoza.es\/blog\/wp-content\/uploads\/2020\/12\/59340_g.jpg\" alt=\"\" class=\"wp-image-30544\" srcset=\"https:\/\/madeinzaragoza.es\/blog\/wp-content\/uploads\/2020\/12\/59340_g.jpg 569w, https:\/\/madeinzaragoza.es\/blog\/wp-content\/uploads\/2020\/12\/59340_g-213x300.jpg 213w\" sizes=\"(max-width: 569px) 85vw, 569px\" \/><\/figure><\/div>\n\n\n\n<p>Evidentemente, una muy buena manera de iniciar a nuestros peque\u00f1os a que les guste la cultura y el teatro es llevarlos all\u00ed. Y que mejor fecha que esta. Os traemos una propuesta para toda la familia, <strong>Kinser &#8216;Entre recuerdos y ternura&#8217;  en el <a href=\"https:\/\/teatrodelmercadozaragoza.com\/\" target=\"_blank\" rel=\"noreferrer noopener\">Teatro del Mercado<\/a> del 29 al 31 de diciembre. <\/strong><\/p>\n\n\n\n<p>Kiny, Serrucho y Jano nos ofrecen un sinf\u00edn de sonrisas y emociones con malabares, canciones, m\u00fasica en directo y pantomima. Han cambiado mucho las cosas desde cuando nuestros abuelos eran ni\u00f1os. Antes apenas ten\u00edan juguetes, ahora no saben d\u00f3nde meterlos; hay otras costumbres, otra forma de ver la vida, incluso otra m\u00fasica. Todo ha cambiado pero los payasos siguen igual. Esta obra homenajea estos seres m\u00e1gicos que siempre nos acompa\u00f1an. Imperdible. <\/p>\n\n\n\n<div class=\"wp-block-image\"><figure class=\"aligncenter size-large\"><img loading=\"lazy\" decoding=\"async\" width=\"624\" height=\"800\" src=\"http:\/\/madeinzaragoza.es\/blog\/wp-content\/uploads\/2020\/12\/58811_g.jpg\" alt=\"\" class=\"wp-image-30546\" srcset=\"https:\/\/madeinzaragoza.es\/blog\/wp-content\/uploads\/2020\/12\/58811_g.jpg 624w, https:\/\/madeinzaragoza.es\/blog\/wp-content\/uploads\/2020\/12\/58811_g-234x300.jpg 234w\" sizes=\"(max-width: 709px) 85vw, (max-width: 909px) 67vw, (max-width: 984px) 61vw, (max-width: 1362px) 45vw, 600px\" \/><\/figure><\/div>\n\n\n\n<h2 class=\"wp-block-heading\"><strong>Para los amantes de las exposiciones<\/strong><\/h2>\n\n\n\n<p>Y para los que os encante ir de <strong> exposiciones<\/strong> , est\u00e1is de suerte. Recordaros que afortunadamente tenemos muchas y muy variadas. <\/p>\n\n\n\n<p>Una muy recomendable, si quer\u00e9is volver a la infancia y sentiros de nuevo ni\u00f1os es la exposici\u00f3n &#8216;<strong>Tesoros de papel. Libros m\u00f3viles y desplegables&#8217;<\/strong>, una gozada para los amantes de los cuentos. <\/p>\n\n\n\n<div class=\"wp-block-image\"><figure class=\"aligncenter size-large\"><img loading=\"lazy\" decoding=\"async\" width=\"1024\" height=\"496\" src=\"http:\/\/madeinzaragoza.es\/blog\/wp-content\/uploads\/2020\/12\/IMG_20201226_195126-1024x496.jpg\" alt=\"\" class=\"wp-image-30542\" srcset=\"https:\/\/madeinzaragoza.es\/blog\/wp-content\/uploads\/2020\/12\/IMG_20201226_195126-1024x496.jpg 1024w, https:\/\/madeinzaragoza.es\/blog\/wp-content\/uploads\/2020\/12\/IMG_20201226_195126-300x145.jpg 300w, https:\/\/madeinzaragoza.es\/blog\/wp-content\/uploads\/2020\/12\/IMG_20201226_195126-768x372.jpg 768w, https:\/\/madeinzaragoza.es\/blog\/wp-content\/uploads\/2020\/12\/IMG_20201226_195126-1536x743.jpg 1536w, https:\/\/madeinzaragoza.es\/blog\/wp-content\/uploads\/2020\/12\/IMG_20201226_195126-2048x991.jpg 2048w, https:\/\/madeinzaragoza.es\/blog\/wp-content\/uploads\/2020\/12\/IMG_20201226_195126-1200x581.jpg 1200w\" sizes=\"(max-width: 709px) 85vw, (max-width: 909px) 67vw, (max-width: 1362px) 62vw, 840px\" \/><\/figure><\/div>\n\n\n\n<p>Esta exposici\u00f3n muestra una selecci\u00f3n de hermos\u00edsimos y complejos ejemplares, que forman parte de una colecci\u00f3n de m\u00e1s de 500 libros desplegables y m\u00f3viles, atesorados a lo largo de m\u00e1s de cuatro d\u00e9cadas, por la familia Gim\u00e9nez Laguardia. Adem\u00e1s, la historia de la colecci\u00f3n es muy interesante. En la Navidad de 1979, la familia Gim\u00e9nez-Laguardia esperaba la llegada de su primer hijo.  Y hasta ese momento, poco o nada hab\u00edan reparado en la literatura infantil.<\/p>\n\n\n\n<p>Una pr\u00e1ctica muy habitual en aquella \u00e9poca, era la compra de libros por correspondencia, y hasta su casa llegaba puntualmente cada mes un peque\u00f1o catalogo que la librer\u00eda de lance barcelonesa Fontana enviaba por correspondencia. En los d\u00edas previos a la Navidad, la secci\u00f3n infantil y juvenil era m\u00e1s extensa de lo habitual y a pesar de que la familia desconoc\u00eda el significado de los t\u00e9rminos libros Pop-Ups o desplegables, se decidieron a comprar algunos de estos ejemplares. Pocos d\u00edas tard\u00f3 en llegar el pedido, y al abrirlo descubrieron unos hermos\u00edsimos y delicados libros, que, aunque demasiado fr\u00e1giles para las manos infantiles, les cautivaron y animaron a seguir ampliando su colecci\u00f3n hasta hoy en d\u00eda.&nbsp;<\/p>\n\n\n\n<div class=\"wp-block-image\"><figure class=\"aligncenter size-large\"><img loading=\"lazy\" decoding=\"async\" width=\"1024\" height=\"496\" src=\"http:\/\/madeinzaragoza.es\/blog\/wp-content\/uploads\/2020\/12\/IMG_20201226_194449-1024x496.jpg\" alt=\"\" class=\"wp-image-30543\" srcset=\"https:\/\/madeinzaragoza.es\/blog\/wp-content\/uploads\/2020\/12\/IMG_20201226_194449-1024x496.jpg 1024w, https:\/\/madeinzaragoza.es\/blog\/wp-content\/uploads\/2020\/12\/IMG_20201226_194449-300x145.jpg 300w, https:\/\/madeinzaragoza.es\/blog\/wp-content\/uploads\/2020\/12\/IMG_20201226_194449-768x372.jpg 768w, https:\/\/madeinzaragoza.es\/blog\/wp-content\/uploads\/2020\/12\/IMG_20201226_194449-1536x743.jpg 1536w, https:\/\/madeinzaragoza.es\/blog\/wp-content\/uploads\/2020\/12\/IMG_20201226_194449-2048x991.jpg 2048w, https:\/\/madeinzaragoza.es\/blog\/wp-content\/uploads\/2020\/12\/IMG_20201226_194449-1200x581.jpg 1200w\" sizes=\"(max-width: 709px) 85vw, (max-width: 909px) 67vw, (max-width: 1362px) 62vw, 840px\" \/><\/figure><\/div>\n\n\n\n<p><\/p>\n\n\n\n<p>Por supuesto si no la has visto todav\u00eda todav\u00eda estas a tiempo de ver <strong>Exposici\u00f3n Espejos. Dentro y fuera de la realidad en Zaragoza,<\/strong> en <a href=\"https:\/\/caixaforum.es\/es\/zaragoza\" target=\"_blank\" rel=\"noreferrer noopener\">CaixaForum<\/a>  hasta el 24 de Enero. \u00bfTe atreves a cruzar al otro lado del espejo, tal y como hizo la Alicia de Lewis Carroll? \u201cEspejos\u201d te invita a explorar la realidad que hay \u201cdentro\u201d y \u201cfuera\u201d de estos objetos.<\/p>\n\n\n\n<p>Im\u00e1genes deformadas, caleidoscopios que crean horizontes infinitos, cascadas que conducen la luz, la exposici\u00f3n recurre a la f\u00edsica de la luz y de los espejos para construir recorrido lleno de experiencias y sorpresas que demuestran al visitante que la realidad se puede observar desde \u00f3pticas diferentes. Si todav\u00eda no has ido, y te has hecho \u00abla foto\u00bb, ya va siendo hora, porque de verdad, merece la pena. <\/p>\n\n\n\n<div class=\"wp-block-image\"><figure class=\"aligncenter size-large\"><img loading=\"lazy\" decoding=\"async\" width=\"450\" height=\"300\" src=\"http:\/\/madeinzaragoza.es\/blog\/wp-content\/uploads\/2020\/12\/unnamed-1.jpg\" alt=\"\" class=\"wp-image-30450\" srcset=\"https:\/\/madeinzaragoza.es\/blog\/wp-content\/uploads\/2020\/12\/unnamed-1.jpg 450w, https:\/\/madeinzaragoza.es\/blog\/wp-content\/uploads\/2020\/12\/unnamed-1-300x200.jpg 300w\" sizes=\"(max-width: 450px) 85vw, 450px\" \/><\/figure><\/div>\n\n\n\n<p><br>Tambi\u00e9n en Caixaforum, es imperdible la exposici\u00f3n de <strong>las obras del polifac\u00e9tico Toulouse-Lautrec<\/strong>,  que nos traslada a Montmartre y muestra su producci\u00f3n en sinton\u00eda con los artistas contempor\u00e1neos en el Par\u00eds de finales del siglo XIX . Exposici\u00f3n que tendremos hasta el 23 de febrero. <\/p>\n\n\n\n<div class=\"wp-block-image\"><figure class=\"aligncenter size-large\"><img loading=\"lazy\" decoding=\"async\" width=\"700\" height=\"350\" src=\"http:\/\/madeinzaragoza.es\/blog\/wp-content\/uploads\/2020\/12\/2.jpg\" alt=\"\" class=\"wp-image-30458\" srcset=\"https:\/\/madeinzaragoza.es\/blog\/wp-content\/uploads\/2020\/12\/2.jpg 700w, https:\/\/madeinzaragoza.es\/blog\/wp-content\/uploads\/2020\/12\/2-300x150.jpg 300w\" sizes=\"(max-width: 709px) 85vw, (max-width: 909px) 67vw, (max-width: 984px) 61vw, (max-width: 1362px) 45vw, 600px\" \/><\/figure><\/div>\n\n\n\n<p><br>Muy interesante tambi\u00e9n la exposici\u00f3n <strong>#Comoartistasporsucasa en Zaragoza, <a href=\"https:\/\/www.zaragoza.es\/ciudad\/museos\/es\/chistoria\" target=\"_blank\" rel=\"noreferrer noopener\">Centro de Historias de Zaragoza<\/a>.<\/strong> La muestra est\u00e1 integrada por una selecci\u00f3n de las obras de 75 artistas emergentes remitidas al concurso convocado por el Ayuntamiento de Zaragoza durante el periodo de confinamiento de la crisis sanitaria por el coronavirus.<\/p>\n\n\n\n<div class=\"wp-block-image\"><figure class=\"aligncenter size-large\"><img loading=\"lazy\" decoding=\"async\" width=\"759\" height=\"506\" src=\"http:\/\/madeinzaragoza.es\/blog\/wp-content\/uploads\/2020\/12\/Exposicion-Como-artistas-por-su-casa-en-el-Claustro-del-Centro-de-Historias.jpg\" alt=\"\" class=\"wp-image-30415\" srcset=\"https:\/\/madeinzaragoza.es\/blog\/wp-content\/uploads\/2020\/12\/Exposicion-Como-artistas-por-su-casa-en-el-Claustro-del-Centro-de-Historias.jpg 759w, https:\/\/madeinzaragoza.es\/blog\/wp-content\/uploads\/2020\/12\/Exposicion-Como-artistas-por-su-casa-en-el-Claustro-del-Centro-de-Historias-300x200.jpg 300w\" sizes=\"(max-width: 709px) 85vw, (max-width: 909px) 67vw, (max-width: 984px) 61vw, (max-width: 1362px) 45vw, 600px\" \/><\/figure><\/div>\n\n\n\n<p>Realmente,  no hay excusas porque hacer un resumen de todas las actividades programadas de Zaragoza para estas Navidades es imposible. Simplemente mirando la pagina de cultura de el ayuntamiento tendr\u00e9is un mont\u00f3n de sugerencias, pero adem\u00e1s os recomendamos que ech\u00e9is un ojo a diferentes Teatros: Estaci\u00f3n , Arbole, Las esquinas, Sala Bicho, y diferentes salas de cultura y exposiciones de la ciudad.  <\/p>\n\n\n\n<p><strong>Para unas navidades diferentes, haz planes diferentes, y disfruta, que aun quedan d\u00edas. <\/strong> Es un consejo de la direcci\u00f3n general de Bienestar de la vida,  de Made in Zaragoza, y de la tipa que escribe este art\u00edculo. <\/p>\n\n\n\n<p>\u00a1\u00a1\u00a1FELIZ NAVIDAD  y FELIZ Y F\u00c1CIL 2021!!!<\/p>\n","protected":false},"excerpt":{"rendered":"<p>Esta Navidad en Zaragoza viene cargadita de planes, as\u00ed que no tienes excusa, saca la agenda de los \u00faltimos d\u00edas de este 2020, y principios de enero y proponte disfrutar al m\u00e1ximo, de lo que sin duda, ha sido un a\u00f1o at\u00edpico. L\u00e1nzate a hacer de estas Navidades tambi\u00e9n algo distinto y diferentemente bueno, dale &hellip; <a href=\"https:\/\/madeinzaragoza.es\/blog\/si-es-una-navidad-diferente-llenala-de-planes-diferentes\/\" class=\"more-link\">Continuar leyendo<span class=\"screen-reader-text\"> \u00abSi es una Navidad diferente, ll\u00e9nala de planes diferentes\u00bb<\/span><\/a><\/p>\n","protected":false},"author":72,"featured_media":30548,"comment_status":"open","ping_status":"open","sticky":false,"template":"","format":"standard","meta":{"footnotes":""},"categories":[829],"tags":[],"yoast_head":"<!-- This site is optimized with the Yoast SEO plugin v19.7.2 - https:\/\/yoast.com\/wordpress\/plugins\/seo\/ -->\n<title>Si es una Navidad diferente, ll\u00e9nala de planes diferentes - Made in Zaragoza<\/title>\n<meta name=\"description\" content=\"Esta Navidad en Zaragoza viene cargadita de planes, as\u00ed que no tienes excusa, saca la agenda y proponte disfrutar al m\u00e1ximo.\" \/>\n<meta name=\"robots\" content=\"index, follow, max-snippet:-1, max-image-preview:large, max-video-preview:-1\" \/>\n<link rel=\"canonical\" href=\"http:\/\/madeinzaragoza.es\/blog\/si-es-una-navidad-diferente-llenala-de-planes-diferentes\/\" \/>\n<meta property=\"og:locale\" content=\"es_ES\" \/>\n<meta property=\"og:type\" content=\"article\" \/>\n<meta property=\"og:title\" content=\"Si es una Navidad diferente, ll\u00e9nala de planes diferentes - Made in Zaragoza\" \/>\n<meta property=\"og:description\" content=\"Esta Navidad en Zaragoza viene cargadita de planes, as\u00ed que no tienes excusa, saca la agenda y proponte disfrutar al m\u00e1ximo.\" \/>\n<meta property=\"og:url\" content=\"http:\/\/madeinzaragoza.es\/blog\/si-es-una-navidad-diferente-llenala-de-planes-diferentes\/\" \/>\n<meta property=\"og:site_name\" content=\"Made in Zaragoza\" \/>\n<meta property=\"article:publisher\" content=\"https:\/\/www.facebook.com\/madeinzaragoza.es\/\" \/>\n<meta property=\"article:published_time\" content=\"2020-12-30T11:40:40+00:00\" \/>\n<meta property=\"article:modified_time\" content=\"2022-10-09T13:52:41+00:00\" \/>\n<meta property=\"og:image\" content=\"http:\/\/madeinzaragoza.es\/blog\/wp-content\/uploads\/2020\/12\/librosdepapel.jpg\" \/>\n\t<meta property=\"og:image:width\" content=\"724\" \/>\n\t<meta property=\"og:image:height\" content=\"483\" \/>\n\t<meta property=\"og:image:type\" content=\"image\/jpeg\" \/>\n<meta name=\"author\" content=\"Maria de Rada\" \/>\n<meta name=\"twitter:card\" content=\"summary\" \/>\n<meta name=\"twitter:creator\" content=\"@deradeando\" \/>\n<meta name=\"twitter:site\" content=\"@madeinzaragoza\" \/>\n<meta name=\"twitter:label1\" content=\"Escrito por\" \/>\n\t<meta name=\"twitter:data1\" content=\"Maria de Rada\" \/>\n\t<meta name=\"twitter:label2\" content=\"Tiempo de lectura\" \/>\n\t<meta name=\"twitter:data2\" content=\"7 minutos\" \/>\n<script type=\"application\/ld+json\" class=\"yoast-schema-graph\">{\"@context\":\"https:\/\/schema.org\",\"@graph\":[{\"@type\":\"Article\",\"@id\":\"http:\/\/madeinzaragoza.es\/blog\/si-es-una-navidad-diferente-llenala-de-planes-diferentes\/#article\",\"isPartOf\":{\"@id\":\"http:\/\/madeinzaragoza.es\/blog\/si-es-una-navidad-diferente-llenala-de-planes-diferentes\/\"},\"author\":{\"name\":\"Maria de Rada\",\"@id\":\"https:\/\/madeinzaragoza.es\/blog\/#\/schema\/person\/7985c289943611c15ff5d149dca68e10\"},\"headline\":\"Si es una Navidad diferente, ll\u00e9nala de planes diferentes\",\"datePublished\":\"2020-12-30T11:40:40+00:00\",\"dateModified\":\"2022-10-09T13:52:41+00:00\",\"mainEntityOfPage\":{\"@id\":\"http:\/\/madeinzaragoza.es\/blog\/si-es-una-navidad-diferente-llenala-de-planes-diferentes\/\"},\"wordCount\":1355,\"commentCount\":0,\"publisher\":{\"@id\":\"https:\/\/madeinzaragoza.es\/blog\/#organization\"},\"articleSection\":[\"Cultura\"],\"inLanguage\":\"es\",\"potentialAction\":[{\"@type\":\"CommentAction\",\"name\":\"Comment\",\"target\":[\"http:\/\/madeinzaragoza.es\/blog\/si-es-una-navidad-diferente-llenala-de-planes-diferentes\/#respond\"]}]},{\"@type\":\"WebPage\",\"@id\":\"http:\/\/madeinzaragoza.es\/blog\/si-es-una-navidad-diferente-llenala-de-planes-diferentes\/\",\"url\":\"http:\/\/madeinzaragoza.es\/blog\/si-es-una-navidad-diferente-llenala-de-planes-diferentes\/\",\"name\":\"Si es una Navidad diferente, ll\u00e9nala de planes diferentes - Made in Zaragoza\",\"isPartOf\":{\"@id\":\"https:\/\/madeinzaragoza.es\/blog\/#website\"},\"datePublished\":\"2020-12-30T11:40:40+00:00\",\"dateModified\":\"2022-10-09T13:52:41+00:00\",\"description\":\"Esta Navidad en Zaragoza viene cargadita de planes, as\u00ed que no tienes excusa, saca la agenda y proponte disfrutar al m\u00e1ximo.\",\"breadcrumb\":{\"@id\":\"http:\/\/madeinzaragoza.es\/blog\/si-es-una-navidad-diferente-llenala-de-planes-diferentes\/#breadcrumb\"},\"inLanguage\":\"es\",\"potentialAction\":[{\"@type\":\"ReadAction\",\"target\":[\"http:\/\/madeinzaragoza.es\/blog\/si-es-una-navidad-diferente-llenala-de-planes-diferentes\/\"]}]},{\"@type\":\"BreadcrumbList\",\"@id\":\"http:\/\/madeinzaragoza.es\/blog\/si-es-una-navidad-diferente-llenala-de-planes-diferentes\/#breadcrumb\",\"itemListElement\":[{\"@type\":\"ListItem\",\"position\":1,\"name\":\"Portada\",\"item\":\"https:\/\/madeinzaragoza.es\/blog\/\"},{\"@type\":\"ListItem\",\"position\":2,\"name\":\"Si es una Navidad diferente, ll\u00e9nala de planes diferentes\"}]},{\"@type\":\"WebSite\",\"@id\":\"https:\/\/madeinzaragoza.es\/blog\/#website\",\"url\":\"https:\/\/madeinzaragoza.es\/blog\/\",\"name\":\"Made in Zaragoza\",\"description\":\"Blog de MadeinZGZ, Red de Econom\u00eda Creativa de Zaragoza\",\"publisher\":{\"@id\":\"https:\/\/madeinzaragoza.es\/blog\/#organization\"},\"potentialAction\":[{\"@type\":\"SearchAction\",\"target\":{\"@type\":\"EntryPoint\",\"urlTemplate\":\"https:\/\/madeinzaragoza.es\/blog\/?s={search_term_string}\"},\"query-input\":\"required name=search_term_string\"}],\"inLanguage\":\"es\"},{\"@type\":\"Organization\",\"@id\":\"https:\/\/madeinzaragoza.es\/blog\/#organization\",\"name\":\"Made In Zaragoza\",\"url\":\"https:\/\/madeinzaragoza.es\/blog\/\",\"sameAs\":[\"https:\/\/www.instagram.com\/madeinzaragoza.es\/\",\"https:\/\/www.facebook.com\/madeinzaragoza.es\/\",\"https:\/\/twitter.com\/madeinzaragoza\"],\"logo\":{\"@type\":\"ImageObject\",\"inLanguage\":\"es\",\"@id\":\"https:\/\/madeinzaragoza.es\/blog\/#\/schema\/logo\/image\/\",\"url\":\"https:\/\/madeinzaragoza.es\/blog\/wp-content\/uploads\/2022\/05\/logo.png\",\"contentUrl\":\"https:\/\/madeinzaragoza.es\/blog\/wp-content\/uploads\/2022\/05\/logo.png\",\"width\":193,\"height\":176,\"caption\":\"Made In Zaragoza\"},\"image\":{\"@id\":\"https:\/\/madeinzaragoza.es\/blog\/#\/schema\/logo\/image\/\"}},{\"@type\":\"Person\",\"@id\":\"https:\/\/madeinzaragoza.es\/blog\/#\/schema\/person\/7985c289943611c15ff5d149dca68e10\",\"name\":\"Maria de Rada\",\"image\":{\"@type\":\"ImageObject\",\"inLanguage\":\"es\",\"@id\":\"https:\/\/madeinzaragoza.es\/blog\/#\/schema\/person\/image\/\",\"url\":\"https:\/\/secure.gravatar.com\/avatar\/2d2766ec8a477c0324437de9f3d434d9?s=96&d=mm&r=g\",\"contentUrl\":\"https:\/\/secure.gravatar.com\/avatar\/2d2766ec8a477c0324437de9f3d434d9?s=96&d=mm&r=g\",\"caption\":\"Maria de Rada\"},\"description\":\"Comunicadora, inquieta, curiosa y muy proactiva ( en ocasiones, hasta hiperactiva:) se dedica profesionalmente desde hace m\u00e1s de quince a\u00f1os a dos campos profesionales. Por un lado en el \u00e1mbito de la comunicaci\u00f3n es periodista-guionista de audiovisuales, radio y televisi\u00f3n, y por otro lado, se dedica al mundo del teatro y de la interpretaci\u00f3n, es actriz y dramaturga. En el campo de la comunicaci\u00f3n y prensa ha trabajado durante m\u00e1s de quince a\u00f1os como periodista- guionista y reportera de programas para radio y televisi\u00f3n en diferentes cadenas: La Sexta, Cuatro, Telecinco, Movistar0, Aragontv, Eitb, Punto Radio, en diferentes tipos de programas nacionales y auton\u00f3micos y documentales. Y en el campo de la interpretaci\u00f3n como actriz ha actuado en m\u00e1s de una decena de compa\u00f1\u00edas, montando la suya propia Feas Company, ha sido ayudante de direcci\u00f3n de Andr\u00e9s Lima y ha trabajado en diferentes producciones audiovisuales a nivel local y nacional. Adem\u00e1s de estudiar en diferentes escuelas, y un Master oficial en artes esc\u00e9nicas. Adem\u00e1s es locutora de anuncios de publicidad, v\u00eddeos, transportes...quiz\u00e1 si escuchas bien la puedes o\u00edr en m\u00e1s de un sitio de tu ciudad;) y del mundo. Tambi\u00e9n da clases, cuando se atreven y le dejan, de todo lo anterior. Le gustan las historias, hablar con la gente y conocer su historia para despu\u00e9s contarla y tiene especial debilidad por las historias humanas y sociales, las historias de la calle, de la gente valiente que hace y lucha por un mundo mejor, por ello es la encargada de escribir la secci\u00f3n Miziudadanxs, donde nos traer\u00e1 las historias m\u00e1s humanas a este blog. Puedes ver sobre todo lo que hace y sobre ella en su web : mariaderada.com\",\"sameAs\":[\"http:\/\/mariaderada.com\/\",\"https:\/\/twitter.com\/deradeando\"],\"url\":\"https:\/\/madeinzaragoza.es\/blog\/author\/mariaderada\/\"}]}<\/script>\n<!-- \/ Yoast SEO plugin. -->","yoast_head_json":{"title":"Si es una Navidad diferente, ll\u00e9nala de planes diferentes - Made in Zaragoza","description":"Esta Navidad en Zaragoza viene cargadita de planes, as\u00ed que no tienes excusa, saca la agenda y proponte disfrutar al m\u00e1ximo.","robots":{"index":"index","follow":"follow","max-snippet":"max-snippet:-1","max-image-preview":"max-image-preview:large","max-video-preview":"max-video-preview:-1"},"canonical":"http:\/\/madeinzaragoza.es\/blog\/si-es-una-navidad-diferente-llenala-de-planes-diferentes\/","og_locale":"es_ES","og_type":"article","og_title":"Si es una Navidad diferente, ll\u00e9nala de planes diferentes - Made in Zaragoza","og_description":"Esta Navidad en Zaragoza viene cargadita de planes, as\u00ed que no tienes excusa, saca la agenda y proponte disfrutar al m\u00e1ximo.","og_url":"http:\/\/madeinzaragoza.es\/blog\/si-es-una-navidad-diferente-llenala-de-planes-diferentes\/","og_site_name":"Made in Zaragoza","article_publisher":"https:\/\/www.facebook.com\/madeinzaragoza.es\/","article_published_time":"2020-12-30T11:40:40+00:00","article_modified_time":"2022-10-09T13:52:41+00:00","og_image":[{"width":724,"height":483,"url":"http:\/\/madeinzaragoza.es\/blog\/wp-content\/uploads\/2020\/12\/librosdepapel.jpg","type":"image\/jpeg"}],"author":"Maria de Rada","twitter_card":"summary","twitter_creator":"@deradeando","twitter_site":"@madeinzaragoza","twitter_misc":{"Escrito por":"Maria de Rada","Tiempo de lectura":"7 minutos"},"schema":{"@context":"https:\/\/schema.org","@graph":[{"@type":"Article","@id":"http:\/\/madeinzaragoza.es\/blog\/si-es-una-navidad-diferente-llenala-de-planes-diferentes\/#article","isPartOf":{"@id":"http:\/\/madeinzaragoza.es\/blog\/si-es-una-navidad-diferente-llenala-de-planes-diferentes\/"},"author":{"name":"Maria de Rada","@id":"https:\/\/madeinzaragoza.es\/blog\/#\/schema\/person\/7985c289943611c15ff5d149dca68e10"},"headline":"Si es una Navidad diferente, ll\u00e9nala de planes diferentes","datePublished":"2020-12-30T11:40:40+00:00","dateModified":"2022-10-09T13:52:41+00:00","mainEntityOfPage":{"@id":"http:\/\/madeinzaragoza.es\/blog\/si-es-una-navidad-diferente-llenala-de-planes-diferentes\/"},"wordCount":1355,"commentCount":0,"publisher":{"@id":"https:\/\/madeinzaragoza.es\/blog\/#organization"},"articleSection":["Cultura"],"inLanguage":"es","potentialAction":[{"@type":"CommentAction","name":"Comment","target":["http:\/\/madeinzaragoza.es\/blog\/si-es-una-navidad-diferente-llenala-de-planes-diferentes\/#respond"]}]},{"@type":"WebPage","@id":"http:\/\/madeinzaragoza.es\/blog\/si-es-una-navidad-diferente-llenala-de-planes-diferentes\/","url":"http:\/\/madeinzaragoza.es\/blog\/si-es-una-navidad-diferente-llenala-de-planes-diferentes\/","name":"Si es una Navidad diferente, ll\u00e9nala de planes diferentes - Made in Zaragoza","isPartOf":{"@id":"https:\/\/madeinzaragoza.es\/blog\/#website"},"datePublished":"2020-12-30T11:40:40+00:00","dateModified":"2022-10-09T13:52:41+00:00","description":"Esta Navidad en Zaragoza viene cargadita de planes, as\u00ed que no tienes excusa, saca la agenda y proponte disfrutar al m\u00e1ximo.","breadcrumb":{"@id":"http:\/\/madeinzaragoza.es\/blog\/si-es-una-navidad-diferente-llenala-de-planes-diferentes\/#breadcrumb"},"inLanguage":"es","potentialAction":[{"@type":"ReadAction","target":["http:\/\/madeinzaragoza.es\/blog\/si-es-una-navidad-diferente-llenala-de-planes-diferentes\/"]}]},{"@type":"BreadcrumbList","@id":"http:\/\/madeinzaragoza.es\/blog\/si-es-una-navidad-diferente-llenala-de-planes-diferentes\/#breadcrumb","itemListElement":[{"@type":"ListItem","position":1,"name":"Portada","item":"https:\/\/madeinzaragoza.es\/blog\/"},{"@type":"ListItem","position":2,"name":"Si es una Navidad diferente, ll\u00e9nala de planes diferentes"}]},{"@type":"WebSite","@id":"https:\/\/madeinzaragoza.es\/blog\/#website","url":"https:\/\/madeinzaragoza.es\/blog\/","name":"Made in Zaragoza","description":"Blog de MadeinZGZ, Red de Econom\u00eda Creativa de Zaragoza","publisher":{"@id":"https:\/\/madeinzaragoza.es\/blog\/#organization"},"potentialAction":[{"@type":"SearchAction","target":{"@type":"EntryPoint","urlTemplate":"https:\/\/madeinzaragoza.es\/blog\/?s={search_term_string}"},"query-input":"required name=search_term_string"}],"inLanguage":"es"},{"@type":"Organization","@id":"https:\/\/madeinzaragoza.es\/blog\/#organization","name":"Made In Zaragoza","url":"https:\/\/madeinzaragoza.es\/blog\/","sameAs":["https:\/\/www.instagram.com\/madeinzaragoza.es\/","https:\/\/www.facebook.com\/madeinzaragoza.es\/","https:\/\/twitter.com\/madeinzaragoza"],"logo":{"@type":"ImageObject","inLanguage":"es","@id":"https:\/\/madeinzaragoza.es\/blog\/#\/schema\/logo\/image\/","url":"https:\/\/madeinzaragoza.es\/blog\/wp-content\/uploads\/2022\/05\/logo.png","contentUrl":"https:\/\/madeinzaragoza.es\/blog\/wp-content\/uploads\/2022\/05\/logo.png","width":193,"height":176,"caption":"Made In Zaragoza"},"image":{"@id":"https:\/\/madeinzaragoza.es\/blog\/#\/schema\/logo\/image\/"}},{"@type":"Person","@id":"https:\/\/madeinzaragoza.es\/blog\/#\/schema\/person\/7985c289943611c15ff5d149dca68e10","name":"Maria de Rada","image":{"@type":"ImageObject","inLanguage":"es","@id":"https:\/\/madeinzaragoza.es\/blog\/#\/schema\/person\/image\/","url":"https:\/\/secure.gravatar.com\/avatar\/2d2766ec8a477c0324437de9f3d434d9?s=96&d=mm&r=g","contentUrl":"https:\/\/secure.gravatar.com\/avatar\/2d2766ec8a477c0324437de9f3d434d9?s=96&d=mm&r=g","caption":"Maria de Rada"},"description":"Comunicadora, inquieta, curiosa y muy proactiva ( en ocasiones, hasta hiperactiva:) se dedica profesionalmente desde hace m\u00e1s de quince a\u00f1os a dos campos profesionales. Por un lado en el \u00e1mbito de la comunicaci\u00f3n es periodista-guionista de audiovisuales, radio y televisi\u00f3n, y por otro lado, se dedica al mundo del teatro y de la interpretaci\u00f3n, es actriz y dramaturga. En el campo de la comunicaci\u00f3n y prensa ha trabajado durante m\u00e1s de quince a\u00f1os como periodista- guionista y reportera de programas para radio y televisi\u00f3n en diferentes cadenas: La Sexta, Cuatro, Telecinco, Movistar0, Aragontv, Eitb, Punto Radio, en diferentes tipos de programas nacionales y auton\u00f3micos y documentales. Y en el campo de la interpretaci\u00f3n como actriz ha actuado en m\u00e1s de una decena de compa\u00f1\u00edas, montando la suya propia Feas Company, ha sido ayudante de direcci\u00f3n de Andr\u00e9s Lima y ha trabajado en diferentes producciones audiovisuales a nivel local y nacional. Adem\u00e1s de estudiar en diferentes escuelas, y un Master oficial en artes esc\u00e9nicas. Adem\u00e1s es locutora de anuncios de publicidad, v\u00eddeos, transportes...quiz\u00e1 si escuchas bien la puedes o\u00edr en m\u00e1s de un sitio de tu ciudad;) y del mundo. Tambi\u00e9n da clases, cuando se atreven y le dejan, de todo lo anterior. Le gustan las historias, hablar con la gente y conocer su historia para despu\u00e9s contarla y tiene especial debilidad por las historias humanas y sociales, las historias de la calle, de la gente valiente que hace y lucha por un mundo mejor, por ello es la encargada de escribir la secci\u00f3n Miziudadanxs, donde nos traer\u00e1 las historias m\u00e1s humanas a este blog. Puedes ver sobre todo lo que hace y sobre ella en su web : mariaderada.com","sameAs":["http:\/\/mariaderada.com\/","https:\/\/twitter.com\/deradeando"],"url":"https:\/\/madeinzaragoza.es\/blog\/author\/mariaderada\/"}]}},"_links":{"self":[{"href":"https:\/\/madeinzaragoza.es\/blog\/wp-json\/wp\/v2\/posts\/30408"}],"collection":[{"href":"https:\/\/madeinzaragoza.es\/blog\/wp-json\/wp\/v2\/posts"}],"about":[{"href":"https:\/\/madeinzaragoza.es\/blog\/wp-json\/wp\/v2\/types\/post"}],"author":[{"embeddable":true,"href":"https:\/\/madeinzaragoza.es\/blog\/wp-json\/wp\/v2\/users\/72"}],"replies":[{"embeddable":true,"href":"https:\/\/madeinzaragoza.es\/blog\/wp-json\/wp\/v2\/comments?post=30408"}],"version-history":[{"count":7,"href":"https:\/\/madeinzaragoza.es\/blog\/wp-json\/wp\/v2\/posts\/30408\/revisions"}],"predecessor-version":[{"id":36146,"href":"https:\/\/madeinzaragoza.es\/blog\/wp-json\/wp\/v2\/posts\/30408\/revisions\/36146"}],"wp:featuredmedia":[{"embeddable":true,"href":"https:\/\/madeinzaragoza.es\/blog\/wp-json\/wp\/v2\/media\/30548"}],"wp:attachment":[{"href":"https:\/\/madeinzaragoza.es\/blog\/wp-json\/wp\/v2\/media?parent=30408"}],"wp:term":[{"taxonomy":"category","embeddable":true,"href":"https:\/\/madeinzaragoza.es\/blog\/wp-json\/wp\/v2\/categories?post=30408"},{"taxonomy":"post_tag","embeddable":true,"href":"https:\/\/madeinzaragoza.es\/blog\/wp-json\/wp\/v2\/tags?post=30408"}],"curies":[{"name":"wp","href":"https:\/\/api.w.org\/{rel}","templated":true}]}}