{"id":29925,"date":"2020-11-10T18:16:59","date_gmt":"2020-11-10T17:16:59","guid":{"rendered":"http:\/\/madeinzaragoza.es\/blog\/?p=29925"},"modified":"2020-11-10T18:17:03","modified_gmt":"2020-11-10T17:17:03","slug":"oi-aquellos-pasos-y-dude-emma-gomara-en-corner-miz","status":"publish","type":"post","link":"https:\/\/madeinzaragoza.es\/blog\/oi-aquellos-pasos-y-dude-emma-gomara-en-corner-miz\/","title":{"rendered":"\u00abO\u00ed aquellos pasos y dud\u00e9\u00bb, Emma G\u00f3mara en C\u00f3rner MIZ"},"content":{"rendered":"\n<p>Bajo el po\u00e9tico t\u00edtulo <strong><em>\u00abO\u00ed aquellos pasos y dud\u00e9\u00bb<\/em><\/strong>, la artista <strong><a href=\"http:\/\/emmagomara.com\/\" target=\"_blank\" rel=\"noreferrer noopener\">Emma G\u00f3mara<\/a><\/strong> presenta su intervenci\u00f3n ef\u00edmera en el ciclo <strong><em><a href=\"http:\/\/madeinzaragoza.es\/cornermiz\/edicion.php?id=7\">\u00abAutoficci\u00f3n y otras narrativas personales\u00bb<\/a><\/em><\/strong> que estamos realizando durante este a\u00f1o en el proyecto <strong><span class=\"has-inline-color has-vivid-red-color\">C\u00f3rner MIZ<\/span><\/strong>.<\/p>\n\n\n\n<p>Emma G\u00f3mara nos presenta una obra compuesta por una <strong>galer\u00eda de personajes<\/strong> creados a partir de fotograf\u00edas que ha ido realizando en sus viajes personales. Como la propia artista nos cont\u00f3 en la presentaci\u00f3n de la obra, su proceso creativo surge a partir de <strong>encuentros casuales<\/strong> con esas personas <strong>en entornos urbanos<\/strong> que captura desde la distancia con su c\u00e1mara de fotos y que m\u00e1s tarde rescata, <strong>descontextualiz\u00e1ndolos <\/strong>y eliminando cualquier referencia geogr\u00e1fica, urbana o incluso cultural del lugar en el que las encontr\u00f3. <\/p>\n\n\n\n<div class=\"wp-block-image\"><figure class=\"aligncenter size-large\"><img loading=\"lazy\" decoding=\"async\" width=\"1024\" height=\"768\" src=\"http:\/\/madeinzaragoza.es\/blog\/wp-content\/uploads\/2020\/11\/emma_gomara_7-1024x768.jpg\" alt=\"\" class=\"wp-image-29933\" srcset=\"https:\/\/madeinzaragoza.es\/blog\/wp-content\/uploads\/2020\/11\/emma_gomara_7-1024x768.jpg 1024w, https:\/\/madeinzaragoza.es\/blog\/wp-content\/uploads\/2020\/11\/emma_gomara_7-300x225.jpg 300w, https:\/\/madeinzaragoza.es\/blog\/wp-content\/uploads\/2020\/11\/emma_gomara_7-768x576.jpg 768w, https:\/\/madeinzaragoza.es\/blog\/wp-content\/uploads\/2020\/11\/emma_gomara_7.jpg 1200w\" sizes=\"(max-width: 709px) 85vw, (max-width: 909px) 67vw, (max-width: 1362px) 62vw, 840px\" \/><\/figure><\/div>\n\n\n\n<p>El proceso de la artista supone <strong>aislar<\/strong> a esas figuras humanas en funci\u00f3n del inter\u00e9s que le han causado, seg\u00fan la iluminaci\u00f3n, la postura, la ropa que llevan, la perspectiva o la propia actividad que est\u00e1n desarrollando en la calle. Ese aislamiento lo realiza<strong> en un doble sentido<\/strong>, <strong>pl\u00e1sticamente <\/strong>en su proceso creativo en el que elige las figuras y las aisla del paisaje urbano traslad\u00e1ndolas a espacios neutros separadas unas de otras, y <strong>conceptualmente<\/strong>, ya que visibiliza y subraya el car\u00e1cter de aislamiento del ser humano en la actualidad -ya sea voluntario o impuesto socialmente-.<\/p>\n\n\n\n<div class=\"wp-block-image\"><figure class=\"aligncenter size-large\"><img loading=\"lazy\" decoding=\"async\" width=\"1024\" height=\"722\" src=\"http:\/\/madeinzaragoza.es\/blog\/wp-content\/uploads\/2020\/11\/emma_gomara_3-1024x722.jpg\" alt=\"\" class=\"wp-image-29929\" srcset=\"https:\/\/madeinzaragoza.es\/blog\/wp-content\/uploads\/2020\/11\/emma_gomara_3-1024x722.jpg 1024w, https:\/\/madeinzaragoza.es\/blog\/wp-content\/uploads\/2020\/11\/emma_gomara_3-300x212.jpg 300w, https:\/\/madeinzaragoza.es\/blog\/wp-content\/uploads\/2020\/11\/emma_gomara_3-768x541.jpg 768w, https:\/\/madeinzaragoza.es\/blog\/wp-content\/uploads\/2020\/11\/emma_gomara_3.jpg 1200w\" sizes=\"(max-width: 709px) 85vw, (max-width: 909px) 67vw, (max-width: 1362px) 62vw, 840px\" \/><\/figure><\/div>\n\n\n\n<div class=\"wp-block-image\"><figure class=\"aligncenter size-large\"><img loading=\"lazy\" decoding=\"async\" width=\"1024\" height=\"707\" src=\"http:\/\/madeinzaragoza.es\/blog\/wp-content\/uploads\/2020\/11\/emma_gomara_2-1024x707.jpg\" alt=\"\" class=\"wp-image-29928\" srcset=\"https:\/\/madeinzaragoza.es\/blog\/wp-content\/uploads\/2020\/11\/emma_gomara_2-1024x707.jpg 1024w, https:\/\/madeinzaragoza.es\/blog\/wp-content\/uploads\/2020\/11\/emma_gomara_2-300x207.jpg 300w, https:\/\/madeinzaragoza.es\/blog\/wp-content\/uploads\/2020\/11\/emma_gomara_2-768x531.jpg 768w, https:\/\/madeinzaragoza.es\/blog\/wp-content\/uploads\/2020\/11\/emma_gomara_2.jpg 1200w\" sizes=\"(max-width: 709px) 85vw, (max-width: 909px) 67vw, (max-width: 1362px) 62vw, 840px\" \/><\/figure><\/div>\n\n\n\n<p>Como <a href=\"http:\/\/madeinzaragoza.es\/blog\/la-observacion-figurativa-de-emma-gomara\/\">pudimos ver<\/a> con anterioridad, la obra de Emma se caracteriza por desarrollarse dentro de una <strong>figuraci\u00f3n <\/strong>pict\u00f3rica muy personal: uso del blanco y negro con un amplio abanico de grises intermedios, gamas crom\u00e1ticas muy coherentes,  juegos de iluminaci\u00f3n muy marcados y m\u00faltiples perspectivas visuales. A esto se a\u00f1ade la ausencia de elementos de referencia en el fondo lo que enfatiza esa sensaci\u00f3n de aislamiento individual que nos presenta en su lectura.<\/p>\n\n\n\n<p>Los fondos adquieren un gran protagonismo gracias a esa &#8216;casi&#8217; ausencia. Son fondos tan <strong>limpios y as\u00e9pticos<\/strong> que apenas los vemos y pasan totalmente desapercibidos a simple vista. En la interenci\u00f3n realizada, la artista a\u00f1ade unas geometr\u00edas sobre esos fondos con una clara funci\u00f3n compositiva. Son <strong>bloques de color<\/strong> que utiliza para crear una armon\u00eda en la composici\u00f3n y crear nexos de uni\u00f3n entre las figuras descontextualizadas.<\/p>\n\n\n\n<p>Otra de las caracter\u00edsticas de su obra es la <strong>ausencia de rasgos faciales<\/strong> en las personas representadas. Son personas sin rostros definidos que o bien no tienen rasogs, los tienen borrosos y desdibujados o bien los ocultan bajo gafas de sol. Para Emma este es un <strong>recurso pl\u00e1stico<\/strong> muy importante que le ayuda a centrar la atenci\u00f3n en lo que realmente le interesa: la propia figura humana, su <strong>movimiento <\/strong>y su <strong>actitud<\/strong>. Pero adem\u00e1s, le a\u00f1ade cierto misterio a la obra al eliminar cualquier rasgo de identificaci\u00f3n personal.<\/p>\n\n\n\n<div class=\"wp-block-image\"><figure class=\"aligncenter size-large\"><img loading=\"lazy\" decoding=\"async\" width=\"1024\" height=\"768\" src=\"http:\/\/madeinzaragoza.es\/blog\/wp-content\/uploads\/2020\/11\/emma_gomara_6-1024x768.jpg\" alt=\"\" class=\"wp-image-29932\" srcset=\"https:\/\/madeinzaragoza.es\/blog\/wp-content\/uploads\/2020\/11\/emma_gomara_6-1024x768.jpg 1024w, https:\/\/madeinzaragoza.es\/blog\/wp-content\/uploads\/2020\/11\/emma_gomara_6-300x225.jpg 300w, https:\/\/madeinzaragoza.es\/blog\/wp-content\/uploads\/2020\/11\/emma_gomara_6-768x576.jpg 768w, https:\/\/madeinzaragoza.es\/blog\/wp-content\/uploads\/2020\/11\/emma_gomara_6.jpg 1200w\" sizes=\"(max-width: 709px) 85vw, (max-width: 909px) 67vw, (max-width: 1362px) 62vw, 840px\" \/><\/figure><\/div>\n\n\n\n<div class=\"wp-block-image\"><figure class=\"aligncenter size-large\"><img loading=\"lazy\" decoding=\"async\" width=\"1024\" height=\"512\" src=\"http:\/\/madeinzaragoza.es\/blog\/wp-content\/uploads\/2020\/11\/emma_gomara_11-1024x512.jpg\" alt=\"\" class=\"wp-image-29926\" srcset=\"https:\/\/madeinzaragoza.es\/blog\/wp-content\/uploads\/2020\/11\/emma_gomara_11-1024x512.jpg 1024w, https:\/\/madeinzaragoza.es\/blog\/wp-content\/uploads\/2020\/11\/emma_gomara_11-300x150.jpg 300w, https:\/\/madeinzaragoza.es\/blog\/wp-content\/uploads\/2020\/11\/emma_gomara_11-768x384.jpg 768w, https:\/\/madeinzaragoza.es\/blog\/wp-content\/uploads\/2020\/11\/emma_gomara_11.jpg 1200w\" sizes=\"(max-width: 709px) 85vw, (max-width: 909px) 67vw, (max-width: 1362px) 62vw, 840px\" \/><\/figure><\/div>\n\n\n\n<p>Con esta intervenci\u00f3n, Emma G\u00f3mara nos plantea la met\u00e1fora de la burbuja individual, como estamos cada vez m\u00e1s interconectados socialmente pero al mismo tiempo m\u00e1s aislados y somos ajenos a lo que nos rodea en nuestro entorno m\u00e1s inmediato, por ejemplo, al caminar por la calle. El t\u00edtulo de la obra nos habla de c\u00f3mo pueden influir las personas unas sobre otras y c\u00f3mo, esto, provoca decisiones en nosotros mismos que determinan c\u00f3mo somos y c\u00f3mo queremos ser.<\/p>\n\n\n\n<p>En la pared frontal, la<strong> <\/strong>artista presenta las <strong>figuras duplicadas <\/strong>de forma  sim\u00e9trica, ofreci\u00e9ndonos una doble lectura de cada persona. Esta doble lectura sim\u00e9trica supone tambi\u00e9n una lectura personal de la persona, ya sea positiva o negativa y c\u00f3mo, a partir del significado que extraemos de esa lectura, creamos nuestro personaje interior.<\/p>\n\n\n\n<div class=\"wp-block-image\"><figure class=\"aligncenter size-large\"><img loading=\"lazy\" decoding=\"async\" width=\"1024\" height=\"768\" src=\"http:\/\/madeinzaragoza.es\/blog\/wp-content\/uploads\/2020\/11\/emma_gomara_1-1024x768.jpg\" alt=\"\" class=\"wp-image-29927\" srcset=\"https:\/\/madeinzaragoza.es\/blog\/wp-content\/uploads\/2020\/11\/emma_gomara_1-1024x768.jpg 1024w, https:\/\/madeinzaragoza.es\/blog\/wp-content\/uploads\/2020\/11\/emma_gomara_1-300x225.jpg 300w, https:\/\/madeinzaragoza.es\/blog\/wp-content\/uploads\/2020\/11\/emma_gomara_1-768x576.jpg 768w, https:\/\/madeinzaragoza.es\/blog\/wp-content\/uploads\/2020\/11\/emma_gomara_1.jpg 1200w\" sizes=\"(max-width: 709px) 85vw, (max-width: 909px) 67vw, (max-width: 1362px) 62vw, 840px\" \/><\/figure><\/div>\n\n\n\n<p>La intervenci\u00f3n de Emma G\u00f3mara se puede visitar <strong>hasta el  30 de noviembre<\/strong> en el espacio C\u00f3rner MIZ, en Zaragoza Activa | La Azucarera (M\u00e1s de las Matas, 20) en el horario* de apertura del centro.<\/p>\n\n\n\n<p>(*Consultar horarios seg\u00fan normativa sanitaria covid 19)<\/p>\n\n\n\n<div class=\"wp-block-image\"><figure class=\"aligncenter size-large\"><img loading=\"lazy\" decoding=\"async\" width=\"1024\" height=\"768\" src=\"http:\/\/madeinzaragoza.es\/blog\/wp-content\/uploads\/2020\/11\/emma_gomara_8-1024x768.jpg\" alt=\"\" class=\"wp-image-29934\" srcset=\"https:\/\/madeinzaragoza.es\/blog\/wp-content\/uploads\/2020\/11\/emma_gomara_8-1024x768.jpg 1024w, https:\/\/madeinzaragoza.es\/blog\/wp-content\/uploads\/2020\/11\/emma_gomara_8-300x225.jpg 300w, https:\/\/madeinzaragoza.es\/blog\/wp-content\/uploads\/2020\/11\/emma_gomara_8-768x576.jpg 768w, https:\/\/madeinzaragoza.es\/blog\/wp-content\/uploads\/2020\/11\/emma_gomara_8.jpg 1200w\" sizes=\"(max-width: 709px) 85vw, (max-width: 909px) 67vw, (max-width: 1362px) 62vw, 840px\" \/><\/figure><\/div>\n","protected":false},"excerpt":{"rendered":"<p>Bajo el po\u00e9tico t\u00edtulo \u00abO\u00ed aquellos pasos y dud\u00e9\u00bb, la artista Emma G\u00f3mara presenta su intervenci\u00f3n ef\u00edmera en el ciclo \u00abAutoficci\u00f3n y otras narrativas personales\u00bb que estamos realizando durante este a\u00f1o en el proyecto C\u00f3rner MIZ. Emma G\u00f3mara nos presenta una obra compuesta por una galer\u00eda de personajes creados a partir de fotograf\u00edas que ha &hellip; <a href=\"https:\/\/madeinzaragoza.es\/blog\/oi-aquellos-pasos-y-dude-emma-gomara-en-corner-miz\/\" class=\"more-link\">Continuar leyendo<span class=\"screen-reader-text\"> \u00ab\u00abO\u00ed aquellos pasos y dud\u00e9\u00bb, Emma G\u00f3mara en C\u00f3rner MIZ\u00bb<\/span><\/a><\/p>\n","protected":false},"author":36,"featured_media":29931,"comment_status":"open","ping_status":"open","sticky":false,"template":"","format":"standard","meta":{"footnotes":""},"categories":[831],"tags":[1772,2220,1473,1171],"yoast_head":"<!-- This site is optimized with the Yoast SEO plugin v19.7.2 - https:\/\/yoast.com\/wordpress\/plugins\/seo\/ -->\n<title>&quot;O\u00ed aquellos pasos y dud\u00e9&quot;, Emma G\u00f3mara en C\u00f3rner MIZ - Made in Zaragoza<\/title>\n<meta name=\"robots\" content=\"index, follow, max-snippet:-1, max-image-preview:large, max-video-preview:-1\" \/>\n<link rel=\"canonical\" href=\"http:\/\/madeinzaragoza.es\/blog\/oi-aquellos-pasos-y-dude-emma-gomara-en-corner-miz\/\" \/>\n<meta property=\"og:locale\" content=\"es_ES\" \/>\n<meta property=\"og:type\" content=\"article\" \/>\n<meta property=\"og:title\" content=\"&quot;O\u00ed aquellos pasos y dud\u00e9&quot;, Emma G\u00f3mara en C\u00f3rner MIZ - Made in Zaragoza\" \/>\n<meta property=\"og:description\" content=\"Bajo el po\u00e9tico t\u00edtulo \u00abO\u00ed aquellos pasos y dud\u00e9\u00bb, la artista Emma G\u00f3mara presenta su intervenci\u00f3n ef\u00edmera en el ciclo \u00abAutoficci\u00f3n y otras narrativas personales\u00bb que estamos realizando durante este a\u00f1o en el proyecto C\u00f3rner MIZ. Emma G\u00f3mara nos presenta una obra compuesta por una galer\u00eda de personajes creados a partir de fotograf\u00edas que ha &hellip; Continuar leyendo &quot;\u00abO\u00ed aquellos pasos y dud\u00e9\u00bb, Emma G\u00f3mara en C\u00f3rner MIZ&quot;\" \/>\n<meta property=\"og:url\" content=\"http:\/\/madeinzaragoza.es\/blog\/oi-aquellos-pasos-y-dude-emma-gomara-en-corner-miz\/\" \/>\n<meta property=\"og:site_name\" content=\"Made in Zaragoza\" \/>\n<meta property=\"article:publisher\" content=\"https:\/\/www.facebook.com\/madeinzaragoza.es\/\" \/>\n<meta property=\"article:author\" content=\"zarayorkers\" \/>\n<meta property=\"article:published_time\" content=\"2020-11-10T17:16:59+00:00\" \/>\n<meta property=\"article:modified_time\" content=\"2020-11-10T17:17:03+00:00\" \/>\n<meta property=\"og:image\" content=\"http:\/\/madeinzaragoza.es\/blog\/wp-content\/uploads\/2020\/11\/emma_gomara_5.jpg\" \/>\n\t<meta property=\"og:image:width\" content=\"1200\" \/>\n\t<meta property=\"og:image:height\" content=\"904\" \/>\n\t<meta property=\"og:image:type\" content=\"image\/jpeg\" \/>\n<meta name=\"author\" content=\"Sergio Sevilla\" \/>\n<meta name=\"twitter:card\" content=\"summary\" \/>\n<meta name=\"twitter:creator\" content=\"@madeinzaragoza\" \/>\n<meta name=\"twitter:site\" content=\"@madeinzaragoza\" \/>\n<meta name=\"twitter:label1\" content=\"Escrito por\" \/>\n\t<meta name=\"twitter:data1\" content=\"Sergio Sevilla\" \/>\n\t<meta name=\"twitter:label2\" content=\"Tiempo de lectura\" \/>\n\t<meta name=\"twitter:data2\" content=\"3 minutos\" \/>\n<script type=\"application\/ld+json\" class=\"yoast-schema-graph\">{\"@context\":\"https:\/\/schema.org\",\"@graph\":[{\"@type\":\"Article\",\"@id\":\"http:\/\/madeinzaragoza.es\/blog\/oi-aquellos-pasos-y-dude-emma-gomara-en-corner-miz\/#article\",\"isPartOf\":{\"@id\":\"http:\/\/madeinzaragoza.es\/blog\/oi-aquellos-pasos-y-dude-emma-gomara-en-corner-miz\/\"},\"author\":{\"name\":\"Sergio Sevilla\",\"@id\":\"https:\/\/madeinzaragoza.es\/blog\/#\/schema\/person\/fd836a8fe1177b6200bc8deffc3ad342\"},\"headline\":\"\u00abO\u00ed aquellos pasos y dud\u00e9\u00bb, Emma G\u00f3mara en C\u00f3rner MIZ\",\"datePublished\":\"2020-11-10T17:16:59+00:00\",\"dateModified\":\"2020-11-10T17:17:03+00:00\",\"mainEntityOfPage\":{\"@id\":\"http:\/\/madeinzaragoza.es\/blog\/oi-aquellos-pasos-y-dude-emma-gomara-en-corner-miz\/\"},\"wordCount\":690,\"commentCount\":0,\"publisher\":{\"@id\":\"https:\/\/madeinzaragoza.es\/blog\/#organization\"},\"keywords\":[\"C\u00f3rner MIZ La Azucarera\",\"Emma G\u00f3mara\",\"Instalaci\u00f3n ef\u00edmera\",\"muralismo\"],\"articleSection\":[\"CornerMIZ\"],\"inLanguage\":\"es\",\"potentialAction\":[{\"@type\":\"CommentAction\",\"name\":\"Comment\",\"target\":[\"http:\/\/madeinzaragoza.es\/blog\/oi-aquellos-pasos-y-dude-emma-gomara-en-corner-miz\/#respond\"]}]},{\"@type\":\"WebPage\",\"@id\":\"http:\/\/madeinzaragoza.es\/blog\/oi-aquellos-pasos-y-dude-emma-gomara-en-corner-miz\/\",\"url\":\"http:\/\/madeinzaragoza.es\/blog\/oi-aquellos-pasos-y-dude-emma-gomara-en-corner-miz\/\",\"name\":\"\\\"O\u00ed aquellos pasos y dud\u00e9\\\", Emma G\u00f3mara en C\u00f3rner MIZ - Made in Zaragoza\",\"isPartOf\":{\"@id\":\"https:\/\/madeinzaragoza.es\/blog\/#website\"},\"datePublished\":\"2020-11-10T17:16:59+00:00\",\"dateModified\":\"2020-11-10T17:17:03+00:00\",\"breadcrumb\":{\"@id\":\"http:\/\/madeinzaragoza.es\/blog\/oi-aquellos-pasos-y-dude-emma-gomara-en-corner-miz\/#breadcrumb\"},\"inLanguage\":\"es\",\"potentialAction\":[{\"@type\":\"ReadAction\",\"target\":[\"http:\/\/madeinzaragoza.es\/blog\/oi-aquellos-pasos-y-dude-emma-gomara-en-corner-miz\/\"]}]},{\"@type\":\"BreadcrumbList\",\"@id\":\"http:\/\/madeinzaragoza.es\/blog\/oi-aquellos-pasos-y-dude-emma-gomara-en-corner-miz\/#breadcrumb\",\"itemListElement\":[{\"@type\":\"ListItem\",\"position\":1,\"name\":\"Portada\",\"item\":\"https:\/\/madeinzaragoza.es\/blog\/\"},{\"@type\":\"ListItem\",\"position\":2,\"name\":\"\u00abO\u00ed aquellos pasos y dud\u00e9\u00bb, Emma G\u00f3mara en C\u00f3rner MIZ\"}]},{\"@type\":\"WebSite\",\"@id\":\"https:\/\/madeinzaragoza.es\/blog\/#website\",\"url\":\"https:\/\/madeinzaragoza.es\/blog\/\",\"name\":\"Made in Zaragoza\",\"description\":\"Blog de MadeinZGZ, Red de Econom\u00eda Creativa de Zaragoza\",\"publisher\":{\"@id\":\"https:\/\/madeinzaragoza.es\/blog\/#organization\"},\"potentialAction\":[{\"@type\":\"SearchAction\",\"target\":{\"@type\":\"EntryPoint\",\"urlTemplate\":\"https:\/\/madeinzaragoza.es\/blog\/?s={search_term_string}\"},\"query-input\":\"required name=search_term_string\"}],\"inLanguage\":\"es\"},{\"@type\":\"Organization\",\"@id\":\"https:\/\/madeinzaragoza.es\/blog\/#organization\",\"name\":\"Made In Zaragoza\",\"url\":\"https:\/\/madeinzaragoza.es\/blog\/\",\"sameAs\":[\"https:\/\/www.instagram.com\/madeinzaragoza.es\/\",\"https:\/\/www.facebook.com\/madeinzaragoza.es\/\",\"https:\/\/twitter.com\/madeinzaragoza\"],\"logo\":{\"@type\":\"ImageObject\",\"inLanguage\":\"es\",\"@id\":\"https:\/\/madeinzaragoza.es\/blog\/#\/schema\/logo\/image\/\",\"url\":\"https:\/\/madeinzaragoza.es\/blog\/wp-content\/uploads\/2022\/05\/logo.png\",\"contentUrl\":\"https:\/\/madeinzaragoza.es\/blog\/wp-content\/uploads\/2022\/05\/logo.png\",\"width\":193,\"height\":176,\"caption\":\"Made In Zaragoza\"},\"image\":{\"@id\":\"https:\/\/madeinzaragoza.es\/blog\/#\/schema\/logo\/image\/\"}},{\"@type\":\"Person\",\"@id\":\"https:\/\/madeinzaragoza.es\/blog\/#\/schema\/person\/fd836a8fe1177b6200bc8deffc3ad342\",\"name\":\"Sergio Sevilla\",\"image\":{\"@type\":\"ImageObject\",\"inLanguage\":\"es\",\"@id\":\"https:\/\/madeinzaragoza.es\/blog\/#\/schema\/person\/image\/\",\"url\":\"https:\/\/secure.gravatar.com\/avatar\/4a59e3901b7e749c4e3750c4fd5d0b43?s=96&d=mm&r=g\",\"contentUrl\":\"https:\/\/secure.gravatar.com\/avatar\/4a59e3901b7e749c4e3750c4fd5d0b43?s=96&d=mm&r=g\",\"caption\":\"Sergio Sevilla\"},\"description\":\"Gesti\u00f3n e Innovaci\u00f3n cultural (I+C) Mi trabajo se basa en la b\u00fasqueda de conexiones culturales en espacios de tr\u00e1nsito. Soy director y programador de proyectos culturales. He coordinado el espacio C\u00f3rner MIZ de Made in Zaragoza y, en la actualidad, me dedico a investigar, documentar y poner en valor el muralismo cer\u00e1mico de los a\u00f1os 60, 70 y 80 de Zaragoza y su relaci\u00f3n con los entornos arquitect\u00f3nicos y decorativos de la \u00e9poca. Descubre el perfil de @ZaragozaModerna en Instagram. Take a walk on the Art side.\",\"sameAs\":[\"zarayorkers\",\"@zaragozamoderna\",\"\/sergiosevillatabernero\"],\"url\":\"https:\/\/madeinzaragoza.es\/blog\/author\/sergiosevilla\/\"}]}<\/script>\n<!-- \/ Yoast SEO plugin. -->","yoast_head_json":{"title":"\"O\u00ed aquellos pasos y dud\u00e9\", Emma G\u00f3mara en C\u00f3rner MIZ - Made in Zaragoza","robots":{"index":"index","follow":"follow","max-snippet":"max-snippet:-1","max-image-preview":"max-image-preview:large","max-video-preview":"max-video-preview:-1"},"canonical":"http:\/\/madeinzaragoza.es\/blog\/oi-aquellos-pasos-y-dude-emma-gomara-en-corner-miz\/","og_locale":"es_ES","og_type":"article","og_title":"\"O\u00ed aquellos pasos y dud\u00e9\", Emma G\u00f3mara en C\u00f3rner MIZ - Made in Zaragoza","og_description":"Bajo el po\u00e9tico t\u00edtulo \u00abO\u00ed aquellos pasos y dud\u00e9\u00bb, la artista Emma G\u00f3mara presenta su intervenci\u00f3n ef\u00edmera en el ciclo \u00abAutoficci\u00f3n y otras narrativas personales\u00bb que estamos realizando durante este a\u00f1o en el proyecto C\u00f3rner MIZ. Emma G\u00f3mara nos presenta una obra compuesta por una galer\u00eda de personajes creados a partir de fotograf\u00edas que ha &hellip; Continuar leyendo \"\u00abO\u00ed aquellos pasos y dud\u00e9\u00bb, Emma G\u00f3mara en C\u00f3rner MIZ\"","og_url":"http:\/\/madeinzaragoza.es\/blog\/oi-aquellos-pasos-y-dude-emma-gomara-en-corner-miz\/","og_site_name":"Made in Zaragoza","article_publisher":"https:\/\/www.facebook.com\/madeinzaragoza.es\/","article_author":"zarayorkers","article_published_time":"2020-11-10T17:16:59+00:00","article_modified_time":"2020-11-10T17:17:03+00:00","og_image":[{"width":1200,"height":904,"url":"http:\/\/madeinzaragoza.es\/blog\/wp-content\/uploads\/2020\/11\/emma_gomara_5.jpg","type":"image\/jpeg"}],"author":"Sergio Sevilla","twitter_card":"summary","twitter_creator":"@madeinzaragoza","twitter_site":"@madeinzaragoza","twitter_misc":{"Escrito por":"Sergio Sevilla","Tiempo de lectura":"3 minutos"},"schema":{"@context":"https:\/\/schema.org","@graph":[{"@type":"Article","@id":"http:\/\/madeinzaragoza.es\/blog\/oi-aquellos-pasos-y-dude-emma-gomara-en-corner-miz\/#article","isPartOf":{"@id":"http:\/\/madeinzaragoza.es\/blog\/oi-aquellos-pasos-y-dude-emma-gomara-en-corner-miz\/"},"author":{"name":"Sergio Sevilla","@id":"https:\/\/madeinzaragoza.es\/blog\/#\/schema\/person\/fd836a8fe1177b6200bc8deffc3ad342"},"headline":"\u00abO\u00ed aquellos pasos y dud\u00e9\u00bb, Emma G\u00f3mara en C\u00f3rner MIZ","datePublished":"2020-11-10T17:16:59+00:00","dateModified":"2020-11-10T17:17:03+00:00","mainEntityOfPage":{"@id":"http:\/\/madeinzaragoza.es\/blog\/oi-aquellos-pasos-y-dude-emma-gomara-en-corner-miz\/"},"wordCount":690,"commentCount":0,"publisher":{"@id":"https:\/\/madeinzaragoza.es\/blog\/#organization"},"keywords":["C\u00f3rner MIZ La Azucarera","Emma G\u00f3mara","Instalaci\u00f3n ef\u00edmera","muralismo"],"articleSection":["CornerMIZ"],"inLanguage":"es","potentialAction":[{"@type":"CommentAction","name":"Comment","target":["http:\/\/madeinzaragoza.es\/blog\/oi-aquellos-pasos-y-dude-emma-gomara-en-corner-miz\/#respond"]}]},{"@type":"WebPage","@id":"http:\/\/madeinzaragoza.es\/blog\/oi-aquellos-pasos-y-dude-emma-gomara-en-corner-miz\/","url":"http:\/\/madeinzaragoza.es\/blog\/oi-aquellos-pasos-y-dude-emma-gomara-en-corner-miz\/","name":"\"O\u00ed aquellos pasos y dud\u00e9\", Emma G\u00f3mara en C\u00f3rner MIZ - Made in Zaragoza","isPartOf":{"@id":"https:\/\/madeinzaragoza.es\/blog\/#website"},"datePublished":"2020-11-10T17:16:59+00:00","dateModified":"2020-11-10T17:17:03+00:00","breadcrumb":{"@id":"http:\/\/madeinzaragoza.es\/blog\/oi-aquellos-pasos-y-dude-emma-gomara-en-corner-miz\/#breadcrumb"},"inLanguage":"es","potentialAction":[{"@type":"ReadAction","target":["http:\/\/madeinzaragoza.es\/blog\/oi-aquellos-pasos-y-dude-emma-gomara-en-corner-miz\/"]}]},{"@type":"BreadcrumbList","@id":"http:\/\/madeinzaragoza.es\/blog\/oi-aquellos-pasos-y-dude-emma-gomara-en-corner-miz\/#breadcrumb","itemListElement":[{"@type":"ListItem","position":1,"name":"Portada","item":"https:\/\/madeinzaragoza.es\/blog\/"},{"@type":"ListItem","position":2,"name":"\u00abO\u00ed aquellos pasos y dud\u00e9\u00bb, Emma G\u00f3mara en C\u00f3rner MIZ"}]},{"@type":"WebSite","@id":"https:\/\/madeinzaragoza.es\/blog\/#website","url":"https:\/\/madeinzaragoza.es\/blog\/","name":"Made in Zaragoza","description":"Blog de MadeinZGZ, Red de Econom\u00eda Creativa de Zaragoza","publisher":{"@id":"https:\/\/madeinzaragoza.es\/blog\/#organization"},"potentialAction":[{"@type":"SearchAction","target":{"@type":"EntryPoint","urlTemplate":"https:\/\/madeinzaragoza.es\/blog\/?s={search_term_string}"},"query-input":"required name=search_term_string"}],"inLanguage":"es"},{"@type":"Organization","@id":"https:\/\/madeinzaragoza.es\/blog\/#organization","name":"Made In Zaragoza","url":"https:\/\/madeinzaragoza.es\/blog\/","sameAs":["https:\/\/www.instagram.com\/madeinzaragoza.es\/","https:\/\/www.facebook.com\/madeinzaragoza.es\/","https:\/\/twitter.com\/madeinzaragoza"],"logo":{"@type":"ImageObject","inLanguage":"es","@id":"https:\/\/madeinzaragoza.es\/blog\/#\/schema\/logo\/image\/","url":"https:\/\/madeinzaragoza.es\/blog\/wp-content\/uploads\/2022\/05\/logo.png","contentUrl":"https:\/\/madeinzaragoza.es\/blog\/wp-content\/uploads\/2022\/05\/logo.png","width":193,"height":176,"caption":"Made In Zaragoza"},"image":{"@id":"https:\/\/madeinzaragoza.es\/blog\/#\/schema\/logo\/image\/"}},{"@type":"Person","@id":"https:\/\/madeinzaragoza.es\/blog\/#\/schema\/person\/fd836a8fe1177b6200bc8deffc3ad342","name":"Sergio Sevilla","image":{"@type":"ImageObject","inLanguage":"es","@id":"https:\/\/madeinzaragoza.es\/blog\/#\/schema\/person\/image\/","url":"https:\/\/secure.gravatar.com\/avatar\/4a59e3901b7e749c4e3750c4fd5d0b43?s=96&d=mm&r=g","contentUrl":"https:\/\/secure.gravatar.com\/avatar\/4a59e3901b7e749c4e3750c4fd5d0b43?s=96&d=mm&r=g","caption":"Sergio Sevilla"},"description":"Gesti\u00f3n e Innovaci\u00f3n cultural (I+C) Mi trabajo se basa en la b\u00fasqueda de conexiones culturales en espacios de tr\u00e1nsito. Soy director y programador de proyectos culturales. He coordinado el espacio C\u00f3rner MIZ de Made in Zaragoza y, en la actualidad, me dedico a investigar, documentar y poner en valor el muralismo cer\u00e1mico de los a\u00f1os 60, 70 y 80 de Zaragoza y su relaci\u00f3n con los entornos arquitect\u00f3nicos y decorativos de la \u00e9poca. Descubre el perfil de @ZaragozaModerna en Instagram. Take a walk on the Art side.","sameAs":["zarayorkers","@zaragozamoderna","\/sergiosevillatabernero"],"url":"https:\/\/madeinzaragoza.es\/blog\/author\/sergiosevilla\/"}]}},"_links":{"self":[{"href":"https:\/\/madeinzaragoza.es\/blog\/wp-json\/wp\/v2\/posts\/29925"}],"collection":[{"href":"https:\/\/madeinzaragoza.es\/blog\/wp-json\/wp\/v2\/posts"}],"about":[{"href":"https:\/\/madeinzaragoza.es\/blog\/wp-json\/wp\/v2\/types\/post"}],"author":[{"embeddable":true,"href":"https:\/\/madeinzaragoza.es\/blog\/wp-json\/wp\/v2\/users\/36"}],"replies":[{"embeddable":true,"href":"https:\/\/madeinzaragoza.es\/blog\/wp-json\/wp\/v2\/comments?post=29925"}],"version-history":[{"count":5,"href":"https:\/\/madeinzaragoza.es\/blog\/wp-json\/wp\/v2\/posts\/29925\/revisions"}],"predecessor-version":[{"id":29948,"href":"https:\/\/madeinzaragoza.es\/blog\/wp-json\/wp\/v2\/posts\/29925\/revisions\/29948"}],"wp:featuredmedia":[{"embeddable":true,"href":"https:\/\/madeinzaragoza.es\/blog\/wp-json\/wp\/v2\/media\/29931"}],"wp:attachment":[{"href":"https:\/\/madeinzaragoza.es\/blog\/wp-json\/wp\/v2\/media?parent=29925"}],"wp:term":[{"taxonomy":"category","embeddable":true,"href":"https:\/\/madeinzaragoza.es\/blog\/wp-json\/wp\/v2\/categories?post=29925"},{"taxonomy":"post_tag","embeddable":true,"href":"https:\/\/madeinzaragoza.es\/blog\/wp-json\/wp\/v2\/tags?post=29925"}],"curies":[{"name":"wp","href":"https:\/\/api.w.org\/{rel}","templated":true}]}}