{"id":29628,"date":"2020-10-03T15:56:00","date_gmt":"2020-10-03T14:56:00","guid":{"rendered":"http:\/\/madeinzaragoza.es\/blog\/?p=29628"},"modified":"2020-11-23T17:39:30","modified_gmt":"2020-11-23T16:39:30","slug":"el-proceso-creativo-en-la-obra-de-helena-santolaya","status":"publish","type":"post","link":"https:\/\/madeinzaragoza.es\/blog\/el-proceso-creativo-en-la-obra-de-helena-santolaya\/","title":{"rendered":"El proceso creativo en la obra de Helena Santolaya"},"content":{"rendered":"\n<h2 class=\"wp-block-heading\"><strong>C\u00f3rner MIZ 2020: Autoficci\u00f3n y otras narrativas personales.<\/strong><\/h2>\n\n\n\n<h2 class=\"wp-block-heading\"><strong>Helena Santolaya.<\/strong><\/h2>\n\n\n\n<p>Ya vimos en su <a href=\"http:\/\/madeinzaragoza.es\/blog\/helena-santolaya-una-artista-de-andar-por-casa\/\">presentaci\u00f3n <\/a>que <strong>Helena Santolaya<\/strong> se define a s\u00ed misma como una artista de lo cotidiano, \u00ab<strong>una artista de andar por casa<\/strong>\u00bb as\u00ed que durante el proceso creativo de la <a href=\"http:\/\/madeinzaragoza.es\/blog\/verbos-irregulares-helena-santolaya-en-corner-miz\/\">instalaci\u00f3n \u00abVerbos irregulares\u00bb<\/a> que ha realizado en C\u00f3rner MIZ nos colamos en su casa, donde tiene su estudio de trabajo, a conocer de cerca su <strong>proceso creativo<\/strong>. En su trabajo vemos como lo textil y lo textual se funden en un mismo proceso para dar forma a la obra.<\/p>\n\n\n\n<p>En la siguiente galer\u00eda de im\u00e1genes pod\u00e9is ver el minucioso y casi artesanal proceso creativo de la artista en su estudio.<\/p>\n\n\n\n<figure class=\"wp-block-gallery columns-3 is-cropped wp-block-gallery-1 is-layout-flex wp-block-gallery-is-layout-flex\"><ul class=\"blocks-gallery-grid\"><li class=\"blocks-gallery-item\"><figure><a href=\"http:\/\/madeinzaragoza.es\/blog\/wp-content\/uploads\/2020\/10\/DSC_5630_low.jpg\"><img loading=\"lazy\" decoding=\"async\" width=\"1024\" height=\"574\" src=\"http:\/\/madeinzaragoza.es\/blog\/wp-content\/uploads\/2020\/10\/DSC_5630_low-1024x574.jpg\" alt=\"\" data-id=\"29632\" data-full-url=\"http:\/\/madeinzaragoza.es\/blog\/wp-content\/uploads\/2020\/10\/DSC_5630_low.jpg\" data-link=\"http:\/\/madeinzaragoza.es\/blog\/?attachment_id=29632\" class=\"wp-image-29632\" srcset=\"https:\/\/madeinzaragoza.es\/blog\/wp-content\/uploads\/2020\/10\/DSC_5630_low-1024x574.jpg 1024w, https:\/\/madeinzaragoza.es\/blog\/wp-content\/uploads\/2020\/10\/DSC_5630_low-300x168.jpg 300w, https:\/\/madeinzaragoza.es\/blog\/wp-content\/uploads\/2020\/10\/DSC_5630_low-768x431.jpg 768w, https:\/\/madeinzaragoza.es\/blog\/wp-content\/uploads\/2020\/10\/DSC_5630_low.jpg 1200w\" sizes=\"(max-width: 709px) 85vw, (max-width: 909px) 67vw, (max-width: 1362px) 62vw, 840px\" \/><\/a><\/figure><\/li><li class=\"blocks-gallery-item\"><figure><a href=\"http:\/\/madeinzaragoza.es\/blog\/wp-content\/uploads\/2020\/10\/DSC_5631_low.jpg\"><img loading=\"lazy\" decoding=\"async\" width=\"1024\" height=\"574\" src=\"http:\/\/madeinzaragoza.es\/blog\/wp-content\/uploads\/2020\/10\/DSC_5631_low-1024x574.jpg\" alt=\"\" data-id=\"29633\" data-full-url=\"http:\/\/madeinzaragoza.es\/blog\/wp-content\/uploads\/2020\/10\/DSC_5631_low.jpg\" data-link=\"http:\/\/madeinzaragoza.es\/blog\/?attachment_id=29633\" class=\"wp-image-29633\" srcset=\"https:\/\/madeinzaragoza.es\/blog\/wp-content\/uploads\/2020\/10\/DSC_5631_low-1024x574.jpg 1024w, https:\/\/madeinzaragoza.es\/blog\/wp-content\/uploads\/2020\/10\/DSC_5631_low-300x168.jpg 300w, https:\/\/madeinzaragoza.es\/blog\/wp-content\/uploads\/2020\/10\/DSC_5631_low-768x431.jpg 768w, https:\/\/madeinzaragoza.es\/blog\/wp-content\/uploads\/2020\/10\/DSC_5631_low.jpg 1200w\" sizes=\"(max-width: 709px) 85vw, (max-width: 909px) 67vw, (max-width: 1362px) 62vw, 840px\" \/><\/a><\/figure><\/li><li class=\"blocks-gallery-item\"><figure><a href=\"http:\/\/madeinzaragoza.es\/blog\/wp-content\/uploads\/2020\/10\/DSC_5632_low.jpg\"><img loading=\"lazy\" decoding=\"async\" width=\"1024\" height=\"574\" src=\"http:\/\/madeinzaragoza.es\/blog\/wp-content\/uploads\/2020\/10\/DSC_5632_low-1024x574.jpg\" alt=\"\" data-id=\"29634\" data-full-url=\"http:\/\/madeinzaragoza.es\/blog\/wp-content\/uploads\/2020\/10\/DSC_5632_low.jpg\" data-link=\"http:\/\/madeinzaragoza.es\/blog\/?attachment_id=29634\" class=\"wp-image-29634\" srcset=\"https:\/\/madeinzaragoza.es\/blog\/wp-content\/uploads\/2020\/10\/DSC_5632_low-1024x574.jpg 1024w, https:\/\/madeinzaragoza.es\/blog\/wp-content\/uploads\/2020\/10\/DSC_5632_low-300x168.jpg 300w, https:\/\/madeinzaragoza.es\/blog\/wp-content\/uploads\/2020\/10\/DSC_5632_low-768x431.jpg 768w, https:\/\/madeinzaragoza.es\/blog\/wp-content\/uploads\/2020\/10\/DSC_5632_low.jpg 1200w\" sizes=\"(max-width: 709px) 85vw, (max-width: 909px) 67vw, (max-width: 1362px) 62vw, 840px\" \/><\/a><\/figure><\/li><li class=\"blocks-gallery-item\"><figure><a href=\"http:\/\/madeinzaragoza.es\/blog\/wp-content\/uploads\/2020\/10\/DSC_5635_low.jpg\"><img loading=\"lazy\" decoding=\"async\" width=\"1024\" height=\"574\" src=\"http:\/\/madeinzaragoza.es\/blog\/wp-content\/uploads\/2020\/10\/DSC_5635_low-1024x574.jpg\" alt=\"\" data-id=\"29635\" data-full-url=\"http:\/\/madeinzaragoza.es\/blog\/wp-content\/uploads\/2020\/10\/DSC_5635_low.jpg\" data-link=\"http:\/\/madeinzaragoza.es\/blog\/?attachment_id=29635\" class=\"wp-image-29635\" srcset=\"https:\/\/madeinzaragoza.es\/blog\/wp-content\/uploads\/2020\/10\/DSC_5635_low-1024x574.jpg 1024w, https:\/\/madeinzaragoza.es\/blog\/wp-content\/uploads\/2020\/10\/DSC_5635_low-300x168.jpg 300w, https:\/\/madeinzaragoza.es\/blog\/wp-content\/uploads\/2020\/10\/DSC_5635_low-768x431.jpg 768w, https:\/\/madeinzaragoza.es\/blog\/wp-content\/uploads\/2020\/10\/DSC_5635_low.jpg 1200w\" sizes=\"(max-width: 709px) 85vw, (max-width: 909px) 67vw, (max-width: 1362px) 62vw, 840px\" \/><\/a><\/figure><\/li><li class=\"blocks-gallery-item\"><figure><a href=\"http:\/\/madeinzaragoza.es\/blog\/wp-content\/uploads\/2020\/10\/DSC_5642_low.jpg\"><img loading=\"lazy\" decoding=\"async\" width=\"1024\" height=\"574\" src=\"http:\/\/madeinzaragoza.es\/blog\/wp-content\/uploads\/2020\/10\/DSC_5642_low-1024x574.jpg\" alt=\"\" data-id=\"29636\" data-full-url=\"http:\/\/madeinzaragoza.es\/blog\/wp-content\/uploads\/2020\/10\/DSC_5642_low.jpg\" data-link=\"http:\/\/madeinzaragoza.es\/blog\/?attachment_id=29636\" class=\"wp-image-29636\" srcset=\"https:\/\/madeinzaragoza.es\/blog\/wp-content\/uploads\/2020\/10\/DSC_5642_low-1024x574.jpg 1024w, https:\/\/madeinzaragoza.es\/blog\/wp-content\/uploads\/2020\/10\/DSC_5642_low-300x168.jpg 300w, https:\/\/madeinzaragoza.es\/blog\/wp-content\/uploads\/2020\/10\/DSC_5642_low-768x431.jpg 768w, https:\/\/madeinzaragoza.es\/blog\/wp-content\/uploads\/2020\/10\/DSC_5642_low.jpg 1200w\" sizes=\"(max-width: 709px) 85vw, (max-width: 909px) 67vw, (max-width: 1362px) 62vw, 840px\" \/><\/a><\/figure><\/li><li class=\"blocks-gallery-item\"><figure><a href=\"http:\/\/madeinzaragoza.es\/blog\/wp-content\/uploads\/2020\/10\/DSC_5648_low.jpg\"><img loading=\"lazy\" decoding=\"async\" width=\"1024\" height=\"574\" src=\"http:\/\/madeinzaragoza.es\/blog\/wp-content\/uploads\/2020\/10\/DSC_5648_low-1024x574.jpg\" alt=\"\" data-id=\"29637\" data-full-url=\"http:\/\/madeinzaragoza.es\/blog\/wp-content\/uploads\/2020\/10\/DSC_5648_low.jpg\" data-link=\"http:\/\/madeinzaragoza.es\/blog\/?attachment_id=29637\" class=\"wp-image-29637\" srcset=\"https:\/\/madeinzaragoza.es\/blog\/wp-content\/uploads\/2020\/10\/DSC_5648_low-1024x574.jpg 1024w, https:\/\/madeinzaragoza.es\/blog\/wp-content\/uploads\/2020\/10\/DSC_5648_low-300x168.jpg 300w, https:\/\/madeinzaragoza.es\/blog\/wp-content\/uploads\/2020\/10\/DSC_5648_low-768x431.jpg 768w, https:\/\/madeinzaragoza.es\/blog\/wp-content\/uploads\/2020\/10\/DSC_5648_low.jpg 1200w\" sizes=\"(max-width: 709px) 85vw, (max-width: 909px) 67vw, (max-width: 1362px) 62vw, 840px\" \/><\/a><\/figure><\/li><li class=\"blocks-gallery-item\"><figure><a href=\"http:\/\/madeinzaragoza.es\/blog\/wp-content\/uploads\/2020\/10\/DSC_5650_low.jpg\"><img loading=\"lazy\" decoding=\"async\" width=\"1024\" height=\"574\" src=\"http:\/\/madeinzaragoza.es\/blog\/wp-content\/uploads\/2020\/10\/DSC_5650_low-1024x574.jpg\" alt=\"\" data-id=\"29638\" data-full-url=\"http:\/\/madeinzaragoza.es\/blog\/wp-content\/uploads\/2020\/10\/DSC_5650_low.jpg\" data-link=\"http:\/\/madeinzaragoza.es\/blog\/?attachment_id=29638\" class=\"wp-image-29638\" srcset=\"https:\/\/madeinzaragoza.es\/blog\/wp-content\/uploads\/2020\/10\/DSC_5650_low-1024x574.jpg 1024w, https:\/\/madeinzaragoza.es\/blog\/wp-content\/uploads\/2020\/10\/DSC_5650_low-300x168.jpg 300w, https:\/\/madeinzaragoza.es\/blog\/wp-content\/uploads\/2020\/10\/DSC_5650_low-768x431.jpg 768w, https:\/\/madeinzaragoza.es\/blog\/wp-content\/uploads\/2020\/10\/DSC_5650_low.jpg 1200w\" sizes=\"(max-width: 709px) 85vw, (max-width: 909px) 67vw, (max-width: 1362px) 62vw, 840px\" \/><\/a><\/figure><\/li><li class=\"blocks-gallery-item\"><figure><a href=\"http:\/\/madeinzaragoza.es\/blog\/wp-content\/uploads\/2020\/10\/DSC_5658_low.jpg\"><img loading=\"lazy\" decoding=\"async\" width=\"1024\" height=\"574\" src=\"http:\/\/madeinzaragoza.es\/blog\/wp-content\/uploads\/2020\/10\/DSC_5658_low-1024x574.jpg\" alt=\"\" data-id=\"29639\" data-full-url=\"http:\/\/madeinzaragoza.es\/blog\/wp-content\/uploads\/2020\/10\/DSC_5658_low.jpg\" data-link=\"http:\/\/madeinzaragoza.es\/blog\/?attachment_id=29639\" class=\"wp-image-29639\" srcset=\"https:\/\/madeinzaragoza.es\/blog\/wp-content\/uploads\/2020\/10\/DSC_5658_low-1024x574.jpg 1024w, https:\/\/madeinzaragoza.es\/blog\/wp-content\/uploads\/2020\/10\/DSC_5658_low-300x168.jpg 300w, https:\/\/madeinzaragoza.es\/blog\/wp-content\/uploads\/2020\/10\/DSC_5658_low-768x431.jpg 768w, https:\/\/madeinzaragoza.es\/blog\/wp-content\/uploads\/2020\/10\/DSC_5658_low.jpg 1200w\" sizes=\"(max-width: 709px) 85vw, (max-width: 909px) 67vw, (max-width: 1362px) 62vw, 840px\" \/><\/a><\/figure><\/li><li class=\"blocks-gallery-item\"><figure><a href=\"http:\/\/madeinzaragoza.es\/blog\/wp-content\/uploads\/2020\/10\/DSC_5659_low.jpg\"><img loading=\"lazy\" decoding=\"async\" width=\"1024\" height=\"574\" src=\"http:\/\/madeinzaragoza.es\/blog\/wp-content\/uploads\/2020\/10\/DSC_5659_low-1024x574.jpg\" alt=\"\" data-id=\"29640\" data-full-url=\"http:\/\/madeinzaragoza.es\/blog\/wp-content\/uploads\/2020\/10\/DSC_5659_low.jpg\" data-link=\"http:\/\/madeinzaragoza.es\/blog\/?attachment_id=29640\" class=\"wp-image-29640\" srcset=\"https:\/\/madeinzaragoza.es\/blog\/wp-content\/uploads\/2020\/10\/DSC_5659_low-1024x574.jpg 1024w, https:\/\/madeinzaragoza.es\/blog\/wp-content\/uploads\/2020\/10\/DSC_5659_low-300x168.jpg 300w, https:\/\/madeinzaragoza.es\/blog\/wp-content\/uploads\/2020\/10\/DSC_5659_low-768x431.jpg 768w, https:\/\/madeinzaragoza.es\/blog\/wp-content\/uploads\/2020\/10\/DSC_5659_low.jpg 1200w\" sizes=\"(max-width: 709px) 85vw, (max-width: 909px) 67vw, (max-width: 1362px) 62vw, 840px\" \/><\/a><\/figure><\/li><li class=\"blocks-gallery-item\"><figure><a href=\"http:\/\/madeinzaragoza.es\/blog\/wp-content\/uploads\/2020\/10\/DSC_5671_low.jpg\"><img loading=\"lazy\" decoding=\"async\" width=\"1024\" height=\"574\" src=\"http:\/\/madeinzaragoza.es\/blog\/wp-content\/uploads\/2020\/10\/DSC_5671_low-1024x574.jpg\" alt=\"\" data-id=\"29641\" data-full-url=\"http:\/\/madeinzaragoza.es\/blog\/wp-content\/uploads\/2020\/10\/DSC_5671_low.jpg\" data-link=\"http:\/\/madeinzaragoza.es\/blog\/?attachment_id=29641\" class=\"wp-image-29641\" srcset=\"https:\/\/madeinzaragoza.es\/blog\/wp-content\/uploads\/2020\/10\/DSC_5671_low-1024x574.jpg 1024w, https:\/\/madeinzaragoza.es\/blog\/wp-content\/uploads\/2020\/10\/DSC_5671_low-300x168.jpg 300w, https:\/\/madeinzaragoza.es\/blog\/wp-content\/uploads\/2020\/10\/DSC_5671_low-768x431.jpg 768w, https:\/\/madeinzaragoza.es\/blog\/wp-content\/uploads\/2020\/10\/DSC_5671_low.jpg 1200w\" sizes=\"(max-width: 709px) 85vw, (max-width: 909px) 67vw, (max-width: 1362px) 62vw, 840px\" \/><\/a><\/figure><\/li><li class=\"blocks-gallery-item\"><figure><a href=\"http:\/\/madeinzaragoza.es\/blog\/wp-content\/uploads\/2020\/10\/DSC_5675_low.jpg\"><img loading=\"lazy\" decoding=\"async\" width=\"1024\" height=\"574\" src=\"http:\/\/madeinzaragoza.es\/blog\/wp-content\/uploads\/2020\/10\/DSC_5675_low-1024x574.jpg\" alt=\"\" data-id=\"29642\" data-full-url=\"http:\/\/madeinzaragoza.es\/blog\/wp-content\/uploads\/2020\/10\/DSC_5675_low.jpg\" data-link=\"http:\/\/madeinzaragoza.es\/blog\/?attachment_id=29642\" class=\"wp-image-29642\" srcset=\"https:\/\/madeinzaragoza.es\/blog\/wp-content\/uploads\/2020\/10\/DSC_5675_low-1024x574.jpg 1024w, https:\/\/madeinzaragoza.es\/blog\/wp-content\/uploads\/2020\/10\/DSC_5675_low-300x168.jpg 300w, https:\/\/madeinzaragoza.es\/blog\/wp-content\/uploads\/2020\/10\/DSC_5675_low-768x431.jpg 768w, https:\/\/madeinzaragoza.es\/blog\/wp-content\/uploads\/2020\/10\/DSC_5675_low.jpg 1200w\" sizes=\"(max-width: 709px) 85vw, (max-width: 909px) 67vw, (max-width: 1362px) 62vw, 840px\" \/><\/a><\/figure><\/li><\/ul><figcaption class=\"blocks-gallery-caption\">Fotograf\u00edas: Beatriz Ordu\u00f1a<\/figcaption><\/figure>\n\n\n\n<p>En este v\u00eddeo podemos ver a la artista hablando sobre la instalaci\u00f3n y el proceso creativo de la su obra en general y de la intervenci\u00f3n <em><strong>\u00abVerbos irrregulares\u00bb<\/strong><\/em> que ha presentado en <strong>C\u00f3rner MIZ<\/strong>. Ella misma nos habla sobre la obra y sobre s\u00ed misma.<\/p>\n\n\n\n<figure class=\"wp-block-embed-youtube wp-block-embed is-type-video is-provider-youtube wp-embed-aspect-16-9 wp-has-aspect-ratio\"><div class=\"wp-block-embed__wrapper\">\n<iframe loading=\"lazy\" title=\"C\u00f3rner MIZ - Helena Santolaya\" width=\"840\" height=\"473\" src=\"https:\/\/www.youtube.com\/embed\/q6dFutht6_8?feature=oembed\" frameborder=\"0\" allow=\"accelerometer; autoplay; clipboard-write; encrypted-media; gyroscope; picture-in-picture\" allowfullscreen><\/iframe>\n<\/div><\/figure>\n","protected":false},"excerpt":{"rendered":"<p>C\u00f3rner MIZ 2020: Autoficci\u00f3n y otras narrativas personales. Helena Santolaya. Ya vimos en su presentaci\u00f3n que Helena Santolaya se define a s\u00ed misma como una artista de lo cotidiano, \u00abuna artista de andar por casa\u00bb as\u00ed que durante el proceso creativo de la instalaci\u00f3n \u00abVerbos irregulares\u00bb que ha realizado en C\u00f3rner MIZ nos colamos en &hellip; <a href=\"https:\/\/madeinzaragoza.es\/blog\/el-proceso-creativo-en-la-obra-de-helena-santolaya\/\" class=\"more-link\">Continuar leyendo<span class=\"screen-reader-text\"> \u00abEl proceso creativo en la obra de Helena Santolaya\u00bb<\/span><\/a><\/p>\n","protected":false},"author":36,"featured_media":29641,"comment_status":"open","ping_status":"open","sticky":false,"template":"","format":"standard","meta":{"footnotes":""},"categories":[831],"tags":[1519,1073,1164],"yoast_head":"<!-- This site is optimized with the Yoast SEO plugin v19.7.2 - https:\/\/yoast.com\/wordpress\/plugins\/seo\/ -->\n<title>El proceso creativo en la obra de Helena Santolaya - Made in Zaragoza<\/title>\n<meta name=\"robots\" content=\"index, follow, max-snippet:-1, max-image-preview:large, max-video-preview:-1\" \/>\n<link rel=\"canonical\" href=\"https:\/\/madeinzaragoza.es\/blog\/el-proceso-creativo-en-la-obra-de-helena-santolaya\/\" \/>\n<meta property=\"og:locale\" content=\"es_ES\" \/>\n<meta property=\"og:type\" content=\"article\" \/>\n<meta property=\"og:title\" content=\"El proceso creativo en la obra de Helena Santolaya - Made in Zaragoza\" \/>\n<meta property=\"og:description\" content=\"C\u00f3rner MIZ 2020: Autoficci\u00f3n y otras narrativas personales. Helena Santolaya. Ya vimos en su presentaci\u00f3n que Helena Santolaya se define a s\u00ed misma como una artista de lo cotidiano, \u00abuna artista de andar por casa\u00bb as\u00ed que durante el proceso creativo de la instalaci\u00f3n \u00abVerbos irregulares\u00bb que ha realizado en C\u00f3rner MIZ nos colamos en &hellip; Continuar leyendo &quot;El proceso creativo en la obra de Helena Santolaya&quot;\" \/>\n<meta property=\"og:url\" content=\"https:\/\/madeinzaragoza.es\/blog\/el-proceso-creativo-en-la-obra-de-helena-santolaya\/\" \/>\n<meta property=\"og:site_name\" content=\"Made in Zaragoza\" \/>\n<meta property=\"article:publisher\" content=\"https:\/\/www.facebook.com\/madeinzaragoza.es\/\" \/>\n<meta property=\"article:author\" content=\"zarayorkers\" \/>\n<meta property=\"article:published_time\" content=\"2020-10-03T14:56:00+00:00\" \/>\n<meta property=\"article:modified_time\" content=\"2020-11-23T16:39:30+00:00\" \/>\n<meta property=\"og:image\" content=\"https:\/\/madeinzaragoza.es\/blog\/wp-content\/uploads\/2020\/10\/DSC_5671_low.jpg\" \/>\n\t<meta property=\"og:image:width\" content=\"1200\" \/>\n\t<meta property=\"og:image:height\" content=\"673\" \/>\n\t<meta property=\"og:image:type\" content=\"image\/jpeg\" \/>\n<meta name=\"author\" content=\"Sergio Sevilla\" \/>\n<meta name=\"twitter:card\" content=\"summary\" \/>\n<meta name=\"twitter:creator\" content=\"@madeinzaragoza\" \/>\n<meta name=\"twitter:site\" content=\"@madeinzaragoza\" \/>\n<meta name=\"twitter:label1\" content=\"Escrito por\" \/>\n\t<meta name=\"twitter:data1\" content=\"Sergio Sevilla\" \/>\n\t<meta name=\"twitter:label2\" content=\"Tiempo de lectura\" \/>\n\t<meta name=\"twitter:data2\" content=\"1 minuto\" \/>\n<script type=\"application\/ld+json\" class=\"yoast-schema-graph\">{\"@context\":\"https:\/\/schema.org\",\"@graph\":[{\"@type\":\"Article\",\"@id\":\"https:\/\/madeinzaragoza.es\/blog\/el-proceso-creativo-en-la-obra-de-helena-santolaya\/#article\",\"isPartOf\":{\"@id\":\"https:\/\/madeinzaragoza.es\/blog\/el-proceso-creativo-en-la-obra-de-helena-santolaya\/\"},\"author\":{\"name\":\"Sergio Sevilla\",\"@id\":\"https:\/\/madeinzaragoza.es\/blog\/#\/schema\/person\/fd836a8fe1177b6200bc8deffc3ad342\"},\"headline\":\"El proceso creativo en la obra de Helena Santolaya\",\"datePublished\":\"2020-10-03T14:56:00+00:00\",\"dateModified\":\"2020-11-23T16:39:30+00:00\",\"mainEntityOfPage\":{\"@id\":\"https:\/\/madeinzaragoza.es\/blog\/el-proceso-creativo-en-la-obra-de-helena-santolaya\/\"},\"wordCount\":195,\"commentCount\":0,\"publisher\":{\"@id\":\"https:\/\/madeinzaragoza.es\/blog\/#organization\"},\"keywords\":[\"Helena Santolaya\",\"intervenci\u00f3n ef\u00edmera\",\"intervenci\u00f3n mural\"],\"articleSection\":[\"CornerMIZ\"],\"inLanguage\":\"es\",\"potentialAction\":[{\"@type\":\"CommentAction\",\"name\":\"Comment\",\"target\":[\"https:\/\/madeinzaragoza.es\/blog\/el-proceso-creativo-en-la-obra-de-helena-santolaya\/#respond\"]}]},{\"@type\":\"WebPage\",\"@id\":\"https:\/\/madeinzaragoza.es\/blog\/el-proceso-creativo-en-la-obra-de-helena-santolaya\/\",\"url\":\"https:\/\/madeinzaragoza.es\/blog\/el-proceso-creativo-en-la-obra-de-helena-santolaya\/\",\"name\":\"El proceso creativo en la obra de Helena Santolaya - Made in Zaragoza\",\"isPartOf\":{\"@id\":\"https:\/\/madeinzaragoza.es\/blog\/#website\"},\"datePublished\":\"2020-10-03T14:56:00+00:00\",\"dateModified\":\"2020-11-23T16:39:30+00:00\",\"breadcrumb\":{\"@id\":\"https:\/\/madeinzaragoza.es\/blog\/el-proceso-creativo-en-la-obra-de-helena-santolaya\/#breadcrumb\"},\"inLanguage\":\"es\",\"potentialAction\":[{\"@type\":\"ReadAction\",\"target\":[\"https:\/\/madeinzaragoza.es\/blog\/el-proceso-creativo-en-la-obra-de-helena-santolaya\/\"]}]},{\"@type\":\"BreadcrumbList\",\"@id\":\"https:\/\/madeinzaragoza.es\/blog\/el-proceso-creativo-en-la-obra-de-helena-santolaya\/#breadcrumb\",\"itemListElement\":[{\"@type\":\"ListItem\",\"position\":1,\"name\":\"Portada\",\"item\":\"https:\/\/madeinzaragoza.es\/blog\/\"},{\"@type\":\"ListItem\",\"position\":2,\"name\":\"El proceso creativo en la obra de Helena Santolaya\"}]},{\"@type\":\"WebSite\",\"@id\":\"https:\/\/madeinzaragoza.es\/blog\/#website\",\"url\":\"https:\/\/madeinzaragoza.es\/blog\/\",\"name\":\"Made in Zaragoza\",\"description\":\"Blog de MadeinZGZ, Red de Econom\u00eda Creativa de Zaragoza\",\"publisher\":{\"@id\":\"https:\/\/madeinzaragoza.es\/blog\/#organization\"},\"potentialAction\":[{\"@type\":\"SearchAction\",\"target\":{\"@type\":\"EntryPoint\",\"urlTemplate\":\"https:\/\/madeinzaragoza.es\/blog\/?s={search_term_string}\"},\"query-input\":\"required name=search_term_string\"}],\"inLanguage\":\"es\"},{\"@type\":\"Organization\",\"@id\":\"https:\/\/madeinzaragoza.es\/blog\/#organization\",\"name\":\"Made In Zaragoza\",\"url\":\"https:\/\/madeinzaragoza.es\/blog\/\",\"sameAs\":[\"https:\/\/www.instagram.com\/madeinzaragoza.es\/\",\"https:\/\/www.facebook.com\/madeinzaragoza.es\/\",\"https:\/\/twitter.com\/madeinzaragoza\"],\"logo\":{\"@type\":\"ImageObject\",\"inLanguage\":\"es\",\"@id\":\"https:\/\/madeinzaragoza.es\/blog\/#\/schema\/logo\/image\/\",\"url\":\"https:\/\/madeinzaragoza.es\/blog\/wp-content\/uploads\/2022\/05\/logo.png\",\"contentUrl\":\"https:\/\/madeinzaragoza.es\/blog\/wp-content\/uploads\/2022\/05\/logo.png\",\"width\":193,\"height\":176,\"caption\":\"Made In Zaragoza\"},\"image\":{\"@id\":\"https:\/\/madeinzaragoza.es\/blog\/#\/schema\/logo\/image\/\"}},{\"@type\":\"Person\",\"@id\":\"https:\/\/madeinzaragoza.es\/blog\/#\/schema\/person\/fd836a8fe1177b6200bc8deffc3ad342\",\"name\":\"Sergio Sevilla\",\"image\":{\"@type\":\"ImageObject\",\"inLanguage\":\"es\",\"@id\":\"https:\/\/madeinzaragoza.es\/blog\/#\/schema\/person\/image\/\",\"url\":\"https:\/\/secure.gravatar.com\/avatar\/4a59e3901b7e749c4e3750c4fd5d0b43?s=96&d=mm&r=g\",\"contentUrl\":\"https:\/\/secure.gravatar.com\/avatar\/4a59e3901b7e749c4e3750c4fd5d0b43?s=96&d=mm&r=g\",\"caption\":\"Sergio Sevilla\"},\"description\":\"Gesti\u00f3n e Innovaci\u00f3n cultural (I+C) Mi trabajo se basa en la b\u00fasqueda de conexiones culturales en espacios de tr\u00e1nsito. Soy director y programador de proyectos culturales. He coordinado el espacio C\u00f3rner MIZ de Made in Zaragoza y, en la actualidad, me dedico a investigar, documentar y poner en valor el muralismo cer\u00e1mico de los a\u00f1os 60, 70 y 80 de Zaragoza y su relaci\u00f3n con los entornos arquitect\u00f3nicos y decorativos de la \u00e9poca. Descubre el perfil de @ZaragozaModerna en Instagram. Take a walk on the Art side.\",\"sameAs\":[\"zarayorkers\",\"@zaragozamoderna\",\"\/sergiosevillatabernero\"],\"url\":\"https:\/\/madeinzaragoza.es\/blog\/author\/sergiosevilla\/\"}]}<\/script>\n<!-- \/ Yoast SEO plugin. -->","yoast_head_json":{"title":"El proceso creativo en la obra de Helena Santolaya - Made in Zaragoza","robots":{"index":"index","follow":"follow","max-snippet":"max-snippet:-1","max-image-preview":"max-image-preview:large","max-video-preview":"max-video-preview:-1"},"canonical":"https:\/\/madeinzaragoza.es\/blog\/el-proceso-creativo-en-la-obra-de-helena-santolaya\/","og_locale":"es_ES","og_type":"article","og_title":"El proceso creativo en la obra de Helena Santolaya - Made in Zaragoza","og_description":"C\u00f3rner MIZ 2020: Autoficci\u00f3n y otras narrativas personales. Helena Santolaya. Ya vimos en su presentaci\u00f3n que Helena Santolaya se define a s\u00ed misma como una artista de lo cotidiano, \u00abuna artista de andar por casa\u00bb as\u00ed que durante el proceso creativo de la instalaci\u00f3n \u00abVerbos irregulares\u00bb que ha realizado en C\u00f3rner MIZ nos colamos en &hellip; Continuar leyendo \"El proceso creativo en la obra de Helena Santolaya\"","og_url":"https:\/\/madeinzaragoza.es\/blog\/el-proceso-creativo-en-la-obra-de-helena-santolaya\/","og_site_name":"Made in Zaragoza","article_publisher":"https:\/\/www.facebook.com\/madeinzaragoza.es\/","article_author":"zarayorkers","article_published_time":"2020-10-03T14:56:00+00:00","article_modified_time":"2020-11-23T16:39:30+00:00","og_image":[{"width":1200,"height":673,"url":"https:\/\/madeinzaragoza.es\/blog\/wp-content\/uploads\/2020\/10\/DSC_5671_low.jpg","type":"image\/jpeg"}],"author":"Sergio Sevilla","twitter_card":"summary","twitter_creator":"@madeinzaragoza","twitter_site":"@madeinzaragoza","twitter_misc":{"Escrito por":"Sergio Sevilla","Tiempo de lectura":"1 minuto"},"schema":{"@context":"https:\/\/schema.org","@graph":[{"@type":"Article","@id":"https:\/\/madeinzaragoza.es\/blog\/el-proceso-creativo-en-la-obra-de-helena-santolaya\/#article","isPartOf":{"@id":"https:\/\/madeinzaragoza.es\/blog\/el-proceso-creativo-en-la-obra-de-helena-santolaya\/"},"author":{"name":"Sergio Sevilla","@id":"https:\/\/madeinzaragoza.es\/blog\/#\/schema\/person\/fd836a8fe1177b6200bc8deffc3ad342"},"headline":"El proceso creativo en la obra de Helena Santolaya","datePublished":"2020-10-03T14:56:00+00:00","dateModified":"2020-11-23T16:39:30+00:00","mainEntityOfPage":{"@id":"https:\/\/madeinzaragoza.es\/blog\/el-proceso-creativo-en-la-obra-de-helena-santolaya\/"},"wordCount":195,"commentCount":0,"publisher":{"@id":"https:\/\/madeinzaragoza.es\/blog\/#organization"},"keywords":["Helena Santolaya","intervenci\u00f3n ef\u00edmera","intervenci\u00f3n mural"],"articleSection":["CornerMIZ"],"inLanguage":"es","potentialAction":[{"@type":"CommentAction","name":"Comment","target":["https:\/\/madeinzaragoza.es\/blog\/el-proceso-creativo-en-la-obra-de-helena-santolaya\/#respond"]}]},{"@type":"WebPage","@id":"https:\/\/madeinzaragoza.es\/blog\/el-proceso-creativo-en-la-obra-de-helena-santolaya\/","url":"https:\/\/madeinzaragoza.es\/blog\/el-proceso-creativo-en-la-obra-de-helena-santolaya\/","name":"El proceso creativo en la obra de Helena Santolaya - Made in Zaragoza","isPartOf":{"@id":"https:\/\/madeinzaragoza.es\/blog\/#website"},"datePublished":"2020-10-03T14:56:00+00:00","dateModified":"2020-11-23T16:39:30+00:00","breadcrumb":{"@id":"https:\/\/madeinzaragoza.es\/blog\/el-proceso-creativo-en-la-obra-de-helena-santolaya\/#breadcrumb"},"inLanguage":"es","potentialAction":[{"@type":"ReadAction","target":["https:\/\/madeinzaragoza.es\/blog\/el-proceso-creativo-en-la-obra-de-helena-santolaya\/"]}]},{"@type":"BreadcrumbList","@id":"https:\/\/madeinzaragoza.es\/blog\/el-proceso-creativo-en-la-obra-de-helena-santolaya\/#breadcrumb","itemListElement":[{"@type":"ListItem","position":1,"name":"Portada","item":"https:\/\/madeinzaragoza.es\/blog\/"},{"@type":"ListItem","position":2,"name":"El proceso creativo en la obra de Helena Santolaya"}]},{"@type":"WebSite","@id":"https:\/\/madeinzaragoza.es\/blog\/#website","url":"https:\/\/madeinzaragoza.es\/blog\/","name":"Made in Zaragoza","description":"Blog de MadeinZGZ, Red de Econom\u00eda Creativa de Zaragoza","publisher":{"@id":"https:\/\/madeinzaragoza.es\/blog\/#organization"},"potentialAction":[{"@type":"SearchAction","target":{"@type":"EntryPoint","urlTemplate":"https:\/\/madeinzaragoza.es\/blog\/?s={search_term_string}"},"query-input":"required name=search_term_string"}],"inLanguage":"es"},{"@type":"Organization","@id":"https:\/\/madeinzaragoza.es\/blog\/#organization","name":"Made In Zaragoza","url":"https:\/\/madeinzaragoza.es\/blog\/","sameAs":["https:\/\/www.instagram.com\/madeinzaragoza.es\/","https:\/\/www.facebook.com\/madeinzaragoza.es\/","https:\/\/twitter.com\/madeinzaragoza"],"logo":{"@type":"ImageObject","inLanguage":"es","@id":"https:\/\/madeinzaragoza.es\/blog\/#\/schema\/logo\/image\/","url":"https:\/\/madeinzaragoza.es\/blog\/wp-content\/uploads\/2022\/05\/logo.png","contentUrl":"https:\/\/madeinzaragoza.es\/blog\/wp-content\/uploads\/2022\/05\/logo.png","width":193,"height":176,"caption":"Made In Zaragoza"},"image":{"@id":"https:\/\/madeinzaragoza.es\/blog\/#\/schema\/logo\/image\/"}},{"@type":"Person","@id":"https:\/\/madeinzaragoza.es\/blog\/#\/schema\/person\/fd836a8fe1177b6200bc8deffc3ad342","name":"Sergio Sevilla","image":{"@type":"ImageObject","inLanguage":"es","@id":"https:\/\/madeinzaragoza.es\/blog\/#\/schema\/person\/image\/","url":"https:\/\/secure.gravatar.com\/avatar\/4a59e3901b7e749c4e3750c4fd5d0b43?s=96&d=mm&r=g","contentUrl":"https:\/\/secure.gravatar.com\/avatar\/4a59e3901b7e749c4e3750c4fd5d0b43?s=96&d=mm&r=g","caption":"Sergio Sevilla"},"description":"Gesti\u00f3n e Innovaci\u00f3n cultural (I+C) Mi trabajo se basa en la b\u00fasqueda de conexiones culturales en espacios de tr\u00e1nsito. Soy director y programador de proyectos culturales. He coordinado el espacio C\u00f3rner MIZ de Made in Zaragoza y, en la actualidad, me dedico a investigar, documentar y poner en valor el muralismo cer\u00e1mico de los a\u00f1os 60, 70 y 80 de Zaragoza y su relaci\u00f3n con los entornos arquitect\u00f3nicos y decorativos de la \u00e9poca. Descubre el perfil de @ZaragozaModerna en Instagram. Take a walk on the Art side.","sameAs":["zarayorkers","@zaragozamoderna","\/sergiosevillatabernero"],"url":"https:\/\/madeinzaragoza.es\/blog\/author\/sergiosevilla\/"}]}},"_links":{"self":[{"href":"https:\/\/madeinzaragoza.es\/blog\/wp-json\/wp\/v2\/posts\/29628"}],"collection":[{"href":"https:\/\/madeinzaragoza.es\/blog\/wp-json\/wp\/v2\/posts"}],"about":[{"href":"https:\/\/madeinzaragoza.es\/blog\/wp-json\/wp\/v2\/types\/post"}],"author":[{"embeddable":true,"href":"https:\/\/madeinzaragoza.es\/blog\/wp-json\/wp\/v2\/users\/36"}],"replies":[{"embeddable":true,"href":"https:\/\/madeinzaragoza.es\/blog\/wp-json\/wp\/v2\/comments?post=29628"}],"version-history":[{"count":8,"href":"https:\/\/madeinzaragoza.es\/blog\/wp-json\/wp\/v2\/posts\/29628\/revisions"}],"predecessor-version":[{"id":30107,"href":"https:\/\/madeinzaragoza.es\/blog\/wp-json\/wp\/v2\/posts\/29628\/revisions\/30107"}],"wp:featuredmedia":[{"embeddable":true,"href":"https:\/\/madeinzaragoza.es\/blog\/wp-json\/wp\/v2\/media\/29641"}],"wp:attachment":[{"href":"https:\/\/madeinzaragoza.es\/blog\/wp-json\/wp\/v2\/media?parent=29628"}],"wp:term":[{"taxonomy":"category","embeddable":true,"href":"https:\/\/madeinzaragoza.es\/blog\/wp-json\/wp\/v2\/categories?post=29628"},{"taxonomy":"post_tag","embeddable":true,"href":"https:\/\/madeinzaragoza.es\/blog\/wp-json\/wp\/v2\/tags?post=29628"}],"curies":[{"name":"wp","href":"https:\/\/api.w.org\/{rel}","templated":true}]}}