{"id":28125,"date":"2020-04-08T08:44:36","date_gmt":"2020-04-08T07:44:36","guid":{"rendered":"http:\/\/madeinzaragoza.es\/blog\/?p=28125"},"modified":"2020-04-08T16:22:28","modified_gmt":"2020-04-08T15:22:28","slug":"luis-zueco-nos-cuenta-que-aprender-del-hombre-medieval-en-tiempo-de-cuarentena","status":"publish","type":"post","link":"https:\/\/madeinzaragoza.es\/blog\/luis-zueco-nos-cuenta-que-aprender-del-hombre-medieval-en-tiempo-de-cuarentena\/","title":{"rendered":"Luis Zueco: \u00abHab\u00edamos perdido el miedo medieval a las pandemias\u00bb"},"content":{"rendered":"<p>Cuando hago esta \u201ctele entrevista\u201d <strong>Luis Zueco<\/strong> est\u00e1 en el pueblo de Bulbuente, en el granero de lo que fue la casa del cura. En la pantalla de mi ordenador veo por encima de \u00e9l un techo de vigas de madera, gruesas como m\u00e1stiles, me dice que el suelo es de yeso y que desde su ventana se ve el Moncayo. Nevado a\u00fan.<\/p>\n<p>&nbsp;<\/p>\n<p>Si no hubiera sido decretado el estado de alarma y el confinamiento, seguramente esta entrevista hubiera sido de otra manera, quiz\u00e1 en la presentaci\u00f3n de su \u00faltima obra \u201cEl mercader de libros\u201d, pero como nos ha pasado a todos, ha tenido que cancelar e interrumpir de cuajo encuentros y presentaciones.<\/p>\n<p>&nbsp;<\/p>\n<p>Cuando curioseas un poco por internet y buscas a Luis Zueco, la Wikipedia no sabe quedarse con una sola palabra para definirle y encuentras algo as\u00ed como: historiador, fot\u00f3grafo, novelista, investigador, y a\u00f1ado yo: director de hotel en un castillo restaurado.<\/p>\n<p>&nbsp;<\/p>\n<p>Para qui\u00e9n no conozca su obra, Luis Zueco est\u00e1 especializado en <strong>novela hist\u00f3rica.<\/strong> Su <em>trilog\u00eda medieval<\/em> (El castillo, La ciudad y El monasterio) se desarrolla en <strong>enclaves aragoneses<\/strong> y ha sido un <strong>\u00e9xito de ventas<\/strong>, traducida y publicada tambi\u00e9n en el extranjero.<\/p>\n<h2><\/h2>\n<h2>El coronavirus y la Edad Media<\/h2>\n<p>&nbsp;<\/p>\n<p><em><strong>\u00bfQu\u00e9 tenemos en com\u00fan con nuestros antepasados, los hombres de la Edad Media, a la hora de enfrentarnos a una pandemia como la del coronavirus?<\/strong><\/em><\/p>\n<p>Cuando oigo en las noticias que alguien compara el coronavirus con una guerra pienso que no es lo que el hombre medieval pensar\u00eda. El hombre medieval a lo que realmente ten\u00eda miedo es a la enfermedad, a la peste.<\/p>\n<p><strong>No tem\u00edan a las guerras, estaban acostumbrados a ellas<\/strong>, formaban parte de su realidad. Sin embargo, <strong>una peste no se pod\u00eda controlar.<\/strong> Era el enemigo invisible, inconquistable.<\/p>\n<p>En una guerra hab\u00eda treguas, posibilidad de negociaci\u00f3n o rendici\u00f3n. Con la peste no. Muchas veces las guerras acababan porque una enfermedad contagiosa acababa diezmando las filas de uno de los oponentes.<\/p>\n<p>&nbsp;<\/p>\n<blockquote><p>As\u00ed que el hombre medieval tem\u00eda sobre todo a las pandemias. Era algo que hab\u00edamos perdido, ese miedo, se nos hab\u00eda olvidado.<\/p><\/blockquote>\n<p>&nbsp;<\/p>\n<p>Por otro lado, en la Edad Media no nos hubiera costado tanto esfuerzo este confinamiento. La gente no sal\u00eda de su pueblo ni de su ciudad de forma continua como hacemos nosotros. Estamos acostumbrados a movernos mucho, con total libertad, y esta cuarentena nos est\u00e1 poniendo a prueba.<\/p>\n<p>&nbsp;<\/p>\n<figure id=\"attachment_28131\" aria-describedby=\"caption-attachment-28131\" style=\"width: 840px\" class=\"wp-caption aligncenter\"><img loading=\"lazy\" decoding=\"async\" class=\"size-large wp-image-28131\" src=\"http:\/\/madeinzaragoza.es\/blog\/wp-content\/uploads\/2020\/04\/Luis-Zueco-1024x683.jpg\" alt=\"Luis Zueco para Made In Zaragoza\" width=\"840\" height=\"560\" srcset=\"https:\/\/madeinzaragoza.es\/blog\/wp-content\/uploads\/2020\/04\/Luis-Zueco-1024x683.jpg 1024w, https:\/\/madeinzaragoza.es\/blog\/wp-content\/uploads\/2020\/04\/Luis-Zueco-300x200.jpg 300w, https:\/\/madeinzaragoza.es\/blog\/wp-content\/uploads\/2020\/04\/Luis-Zueco-768x512.jpg 768w, https:\/\/madeinzaragoza.es\/blog\/wp-content\/uploads\/2020\/04\/Luis-Zueco-1200x800.jpg 1200w\" sizes=\"(max-width: 709px) 85vw, (max-width: 909px) 67vw, (max-width: 1362px) 62vw, 840px\" \/><figcaption id=\"caption-attachment-28131\" class=\"wp-caption-text\">Luis Zueco para Made In Zaragoza<\/figcaption><\/figure>\n<h2><\/h2>\n<h2>C\u00f3mo contamos la historia<\/h2>\n<p>&nbsp;<\/p>\n<p><em><strong>Tu \u00faltima novela, \u00abEl mercader de libros\u00bb, sin embargo, no transcurre en la Edad Media.<\/strong><\/em><\/p>\n<p>&nbsp;<\/p>\n<p>No como tal, pero es que lo que nosotros entendemos como final de la Edad Media, con el descubrimiento de Am\u00e9rica, es discutible. Yo pienso que lo realmente relevante para ese cambio de Edad Media a Edad Moderna es la invenci\u00f3n de la imprenta. Es el gran cambio.<br \/>\nS\u00e9 que lo que nos hacen estudiar siempre es la ca\u00edda de Constantinopla, pero ya en 1453 Bizancio no ten\u00eda tanta relevancia. En Espa\u00f1a damos mucha importancia a la fecha del descubrimiento de Am\u00e9rica, pero eso no tendr\u00e1 consecuencias globales hasta a\u00f1os m\u00e1s tarde y ya ser\u00e1 en toda Europa.<\/p>\n<p>&nbsp;<\/p>\n<blockquote><p>Es la imprenta la que cambia nuestro mundo, nunca volver\u00e1 a ser igual. Es como la invenci\u00f3n de internet.<\/p><\/blockquote>\n<p>&nbsp;<\/p>\n<p>&nbsp;<\/p>\n<p><em><strong>Factores como grandes inventos que cambian la historia&#8230;<\/strong><\/em><\/p>\n<p>Es que yo creo que en el estudio de la historia <strong>nos fijamos demasiado en los acontecimientos pol\u00edticos,<\/strong> que no tienen que ser los m\u00e1s decisivos. Un reinado, un tratado, una guerra, todos esos acontecimientos son f\u00e1ciles de fijar y estudiar, porque son hechos y fechas concretas.<\/p>\n<p>Pero lo que realmente acaba decidiendo hacia donde va nuestra historia son factores econ\u00f3micos, culturales, sociales e incluso clim\u00e1ticos. Como muestra, esta pandemia a la que nos enfrentamos, va a tener unas consecuencias econ\u00f3micas y sociales muy importantes.<\/p>\n<p>O como la imprenta, gracias a ella surgir\u00e1 todo un movimiento social, cient\u00edfico y cultural nuevo: el humanismo, tendr\u00e1 lugar la crisis de la Iglesia\u2026<\/p>\n<p>&nbsp;<\/p>\n<blockquote><p>En esa \u00e9poca, tener acceso a libros era la gran revoluci\u00f3n.<\/p><\/blockquote>\n<h2><\/h2>\n<h2>El primer Google en Sevilla<\/h2>\n<p>&nbsp;<\/p>\n<p><em><strong>Cu\u00e9ntanos un poco sobre \u00abEl mercader de libros\u00bb, el protagonista es el hijo de Crist\u00f3bal Col\u00f3n\u2026<\/strong><\/em><\/p>\n<p>Efectivamente, es Hernando Col\u00f3n, un hijo que hab\u00eda tenido antes del matrimonio, no era raro en la \u00e9poca, al que reconoci\u00f3 como tal y dio su apellido.<\/p>\n<p>Hernando Col\u00f3n ansiaba como su padre lograr grandes haza\u00f1as, pero ten\u00eda el list\u00f3n muy alto, \u00bfc\u00f3mo acercarse a lo que hab\u00eda hecho su padre &#8211; Luis sonr\u00ede al pensarlo- descubrir un nuevo continente? As\u00ed que decide reunir una gran biblioteca, quiere que sea la m\u00e1s grande el mundo.<\/p>\n<p>Hab\u00eda heredado la colecci\u00f3n de libros de su padre, Crist\u00f3bal Col\u00f3n ya era mercader de libros, y toma la decisi\u00f3n de comprar todos los libros impresos del mundo. Crea una extensa red de mercaderes por toda Europa, con base en Lyon.<\/p>\n<p>&nbsp;<\/p>\n<p><em><strong>Pero no es solo una magn\u00edfica y extensa biblioteca, es incluso el primer buscador de informaci\u00f3n, un Google antes de Google\u2026<\/strong><\/em><\/p>\n<p>S\u00ed, porque Hernando lo que quiere es no solo poseer una gran colecci\u00f3n, no busca libros raros como har\u00eda un bibli\u00f3filo, su deseo es ordenar, clasificar y extraer todo el saber que contienen todos esos libros.<br \/>\nEs consciente de que Espa\u00f1a es un gran imperio que va a necesitar un saber ordenado al que acudir para la toma de grandes decisiones. Para eso los ordena y clasifica, incluso resume seg\u00fan palabras clave. Quer\u00eda que cualquier pregunta que pudiera formularse en el Imperio espa\u00f1ol pudiera ser contestada a trav\u00e9s de los libros de su biblioteca.<\/p>\n<p>Todo esto se explica en \u201cEl mercader de libros\u201d pero adem\u00e1s <strong>es un thriller hist\u00f3rico<\/strong>. Es una gran aventura del siglo XVI, empieza en Alemania y se mueve por Centro Europa hasta llegar a Espa\u00f1a, Zaragoza incluida y se centra en Sevilla, la gran capital en esa \u00e9poca.<\/p>\n<h2><\/h2>\n<h2>Recomendaciones de un escritor para el confinamiento<\/h2>\n<p>&nbsp;<\/p>\n<p><em><strong>Luis, \u00bfalguna recomendaci\u00f3n de lectura para estos d\u00edas de confinamiento?<\/strong><\/em><\/p>\n<p>Me est\u00e1 gustando mucho la novela<strong> 1793, <\/strong>de <strong>Niklas Natt och Dag,<\/strong> un autor sueco. Muy recomendable, un thriller hist\u00f3rico, pero quiero aclarar que es una novela muy negra, cruel y sombr\u00eda.<\/p>\n<p>Y estoy elaborando tambi\u00e9n desde mi perspectiva de escritor, <strong>un conjunto de consejos para ayudar a los que comienzan a trabajar en casa<\/strong> que se publicar\u00e1.<\/p>\n<blockquote><p>Los escritores estamos acostumbrados a trabajar en casa, lo que para algunos ahora est\u00e1 siendo una novedad, el teletrabajo, a nosotros nos pilla ya entrenados.<\/p><\/blockquote>\n<p>Pienso que hay algunas recomendaciones que pueden ayudar a sobrellevar el trabajo en casa. Por ejemplo, ponerse un horario fijo, vestirse como si fueras a ir a la oficina, hacerte un listado de tareas, tener un lugar fijo de trabajo\u2026 Al final es actuar como si estuvieses en una oficina.<\/p>\n<p>Creo que <strong>el teletrabajo es el futuro<\/strong>, si algo bueno nos puede dejar esta pandemia es tomar conciencia de eso. Adem\u00e1s, a los que vivimos en sitios peque\u00f1os nos ayuda. No tienen por qu\u00e9 tomarse las decisiones importantes en Madrid o en Barcelona, \u00bfpor qu\u00e9 no en una ciudad como Zaragoza? O en un pueblo peque\u00f1o, como el que yo vivo\u2026<\/p>\n<h2><\/h2>\n<h2>\u00abViviendo en un castillo mientras escribo El castillo\u00bb<\/h2>\n<p>&nbsp;<\/p>\n<p><em><strong>Tienes experiencia en vivir en sitios peque\u00f1os y singulares\u2026<\/strong><\/em><\/p>\n<p>Si, y esto va ligado con la historia de restauraci\u00f3n del Castillo de Grisel. Yo estuve viviendo en ese castillo mientras se completaba su acondicionamiento. Mi t\u00edo compr\u00f3 ese castillo hace 30 a\u00f1os cuando era una ruina y lo fue restaurando muy poco a poco. Yo le ayud\u00e9 y en la \u00faltima fase de esa restauraci\u00f3n tuvimos que tomar la decisi\u00f3n de a que destinar\u00edamos el castillo, decidimos que ser\u00eda un <a href=\"https:\/\/castillodegrisel.com\/\" target=\"_blank\" rel=\"noopener\">hotel<\/a>. Las obras se alargaron y yo me traslad\u00e9 a vivir all\u00ed. De hecho, estuve escribiendo mi libro El castillo en el castillo de Grisel.<\/p>\n<figure id=\"attachment_28132\" aria-describedby=\"caption-attachment-28132\" style=\"width: 840px\" class=\"wp-caption aligncenter\"><img loading=\"lazy\" decoding=\"async\" class=\"wp-image-28132 size-large\" src=\"http:\/\/madeinzaragoza.es\/blog\/wp-content\/uploads\/2020\/04\/Luis-Zueco-castillo-de-grisel-848x1024.jpg\" alt=\"\" width=\"840\" height=\"1014\" srcset=\"https:\/\/madeinzaragoza.es\/blog\/wp-content\/uploads\/2020\/04\/Luis-Zueco-castillo-de-grisel-848x1024.jpg 848w, https:\/\/madeinzaragoza.es\/blog\/wp-content\/uploads\/2020\/04\/Luis-Zueco-castillo-de-grisel-248x300.jpg 248w, https:\/\/madeinzaragoza.es\/blog\/wp-content\/uploads\/2020\/04\/Luis-Zueco-castillo-de-grisel-768x928.jpg 768w, https:\/\/madeinzaragoza.es\/blog\/wp-content\/uploads\/2020\/04\/Luis-Zueco-castillo-de-grisel-1200x1449.jpg 1200w, https:\/\/madeinzaragoza.es\/blog\/wp-content\/uploads\/2020\/04\/Luis-Zueco-castillo-de-grisel.jpg 1300w\" sizes=\"(max-width: 709px) 85vw, (max-width: 909px) 67vw, (max-width: 1362px) 62vw, 840px\" \/><figcaption id=\"caption-attachment-28132\" class=\"wp-caption-text\">Luis Zueco y Loarre<\/figcaption><\/figure>\n<p><em><strong>Como si fueras un personaje de una de tus novelas, un escritor en su castillo\u2026 Supongo que cuando esto acabe se retomar\u00e1n los actos de presentaci\u00f3n del libro.<\/strong><\/em><\/p>\n<p>Espero que s\u00ed, hab\u00eda previsto una presentaci\u00f3n internacional en la biblioteca colombina de Sevilla, otra en Zaragoza, nos hab\u00eda costado mucho prepararlo todo\u2026<br \/>\nYa veremos como empieza todo a andar, lo que es cierto es que el mundo del libro es muy sensible, todas las librer\u00edas, grandes y peque\u00f1as, sobre todo las peque\u00f1as, van a sufrir mucho\u2026<\/p>\n<p>Me despido de Luis Zueco, ha sido un breve viaje por la historia a vista de p\u00e1jaro y con vistas al Moncayo nevado. No se me ocurre nada mejor.<\/p>\n<p>Recordad que cuando el confinamiento termine seguiremos necesitando buenas historias. Y si son en libros y los podemos comprar en<strong> peque\u00f1as librer\u00edas de nuestro entorno<\/strong>, mejor.<\/p>\n<p>Ya queda menos.<\/p>\n","protected":false},"excerpt":{"rendered":"<p>Cuando hago esta \u201ctele entrevista\u201d Luis Zueco est\u00e1 en el pueblo de Bulbuente, en el granero de lo que fue la casa del cura. En la pantalla de mi ordenador veo por encima de \u00e9l un techo de vigas de madera, gruesas como m\u00e1stiles, me dice que el suelo es de yeso y que desde &hellip; <a href=\"https:\/\/madeinzaragoza.es\/blog\/luis-zueco-nos-cuenta-que-aprender-del-hombre-medieval-en-tiempo-de-cuarentena\/\" class=\"more-link\">Continuar leyendo<span class=\"screen-reader-text\"> \u00abLuis Zueco: \u00abHab\u00edamos perdido el miedo medieval a las pandemias\u00bb\u00bb<\/span><\/a><\/p>\n","protected":false},"author":66,"featured_media":28130,"comment_status":"open","ping_status":"open","sticky":false,"template":"","format":"standard","meta":{"footnotes":""},"categories":[829],"tags":[],"yoast_head":"<!-- This site is optimized with the Yoast SEO plugin v19.7.2 - https:\/\/yoast.com\/wordpress\/plugins\/seo\/ -->\n<title>Luis Zueco: el hombre medieval y el actual, en una cuarentena<\/title>\n<meta name=\"description\" content=\"Luis Zueco para Made in Zaragoza, \u00bfnos enfrentamos al coronavirus como el hombre medieval a la peste? Consejos de un escritor para el teletrabajo\" \/>\n<meta name=\"robots\" content=\"index, follow, max-snippet:-1, max-image-preview:large, max-video-preview:-1\" \/>\n<link rel=\"canonical\" href=\"http:\/\/madeinzaragoza.es\/blog\/luis-zueco-nos-cuenta-que-aprender-del-hombre-medieval-en-tiempo-de-cuarentena\/\" \/>\n<meta property=\"og:locale\" content=\"es_ES\" \/>\n<meta property=\"og:type\" content=\"article\" \/>\n<meta property=\"og:title\" content=\"Luis Zueco: el hombre medieval y el actual, en una cuarentena\" \/>\n<meta property=\"og:description\" content=\"Luis Zueco para Made in Zaragoza, \u00bfnos enfrentamos al coronavirus como el hombre medieval a la peste? Consejos de un escritor para el teletrabajo\" \/>\n<meta property=\"og:url\" content=\"http:\/\/madeinzaragoza.es\/blog\/luis-zueco-nos-cuenta-que-aprender-del-hombre-medieval-en-tiempo-de-cuarentena\/\" \/>\n<meta property=\"og:site_name\" content=\"Made in Zaragoza\" \/>\n<meta property=\"article:publisher\" content=\"https:\/\/www.facebook.com\/madeinzaragoza.es\/\" \/>\n<meta property=\"article:published_time\" content=\"2020-04-08T07:44:36+00:00\" \/>\n<meta property=\"article:modified_time\" content=\"2020-04-08T15:22:28+00:00\" \/>\n<meta property=\"og:image\" content=\"http:\/\/madeinzaragoza.es\/blog\/wp-content\/uploads\/2020\/04\/Luis-Zueco-libros.jpg\" \/>\n\t<meta property=\"og:image:width\" content=\"3000\" \/>\n\t<meta property=\"og:image:height\" content=\"2000\" \/>\n\t<meta property=\"og:image:type\" content=\"image\/jpeg\" \/>\n<meta name=\"author\" content=\"Cristina Castejon\" \/>\n<meta name=\"twitter:card\" content=\"summary\" \/>\n<meta name=\"twitter:creator\" content=\"@cdecontar\" \/>\n<meta name=\"twitter:site\" content=\"@madeinzaragoza\" \/>\n<meta name=\"twitter:label1\" content=\"Escrito por\" \/>\n\t<meta name=\"twitter:data1\" content=\"Cristina Castejon\" \/>\n\t<meta name=\"twitter:label2\" content=\"Tiempo de lectura\" \/>\n\t<meta name=\"twitter:data2\" content=\"8 minutos\" \/>\n<script type=\"application\/ld+json\" class=\"yoast-schema-graph\">{\"@context\":\"https:\/\/schema.org\",\"@graph\":[{\"@type\":\"Article\",\"@id\":\"http:\/\/madeinzaragoza.es\/blog\/luis-zueco-nos-cuenta-que-aprender-del-hombre-medieval-en-tiempo-de-cuarentena\/#article\",\"isPartOf\":{\"@id\":\"http:\/\/madeinzaragoza.es\/blog\/luis-zueco-nos-cuenta-que-aprender-del-hombre-medieval-en-tiempo-de-cuarentena\/\"},\"author\":{\"name\":\"Cristina Castejon\",\"@id\":\"https:\/\/madeinzaragoza.es\/blog\/#\/schema\/person\/f6a3e33e7bb103b00b0f9321931cc3ea\"},\"headline\":\"Luis Zueco: \u00abHab\u00edamos perdido el miedo medieval a las pandemias\u00bb\",\"datePublished\":\"2020-04-08T07:44:36+00:00\",\"dateModified\":\"2020-04-08T15:22:28+00:00\",\"mainEntityOfPage\":{\"@id\":\"http:\/\/madeinzaragoza.es\/blog\/luis-zueco-nos-cuenta-que-aprender-del-hombre-medieval-en-tiempo-de-cuarentena\/\"},\"wordCount\":1573,\"commentCount\":0,\"publisher\":{\"@id\":\"https:\/\/madeinzaragoza.es\/blog\/#organization\"},\"articleSection\":[\"Cultura\"],\"inLanguage\":\"es\",\"potentialAction\":[{\"@type\":\"CommentAction\",\"name\":\"Comment\",\"target\":[\"http:\/\/madeinzaragoza.es\/blog\/luis-zueco-nos-cuenta-que-aprender-del-hombre-medieval-en-tiempo-de-cuarentena\/#respond\"]}]},{\"@type\":\"WebPage\",\"@id\":\"http:\/\/madeinzaragoza.es\/blog\/luis-zueco-nos-cuenta-que-aprender-del-hombre-medieval-en-tiempo-de-cuarentena\/\",\"url\":\"http:\/\/madeinzaragoza.es\/blog\/luis-zueco-nos-cuenta-que-aprender-del-hombre-medieval-en-tiempo-de-cuarentena\/\",\"name\":\"Luis Zueco: el hombre medieval y el actual, en una cuarentena\",\"isPartOf\":{\"@id\":\"https:\/\/madeinzaragoza.es\/blog\/#website\"},\"datePublished\":\"2020-04-08T07:44:36+00:00\",\"dateModified\":\"2020-04-08T15:22:28+00:00\",\"description\":\"Luis Zueco para Made in Zaragoza, \u00bfnos enfrentamos al coronavirus como el hombre medieval a la peste? Consejos de un escritor para el teletrabajo\",\"breadcrumb\":{\"@id\":\"http:\/\/madeinzaragoza.es\/blog\/luis-zueco-nos-cuenta-que-aprender-del-hombre-medieval-en-tiempo-de-cuarentena\/#breadcrumb\"},\"inLanguage\":\"es\",\"potentialAction\":[{\"@type\":\"ReadAction\",\"target\":[\"http:\/\/madeinzaragoza.es\/blog\/luis-zueco-nos-cuenta-que-aprender-del-hombre-medieval-en-tiempo-de-cuarentena\/\"]}]},{\"@type\":\"BreadcrumbList\",\"@id\":\"http:\/\/madeinzaragoza.es\/blog\/luis-zueco-nos-cuenta-que-aprender-del-hombre-medieval-en-tiempo-de-cuarentena\/#breadcrumb\",\"itemListElement\":[{\"@type\":\"ListItem\",\"position\":1,\"name\":\"Portada\",\"item\":\"https:\/\/madeinzaragoza.es\/blog\/\"},{\"@type\":\"ListItem\",\"position\":2,\"name\":\"Luis Zueco: \u00abHab\u00edamos perdido el miedo medieval a las pandemias\u00bb\"}]},{\"@type\":\"WebSite\",\"@id\":\"https:\/\/madeinzaragoza.es\/blog\/#website\",\"url\":\"https:\/\/madeinzaragoza.es\/blog\/\",\"name\":\"Made in Zaragoza\",\"description\":\"Blog de MadeinZGZ, Red de Econom\u00eda Creativa de Zaragoza\",\"publisher\":{\"@id\":\"https:\/\/madeinzaragoza.es\/blog\/#organization\"},\"potentialAction\":[{\"@type\":\"SearchAction\",\"target\":{\"@type\":\"EntryPoint\",\"urlTemplate\":\"https:\/\/madeinzaragoza.es\/blog\/?s={search_term_string}\"},\"query-input\":\"required name=search_term_string\"}],\"inLanguage\":\"es\"},{\"@type\":\"Organization\",\"@id\":\"https:\/\/madeinzaragoza.es\/blog\/#organization\",\"name\":\"Made In Zaragoza\",\"url\":\"https:\/\/madeinzaragoza.es\/blog\/\",\"sameAs\":[\"https:\/\/www.instagram.com\/madeinzaragoza.es\/\",\"https:\/\/www.facebook.com\/madeinzaragoza.es\/\",\"https:\/\/twitter.com\/madeinzaragoza\"],\"logo\":{\"@type\":\"ImageObject\",\"inLanguage\":\"es\",\"@id\":\"https:\/\/madeinzaragoza.es\/blog\/#\/schema\/logo\/image\/\",\"url\":\"https:\/\/madeinzaragoza.es\/blog\/wp-content\/uploads\/2022\/05\/logo.png\",\"contentUrl\":\"https:\/\/madeinzaragoza.es\/blog\/wp-content\/uploads\/2022\/05\/logo.png\",\"width\":193,\"height\":176,\"caption\":\"Made In Zaragoza\"},\"image\":{\"@id\":\"https:\/\/madeinzaragoza.es\/blog\/#\/schema\/logo\/image\/\"}},{\"@type\":\"Person\",\"@id\":\"https:\/\/madeinzaragoza.es\/blog\/#\/schema\/person\/f6a3e33e7bb103b00b0f9321931cc3ea\",\"name\":\"Cristina Castejon\",\"image\":{\"@type\":\"ImageObject\",\"inLanguage\":\"es\",\"@id\":\"https:\/\/madeinzaragoza.es\/blog\/#\/schema\/person\/image\/\",\"url\":\"https:\/\/secure.gravatar.com\/avatar\/2915f57f02d0a7f564ca0bdd8e3ea1cb?s=96&d=mm&r=g\",\"contentUrl\":\"https:\/\/secure.gravatar.com\/avatar\/2915f57f02d0a7f564ca0bdd8e3ea1cb?s=96&d=mm&r=g\",\"caption\":\"Cristina Castejon\"},\"description\":\"De letras hasta la m\u00e9dula, siempre he pensado que la narrativa es el pastel, no la guinda. Da igual que sea en un libro o una peli, las buenas historias siempre nos enganchan. Escribo para mi blog www.cdecontar.com y para todo aquel que necesite poner alma a su marca o servicio. Me encanta mirar escaparates, contemplar fachadas y descubrir rincones escondidos. Creo que Zaragoza est\u00e1 plagada de buenas historias: ziudadanos curiosos, \u00a1callejeemos para darles caza!\",\"sameAs\":[\"http:\/\/www.cdecontar.com\",\"https:\/\/twitter.com\/cdecontar\"],\"url\":\"https:\/\/madeinzaragoza.es\/blog\/author\/cristina-castejon\/\"}]}<\/script>\n<!-- \/ Yoast SEO plugin. -->","yoast_head_json":{"title":"Luis Zueco: el hombre medieval y el actual, en una cuarentena","description":"Luis Zueco para Made in Zaragoza, \u00bfnos enfrentamos al coronavirus como el hombre medieval a la peste? Consejos de un escritor para el teletrabajo","robots":{"index":"index","follow":"follow","max-snippet":"max-snippet:-1","max-image-preview":"max-image-preview:large","max-video-preview":"max-video-preview:-1"},"canonical":"http:\/\/madeinzaragoza.es\/blog\/luis-zueco-nos-cuenta-que-aprender-del-hombre-medieval-en-tiempo-de-cuarentena\/","og_locale":"es_ES","og_type":"article","og_title":"Luis Zueco: el hombre medieval y el actual, en una cuarentena","og_description":"Luis Zueco para Made in Zaragoza, \u00bfnos enfrentamos al coronavirus como el hombre medieval a la peste? Consejos de un escritor para el teletrabajo","og_url":"http:\/\/madeinzaragoza.es\/blog\/luis-zueco-nos-cuenta-que-aprender-del-hombre-medieval-en-tiempo-de-cuarentena\/","og_site_name":"Made in Zaragoza","article_publisher":"https:\/\/www.facebook.com\/madeinzaragoza.es\/","article_published_time":"2020-04-08T07:44:36+00:00","article_modified_time":"2020-04-08T15:22:28+00:00","og_image":[{"width":3000,"height":2000,"url":"http:\/\/madeinzaragoza.es\/blog\/wp-content\/uploads\/2020\/04\/Luis-Zueco-libros.jpg","type":"image\/jpeg"}],"author":"Cristina Castejon","twitter_card":"summary","twitter_creator":"@cdecontar","twitter_site":"@madeinzaragoza","twitter_misc":{"Escrito por":"Cristina Castejon","Tiempo de lectura":"8 minutos"},"schema":{"@context":"https:\/\/schema.org","@graph":[{"@type":"Article","@id":"http:\/\/madeinzaragoza.es\/blog\/luis-zueco-nos-cuenta-que-aprender-del-hombre-medieval-en-tiempo-de-cuarentena\/#article","isPartOf":{"@id":"http:\/\/madeinzaragoza.es\/blog\/luis-zueco-nos-cuenta-que-aprender-del-hombre-medieval-en-tiempo-de-cuarentena\/"},"author":{"name":"Cristina Castejon","@id":"https:\/\/madeinzaragoza.es\/blog\/#\/schema\/person\/f6a3e33e7bb103b00b0f9321931cc3ea"},"headline":"Luis Zueco: \u00abHab\u00edamos perdido el miedo medieval a las pandemias\u00bb","datePublished":"2020-04-08T07:44:36+00:00","dateModified":"2020-04-08T15:22:28+00:00","mainEntityOfPage":{"@id":"http:\/\/madeinzaragoza.es\/blog\/luis-zueco-nos-cuenta-que-aprender-del-hombre-medieval-en-tiempo-de-cuarentena\/"},"wordCount":1573,"commentCount":0,"publisher":{"@id":"https:\/\/madeinzaragoza.es\/blog\/#organization"},"articleSection":["Cultura"],"inLanguage":"es","potentialAction":[{"@type":"CommentAction","name":"Comment","target":["http:\/\/madeinzaragoza.es\/blog\/luis-zueco-nos-cuenta-que-aprender-del-hombre-medieval-en-tiempo-de-cuarentena\/#respond"]}]},{"@type":"WebPage","@id":"http:\/\/madeinzaragoza.es\/blog\/luis-zueco-nos-cuenta-que-aprender-del-hombre-medieval-en-tiempo-de-cuarentena\/","url":"http:\/\/madeinzaragoza.es\/blog\/luis-zueco-nos-cuenta-que-aprender-del-hombre-medieval-en-tiempo-de-cuarentena\/","name":"Luis Zueco: el hombre medieval y el actual, en una cuarentena","isPartOf":{"@id":"https:\/\/madeinzaragoza.es\/blog\/#website"},"datePublished":"2020-04-08T07:44:36+00:00","dateModified":"2020-04-08T15:22:28+00:00","description":"Luis Zueco para Made in Zaragoza, \u00bfnos enfrentamos al coronavirus como el hombre medieval a la peste? Consejos de un escritor para el teletrabajo","breadcrumb":{"@id":"http:\/\/madeinzaragoza.es\/blog\/luis-zueco-nos-cuenta-que-aprender-del-hombre-medieval-en-tiempo-de-cuarentena\/#breadcrumb"},"inLanguage":"es","potentialAction":[{"@type":"ReadAction","target":["http:\/\/madeinzaragoza.es\/blog\/luis-zueco-nos-cuenta-que-aprender-del-hombre-medieval-en-tiempo-de-cuarentena\/"]}]},{"@type":"BreadcrumbList","@id":"http:\/\/madeinzaragoza.es\/blog\/luis-zueco-nos-cuenta-que-aprender-del-hombre-medieval-en-tiempo-de-cuarentena\/#breadcrumb","itemListElement":[{"@type":"ListItem","position":1,"name":"Portada","item":"https:\/\/madeinzaragoza.es\/blog\/"},{"@type":"ListItem","position":2,"name":"Luis Zueco: \u00abHab\u00edamos perdido el miedo medieval a las pandemias\u00bb"}]},{"@type":"WebSite","@id":"https:\/\/madeinzaragoza.es\/blog\/#website","url":"https:\/\/madeinzaragoza.es\/blog\/","name":"Made in Zaragoza","description":"Blog de MadeinZGZ, Red de Econom\u00eda Creativa de Zaragoza","publisher":{"@id":"https:\/\/madeinzaragoza.es\/blog\/#organization"},"potentialAction":[{"@type":"SearchAction","target":{"@type":"EntryPoint","urlTemplate":"https:\/\/madeinzaragoza.es\/blog\/?s={search_term_string}"},"query-input":"required name=search_term_string"}],"inLanguage":"es"},{"@type":"Organization","@id":"https:\/\/madeinzaragoza.es\/blog\/#organization","name":"Made In Zaragoza","url":"https:\/\/madeinzaragoza.es\/blog\/","sameAs":["https:\/\/www.instagram.com\/madeinzaragoza.es\/","https:\/\/www.facebook.com\/madeinzaragoza.es\/","https:\/\/twitter.com\/madeinzaragoza"],"logo":{"@type":"ImageObject","inLanguage":"es","@id":"https:\/\/madeinzaragoza.es\/blog\/#\/schema\/logo\/image\/","url":"https:\/\/madeinzaragoza.es\/blog\/wp-content\/uploads\/2022\/05\/logo.png","contentUrl":"https:\/\/madeinzaragoza.es\/blog\/wp-content\/uploads\/2022\/05\/logo.png","width":193,"height":176,"caption":"Made In Zaragoza"},"image":{"@id":"https:\/\/madeinzaragoza.es\/blog\/#\/schema\/logo\/image\/"}},{"@type":"Person","@id":"https:\/\/madeinzaragoza.es\/blog\/#\/schema\/person\/f6a3e33e7bb103b00b0f9321931cc3ea","name":"Cristina Castejon","image":{"@type":"ImageObject","inLanguage":"es","@id":"https:\/\/madeinzaragoza.es\/blog\/#\/schema\/person\/image\/","url":"https:\/\/secure.gravatar.com\/avatar\/2915f57f02d0a7f564ca0bdd8e3ea1cb?s=96&d=mm&r=g","contentUrl":"https:\/\/secure.gravatar.com\/avatar\/2915f57f02d0a7f564ca0bdd8e3ea1cb?s=96&d=mm&r=g","caption":"Cristina Castejon"},"description":"De letras hasta la m\u00e9dula, siempre he pensado que la narrativa es el pastel, no la guinda. Da igual que sea en un libro o una peli, las buenas historias siempre nos enganchan. Escribo para mi blog www.cdecontar.com y para todo aquel que necesite poner alma a su marca o servicio. Me encanta mirar escaparates, contemplar fachadas y descubrir rincones escondidos. Creo que Zaragoza est\u00e1 plagada de buenas historias: ziudadanos curiosos, \u00a1callejeemos para darles caza!","sameAs":["http:\/\/www.cdecontar.com","https:\/\/twitter.com\/cdecontar"],"url":"https:\/\/madeinzaragoza.es\/blog\/author\/cristina-castejon\/"}]}},"_links":{"self":[{"href":"https:\/\/madeinzaragoza.es\/blog\/wp-json\/wp\/v2\/posts\/28125"}],"collection":[{"href":"https:\/\/madeinzaragoza.es\/blog\/wp-json\/wp\/v2\/posts"}],"about":[{"href":"https:\/\/madeinzaragoza.es\/blog\/wp-json\/wp\/v2\/types\/post"}],"author":[{"embeddable":true,"href":"https:\/\/madeinzaragoza.es\/blog\/wp-json\/wp\/v2\/users\/66"}],"replies":[{"embeddable":true,"href":"https:\/\/madeinzaragoza.es\/blog\/wp-json\/wp\/v2\/comments?post=28125"}],"version-history":[{"count":9,"href":"https:\/\/madeinzaragoza.es\/blog\/wp-json\/wp\/v2\/posts\/28125\/revisions"}],"predecessor-version":[{"id":28146,"href":"https:\/\/madeinzaragoza.es\/blog\/wp-json\/wp\/v2\/posts\/28125\/revisions\/28146"}],"wp:featuredmedia":[{"embeddable":true,"href":"https:\/\/madeinzaragoza.es\/blog\/wp-json\/wp\/v2\/media\/28130"}],"wp:attachment":[{"href":"https:\/\/madeinzaragoza.es\/blog\/wp-json\/wp\/v2\/media?parent=28125"}],"wp:term":[{"taxonomy":"category","embeddable":true,"href":"https:\/\/madeinzaragoza.es\/blog\/wp-json\/wp\/v2\/categories?post=28125"},{"taxonomy":"post_tag","embeddable":true,"href":"https:\/\/madeinzaragoza.es\/blog\/wp-json\/wp\/v2\/tags?post=28125"}],"curies":[{"name":"wp","href":"https:\/\/api.w.org\/{rel}","templated":true}]}}