{"id":27241,"date":"2020-01-12T19:13:23","date_gmt":"2020-01-12T18:13:23","guid":{"rendered":"http:\/\/madeinzaragoza.es\/blog\/?p=27241"},"modified":"2020-01-12T19:13:23","modified_gmt":"2020-01-12T18:13:23","slug":"cuerpo-y-memoria-magallon-sicilia-en-corner-miz-las-armas","status":"publish","type":"post","link":"https:\/\/madeinzaragoza.es\/blog\/cuerpo-y-memoria-magallon-sicilia-en-corner-miz-las-armas\/","title":{"rendered":"\u00abCuerpo y memoria\u00bb. Magall\u00f3n Sicilia en C\u00f3rner MIZ | Las Armas"},"content":{"rendered":"<h3><strong>C\u00f3rner 2019. Jos\u00e9 Ram\u00f3n Magall\u00f3n Sicilia: \u00abCuerpo y memoria\u00bb<\/strong><\/h3>\n<p>&nbsp;<\/p>\n<p><em><strong>\u00abCuerpo y memoria\u00bb<\/strong><\/em> es el proyecto art\u00edstico que <a href=\"http:\/\/madeinzaragoza.es\/blog\/magallon-sicilia-en-torno-al-vacio\/\"><strong>Jos\u00e9 Ram\u00f3n Magall\u00f3n Sicilia<\/strong><\/a> ha realizado dentro del programa <a href=\"http:\/\/madeinzaragoza.es\/cornermiz\/\"><strong>C\u00f3rner MIZ<\/strong><\/a> de Made in Zaragoza. Un interesante proyecto en torno al concepto de memoria compuesto por tres intervenciones, <a href=\"http:\/\/madeinzaragoza.es\/blog\/cuerpo-y-memoria-magallon-sicilia-en-corner-miz-la-azucarera\/\">dos de ellas<\/a> realizadas en La Azucarera y la tercera presentada aqu\u00ed en el espacio de <strong>C\u00f3rner MIZ | Las Armas<\/strong>.<\/p>\n<p>&nbsp;<\/p>\n<p>Las tres intervenciones est\u00e1n concebidas bajo el mismo desarrollo conceptual en el que el artista nos habla de los conceptos de cuerpo y memoria. &#8216;<em>Cuerpo<\/em>&#8216; para hablar sobre lo f\u00edsico de lo tangible y lo corp\u00f3reo y &#8216;memoria&#8217; para hablar de los recuerdos de lo intangible y lo inmaterial. Dos conceptos que podemos encontrar de forma transversal a lo largo de su producci\u00f3n art\u00edstica.<\/p>\n<p>&nbsp;<\/p>\n<p>Al igual que en las otras dos intervenciones, el objetivo del artista es <strong>reflexionar sobre la memoria<\/strong>, nuestra memoria y c\u00f3mo recordamos los lugares en los que hemos estado. La recomposici\u00f3n del lugar a trav\u00e9s de la memoria de las emociones del artista, c\u00f3mo componemos y re-creamos los lugares a trav\u00e9s de nuestros recuerdos personales, que son \u00fanicos y diferentes en cada persona y la propia memoria f\u00edsica del lugar.<\/p>\n<p>&nbsp;<\/p>\n<p><img loading=\"lazy\" decoding=\"async\" class=\"aligncenter size-full wp-image-27247\" src=\"http:\/\/madeinzaragoza.es\/blog\/wp-content\/uploads\/2019\/12\/JR-MAgallon_miz4.jpg\" alt=\"\" width=\"1200\" height=\"675\" srcset=\"https:\/\/madeinzaragoza.es\/blog\/wp-content\/uploads\/2019\/12\/JR-MAgallon_miz4.jpg 1200w, https:\/\/madeinzaragoza.es\/blog\/wp-content\/uploads\/2019\/12\/JR-MAgallon_miz4-300x169.jpg 300w, https:\/\/madeinzaragoza.es\/blog\/wp-content\/uploads\/2019\/12\/JR-MAgallon_miz4-768x432.jpg 768w, https:\/\/madeinzaragoza.es\/blog\/wp-content\/uploads\/2019\/12\/JR-MAgallon_miz4-1024x576.jpg 1024w\" sizes=\"(max-width: 709px) 85vw, (max-width: 909px) 67vw, (max-width: 1362px) 62vw, 840px\" \/> <img loading=\"lazy\" decoding=\"async\" class=\"aligncenter size-full wp-image-27248\" src=\"http:\/\/madeinzaragoza.es\/blog\/wp-content\/uploads\/2019\/12\/JR-MAgallon_miz5.jpg\" alt=\"\" width=\"1200\" height=\"738\" srcset=\"https:\/\/madeinzaragoza.es\/blog\/wp-content\/uploads\/2019\/12\/JR-MAgallon_miz5.jpg 1200w, https:\/\/madeinzaragoza.es\/blog\/wp-content\/uploads\/2019\/12\/JR-MAgallon_miz5-300x185.jpg 300w, https:\/\/madeinzaragoza.es\/blog\/wp-content\/uploads\/2019\/12\/JR-MAgallon_miz5-768x472.jpg 768w, https:\/\/madeinzaragoza.es\/blog\/wp-content\/uploads\/2019\/12\/JR-MAgallon_miz5-1024x630.jpg 1024w\" sizes=\"(max-width: 709px) 85vw, (max-width: 909px) 67vw, (max-width: 1362px) 62vw, 840px\" \/><\/p>\n<p>&nbsp;<\/p>\n<p>En esta obra, el artista ha creado una <strong>columna estratigr\u00e1fica<\/strong> donde nos presenta por niveles todos los elementos recogidos de un espacio natural frecuentado en sus paseos y donde tambi\u00e9n encontr\u00f3 el <strong>tronco de madera<\/strong> que compone una de las otras dos intervenciones del proyecto. El artista ha ido seleccionando visualmente y recogiendo elementos de inter\u00e9s que estaban junto al tronco y los ha conservado en botes de cristal transparente generando una especie de <strong>inventario documental<\/strong> casi de car\u00e1cter cient\u00edfico.<\/p>\n<p>&nbsp;<\/p>\n<p>En los botes vemos esos elementos que han compartido espacio y han estado en contacto con el tronco: piedras, ramas, ra\u00edces y otros elementos que, junto a las piedras y el tronco de las otras intervenciones, nos ayudan a completar la memoria f\u00edsica del espacio del que nos habla el artista.<\/p>\n<p>&nbsp;<\/p>\n<p><img loading=\"lazy\" decoding=\"async\" class=\"aligncenter size-full wp-image-27242\" src=\"http:\/\/madeinzaragoza.es\/blog\/wp-content\/uploads\/2019\/12\/JR-MAgallon_LA2.jpg\" alt=\"\" width=\"952\" height=\"588\" srcset=\"https:\/\/madeinzaragoza.es\/blog\/wp-content\/uploads\/2019\/12\/JR-MAgallon_LA2.jpg 952w, https:\/\/madeinzaragoza.es\/blog\/wp-content\/uploads\/2019\/12\/JR-MAgallon_LA2-300x185.jpg 300w, https:\/\/madeinzaragoza.es\/blog\/wp-content\/uploads\/2019\/12\/JR-MAgallon_LA2-768x474.jpg 768w\" sizes=\"(max-width: 709px) 85vw, (max-width: 909px) 67vw, (max-width: 1362px) 62vw, 840px\" \/><\/p>\n<p>&nbsp;<\/p>\n<p>A continuaci\u00f3n pod\u00e9is ver el v\u00eddeo que recoge el proceso creativo del artista en la realizaci\u00f3n de las tres intervenciones que ha desarrollado bajo el t\u00edtulo de <em><strong>\u00abCuerpo y memoria\u00bb<\/strong><\/em> y una serie de fotograf\u00edas de la intervenci\u00f3n en <strong>Las Armas<\/strong>.<\/p>\n<p>&nbsp;<\/p>\n<p>https:\/\/www.facebook.com\/ZaragozaActiva\/videos\/2491289217749813\/<\/p>\n<p>&nbsp;<\/p>\n<p><img loading=\"lazy\" decoding=\"async\" class=\"aligncenter size-full wp-image-27246\" src=\"http:\/\/madeinzaragoza.es\/blog\/wp-content\/uploads\/2019\/12\/JR-MAgallon_miz3.jpg\" alt=\"\" width=\"1200\" height=\"675\" srcset=\"https:\/\/madeinzaragoza.es\/blog\/wp-content\/uploads\/2019\/12\/JR-MAgallon_miz3.jpg 1200w, https:\/\/madeinzaragoza.es\/blog\/wp-content\/uploads\/2019\/12\/JR-MAgallon_miz3-300x169.jpg 300w, https:\/\/madeinzaragoza.es\/blog\/wp-content\/uploads\/2019\/12\/JR-MAgallon_miz3-768x432.jpg 768w, https:\/\/madeinzaragoza.es\/blog\/wp-content\/uploads\/2019\/12\/JR-MAgallon_miz3-1024x576.jpg 1024w\" sizes=\"(max-width: 709px) 85vw, (max-width: 909px) 67vw, (max-width: 1362px) 62vw, 840px\" \/><\/p>\n<p><img loading=\"lazy\" decoding=\"async\" class=\"aligncenter size-full wp-image-27245\" src=\"http:\/\/madeinzaragoza.es\/blog\/wp-content\/uploads\/2019\/12\/JR-MAgallon_miz2.jpg\" alt=\"\" width=\"1200\" height=\"742\" srcset=\"https:\/\/madeinzaragoza.es\/blog\/wp-content\/uploads\/2019\/12\/JR-MAgallon_miz2.jpg 1200w, https:\/\/madeinzaragoza.es\/blog\/wp-content\/uploads\/2019\/12\/JR-MAgallon_miz2-300x186.jpg 300w, https:\/\/madeinzaragoza.es\/blog\/wp-content\/uploads\/2019\/12\/JR-MAgallon_miz2-768x475.jpg 768w, https:\/\/madeinzaragoza.es\/blog\/wp-content\/uploads\/2019\/12\/JR-MAgallon_miz2-1024x633.jpg 1024w\" sizes=\"(max-width: 709px) 85vw, (max-width: 909px) 67vw, (max-width: 1362px) 62vw, 840px\" \/><\/p>\n<p><img loading=\"lazy\" decoding=\"async\" class=\"aligncenter size-full wp-image-27249\" src=\"http:\/\/madeinzaragoza.es\/blog\/wp-content\/uploads\/2019\/12\/JR-MAgallon_miz1.jpg\" alt=\"\" width=\"1200\" height=\"741\" srcset=\"https:\/\/madeinzaragoza.es\/blog\/wp-content\/uploads\/2019\/12\/JR-MAgallon_miz1.jpg 1200w, https:\/\/madeinzaragoza.es\/blog\/wp-content\/uploads\/2019\/12\/JR-MAgallon_miz1-300x185.jpg 300w, https:\/\/madeinzaragoza.es\/blog\/wp-content\/uploads\/2019\/12\/JR-MAgallon_miz1-768x474.jpg 768w, https:\/\/madeinzaragoza.es\/blog\/wp-content\/uploads\/2019\/12\/JR-MAgallon_miz1-1024x632.jpg 1024w\" sizes=\"(max-width: 709px) 85vw, (max-width: 909px) 67vw, (max-width: 1362px) 62vw, 840px\" \/><\/p>\n<p>&nbsp;<\/p>\n<p>La intervenci\u00f3n de Jos\u00e9 Ram\u00f3n Magall\u00f3n Sicilia puede verse en el espacio <strong>C\u00f3rner MIZ | Las Armas<\/strong> hasta el 31 de enero de 2020 y con ella acaba el programa <strong>C\u00f3rner MIZ<\/strong> en el centro de Zaragoza Activa en Las Armas manteni\u00e9ndose \u00fanicamente en La Azucarera.<\/p>\n","protected":false},"excerpt":{"rendered":"<p>C\u00f3rner 2019. Jos\u00e9 Ram\u00f3n Magall\u00f3n Sicilia: \u00abCuerpo y memoria\u00bb &nbsp; \u00abCuerpo y memoria\u00bb es el proyecto art\u00edstico que Jos\u00e9 Ram\u00f3n Magall\u00f3n Sicilia ha realizado dentro del programa C\u00f3rner MIZ de Made in Zaragoza. Un interesante proyecto en torno al concepto de memoria compuesto por tres intervenciones, dos de ellas realizadas en La Azucarera y la &hellip; <a href=\"https:\/\/madeinzaragoza.es\/blog\/cuerpo-y-memoria-magallon-sicilia-en-corner-miz-las-armas\/\" class=\"more-link\">Continuar leyendo<span class=\"screen-reader-text\"> \u00ab\u00abCuerpo y memoria\u00bb. Magall\u00f3n Sicilia en C\u00f3rner MIZ | Las Armas\u00bb<\/span><\/a><\/p>\n","protected":false},"author":36,"featured_media":27243,"comment_status":"open","ping_status":"open","sticky":false,"template":"","format":"standard","meta":{"footnotes":""},"categories":[831],"tags":[834,1817,2098],"yoast_head":"<!-- This site is optimized with the Yoast SEO plugin v19.7.2 - https:\/\/yoast.com\/wordpress\/plugins\/seo\/ -->\n<title>&quot;Cuerpo y memoria&quot;. Magall\u00f3n Sicilia en C\u00f3rner MIZ | Las Armas - Made in Zaragoza<\/title>\n<meta name=\"robots\" content=\"index, follow, max-snippet:-1, max-image-preview:large, max-video-preview:-1\" \/>\n<link rel=\"canonical\" href=\"https:\/\/madeinzaragoza.es\/blog\/cuerpo-y-memoria-magallon-sicilia-en-corner-miz-las-armas\/\" \/>\n<meta property=\"og:locale\" content=\"es_ES\" \/>\n<meta property=\"og:type\" content=\"article\" \/>\n<meta property=\"og:title\" content=\"&quot;Cuerpo y memoria&quot;. Magall\u00f3n Sicilia en C\u00f3rner MIZ | Las Armas - Made in Zaragoza\" \/>\n<meta property=\"og:description\" content=\"C\u00f3rner 2019. Jos\u00e9 Ram\u00f3n Magall\u00f3n Sicilia: \u00abCuerpo y memoria\u00bb &nbsp; \u00abCuerpo y memoria\u00bb es el proyecto art\u00edstico que Jos\u00e9 Ram\u00f3n Magall\u00f3n Sicilia ha realizado dentro del programa C\u00f3rner MIZ de Made in Zaragoza. Un interesante proyecto en torno al concepto de memoria compuesto por tres intervenciones, dos de ellas realizadas en La Azucarera y la &hellip; Continuar leyendo &quot;\u00abCuerpo y memoria\u00bb. Magall\u00f3n Sicilia en C\u00f3rner MIZ | Las Armas&quot;\" \/>\n<meta property=\"og:url\" content=\"https:\/\/madeinzaragoza.es\/blog\/cuerpo-y-memoria-magallon-sicilia-en-corner-miz-las-armas\/\" \/>\n<meta property=\"og:site_name\" content=\"Made in Zaragoza\" \/>\n<meta property=\"article:publisher\" content=\"https:\/\/www.facebook.com\/madeinzaragoza.es\/\" \/>\n<meta property=\"article:author\" content=\"zarayorkers\" \/>\n<meta property=\"article:published_time\" content=\"2020-01-12T18:13:23+00:00\" \/>\n<meta property=\"og:image\" content=\"https:\/\/madeinzaragoza.es\/blog\/wp-content\/uploads\/2019\/12\/JR-MAgallon_LA3.jpg\" \/>\n\t<meta property=\"og:image:width\" content=\"952\" \/>\n\t<meta property=\"og:image:height\" content=\"588\" \/>\n\t<meta property=\"og:image:type\" content=\"image\/jpeg\" \/>\n<meta name=\"author\" content=\"Sergio Sevilla\" \/>\n<meta name=\"twitter:card\" content=\"summary\" \/>\n<meta name=\"twitter:creator\" content=\"@madeinzaragoza\" \/>\n<meta name=\"twitter:site\" content=\"@madeinzaragoza\" \/>\n<meta name=\"twitter:label1\" content=\"Escrito por\" \/>\n\t<meta name=\"twitter:data1\" content=\"Sergio Sevilla\" \/>\n\t<meta name=\"twitter:label2\" content=\"Tiempo de lectura\" \/>\n\t<meta name=\"twitter:data2\" content=\"2 minutos\" \/>\n<script type=\"application\/ld+json\" class=\"yoast-schema-graph\">{\"@context\":\"https:\/\/schema.org\",\"@graph\":[{\"@type\":\"Article\",\"@id\":\"https:\/\/madeinzaragoza.es\/blog\/cuerpo-y-memoria-magallon-sicilia-en-corner-miz-las-armas\/#article\",\"isPartOf\":{\"@id\":\"https:\/\/madeinzaragoza.es\/blog\/cuerpo-y-memoria-magallon-sicilia-en-corner-miz-las-armas\/\"},\"author\":{\"name\":\"Sergio Sevilla\",\"@id\":\"https:\/\/madeinzaragoza.es\/blog\/#\/schema\/person\/fd836a8fe1177b6200bc8deffc3ad342\"},\"headline\":\"\u00abCuerpo y memoria\u00bb. Magall\u00f3n Sicilia en C\u00f3rner MIZ | Las Armas\",\"datePublished\":\"2020-01-12T18:13:23+00:00\",\"dateModified\":\"2020-01-12T18:13:23+00:00\",\"mainEntityOfPage\":{\"@id\":\"https:\/\/madeinzaragoza.es\/blog\/cuerpo-y-memoria-magallon-sicilia-en-corner-miz-las-armas\/\"},\"wordCount\":481,\"commentCount\":0,\"publisher\":{\"@id\":\"https:\/\/madeinzaragoza.es\/blog\/#organization\"},\"keywords\":[\"Corner MIZ\",\"C\u00f3rner MIZ Las Armas\",\"Jos\u00e9 Ram\u00f3n Magall\u00f3n Sicilia\"],\"articleSection\":[\"CornerMIZ\"],\"inLanguage\":\"es\",\"potentialAction\":[{\"@type\":\"CommentAction\",\"name\":\"Comment\",\"target\":[\"https:\/\/madeinzaragoza.es\/blog\/cuerpo-y-memoria-magallon-sicilia-en-corner-miz-las-armas\/#respond\"]}]},{\"@type\":\"WebPage\",\"@id\":\"https:\/\/madeinzaragoza.es\/blog\/cuerpo-y-memoria-magallon-sicilia-en-corner-miz-las-armas\/\",\"url\":\"https:\/\/madeinzaragoza.es\/blog\/cuerpo-y-memoria-magallon-sicilia-en-corner-miz-las-armas\/\",\"name\":\"\\\"Cuerpo y memoria\\\". Magall\u00f3n Sicilia en C\u00f3rner MIZ | Las Armas - Made in Zaragoza\",\"isPartOf\":{\"@id\":\"https:\/\/madeinzaragoza.es\/blog\/#website\"},\"datePublished\":\"2020-01-12T18:13:23+00:00\",\"dateModified\":\"2020-01-12T18:13:23+00:00\",\"breadcrumb\":{\"@id\":\"https:\/\/madeinzaragoza.es\/blog\/cuerpo-y-memoria-magallon-sicilia-en-corner-miz-las-armas\/#breadcrumb\"},\"inLanguage\":\"es\",\"potentialAction\":[{\"@type\":\"ReadAction\",\"target\":[\"https:\/\/madeinzaragoza.es\/blog\/cuerpo-y-memoria-magallon-sicilia-en-corner-miz-las-armas\/\"]}]},{\"@type\":\"BreadcrumbList\",\"@id\":\"https:\/\/madeinzaragoza.es\/blog\/cuerpo-y-memoria-magallon-sicilia-en-corner-miz-las-armas\/#breadcrumb\",\"itemListElement\":[{\"@type\":\"ListItem\",\"position\":1,\"name\":\"Portada\",\"item\":\"https:\/\/madeinzaragoza.es\/blog\/\"},{\"@type\":\"ListItem\",\"position\":2,\"name\":\"\u00abCuerpo y memoria\u00bb. Magall\u00f3n Sicilia en C\u00f3rner MIZ | Las Armas\"}]},{\"@type\":\"WebSite\",\"@id\":\"https:\/\/madeinzaragoza.es\/blog\/#website\",\"url\":\"https:\/\/madeinzaragoza.es\/blog\/\",\"name\":\"Made in Zaragoza\",\"description\":\"Blog de MadeinZGZ, Red de Econom\u00eda Creativa de Zaragoza\",\"publisher\":{\"@id\":\"https:\/\/madeinzaragoza.es\/blog\/#organization\"},\"potentialAction\":[{\"@type\":\"SearchAction\",\"target\":{\"@type\":\"EntryPoint\",\"urlTemplate\":\"https:\/\/madeinzaragoza.es\/blog\/?s={search_term_string}\"},\"query-input\":\"required name=search_term_string\"}],\"inLanguage\":\"es\"},{\"@type\":\"Organization\",\"@id\":\"https:\/\/madeinzaragoza.es\/blog\/#organization\",\"name\":\"Made In Zaragoza\",\"url\":\"https:\/\/madeinzaragoza.es\/blog\/\",\"sameAs\":[\"https:\/\/www.instagram.com\/madeinzaragoza.es\/\",\"https:\/\/www.facebook.com\/madeinzaragoza.es\/\",\"https:\/\/twitter.com\/madeinzaragoza\"],\"logo\":{\"@type\":\"ImageObject\",\"inLanguage\":\"es\",\"@id\":\"https:\/\/madeinzaragoza.es\/blog\/#\/schema\/logo\/image\/\",\"url\":\"https:\/\/madeinzaragoza.es\/blog\/wp-content\/uploads\/2022\/05\/logo.png\",\"contentUrl\":\"https:\/\/madeinzaragoza.es\/blog\/wp-content\/uploads\/2022\/05\/logo.png\",\"width\":193,\"height\":176,\"caption\":\"Made In Zaragoza\"},\"image\":{\"@id\":\"https:\/\/madeinzaragoza.es\/blog\/#\/schema\/logo\/image\/\"}},{\"@type\":\"Person\",\"@id\":\"https:\/\/madeinzaragoza.es\/blog\/#\/schema\/person\/fd836a8fe1177b6200bc8deffc3ad342\",\"name\":\"Sergio Sevilla\",\"image\":{\"@type\":\"ImageObject\",\"inLanguage\":\"es\",\"@id\":\"https:\/\/madeinzaragoza.es\/blog\/#\/schema\/person\/image\/\",\"url\":\"https:\/\/secure.gravatar.com\/avatar\/4a59e3901b7e749c4e3750c4fd5d0b43?s=96&d=mm&r=g\",\"contentUrl\":\"https:\/\/secure.gravatar.com\/avatar\/4a59e3901b7e749c4e3750c4fd5d0b43?s=96&d=mm&r=g\",\"caption\":\"Sergio Sevilla\"},\"description\":\"Gesti\u00f3n e Innovaci\u00f3n cultural (I+C) Mi trabajo se basa en la b\u00fasqueda de conexiones culturales en espacios de tr\u00e1nsito. Soy director y programador de proyectos culturales. He coordinado el espacio C\u00f3rner MIZ de Made in Zaragoza y, en la actualidad, me dedico a investigar, documentar y poner en valor el muralismo cer\u00e1mico de los a\u00f1os 60, 70 y 80 de Zaragoza y su relaci\u00f3n con los entornos arquitect\u00f3nicos y decorativos de la \u00e9poca. Descubre el perfil de @ZaragozaModerna en Instagram. Take a walk on the Art side.\",\"sameAs\":[\"zarayorkers\",\"@zaragozamoderna\",\"\/sergiosevillatabernero\"],\"url\":\"https:\/\/madeinzaragoza.es\/blog\/author\/sergiosevilla\/\"}]}<\/script>\n<!-- \/ Yoast SEO plugin. -->","yoast_head_json":{"title":"\"Cuerpo y memoria\". Magall\u00f3n Sicilia en C\u00f3rner MIZ | Las Armas - Made in Zaragoza","robots":{"index":"index","follow":"follow","max-snippet":"max-snippet:-1","max-image-preview":"max-image-preview:large","max-video-preview":"max-video-preview:-1"},"canonical":"https:\/\/madeinzaragoza.es\/blog\/cuerpo-y-memoria-magallon-sicilia-en-corner-miz-las-armas\/","og_locale":"es_ES","og_type":"article","og_title":"\"Cuerpo y memoria\". Magall\u00f3n Sicilia en C\u00f3rner MIZ | Las Armas - Made in Zaragoza","og_description":"C\u00f3rner 2019. Jos\u00e9 Ram\u00f3n Magall\u00f3n Sicilia: \u00abCuerpo y memoria\u00bb &nbsp; \u00abCuerpo y memoria\u00bb es el proyecto art\u00edstico que Jos\u00e9 Ram\u00f3n Magall\u00f3n Sicilia ha realizado dentro del programa C\u00f3rner MIZ de Made in Zaragoza. Un interesante proyecto en torno al concepto de memoria compuesto por tres intervenciones, dos de ellas realizadas en La Azucarera y la &hellip; Continuar leyendo \"\u00abCuerpo y memoria\u00bb. Magall\u00f3n Sicilia en C\u00f3rner MIZ | Las Armas\"","og_url":"https:\/\/madeinzaragoza.es\/blog\/cuerpo-y-memoria-magallon-sicilia-en-corner-miz-las-armas\/","og_site_name":"Made in Zaragoza","article_publisher":"https:\/\/www.facebook.com\/madeinzaragoza.es\/","article_author":"zarayorkers","article_published_time":"2020-01-12T18:13:23+00:00","og_image":[{"width":952,"height":588,"url":"https:\/\/madeinzaragoza.es\/blog\/wp-content\/uploads\/2019\/12\/JR-MAgallon_LA3.jpg","type":"image\/jpeg"}],"author":"Sergio Sevilla","twitter_card":"summary","twitter_creator":"@madeinzaragoza","twitter_site":"@madeinzaragoza","twitter_misc":{"Escrito por":"Sergio Sevilla","Tiempo de lectura":"2 minutos"},"schema":{"@context":"https:\/\/schema.org","@graph":[{"@type":"Article","@id":"https:\/\/madeinzaragoza.es\/blog\/cuerpo-y-memoria-magallon-sicilia-en-corner-miz-las-armas\/#article","isPartOf":{"@id":"https:\/\/madeinzaragoza.es\/blog\/cuerpo-y-memoria-magallon-sicilia-en-corner-miz-las-armas\/"},"author":{"name":"Sergio Sevilla","@id":"https:\/\/madeinzaragoza.es\/blog\/#\/schema\/person\/fd836a8fe1177b6200bc8deffc3ad342"},"headline":"\u00abCuerpo y memoria\u00bb. Magall\u00f3n Sicilia en C\u00f3rner MIZ | Las Armas","datePublished":"2020-01-12T18:13:23+00:00","dateModified":"2020-01-12T18:13:23+00:00","mainEntityOfPage":{"@id":"https:\/\/madeinzaragoza.es\/blog\/cuerpo-y-memoria-magallon-sicilia-en-corner-miz-las-armas\/"},"wordCount":481,"commentCount":0,"publisher":{"@id":"https:\/\/madeinzaragoza.es\/blog\/#organization"},"keywords":["Corner MIZ","C\u00f3rner MIZ Las Armas","Jos\u00e9 Ram\u00f3n Magall\u00f3n Sicilia"],"articleSection":["CornerMIZ"],"inLanguage":"es","potentialAction":[{"@type":"CommentAction","name":"Comment","target":["https:\/\/madeinzaragoza.es\/blog\/cuerpo-y-memoria-magallon-sicilia-en-corner-miz-las-armas\/#respond"]}]},{"@type":"WebPage","@id":"https:\/\/madeinzaragoza.es\/blog\/cuerpo-y-memoria-magallon-sicilia-en-corner-miz-las-armas\/","url":"https:\/\/madeinzaragoza.es\/blog\/cuerpo-y-memoria-magallon-sicilia-en-corner-miz-las-armas\/","name":"\"Cuerpo y memoria\". Magall\u00f3n Sicilia en C\u00f3rner MIZ | Las Armas - Made in Zaragoza","isPartOf":{"@id":"https:\/\/madeinzaragoza.es\/blog\/#website"},"datePublished":"2020-01-12T18:13:23+00:00","dateModified":"2020-01-12T18:13:23+00:00","breadcrumb":{"@id":"https:\/\/madeinzaragoza.es\/blog\/cuerpo-y-memoria-magallon-sicilia-en-corner-miz-las-armas\/#breadcrumb"},"inLanguage":"es","potentialAction":[{"@type":"ReadAction","target":["https:\/\/madeinzaragoza.es\/blog\/cuerpo-y-memoria-magallon-sicilia-en-corner-miz-las-armas\/"]}]},{"@type":"BreadcrumbList","@id":"https:\/\/madeinzaragoza.es\/blog\/cuerpo-y-memoria-magallon-sicilia-en-corner-miz-las-armas\/#breadcrumb","itemListElement":[{"@type":"ListItem","position":1,"name":"Portada","item":"https:\/\/madeinzaragoza.es\/blog\/"},{"@type":"ListItem","position":2,"name":"\u00abCuerpo y memoria\u00bb. Magall\u00f3n Sicilia en C\u00f3rner MIZ | Las Armas"}]},{"@type":"WebSite","@id":"https:\/\/madeinzaragoza.es\/blog\/#website","url":"https:\/\/madeinzaragoza.es\/blog\/","name":"Made in Zaragoza","description":"Blog de MadeinZGZ, Red de Econom\u00eda Creativa de Zaragoza","publisher":{"@id":"https:\/\/madeinzaragoza.es\/blog\/#organization"},"potentialAction":[{"@type":"SearchAction","target":{"@type":"EntryPoint","urlTemplate":"https:\/\/madeinzaragoza.es\/blog\/?s={search_term_string}"},"query-input":"required name=search_term_string"}],"inLanguage":"es"},{"@type":"Organization","@id":"https:\/\/madeinzaragoza.es\/blog\/#organization","name":"Made In Zaragoza","url":"https:\/\/madeinzaragoza.es\/blog\/","sameAs":["https:\/\/www.instagram.com\/madeinzaragoza.es\/","https:\/\/www.facebook.com\/madeinzaragoza.es\/","https:\/\/twitter.com\/madeinzaragoza"],"logo":{"@type":"ImageObject","inLanguage":"es","@id":"https:\/\/madeinzaragoza.es\/blog\/#\/schema\/logo\/image\/","url":"https:\/\/madeinzaragoza.es\/blog\/wp-content\/uploads\/2022\/05\/logo.png","contentUrl":"https:\/\/madeinzaragoza.es\/blog\/wp-content\/uploads\/2022\/05\/logo.png","width":193,"height":176,"caption":"Made In Zaragoza"},"image":{"@id":"https:\/\/madeinzaragoza.es\/blog\/#\/schema\/logo\/image\/"}},{"@type":"Person","@id":"https:\/\/madeinzaragoza.es\/blog\/#\/schema\/person\/fd836a8fe1177b6200bc8deffc3ad342","name":"Sergio Sevilla","image":{"@type":"ImageObject","inLanguage":"es","@id":"https:\/\/madeinzaragoza.es\/blog\/#\/schema\/person\/image\/","url":"https:\/\/secure.gravatar.com\/avatar\/4a59e3901b7e749c4e3750c4fd5d0b43?s=96&d=mm&r=g","contentUrl":"https:\/\/secure.gravatar.com\/avatar\/4a59e3901b7e749c4e3750c4fd5d0b43?s=96&d=mm&r=g","caption":"Sergio Sevilla"},"description":"Gesti\u00f3n e Innovaci\u00f3n cultural (I+C) Mi trabajo se basa en la b\u00fasqueda de conexiones culturales en espacios de tr\u00e1nsito. Soy director y programador de proyectos culturales. He coordinado el espacio C\u00f3rner MIZ de Made in Zaragoza y, en la actualidad, me dedico a investigar, documentar y poner en valor el muralismo cer\u00e1mico de los a\u00f1os 60, 70 y 80 de Zaragoza y su relaci\u00f3n con los entornos arquitect\u00f3nicos y decorativos de la \u00e9poca. Descubre el perfil de @ZaragozaModerna en Instagram. Take a walk on the Art side.","sameAs":["zarayorkers","@zaragozamoderna","\/sergiosevillatabernero"],"url":"https:\/\/madeinzaragoza.es\/blog\/author\/sergiosevilla\/"}]}},"_links":{"self":[{"href":"https:\/\/madeinzaragoza.es\/blog\/wp-json\/wp\/v2\/posts\/27241"}],"collection":[{"href":"https:\/\/madeinzaragoza.es\/blog\/wp-json\/wp\/v2\/posts"}],"about":[{"href":"https:\/\/madeinzaragoza.es\/blog\/wp-json\/wp\/v2\/types\/post"}],"author":[{"embeddable":true,"href":"https:\/\/madeinzaragoza.es\/blog\/wp-json\/wp\/v2\/users\/36"}],"replies":[{"embeddable":true,"href":"https:\/\/madeinzaragoza.es\/blog\/wp-json\/wp\/v2\/comments?post=27241"}],"version-history":[{"count":4,"href":"https:\/\/madeinzaragoza.es\/blog\/wp-json\/wp\/v2\/posts\/27241\/revisions"}],"predecessor-version":[{"id":27290,"href":"https:\/\/madeinzaragoza.es\/blog\/wp-json\/wp\/v2\/posts\/27241\/revisions\/27290"}],"wp:featuredmedia":[{"embeddable":true,"href":"https:\/\/madeinzaragoza.es\/blog\/wp-json\/wp\/v2\/media\/27243"}],"wp:attachment":[{"href":"https:\/\/madeinzaragoza.es\/blog\/wp-json\/wp\/v2\/media?parent=27241"}],"wp:term":[{"taxonomy":"category","embeddable":true,"href":"https:\/\/madeinzaragoza.es\/blog\/wp-json\/wp\/v2\/categories?post=27241"},{"taxonomy":"post_tag","embeddable":true,"href":"https:\/\/madeinzaragoza.es\/blog\/wp-json\/wp\/v2\/tags?post=27241"}],"curies":[{"name":"wp","href":"https:\/\/api.w.org\/{rel}","templated":true}]}}