{"id":27125,"date":"2019-12-29T17:17:43","date_gmt":"2019-12-29T16:17:43","guid":{"rendered":"http:\/\/madeinzaragoza.es\/blog\/?p=27125"},"modified":"2019-12-29T17:17:43","modified_gmt":"2019-12-29T16:17:43","slug":"cuerpo-y-memoria-magallon-sicilia-en-corner-miz-la-azucarera","status":"publish","type":"post","link":"https:\/\/madeinzaragoza.es\/blog\/cuerpo-y-memoria-magallon-sicilia-en-corner-miz-la-azucarera\/","title":{"rendered":"\u00abCuerpo y memoria\u00bb. Magall\u00f3n Sicilia en C\u00f3rner MIZ | La Azucarera"},"content":{"rendered":"<h5><strong>C\u00f3rner 2019. Jos\u00e9 Ram\u00f3n Magall\u00f3n Sicilia: \u00abCuerpo y memoria\u00bb<\/strong><\/h5>\n<p>&nbsp;<\/p>\n<p><strong>Jos\u00e9 Ram\u00f3n Magall\u00f3n Sicilia<\/strong> es un artista visual que, como vimos <a href=\"http:\/\/madeinzaragoza.es\/blog\/magallon-sicilia-en-torno-al-vacio\/\">en su presentaci\u00f3n<\/a>, le gusta trabajar en los l\u00edmites transfronterizos entre los lenguajes abstractos\u00a0 geom\u00e9tricos y l\u00edricos y entre la propia abstracci\u00f3n y la figuraci\u00f3n. Para <a href=\"http:\/\/madeinzaragoza.es\/cornermiz\/\">C\u00f3rner MIZ<\/a> ha creado una obra compuesta por tres intervenciones (dos en La Azucarera y una en Las Armas), en las que, bajo el t\u00edtulo de <strong>\u00abCuerpo y memoria\u00bb<\/strong> reflexiona sobre la memoria y el recuerdo.<\/p>\n<p>&nbsp;<\/p>\n<p><img loading=\"lazy\" decoding=\"async\" class=\"aligncenter size-full wp-image-27129\" src=\"http:\/\/madeinzaragoza.es\/blog\/wp-content\/uploads\/2019\/12\/magallon-sicilia-4.jpg\" alt=\"\" width=\"1200\" height=\"900\" srcset=\"https:\/\/madeinzaragoza.es\/blog\/wp-content\/uploads\/2019\/12\/magallon-sicilia-4.jpg 1200w, https:\/\/madeinzaragoza.es\/blog\/wp-content\/uploads\/2019\/12\/magallon-sicilia-4-300x225.jpg 300w, https:\/\/madeinzaragoza.es\/blog\/wp-content\/uploads\/2019\/12\/magallon-sicilia-4-768x576.jpg 768w, https:\/\/madeinzaragoza.es\/blog\/wp-content\/uploads\/2019\/12\/magallon-sicilia-4-1024x768.jpg 1024w\" sizes=\"(max-width: 709px) 85vw, (max-width: 909px) 67vw, (max-width: 1362px) 62vw, 840px\" \/> <img loading=\"lazy\" decoding=\"async\" class=\"aligncenter size-full wp-image-27127\" src=\"http:\/\/madeinzaragoza.es\/blog\/wp-content\/uploads\/2019\/12\/magallon-sicilia-2.jpg\" alt=\"\" width=\"1200\" height=\"900\" srcset=\"https:\/\/madeinzaragoza.es\/blog\/wp-content\/uploads\/2019\/12\/magallon-sicilia-2.jpg 1200w, https:\/\/madeinzaragoza.es\/blog\/wp-content\/uploads\/2019\/12\/magallon-sicilia-2-300x225.jpg 300w, https:\/\/madeinzaragoza.es\/blog\/wp-content\/uploads\/2019\/12\/magallon-sicilia-2-768x576.jpg 768w, https:\/\/madeinzaragoza.es\/blog\/wp-content\/uploads\/2019\/12\/magallon-sicilia-2-1024x768.jpg 1024w\" sizes=\"(max-width: 709px) 85vw, (max-width: 909px) 67vw, (max-width: 1362px) 62vw, 840px\" \/><\/p>\n<p>Jos\u00e9 Ram\u00f3n Magall\u00f3n ha creado una obra formada global, \u00abCuerpo y memoria\u00bb, compuesta por tres intervenciones individuales. Dos de ellas, las presenta en <strong>C\u00f3rner MIZ | La Azucarera<\/strong> y la tercera, que veremos en la siguiente publicaci\u00f3n, la presenta en <strong>C\u00f3rner MIZ | Las Armas<\/strong>. Las tres piezas tienen una g\u00e9nesis comun: los paseos por el campo y por los espacios naturales que el artista realiza, donde encuentra las piezas que conforman las obras y, sobre todo, la <strong>recomposici\u00f3n<\/strong> de los lugares <strong>a trav\u00e9s de la memoria personal y la memoria emocional<\/strong>.<\/p>\n<p>&nbsp;<\/p>\n<p>El objetivo del artista es <strong>reflexionar sobre la memoria<\/strong>, nuestra memoria y c\u00f3mo recordamos los lugares en los que hemos estado. La recomposici\u00f3n del lugar a trav\u00e9s de la memoria de las emociones del artista, c\u00f3mo componemos y re-creamos los lugares a trav\u00e9s de nuestros recuerdos personales, que son \u00fanicos y diferentes en cada persona y la propia memoria f\u00edsica del lugar.<\/p>\n<p>&nbsp;<\/p>\n<p><img loading=\"lazy\" decoding=\"async\" class=\"aligncenter size-full wp-image-27130\" src=\"http:\/\/madeinzaragoza.es\/blog\/wp-content\/uploads\/2019\/12\/magallon-sicilia-5.jpg\" alt=\"\" width=\"1200\" height=\"900\" srcset=\"https:\/\/madeinzaragoza.es\/blog\/wp-content\/uploads\/2019\/12\/magallon-sicilia-5.jpg 1200w, https:\/\/madeinzaragoza.es\/blog\/wp-content\/uploads\/2019\/12\/magallon-sicilia-5-300x225.jpg 300w, https:\/\/madeinzaragoza.es\/blog\/wp-content\/uploads\/2019\/12\/magallon-sicilia-5-768x576.jpg 768w, https:\/\/madeinzaragoza.es\/blog\/wp-content\/uploads\/2019\/12\/magallon-sicilia-5-1024x768.jpg 1024w\" sizes=\"(max-width: 709px) 85vw, (max-width: 909px) 67vw, (max-width: 1362px) 62vw, 840px\" \/><\/p>\n<p>&nbsp;<\/p>\n<p>Pl\u00e1sticamente las dos intervenciones est\u00e1n creadas con objetos naturales (piedras y un tronco) encontrados cerca del estudio del artista, en los montes de Torrero. La primera intervenci\u00f3n, situada dentro del arco de ladrillo, es una pieza de car\u00e1cter escult\u00f3rico formada por un tronco de \u00e1rbol natural recogido de la naturaleza. Magall\u00f3n Sicilia ha dispuesto el tronco de forma vertical en el arco y lo ha policromado para darle un cierto toque de artificio. La gama crom\u00e1tica que usa en el tronco tiene que ver con todos los elementos que hab\u00eda en el entorno del tronco cuando lo recogi\u00f3 de la naturaleza. El artista sintetiza los colores de los elementos (suelo, hojas, piedra, tierra, arbutos, cielo, etc.) aplicando una policrom\u00eda al tronco creada tambi\u00e9n a partir de los recuerdos, creando una especie de <strong>estratigraf\u00eda crom\u00e1tica<\/strong> emocional.<\/p>\n<p>&nbsp;<\/p>\n<p>La segunda intervenci\u00f3n est\u00e1 compuesta por una l\u00ednea de piedras con la mitad de cada una de ellas monocromada en un tono gris\u00e1ceo c\u00e1lido. Este color es el color que recordaba el artista al cerrar los ojos y pensar en las piedras que hab\u00eda visto en su paseo, un color creado a partir de un recuerdo emocional. Adem\u00e1s, Magall\u00f3n Sicilia usa la piedra <strong>como met\u00e1fora de aljibe de recuerdos<\/strong>. Con esta pieza, el artista re-construye una especie de horizonte ficticio o imaginario a modo de l\u00ednea edafol\u00f3gica creada a partir de las emociones y generando un ritmo dentro del caos existente en el orden natural.<\/p>\n<p>&nbsp;<\/p>\n<p><img loading=\"lazy\" decoding=\"async\" class=\"aligncenter size-full wp-image-27134\" src=\"http:\/\/madeinzaragoza.es\/blog\/wp-content\/uploads\/2019\/12\/magallon-sicilia-9.jpg\" alt=\"\" width=\"1200\" height=\"878\" srcset=\"https:\/\/madeinzaragoza.es\/blog\/wp-content\/uploads\/2019\/12\/magallon-sicilia-9.jpg 1200w, https:\/\/madeinzaragoza.es\/blog\/wp-content\/uploads\/2019\/12\/magallon-sicilia-9-300x220.jpg 300w, https:\/\/madeinzaragoza.es\/blog\/wp-content\/uploads\/2019\/12\/magallon-sicilia-9-768x562.jpg 768w, https:\/\/madeinzaragoza.es\/blog\/wp-content\/uploads\/2019\/12\/magallon-sicilia-9-1024x749.jpg 1024w\" sizes=\"(max-width: 709px) 85vw, (max-width: 909px) 67vw, (max-width: 1362px) 62vw, 840px\" \/> <img loading=\"lazy\" decoding=\"async\" class=\"aligncenter size-full wp-image-27131\" src=\"http:\/\/madeinzaragoza.es\/blog\/wp-content\/uploads\/2019\/12\/magallon-sicilia-6.jpg\" alt=\"\" width=\"1200\" height=\"900\" srcset=\"https:\/\/madeinzaragoza.es\/blog\/wp-content\/uploads\/2019\/12\/magallon-sicilia-6.jpg 1200w, https:\/\/madeinzaragoza.es\/blog\/wp-content\/uploads\/2019\/12\/magallon-sicilia-6-300x225.jpg 300w, https:\/\/madeinzaragoza.es\/blog\/wp-content\/uploads\/2019\/12\/magallon-sicilia-6-768x576.jpg 768w, https:\/\/madeinzaragoza.es\/blog\/wp-content\/uploads\/2019\/12\/magallon-sicilia-6-1024x768.jpg 1024w\" sizes=\"(max-width: 709px) 85vw, (max-width: 909px) 67vw, (max-width: 1362px) 62vw, 840px\" \/><\/p>\n<p>&nbsp;<\/p>\n<p>La intervenci\u00f3n de Jos\u00e9 Ram\u00f3n Magall\u00f3n Sicilia puede verse en el espacio C\u00f3rner MIZ | La Azucarera hasta el 31 de enero de 2020.<\/p>\n<p>&nbsp;<\/p>\n<p><img loading=\"lazy\" decoding=\"async\" class=\"aligncenter size-full wp-image-27133\" src=\"http:\/\/madeinzaragoza.es\/blog\/wp-content\/uploads\/2019\/12\/magallon-sicilia-8.jpg\" alt=\"\" width=\"1200\" height=\"900\" srcset=\"https:\/\/madeinzaragoza.es\/blog\/wp-content\/uploads\/2019\/12\/magallon-sicilia-8.jpg 1200w, https:\/\/madeinzaragoza.es\/blog\/wp-content\/uploads\/2019\/12\/magallon-sicilia-8-300x225.jpg 300w, https:\/\/madeinzaragoza.es\/blog\/wp-content\/uploads\/2019\/12\/magallon-sicilia-8-768x576.jpg 768w, https:\/\/madeinzaragoza.es\/blog\/wp-content\/uploads\/2019\/12\/magallon-sicilia-8-1024x768.jpg 1024w\" sizes=\"(max-width: 709px) 85vw, (max-width: 909px) 67vw, (max-width: 1362px) 62vw, 840px\" \/><\/p>\n","protected":false},"excerpt":{"rendered":"<p>C\u00f3rner 2019. Jos\u00e9 Ram\u00f3n Magall\u00f3n Sicilia: \u00abCuerpo y memoria\u00bb &nbsp; Jos\u00e9 Ram\u00f3n Magall\u00f3n Sicilia es un artista visual que, como vimos en su presentaci\u00f3n, le gusta trabajar en los l\u00edmites transfronterizos entre los lenguajes abstractos\u00a0 geom\u00e9tricos y l\u00edricos y entre la propia abstracci\u00f3n y la figuraci\u00f3n. Para C\u00f3rner MIZ ha creado una obra compuesta por &hellip; <a href=\"https:\/\/madeinzaragoza.es\/blog\/cuerpo-y-memoria-magallon-sicilia-en-corner-miz-la-azucarera\/\" class=\"more-link\">Continuar leyendo<span class=\"screen-reader-text\"> \u00ab\u00abCuerpo y memoria\u00bb. Magall\u00f3n Sicilia en C\u00f3rner MIZ | La Azucarera\u00bb<\/span><\/a><\/p>\n","protected":false},"author":36,"featured_media":27126,"comment_status":"open","ping_status":"open","sticky":false,"template":"","format":"standard","meta":{"footnotes":""},"categories":[831],"tags":[834,1772,2098],"yoast_head":"<!-- This site is optimized with the Yoast SEO plugin v19.7.2 - https:\/\/yoast.com\/wordpress\/plugins\/seo\/ -->\n<title>&quot;Cuerpo y memoria&quot;. Magall\u00f3n Sicilia en C\u00f3rner MIZ | La Azucarera - Made in Zaragoza<\/title>\n<meta name=\"robots\" content=\"index, follow, max-snippet:-1, max-image-preview:large, max-video-preview:-1\" \/>\n<link rel=\"canonical\" href=\"http:\/\/madeinzaragoza.es\/blog\/cuerpo-y-memoria-magallon-sicilia-en-corner-miz-la-azucarera\/\" \/>\n<meta property=\"og:locale\" content=\"es_ES\" \/>\n<meta property=\"og:type\" content=\"article\" \/>\n<meta property=\"og:title\" content=\"&quot;Cuerpo y memoria&quot;. Magall\u00f3n Sicilia en C\u00f3rner MIZ | La Azucarera - Made in Zaragoza\" \/>\n<meta property=\"og:description\" content=\"C\u00f3rner 2019. Jos\u00e9 Ram\u00f3n Magall\u00f3n Sicilia: \u00abCuerpo y memoria\u00bb &nbsp; Jos\u00e9 Ram\u00f3n Magall\u00f3n Sicilia es un artista visual que, como vimos en su presentaci\u00f3n, le gusta trabajar en los l\u00edmites transfronterizos entre los lenguajes abstractos\u00a0 geom\u00e9tricos y l\u00edricos y entre la propia abstracci\u00f3n y la figuraci\u00f3n. Para C\u00f3rner MIZ ha creado una obra compuesta por &hellip; Continuar leyendo &quot;\u00abCuerpo y memoria\u00bb. Magall\u00f3n Sicilia en C\u00f3rner MIZ | La Azucarera&quot;\" \/>\n<meta property=\"og:url\" content=\"http:\/\/madeinzaragoza.es\/blog\/cuerpo-y-memoria-magallon-sicilia-en-corner-miz-la-azucarera\/\" \/>\n<meta property=\"og:site_name\" content=\"Made in Zaragoza\" \/>\n<meta property=\"article:publisher\" content=\"https:\/\/www.facebook.com\/madeinzaragoza.es\/\" \/>\n<meta property=\"article:author\" content=\"zarayorkers\" \/>\n<meta property=\"article:published_time\" content=\"2019-12-29T16:17:43+00:00\" \/>\n<meta property=\"og:image\" content=\"http:\/\/madeinzaragoza.es\/blog\/wp-content\/uploads\/2019\/12\/magallon-sicilia-10.jpg\" \/>\n\t<meta property=\"og:image:width\" content=\"1200\" \/>\n\t<meta property=\"og:image:height\" content=\"900\" \/>\n\t<meta property=\"og:image:type\" content=\"image\/jpeg\" \/>\n<meta name=\"author\" content=\"Sergio Sevilla\" \/>\n<meta name=\"twitter:card\" content=\"summary\" \/>\n<meta name=\"twitter:creator\" content=\"@madeinzaragoza\" \/>\n<meta name=\"twitter:site\" content=\"@madeinzaragoza\" \/>\n<meta name=\"twitter:label1\" content=\"Escrito por\" \/>\n\t<meta name=\"twitter:data1\" content=\"Sergio Sevilla\" \/>\n\t<meta name=\"twitter:label2\" content=\"Tiempo de lectura\" \/>\n\t<meta name=\"twitter:data2\" content=\"3 minutos\" \/>\n<script type=\"application\/ld+json\" class=\"yoast-schema-graph\">{\"@context\":\"https:\/\/schema.org\",\"@graph\":[{\"@type\":\"Article\",\"@id\":\"http:\/\/madeinzaragoza.es\/blog\/cuerpo-y-memoria-magallon-sicilia-en-corner-miz-la-azucarera\/#article\",\"isPartOf\":{\"@id\":\"http:\/\/madeinzaragoza.es\/blog\/cuerpo-y-memoria-magallon-sicilia-en-corner-miz-la-azucarera\/\"},\"author\":{\"name\":\"Sergio Sevilla\",\"@id\":\"https:\/\/madeinzaragoza.es\/blog\/#\/schema\/person\/fd836a8fe1177b6200bc8deffc3ad342\"},\"headline\":\"\u00abCuerpo y memoria\u00bb. Magall\u00f3n Sicilia en C\u00f3rner MIZ | La Azucarera\",\"datePublished\":\"2019-12-29T16:17:43+00:00\",\"dateModified\":\"2019-12-29T16:17:43+00:00\",\"mainEntityOfPage\":{\"@id\":\"http:\/\/madeinzaragoza.es\/blog\/cuerpo-y-memoria-magallon-sicilia-en-corner-miz-la-azucarera\/\"},\"wordCount\":568,\"commentCount\":0,\"publisher\":{\"@id\":\"https:\/\/madeinzaragoza.es\/blog\/#organization\"},\"keywords\":[\"Corner MIZ\",\"C\u00f3rner MIZ La Azucarera\",\"Jos\u00e9 Ram\u00f3n Magall\u00f3n Sicilia\"],\"articleSection\":[\"CornerMIZ\"],\"inLanguage\":\"es\",\"potentialAction\":[{\"@type\":\"CommentAction\",\"name\":\"Comment\",\"target\":[\"http:\/\/madeinzaragoza.es\/blog\/cuerpo-y-memoria-magallon-sicilia-en-corner-miz-la-azucarera\/#respond\"]}]},{\"@type\":\"WebPage\",\"@id\":\"http:\/\/madeinzaragoza.es\/blog\/cuerpo-y-memoria-magallon-sicilia-en-corner-miz-la-azucarera\/\",\"url\":\"http:\/\/madeinzaragoza.es\/blog\/cuerpo-y-memoria-magallon-sicilia-en-corner-miz-la-azucarera\/\",\"name\":\"\\\"Cuerpo y memoria\\\". Magall\u00f3n Sicilia en C\u00f3rner MIZ | La Azucarera - Made in Zaragoza\",\"isPartOf\":{\"@id\":\"https:\/\/madeinzaragoza.es\/blog\/#website\"},\"datePublished\":\"2019-12-29T16:17:43+00:00\",\"dateModified\":\"2019-12-29T16:17:43+00:00\",\"breadcrumb\":{\"@id\":\"http:\/\/madeinzaragoza.es\/blog\/cuerpo-y-memoria-magallon-sicilia-en-corner-miz-la-azucarera\/#breadcrumb\"},\"inLanguage\":\"es\",\"potentialAction\":[{\"@type\":\"ReadAction\",\"target\":[\"http:\/\/madeinzaragoza.es\/blog\/cuerpo-y-memoria-magallon-sicilia-en-corner-miz-la-azucarera\/\"]}]},{\"@type\":\"BreadcrumbList\",\"@id\":\"http:\/\/madeinzaragoza.es\/blog\/cuerpo-y-memoria-magallon-sicilia-en-corner-miz-la-azucarera\/#breadcrumb\",\"itemListElement\":[{\"@type\":\"ListItem\",\"position\":1,\"name\":\"Portada\",\"item\":\"https:\/\/madeinzaragoza.es\/blog\/\"},{\"@type\":\"ListItem\",\"position\":2,\"name\":\"\u00abCuerpo y memoria\u00bb. Magall\u00f3n Sicilia en C\u00f3rner MIZ | La Azucarera\"}]},{\"@type\":\"WebSite\",\"@id\":\"https:\/\/madeinzaragoza.es\/blog\/#website\",\"url\":\"https:\/\/madeinzaragoza.es\/blog\/\",\"name\":\"Made in Zaragoza\",\"description\":\"Blog de MadeinZGZ, Red de Econom\u00eda Creativa de Zaragoza\",\"publisher\":{\"@id\":\"https:\/\/madeinzaragoza.es\/blog\/#organization\"},\"potentialAction\":[{\"@type\":\"SearchAction\",\"target\":{\"@type\":\"EntryPoint\",\"urlTemplate\":\"https:\/\/madeinzaragoza.es\/blog\/?s={search_term_string}\"},\"query-input\":\"required name=search_term_string\"}],\"inLanguage\":\"es\"},{\"@type\":\"Organization\",\"@id\":\"https:\/\/madeinzaragoza.es\/blog\/#organization\",\"name\":\"Made In Zaragoza\",\"url\":\"https:\/\/madeinzaragoza.es\/blog\/\",\"sameAs\":[\"https:\/\/www.instagram.com\/madeinzaragoza.es\/\",\"https:\/\/www.facebook.com\/madeinzaragoza.es\/\",\"https:\/\/twitter.com\/madeinzaragoza\"],\"logo\":{\"@type\":\"ImageObject\",\"inLanguage\":\"es\",\"@id\":\"https:\/\/madeinzaragoza.es\/blog\/#\/schema\/logo\/image\/\",\"url\":\"https:\/\/madeinzaragoza.es\/blog\/wp-content\/uploads\/2022\/05\/logo.png\",\"contentUrl\":\"https:\/\/madeinzaragoza.es\/blog\/wp-content\/uploads\/2022\/05\/logo.png\",\"width\":193,\"height\":176,\"caption\":\"Made In Zaragoza\"},\"image\":{\"@id\":\"https:\/\/madeinzaragoza.es\/blog\/#\/schema\/logo\/image\/\"}},{\"@type\":\"Person\",\"@id\":\"https:\/\/madeinzaragoza.es\/blog\/#\/schema\/person\/fd836a8fe1177b6200bc8deffc3ad342\",\"name\":\"Sergio Sevilla\",\"image\":{\"@type\":\"ImageObject\",\"inLanguage\":\"es\",\"@id\":\"https:\/\/madeinzaragoza.es\/blog\/#\/schema\/person\/image\/\",\"url\":\"https:\/\/secure.gravatar.com\/avatar\/4a59e3901b7e749c4e3750c4fd5d0b43?s=96&d=mm&r=g\",\"contentUrl\":\"https:\/\/secure.gravatar.com\/avatar\/4a59e3901b7e749c4e3750c4fd5d0b43?s=96&d=mm&r=g\",\"caption\":\"Sergio Sevilla\"},\"description\":\"Gesti\u00f3n e Innovaci\u00f3n cultural (I+C) Mi trabajo se basa en la b\u00fasqueda de conexiones culturales en espacios de tr\u00e1nsito. Soy director y programador de proyectos culturales. He coordinado el espacio C\u00f3rner MIZ de Made in Zaragoza y, en la actualidad, me dedico a investigar, documentar y poner en valor el muralismo cer\u00e1mico de los a\u00f1os 60, 70 y 80 de Zaragoza y su relaci\u00f3n con los entornos arquitect\u00f3nicos y decorativos de la \u00e9poca. Descubre el perfil de @ZaragozaModerna en Instagram. Take a walk on the Art side.\",\"sameAs\":[\"zarayorkers\",\"@zaragozamoderna\",\"\/sergiosevillatabernero\"],\"url\":\"https:\/\/madeinzaragoza.es\/blog\/author\/sergiosevilla\/\"}]}<\/script>\n<!-- \/ Yoast SEO plugin. -->","yoast_head_json":{"title":"\"Cuerpo y memoria\". Magall\u00f3n Sicilia en C\u00f3rner MIZ | La Azucarera - Made in Zaragoza","robots":{"index":"index","follow":"follow","max-snippet":"max-snippet:-1","max-image-preview":"max-image-preview:large","max-video-preview":"max-video-preview:-1"},"canonical":"http:\/\/madeinzaragoza.es\/blog\/cuerpo-y-memoria-magallon-sicilia-en-corner-miz-la-azucarera\/","og_locale":"es_ES","og_type":"article","og_title":"\"Cuerpo y memoria\". Magall\u00f3n Sicilia en C\u00f3rner MIZ | La Azucarera - Made in Zaragoza","og_description":"C\u00f3rner 2019. Jos\u00e9 Ram\u00f3n Magall\u00f3n Sicilia: \u00abCuerpo y memoria\u00bb &nbsp; Jos\u00e9 Ram\u00f3n Magall\u00f3n Sicilia es un artista visual que, como vimos en su presentaci\u00f3n, le gusta trabajar en los l\u00edmites transfronterizos entre los lenguajes abstractos\u00a0 geom\u00e9tricos y l\u00edricos y entre la propia abstracci\u00f3n y la figuraci\u00f3n. Para C\u00f3rner MIZ ha creado una obra compuesta por &hellip; Continuar leyendo \"\u00abCuerpo y memoria\u00bb. Magall\u00f3n Sicilia en C\u00f3rner MIZ | La Azucarera\"","og_url":"http:\/\/madeinzaragoza.es\/blog\/cuerpo-y-memoria-magallon-sicilia-en-corner-miz-la-azucarera\/","og_site_name":"Made in Zaragoza","article_publisher":"https:\/\/www.facebook.com\/madeinzaragoza.es\/","article_author":"zarayorkers","article_published_time":"2019-12-29T16:17:43+00:00","og_image":[{"width":1200,"height":900,"url":"http:\/\/madeinzaragoza.es\/blog\/wp-content\/uploads\/2019\/12\/magallon-sicilia-10.jpg","type":"image\/jpeg"}],"author":"Sergio Sevilla","twitter_card":"summary","twitter_creator":"@madeinzaragoza","twitter_site":"@madeinzaragoza","twitter_misc":{"Escrito por":"Sergio Sevilla","Tiempo de lectura":"3 minutos"},"schema":{"@context":"https:\/\/schema.org","@graph":[{"@type":"Article","@id":"http:\/\/madeinzaragoza.es\/blog\/cuerpo-y-memoria-magallon-sicilia-en-corner-miz-la-azucarera\/#article","isPartOf":{"@id":"http:\/\/madeinzaragoza.es\/blog\/cuerpo-y-memoria-magallon-sicilia-en-corner-miz-la-azucarera\/"},"author":{"name":"Sergio Sevilla","@id":"https:\/\/madeinzaragoza.es\/blog\/#\/schema\/person\/fd836a8fe1177b6200bc8deffc3ad342"},"headline":"\u00abCuerpo y memoria\u00bb. Magall\u00f3n Sicilia en C\u00f3rner MIZ | La Azucarera","datePublished":"2019-12-29T16:17:43+00:00","dateModified":"2019-12-29T16:17:43+00:00","mainEntityOfPage":{"@id":"http:\/\/madeinzaragoza.es\/blog\/cuerpo-y-memoria-magallon-sicilia-en-corner-miz-la-azucarera\/"},"wordCount":568,"commentCount":0,"publisher":{"@id":"https:\/\/madeinzaragoza.es\/blog\/#organization"},"keywords":["Corner MIZ","C\u00f3rner MIZ La Azucarera","Jos\u00e9 Ram\u00f3n Magall\u00f3n Sicilia"],"articleSection":["CornerMIZ"],"inLanguage":"es","potentialAction":[{"@type":"CommentAction","name":"Comment","target":["http:\/\/madeinzaragoza.es\/blog\/cuerpo-y-memoria-magallon-sicilia-en-corner-miz-la-azucarera\/#respond"]}]},{"@type":"WebPage","@id":"http:\/\/madeinzaragoza.es\/blog\/cuerpo-y-memoria-magallon-sicilia-en-corner-miz-la-azucarera\/","url":"http:\/\/madeinzaragoza.es\/blog\/cuerpo-y-memoria-magallon-sicilia-en-corner-miz-la-azucarera\/","name":"\"Cuerpo y memoria\". Magall\u00f3n Sicilia en C\u00f3rner MIZ | La Azucarera - Made in Zaragoza","isPartOf":{"@id":"https:\/\/madeinzaragoza.es\/blog\/#website"},"datePublished":"2019-12-29T16:17:43+00:00","dateModified":"2019-12-29T16:17:43+00:00","breadcrumb":{"@id":"http:\/\/madeinzaragoza.es\/blog\/cuerpo-y-memoria-magallon-sicilia-en-corner-miz-la-azucarera\/#breadcrumb"},"inLanguage":"es","potentialAction":[{"@type":"ReadAction","target":["http:\/\/madeinzaragoza.es\/blog\/cuerpo-y-memoria-magallon-sicilia-en-corner-miz-la-azucarera\/"]}]},{"@type":"BreadcrumbList","@id":"http:\/\/madeinzaragoza.es\/blog\/cuerpo-y-memoria-magallon-sicilia-en-corner-miz-la-azucarera\/#breadcrumb","itemListElement":[{"@type":"ListItem","position":1,"name":"Portada","item":"https:\/\/madeinzaragoza.es\/blog\/"},{"@type":"ListItem","position":2,"name":"\u00abCuerpo y memoria\u00bb. Magall\u00f3n Sicilia en C\u00f3rner MIZ | La Azucarera"}]},{"@type":"WebSite","@id":"https:\/\/madeinzaragoza.es\/blog\/#website","url":"https:\/\/madeinzaragoza.es\/blog\/","name":"Made in Zaragoza","description":"Blog de MadeinZGZ, Red de Econom\u00eda Creativa de Zaragoza","publisher":{"@id":"https:\/\/madeinzaragoza.es\/blog\/#organization"},"potentialAction":[{"@type":"SearchAction","target":{"@type":"EntryPoint","urlTemplate":"https:\/\/madeinzaragoza.es\/blog\/?s={search_term_string}"},"query-input":"required name=search_term_string"}],"inLanguage":"es"},{"@type":"Organization","@id":"https:\/\/madeinzaragoza.es\/blog\/#organization","name":"Made In Zaragoza","url":"https:\/\/madeinzaragoza.es\/blog\/","sameAs":["https:\/\/www.instagram.com\/madeinzaragoza.es\/","https:\/\/www.facebook.com\/madeinzaragoza.es\/","https:\/\/twitter.com\/madeinzaragoza"],"logo":{"@type":"ImageObject","inLanguage":"es","@id":"https:\/\/madeinzaragoza.es\/blog\/#\/schema\/logo\/image\/","url":"https:\/\/madeinzaragoza.es\/blog\/wp-content\/uploads\/2022\/05\/logo.png","contentUrl":"https:\/\/madeinzaragoza.es\/blog\/wp-content\/uploads\/2022\/05\/logo.png","width":193,"height":176,"caption":"Made In Zaragoza"},"image":{"@id":"https:\/\/madeinzaragoza.es\/blog\/#\/schema\/logo\/image\/"}},{"@type":"Person","@id":"https:\/\/madeinzaragoza.es\/blog\/#\/schema\/person\/fd836a8fe1177b6200bc8deffc3ad342","name":"Sergio Sevilla","image":{"@type":"ImageObject","inLanguage":"es","@id":"https:\/\/madeinzaragoza.es\/blog\/#\/schema\/person\/image\/","url":"https:\/\/secure.gravatar.com\/avatar\/4a59e3901b7e749c4e3750c4fd5d0b43?s=96&d=mm&r=g","contentUrl":"https:\/\/secure.gravatar.com\/avatar\/4a59e3901b7e749c4e3750c4fd5d0b43?s=96&d=mm&r=g","caption":"Sergio Sevilla"},"description":"Gesti\u00f3n e Innovaci\u00f3n cultural (I+C) Mi trabajo se basa en la b\u00fasqueda de conexiones culturales en espacios de tr\u00e1nsito. Soy director y programador de proyectos culturales. He coordinado el espacio C\u00f3rner MIZ de Made in Zaragoza y, en la actualidad, me dedico a investigar, documentar y poner en valor el muralismo cer\u00e1mico de los a\u00f1os 60, 70 y 80 de Zaragoza y su relaci\u00f3n con los entornos arquitect\u00f3nicos y decorativos de la \u00e9poca. Descubre el perfil de @ZaragozaModerna en Instagram. Take a walk on the Art side.","sameAs":["zarayorkers","@zaragozamoderna","\/sergiosevillatabernero"],"url":"https:\/\/madeinzaragoza.es\/blog\/author\/sergiosevilla\/"}]}},"_links":{"self":[{"href":"https:\/\/madeinzaragoza.es\/blog\/wp-json\/wp\/v2\/posts\/27125"}],"collection":[{"href":"https:\/\/madeinzaragoza.es\/blog\/wp-json\/wp\/v2\/posts"}],"about":[{"href":"https:\/\/madeinzaragoza.es\/blog\/wp-json\/wp\/v2\/types\/post"}],"author":[{"embeddable":true,"href":"https:\/\/madeinzaragoza.es\/blog\/wp-json\/wp\/v2\/users\/36"}],"replies":[{"embeddable":true,"href":"https:\/\/madeinzaragoza.es\/blog\/wp-json\/wp\/v2\/comments?post=27125"}],"version-history":[{"count":8,"href":"https:\/\/madeinzaragoza.es\/blog\/wp-json\/wp\/v2\/posts\/27125\/revisions"}],"predecessor-version":[{"id":27240,"href":"https:\/\/madeinzaragoza.es\/blog\/wp-json\/wp\/v2\/posts\/27125\/revisions\/27240"}],"wp:featuredmedia":[{"embeddable":true,"href":"https:\/\/madeinzaragoza.es\/blog\/wp-json\/wp\/v2\/media\/27126"}],"wp:attachment":[{"href":"https:\/\/madeinzaragoza.es\/blog\/wp-json\/wp\/v2\/media?parent=27125"}],"wp:term":[{"taxonomy":"category","embeddable":true,"href":"https:\/\/madeinzaragoza.es\/blog\/wp-json\/wp\/v2\/categories?post=27125"},{"taxonomy":"post_tag","embeddable":true,"href":"https:\/\/madeinzaragoza.es\/blog\/wp-json\/wp\/v2\/tags?post=27125"}],"curies":[{"name":"wp","href":"https:\/\/api.w.org\/{rel}","templated":true}]}}