{"id":25665,"date":"2019-07-23T14:35:34","date_gmt":"2019-07-23T13:35:34","guid":{"rendered":"http:\/\/madeinzaragoza.es\/blog\/?p=25665"},"modified":"2019-07-23T18:42:45","modified_gmt":"2019-07-23T17:42:45","slug":"workshop-de-diseno-de-espacio-en-la-iv-edicion-del-miz-lab","status":"publish","type":"post","link":"https:\/\/madeinzaragoza.es\/blog\/workshop-de-diseno-de-espacio-en-la-iv-edicion-del-miz-lab\/","title":{"rendered":"Workshop de dise\u00f1o de espacio en la IV Edici\u00f3n del MIZ-lab"},"content":{"rendered":"<p>&nbsp;<\/p>\n<p>Como sab\u00e9is, este MIZ-Lab hemos trabajado con <strong><a href=\"http:\/\/madeinzaragoza.es\/mizlab\/edicion.php?id=4\">Fabiola Gil Estudio<\/a><\/strong>, pero como ya pas\u00f3 el a\u00f1o pasado, se ha querido echar una mano desde Made in Zaragoza a otros proyectos que se presentaron al MIZ-Lab y que no resultaron elegidos.<\/p>\n<p>&nbsp;<\/p>\n<p>Este apoyo ha sido por medio de varios Workshops. En el caso del <strong>mentoring de \u201cEspacio F\u00edsico\u201d<\/strong> del que nos encargamos <strong><a href=\"https:\/\/recreandoestudio.com\/\">Recreando Estudio Creativo<\/a><\/strong>, hemos llevado a cabo un workshop grupal con <strong><a href=\"http:\/\/madeinzaragoza.es\/comercios\/comercio.php?id=285\">Piccola<\/a><\/strong>, <strong><a href=\"http:\/\/madeinzaragoza.es\/blog\/flores-el-eden-flores-y-plantas-en-valdespartera\/\">Flores el Ed\u00e9n<\/a><\/strong> y <a href=\"http:\/\/madeinzaragoza.es\/comercios\/comercio.php?id=259\"><strong>La Botica de Ra\u00fal<\/strong><\/a>.<\/p>\n<p>&nbsp;<\/p>\n<p><img loading=\"lazy\" decoding=\"async\" class=\"alignnone size-large wp-image-25694\" src=\"http:\/\/madeinzaragoza.es\/blog\/wp-content\/uploads\/2019\/07\/Captura-de-pantalla-2019-07-23-a-las-15.20.08-1024x678.png\" alt=\"\" width=\"840\" height=\"556\" srcset=\"https:\/\/madeinzaragoza.es\/blog\/wp-content\/uploads\/2019\/07\/Captura-de-pantalla-2019-07-23-a-las-15.20.08-1024x678.png 1024w, https:\/\/madeinzaragoza.es\/blog\/wp-content\/uploads\/2019\/07\/Captura-de-pantalla-2019-07-23-a-las-15.20.08-300x198.png 300w, https:\/\/madeinzaragoza.es\/blog\/wp-content\/uploads\/2019\/07\/Captura-de-pantalla-2019-07-23-a-las-15.20.08-768x508.png 768w, https:\/\/madeinzaragoza.es\/blog\/wp-content\/uploads\/2019\/07\/Captura-de-pantalla-2019-07-23-a-las-15.20.08-1200x794.png 1200w\" sizes=\"(max-width: 709px) 85vw, (max-width: 909px) 67vw, (max-width: 1362px) 62vw, 840px\" \/><img loading=\"lazy\" decoding=\"async\" class=\"alignnone size-large wp-image-25685\" src=\"http:\/\/madeinzaragoza.es\/blog\/wp-content\/uploads\/2019\/07\/Captura-de-pantalla-2019-07-23-a-las-15.21.40-1024x679.png\" alt=\"\" width=\"840\" height=\"557\" srcset=\"https:\/\/madeinzaragoza.es\/blog\/wp-content\/uploads\/2019\/07\/Captura-de-pantalla-2019-07-23-a-las-15.21.40-1024x679.png 1024w, https:\/\/madeinzaragoza.es\/blog\/wp-content\/uploads\/2019\/07\/Captura-de-pantalla-2019-07-23-a-las-15.21.40-300x199.png 300w, https:\/\/madeinzaragoza.es\/blog\/wp-content\/uploads\/2019\/07\/Captura-de-pantalla-2019-07-23-a-las-15.21.40-768x509.png 768w, https:\/\/madeinzaragoza.es\/blog\/wp-content\/uploads\/2019\/07\/Captura-de-pantalla-2019-07-23-a-las-15.21.40-1200x796.png 1200w\" sizes=\"(max-width: 709px) 85vw, (max-width: 909px) 67vw, (max-width: 1362px) 62vw, 840px\" \/><\/p>\n<p><img loading=\"lazy\" decoding=\"async\" class=\"alignnone size-large wp-image-25667\" src=\"http:\/\/madeinzaragoza.es\/blog\/wp-content\/uploads\/2019\/07\/Captura-de-pantalla-2019-07-23-a-las-13.45.45-1024x728.png\" alt=\"\" width=\"840\" height=\"597\" \/><img loading=\"lazy\" decoding=\"async\" class=\"alignnone size-large wp-image-25688\" src=\"http:\/\/madeinzaragoza.es\/blog\/wp-content\/uploads\/2019\/07\/Captura-de-pantalla-2019-07-23-a-las-15.21.49-1024x677.png\" alt=\"\" width=\"840\" height=\"555\" srcset=\"https:\/\/madeinzaragoza.es\/blog\/wp-content\/uploads\/2019\/07\/Captura-de-pantalla-2019-07-23-a-las-15.21.49-1024x677.png 1024w, https:\/\/madeinzaragoza.es\/blog\/wp-content\/uploads\/2019\/07\/Captura-de-pantalla-2019-07-23-a-las-15.21.49-300x198.png 300w, https:\/\/madeinzaragoza.es\/blog\/wp-content\/uploads\/2019\/07\/Captura-de-pantalla-2019-07-23-a-las-15.21.49-768x508.png 768w, https:\/\/madeinzaragoza.es\/blog\/wp-content\/uploads\/2019\/07\/Captura-de-pantalla-2019-07-23-a-las-15.21.49-1200x793.png 1200w\" sizes=\"(max-width: 709px) 85vw, (max-width: 909px) 67vw, (max-width: 1362px) 62vw, 840px\" \/><\/p>\n<p><img loading=\"lazy\" decoding=\"async\" class=\"alignnone size-large wp-image-25668\" src=\"http:\/\/madeinzaragoza.es\/blog\/wp-content\/uploads\/2019\/07\/Captura-de-pantalla-2019-07-23-a-las-13.46.02-1024x729.png\" alt=\"\" width=\"840\" height=\"598\" \/><\/p>\n<p><img loading=\"lazy\" decoding=\"async\" class=\"alignnone size-large wp-image-25669\" src=\"http:\/\/madeinzaragoza.es\/blog\/wp-content\/uploads\/2019\/07\/Captura-de-pantalla-2019-07-23-a-las-13.46.18-1024x725.png\" alt=\"\" width=\"840\" height=\"595\" \/><\/p>\n<p>Por ponernos en situaci\u00f3n, un workshop grupal es un taller de un periodo corto de tiempo en el que se trabaja conjuntamente sobre un tema y los asistentes participan activamente en su proceso y en su posterior puesta en pr\u00e1ctica de los temas tratados para conseguir una mejora en su comercio.<\/p>\n<p>&nbsp;<\/p>\n<h3>WORKSHOP MIZ-Lab<\/h3>\n<p>&nbsp;<\/p>\n<p>En este caso, realizamos un workshop de 3 horas sobre <strong>dise\u00f1o en el espacio comercial<\/strong>. Y lo articulamos de la siguiente manera:<\/p>\n<p>&nbsp;<\/p>\n<p><span style=\"color: #808080;\"><strong>1.\u00a0 \u00a0Conocer los espacios participantes.<\/strong><\/span>\u00a0 Al ser un workshop grupal era importante que todas parti\u00e9ramos del mismo punto, que nos conoci\u00e9ramos a fondo contado desde la perspectiva de sus comerciantes.<\/p>\n<p>&nbsp;<\/p>\n<p><span style=\"color: #808080;\"><strong>2.\u00a0<\/strong><\/span> Introducimos la importancia de <span style=\"color: #808080;\"><strong>El Concepto.<\/strong><\/span><\/p>\n<p>&nbsp;<\/p>\n<p><strong><span style=\"color: #808080;\">3.<\/span><\/strong> Hablamos de las\u00a0<span style=\"color: #808080;\"><strong>tendencias<\/strong><\/span> en interiorismo.<\/p>\n<p>&nbsp;<\/p>\n<p><img loading=\"lazy\" decoding=\"async\" class=\"alignnone size-large wp-image-25682\" src=\"http:\/\/madeinzaragoza.es\/blog\/wp-content\/uploads\/2019\/07\/Captura-de-pantalla-2019-07-23-a-las-15.18.12-1024x678.png\" alt=\"\" width=\"840\" height=\"556\" srcset=\"https:\/\/madeinzaragoza.es\/blog\/wp-content\/uploads\/2019\/07\/Captura-de-pantalla-2019-07-23-a-las-15.18.12-1024x678.png 1024w, https:\/\/madeinzaragoza.es\/blog\/wp-content\/uploads\/2019\/07\/Captura-de-pantalla-2019-07-23-a-las-15.18.12-300x198.png 300w, https:\/\/madeinzaragoza.es\/blog\/wp-content\/uploads\/2019\/07\/Captura-de-pantalla-2019-07-23-a-las-15.18.12-768x508.png 768w, https:\/\/madeinzaragoza.es\/blog\/wp-content\/uploads\/2019\/07\/Captura-de-pantalla-2019-07-23-a-las-15.18.12-1200x794.png 1200w\" sizes=\"(max-width: 709px) 85vw, (max-width: 909px) 67vw, (max-width: 1362px) 62vw, 840px\" \/><\/p>\n<p><span style=\"color: #808080;\"><strong>4. Los espacios para los sentidos.<\/strong><\/span>\u00a0La importancia de que los espacios creen emociones en nosotras, esto es el <strong>marketing sensorial<\/strong>, hay una cita de un publicista llamado <em>Kevin Robert<\/em> que dice:<\/p>\n<p>&nbsp;<\/p>\n<blockquote><p><em>\u201cLo que mueve a los seres humanos es la emoci\u00f3n, no la raz\u00f3n\u201d<\/em><\/p><\/blockquote>\n<p><img loading=\"lazy\" decoding=\"async\" class=\"alignnone size-large wp-image-25691\" src=\"http:\/\/madeinzaragoza.es\/blog\/wp-content\/uploads\/2019\/07\/Captura-de-pantalla-2019-07-23-a-las-15.22.08-1024x679.png\" alt=\"\" width=\"840\" height=\"557\" srcset=\"https:\/\/madeinzaragoza.es\/blog\/wp-content\/uploads\/2019\/07\/Captura-de-pantalla-2019-07-23-a-las-15.22.08-1024x679.png 1024w, https:\/\/madeinzaragoza.es\/blog\/wp-content\/uploads\/2019\/07\/Captura-de-pantalla-2019-07-23-a-las-15.22.08-300x199.png 300w, https:\/\/madeinzaragoza.es\/blog\/wp-content\/uploads\/2019\/07\/Captura-de-pantalla-2019-07-23-a-las-15.22.08-768x509.png 768w, https:\/\/madeinzaragoza.es\/blog\/wp-content\/uploads\/2019\/07\/Captura-de-pantalla-2019-07-23-a-las-15.22.08-1200x796.png 1200w\" sizes=\"(max-width: 709px) 85vw, (max-width: 909px) 67vw, (max-width: 1362px) 62vw, 840px\" \/><\/p>\n<p><strong><span style=\"color: #808080;\">5. El slow shopping<\/span><\/strong>, si hay algo que tiene el peque\u00f1o comercio (aunque algunas grandes superficies nos lo quieran vender tambi\u00e9n) es la <strong>desaceleraci\u00f3n del ritmo de vida<\/strong>, el contacto con la gente, las relaciones personales, el cuidado\u2026 eso es el slow shopping, como dec\u00eda <em>Gandhi<\/em>:<\/p>\n<p>&nbsp;<\/p>\n<blockquote><p><em>\u201cEn la vida hay algo m\u00e1s importante que incrementar su velocidad\u201d<\/em><\/p>\n<p>&nbsp;<\/p><\/blockquote>\n<p><img loading=\"lazy\" decoding=\"async\" class=\"alignnone size-large wp-image-25673\" src=\"http:\/\/madeinzaragoza.es\/blog\/wp-content\/uploads\/2019\/07\/Captura-de-pantalla-2019-07-23-a-las-13.51.42-1024x727.png\" alt=\"\" width=\"840\" height=\"596\" \/><img loading=\"lazy\" decoding=\"async\" class=\"alignnone size-large wp-image-25686\" src=\"http:\/\/madeinzaragoza.es\/blog\/wp-content\/uploads\/2019\/07\/Captura-de-pantalla-2019-07-23-a-las-15.22.20-1024x678.png\" alt=\"\" width=\"840\" height=\"556\" srcset=\"https:\/\/madeinzaragoza.es\/blog\/wp-content\/uploads\/2019\/07\/Captura-de-pantalla-2019-07-23-a-las-15.22.20-1024x678.png 1024w, https:\/\/madeinzaragoza.es\/blog\/wp-content\/uploads\/2019\/07\/Captura-de-pantalla-2019-07-23-a-las-15.22.20-300x199.png 300w, https:\/\/madeinzaragoza.es\/blog\/wp-content\/uploads\/2019\/07\/Captura-de-pantalla-2019-07-23-a-las-15.22.20-768x509.png 768w, https:\/\/madeinzaragoza.es\/blog\/wp-content\/uploads\/2019\/07\/Captura-de-pantalla-2019-07-23-a-las-15.22.20-1200x795.png 1200w\" sizes=\"(max-width: 709px) 85vw, (max-width: 909px) 67vw, (max-width: 1362px) 62vw, 840px\" \/><\/p>\n<p><span style=\"color: #808080;\"><strong>6. La sostenibilidad<\/strong><\/span> y el porqu\u00e9 de tenerla en cuenta en el dise\u00f1o. Este punto es algo que quiz\u00e1 todav\u00eda no sea una tendencia porque est\u00e1 comenzando y nos queda un largo camino y muchos negocios que se suban al carro pero poco a poco es algo que se est\u00e1 teniendo en cuenta viendo el grado de destrucci\u00f3n al que estamos sometiendo a nuestro planeta y comercios y empresas est\u00e1n tomando <strong>iniciativas en las que ponen el valor el reciclaje, la reutilizaci\u00f3n y la reducci\u00f3n en el consumo de ciertos materiales.<\/strong><\/p>\n<p>&nbsp;<\/p>\n<p><img loading=\"lazy\" decoding=\"async\" class=\"alignnone size-large wp-image-25674\" src=\"http:\/\/madeinzaragoza.es\/blog\/wp-content\/uploads\/2019\/07\/Captura-de-pantalla-2019-07-23-a-las-13.55.56-1024x726.png\" alt=\"\" width=\"840\" height=\"596\" \/><img loading=\"lazy\" decoding=\"async\" class=\"alignnone size-large wp-image-25687\" src=\"http:\/\/madeinzaragoza.es\/blog\/wp-content\/uploads\/2019\/07\/Captura-de-pantalla-2019-07-23-a-las-15.22.34-1024x678.png\" alt=\"\" width=\"840\" height=\"556\" srcset=\"https:\/\/madeinzaragoza.es\/blog\/wp-content\/uploads\/2019\/07\/Captura-de-pantalla-2019-07-23-a-las-15.22.34-1024x678.png 1024w, https:\/\/madeinzaragoza.es\/blog\/wp-content\/uploads\/2019\/07\/Captura-de-pantalla-2019-07-23-a-las-15.22.34-300x198.png 300w, https:\/\/madeinzaragoza.es\/blog\/wp-content\/uploads\/2019\/07\/Captura-de-pantalla-2019-07-23-a-las-15.22.34-768x508.png 768w, https:\/\/madeinzaragoza.es\/blog\/wp-content\/uploads\/2019\/07\/Captura-de-pantalla-2019-07-23-a-las-15.22.34-1200x794.png 1200w\" sizes=\"(max-width: 709px) 85vw, (max-width: 909px) 67vw, (max-width: 1362px) 62vw, 840px\" \/><\/p>\n<p>&nbsp;<\/p>\n<p><strong><span style=\"color: #808080;\">7.<\/span><\/strong> Tambi\u00e9n hicimos una breve introducci\u00f3n a las diferentes <span style=\"color: #808080;\"><strong>tipolog\u00edas de comercios<\/strong><\/span> seg\u00fan <strong>diferentes catalogaciones<\/strong> y vimos elementos b\u00e1sicos y clave que hay que tener en cuenta en el dise\u00f1o de espacios comerciales y el <strong>visual merchandising<\/strong> para hacer atractivo el punto de venta.<img loading=\"lazy\" decoding=\"async\" class=\"alignnone size-large wp-image-25676\" src=\"http:\/\/madeinzaragoza.es\/blog\/wp-content\/uploads\/2019\/07\/Captura-de-pantalla-2019-07-23-a-las-13.57.26-1024x726.png\" alt=\"\" width=\"840\" height=\"596\" \/><\/p>\n<p><img loading=\"lazy\" decoding=\"async\" class=\"alignnone size-large wp-image-25689\" src=\"http:\/\/madeinzaragoza.es\/blog\/wp-content\/uploads\/2019\/07\/Captura-de-pantalla-2019-07-23-a-las-15.22.44-1024x674.png\" alt=\"\" width=\"840\" height=\"553\" srcset=\"https:\/\/madeinzaragoza.es\/blog\/wp-content\/uploads\/2019\/07\/Captura-de-pantalla-2019-07-23-a-las-15.22.44-1024x674.png 1024w, https:\/\/madeinzaragoza.es\/blog\/wp-content\/uploads\/2019\/07\/Captura-de-pantalla-2019-07-23-a-las-15.22.44-300x198.png 300w, https:\/\/madeinzaragoza.es\/blog\/wp-content\/uploads\/2019\/07\/Captura-de-pantalla-2019-07-23-a-las-15.22.44-768x506.png 768w, https:\/\/madeinzaragoza.es\/blog\/wp-content\/uploads\/2019\/07\/Captura-de-pantalla-2019-07-23-a-las-15.22.44-1200x790.png 1200w\" sizes=\"(max-width: 709px) 85vw, (max-width: 909px) 67vw, (max-width: 1362px) 62vw, 840px\" \/><img loading=\"lazy\" decoding=\"async\" class=\"alignnone size-large wp-image-25677\" src=\"http:\/\/madeinzaragoza.es\/blog\/wp-content\/uploads\/2019\/07\/Captura-de-pantalla-2019-07-23-a-las-13.58.39-1024x724.png\" alt=\"\" width=\"840\" height=\"594\" \/><img loading=\"lazy\" decoding=\"async\" class=\"alignnone size-large wp-image-25690\" src=\"http:\/\/madeinzaragoza.es\/blog\/wp-content\/uploads\/2019\/07\/Captura-de-pantalla-2019-07-23-a-las-15.22.57-1024x678.png\" alt=\"\" width=\"840\" height=\"556\" srcset=\"https:\/\/madeinzaragoza.es\/blog\/wp-content\/uploads\/2019\/07\/Captura-de-pantalla-2019-07-23-a-las-15.22.57-1024x678.png 1024w, https:\/\/madeinzaragoza.es\/blog\/wp-content\/uploads\/2019\/07\/Captura-de-pantalla-2019-07-23-a-las-15.22.57-300x198.png 300w, https:\/\/madeinzaragoza.es\/blog\/wp-content\/uploads\/2019\/07\/Captura-de-pantalla-2019-07-23-a-las-15.22.57-768x508.png 768w, https:\/\/madeinzaragoza.es\/blog\/wp-content\/uploads\/2019\/07\/Captura-de-pantalla-2019-07-23-a-las-15.22.57-1200x794.png 1200w\" sizes=\"(max-width: 709px) 85vw, (max-width: 909px) 67vw, (max-width: 1362px) 62vw, 840px\" \/><\/p>\n<p>&nbsp;<\/p>\n<p>Esta es la teor\u00eda base que en cualquier foro o p\u00e1gina de internet podemos encontrar, que no est\u00e1 de m\u00e1s ver y comentarla, pero lo que m\u00e1s nos interesaba en este workshop era la pr\u00e1ctica, <strong>opinar y debatir entre todas sobre los comercios participantes.<\/strong><\/p>\n<p><img loading=\"lazy\" decoding=\"async\" class=\"alignnone size-large wp-image-25692\" src=\"http:\/\/madeinzaragoza.es\/blog\/wp-content\/uploads\/2019\/07\/Captura-de-pantalla-2019-07-23-a-las-15.23.13-1024x677.png\" alt=\"\" width=\"840\" height=\"555\" srcset=\"https:\/\/madeinzaragoza.es\/blog\/wp-content\/uploads\/2019\/07\/Captura-de-pantalla-2019-07-23-a-las-15.23.13-1024x677.png 1024w, https:\/\/madeinzaragoza.es\/blog\/wp-content\/uploads\/2019\/07\/Captura-de-pantalla-2019-07-23-a-las-15.23.13-300x198.png 300w, https:\/\/madeinzaragoza.es\/blog\/wp-content\/uploads\/2019\/07\/Captura-de-pantalla-2019-07-23-a-las-15.23.13-768x508.png 768w, https:\/\/madeinzaragoza.es\/blog\/wp-content\/uploads\/2019\/07\/Captura-de-pantalla-2019-07-23-a-las-15.23.13-1200x794.png 1200w\" sizes=\"(max-width: 709px) 85vw, (max-width: 909px) 67vw, (max-width: 1362px) 62vw, 840px\" \/><img loading=\"lazy\" decoding=\"async\" class=\"alignnone size-large wp-image-25679\" src=\"http:\/\/madeinzaragoza.es\/blog\/wp-content\/uploads\/2019\/07\/Captura-de-pantalla-2019-07-23-a-las-14.05.08-1024x727.png\" alt=\"\" width=\"840\" height=\"596\" \/><img loading=\"lazy\" decoding=\"async\" class=\"alignnone size-large wp-image-25693\" src=\"http:\/\/madeinzaragoza.es\/blog\/wp-content\/uploads\/2019\/07\/Captura-de-pantalla-2019-07-23-a-las-15.23.24-1024x681.png\" alt=\"\" width=\"840\" height=\"559\" srcset=\"https:\/\/madeinzaragoza.es\/blog\/wp-content\/uploads\/2019\/07\/Captura-de-pantalla-2019-07-23-a-las-15.23.24-1024x681.png 1024w, https:\/\/madeinzaragoza.es\/blog\/wp-content\/uploads\/2019\/07\/Captura-de-pantalla-2019-07-23-a-las-15.23.24-300x200.png 300w, https:\/\/madeinzaragoza.es\/blog\/wp-content\/uploads\/2019\/07\/Captura-de-pantalla-2019-07-23-a-las-15.23.24-768x511.png 768w, https:\/\/madeinzaragoza.es\/blog\/wp-content\/uploads\/2019\/07\/Captura-de-pantalla-2019-07-23-a-las-15.23.24-1200x798.png 1200w\" sizes=\"(max-width: 709px) 85vw, (max-width: 909px) 67vw, (max-width: 1362px) 62vw, 840px\" \/><\/p>\n<p>&nbsp;<\/p>\n<ul>\n<li>Despu\u00e9s de ver unos cuantos ejemplos de \u201cantes y despu\u00e9s\u201d, unas ideas e inspiraciones para nuestras tipolog\u00edas de comercios llegamos a conclusiones claras de cada uno de ellos.<\/li>\n<\/ul>\n<p>&nbsp;<\/p>\n<ul>\n<li>Piccola es una tienda muy peque\u00f1ita en una plaza muy concurrida y c\u00e9ntrica de Zaragoza, con escasos 2 metros y medio de fachada cre\u00edmos que ten\u00eda que invertir esfuerzos en ella para que resaltara sobre el resto de comercios, muchas de las ideas que surgieron fueron el que sacara elementos al exterior para as\u00ed atraer la mirada de los viandantes pero debido a la normativa es bastante complicado el actuar fuera del comercio en esa plaza.<\/li>\n<\/ul>\n<p>&nbsp;<\/p>\n<p><img loading=\"lazy\" decoding=\"async\" class=\"alignnone size-large wp-image-25695\" src=\"http:\/\/madeinzaragoza.es\/blog\/wp-content\/uploads\/2019\/07\/Captura-de-pantalla-2019-07-23-a-las-15.28.44-1024x674.png\" alt=\"\" width=\"840\" height=\"553\" srcset=\"https:\/\/madeinzaragoza.es\/blog\/wp-content\/uploads\/2019\/07\/Captura-de-pantalla-2019-07-23-a-las-15.28.44-1024x674.png 1024w, https:\/\/madeinzaragoza.es\/blog\/wp-content\/uploads\/2019\/07\/Captura-de-pantalla-2019-07-23-a-las-15.28.44-300x198.png 300w, https:\/\/madeinzaragoza.es\/blog\/wp-content\/uploads\/2019\/07\/Captura-de-pantalla-2019-07-23-a-las-15.28.44-768x506.png 768w, https:\/\/madeinzaragoza.es\/blog\/wp-content\/uploads\/2019\/07\/Captura-de-pantalla-2019-07-23-a-las-15.28.44-1200x790.png 1200w\" sizes=\"(max-width: 709px) 85vw, (max-width: 909px) 67vw, (max-width: 1362px) 62vw, 840px\" \/><\/p>\n<p>&nbsp;<\/p>\n<ul>\n<li>Flores el Ed\u00e9n es una gran florister\u00eda en el barrio de Valdespartera, a diferencia de las florister\u00edas que nos vienen a la mente de los centros de las ciudades, llenas de flores y macetas que a veces hasta dificultan el paso, esta es muy amplia, quiz\u00e1 por eso, enseguida vimos que le faltaba algo de car\u00e1cter, un toque m\u00e1s natural y c\u00e1lido que precisamente con su g\u00e9nero es f\u00e1cil de conseguir y apostar por los tonos neutros y c\u00e1lidos en vez de por los rosas y blancos que tiene en la actualidad.<\/li>\n<\/ul>\n<p><img loading=\"lazy\" decoding=\"async\" class=\"alignnone size-large wp-image-25697\" src=\"http:\/\/madeinzaragoza.es\/blog\/wp-content\/uploads\/2019\/07\/Captura-de-pantalla-2019-07-23-a-las-15.28.54-1024x678.png\" alt=\"\" width=\"840\" height=\"556\" srcset=\"https:\/\/madeinzaragoza.es\/blog\/wp-content\/uploads\/2019\/07\/Captura-de-pantalla-2019-07-23-a-las-15.28.54-1024x678.png 1024w, https:\/\/madeinzaragoza.es\/blog\/wp-content\/uploads\/2019\/07\/Captura-de-pantalla-2019-07-23-a-las-15.28.54-300x199.png 300w, https:\/\/madeinzaragoza.es\/blog\/wp-content\/uploads\/2019\/07\/Captura-de-pantalla-2019-07-23-a-las-15.28.54-768x509.png 768w, https:\/\/madeinzaragoza.es\/blog\/wp-content\/uploads\/2019\/07\/Captura-de-pantalla-2019-07-23-a-las-15.28.54-1200x795.png 1200w\" sizes=\"(max-width: 709px) 85vw, (max-width: 909px) 67vw, (max-width: 1362px) 62vw, 840px\" \/><\/p>\n<ul>\n<li>La Botica de Ra\u00fal es un espacio muy bien ubicado en su barrio, un chafl\u00e1n con mucha visibilidad pero que interior y exterior no van al un\u00edsono, entra todas, cre\u00edmos que ese car\u00e1cter de botica que tiene al interior no se transmite en el exterior y deber\u00eda potenciar esa imagen en su fachada.<\/li>\n<\/ul>\n<p><img loading=\"lazy\" decoding=\"async\" class=\"alignnone size-large wp-image-25696\" src=\"http:\/\/madeinzaragoza.es\/blog\/wp-content\/uploads\/2019\/07\/Captura-de-pantalla-2019-07-23-a-las-15.29.02-1024x677.png\" alt=\"\" width=\"840\" height=\"555\" srcset=\"https:\/\/madeinzaragoza.es\/blog\/wp-content\/uploads\/2019\/07\/Captura-de-pantalla-2019-07-23-a-las-15.29.02-1024x677.png 1024w, https:\/\/madeinzaragoza.es\/blog\/wp-content\/uploads\/2019\/07\/Captura-de-pantalla-2019-07-23-a-las-15.29.02-300x198.png 300w, https:\/\/madeinzaragoza.es\/blog\/wp-content\/uploads\/2019\/07\/Captura-de-pantalla-2019-07-23-a-las-15.29.02-768x508.png 768w, https:\/\/madeinzaragoza.es\/blog\/wp-content\/uploads\/2019\/07\/Captura-de-pantalla-2019-07-23-a-las-15.29.02-1200x793.png 1200w\" sizes=\"(max-width: 709px) 85vw, (max-width: 909px) 67vw, (max-width: 1362px) 62vw, 840px\" \/><\/p>\n<p>&nbsp;<\/p>\n<p>Todo esto es lo que pudimos trabajar en las 3 intensas horas de workshop grupal pero nuestro email y tel\u00e9fono sigue recibiendo noticias de los pasos que van dando y preguntas que nos encanta contestar y aconsejar pues vemos que siguen con el dise\u00f1o de su espacio en mente&#8230; \ud83d\ude42 Qu\u00e9 bonita experiencia!!<\/p>\n","protected":false},"excerpt":{"rendered":"<p>&nbsp; Como sab\u00e9is, este MIZ-Lab hemos trabajado con Fabiola Gil Estudio, pero como ya pas\u00f3 el a\u00f1o pasado, se ha querido echar una mano desde Made in Zaragoza a otros proyectos que se presentaron al MIZ-Lab y que no resultaron elegidos. &nbsp; Este apoyo ha sido por medio de varios Workshops. En el caso del &hellip; <a href=\"https:\/\/madeinzaragoza.es\/blog\/workshop-de-diseno-de-espacio-en-la-iv-edicion-del-miz-lab\/\" class=\"more-link\">Continuar leyendo<span class=\"screen-reader-text\"> \u00abWorkshop de dise\u00f1o de espacio en la IV Edici\u00f3n del MIZ-lab\u00bb<\/span><\/a><\/p>\n","protected":false},"author":49,"featured_media":25685,"comment_status":"open","ping_status":"open","sticky":false,"template":"","format":"standard","meta":{"footnotes":""},"categories":[1554],"tags":[2040,1614,1523],"yoast_head":"<!-- This site is optimized with the Yoast SEO plugin v19.7.2 - https:\/\/yoast.com\/wordpress\/plugins\/seo\/ -->\n<title>Workshop de dise\u00f1o de espacio en la IV Edici\u00f3n del MIZ-lab - Made in Zaragoza<\/title>\n<meta name=\"robots\" content=\"index, follow, max-snippet:-1, max-image-preview:large, max-video-preview:-1\" \/>\n<link rel=\"canonical\" href=\"https:\/\/madeinzaragoza.es\/blog\/workshop-de-diseno-de-espacio-en-la-iv-edicion-del-miz-lab\/\" \/>\n<meta property=\"og:locale\" content=\"es_ES\" \/>\n<meta property=\"og:type\" content=\"article\" \/>\n<meta property=\"og:title\" content=\"Workshop de dise\u00f1o de espacio en la IV Edici\u00f3n del MIZ-lab - Made in Zaragoza\" \/>\n<meta property=\"og:description\" content=\"&nbsp; Como sab\u00e9is, este MIZ-Lab hemos trabajado con Fabiola Gil Estudio, pero como ya pas\u00f3 el a\u00f1o pasado, se ha querido echar una mano desde Made in Zaragoza a otros proyectos que se presentaron al MIZ-Lab y que no resultaron elegidos. &nbsp; Este apoyo ha sido por medio de varios Workshops. En el caso del &hellip; Continuar leyendo &quot;Workshop de dise\u00f1o de espacio en la IV Edici\u00f3n del MIZ-lab&quot;\" \/>\n<meta property=\"og:url\" content=\"https:\/\/madeinzaragoza.es\/blog\/workshop-de-diseno-de-espacio-en-la-iv-edicion-del-miz-lab\/\" \/>\n<meta property=\"og:site_name\" content=\"Made in Zaragoza\" \/>\n<meta property=\"article:publisher\" content=\"https:\/\/www.facebook.com\/madeinzaragoza.es\/\" \/>\n<meta property=\"article:published_time\" content=\"2019-07-23T13:35:34+00:00\" \/>\n<meta property=\"article:modified_time\" content=\"2019-07-23T17:42:45+00:00\" \/>\n<meta property=\"og:image\" content=\"https:\/\/madeinzaragoza.es\/blog\/wp-content\/uploads\/2019\/07\/Captura-de-pantalla-2019-07-23-a-las-15.21.40-1024x679.png\" \/>\n\t<meta property=\"og:image:width\" content=\"1024\" \/>\n\t<meta property=\"og:image:height\" content=\"679\" \/>\n\t<meta property=\"og:image:type\" content=\"image\/png\" \/>\n<meta name=\"author\" content=\"Recreando Estudio\" \/>\n<meta name=\"twitter:card\" content=\"summary\" \/>\n<meta name=\"twitter:creator\" content=\"@madeinzaragoza\" \/>\n<meta name=\"twitter:site\" content=\"@madeinzaragoza\" \/>\n<meta name=\"twitter:label1\" content=\"Escrito por\" \/>\n\t<meta name=\"twitter:data1\" content=\"Recreando Estudio\" \/>\n\t<meta name=\"twitter:label2\" content=\"Tiempo de lectura\" \/>\n\t<meta name=\"twitter:data2\" content=\"4 minutos\" \/>\n<script type=\"application\/ld+json\" class=\"yoast-schema-graph\">{\"@context\":\"https:\/\/schema.org\",\"@graph\":[{\"@type\":\"Article\",\"@id\":\"https:\/\/madeinzaragoza.es\/blog\/workshop-de-diseno-de-espacio-en-la-iv-edicion-del-miz-lab\/#article\",\"isPartOf\":{\"@id\":\"https:\/\/madeinzaragoza.es\/blog\/workshop-de-diseno-de-espacio-en-la-iv-edicion-del-miz-lab\/\"},\"author\":{\"name\":\"Recreando Estudio\",\"@id\":\"https:\/\/madeinzaragoza.es\/blog\/#\/schema\/person\/a7967e126429bfd6d3b99d3b34a2590e\"},\"headline\":\"Workshop de dise\u00f1o de espacio en la IV Edici\u00f3n del MIZ-lab\",\"datePublished\":\"2019-07-23T13:35:34+00:00\",\"dateModified\":\"2019-07-23T17:42:45+00:00\",\"mainEntityOfPage\":{\"@id\":\"https:\/\/madeinzaragoza.es\/blog\/workshop-de-diseno-de-espacio-en-la-iv-edicion-del-miz-lab\/\"},\"wordCount\":863,\"commentCount\":0,\"publisher\":{\"@id\":\"https:\/\/madeinzaragoza.es\/blog\/#organization\"},\"keywords\":[\"IV MIZ-lab\",\"MIZ-LAB\",\"workshops\"],\"articleSection\":[\"MIZ-Lab\"],\"inLanguage\":\"es\",\"potentialAction\":[{\"@type\":\"CommentAction\",\"name\":\"Comment\",\"target\":[\"https:\/\/madeinzaragoza.es\/blog\/workshop-de-diseno-de-espacio-en-la-iv-edicion-del-miz-lab\/#respond\"]}]},{\"@type\":\"WebPage\",\"@id\":\"https:\/\/madeinzaragoza.es\/blog\/workshop-de-diseno-de-espacio-en-la-iv-edicion-del-miz-lab\/\",\"url\":\"https:\/\/madeinzaragoza.es\/blog\/workshop-de-diseno-de-espacio-en-la-iv-edicion-del-miz-lab\/\",\"name\":\"Workshop de dise\u00f1o de espacio en la IV Edici\u00f3n del MIZ-lab - Made in Zaragoza\",\"isPartOf\":{\"@id\":\"https:\/\/madeinzaragoza.es\/blog\/#website\"},\"datePublished\":\"2019-07-23T13:35:34+00:00\",\"dateModified\":\"2019-07-23T17:42:45+00:00\",\"breadcrumb\":{\"@id\":\"https:\/\/madeinzaragoza.es\/blog\/workshop-de-diseno-de-espacio-en-la-iv-edicion-del-miz-lab\/#breadcrumb\"},\"inLanguage\":\"es\",\"potentialAction\":[{\"@type\":\"ReadAction\",\"target\":[\"https:\/\/madeinzaragoza.es\/blog\/workshop-de-diseno-de-espacio-en-la-iv-edicion-del-miz-lab\/\"]}]},{\"@type\":\"BreadcrumbList\",\"@id\":\"https:\/\/madeinzaragoza.es\/blog\/workshop-de-diseno-de-espacio-en-la-iv-edicion-del-miz-lab\/#breadcrumb\",\"itemListElement\":[{\"@type\":\"ListItem\",\"position\":1,\"name\":\"Portada\",\"item\":\"https:\/\/madeinzaragoza.es\/blog\/\"},{\"@type\":\"ListItem\",\"position\":2,\"name\":\"Workshop de dise\u00f1o de espacio en la IV Edici\u00f3n del MIZ-lab\"}]},{\"@type\":\"WebSite\",\"@id\":\"https:\/\/madeinzaragoza.es\/blog\/#website\",\"url\":\"https:\/\/madeinzaragoza.es\/blog\/\",\"name\":\"Made in Zaragoza\",\"description\":\"Blog de MadeinZGZ, Red de Econom\u00eda Creativa de Zaragoza\",\"publisher\":{\"@id\":\"https:\/\/madeinzaragoza.es\/blog\/#organization\"},\"potentialAction\":[{\"@type\":\"SearchAction\",\"target\":{\"@type\":\"EntryPoint\",\"urlTemplate\":\"https:\/\/madeinzaragoza.es\/blog\/?s={search_term_string}\"},\"query-input\":\"required name=search_term_string\"}],\"inLanguage\":\"es\"},{\"@type\":\"Organization\",\"@id\":\"https:\/\/madeinzaragoza.es\/blog\/#organization\",\"name\":\"Made In Zaragoza\",\"url\":\"https:\/\/madeinzaragoza.es\/blog\/\",\"sameAs\":[\"https:\/\/www.instagram.com\/madeinzaragoza.es\/\",\"https:\/\/www.facebook.com\/madeinzaragoza.es\/\",\"https:\/\/twitter.com\/madeinzaragoza\"],\"logo\":{\"@type\":\"ImageObject\",\"inLanguage\":\"es\",\"@id\":\"https:\/\/madeinzaragoza.es\/blog\/#\/schema\/logo\/image\/\",\"url\":\"https:\/\/madeinzaragoza.es\/blog\/wp-content\/uploads\/2022\/05\/logo.png\",\"contentUrl\":\"https:\/\/madeinzaragoza.es\/blog\/wp-content\/uploads\/2022\/05\/logo.png\",\"width\":193,\"height\":176,\"caption\":\"Made In Zaragoza\"},\"image\":{\"@id\":\"https:\/\/madeinzaragoza.es\/blog\/#\/schema\/logo\/image\/\"}},{\"@type\":\"Person\",\"@id\":\"https:\/\/madeinzaragoza.es\/blog\/#\/schema\/person\/a7967e126429bfd6d3b99d3b34a2590e\",\"name\":\"Recreando Estudio\",\"image\":{\"@type\":\"ImageObject\",\"inLanguage\":\"es\",\"@id\":\"https:\/\/madeinzaragoza.es\/blog\/#\/schema\/person\/image\/\",\"url\":\"https:\/\/secure.gravatar.com\/avatar\/b64a9b785b875a20d135b20d711a193d?s=96&d=mm&r=g\",\"contentUrl\":\"https:\/\/secure.gravatar.com\/avatar\/b64a9b785b875a20d135b20d711a193d?s=96&d=mm&r=g\",\"caption\":\"Recreando Estudio\"},\"description\":\"Recreando Estudio Creativo es una cooperativa de iniciativa social que dise\u00f1a y desarrolla proyectos creativos poniendo en el centro el cuidado de las personas y el entorno. Como consultoras de imagen en el MIZ-Lab, ayudan a proyectos locales a alinear su identidad visual y sus espacios con el valor real de sus productos, desplegando su creatividad y valores en cada intervenci\u00f3n.\",\"sameAs\":[\"https:\/\/recreandoestudio.com\/\",\"https:\/\/www.instagram.com\/recreandoestudio\/\",\"https:\/\/www.linkedin.com\/company\/recreando-estudio-creativo\/?originalSubdomain=es\"],\"url\":\"https:\/\/madeinzaragoza.es\/blog\/author\/recreando-estudio\/\"}]}<\/script>\n<!-- \/ Yoast SEO plugin. -->","yoast_head_json":{"title":"Workshop de dise\u00f1o de espacio en la IV Edici\u00f3n del MIZ-lab - Made in Zaragoza","robots":{"index":"index","follow":"follow","max-snippet":"max-snippet:-1","max-image-preview":"max-image-preview:large","max-video-preview":"max-video-preview:-1"},"canonical":"https:\/\/madeinzaragoza.es\/blog\/workshop-de-diseno-de-espacio-en-la-iv-edicion-del-miz-lab\/","og_locale":"es_ES","og_type":"article","og_title":"Workshop de dise\u00f1o de espacio en la IV Edici\u00f3n del MIZ-lab - Made in Zaragoza","og_description":"&nbsp; Como sab\u00e9is, este MIZ-Lab hemos trabajado con Fabiola Gil Estudio, pero como ya pas\u00f3 el a\u00f1o pasado, se ha querido echar una mano desde Made in Zaragoza a otros proyectos que se presentaron al MIZ-Lab y que no resultaron elegidos. &nbsp; Este apoyo ha sido por medio de varios Workshops. En el caso del &hellip; Continuar leyendo \"Workshop de dise\u00f1o de espacio en la IV Edici\u00f3n del MIZ-lab\"","og_url":"https:\/\/madeinzaragoza.es\/blog\/workshop-de-diseno-de-espacio-en-la-iv-edicion-del-miz-lab\/","og_site_name":"Made in Zaragoza","article_publisher":"https:\/\/www.facebook.com\/madeinzaragoza.es\/","article_published_time":"2019-07-23T13:35:34+00:00","article_modified_time":"2019-07-23T17:42:45+00:00","og_image":[{"width":1024,"height":679,"url":"https:\/\/madeinzaragoza.es\/blog\/wp-content\/uploads\/2019\/07\/Captura-de-pantalla-2019-07-23-a-las-15.21.40-1024x679.png","type":"image\/png"}],"author":"Recreando Estudio","twitter_card":"summary","twitter_creator":"@madeinzaragoza","twitter_site":"@madeinzaragoza","twitter_misc":{"Escrito por":"Recreando Estudio","Tiempo de lectura":"4 minutos"},"schema":{"@context":"https:\/\/schema.org","@graph":[{"@type":"Article","@id":"https:\/\/madeinzaragoza.es\/blog\/workshop-de-diseno-de-espacio-en-la-iv-edicion-del-miz-lab\/#article","isPartOf":{"@id":"https:\/\/madeinzaragoza.es\/blog\/workshop-de-diseno-de-espacio-en-la-iv-edicion-del-miz-lab\/"},"author":{"name":"Recreando Estudio","@id":"https:\/\/madeinzaragoza.es\/blog\/#\/schema\/person\/a7967e126429bfd6d3b99d3b34a2590e"},"headline":"Workshop de dise\u00f1o de espacio en la IV Edici\u00f3n del MIZ-lab","datePublished":"2019-07-23T13:35:34+00:00","dateModified":"2019-07-23T17:42:45+00:00","mainEntityOfPage":{"@id":"https:\/\/madeinzaragoza.es\/blog\/workshop-de-diseno-de-espacio-en-la-iv-edicion-del-miz-lab\/"},"wordCount":863,"commentCount":0,"publisher":{"@id":"https:\/\/madeinzaragoza.es\/blog\/#organization"},"keywords":["IV MIZ-lab","MIZ-LAB","workshops"],"articleSection":["MIZ-Lab"],"inLanguage":"es","potentialAction":[{"@type":"CommentAction","name":"Comment","target":["https:\/\/madeinzaragoza.es\/blog\/workshop-de-diseno-de-espacio-en-la-iv-edicion-del-miz-lab\/#respond"]}]},{"@type":"WebPage","@id":"https:\/\/madeinzaragoza.es\/blog\/workshop-de-diseno-de-espacio-en-la-iv-edicion-del-miz-lab\/","url":"https:\/\/madeinzaragoza.es\/blog\/workshop-de-diseno-de-espacio-en-la-iv-edicion-del-miz-lab\/","name":"Workshop de dise\u00f1o de espacio en la IV Edici\u00f3n del MIZ-lab - Made in Zaragoza","isPartOf":{"@id":"https:\/\/madeinzaragoza.es\/blog\/#website"},"datePublished":"2019-07-23T13:35:34+00:00","dateModified":"2019-07-23T17:42:45+00:00","breadcrumb":{"@id":"https:\/\/madeinzaragoza.es\/blog\/workshop-de-diseno-de-espacio-en-la-iv-edicion-del-miz-lab\/#breadcrumb"},"inLanguage":"es","potentialAction":[{"@type":"ReadAction","target":["https:\/\/madeinzaragoza.es\/blog\/workshop-de-diseno-de-espacio-en-la-iv-edicion-del-miz-lab\/"]}]},{"@type":"BreadcrumbList","@id":"https:\/\/madeinzaragoza.es\/blog\/workshop-de-diseno-de-espacio-en-la-iv-edicion-del-miz-lab\/#breadcrumb","itemListElement":[{"@type":"ListItem","position":1,"name":"Portada","item":"https:\/\/madeinzaragoza.es\/blog\/"},{"@type":"ListItem","position":2,"name":"Workshop de dise\u00f1o de espacio en la IV Edici\u00f3n del MIZ-lab"}]},{"@type":"WebSite","@id":"https:\/\/madeinzaragoza.es\/blog\/#website","url":"https:\/\/madeinzaragoza.es\/blog\/","name":"Made in Zaragoza","description":"Blog de MadeinZGZ, Red de Econom\u00eda Creativa de Zaragoza","publisher":{"@id":"https:\/\/madeinzaragoza.es\/blog\/#organization"},"potentialAction":[{"@type":"SearchAction","target":{"@type":"EntryPoint","urlTemplate":"https:\/\/madeinzaragoza.es\/blog\/?s={search_term_string}"},"query-input":"required name=search_term_string"}],"inLanguage":"es"},{"@type":"Organization","@id":"https:\/\/madeinzaragoza.es\/blog\/#organization","name":"Made In Zaragoza","url":"https:\/\/madeinzaragoza.es\/blog\/","sameAs":["https:\/\/www.instagram.com\/madeinzaragoza.es\/","https:\/\/www.facebook.com\/madeinzaragoza.es\/","https:\/\/twitter.com\/madeinzaragoza"],"logo":{"@type":"ImageObject","inLanguage":"es","@id":"https:\/\/madeinzaragoza.es\/blog\/#\/schema\/logo\/image\/","url":"https:\/\/madeinzaragoza.es\/blog\/wp-content\/uploads\/2022\/05\/logo.png","contentUrl":"https:\/\/madeinzaragoza.es\/blog\/wp-content\/uploads\/2022\/05\/logo.png","width":193,"height":176,"caption":"Made In Zaragoza"},"image":{"@id":"https:\/\/madeinzaragoza.es\/blog\/#\/schema\/logo\/image\/"}},{"@type":"Person","@id":"https:\/\/madeinzaragoza.es\/blog\/#\/schema\/person\/a7967e126429bfd6d3b99d3b34a2590e","name":"Recreando Estudio","image":{"@type":"ImageObject","inLanguage":"es","@id":"https:\/\/madeinzaragoza.es\/blog\/#\/schema\/person\/image\/","url":"https:\/\/secure.gravatar.com\/avatar\/b64a9b785b875a20d135b20d711a193d?s=96&d=mm&r=g","contentUrl":"https:\/\/secure.gravatar.com\/avatar\/b64a9b785b875a20d135b20d711a193d?s=96&d=mm&r=g","caption":"Recreando Estudio"},"description":"Recreando Estudio Creativo es una cooperativa de iniciativa social que dise\u00f1a y desarrolla proyectos creativos poniendo en el centro el cuidado de las personas y el entorno. Como consultoras de imagen en el MIZ-Lab, ayudan a proyectos locales a alinear su identidad visual y sus espacios con el valor real de sus productos, desplegando su creatividad y valores en cada intervenci\u00f3n.","sameAs":["https:\/\/recreandoestudio.com\/","https:\/\/www.instagram.com\/recreandoestudio\/","https:\/\/www.linkedin.com\/company\/recreando-estudio-creativo\/?originalSubdomain=es"],"url":"https:\/\/madeinzaragoza.es\/blog\/author\/recreando-estudio\/"}]}},"_links":{"self":[{"href":"https:\/\/madeinzaragoza.es\/blog\/wp-json\/wp\/v2\/posts\/25665"}],"collection":[{"href":"https:\/\/madeinzaragoza.es\/blog\/wp-json\/wp\/v2\/posts"}],"about":[{"href":"https:\/\/madeinzaragoza.es\/blog\/wp-json\/wp\/v2\/types\/post"}],"author":[{"embeddable":true,"href":"https:\/\/madeinzaragoza.es\/blog\/wp-json\/wp\/v2\/users\/49"}],"replies":[{"embeddable":true,"href":"https:\/\/madeinzaragoza.es\/blog\/wp-json\/wp\/v2\/comments?post=25665"}],"version-history":[{"count":8,"href":"https:\/\/madeinzaragoza.es\/blog\/wp-json\/wp\/v2\/posts\/25665\/revisions"}],"predecessor-version":[{"id":25705,"href":"https:\/\/madeinzaragoza.es\/blog\/wp-json\/wp\/v2\/posts\/25665\/revisions\/25705"}],"wp:featuredmedia":[{"embeddable":true,"href":"https:\/\/madeinzaragoza.es\/blog\/wp-json\/wp\/v2\/media\/25685"}],"wp:attachment":[{"href":"https:\/\/madeinzaragoza.es\/blog\/wp-json\/wp\/v2\/media?parent=25665"}],"wp:term":[{"taxonomy":"category","embeddable":true,"href":"https:\/\/madeinzaragoza.es\/blog\/wp-json\/wp\/v2\/categories?post=25665"},{"taxonomy":"post_tag","embeddable":true,"href":"https:\/\/madeinzaragoza.es\/blog\/wp-json\/wp\/v2\/tags?post=25665"}],"curies":[{"name":"wp","href":"https:\/\/api.w.org\/{rel}","templated":true}]}}