{"id":25511,"date":"2019-07-08T13:54:52","date_gmt":"2019-07-08T12:54:52","guid":{"rendered":"http:\/\/madeinzaragoza.es\/blog\/?p=25511"},"modified":"2019-07-08T13:54:52","modified_gmt":"2019-07-08T12:54:52","slug":"finaliza-el-4o-mizlab-en-el-espacio-fisico-de-fabiola-gil","status":"publish","type":"post","link":"https:\/\/madeinzaragoza.es\/blog\/finaliza-el-4o-mizlab-en-el-espacio-fisico-de-fabiola-gil\/","title":{"rendered":"Finaliza el 4\u00ba MIZlab en el espacio f\u00edsico de Fabiola Gil"},"content":{"rendered":"<p>Ponemos punto y final a este 4\u00ba MIZlab en el que lo m\u00e1s relevante para nosotras ha sido conseguir resolver las necesidades que ten\u00eda Fabiola adapt\u00e1ndonos al presupuesto econ\u00f3mico del que dispon\u00edamos.<\/p>\n<p>De esta manera, hemos fabricado artesanalmente un pa\u00f1o para el toldo ya existente con intenci\u00f3n de visibilizar la imagen de marca de Fabiola Gil Estudio al exterior.<\/p>\n<p>Para esto, compramos una lona del azul m\u00e1s similar que encontramos, la serigrafiamos a varias caras con el logotipo del estudio y la cosimos al toldo.<\/p>\n<p>Un aprendizaje m\u00e1s para nosotras y para demostrar como siempre se le puede dar una vuelta a un espacio f\u00edsico sin necesidad de invertir mucho dinero.<\/p>\n<p>&nbsp;<\/p>\n<p><img loading=\"lazy\" decoding=\"async\" class=\"alignnone size-large wp-image-25514\" src=\"http:\/\/madeinzaragoza.es\/blog\/wp-content\/uploads\/2019\/07\/d5022fa7-85f4-4274-a0e4-0898f407e8ad-1024x575.jpg\" alt=\"\" width=\"840\" height=\"472\" srcset=\"https:\/\/madeinzaragoza.es\/blog\/wp-content\/uploads\/2019\/07\/d5022fa7-85f4-4274-a0e4-0898f407e8ad-1024x575.jpg 1024w, https:\/\/madeinzaragoza.es\/blog\/wp-content\/uploads\/2019\/07\/d5022fa7-85f4-4274-a0e4-0898f407e8ad-300x168.jpg 300w, https:\/\/madeinzaragoza.es\/blog\/wp-content\/uploads\/2019\/07\/d5022fa7-85f4-4274-a0e4-0898f407e8ad-768x431.jpg 768w, https:\/\/madeinzaragoza.es\/blog\/wp-content\/uploads\/2019\/07\/d5022fa7-85f4-4274-a0e4-0898f407e8ad-1200x673.jpg 1200w, https:\/\/madeinzaragoza.es\/blog\/wp-content\/uploads\/2019\/07\/d5022fa7-85f4-4274-a0e4-0898f407e8ad.jpg 1572w\" sizes=\"(max-width: 709px) 85vw, (max-width: 909px) 67vw, (max-width: 1362px) 62vw, 840px\" \/><\/p>\n<p>&nbsp;<\/p>\n<p>Como comentamos en el anterior post, lo principal respecto a la estrategia del espacio f\u00edsico en este MIZlab era <strong>aumentar la visibilidad del estudio de Fabiola en la calle Palafox<\/strong>, la calle en la que est\u00e1 ubicada y en la cual pasaba relativamente desapercibida por no tener ning\u00fan logotipo en el exterior.<\/p>\n<p>A esto se suma que Fabiola tiene el escaparate compartido con la compa\u00f1era restauradora con la que comparte local as\u00ed que cuando pasabas por la calle e intentabas saber qu\u00e9 era lo que pasaba en el interior de ese espacio, era bastante confuso, as\u00ed que por medio de vinilo de corte <strong>hemos creado una divisi\u00f3n visual<\/strong> para Fabiola y otra para su compa\u00f1era de <a href=\"https:\/\/www.instagram.com\/adarverestauracion\/?hl=es\" class=\"broken_link\">Adarve Restauraci\u00f3n<\/a><\/p>\n<p>&nbsp;<\/p>\n<p><img loading=\"lazy\" decoding=\"async\" class=\"alignnone size-large wp-image-25517\" src=\"http:\/\/madeinzaragoza.es\/blog\/wp-content\/uploads\/2019\/07\/IMG_4885-1024x768.jpg\" alt=\"\" width=\"840\" height=\"630\" srcset=\"https:\/\/madeinzaragoza.es\/blog\/wp-content\/uploads\/2019\/07\/IMG_4885-1024x768.jpg 1024w, https:\/\/madeinzaragoza.es\/blog\/wp-content\/uploads\/2019\/07\/IMG_4885-300x225.jpg 300w, https:\/\/madeinzaragoza.es\/blog\/wp-content\/uploads\/2019\/07\/IMG_4885-768x576.jpg 768w, https:\/\/madeinzaragoza.es\/blog\/wp-content\/uploads\/2019\/07\/IMG_4885-1200x900.jpg 1200w\" sizes=\"(max-width: 709px) 85vw, (max-width: 909px) 67vw, (max-width: 1362px) 62vw, 840px\" \/><\/p>\n<p>&nbsp;<\/p>\n<p>Como \u00faltimo paso, y como solicitud por parte de Fabiola de aumentar la zona de mesas donde trabajan los alumnos en su curso, hemos hecho una peque\u00f1a redistribuci\u00f3n en el interior y comprado un tablero de madera de pino alistonada para crear una mesa auxiliar donde poder hacer ciertos trabajos.<\/p>\n<p>As\u00ed finaliza esta \u00faltima convocatoria, el 4\u00ba MIZlab, del que nos quedamos con haber conocido el fant\u00e1stico trabajo que hace Fabiola, de ser su pasi\u00f3n a poco a poco convertirlo en profesi\u00f3n, del cari\u00f1o y la minuciosidad con la que hace cada grabado, de su creatividad sin l\u00edmites y de lo mucho que la quieren sus alumnos, que por algo ser\u00e1.<\/p>\n<p>&nbsp;<\/p>\n<p><img loading=\"lazy\" decoding=\"async\" class=\"alignnone size-large wp-image-25512\" src=\"http:\/\/madeinzaragoza.es\/blog\/wp-content\/uploads\/2019\/07\/9484a45d-59ec-437c-954b-7684c36940c1-1024x523.jpg\" alt=\"\" width=\"840\" height=\"429\" srcset=\"https:\/\/madeinzaragoza.es\/blog\/wp-content\/uploads\/2019\/07\/9484a45d-59ec-437c-954b-7684c36940c1-1024x523.jpg 1024w, https:\/\/madeinzaragoza.es\/blog\/wp-content\/uploads\/2019\/07\/9484a45d-59ec-437c-954b-7684c36940c1-300x153.jpg 300w, https:\/\/madeinzaragoza.es\/blog\/wp-content\/uploads\/2019\/07\/9484a45d-59ec-437c-954b-7684c36940c1-768x392.jpg 768w, https:\/\/madeinzaragoza.es\/blog\/wp-content\/uploads\/2019\/07\/9484a45d-59ec-437c-954b-7684c36940c1-1200x613.jpg 1200w, https:\/\/madeinzaragoza.es\/blog\/wp-content\/uploads\/2019\/07\/9484a45d-59ec-437c-954b-7684c36940c1.jpg 1495w\" sizes=\"(max-width: 709px) 85vw, (max-width: 909px) 67vw, (max-width: 1362px) 62vw, 840px\" \/><\/p>\n<p>&nbsp;<\/p>\n","protected":false},"excerpt":{"rendered":"<p>Ponemos punto y final a este 4\u00ba MIZlab en el que lo m\u00e1s relevante para nosotras ha sido conseguir resolver las necesidades que ten\u00eda Fabiola adapt\u00e1ndonos al presupuesto econ\u00f3mico del que dispon\u00edamos. De esta manera, hemos fabricado artesanalmente un pa\u00f1o para el toldo ya existente con intenci\u00f3n de visibilizar la imagen de marca de Fabiola &hellip; <a href=\"https:\/\/madeinzaragoza.es\/blog\/finaliza-el-4o-mizlab-en-el-espacio-fisico-de-fabiola-gil\/\" class=\"more-link\">Continuar leyendo<span class=\"screen-reader-text\"> \u00abFinaliza el 4\u00ba MIZlab en el espacio f\u00edsico de Fabiola Gil\u00bb<\/span><\/a><\/p>\n","protected":false},"author":49,"featured_media":25513,"comment_status":"open","ping_status":"open","sticky":false,"template":"","format":"standard","meta":{"footnotes":""},"categories":[1],"tags":[],"yoast_head":"<!-- This site is optimized with the Yoast SEO plugin v19.7.2 - https:\/\/yoast.com\/wordpress\/plugins\/seo\/ -->\n<title>Finaliza el 4\u00ba MIZlab en el espacio f\u00edsico de Fabiola Gil - Made in Zaragoza<\/title>\n<meta name=\"robots\" content=\"index, follow, max-snippet:-1, max-image-preview:large, max-video-preview:-1\" \/>\n<link rel=\"canonical\" href=\"https:\/\/madeinzaragoza.es\/blog\/finaliza-el-4o-mizlab-en-el-espacio-fisico-de-fabiola-gil\/\" \/>\n<meta property=\"og:locale\" content=\"es_ES\" \/>\n<meta property=\"og:type\" content=\"article\" \/>\n<meta property=\"og:title\" content=\"Finaliza el 4\u00ba MIZlab en el espacio f\u00edsico de Fabiola Gil - Made in Zaragoza\" \/>\n<meta property=\"og:description\" content=\"Ponemos punto y final a este 4\u00ba MIZlab en el que lo m\u00e1s relevante para nosotras ha sido conseguir resolver las necesidades que ten\u00eda Fabiola adapt\u00e1ndonos al presupuesto econ\u00f3mico del que dispon\u00edamos. De esta manera, hemos fabricado artesanalmente un pa\u00f1o para el toldo ya existente con intenci\u00f3n de visibilizar la imagen de marca de Fabiola &hellip; Continuar leyendo &quot;Finaliza el 4\u00ba MIZlab en el espacio f\u00edsico de Fabiola Gil&quot;\" \/>\n<meta property=\"og:url\" content=\"https:\/\/madeinzaragoza.es\/blog\/finaliza-el-4o-mizlab-en-el-espacio-fisico-de-fabiola-gil\/\" \/>\n<meta property=\"og:site_name\" content=\"Made in Zaragoza\" \/>\n<meta property=\"article:publisher\" content=\"https:\/\/www.facebook.com\/madeinzaragoza.es\/\" \/>\n<meta property=\"article:published_time\" content=\"2019-07-08T12:54:52+00:00\" \/>\n<meta property=\"og:image\" content=\"https:\/\/madeinzaragoza.es\/blog\/wp-content\/uploads\/2019\/07\/adf0827b-cdef-4a32-ba8c-a1495b213399.jpg\" \/>\n\t<meta property=\"og:image:width\" content=\"898\" \/>\n\t<meta property=\"og:image:height\" content=\"957\" \/>\n\t<meta property=\"og:image:type\" content=\"image\/jpeg\" \/>\n<meta name=\"author\" content=\"Recreando Estudio\" \/>\n<meta name=\"twitter:card\" content=\"summary\" \/>\n<meta name=\"twitter:creator\" content=\"@madeinzaragoza\" \/>\n<meta name=\"twitter:site\" content=\"@madeinzaragoza\" \/>\n<meta name=\"twitter:label1\" content=\"Escrito por\" \/>\n\t<meta name=\"twitter:data1\" content=\"Recreando Estudio\" \/>\n\t<meta name=\"twitter:label2\" content=\"Tiempo de lectura\" \/>\n\t<meta name=\"twitter:data2\" content=\"2 minutos\" \/>\n<script type=\"application\/ld+json\" class=\"yoast-schema-graph\">{\"@context\":\"https:\/\/schema.org\",\"@graph\":[{\"@type\":\"Article\",\"@id\":\"https:\/\/madeinzaragoza.es\/blog\/finaliza-el-4o-mizlab-en-el-espacio-fisico-de-fabiola-gil\/#article\",\"isPartOf\":{\"@id\":\"https:\/\/madeinzaragoza.es\/blog\/finaliza-el-4o-mizlab-en-el-espacio-fisico-de-fabiola-gil\/\"},\"author\":{\"name\":\"Recreando Estudio\",\"@id\":\"https:\/\/madeinzaragoza.es\/blog\/#\/schema\/person\/a7967e126429bfd6d3b99d3b34a2590e\"},\"headline\":\"Finaliza el 4\u00ba MIZlab en el espacio f\u00edsico de Fabiola Gil\",\"datePublished\":\"2019-07-08T12:54:52+00:00\",\"dateModified\":\"2019-07-08T12:54:52+00:00\",\"mainEntityOfPage\":{\"@id\":\"https:\/\/madeinzaragoza.es\/blog\/finaliza-el-4o-mizlab-en-el-espacio-fisico-de-fabiola-gil\/\"},\"wordCount\":378,\"commentCount\":0,\"publisher\":{\"@id\":\"https:\/\/madeinzaragoza.es\/blog\/#organization\"},\"articleSection\":[\"Tendencias\"],\"inLanguage\":\"es\",\"potentialAction\":[{\"@type\":\"CommentAction\",\"name\":\"Comment\",\"target\":[\"https:\/\/madeinzaragoza.es\/blog\/finaliza-el-4o-mizlab-en-el-espacio-fisico-de-fabiola-gil\/#respond\"]}]},{\"@type\":\"WebPage\",\"@id\":\"https:\/\/madeinzaragoza.es\/blog\/finaliza-el-4o-mizlab-en-el-espacio-fisico-de-fabiola-gil\/\",\"url\":\"https:\/\/madeinzaragoza.es\/blog\/finaliza-el-4o-mizlab-en-el-espacio-fisico-de-fabiola-gil\/\",\"name\":\"Finaliza el 4\u00ba MIZlab en el espacio f\u00edsico de Fabiola Gil - Made in Zaragoza\",\"isPartOf\":{\"@id\":\"https:\/\/madeinzaragoza.es\/blog\/#website\"},\"datePublished\":\"2019-07-08T12:54:52+00:00\",\"dateModified\":\"2019-07-08T12:54:52+00:00\",\"breadcrumb\":{\"@id\":\"https:\/\/madeinzaragoza.es\/blog\/finaliza-el-4o-mizlab-en-el-espacio-fisico-de-fabiola-gil\/#breadcrumb\"},\"inLanguage\":\"es\",\"potentialAction\":[{\"@type\":\"ReadAction\",\"target\":[\"https:\/\/madeinzaragoza.es\/blog\/finaliza-el-4o-mizlab-en-el-espacio-fisico-de-fabiola-gil\/\"]}]},{\"@type\":\"BreadcrumbList\",\"@id\":\"https:\/\/madeinzaragoza.es\/blog\/finaliza-el-4o-mizlab-en-el-espacio-fisico-de-fabiola-gil\/#breadcrumb\",\"itemListElement\":[{\"@type\":\"ListItem\",\"position\":1,\"name\":\"Portada\",\"item\":\"https:\/\/madeinzaragoza.es\/blog\/\"},{\"@type\":\"ListItem\",\"position\":2,\"name\":\"Finaliza el 4\u00ba MIZlab en el espacio f\u00edsico de Fabiola Gil\"}]},{\"@type\":\"WebSite\",\"@id\":\"https:\/\/madeinzaragoza.es\/blog\/#website\",\"url\":\"https:\/\/madeinzaragoza.es\/blog\/\",\"name\":\"Made in Zaragoza\",\"description\":\"Blog de MadeinZGZ, Red de Econom\u00eda Creativa de Zaragoza\",\"publisher\":{\"@id\":\"https:\/\/madeinzaragoza.es\/blog\/#organization\"},\"potentialAction\":[{\"@type\":\"SearchAction\",\"target\":{\"@type\":\"EntryPoint\",\"urlTemplate\":\"https:\/\/madeinzaragoza.es\/blog\/?s={search_term_string}\"},\"query-input\":\"required name=search_term_string\"}],\"inLanguage\":\"es\"},{\"@type\":\"Organization\",\"@id\":\"https:\/\/madeinzaragoza.es\/blog\/#organization\",\"name\":\"Made In Zaragoza\",\"url\":\"https:\/\/madeinzaragoza.es\/blog\/\",\"sameAs\":[\"https:\/\/www.instagram.com\/madeinzaragoza.es\/\",\"https:\/\/www.facebook.com\/madeinzaragoza.es\/\",\"https:\/\/twitter.com\/madeinzaragoza\"],\"logo\":{\"@type\":\"ImageObject\",\"inLanguage\":\"es\",\"@id\":\"https:\/\/madeinzaragoza.es\/blog\/#\/schema\/logo\/image\/\",\"url\":\"https:\/\/madeinzaragoza.es\/blog\/wp-content\/uploads\/2022\/05\/logo.png\",\"contentUrl\":\"https:\/\/madeinzaragoza.es\/blog\/wp-content\/uploads\/2022\/05\/logo.png\",\"width\":193,\"height\":176,\"caption\":\"Made In Zaragoza\"},\"image\":{\"@id\":\"https:\/\/madeinzaragoza.es\/blog\/#\/schema\/logo\/image\/\"}},{\"@type\":\"Person\",\"@id\":\"https:\/\/madeinzaragoza.es\/blog\/#\/schema\/person\/a7967e126429bfd6d3b99d3b34a2590e\",\"name\":\"Recreando Estudio\",\"image\":{\"@type\":\"ImageObject\",\"inLanguage\":\"es\",\"@id\":\"https:\/\/madeinzaragoza.es\/blog\/#\/schema\/person\/image\/\",\"url\":\"https:\/\/secure.gravatar.com\/avatar\/b64a9b785b875a20d135b20d711a193d?s=96&d=mm&r=g\",\"contentUrl\":\"https:\/\/secure.gravatar.com\/avatar\/b64a9b785b875a20d135b20d711a193d?s=96&d=mm&r=g\",\"caption\":\"Recreando Estudio\"},\"description\":\"Recreando Estudio Creativo es una cooperativa de iniciativa social que dise\u00f1a y desarrolla proyectos creativos poniendo en el centro el cuidado de las personas y el entorno. Como consultoras de imagen en el MIZ-Lab, ayudan a proyectos locales a alinear su identidad visual y sus espacios con el valor real de sus productos, desplegando su creatividad y valores en cada intervenci\u00f3n.\",\"sameAs\":[\"https:\/\/recreandoestudio.com\/\",\"https:\/\/www.instagram.com\/recreandoestudio\/\",\"https:\/\/www.linkedin.com\/company\/recreando-estudio-creativo\/?originalSubdomain=es\"],\"url\":\"https:\/\/madeinzaragoza.es\/blog\/author\/recreando-estudio\/\"}]}<\/script>\n<!-- \/ Yoast SEO plugin. -->","yoast_head_json":{"title":"Finaliza el 4\u00ba MIZlab en el espacio f\u00edsico de Fabiola Gil - Made in Zaragoza","robots":{"index":"index","follow":"follow","max-snippet":"max-snippet:-1","max-image-preview":"max-image-preview:large","max-video-preview":"max-video-preview:-1"},"canonical":"https:\/\/madeinzaragoza.es\/blog\/finaliza-el-4o-mizlab-en-el-espacio-fisico-de-fabiola-gil\/","og_locale":"es_ES","og_type":"article","og_title":"Finaliza el 4\u00ba MIZlab en el espacio f\u00edsico de Fabiola Gil - Made in Zaragoza","og_description":"Ponemos punto y final a este 4\u00ba MIZlab en el que lo m\u00e1s relevante para nosotras ha sido conseguir resolver las necesidades que ten\u00eda Fabiola adapt\u00e1ndonos al presupuesto econ\u00f3mico del que dispon\u00edamos. De esta manera, hemos fabricado artesanalmente un pa\u00f1o para el toldo ya existente con intenci\u00f3n de visibilizar la imagen de marca de Fabiola &hellip; Continuar leyendo \"Finaliza el 4\u00ba MIZlab en el espacio f\u00edsico de Fabiola Gil\"","og_url":"https:\/\/madeinzaragoza.es\/blog\/finaliza-el-4o-mizlab-en-el-espacio-fisico-de-fabiola-gil\/","og_site_name":"Made in Zaragoza","article_publisher":"https:\/\/www.facebook.com\/madeinzaragoza.es\/","article_published_time":"2019-07-08T12:54:52+00:00","og_image":[{"width":898,"height":957,"url":"https:\/\/madeinzaragoza.es\/blog\/wp-content\/uploads\/2019\/07\/adf0827b-cdef-4a32-ba8c-a1495b213399.jpg","type":"image\/jpeg"}],"author":"Recreando Estudio","twitter_card":"summary","twitter_creator":"@madeinzaragoza","twitter_site":"@madeinzaragoza","twitter_misc":{"Escrito por":"Recreando Estudio","Tiempo de lectura":"2 minutos"},"schema":{"@context":"https:\/\/schema.org","@graph":[{"@type":"Article","@id":"https:\/\/madeinzaragoza.es\/blog\/finaliza-el-4o-mizlab-en-el-espacio-fisico-de-fabiola-gil\/#article","isPartOf":{"@id":"https:\/\/madeinzaragoza.es\/blog\/finaliza-el-4o-mizlab-en-el-espacio-fisico-de-fabiola-gil\/"},"author":{"name":"Recreando Estudio","@id":"https:\/\/madeinzaragoza.es\/blog\/#\/schema\/person\/a7967e126429bfd6d3b99d3b34a2590e"},"headline":"Finaliza el 4\u00ba MIZlab en el espacio f\u00edsico de Fabiola Gil","datePublished":"2019-07-08T12:54:52+00:00","dateModified":"2019-07-08T12:54:52+00:00","mainEntityOfPage":{"@id":"https:\/\/madeinzaragoza.es\/blog\/finaliza-el-4o-mizlab-en-el-espacio-fisico-de-fabiola-gil\/"},"wordCount":378,"commentCount":0,"publisher":{"@id":"https:\/\/madeinzaragoza.es\/blog\/#organization"},"articleSection":["Tendencias"],"inLanguage":"es","potentialAction":[{"@type":"CommentAction","name":"Comment","target":["https:\/\/madeinzaragoza.es\/blog\/finaliza-el-4o-mizlab-en-el-espacio-fisico-de-fabiola-gil\/#respond"]}]},{"@type":"WebPage","@id":"https:\/\/madeinzaragoza.es\/blog\/finaliza-el-4o-mizlab-en-el-espacio-fisico-de-fabiola-gil\/","url":"https:\/\/madeinzaragoza.es\/blog\/finaliza-el-4o-mizlab-en-el-espacio-fisico-de-fabiola-gil\/","name":"Finaliza el 4\u00ba MIZlab en el espacio f\u00edsico de Fabiola Gil - Made in Zaragoza","isPartOf":{"@id":"https:\/\/madeinzaragoza.es\/blog\/#website"},"datePublished":"2019-07-08T12:54:52+00:00","dateModified":"2019-07-08T12:54:52+00:00","breadcrumb":{"@id":"https:\/\/madeinzaragoza.es\/blog\/finaliza-el-4o-mizlab-en-el-espacio-fisico-de-fabiola-gil\/#breadcrumb"},"inLanguage":"es","potentialAction":[{"@type":"ReadAction","target":["https:\/\/madeinzaragoza.es\/blog\/finaliza-el-4o-mizlab-en-el-espacio-fisico-de-fabiola-gil\/"]}]},{"@type":"BreadcrumbList","@id":"https:\/\/madeinzaragoza.es\/blog\/finaliza-el-4o-mizlab-en-el-espacio-fisico-de-fabiola-gil\/#breadcrumb","itemListElement":[{"@type":"ListItem","position":1,"name":"Portada","item":"https:\/\/madeinzaragoza.es\/blog\/"},{"@type":"ListItem","position":2,"name":"Finaliza el 4\u00ba MIZlab en el espacio f\u00edsico de Fabiola Gil"}]},{"@type":"WebSite","@id":"https:\/\/madeinzaragoza.es\/blog\/#website","url":"https:\/\/madeinzaragoza.es\/blog\/","name":"Made in Zaragoza","description":"Blog de MadeinZGZ, Red de Econom\u00eda Creativa de Zaragoza","publisher":{"@id":"https:\/\/madeinzaragoza.es\/blog\/#organization"},"potentialAction":[{"@type":"SearchAction","target":{"@type":"EntryPoint","urlTemplate":"https:\/\/madeinzaragoza.es\/blog\/?s={search_term_string}"},"query-input":"required name=search_term_string"}],"inLanguage":"es"},{"@type":"Organization","@id":"https:\/\/madeinzaragoza.es\/blog\/#organization","name":"Made In Zaragoza","url":"https:\/\/madeinzaragoza.es\/blog\/","sameAs":["https:\/\/www.instagram.com\/madeinzaragoza.es\/","https:\/\/www.facebook.com\/madeinzaragoza.es\/","https:\/\/twitter.com\/madeinzaragoza"],"logo":{"@type":"ImageObject","inLanguage":"es","@id":"https:\/\/madeinzaragoza.es\/blog\/#\/schema\/logo\/image\/","url":"https:\/\/madeinzaragoza.es\/blog\/wp-content\/uploads\/2022\/05\/logo.png","contentUrl":"https:\/\/madeinzaragoza.es\/blog\/wp-content\/uploads\/2022\/05\/logo.png","width":193,"height":176,"caption":"Made In Zaragoza"},"image":{"@id":"https:\/\/madeinzaragoza.es\/blog\/#\/schema\/logo\/image\/"}},{"@type":"Person","@id":"https:\/\/madeinzaragoza.es\/blog\/#\/schema\/person\/a7967e126429bfd6d3b99d3b34a2590e","name":"Recreando Estudio","image":{"@type":"ImageObject","inLanguage":"es","@id":"https:\/\/madeinzaragoza.es\/blog\/#\/schema\/person\/image\/","url":"https:\/\/secure.gravatar.com\/avatar\/b64a9b785b875a20d135b20d711a193d?s=96&d=mm&r=g","contentUrl":"https:\/\/secure.gravatar.com\/avatar\/b64a9b785b875a20d135b20d711a193d?s=96&d=mm&r=g","caption":"Recreando Estudio"},"description":"Recreando Estudio Creativo es una cooperativa de iniciativa social que dise\u00f1a y desarrolla proyectos creativos poniendo en el centro el cuidado de las personas y el entorno. Como consultoras de imagen en el MIZ-Lab, ayudan a proyectos locales a alinear su identidad visual y sus espacios con el valor real de sus productos, desplegando su creatividad y valores en cada intervenci\u00f3n.","sameAs":["https:\/\/recreandoestudio.com\/","https:\/\/www.instagram.com\/recreandoestudio\/","https:\/\/www.linkedin.com\/company\/recreando-estudio-creativo\/?originalSubdomain=es"],"url":"https:\/\/madeinzaragoza.es\/blog\/author\/recreando-estudio\/"}]}},"_links":{"self":[{"href":"https:\/\/madeinzaragoza.es\/blog\/wp-json\/wp\/v2\/posts\/25511"}],"collection":[{"href":"https:\/\/madeinzaragoza.es\/blog\/wp-json\/wp\/v2\/posts"}],"about":[{"href":"https:\/\/madeinzaragoza.es\/blog\/wp-json\/wp\/v2\/types\/post"}],"author":[{"embeddable":true,"href":"https:\/\/madeinzaragoza.es\/blog\/wp-json\/wp\/v2\/users\/49"}],"replies":[{"embeddable":true,"href":"https:\/\/madeinzaragoza.es\/blog\/wp-json\/wp\/v2\/comments?post=25511"}],"version-history":[{"count":5,"href":"https:\/\/madeinzaragoza.es\/blog\/wp-json\/wp\/v2\/posts\/25511\/revisions"}],"predecessor-version":[{"id":25520,"href":"https:\/\/madeinzaragoza.es\/blog\/wp-json\/wp\/v2\/posts\/25511\/revisions\/25520"}],"wp:featuredmedia":[{"embeddable":true,"href":"https:\/\/madeinzaragoza.es\/blog\/wp-json\/wp\/v2\/media\/25513"}],"wp:attachment":[{"href":"https:\/\/madeinzaragoza.es\/blog\/wp-json\/wp\/v2\/media?parent=25511"}],"wp:term":[{"taxonomy":"category","embeddable":true,"href":"https:\/\/madeinzaragoza.es\/blog\/wp-json\/wp\/v2\/categories?post=25511"},{"taxonomy":"post_tag","embeddable":true,"href":"https:\/\/madeinzaragoza.es\/blog\/wp-json\/wp\/v2\/tags?post=25511"}],"curies":[{"name":"wp","href":"https:\/\/api.w.org\/{rel}","templated":true}]}}