{"id":25474,"date":"2019-07-07T18:57:39","date_gmt":"2019-07-07T17:57:39","guid":{"rendered":"http:\/\/madeinzaragoza.es\/blog\/?p=25474"},"modified":"2019-07-07T18:59:27","modified_gmt":"2019-07-07T17:59:27","slug":"workshops-proyectos-mizlab","status":"publish","type":"post","link":"https:\/\/madeinzaragoza.es\/blog\/workshops-proyectos-mizlab\/","title":{"rendered":"Workshops para proyectos Made in Zaragoza en la IV Edici\u00f3n del MIZ-lab"},"content":{"rendered":"<p>Este <strong>2019<\/strong> el <a href=\"http:\/\/madeinzaragoza.es\/mizlab\/\"><strong>MIZ-Lab<\/strong><\/a> incluye tambi\u00e9n, como ya sucedi\u00f3 en 2018, un\u00a0<strong>Workshop <\/strong>con los <strong>proyectos comerciales<\/strong> que optaron a esta cuarta edici\u00f3n del<strong> laboratorio comercial Made In Zaragoza<\/strong>, y que no resultaron elegidos como primera opci\u00f3n.<\/p>\n<p>&nbsp;<\/p>\n<p>Este a\u00f1o han sido en total<strong> 5 negocios<\/strong>: <a href=\"http:\/\/madeinzaragoza.es\/comercios\/comercio.php?id=346\"><strong>Flores el Ed\u00e9n<\/strong><\/a>, <a href=\"http:\/\/madeinzaragoza.es\/comercios\/comercio.php?id=75\"><strong>My Retrobox<\/strong><\/a>, <a href=\"http:\/\/madeinzaragoza.es\/comercios\/comercio.php?id=335\"><strong>Bicicletas Palmira<\/strong><\/a>, <a href=\"http:\/\/madeinzaragoza.es\/comercios\/comercio.php?id=259\"><strong>La Botica del Ra\u00fal<\/strong><\/a> y<a href=\"http:\/\/madeinzaragoza.es\/comercios\/comercio.php?id=285\"><strong> Piccola Zaragoza<\/strong><\/a>.<\/p>\n<p>As\u00ed, esta cuarta edici\u00f3n fueron estos<strong> 5 negocios locales de Zaragoza<\/strong> los que recibieron por mi parte una formaci\u00f3n en comunicaci\u00f3n online.<\/p>\n<p>&nbsp;<\/p>\n<h2>Por qu\u00e9 un Workshop<\/h2>\n<p>&nbsp;<\/p>\n<p>Ya os expliqu\u00e9 <a href=\"http:\/\/madeinzaragoza.es\/blog\/workshop-mizlab-emprendedores\/\"><em>en este post<\/em><\/a>\u00a0<strong>lo<\/strong>\u00a0<strong>que significa Workshop<\/strong>. Son talleres de trabajo en cada uno de los comercios, de 3 horas duraci\u00f3n, en cada uno de los locales.<\/p>\n<p>Las sesiones son distintas, puesto que cada negocio tiene sus necesidades espec\u00edficas en social media y marketing online.<\/p>\n<p>&nbsp;<\/p>\n<h2>As\u00ed fue nuestro workshop en MIZ-lab<\/h2>\n<p>&nbsp;<\/p>\n<h3><strong>1- Flores El Ed\u00e9n<\/strong><\/h3>\n<p>&nbsp;<\/p>\n<p>Flores El Ed\u00e9n es un establecimiento floral de Valdespartera, un peque\u00f1o negocio asentado en la ciudad en este barrio nuevo, pero con necesidades de mejorar su estrategia en redes sociales.<\/p>\n<p>&nbsp;<\/p>\n<p><img loading=\"lazy\" decoding=\"async\" class=\"aligncenter size-full wp-image-25494\" src=\"http:\/\/madeinzaragoza.es\/blog\/wp-content\/uploads\/2019\/07\/p_flores-eden-20190409-13_295616833.jpg\" alt=\"\" width=\"550\" height=\"367\" srcset=\"https:\/\/madeinzaragoza.es\/blog\/wp-content\/uploads\/2019\/07\/p_flores-eden-20190409-13_295616833.jpg 550w, https:\/\/madeinzaragoza.es\/blog\/wp-content\/uploads\/2019\/07\/p_flores-eden-20190409-13_295616833-300x200.jpg 300w\" sizes=\"(max-width: 550px) 85vw, 550px\" \/><\/p>\n<p>&nbsp;<\/p>\n<p>En este caso, no se hab\u00eda web, as\u00ed que la estrategia se centrar\u00eda en sus redes sociales: Facebook e Instagram.<\/p>\n<p>El trabajo consisti\u00f3 en que comprendiera el funcionamiento de ambas redes sociales, muy conectadas entre ellas, y c\u00f3mo sacarle el m\u00e1ximo partido sin llegar al punto de manejo profesional.<\/p>\n<p>Hablamos sobre el algoritmo de Facebook y de Instagram, y con sus estad\u00edsticas vimos c\u00f3mo mejorar en cada una de las redes sociales.<\/p>\n<p>Adem\u00e1s, practicamos haciendo algunas fotos y vimos algunas aplicaciones m\u00f3viles sencillas.<\/p>\n<p>&nbsp;<\/p>\n<h3><strong>2- MyRetrobox<\/strong><\/h3>\n<p>&nbsp;<\/p>\n<p>Retrobox ten\u00eda mucho m\u00e1s recorrido y m\u00e1s experiencia, a\u00fan as\u00ed vimos cosas que mejorar, especialmente el el funcionamiento de las redes sociales, ritmo de publicaci\u00f3n en cada red sociales, mejores contenidos y campa\u00f1as de anuncios en Facebook e Instagram.<\/p>\n<p>&nbsp;<\/p>\n<p><img loading=\"lazy\" decoding=\"async\" class=\"aligncenter size-full wp-image-25495\" src=\"http:\/\/madeinzaragoza.es\/blog\/wp-content\/uploads\/2019\/07\/p__dsc9420_1261991087.jpg\" alt=\"\" width=\"550\" height=\"367\" srcset=\"https:\/\/madeinzaragoza.es\/blog\/wp-content\/uploads\/2019\/07\/p__dsc9420_1261991087.jpg 550w, https:\/\/madeinzaragoza.es\/blog\/wp-content\/uploads\/2019\/07\/p__dsc9420_1261991087-300x200.jpg 300w\" sizes=\"(max-width: 550px) 85vw, 550px\" \/><\/p>\n<p>&nbsp;<\/p>\n<p>Realiza peri\u00f3dicamente campa\u00f1a de anuncios en Google Adwords, lo que indica un conocimiento de marketing online mayor que otros negocios.<\/p>\n<p>As\u00ed, la formaci\u00f3n del MIZ-lab en tienda fue efectiva y adecuada a sus necesidades.<\/p>\n<p>&nbsp;<\/p>\n<h3><strong>3- Bicicletas Palmira<\/strong><\/h3>\n<p>&nbsp;<\/p>\n<p>Bicicletas Palmira tiene cierto manejo de redes sociales y de la web, pero me comunicaron carencias espec\u00edficas y las fuimos abordando.<\/p>\n<p>Bicicletas Palmira son del mismo proyecto que La Ciclofactor\u00eda, pero una vertiente distinta, con una marca nueva que se quer\u00eda asentar a nivel de visibilidad.<\/p>\n<p><img loading=\"lazy\" decoding=\"async\" class=\"aligncenter size-full wp-image-25496\" src=\"http:\/\/madeinzaragoza.es\/blog\/wp-content\/uploads\/2019\/07\/p_bicis-palmira-20190225-1_788156790.jpg\" alt=\"\" width=\"550\" height=\"367\" srcset=\"https:\/\/madeinzaragoza.es\/blog\/wp-content\/uploads\/2019\/07\/p_bicis-palmira-20190225-1_788156790.jpg 550w, https:\/\/madeinzaragoza.es\/blog\/wp-content\/uploads\/2019\/07\/p_bicis-palmira-20190225-1_788156790-300x200.jpg 300w\" sizes=\"(max-width: 550px) 85vw, 550px\" \/><\/p>\n<p>&nbsp;<\/p>\n<p>Miramos Facebook e Instagram por dentro, activamos Instagram Shopping y vimos especialmente los anuncios.<\/p>\n<p>Tambi\u00e9n revisamos sus mejores contenidos, c\u00f3mo calcular el engagement en redes sociales y el ritmo de publicaci\u00f3n adecuado para sus canales.<\/p>\n<h3><strong>4- La Botica de Ra\u00fal<\/strong><\/h3>\n<p>&nbsp;<\/p>\n<p>Con La Botica me une cierto v\u00ednculo emocional y activo desde una formaci\u00f3n con Zaragoza Din\u00e1mica hace un tiempo. A ra\u00edz de lo que vimos en ese momento, vimos qu\u00e9 hab\u00edan hecho hasta ahora y d\u00f3nde pod\u00edamos mejorar.<\/p>\n<p>Hablamos de Blog, contenidos para el blog y seo para los post.<\/p>\n<p>&nbsp;<\/p>\n<p><img loading=\"lazy\" decoding=\"async\" class=\"aligncenter size-full wp-image-25497\" src=\"http:\/\/madeinzaragoza.es\/blog\/wp-content\/uploads\/2019\/07\/p_la-botica-de-raul-20180426-2_810654955.jpg\" alt=\"\" width=\"550\" height=\"367\" srcset=\"https:\/\/madeinzaragoza.es\/blog\/wp-content\/uploads\/2019\/07\/p_la-botica-de-raul-20180426-2_810654955.jpg 550w, https:\/\/madeinzaragoza.es\/blog\/wp-content\/uploads\/2019\/07\/p_la-botica-de-raul-20180426-2_810654955-300x200.jpg 300w\" sizes=\"(max-width: 550px) 85vw, 550px\" \/><\/p>\n<p>&nbsp;<\/p>\n<p>Adem\u00e1s, repasamos sus redes sociales para ver qu\u00e9 les funcionaba mejor y d\u00f3nde pod\u00edan mejorar su alcance y engagement.<\/p>\n<p>Hab\u00eda trabajo ya hecho, pero mucho por hacer, y los detectamos y lo vimos punto por punto.<\/p>\n<p>&nbsp;<\/p>\n<h3><strong>5- Piccola zaragoza<\/strong><\/h3>\n<p>&nbsp;<\/p>\n<p>De todos los negocios que participaban en este Workshop 2019 con MIZ-lab, este era el caso m\u00e1s extremo. Antes de trabajar en redes, configuramos la seguridad de sus cuentas y unificamos accesos, algo clave para la gesti\u00f3n futura de las mismas.<\/p>\n<p>La estrategia se centraba s\u00f3lo en Instagram y Facebook, desde cero pr\u00e1cticamente.<\/p>\n<p>As\u00ed, vimos qu\u00e9 contenidos funcionaban, cuando publicar y que herramientas b\u00e1sicas tenemos para hacer este trabajo.<\/p>\n<p>&nbsp;<\/p>\n<p><img loading=\"lazy\" decoding=\"async\" class=\"aligncenter size-full wp-image-25498\" src=\"http:\/\/madeinzaragoza.es\/blog\/wp-content\/uploads\/2019\/07\/p_piccola-20180628-10_1870183777.jpg\" alt=\"\" width=\"550\" height=\"367\" srcset=\"https:\/\/madeinzaragoza.es\/blog\/wp-content\/uploads\/2019\/07\/p_piccola-20180628-10_1870183777.jpg 550w, https:\/\/madeinzaragoza.es\/blog\/wp-content\/uploads\/2019\/07\/p_piccola-20180628-10_1870183777-300x200.jpg 300w\" sizes=\"(max-width: 550px) 85vw, 550px\" \/><\/p>\n<p>&nbsp;<\/p>\n<p>Parte del trabajo de esas 3 horas fue en editar contenidos mejor de lo que hac\u00eda Piccola hasta ahora, para mejorar su impacto. Hicimos pruebas, y vimos c\u00f3mo los contenidos se pueden presentar siempre de una manera m\u00e1s atractiva para su p\u00fablico.<\/p>\n<h3><\/h3>\n<h3>Conclusi\u00f3n Workshop<\/h3>\n<p>&nbsp;<\/p>\n<p>Las sesiones fueron, como siempre, intensas. 3 horas no dan para hacer una estrategia completa, pero si para detectar necesidades y propuestas de mejora.<\/p>\n<p>&nbsp;<\/p>\n<p>Adem\u00e1s, todos los negocios tuvieron info extra al email personalizada, seg\u00fan sus necesidades, para ampliar info y seguir trabajando la parte de su comunicaci\u00f3n online.<\/p>\n<p>&nbsp;<\/p>\n<p>Todo en social media es constancia y trabajo, y eso lo recalco siempre: si no lo haces tu, lo har\u00e1 la competencia, y se colocar\u00e1 mejor que t\u00fa en tu nicho de p\u00fablico.<\/p>\n<p>&nbsp;<\/p>\n<p>Una gran experiencia de trabajo \ud83d\ude42<\/p>\n","protected":false},"excerpt":{"rendered":"<p>Este 2019 el MIZ-Lab incluye tambi\u00e9n, como ya sucedi\u00f3 en 2018, un\u00a0Workshop con los proyectos comerciales que optaron a esta cuarta edici\u00f3n del laboratorio comercial Made In Zaragoza, y que no resultaron elegidos como primera opci\u00f3n. &nbsp; Este a\u00f1o han sido en total 5 negocios: Flores el Ed\u00e9n, My Retrobox, Bicicletas Palmira, La Botica del &hellip; <a href=\"https:\/\/madeinzaragoza.es\/blog\/workshops-proyectos-mizlab\/\" class=\"more-link\">Continuar leyendo<span class=\"screen-reader-text\"> \u00abWorkshops para proyectos Made in Zaragoza en la IV Edici\u00f3n del MIZ-lab\u00bb<\/span><\/a><\/p>\n","protected":false},"author":63,"featured_media":25478,"comment_status":"open","ping_status":"open","sticky":false,"template":"","format":"standard","meta":{"footnotes":""},"categories":[1554],"tags":[2040,1614,1523],"yoast_head":"<!-- This site is optimized with the Yoast SEO plugin v19.7.2 - https:\/\/yoast.com\/wordpress\/plugins\/seo\/ -->\n<title>Workshops para proyectos Made in Zaragoza en la IV Edici\u00f3n del MIZ-lab<\/title>\n<meta name=\"description\" content=\"Este 2019 el MIZ-Lab incluye tambi\u00e9n un\u00a0Workshop con los proyectos comerciales que optaron a esta cuarta edici\u00f3n del laboratorio comercial Made In Zaragoza.\" \/>\n<meta name=\"robots\" content=\"index, follow, max-snippet:-1, max-image-preview:large, max-video-preview:-1\" \/>\n<link rel=\"canonical\" href=\"http:\/\/madeinzaragoza.es\/blog\/workshops-proyectos-mizlab\/\" \/>\n<meta property=\"og:locale\" content=\"es_ES\" \/>\n<meta property=\"og:type\" content=\"article\" \/>\n<meta property=\"og:title\" content=\"Workshops para proyectos Made in Zaragoza en la IV Edici\u00f3n del MIZ-lab\" \/>\n<meta property=\"og:description\" content=\"Este 2019 el MIZ-Lab incluye tambi\u00e9n un\u00a0Workshop con los proyectos comerciales que optaron a esta cuarta edici\u00f3n del laboratorio comercial Made In Zaragoza.\" \/>\n<meta property=\"og:url\" content=\"http:\/\/madeinzaragoza.es\/blog\/workshops-proyectos-mizlab\/\" \/>\n<meta property=\"og:site_name\" content=\"Made in Zaragoza\" \/>\n<meta property=\"article:publisher\" content=\"https:\/\/www.facebook.com\/madeinzaragoza.es\/\" \/>\n<meta property=\"article:published_time\" content=\"2019-07-07T17:57:39+00:00\" \/>\n<meta property=\"article:modified_time\" content=\"2019-07-07T17:59:27+00:00\" \/>\n<meta property=\"og:image\" content=\"http:\/\/madeinzaragoza.es\/blog\/wp-content\/uploads\/2019\/07\/Workshop-2019-en-Zaragoza-en-la-IV-Edici\u00f3n-del-MIZ-lab.jpg\" \/>\n\t<meta property=\"og:image:width\" content=\"1920\" \/>\n\t<meta property=\"og:image:height\" content=\"1080\" \/>\n\t<meta property=\"og:image:type\" content=\"image\/jpeg\" \/>\n<meta name=\"author\" content=\"Fernando Cebolla\" \/>\n<meta name=\"twitter:card\" content=\"summary\" \/>\n<meta name=\"twitter:creator\" content=\"@fcpsocialmedia\" \/>\n<meta name=\"twitter:site\" content=\"@madeinzaragoza\" \/>\n<meta name=\"twitter:label1\" content=\"Escrito por\" \/>\n\t<meta name=\"twitter:data1\" content=\"Fernando Cebolla\" \/>\n\t<meta name=\"twitter:label2\" content=\"Tiempo de lectura\" \/>\n\t<meta name=\"twitter:data2\" content=\"4 minutos\" \/>\n<script type=\"application\/ld+json\" class=\"yoast-schema-graph\">{\"@context\":\"https:\/\/schema.org\",\"@graph\":[{\"@type\":\"Article\",\"@id\":\"http:\/\/madeinzaragoza.es\/blog\/workshops-proyectos-mizlab\/#article\",\"isPartOf\":{\"@id\":\"http:\/\/madeinzaragoza.es\/blog\/workshops-proyectos-mizlab\/\"},\"author\":{\"name\":\"Fernando Cebolla\",\"@id\":\"https:\/\/madeinzaragoza.es\/blog\/#\/schema\/person\/dfd0dc5fdb51dc5dcd948dc49fce07b0\"},\"headline\":\"Workshops para proyectos Made in Zaragoza en la IV Edici\u00f3n del MIZ-lab\",\"datePublished\":\"2019-07-07T17:57:39+00:00\",\"dateModified\":\"2019-07-07T17:59:27+00:00\",\"mainEntityOfPage\":{\"@id\":\"http:\/\/madeinzaragoza.es\/blog\/workshops-proyectos-mizlab\/\"},\"wordCount\":803,\"commentCount\":1,\"publisher\":{\"@id\":\"https:\/\/madeinzaragoza.es\/blog\/#organization\"},\"keywords\":[\"IV MIZ-lab\",\"MIZ-LAB\",\"workshops\"],\"articleSection\":[\"MIZ-Lab\"],\"inLanguage\":\"es\",\"potentialAction\":[{\"@type\":\"CommentAction\",\"name\":\"Comment\",\"target\":[\"http:\/\/madeinzaragoza.es\/blog\/workshops-proyectos-mizlab\/#respond\"]}]},{\"@type\":\"WebPage\",\"@id\":\"http:\/\/madeinzaragoza.es\/blog\/workshops-proyectos-mizlab\/\",\"url\":\"http:\/\/madeinzaragoza.es\/blog\/workshops-proyectos-mizlab\/\",\"name\":\"Workshops para proyectos Made in Zaragoza en la IV Edici\u00f3n del MIZ-lab\",\"isPartOf\":{\"@id\":\"https:\/\/madeinzaragoza.es\/blog\/#website\"},\"datePublished\":\"2019-07-07T17:57:39+00:00\",\"dateModified\":\"2019-07-07T17:59:27+00:00\",\"description\":\"Este 2019 el MIZ-Lab incluye tambi\u00e9n un\u00a0Workshop con los proyectos comerciales que optaron a esta cuarta edici\u00f3n del laboratorio comercial Made In Zaragoza.\",\"breadcrumb\":{\"@id\":\"http:\/\/madeinzaragoza.es\/blog\/workshops-proyectos-mizlab\/#breadcrumb\"},\"inLanguage\":\"es\",\"potentialAction\":[{\"@type\":\"ReadAction\",\"target\":[\"http:\/\/madeinzaragoza.es\/blog\/workshops-proyectos-mizlab\/\"]}]},{\"@type\":\"BreadcrumbList\",\"@id\":\"http:\/\/madeinzaragoza.es\/blog\/workshops-proyectos-mizlab\/#breadcrumb\",\"itemListElement\":[{\"@type\":\"ListItem\",\"position\":1,\"name\":\"Portada\",\"item\":\"https:\/\/madeinzaragoza.es\/blog\/\"},{\"@type\":\"ListItem\",\"position\":2,\"name\":\"Workshops para proyectos Made in Zaragoza en la IV Edici\u00f3n del MIZ-lab\"}]},{\"@type\":\"WebSite\",\"@id\":\"https:\/\/madeinzaragoza.es\/blog\/#website\",\"url\":\"https:\/\/madeinzaragoza.es\/blog\/\",\"name\":\"Made in Zaragoza\",\"description\":\"Blog de MadeinZGZ, Red de Econom\u00eda Creativa de Zaragoza\",\"publisher\":{\"@id\":\"https:\/\/madeinzaragoza.es\/blog\/#organization\"},\"potentialAction\":[{\"@type\":\"SearchAction\",\"target\":{\"@type\":\"EntryPoint\",\"urlTemplate\":\"https:\/\/madeinzaragoza.es\/blog\/?s={search_term_string}\"},\"query-input\":\"required name=search_term_string\"}],\"inLanguage\":\"es\"},{\"@type\":\"Organization\",\"@id\":\"https:\/\/madeinzaragoza.es\/blog\/#organization\",\"name\":\"Made In Zaragoza\",\"url\":\"https:\/\/madeinzaragoza.es\/blog\/\",\"sameAs\":[\"https:\/\/www.instagram.com\/madeinzaragoza.es\/\",\"https:\/\/www.facebook.com\/madeinzaragoza.es\/\",\"https:\/\/twitter.com\/madeinzaragoza\"],\"logo\":{\"@type\":\"ImageObject\",\"inLanguage\":\"es\",\"@id\":\"https:\/\/madeinzaragoza.es\/blog\/#\/schema\/logo\/image\/\",\"url\":\"https:\/\/madeinzaragoza.es\/blog\/wp-content\/uploads\/2022\/05\/logo.png\",\"contentUrl\":\"https:\/\/madeinzaragoza.es\/blog\/wp-content\/uploads\/2022\/05\/logo.png\",\"width\":193,\"height\":176,\"caption\":\"Made In Zaragoza\"},\"image\":{\"@id\":\"https:\/\/madeinzaragoza.es\/blog\/#\/schema\/logo\/image\/\"}},{\"@type\":\"Person\",\"@id\":\"https:\/\/madeinzaragoza.es\/blog\/#\/schema\/person\/dfd0dc5fdb51dc5dcd948dc49fce07b0\",\"name\":\"Fernando Cebolla\",\"image\":{\"@type\":\"ImageObject\",\"inLanguage\":\"es\",\"@id\":\"https:\/\/madeinzaragoza.es\/blog\/#\/schema\/person\/image\/\",\"url\":\"https:\/\/secure.gravatar.com\/avatar\/bf5c705d25b1b881bc79c29530006274?s=96&d=mm&r=g\",\"contentUrl\":\"https:\/\/secure.gravatar.com\/avatar\/bf5c705d25b1b881bc79c29530006274?s=96&d=mm&r=g\",\"caption\":\"Fernando Cebolla\"},\"description\":\"Fernando Cebolla es consultor de comunicaci\u00f3n digital de emprendedores en el MIZ-Lab, especializado en visibilidad y estrategia digital para empresas. Como Social Media Manager, ayuda a negocios a ganar alcance, contactos y reputaci\u00f3n en redes sociales, conectando su mensaje con las audiencias adecuadas.\",\"sameAs\":[\"http:\/\/fernandocebolla.com\/\",\"https:\/\/www.instagram.com\/tusocialmediamanager\/?hl=es\",\"https:\/\/www.linkedin.com\/in\/fernandocebollapola\/?originalSubdomain=es\",\"https:\/\/twitter.com\/fcpsocialmedia\"],\"url\":\"https:\/\/madeinzaragoza.es\/blog\/author\/fernandocebolla\/\"}]}<\/script>\n<!-- \/ Yoast SEO plugin. -->","yoast_head_json":{"title":"Workshops para proyectos Made in Zaragoza en la IV Edici\u00f3n del MIZ-lab","description":"Este 2019 el MIZ-Lab incluye tambi\u00e9n un\u00a0Workshop con los proyectos comerciales que optaron a esta cuarta edici\u00f3n del laboratorio comercial Made In Zaragoza.","robots":{"index":"index","follow":"follow","max-snippet":"max-snippet:-1","max-image-preview":"max-image-preview:large","max-video-preview":"max-video-preview:-1"},"canonical":"http:\/\/madeinzaragoza.es\/blog\/workshops-proyectos-mizlab\/","og_locale":"es_ES","og_type":"article","og_title":"Workshops para proyectos Made in Zaragoza en la IV Edici\u00f3n del MIZ-lab","og_description":"Este 2019 el MIZ-Lab incluye tambi\u00e9n un\u00a0Workshop con los proyectos comerciales que optaron a esta cuarta edici\u00f3n del laboratorio comercial Made In Zaragoza.","og_url":"http:\/\/madeinzaragoza.es\/blog\/workshops-proyectos-mizlab\/","og_site_name":"Made in Zaragoza","article_publisher":"https:\/\/www.facebook.com\/madeinzaragoza.es\/","article_published_time":"2019-07-07T17:57:39+00:00","article_modified_time":"2019-07-07T17:59:27+00:00","og_image":[{"width":1920,"height":1080,"url":"http:\/\/madeinzaragoza.es\/blog\/wp-content\/uploads\/2019\/07\/Workshop-2019-en-Zaragoza-en-la-IV-Edici\u00f3n-del-MIZ-lab.jpg","type":"image\/jpeg"}],"author":"Fernando Cebolla","twitter_card":"summary","twitter_creator":"@fcpsocialmedia","twitter_site":"@madeinzaragoza","twitter_misc":{"Escrito por":"Fernando Cebolla","Tiempo de lectura":"4 minutos"},"schema":{"@context":"https:\/\/schema.org","@graph":[{"@type":"Article","@id":"http:\/\/madeinzaragoza.es\/blog\/workshops-proyectos-mizlab\/#article","isPartOf":{"@id":"http:\/\/madeinzaragoza.es\/blog\/workshops-proyectos-mizlab\/"},"author":{"name":"Fernando Cebolla","@id":"https:\/\/madeinzaragoza.es\/blog\/#\/schema\/person\/dfd0dc5fdb51dc5dcd948dc49fce07b0"},"headline":"Workshops para proyectos Made in Zaragoza en la IV Edici\u00f3n del MIZ-lab","datePublished":"2019-07-07T17:57:39+00:00","dateModified":"2019-07-07T17:59:27+00:00","mainEntityOfPage":{"@id":"http:\/\/madeinzaragoza.es\/blog\/workshops-proyectos-mizlab\/"},"wordCount":803,"commentCount":1,"publisher":{"@id":"https:\/\/madeinzaragoza.es\/blog\/#organization"},"keywords":["IV MIZ-lab","MIZ-LAB","workshops"],"articleSection":["MIZ-Lab"],"inLanguage":"es","potentialAction":[{"@type":"CommentAction","name":"Comment","target":["http:\/\/madeinzaragoza.es\/blog\/workshops-proyectos-mizlab\/#respond"]}]},{"@type":"WebPage","@id":"http:\/\/madeinzaragoza.es\/blog\/workshops-proyectos-mizlab\/","url":"http:\/\/madeinzaragoza.es\/blog\/workshops-proyectos-mizlab\/","name":"Workshops para proyectos Made in Zaragoza en la IV Edici\u00f3n del MIZ-lab","isPartOf":{"@id":"https:\/\/madeinzaragoza.es\/blog\/#website"},"datePublished":"2019-07-07T17:57:39+00:00","dateModified":"2019-07-07T17:59:27+00:00","description":"Este 2019 el MIZ-Lab incluye tambi\u00e9n un\u00a0Workshop con los proyectos comerciales que optaron a esta cuarta edici\u00f3n del laboratorio comercial Made In Zaragoza.","breadcrumb":{"@id":"http:\/\/madeinzaragoza.es\/blog\/workshops-proyectos-mizlab\/#breadcrumb"},"inLanguage":"es","potentialAction":[{"@type":"ReadAction","target":["http:\/\/madeinzaragoza.es\/blog\/workshops-proyectos-mizlab\/"]}]},{"@type":"BreadcrumbList","@id":"http:\/\/madeinzaragoza.es\/blog\/workshops-proyectos-mizlab\/#breadcrumb","itemListElement":[{"@type":"ListItem","position":1,"name":"Portada","item":"https:\/\/madeinzaragoza.es\/blog\/"},{"@type":"ListItem","position":2,"name":"Workshops para proyectos Made in Zaragoza en la IV Edici\u00f3n del MIZ-lab"}]},{"@type":"WebSite","@id":"https:\/\/madeinzaragoza.es\/blog\/#website","url":"https:\/\/madeinzaragoza.es\/blog\/","name":"Made in Zaragoza","description":"Blog de MadeinZGZ, Red de Econom\u00eda Creativa de Zaragoza","publisher":{"@id":"https:\/\/madeinzaragoza.es\/blog\/#organization"},"potentialAction":[{"@type":"SearchAction","target":{"@type":"EntryPoint","urlTemplate":"https:\/\/madeinzaragoza.es\/blog\/?s={search_term_string}"},"query-input":"required name=search_term_string"}],"inLanguage":"es"},{"@type":"Organization","@id":"https:\/\/madeinzaragoza.es\/blog\/#organization","name":"Made In Zaragoza","url":"https:\/\/madeinzaragoza.es\/blog\/","sameAs":["https:\/\/www.instagram.com\/madeinzaragoza.es\/","https:\/\/www.facebook.com\/madeinzaragoza.es\/","https:\/\/twitter.com\/madeinzaragoza"],"logo":{"@type":"ImageObject","inLanguage":"es","@id":"https:\/\/madeinzaragoza.es\/blog\/#\/schema\/logo\/image\/","url":"https:\/\/madeinzaragoza.es\/blog\/wp-content\/uploads\/2022\/05\/logo.png","contentUrl":"https:\/\/madeinzaragoza.es\/blog\/wp-content\/uploads\/2022\/05\/logo.png","width":193,"height":176,"caption":"Made In Zaragoza"},"image":{"@id":"https:\/\/madeinzaragoza.es\/blog\/#\/schema\/logo\/image\/"}},{"@type":"Person","@id":"https:\/\/madeinzaragoza.es\/blog\/#\/schema\/person\/dfd0dc5fdb51dc5dcd948dc49fce07b0","name":"Fernando Cebolla","image":{"@type":"ImageObject","inLanguage":"es","@id":"https:\/\/madeinzaragoza.es\/blog\/#\/schema\/person\/image\/","url":"https:\/\/secure.gravatar.com\/avatar\/bf5c705d25b1b881bc79c29530006274?s=96&d=mm&r=g","contentUrl":"https:\/\/secure.gravatar.com\/avatar\/bf5c705d25b1b881bc79c29530006274?s=96&d=mm&r=g","caption":"Fernando Cebolla"},"description":"Fernando Cebolla es consultor de comunicaci\u00f3n digital de emprendedores en el MIZ-Lab, especializado en visibilidad y estrategia digital para empresas. Como Social Media Manager, ayuda a negocios a ganar alcance, contactos y reputaci\u00f3n en redes sociales, conectando su mensaje con las audiencias adecuadas.","sameAs":["http:\/\/fernandocebolla.com\/","https:\/\/www.instagram.com\/tusocialmediamanager\/?hl=es","https:\/\/www.linkedin.com\/in\/fernandocebollapola\/?originalSubdomain=es","https:\/\/twitter.com\/fcpsocialmedia"],"url":"https:\/\/madeinzaragoza.es\/blog\/author\/fernandocebolla\/"}]}},"_links":{"self":[{"href":"https:\/\/madeinzaragoza.es\/blog\/wp-json\/wp\/v2\/posts\/25474"}],"collection":[{"href":"https:\/\/madeinzaragoza.es\/blog\/wp-json\/wp\/v2\/posts"}],"about":[{"href":"https:\/\/madeinzaragoza.es\/blog\/wp-json\/wp\/v2\/types\/post"}],"author":[{"embeddable":true,"href":"https:\/\/madeinzaragoza.es\/blog\/wp-json\/wp\/v2\/users\/63"}],"replies":[{"embeddable":true,"href":"https:\/\/madeinzaragoza.es\/blog\/wp-json\/wp\/v2\/comments?post=25474"}],"version-history":[{"count":6,"href":"https:\/\/madeinzaragoza.es\/blog\/wp-json\/wp\/v2\/posts\/25474\/revisions"}],"predecessor-version":[{"id":25501,"href":"https:\/\/madeinzaragoza.es\/blog\/wp-json\/wp\/v2\/posts\/25474\/revisions\/25501"}],"wp:featuredmedia":[{"embeddable":true,"href":"https:\/\/madeinzaragoza.es\/blog\/wp-json\/wp\/v2\/media\/25478"}],"wp:attachment":[{"href":"https:\/\/madeinzaragoza.es\/blog\/wp-json\/wp\/v2\/media?parent=25474"}],"wp:term":[{"taxonomy":"category","embeddable":true,"href":"https:\/\/madeinzaragoza.es\/blog\/wp-json\/wp\/v2\/categories?post=25474"},{"taxonomy":"post_tag","embeddable":true,"href":"https:\/\/madeinzaragoza.es\/blog\/wp-json\/wp\/v2\/tags?post=25474"}],"curies":[{"name":"wp","href":"https:\/\/api.w.org\/{rel}","templated":true}]}}