{"id":25421,"date":"2019-07-07T00:14:39","date_gmt":"2019-07-06T23:14:39","guid":{"rendered":"http:\/\/madeinzaragoza.es\/blog\/?p=25421"},"modified":"2022-10-09T14:51:06","modified_gmt":"2022-10-09T13:51:06","slug":"las-academicas-de-raquel-planas-en-corner-educa","status":"publish","type":"post","link":"https:\/\/madeinzaragoza.es\/blog\/las-academicas-de-raquel-planas-en-corner-educa\/","title":{"rendered":"Las acad\u00e9micas de Raquel Planas en C\u00f3rner Educa"},"content":{"rendered":"<p>&nbsp;<\/p>\n<p>El pasado 17 de junio, alumnas y alumnos del <a href=\"https:\/\/www.colegioingleszaragoza.org\/?gclid=CjwKCAjw0tHoBRBhEiwAvP1GFZV-JPbChGlk6OW0ufvM_MbnCceYT5umdN1D67hbuEw7RVYcnFHmgBoCgLsQAvD_BwE\">Colegio Ingl\u00e9s<\/a> de Zaragoza asistieron a la actividad de Corner Educa en la Azucarera. Dos grupos, de primero y segundo de ESO, tuvieron la oportunidad de conocer de primera mano la obra de la artista <a href=\"http:\/\/madeinzaragoza.es\/blog\/raquel-planas-diaz-de-cerio-la-intimidad-de-la-memoria\/\">Raquel Planas<\/a>, no sin antes haber reflexionado sobre arte contempor\u00e1neo.<\/p>\n<p><img loading=\"lazy\" decoding=\"async\" class=\"alignnone wp-image-25484 size-full\" src=\"http:\/\/madeinzaragoza.es\/blog\/wp-content\/uploads\/2019\/07\/raquel-planas-en-zac-2.jpg\" alt=\"\" width=\"1366\" height=\"768\" srcset=\"https:\/\/madeinzaragoza.es\/blog\/wp-content\/uploads\/2019\/07\/raquel-planas-en-zac-2.jpg 1366w, https:\/\/madeinzaragoza.es\/blog\/wp-content\/uploads\/2019\/07\/raquel-planas-en-zac-2-300x169.jpg 300w, https:\/\/madeinzaragoza.es\/blog\/wp-content\/uploads\/2019\/07\/raquel-planas-en-zac-2-768x432.jpg 768w, https:\/\/madeinzaragoza.es\/blog\/wp-content\/uploads\/2019\/07\/raquel-planas-en-zac-2-1024x576.jpg 1024w, https:\/\/madeinzaragoza.es\/blog\/wp-content\/uploads\/2019\/07\/raquel-planas-en-zac-2-1200x675.jpg 1200w\" sizes=\"(max-width: 709px) 85vw, (max-width: 909px) 67vw, (max-width: 1362px) 62vw, 840px\" \/><\/p>\n<p>&nbsp;<\/p>\n<p>Durante la primera parte de la actividad, pudimos debatir sobre el concepto de arte contempor\u00e1neo, qu\u00e9 lo diferencia del arte de otras \u00e9pocas y qu\u00e9 pensaban los chicos y chicas sobre \u00e9l. La opini\u00f3n generalizada era que el arte de \u00e9pocas pasadas, al ser figurativo, era m\u00e1s f\u00e1cil de entender que las obras m\u00e1s cercanas a ellos en el tiempo de artistas como <a href=\"http:\/\/www.richardlong.org\/\">Richard Long<\/a>, <a href=\"https:\/\/jaumeplensa.com\/\">Jaume Plensa<\/a> o Fran\u00e7oise Vanneraud.<\/p>\n<p>Sin embargo, cuando trataron de analizar el significado de \u201cLa balsa de Medusa\u201d de G\u00e9ricault, los estudiantes le daban un significado muy contempor\u00e1neo, fruto de una lectura superficial basada solo en la apariencia de la imagen. Finalmente, llegamos a la conclusi\u00f3n entre todos de que lo importante para entender una obra de arte es conocer el contexto\u00a0en el que fue creada, independientemente de a qu\u00e9 \u00e9poca pertenece.<\/p>\n<p>&nbsp;<\/p>\n<p><img loading=\"lazy\" decoding=\"async\" class=\"alignnone wp-image-25481 size-full\" src=\"http:\/\/madeinzaragoza.es\/blog\/wp-content\/uploads\/2019\/07\/raquel-planas-en-zac-3.jpg\" alt=\"\" width=\"1600\" height=\"900\" srcset=\"https:\/\/madeinzaragoza.es\/blog\/wp-content\/uploads\/2019\/07\/raquel-planas-en-zac-3.jpg 1600w, https:\/\/madeinzaragoza.es\/blog\/wp-content\/uploads\/2019\/07\/raquel-planas-en-zac-3-300x169.jpg 300w, https:\/\/madeinzaragoza.es\/blog\/wp-content\/uploads\/2019\/07\/raquel-planas-en-zac-3-768x432.jpg 768w, https:\/\/madeinzaragoza.es\/blog\/wp-content\/uploads\/2019\/07\/raquel-planas-en-zac-3-1024x576.jpg 1024w, https:\/\/madeinzaragoza.es\/blog\/wp-content\/uploads\/2019\/07\/raquel-planas-en-zac-3-1200x675.jpg 1200w\" sizes=\"(max-width: 709px) 85vw, (max-width: 909px) 67vw, (max-width: 1362px) 62vw, 840px\" \/><\/p>\n<p>&nbsp;<\/p>\n<p>Despu\u00e9s pasamos a ver la obra que Raquel Planas ha creado para <a href=\"http:\/\/madeinzaragoza.es\/cornermiz\/\">Corner Miz<\/a> llamada <a href=\"http:\/\/madeinzaragoza.es\/blog\/los-academicos-raquel-planas-diaz-de-cerio-en-corner-miz-la-azucarera\/\">\u201cLos acad\u00e9micos\u201d<\/a>. Con el lujo de tener a la artista para explic\u00e1rnosla de primera mano, estuvimos dialogando sobre el papel de la mujer a lo largo de la Historia del Arte, tema central de su intervenci\u00f3n. La mujer ha sido en la mayor parte de los casos un simple objeto a retratar, habitualmente desnuda, y ha sido excluida sistem\u00e1ticamente de los libros de historia y los cat\u00e1logos de arte. Sin duda, un tema de actualidad que nos recuerda cu\u00e1nto camino queda por recorrer y cu\u00e1ntas mujeres con historias fascinantes quedan por descubrir y reivindicar.<\/p>\n<p>El alumnado del Colegio Ingl\u00e9s se interes\u00f3 tanto por la obra, como por la profesi\u00f3n de artista y enseguida mostraron su inter\u00e9s hacia el trabajo de Raquel Planas y de las personas que se dedican al arte en general. Adem\u00e1s, algunas de las alumnas se mostraron especialmente interesadas en este \u00e1mbito debido a su afici\u00f3n por el dibujo y la pintura.<\/p>\n<p>En resumen, vivimos una jornada amena y educativa en la que pudimos disfrutar de un enriquecedor di\u00e1logo entre el alumnado, educadoras y artista del que todos aprendimos algo nuevo. Y una experiencia privilegiada para los chicas y chicas del Colegio Ingl\u00e9s, \u00a0que disfrutaron de conocer a una artista de su propia ciudad, comprobando que el arte contempor\u00e1neo est\u00e1 mucho m\u00e1s cerca de lo que cre\u00edan.<\/p>\n","protected":false},"excerpt":{"rendered":"<p>&nbsp; El pasado 17 de junio, alumnas y alumnos del Colegio Ingl\u00e9s de Zaragoza asistieron a la actividad de Corner Educa en la Azucarera. Dos grupos, de primero y segundo de ESO, tuvieron la oportunidad de conocer de primera mano la obra de la artista Raquel Planas, no sin antes haber reflexionado sobre arte contempor\u00e1neo. &hellip; <a href=\"https:\/\/madeinzaragoza.es\/blog\/las-academicas-de-raquel-planas-en-corner-educa\/\" class=\"more-link\">Continuar leyendo<span class=\"screen-reader-text\"> \u00abLas acad\u00e9micas de Raquel Planas en C\u00f3rner Educa\u00bb<\/span><\/a><\/p>\n","protected":false},"author":51,"featured_media":25486,"comment_status":"open","ping_status":"open","sticky":false,"template":"","format":"standard","meta":{"footnotes":""},"categories":[1],"tags":[],"yoast_head":"<!-- This site is optimized with the Yoast SEO plugin v19.7.2 - https:\/\/yoast.com\/wordpress\/plugins\/seo\/ -->\n<title>Las acad\u00e9micas de Raquel Planas en C\u00f3rner Educa - Made in Zaragoza<\/title>\n<meta name=\"robots\" content=\"index, follow, max-snippet:-1, max-image-preview:large, max-video-preview:-1\" \/>\n<link rel=\"canonical\" href=\"https:\/\/madeinzaragoza.es\/blog\/las-academicas-de-raquel-planas-en-corner-educa\/\" \/>\n<meta property=\"og:locale\" content=\"es_ES\" \/>\n<meta property=\"og:type\" content=\"article\" \/>\n<meta property=\"og:title\" content=\"Las acad\u00e9micas de Raquel Planas en C\u00f3rner Educa - Made in Zaragoza\" \/>\n<meta property=\"og:description\" content=\"&nbsp; El pasado 17 de junio, alumnas y alumnos del Colegio Ingl\u00e9s de Zaragoza asistieron a la actividad de Corner Educa en la Azucarera. Dos grupos, de primero y segundo de ESO, tuvieron la oportunidad de conocer de primera mano la obra de la artista Raquel Planas, no sin antes haber reflexionado sobre arte contempor\u00e1neo. &hellip; Continuar leyendo &quot;Las acad\u00e9micas de Raquel Planas en C\u00f3rner Educa&quot;\" \/>\n<meta property=\"og:url\" content=\"https:\/\/madeinzaragoza.es\/blog\/las-academicas-de-raquel-planas-en-corner-educa\/\" \/>\n<meta property=\"og:site_name\" content=\"Made in Zaragoza\" \/>\n<meta property=\"article:publisher\" content=\"https:\/\/www.facebook.com\/madeinzaragoza.es\/\" \/>\n<meta property=\"article:published_time\" content=\"2019-07-06T23:14:39+00:00\" \/>\n<meta property=\"article:modified_time\" content=\"2022-10-09T13:51:06+00:00\" \/>\n<meta property=\"og:image\" content=\"https:\/\/madeinzaragoza.es\/blog\/wp-content\/uploads\/2019\/07\/raquel-planas-en-zac.jpg\" \/>\n\t<meta property=\"og:image:width\" content=\"1048\" \/>\n\t<meta property=\"og:image:height\" content=\"762\" \/>\n\t<meta property=\"og:image:type\" content=\"image\/jpeg\" \/>\n<meta name=\"author\" content=\"Elena del Diego\" \/>\n<meta name=\"twitter:card\" content=\"summary\" \/>\n<meta name=\"twitter:creator\" content=\"@madeinzaragoza\" \/>\n<meta name=\"twitter:site\" content=\"@madeinzaragoza\" \/>\n<meta name=\"twitter:label1\" content=\"Escrito por\" \/>\n\t<meta name=\"twitter:data1\" content=\"Elena del Diego\" \/>\n\t<meta name=\"twitter:label2\" content=\"Tiempo de lectura\" \/>\n\t<meta name=\"twitter:data2\" content=\"2 minutos\" \/>\n<script type=\"application\/ld+json\" class=\"yoast-schema-graph\">{\"@context\":\"https:\/\/schema.org\",\"@graph\":[{\"@type\":\"Article\",\"@id\":\"https:\/\/madeinzaragoza.es\/blog\/las-academicas-de-raquel-planas-en-corner-educa\/#article\",\"isPartOf\":{\"@id\":\"https:\/\/madeinzaragoza.es\/blog\/las-academicas-de-raquel-planas-en-corner-educa\/\"},\"author\":{\"name\":\"Elena del Diego\",\"@id\":\"https:\/\/madeinzaragoza.es\/blog\/#\/schema\/person\/20d838fcfa5940394c113a5fff8a4a3e\"},\"headline\":\"Las acad\u00e9micas de Raquel Planas en C\u00f3rner Educa\",\"datePublished\":\"2019-07-06T23:14:39+00:00\",\"dateModified\":\"2022-10-09T13:51:06+00:00\",\"mainEntityOfPage\":{\"@id\":\"https:\/\/madeinzaragoza.es\/blog\/las-academicas-de-raquel-planas-en-corner-educa\/\"},\"wordCount\":469,\"commentCount\":0,\"publisher\":{\"@id\":\"https:\/\/madeinzaragoza.es\/blog\/#organization\"},\"articleSection\":[\"Tendencias\"],\"inLanguage\":\"es\",\"potentialAction\":[{\"@type\":\"CommentAction\",\"name\":\"Comment\",\"target\":[\"https:\/\/madeinzaragoza.es\/blog\/las-academicas-de-raquel-planas-en-corner-educa\/#respond\"]}]},{\"@type\":\"WebPage\",\"@id\":\"https:\/\/madeinzaragoza.es\/blog\/las-academicas-de-raquel-planas-en-corner-educa\/\",\"url\":\"https:\/\/madeinzaragoza.es\/blog\/las-academicas-de-raquel-planas-en-corner-educa\/\",\"name\":\"Las acad\u00e9micas de Raquel Planas en C\u00f3rner Educa - Made in Zaragoza\",\"isPartOf\":{\"@id\":\"https:\/\/madeinzaragoza.es\/blog\/#website\"},\"datePublished\":\"2019-07-06T23:14:39+00:00\",\"dateModified\":\"2022-10-09T13:51:06+00:00\",\"breadcrumb\":{\"@id\":\"https:\/\/madeinzaragoza.es\/blog\/las-academicas-de-raquel-planas-en-corner-educa\/#breadcrumb\"},\"inLanguage\":\"es\",\"potentialAction\":[{\"@type\":\"ReadAction\",\"target\":[\"https:\/\/madeinzaragoza.es\/blog\/las-academicas-de-raquel-planas-en-corner-educa\/\"]}]},{\"@type\":\"BreadcrumbList\",\"@id\":\"https:\/\/madeinzaragoza.es\/blog\/las-academicas-de-raquel-planas-en-corner-educa\/#breadcrumb\",\"itemListElement\":[{\"@type\":\"ListItem\",\"position\":1,\"name\":\"Portada\",\"item\":\"https:\/\/madeinzaragoza.es\/blog\/\"},{\"@type\":\"ListItem\",\"position\":2,\"name\":\"Las acad\u00e9micas de Raquel Planas en C\u00f3rner Educa\"}]},{\"@type\":\"WebSite\",\"@id\":\"https:\/\/madeinzaragoza.es\/blog\/#website\",\"url\":\"https:\/\/madeinzaragoza.es\/blog\/\",\"name\":\"Made in Zaragoza\",\"description\":\"Blog de MadeinZGZ, Red de Econom\u00eda Creativa de Zaragoza\",\"publisher\":{\"@id\":\"https:\/\/madeinzaragoza.es\/blog\/#organization\"},\"potentialAction\":[{\"@type\":\"SearchAction\",\"target\":{\"@type\":\"EntryPoint\",\"urlTemplate\":\"https:\/\/madeinzaragoza.es\/blog\/?s={search_term_string}\"},\"query-input\":\"required name=search_term_string\"}],\"inLanguage\":\"es\"},{\"@type\":\"Organization\",\"@id\":\"https:\/\/madeinzaragoza.es\/blog\/#organization\",\"name\":\"Made In Zaragoza\",\"url\":\"https:\/\/madeinzaragoza.es\/blog\/\",\"sameAs\":[\"https:\/\/www.instagram.com\/madeinzaragoza.es\/\",\"https:\/\/www.facebook.com\/madeinzaragoza.es\/\",\"https:\/\/twitter.com\/madeinzaragoza\"],\"logo\":{\"@type\":\"ImageObject\",\"inLanguage\":\"es\",\"@id\":\"https:\/\/madeinzaragoza.es\/blog\/#\/schema\/logo\/image\/\",\"url\":\"https:\/\/madeinzaragoza.es\/blog\/wp-content\/uploads\/2022\/05\/logo.png\",\"contentUrl\":\"https:\/\/madeinzaragoza.es\/blog\/wp-content\/uploads\/2022\/05\/logo.png\",\"width\":193,\"height\":176,\"caption\":\"Made In Zaragoza\"},\"image\":{\"@id\":\"https:\/\/madeinzaragoza.es\/blog\/#\/schema\/logo\/image\/\"}},{\"@type\":\"Person\",\"@id\":\"https:\/\/madeinzaragoza.es\/blog\/#\/schema\/person\/20d838fcfa5940394c113a5fff8a4a3e\",\"name\":\"Elena del Diego\",\"image\":{\"@type\":\"ImageObject\",\"inLanguage\":\"es\",\"@id\":\"https:\/\/madeinzaragoza.es\/blog\/#\/schema\/person\/image\/\",\"url\":\"https:\/\/secure.gravatar.com\/avatar\/ba5567feee512c7ca05679efd940cc4d?s=96&d=mm&r=g\",\"contentUrl\":\"https:\/\/secure.gravatar.com\/avatar\/ba5567feee512c7ca05679efd940cc4d?s=96&d=mm&r=g\",\"caption\":\"Elena del Diego\"},\"url\":\"https:\/\/madeinzaragoza.es\/blog\/author\/elena-del-diego\/\"}]}<\/script>\n<!-- \/ Yoast SEO plugin. -->","yoast_head_json":{"title":"Las acad\u00e9micas de Raquel Planas en C\u00f3rner Educa - Made in Zaragoza","robots":{"index":"index","follow":"follow","max-snippet":"max-snippet:-1","max-image-preview":"max-image-preview:large","max-video-preview":"max-video-preview:-1"},"canonical":"https:\/\/madeinzaragoza.es\/blog\/las-academicas-de-raquel-planas-en-corner-educa\/","og_locale":"es_ES","og_type":"article","og_title":"Las acad\u00e9micas de Raquel Planas en C\u00f3rner Educa - Made in Zaragoza","og_description":"&nbsp; El pasado 17 de junio, alumnas y alumnos del Colegio Ingl\u00e9s de Zaragoza asistieron a la actividad de Corner Educa en la Azucarera. Dos grupos, de primero y segundo de ESO, tuvieron la oportunidad de conocer de primera mano la obra de la artista Raquel Planas, no sin antes haber reflexionado sobre arte contempor\u00e1neo. &hellip; Continuar leyendo \"Las acad\u00e9micas de Raquel Planas en C\u00f3rner Educa\"","og_url":"https:\/\/madeinzaragoza.es\/blog\/las-academicas-de-raquel-planas-en-corner-educa\/","og_site_name":"Made in Zaragoza","article_publisher":"https:\/\/www.facebook.com\/madeinzaragoza.es\/","article_published_time":"2019-07-06T23:14:39+00:00","article_modified_time":"2022-10-09T13:51:06+00:00","og_image":[{"width":1048,"height":762,"url":"https:\/\/madeinzaragoza.es\/blog\/wp-content\/uploads\/2019\/07\/raquel-planas-en-zac.jpg","type":"image\/jpeg"}],"author":"Elena del Diego","twitter_card":"summary","twitter_creator":"@madeinzaragoza","twitter_site":"@madeinzaragoza","twitter_misc":{"Escrito por":"Elena del Diego","Tiempo de lectura":"2 minutos"},"schema":{"@context":"https:\/\/schema.org","@graph":[{"@type":"Article","@id":"https:\/\/madeinzaragoza.es\/blog\/las-academicas-de-raquel-planas-en-corner-educa\/#article","isPartOf":{"@id":"https:\/\/madeinzaragoza.es\/blog\/las-academicas-de-raquel-planas-en-corner-educa\/"},"author":{"name":"Elena del Diego","@id":"https:\/\/madeinzaragoza.es\/blog\/#\/schema\/person\/20d838fcfa5940394c113a5fff8a4a3e"},"headline":"Las acad\u00e9micas de Raquel Planas en C\u00f3rner Educa","datePublished":"2019-07-06T23:14:39+00:00","dateModified":"2022-10-09T13:51:06+00:00","mainEntityOfPage":{"@id":"https:\/\/madeinzaragoza.es\/blog\/las-academicas-de-raquel-planas-en-corner-educa\/"},"wordCount":469,"commentCount":0,"publisher":{"@id":"https:\/\/madeinzaragoza.es\/blog\/#organization"},"articleSection":["Tendencias"],"inLanguage":"es","potentialAction":[{"@type":"CommentAction","name":"Comment","target":["https:\/\/madeinzaragoza.es\/blog\/las-academicas-de-raquel-planas-en-corner-educa\/#respond"]}]},{"@type":"WebPage","@id":"https:\/\/madeinzaragoza.es\/blog\/las-academicas-de-raquel-planas-en-corner-educa\/","url":"https:\/\/madeinzaragoza.es\/blog\/las-academicas-de-raquel-planas-en-corner-educa\/","name":"Las acad\u00e9micas de Raquel Planas en C\u00f3rner Educa - Made in Zaragoza","isPartOf":{"@id":"https:\/\/madeinzaragoza.es\/blog\/#website"},"datePublished":"2019-07-06T23:14:39+00:00","dateModified":"2022-10-09T13:51:06+00:00","breadcrumb":{"@id":"https:\/\/madeinzaragoza.es\/blog\/las-academicas-de-raquel-planas-en-corner-educa\/#breadcrumb"},"inLanguage":"es","potentialAction":[{"@type":"ReadAction","target":["https:\/\/madeinzaragoza.es\/blog\/las-academicas-de-raquel-planas-en-corner-educa\/"]}]},{"@type":"BreadcrumbList","@id":"https:\/\/madeinzaragoza.es\/blog\/las-academicas-de-raquel-planas-en-corner-educa\/#breadcrumb","itemListElement":[{"@type":"ListItem","position":1,"name":"Portada","item":"https:\/\/madeinzaragoza.es\/blog\/"},{"@type":"ListItem","position":2,"name":"Las acad\u00e9micas de Raquel Planas en C\u00f3rner Educa"}]},{"@type":"WebSite","@id":"https:\/\/madeinzaragoza.es\/blog\/#website","url":"https:\/\/madeinzaragoza.es\/blog\/","name":"Made in Zaragoza","description":"Blog de MadeinZGZ, Red de Econom\u00eda Creativa de Zaragoza","publisher":{"@id":"https:\/\/madeinzaragoza.es\/blog\/#organization"},"potentialAction":[{"@type":"SearchAction","target":{"@type":"EntryPoint","urlTemplate":"https:\/\/madeinzaragoza.es\/blog\/?s={search_term_string}"},"query-input":"required name=search_term_string"}],"inLanguage":"es"},{"@type":"Organization","@id":"https:\/\/madeinzaragoza.es\/blog\/#organization","name":"Made In Zaragoza","url":"https:\/\/madeinzaragoza.es\/blog\/","sameAs":["https:\/\/www.instagram.com\/madeinzaragoza.es\/","https:\/\/www.facebook.com\/madeinzaragoza.es\/","https:\/\/twitter.com\/madeinzaragoza"],"logo":{"@type":"ImageObject","inLanguage":"es","@id":"https:\/\/madeinzaragoza.es\/blog\/#\/schema\/logo\/image\/","url":"https:\/\/madeinzaragoza.es\/blog\/wp-content\/uploads\/2022\/05\/logo.png","contentUrl":"https:\/\/madeinzaragoza.es\/blog\/wp-content\/uploads\/2022\/05\/logo.png","width":193,"height":176,"caption":"Made In Zaragoza"},"image":{"@id":"https:\/\/madeinzaragoza.es\/blog\/#\/schema\/logo\/image\/"}},{"@type":"Person","@id":"https:\/\/madeinzaragoza.es\/blog\/#\/schema\/person\/20d838fcfa5940394c113a5fff8a4a3e","name":"Elena del Diego","image":{"@type":"ImageObject","inLanguage":"es","@id":"https:\/\/madeinzaragoza.es\/blog\/#\/schema\/person\/image\/","url":"https:\/\/secure.gravatar.com\/avatar\/ba5567feee512c7ca05679efd940cc4d?s=96&d=mm&r=g","contentUrl":"https:\/\/secure.gravatar.com\/avatar\/ba5567feee512c7ca05679efd940cc4d?s=96&d=mm&r=g","caption":"Elena del Diego"},"url":"https:\/\/madeinzaragoza.es\/blog\/author\/elena-del-diego\/"}]}},"_links":{"self":[{"href":"https:\/\/madeinzaragoza.es\/blog\/wp-json\/wp\/v2\/posts\/25421"}],"collection":[{"href":"https:\/\/madeinzaragoza.es\/blog\/wp-json\/wp\/v2\/posts"}],"about":[{"href":"https:\/\/madeinzaragoza.es\/blog\/wp-json\/wp\/v2\/types\/post"}],"author":[{"embeddable":true,"href":"https:\/\/madeinzaragoza.es\/blog\/wp-json\/wp\/v2\/users\/51"}],"replies":[{"embeddable":true,"href":"https:\/\/madeinzaragoza.es\/blog\/wp-json\/wp\/v2\/comments?post=25421"}],"version-history":[{"count":11,"href":"https:\/\/madeinzaragoza.es\/blog\/wp-json\/wp\/v2\/posts\/25421\/revisions"}],"predecessor-version":[{"id":35945,"href":"https:\/\/madeinzaragoza.es\/blog\/wp-json\/wp\/v2\/posts\/25421\/revisions\/35945"}],"wp:featuredmedia":[{"embeddable":true,"href":"https:\/\/madeinzaragoza.es\/blog\/wp-json\/wp\/v2\/media\/25486"}],"wp:attachment":[{"href":"https:\/\/madeinzaragoza.es\/blog\/wp-json\/wp\/v2\/media?parent=25421"}],"wp:term":[{"taxonomy":"category","embeddable":true,"href":"https:\/\/madeinzaragoza.es\/blog\/wp-json\/wp\/v2\/categories?post=25421"},{"taxonomy":"post_tag","embeddable":true,"href":"https:\/\/madeinzaragoza.es\/blog\/wp-json\/wp\/v2\/tags?post=25421"}],"curies":[{"name":"wp","href":"https:\/\/api.w.org\/{rel}","templated":true}]}}