{"id":23789,"date":"2019-02-13T08:33:59","date_gmt":"2019-02-13T07:33:59","guid":{"rendered":"http:\/\/madeinzaragoza.es\/blog\/?p=23789"},"modified":"2021-01-28T06:24:22","modified_gmt":"2021-01-28T05:24:22","slug":"escaparates-11f-ruta-infantil-para-descubrir-trabajo-tres-cientificas","status":"publish","type":"post","link":"https:\/\/madeinzaragoza.es\/blog\/escaparates-11f-ruta-infantil-para-descubrir-trabajo-tres-cientificas\/","title":{"rendered":"Escaparates 11F: ruta infantil para descubrir el trabajo de tres cient\u00edficas"},"content":{"rendered":"<h2>Cristina Hern\u00e1ndez, Pen\u00e9lope Gonz\u00e1lez Samp\u00e9riz y Rosa Monge protagonizaron el 9 de febrero una jornada divulgativa y de ocio en la que los peque\u00f1os realizaron experimentos<\/h2>\n<p>&nbsp;<\/p>\n<p><a href=\"http:\/\/madeinzaragoza.es\/blog\/escaparates11f-en-made-in-zaragoza\/\">Escaparates 11F<\/a>, la colaboraci\u00f3n de Made in Zaragoza con la iniciativa ciudadana que visibiliza el papel de la mujer en la ciencia, incluye en su segunda edici\u00f3n rutas guiadas por los 43 comercios creativos participantes. La <strong>divulgaci\u00f3n aplicada al ocio infantil defini\u00f3 la actividad especial del pasado 9 de febrero, en la que 14 ni\u00f1as y ni\u00f1os descubrieron el trabajo de las aragonesas Cristina Hern\u00e1ndez, Pen\u00e9lope Gonz\u00e1lez Samp\u00e9riz y Rosa Monge.<\/strong><\/p>\n<p>&nbsp;<\/p>\n<figure id=\"attachment_23795\" aria-describedby=\"caption-attachment-23795\" style=\"width: 840px\" class=\"wp-caption aligncenter\"><img loading=\"lazy\" decoding=\"async\" class=\"size-large wp-image-23795\" src=\"http:\/\/madeinzaragoza.es\/blog\/wp-content\/uploads\/2019\/02\/Bioarte-11F-1024x768.jpg\" alt=\"Ejemplo de la pintura con bacterias que realizaron los ni\u00f1os en Le damos la vuelta\" width=\"840\" height=\"630\" srcset=\"https:\/\/madeinzaragoza.es\/blog\/wp-content\/uploads\/2019\/02\/Bioarte-11F-1024x768.jpg 1024w, https:\/\/madeinzaragoza.es\/blog\/wp-content\/uploads\/2019\/02\/Bioarte-11F-300x225.jpg 300w, https:\/\/madeinzaragoza.es\/blog\/wp-content\/uploads\/2019\/02\/Bioarte-11F-768x576.jpg 768w, https:\/\/madeinzaragoza.es\/blog\/wp-content\/uploads\/2019\/02\/Bioarte-11F-1200x900.jpg 1200w, https:\/\/madeinzaragoza.es\/blog\/wp-content\/uploads\/2019\/02\/Bioarte-11F.jpg 2016w\" sizes=\"(max-width: 709px) 85vw, (max-width: 909px) 67vw, (max-width: 1362px) 62vw, 840px\" \/><figcaption id=\"caption-attachment-23795\" class=\"wp-caption-text\">Ejemplo de la pintura con bacterias que realizaron los ni\u00f1os en Le damos la vuelta<\/figcaption><\/figure>\n<p>&nbsp;<\/p>\n<p>La jornada matinal comenz\u00f3 en <strong><a href=\"http:\/\/madeinzaragoza.es\/comercios\/comercio.php?id=317\">Le damos la vuelta<\/a> (calle del Carmen, 16), espacio que la bioqu\u00edmica Cristina Hern\u00e1ndez<\/strong>, de Wetlab y responsable del proyecto \u2018Micromascotas\u2019, <strong>convirti\u00f3 en un minilaboratorio<\/strong>. Los peque\u00f1os se pusieron la bata y la mascarilla y utilizaron tubos de ensayo, micropipetas, placas de Petri y asas de siembra. Divididos en grupos comprobaron la \u2018magia\u2019 de las reacciones qu\u00edmicas y los cambios de color de los l\u00edquidos seg\u00fan el PH e hicieron <strong>bioarte al trabajar con microorganismos y usarlos a modo de pintura para dibujar letras dentro de unos recipientes<\/strong>. El objetivo era formar palabras alusivas al D\u00eda Internacional de la Mujer y la Ni\u00f1a en la Ciencia. La siembra de bacterias tardaba alrededor de un d\u00eda en reflejar su efecto, si bien las placas de ejemplo que trajo Hern\u00e1ndez evidenciaban el vistoso resultado del juego experimental.<\/p>\n<p>&nbsp;<\/p>\n<figure id=\"attachment_23792\" aria-describedby=\"caption-attachment-23792\" style=\"width: 840px\" class=\"wp-caption aligncenter\"><img loading=\"lazy\" decoding=\"async\" class=\"size-large wp-image-23792\" src=\"http:\/\/madeinzaragoza.es\/blog\/wp-content\/uploads\/2019\/02\/escaparate-Le-damos-la-vuelta-1024x768.jpg\" alt=\"El escaparate que Le damos la vuelta dedica a Cristina Hern\u00e1ndez\" width=\"840\" height=\"630\" srcset=\"https:\/\/madeinzaragoza.es\/blog\/wp-content\/uploads\/2019\/02\/escaparate-Le-damos-la-vuelta-1024x768.jpg 1024w, https:\/\/madeinzaragoza.es\/blog\/wp-content\/uploads\/2019\/02\/escaparate-Le-damos-la-vuelta-300x225.jpg 300w, https:\/\/madeinzaragoza.es\/blog\/wp-content\/uploads\/2019\/02\/escaparate-Le-damos-la-vuelta-768x576.jpg 768w, https:\/\/madeinzaragoza.es\/blog\/wp-content\/uploads\/2019\/02\/escaparate-Le-damos-la-vuelta-1200x900.jpg 1200w, https:\/\/madeinzaragoza.es\/blog\/wp-content\/uploads\/2019\/02\/escaparate-Le-damos-la-vuelta.jpg 2016w\" sizes=\"(max-width: 709px) 85vw, (max-width: 909px) 67vw, (max-width: 1362px) 62vw, 840px\" \/><figcaption id=\"caption-attachment-23792\" class=\"wp-caption-text\">El escaparate que Le damos la vuelta dedica a Cristina Hern\u00e1ndez<\/figcaption><\/figure>\n<p>&nbsp;<\/p>\n<figure id=\"attachment_23794\" aria-describedby=\"caption-attachment-23794\" style=\"width: 840px\" class=\"wp-caption aligncenter\"><img loading=\"lazy\" decoding=\"async\" class=\"size-large wp-image-23794\" src=\"http:\/\/madeinzaragoza.es\/blog\/wp-content\/uploads\/2019\/02\/Posado-Le-damos-la-vuelta-1024x768.jpg\" alt=\"Cristina Hern\u00e1ndez (izda.), con Juana Moya y Mar\u00eda Hern\u00e1ndez, de la iniciativa 11F, en Le damos la vuelta\" width=\"840\" height=\"630\" srcset=\"https:\/\/madeinzaragoza.es\/blog\/wp-content\/uploads\/2019\/02\/Posado-Le-damos-la-vuelta-1024x768.jpg 1024w, https:\/\/madeinzaragoza.es\/blog\/wp-content\/uploads\/2019\/02\/Posado-Le-damos-la-vuelta-300x225.jpg 300w, https:\/\/madeinzaragoza.es\/blog\/wp-content\/uploads\/2019\/02\/Posado-Le-damos-la-vuelta-768x576.jpg 768w, https:\/\/madeinzaragoza.es\/blog\/wp-content\/uploads\/2019\/02\/Posado-Le-damos-la-vuelta-1200x900.jpg 1200w, https:\/\/madeinzaragoza.es\/blog\/wp-content\/uploads\/2019\/02\/Posado-Le-damos-la-vuelta.jpg 2016w\" sizes=\"(max-width: 709px) 85vw, (max-width: 909px) 67vw, (max-width: 1362px) 62vw, 840px\" \/><figcaption id=\"caption-attachment-23794\" class=\"wp-caption-text\">Cristina Hern\u00e1ndez (izda.), con Juana Moya y Mar\u00eda Hern\u00e1ndez, de la iniciativa 11F, en Le damos la vuelta<\/figcaption><\/figure>\n<p>&nbsp;<\/p>\n<p>Emocionada con el homenaje en el sencillo pero cuidado escaparate, la protagonista destac\u00f3 el \u201cacierto total\u201d que entra\u00f1a lo relacionado con la iniciativa <a href=\"https:\/\/11defebrero.org\/\">11 de febrero<\/a><strong>, representada durante la ruta por las coordinadoras Juana Moya y Mar\u00eda Hern\u00e1ndez<\/strong>. Mar\u00eda Jos\u00e9 Mart\u00edn, de Le damos la vuelta, proyecto social que vende art\u00edculos infantiles en el marco del consumo responsable, se mostr\u00f3 asimismo entusiasmada con la experiencia.<\/p>\n<p>&nbsp;<\/p>\n<figure id=\"attachment_23796\" aria-describedby=\"caption-attachment-23796\" style=\"width: 840px\" class=\"wp-caption aligncenter\"><img loading=\"lazy\" decoding=\"async\" class=\"wp-image-23796 size-large\" src=\"http:\/\/madeinzaragoza.es\/blog\/wp-content\/uploads\/2019\/02\/Microscopio-Serendipia-1024x768.jpg\" alt=\"Un momento del taller sobre polen f\u00f3sil en Serendipia\" width=\"840\" height=\"630\" srcset=\"https:\/\/madeinzaragoza.es\/blog\/wp-content\/uploads\/2019\/02\/Microscopio-Serendipia-1024x768.jpg 1024w, https:\/\/madeinzaragoza.es\/blog\/wp-content\/uploads\/2019\/02\/Microscopio-Serendipia-300x225.jpg 300w, https:\/\/madeinzaragoza.es\/blog\/wp-content\/uploads\/2019\/02\/Microscopio-Serendipia-768x576.jpg 768w, https:\/\/madeinzaragoza.es\/blog\/wp-content\/uploads\/2019\/02\/Microscopio-Serendipia-1200x900.jpg 1200w, https:\/\/madeinzaragoza.es\/blog\/wp-content\/uploads\/2019\/02\/Microscopio-Serendipia.jpg 2016w\" sizes=\"(max-width: 709px) 85vw, (max-width: 909px) 67vw, (max-width: 1362px) 62vw, 840px\" \/><figcaption id=\"caption-attachment-23796\" class=\"wp-caption-text\">Un momento del taller sobre polen f\u00f3sil en Serendipia<\/figcaption><\/figure>\n<p>&nbsp;<\/p>\n<figure id=\"attachment_23797\" aria-describedby=\"caption-attachment-23797\" style=\"width: 840px\" class=\"wp-caption aligncenter\"><img loading=\"lazy\" decoding=\"async\" class=\"size-large wp-image-23797\" src=\"http:\/\/madeinzaragoza.es\/blog\/wp-content\/uploads\/2019\/02\/Posado-Serendipia-1024x768.jpg\" alt=\"Marta D\u00edez (Serendipia) posa junto a Pen\u00e9lope Gonz\u00e1lez Samp\u00e9riz\" width=\"840\" height=\"630\" srcset=\"https:\/\/madeinzaragoza.es\/blog\/wp-content\/uploads\/2019\/02\/Posado-Serendipia-1024x768.jpg 1024w, https:\/\/madeinzaragoza.es\/blog\/wp-content\/uploads\/2019\/02\/Posado-Serendipia-300x225.jpg 300w, https:\/\/madeinzaragoza.es\/blog\/wp-content\/uploads\/2019\/02\/Posado-Serendipia-768x576.jpg 768w, https:\/\/madeinzaragoza.es\/blog\/wp-content\/uploads\/2019\/02\/Posado-Serendipia-1200x900.jpg 1200w, https:\/\/madeinzaragoza.es\/blog\/wp-content\/uploads\/2019\/02\/Posado-Serendipia.jpg 2016w\" sizes=\"(max-width: 709px) 85vw, (max-width: 909px) 67vw, (max-width: 1362px) 62vw, 840px\" \/><figcaption id=\"caption-attachment-23797\" class=\"wp-caption-text\">Marta D\u00edez (Serendipia) posa junto a Pen\u00e9lope Gonz\u00e1lez Samp\u00e9riz<\/figcaption><\/figure>\n<p>&nbsp;<\/p>\n<p>La segunda parada del recorrido infantil de Escaparates 11F fue en <strong><a href=\"http:\/\/madeinzaragoza.es\/comercios\/comercio.php?id=102\">Serendipia<\/a> (Fita, 23), donde Pen\u00e9lope Gonz\u00e1lez Samp\u00e9riz, del Instituto Pirenaico de Ecolog\u00eda, explic\u00f3 en un taller la importancia del polen f\u00f3sil<\/strong> en el terreno investigador. Tras la breve charla, los ni\u00f1os se colocaron en fila para ver <strong>granos de polen en el microscopio<\/strong>. En la puerta de la tienda de ropa pod\u00eda leerse una frase de la homenajeada: \u201cResulta imprescindible ofrecer referentes femeninos del mundo de la ciencia a la sociedad actual, y a los j\u00f3venes en particular. Y el modo de conseguirlo es la divulgaci\u00f3n cient\u00edfica\u201d. Marta D\u00edez, due\u00f1a del local anfitri\u00f3n, resalt\u00f3 el olvido que han sufrido las mujeres en este \u00e1mbito.<\/p>\n<p>&nbsp;<\/p>\n<figure id=\"attachment_23798\" aria-describedby=\"caption-attachment-23798\" style=\"width: 840px\" class=\"wp-caption aligncenter\"><img loading=\"lazy\" decoding=\"async\" class=\"size-large wp-image-23798\" src=\"http:\/\/madeinzaragoza.es\/blog\/wp-content\/uploads\/2019\/02\/Escaparate-Caliope-1024x878.jpg\" alt=\"El escaparate de Cal\u00edope dedicado a la ingeniera Rosa Monge\" width=\"840\" height=\"720\" srcset=\"https:\/\/madeinzaragoza.es\/blog\/wp-content\/uploads\/2019\/02\/Escaparate-Caliope-1024x878.jpg 1024w, https:\/\/madeinzaragoza.es\/blog\/wp-content\/uploads\/2019\/02\/Escaparate-Caliope-300x257.jpg 300w, https:\/\/madeinzaragoza.es\/blog\/wp-content\/uploads\/2019\/02\/Escaparate-Caliope-768x659.jpg 768w, https:\/\/madeinzaragoza.es\/blog\/wp-content\/uploads\/2019\/02\/Escaparate-Caliope-1200x1029.jpg 1200w, https:\/\/madeinzaragoza.es\/blog\/wp-content\/uploads\/2019\/02\/Escaparate-Caliope.jpg 1710w\" sizes=\"(max-width: 709px) 85vw, (max-width: 909px) 67vw, (max-width: 1362px) 62vw, 840px\" \/><figcaption id=\"caption-attachment-23798\" class=\"wp-caption-text\">El escaparate de Cal\u00edope dedicado a la ingeniera Rosa Monge<\/figcaption><\/figure>\n<p>La actividad finaliz\u00f3 en <strong><a href=\"http:\/\/madeinzaragoza.es\/comercios\/comercio.php?id=228\">Cal\u00edope Cosm\u00e9tica<\/a> (Royo, 14), comercio que dedica su escaparate a Rosa Monge, cofundadora de BeOnChip<\/strong>. Como la ingeniera industrial no pudo estar presente debido a una indisposici\u00f3n, las responsables de 11F comentaron las claves de su innovadora tecnolog\u00eda y realizaron un sorteo. Alba L\u00f3pez Pastor, socia de la tienda junto a Sara Magall\u00f3n, se\u00f1al\u00f3 lo inspirador que resulta para los ni\u00f1os el relieve cient\u00edfico de estas mujeres aragonesas.<\/p>\n","protected":false},"excerpt":{"rendered":"<p>Cristina Hern\u00e1ndez, Pen\u00e9lope Gonz\u00e1lez Samp\u00e9riz y Rosa Monge protagonizaron el 9 de febrero una jornada divulgativa y de ocio en la que los peque\u00f1os realizaron experimentos &nbsp; Escaparates 11F, la colaboraci\u00f3n de Made in Zaragoza con la iniciativa ciudadana que visibiliza el papel de la mujer en la ciencia, incluye en su segunda edici\u00f3n rutas &hellip; <a href=\"https:\/\/madeinzaragoza.es\/blog\/escaparates-11f-ruta-infantil-para-descubrir-trabajo-tres-cientificas\/\" class=\"more-link\">Continuar leyendo<span class=\"screen-reader-text\"> \u00abEscaparates 11F: ruta infantil para descubrir el trabajo de tres cient\u00edficas\u00bb<\/span><\/a><\/p>\n","protected":false},"author":59,"featured_media":23790,"comment_status":"open","ping_status":"open","sticky":false,"template":"","format":"standard","meta":{"footnotes":""},"categories":[7,8],"tags":[1693,1692,2245],"yoast_head":"<!-- This site is optimized with the Yoast SEO plugin v19.7.2 - https:\/\/yoast.com\/wordpress\/plugins\/seo\/ -->\n<title>Escaparates 11F: ruta infantil para descubrir el trabajo de tres cient\u00edficas - Made in Zaragoza<\/title>\n<meta name=\"description\" content=\"Dentro de Escaparates 11-F, Cristina Hern\u00e1ndez, Pen\u00e9lope Gonz\u00e1lez Samp\u00e9riz y Rosa Monge protagonizaron el 9 de febrero una jornada divulgativa para ni\u00f1os\" \/>\n<meta name=\"robots\" content=\"index, follow, max-snippet:-1, max-image-preview:large, max-video-preview:-1\" \/>\n<link rel=\"canonical\" href=\"http:\/\/madeinzaragoza.es\/blog\/escaparates-11f-ruta-infantil-para-descubrir-trabajo-tres-cientificas\/\" \/>\n<meta property=\"og:locale\" content=\"es_ES\" \/>\n<meta property=\"og:type\" content=\"article\" \/>\n<meta property=\"og:title\" content=\"Escaparates 11F: ruta infantil para descubrir el trabajo de tres cient\u00edficas - Made in Zaragoza\" \/>\n<meta property=\"og:description\" content=\"Dentro de Escaparates 11-F, Cristina Hern\u00e1ndez, Pen\u00e9lope Gonz\u00e1lez Samp\u00e9riz y Rosa Monge protagonizaron el 9 de febrero una jornada divulgativa para ni\u00f1os\" \/>\n<meta property=\"og:url\" content=\"http:\/\/madeinzaragoza.es\/blog\/escaparates-11f-ruta-infantil-para-descubrir-trabajo-tres-cientificas\/\" \/>\n<meta property=\"og:site_name\" content=\"Made in Zaragoza\" \/>\n<meta property=\"article:publisher\" content=\"https:\/\/www.facebook.com\/madeinzaragoza.es\/\" \/>\n<meta property=\"article:published_time\" content=\"2019-02-13T07:33:59+00:00\" \/>\n<meta property=\"article:modified_time\" content=\"2021-01-28T05:24:22+00:00\" \/>\n<meta property=\"og:image\" content=\"http:\/\/madeinzaragoza.es\/blog\/wp-content\/uploads\/2019\/02\/Portada-11F-ruta-infantil.jpg\" \/>\n\t<meta property=\"og:image:width\" content=\"1935\" \/>\n\t<meta property=\"og:image:height\" content=\"1500\" \/>\n\t<meta property=\"og:image:type\" content=\"image\/jpeg\" \/>\n<meta name=\"author\" content=\"Enrique Abenia\" \/>\n<meta name=\"twitter:card\" content=\"summary\" \/>\n<meta name=\"twitter:creator\" content=\"@Enrique_Abenia\" \/>\n<meta name=\"twitter:site\" content=\"@madeinzaragoza\" \/>\n<meta name=\"twitter:label1\" content=\"Escrito por\" \/>\n\t<meta name=\"twitter:data1\" content=\"Enrique Abenia\" \/>\n\t<meta name=\"twitter:label2\" content=\"Tiempo de lectura\" \/>\n\t<meta name=\"twitter:data2\" content=\"3 minutos\" \/>\n<script type=\"application\/ld+json\" class=\"yoast-schema-graph\">{\"@context\":\"https:\/\/schema.org\",\"@graph\":[{\"@type\":\"Article\",\"@id\":\"http:\/\/madeinzaragoza.es\/blog\/escaparates-11f-ruta-infantil-para-descubrir-trabajo-tres-cientificas\/#article\",\"isPartOf\":{\"@id\":\"http:\/\/madeinzaragoza.es\/blog\/escaparates-11f-ruta-infantil-para-descubrir-trabajo-tres-cientificas\/\"},\"author\":{\"name\":\"Enrique Abenia\",\"@id\":\"https:\/\/madeinzaragoza.es\/blog\/#\/schema\/person\/b4cf98cbc61a51fb48dbdab258a8c523\"},\"headline\":\"Escaparates 11F: ruta infantil para descubrir el trabajo de tres cient\u00edficas\",\"datePublished\":\"2019-02-13T07:33:59+00:00\",\"dateModified\":\"2021-01-28T05:24:22+00:00\",\"mainEntityOfPage\":{\"@id\":\"http:\/\/madeinzaragoza.es\/blog\/escaparates-11f-ruta-infantil-para-descubrir-trabajo-tres-cientificas\/\"},\"wordCount\":680,\"commentCount\":0,\"publisher\":{\"@id\":\"https:\/\/madeinzaragoza.es\/blog\/#organization\"},\"keywords\":[\"11 de Febrero\",\"D\u00eda de la Mujer en la Ciencia\",\"escaparates11f\"],\"articleSection\":[\"Qu\u00e9 hacer\",\"Red MIZ\"],\"inLanguage\":\"es\",\"potentialAction\":[{\"@type\":\"CommentAction\",\"name\":\"Comment\",\"target\":[\"http:\/\/madeinzaragoza.es\/blog\/escaparates-11f-ruta-infantil-para-descubrir-trabajo-tres-cientificas\/#respond\"]}]},{\"@type\":\"WebPage\",\"@id\":\"http:\/\/madeinzaragoza.es\/blog\/escaparates-11f-ruta-infantil-para-descubrir-trabajo-tres-cientificas\/\",\"url\":\"http:\/\/madeinzaragoza.es\/blog\/escaparates-11f-ruta-infantil-para-descubrir-trabajo-tres-cientificas\/\",\"name\":\"Escaparates 11F: ruta infantil para descubrir el trabajo de tres cient\u00edficas - Made in Zaragoza\",\"isPartOf\":{\"@id\":\"https:\/\/madeinzaragoza.es\/blog\/#website\"},\"datePublished\":\"2019-02-13T07:33:59+00:00\",\"dateModified\":\"2021-01-28T05:24:22+00:00\",\"description\":\"Dentro de Escaparates 11-F, Cristina Hern\u00e1ndez, Pen\u00e9lope Gonz\u00e1lez Samp\u00e9riz y Rosa Monge protagonizaron el 9 de febrero una jornada divulgativa para ni\u00f1os\",\"breadcrumb\":{\"@id\":\"http:\/\/madeinzaragoza.es\/blog\/escaparates-11f-ruta-infantil-para-descubrir-trabajo-tres-cientificas\/#breadcrumb\"},\"inLanguage\":\"es\",\"potentialAction\":[{\"@type\":\"ReadAction\",\"target\":[\"http:\/\/madeinzaragoza.es\/blog\/escaparates-11f-ruta-infantil-para-descubrir-trabajo-tres-cientificas\/\"]}]},{\"@type\":\"BreadcrumbList\",\"@id\":\"http:\/\/madeinzaragoza.es\/blog\/escaparates-11f-ruta-infantil-para-descubrir-trabajo-tres-cientificas\/#breadcrumb\",\"itemListElement\":[{\"@type\":\"ListItem\",\"position\":1,\"name\":\"Portada\",\"item\":\"https:\/\/madeinzaragoza.es\/blog\/\"},{\"@type\":\"ListItem\",\"position\":2,\"name\":\"Escaparates 11F: ruta infantil para descubrir el trabajo de tres cient\u00edficas\"}]},{\"@type\":\"WebSite\",\"@id\":\"https:\/\/madeinzaragoza.es\/blog\/#website\",\"url\":\"https:\/\/madeinzaragoza.es\/blog\/\",\"name\":\"Made in Zaragoza\",\"description\":\"Blog de MadeinZGZ, Red de Econom\u00eda Creativa de Zaragoza\",\"publisher\":{\"@id\":\"https:\/\/madeinzaragoza.es\/blog\/#organization\"},\"potentialAction\":[{\"@type\":\"SearchAction\",\"target\":{\"@type\":\"EntryPoint\",\"urlTemplate\":\"https:\/\/madeinzaragoza.es\/blog\/?s={search_term_string}\"},\"query-input\":\"required name=search_term_string\"}],\"inLanguage\":\"es\"},{\"@type\":\"Organization\",\"@id\":\"https:\/\/madeinzaragoza.es\/blog\/#organization\",\"name\":\"Made In Zaragoza\",\"url\":\"https:\/\/madeinzaragoza.es\/blog\/\",\"sameAs\":[\"https:\/\/www.instagram.com\/madeinzaragoza.es\/\",\"https:\/\/www.facebook.com\/madeinzaragoza.es\/\",\"https:\/\/twitter.com\/madeinzaragoza\"],\"logo\":{\"@type\":\"ImageObject\",\"inLanguage\":\"es\",\"@id\":\"https:\/\/madeinzaragoza.es\/blog\/#\/schema\/logo\/image\/\",\"url\":\"https:\/\/madeinzaragoza.es\/blog\/wp-content\/uploads\/2022\/05\/logo.png\",\"contentUrl\":\"https:\/\/madeinzaragoza.es\/blog\/wp-content\/uploads\/2022\/05\/logo.png\",\"width\":193,\"height\":176,\"caption\":\"Made In Zaragoza\"},\"image\":{\"@id\":\"https:\/\/madeinzaragoza.es\/blog\/#\/schema\/logo\/image\/\"}},{\"@type\":\"Person\",\"@id\":\"https:\/\/madeinzaragoza.es\/blog\/#\/schema\/person\/b4cf98cbc61a51fb48dbdab258a8c523\",\"name\":\"Enrique Abenia\",\"image\":{\"@type\":\"ImageObject\",\"inLanguage\":\"es\",\"@id\":\"https:\/\/madeinzaragoza.es\/blog\/#\/schema\/person\/image\/\",\"url\":\"https:\/\/secure.gravatar.com\/avatar\/a747099e3518ccf440789a57b07dd884?s=96&d=mm&r=g\",\"contentUrl\":\"https:\/\/secure.gravatar.com\/avatar\/a747099e3518ccf440789a57b07dd884?s=96&d=mm&r=g\",\"caption\":\"Enrique Abenia\"},\"description\":\"Periodista aut\u00f3nomo. Cr\u00edtico de \u2018Heraldo de Arag\u00f3n\u2019, tambi\u00e9n escribe en 'Cineman\u00eda' y en 20bits, donde analiza smartphones.\",\"sameAs\":[\"https:\/\/twitter.com\/Enrique_Abenia\"],\"url\":\"https:\/\/madeinzaragoza.es\/blog\/author\/enriqueabenia\/\"}]}<\/script>\n<!-- \/ Yoast SEO plugin. -->","yoast_head_json":{"title":"Escaparates 11F: ruta infantil para descubrir el trabajo de tres cient\u00edficas - Made in Zaragoza","description":"Dentro de Escaparates 11-F, Cristina Hern\u00e1ndez, Pen\u00e9lope Gonz\u00e1lez Samp\u00e9riz y Rosa Monge protagonizaron el 9 de febrero una jornada divulgativa para ni\u00f1os","robots":{"index":"index","follow":"follow","max-snippet":"max-snippet:-1","max-image-preview":"max-image-preview:large","max-video-preview":"max-video-preview:-1"},"canonical":"http:\/\/madeinzaragoza.es\/blog\/escaparates-11f-ruta-infantil-para-descubrir-trabajo-tres-cientificas\/","og_locale":"es_ES","og_type":"article","og_title":"Escaparates 11F: ruta infantil para descubrir el trabajo de tres cient\u00edficas - Made in Zaragoza","og_description":"Dentro de Escaparates 11-F, Cristina Hern\u00e1ndez, Pen\u00e9lope Gonz\u00e1lez Samp\u00e9riz y Rosa Monge protagonizaron el 9 de febrero una jornada divulgativa para ni\u00f1os","og_url":"http:\/\/madeinzaragoza.es\/blog\/escaparates-11f-ruta-infantil-para-descubrir-trabajo-tres-cientificas\/","og_site_name":"Made in Zaragoza","article_publisher":"https:\/\/www.facebook.com\/madeinzaragoza.es\/","article_published_time":"2019-02-13T07:33:59+00:00","article_modified_time":"2021-01-28T05:24:22+00:00","og_image":[{"width":1935,"height":1500,"url":"http:\/\/madeinzaragoza.es\/blog\/wp-content\/uploads\/2019\/02\/Portada-11F-ruta-infantil.jpg","type":"image\/jpeg"}],"author":"Enrique Abenia","twitter_card":"summary","twitter_creator":"@Enrique_Abenia","twitter_site":"@madeinzaragoza","twitter_misc":{"Escrito por":"Enrique Abenia","Tiempo de lectura":"3 minutos"},"schema":{"@context":"https:\/\/schema.org","@graph":[{"@type":"Article","@id":"http:\/\/madeinzaragoza.es\/blog\/escaparates-11f-ruta-infantil-para-descubrir-trabajo-tres-cientificas\/#article","isPartOf":{"@id":"http:\/\/madeinzaragoza.es\/blog\/escaparates-11f-ruta-infantil-para-descubrir-trabajo-tres-cientificas\/"},"author":{"name":"Enrique Abenia","@id":"https:\/\/madeinzaragoza.es\/blog\/#\/schema\/person\/b4cf98cbc61a51fb48dbdab258a8c523"},"headline":"Escaparates 11F: ruta infantil para descubrir el trabajo de tres cient\u00edficas","datePublished":"2019-02-13T07:33:59+00:00","dateModified":"2021-01-28T05:24:22+00:00","mainEntityOfPage":{"@id":"http:\/\/madeinzaragoza.es\/blog\/escaparates-11f-ruta-infantil-para-descubrir-trabajo-tres-cientificas\/"},"wordCount":680,"commentCount":0,"publisher":{"@id":"https:\/\/madeinzaragoza.es\/blog\/#organization"},"keywords":["11 de Febrero","D\u00eda de la Mujer en la Ciencia","escaparates11f"],"articleSection":["Qu\u00e9 hacer","Red MIZ"],"inLanguage":"es","potentialAction":[{"@type":"CommentAction","name":"Comment","target":["http:\/\/madeinzaragoza.es\/blog\/escaparates-11f-ruta-infantil-para-descubrir-trabajo-tres-cientificas\/#respond"]}]},{"@type":"WebPage","@id":"http:\/\/madeinzaragoza.es\/blog\/escaparates-11f-ruta-infantil-para-descubrir-trabajo-tres-cientificas\/","url":"http:\/\/madeinzaragoza.es\/blog\/escaparates-11f-ruta-infantil-para-descubrir-trabajo-tres-cientificas\/","name":"Escaparates 11F: ruta infantil para descubrir el trabajo de tres cient\u00edficas - Made in Zaragoza","isPartOf":{"@id":"https:\/\/madeinzaragoza.es\/blog\/#website"},"datePublished":"2019-02-13T07:33:59+00:00","dateModified":"2021-01-28T05:24:22+00:00","description":"Dentro de Escaparates 11-F, Cristina Hern\u00e1ndez, Pen\u00e9lope Gonz\u00e1lez Samp\u00e9riz y Rosa Monge protagonizaron el 9 de febrero una jornada divulgativa para ni\u00f1os","breadcrumb":{"@id":"http:\/\/madeinzaragoza.es\/blog\/escaparates-11f-ruta-infantil-para-descubrir-trabajo-tres-cientificas\/#breadcrumb"},"inLanguage":"es","potentialAction":[{"@type":"ReadAction","target":["http:\/\/madeinzaragoza.es\/blog\/escaparates-11f-ruta-infantil-para-descubrir-trabajo-tres-cientificas\/"]}]},{"@type":"BreadcrumbList","@id":"http:\/\/madeinzaragoza.es\/blog\/escaparates-11f-ruta-infantil-para-descubrir-trabajo-tres-cientificas\/#breadcrumb","itemListElement":[{"@type":"ListItem","position":1,"name":"Portada","item":"https:\/\/madeinzaragoza.es\/blog\/"},{"@type":"ListItem","position":2,"name":"Escaparates 11F: ruta infantil para descubrir el trabajo de tres cient\u00edficas"}]},{"@type":"WebSite","@id":"https:\/\/madeinzaragoza.es\/blog\/#website","url":"https:\/\/madeinzaragoza.es\/blog\/","name":"Made in Zaragoza","description":"Blog de MadeinZGZ, Red de Econom\u00eda Creativa de Zaragoza","publisher":{"@id":"https:\/\/madeinzaragoza.es\/blog\/#organization"},"potentialAction":[{"@type":"SearchAction","target":{"@type":"EntryPoint","urlTemplate":"https:\/\/madeinzaragoza.es\/blog\/?s={search_term_string}"},"query-input":"required name=search_term_string"}],"inLanguage":"es"},{"@type":"Organization","@id":"https:\/\/madeinzaragoza.es\/blog\/#organization","name":"Made In Zaragoza","url":"https:\/\/madeinzaragoza.es\/blog\/","sameAs":["https:\/\/www.instagram.com\/madeinzaragoza.es\/","https:\/\/www.facebook.com\/madeinzaragoza.es\/","https:\/\/twitter.com\/madeinzaragoza"],"logo":{"@type":"ImageObject","inLanguage":"es","@id":"https:\/\/madeinzaragoza.es\/blog\/#\/schema\/logo\/image\/","url":"https:\/\/madeinzaragoza.es\/blog\/wp-content\/uploads\/2022\/05\/logo.png","contentUrl":"https:\/\/madeinzaragoza.es\/blog\/wp-content\/uploads\/2022\/05\/logo.png","width":193,"height":176,"caption":"Made In Zaragoza"},"image":{"@id":"https:\/\/madeinzaragoza.es\/blog\/#\/schema\/logo\/image\/"}},{"@type":"Person","@id":"https:\/\/madeinzaragoza.es\/blog\/#\/schema\/person\/b4cf98cbc61a51fb48dbdab258a8c523","name":"Enrique Abenia","image":{"@type":"ImageObject","inLanguage":"es","@id":"https:\/\/madeinzaragoza.es\/blog\/#\/schema\/person\/image\/","url":"https:\/\/secure.gravatar.com\/avatar\/a747099e3518ccf440789a57b07dd884?s=96&d=mm&r=g","contentUrl":"https:\/\/secure.gravatar.com\/avatar\/a747099e3518ccf440789a57b07dd884?s=96&d=mm&r=g","caption":"Enrique Abenia"},"description":"Periodista aut\u00f3nomo. Cr\u00edtico de \u2018Heraldo de Arag\u00f3n\u2019, tambi\u00e9n escribe en 'Cineman\u00eda' y en 20bits, donde analiza smartphones.","sameAs":["https:\/\/twitter.com\/Enrique_Abenia"],"url":"https:\/\/madeinzaragoza.es\/blog\/author\/enriqueabenia\/"}]}},"_links":{"self":[{"href":"https:\/\/madeinzaragoza.es\/blog\/wp-json\/wp\/v2\/posts\/23789"}],"collection":[{"href":"https:\/\/madeinzaragoza.es\/blog\/wp-json\/wp\/v2\/posts"}],"about":[{"href":"https:\/\/madeinzaragoza.es\/blog\/wp-json\/wp\/v2\/types\/post"}],"author":[{"embeddable":true,"href":"https:\/\/madeinzaragoza.es\/blog\/wp-json\/wp\/v2\/users\/59"}],"replies":[{"embeddable":true,"href":"https:\/\/madeinzaragoza.es\/blog\/wp-json\/wp\/v2\/comments?post=23789"}],"version-history":[{"count":5,"href":"https:\/\/madeinzaragoza.es\/blog\/wp-json\/wp\/v2\/posts\/23789\/revisions"}],"predecessor-version":[{"id":23817,"href":"https:\/\/madeinzaragoza.es\/blog\/wp-json\/wp\/v2\/posts\/23789\/revisions\/23817"}],"wp:featuredmedia":[{"embeddable":true,"href":"https:\/\/madeinzaragoza.es\/blog\/wp-json\/wp\/v2\/media\/23790"}],"wp:attachment":[{"href":"https:\/\/madeinzaragoza.es\/blog\/wp-json\/wp\/v2\/media?parent=23789"}],"wp:term":[{"taxonomy":"category","embeddable":true,"href":"https:\/\/madeinzaragoza.es\/blog\/wp-json\/wp\/v2\/categories?post=23789"},{"taxonomy":"post_tag","embeddable":true,"href":"https:\/\/madeinzaragoza.es\/blog\/wp-json\/wp\/v2\/tags?post=23789"}],"curies":[{"name":"wp","href":"https:\/\/api.w.org\/{rel}","templated":true}]}}