{"id":23646,"date":"2019-02-07T08:06:33","date_gmt":"2019-02-07T07:06:33","guid":{"rendered":"http:\/\/madeinzaragoza.es\/blog\/?p=23646"},"modified":"2022-10-09T14:52:08","modified_gmt":"2022-10-09T13:52:08","slug":"escaparates-11f-visitando-la-ruta-de-las-mujeres-inclusivas","status":"publish","type":"post","link":"https:\/\/madeinzaragoza.es\/blog\/escaparates-11f-visitando-la-ruta-de-las-mujeres-inclusivas\/","title":{"rendered":"Escaparates 11F: visitando la ruta de las mujeres inclusivas"},"content":{"rendered":"<p>Con motivo del d\u00eda 11 de febrero, d\u00eda que est\u00e1 dedicado a visibilizar a las mujeres en la ciencia a nivel nacional, desde Made in Zaragoza hemos creado una iniciativa muy interesante y divulgativa, a la par que entretenida, que no os pod\u00e9is perder, los <strong><a href=\"http:\/\/madeinzaragoza.es\/blog\/escaparates11f-en-made-in-zaragoza\/\">escaparates 11F<\/a>.<\/strong><\/p>\n<p>Este mes, 42 tiendas de la red expondr\u00e1n la vida y los logros de 48 mujeres cient\u00edficas y, adem\u00e1s, <strong>podr\u00e9is conocer todas sus historias en unas <a href=\"http:\/\/madeinzaragoza.es\/blog\/rutas-escaparates11f\/\">rutas guiadas<\/a> que se han preparado durante todo este mes<\/strong>. Las rutas comenzaron el pasado fin de semana, el d\u00eda 1 y 2 de febrero, pero aun os queda una excelente oportunidad para ir a la ruta del d\u00eda 15 de febrero.<\/p>\n<p>&nbsp;<\/p>\n<p>Si te apetece ir, informarte de que el paseo comenzar\u00e1 en Coeur de Coton (C\/ Cadena 16) y acabar\u00e1 en la Casa de Juventud de Las Fuentes (C\/ Florentino Ballesteros, 8), donde habr\u00e1 una charla de mujeres astron\u00f3micas y se avistar\u00e1n estrellas. Tambi\u00e9n esta prevista una ruta infantil el 9 de febrero<\/p>\n<p>&nbsp;<\/p>\n<p>El equipo de Made in Zaragoza pudo asistir a la ruta del d\u00eda 2 por la tarde, que pese al fr\u00edo, fue muy interesante y multitudinaria.<\/p>\n<p>&nbsp;<\/p>\n<p>En cada una de las tiendas han trabajado un escaparate dedicado a una cient\u00edfica, <strong>destacar algunos trabajos como el de <a href=\"http:\/\/madeinzaragoza.es\/comercios\/comercio.php?id=223\">Kabuky Shop<\/a> y <a href=\"http:\/\/madeinzaragoza.es\/comercios\/comercio.php?id=210\">Latastienda<\/a>, o Piedra, papel y tijera, o <a href=\"http:\/\/madeinzaragoza.es\/comercios\/comercio.php?id=117\">Suave Shop<\/a> <\/strong>por su parecido a la cient\u00edfica, aunque en general se nota que todas las tiendas trabajan y est\u00e1n entusiasmadas con la iniciativa, y desde luego, no es para menos.<\/p>\n<p><img loading=\"lazy\" decoding=\"async\" class=\"aligncenter wp-image-23652 size-large\" src=\"http:\/\/madeinzaragoza.es\/blog\/wp-content\/uploads\/2019\/02\/20190202_194331-1024x768.jpg\" alt=\"\" width=\"840\" height=\"630\" srcset=\"https:\/\/madeinzaragoza.es\/blog\/wp-content\/uploads\/2019\/02\/20190202_194331-1024x768.jpg 1024w, https:\/\/madeinzaragoza.es\/blog\/wp-content\/uploads\/2019\/02\/20190202_194331-300x225.jpg 300w, https:\/\/madeinzaragoza.es\/blog\/wp-content\/uploads\/2019\/02\/20190202_194331-768x576.jpg 768w, https:\/\/madeinzaragoza.es\/blog\/wp-content\/uploads\/2019\/02\/20190202_194331-1200x900.jpg 1200w\" sizes=\"(max-width: 709px) 85vw, (max-width: 909px) 67vw, (max-width: 1362px) 62vw, 840px\" \/><br \/>\nLa ruta dur\u00f3 casi 3h y media, y <strong>nos contaron la vida de varias cient\u00edficas a la vez que pod\u00edamos ojear las tiendas y conocer comercios interesantes<\/strong> para volver m\u00e1s adelante con m\u00e1s tiempo. Es una ocasi\u00f3n espectacular para visitar comercios distintos de nuestra ciudad y, adem\u00e1s, conocer la vida de las cient\u00edficas m\u00e1s destacadas y algunas, completamente desconocidas para el gran p\u00fablico.<\/p>\n<p>&nbsp;<\/p>\n<p>Como fueron muchas, y todas muy interesantes, voy a comentar por aqu\u00ed las historias que me parecieron m\u00e1s curiosas para que luego cada cual pueda investigar en su casa. ( por aqu\u00ed os dejo el enlace del dossier, donde pod\u00e9is consultarlas todas)<\/p>\n<p>&nbsp;<\/p>\n<p>Una de las m\u00e1s llamativas es la historia de <strong>Utako Okamoto<\/strong> que naci\u00f3 en Jap\u00f3n (1918- 2016), En primer lugar llama la atenci\u00f3n que vivi\u00f3 98 a\u00f1os, fue muy longeva y adem\u00e1s hizo un descubrimiento que cambiar\u00eda la vida de millones de mujeres. Utako descubri\u00f3 el \u00e1cido tranex\u00e1mico, un f\u00e1rmaco para tratar hemorragia postparto la principal causa de muerte materna en el mundo, y lo que yo misma pens\u00e9 \u201cque maravilla\u201d descubri\u00f3 esto en los a\u00f1os 30, pero no, el descubrimiento no fue apreciado durante d\u00e9cadas, no fue hasta 2009 que fue incluido en la lista de la OMS de medicinas esenciales para su uso durante la cirug\u00eda card\u00edaca.<\/p>\n<p>&nbsp;<\/p>\n<p>Y todo fue gracias al programa que duro del 2010-2016, pero justo ella muri\u00f3 en 2016 y no pudo ver ni apreciar que su descubrimiento por fin obten\u00eda el reconocimiento merecido, una pena. Eso s\u00ed, Utako ha salvado a millares de mujeres de morir por hemorragia. Gracias Utako.<\/p>\n<p>&nbsp;<\/p>\n<p>Para saber m\u00e1s acerca de ella.<\/p>\n<p><img loading=\"lazy\" decoding=\"async\" class=\"aligncenter wp-image-23653 size-large\" src=\"http:\/\/madeinzaragoza.es\/blog\/wp-content\/uploads\/2019\/02\/20190202_191827-1024x768.jpg\" alt=\"\" width=\"840\" height=\"630\" srcset=\"https:\/\/madeinzaragoza.es\/blog\/wp-content\/uploads\/2019\/02\/20190202_191827-1024x768.jpg 1024w, https:\/\/madeinzaragoza.es\/blog\/wp-content\/uploads\/2019\/02\/20190202_191827-300x225.jpg 300w, https:\/\/madeinzaragoza.es\/blog\/wp-content\/uploads\/2019\/02\/20190202_191827-768x576.jpg 768w, https:\/\/madeinzaragoza.es\/blog\/wp-content\/uploads\/2019\/02\/20190202_191827-1200x900.jpg 1200w\" sizes=\"(max-width: 709px) 85vw, (max-width: 909px) 67vw, (max-width: 1362px) 62vw, 840px\" \/><\/p>\n<p>&nbsp;<\/p>\n<p>Otra que me sorprendi\u00f3 fue <strong>Jimena Quiros<\/strong> que estaba homenajeada en Latastienda, porque fue la primera cient\u00edfica contratada por el Instituto Espa\u00f1ol de Oceanograf\u00eda (IEO), tras un a\u00f1o trabajando como becaria en los laboratorios centrales de Madrid. Llama tambi\u00e9n mucho la atenci\u00f3n que fue la primera mujer en embarcar en una campa\u00f1a oceanogr\u00e1fica en Espa\u00f1a y la primera en firmar un trabajo cient\u00edfico en ciencias marinas.<br \/>\nDestac\u00f3 adem\u00e1s por su militancia pol\u00edtica y por su lucha por los derechos de la mujer, lo que le cost\u00f3 su cese como funcionaria en 1940 al finalizar la Guerra Civil.<\/p>\n<p>&nbsp;<\/p>\n<p>Explican en la visita guiada que no tuvo mucho tiempo para destacar, ya que tuvo problemas con su jefe por ser mujer, consideraba \u201cque no era apta para el mar\u201d y m\u00e1s tarde por la Guerra civil, pero sin duda es una mujer a la que merece la pena que conozcamos e investigemos un poquito m\u00e1s.<br \/>\nEn la pagina de Oceanicas tenemos mucha informaci\u00f3n<\/p>\n<p>&nbsp;<\/p>\n<p>En SUAVE SHOP nos encontramos con <strong>Marta Macho-Stadler<\/strong> (1962), una cient\u00edfica muy proactiva y muy polifac\u00e9tica, vasca, fuerte y emprendedora que da muchas charlas constantemente y tiene un blog que las que llevan la visita guiada nos recomiendan encarecidamente \u201cMujeres con ciencia\u201d de la C\u00e1tedra de Cultura Cient\u00edfica de la UPV\/EHU-<\/p>\n<p>&nbsp;<\/p>\n<p>Esta mujer, Marta es polifac\u00e9tica: Matem\u00e1tica. Topologa. Profesora de la UPV\/EHU y doctora en Matem\u00e1ticas por la Universit\u00e9 Claude Bernard Lyon I (Francia y pone su granito de arena para que se reconozca la labor de las mujeres en las disciplinas STEAM. Coordinadora de la secci\u00f3n de Teatro y Matem\u00e1ticas en el portal DivulgaMAT, y colaboradora en la secci\u00f3n de Literatura y Matem\u00e1ticas. En la ruta nos cuentan que es una enamorada de las letras y que le encanta la uni\u00f3n entre las matem\u00e1ticas y la literatura<br \/>\nAl parecer si Marta da una charla, no hay que perd\u00e9rsela, porque debe ser adem\u00e1s una excelente y cercana oradora. Entre los actos del 11f<br \/>\nCuentan las gu\u00edas, que la conocen, que es una mujer inspiradora y que sabe transmitir su amor por las matem\u00e1ticas, con mucho arte y una pizca de creatividad, salpimentada con un toque de humor. Docente vocacional, transmite su conocimiento y su pasi\u00f3n por ense\u00f1ar m\u00e1s all\u00e1 del aula, logrando explicar cosas complejas, como la matem\u00e1tica cualitativa, de forma sencilla.<\/p>\n<p>&nbsp;<\/p>\n<p><img loading=\"lazy\" decoding=\"async\" class=\"aligncenter size-full wp-image-23728\" src=\"http:\/\/madeinzaragoza.es\/blog\/wp-content\/uploads\/2019\/02\/escaparate-shuave-shop.png\" alt=\"\" width=\"430\" height=\"457\" srcset=\"https:\/\/madeinzaragoza.es\/blog\/wp-content\/uploads\/2019\/02\/escaparate-shuave-shop.png 430w, https:\/\/madeinzaragoza.es\/blog\/wp-content\/uploads\/2019\/02\/escaparate-shuave-shop-282x300.png 282w\" sizes=\"(max-width: 430px) 85vw, 430px\" \/><\/p>\n<p><img loading=\"lazy\" decoding=\"async\" class=\"aligncenter wp-image-23651 size-large\" src=\"http:\/\/madeinzaragoza.es\/blog\/wp-content\/uploads\/2019\/02\/20190202_200234-1024x768.jpg\" alt=\"\" width=\"840\" height=\"630\" srcset=\"https:\/\/madeinzaragoza.es\/blog\/wp-content\/uploads\/2019\/02\/20190202_200234-1024x768.jpg 1024w, https:\/\/madeinzaragoza.es\/blog\/wp-content\/uploads\/2019\/02\/20190202_200234-300x225.jpg 300w, https:\/\/madeinzaragoza.es\/blog\/wp-content\/uploads\/2019\/02\/20190202_200234-768x576.jpg 768w, https:\/\/madeinzaragoza.es\/blog\/wp-content\/uploads\/2019\/02\/20190202_200234-1200x900.jpg 1200w\" sizes=\"(max-width: 709px) 85vw, (max-width: 909px) 67vw, (max-width: 1362px) 62vw, 840px\" \/><\/p>\n<p>&nbsp;<\/p>\n<p>A <strong>Gertrudis de la Fuente S\u00e1nchez<\/strong> (1921 \u2013 2017) nos la encontramos en la visita a la tienda <a href=\"http:\/\/madeinzaragoza.es\/comercios\/comercio.php?id=260\">Cosicas<\/a>, seg\u00fan la gu\u00eda que nos explica (tambi\u00e9n cient\u00edfica) es Madrile\u00f1a, en concreto de Vallecas, como dec\u00eda ella, lo que aumenta su cabezoner\u00eda y car\u00e1cter.<\/p>\n<p>&nbsp;<\/p>\n<p>Desde peque\u00f1a le gustaba mucho estudiar, y quer\u00eda ser maquinista de tren como su padre, pero no lo dejaron\u2026y m\u00e1s tarde tampoco le dejaron estudiar ni Matem\u00e1ticas ni F\u00edsicas. Encontr\u00f3 tantas trabas que finalmente se decidi\u00f3 por la Qu\u00edmica, donde estaba algo m\u00e1s tolerada la presencia de estudiantes mujeres.<\/p>\n<p>&nbsp;<\/p>\n<p>En 1948 se licenci\u00f3 en Ciencias Qu\u00edmicas por la Universidad Complutense de Madrid. Fue aqu\u00ed donde escuch\u00f3 por primera vez, de boca del catedr\u00e1tico de Qu\u00edmica Org\u00e1nica Manuel Lora Tamayo, hablar de la bioqu\u00edmica, una nueva rama de la ciencia que enseguida despert\u00f3 un gran inter\u00e9s en ella. En 1955 se doctoraba en la Facultad de Farmacia de la Complutense por entonces el \u00fanico catedr\u00e1tico de Bioqu\u00edmica de toda Espa\u00f1a.<\/p>\n<p>&nbsp;<\/p>\n<p>Parte de su trabajo de doctorado se public\u00f3 en la revista Nature, que nos explican las cient\u00edficas que nos gu\u00edan que es como \u201clos Oscar de las ciencias\u201d. De esta manera se convirti\u00f3 en una de las primeras mujeres espa\u00f1olas en publicar en esta revista. Tras terminar su tesis se incorpor\u00f3 al incipiente grupo de Sols, que por entonces era apenas un s\u00f3tano destartalado en la Facultad de Medicina de la Complutense.<\/p>\n<p>&nbsp;<\/p>\n<p>Como bioqu\u00edmica, el trabajo de Gertrudis consisti\u00f3 en estudiar c\u00f3mo las reacciones de las diferentes sustancias que se encuentran en el organismo afectan a su correcto funcionamiento y su salud. Adem\u00e1s fue la encargada de investigar los problemas del aceite de colza\u2026.una ardua tarea en la que ella sac\u00f3 conclusiones muy interesantes, que el problema no estaba en el aceite sino en uno de los ingredientes del mismo, desnaturalizado con fines industriales.<\/p>\n<p>&nbsp;<\/p>\n<p>Tras este trabajo, form\u00f3 parte de la Comisi\u00f3n Asesora para la Investigaci\u00f3n Cient\u00edfica y T\u00e9cnica desde el \u00e1rea de la toxicolog\u00eda. Falleci\u00f3 en 2017 a los 95 a\u00f1os, y los que la conocieron recordaron entonces su sabidur\u00eda y la generosidad con la que la compart\u00eda.<\/p>\n<p>&nbsp;<\/p>\n<p><img loading=\"lazy\" decoding=\"async\" class=\"aligncenter wp-image-23650 size-large\" src=\"http:\/\/madeinzaragoza.es\/blog\/wp-content\/uploads\/2019\/02\/20190202_200440-1024x768.jpg\" alt=\"\" width=\"840\" height=\"630\" srcset=\"https:\/\/madeinzaragoza.es\/blog\/wp-content\/uploads\/2019\/02\/20190202_200440-1024x768.jpg 1024w, https:\/\/madeinzaragoza.es\/blog\/wp-content\/uploads\/2019\/02\/20190202_200440-300x225.jpg 300w, https:\/\/madeinzaragoza.es\/blog\/wp-content\/uploads\/2019\/02\/20190202_200440-768x576.jpg 768w, https:\/\/madeinzaragoza.es\/blog\/wp-content\/uploads\/2019\/02\/20190202_200440-1200x900.jpg 1200w\" sizes=\"(max-width: 709px) 85vw, (max-width: 909px) 67vw, (max-width: 1362px) 62vw, 840px\" \/><\/p>\n<p>&nbsp;<\/p>\n<p>Hubo muchas mas historias, que ser\u00edan dif\u00edciles de resumir en un solo art\u00edculo, pero os insto a que cotille\u00e9is los enlaces que os he dejado m\u00e1s&nbsp; arriba.<br \/>\n<b><\/b><\/p>\n<p>&nbsp;<\/p>\n<p><b>Sin duda, fue una tarde productiva, distinta y instructiva,&nbsp; llena de historias de mujeres ilustres&nbsp; que dieron su vida por la ciencia y como dijeron las gu\u00edas&nbsp;\u00bb dar la vida por la ciencia es dar la vida por la humanidad, porque la ciencia esta enfocada a servir a la humanidad\u00bb<\/b><\/p>\n<p>&nbsp;<\/p>\n<p><b>Os recomiendo encarecidamente que no os perd\u00e1is&nbsp;las siguientes rutas y diferentes actos.&nbsp; \u00a1<\/b><strong>Larga vida a la ciencia y a sus mujeres!&nbsp;<\/strong><\/p>\n","protected":false},"excerpt":{"rendered":"<p>Con motivo del d\u00eda 11 de febrero, d\u00eda que est\u00e1 dedicado a visibilizar a las mujeres en la ciencia a nivel nacional, desde Made in Zaragoza hemos creado una iniciativa muy interesante y divulgativa, a la par que entretenida, que no os pod\u00e9is perder, los escaparates 11F. Este mes, 42 tiendas de la red expondr\u00e1n &hellip; <a href=\"https:\/\/madeinzaragoza.es\/blog\/escaparates-11f-visitando-la-ruta-de-las-mujeres-inclusivas\/\" class=\"more-link\">Continuar leyendo<span class=\"screen-reader-text\"> \u00abEscaparates 11F: visitando la ruta de las mujeres inclusivas\u00bb<\/span><\/a><\/p>\n","protected":false},"author":72,"featured_media":23654,"comment_status":"open","ping_status":"open","sticky":false,"template":"","format":"standard","meta":{"footnotes":""},"categories":[7,8],"tags":[1693,1692,2245],"yoast_head":"<!-- This site is optimized with the Yoast SEO plugin v19.7.2 - https:\/\/yoast.com\/wordpress\/plugins\/seo\/ -->\n<title>Escaparates 11F: visitando la ruta de las mujeres inclusivas - Made in Zaragoza<\/title>\n<meta name=\"robots\" content=\"index, follow, max-snippet:-1, max-image-preview:large, max-video-preview:-1\" \/>\n<link rel=\"canonical\" href=\"https:\/\/madeinzaragoza.es\/blog\/escaparates-11f-visitando-la-ruta-de-las-mujeres-inclusivas\/\" \/>\n<meta property=\"og:locale\" content=\"es_ES\" \/>\n<meta property=\"og:type\" content=\"article\" \/>\n<meta property=\"og:title\" content=\"Escaparates 11F: visitando la ruta de las mujeres inclusivas - Made in Zaragoza\" \/>\n<meta property=\"og:description\" content=\"Con motivo del d\u00eda 11 de febrero, d\u00eda que est\u00e1 dedicado a visibilizar a las mujeres en la ciencia a nivel nacional, desde Made in Zaragoza hemos creado una iniciativa muy interesante y divulgativa, a la par que entretenida, que no os pod\u00e9is perder, los escaparates 11F. Este mes, 42 tiendas de la red expondr\u00e1n &hellip; Continuar leyendo &quot;Escaparates 11F: visitando la ruta de las mujeres inclusivas&quot;\" \/>\n<meta property=\"og:url\" content=\"https:\/\/madeinzaragoza.es\/blog\/escaparates-11f-visitando-la-ruta-de-las-mujeres-inclusivas\/\" \/>\n<meta property=\"og:site_name\" content=\"Made in Zaragoza\" \/>\n<meta property=\"article:publisher\" content=\"https:\/\/www.facebook.com\/madeinzaragoza.es\/\" \/>\n<meta property=\"article:published_time\" content=\"2019-02-07T07:06:33+00:00\" \/>\n<meta property=\"article:modified_time\" content=\"2022-10-09T13:52:08+00:00\" \/>\n<meta property=\"og:image\" content=\"https:\/\/madeinzaragoza.es\/blog\/wp-content\/uploads\/2019\/02\/20190202_191742-1-e1549609705945.jpg\" \/>\n\t<meta property=\"og:image:width\" content=\"1200\" \/>\n\t<meta property=\"og:image:height\" content=\"900\" \/>\n\t<meta property=\"og:image:type\" content=\"image\/jpeg\" \/>\n<meta name=\"author\" content=\"Maria de Rada\" \/>\n<meta name=\"twitter:card\" content=\"summary\" \/>\n<meta name=\"twitter:creator\" content=\"@deradeando\" \/>\n<meta name=\"twitter:site\" content=\"@madeinzaragoza\" \/>\n<meta name=\"twitter:label1\" content=\"Escrito por\" \/>\n\t<meta name=\"twitter:data1\" content=\"Maria de Rada\" \/>\n\t<meta name=\"twitter:label2\" content=\"Tiempo de lectura\" \/>\n\t<meta name=\"twitter:data2\" content=\"7 minutos\" \/>\n<script type=\"application\/ld+json\" class=\"yoast-schema-graph\">{\"@context\":\"https:\/\/schema.org\",\"@graph\":[{\"@type\":\"Article\",\"@id\":\"https:\/\/madeinzaragoza.es\/blog\/escaparates-11f-visitando-la-ruta-de-las-mujeres-inclusivas\/#article\",\"isPartOf\":{\"@id\":\"https:\/\/madeinzaragoza.es\/blog\/escaparates-11f-visitando-la-ruta-de-las-mujeres-inclusivas\/\"},\"author\":{\"name\":\"Maria de Rada\",\"@id\":\"https:\/\/madeinzaragoza.es\/blog\/#\/schema\/person\/7985c289943611c15ff5d149dca68e10\"},\"headline\":\"Escaparates 11F: visitando la ruta de las mujeres inclusivas\",\"datePublished\":\"2019-02-07T07:06:33+00:00\",\"dateModified\":\"2022-10-09T13:52:08+00:00\",\"mainEntityOfPage\":{\"@id\":\"https:\/\/madeinzaragoza.es\/blog\/escaparates-11f-visitando-la-ruta-de-las-mujeres-inclusivas\/\"},\"wordCount\":1497,\"commentCount\":0,\"publisher\":{\"@id\":\"https:\/\/madeinzaragoza.es\/blog\/#organization\"},\"keywords\":[\"11 de Febrero\",\"D\u00eda de la Mujer en la Ciencia\",\"escaparates11f\"],\"articleSection\":[\"Qu\u00e9 hacer\",\"Red MIZ\"],\"inLanguage\":\"es\",\"potentialAction\":[{\"@type\":\"CommentAction\",\"name\":\"Comment\",\"target\":[\"https:\/\/madeinzaragoza.es\/blog\/escaparates-11f-visitando-la-ruta-de-las-mujeres-inclusivas\/#respond\"]}]},{\"@type\":\"WebPage\",\"@id\":\"https:\/\/madeinzaragoza.es\/blog\/escaparates-11f-visitando-la-ruta-de-las-mujeres-inclusivas\/\",\"url\":\"https:\/\/madeinzaragoza.es\/blog\/escaparates-11f-visitando-la-ruta-de-las-mujeres-inclusivas\/\",\"name\":\"Escaparates 11F: visitando la ruta de las mujeres inclusivas - Made in Zaragoza\",\"isPartOf\":{\"@id\":\"https:\/\/madeinzaragoza.es\/blog\/#website\"},\"datePublished\":\"2019-02-07T07:06:33+00:00\",\"dateModified\":\"2022-10-09T13:52:08+00:00\",\"breadcrumb\":{\"@id\":\"https:\/\/madeinzaragoza.es\/blog\/escaparates-11f-visitando-la-ruta-de-las-mujeres-inclusivas\/#breadcrumb\"},\"inLanguage\":\"es\",\"potentialAction\":[{\"@type\":\"ReadAction\",\"target\":[\"https:\/\/madeinzaragoza.es\/blog\/escaparates-11f-visitando-la-ruta-de-las-mujeres-inclusivas\/\"]}]},{\"@type\":\"BreadcrumbList\",\"@id\":\"https:\/\/madeinzaragoza.es\/blog\/escaparates-11f-visitando-la-ruta-de-las-mujeres-inclusivas\/#breadcrumb\",\"itemListElement\":[{\"@type\":\"ListItem\",\"position\":1,\"name\":\"Portada\",\"item\":\"https:\/\/madeinzaragoza.es\/blog\/\"},{\"@type\":\"ListItem\",\"position\":2,\"name\":\"Escaparates 11F: visitando la ruta de las mujeres inclusivas\"}]},{\"@type\":\"WebSite\",\"@id\":\"https:\/\/madeinzaragoza.es\/blog\/#website\",\"url\":\"https:\/\/madeinzaragoza.es\/blog\/\",\"name\":\"Made in Zaragoza\",\"description\":\"Blog de MadeinZGZ, Red de Econom\u00eda Creativa de Zaragoza\",\"publisher\":{\"@id\":\"https:\/\/madeinzaragoza.es\/blog\/#organization\"},\"potentialAction\":[{\"@type\":\"SearchAction\",\"target\":{\"@type\":\"EntryPoint\",\"urlTemplate\":\"https:\/\/madeinzaragoza.es\/blog\/?s={search_term_string}\"},\"query-input\":\"required name=search_term_string\"}],\"inLanguage\":\"es\"},{\"@type\":\"Organization\",\"@id\":\"https:\/\/madeinzaragoza.es\/blog\/#organization\",\"name\":\"Made In Zaragoza\",\"url\":\"https:\/\/madeinzaragoza.es\/blog\/\",\"sameAs\":[\"https:\/\/www.instagram.com\/madeinzaragoza.es\/\",\"https:\/\/www.facebook.com\/madeinzaragoza.es\/\",\"https:\/\/twitter.com\/madeinzaragoza\"],\"logo\":{\"@type\":\"ImageObject\",\"inLanguage\":\"es\",\"@id\":\"https:\/\/madeinzaragoza.es\/blog\/#\/schema\/logo\/image\/\",\"url\":\"https:\/\/madeinzaragoza.es\/blog\/wp-content\/uploads\/2022\/05\/logo.png\",\"contentUrl\":\"https:\/\/madeinzaragoza.es\/blog\/wp-content\/uploads\/2022\/05\/logo.png\",\"width\":193,\"height\":176,\"caption\":\"Made In Zaragoza\"},\"image\":{\"@id\":\"https:\/\/madeinzaragoza.es\/blog\/#\/schema\/logo\/image\/\"}},{\"@type\":\"Person\",\"@id\":\"https:\/\/madeinzaragoza.es\/blog\/#\/schema\/person\/7985c289943611c15ff5d149dca68e10\",\"name\":\"Maria de Rada\",\"image\":{\"@type\":\"ImageObject\",\"inLanguage\":\"es\",\"@id\":\"https:\/\/madeinzaragoza.es\/blog\/#\/schema\/person\/image\/\",\"url\":\"https:\/\/secure.gravatar.com\/avatar\/2d2766ec8a477c0324437de9f3d434d9?s=96&d=mm&r=g\",\"contentUrl\":\"https:\/\/secure.gravatar.com\/avatar\/2d2766ec8a477c0324437de9f3d434d9?s=96&d=mm&r=g\",\"caption\":\"Maria de Rada\"},\"description\":\"Comunicadora, inquieta, curiosa y muy proactiva ( en ocasiones, hasta hiperactiva:) se dedica profesionalmente desde hace m\u00e1s de quince a\u00f1os a dos campos profesionales. Por un lado en el \u00e1mbito de la comunicaci\u00f3n es periodista-guionista de audiovisuales, radio y televisi\u00f3n, y por otro lado, se dedica al mundo del teatro y de la interpretaci\u00f3n, es actriz y dramaturga. En el campo de la comunicaci\u00f3n y prensa ha trabajado durante m\u00e1s de quince a\u00f1os como periodista- guionista y reportera de programas para radio y televisi\u00f3n en diferentes cadenas: La Sexta, Cuatro, Telecinco, Movistar0, Aragontv, Eitb, Punto Radio, en diferentes tipos de programas nacionales y auton\u00f3micos y documentales. Y en el campo de la interpretaci\u00f3n como actriz ha actuado en m\u00e1s de una decena de compa\u00f1\u00edas, montando la suya propia Feas Company, ha sido ayudante de direcci\u00f3n de Andr\u00e9s Lima y ha trabajado en diferentes producciones audiovisuales a nivel local y nacional. Adem\u00e1s de estudiar en diferentes escuelas, y un Master oficial en artes esc\u00e9nicas. Adem\u00e1s es locutora de anuncios de publicidad, v\u00eddeos, transportes...quiz\u00e1 si escuchas bien la puedes o\u00edr en m\u00e1s de un sitio de tu ciudad;) y del mundo. Tambi\u00e9n da clases, cuando se atreven y le dejan, de todo lo anterior. Le gustan las historias, hablar con la gente y conocer su historia para despu\u00e9s contarla y tiene especial debilidad por las historias humanas y sociales, las historias de la calle, de la gente valiente que hace y lucha por un mundo mejor, por ello es la encargada de escribir la secci\u00f3n Miziudadanxs, donde nos traer\u00e1 las historias m\u00e1s humanas a este blog. Puedes ver sobre todo lo que hace y sobre ella en su web : mariaderada.com\",\"sameAs\":[\"http:\/\/mariaderada.com\/\",\"https:\/\/twitter.com\/deradeando\"],\"url\":\"https:\/\/madeinzaragoza.es\/blog\/author\/mariaderada\/\"}]}<\/script>\n<!-- \/ Yoast SEO plugin. -->","yoast_head_json":{"title":"Escaparates 11F: visitando la ruta de las mujeres inclusivas - Made in Zaragoza","robots":{"index":"index","follow":"follow","max-snippet":"max-snippet:-1","max-image-preview":"max-image-preview:large","max-video-preview":"max-video-preview:-1"},"canonical":"https:\/\/madeinzaragoza.es\/blog\/escaparates-11f-visitando-la-ruta-de-las-mujeres-inclusivas\/","og_locale":"es_ES","og_type":"article","og_title":"Escaparates 11F: visitando la ruta de las mujeres inclusivas - Made in Zaragoza","og_description":"Con motivo del d\u00eda 11 de febrero, d\u00eda que est\u00e1 dedicado a visibilizar a las mujeres en la ciencia a nivel nacional, desde Made in Zaragoza hemos creado una iniciativa muy interesante y divulgativa, a la par que entretenida, que no os pod\u00e9is perder, los escaparates 11F. Este mes, 42 tiendas de la red expondr\u00e1n &hellip; Continuar leyendo \"Escaparates 11F: visitando la ruta de las mujeres inclusivas\"","og_url":"https:\/\/madeinzaragoza.es\/blog\/escaparates-11f-visitando-la-ruta-de-las-mujeres-inclusivas\/","og_site_name":"Made in Zaragoza","article_publisher":"https:\/\/www.facebook.com\/madeinzaragoza.es\/","article_published_time":"2019-02-07T07:06:33+00:00","article_modified_time":"2022-10-09T13:52:08+00:00","og_image":[{"width":1200,"height":900,"url":"https:\/\/madeinzaragoza.es\/blog\/wp-content\/uploads\/2019\/02\/20190202_191742-1-e1549609705945.jpg","type":"image\/jpeg"}],"author":"Maria de Rada","twitter_card":"summary","twitter_creator":"@deradeando","twitter_site":"@madeinzaragoza","twitter_misc":{"Escrito por":"Maria de Rada","Tiempo de lectura":"7 minutos"},"schema":{"@context":"https:\/\/schema.org","@graph":[{"@type":"Article","@id":"https:\/\/madeinzaragoza.es\/blog\/escaparates-11f-visitando-la-ruta-de-las-mujeres-inclusivas\/#article","isPartOf":{"@id":"https:\/\/madeinzaragoza.es\/blog\/escaparates-11f-visitando-la-ruta-de-las-mujeres-inclusivas\/"},"author":{"name":"Maria de Rada","@id":"https:\/\/madeinzaragoza.es\/blog\/#\/schema\/person\/7985c289943611c15ff5d149dca68e10"},"headline":"Escaparates 11F: visitando la ruta de las mujeres inclusivas","datePublished":"2019-02-07T07:06:33+00:00","dateModified":"2022-10-09T13:52:08+00:00","mainEntityOfPage":{"@id":"https:\/\/madeinzaragoza.es\/blog\/escaparates-11f-visitando-la-ruta-de-las-mujeres-inclusivas\/"},"wordCount":1497,"commentCount":0,"publisher":{"@id":"https:\/\/madeinzaragoza.es\/blog\/#organization"},"keywords":["11 de Febrero","D\u00eda de la Mujer en la Ciencia","escaparates11f"],"articleSection":["Qu\u00e9 hacer","Red MIZ"],"inLanguage":"es","potentialAction":[{"@type":"CommentAction","name":"Comment","target":["https:\/\/madeinzaragoza.es\/blog\/escaparates-11f-visitando-la-ruta-de-las-mujeres-inclusivas\/#respond"]}]},{"@type":"WebPage","@id":"https:\/\/madeinzaragoza.es\/blog\/escaparates-11f-visitando-la-ruta-de-las-mujeres-inclusivas\/","url":"https:\/\/madeinzaragoza.es\/blog\/escaparates-11f-visitando-la-ruta-de-las-mujeres-inclusivas\/","name":"Escaparates 11F: visitando la ruta de las mujeres inclusivas - Made in Zaragoza","isPartOf":{"@id":"https:\/\/madeinzaragoza.es\/blog\/#website"},"datePublished":"2019-02-07T07:06:33+00:00","dateModified":"2022-10-09T13:52:08+00:00","breadcrumb":{"@id":"https:\/\/madeinzaragoza.es\/blog\/escaparates-11f-visitando-la-ruta-de-las-mujeres-inclusivas\/#breadcrumb"},"inLanguage":"es","potentialAction":[{"@type":"ReadAction","target":["https:\/\/madeinzaragoza.es\/blog\/escaparates-11f-visitando-la-ruta-de-las-mujeres-inclusivas\/"]}]},{"@type":"BreadcrumbList","@id":"https:\/\/madeinzaragoza.es\/blog\/escaparates-11f-visitando-la-ruta-de-las-mujeres-inclusivas\/#breadcrumb","itemListElement":[{"@type":"ListItem","position":1,"name":"Portada","item":"https:\/\/madeinzaragoza.es\/blog\/"},{"@type":"ListItem","position":2,"name":"Escaparates 11F: visitando la ruta de las mujeres inclusivas"}]},{"@type":"WebSite","@id":"https:\/\/madeinzaragoza.es\/blog\/#website","url":"https:\/\/madeinzaragoza.es\/blog\/","name":"Made in Zaragoza","description":"Blog de MadeinZGZ, Red de Econom\u00eda Creativa de Zaragoza","publisher":{"@id":"https:\/\/madeinzaragoza.es\/blog\/#organization"},"potentialAction":[{"@type":"SearchAction","target":{"@type":"EntryPoint","urlTemplate":"https:\/\/madeinzaragoza.es\/blog\/?s={search_term_string}"},"query-input":"required name=search_term_string"}],"inLanguage":"es"},{"@type":"Organization","@id":"https:\/\/madeinzaragoza.es\/blog\/#organization","name":"Made In Zaragoza","url":"https:\/\/madeinzaragoza.es\/blog\/","sameAs":["https:\/\/www.instagram.com\/madeinzaragoza.es\/","https:\/\/www.facebook.com\/madeinzaragoza.es\/","https:\/\/twitter.com\/madeinzaragoza"],"logo":{"@type":"ImageObject","inLanguage":"es","@id":"https:\/\/madeinzaragoza.es\/blog\/#\/schema\/logo\/image\/","url":"https:\/\/madeinzaragoza.es\/blog\/wp-content\/uploads\/2022\/05\/logo.png","contentUrl":"https:\/\/madeinzaragoza.es\/blog\/wp-content\/uploads\/2022\/05\/logo.png","width":193,"height":176,"caption":"Made In Zaragoza"},"image":{"@id":"https:\/\/madeinzaragoza.es\/blog\/#\/schema\/logo\/image\/"}},{"@type":"Person","@id":"https:\/\/madeinzaragoza.es\/blog\/#\/schema\/person\/7985c289943611c15ff5d149dca68e10","name":"Maria de Rada","image":{"@type":"ImageObject","inLanguage":"es","@id":"https:\/\/madeinzaragoza.es\/blog\/#\/schema\/person\/image\/","url":"https:\/\/secure.gravatar.com\/avatar\/2d2766ec8a477c0324437de9f3d434d9?s=96&d=mm&r=g","contentUrl":"https:\/\/secure.gravatar.com\/avatar\/2d2766ec8a477c0324437de9f3d434d9?s=96&d=mm&r=g","caption":"Maria de Rada"},"description":"Comunicadora, inquieta, curiosa y muy proactiva ( en ocasiones, hasta hiperactiva:) se dedica profesionalmente desde hace m\u00e1s de quince a\u00f1os a dos campos profesionales. Por un lado en el \u00e1mbito de la comunicaci\u00f3n es periodista-guionista de audiovisuales, radio y televisi\u00f3n, y por otro lado, se dedica al mundo del teatro y de la interpretaci\u00f3n, es actriz y dramaturga. En el campo de la comunicaci\u00f3n y prensa ha trabajado durante m\u00e1s de quince a\u00f1os como periodista- guionista y reportera de programas para radio y televisi\u00f3n en diferentes cadenas: La Sexta, Cuatro, Telecinco, Movistar0, Aragontv, Eitb, Punto Radio, en diferentes tipos de programas nacionales y auton\u00f3micos y documentales. Y en el campo de la interpretaci\u00f3n como actriz ha actuado en m\u00e1s de una decena de compa\u00f1\u00edas, montando la suya propia Feas Company, ha sido ayudante de direcci\u00f3n de Andr\u00e9s Lima y ha trabajado en diferentes producciones audiovisuales a nivel local y nacional. Adem\u00e1s de estudiar en diferentes escuelas, y un Master oficial en artes esc\u00e9nicas. Adem\u00e1s es locutora de anuncios de publicidad, v\u00eddeos, transportes...quiz\u00e1 si escuchas bien la puedes o\u00edr en m\u00e1s de un sitio de tu ciudad;) y del mundo. Tambi\u00e9n da clases, cuando se atreven y le dejan, de todo lo anterior. Le gustan las historias, hablar con la gente y conocer su historia para despu\u00e9s contarla y tiene especial debilidad por las historias humanas y sociales, las historias de la calle, de la gente valiente que hace y lucha por un mundo mejor, por ello es la encargada de escribir la secci\u00f3n Miziudadanxs, donde nos traer\u00e1 las historias m\u00e1s humanas a este blog. Puedes ver sobre todo lo que hace y sobre ella en su web : mariaderada.com","sameAs":["http:\/\/mariaderada.com\/","https:\/\/twitter.com\/deradeando"],"url":"https:\/\/madeinzaragoza.es\/blog\/author\/mariaderada\/"}]}},"_links":{"self":[{"href":"https:\/\/madeinzaragoza.es\/blog\/wp-json\/wp\/v2\/posts\/23646"}],"collection":[{"href":"https:\/\/madeinzaragoza.es\/blog\/wp-json\/wp\/v2\/posts"}],"about":[{"href":"https:\/\/madeinzaragoza.es\/blog\/wp-json\/wp\/v2\/types\/post"}],"author":[{"embeddable":true,"href":"https:\/\/madeinzaragoza.es\/blog\/wp-json\/wp\/v2\/users\/72"}],"replies":[{"embeddable":true,"href":"https:\/\/madeinzaragoza.es\/blog\/wp-json\/wp\/v2\/comments?post=23646"}],"version-history":[{"count":7,"href":"https:\/\/madeinzaragoza.es\/blog\/wp-json\/wp\/v2\/posts\/23646\/revisions"}],"predecessor-version":[{"id":36073,"href":"https:\/\/madeinzaragoza.es\/blog\/wp-json\/wp\/v2\/posts\/23646\/revisions\/36073"}],"wp:featuredmedia":[{"embeddable":true,"href":"https:\/\/madeinzaragoza.es\/blog\/wp-json\/wp\/v2\/media\/23654"}],"wp:attachment":[{"href":"https:\/\/madeinzaragoza.es\/blog\/wp-json\/wp\/v2\/media?parent=23646"}],"wp:term":[{"taxonomy":"category","embeddable":true,"href":"https:\/\/madeinzaragoza.es\/blog\/wp-json\/wp\/v2\/categories?post=23646"},{"taxonomy":"post_tag","embeddable":true,"href":"https:\/\/madeinzaragoza.es\/blog\/wp-json\/wp\/v2\/tags?post=23646"}],"curies":[{"name":"wp","href":"https:\/\/api.w.org\/{rel}","templated":true}]}}