{"id":23380,"date":"2019-01-27T19:51:31","date_gmt":"2019-01-27T18:51:31","guid":{"rendered":"http:\/\/madeinzaragoza.es\/blog\/?p=23380"},"modified":"2021-01-28T06:25:07","modified_gmt":"2021-01-28T05:25:07","slug":"la-iniciativa-11f-y-las-cientificas","status":"publish","type":"post","link":"https:\/\/madeinzaragoza.es\/blog\/la-iniciativa-11f-y-las-cientificas\/","title":{"rendered":"La iniciativa 11F y las cient\u00edficas"},"content":{"rendered":"<p>Las acciones cuya repercusi\u00f3n se desea grande requieren una preparaci\u00f3n minuciosa y anticipada. Mar\u00eda Hern\u00e1ndez y Juana Moya de la <strong>iniciativa 11 de Febrero (11F)<\/strong> y Milagros Arrebola de la red de econom\u00eda creativa <strong>Made in Zaragoza<\/strong> lo saben, llevan meses organizando la pr\u00f3xima edici\u00f3n de los Paseos con Ciencia prevista para la primera quincena de febrero de 2019. Se trata de una propuesta extraordinaria que busca visibilizar el papel de las mujeres en la ciencia utilizando los escaparates de comercios zaragozanos.<\/p>\n<p>&nbsp;<\/p>\n<p><img loading=\"lazy\" decoding=\"async\" class=\"aligncenter size-full wp-image-23384\" src=\"http:\/\/madeinzaragoza.es\/blog\/wp-content\/uploads\/2019\/01\/50940331_1157098887785508_3156842361749766144_n.jpg\" alt=\"11febrero Zaragoza\" width=\"914\" height=\"480\" srcset=\"https:\/\/madeinzaragoza.es\/blog\/wp-content\/uploads\/2019\/01\/50940331_1157098887785508_3156842361749766144_n.jpg 914w, https:\/\/madeinzaragoza.es\/blog\/wp-content\/uploads\/2019\/01\/50940331_1157098887785508_3156842361749766144_n-300x158.jpg 300w, https:\/\/madeinzaragoza.es\/blog\/wp-content\/uploads\/2019\/01\/50940331_1157098887785508_3156842361749766144_n-768x403.jpg 768w\" sizes=\"(max-width: 709px) 85vw, (max-width: 909px) 67vw, (max-width: 1362px) 62vw, 840px\" \/><\/p>\n<p>&nbsp;<\/p>\n<p>Pero esta no es la \u00fanica actividad que promueven las integrantes del 11F en la capital aragonesa. De hecho, a lo largo del mes de diciembre\u00a0brindaron por partida doble, en Caixa Forum durante la <strong>Noche de los Investigadores<\/strong>, y en Etopia, durante las <strong>Jornadas de Innovaci\u00f3n Investigadora<\/strong>, una de sus acciones estrella: la yincana Encuentra Cient\u00edficas.<\/p>\n<p>Esta original prueba l\u00fadica se basa en el <a href=\"https:\/\/11defebrero.files.wordpress.com\/2018\/01\/la-cienticc81fica-y-el-guisante-11f-1.pdf\">relato \u201cLa cient\u00edfica y el guisante\u201d<\/a>, una versi\u00f3n revisada o, si se prefiere, actualizada por \u00c1gueda Gir\u00e1ldez del cuento \u201cLa princesa y el guisante\u201d, escrito por Hans Christian Andersen hace casi dos siglos. Partiendo de la nueva lectura, quienes participan en la juego, emulando a la cient\u00edfica protagonista, tratan de encontrar los doce \u201cguisantes\u201d (once m\u00e1s uno) escondidos en un espacio determinado.<\/p>\n<p>&nbsp;<\/p>\n<p><img loading=\"lazy\" decoding=\"async\" class=\"aligncenter wp-image-23385 size-large\" src=\"http:\/\/madeinzaragoza.es\/blog\/wp-content\/uploads\/2019\/01\/20181027_135009-e1548614296222-1024x754.jpg\" alt=\"\" width=\"840\" height=\"619\" srcset=\"https:\/\/madeinzaragoza.es\/blog\/wp-content\/uploads\/2019\/01\/20181027_135009-e1548614296222-1024x754.jpg 1024w, https:\/\/madeinzaragoza.es\/blog\/wp-content\/uploads\/2019\/01\/20181027_135009-e1548614296222-300x221.jpg 300w, https:\/\/madeinzaragoza.es\/blog\/wp-content\/uploads\/2019\/01\/20181027_135009-e1548614296222-768x565.jpg 768w, https:\/\/madeinzaragoza.es\/blog\/wp-content\/uploads\/2019\/01\/20181027_135009-e1548614296222.jpg 1170w\" sizes=\"(max-width: 709px) 85vw, (max-width: 909px) 67vw, (max-width: 1362px) 62vw, 840px\" \/><\/p>\n<p>&nbsp;<\/p>\n<p>En realidad, los \u201cguisantes\u201d son l\u00e1minas que esconden peque\u00f1os enigmas: a la manera de la tabla peri\u00f3dica de los elementos, <strong>cada una proporciona algunas pistas que conducen a desvelar la identidad de la cient\u00edfica en cuesti\u00f3n<\/strong>.<\/p>\n<p>Como muchos juegos, engancha y, durante los actos, se ve\u00eda, en los edificios arriba mencionados, a personas talluditas, solas o acompa\u00f1adas de otras menuditas, subiendo y bajando escaleras o recorriendo salas y pasillos mientras sus ojos escudri\u00f1aban las paredes en busca de los guisantes, en busca de las cient\u00edficas cuyas identidades se notifican en un gran cartel ya al principio de la batida.<\/p>\n<p>&nbsp;<\/p>\n<p>Como muchos juegos, este tambi\u00e9n tiene sus premios, pero para quienes participan quiz\u00e1 el mejor de todos sea, aunque no lo sepan, volver a casa recordando alguno de los nombres de las insignes mujeres que han estado buscando. Para las componentes del 11F en Zaragoza probablemente sea tambi\u00e9n un premio observar la fascinaci\u00f3n que suscita la yincana entre quienes concurren y abrigar la \u00edntima satisfacci\u00f3n de haber a\u00f1adido nuevos p\u00edxeles que definan con mayor nitidez la visibilidad de las cient\u00edficas.<\/p>\n<p>&nbsp;<\/p>\n<p><img loading=\"lazy\" decoding=\"async\" class=\"aligncenter size-large wp-image-23386\" src=\"http:\/\/madeinzaragoza.es\/blog\/wp-content\/uploads\/2019\/01\/44840031_1098549756973755_8537949677943783424_n.jpg\" alt=\"\" width=\"840\" height=\"728\" srcset=\"https:\/\/madeinzaragoza.es\/blog\/wp-content\/uploads\/2019\/01\/44840031_1098549756973755_8537949677943783424_n.jpg 960w, https:\/\/madeinzaragoza.es\/blog\/wp-content\/uploads\/2019\/01\/44840031_1098549756973755_8537949677943783424_n-300x260.jpg 300w, https:\/\/madeinzaragoza.es\/blog\/wp-content\/uploads\/2019\/01\/44840031_1098549756973755_8537949677943783424_n-768x666.jpg 768w\" sizes=\"(max-width: 709px) 85vw, (max-width: 909px) 67vw, (max-width: 1362px) 62vw, 840px\" \/> <img loading=\"lazy\" decoding=\"async\" class=\"aligncenter size-large wp-image-23387\" src=\"http:\/\/madeinzaragoza.es\/blog\/wp-content\/uploads\/2019\/01\/44855422_1098547070307357_6795816822772858880_n.jpg\" alt=\"\" width=\"840\" height=\"840\" srcset=\"https:\/\/madeinzaragoza.es\/blog\/wp-content\/uploads\/2019\/01\/44855422_1098547070307357_6795816822772858880_n.jpg 960w, https:\/\/madeinzaragoza.es\/blog\/wp-content\/uploads\/2019\/01\/44855422_1098547070307357_6795816822772858880_n-150x150.jpg 150w, https:\/\/madeinzaragoza.es\/blog\/wp-content\/uploads\/2019\/01\/44855422_1098547070307357_6795816822772858880_n-300x300.jpg 300w, https:\/\/madeinzaragoza.es\/blog\/wp-content\/uploads\/2019\/01\/44855422_1098547070307357_6795816822772858880_n-768x768.jpg 768w\" sizes=\"(max-width: 709px) 85vw, (max-width: 909px) 67vw, (max-width: 1362px) 62vw, 840px\" \/><\/p>\n<p>&nbsp;<\/p>\n<p>Enlaces:<\/p>\n<p><a href=\"http:\/\/lanochedelosinvestigadores.esciencia.es\/encuentra-cientificas\/\">EncuentraCient\u00edficas<\/a><\/p>\n<p><a href=\"https:\/\/11defebrero.files.wordpress.com\/2018\/01\/la-cienticc81fica-y-el-guisante-11f-1.pdf\">\u201cLa cient\u00edfica y el guisante\u201d de \u00c1gueda Gir\u00e1ldez<\/a><\/p>\n<p><a href=\"https:\/\/11defebrero.org\/\">11 de febrero<\/a><\/p>\n","protected":false},"excerpt":{"rendered":"<p>Las acciones cuya repercusi\u00f3n se desea grande requieren una preparaci\u00f3n minuciosa y anticipada. Mar\u00eda Hern\u00e1ndez y Juana Moya de la iniciativa 11 de Febrero (11F) y Milagros Arrebola de la red de econom\u00eda creativa Made in Zaragoza lo saben, llevan meses organizando la pr\u00f3xima edici\u00f3n de los Paseos con Ciencia prevista para la primera quincena &hellip; <a href=\"https:\/\/madeinzaragoza.es\/blog\/la-iniciativa-11f-y-las-cientificas\/\" class=\"more-link\">Continuar leyendo<span class=\"screen-reader-text\"> \u00abLa iniciativa 11F y las cient\u00edficas\u00bb<\/span><\/a><\/p>\n","protected":false},"author":22,"featured_media":23383,"comment_status":"open","ping_status":"open","sticky":false,"template":"","format":"standard","meta":{"footnotes":""},"categories":[8],"tags":[1693,1692,2245],"yoast_head":"<!-- This site is optimized with the Yoast SEO plugin v19.7.2 - https:\/\/yoast.com\/wordpress\/plugins\/seo\/ -->\n<title>La iniciativa 11F y las cient\u00edficas - Made in Zaragoza<\/title>\n<meta name=\"robots\" content=\"index, follow, max-snippet:-1, max-image-preview:large, max-video-preview:-1\" \/>\n<link rel=\"canonical\" href=\"http:\/\/madeinzaragoza.es\/blog\/la-iniciativa-11f-y-las-cientificas\/\" \/>\n<meta property=\"og:locale\" content=\"es_ES\" \/>\n<meta property=\"og:type\" content=\"article\" \/>\n<meta property=\"og:title\" content=\"La iniciativa 11F y las cient\u00edficas - Made in Zaragoza\" \/>\n<meta property=\"og:description\" content=\"Las acciones cuya repercusi\u00f3n se desea grande requieren una preparaci\u00f3n minuciosa y anticipada. Mar\u00eda Hern\u00e1ndez y Juana Moya de la iniciativa 11 de Febrero (11F) y Milagros Arrebola de la red de econom\u00eda creativa Made in Zaragoza lo saben, llevan meses organizando la pr\u00f3xima edici\u00f3n de los Paseos con Ciencia prevista para la primera quincena &hellip; Continuar leyendo &quot;La iniciativa 11F y las cient\u00edficas&quot;\" \/>\n<meta property=\"og:url\" content=\"http:\/\/madeinzaragoza.es\/blog\/la-iniciativa-11f-y-las-cientificas\/\" \/>\n<meta property=\"og:site_name\" content=\"Made in Zaragoza\" \/>\n<meta property=\"article:publisher\" content=\"https:\/\/www.facebook.com\/madeinzaragoza.es\/\" \/>\n<meta property=\"article:author\" content=\"LasArmasZAC\" \/>\n<meta property=\"article:published_time\" content=\"2019-01-27T18:51:31+00:00\" \/>\n<meta property=\"article:modified_time\" content=\"2021-01-28T05:25:07+00:00\" \/>\n<meta property=\"og:image\" content=\"http:\/\/madeinzaragoza.es\/blog\/wp-content\/uploads\/2019\/01\/20181027_135039-e1548614098842.jpg\" \/>\n\t<meta property=\"og:image:width\" content=\"1856\" \/>\n\t<meta property=\"og:image:height\" content=\"1152\" \/>\n\t<meta property=\"og:image:type\" content=\"image\/jpeg\" \/>\n<meta name=\"author\" content=\"MadeinZGZ\" \/>\n<meta name=\"twitter:card\" content=\"summary\" \/>\n<meta name=\"twitter:creator\" content=\"@madeinzaragoza\" \/>\n<meta name=\"twitter:site\" content=\"@madeinzaragoza\" \/>\n<meta name=\"twitter:label1\" content=\"Escrito por\" \/>\n\t<meta name=\"twitter:data1\" content=\"MadeinZGZ\" \/>\n\t<meta name=\"twitter:label2\" content=\"Tiempo de lectura\" \/>\n\t<meta name=\"twitter:data2\" content=\"2 minutos\" \/>\n<script type=\"application\/ld+json\" class=\"yoast-schema-graph\">{\"@context\":\"https:\/\/schema.org\",\"@graph\":[{\"@type\":\"Article\",\"@id\":\"http:\/\/madeinzaragoza.es\/blog\/la-iniciativa-11f-y-las-cientificas\/#article\",\"isPartOf\":{\"@id\":\"http:\/\/madeinzaragoza.es\/blog\/la-iniciativa-11f-y-las-cientificas\/\"},\"author\":{\"name\":\"MadeinZGZ\",\"@id\":\"https:\/\/madeinzaragoza.es\/blog\/#\/schema\/person\/59f4073cf7e7bc2b2f33b48241478a32\"},\"headline\":\"La iniciativa 11F y las cient\u00edficas\",\"datePublished\":\"2019-01-27T18:51:31+00:00\",\"dateModified\":\"2021-01-28T05:25:07+00:00\",\"mainEntityOfPage\":{\"@id\":\"http:\/\/madeinzaragoza.es\/blog\/la-iniciativa-11f-y-las-cientificas\/\"},\"wordCount\":446,\"commentCount\":0,\"publisher\":{\"@id\":\"https:\/\/madeinzaragoza.es\/blog\/#organization\"},\"keywords\":[\"11 de Febrero\",\"D\u00eda de la Mujer en la Ciencia\",\"escaparates11f\"],\"articleSection\":[\"Red MIZ\"],\"inLanguage\":\"es\",\"potentialAction\":[{\"@type\":\"CommentAction\",\"name\":\"Comment\",\"target\":[\"http:\/\/madeinzaragoza.es\/blog\/la-iniciativa-11f-y-las-cientificas\/#respond\"]}]},{\"@type\":\"WebPage\",\"@id\":\"http:\/\/madeinzaragoza.es\/blog\/la-iniciativa-11f-y-las-cientificas\/\",\"url\":\"http:\/\/madeinzaragoza.es\/blog\/la-iniciativa-11f-y-las-cientificas\/\",\"name\":\"La iniciativa 11F y las cient\u00edficas - Made in Zaragoza\",\"isPartOf\":{\"@id\":\"https:\/\/madeinzaragoza.es\/blog\/#website\"},\"datePublished\":\"2019-01-27T18:51:31+00:00\",\"dateModified\":\"2021-01-28T05:25:07+00:00\",\"breadcrumb\":{\"@id\":\"http:\/\/madeinzaragoza.es\/blog\/la-iniciativa-11f-y-las-cientificas\/#breadcrumb\"},\"inLanguage\":\"es\",\"potentialAction\":[{\"@type\":\"ReadAction\",\"target\":[\"http:\/\/madeinzaragoza.es\/blog\/la-iniciativa-11f-y-las-cientificas\/\"]}]},{\"@type\":\"BreadcrumbList\",\"@id\":\"http:\/\/madeinzaragoza.es\/blog\/la-iniciativa-11f-y-las-cientificas\/#breadcrumb\",\"itemListElement\":[{\"@type\":\"ListItem\",\"position\":1,\"name\":\"Portada\",\"item\":\"https:\/\/madeinzaragoza.es\/blog\/\"},{\"@type\":\"ListItem\",\"position\":2,\"name\":\"La iniciativa 11F y las cient\u00edficas\"}]},{\"@type\":\"WebSite\",\"@id\":\"https:\/\/madeinzaragoza.es\/blog\/#website\",\"url\":\"https:\/\/madeinzaragoza.es\/blog\/\",\"name\":\"Made in Zaragoza\",\"description\":\"Blog de MadeinZGZ, Red de Econom\u00eda Creativa de Zaragoza\",\"publisher\":{\"@id\":\"https:\/\/madeinzaragoza.es\/blog\/#organization\"},\"potentialAction\":[{\"@type\":\"SearchAction\",\"target\":{\"@type\":\"EntryPoint\",\"urlTemplate\":\"https:\/\/madeinzaragoza.es\/blog\/?s={search_term_string}\"},\"query-input\":\"required name=search_term_string\"}],\"inLanguage\":\"es\"},{\"@type\":\"Organization\",\"@id\":\"https:\/\/madeinzaragoza.es\/blog\/#organization\",\"name\":\"Made In Zaragoza\",\"url\":\"https:\/\/madeinzaragoza.es\/blog\/\",\"sameAs\":[\"https:\/\/www.instagram.com\/madeinzaragoza.es\/\",\"https:\/\/www.facebook.com\/madeinzaragoza.es\/\",\"https:\/\/twitter.com\/madeinzaragoza\"],\"logo\":{\"@type\":\"ImageObject\",\"inLanguage\":\"es\",\"@id\":\"https:\/\/madeinzaragoza.es\/blog\/#\/schema\/logo\/image\/\",\"url\":\"https:\/\/madeinzaragoza.es\/blog\/wp-content\/uploads\/2022\/05\/logo.png\",\"contentUrl\":\"https:\/\/madeinzaragoza.es\/blog\/wp-content\/uploads\/2022\/05\/logo.png\",\"width\":193,\"height\":176,\"caption\":\"Made In Zaragoza\"},\"image\":{\"@id\":\"https:\/\/madeinzaragoza.es\/blog\/#\/schema\/logo\/image\/\"}},{\"@type\":\"Person\",\"@id\":\"https:\/\/madeinzaragoza.es\/blog\/#\/schema\/person\/59f4073cf7e7bc2b2f33b48241478a32\",\"name\":\"MadeinZGZ\",\"image\":{\"@type\":\"ImageObject\",\"inLanguage\":\"es\",\"@id\":\"https:\/\/madeinzaragoza.es\/blog\/#\/schema\/person\/image\/\",\"url\":\"https:\/\/secure.gravatar.com\/avatar\/23c2456a35687aa268b52997d8f142d1?s=96&d=mm&r=g\",\"contentUrl\":\"https:\/\/secure.gravatar.com\/avatar\/23c2456a35687aa268b52997d8f142d1?s=96&d=mm&r=g\",\"caption\":\"MadeinZGZ\"},\"description\":\"Red de comercios y emprendedores creativos de Zaragoza impulsada por ZGZ Activa.\",\"sameAs\":[\"LasArmasZAC\",\"https:\/\/twitter.com\/madeinzaragoza\"],\"url\":\"https:\/\/madeinzaragoza.es\/blog\/author\/madeinzgz\/\"}]}<\/script>\n<!-- \/ Yoast SEO plugin. -->","yoast_head_json":{"title":"La iniciativa 11F y las cient\u00edficas - Made in Zaragoza","robots":{"index":"index","follow":"follow","max-snippet":"max-snippet:-1","max-image-preview":"max-image-preview:large","max-video-preview":"max-video-preview:-1"},"canonical":"http:\/\/madeinzaragoza.es\/blog\/la-iniciativa-11f-y-las-cientificas\/","og_locale":"es_ES","og_type":"article","og_title":"La iniciativa 11F y las cient\u00edficas - Made in Zaragoza","og_description":"Las acciones cuya repercusi\u00f3n se desea grande requieren una preparaci\u00f3n minuciosa y anticipada. Mar\u00eda Hern\u00e1ndez y Juana Moya de la iniciativa 11 de Febrero (11F) y Milagros Arrebola de la red de econom\u00eda creativa Made in Zaragoza lo saben, llevan meses organizando la pr\u00f3xima edici\u00f3n de los Paseos con Ciencia prevista para la primera quincena &hellip; Continuar leyendo \"La iniciativa 11F y las cient\u00edficas\"","og_url":"http:\/\/madeinzaragoza.es\/blog\/la-iniciativa-11f-y-las-cientificas\/","og_site_name":"Made in Zaragoza","article_publisher":"https:\/\/www.facebook.com\/madeinzaragoza.es\/","article_author":"LasArmasZAC","article_published_time":"2019-01-27T18:51:31+00:00","article_modified_time":"2021-01-28T05:25:07+00:00","og_image":[{"width":1856,"height":1152,"url":"http:\/\/madeinzaragoza.es\/blog\/wp-content\/uploads\/2019\/01\/20181027_135039-e1548614098842.jpg","type":"image\/jpeg"}],"author":"MadeinZGZ","twitter_card":"summary","twitter_creator":"@madeinzaragoza","twitter_site":"@madeinzaragoza","twitter_misc":{"Escrito por":"MadeinZGZ","Tiempo de lectura":"2 minutos"},"schema":{"@context":"https:\/\/schema.org","@graph":[{"@type":"Article","@id":"http:\/\/madeinzaragoza.es\/blog\/la-iniciativa-11f-y-las-cientificas\/#article","isPartOf":{"@id":"http:\/\/madeinzaragoza.es\/blog\/la-iniciativa-11f-y-las-cientificas\/"},"author":{"name":"MadeinZGZ","@id":"https:\/\/madeinzaragoza.es\/blog\/#\/schema\/person\/59f4073cf7e7bc2b2f33b48241478a32"},"headline":"La iniciativa 11F y las cient\u00edficas","datePublished":"2019-01-27T18:51:31+00:00","dateModified":"2021-01-28T05:25:07+00:00","mainEntityOfPage":{"@id":"http:\/\/madeinzaragoza.es\/blog\/la-iniciativa-11f-y-las-cientificas\/"},"wordCount":446,"commentCount":0,"publisher":{"@id":"https:\/\/madeinzaragoza.es\/blog\/#organization"},"keywords":["11 de Febrero","D\u00eda de la Mujer en la Ciencia","escaparates11f"],"articleSection":["Red MIZ"],"inLanguage":"es","potentialAction":[{"@type":"CommentAction","name":"Comment","target":["http:\/\/madeinzaragoza.es\/blog\/la-iniciativa-11f-y-las-cientificas\/#respond"]}]},{"@type":"WebPage","@id":"http:\/\/madeinzaragoza.es\/blog\/la-iniciativa-11f-y-las-cientificas\/","url":"http:\/\/madeinzaragoza.es\/blog\/la-iniciativa-11f-y-las-cientificas\/","name":"La iniciativa 11F y las cient\u00edficas - Made in Zaragoza","isPartOf":{"@id":"https:\/\/madeinzaragoza.es\/blog\/#website"},"datePublished":"2019-01-27T18:51:31+00:00","dateModified":"2021-01-28T05:25:07+00:00","breadcrumb":{"@id":"http:\/\/madeinzaragoza.es\/blog\/la-iniciativa-11f-y-las-cientificas\/#breadcrumb"},"inLanguage":"es","potentialAction":[{"@type":"ReadAction","target":["http:\/\/madeinzaragoza.es\/blog\/la-iniciativa-11f-y-las-cientificas\/"]}]},{"@type":"BreadcrumbList","@id":"http:\/\/madeinzaragoza.es\/blog\/la-iniciativa-11f-y-las-cientificas\/#breadcrumb","itemListElement":[{"@type":"ListItem","position":1,"name":"Portada","item":"https:\/\/madeinzaragoza.es\/blog\/"},{"@type":"ListItem","position":2,"name":"La iniciativa 11F y las cient\u00edficas"}]},{"@type":"WebSite","@id":"https:\/\/madeinzaragoza.es\/blog\/#website","url":"https:\/\/madeinzaragoza.es\/blog\/","name":"Made in Zaragoza","description":"Blog de MadeinZGZ, Red de Econom\u00eda Creativa de Zaragoza","publisher":{"@id":"https:\/\/madeinzaragoza.es\/blog\/#organization"},"potentialAction":[{"@type":"SearchAction","target":{"@type":"EntryPoint","urlTemplate":"https:\/\/madeinzaragoza.es\/blog\/?s={search_term_string}"},"query-input":"required name=search_term_string"}],"inLanguage":"es"},{"@type":"Organization","@id":"https:\/\/madeinzaragoza.es\/blog\/#organization","name":"Made In Zaragoza","url":"https:\/\/madeinzaragoza.es\/blog\/","sameAs":["https:\/\/www.instagram.com\/madeinzaragoza.es\/","https:\/\/www.facebook.com\/madeinzaragoza.es\/","https:\/\/twitter.com\/madeinzaragoza"],"logo":{"@type":"ImageObject","inLanguage":"es","@id":"https:\/\/madeinzaragoza.es\/blog\/#\/schema\/logo\/image\/","url":"https:\/\/madeinzaragoza.es\/blog\/wp-content\/uploads\/2022\/05\/logo.png","contentUrl":"https:\/\/madeinzaragoza.es\/blog\/wp-content\/uploads\/2022\/05\/logo.png","width":193,"height":176,"caption":"Made In Zaragoza"},"image":{"@id":"https:\/\/madeinzaragoza.es\/blog\/#\/schema\/logo\/image\/"}},{"@type":"Person","@id":"https:\/\/madeinzaragoza.es\/blog\/#\/schema\/person\/59f4073cf7e7bc2b2f33b48241478a32","name":"MadeinZGZ","image":{"@type":"ImageObject","inLanguage":"es","@id":"https:\/\/madeinzaragoza.es\/blog\/#\/schema\/person\/image\/","url":"https:\/\/secure.gravatar.com\/avatar\/23c2456a35687aa268b52997d8f142d1?s=96&d=mm&r=g","contentUrl":"https:\/\/secure.gravatar.com\/avatar\/23c2456a35687aa268b52997d8f142d1?s=96&d=mm&r=g","caption":"MadeinZGZ"},"description":"Red de comercios y emprendedores creativos de Zaragoza impulsada por ZGZ Activa.","sameAs":["LasArmasZAC","https:\/\/twitter.com\/madeinzaragoza"],"url":"https:\/\/madeinzaragoza.es\/blog\/author\/madeinzgz\/"}]}},"_links":{"self":[{"href":"https:\/\/madeinzaragoza.es\/blog\/wp-json\/wp\/v2\/posts\/23380"}],"collection":[{"href":"https:\/\/madeinzaragoza.es\/blog\/wp-json\/wp\/v2\/posts"}],"about":[{"href":"https:\/\/madeinzaragoza.es\/blog\/wp-json\/wp\/v2\/types\/post"}],"author":[{"embeddable":true,"href":"https:\/\/madeinzaragoza.es\/blog\/wp-json\/wp\/v2\/users\/22"}],"replies":[{"embeddable":true,"href":"https:\/\/madeinzaragoza.es\/blog\/wp-json\/wp\/v2\/comments?post=23380"}],"version-history":[{"count":1,"href":"https:\/\/madeinzaragoza.es\/blog\/wp-json\/wp\/v2\/posts\/23380\/revisions"}],"predecessor-version":[{"id":23388,"href":"https:\/\/madeinzaragoza.es\/blog\/wp-json\/wp\/v2\/posts\/23380\/revisions\/23388"}],"wp:featuredmedia":[{"embeddable":true,"href":"https:\/\/madeinzaragoza.es\/blog\/wp-json\/wp\/v2\/media\/23383"}],"wp:attachment":[{"href":"https:\/\/madeinzaragoza.es\/blog\/wp-json\/wp\/v2\/media?parent=23380"}],"wp:term":[{"taxonomy":"category","embeddable":true,"href":"https:\/\/madeinzaragoza.es\/blog\/wp-json\/wp\/v2\/categories?post=23380"},{"taxonomy":"post_tag","embeddable":true,"href":"https:\/\/madeinzaragoza.es\/blog\/wp-json\/wp\/v2\/tags?post=23380"}],"curies":[{"name":"wp","href":"https:\/\/api.w.org\/{rel}","templated":true}]}}