{"id":22739,"date":"2018-12-12T12:51:53","date_gmt":"2018-12-12T11:51:53","guid":{"rendered":"http:\/\/madeinzaragoza.es\/blog\/?p=22739"},"modified":"2018-12-14T09:03:19","modified_gmt":"2018-12-14T08:03:19","slug":"revision-miz-lab","status":"publish","type":"post","link":"https:\/\/madeinzaragoza.es\/blog\/revision-miz-lab\/","title":{"rendered":"Revisi\u00f3n MIZ-Lab de Made In Zaragoza con Toque de Canela"},"content":{"rendered":"<p><strong>Revisi\u00f3n MIZ-Lab<\/strong>. 6 meses despu\u00e9s volvemos a <strong>Toque de Canela<\/strong> con\u00a0<a href=\"http:\/\/madeinzaragoza.es\/blog\/miz-lab-primer-laboratorio-innovacion-comercial-made-in-zaragoza\/\"><strong>MIZ-Lab<\/strong><\/a>\u00a0de <a href=\"http:\/\/madeinzaragoza.es\/\"><strong>Made In Zaragoza<\/strong><\/a>, una revisi\u00f3n del trabajo realizado por Sandra y David con su marca, en estrategia de comunicaci\u00f3n online.<\/p>\n<h2>Revisi\u00f3n MIZ-Lab con Toque de Canela<\/h2>\n<p><strong><a href=\"http:\/\/toquedecanela.com\/\" target=\"_blank\" rel=\"noopener\">Toque de\u00a0 Canela<\/a>\u00a0es una pasteler\u00eda creativa en el centro de Zaragoza, en la calle San Vicente de P\u00e1ul.<\/strong><\/p>\n<p>Hace 6 meses inici\u00e1bamos una estrategia conjunta para que elos la trabajaran. Acabamos el pasado junio, y ahora, a final de a\u00f1o, vamos a ver c\u00f3mo est\u00e1 la estrategia online de Toque de Canela.<\/p>\n<h2>Estrategia Online MIZ-Lab : blog<\/h2>\n<p>As\u00ed, comenzamos con el Blog de Toque de Canela.<\/p>\n<p>No es habitual que lo que m\u00e1s cueste en tiempo y dedicaci\u00f3n, aparte de llevar el propio negocio, es<strong> hacer contenidos para un Blog<\/strong>.<\/p>\n<p>Hacer marketing de contenidos para un blog es fundamental para posicionarse en Google en relaci\u00f3n a temas que interesan online a nuestro p\u00fablico objetivo.<\/p>\n<p>Por so, dentro de casi cualquier estrategia de Maketing Online y Social media est\u00e1 <strong>escribir un Blog<\/strong>.<\/p>\n<p>Hablamos de una estrategia definida para Toque de Canela, que sin ser profesionales de ello, pudieran llevar a cabo.<\/p>\n<p>A pesar de que no han podido escribir ning\u00fan post de momento, por su dedicaci\u00f3n al trabajo real que les da de comer, es cierto que tienen los conocimientos b\u00e1sicos adquiridos para hacerlo como novatos, un gran primer paso para animarse a escribir de lo que hacen en su propio Blog.<\/p>\n<h2>Estrategia Online MIZ-Lab : Redes Sociales<\/h2>\n<p>Llegamos a las redes sociales, que tambi\u00e9n tienen su propia estrategia propia estrategia por canales. Toque de Canela tienen Instagram y Facebook, y vamos a ver c\u00f3mo les ha ido.<\/p>\n<h3>Facebook de Toque de Canela<\/h3>\n<p>Facebook para ellos es un buen canal para captar p\u00fablico objetivo. Si adem\u00e1s trabajaran los contenidos del Blog, la captaci\u00f3n de tr\u00e1fico cualificado y potenciales clientes aumenta a trav\u00e9s, especialmente, de los <strong>anuncios en Facebook<\/strong>.<\/p>\n<p>Aparte de elo, alguno hemos hecho para promocionar sus eventos y han funcionado muy bien.<\/p>\n<p>En relaci\u00f3n a los contenidos, mantienen buen engagement en Facebook.<\/p>\n<p>Mi recomendaci\u00f3n es <strong>que aparezcan m\u00e1s ellos en el contenido<\/strong>, y metan ca\u00f1a al <strong>v\u00eddeo<\/strong>. Hablamos de ello el d\u00eda de la revisi\u00f3n.<\/p>\n<p>\u00c9sto aumentar\u00e1 su alcance y la interacci\u00f3n de os <strong>contenidos en Facebook<\/strong>.<\/p>\n<p>Han mejorado bastante la<strong> edici\u00f3n de contenidos<\/strong>, en parte con <strong>herramientas<\/strong> que hablamos y usamos para Instagram tambi\u00e9n.<\/p>\n<p>Queda mucho camino, pero tiene buena pinta \ud83d\ude09<\/p>\n<h3>Instagram de Toque de Canela<\/h3>\n<p>Instagram les dje que puede ser su canal m\u00e1s fuerte, y los datos apuntan a ello. La edici\u00f3n\u00a0 de contenidos antes de publicarlos le ha hecho aumentar los likes mensuales y los comentarios.<\/p>\n<p>Un buen contenido mal editado funciona peor de cara al <strong>algoritmo de Instagram<\/strong> (algoritmos).<\/p>\n<p>Aqu\u00ed, creo que tienen que publicar un poco m\u00e1s a la semana, como 5 veces, y bajar el <strong>ritmo de publicaci\u00f3n<\/strong> para Facebook algo, siempre apostando por contenido humano d\u00f3nde ellos aparezcan de alg\u00fan modo f\u00edsicamente.<\/p>\n<h3><\/h3>\n<h3>Conclusi\u00f3n MIZ-Lab Toque de Canela<\/h3>\n<p>As\u00ed, en l\u00edneas generales, Toque de Canela est\u00e1 haciendo un buen trabajo en redes sociales, a falta de lo que hemos comentado anteriormente.<\/p>\n<p>Si es importante aunar ese esfuerzo con un trabajo sistem\u00e1tico en el Blog, una estrategia conjunta para posicionar contenidos de valor en Internet.<\/p>\n<p>Pero es cuesti\u00f3n de tiempo \ud83d\ude42<\/p>\n<p>Gracias por permitirme trabajar en el proyecto.<\/p>\n<p>Mucha suerte!!<\/p>\n","protected":false},"excerpt":{"rendered":"<p>Revisi\u00f3n MIZ-Lab. 6 meses despu\u00e9s volvemos a Toque de Canela con\u00a0MIZ-Lab\u00a0de Made In Zaragoza, una revisi\u00f3n del trabajo realizado por Sandra y David con su marca, en estrategia de comunicaci\u00f3n online. Revisi\u00f3n MIZ-Lab con Toque de Canela Toque de\u00a0 Canela\u00a0es una pasteler\u00eda creativa en el centro de Zaragoza, en la calle San Vicente de P\u00e1ul. &hellip; <a href=\"https:\/\/madeinzaragoza.es\/blog\/revision-miz-lab\/\" class=\"more-link\">Continuar leyendo<span class=\"screen-reader-text\"> \u00abRevisi\u00f3n MIZ-Lab de Made In Zaragoza con Toque de Canela\u00bb<\/span><\/a><\/p>\n","protected":false},"author":63,"featured_media":22742,"comment_status":"open","ping_status":"open","sticky":false,"template":"","format":"standard","meta":{"footnotes":""},"categories":[1554],"tags":[1910,1614,1310],"yoast_head":"<!-- This site is optimized with the Yoast SEO plugin v19.7.2 - https:\/\/yoast.com\/wordpress\/plugins\/seo\/ -->\n<title>Revisi\u00f3n MIZ-Lab de Made In Zaragoza con Toque de Canela<\/title>\n<meta name=\"description\" content=\"Llegamos a la revisi\u00f3n MIZ-Lab de Made In Zaragoza con Toque de Canela, el proyecto elegido en primavera 2018. Ahora resivamos su trabajo.\" \/>\n<meta name=\"robots\" content=\"index, follow, max-snippet:-1, max-image-preview:large, max-video-preview:-1\" \/>\n<link rel=\"canonical\" href=\"http:\/\/madeinzaragoza.es\/blog\/revision-miz-lab\/\" \/>\n<meta property=\"og:locale\" content=\"es_ES\" \/>\n<meta property=\"og:type\" content=\"article\" \/>\n<meta property=\"og:title\" content=\"Revisi\u00f3n MIZ-Lab de Made In Zaragoza con Toque de Canela\" \/>\n<meta property=\"og:description\" content=\"Llegamos a la revisi\u00f3n MIZ-Lab de Made In Zaragoza con Toque de Canela, el proyecto elegido en primavera 2018. Ahora resivamos su trabajo.\" \/>\n<meta property=\"og:url\" content=\"http:\/\/madeinzaragoza.es\/blog\/revision-miz-lab\/\" \/>\n<meta property=\"og:site_name\" content=\"Made in Zaragoza\" \/>\n<meta property=\"article:publisher\" content=\"https:\/\/www.facebook.com\/madeinzaragoza.es\/\" \/>\n<meta property=\"article:published_time\" content=\"2018-12-12T11:51:53+00:00\" \/>\n<meta property=\"article:modified_time\" content=\"2018-12-14T08:03:19+00:00\" \/>\n<meta property=\"og:image\" content=\"http:\/\/madeinzaragoza.es\/blog\/wp-content\/uploads\/2018\/12\/Revisi\u00f3n-MIZ-Lab-de-Made-In-Zaragoza-con-Toque-de-Canela.jpg\" \/>\n\t<meta property=\"og:image:width\" content=\"1600\" \/>\n\t<meta property=\"og:image:height\" content=\"1200\" \/>\n\t<meta property=\"og:image:type\" content=\"image\/jpeg\" \/>\n<meta name=\"author\" content=\"Fernando Cebolla\" \/>\n<meta name=\"twitter:card\" content=\"summary\" \/>\n<meta name=\"twitter:creator\" content=\"@fcpsocialmedia\" \/>\n<meta name=\"twitter:site\" content=\"@madeinzaragoza\" \/>\n<meta name=\"twitter:label1\" content=\"Escrito por\" \/>\n\t<meta name=\"twitter:data1\" content=\"Fernando Cebolla\" \/>\n\t<meta name=\"twitter:label2\" content=\"Tiempo de lectura\" \/>\n\t<meta name=\"twitter:data2\" content=\"3 minutos\" \/>\n<script type=\"application\/ld+json\" class=\"yoast-schema-graph\">{\"@context\":\"https:\/\/schema.org\",\"@graph\":[{\"@type\":\"Article\",\"@id\":\"http:\/\/madeinzaragoza.es\/blog\/revision-miz-lab\/#article\",\"isPartOf\":{\"@id\":\"http:\/\/madeinzaragoza.es\/blog\/revision-miz-lab\/\"},\"author\":{\"name\":\"Fernando Cebolla\",\"@id\":\"https:\/\/madeinzaragoza.es\/blog\/#\/schema\/person\/dfd0dc5fdb51dc5dcd948dc49fce07b0\"},\"headline\":\"Revisi\u00f3n MIZ-Lab de Made In Zaragoza con Toque de Canela\",\"datePublished\":\"2018-12-12T11:51:53+00:00\",\"dateModified\":\"2018-12-14T08:03:19+00:00\",\"mainEntityOfPage\":{\"@id\":\"http:\/\/madeinzaragoza.es\/blog\/revision-miz-lab\/\"},\"wordCount\":606,\"commentCount\":0,\"publisher\":{\"@id\":\"https:\/\/madeinzaragoza.es\/blog\/#organization\"},\"keywords\":[\"Laboratorio Innovaci\u00f3n Comercial\",\"MIZ-LAB\",\"Toque de Canela\"],\"articleSection\":[\"MIZ-Lab\"],\"inLanguage\":\"es\",\"potentialAction\":[{\"@type\":\"CommentAction\",\"name\":\"Comment\",\"target\":[\"http:\/\/madeinzaragoza.es\/blog\/revision-miz-lab\/#respond\"]}]},{\"@type\":\"WebPage\",\"@id\":\"http:\/\/madeinzaragoza.es\/blog\/revision-miz-lab\/\",\"url\":\"http:\/\/madeinzaragoza.es\/blog\/revision-miz-lab\/\",\"name\":\"Revisi\u00f3n MIZ-Lab de Made In Zaragoza con Toque de Canela\",\"isPartOf\":{\"@id\":\"https:\/\/madeinzaragoza.es\/blog\/#website\"},\"datePublished\":\"2018-12-12T11:51:53+00:00\",\"dateModified\":\"2018-12-14T08:03:19+00:00\",\"description\":\"Llegamos a la revisi\u00f3n MIZ-Lab de Made In Zaragoza con Toque de Canela, el proyecto elegido en primavera 2018. Ahora resivamos su trabajo.\",\"breadcrumb\":{\"@id\":\"http:\/\/madeinzaragoza.es\/blog\/revision-miz-lab\/#breadcrumb\"},\"inLanguage\":\"es\",\"potentialAction\":[{\"@type\":\"ReadAction\",\"target\":[\"http:\/\/madeinzaragoza.es\/blog\/revision-miz-lab\/\"]}]},{\"@type\":\"BreadcrumbList\",\"@id\":\"http:\/\/madeinzaragoza.es\/blog\/revision-miz-lab\/#breadcrumb\",\"itemListElement\":[{\"@type\":\"ListItem\",\"position\":1,\"name\":\"Portada\",\"item\":\"https:\/\/madeinzaragoza.es\/blog\/\"},{\"@type\":\"ListItem\",\"position\":2,\"name\":\"Revisi\u00f3n MIZ-Lab de Made In Zaragoza con Toque de Canela\"}]},{\"@type\":\"WebSite\",\"@id\":\"https:\/\/madeinzaragoza.es\/blog\/#website\",\"url\":\"https:\/\/madeinzaragoza.es\/blog\/\",\"name\":\"Made in Zaragoza\",\"description\":\"Blog de MadeinZGZ, Red de Econom\u00eda Creativa de Zaragoza\",\"publisher\":{\"@id\":\"https:\/\/madeinzaragoza.es\/blog\/#organization\"},\"potentialAction\":[{\"@type\":\"SearchAction\",\"target\":{\"@type\":\"EntryPoint\",\"urlTemplate\":\"https:\/\/madeinzaragoza.es\/blog\/?s={search_term_string}\"},\"query-input\":\"required name=search_term_string\"}],\"inLanguage\":\"es\"},{\"@type\":\"Organization\",\"@id\":\"https:\/\/madeinzaragoza.es\/blog\/#organization\",\"name\":\"Made In Zaragoza\",\"url\":\"https:\/\/madeinzaragoza.es\/blog\/\",\"sameAs\":[\"https:\/\/www.instagram.com\/madeinzaragoza.es\/\",\"https:\/\/www.facebook.com\/madeinzaragoza.es\/\",\"https:\/\/twitter.com\/madeinzaragoza\"],\"logo\":{\"@type\":\"ImageObject\",\"inLanguage\":\"es\",\"@id\":\"https:\/\/madeinzaragoza.es\/blog\/#\/schema\/logo\/image\/\",\"url\":\"https:\/\/madeinzaragoza.es\/blog\/wp-content\/uploads\/2022\/05\/logo.png\",\"contentUrl\":\"https:\/\/madeinzaragoza.es\/blog\/wp-content\/uploads\/2022\/05\/logo.png\",\"width\":193,\"height\":176,\"caption\":\"Made In Zaragoza\"},\"image\":{\"@id\":\"https:\/\/madeinzaragoza.es\/blog\/#\/schema\/logo\/image\/\"}},{\"@type\":\"Person\",\"@id\":\"https:\/\/madeinzaragoza.es\/blog\/#\/schema\/person\/dfd0dc5fdb51dc5dcd948dc49fce07b0\",\"name\":\"Fernando Cebolla\",\"image\":{\"@type\":\"ImageObject\",\"inLanguage\":\"es\",\"@id\":\"https:\/\/madeinzaragoza.es\/blog\/#\/schema\/person\/image\/\",\"url\":\"https:\/\/secure.gravatar.com\/avatar\/bf5c705d25b1b881bc79c29530006274?s=96&d=mm&r=g\",\"contentUrl\":\"https:\/\/secure.gravatar.com\/avatar\/bf5c705d25b1b881bc79c29530006274?s=96&d=mm&r=g\",\"caption\":\"Fernando Cebolla\"},\"description\":\"Fernando Cebolla es consultor de comunicaci\u00f3n digital de emprendedores en el MIZ-Lab, especializado en visibilidad y estrategia digital para empresas. Como Social Media Manager, ayuda a negocios a ganar alcance, contactos y reputaci\u00f3n en redes sociales, conectando su mensaje con las audiencias adecuadas.\",\"sameAs\":[\"http:\/\/fernandocebolla.com\/\",\"https:\/\/www.instagram.com\/tusocialmediamanager\/?hl=es\",\"https:\/\/www.linkedin.com\/in\/fernandocebollapola\/?originalSubdomain=es\",\"https:\/\/twitter.com\/fcpsocialmedia\"],\"url\":\"https:\/\/madeinzaragoza.es\/blog\/author\/fernandocebolla\/\"}]}<\/script>\n<!-- \/ Yoast SEO plugin. -->","yoast_head_json":{"title":"Revisi\u00f3n MIZ-Lab de Made In Zaragoza con Toque de Canela","description":"Llegamos a la revisi\u00f3n MIZ-Lab de Made In Zaragoza con Toque de Canela, el proyecto elegido en primavera 2018. Ahora resivamos su trabajo.","robots":{"index":"index","follow":"follow","max-snippet":"max-snippet:-1","max-image-preview":"max-image-preview:large","max-video-preview":"max-video-preview:-1"},"canonical":"http:\/\/madeinzaragoza.es\/blog\/revision-miz-lab\/","og_locale":"es_ES","og_type":"article","og_title":"Revisi\u00f3n MIZ-Lab de Made In Zaragoza con Toque de Canela","og_description":"Llegamos a la revisi\u00f3n MIZ-Lab de Made In Zaragoza con Toque de Canela, el proyecto elegido en primavera 2018. Ahora resivamos su trabajo.","og_url":"http:\/\/madeinzaragoza.es\/blog\/revision-miz-lab\/","og_site_name":"Made in Zaragoza","article_publisher":"https:\/\/www.facebook.com\/madeinzaragoza.es\/","article_published_time":"2018-12-12T11:51:53+00:00","article_modified_time":"2018-12-14T08:03:19+00:00","og_image":[{"width":1600,"height":1200,"url":"http:\/\/madeinzaragoza.es\/blog\/wp-content\/uploads\/2018\/12\/Revisi\u00f3n-MIZ-Lab-de-Made-In-Zaragoza-con-Toque-de-Canela.jpg","type":"image\/jpeg"}],"author":"Fernando Cebolla","twitter_card":"summary","twitter_creator":"@fcpsocialmedia","twitter_site":"@madeinzaragoza","twitter_misc":{"Escrito por":"Fernando Cebolla","Tiempo de lectura":"3 minutos"},"schema":{"@context":"https:\/\/schema.org","@graph":[{"@type":"Article","@id":"http:\/\/madeinzaragoza.es\/blog\/revision-miz-lab\/#article","isPartOf":{"@id":"http:\/\/madeinzaragoza.es\/blog\/revision-miz-lab\/"},"author":{"name":"Fernando Cebolla","@id":"https:\/\/madeinzaragoza.es\/blog\/#\/schema\/person\/dfd0dc5fdb51dc5dcd948dc49fce07b0"},"headline":"Revisi\u00f3n MIZ-Lab de Made In Zaragoza con Toque de Canela","datePublished":"2018-12-12T11:51:53+00:00","dateModified":"2018-12-14T08:03:19+00:00","mainEntityOfPage":{"@id":"http:\/\/madeinzaragoza.es\/blog\/revision-miz-lab\/"},"wordCount":606,"commentCount":0,"publisher":{"@id":"https:\/\/madeinzaragoza.es\/blog\/#organization"},"keywords":["Laboratorio Innovaci\u00f3n Comercial","MIZ-LAB","Toque de Canela"],"articleSection":["MIZ-Lab"],"inLanguage":"es","potentialAction":[{"@type":"CommentAction","name":"Comment","target":["http:\/\/madeinzaragoza.es\/blog\/revision-miz-lab\/#respond"]}]},{"@type":"WebPage","@id":"http:\/\/madeinzaragoza.es\/blog\/revision-miz-lab\/","url":"http:\/\/madeinzaragoza.es\/blog\/revision-miz-lab\/","name":"Revisi\u00f3n MIZ-Lab de Made In Zaragoza con Toque de Canela","isPartOf":{"@id":"https:\/\/madeinzaragoza.es\/blog\/#website"},"datePublished":"2018-12-12T11:51:53+00:00","dateModified":"2018-12-14T08:03:19+00:00","description":"Llegamos a la revisi\u00f3n MIZ-Lab de Made In Zaragoza con Toque de Canela, el proyecto elegido en primavera 2018. Ahora resivamos su trabajo.","breadcrumb":{"@id":"http:\/\/madeinzaragoza.es\/blog\/revision-miz-lab\/#breadcrumb"},"inLanguage":"es","potentialAction":[{"@type":"ReadAction","target":["http:\/\/madeinzaragoza.es\/blog\/revision-miz-lab\/"]}]},{"@type":"BreadcrumbList","@id":"http:\/\/madeinzaragoza.es\/blog\/revision-miz-lab\/#breadcrumb","itemListElement":[{"@type":"ListItem","position":1,"name":"Portada","item":"https:\/\/madeinzaragoza.es\/blog\/"},{"@type":"ListItem","position":2,"name":"Revisi\u00f3n MIZ-Lab de Made In Zaragoza con Toque de Canela"}]},{"@type":"WebSite","@id":"https:\/\/madeinzaragoza.es\/blog\/#website","url":"https:\/\/madeinzaragoza.es\/blog\/","name":"Made in Zaragoza","description":"Blog de MadeinZGZ, Red de Econom\u00eda Creativa de Zaragoza","publisher":{"@id":"https:\/\/madeinzaragoza.es\/blog\/#organization"},"potentialAction":[{"@type":"SearchAction","target":{"@type":"EntryPoint","urlTemplate":"https:\/\/madeinzaragoza.es\/blog\/?s={search_term_string}"},"query-input":"required name=search_term_string"}],"inLanguage":"es"},{"@type":"Organization","@id":"https:\/\/madeinzaragoza.es\/blog\/#organization","name":"Made In Zaragoza","url":"https:\/\/madeinzaragoza.es\/blog\/","sameAs":["https:\/\/www.instagram.com\/madeinzaragoza.es\/","https:\/\/www.facebook.com\/madeinzaragoza.es\/","https:\/\/twitter.com\/madeinzaragoza"],"logo":{"@type":"ImageObject","inLanguage":"es","@id":"https:\/\/madeinzaragoza.es\/blog\/#\/schema\/logo\/image\/","url":"https:\/\/madeinzaragoza.es\/blog\/wp-content\/uploads\/2022\/05\/logo.png","contentUrl":"https:\/\/madeinzaragoza.es\/blog\/wp-content\/uploads\/2022\/05\/logo.png","width":193,"height":176,"caption":"Made In Zaragoza"},"image":{"@id":"https:\/\/madeinzaragoza.es\/blog\/#\/schema\/logo\/image\/"}},{"@type":"Person","@id":"https:\/\/madeinzaragoza.es\/blog\/#\/schema\/person\/dfd0dc5fdb51dc5dcd948dc49fce07b0","name":"Fernando Cebolla","image":{"@type":"ImageObject","inLanguage":"es","@id":"https:\/\/madeinzaragoza.es\/blog\/#\/schema\/person\/image\/","url":"https:\/\/secure.gravatar.com\/avatar\/bf5c705d25b1b881bc79c29530006274?s=96&d=mm&r=g","contentUrl":"https:\/\/secure.gravatar.com\/avatar\/bf5c705d25b1b881bc79c29530006274?s=96&d=mm&r=g","caption":"Fernando Cebolla"},"description":"Fernando Cebolla es consultor de comunicaci\u00f3n digital de emprendedores en el MIZ-Lab, especializado en visibilidad y estrategia digital para empresas. Como Social Media Manager, ayuda a negocios a ganar alcance, contactos y reputaci\u00f3n en redes sociales, conectando su mensaje con las audiencias adecuadas.","sameAs":["http:\/\/fernandocebolla.com\/","https:\/\/www.instagram.com\/tusocialmediamanager\/?hl=es","https:\/\/www.linkedin.com\/in\/fernandocebollapola\/?originalSubdomain=es","https:\/\/twitter.com\/fcpsocialmedia"],"url":"https:\/\/madeinzaragoza.es\/blog\/author\/fernandocebolla\/"}]}},"_links":{"self":[{"href":"https:\/\/madeinzaragoza.es\/blog\/wp-json\/wp\/v2\/posts\/22739"}],"collection":[{"href":"https:\/\/madeinzaragoza.es\/blog\/wp-json\/wp\/v2\/posts"}],"about":[{"href":"https:\/\/madeinzaragoza.es\/blog\/wp-json\/wp\/v2\/types\/post"}],"author":[{"embeddable":true,"href":"https:\/\/madeinzaragoza.es\/blog\/wp-json\/wp\/v2\/users\/63"}],"replies":[{"embeddable":true,"href":"https:\/\/madeinzaragoza.es\/blog\/wp-json\/wp\/v2\/comments?post=22739"}],"version-history":[{"count":1,"href":"https:\/\/madeinzaragoza.es\/blog\/wp-json\/wp\/v2\/posts\/22739\/revisions"}],"predecessor-version":[{"id":22741,"href":"https:\/\/madeinzaragoza.es\/blog\/wp-json\/wp\/v2\/posts\/22739\/revisions\/22741"}],"wp:featuredmedia":[{"embeddable":true,"href":"https:\/\/madeinzaragoza.es\/blog\/wp-json\/wp\/v2\/media\/22742"}],"wp:attachment":[{"href":"https:\/\/madeinzaragoza.es\/blog\/wp-json\/wp\/v2\/media?parent=22739"}],"wp:term":[{"taxonomy":"category","embeddable":true,"href":"https:\/\/madeinzaragoza.es\/blog\/wp-json\/wp\/v2\/categories?post=22739"},{"taxonomy":"post_tag","embeddable":true,"href":"https:\/\/madeinzaragoza.es\/blog\/wp-json\/wp\/v2\/tags?post=22739"}],"curies":[{"name":"wp","href":"https:\/\/api.w.org\/{rel}","templated":true}]}}