{"id":21423,"date":"2018-09-14T21:59:12","date_gmt":"2018-09-14T20:59:12","guid":{"rendered":"http:\/\/madeinzaragoza.es\/blog\/?p=21423"},"modified":"2022-10-09T14:52:06","modified_gmt":"2022-10-09T13:52:06","slug":"cloe-moda-y-complementos-para-sentirte-especial","status":"publish","type":"post","link":"https:\/\/madeinzaragoza.es\/blog\/cloe-moda-y-complementos-para-sentirte-especial\/","title":{"rendered":"Entrevista a Ana Dom\u00ednguez de Clo\u00ea, moda y complementos para sentirte especial"},"content":{"rendered":"<p><strong>Ana Dom\u00ednguez<\/strong> es una mujer de 41 a\u00f1os, madre y empresaria, apasionada de la moda, la atenci\u00f3n al p\u00fablico, la imagen y la decoraci\u00f3n.<\/p>\n<p>Un buen d\u00eda, hace ya 15 a\u00f1os, decidi\u00f3 reunir todos esos ingredientes, de amor hacia el buen gusto, dando como resultado fue <a href=\"http:\/\/madeinzaragoza.es\/comercios\/comercio.php?id=278\"><strong>Clo\u00ea<\/strong><\/a>, su propia tienda de moda.<\/p>\n<p><img loading=\"lazy\" decoding=\"async\" class=\"aligncenter wp-image-21532 size-large\" src=\"http:\/\/madeinzaragoza.es\/blog\/wp-content\/uploads\/2018\/09\/clo\u00ea-blogssipgirl-100918-5-1024x683.jpg\" alt=\"\" width=\"840\" height=\"560\" srcset=\"https:\/\/madeinzaragoza.es\/blog\/wp-content\/uploads\/2018\/09\/clo\u00ea-blogssipgirl-100918-5-1024x683.jpg 1024w, https:\/\/madeinzaragoza.es\/blog\/wp-content\/uploads\/2018\/09\/clo\u00ea-blogssipgirl-100918-5-300x200.jpg 300w, https:\/\/madeinzaragoza.es\/blog\/wp-content\/uploads\/2018\/09\/clo\u00ea-blogssipgirl-100918-5-768x512.jpg 768w, https:\/\/madeinzaragoza.es\/blog\/wp-content\/uploads\/2018\/09\/clo\u00ea-blogssipgirl-100918-5-1200x800.jpg 1200w\" sizes=\"(max-width: 709px) 85vw, (max-width: 909px) 67vw, (max-width: 1362px) 62vw, 840px\" \/><\/p>\n<p><strong>\u00bfQu\u00e9 te impuls\u00f3 a abrir una tienda de moda?<\/strong><\/p>\n<p>Despu\u00e9s de trabajar durante 10 a\u00f1os como administrativa en una empresa, fui madre y me dediqu\u00e9 durante un tiempo a cuidar de mis hijos. En ese tiempo me dediqu\u00e9 a hacer \u201cestudios de mercado\u201d, desde los columpios de los parques a los que llevaba a mis hijos y vi en qu\u00e9 zonas har\u00edan falta puntos de venta de moda.<\/p>\n<p><img loading=\"lazy\" decoding=\"async\" class=\"aligncenter wp-image-21534 size-large\" src=\"http:\/\/madeinzaragoza.es\/blog\/wp-content\/uploads\/2018\/09\/clo\u00ea-blogssipgirl-100918-25-717x1024.jpg\" alt=\"\" width=\"717\" height=\"1024\" srcset=\"https:\/\/madeinzaragoza.es\/blog\/wp-content\/uploads\/2018\/09\/clo\u00ea-blogssipgirl-100918-25-717x1024.jpg 717w, https:\/\/madeinzaragoza.es\/blog\/wp-content\/uploads\/2018\/09\/clo\u00ea-blogssipgirl-100918-25-210x300.jpg 210w, https:\/\/madeinzaragoza.es\/blog\/wp-content\/uploads\/2018\/09\/clo\u00ea-blogssipgirl-100918-25-768x1097.jpg 768w, https:\/\/madeinzaragoza.es\/blog\/wp-content\/uploads\/2018\/09\/clo\u00ea-blogssipgirl-100918-25-1200x1715.jpg 1200w\" sizes=\"(max-width: 709px) 85vw, (max-width: 909px) 67vw, (max-width: 984px) 61vw, (max-width: 1362px) 45vw, 600px\" \/><\/p>\n<p><img loading=\"lazy\" decoding=\"async\" class=\"aligncenter wp-image-21539 size-large\" src=\"http:\/\/madeinzaragoza.es\/blog\/wp-content\/uploads\/2018\/09\/clo\u00ea-blogssipgirl-100918-77-e1536639477412-683x1024.jpg\" alt=\"\" width=\"683\" height=\"1024\" srcset=\"https:\/\/madeinzaragoza.es\/blog\/wp-content\/uploads\/2018\/09\/clo\u00ea-blogssipgirl-100918-77-e1536639477412-683x1024.jpg 683w, https:\/\/madeinzaragoza.es\/blog\/wp-content\/uploads\/2018\/09\/clo\u00ea-blogssipgirl-100918-77-e1536639477412-200x300.jpg 200w, https:\/\/madeinzaragoza.es\/blog\/wp-content\/uploads\/2018\/09\/clo\u00ea-blogssipgirl-100918-77-e1536639477412-768x1152.jpg 768w, https:\/\/madeinzaragoza.es\/blog\/wp-content\/uploads\/2018\/09\/clo\u00ea-blogssipgirl-100918-77-e1536639477412-1200x1800.jpg 1200w\" sizes=\"(max-width: 709px) 85vw, (max-width: 909px) 67vw, (max-width: 984px) 61vw, (max-width: 1362px) 45vw, 600px\" \/><\/p>\n<p><strong>\u00bfC\u00f3mo definir\u00edas Clo\u00ea?<\/strong><\/p>\n<p>Clo\u00ea es un grupo de tres tiendas, en las que nuestra m\u00e1xima, a parte, de seguir las tendencias de moda que se adapten a nuestro tiempo de clientela, es que la clienta tenga un trato totalmente personalizado y que cada vez que nos visite, pueda vivir una experiencia de moda \u00fanica y salga satisfecha por el trato recibido.<\/p>\n<blockquote><p>Clo\u00ea es una tienda multimarca, con firmas nacionales e internacionales.<\/p><\/blockquote>\n<p><img loading=\"lazy\" decoding=\"async\" class=\"aligncenter wp-image-21541 size-large\" src=\"http:\/\/madeinzaragoza.es\/blog\/wp-content\/uploads\/2018\/09\/clo\u00ea-blogssipgirl-100918-142-1024x683.jpg\" alt=\"\" width=\"840\" height=\"560\" srcset=\"https:\/\/madeinzaragoza.es\/blog\/wp-content\/uploads\/2018\/09\/clo\u00ea-blogssipgirl-100918-142-1024x683.jpg 1024w, https:\/\/madeinzaragoza.es\/blog\/wp-content\/uploads\/2018\/09\/clo\u00ea-blogssipgirl-100918-142-300x200.jpg 300w, https:\/\/madeinzaragoza.es\/blog\/wp-content\/uploads\/2018\/09\/clo\u00ea-blogssipgirl-100918-142-768x512.jpg 768w, https:\/\/madeinzaragoza.es\/blog\/wp-content\/uploads\/2018\/09\/clo\u00ea-blogssipgirl-100918-142-1200x800.jpg 1200w\" sizes=\"(max-width: 709px) 85vw, (max-width: 909px) 67vw, (max-width: 1362px) 62vw, 840px\" \/><\/p>\n<p><strong>\u00bfQu\u00e9 tipo de clientela es la que acude a comprar a Clo\u00ea ?<\/strong><\/p>\n<p>Nuestra clienta es una mujer coqueta con esp\u00edritu joven, con edades comprendidas entre los 20 a los 70,\u00a0 con ganas de recibir un asesoramiento personalizado y de salir de la tienda vestida de los pies a la cabeza.<\/p>\n<p><img loading=\"lazy\" decoding=\"async\" class=\"aligncenter wp-image-21542 size-large\" src=\"http:\/\/madeinzaragoza.es\/blog\/wp-content\/uploads\/2018\/09\/clo\u00ea-blogssipgirl-100918-150-e1536639499266-683x1024.jpg\" alt=\"\" width=\"683\" height=\"1024\" srcset=\"https:\/\/madeinzaragoza.es\/blog\/wp-content\/uploads\/2018\/09\/clo\u00ea-blogssipgirl-100918-150-e1536639499266-683x1024.jpg 683w, https:\/\/madeinzaragoza.es\/blog\/wp-content\/uploads\/2018\/09\/clo\u00ea-blogssipgirl-100918-150-e1536639499266-200x300.jpg 200w, https:\/\/madeinzaragoza.es\/blog\/wp-content\/uploads\/2018\/09\/clo\u00ea-blogssipgirl-100918-150-e1536639499266-768x1152.jpg 768w, https:\/\/madeinzaragoza.es\/blog\/wp-content\/uploads\/2018\/09\/clo\u00ea-blogssipgirl-100918-150-e1536639499266-1200x1800.jpg 1200w\" sizes=\"(max-width: 709px) 85vw, (max-width: 909px) 67vw, (max-width: 984px) 61vw, (max-width: 1362px) 45vw, 600px\" \/><\/p>\n<p><img loading=\"lazy\" decoding=\"async\" class=\"aligncenter wp-image-21544 size-large\" src=\"http:\/\/madeinzaragoza.es\/blog\/wp-content\/uploads\/2018\/09\/clo\u00ea-blogssipgirl-100918-190-1024x683.jpg\" alt=\"\" width=\"840\" height=\"560\" srcset=\"https:\/\/madeinzaragoza.es\/blog\/wp-content\/uploads\/2018\/09\/clo\u00ea-blogssipgirl-100918-190-1024x683.jpg 1024w, https:\/\/madeinzaragoza.es\/blog\/wp-content\/uploads\/2018\/09\/clo\u00ea-blogssipgirl-100918-190-300x200.jpg 300w, https:\/\/madeinzaragoza.es\/blog\/wp-content\/uploads\/2018\/09\/clo\u00ea-blogssipgirl-100918-190-768x512.jpg 768w, https:\/\/madeinzaragoza.es\/blog\/wp-content\/uploads\/2018\/09\/clo\u00ea-blogssipgirl-100918-190-1200x800.jpg 1200w\" sizes=\"(max-width: 709px) 85vw, (max-width: 909px) 67vw, (max-width: 1362px) 62vw, 840px\" \/><\/p>\n<p><img loading=\"lazy\" decoding=\"async\" class=\"aligncenter wp-image-21543 size-large\" src=\"http:\/\/madeinzaragoza.es\/blog\/wp-content\/uploads\/2018\/09\/clo\u00ea-blogssipgirl-100918-165-1024x683.jpg\" alt=\"\" width=\"840\" height=\"560\" srcset=\"https:\/\/madeinzaragoza.es\/blog\/wp-content\/uploads\/2018\/09\/clo\u00ea-blogssipgirl-100918-165-1024x683.jpg 1024w, https:\/\/madeinzaragoza.es\/blog\/wp-content\/uploads\/2018\/09\/clo\u00ea-blogssipgirl-100918-165-300x200.jpg 300w, https:\/\/madeinzaragoza.es\/blog\/wp-content\/uploads\/2018\/09\/clo\u00ea-blogssipgirl-100918-165-768x512.jpg 768w, https:\/\/madeinzaragoza.es\/blog\/wp-content\/uploads\/2018\/09\/clo\u00ea-blogssipgirl-100918-165-1200x800.jpg 1200w\" sizes=\"(max-width: 709px) 85vw, (max-width: 909px) 67vw, (max-width: 1362px) 62vw, 840px\" \/><\/p>\n<p><strong>\u00bfTen\u00e9is alguna prenda estrella?<\/strong><\/p>\n<p>No podr\u00eda decir que tengamos una prenda estrella\u2026 pero los complementos son una baza muy importante. Bolsos, collares artesanos, foulares y cinturones son art\u00edculos muy buscados entre nuestras clientas.<\/p>\n<p><img loading=\"lazy\" decoding=\"async\" class=\"aligncenter wp-image-21545 size-large\" src=\"http:\/\/madeinzaragoza.es\/blog\/wp-content\/uploads\/2018\/09\/clo\u00ea-blogssipgirl-100918-194-1024x683.jpg\" alt=\"\" width=\"840\" height=\"560\" srcset=\"https:\/\/madeinzaragoza.es\/blog\/wp-content\/uploads\/2018\/09\/clo\u00ea-blogssipgirl-100918-194-1024x683.jpg 1024w, https:\/\/madeinzaragoza.es\/blog\/wp-content\/uploads\/2018\/09\/clo\u00ea-blogssipgirl-100918-194-300x200.jpg 300w, https:\/\/madeinzaragoza.es\/blog\/wp-content\/uploads\/2018\/09\/clo\u00ea-blogssipgirl-100918-194-768x512.jpg 768w, https:\/\/madeinzaragoza.es\/blog\/wp-content\/uploads\/2018\/09\/clo\u00ea-blogssipgirl-100918-194-1200x800.jpg 1200w\" sizes=\"(max-width: 709px) 85vw, (max-width: 909px) 67vw, (max-width: 1362px) 62vw, 840px\" \/><\/p>\n<p><img loading=\"lazy\" decoding=\"async\" class=\"aligncenter wp-image-21546 size-large\" src=\"http:\/\/madeinzaragoza.es\/blog\/wp-content\/uploads\/2018\/09\/clo\u00ea-blogssipgirl-100918-197-1024x683.jpg\" alt=\"\" width=\"840\" height=\"560\" srcset=\"https:\/\/madeinzaragoza.es\/blog\/wp-content\/uploads\/2018\/09\/clo\u00ea-blogssipgirl-100918-197-1024x683.jpg 1024w, https:\/\/madeinzaragoza.es\/blog\/wp-content\/uploads\/2018\/09\/clo\u00ea-blogssipgirl-100918-197-300x200.jpg 300w, https:\/\/madeinzaragoza.es\/blog\/wp-content\/uploads\/2018\/09\/clo\u00ea-blogssipgirl-100918-197-768x512.jpg 768w, https:\/\/madeinzaragoza.es\/blog\/wp-content\/uploads\/2018\/09\/clo\u00ea-blogssipgirl-100918-197-1200x800.jpg 1200w\" sizes=\"(max-width: 709px) 85vw, (max-width: 909px) 67vw, (max-width: 1362px) 62vw, 840px\" \/><\/p>\n<p><img loading=\"lazy\" decoding=\"async\" class=\"aligncenter wp-image-21547 size-large\" src=\"http:\/\/madeinzaragoza.es\/blog\/wp-content\/uploads\/2018\/09\/clo\u00ea-blogssipgirl-100918-211-e1536639543495-683x1024.jpg\" alt=\"\" width=\"683\" height=\"1024\" srcset=\"https:\/\/madeinzaragoza.es\/blog\/wp-content\/uploads\/2018\/09\/clo\u00ea-blogssipgirl-100918-211-e1536639543495-683x1024.jpg 683w, https:\/\/madeinzaragoza.es\/blog\/wp-content\/uploads\/2018\/09\/clo\u00ea-blogssipgirl-100918-211-e1536639543495-200x300.jpg 200w, https:\/\/madeinzaragoza.es\/blog\/wp-content\/uploads\/2018\/09\/clo\u00ea-blogssipgirl-100918-211-e1536639543495-768x1152.jpg 768w, https:\/\/madeinzaragoza.es\/blog\/wp-content\/uploads\/2018\/09\/clo\u00ea-blogssipgirl-100918-211-e1536639543495-1200x1800.jpg 1200w\" sizes=\"(max-width: 709px) 85vw, (max-width: 909px) 67vw, (max-width: 984px) 61vw, (max-width: 1362px) 45vw, 600px\" \/><\/p>\n<p><strong>\u00bfCu\u00e1les son las tendencias para la nueva temporada oto\u00f1o-invierno? \u00bfqu\u00e9 colores, tejidos, prendas vamos a ver m\u00e1s en nuestras calles?<\/strong><\/p>\n<p>Las tendencias para esta pr\u00f3xima temporada son\u2026 pantalones de campana, ponchos, prendas con estampaci\u00f3n de animal print, faldas cortas con volantes, abrigos de pa\u00f1o\u2026 y un largo etc\u00e9tera de opciones.<\/p>\n<p><img loading=\"lazy\" decoding=\"async\" class=\"aligncenter wp-image-21548 size-large\" src=\"http:\/\/madeinzaragoza.es\/blog\/wp-content\/uploads\/2018\/09\/clo\u00ea-blogssipgirl-100918-236-e1536639567826-683x1024.jpg\" alt=\"\" width=\"683\" height=\"1024\" srcset=\"https:\/\/madeinzaragoza.es\/blog\/wp-content\/uploads\/2018\/09\/clo\u00ea-blogssipgirl-100918-236-e1536639567826-683x1024.jpg 683w, https:\/\/madeinzaragoza.es\/blog\/wp-content\/uploads\/2018\/09\/clo\u00ea-blogssipgirl-100918-236-e1536639567826-200x300.jpg 200w, https:\/\/madeinzaragoza.es\/blog\/wp-content\/uploads\/2018\/09\/clo\u00ea-blogssipgirl-100918-236-e1536639567826-768x1152.jpg 768w, https:\/\/madeinzaragoza.es\/blog\/wp-content\/uploads\/2018\/09\/clo\u00ea-blogssipgirl-100918-236-e1536639567826-1200x1800.jpg 1200w\" sizes=\"(max-width: 709px) 85vw, (max-width: 909px) 67vw, (max-width: 984px) 61vw, (max-width: 1362px) 45vw, 600px\" \/><\/p>\n<p><img loading=\"lazy\" decoding=\"async\" class=\"aligncenter wp-image-21553 size-large\" src=\"http:\/\/madeinzaragoza.es\/blog\/wp-content\/uploads\/2018\/09\/clo\u00ea-blogssipgirl-100918-330-e1536639612376-683x1024.jpg\" alt=\"\" width=\"683\" height=\"1024\" srcset=\"https:\/\/madeinzaragoza.es\/blog\/wp-content\/uploads\/2018\/09\/clo\u00ea-blogssipgirl-100918-330-e1536639612376-683x1024.jpg 683w, https:\/\/madeinzaragoza.es\/blog\/wp-content\/uploads\/2018\/09\/clo\u00ea-blogssipgirl-100918-330-e1536639612376-200x300.jpg 200w, https:\/\/madeinzaragoza.es\/blog\/wp-content\/uploads\/2018\/09\/clo\u00ea-blogssipgirl-100918-330-e1536639612376-768x1152.jpg 768w, https:\/\/madeinzaragoza.es\/blog\/wp-content\/uploads\/2018\/09\/clo\u00ea-blogssipgirl-100918-330-e1536639612376-1200x1800.jpg 1200w\" sizes=\"(max-width: 709px) 85vw, (max-width: 909px) 67vw, (max-width: 984px) 61vw, (max-width: 1362px) 45vw, 600px\" \/><\/p>\n<p><strong>\u00bfCu\u00e1les son tus impresiones acerca de la evoluci\u00f3n de tu negocio hasta la fecha?<\/strong><\/p>\n<p>Nuestra trayectoria ha sido pausada y muy consensuada antes de abrir una nueva tienda. Hace 15 a\u00f1os abrimos <a href=\"http:\/\/madeinzaragoza.es\/blog\/comercio-barrio-de-casablanca-calle-la-via\/\">Clo\u00ea en Casablanca<\/a>, a los 5 a\u00f1os aproximadamente abrimos nuestra tienda outlet y hace 3 a\u00f1os nos embarcamos en nuestro \u00faltimo proyecto, que fue nuestra tienda\u00a0 en Fernando el Cat\u00f3lico.<\/p>\n<p><img loading=\"lazy\" decoding=\"async\" class=\"aligncenter wp-image-21536 size-large\" src=\"http:\/\/madeinzaragoza.es\/blog\/wp-content\/uploads\/2018\/09\/clo\u00ea-blogssipgirl-100918-60-1024x683.jpg\" alt=\"\" width=\"840\" height=\"560\" srcset=\"https:\/\/madeinzaragoza.es\/blog\/wp-content\/uploads\/2018\/09\/clo\u00ea-blogssipgirl-100918-60-1024x683.jpg 1024w, https:\/\/madeinzaragoza.es\/blog\/wp-content\/uploads\/2018\/09\/clo\u00ea-blogssipgirl-100918-60-300x200.jpg 300w, https:\/\/madeinzaragoza.es\/blog\/wp-content\/uploads\/2018\/09\/clo\u00ea-blogssipgirl-100918-60-768x512.jpg 768w, https:\/\/madeinzaragoza.es\/blog\/wp-content\/uploads\/2018\/09\/clo\u00ea-blogssipgirl-100918-60-1200x800.jpg 1200w\" sizes=\"(max-width: 709px) 85vw, (max-width: 909px) 67vw, (max-width: 1362px) 62vw, 840px\" \/><\/p>\n<p><img loading=\"lazy\" decoding=\"async\" class=\"aligncenter wp-image-21557 size-large\" src=\"http:\/\/madeinzaragoza.es\/blog\/wp-content\/uploads\/2018\/09\/IMG_20180910_154554-714x1024.jpg\" alt=\"\" width=\"714\" height=\"1024\" srcset=\"https:\/\/madeinzaragoza.es\/blog\/wp-content\/uploads\/2018\/09\/IMG_20180910_154554-714x1024.jpg 714w, https:\/\/madeinzaragoza.es\/blog\/wp-content\/uploads\/2018\/09\/IMG_20180910_154554-209x300.jpg 209w, https:\/\/madeinzaragoza.es\/blog\/wp-content\/uploads\/2018\/09\/IMG_20180910_154554-768x1102.jpg 768w, https:\/\/madeinzaragoza.es\/blog\/wp-content\/uploads\/2018\/09\/IMG_20180910_154554-1200x1722.jpg 1200w, https:\/\/madeinzaragoza.es\/blog\/wp-content\/uploads\/2018\/09\/IMG_20180910_154554.jpg 1279w\" sizes=\"(max-width: 709px) 85vw, (max-width: 909px) 67vw, (max-width: 984px) 61vw, (max-width: 1362px) 45vw, 600px\" \/><\/p>\n<p><strong>M\u00e1s informaci\u00f3n<\/strong>:\u00a0en su\u00a0<b>web<\/b>,\u00a0<a href=\"https:\/\/www.facebook.com\/CLO%C3%8A-458868637539321\/\"><b>facebook<\/b><\/a>, <b><a href=\"https:\/\/www.instagram.com\/cloezaragoza\/\" class=\"broken_link\">Instagram<\/a><\/b>, por mail: info@cloezaragoza.es y directamente en sus establecimientos:<\/p>\n<p>Paseo Fernando el Cat\u00f3lico, 6 Zaragoza tel\u00e9fono: 976246960<\/p>\n<p>C\/La V\u00eda, 4\u00a0 Zaragoza tel\u00e9fono: 976306131.<\/p>\n","protected":false},"excerpt":{"rendered":"<p>Ana Dom\u00ednguez es una mujer de 41 a\u00f1os, madre y empresaria, apasionada de la moda, la atenci\u00f3n al p\u00fablico, la imagen y la decoraci\u00f3n. Un buen d\u00eda, hace ya 15 a\u00f1os, decidi\u00f3 reunir todos esos ingredientes, de amor hacia el buen gusto, dando como resultado fue Clo\u00ea, su propia tienda de moda. \u00bfQu\u00e9 te impuls\u00f3 &hellip; <a href=\"https:\/\/madeinzaragoza.es\/blog\/cloe-moda-y-complementos-para-sentirte-especial\/\" class=\"more-link\">Continuar leyendo<span class=\"screen-reader-text\"> \u00abEntrevista a Ana Dom\u00ednguez de Clo\u00ea, moda y complementos para sentirte especial\u00bb<\/span><\/a><\/p>\n","protected":false},"author":4,"featured_media":21589,"comment_status":"open","ping_status":"open","sticky":false,"template":"","format":"standard","meta":{"footnotes":""},"categories":[8],"tags":[],"yoast_head":"<!-- This site is optimized with the Yoast SEO plugin v19.7.2 - https:\/\/yoast.com\/wordpress\/plugins\/seo\/ -->\n<title>Entrevista a Ana Dom\u00ednguez de Clo\u00ea, moda y complementos para sentirte especial - Made in Zaragoza<\/title>\n<meta name=\"robots\" content=\"index, follow, max-snippet:-1, max-image-preview:large, max-video-preview:-1\" \/>\n<link rel=\"canonical\" href=\"https:\/\/madeinzaragoza.es\/blog\/cloe-moda-y-complementos-para-sentirte-especial\/\" \/>\n<meta property=\"og:locale\" content=\"es_ES\" \/>\n<meta property=\"og:type\" content=\"article\" \/>\n<meta property=\"og:title\" content=\"Entrevista a Ana Dom\u00ednguez de Clo\u00ea, moda y complementos para sentirte especial - Made in Zaragoza\" \/>\n<meta property=\"og:description\" content=\"Ana Dom\u00ednguez es una mujer de 41 a\u00f1os, madre y empresaria, apasionada de la moda, la atenci\u00f3n al p\u00fablico, la imagen y la decoraci\u00f3n. Un buen d\u00eda, hace ya 15 a\u00f1os, decidi\u00f3 reunir todos esos ingredientes, de amor hacia el buen gusto, dando como resultado fue Clo\u00ea, su propia tienda de moda. \u00bfQu\u00e9 te impuls\u00f3 &hellip; Continuar leyendo &quot;Entrevista a Ana Dom\u00ednguez de Clo\u00ea, moda y complementos para sentirte especial&quot;\" \/>\n<meta property=\"og:url\" content=\"https:\/\/madeinzaragoza.es\/blog\/cloe-moda-y-complementos-para-sentirte-especial\/\" \/>\n<meta property=\"og:site_name\" content=\"Made in Zaragoza\" \/>\n<meta property=\"article:publisher\" content=\"https:\/\/www.facebook.com\/madeinzaragoza.es\/\" \/>\n<meta property=\"article:author\" content=\"blogssipgirl\/197083753685798\" \/>\n<meta property=\"article:published_time\" content=\"2018-09-14T20:59:12+00:00\" \/>\n<meta property=\"article:modified_time\" content=\"2022-10-09T13:52:06+00:00\" \/>\n<meta property=\"og:image\" content=\"https:\/\/madeinzaragoza.es\/blog\/wp-content\/uploads\/2018\/09\/cloe.png\" \/>\n\t<meta property=\"og:image:width\" content=\"1289\" \/>\n\t<meta property=\"og:image:height\" content=\"909\" \/>\n\t<meta property=\"og:image:type\" content=\"image\/png\" \/>\n<meta name=\"author\" content=\"Blogssipgirl\" \/>\n<meta name=\"twitter:card\" content=\"summary\" \/>\n<meta name=\"twitter:creator\" content=\"@blogssipgirl1\" \/>\n<meta name=\"twitter:site\" content=\"@madeinzaragoza\" \/>\n<meta name=\"twitter:label1\" content=\"Escrito por\" \/>\n\t<meta name=\"twitter:data1\" content=\"Blogssipgirl\" \/>\n\t<meta name=\"twitter:label2\" content=\"Tiempo de lectura\" \/>\n\t<meta name=\"twitter:data2\" content=\"2 minutos\" \/>\n<script type=\"application\/ld+json\" class=\"yoast-schema-graph\">{\"@context\":\"https:\/\/schema.org\",\"@graph\":[{\"@type\":\"Article\",\"@id\":\"https:\/\/madeinzaragoza.es\/blog\/cloe-moda-y-complementos-para-sentirte-especial\/#article\",\"isPartOf\":{\"@id\":\"https:\/\/madeinzaragoza.es\/blog\/cloe-moda-y-complementos-para-sentirte-especial\/\"},\"author\":{\"name\":\"Blogssipgirl\",\"@id\":\"https:\/\/madeinzaragoza.es\/blog\/#\/schema\/person\/b6199e649857e868c4cf0717b007a717\"},\"headline\":\"Entrevista a Ana Dom\u00ednguez de Clo\u00ea, moda y complementos para sentirte especial\",\"datePublished\":\"2018-09-14T20:59:12+00:00\",\"dateModified\":\"2022-10-09T13:52:06+00:00\",\"mainEntityOfPage\":{\"@id\":\"https:\/\/madeinzaragoza.es\/blog\/cloe-moda-y-complementos-para-sentirte-especial\/\"},\"wordCount\":455,\"commentCount\":0,\"publisher\":{\"@id\":\"https:\/\/madeinzaragoza.es\/blog\/#organization\"},\"articleSection\":[\"Red MIZ\"],\"inLanguage\":\"es\",\"potentialAction\":[{\"@type\":\"CommentAction\",\"name\":\"Comment\",\"target\":[\"https:\/\/madeinzaragoza.es\/blog\/cloe-moda-y-complementos-para-sentirte-especial\/#respond\"]}]},{\"@type\":\"WebPage\",\"@id\":\"https:\/\/madeinzaragoza.es\/blog\/cloe-moda-y-complementos-para-sentirte-especial\/\",\"url\":\"https:\/\/madeinzaragoza.es\/blog\/cloe-moda-y-complementos-para-sentirte-especial\/\",\"name\":\"Entrevista a Ana Dom\u00ednguez de Clo\u00ea, moda y complementos para sentirte especial - Made in Zaragoza\",\"isPartOf\":{\"@id\":\"https:\/\/madeinzaragoza.es\/blog\/#website\"},\"datePublished\":\"2018-09-14T20:59:12+00:00\",\"dateModified\":\"2022-10-09T13:52:06+00:00\",\"breadcrumb\":{\"@id\":\"https:\/\/madeinzaragoza.es\/blog\/cloe-moda-y-complementos-para-sentirte-especial\/#breadcrumb\"},\"inLanguage\":\"es\",\"potentialAction\":[{\"@type\":\"ReadAction\",\"target\":[\"https:\/\/madeinzaragoza.es\/blog\/cloe-moda-y-complementos-para-sentirte-especial\/\"]}]},{\"@type\":\"BreadcrumbList\",\"@id\":\"https:\/\/madeinzaragoza.es\/blog\/cloe-moda-y-complementos-para-sentirte-especial\/#breadcrumb\",\"itemListElement\":[{\"@type\":\"ListItem\",\"position\":1,\"name\":\"Portada\",\"item\":\"https:\/\/madeinzaragoza.es\/blog\/\"},{\"@type\":\"ListItem\",\"position\":2,\"name\":\"Entrevista a Ana Dom\u00ednguez de Clo\u00ea, moda y complementos para sentirte especial\"}]},{\"@type\":\"WebSite\",\"@id\":\"https:\/\/madeinzaragoza.es\/blog\/#website\",\"url\":\"https:\/\/madeinzaragoza.es\/blog\/\",\"name\":\"Made in Zaragoza\",\"description\":\"Blog de MadeinZGZ, Red de Econom\u00eda Creativa de Zaragoza\",\"publisher\":{\"@id\":\"https:\/\/madeinzaragoza.es\/blog\/#organization\"},\"potentialAction\":[{\"@type\":\"SearchAction\",\"target\":{\"@type\":\"EntryPoint\",\"urlTemplate\":\"https:\/\/madeinzaragoza.es\/blog\/?s={search_term_string}\"},\"query-input\":\"required name=search_term_string\"}],\"inLanguage\":\"es\"},{\"@type\":\"Organization\",\"@id\":\"https:\/\/madeinzaragoza.es\/blog\/#organization\",\"name\":\"Made In Zaragoza\",\"url\":\"https:\/\/madeinzaragoza.es\/blog\/\",\"sameAs\":[\"https:\/\/www.instagram.com\/madeinzaragoza.es\/\",\"https:\/\/www.facebook.com\/madeinzaragoza.es\/\",\"https:\/\/twitter.com\/madeinzaragoza\"],\"logo\":{\"@type\":\"ImageObject\",\"inLanguage\":\"es\",\"@id\":\"https:\/\/madeinzaragoza.es\/blog\/#\/schema\/logo\/image\/\",\"url\":\"https:\/\/madeinzaragoza.es\/blog\/wp-content\/uploads\/2022\/05\/logo.png\",\"contentUrl\":\"https:\/\/madeinzaragoza.es\/blog\/wp-content\/uploads\/2022\/05\/logo.png\",\"width\":193,\"height\":176,\"caption\":\"Made In Zaragoza\"},\"image\":{\"@id\":\"https:\/\/madeinzaragoza.es\/blog\/#\/schema\/logo\/image\/\"}},{\"@type\":\"Person\",\"@id\":\"https:\/\/madeinzaragoza.es\/blog\/#\/schema\/person\/b6199e649857e868c4cf0717b007a717\",\"name\":\"Blogssipgirl\",\"image\":{\"@type\":\"ImageObject\",\"inLanguage\":\"es\",\"@id\":\"https:\/\/madeinzaragoza.es\/blog\/#\/schema\/person\/image\/\",\"url\":\"https:\/\/secure.gravatar.com\/avatar\/6171ea2cd2ec17b189583c580ab912a7?s=96&d=mm&r=g\",\"contentUrl\":\"https:\/\/secure.gravatar.com\/avatar\/6171ea2cd2ec17b189583c580ab912a7?s=96&d=mm&r=g\",\"caption\":\"Blogssipgirl\"},\"description\":\"Organizadora de eventos, editora de blogs y gestora de RRSS. Y como hobby, bloguera: Blogssipgirl es mi alterego... Me gusta moverme por las redes sociales y colaborar en miles de proyectos, no s\u00e9 estar quieta. Me apasiona la moda y el buen gusto, adoro los peque\u00f1os placeres como pasear y disfrutar de mi familia y amigos.\",\"sameAs\":[\"http:\/\/blogssipgirl.blogspot.com\",\"blogssipgirl\/197083753685798\",\"https:\/\/twitter.com\/blogssipgirl1\"],\"url\":\"https:\/\/madeinzaragoza.es\/blog\/author\/blogssipgirl\/\"}]}<\/script>\n<!-- \/ Yoast SEO plugin. -->","yoast_head_json":{"title":"Entrevista a Ana Dom\u00ednguez de Clo\u00ea, moda y complementos para sentirte especial - Made in Zaragoza","robots":{"index":"index","follow":"follow","max-snippet":"max-snippet:-1","max-image-preview":"max-image-preview:large","max-video-preview":"max-video-preview:-1"},"canonical":"https:\/\/madeinzaragoza.es\/blog\/cloe-moda-y-complementos-para-sentirte-especial\/","og_locale":"es_ES","og_type":"article","og_title":"Entrevista a Ana Dom\u00ednguez de Clo\u00ea, moda y complementos para sentirte especial - Made in Zaragoza","og_description":"Ana Dom\u00ednguez es una mujer de 41 a\u00f1os, madre y empresaria, apasionada de la moda, la atenci\u00f3n al p\u00fablico, la imagen y la decoraci\u00f3n. Un buen d\u00eda, hace ya 15 a\u00f1os, decidi\u00f3 reunir todos esos ingredientes, de amor hacia el buen gusto, dando como resultado fue Clo\u00ea, su propia tienda de moda. \u00bfQu\u00e9 te impuls\u00f3 &hellip; Continuar leyendo \"Entrevista a Ana Dom\u00ednguez de Clo\u00ea, moda y complementos para sentirte especial\"","og_url":"https:\/\/madeinzaragoza.es\/blog\/cloe-moda-y-complementos-para-sentirte-especial\/","og_site_name":"Made in Zaragoza","article_publisher":"https:\/\/www.facebook.com\/madeinzaragoza.es\/","article_author":"blogssipgirl\/197083753685798","article_published_time":"2018-09-14T20:59:12+00:00","article_modified_time":"2022-10-09T13:52:06+00:00","og_image":[{"width":1289,"height":909,"url":"https:\/\/madeinzaragoza.es\/blog\/wp-content\/uploads\/2018\/09\/cloe.png","type":"image\/png"}],"author":"Blogssipgirl","twitter_card":"summary","twitter_creator":"@blogssipgirl1","twitter_site":"@madeinzaragoza","twitter_misc":{"Escrito por":"Blogssipgirl","Tiempo de lectura":"2 minutos"},"schema":{"@context":"https:\/\/schema.org","@graph":[{"@type":"Article","@id":"https:\/\/madeinzaragoza.es\/blog\/cloe-moda-y-complementos-para-sentirte-especial\/#article","isPartOf":{"@id":"https:\/\/madeinzaragoza.es\/blog\/cloe-moda-y-complementos-para-sentirte-especial\/"},"author":{"name":"Blogssipgirl","@id":"https:\/\/madeinzaragoza.es\/blog\/#\/schema\/person\/b6199e649857e868c4cf0717b007a717"},"headline":"Entrevista a Ana Dom\u00ednguez de Clo\u00ea, moda y complementos para sentirte especial","datePublished":"2018-09-14T20:59:12+00:00","dateModified":"2022-10-09T13:52:06+00:00","mainEntityOfPage":{"@id":"https:\/\/madeinzaragoza.es\/blog\/cloe-moda-y-complementos-para-sentirte-especial\/"},"wordCount":455,"commentCount":0,"publisher":{"@id":"https:\/\/madeinzaragoza.es\/blog\/#organization"},"articleSection":["Red MIZ"],"inLanguage":"es","potentialAction":[{"@type":"CommentAction","name":"Comment","target":["https:\/\/madeinzaragoza.es\/blog\/cloe-moda-y-complementos-para-sentirte-especial\/#respond"]}]},{"@type":"WebPage","@id":"https:\/\/madeinzaragoza.es\/blog\/cloe-moda-y-complementos-para-sentirte-especial\/","url":"https:\/\/madeinzaragoza.es\/blog\/cloe-moda-y-complementos-para-sentirte-especial\/","name":"Entrevista a Ana Dom\u00ednguez de Clo\u00ea, moda y complementos para sentirte especial - Made in Zaragoza","isPartOf":{"@id":"https:\/\/madeinzaragoza.es\/blog\/#website"},"datePublished":"2018-09-14T20:59:12+00:00","dateModified":"2022-10-09T13:52:06+00:00","breadcrumb":{"@id":"https:\/\/madeinzaragoza.es\/blog\/cloe-moda-y-complementos-para-sentirte-especial\/#breadcrumb"},"inLanguage":"es","potentialAction":[{"@type":"ReadAction","target":["https:\/\/madeinzaragoza.es\/blog\/cloe-moda-y-complementos-para-sentirte-especial\/"]}]},{"@type":"BreadcrumbList","@id":"https:\/\/madeinzaragoza.es\/blog\/cloe-moda-y-complementos-para-sentirte-especial\/#breadcrumb","itemListElement":[{"@type":"ListItem","position":1,"name":"Portada","item":"https:\/\/madeinzaragoza.es\/blog\/"},{"@type":"ListItem","position":2,"name":"Entrevista a Ana Dom\u00ednguez de Clo\u00ea, moda y complementos para sentirte especial"}]},{"@type":"WebSite","@id":"https:\/\/madeinzaragoza.es\/blog\/#website","url":"https:\/\/madeinzaragoza.es\/blog\/","name":"Made in Zaragoza","description":"Blog de MadeinZGZ, Red de Econom\u00eda Creativa de Zaragoza","publisher":{"@id":"https:\/\/madeinzaragoza.es\/blog\/#organization"},"potentialAction":[{"@type":"SearchAction","target":{"@type":"EntryPoint","urlTemplate":"https:\/\/madeinzaragoza.es\/blog\/?s={search_term_string}"},"query-input":"required name=search_term_string"}],"inLanguage":"es"},{"@type":"Organization","@id":"https:\/\/madeinzaragoza.es\/blog\/#organization","name":"Made In Zaragoza","url":"https:\/\/madeinzaragoza.es\/blog\/","sameAs":["https:\/\/www.instagram.com\/madeinzaragoza.es\/","https:\/\/www.facebook.com\/madeinzaragoza.es\/","https:\/\/twitter.com\/madeinzaragoza"],"logo":{"@type":"ImageObject","inLanguage":"es","@id":"https:\/\/madeinzaragoza.es\/blog\/#\/schema\/logo\/image\/","url":"https:\/\/madeinzaragoza.es\/blog\/wp-content\/uploads\/2022\/05\/logo.png","contentUrl":"https:\/\/madeinzaragoza.es\/blog\/wp-content\/uploads\/2022\/05\/logo.png","width":193,"height":176,"caption":"Made In Zaragoza"},"image":{"@id":"https:\/\/madeinzaragoza.es\/blog\/#\/schema\/logo\/image\/"}},{"@type":"Person","@id":"https:\/\/madeinzaragoza.es\/blog\/#\/schema\/person\/b6199e649857e868c4cf0717b007a717","name":"Blogssipgirl","image":{"@type":"ImageObject","inLanguage":"es","@id":"https:\/\/madeinzaragoza.es\/blog\/#\/schema\/person\/image\/","url":"https:\/\/secure.gravatar.com\/avatar\/6171ea2cd2ec17b189583c580ab912a7?s=96&d=mm&r=g","contentUrl":"https:\/\/secure.gravatar.com\/avatar\/6171ea2cd2ec17b189583c580ab912a7?s=96&d=mm&r=g","caption":"Blogssipgirl"},"description":"Organizadora de eventos, editora de blogs y gestora de RRSS. Y como hobby, bloguera: Blogssipgirl es mi alterego... Me gusta moverme por las redes sociales y colaborar en miles de proyectos, no s\u00e9 estar quieta. Me apasiona la moda y el buen gusto, adoro los peque\u00f1os placeres como pasear y disfrutar de mi familia y amigos.","sameAs":["http:\/\/blogssipgirl.blogspot.com","blogssipgirl\/197083753685798","https:\/\/twitter.com\/blogssipgirl1"],"url":"https:\/\/madeinzaragoza.es\/blog\/author\/blogssipgirl\/"}]}},"_links":{"self":[{"href":"https:\/\/madeinzaragoza.es\/blog\/wp-json\/wp\/v2\/posts\/21423"}],"collection":[{"href":"https:\/\/madeinzaragoza.es\/blog\/wp-json\/wp\/v2\/posts"}],"about":[{"href":"https:\/\/madeinzaragoza.es\/blog\/wp-json\/wp\/v2\/types\/post"}],"author":[{"embeddable":true,"href":"https:\/\/madeinzaragoza.es\/blog\/wp-json\/wp\/v2\/users\/4"}],"replies":[{"embeddable":true,"href":"https:\/\/madeinzaragoza.es\/blog\/wp-json\/wp\/v2\/comments?post=21423"}],"version-history":[{"count":11,"href":"https:\/\/madeinzaragoza.es\/blog\/wp-json\/wp\/v2\/posts\/21423\/revisions"}],"predecessor-version":[{"id":36057,"href":"https:\/\/madeinzaragoza.es\/blog\/wp-json\/wp\/v2\/posts\/21423\/revisions\/36057"}],"wp:featuredmedia":[{"embeddable":true,"href":"https:\/\/madeinzaragoza.es\/blog\/wp-json\/wp\/v2\/media\/21589"}],"wp:attachment":[{"href":"https:\/\/madeinzaragoza.es\/blog\/wp-json\/wp\/v2\/media?parent=21423"}],"wp:term":[{"taxonomy":"category","embeddable":true,"href":"https:\/\/madeinzaragoza.es\/blog\/wp-json\/wp\/v2\/categories?post=21423"},{"taxonomy":"post_tag","embeddable":true,"href":"https:\/\/madeinzaragoza.es\/blog\/wp-json\/wp\/v2\/tags?post=21423"}],"curies":[{"name":"wp","href":"https:\/\/api.w.org\/{rel}","templated":true}]}}