{"id":19983,"date":"2018-04-27T20:11:21","date_gmt":"2018-04-27T19:11:21","guid":{"rendered":"http:\/\/madeinzaragoza.es\/blog\/?p=19983"},"modified":"2018-05-02T20:13:53","modified_gmt":"2018-05-02T19:13:53","slug":"crear-una-estrategia-social-media-marketing","status":"publish","type":"post","link":"https:\/\/madeinzaragoza.es\/blog\/crear-una-estrategia-social-media-marketing\/","title":{"rendered":"MIZ-Lab : como crear una estrategia Social Media Marketing para Toque de Canela"},"content":{"rendered":"<p><b>C\u00f3mo crear una estrategia Social Media Marketing para un negocio como Toque de Canela<\/b><\/p>\n<p>&nbsp;<\/p>\n<p>Bienvenidos a la <a href=\"http:\/\/madeinzaragoza.es\/blog\/nueva-convocatoria-miz-lab-laboratorio-innovacion-comercial-made-in-zaragoza\/\"><strong>segunda edici\u00f3n de MIZ-Lab de Made In Zaragoza<\/strong><\/a>. En esta ocasi\u00f3n trabajaremos la estrategia Social Media Marketing con <a href=\"http:\/\/toquedecanela.com\" target=\"_blank\" rel=\"noopener\"><strong>Toque de Canela<\/strong><\/a>, una <strong>pasteler\u00eda<\/strong> artesanalmente creativa d\u00f3nde todo est\u00e1 reci\u00e9n hecho.<\/p>\n<p>&nbsp;<\/p>\n<p>Como la pasada edici\u00f3n, trabajaremos en equipo <strong>Ana Hern\u00e1ndez<\/strong> en estrategia de negocio, <strong>Recreando Estudio Creativo<\/strong> en espacio f\u00edsico y <strong>Fernando Cebolla<\/strong> en comunicaci\u00f3n online.<\/p>\n<p>&nbsp;<\/p>\n<p>En este post vamos a definir c\u00f3mo crear una estrategia Social Media Marketing para el proyecto elegido: Toque de Canela.<\/p>\n<p>&nbsp;<\/p>\n<h2>Crear una estrategia Social Media Marketing para un negocio<\/h2>\n<p>&nbsp;<\/p>\n<p>Mi trabajo en el \u00e1rea de comunicaci\u00f3n online ser\u00e1 establecer las pautas de trabajo para Toque de Canela en el Blog y en las Redes Socales. Yo har\u00e9 un an\u00e1lisis previo de la propia marca elegida en esta nueva edici\u00f3n del <a href=\"http:\/\/madeinzaragoza.es\/blog\/miz-lab-laboratorio-innovacion-comercial-made-in-zaragoza\/\"><strong>Laboratorio Comercial de Made In Zaragoza<\/strong><\/a> (MIZ-Lab),<\/p>\n<p>&nbsp;<\/p>\n<p>Un an\u00e1lisis esencial para definir los objetivos de la marca online, su p\u00fablico objetivo, establecer estrategias ganadoras y un plan de acci\u00f3n plasmado en un calendario editorial.<\/p>\n<p>&nbsp;<\/p>\n<p>Como ya sucedi\u00f3 la edici\u00f3n anterior con <strong>Juegos Tradicionales<\/strong>, en este segunda edici\u00f3n del MIZ-Lab pretendo dar a Toque de Canela las <strong>herramientas<\/strong> que necesiten para desarrollar de manera \u00f3ptima su <strong>trabajo en Marketing Online<\/strong>.<\/p>\n<p>&nbsp;<\/p>\n<h3>\u00bfC\u00f3mo crear una Estrategia Social Media Marketing para un negocio ya existente?<\/h3>\n<p>&nbsp;<\/p>\n<ul>\n<li>Haremos un <strong>Plan Social Media Marketing<\/strong> para Toque de Canela.<\/li>\n<li>Trabajaremos el Blog y sus Redes Sociales para implementar las <strong>mejores estrategias para las caracter\u00edsticas de su negocio<\/strong>.<\/li>\n<li>Sistematizaremos acciones para que el trabajo Social Meda Marketing les sea ameno y f\u00e1cil, y sea profesional.<\/li>\n<\/ul>\n<p>&nbsp;<\/p>\n<h2>Estrategia de Social Media Marketing\u00a0 para Toque de Canela: Situaci\u00f3n Inicial<\/h2>\n<p>&nbsp;<\/p>\n<p>Toque de Canela parte de una situaci\u00f3n incial \u00f3ptima en lo que se refiere a estrategia de Marketing Online: ya tiene una web, responsive y en WordPress.<\/p>\n<p>&nbsp;<\/p>\n<p>\u00c9sto les da muchas facilidades para el propio manejo de la web y el Blog en el futuro, por lo menos lo esencial que tienen que conocer para su manejo.<\/p>\n<p>&nbsp;<\/p>\n<p>Hay que tener en cuenta que, en toda <strong>estrategia de Social Media Marketing<\/strong>, la web es el lugar d\u00f3nde se hacen las <strong>conversiones<\/strong> sean estas ventas, captaci\u00f3n de leads, etc.<\/p>\n<p>&nbsp;<\/p>\n<p><strong>La web ser\u00e1 el eje principal de la estrategia, que tendr\u00e1 como herramientas principales el Blog y las Redes Sociales<\/strong>.<\/p>\n<p>&nbsp;<\/p>\n<h3><strong>El Blog y la Web de Toque de Canela<\/strong><\/h3>\n<p>&nbsp;<\/p>\n<p>Aprender\u00e1n en <strong>funcionamiento b\u00e1sico de un Wodpress y del Blog<\/strong> que contene la propia web.<\/p>\n<p>&nbsp;<\/p>\n<p>Aunque yo les ense\u00f1e a hacerlo, ser\u00e1n ellos los que lo desarrollar\u00e1n y tienen que <strong>conocer el entorno de WordPress<\/strong>, comprenderlo, las partes que tiene, como editar y publicar entradas, pautas de publicaci\u00f3n, editar im\u00e1genes, etc.<\/p>\n<p>&nbsp;<\/p>\n<p>Trabajaremos el posicionamiento de la p\u00e1gina web de Toque de Canela para <strong>mejorar su posicionamento en buscadores<\/strong>, y aprender a hacer <strong>SEO on page<\/strong> en cada una de las entradas y textos de la web.<\/p>\n<p>&nbsp;<\/p>\n<h3><strong>Redes Sociales de Toque de Canela<\/strong><\/h3>\n<p>&nbsp;<\/p>\n<p>As\u00ed, las Redes Sociales son esenciales para visibilizar la marca, hacer branding, y llevar tr\u00e1fico a la p\u00e1gina web.<\/p>\n<p>&nbsp;<\/p>\n<p>Veremos si el p\u00fablico objetivo de la marca est\u00e1 en los canales en lo que se han posicionado, su rendimiento, para detectar posibles mejoras en el <strong>trabajo Social media<\/strong> para Toque de Canela.<\/p>\n<p>&nbsp;<\/p>\n<p>Cada red sociales tiene una manera de comunicar. As\u00ed que veremos como han funcionado los contenidos, qu\u00e9 <strong>engagement en Redes Sociales<\/strong> existe, mediremos con anal\u00edticas, y estableceremos pautas para acciones Social Media y un<strong> Calendario editorial de publicaciones para Redes Sociales<\/strong>.<\/p>\n<p>&nbsp;<\/p>\n<h2>L\u00edneas de Trabajo en Comunicaci\u00f3n y Marketing Online<\/h2>\n<p>&nbsp;<\/p>\n<p>Mi trabajo en comunicaci\u00f3n social consistir\u00e1 en desarrollar las siguientes \u00e1reas en Social Media Marketing:<\/p>\n<p>&nbsp;<\/p>\n<ul>\n<li>WordPress de Toque de Canela.<\/li>\n<li>Redes Sociales.<\/li>\n<li>Blog de marca.<\/li>\n<li>SEO b\u00e1sico.<\/li>\n<li>Estrategia (Social Media Plan) y calendarios editoriales.<\/li>\n<\/ul>\n<p>&nbsp;<\/p>\n<p><strong>El objetivo principal de Toque de Canela online ser\u00e1 hacer atraer a potenciales clientes al sitio web a trav\u00e9s de Redes Sociales y el posicionamiento de contenidos del Blog y web<\/strong>, para aumentar la notoriedad de marca y hacerla visible, especialmente, entre su p\u00fablico objetivo.<\/p>\n<p>&nbsp;<\/p>\n<p>La estrategia por tanto es<strong> generar tr\u00e1fico web<\/strong> y <strong>posicionamiento SEO de los contenidos<\/strong>, para generar m\u00e1s visitas a medio y largo plazo que posicione a Toque de Canela como un referente en su sector en Zaragoza.<\/p>\n<p>&nbsp;<\/p>\n<p><strong>Humanizaremos la marca<\/strong> para empatizar con el p\u00fablico objetivo, con contenidos emocionales que hagan que la marca Toque de Canela est\u00e9 en la mente de todos cuando piensen en comprar una tarta de cumplea\u00f1os, en regalar un surtido de cookies, o en encargar un desayuno especial e casa para su pareja, por poner unos ejemplos.<\/p>\n<p>&nbsp;<\/p>\n<h2>Estrategia de Marketing Online\u00a0de Toque de Canela : partes de la estrategia<\/h2>\n<p>&nbsp;<\/p>\n<h3>1-Creaci\u00f3n de un Plan de Marketing Online<\/h3>\n<p>Dise\u00f1o de un Plan de Marketing Online y Social Media de f\u00e1cil manejo para Toque de Canela y su implementaci\u00f3n.<\/p>\n<p>&nbsp;<\/p>\n<h3>2-P\u00fablico Objetivo<\/h3>\n<p>Veremos cual es el p\u00fablico objetivo de la marca para que todas las acciones apunten a \u00e9l, y consigamos <strong>cumplir los objetivos en Marketing Online<\/strong>.<\/p>\n<p>&nbsp;<\/p>\n<h3>3-Competencia<\/h3>\n<p>En toda estrategia de Social Media Marketing hay que <strong>monitorizar a la competencia<\/strong> y el sector profesional en el que se encuentran.<\/p>\n<p>&nbsp;<\/p>\n<h3>4-Humanizar la marca<\/h3>\n<p>Centraremos buena parte de la comunicaci\u00f3n online de Toque de Canela en este segundo MIZ-Lab en humanizar la marca, en hacerla cercana al potencial cliente y fidelizar a la audiencia.<\/p>\n<p>&nbsp;<\/p>\n<h3>5-SMO<\/h3>\n<p>Optimizaremos las Redes Sociales y su funcionamiento, para mejorar la comunicaci\u00f3n y la atenci\u00f3n al cliente.<\/p>\n<p>&nbsp;<\/p>\n<h3>6- Valores de la marca<\/h3>\n<p>Toda l\u00ednea de comunicaci\u00f3n de una marca online tiene un mensaje, y unos valores asociados a esa marca en concreto, que deben estar presentes en todo lo que hagamos.<\/p>\n<p>&nbsp;<\/p>\n<h3>7-Contenidos atractivos<\/h3>\n<p>El <strong>Marketing de contenidos<\/strong> en una de las mejores herramientas en Marketing Online. Comenzaremos una serie de post en el Blog y de contenidos en Redes Sociales que permitan fidelizar al p\u00fablico existente y atraer p\u00fablico nuevo.<\/p>\n<p>&nbsp;<\/p>\n<h3>Toque de Canela : pasteler\u00eda handmade<\/h3>\n<p>&nbsp;<\/p>\n<p>Vamos a incidir mucho en la labor artesanal de Toque de Canela como pasteler\u00eda artesana, con productos \u00fanicos y personalizados para sus clientes.<\/p>\n<p>&nbsp;<\/p>\n<p>Porque pasteler\u00edas hay muchas, pero pocas que lo hagan todo desde cero y de manera tan creativa.<\/p>\n<p>&nbsp;<\/p>\n<p>La estrategia Social Media Marketing nos ayudar\u00e1 a ello, y pornto comenzaremos a ver los resultados.<\/p>\n<p>&nbsp;<\/p>\n<p>\u00a1Manos a la obra!<\/p>\n<p>&nbsp;<\/p>\n<h3>Conclusi\u00f3n<\/h3>\n<p>&nbsp;<\/p>\n<p>Empieza aqu\u00ed pues nuestra aventura con<strong> Toque de Canela<\/strong>.<\/p>\n<p>&nbsp;<\/p>\n<p>Agradecer aqu\u00ed a <strong>Made In Zaragoza<\/strong> su invitaci\u00f3n a colaborar en el <a href=\"http:\/\/madeinzaragoza.es\/blog\/3-2-1-empezamos-arranca-miz-lab\/\"><strong>segundo MIZ-Lab\u00a0<\/strong><\/a>\u00a0de nuevo en el \u00e1rea de\u00a0<strong>Comunicaci\u00f3n y Estrategia de Marketing Online<\/strong>.<\/p>\n<p>&nbsp;<\/p>\n<p>Os iremos contando como crear una estrategia Social Media y c\u00f3mo la implementando en la estrategia online de Toque de Canela.<\/p>\n<p>&nbsp;<\/p>\n<p>&nbsp;<\/p>\n","protected":false},"excerpt":{"rendered":"<p>C\u00f3mo crear una estrategia Social Media Marketing para un negocio como Toque de Canela &nbsp; Bienvenidos a la segunda edici\u00f3n de MIZ-Lab de Made In Zaragoza. En esta ocasi\u00f3n trabajaremos la estrategia Social Media Marketing con Toque de Canela, una pasteler\u00eda artesanalmente creativa d\u00f3nde todo est\u00e1 reci\u00e9n hecho. &nbsp; Como la pasada edici\u00f3n, trabajaremos en &hellip; <a href=\"https:\/\/madeinzaragoza.es\/blog\/crear-una-estrategia-social-media-marketing\/\" class=\"more-link\">Continuar leyendo<span class=\"screen-reader-text\"> \u00abMIZ-Lab : como crear una estrategia Social Media Marketing para Toque de Canela\u00bb<\/span><\/a><\/p>\n","protected":false},"author":63,"featured_media":19988,"comment_status":"open","ping_status":"open","sticky":false,"template":"","format":"standard","meta":{"footnotes":""},"categories":[1554],"tags":[1585,1775,1614,1310],"yoast_head":"<!-- This site is optimized with the Yoast SEO plugin v19.7.2 - https:\/\/yoast.com\/wordpress\/plugins\/seo\/ -->\n<title>C\u00f3mo crear una estrategia Social Media Marketing<\/title>\n<meta name=\"description\" content=\"C\u00f3mo crear una estrategia Social Media Marketing para un negocio. Este ser\u00e1 el objetivo del II MIZ-Lab de Made In Zaragoza en el \u00e1rea de comunicaci\u00f3n online.\" \/>\n<meta name=\"robots\" content=\"index, follow, max-snippet:-1, max-image-preview:large, max-video-preview:-1\" \/>\n<link rel=\"canonical\" href=\"https:\/\/madeinzaragoza.es\/blog\/crear-una-estrategia-social-media-marketing\/\" \/>\n<meta property=\"og:locale\" content=\"es_ES\" \/>\n<meta property=\"og:type\" content=\"article\" \/>\n<meta property=\"og:title\" content=\"C\u00f3mo crear una estrategia Social Media Marketing\" \/>\n<meta property=\"og:description\" content=\"C\u00f3mo crear una estrategia Social Media Marketing para un negocio. Este ser\u00e1 el objetivo del II MIZ-Lab de Made In Zaragoza en el \u00e1rea de comunicaci\u00f3n online.\" \/>\n<meta property=\"og:url\" content=\"https:\/\/madeinzaragoza.es\/blog\/crear-una-estrategia-social-media-marketing\/\" \/>\n<meta property=\"og:site_name\" content=\"Made in Zaragoza\" \/>\n<meta property=\"article:publisher\" content=\"https:\/\/www.facebook.com\/madeinzaragoza.es\/\" \/>\n<meta property=\"article:published_time\" content=\"2018-04-27T19:11:21+00:00\" \/>\n<meta property=\"article:modified_time\" content=\"2018-05-02T19:13:53+00:00\" \/>\n<meta property=\"og:image\" content=\"https:\/\/madeinzaragoza.es\/blog\/wp-content\/uploads\/2018\/04\/crear-una-estrategia-Social-Media-Marketing-para-Toque-de-Canela.jpg\" \/>\n\t<meta property=\"og:image:width\" content=\"1600\" \/>\n\t<meta property=\"og:image:height\" content=\"1200\" \/>\n\t<meta property=\"og:image:type\" content=\"image\/jpeg\" \/>\n<meta name=\"author\" content=\"Fernando Cebolla\" \/>\n<meta name=\"twitter:card\" content=\"summary\" \/>\n<meta name=\"twitter:creator\" content=\"@fcpsocialmedia\" \/>\n<meta name=\"twitter:site\" content=\"@madeinzaragoza\" \/>\n<meta name=\"twitter:label1\" content=\"Escrito por\" \/>\n\t<meta name=\"twitter:data1\" content=\"Fernando Cebolla\" \/>\n\t<meta name=\"twitter:label2\" content=\"Tiempo de lectura\" \/>\n\t<meta name=\"twitter:data2\" content=\"6 minutos\" \/>\n<script type=\"application\/ld+json\" class=\"yoast-schema-graph\">{\"@context\":\"https:\/\/schema.org\",\"@graph\":[{\"@type\":\"Article\",\"@id\":\"https:\/\/madeinzaragoza.es\/blog\/crear-una-estrategia-social-media-marketing\/#article\",\"isPartOf\":{\"@id\":\"https:\/\/madeinzaragoza.es\/blog\/crear-una-estrategia-social-media-marketing\/\"},\"author\":{\"name\":\"Fernando Cebolla\",\"@id\":\"https:\/\/madeinzaragoza.es\/blog\/#\/schema\/person\/dfd0dc5fdb51dc5dcd948dc49fce07b0\"},\"headline\":\"MIZ-Lab : como crear una estrategia Social Media Marketing para Toque de Canela\",\"datePublished\":\"2018-04-27T19:11:21+00:00\",\"dateModified\":\"2018-05-02T19:13:53+00:00\",\"mainEntityOfPage\":{\"@id\":\"https:\/\/madeinzaragoza.es\/blog\/crear-una-estrategia-social-media-marketing\/\"},\"wordCount\":1220,\"commentCount\":0,\"publisher\":{\"@id\":\"https:\/\/madeinzaragoza.es\/blog\/#organization\"},\"keywords\":[\"Estrategia de Marketing Online\",\"estrategia Social Media Marketing\",\"MIZ-LAB\",\"Toque de Canela\"],\"articleSection\":[\"MIZ-Lab\"],\"inLanguage\":\"es\",\"potentialAction\":[{\"@type\":\"CommentAction\",\"name\":\"Comment\",\"target\":[\"https:\/\/madeinzaragoza.es\/blog\/crear-una-estrategia-social-media-marketing\/#respond\"]}]},{\"@type\":\"WebPage\",\"@id\":\"https:\/\/madeinzaragoza.es\/blog\/crear-una-estrategia-social-media-marketing\/\",\"url\":\"https:\/\/madeinzaragoza.es\/blog\/crear-una-estrategia-social-media-marketing\/\",\"name\":\"C\u00f3mo crear una estrategia Social Media Marketing\",\"isPartOf\":{\"@id\":\"https:\/\/madeinzaragoza.es\/blog\/#website\"},\"datePublished\":\"2018-04-27T19:11:21+00:00\",\"dateModified\":\"2018-05-02T19:13:53+00:00\",\"description\":\"C\u00f3mo crear una estrategia Social Media Marketing para un negocio. Este ser\u00e1 el objetivo del II MIZ-Lab de Made In Zaragoza en el \u00e1rea de comunicaci\u00f3n online.\",\"breadcrumb\":{\"@id\":\"https:\/\/madeinzaragoza.es\/blog\/crear-una-estrategia-social-media-marketing\/#breadcrumb\"},\"inLanguage\":\"es\",\"potentialAction\":[{\"@type\":\"ReadAction\",\"target\":[\"https:\/\/madeinzaragoza.es\/blog\/crear-una-estrategia-social-media-marketing\/\"]}]},{\"@type\":\"BreadcrumbList\",\"@id\":\"https:\/\/madeinzaragoza.es\/blog\/crear-una-estrategia-social-media-marketing\/#breadcrumb\",\"itemListElement\":[{\"@type\":\"ListItem\",\"position\":1,\"name\":\"Portada\",\"item\":\"https:\/\/madeinzaragoza.es\/blog\/\"},{\"@type\":\"ListItem\",\"position\":2,\"name\":\"MIZ-Lab : como crear una estrategia Social Media Marketing para Toque de Canela\"}]},{\"@type\":\"WebSite\",\"@id\":\"https:\/\/madeinzaragoza.es\/blog\/#website\",\"url\":\"https:\/\/madeinzaragoza.es\/blog\/\",\"name\":\"Made in Zaragoza\",\"description\":\"Blog de MadeinZGZ, Red de Econom\u00eda Creativa de Zaragoza\",\"publisher\":{\"@id\":\"https:\/\/madeinzaragoza.es\/blog\/#organization\"},\"potentialAction\":[{\"@type\":\"SearchAction\",\"target\":{\"@type\":\"EntryPoint\",\"urlTemplate\":\"https:\/\/madeinzaragoza.es\/blog\/?s={search_term_string}\"},\"query-input\":\"required name=search_term_string\"}],\"inLanguage\":\"es\"},{\"@type\":\"Organization\",\"@id\":\"https:\/\/madeinzaragoza.es\/blog\/#organization\",\"name\":\"Made In Zaragoza\",\"url\":\"https:\/\/madeinzaragoza.es\/blog\/\",\"sameAs\":[\"https:\/\/www.instagram.com\/madeinzaragoza.es\/\",\"https:\/\/www.facebook.com\/madeinzaragoza.es\/\",\"https:\/\/twitter.com\/madeinzaragoza\"],\"logo\":{\"@type\":\"ImageObject\",\"inLanguage\":\"es\",\"@id\":\"https:\/\/madeinzaragoza.es\/blog\/#\/schema\/logo\/image\/\",\"url\":\"https:\/\/madeinzaragoza.es\/blog\/wp-content\/uploads\/2022\/05\/logo.png\",\"contentUrl\":\"https:\/\/madeinzaragoza.es\/blog\/wp-content\/uploads\/2022\/05\/logo.png\",\"width\":193,\"height\":176,\"caption\":\"Made In Zaragoza\"},\"image\":{\"@id\":\"https:\/\/madeinzaragoza.es\/blog\/#\/schema\/logo\/image\/\"}},{\"@type\":\"Person\",\"@id\":\"https:\/\/madeinzaragoza.es\/blog\/#\/schema\/person\/dfd0dc5fdb51dc5dcd948dc49fce07b0\",\"name\":\"Fernando Cebolla\",\"image\":{\"@type\":\"ImageObject\",\"inLanguage\":\"es\",\"@id\":\"https:\/\/madeinzaragoza.es\/blog\/#\/schema\/person\/image\/\",\"url\":\"https:\/\/secure.gravatar.com\/avatar\/bf5c705d25b1b881bc79c29530006274?s=96&d=mm&r=g\",\"contentUrl\":\"https:\/\/secure.gravatar.com\/avatar\/bf5c705d25b1b881bc79c29530006274?s=96&d=mm&r=g\",\"caption\":\"Fernando Cebolla\"},\"description\":\"Fernando Cebolla es consultor de comunicaci\u00f3n digital de emprendedores en el MIZ-Lab, especializado en visibilidad y estrategia digital para empresas. Como Social Media Manager, ayuda a negocios a ganar alcance, contactos y reputaci\u00f3n en redes sociales, conectando su mensaje con las audiencias adecuadas.\",\"sameAs\":[\"http:\/\/fernandocebolla.com\/\",\"https:\/\/www.instagram.com\/tusocialmediamanager\/?hl=es\",\"https:\/\/www.linkedin.com\/in\/fernandocebollapola\/?originalSubdomain=es\",\"https:\/\/twitter.com\/fcpsocialmedia\"],\"url\":\"https:\/\/madeinzaragoza.es\/blog\/author\/fernandocebolla\/\"}]}<\/script>\n<!-- \/ Yoast SEO plugin. -->","yoast_head_json":{"title":"C\u00f3mo crear una estrategia Social Media Marketing","description":"C\u00f3mo crear una estrategia Social Media Marketing para un negocio. Este ser\u00e1 el objetivo del II MIZ-Lab de Made In Zaragoza en el \u00e1rea de comunicaci\u00f3n online.","robots":{"index":"index","follow":"follow","max-snippet":"max-snippet:-1","max-image-preview":"max-image-preview:large","max-video-preview":"max-video-preview:-1"},"canonical":"https:\/\/madeinzaragoza.es\/blog\/crear-una-estrategia-social-media-marketing\/","og_locale":"es_ES","og_type":"article","og_title":"C\u00f3mo crear una estrategia Social Media Marketing","og_description":"C\u00f3mo crear una estrategia Social Media Marketing para un negocio. Este ser\u00e1 el objetivo del II MIZ-Lab de Made In Zaragoza en el \u00e1rea de comunicaci\u00f3n online.","og_url":"https:\/\/madeinzaragoza.es\/blog\/crear-una-estrategia-social-media-marketing\/","og_site_name":"Made in Zaragoza","article_publisher":"https:\/\/www.facebook.com\/madeinzaragoza.es\/","article_published_time":"2018-04-27T19:11:21+00:00","article_modified_time":"2018-05-02T19:13:53+00:00","og_image":[{"width":1600,"height":1200,"url":"https:\/\/madeinzaragoza.es\/blog\/wp-content\/uploads\/2018\/04\/crear-una-estrategia-Social-Media-Marketing-para-Toque-de-Canela.jpg","type":"image\/jpeg"}],"author":"Fernando Cebolla","twitter_card":"summary","twitter_creator":"@fcpsocialmedia","twitter_site":"@madeinzaragoza","twitter_misc":{"Escrito por":"Fernando Cebolla","Tiempo de lectura":"6 minutos"},"schema":{"@context":"https:\/\/schema.org","@graph":[{"@type":"Article","@id":"https:\/\/madeinzaragoza.es\/blog\/crear-una-estrategia-social-media-marketing\/#article","isPartOf":{"@id":"https:\/\/madeinzaragoza.es\/blog\/crear-una-estrategia-social-media-marketing\/"},"author":{"name":"Fernando Cebolla","@id":"https:\/\/madeinzaragoza.es\/blog\/#\/schema\/person\/dfd0dc5fdb51dc5dcd948dc49fce07b0"},"headline":"MIZ-Lab : como crear una estrategia Social Media Marketing para Toque de Canela","datePublished":"2018-04-27T19:11:21+00:00","dateModified":"2018-05-02T19:13:53+00:00","mainEntityOfPage":{"@id":"https:\/\/madeinzaragoza.es\/blog\/crear-una-estrategia-social-media-marketing\/"},"wordCount":1220,"commentCount":0,"publisher":{"@id":"https:\/\/madeinzaragoza.es\/blog\/#organization"},"keywords":["Estrategia de Marketing Online","estrategia Social Media Marketing","MIZ-LAB","Toque de Canela"],"articleSection":["MIZ-Lab"],"inLanguage":"es","potentialAction":[{"@type":"CommentAction","name":"Comment","target":["https:\/\/madeinzaragoza.es\/blog\/crear-una-estrategia-social-media-marketing\/#respond"]}]},{"@type":"WebPage","@id":"https:\/\/madeinzaragoza.es\/blog\/crear-una-estrategia-social-media-marketing\/","url":"https:\/\/madeinzaragoza.es\/blog\/crear-una-estrategia-social-media-marketing\/","name":"C\u00f3mo crear una estrategia Social Media Marketing","isPartOf":{"@id":"https:\/\/madeinzaragoza.es\/blog\/#website"},"datePublished":"2018-04-27T19:11:21+00:00","dateModified":"2018-05-02T19:13:53+00:00","description":"C\u00f3mo crear una estrategia Social Media Marketing para un negocio. Este ser\u00e1 el objetivo del II MIZ-Lab de Made In Zaragoza en el \u00e1rea de comunicaci\u00f3n online.","breadcrumb":{"@id":"https:\/\/madeinzaragoza.es\/blog\/crear-una-estrategia-social-media-marketing\/#breadcrumb"},"inLanguage":"es","potentialAction":[{"@type":"ReadAction","target":["https:\/\/madeinzaragoza.es\/blog\/crear-una-estrategia-social-media-marketing\/"]}]},{"@type":"BreadcrumbList","@id":"https:\/\/madeinzaragoza.es\/blog\/crear-una-estrategia-social-media-marketing\/#breadcrumb","itemListElement":[{"@type":"ListItem","position":1,"name":"Portada","item":"https:\/\/madeinzaragoza.es\/blog\/"},{"@type":"ListItem","position":2,"name":"MIZ-Lab : como crear una estrategia Social Media Marketing para Toque de Canela"}]},{"@type":"WebSite","@id":"https:\/\/madeinzaragoza.es\/blog\/#website","url":"https:\/\/madeinzaragoza.es\/blog\/","name":"Made in Zaragoza","description":"Blog de MadeinZGZ, Red de Econom\u00eda Creativa de Zaragoza","publisher":{"@id":"https:\/\/madeinzaragoza.es\/blog\/#organization"},"potentialAction":[{"@type":"SearchAction","target":{"@type":"EntryPoint","urlTemplate":"https:\/\/madeinzaragoza.es\/blog\/?s={search_term_string}"},"query-input":"required name=search_term_string"}],"inLanguage":"es"},{"@type":"Organization","@id":"https:\/\/madeinzaragoza.es\/blog\/#organization","name":"Made In Zaragoza","url":"https:\/\/madeinzaragoza.es\/blog\/","sameAs":["https:\/\/www.instagram.com\/madeinzaragoza.es\/","https:\/\/www.facebook.com\/madeinzaragoza.es\/","https:\/\/twitter.com\/madeinzaragoza"],"logo":{"@type":"ImageObject","inLanguage":"es","@id":"https:\/\/madeinzaragoza.es\/blog\/#\/schema\/logo\/image\/","url":"https:\/\/madeinzaragoza.es\/blog\/wp-content\/uploads\/2022\/05\/logo.png","contentUrl":"https:\/\/madeinzaragoza.es\/blog\/wp-content\/uploads\/2022\/05\/logo.png","width":193,"height":176,"caption":"Made In Zaragoza"},"image":{"@id":"https:\/\/madeinzaragoza.es\/blog\/#\/schema\/logo\/image\/"}},{"@type":"Person","@id":"https:\/\/madeinzaragoza.es\/blog\/#\/schema\/person\/dfd0dc5fdb51dc5dcd948dc49fce07b0","name":"Fernando Cebolla","image":{"@type":"ImageObject","inLanguage":"es","@id":"https:\/\/madeinzaragoza.es\/blog\/#\/schema\/person\/image\/","url":"https:\/\/secure.gravatar.com\/avatar\/bf5c705d25b1b881bc79c29530006274?s=96&d=mm&r=g","contentUrl":"https:\/\/secure.gravatar.com\/avatar\/bf5c705d25b1b881bc79c29530006274?s=96&d=mm&r=g","caption":"Fernando Cebolla"},"description":"Fernando Cebolla es consultor de comunicaci\u00f3n digital de emprendedores en el MIZ-Lab, especializado en visibilidad y estrategia digital para empresas. Como Social Media Manager, ayuda a negocios a ganar alcance, contactos y reputaci\u00f3n en redes sociales, conectando su mensaje con las audiencias adecuadas.","sameAs":["http:\/\/fernandocebolla.com\/","https:\/\/www.instagram.com\/tusocialmediamanager\/?hl=es","https:\/\/www.linkedin.com\/in\/fernandocebollapola\/?originalSubdomain=es","https:\/\/twitter.com\/fcpsocialmedia"],"url":"https:\/\/madeinzaragoza.es\/blog\/author\/fernandocebolla\/"}]}},"_links":{"self":[{"href":"https:\/\/madeinzaragoza.es\/blog\/wp-json\/wp\/v2\/posts\/19983"}],"collection":[{"href":"https:\/\/madeinzaragoza.es\/blog\/wp-json\/wp\/v2\/posts"}],"about":[{"href":"https:\/\/madeinzaragoza.es\/blog\/wp-json\/wp\/v2\/types\/post"}],"author":[{"embeddable":true,"href":"https:\/\/madeinzaragoza.es\/blog\/wp-json\/wp\/v2\/users\/63"}],"replies":[{"embeddable":true,"href":"https:\/\/madeinzaragoza.es\/blog\/wp-json\/wp\/v2\/comments?post=19983"}],"version-history":[{"count":7,"href":"https:\/\/madeinzaragoza.es\/blog\/wp-json\/wp\/v2\/posts\/19983\/revisions"}],"predecessor-version":[{"id":20155,"href":"https:\/\/madeinzaragoza.es\/blog\/wp-json\/wp\/v2\/posts\/19983\/revisions\/20155"}],"wp:featuredmedia":[{"embeddable":true,"href":"https:\/\/madeinzaragoza.es\/blog\/wp-json\/wp\/v2\/media\/19988"}],"wp:attachment":[{"href":"https:\/\/madeinzaragoza.es\/blog\/wp-json\/wp\/v2\/media?parent=19983"}],"wp:term":[{"taxonomy":"category","embeddable":true,"href":"https:\/\/madeinzaragoza.es\/blog\/wp-json\/wp\/v2\/categories?post=19983"},{"taxonomy":"post_tag","embeddable":true,"href":"https:\/\/madeinzaragoza.es\/blog\/wp-json\/wp\/v2\/tags?post=19983"}],"curies":[{"name":"wp","href":"https:\/\/api.w.org\/{rel}","templated":true}]}}