{"id":16763,"date":"2017-09-28T05:41:40","date_gmt":"2017-09-28T04:41:40","guid":{"rendered":"http:\/\/madeinzaragoza.es\/blog\/?p=16763"},"modified":"2017-12-25T19:43:20","modified_gmt":"2017-12-25T18:43:20","slug":"karicia-luna-oasis-calma-bienestar-natural","status":"publish","type":"post","link":"https:\/\/madeinzaragoza.es\/blog\/karicia-luna-oasis-calma-bienestar-natural\/","title":{"rendered":"Karicia de Luna. Un oasis de calma y bienestar natural."},"content":{"rendered":"<p>\u00bfNecesitas un momento de calma y desconexi\u00f3n? Acomp\u00e1\u00f1ame, descubre un centro de bienestar y cuidados naturales y vive la experiencia <strong>Karicia de Luna.<\/strong><\/p>\n<p><img loading=\"lazy\" decoding=\"async\" class=\"aligncenter wp-image-16764 size-large\" src=\"http:\/\/madeinzaragoza.es\/blog\/wp-content\/uploads\/2017\/09\/karicia-de-luna-blogssipgirl-260917-3-1024x768.jpg\" alt=\"\" width=\"840\" height=\"630\" srcset=\"https:\/\/madeinzaragoza.es\/blog\/wp-content\/uploads\/2017\/09\/karicia-de-luna-blogssipgirl-260917-3-1024x768.jpg 1024w, https:\/\/madeinzaragoza.es\/blog\/wp-content\/uploads\/2017\/09\/karicia-de-luna-blogssipgirl-260917-3-300x225.jpg 300w, https:\/\/madeinzaragoza.es\/blog\/wp-content\/uploads\/2017\/09\/karicia-de-luna-blogssipgirl-260917-3-768x576.jpg 768w, https:\/\/madeinzaragoza.es\/blog\/wp-content\/uploads\/2017\/09\/karicia-de-luna-blogssipgirl-260917-3-1200x900.jpg 1200w\" sizes=\"(max-width: 709px) 85vw, (max-width: 909px) 67vw, (max-width: 1362px) 62vw, 840px\" \/><\/p>\n<p><strong>Izarbe Cuesta<\/strong>, propietaria de <strong>Karicia de Luna<\/strong> es caracterizadora de profesi\u00f3n, con 9 a\u00f1os de experiencia en el mundo del maquillaje, amante de la vida sana y de la belleza natural. Se considera una persona inquieta con ganas de crecer personal y profesionalmente siendo fiel a s\u00ed misma y haciendo lo que le apasiona.<\/p>\n<p><img loading=\"lazy\" decoding=\"async\" class=\"aligncenter wp-image-16769 size-large\" src=\"http:\/\/madeinzaragoza.es\/blog\/wp-content\/uploads\/2017\/09\/karicia-de-luna-blogssipgirl-260917-26-768x1024.jpg\" alt=\"\" width=\"768\" height=\"1024\" srcset=\"https:\/\/madeinzaragoza.es\/blog\/wp-content\/uploads\/2017\/09\/karicia-de-luna-blogssipgirl-260917-26-768x1024.jpg 768w, https:\/\/madeinzaragoza.es\/blog\/wp-content\/uploads\/2017\/09\/karicia-de-luna-blogssipgirl-260917-26-225x300.jpg 225w, https:\/\/madeinzaragoza.es\/blog\/wp-content\/uploads\/2017\/09\/karicia-de-luna-blogssipgirl-260917-26-1200x1600.jpg 1200w\" sizes=\"(max-width: 709px) 85vw, (max-width: 909px) 67vw, (max-width: 984px) 61vw, (max-width: 1362px) 45vw, 600px\" \/><\/p>\n<p><strong>\u00bfCu\u00e1ndo empez\u00f3 tu amor hacia el mundo de la belleza natural?<\/strong><br \/>\nDesde que tengo uso de raz\u00f3n, soy al\u00e9rgica a numerosos ingredientes qu\u00edmicos presentes en la mayor\u00eda de champ\u00fas y geles de ducha, as\u00ed que siempre he sido consumidora de alta cosm\u00e9tica natural <strong>Karicia<\/strong> ya que era la \u00fanica marca que no me daba problemas y me dejaba la piel espectacular.<\/p>\n<p><img loading=\"lazy\" decoding=\"async\" class=\"aligncenter wp-image-16765 size-large\" src=\"http:\/\/madeinzaragoza.es\/blog\/wp-content\/uploads\/2017\/09\/karicia-de-luna-blogssipgirl-260917-4-1024x768.jpg\" alt=\"\" width=\"840\" height=\"630\" srcset=\"https:\/\/madeinzaragoza.es\/blog\/wp-content\/uploads\/2017\/09\/karicia-de-luna-blogssipgirl-260917-4-1024x768.jpg 1024w, https:\/\/madeinzaragoza.es\/blog\/wp-content\/uploads\/2017\/09\/karicia-de-luna-blogssipgirl-260917-4-300x225.jpg 300w, https:\/\/madeinzaragoza.es\/blog\/wp-content\/uploads\/2017\/09\/karicia-de-luna-blogssipgirl-260917-4-768x576.jpg 768w, https:\/\/madeinzaragoza.es\/blog\/wp-content\/uploads\/2017\/09\/karicia-de-luna-blogssipgirl-260917-4-1200x900.jpg 1200w\" sizes=\"(max-width: 709px) 85vw, (max-width: 909px) 67vw, (max-width: 1362px) 62vw, 840px\" \/><\/p>\n<p><strong>Cu\u00e9ntanos acerca de la historia de Karicia de Luna:<\/strong><br \/>\nTodo empez\u00f3 porque necesitaba un cambio de aires en mi vida, quer\u00eda estabilizarme en una ciudad que me diese la oportunidad de crecer profesionalmente y que mejor que Zaragoza, mi ciudad natal . Mi socia estaba en una situac\u00edon parecida y decidimos darle forma al proyecto juntas, si algo ten\u00edamos claro es que el maquillaje y la belleza iban a formar parte de \u00e9ste,pero no sab\u00edamos de que forma.<\/p>\n<p><img loading=\"lazy\" decoding=\"async\" class=\"aligncenter wp-image-16770 size-large\" src=\"http:\/\/madeinzaragoza.es\/blog\/wp-content\/uploads\/2017\/09\/kariciadeluna-13-1024x682.jpg\" alt=\"\" width=\"840\" height=\"559\" srcset=\"https:\/\/madeinzaragoza.es\/blog\/wp-content\/uploads\/2017\/09\/kariciadeluna-13-1024x682.jpg 1024w, https:\/\/madeinzaragoza.es\/blog\/wp-content\/uploads\/2017\/09\/kariciadeluna-13-300x200.jpg 300w, https:\/\/madeinzaragoza.es\/blog\/wp-content\/uploads\/2017\/09\/kariciadeluna-13-768x512.jpg 768w, https:\/\/madeinzaragoza.es\/blog\/wp-content\/uploads\/2017\/09\/kariciadeluna-13-1200x800.jpg 1200w, https:\/\/madeinzaragoza.es\/blog\/wp-content\/uploads\/2017\/09\/kariciadeluna-13.jpg 1600w\" sizes=\"(max-width: 709px) 85vw, (max-width: 909px) 67vw, (max-width: 1362px) 62vw, 840px\" \/>Un familiar Jos\u00e9 Abizanda era y es el creador y gerente de <strong>Karicia<\/strong> la marca de productos que siempre hemos usado y recomendado por nuestra propia experiencia, todo esto viene porque lo acompa\u00f1amos a Barcelona a presentar sus productos y al ver la gran aceptaci\u00f3n que ten\u00eda vimos claro que Karicia iba a ser parte de este proyecto. Y as\u00ed empez\u00f3 todo, poco a poco todo se fu\u00e9 engranando y d\u00e1ndo lugar a <strong>Karicia de Luna<\/strong>. Adem\u00e1s de estudiar caracterizaci\u00f3n me form\u00e9 en distintas terapias naturales a lo largo de los a\u00f1os y lo hice como hobby porque siempre me hab\u00eda encantado este mundo, surgi\u00f3 karicia de luna fusionando lo que m\u00e1s me gustaba.<br \/>\n<strong>Karicia de Luna<\/strong> lleva funcionando 2 a\u00f1os y medio.<\/p>\n<p><img loading=\"lazy\" decoding=\"async\" class=\"aligncenter wp-image-16772 size-large\" src=\"http:\/\/madeinzaragoza.es\/blog\/wp-content\/uploads\/2017\/09\/kariciadeluna-7-1024x682.jpg\" alt=\"\" width=\"840\" height=\"559\" srcset=\"https:\/\/madeinzaragoza.es\/blog\/wp-content\/uploads\/2017\/09\/kariciadeluna-7-1024x682.jpg 1024w, https:\/\/madeinzaragoza.es\/blog\/wp-content\/uploads\/2017\/09\/kariciadeluna-7-300x200.jpg 300w, https:\/\/madeinzaragoza.es\/blog\/wp-content\/uploads\/2017\/09\/kariciadeluna-7-768x512.jpg 768w, https:\/\/madeinzaragoza.es\/blog\/wp-content\/uploads\/2017\/09\/kariciadeluna-7-1200x800.jpg 1200w, https:\/\/madeinzaragoza.es\/blog\/wp-content\/uploads\/2017\/09\/kariciadeluna-7.jpg 1600w\" sizes=\"(max-width: 709px) 85vw, (max-width: 909px) 67vw, (max-width: 1362px) 62vw, 840px\" \/><\/p>\n<p><strong>\u00bfCu\u00e1l es la filosof\u00eda de Karicia de Luna?<\/strong><br \/>\nNuestra Filosof\u00eda es cualquier persona que entre y experimente nuestros servicios se sienta bien por dentro y por fuera.<br \/>\nkaricia de luna es una fusi\u00f3n de relax salud y belleza.<br \/>\nEl tratamiento facial es un complemento ideal para el maquillaje, cuando tu piel esta rica de nutrientes y utilizas los productos adecuados para cubrir las necesidades que tu piel demanda el maquillaje quedar\u00e1 perfecto en todo momento. Por eso hay tantas novias que requieren el servicio completo.<br \/>\nNuestro mayor objetivo es que la mujer se sienta bien por dentro y por fuera.<br \/>\n&#8211; Amamos la belleza en todos sus sentidos.<br \/>\n&#8211; Nos apasiona nuestra labor<br \/>\n&#8211; Nuestros valores son firmes, reales y honestos.<br \/>\n&#8211; El cuidado y respeto del medio ambiente es nuestro compromiso.<br \/>\n&#8211; Apoyamos y participamos de la econom\u00eda del bien com\u00fan.<br \/>\n&#8211; Nos nutrimos de la investigaci\u00f3n, somos innovadores.<br \/>\n&#8211; Nos inspiramos en la sabidur\u00eda ancestral.<br \/>\n&#8211; Despertamos la esencia de la armon\u00eda y bienestar.<\/p>\n<p><img loading=\"lazy\" decoding=\"async\" class=\"aligncenter wp-image-16766 size-large\" src=\"http:\/\/madeinzaragoza.es\/blog\/wp-content\/uploads\/2017\/09\/karicia-de-luna-blogssipgirl-260917-6-1024x768.jpg\" alt=\"\" width=\"840\" height=\"630\" srcset=\"https:\/\/madeinzaragoza.es\/blog\/wp-content\/uploads\/2017\/09\/karicia-de-luna-blogssipgirl-260917-6-1024x768.jpg 1024w, https:\/\/madeinzaragoza.es\/blog\/wp-content\/uploads\/2017\/09\/karicia-de-luna-blogssipgirl-260917-6-300x225.jpg 300w, https:\/\/madeinzaragoza.es\/blog\/wp-content\/uploads\/2017\/09\/karicia-de-luna-blogssipgirl-260917-6-768x576.jpg 768w, https:\/\/madeinzaragoza.es\/blog\/wp-content\/uploads\/2017\/09\/karicia-de-luna-blogssipgirl-260917-6-1200x900.jpg 1200w\" sizes=\"(max-width: 709px) 85vw, (max-width: 909px) 67vw, (max-width: 1362px) 62vw, 840px\" \/><\/p>\n<p><strong>\u00bfQu\u00e9 podemos encontrar en Karicia de Luna?<\/strong><br \/>\nTratamientos faciales y corporales Naturales con <strong>Karicia<\/strong>.<br \/>\nTratamientos especiales para pacientes oncol\u00f3gicos.<br \/>\nVenta de Alta cosm\u00e9tica Natural <strong>Karicia<\/strong>.<br \/>\nMasajes piedras, pindas, hind\u00faes, etc.<br \/>\nMaquillaje de Novia e Invitadas.<br \/>\nCursos de Automaquillaje.<\/p>\n<p><img loading=\"lazy\" decoding=\"async\" class=\"aligncenter wp-image-16768 size-large\" src=\"http:\/\/madeinzaragoza.es\/blog\/wp-content\/uploads\/2017\/09\/karicia-de-luna-blogssipgirl-260917-15-1024x768.jpg\" alt=\"\" width=\"840\" height=\"630\" srcset=\"https:\/\/madeinzaragoza.es\/blog\/wp-content\/uploads\/2017\/09\/karicia-de-luna-blogssipgirl-260917-15-1024x768.jpg 1024w, https:\/\/madeinzaragoza.es\/blog\/wp-content\/uploads\/2017\/09\/karicia-de-luna-blogssipgirl-260917-15-300x225.jpg 300w, https:\/\/madeinzaragoza.es\/blog\/wp-content\/uploads\/2017\/09\/karicia-de-luna-blogssipgirl-260917-15-768x576.jpg 768w, https:\/\/madeinzaragoza.es\/blog\/wp-content\/uploads\/2017\/09\/karicia-de-luna-blogssipgirl-260917-15-1200x900.jpg 1200w\" sizes=\"(max-width: 709px) 85vw, (max-width: 909px) 67vw, (max-width: 1362px) 62vw, 840px\" \/><\/p>\n<p><img loading=\"lazy\" decoding=\"async\" class=\"aligncenter wp-image-16798 size-large\" src=\"http:\/\/madeinzaragoza.es\/blog\/wp-content\/uploads\/2017\/09\/kariciadeluna-4-1-1024x684.jpg\" alt=\"\" width=\"840\" height=\"561\" srcset=\"https:\/\/madeinzaragoza.es\/blog\/wp-content\/uploads\/2017\/09\/kariciadeluna-4-1-1024x684.jpg 1024w, https:\/\/madeinzaragoza.es\/blog\/wp-content\/uploads\/2017\/09\/kariciadeluna-4-1-300x200.jpg 300w, https:\/\/madeinzaragoza.es\/blog\/wp-content\/uploads\/2017\/09\/kariciadeluna-4-1-768x513.jpg 768w, https:\/\/madeinzaragoza.es\/blog\/wp-content\/uploads\/2017\/09\/kariciadeluna-4-1-1200x801.jpg 1200w, https:\/\/madeinzaragoza.es\/blog\/wp-content\/uploads\/2017\/09\/kariciadeluna-4-1.jpg 1600w\" sizes=\"(max-width: 709px) 85vw, (max-width: 909px) 67vw, (max-width: 1362px) 62vw, 840px\" \/><\/p>\n<p><strong>\u00bfCu\u00e1les son los servicios y productos m\u00e1s demandados?<\/strong><br \/>\nLos tratamientos faciales naturales y maquillaje en cuanto a servicios.<br \/>\nEl producto que m\u00e1s se venden es la pruina (limpiadora) por ser el producto estrella de <strong>Karicia<\/strong> ya que es el \u00fanico que la fabrica, pero he de decir que cuando nuestros clientes prueban <strong>Karicia<\/strong> se enamoran de esta marca y terminan consumiendo todos los productos por igual. Son\u00a0tratamientos muy especiales, personalizados seg\u00fan necesidades, toda una experiencia para la piel y los sentidos.<\/p>\n<p><img loading=\"lazy\" decoding=\"async\" class=\"aligncenter wp-image-16801 size-large\" src=\"http:\/\/madeinzaragoza.es\/blog\/wp-content\/uploads\/2017\/09\/karicia-de-luna-blogssipgirl-260917-12-1024x768.jpg\" alt=\"\" width=\"840\" height=\"630\" srcset=\"https:\/\/madeinzaragoza.es\/blog\/wp-content\/uploads\/2017\/09\/karicia-de-luna-blogssipgirl-260917-12-1024x768.jpg 1024w, https:\/\/madeinzaragoza.es\/blog\/wp-content\/uploads\/2017\/09\/karicia-de-luna-blogssipgirl-260917-12-300x225.jpg 300w, https:\/\/madeinzaragoza.es\/blog\/wp-content\/uploads\/2017\/09\/karicia-de-luna-blogssipgirl-260917-12-768x576.jpg 768w, https:\/\/madeinzaragoza.es\/blog\/wp-content\/uploads\/2017\/09\/karicia-de-luna-blogssipgirl-260917-12-1200x900.jpg 1200w\" sizes=\"(max-width: 709px) 85vw, (max-width: 909px) 67vw, (max-width: 1362px) 62vw, 840px\" \/><\/p>\n<p><strong>\u00bfC\u00f3mo est\u00e1 siendo la respuesta de la gente?<\/strong><br \/>\nEl mundo de la cosm\u00e9tica natural est\u00e1 en auge y cada d\u00eda las personas estamos m\u00e1s concienciadas con el impacto medioambiental, el consumo consciente y los productos naturales que aplicamos a nuestra piel pero tambi\u00e9n es cierto que cada vez hay m\u00e1s competencia en el mercado pero es dif\u00edcil que sea de la misma calidad por lo que cuando la gente lo prueba se queda con ella. La trayectoria hasta la fecha es del todo satisfactorio ya que su evoluci\u00f3n sigue en progreso, a\u00fan estando en un sitio que no es de paso y no se me ve!! el boca a boca es el principal precursor de la progresi\u00f3n de este maravilloso proyecto.<\/p>\n<p><img loading=\"lazy\" decoding=\"async\" class=\"aligncenter wp-image-16797 size-large\" src=\"http:\/\/madeinzaragoza.es\/blog\/wp-content\/uploads\/2017\/09\/kariciadeluna-6-1024x682.jpg\" alt=\"\" width=\"840\" height=\"559\" srcset=\"https:\/\/madeinzaragoza.es\/blog\/wp-content\/uploads\/2017\/09\/kariciadeluna-6-1024x682.jpg 1024w, https:\/\/madeinzaragoza.es\/blog\/wp-content\/uploads\/2017\/09\/kariciadeluna-6-300x200.jpg 300w, https:\/\/madeinzaragoza.es\/blog\/wp-content\/uploads\/2017\/09\/kariciadeluna-6-768x512.jpg 768w, https:\/\/madeinzaragoza.es\/blog\/wp-content\/uploads\/2017\/09\/kariciadeluna-6-1200x800.jpg 1200w, https:\/\/madeinzaragoza.es\/blog\/wp-content\/uploads\/2017\/09\/kariciadeluna-6.jpg 1600w\" sizes=\"(max-width: 709px) 85vw, (max-width: 909px) 67vw, (max-width: 1362px) 62vw, 840px\" \/><\/p>\n<p>M\u00e1s informaci\u00f3n: En su\u00a0web, a trav\u00e9s de\u00a0<a href=\"https:\/\/www.facebook.com\/KariciadeLunaZaragoza\/\">facebook<\/a>,\u00a0<a href=\"https:\/\/www.instagram.com\/kariciadeluna\/\" class=\"broken_link\">instagram<\/a>, por tel\u00e9fono 628 52 7542 y directamente en su local: Residencial para\u00edso local 28 (espacio calma)<\/p>\n","protected":false},"excerpt":{"rendered":"<p>\u00bfNecesitas un momento de calma y desconexi\u00f3n? Acomp\u00e1\u00f1ame, descubre un centro de bienestar y cuidados naturales y vive la experiencia Karicia de Luna. Izarbe Cuesta, propietaria de Karicia de Luna es caracterizadora de profesi\u00f3n, con 9 a\u00f1os de experiencia en el mundo del maquillaje, amante de la vida sana y de la belleza natural. Se &hellip; <a href=\"https:\/\/madeinzaragoza.es\/blog\/karicia-luna-oasis-calma-bienestar-natural\/\" class=\"more-link\">Continuar leyendo<span class=\"screen-reader-text\"> \u00abKaricia de Luna. Un oasis de calma y bienestar natural.\u00bb<\/span><\/a><\/p>\n","protected":false},"author":4,"featured_media":16772,"comment_status":"open","ping_status":"open","sticky":false,"template":"","format":"standard","meta":{"footnotes":""},"categories":[8],"tags":[741,1249],"yoast_head":"<!-- This site is optimized with the Yoast SEO plugin v19.7.2 - https:\/\/yoast.com\/wordpress\/plugins\/seo\/ -->\n<title>Karicia de Luna. Un oasis de calma y bienestar natural. - Made in Zaragoza<\/title>\n<meta name=\"robots\" content=\"index, follow, max-snippet:-1, max-image-preview:large, max-video-preview:-1\" \/>\n<link rel=\"canonical\" href=\"http:\/\/madeinzaragoza.es\/blog\/karicia-luna-oasis-calma-bienestar-natural\/\" \/>\n<meta property=\"og:locale\" content=\"es_ES\" \/>\n<meta property=\"og:type\" content=\"article\" \/>\n<meta property=\"og:title\" content=\"Karicia de Luna. Un oasis de calma y bienestar natural. - Made in Zaragoza\" \/>\n<meta property=\"og:description\" content=\"\u00bfNecesitas un momento de calma y desconexi\u00f3n? Acomp\u00e1\u00f1ame, descubre un centro de bienestar y cuidados naturales y vive la experiencia Karicia de Luna. Izarbe Cuesta, propietaria de Karicia de Luna es caracterizadora de profesi\u00f3n, con 9 a\u00f1os de experiencia en el mundo del maquillaje, amante de la vida sana y de la belleza natural. Se &hellip; Continuar leyendo &quot;Karicia de Luna. Un oasis de calma y bienestar natural.&quot;\" \/>\n<meta property=\"og:url\" content=\"http:\/\/madeinzaragoza.es\/blog\/karicia-luna-oasis-calma-bienestar-natural\/\" \/>\n<meta property=\"og:site_name\" content=\"Made in Zaragoza\" \/>\n<meta property=\"article:publisher\" content=\"https:\/\/www.facebook.com\/madeinzaragoza.es\/\" \/>\n<meta property=\"article:author\" content=\"blogssipgirl\/197083753685798\" \/>\n<meta property=\"article:published_time\" content=\"2017-09-28T04:41:40+00:00\" \/>\n<meta property=\"article:modified_time\" content=\"2017-12-25T18:43:20+00:00\" \/>\n<meta property=\"og:image\" content=\"http:\/\/madeinzaragoza.es\/blog\/wp-content\/uploads\/2017\/09\/kariciadeluna-7.jpg\" \/>\n\t<meta property=\"og:image:width\" content=\"1600\" \/>\n\t<meta property=\"og:image:height\" content=\"1066\" \/>\n\t<meta property=\"og:image:type\" content=\"image\/jpeg\" \/>\n<meta name=\"author\" content=\"Blogssipgirl\" \/>\n<meta name=\"twitter:card\" content=\"summary\" \/>\n<meta name=\"twitter:creator\" content=\"@blogssipgirl1\" \/>\n<meta name=\"twitter:site\" content=\"@madeinzaragoza\" \/>\n<meta name=\"twitter:label1\" content=\"Escrito por\" \/>\n\t<meta name=\"twitter:data1\" content=\"Blogssipgirl\" \/>\n\t<meta name=\"twitter:label2\" content=\"Tiempo de lectura\" \/>\n\t<meta name=\"twitter:data2\" content=\"4 minutos\" \/>\n<script type=\"application\/ld+json\" class=\"yoast-schema-graph\">{\"@context\":\"https:\/\/schema.org\",\"@graph\":[{\"@type\":\"Article\",\"@id\":\"http:\/\/madeinzaragoza.es\/blog\/karicia-luna-oasis-calma-bienestar-natural\/#article\",\"isPartOf\":{\"@id\":\"http:\/\/madeinzaragoza.es\/blog\/karicia-luna-oasis-calma-bienestar-natural\/\"},\"author\":{\"name\":\"Blogssipgirl\",\"@id\":\"http:\/\/madeinzaragoza.es\/blog\/#\/schema\/person\/b6199e649857e868c4cf0717b007a717\"},\"headline\":\"Karicia de Luna. Un oasis de calma y bienestar natural.\",\"datePublished\":\"2017-09-28T04:41:40+00:00\",\"dateModified\":\"2017-12-25T18:43:20+00:00\",\"mainEntityOfPage\":{\"@id\":\"http:\/\/madeinzaragoza.es\/blog\/karicia-luna-oasis-calma-bienestar-natural\/\"},\"wordCount\":833,\"commentCount\":0,\"publisher\":{\"@id\":\"http:\/\/madeinzaragoza.es\/blog\/#organization\"},\"keywords\":[\"Centros de belleza\",\"Comercios Zaragoza\"],\"articleSection\":[\"Red MIZ\"],\"inLanguage\":\"es\",\"potentialAction\":[{\"@type\":\"CommentAction\",\"name\":\"Comment\",\"target\":[\"http:\/\/madeinzaragoza.es\/blog\/karicia-luna-oasis-calma-bienestar-natural\/#respond\"]}]},{\"@type\":\"WebPage\",\"@id\":\"http:\/\/madeinzaragoza.es\/blog\/karicia-luna-oasis-calma-bienestar-natural\/\",\"url\":\"http:\/\/madeinzaragoza.es\/blog\/karicia-luna-oasis-calma-bienestar-natural\/\",\"name\":\"Karicia de Luna. Un oasis de calma y bienestar natural. - Made in Zaragoza\",\"isPartOf\":{\"@id\":\"http:\/\/madeinzaragoza.es\/blog\/#website\"},\"datePublished\":\"2017-09-28T04:41:40+00:00\",\"dateModified\":\"2017-12-25T18:43:20+00:00\",\"breadcrumb\":{\"@id\":\"http:\/\/madeinzaragoza.es\/blog\/karicia-luna-oasis-calma-bienestar-natural\/#breadcrumb\"},\"inLanguage\":\"es\",\"potentialAction\":[{\"@type\":\"ReadAction\",\"target\":[\"http:\/\/madeinzaragoza.es\/blog\/karicia-luna-oasis-calma-bienestar-natural\/\"]}]},{\"@type\":\"BreadcrumbList\",\"@id\":\"http:\/\/madeinzaragoza.es\/blog\/karicia-luna-oasis-calma-bienestar-natural\/#breadcrumb\",\"itemListElement\":[{\"@type\":\"ListItem\",\"position\":1,\"name\":\"Portada\",\"item\":\"http:\/\/madeinzaragoza.es\/blog\/\"},{\"@type\":\"ListItem\",\"position\":2,\"name\":\"Karicia de Luna. Un oasis de calma y bienestar natural.\"}]},{\"@type\":\"WebSite\",\"@id\":\"http:\/\/madeinzaragoza.es\/blog\/#website\",\"url\":\"http:\/\/madeinzaragoza.es\/blog\/\",\"name\":\"Made in Zaragoza\",\"description\":\"Blog de MadeinZGZ, Red de Econom\u00eda Creativa de Zaragoza\",\"publisher\":{\"@id\":\"http:\/\/madeinzaragoza.es\/blog\/#organization\"},\"potentialAction\":[{\"@type\":\"SearchAction\",\"target\":{\"@type\":\"EntryPoint\",\"urlTemplate\":\"http:\/\/madeinzaragoza.es\/blog\/?s={search_term_string}\"},\"query-input\":\"required name=search_term_string\"}],\"inLanguage\":\"es\"},{\"@type\":\"Organization\",\"@id\":\"http:\/\/madeinzaragoza.es\/blog\/#organization\",\"name\":\"Made In Zaragoza\",\"url\":\"http:\/\/madeinzaragoza.es\/blog\/\",\"sameAs\":[\"https:\/\/www.instagram.com\/madeinzaragoza.es\/\",\"https:\/\/www.facebook.com\/madeinzaragoza.es\/\",\"https:\/\/twitter.com\/madeinzaragoza\"],\"logo\":{\"@type\":\"ImageObject\",\"inLanguage\":\"es\",\"@id\":\"http:\/\/madeinzaragoza.es\/blog\/#\/schema\/logo\/image\/\",\"url\":\"https:\/\/madeinzaragoza.es\/blog\/wp-content\/uploads\/2022\/05\/logo.png\",\"contentUrl\":\"https:\/\/madeinzaragoza.es\/blog\/wp-content\/uploads\/2022\/05\/logo.png\",\"width\":193,\"height\":176,\"caption\":\"Made In Zaragoza\"},\"image\":{\"@id\":\"http:\/\/madeinzaragoza.es\/blog\/#\/schema\/logo\/image\/\"}},{\"@type\":\"Person\",\"@id\":\"http:\/\/madeinzaragoza.es\/blog\/#\/schema\/person\/b6199e649857e868c4cf0717b007a717\",\"name\":\"Blogssipgirl\",\"image\":{\"@type\":\"ImageObject\",\"inLanguage\":\"es\",\"@id\":\"http:\/\/madeinzaragoza.es\/blog\/#\/schema\/person\/image\/\",\"url\":\"https:\/\/secure.gravatar.com\/avatar\/6171ea2cd2ec17b189583c580ab912a7?s=96&d=mm&r=g\",\"contentUrl\":\"https:\/\/secure.gravatar.com\/avatar\/6171ea2cd2ec17b189583c580ab912a7?s=96&d=mm&r=g\",\"caption\":\"Blogssipgirl\"},\"description\":\"Organizadora de eventos, editora de blogs y gestora de RRSS. Y como hobby, bloguera: Blogssipgirl es mi alterego... Me gusta moverme por las redes sociales y colaborar en miles de proyectos, no s\u00e9 estar quieta. Me apasiona la moda y el buen gusto, adoro los peque\u00f1os placeres como pasear y disfrutar de mi familia y amigos.\",\"sameAs\":[\"http:\/\/blogssipgirl.blogspot.com\",\"blogssipgirl\/197083753685798\",\"https:\/\/twitter.com\/blogssipgirl1\"],\"url\":\"https:\/\/madeinzaragoza.es\/blog\/author\/blogssipgirl\/\"}]}<\/script>\n<!-- \/ Yoast SEO plugin. -->","yoast_head_json":{"title":"Karicia de Luna. Un oasis de calma y bienestar natural. - Made in Zaragoza","robots":{"index":"index","follow":"follow","max-snippet":"max-snippet:-1","max-image-preview":"max-image-preview:large","max-video-preview":"max-video-preview:-1"},"canonical":"http:\/\/madeinzaragoza.es\/blog\/karicia-luna-oasis-calma-bienestar-natural\/","og_locale":"es_ES","og_type":"article","og_title":"Karicia de Luna. Un oasis de calma y bienestar natural. - Made in Zaragoza","og_description":"\u00bfNecesitas un momento de calma y desconexi\u00f3n? Acomp\u00e1\u00f1ame, descubre un centro de bienestar y cuidados naturales y vive la experiencia Karicia de Luna. Izarbe Cuesta, propietaria de Karicia de Luna es caracterizadora de profesi\u00f3n, con 9 a\u00f1os de experiencia en el mundo del maquillaje, amante de la vida sana y de la belleza natural. Se &hellip; Continuar leyendo \"Karicia de Luna. Un oasis de calma y bienestar natural.\"","og_url":"http:\/\/madeinzaragoza.es\/blog\/karicia-luna-oasis-calma-bienestar-natural\/","og_site_name":"Made in Zaragoza","article_publisher":"https:\/\/www.facebook.com\/madeinzaragoza.es\/","article_author":"blogssipgirl\/197083753685798","article_published_time":"2017-09-28T04:41:40+00:00","article_modified_time":"2017-12-25T18:43:20+00:00","og_image":[{"width":1600,"height":1066,"url":"http:\/\/madeinzaragoza.es\/blog\/wp-content\/uploads\/2017\/09\/kariciadeluna-7.jpg","type":"image\/jpeg"}],"author":"Blogssipgirl","twitter_card":"summary","twitter_creator":"@blogssipgirl1","twitter_site":"@madeinzaragoza","twitter_misc":{"Escrito por":"Blogssipgirl","Tiempo de lectura":"4 minutos"},"schema":{"@context":"https:\/\/schema.org","@graph":[{"@type":"Article","@id":"http:\/\/madeinzaragoza.es\/blog\/karicia-luna-oasis-calma-bienestar-natural\/#article","isPartOf":{"@id":"http:\/\/madeinzaragoza.es\/blog\/karicia-luna-oasis-calma-bienestar-natural\/"},"author":{"name":"Blogssipgirl","@id":"http:\/\/madeinzaragoza.es\/blog\/#\/schema\/person\/b6199e649857e868c4cf0717b007a717"},"headline":"Karicia de Luna. Un oasis de calma y bienestar natural.","datePublished":"2017-09-28T04:41:40+00:00","dateModified":"2017-12-25T18:43:20+00:00","mainEntityOfPage":{"@id":"http:\/\/madeinzaragoza.es\/blog\/karicia-luna-oasis-calma-bienestar-natural\/"},"wordCount":833,"commentCount":0,"publisher":{"@id":"http:\/\/madeinzaragoza.es\/blog\/#organization"},"keywords":["Centros de belleza","Comercios Zaragoza"],"articleSection":["Red MIZ"],"inLanguage":"es","potentialAction":[{"@type":"CommentAction","name":"Comment","target":["http:\/\/madeinzaragoza.es\/blog\/karicia-luna-oasis-calma-bienestar-natural\/#respond"]}]},{"@type":"WebPage","@id":"http:\/\/madeinzaragoza.es\/blog\/karicia-luna-oasis-calma-bienestar-natural\/","url":"http:\/\/madeinzaragoza.es\/blog\/karicia-luna-oasis-calma-bienestar-natural\/","name":"Karicia de Luna. Un oasis de calma y bienestar natural. - Made in Zaragoza","isPartOf":{"@id":"http:\/\/madeinzaragoza.es\/blog\/#website"},"datePublished":"2017-09-28T04:41:40+00:00","dateModified":"2017-12-25T18:43:20+00:00","breadcrumb":{"@id":"http:\/\/madeinzaragoza.es\/blog\/karicia-luna-oasis-calma-bienestar-natural\/#breadcrumb"},"inLanguage":"es","potentialAction":[{"@type":"ReadAction","target":["http:\/\/madeinzaragoza.es\/blog\/karicia-luna-oasis-calma-bienestar-natural\/"]}]},{"@type":"BreadcrumbList","@id":"http:\/\/madeinzaragoza.es\/blog\/karicia-luna-oasis-calma-bienestar-natural\/#breadcrumb","itemListElement":[{"@type":"ListItem","position":1,"name":"Portada","item":"http:\/\/madeinzaragoza.es\/blog\/"},{"@type":"ListItem","position":2,"name":"Karicia de Luna. Un oasis de calma y bienestar natural."}]},{"@type":"WebSite","@id":"http:\/\/madeinzaragoza.es\/blog\/#website","url":"http:\/\/madeinzaragoza.es\/blog\/","name":"Made in Zaragoza","description":"Blog de MadeinZGZ, Red de Econom\u00eda Creativa de Zaragoza","publisher":{"@id":"http:\/\/madeinzaragoza.es\/blog\/#organization"},"potentialAction":[{"@type":"SearchAction","target":{"@type":"EntryPoint","urlTemplate":"http:\/\/madeinzaragoza.es\/blog\/?s={search_term_string}"},"query-input":"required name=search_term_string"}],"inLanguage":"es"},{"@type":"Organization","@id":"http:\/\/madeinzaragoza.es\/blog\/#organization","name":"Made In Zaragoza","url":"http:\/\/madeinzaragoza.es\/blog\/","sameAs":["https:\/\/www.instagram.com\/madeinzaragoza.es\/","https:\/\/www.facebook.com\/madeinzaragoza.es\/","https:\/\/twitter.com\/madeinzaragoza"],"logo":{"@type":"ImageObject","inLanguage":"es","@id":"http:\/\/madeinzaragoza.es\/blog\/#\/schema\/logo\/image\/","url":"https:\/\/madeinzaragoza.es\/blog\/wp-content\/uploads\/2022\/05\/logo.png","contentUrl":"https:\/\/madeinzaragoza.es\/blog\/wp-content\/uploads\/2022\/05\/logo.png","width":193,"height":176,"caption":"Made In Zaragoza"},"image":{"@id":"http:\/\/madeinzaragoza.es\/blog\/#\/schema\/logo\/image\/"}},{"@type":"Person","@id":"http:\/\/madeinzaragoza.es\/blog\/#\/schema\/person\/b6199e649857e868c4cf0717b007a717","name":"Blogssipgirl","image":{"@type":"ImageObject","inLanguage":"es","@id":"http:\/\/madeinzaragoza.es\/blog\/#\/schema\/person\/image\/","url":"https:\/\/secure.gravatar.com\/avatar\/6171ea2cd2ec17b189583c580ab912a7?s=96&d=mm&r=g","contentUrl":"https:\/\/secure.gravatar.com\/avatar\/6171ea2cd2ec17b189583c580ab912a7?s=96&d=mm&r=g","caption":"Blogssipgirl"},"description":"Organizadora de eventos, editora de blogs y gestora de RRSS. Y como hobby, bloguera: Blogssipgirl es mi alterego... Me gusta moverme por las redes sociales y colaborar en miles de proyectos, no s\u00e9 estar quieta. Me apasiona la moda y el buen gusto, adoro los peque\u00f1os placeres como pasear y disfrutar de mi familia y amigos.","sameAs":["http:\/\/blogssipgirl.blogspot.com","blogssipgirl\/197083753685798","https:\/\/twitter.com\/blogssipgirl1"],"url":"https:\/\/madeinzaragoza.es\/blog\/author\/blogssipgirl\/"}]}},"_links":{"self":[{"href":"https:\/\/madeinzaragoza.es\/blog\/wp-json\/wp\/v2\/posts\/16763"}],"collection":[{"href":"https:\/\/madeinzaragoza.es\/blog\/wp-json\/wp\/v2\/posts"}],"about":[{"href":"https:\/\/madeinzaragoza.es\/blog\/wp-json\/wp\/v2\/types\/post"}],"author":[{"embeddable":true,"href":"https:\/\/madeinzaragoza.es\/blog\/wp-json\/wp\/v2\/users\/4"}],"replies":[{"embeddable":true,"href":"https:\/\/madeinzaragoza.es\/blog\/wp-json\/wp\/v2\/comments?post=16763"}],"version-history":[{"count":7,"href":"https:\/\/madeinzaragoza.es\/blog\/wp-json\/wp\/v2\/posts\/16763\/revisions"}],"predecessor-version":[{"id":18501,"href":"https:\/\/madeinzaragoza.es\/blog\/wp-json\/wp\/v2\/posts\/16763\/revisions\/18501"}],"wp:featuredmedia":[{"embeddable":true,"href":"https:\/\/madeinzaragoza.es\/blog\/wp-json\/wp\/v2\/media\/16772"}],"wp:attachment":[{"href":"https:\/\/madeinzaragoza.es\/blog\/wp-json\/wp\/v2\/media?parent=16763"}],"wp:term":[{"taxonomy":"category","embeddable":true,"href":"https:\/\/madeinzaragoza.es\/blog\/wp-json\/wp\/v2\/categories?post=16763"},{"taxonomy":"post_tag","embeddable":true,"href":"https:\/\/madeinzaragoza.es\/blog\/wp-json\/wp\/v2\/tags?post=16763"}],"curies":[{"name":"wp","href":"https:\/\/api.w.org\/{rel}","templated":true}]}}