{"id":14040,"date":"2017-01-14T09:31:41","date_gmt":"2017-01-14T08:31:41","guid":{"rendered":"http:\/\/madeinzaragoza.es\/blog\/?p=14040"},"modified":"2017-05-07T10:47:16","modified_gmt":"2017-05-07T09:47:16","slug":"david-guirao-armadillo-ilustrado","status":"publish","type":"post","link":"https:\/\/madeinzaragoza.es\/blog\/david-guirao-armadillo-ilustrado\/","title":{"rendered":"David Guirao en el Armadillo Ilustrado"},"content":{"rendered":"<p>Hemos pasado por la estupenda libreria gr\u00e1fica <a href=\"http:\/\/elarmadilloilustrado.com\/exposicion-de-originales-segundas-partes-siempre-fueron-buenisimas-de-david-guirao\/\">El Armadillo Ilustrado<\/a> (Las Armas, 74) para encontrarnos de nuevo con la maravillosa obra del ilustrador <a href=\"http:\/\/davidguirao.blogspot.com.es\/\">David Guirao<\/a>. Y es que en esta libreria y desde el pasado d\u00eda 7 de enero, se ha realizado una exposici\u00f3n de ilustraciones del artista, una muestra donde se puede ver algunos de los originales de la colecci\u00f3n \u00abSegundas partes siempre fueron buen\u00edsimas\u00bb de la editorial Edeb\u00e9.<\/p>\n<p><img loading=\"lazy\" decoding=\"async\" class=\"aligncenter size-full wp-image-14041\" src=\"http:\/\/madeinzaragoza.es\/blog\/wp-content\/uploads\/2017\/01\/UNADJUSTEDNONRAW_thumb_64a0.jpg\" alt=\"\" width=\"1024\" height=\"768\" srcset=\"https:\/\/madeinzaragoza.es\/blog\/wp-content\/uploads\/2017\/01\/UNADJUSTEDNONRAW_thumb_64a0.jpg 1024w, https:\/\/madeinzaragoza.es\/blog\/wp-content\/uploads\/2017\/01\/UNADJUSTEDNONRAW_thumb_64a0-300x225.jpg 300w, https:\/\/madeinzaragoza.es\/blog\/wp-content\/uploads\/2017\/01\/UNADJUSTEDNONRAW_thumb_64a0-768x576.jpg 768w\" sizes=\"(max-width: 709px) 85vw, (max-width: 909px) 67vw, (max-width: 1362px) 62vw, 840px\" \/><\/p>\n<p><!--more--><\/p>\n<p><strong>\u2018Segundas partes siempre fueron buen\u00edsimas\u2019\u00a0<\/strong>es una colecci\u00f3n de literatura con las segundas partes de los cuentos y novelas infantiles m\u00e1s famosos de todos los tiempos. Una continuaci\u00f3n inesperada, nueva y sorprendente de cada uno de los cuentos seleccionados escritos por los autores Roberto Santiago y Eva Redondo. Una manera original, contempor\u00e1nea, distinta, de acercar los cl\u00e1sicos a los ni\u00f1os de hoy en d\u00eda y mostrarles el maravilloso mundo de la narrativa infantil cl\u00e1sica.<\/p>\n<p>&nbsp;<\/p>\n<p><img loading=\"lazy\" decoding=\"async\" class=\"aligncenter size-full wp-image-14042\" src=\"http:\/\/madeinzaragoza.es\/blog\/wp-content\/uploads\/2017\/01\/UNADJUSTEDNONRAW_thumb_64a9.jpg\" alt=\"\" width=\"1024\" height=\"768\" srcset=\"https:\/\/madeinzaragoza.es\/blog\/wp-content\/uploads\/2017\/01\/UNADJUSTEDNONRAW_thumb_64a9.jpg 1024w, https:\/\/madeinzaragoza.es\/blog\/wp-content\/uploads\/2017\/01\/UNADJUSTEDNONRAW_thumb_64a9-300x225.jpg 300w, https:\/\/madeinzaragoza.es\/blog\/wp-content\/uploads\/2017\/01\/UNADJUSTEDNONRAW_thumb_64a9-768x576.jpg 768w\" sizes=\"(max-width: 709px) 85vw, (max-width: 909px) 67vw, (max-width: 1362px) 62vw, 840px\" \/><img loading=\"lazy\" decoding=\"async\" class=\"aligncenter size-full wp-image-14043\" src=\"http:\/\/madeinzaragoza.es\/blog\/wp-content\/uploads\/2017\/01\/UNADJUSTEDNONRAW_thumb_6498.jpg\" alt=\"\" width=\"1024\" height=\"768\" srcset=\"https:\/\/madeinzaragoza.es\/blog\/wp-content\/uploads\/2017\/01\/UNADJUSTEDNONRAW_thumb_6498.jpg 1024w, https:\/\/madeinzaragoza.es\/blog\/wp-content\/uploads\/2017\/01\/UNADJUSTEDNONRAW_thumb_6498-300x225.jpg 300w, https:\/\/madeinzaragoza.es\/blog\/wp-content\/uploads\/2017\/01\/UNADJUSTEDNONRAW_thumb_6498-768x576.jpg 768w\" sizes=\"(max-width: 709px) 85vw, (max-width: 909px) 67vw, (max-width: 1362px) 62vw, 840px\" \/><\/p>\n<p>El Patito Feo, Hansel y Gretel, La Bella durmiente y Caperucita Roja son las cuatro obras seleccionadas para darles continuidad en esta colecci\u00f3n y para que David Guirao les d\u00e9 vida con sus maravillosas ilustraciones. Y qu\u00e9 mejor lugar que una libreria para exponer estos dibujos realizados para libros. As\u00ed que adelante. A trav\u00e9s de las 23 ilustraciones expuestas, se puede conocer la narrativa de la continuaci\u00f3n de los cuentos, las historias que los autores han creado y que David ha ilustrado.<\/p>\n<p>En estos dibujos encontramos el universo m\u00e1s personal del ilustrador: desde su versi\u00f3n de Caperucita Roja al Lobo feroz, un personaje ya fetiche para \u00e9l, pasando por Hansel, Gretel, el Patito Feo y un largo desfile de personajes. Rostros de ojos grandes, limpios, caras geom\u00e9tricas redondeadas y anguladas, cuerpos esbeltos y org\u00e1nicos, composiciones exquisitas, escenas misteriosas y un suave cromatismo parar hablarnos de un universo m\u00e1gico, el de la narrativa infantil.<\/p>\n<p>Adem\u00e1s, en El Armadillo est\u00e1n a la venta los cuatro libros de la colecci\u00f3n que dan pie a la exposici\u00f3n, as\u00ed que si te has quedado con ganas de m\u00e1s, siempre puedes llevarte los libros con todas las ilustraciones que David Guirao ha realizado para su edici\u00f3n. Un buen regalo, sin duda.<\/p>\n<p>Si quer\u00e9is saber c\u00f3mo sigue el cuento de Caperucita Roja, Hansel y Gretel, La Bella Durmiente o el Patito Feo, ten\u00e9is que venir al Armadillo Ilustrado y averiguarlo gracias a las ilustraciones de David Guirao. Y es que <span style=\"color: #c41b1b;\"><strong>segundas partes&#8230; \u00a1siempre fueron buen\u00edsimas!<\/strong><\/span><\/p>\n<p>La exposici\u00f3n se puede ver hasta finales de enero de 2017.<\/p>\n<p>\u00a1Por cierto! Pr\u00f3ximamente tendr\u00e1 lugar un encuentro con David Guirao (que tendr\u00e1 lugar uno de los pr\u00f3ximos s\u00e1bados) en el que David explicar\u00e1 sus ilustraciones y el proceso creativo que sigue en su narrativa visual. Un buen momento para conocer al ilustrador en primera persona y adentrarnos de su mano en su universo visual. Estad atentos al <a href=\"https:\/\/www.facebook.com\/elarmadilloilustrado\/?pnref=story\">Facebook de El Armadillo Ilustrado<\/a> donde lo anunciar\u00e1n.<\/p>\n<p><img loading=\"lazy\" decoding=\"async\" class=\"aligncenter size-full wp-image-14044\" src=\"http:\/\/madeinzaragoza.es\/blog\/wp-content\/uploads\/2017\/01\/UNADJUSTEDNONRAW_thumb_649a.jpg\" alt=\"\" width=\"1024\" height=\"768\" srcset=\"https:\/\/madeinzaragoza.es\/blog\/wp-content\/uploads\/2017\/01\/UNADJUSTEDNONRAW_thumb_649a.jpg 1024w, https:\/\/madeinzaragoza.es\/blog\/wp-content\/uploads\/2017\/01\/UNADJUSTEDNONRAW_thumb_649a-300x225.jpg 300w, https:\/\/madeinzaragoza.es\/blog\/wp-content\/uploads\/2017\/01\/UNADJUSTEDNONRAW_thumb_649a-768x576.jpg 768w\" sizes=\"(max-width: 709px) 85vw, (max-width: 909px) 67vw, (max-width: 1362px) 62vw, 840px\" \/> <img loading=\"lazy\" decoding=\"async\" class=\"aligncenter size-full wp-image-14046\" src=\"http:\/\/madeinzaragoza.es\/blog\/wp-content\/uploads\/2017\/01\/UNADJUSTEDNONRAW_thumb_649d.jpg\" alt=\"\" width=\"1024\" height=\"768\" srcset=\"https:\/\/madeinzaragoza.es\/blog\/wp-content\/uploads\/2017\/01\/UNADJUSTEDNONRAW_thumb_649d.jpg 1024w, https:\/\/madeinzaragoza.es\/blog\/wp-content\/uploads\/2017\/01\/UNADJUSTEDNONRAW_thumb_649d-300x225.jpg 300w, https:\/\/madeinzaragoza.es\/blog\/wp-content\/uploads\/2017\/01\/UNADJUSTEDNONRAW_thumb_649d-768x576.jpg 768w\" sizes=\"(max-width: 709px) 85vw, (max-width: 909px) 67vw, (max-width: 1362px) 62vw, 840px\" \/> <img loading=\"lazy\" decoding=\"async\" class=\"aligncenter size-full wp-image-14045\" src=\"http:\/\/madeinzaragoza.es\/blog\/wp-content\/uploads\/2017\/01\/UNADJUSTEDNONRAW_thumb_649b.jpg\" alt=\"\" width=\"1024\" height=\"768\" srcset=\"https:\/\/madeinzaragoza.es\/blog\/wp-content\/uploads\/2017\/01\/UNADJUSTEDNONRAW_thumb_649b.jpg 1024w, https:\/\/madeinzaragoza.es\/blog\/wp-content\/uploads\/2017\/01\/UNADJUSTEDNONRAW_thumb_649b-300x225.jpg 300w, https:\/\/madeinzaragoza.es\/blog\/wp-content\/uploads\/2017\/01\/UNADJUSTEDNONRAW_thumb_649b-768x576.jpg 768w\" sizes=\"(max-width: 709px) 85vw, (max-width: 909px) 67vw, (max-width: 1362px) 62vw, 840px\" \/>Si quer\u00e9is conocer un poco mejor a David Guirao pod\u00e9is leer <a href=\"http:\/\/madeinzaragoza.es\/blog\/entrevista-con-david-guirao\/\">esta entrevista<\/a> y descubrir la maravillosa <a href=\"http:\/\/madeinzaragoza.es\/blog\/caperucita-david-guirao-en-corner-miz\/\">intervenci\u00f3n ef\u00edmera<\/a> que realiz\u00f3 sobre Caperucita en Zaragoza Activa (La Azucarera).<\/p>\n<p>&nbsp;<\/p>\n","protected":false},"excerpt":{"rendered":"<p>Hemos pasado por la estupenda libreria gr\u00e1fica El Armadillo Ilustrado (Las Armas, 74) para encontrarnos de nuevo con la maravillosa obra del ilustrador David Guirao. Y es que en esta libreria y desde el pasado d\u00eda 7 de enero, se ha realizado una exposici\u00f3n de ilustraciones del artista, una muestra donde se puede ver algunos &hellip; <a href=\"https:\/\/madeinzaragoza.es\/blog\/david-guirao-armadillo-ilustrado\/\" class=\"more-link\">Continuar leyendo<span class=\"screen-reader-text\"> \u00abDavid Guirao en el Armadillo Ilustrado\u00bb<\/span><\/a><\/p>\n","protected":false},"author":36,"featured_media":14047,"comment_status":"open","ping_status":"open","sticky":false,"template":"","format":"standard","meta":{"footnotes":""},"categories":[829],"tags":[962,280,202],"yoast_head":"<!-- This site is optimized with the Yoast SEO plugin v19.7.2 - https:\/\/yoast.com\/wordpress\/plugins\/seo\/ -->\n<title>David Guirao en el Armadillo Ilustrado - Made in Zaragoza<\/title>\n<meta name=\"robots\" content=\"index, follow, max-snippet:-1, max-image-preview:large, max-video-preview:-1\" \/>\n<link rel=\"canonical\" href=\"https:\/\/madeinzaragoza.es\/blog\/david-guirao-armadillo-ilustrado\/\" \/>\n<meta property=\"og:locale\" content=\"es_ES\" \/>\n<meta property=\"og:type\" content=\"article\" \/>\n<meta property=\"og:title\" content=\"David Guirao en el Armadillo Ilustrado - Made in Zaragoza\" \/>\n<meta property=\"og:description\" content=\"Hemos pasado por la estupenda libreria gr\u00e1fica El Armadillo Ilustrado (Las Armas, 74) para encontrarnos de nuevo con la maravillosa obra del ilustrador David Guirao. Y es que en esta libreria y desde el pasado d\u00eda 7 de enero, se ha realizado una exposici\u00f3n de ilustraciones del artista, una muestra donde se puede ver algunos &hellip; Continuar leyendo &quot;David Guirao en el Armadillo Ilustrado&quot;\" \/>\n<meta property=\"og:url\" content=\"https:\/\/madeinzaragoza.es\/blog\/david-guirao-armadillo-ilustrado\/\" \/>\n<meta property=\"og:site_name\" content=\"Made in Zaragoza\" \/>\n<meta property=\"article:publisher\" content=\"https:\/\/www.facebook.com\/madeinzaragoza.es\/\" \/>\n<meta property=\"article:author\" content=\"zarayorkers\" \/>\n<meta property=\"article:published_time\" content=\"2017-01-14T08:31:41+00:00\" \/>\n<meta property=\"article:modified_time\" content=\"2017-05-07T09:47:16+00:00\" \/>\n<meta property=\"og:image\" content=\"https:\/\/madeinzaragoza.es\/blog\/wp-content\/uploads\/2017\/01\/portada-1.jpg\" \/>\n\t<meta property=\"og:image:width\" content=\"1000\" \/>\n\t<meta property=\"og:image:height\" content=\"654\" \/>\n\t<meta property=\"og:image:type\" content=\"image\/jpeg\" \/>\n<meta name=\"author\" content=\"Sergio Sevilla\" \/>\n<meta name=\"twitter:card\" content=\"summary\" \/>\n<meta name=\"twitter:creator\" content=\"@madeinzaragoza\" \/>\n<meta name=\"twitter:site\" content=\"@madeinzaragoza\" \/>\n<meta name=\"twitter:label1\" content=\"Escrito por\" \/>\n\t<meta name=\"twitter:data1\" content=\"Sergio Sevilla\" \/>\n\t<meta name=\"twitter:label2\" content=\"Tiempo de lectura\" \/>\n\t<meta name=\"twitter:data2\" content=\"3 minutos\" \/>\n<script type=\"application\/ld+json\" class=\"yoast-schema-graph\">{\"@context\":\"https:\/\/schema.org\",\"@graph\":[{\"@type\":\"Article\",\"@id\":\"https:\/\/madeinzaragoza.es\/blog\/david-guirao-armadillo-ilustrado\/#article\",\"isPartOf\":{\"@id\":\"https:\/\/madeinzaragoza.es\/blog\/david-guirao-armadillo-ilustrado\/\"},\"author\":{\"name\":\"Sergio Sevilla\",\"@id\":\"https:\/\/madeinzaragoza.es\/blog\/#\/schema\/person\/fd836a8fe1177b6200bc8deffc3ad342\"},\"headline\":\"David Guirao en el Armadillo Ilustrado\",\"datePublished\":\"2017-01-14T08:31:41+00:00\",\"dateModified\":\"2017-05-07T09:47:16+00:00\",\"mainEntityOfPage\":{\"@id\":\"https:\/\/madeinzaragoza.es\/blog\/david-guirao-armadillo-ilustrado\/\"},\"wordCount\":541,\"commentCount\":0,\"publisher\":{\"@id\":\"https:\/\/madeinzaragoza.es\/blog\/#organization\"},\"keywords\":[\"David Guirao\",\"el armadillo ilustrado\",\"ilustracion\"],\"articleSection\":[\"Cultura\"],\"inLanguage\":\"es\",\"potentialAction\":[{\"@type\":\"CommentAction\",\"name\":\"Comment\",\"target\":[\"https:\/\/madeinzaragoza.es\/blog\/david-guirao-armadillo-ilustrado\/#respond\"]}]},{\"@type\":\"WebPage\",\"@id\":\"https:\/\/madeinzaragoza.es\/blog\/david-guirao-armadillo-ilustrado\/\",\"url\":\"https:\/\/madeinzaragoza.es\/blog\/david-guirao-armadillo-ilustrado\/\",\"name\":\"David Guirao en el Armadillo Ilustrado - Made in Zaragoza\",\"isPartOf\":{\"@id\":\"https:\/\/madeinzaragoza.es\/blog\/#website\"},\"datePublished\":\"2017-01-14T08:31:41+00:00\",\"dateModified\":\"2017-05-07T09:47:16+00:00\",\"breadcrumb\":{\"@id\":\"https:\/\/madeinzaragoza.es\/blog\/david-guirao-armadillo-ilustrado\/#breadcrumb\"},\"inLanguage\":\"es\",\"potentialAction\":[{\"@type\":\"ReadAction\",\"target\":[\"https:\/\/madeinzaragoza.es\/blog\/david-guirao-armadillo-ilustrado\/\"]}]},{\"@type\":\"BreadcrumbList\",\"@id\":\"https:\/\/madeinzaragoza.es\/blog\/david-guirao-armadillo-ilustrado\/#breadcrumb\",\"itemListElement\":[{\"@type\":\"ListItem\",\"position\":1,\"name\":\"Portada\",\"item\":\"https:\/\/madeinzaragoza.es\/blog\/\"},{\"@type\":\"ListItem\",\"position\":2,\"name\":\"David Guirao en el Armadillo Ilustrado\"}]},{\"@type\":\"WebSite\",\"@id\":\"https:\/\/madeinzaragoza.es\/blog\/#website\",\"url\":\"https:\/\/madeinzaragoza.es\/blog\/\",\"name\":\"Made in Zaragoza\",\"description\":\"Blog de MadeinZGZ, Red de Econom\u00eda Creativa de Zaragoza\",\"publisher\":{\"@id\":\"https:\/\/madeinzaragoza.es\/blog\/#organization\"},\"potentialAction\":[{\"@type\":\"SearchAction\",\"target\":{\"@type\":\"EntryPoint\",\"urlTemplate\":\"https:\/\/madeinzaragoza.es\/blog\/?s={search_term_string}\"},\"query-input\":\"required name=search_term_string\"}],\"inLanguage\":\"es\"},{\"@type\":\"Organization\",\"@id\":\"https:\/\/madeinzaragoza.es\/blog\/#organization\",\"name\":\"Made In Zaragoza\",\"url\":\"https:\/\/madeinzaragoza.es\/blog\/\",\"sameAs\":[\"https:\/\/www.instagram.com\/madeinzaragoza.es\/\",\"https:\/\/www.facebook.com\/madeinzaragoza.es\/\",\"https:\/\/twitter.com\/madeinzaragoza\"],\"logo\":{\"@type\":\"ImageObject\",\"inLanguage\":\"es\",\"@id\":\"https:\/\/madeinzaragoza.es\/blog\/#\/schema\/logo\/image\/\",\"url\":\"https:\/\/madeinzaragoza.es\/blog\/wp-content\/uploads\/2022\/05\/logo.png\",\"contentUrl\":\"https:\/\/madeinzaragoza.es\/blog\/wp-content\/uploads\/2022\/05\/logo.png\",\"width\":193,\"height\":176,\"caption\":\"Made In Zaragoza\"},\"image\":{\"@id\":\"https:\/\/madeinzaragoza.es\/blog\/#\/schema\/logo\/image\/\"}},{\"@type\":\"Person\",\"@id\":\"https:\/\/madeinzaragoza.es\/blog\/#\/schema\/person\/fd836a8fe1177b6200bc8deffc3ad342\",\"name\":\"Sergio Sevilla\",\"image\":{\"@type\":\"ImageObject\",\"inLanguage\":\"es\",\"@id\":\"https:\/\/madeinzaragoza.es\/blog\/#\/schema\/person\/image\/\",\"url\":\"https:\/\/secure.gravatar.com\/avatar\/4a59e3901b7e749c4e3750c4fd5d0b43?s=96&d=mm&r=g\",\"contentUrl\":\"https:\/\/secure.gravatar.com\/avatar\/4a59e3901b7e749c4e3750c4fd5d0b43?s=96&d=mm&r=g\",\"caption\":\"Sergio Sevilla\"},\"description\":\"Gesti\u00f3n e Innovaci\u00f3n cultural (I+C) Mi trabajo se basa en la b\u00fasqueda de conexiones culturales en espacios de tr\u00e1nsito. Soy director y programador de proyectos culturales. He coordinado el espacio C\u00f3rner MIZ de Made in Zaragoza y, en la actualidad, me dedico a investigar, documentar y poner en valor el muralismo cer\u00e1mico de los a\u00f1os 60, 70 y 80 de Zaragoza y su relaci\u00f3n con los entornos arquitect\u00f3nicos y decorativos de la \u00e9poca. Descubre el perfil de @ZaragozaModerna en Instagram. Take a walk on the Art side.\",\"sameAs\":[\"zarayorkers\",\"@zaragozamoderna\",\"\/sergiosevillatabernero\"],\"url\":\"https:\/\/madeinzaragoza.es\/blog\/author\/sergiosevilla\/\"}]}<\/script>\n<!-- \/ Yoast SEO plugin. -->","yoast_head_json":{"title":"David Guirao en el Armadillo Ilustrado - Made in Zaragoza","robots":{"index":"index","follow":"follow","max-snippet":"max-snippet:-1","max-image-preview":"max-image-preview:large","max-video-preview":"max-video-preview:-1"},"canonical":"https:\/\/madeinzaragoza.es\/blog\/david-guirao-armadillo-ilustrado\/","og_locale":"es_ES","og_type":"article","og_title":"David Guirao en el Armadillo Ilustrado - Made in Zaragoza","og_description":"Hemos pasado por la estupenda libreria gr\u00e1fica El Armadillo Ilustrado (Las Armas, 74) para encontrarnos de nuevo con la maravillosa obra del ilustrador David Guirao. Y es que en esta libreria y desde el pasado d\u00eda 7 de enero, se ha realizado una exposici\u00f3n de ilustraciones del artista, una muestra donde se puede ver algunos &hellip; Continuar leyendo \"David Guirao en el Armadillo Ilustrado\"","og_url":"https:\/\/madeinzaragoza.es\/blog\/david-guirao-armadillo-ilustrado\/","og_site_name":"Made in Zaragoza","article_publisher":"https:\/\/www.facebook.com\/madeinzaragoza.es\/","article_author":"zarayorkers","article_published_time":"2017-01-14T08:31:41+00:00","article_modified_time":"2017-05-07T09:47:16+00:00","og_image":[{"width":1000,"height":654,"url":"https:\/\/madeinzaragoza.es\/blog\/wp-content\/uploads\/2017\/01\/portada-1.jpg","type":"image\/jpeg"}],"author":"Sergio Sevilla","twitter_card":"summary","twitter_creator":"@madeinzaragoza","twitter_site":"@madeinzaragoza","twitter_misc":{"Escrito por":"Sergio Sevilla","Tiempo de lectura":"3 minutos"},"schema":{"@context":"https:\/\/schema.org","@graph":[{"@type":"Article","@id":"https:\/\/madeinzaragoza.es\/blog\/david-guirao-armadillo-ilustrado\/#article","isPartOf":{"@id":"https:\/\/madeinzaragoza.es\/blog\/david-guirao-armadillo-ilustrado\/"},"author":{"name":"Sergio Sevilla","@id":"https:\/\/madeinzaragoza.es\/blog\/#\/schema\/person\/fd836a8fe1177b6200bc8deffc3ad342"},"headline":"David Guirao en el Armadillo Ilustrado","datePublished":"2017-01-14T08:31:41+00:00","dateModified":"2017-05-07T09:47:16+00:00","mainEntityOfPage":{"@id":"https:\/\/madeinzaragoza.es\/blog\/david-guirao-armadillo-ilustrado\/"},"wordCount":541,"commentCount":0,"publisher":{"@id":"https:\/\/madeinzaragoza.es\/blog\/#organization"},"keywords":["David Guirao","el armadillo ilustrado","ilustracion"],"articleSection":["Cultura"],"inLanguage":"es","potentialAction":[{"@type":"CommentAction","name":"Comment","target":["https:\/\/madeinzaragoza.es\/blog\/david-guirao-armadillo-ilustrado\/#respond"]}]},{"@type":"WebPage","@id":"https:\/\/madeinzaragoza.es\/blog\/david-guirao-armadillo-ilustrado\/","url":"https:\/\/madeinzaragoza.es\/blog\/david-guirao-armadillo-ilustrado\/","name":"David Guirao en el Armadillo Ilustrado - Made in Zaragoza","isPartOf":{"@id":"https:\/\/madeinzaragoza.es\/blog\/#website"},"datePublished":"2017-01-14T08:31:41+00:00","dateModified":"2017-05-07T09:47:16+00:00","breadcrumb":{"@id":"https:\/\/madeinzaragoza.es\/blog\/david-guirao-armadillo-ilustrado\/#breadcrumb"},"inLanguage":"es","potentialAction":[{"@type":"ReadAction","target":["https:\/\/madeinzaragoza.es\/blog\/david-guirao-armadillo-ilustrado\/"]}]},{"@type":"BreadcrumbList","@id":"https:\/\/madeinzaragoza.es\/blog\/david-guirao-armadillo-ilustrado\/#breadcrumb","itemListElement":[{"@type":"ListItem","position":1,"name":"Portada","item":"https:\/\/madeinzaragoza.es\/blog\/"},{"@type":"ListItem","position":2,"name":"David Guirao en el Armadillo Ilustrado"}]},{"@type":"WebSite","@id":"https:\/\/madeinzaragoza.es\/blog\/#website","url":"https:\/\/madeinzaragoza.es\/blog\/","name":"Made in Zaragoza","description":"Blog de MadeinZGZ, Red de Econom\u00eda Creativa de Zaragoza","publisher":{"@id":"https:\/\/madeinzaragoza.es\/blog\/#organization"},"potentialAction":[{"@type":"SearchAction","target":{"@type":"EntryPoint","urlTemplate":"https:\/\/madeinzaragoza.es\/blog\/?s={search_term_string}"},"query-input":"required name=search_term_string"}],"inLanguage":"es"},{"@type":"Organization","@id":"https:\/\/madeinzaragoza.es\/blog\/#organization","name":"Made In Zaragoza","url":"https:\/\/madeinzaragoza.es\/blog\/","sameAs":["https:\/\/www.instagram.com\/madeinzaragoza.es\/","https:\/\/www.facebook.com\/madeinzaragoza.es\/","https:\/\/twitter.com\/madeinzaragoza"],"logo":{"@type":"ImageObject","inLanguage":"es","@id":"https:\/\/madeinzaragoza.es\/blog\/#\/schema\/logo\/image\/","url":"https:\/\/madeinzaragoza.es\/blog\/wp-content\/uploads\/2022\/05\/logo.png","contentUrl":"https:\/\/madeinzaragoza.es\/blog\/wp-content\/uploads\/2022\/05\/logo.png","width":193,"height":176,"caption":"Made In Zaragoza"},"image":{"@id":"https:\/\/madeinzaragoza.es\/blog\/#\/schema\/logo\/image\/"}},{"@type":"Person","@id":"https:\/\/madeinzaragoza.es\/blog\/#\/schema\/person\/fd836a8fe1177b6200bc8deffc3ad342","name":"Sergio Sevilla","image":{"@type":"ImageObject","inLanguage":"es","@id":"https:\/\/madeinzaragoza.es\/blog\/#\/schema\/person\/image\/","url":"https:\/\/secure.gravatar.com\/avatar\/4a59e3901b7e749c4e3750c4fd5d0b43?s=96&d=mm&r=g","contentUrl":"https:\/\/secure.gravatar.com\/avatar\/4a59e3901b7e749c4e3750c4fd5d0b43?s=96&d=mm&r=g","caption":"Sergio Sevilla"},"description":"Gesti\u00f3n e Innovaci\u00f3n cultural (I+C) Mi trabajo se basa en la b\u00fasqueda de conexiones culturales en espacios de tr\u00e1nsito. Soy director y programador de proyectos culturales. He coordinado el espacio C\u00f3rner MIZ de Made in Zaragoza y, en la actualidad, me dedico a investigar, documentar y poner en valor el muralismo cer\u00e1mico de los a\u00f1os 60, 70 y 80 de Zaragoza y su relaci\u00f3n con los entornos arquitect\u00f3nicos y decorativos de la \u00e9poca. Descubre el perfil de @ZaragozaModerna en Instagram. Take a walk on the Art side.","sameAs":["zarayorkers","@zaragozamoderna","\/sergiosevillatabernero"],"url":"https:\/\/madeinzaragoza.es\/blog\/author\/sergiosevilla\/"}]}},"_links":{"self":[{"href":"https:\/\/madeinzaragoza.es\/blog\/wp-json\/wp\/v2\/posts\/14040"}],"collection":[{"href":"https:\/\/madeinzaragoza.es\/blog\/wp-json\/wp\/v2\/posts"}],"about":[{"href":"https:\/\/madeinzaragoza.es\/blog\/wp-json\/wp\/v2\/types\/post"}],"author":[{"embeddable":true,"href":"https:\/\/madeinzaragoza.es\/blog\/wp-json\/wp\/v2\/users\/36"}],"replies":[{"embeddable":true,"href":"https:\/\/madeinzaragoza.es\/blog\/wp-json\/wp\/v2\/comments?post=14040"}],"version-history":[{"count":10,"href":"https:\/\/madeinzaragoza.es\/blog\/wp-json\/wp\/v2\/posts\/14040\/revisions"}],"predecessor-version":[{"id":15254,"href":"https:\/\/madeinzaragoza.es\/blog\/wp-json\/wp\/v2\/posts\/14040\/revisions\/15254"}],"wp:featuredmedia":[{"embeddable":true,"href":"https:\/\/madeinzaragoza.es\/blog\/wp-json\/wp\/v2\/media\/14047"}],"wp:attachment":[{"href":"https:\/\/madeinzaragoza.es\/blog\/wp-json\/wp\/v2\/media?parent=14040"}],"wp:term":[{"taxonomy":"category","embeddable":true,"href":"https:\/\/madeinzaragoza.es\/blog\/wp-json\/wp\/v2\/categories?post=14040"},{"taxonomy":"post_tag","embeddable":true,"href":"https:\/\/madeinzaragoza.es\/blog\/wp-json\/wp\/v2\/tags?post=14040"}],"curies":[{"name":"wp","href":"https:\/\/api.w.org\/{rel}","templated":true}]}}