{"id":11431,"date":"2016-05-08T20:17:07","date_gmt":"2016-05-08T19:17:07","guid":{"rendered":"http:\/\/madeinzaragoza.es\/blog\/?p=11431"},"modified":"2016-05-09T08:00:30","modified_gmt":"2016-05-09T07:00:30","slug":"esculturas-digitales-venus-del-hashtag","status":"publish","type":"post","link":"https:\/\/madeinzaragoza.es\/blog\/esculturas-digitales-venus-del-hashtag\/","title":{"rendered":"Esculturas digitales: descomposici\u00f3n y recomposici\u00f3n de la Venus del hashtag"},"content":{"rendered":"<h3><strong>Objeto de Deseo II: \u00abHashtag Venus\u00bb de Miguel Frago<\/strong><\/h3>\n<p style=\"text-align: justify;\">Como ya vimos, la <a href=\"http:\/\/madeinzaragoza.es\/blog\/hashtag-venus\/\" target=\"_blank\">intervenci\u00f3n<\/a> que <strong>Miguel Frago<\/strong> ha realizado en el espacio <strong>C\u00f3rner MIZ<\/strong>, es un juego de s\u00edmbolos cl\u00e1sicos y actuales combinados dando como resultado una maravillosa obra pl\u00e1stica que representa a la <strong><em>\u00abVenus del Hashtag\u00bb<\/em><\/strong>.<\/p>\n<p style=\"text-align: justify;\">En el siguiente video, Miguel Frago nos habla de su obra, de c\u00f3mo la ha realizado y de todos sus significados.<\/p>\n<p><iframe loading=\"lazy\" width=\"840\" height=\"473\" src=\"https:\/\/www.youtube.com\/embed\/pNEydBJ62PQ?feature=oembed\" frameborder=\"0\" allowfullscreen><\/iframe><\/p>\n<p style=\"text-align: justify;\">El juego de s\u00edmbolos y conceptos que ha realizado Miguel en esta intervenci\u00f3n es un juego tambi\u00e9n en la producci\u00f3n de la propia obra. El artista invierte la producci\u00f3n de cada uno de los s\u00edmbolos: la escultura cl\u00e1sica de la <strong>&#8216;Venus de Milo&#8217;<\/strong> realizada originariamente en m\u00e1rmol en este caso aparece impresa (gracias a una gran impresora de una empresa de artes gr\u00e1ficas) a partir de una matriz digital sobre la pieza textil y el t\u00e9rmino <strong>&#8216;Hashtag&#8217;<\/strong> que es digital e inmaterial en su origen, aparece bordado con hilo dorado obteniendo un car\u00e1cter f\u00edsico (contrario a su naturaleza).<\/p>\n<p style=\"text-align: justify;\"><a href=\"http:\/\/madeinzaragoza.es\/blog\/wp-content\/uploads\/2016\/05\/IMG_8243.jpg\"><img loading=\"lazy\" decoding=\"async\" class=\"aligncenter size-full wp-image-11432\" src=\"http:\/\/madeinzaragoza.es\/blog\/wp-content\/uploads\/2016\/05\/IMG_8243.jpg\" alt=\"IMG_8243\" width=\"625\" height=\"415\" srcset=\"https:\/\/madeinzaragoza.es\/blog\/wp-content\/uploads\/2016\/05\/IMG_8243.jpg 625w, https:\/\/madeinzaragoza.es\/blog\/wp-content\/uploads\/2016\/05\/IMG_8243-300x199.jpg 300w, https:\/\/madeinzaragoza.es\/blog\/wp-content\/uploads\/2016\/05\/IMG_8243-163x109.jpg 163w, https:\/\/madeinzaragoza.es\/blog\/wp-content\/uploads\/2016\/05\/IMG_8243-105x70.jpg 105w, https:\/\/madeinzaragoza.es\/blog\/wp-content\/uploads\/2016\/05\/IMG_8243-180x119.jpg 180w, https:\/\/madeinzaragoza.es\/blog\/wp-content\/uploads\/2016\/05\/IMG_8243-350x232.jpg 350w\" sizes=\"(max-width: 709px) 85vw, (max-width: 909px) 67vw, (max-width: 984px) 61vw, (max-width: 1362px) 45vw, 600px\" \/><\/a><\/p>\n<p><a href=\"http:\/\/madeinzaragoza.es\/blog\/wp-content\/uploads\/2016\/05\/2.jpg\"><img loading=\"lazy\" decoding=\"async\" class=\"aligncenter size-full wp-image-11433\" src=\"http:\/\/madeinzaragoza.es\/blog\/wp-content\/uploads\/2016\/05\/2.jpg\" alt=\"2\" width=\"625\" height=\"179\" srcset=\"https:\/\/madeinzaragoza.es\/blog\/wp-content\/uploads\/2016\/05\/2.jpg 625w, https:\/\/madeinzaragoza.es\/blog\/wp-content\/uploads\/2016\/05\/2-300x85.jpg 300w, https:\/\/madeinzaragoza.es\/blog\/wp-content\/uploads\/2016\/05\/2-180x51.jpg 180w, https:\/\/madeinzaragoza.es\/blog\/wp-content\/uploads\/2016\/05\/2-350x100.jpg 350w\" sizes=\"(max-width: 709px) 85vw, (max-width: 909px) 67vw, (max-width: 984px) 61vw, (max-width: 1362px) 45vw, 600px\" \/><\/a><\/p>\n<p style=\"text-align: justify;\">La instalaci\u00f3n que es de car\u00e1cter interactivo, adem\u00e1s de la pieza central de la Venus, tiene un doble panel que Miguel ha desarrollado para que la gente que pase por este <em>espacio de tr\u00e1nsito<\/em> pueda jugar con la obra, formando parte de ella y de su significado. En el primer panel, Miguel Frago ha descompuesto la imagen de la venus cl\u00e1sica en una cuadr\u00edcula formada por nueve campos en los que aparece la venus desordenada. El visitante debe fotografiar bajo un orden determinado cada uno de los fragmentos y publicarlos en Instagram con el hashtag venus (<em><strong>#venus<\/strong><\/em>). Al momento y en tiempo real, aparecen publicados en la pantalla que forma parte de la instalaci\u00f3n, recomponi\u00e9ndose -esculpiendo- de nuevo la imagen de la &#8216;Venus de Milo&#8217;. Este proceso de publicaci\u00f3n de las fotograf\u00edas es en realidad un proceso de esulpido digital.<\/p>\n<p><a href=\"http:\/\/madeinzaragoza.es\/blog\/wp-content\/uploads\/2016\/05\/3.jpg\"><img loading=\"lazy\" decoding=\"async\" class=\"aligncenter size-full wp-image-11438\" src=\"http:\/\/madeinzaragoza.es\/blog\/wp-content\/uploads\/2016\/05\/3.jpg\" alt=\"3\" width=\"625\" height=\"230\" srcset=\"https:\/\/madeinzaragoza.es\/blog\/wp-content\/uploads\/2016\/05\/3.jpg 625w, https:\/\/madeinzaragoza.es\/blog\/wp-content\/uploads\/2016\/05\/3-300x110.jpg 300w, https:\/\/madeinzaragoza.es\/blog\/wp-content\/uploads\/2016\/05\/3-180x66.jpg 180w, https:\/\/madeinzaragoza.es\/blog\/wp-content\/uploads\/2016\/05\/3-350x128.jpg 350w\" sizes=\"(max-width: 709px) 85vw, (max-width: 909px) 67vw, (max-width: 984px) 61vw, (max-width: 1362px) 45vw, 600px\" \/><\/a><\/p>\n<p style=\"text-align: justify;\">De este modo, con un smartphone y de forma inmediata nos convertimos en escultores digitales recomponiendo la imagen en Internet de la Venus de Milo. Un proceso escult\u00f3rico sujeto al azar y al significado que otras personas en cualquier parte del mundo den tambi\u00e9n al t\u00e9rmino \u00abvenus\u00bb al publicarlas de forma simult\u00e1nea en Instagram. En este proceso de recomposici\u00f3n escult\u00f3rica se pueden mezclar las partes de la venus con otras im\u00e1gnes etiquetadas que al momento y de forma\u00a0 casual entran a formar parte de nuestra escultura digital, creando <strong>esculturas h\u00edbridas<\/strong>.<\/p>\n<figure id=\"attachment_11435\" aria-describedby=\"caption-attachment-11435\" style=\"width: 625px\" class=\"wp-caption aligncenter\"><a href=\"http:\/\/madeinzaragoza.es\/blog\/wp-content\/uploads\/2016\/05\/venus.jpg\"><img loading=\"lazy\" decoding=\"async\" class=\"wp-image-11435 size-full\" src=\"http:\/\/madeinzaragoza.es\/blog\/wp-content\/uploads\/2016\/05\/venus.jpg\" alt=\"#venus\" width=\"625\" height=\"312\" srcset=\"https:\/\/madeinzaragoza.es\/blog\/wp-content\/uploads\/2016\/05\/venus.jpg 625w, https:\/\/madeinzaragoza.es\/blog\/wp-content\/uploads\/2016\/05\/venus-300x149.jpg 300w, https:\/\/madeinzaragoza.es\/blog\/wp-content\/uploads\/2016\/05\/venus-180x89.jpg 180w, https:\/\/madeinzaragoza.es\/blog\/wp-content\/uploads\/2016\/05\/venus-350x174.jpg 350w\" sizes=\"(max-width: 709px) 85vw, (max-width: 909px) 67vw, (max-width: 984px) 61vw, (max-width: 1362px) 45vw, 600px\" \/><\/a><figcaption id=\"caption-attachment-11435\" class=\"wp-caption-text\">Esculturas digitales <em>#Venus<\/em> en Instagram<\/figcaption><\/figure>\n<p style=\"text-align: justify;\">La instalaci\u00f3n interactiva de Miguel Frago nos espera en Zaragoza Activa (La Azucarera) para dejarnos ser escultores digitales hasta el pr\u00f3ximo d\u00eda 20 de mayo. Durante este tiempo todos podemos jugar con la imagen, la escultura y la obra de Miguel para sorprendernos y analizar el concepto cl\u00e1sico de escultura tradicional al que el artista le ha dado un vuelta de tuerca.<\/p>\n<p style=\"text-align: justify;\"><span style=\"color: #333333;\"><em>Fotograf\u00edas: Miguel Frago, zarayorkers y Fotjomard.<\/em><\/span><\/p>\n","protected":false},"excerpt":{"rendered":"<p>Objeto de Deseo II: \u00abHashtag Venus\u00bb de Miguel Frago Como ya vimos, la intervenci\u00f3n que Miguel Frago ha realizado en el espacio C\u00f3rner MIZ, es un juego de s\u00edmbolos cl\u00e1sicos y actuales combinados dando como resultado una maravillosa obra pl\u00e1stica que representa a la \u00abVenus del Hashtag\u00bb. En el siguiente video, Miguel Frago nos habla &hellip; <a href=\"https:\/\/madeinzaragoza.es\/blog\/esculturas-digitales-venus-del-hashtag\/\" class=\"more-link\">Continuar leyendo<span class=\"screen-reader-text\"> \u00abEsculturas digitales: descomposici\u00f3n y recomposici\u00f3n de la Venus del hashtag\u00bb<\/span><\/a><\/p>\n","protected":false},"author":36,"featured_media":11460,"comment_status":"open","ping_status":"closed","sticky":false,"template":"","format":"standard","meta":{"footnotes":""},"categories":[831,829],"tags":[834,945,1073,1235,1028,1024],"yoast_head":"<!-- This site is optimized with the Yoast SEO plugin v19.7.2 - https:\/\/yoast.com\/wordpress\/plugins\/seo\/ -->\n<title>Esculturas digitales: descomposici\u00f3n y recomposici\u00f3n de la Venus del hashtag - Made in Zaragoza<\/title>\n<meta name=\"robots\" content=\"index, follow, max-snippet:-1, max-image-preview:large, max-video-preview:-1\" \/>\n<link rel=\"canonical\" href=\"https:\/\/madeinzaragoza.es\/blog\/esculturas-digitales-venus-del-hashtag\/\" \/>\n<meta property=\"og:locale\" content=\"es_ES\" \/>\n<meta property=\"og:type\" content=\"article\" \/>\n<meta property=\"og:title\" content=\"Esculturas digitales: descomposici\u00f3n y recomposici\u00f3n de la Venus del hashtag - Made in Zaragoza\" \/>\n<meta property=\"og:description\" content=\"Objeto de Deseo II: \u00abHashtag Venus\u00bb de Miguel Frago Como ya vimos, la intervenci\u00f3n que Miguel Frago ha realizado en el espacio C\u00f3rner MIZ, es un juego de s\u00edmbolos cl\u00e1sicos y actuales combinados dando como resultado una maravillosa obra pl\u00e1stica que representa a la \u00abVenus del Hashtag\u00bb. En el siguiente video, Miguel Frago nos habla &hellip; Continuar leyendo &quot;Esculturas digitales: descomposici\u00f3n y recomposici\u00f3n de la Venus del hashtag&quot;\" \/>\n<meta property=\"og:url\" content=\"https:\/\/madeinzaragoza.es\/blog\/esculturas-digitales-venus-del-hashtag\/\" \/>\n<meta property=\"og:site_name\" content=\"Made in Zaragoza\" \/>\n<meta property=\"article:publisher\" content=\"https:\/\/www.facebook.com\/madeinzaragoza.es\/\" \/>\n<meta property=\"article:author\" content=\"zarayorkers\" \/>\n<meta property=\"article:published_time\" content=\"2016-05-08T19:17:07+00:00\" \/>\n<meta property=\"article:modified_time\" content=\"2016-05-09T07:00:30+00:00\" \/>\n<meta property=\"og:image\" content=\"https:\/\/madeinzaragoza.es\/blog\/wp-content\/uploads\/2016\/05\/portada.jpg\" \/>\n\t<meta property=\"og:image:width\" content=\"650\" \/>\n\t<meta property=\"og:image:height\" content=\"280\" \/>\n\t<meta property=\"og:image:type\" content=\"image\/jpeg\" \/>\n<meta name=\"author\" content=\"Sergio Sevilla\" \/>\n<meta name=\"twitter:card\" content=\"summary\" \/>\n<meta name=\"twitter:creator\" content=\"@madeinzaragoza\" \/>\n<meta name=\"twitter:site\" content=\"@madeinzaragoza\" \/>\n<meta name=\"twitter:label1\" content=\"Escrito por\" \/>\n\t<meta name=\"twitter:data1\" content=\"Sergio Sevilla\" \/>\n\t<meta name=\"twitter:label2\" content=\"Tiempo de lectura\" \/>\n\t<meta name=\"twitter:data2\" content=\"3 minutos\" \/>\n<script type=\"application\/ld+json\" class=\"yoast-schema-graph\">{\"@context\":\"https:\/\/schema.org\",\"@graph\":[{\"@type\":\"Article\",\"@id\":\"https:\/\/madeinzaragoza.es\/blog\/esculturas-digitales-venus-del-hashtag\/#article\",\"isPartOf\":{\"@id\":\"https:\/\/madeinzaragoza.es\/blog\/esculturas-digitales-venus-del-hashtag\/\"},\"author\":{\"name\":\"Sergio Sevilla\",\"@id\":\"https:\/\/madeinzaragoza.es\/blog\/#\/schema\/person\/fd836a8fe1177b6200bc8deffc3ad342\"},\"headline\":\"Esculturas digitales: descomposici\u00f3n y recomposici\u00f3n de la Venus del hashtag\",\"datePublished\":\"2016-05-08T19:17:07+00:00\",\"dateModified\":\"2016-05-09T07:00:30+00:00\",\"mainEntityOfPage\":{\"@id\":\"https:\/\/madeinzaragoza.es\/blog\/esculturas-digitales-venus-del-hashtag\/\"},\"wordCount\":533,\"commentCount\":0,\"publisher\":{\"@id\":\"https:\/\/madeinzaragoza.es\/blog\/#organization\"},\"keywords\":[\"Corner MIZ\",\"intervenci\u00f3n\",\"intervenci\u00f3n ef\u00edmera\",\"Miguel Frago\",\"Sergio Sevilla\",\"zarayorkers\"],\"articleSection\":[\"CornerMIZ\",\"Cultura\"],\"inLanguage\":\"es\",\"potentialAction\":[{\"@type\":\"CommentAction\",\"name\":\"Comment\",\"target\":[\"https:\/\/madeinzaragoza.es\/blog\/esculturas-digitales-venus-del-hashtag\/#respond\"]}]},{\"@type\":\"WebPage\",\"@id\":\"https:\/\/madeinzaragoza.es\/blog\/esculturas-digitales-venus-del-hashtag\/\",\"url\":\"https:\/\/madeinzaragoza.es\/blog\/esculturas-digitales-venus-del-hashtag\/\",\"name\":\"Esculturas digitales: descomposici\u00f3n y recomposici\u00f3n de la Venus del hashtag - Made in Zaragoza\",\"isPartOf\":{\"@id\":\"https:\/\/madeinzaragoza.es\/blog\/#website\"},\"datePublished\":\"2016-05-08T19:17:07+00:00\",\"dateModified\":\"2016-05-09T07:00:30+00:00\",\"breadcrumb\":{\"@id\":\"https:\/\/madeinzaragoza.es\/blog\/esculturas-digitales-venus-del-hashtag\/#breadcrumb\"},\"inLanguage\":\"es\",\"potentialAction\":[{\"@type\":\"ReadAction\",\"target\":[\"https:\/\/madeinzaragoza.es\/blog\/esculturas-digitales-venus-del-hashtag\/\"]}]},{\"@type\":\"BreadcrumbList\",\"@id\":\"https:\/\/madeinzaragoza.es\/blog\/esculturas-digitales-venus-del-hashtag\/#breadcrumb\",\"itemListElement\":[{\"@type\":\"ListItem\",\"position\":1,\"name\":\"Portada\",\"item\":\"https:\/\/madeinzaragoza.es\/blog\/\"},{\"@type\":\"ListItem\",\"position\":2,\"name\":\"Esculturas digitales: descomposici\u00f3n y recomposici\u00f3n de la Venus del hashtag\"}]},{\"@type\":\"WebSite\",\"@id\":\"https:\/\/madeinzaragoza.es\/blog\/#website\",\"url\":\"https:\/\/madeinzaragoza.es\/blog\/\",\"name\":\"Made in Zaragoza\",\"description\":\"Blog de MadeinZGZ, Red de Econom\u00eda Creativa de Zaragoza\",\"publisher\":{\"@id\":\"https:\/\/madeinzaragoza.es\/blog\/#organization\"},\"potentialAction\":[{\"@type\":\"SearchAction\",\"target\":{\"@type\":\"EntryPoint\",\"urlTemplate\":\"https:\/\/madeinzaragoza.es\/blog\/?s={search_term_string}\"},\"query-input\":\"required name=search_term_string\"}],\"inLanguage\":\"es\"},{\"@type\":\"Organization\",\"@id\":\"https:\/\/madeinzaragoza.es\/blog\/#organization\",\"name\":\"Made In Zaragoza\",\"url\":\"https:\/\/madeinzaragoza.es\/blog\/\",\"sameAs\":[\"https:\/\/www.instagram.com\/madeinzaragoza.es\/\",\"https:\/\/www.facebook.com\/madeinzaragoza.es\/\",\"https:\/\/twitter.com\/madeinzaragoza\"],\"logo\":{\"@type\":\"ImageObject\",\"inLanguage\":\"es\",\"@id\":\"https:\/\/madeinzaragoza.es\/blog\/#\/schema\/logo\/image\/\",\"url\":\"https:\/\/madeinzaragoza.es\/blog\/wp-content\/uploads\/2022\/05\/logo.png\",\"contentUrl\":\"https:\/\/madeinzaragoza.es\/blog\/wp-content\/uploads\/2022\/05\/logo.png\",\"width\":193,\"height\":176,\"caption\":\"Made In Zaragoza\"},\"image\":{\"@id\":\"https:\/\/madeinzaragoza.es\/blog\/#\/schema\/logo\/image\/\"}},{\"@type\":\"Person\",\"@id\":\"https:\/\/madeinzaragoza.es\/blog\/#\/schema\/person\/fd836a8fe1177b6200bc8deffc3ad342\",\"name\":\"Sergio Sevilla\",\"image\":{\"@type\":\"ImageObject\",\"inLanguage\":\"es\",\"@id\":\"https:\/\/madeinzaragoza.es\/blog\/#\/schema\/person\/image\/\",\"url\":\"https:\/\/secure.gravatar.com\/avatar\/4a59e3901b7e749c4e3750c4fd5d0b43?s=96&d=mm&r=g\",\"contentUrl\":\"https:\/\/secure.gravatar.com\/avatar\/4a59e3901b7e749c4e3750c4fd5d0b43?s=96&d=mm&r=g\",\"caption\":\"Sergio Sevilla\"},\"description\":\"Gesti\u00f3n e Innovaci\u00f3n cultural (I+C) Mi trabajo se basa en la b\u00fasqueda de conexiones culturales en espacios de tr\u00e1nsito. Soy director y programador de proyectos culturales. He coordinado el espacio C\u00f3rner MIZ de Made in Zaragoza y, en la actualidad, me dedico a investigar, documentar y poner en valor el muralismo cer\u00e1mico de los a\u00f1os 60, 70 y 80 de Zaragoza y su relaci\u00f3n con los entornos arquitect\u00f3nicos y decorativos de la \u00e9poca. Descubre el perfil de @ZaragozaModerna en Instagram. Take a walk on the Art side.\",\"sameAs\":[\"zarayorkers\",\"@zaragozamoderna\",\"\/sergiosevillatabernero\"],\"url\":\"https:\/\/madeinzaragoza.es\/blog\/author\/sergiosevilla\/\"}]}<\/script>\n<!-- \/ Yoast SEO plugin. -->","yoast_head_json":{"title":"Esculturas digitales: descomposici\u00f3n y recomposici\u00f3n de la Venus del hashtag - Made in Zaragoza","robots":{"index":"index","follow":"follow","max-snippet":"max-snippet:-1","max-image-preview":"max-image-preview:large","max-video-preview":"max-video-preview:-1"},"canonical":"https:\/\/madeinzaragoza.es\/blog\/esculturas-digitales-venus-del-hashtag\/","og_locale":"es_ES","og_type":"article","og_title":"Esculturas digitales: descomposici\u00f3n y recomposici\u00f3n de la Venus del hashtag - Made in Zaragoza","og_description":"Objeto de Deseo II: \u00abHashtag Venus\u00bb de Miguel Frago Como ya vimos, la intervenci\u00f3n que Miguel Frago ha realizado en el espacio C\u00f3rner MIZ, es un juego de s\u00edmbolos cl\u00e1sicos y actuales combinados dando como resultado una maravillosa obra pl\u00e1stica que representa a la \u00abVenus del Hashtag\u00bb. En el siguiente video, Miguel Frago nos habla &hellip; Continuar leyendo \"Esculturas digitales: descomposici\u00f3n y recomposici\u00f3n de la Venus del hashtag\"","og_url":"https:\/\/madeinzaragoza.es\/blog\/esculturas-digitales-venus-del-hashtag\/","og_site_name":"Made in Zaragoza","article_publisher":"https:\/\/www.facebook.com\/madeinzaragoza.es\/","article_author":"zarayorkers","article_published_time":"2016-05-08T19:17:07+00:00","article_modified_time":"2016-05-09T07:00:30+00:00","og_image":[{"width":650,"height":280,"url":"https:\/\/madeinzaragoza.es\/blog\/wp-content\/uploads\/2016\/05\/portada.jpg","type":"image\/jpeg"}],"author":"Sergio Sevilla","twitter_card":"summary","twitter_creator":"@madeinzaragoza","twitter_site":"@madeinzaragoza","twitter_misc":{"Escrito por":"Sergio Sevilla","Tiempo de lectura":"3 minutos"},"schema":{"@context":"https:\/\/schema.org","@graph":[{"@type":"Article","@id":"https:\/\/madeinzaragoza.es\/blog\/esculturas-digitales-venus-del-hashtag\/#article","isPartOf":{"@id":"https:\/\/madeinzaragoza.es\/blog\/esculturas-digitales-venus-del-hashtag\/"},"author":{"name":"Sergio Sevilla","@id":"https:\/\/madeinzaragoza.es\/blog\/#\/schema\/person\/fd836a8fe1177b6200bc8deffc3ad342"},"headline":"Esculturas digitales: descomposici\u00f3n y recomposici\u00f3n de la Venus del hashtag","datePublished":"2016-05-08T19:17:07+00:00","dateModified":"2016-05-09T07:00:30+00:00","mainEntityOfPage":{"@id":"https:\/\/madeinzaragoza.es\/blog\/esculturas-digitales-venus-del-hashtag\/"},"wordCount":533,"commentCount":0,"publisher":{"@id":"https:\/\/madeinzaragoza.es\/blog\/#organization"},"keywords":["Corner MIZ","intervenci\u00f3n","intervenci\u00f3n ef\u00edmera","Miguel Frago","Sergio Sevilla","zarayorkers"],"articleSection":["CornerMIZ","Cultura"],"inLanguage":"es","potentialAction":[{"@type":"CommentAction","name":"Comment","target":["https:\/\/madeinzaragoza.es\/blog\/esculturas-digitales-venus-del-hashtag\/#respond"]}]},{"@type":"WebPage","@id":"https:\/\/madeinzaragoza.es\/blog\/esculturas-digitales-venus-del-hashtag\/","url":"https:\/\/madeinzaragoza.es\/blog\/esculturas-digitales-venus-del-hashtag\/","name":"Esculturas digitales: descomposici\u00f3n y recomposici\u00f3n de la Venus del hashtag - Made in Zaragoza","isPartOf":{"@id":"https:\/\/madeinzaragoza.es\/blog\/#website"},"datePublished":"2016-05-08T19:17:07+00:00","dateModified":"2016-05-09T07:00:30+00:00","breadcrumb":{"@id":"https:\/\/madeinzaragoza.es\/blog\/esculturas-digitales-venus-del-hashtag\/#breadcrumb"},"inLanguage":"es","potentialAction":[{"@type":"ReadAction","target":["https:\/\/madeinzaragoza.es\/blog\/esculturas-digitales-venus-del-hashtag\/"]}]},{"@type":"BreadcrumbList","@id":"https:\/\/madeinzaragoza.es\/blog\/esculturas-digitales-venus-del-hashtag\/#breadcrumb","itemListElement":[{"@type":"ListItem","position":1,"name":"Portada","item":"https:\/\/madeinzaragoza.es\/blog\/"},{"@type":"ListItem","position":2,"name":"Esculturas digitales: descomposici\u00f3n y recomposici\u00f3n de la Venus del hashtag"}]},{"@type":"WebSite","@id":"https:\/\/madeinzaragoza.es\/blog\/#website","url":"https:\/\/madeinzaragoza.es\/blog\/","name":"Made in Zaragoza","description":"Blog de MadeinZGZ, Red de Econom\u00eda Creativa de Zaragoza","publisher":{"@id":"https:\/\/madeinzaragoza.es\/blog\/#organization"},"potentialAction":[{"@type":"SearchAction","target":{"@type":"EntryPoint","urlTemplate":"https:\/\/madeinzaragoza.es\/blog\/?s={search_term_string}"},"query-input":"required name=search_term_string"}],"inLanguage":"es"},{"@type":"Organization","@id":"https:\/\/madeinzaragoza.es\/blog\/#organization","name":"Made In Zaragoza","url":"https:\/\/madeinzaragoza.es\/blog\/","sameAs":["https:\/\/www.instagram.com\/madeinzaragoza.es\/","https:\/\/www.facebook.com\/madeinzaragoza.es\/","https:\/\/twitter.com\/madeinzaragoza"],"logo":{"@type":"ImageObject","inLanguage":"es","@id":"https:\/\/madeinzaragoza.es\/blog\/#\/schema\/logo\/image\/","url":"https:\/\/madeinzaragoza.es\/blog\/wp-content\/uploads\/2022\/05\/logo.png","contentUrl":"https:\/\/madeinzaragoza.es\/blog\/wp-content\/uploads\/2022\/05\/logo.png","width":193,"height":176,"caption":"Made In Zaragoza"},"image":{"@id":"https:\/\/madeinzaragoza.es\/blog\/#\/schema\/logo\/image\/"}},{"@type":"Person","@id":"https:\/\/madeinzaragoza.es\/blog\/#\/schema\/person\/fd836a8fe1177b6200bc8deffc3ad342","name":"Sergio Sevilla","image":{"@type":"ImageObject","inLanguage":"es","@id":"https:\/\/madeinzaragoza.es\/blog\/#\/schema\/person\/image\/","url":"https:\/\/secure.gravatar.com\/avatar\/4a59e3901b7e749c4e3750c4fd5d0b43?s=96&d=mm&r=g","contentUrl":"https:\/\/secure.gravatar.com\/avatar\/4a59e3901b7e749c4e3750c4fd5d0b43?s=96&d=mm&r=g","caption":"Sergio Sevilla"},"description":"Gesti\u00f3n e Innovaci\u00f3n cultural (I+C) Mi trabajo se basa en la b\u00fasqueda de conexiones culturales en espacios de tr\u00e1nsito. Soy director y programador de proyectos culturales. He coordinado el espacio C\u00f3rner MIZ de Made in Zaragoza y, en la actualidad, me dedico a investigar, documentar y poner en valor el muralismo cer\u00e1mico de los a\u00f1os 60, 70 y 80 de Zaragoza y su relaci\u00f3n con los entornos arquitect\u00f3nicos y decorativos de la \u00e9poca. Descubre el perfil de @ZaragozaModerna en Instagram. Take a walk on the Art side.","sameAs":["zarayorkers","@zaragozamoderna","\/sergiosevillatabernero"],"url":"https:\/\/madeinzaragoza.es\/blog\/author\/sergiosevilla\/"}]}},"_links":{"self":[{"href":"https:\/\/madeinzaragoza.es\/blog\/wp-json\/wp\/v2\/posts\/11431"}],"collection":[{"href":"https:\/\/madeinzaragoza.es\/blog\/wp-json\/wp\/v2\/posts"}],"about":[{"href":"https:\/\/madeinzaragoza.es\/blog\/wp-json\/wp\/v2\/types\/post"}],"author":[{"embeddable":true,"href":"https:\/\/madeinzaragoza.es\/blog\/wp-json\/wp\/v2\/users\/36"}],"replies":[{"embeddable":true,"href":"https:\/\/madeinzaragoza.es\/blog\/wp-json\/wp\/v2\/comments?post=11431"}],"version-history":[{"count":18,"href":"https:\/\/madeinzaragoza.es\/blog\/wp-json\/wp\/v2\/posts\/11431\/revisions"}],"predecessor-version":[{"id":11524,"href":"https:\/\/madeinzaragoza.es\/blog\/wp-json\/wp\/v2\/posts\/11431\/revisions\/11524"}],"wp:featuredmedia":[{"embeddable":true,"href":"https:\/\/madeinzaragoza.es\/blog\/wp-json\/wp\/v2\/media\/11460"}],"wp:attachment":[{"href":"https:\/\/madeinzaragoza.es\/blog\/wp-json\/wp\/v2\/media?parent=11431"}],"wp:term":[{"taxonomy":"category","embeddable":true,"href":"https:\/\/madeinzaragoza.es\/blog\/wp-json\/wp\/v2\/categories?post=11431"},{"taxonomy":"post_tag","embeddable":true,"href":"https:\/\/madeinzaragoza.es\/blog\/wp-json\/wp\/v2\/tags?post=11431"}],"curies":[{"name":"wp","href":"https:\/\/api.w.org\/{rel}","templated":true}]}}