{"id":10965,"date":"2016-03-15T22:16:22","date_gmt":"2016-03-15T21:16:22","guid":{"rendered":"http:\/\/madeinzaragoza.es\/blog\/?p=10965"},"modified":"2016-03-21T13:31:47","modified_gmt":"2016-03-21T12:31:47","slug":"vinetas-en-la-pared-el-proceso-creativo-en-la-obra-de-dani-garcia-nieto","status":"publish","type":"post","link":"https:\/\/madeinzaragoza.es\/blog\/vinetas-en-la-pared-el-proceso-creativo-en-la-obra-de-dani-garcia-nieto\/","title":{"rendered":"Vi\u00f1etas en la pared. El proceso creativo en la obra de Dani Garc\u00eda-Nieto"},"content":{"rendered":"<p><strong>Objeto de Deseo I: Dani Garc\u00eda-Nieto + Malavida.<\/strong><\/p>\n<p style=\"text-align: justify\">En una entrada anterior hablamos sobre la <a href=\"http:\/\/madeinzaragoza.es\/blog\/el-segundo-sexo-en-corner-miz\/\" target=\"_blank\">intervenci\u00f3n <\/a>realizada por <strong>Dani Garc\u00eda-Nieto<\/strong> y el <strong>colectivo Malavida<\/strong> en el espacio <strong>C\u00f3rner MIZ<\/strong> de Zaragoza Activa. Ahora nos centraremos en el proceso creativo de la obra \u00abEl segundo sexo\u00bb realizada por ellos. Ya vimos que la interpretaci\u00f3n que han realizado de la obra de Simone de Beauvoir en C\u00f3rner MIZ estaba compuesta por 18 vi\u00f1etas dibujadas directamente sobre la pared y la frase que resume conceptualmente el ensayo y la intervenci\u00f3n.<\/p>\n<p><a href=\"http:\/\/madeinzaragoza.es\/blog\/wp-content\/uploads\/2016\/03\/1.jpg\"><img loading=\"lazy\" decoding=\"async\" class=\"aligncenter size-full wp-image-10970\" src=\"http:\/\/madeinzaragoza.es\/blog\/wp-content\/uploads\/2016\/03\/1.jpg\" alt=\"1\" width=\"625\" height=\"418\" srcset=\"https:\/\/madeinzaragoza.es\/blog\/wp-content\/uploads\/2016\/03\/1.jpg 625w, https:\/\/madeinzaragoza.es\/blog\/wp-content\/uploads\/2016\/03\/1-300x200.jpg 300w, https:\/\/madeinzaragoza.es\/blog\/wp-content\/uploads\/2016\/03\/1-163x109.jpg 163w, https:\/\/madeinzaragoza.es\/blog\/wp-content\/uploads\/2016\/03\/1-105x70.jpg 105w, https:\/\/madeinzaragoza.es\/blog\/wp-content\/uploads\/2016\/03\/1-180x120.jpg 180w, https:\/\/madeinzaragoza.es\/blog\/wp-content\/uploads\/2016\/03\/1-350x234.jpg 350w\" sizes=\"(max-width: 709px) 85vw, (max-width: 909px) 67vw, (max-width: 984px) 61vw, (max-width: 1362px) 45vw, 600px\" \/><\/a><\/p>\n<p style=\"text-align: justify\">Esta obra proviene del trabajo previo realizado por Dani en su fanzine \u00abEl segundo sexo\u00bb donde interpretaba en un c\u00f3mic de 16 p\u00e1ginas la obra original de Beauvoir. Para su desarrollo y trasposici\u00f3n a la pared, Dani Garc\u00eda-Nieto vuelve a realizar el c\u00f3mic pero esta vez en 18 dibujos sobre papel y ya adaptados al tama\u00f1o real que tendr\u00e1n sobre la pared. Este trabajo lo realiza en su lugar de trabajo habitual, en su mesa de dibujo en su estudio donde tantas vi\u00f1etas ha realizado. Con este trabajo previo realizado en papel, convoca a sus compa\u00f1eros de Malavida y comienza su desarrollo espacial y traslado a la pared.<\/p>\n<figure id=\"attachment_10972\" aria-describedby=\"caption-attachment-10972\" style=\"width: 622px\" class=\"wp-caption aligncenter\"><a href=\"http:\/\/madeinzaragoza.es\/blog\/wp-content\/uploads\/2016\/03\/vi\u00f1etas.jpg\"><img loading=\"lazy\" decoding=\"async\" class=\"size-full wp-image-10972\" src=\"http:\/\/madeinzaragoza.es\/blog\/wp-content\/uploads\/2016\/03\/vi\u00f1etas.jpg\" alt=\"Las 18 vi\u00f1etas de &quot;El segundo sexo&quot;\" width=\"622\" height=\"467\" srcset=\"https:\/\/madeinzaragoza.es\/blog\/wp-content\/uploads\/2016\/03\/vi\u00f1etas.jpg 622w, https:\/\/madeinzaragoza.es\/blog\/wp-content\/uploads\/2016\/03\/vi\u00f1etas-300x225.jpg 300w, https:\/\/madeinzaragoza.es\/blog\/wp-content\/uploads\/2016\/03\/vi\u00f1etas-180x135.jpg 180w, https:\/\/madeinzaragoza.es\/blog\/wp-content\/uploads\/2016\/03\/vi\u00f1etas-350x262.jpg 350w\" sizes=\"(max-width: 709px) 85vw, (max-width: 909px) 67vw, (max-width: 984px) 61vw, (max-width: 1362px) 45vw, 600px\" \/><\/a><figcaption id=\"caption-attachment-10972\" class=\"wp-caption-text\">Las 18 vi\u00f1etas de \u00abEl segundo sexo\u00bb<\/figcaption><\/figure>\n<p style=\"text-align: justify\">El proceso de trabajo es casi gremial. El equipo de trabajo est\u00e1 formado por varios dibujantes e historietistas compa\u00f1eros de Dani Garc\u00eda-Nieto: Carlos Xcar Malavida, Miguel A. Hern\u00e1ndez, Chefo, Carlos Melgares, Kalitos, Iru y el propio Dani. Su proceso es casi como un oficio antiguo en el que cada uno de los integrantes del equipo tiene una funci\u00f3n concreta, un proceso gremial. Dani ha realizado la composici\u00f3n y dibuja todas las vi\u00f1etas a lapiz sobre la pared; tras esto, otro dibujante entinta con rotulador las vi\u00f1etas dibujadas a l\u00e1piz por Dani; otro posterior, escribe los textos, otro realiza los encuadres de las vi\u00f1etas y as\u00ed hasta realizar la intervenci\u00f3n en su totalidad. Este proceso sigue el mismo desarrollo que se realizaba en las redacciones tradicionales donde cada trabajador ten\u00eda una funci\u00f3n espec\u00edfica y especializada dentro del proyecto.<\/p>\n<p>En el siguiente video se puede entrar un poco m\u00e1s en el proceso creativo de mano del propio autor de la intervenci\u00f3n de C\u00f3rner MIZ.<\/p>\n<p><iframe loading=\"lazy\" width=\"840\" height=\"473\" src=\"https:\/\/www.youtube.com\/embed\/hmeAtbcuKdw?feature=oembed\" frameborder=\"0\" allowfullscreen><\/iframe><\/p>\n<p>Y as\u00ed acabaron los trabajadores del c\u00f3mic de Malavida tras la intensa jornada de trabajo.<\/p>\n<p><a href=\"http:\/\/madeinzaragoza.es\/blog\/wp-content\/uploads\/2016\/03\/2.jpg\"><img loading=\"lazy\" decoding=\"async\" class=\"aligncenter size-full wp-image-10988\" src=\"http:\/\/madeinzaragoza.es\/blog\/wp-content\/uploads\/2016\/03\/2.jpg\" alt=\"2\" width=\"625\" height=\"237\" srcset=\"https:\/\/madeinzaragoza.es\/blog\/wp-content\/uploads\/2016\/03\/2.jpg 625w, https:\/\/madeinzaragoza.es\/blog\/wp-content\/uploads\/2016\/03\/2-300x113.jpg 300w, https:\/\/madeinzaragoza.es\/blog\/wp-content\/uploads\/2016\/03\/2-180x68.jpg 180w, https:\/\/madeinzaragoza.es\/blog\/wp-content\/uploads\/2016\/03\/2-350x132.jpg 350w\" sizes=\"(max-width: 709px) 85vw, (max-width: 909px) 67vw, (max-width: 984px) 61vw, (max-width: 1362px) 45vw, 600px\" \/><\/a><\/p>\n<p>&nbsp;<\/p>\n","protected":false},"excerpt":{"rendered":"<p>Objeto de Deseo I: Dani Garc\u00eda-Nieto + Malavida. En una entrada anterior hablamos sobre la intervenci\u00f3n realizada por Dani Garc\u00eda-Nieto y el colectivo Malavida en el espacio C\u00f3rner MIZ de Zaragoza Activa. Ahora nos centraremos en el proceso creativo de la obra \u00abEl segundo sexo\u00bb realizada por ellos. Ya vimos que la interpretaci\u00f3n que han &hellip; <a href=\"https:\/\/madeinzaragoza.es\/blog\/vinetas-en-la-pared-el-proceso-creativo-en-la-obra-de-dani-garcia-nieto\/\" class=\"more-link\">Continuar leyendo<span class=\"screen-reader-text\"> \u00abVi\u00f1etas en la pared. El proceso creativo en la obra de Dani Garc\u00eda-Nieto\u00bb<\/span><\/a><\/p>\n","protected":false},"author":36,"featured_media":10966,"comment_status":"open","ping_status":"open","sticky":false,"template":"","format":"standard","meta":{"footnotes":""},"categories":[831,829],"tags":[21,834,1229,63,945,1073,1164,1028,1024],"yoast_head":"<!-- This site is optimized with the Yoast SEO plugin v19.7.2 - https:\/\/yoast.com\/wordpress\/plugins\/seo\/ -->\n<title>Vi\u00f1etas en la pared. El proceso creativo en la obra de Dani Garc\u00eda-Nieto - Made in Zaragoza<\/title>\n<meta name=\"robots\" content=\"index, follow, max-snippet:-1, max-image-preview:large, max-video-preview:-1\" \/>\n<link rel=\"canonical\" href=\"https:\/\/madeinzaragoza.es\/blog\/vinetas-en-la-pared-el-proceso-creativo-en-la-obra-de-dani-garcia-nieto\/\" \/>\n<meta property=\"og:locale\" content=\"es_ES\" \/>\n<meta property=\"og:type\" content=\"article\" \/>\n<meta property=\"og:title\" content=\"Vi\u00f1etas en la pared. El proceso creativo en la obra de Dani Garc\u00eda-Nieto - Made in Zaragoza\" \/>\n<meta property=\"og:description\" content=\"Objeto de Deseo I: Dani Garc\u00eda-Nieto + Malavida. En una entrada anterior hablamos sobre la intervenci\u00f3n realizada por Dani Garc\u00eda-Nieto y el colectivo Malavida en el espacio C\u00f3rner MIZ de Zaragoza Activa. Ahora nos centraremos en el proceso creativo de la obra \u00abEl segundo sexo\u00bb realizada por ellos. Ya vimos que la interpretaci\u00f3n que han &hellip; Continuar leyendo &quot;Vi\u00f1etas en la pared. El proceso creativo en la obra de Dani Garc\u00eda-Nieto&quot;\" \/>\n<meta property=\"og:url\" content=\"https:\/\/madeinzaragoza.es\/blog\/vinetas-en-la-pared-el-proceso-creativo-en-la-obra-de-dani-garcia-nieto\/\" \/>\n<meta property=\"og:site_name\" content=\"Made in Zaragoza\" \/>\n<meta property=\"article:publisher\" content=\"https:\/\/www.facebook.com\/madeinzaragoza.es\/\" \/>\n<meta property=\"article:author\" content=\"zarayorkers\" \/>\n<meta property=\"article:published_time\" content=\"2016-03-15T21:16:22+00:00\" \/>\n<meta property=\"article:modified_time\" content=\"2016-03-21T12:31:47+00:00\" \/>\n<meta property=\"og:image\" content=\"https:\/\/madeinzaragoza.es\/blog\/wp-content\/uploads\/2016\/03\/portada.jpg\" \/>\n\t<meta property=\"og:image:width\" content=\"650\" \/>\n\t<meta property=\"og:image:height\" content=\"280\" \/>\n\t<meta property=\"og:image:type\" content=\"image\/jpeg\" \/>\n<meta name=\"author\" content=\"Sergio Sevilla\" \/>\n<meta name=\"twitter:card\" content=\"summary\" \/>\n<meta name=\"twitter:creator\" content=\"@madeinzaragoza\" \/>\n<meta name=\"twitter:site\" content=\"@madeinzaragoza\" \/>\n<meta name=\"twitter:label1\" content=\"Escrito por\" \/>\n\t<meta name=\"twitter:data1\" content=\"Sergio Sevilla\" \/>\n\t<meta name=\"twitter:label2\" content=\"Tiempo de lectura\" \/>\n\t<meta name=\"twitter:data2\" content=\"2 minutos\" \/>\n<script type=\"application\/ld+json\" class=\"yoast-schema-graph\">{\"@context\":\"https:\/\/schema.org\",\"@graph\":[{\"@type\":\"Article\",\"@id\":\"https:\/\/madeinzaragoza.es\/blog\/vinetas-en-la-pared-el-proceso-creativo-en-la-obra-de-dani-garcia-nieto\/#article\",\"isPartOf\":{\"@id\":\"https:\/\/madeinzaragoza.es\/blog\/vinetas-en-la-pared-el-proceso-creativo-en-la-obra-de-dani-garcia-nieto\/\"},\"author\":{\"name\":\"Sergio Sevilla\",\"@id\":\"https:\/\/madeinzaragoza.es\/blog\/#\/schema\/person\/fd836a8fe1177b6200bc8deffc3ad342\"},\"headline\":\"Vi\u00f1etas en la pared. El proceso creativo en la obra de Dani Garc\u00eda-Nieto\",\"datePublished\":\"2016-03-15T21:16:22+00:00\",\"dateModified\":\"2016-03-21T12:31:47+00:00\",\"mainEntityOfPage\":{\"@id\":\"https:\/\/madeinzaragoza.es\/blog\/vinetas-en-la-pared-el-proceso-creativo-en-la-obra-de-dani-garcia-nieto\/\"},\"wordCount\":436,\"commentCount\":0,\"publisher\":{\"@id\":\"https:\/\/madeinzaragoza.es\/blog\/#organization\"},\"keywords\":[\"C\u00f3mic\",\"Corner MIZ\",\"Dani Garc\u00eda-Nieto\",\"exposicion\",\"intervenci\u00f3n\",\"intervenci\u00f3n ef\u00edmera\",\"intervenci\u00f3n mural\",\"Sergio Sevilla\",\"zarayorkers\"],\"articleSection\":[\"CornerMIZ\",\"Cultura\"],\"inLanguage\":\"es\",\"potentialAction\":[{\"@type\":\"CommentAction\",\"name\":\"Comment\",\"target\":[\"https:\/\/madeinzaragoza.es\/blog\/vinetas-en-la-pared-el-proceso-creativo-en-la-obra-de-dani-garcia-nieto\/#respond\"]}]},{\"@type\":\"WebPage\",\"@id\":\"https:\/\/madeinzaragoza.es\/blog\/vinetas-en-la-pared-el-proceso-creativo-en-la-obra-de-dani-garcia-nieto\/\",\"url\":\"https:\/\/madeinzaragoza.es\/blog\/vinetas-en-la-pared-el-proceso-creativo-en-la-obra-de-dani-garcia-nieto\/\",\"name\":\"Vi\u00f1etas en la pared. El proceso creativo en la obra de Dani Garc\u00eda-Nieto - Made in Zaragoza\",\"isPartOf\":{\"@id\":\"https:\/\/madeinzaragoza.es\/blog\/#website\"},\"datePublished\":\"2016-03-15T21:16:22+00:00\",\"dateModified\":\"2016-03-21T12:31:47+00:00\",\"breadcrumb\":{\"@id\":\"https:\/\/madeinzaragoza.es\/blog\/vinetas-en-la-pared-el-proceso-creativo-en-la-obra-de-dani-garcia-nieto\/#breadcrumb\"},\"inLanguage\":\"es\",\"potentialAction\":[{\"@type\":\"ReadAction\",\"target\":[\"https:\/\/madeinzaragoza.es\/blog\/vinetas-en-la-pared-el-proceso-creativo-en-la-obra-de-dani-garcia-nieto\/\"]}]},{\"@type\":\"BreadcrumbList\",\"@id\":\"https:\/\/madeinzaragoza.es\/blog\/vinetas-en-la-pared-el-proceso-creativo-en-la-obra-de-dani-garcia-nieto\/#breadcrumb\",\"itemListElement\":[{\"@type\":\"ListItem\",\"position\":1,\"name\":\"Portada\",\"item\":\"https:\/\/madeinzaragoza.es\/blog\/\"},{\"@type\":\"ListItem\",\"position\":2,\"name\":\"Vi\u00f1etas en la pared. El proceso creativo en la obra de Dani Garc\u00eda-Nieto\"}]},{\"@type\":\"WebSite\",\"@id\":\"https:\/\/madeinzaragoza.es\/blog\/#website\",\"url\":\"https:\/\/madeinzaragoza.es\/blog\/\",\"name\":\"Made in Zaragoza\",\"description\":\"Blog de MadeinZGZ, Red de Econom\u00eda Creativa de Zaragoza\",\"publisher\":{\"@id\":\"https:\/\/madeinzaragoza.es\/blog\/#organization\"},\"potentialAction\":[{\"@type\":\"SearchAction\",\"target\":{\"@type\":\"EntryPoint\",\"urlTemplate\":\"https:\/\/madeinzaragoza.es\/blog\/?s={search_term_string}\"},\"query-input\":\"required name=search_term_string\"}],\"inLanguage\":\"es\"},{\"@type\":\"Organization\",\"@id\":\"https:\/\/madeinzaragoza.es\/blog\/#organization\",\"name\":\"Made In Zaragoza\",\"url\":\"https:\/\/madeinzaragoza.es\/blog\/\",\"sameAs\":[\"https:\/\/www.instagram.com\/madeinzaragoza.es\/\",\"https:\/\/www.facebook.com\/madeinzaragoza.es\/\",\"https:\/\/twitter.com\/madeinzaragoza\"],\"logo\":{\"@type\":\"ImageObject\",\"inLanguage\":\"es\",\"@id\":\"https:\/\/madeinzaragoza.es\/blog\/#\/schema\/logo\/image\/\",\"url\":\"https:\/\/madeinzaragoza.es\/blog\/wp-content\/uploads\/2022\/05\/logo.png\",\"contentUrl\":\"https:\/\/madeinzaragoza.es\/blog\/wp-content\/uploads\/2022\/05\/logo.png\",\"width\":193,\"height\":176,\"caption\":\"Made In Zaragoza\"},\"image\":{\"@id\":\"https:\/\/madeinzaragoza.es\/blog\/#\/schema\/logo\/image\/\"}},{\"@type\":\"Person\",\"@id\":\"https:\/\/madeinzaragoza.es\/blog\/#\/schema\/person\/fd836a8fe1177b6200bc8deffc3ad342\",\"name\":\"Sergio Sevilla\",\"image\":{\"@type\":\"ImageObject\",\"inLanguage\":\"es\",\"@id\":\"https:\/\/madeinzaragoza.es\/blog\/#\/schema\/person\/image\/\",\"url\":\"https:\/\/secure.gravatar.com\/avatar\/4a59e3901b7e749c4e3750c4fd5d0b43?s=96&d=mm&r=g\",\"contentUrl\":\"https:\/\/secure.gravatar.com\/avatar\/4a59e3901b7e749c4e3750c4fd5d0b43?s=96&d=mm&r=g\",\"caption\":\"Sergio Sevilla\"},\"description\":\"Gesti\u00f3n e Innovaci\u00f3n cultural (I+C) Mi trabajo se basa en la b\u00fasqueda de conexiones culturales en espacios de tr\u00e1nsito. Soy director y programador de proyectos culturales. He coordinado el espacio C\u00f3rner MIZ de Made in Zaragoza y, en la actualidad, me dedico a investigar, documentar y poner en valor el muralismo cer\u00e1mico de los a\u00f1os 60, 70 y 80 de Zaragoza y su relaci\u00f3n con los entornos arquitect\u00f3nicos y decorativos de la \u00e9poca. Descubre el perfil de @ZaragozaModerna en Instagram. Take a walk on the Art side.\",\"sameAs\":[\"zarayorkers\",\"@zaragozamoderna\",\"\/sergiosevillatabernero\"],\"url\":\"https:\/\/madeinzaragoza.es\/blog\/author\/sergiosevilla\/\"}]}<\/script>\n<!-- \/ Yoast SEO plugin. -->","yoast_head_json":{"title":"Vi\u00f1etas en la pared. El proceso creativo en la obra de Dani Garc\u00eda-Nieto - Made in Zaragoza","robots":{"index":"index","follow":"follow","max-snippet":"max-snippet:-1","max-image-preview":"max-image-preview:large","max-video-preview":"max-video-preview:-1"},"canonical":"https:\/\/madeinzaragoza.es\/blog\/vinetas-en-la-pared-el-proceso-creativo-en-la-obra-de-dani-garcia-nieto\/","og_locale":"es_ES","og_type":"article","og_title":"Vi\u00f1etas en la pared. El proceso creativo en la obra de Dani Garc\u00eda-Nieto - Made in Zaragoza","og_description":"Objeto de Deseo I: Dani Garc\u00eda-Nieto + Malavida. En una entrada anterior hablamos sobre la intervenci\u00f3n realizada por Dani Garc\u00eda-Nieto y el colectivo Malavida en el espacio C\u00f3rner MIZ de Zaragoza Activa. Ahora nos centraremos en el proceso creativo de la obra \u00abEl segundo sexo\u00bb realizada por ellos. Ya vimos que la interpretaci\u00f3n que han &hellip; Continuar leyendo \"Vi\u00f1etas en la pared. El proceso creativo en la obra de Dani Garc\u00eda-Nieto\"","og_url":"https:\/\/madeinzaragoza.es\/blog\/vinetas-en-la-pared-el-proceso-creativo-en-la-obra-de-dani-garcia-nieto\/","og_site_name":"Made in Zaragoza","article_publisher":"https:\/\/www.facebook.com\/madeinzaragoza.es\/","article_author":"zarayorkers","article_published_time":"2016-03-15T21:16:22+00:00","article_modified_time":"2016-03-21T12:31:47+00:00","og_image":[{"width":650,"height":280,"url":"https:\/\/madeinzaragoza.es\/blog\/wp-content\/uploads\/2016\/03\/portada.jpg","type":"image\/jpeg"}],"author":"Sergio Sevilla","twitter_card":"summary","twitter_creator":"@madeinzaragoza","twitter_site":"@madeinzaragoza","twitter_misc":{"Escrito por":"Sergio Sevilla","Tiempo de lectura":"2 minutos"},"schema":{"@context":"https:\/\/schema.org","@graph":[{"@type":"Article","@id":"https:\/\/madeinzaragoza.es\/blog\/vinetas-en-la-pared-el-proceso-creativo-en-la-obra-de-dani-garcia-nieto\/#article","isPartOf":{"@id":"https:\/\/madeinzaragoza.es\/blog\/vinetas-en-la-pared-el-proceso-creativo-en-la-obra-de-dani-garcia-nieto\/"},"author":{"name":"Sergio Sevilla","@id":"https:\/\/madeinzaragoza.es\/blog\/#\/schema\/person\/fd836a8fe1177b6200bc8deffc3ad342"},"headline":"Vi\u00f1etas en la pared. El proceso creativo en la obra de Dani Garc\u00eda-Nieto","datePublished":"2016-03-15T21:16:22+00:00","dateModified":"2016-03-21T12:31:47+00:00","mainEntityOfPage":{"@id":"https:\/\/madeinzaragoza.es\/blog\/vinetas-en-la-pared-el-proceso-creativo-en-la-obra-de-dani-garcia-nieto\/"},"wordCount":436,"commentCount":0,"publisher":{"@id":"https:\/\/madeinzaragoza.es\/blog\/#organization"},"keywords":["C\u00f3mic","Corner MIZ","Dani Garc\u00eda-Nieto","exposicion","intervenci\u00f3n","intervenci\u00f3n ef\u00edmera","intervenci\u00f3n mural","Sergio Sevilla","zarayorkers"],"articleSection":["CornerMIZ","Cultura"],"inLanguage":"es","potentialAction":[{"@type":"CommentAction","name":"Comment","target":["https:\/\/madeinzaragoza.es\/blog\/vinetas-en-la-pared-el-proceso-creativo-en-la-obra-de-dani-garcia-nieto\/#respond"]}]},{"@type":"WebPage","@id":"https:\/\/madeinzaragoza.es\/blog\/vinetas-en-la-pared-el-proceso-creativo-en-la-obra-de-dani-garcia-nieto\/","url":"https:\/\/madeinzaragoza.es\/blog\/vinetas-en-la-pared-el-proceso-creativo-en-la-obra-de-dani-garcia-nieto\/","name":"Vi\u00f1etas en la pared. El proceso creativo en la obra de Dani Garc\u00eda-Nieto - Made in Zaragoza","isPartOf":{"@id":"https:\/\/madeinzaragoza.es\/blog\/#website"},"datePublished":"2016-03-15T21:16:22+00:00","dateModified":"2016-03-21T12:31:47+00:00","breadcrumb":{"@id":"https:\/\/madeinzaragoza.es\/blog\/vinetas-en-la-pared-el-proceso-creativo-en-la-obra-de-dani-garcia-nieto\/#breadcrumb"},"inLanguage":"es","potentialAction":[{"@type":"ReadAction","target":["https:\/\/madeinzaragoza.es\/blog\/vinetas-en-la-pared-el-proceso-creativo-en-la-obra-de-dani-garcia-nieto\/"]}]},{"@type":"BreadcrumbList","@id":"https:\/\/madeinzaragoza.es\/blog\/vinetas-en-la-pared-el-proceso-creativo-en-la-obra-de-dani-garcia-nieto\/#breadcrumb","itemListElement":[{"@type":"ListItem","position":1,"name":"Portada","item":"https:\/\/madeinzaragoza.es\/blog\/"},{"@type":"ListItem","position":2,"name":"Vi\u00f1etas en la pared. El proceso creativo en la obra de Dani Garc\u00eda-Nieto"}]},{"@type":"WebSite","@id":"https:\/\/madeinzaragoza.es\/blog\/#website","url":"https:\/\/madeinzaragoza.es\/blog\/","name":"Made in Zaragoza","description":"Blog de MadeinZGZ, Red de Econom\u00eda Creativa de Zaragoza","publisher":{"@id":"https:\/\/madeinzaragoza.es\/blog\/#organization"},"potentialAction":[{"@type":"SearchAction","target":{"@type":"EntryPoint","urlTemplate":"https:\/\/madeinzaragoza.es\/blog\/?s={search_term_string}"},"query-input":"required name=search_term_string"}],"inLanguage":"es"},{"@type":"Organization","@id":"https:\/\/madeinzaragoza.es\/blog\/#organization","name":"Made In Zaragoza","url":"https:\/\/madeinzaragoza.es\/blog\/","sameAs":["https:\/\/www.instagram.com\/madeinzaragoza.es\/","https:\/\/www.facebook.com\/madeinzaragoza.es\/","https:\/\/twitter.com\/madeinzaragoza"],"logo":{"@type":"ImageObject","inLanguage":"es","@id":"https:\/\/madeinzaragoza.es\/blog\/#\/schema\/logo\/image\/","url":"https:\/\/madeinzaragoza.es\/blog\/wp-content\/uploads\/2022\/05\/logo.png","contentUrl":"https:\/\/madeinzaragoza.es\/blog\/wp-content\/uploads\/2022\/05\/logo.png","width":193,"height":176,"caption":"Made In Zaragoza"},"image":{"@id":"https:\/\/madeinzaragoza.es\/blog\/#\/schema\/logo\/image\/"}},{"@type":"Person","@id":"https:\/\/madeinzaragoza.es\/blog\/#\/schema\/person\/fd836a8fe1177b6200bc8deffc3ad342","name":"Sergio Sevilla","image":{"@type":"ImageObject","inLanguage":"es","@id":"https:\/\/madeinzaragoza.es\/blog\/#\/schema\/person\/image\/","url":"https:\/\/secure.gravatar.com\/avatar\/4a59e3901b7e749c4e3750c4fd5d0b43?s=96&d=mm&r=g","contentUrl":"https:\/\/secure.gravatar.com\/avatar\/4a59e3901b7e749c4e3750c4fd5d0b43?s=96&d=mm&r=g","caption":"Sergio Sevilla"},"description":"Gesti\u00f3n e Innovaci\u00f3n cultural (I+C) Mi trabajo se basa en la b\u00fasqueda de conexiones culturales en espacios de tr\u00e1nsito. Soy director y programador de proyectos culturales. He coordinado el espacio C\u00f3rner MIZ de Made in Zaragoza y, en la actualidad, me dedico a investigar, documentar y poner en valor el muralismo cer\u00e1mico de los a\u00f1os 60, 70 y 80 de Zaragoza y su relaci\u00f3n con los entornos arquitect\u00f3nicos y decorativos de la \u00e9poca. Descubre el perfil de @ZaragozaModerna en Instagram. Take a walk on the Art side.","sameAs":["zarayorkers","@zaragozamoderna","\/sergiosevillatabernero"],"url":"https:\/\/madeinzaragoza.es\/blog\/author\/sergiosevilla\/"}]}},"_links":{"self":[{"href":"https:\/\/madeinzaragoza.es\/blog\/wp-json\/wp\/v2\/posts\/10965"}],"collection":[{"href":"https:\/\/madeinzaragoza.es\/blog\/wp-json\/wp\/v2\/posts"}],"about":[{"href":"https:\/\/madeinzaragoza.es\/blog\/wp-json\/wp\/v2\/types\/post"}],"author":[{"embeddable":true,"href":"https:\/\/madeinzaragoza.es\/blog\/wp-json\/wp\/v2\/users\/36"}],"replies":[{"embeddable":true,"href":"https:\/\/madeinzaragoza.es\/blog\/wp-json\/wp\/v2\/comments?post=10965"}],"version-history":[{"count":7,"href":"https:\/\/madeinzaragoza.es\/blog\/wp-json\/wp\/v2\/posts\/10965\/revisions"}],"predecessor-version":[{"id":10989,"href":"https:\/\/madeinzaragoza.es\/blog\/wp-json\/wp\/v2\/posts\/10965\/revisions\/10989"}],"wp:featuredmedia":[{"embeddable":true,"href":"https:\/\/madeinzaragoza.es\/blog\/wp-json\/wp\/v2\/media\/10966"}],"wp:attachment":[{"href":"https:\/\/madeinzaragoza.es\/blog\/wp-json\/wp\/v2\/media?parent=10965"}],"wp:term":[{"taxonomy":"category","embeddable":true,"href":"https:\/\/madeinzaragoza.es\/blog\/wp-json\/wp\/v2\/categories?post=10965"},{"taxonomy":"post_tag","embeddable":true,"href":"https:\/\/madeinzaragoza.es\/blog\/wp-json\/wp\/v2\/tags?post=10965"}],"curies":[{"name":"wp","href":"https:\/\/api.w.org\/{rel}","templated":true}]}}