{"id":9625,"date":"2015-07-25T14:39:07","date_gmt":"2015-07-25T13:39:07","guid":{"rendered":"http:\/\/madeinzaragoza.es\/blog\/?p=9625"},"modified":"2015-07-25T14:43:30","modified_gmt":"2015-07-25T13:43:30","slug":"calzados-de-comercios-locales-este-verano","status":"publish","type":"post","link":"http:\/\/madeinzaragoza.es\/blog\/calzados-de-comercios-locales-este-verano\/","title":{"rendered":"Calzado c\u00f3modo y de dise\u00f1o que puedes encontrar en comercios locales este verano"},"content":{"rendered":"<p><a href=\"http:\/\/madeinzaragoza.es\/blog\/wp-content\/uploads\/2015\/07\/11714463_752939671495184_1690947331_n.jpg\"><img loading=\"lazy\" decoding=\"async\" class=\"wp-image-9632 aligncenter\" src=\"http:\/\/madeinzaragoza.es\/blog\/wp-content\/uploads\/2015\/07\/11714463_752939671495184_1690947331_n.jpg\" alt=\"11714463_752939671495184_1690947331_n\" width=\"619\" height=\"414\" srcset=\"http:\/\/madeinzaragoza.es\/blog\/wp-content\/uploads\/2015\/07\/11714463_752939671495184_1690947331_n.jpg 960w, http:\/\/madeinzaragoza.es\/blog\/wp-content\/uploads\/2015\/07\/11714463_752939671495184_1690947331_n-300x200.jpg 300w, http:\/\/madeinzaragoza.es\/blog\/wp-content\/uploads\/2015\/07\/11714463_752939671495184_1690947331_n-163x109.jpg 163w, http:\/\/madeinzaragoza.es\/blog\/wp-content\/uploads\/2015\/07\/11714463_752939671495184_1690947331_n-105x70.jpg 105w, http:\/\/madeinzaragoza.es\/blog\/wp-content\/uploads\/2015\/07\/11714463_752939671495184_1690947331_n-625x417.jpg 625w, http:\/\/madeinzaragoza.es\/blog\/wp-content\/uploads\/2015\/07\/11714463_752939671495184_1690947331_n-180x120.jpg 180w, http:\/\/madeinzaragoza.es\/blog\/wp-content\/uploads\/2015\/07\/11714463_752939671495184_1690947331_n-350x234.jpg 350w\" sizes=\"(max-width: 709px) 85vw, (max-width: 909px) 67vw, (max-width: 984px) 61vw, (max-width: 1362px) 45vw, 600px\" \/><\/a><\/p>\n<p>Con la llegada del calor y el buen tiempo, la comodidad, los colores y los estampados invaden nuestro armario. Hemos hablado con algunas zapater\u00edas j\u00f3venes de Zaragoza localizadas en la zona del Casco Viejo de Zaragoza para saber cuales son para ellas los\u00a0zapatos estrella para de la temporada.<\/p>\n<p>Canalla Shop, N\u00facleo Zapatillas, Ocho y Medio y Pa\u00e9z Zaragoza nos hacen una propuesta de calzado diferente para este verano. \u00bfCu\u00e1l eliges?<\/p>\n<h2><strong>Canalla Shop <\/strong><\/h2>\n<p><strong>Calle Mayor 50, Zaragoza<\/strong><\/p>\n<p>En Canalla nos recomiendan calzado c\u00f3modo unisex como:<\/p>\n<p><strong>KSWISS<\/strong>, empresa internacional de calzado dedicado al tennis y p\u00e1del en su mayor\u00eda, ha apostado por la distribuci\u00f3n directa desde territorio ma\u00f1o. Ha lanzado modelos de retrotenis y grandes cl\u00e1sicos con una calidad superior. En concreto, destacan su modelo IRVINE T<\/p>\n<p><strong>ARO BARCELONA, <\/strong>de dise\u00f1o y producci\u00f3n nacional se ha hecho un hueco entre los \u00abMUST HAVE\u00bb de las zonas de costa o de grandes metr\u00f3polis. Producen dise\u00f1os llenos de color y perforados para que nuestros pies no se quejen del los d\u00edas m\u00e1s calurosos de verano. Nos recomiendan su modelo JOANETA.<\/p>\n<div id='gallery-1' class='gallery galleryid-9625 gallery-columns-2 gallery-size-thumbnail'><figure class='gallery-item'>\n\t\t\t<div class='gallery-icon landscape'>\n\t\t\t\t<a href='http:\/\/madeinzaragoza.es\/blog\/calzados-de-comercios-locales-este-verano\/11719869_508033142679338_1821892317_n\/'><img loading=\"lazy\" decoding=\"async\" width=\"150\" height=\"150\" src=\"http:\/\/madeinzaragoza.es\/blog\/wp-content\/uploads\/2015\/07\/11719869_508033142679338_1821892317_n-150x150.jpg\" class=\"attachment-thumbnail size-thumbnail\" alt=\"\" aria-describedby=\"gallery-1-9626\" srcset=\"http:\/\/madeinzaragoza.es\/blog\/wp-content\/uploads\/2015\/07\/11719869_508033142679338_1821892317_n-150x150.jpg 150w, http:\/\/madeinzaragoza.es\/blog\/wp-content\/uploads\/2015\/07\/11719869_508033142679338_1821892317_n-160x160.jpg 160w, http:\/\/madeinzaragoza.es\/blog\/wp-content\/uploads\/2015\/07\/11719869_508033142679338_1821892317_n-40x40.jpg 40w, http:\/\/madeinzaragoza.es\/blog\/wp-content\/uploads\/2015\/07\/11719869_508033142679338_1821892317_n-70x70.jpg 70w\" sizes=\"(max-width: 150px) 85vw, 150px\" \/><\/a>\n\t\t\t<\/div>\n\t\t\t\t<figcaption class='wp-caption-text gallery-caption' id='gallery-1-9626'>\n\t\t\t\tIrvinet de KSWISS\n\t\t\t\t<\/figcaption><\/figure><figure class='gallery-item'>\n\t\t\t<div class='gallery-icon portrait'>\n\t\t\t\t<a href='http:\/\/madeinzaragoza.es\/blog\/calzados-de-comercios-locales-este-verano\/11251908_938600556160366_5045445619435069342_o\/'><img loading=\"lazy\" decoding=\"async\" width=\"150\" height=\"150\" src=\"http:\/\/madeinzaragoza.es\/blog\/wp-content\/uploads\/2015\/07\/11251908_938600556160366_5045445619435069342_o-150x150.jpg\" class=\"attachment-thumbnail size-thumbnail\" alt=\"\" aria-describedby=\"gallery-1-9628\" srcset=\"http:\/\/madeinzaragoza.es\/blog\/wp-content\/uploads\/2015\/07\/11251908_938600556160366_5045445619435069342_o-150x150.jpg 150w, http:\/\/madeinzaragoza.es\/blog\/wp-content\/uploads\/2015\/07\/11251908_938600556160366_5045445619435069342_o-160x160.jpg 160w, http:\/\/madeinzaragoza.es\/blog\/wp-content\/uploads\/2015\/07\/11251908_938600556160366_5045445619435069342_o-40x40.jpg 40w, http:\/\/madeinzaragoza.es\/blog\/wp-content\/uploads\/2015\/07\/11251908_938600556160366_5045445619435069342_o-70x70.jpg 70w\" sizes=\"(max-width: 150px) 85vw, 150px\" \/><\/a>\n\t\t\t<\/div>\n\t\t\t\t<figcaption class='wp-caption-text gallery-caption' id='gallery-1-9628'>\n\t\t\t\tJuaneta de ARO BARCELONA \n\t\t\t\t<\/figcaption><\/figure>\n\t\t<\/div>\n\n<h2><\/h2>\n<h2>N\u00facleo Zapatillas<\/h2>\n<p><strong>Calle\u00a0Libertad 16, Zaragoza<\/strong><\/p>\n<p>En N\u00facleo Zapatillas nos recomiendan algo fresquito para este verano,\u00a0unas sandalias TEVA, que sirven tanto para la ciudad como si te vas a la playa o la monta\u00f1a. Sin duda un dise\u00f1o de zapatillas\u00a0que \u00a0ahora mismo son tendencia.\u00a0<span style=\"color: #373e4d;\">Igual para chico que para chica.\u00a0<\/span><\/p>\n<div id='gallery-2' class='gallery galleryid-9625 gallery-columns-2 gallery-size-thumbnail'><figure class='gallery-item'>\n\t\t\t<div class='gallery-icon landscape'>\n\t\t\t\t<a href='http:\/\/madeinzaragoza.es\/blog\/calzados-de-comercios-locales-este-verano\/10733982_10153131406016655_2071182897879913624_n\/'><img loading=\"lazy\" decoding=\"async\" width=\"150\" height=\"150\" src=\"http:\/\/madeinzaragoza.es\/blog\/wp-content\/uploads\/2015\/07\/10733982_10153131406016655_2071182897879913624_n-150x150.jpg\" class=\"attachment-thumbnail size-thumbnail\" alt=\"\" aria-describedby=\"gallery-2-9633\" srcset=\"http:\/\/madeinzaragoza.es\/blog\/wp-content\/uploads\/2015\/07\/10733982_10153131406016655_2071182897879913624_n-150x150.jpg 150w, http:\/\/madeinzaragoza.es\/blog\/wp-content\/uploads\/2015\/07\/10733982_10153131406016655_2071182897879913624_n-300x300.jpg 300w, http:\/\/madeinzaragoza.es\/blog\/wp-content\/uploads\/2015\/07\/10733982_10153131406016655_2071182897879913624_n-160x160.jpg 160w, http:\/\/madeinzaragoza.es\/blog\/wp-content\/uploads\/2015\/07\/10733982_10153131406016655_2071182897879913624_n-40x40.jpg 40w, http:\/\/madeinzaragoza.es\/blog\/wp-content\/uploads\/2015\/07\/10733982_10153131406016655_2071182897879913624_n-70x70.jpg 70w, http:\/\/madeinzaragoza.es\/blog\/wp-content\/uploads\/2015\/07\/10733982_10153131406016655_2071182897879913624_n-625x625.jpg 625w, http:\/\/madeinzaragoza.es\/blog\/wp-content\/uploads\/2015\/07\/10733982_10153131406016655_2071182897879913624_n-180x180.jpg 180w, http:\/\/madeinzaragoza.es\/blog\/wp-content\/uploads\/2015\/07\/10733982_10153131406016655_2071182897879913624_n-350x349.jpg 350w, http:\/\/madeinzaragoza.es\/blog\/wp-content\/uploads\/2015\/07\/10733982_10153131406016655_2071182897879913624_n.jpg 680w\" sizes=\"(max-width: 150px) 85vw, 150px\" \/><\/a>\n\t\t\t<\/div>\n\t\t\t\t<figcaption class='wp-caption-text gallery-caption' id='gallery-2-9633'>\n\t\t\t\tSandalias TEVA para chica\n\t\t\t\t<\/figcaption><\/figure><figure class='gallery-item'>\n\t\t\t<div class='gallery-icon landscape'>\n\t\t\t\t<a href='http:\/\/madeinzaragoza.es\/blog\/calzados-de-comercios-locales-este-verano\/11018101_10153131405986655_3285431691429268637_n\/'><img loading=\"lazy\" decoding=\"async\" width=\"150\" height=\"150\" src=\"http:\/\/madeinzaragoza.es\/blog\/wp-content\/uploads\/2015\/07\/11018101_10153131405986655_3285431691429268637_n-150x150.jpg\" class=\"attachment-thumbnail size-thumbnail\" alt=\"\" aria-describedby=\"gallery-2-9634\" srcset=\"http:\/\/madeinzaragoza.es\/blog\/wp-content\/uploads\/2015\/07\/11018101_10153131405986655_3285431691429268637_n-150x150.jpg 150w, http:\/\/madeinzaragoza.es\/blog\/wp-content\/uploads\/2015\/07\/11018101_10153131405986655_3285431691429268637_n-300x300.jpg 300w, http:\/\/madeinzaragoza.es\/blog\/wp-content\/uploads\/2015\/07\/11018101_10153131405986655_3285431691429268637_n-160x160.jpg 160w, http:\/\/madeinzaragoza.es\/blog\/wp-content\/uploads\/2015\/07\/11018101_10153131405986655_3285431691429268637_n-40x40.jpg 40w, http:\/\/madeinzaragoza.es\/blog\/wp-content\/uploads\/2015\/07\/11018101_10153131405986655_3285431691429268637_n-70x70.jpg 70w, http:\/\/madeinzaragoza.es\/blog\/wp-content\/uploads\/2015\/07\/11018101_10153131405986655_3285431691429268637_n-625x625.jpg 625w, http:\/\/madeinzaragoza.es\/blog\/wp-content\/uploads\/2015\/07\/11018101_10153131405986655_3285431691429268637_n-180x180.jpg 180w, http:\/\/madeinzaragoza.es\/blog\/wp-content\/uploads\/2015\/07\/11018101_10153131405986655_3285431691429268637_n-350x349.jpg 350w, http:\/\/madeinzaragoza.es\/blog\/wp-content\/uploads\/2015\/07\/11018101_10153131405986655_3285431691429268637_n.jpg 680w\" sizes=\"(max-width: 150px) 85vw, 150px\" \/><\/a>\n\t\t\t<\/div>\n\t\t\t\t<figcaption class='wp-caption-text gallery-caption' id='gallery-2-9634'>\n\t\t\t\tSandalias TEVA para chico\n\t\t\t\t<\/figcaption><\/figure>\n\t\t<\/div>\n\n<p>En la tienda cuentan\u00a0adem\u00e1s con otro tipo de calzado tambi\u00e9n muy c\u00f3modo en\u00a0verano, como estas Vans tipo India o zapatillas de rejilla de la marca Maians:<\/p>\n<div id='gallery-3' class='gallery galleryid-9625 gallery-columns-2 gallery-size-thumbnail'><figure class='gallery-item'>\n\t\t\t<div class='gallery-icon landscape'>\n\t\t\t\t<a href='http:\/\/madeinzaragoza.es\/blog\/calzados-de-comercios-locales-este-verano\/11009897_10153184565011655_4163198546085012422_n\/'><img loading=\"lazy\" decoding=\"async\" width=\"150\" height=\"150\" src=\"http:\/\/madeinzaragoza.es\/blog\/wp-content\/uploads\/2015\/07\/11009897_10153184565011655_4163198546085012422_n-150x150.jpg\" class=\"attachment-thumbnail size-thumbnail\" alt=\"\" aria-describedby=\"gallery-3-9636\" srcset=\"http:\/\/madeinzaragoza.es\/blog\/wp-content\/uploads\/2015\/07\/11009897_10153184565011655_4163198546085012422_n-150x150.jpg 150w, http:\/\/madeinzaragoza.es\/blog\/wp-content\/uploads\/2015\/07\/11009897_10153184565011655_4163198546085012422_n-300x300.jpg 300w, http:\/\/madeinzaragoza.es\/blog\/wp-content\/uploads\/2015\/07\/11009897_10153184565011655_4163198546085012422_n-160x160.jpg 160w, http:\/\/madeinzaragoza.es\/blog\/wp-content\/uploads\/2015\/07\/11009897_10153184565011655_4163198546085012422_n-40x40.jpg 40w, http:\/\/madeinzaragoza.es\/blog\/wp-content\/uploads\/2015\/07\/11009897_10153184565011655_4163198546085012422_n-70x70.jpg 70w, http:\/\/madeinzaragoza.es\/blog\/wp-content\/uploads\/2015\/07\/11009897_10153184565011655_4163198546085012422_n-625x625.jpg 625w, http:\/\/madeinzaragoza.es\/blog\/wp-content\/uploads\/2015\/07\/11009897_10153184565011655_4163198546085012422_n-180x180.jpg 180w, http:\/\/madeinzaragoza.es\/blog\/wp-content\/uploads\/2015\/07\/11009897_10153184565011655_4163198546085012422_n-350x350.jpg 350w, http:\/\/madeinzaragoza.es\/blog\/wp-content\/uploads\/2015\/07\/11009897_10153184565011655_4163198546085012422_n.jpg 640w\" sizes=\"(max-width: 150px) 85vw, 150px\" \/><\/a>\n\t\t\t<\/div>\n\t\t\t\t<figcaption class='wp-caption-text gallery-caption' id='gallery-3-9636'>\n\t\t\t\tMaians Sisto Rejilla Navy\n\t\t\t\t<\/figcaption><\/figure><figure class='gallery-item'>\n\t\t\t<div class='gallery-icon landscape'>\n\t\t\t\t<a href='http:\/\/madeinzaragoza.es\/blog\/calzados-de-comercios-locales-este-verano\/11216702_10153131783846655_1021522227511618542_n\/'><img loading=\"lazy\" decoding=\"async\" width=\"150\" height=\"150\" src=\"http:\/\/madeinzaragoza.es\/blog\/wp-content\/uploads\/2015\/07\/11216702_10153131783846655_1021522227511618542_n-150x150.jpg\" class=\"attachment-thumbnail size-thumbnail\" alt=\"\" aria-describedby=\"gallery-3-9635\" srcset=\"http:\/\/madeinzaragoza.es\/blog\/wp-content\/uploads\/2015\/07\/11216702_10153131783846655_1021522227511618542_n-150x150.jpg 150w, http:\/\/madeinzaragoza.es\/blog\/wp-content\/uploads\/2015\/07\/11216702_10153131783846655_1021522227511618542_n-300x300.jpg 300w, http:\/\/madeinzaragoza.es\/blog\/wp-content\/uploads\/2015\/07\/11216702_10153131783846655_1021522227511618542_n-160x160.jpg 160w, http:\/\/madeinzaragoza.es\/blog\/wp-content\/uploads\/2015\/07\/11216702_10153131783846655_1021522227511618542_n-40x40.jpg 40w, http:\/\/madeinzaragoza.es\/blog\/wp-content\/uploads\/2015\/07\/11216702_10153131783846655_1021522227511618542_n-70x70.jpg 70w, http:\/\/madeinzaragoza.es\/blog\/wp-content\/uploads\/2015\/07\/11216702_10153131783846655_1021522227511618542_n-625x625.jpg 625w, http:\/\/madeinzaragoza.es\/blog\/wp-content\/uploads\/2015\/07\/11216702_10153131783846655_1021522227511618542_n-180x180.jpg 180w, http:\/\/madeinzaragoza.es\/blog\/wp-content\/uploads\/2015\/07\/11216702_10153131783846655_1021522227511618542_n-350x350.jpg 350w, http:\/\/madeinzaragoza.es\/blog\/wp-content\/uploads\/2015\/07\/11216702_10153131783846655_1021522227511618542_n.jpg 640w\" sizes=\"(max-width: 150px) 85vw, 150px\" \/><\/a>\n\t\t\t<\/div>\n\t\t\t\t<figcaption class='wp-caption-text gallery-caption' id='gallery-3-9635'>\n\t\t\t\tVans Mohikan Perforated \/ Aloe\n\t\t\t\t<\/figcaption><\/figure>\n\t\t<\/div>\n\n<p>&nbsp;<\/p>\n<h2>Paez Zaragoza<\/h2>\n<p><strong>Calle San F\u00e9lix 2, Zaragoza<\/strong><\/p>\n<p>Parece que las alpargatas nunca pasan de moda, pero si adem\u00e1s lo que buscas son zapatillas\u00a0c\u00f3modas y con\u00a0colores, formas y estilos que\u00a0te diviertan, Paez cuenta con un amplio cat\u00e1logo de zapatillas como \u00e9stas:<\/p>\n<div id='gallery-4' class='gallery galleryid-9625 gallery-columns-2 gallery-size-thumbnail'><figure class='gallery-item'>\n\t\t\t<div class='gallery-icon landscape'>\n\t\t\t\t<a href='http:\/\/madeinzaragoza.es\/blog\/calzados-de-comercios-locales-este-verano\/11714463_752939671495184_1690947331_n\/'><img loading=\"lazy\" decoding=\"async\" width=\"150\" height=\"150\" src=\"http:\/\/madeinzaragoza.es\/blog\/wp-content\/uploads\/2015\/07\/11714463_752939671495184_1690947331_n-150x150.jpg\" class=\"attachment-thumbnail size-thumbnail\" alt=\"\" srcset=\"http:\/\/madeinzaragoza.es\/blog\/wp-content\/uploads\/2015\/07\/11714463_752939671495184_1690947331_n-150x150.jpg 150w, http:\/\/madeinzaragoza.es\/blog\/wp-content\/uploads\/2015\/07\/11714463_752939671495184_1690947331_n-160x160.jpg 160w, http:\/\/madeinzaragoza.es\/blog\/wp-content\/uploads\/2015\/07\/11714463_752939671495184_1690947331_n-40x40.jpg 40w, http:\/\/madeinzaragoza.es\/blog\/wp-content\/uploads\/2015\/07\/11714463_752939671495184_1690947331_n-70x70.jpg 70w\" sizes=\"(max-width: 150px) 85vw, 150px\" \/><\/a>\n\t\t\t<\/div><\/figure><figure class='gallery-item'>\n\t\t\t<div class='gallery-icon landscape'>\n\t\t\t\t<a href='http:\/\/madeinzaragoza.es\/blog\/calzados-de-comercios-locales-este-verano\/11714455_752939661495185_188781118_n\/'><img loading=\"lazy\" decoding=\"async\" width=\"150\" height=\"150\" src=\"http:\/\/madeinzaragoza.es\/blog\/wp-content\/uploads\/2015\/07\/11714455_752939661495185_188781118_n-150x150.jpg\" class=\"attachment-thumbnail size-thumbnail\" alt=\"\" srcset=\"http:\/\/madeinzaragoza.es\/blog\/wp-content\/uploads\/2015\/07\/11714455_752939661495185_188781118_n-150x150.jpg 150w, http:\/\/madeinzaragoza.es\/blog\/wp-content\/uploads\/2015\/07\/11714455_752939661495185_188781118_n-300x300.jpg 300w, http:\/\/madeinzaragoza.es\/blog\/wp-content\/uploads\/2015\/07\/11714455_752939661495185_188781118_n-160x160.jpg 160w, http:\/\/madeinzaragoza.es\/blog\/wp-content\/uploads\/2015\/07\/11714455_752939661495185_188781118_n-40x40.jpg 40w, http:\/\/madeinzaragoza.es\/blog\/wp-content\/uploads\/2015\/07\/11714455_752939661495185_188781118_n-70x70.jpg 70w, http:\/\/madeinzaragoza.es\/blog\/wp-content\/uploads\/2015\/07\/11714455_752939661495185_188781118_n-625x625.jpg 625w, http:\/\/madeinzaragoza.es\/blog\/wp-content\/uploads\/2015\/07\/11714455_752939661495185_188781118_n-180x180.jpg 180w, http:\/\/madeinzaragoza.es\/blog\/wp-content\/uploads\/2015\/07\/11714455_752939661495185_188781118_n-350x350.jpg 350w, http:\/\/madeinzaragoza.es\/blog\/wp-content\/uploads\/2015\/07\/11714455_752939661495185_188781118_n.jpg 640w\" sizes=\"(max-width: 150px) 85vw, 150px\" \/><\/a>\n\t\t\t<\/div><\/figure><figure class='gallery-item'>\n\t\t\t<div class='gallery-icon landscape'>\n\t\t\t\t<a href='http:\/\/madeinzaragoza.es\/blog\/calzados-de-comercios-locales-este-verano\/11653201_752939658161852_1959832318_n\/'><img loading=\"lazy\" decoding=\"async\" width=\"150\" height=\"150\" src=\"http:\/\/madeinzaragoza.es\/blog\/wp-content\/uploads\/2015\/07\/11653201_752939658161852_1959832318_n-150x150.jpg\" class=\"attachment-thumbnail size-thumbnail\" alt=\"\" srcset=\"http:\/\/madeinzaragoza.es\/blog\/wp-content\/uploads\/2015\/07\/11653201_752939658161852_1959832318_n-150x150.jpg 150w, http:\/\/madeinzaragoza.es\/blog\/wp-content\/uploads\/2015\/07\/11653201_752939658161852_1959832318_n-300x300.jpg 300w, http:\/\/madeinzaragoza.es\/blog\/wp-content\/uploads\/2015\/07\/11653201_752939658161852_1959832318_n-160x160.jpg 160w, http:\/\/madeinzaragoza.es\/blog\/wp-content\/uploads\/2015\/07\/11653201_752939658161852_1959832318_n-40x40.jpg 40w, http:\/\/madeinzaragoza.es\/blog\/wp-content\/uploads\/2015\/07\/11653201_752939658161852_1959832318_n-70x70.jpg 70w, http:\/\/madeinzaragoza.es\/blog\/wp-content\/uploads\/2015\/07\/11653201_752939658161852_1959832318_n-180x180.jpg 180w, http:\/\/madeinzaragoza.es\/blog\/wp-content\/uploads\/2015\/07\/11653201_752939658161852_1959832318_n-350x350.jpg 350w, http:\/\/madeinzaragoza.es\/blog\/wp-content\/uploads\/2015\/07\/11653201_752939658161852_1959832318_n.jpg 395w\" sizes=\"(max-width: 150px) 85vw, 150px\" \/><\/a>\n\t\t\t<\/div><\/figure><figure class='gallery-item'>\n\t\t\t<div class='gallery-icon landscape'>\n\t\t\t\t<a href='http:\/\/madeinzaragoza.es\/blog\/calzados-de-comercios-locales-este-verano\/11659961_752939771495174_124031022_o\/'><img loading=\"lazy\" decoding=\"async\" width=\"150\" height=\"150\" src=\"http:\/\/madeinzaragoza.es\/blog\/wp-content\/uploads\/2015\/07\/11659961_752939771495174_124031022_o-150x150.jpg\" class=\"attachment-thumbnail size-thumbnail\" alt=\"\" srcset=\"http:\/\/madeinzaragoza.es\/blog\/wp-content\/uploads\/2015\/07\/11659961_752939771495174_124031022_o-150x150.jpg 150w, http:\/\/madeinzaragoza.es\/blog\/wp-content\/uploads\/2015\/07\/11659961_752939771495174_124031022_o-160x160.jpg 160w, http:\/\/madeinzaragoza.es\/blog\/wp-content\/uploads\/2015\/07\/11659961_752939771495174_124031022_o-40x40.jpg 40w, http:\/\/madeinzaragoza.es\/blog\/wp-content\/uploads\/2015\/07\/11659961_752939771495174_124031022_o-70x70.jpg 70w\" sizes=\"(max-width: 150px) 85vw, 150px\" \/><\/a>\n\t\t\t<\/div><\/figure>\n\t\t<\/div>\n\n<p>&nbsp;<\/p>\n<h2>Ocho\u00a0y medio<\/h2>\n<p><strong>Calle Refugio 12, Zaragoza<\/strong><\/p>\n<p>Ocho y medio cuenta con calzados y accesorios de artesanos de toda Europa. Este verano destacan los zapatos artesanos Pla, un calzado unisex hecho de una sola trenza de yute artesana. Tambi\u00e9n encontrar\u00e1s bolsos\u00a0hechos a mano de Antic Mallorca, zapatos de Dolfie, Xperimental o Naguisa o dise\u00f1os de Anaid Kupuri son, entre otros.<\/p>\n<div id='gallery-5' class='gallery galleryid-9625 gallery-columns-2 gallery-size-thumbnail'><figure class='gallery-item'>\n\t\t\t<div class='gallery-icon landscape'>\n\t\t\t\t<a href='http:\/\/madeinzaragoza.es\/blog\/calzados-de-comercios-locales-este-verano\/10504811_10205536650229952_9056682543597896779_o\/'><img loading=\"lazy\" decoding=\"async\" width=\"150\" height=\"150\" src=\"http:\/\/madeinzaragoza.es\/blog\/wp-content\/uploads\/2015\/07\/10504811_10205536650229952_9056682543597896779_o-150x150.jpg\" class=\"attachment-thumbnail size-thumbnail\" alt=\"\" aria-describedby=\"gallery-5-9637\" srcset=\"http:\/\/madeinzaragoza.es\/blog\/wp-content\/uploads\/2015\/07\/10504811_10205536650229952_9056682543597896779_o-150x150.jpg 150w, http:\/\/madeinzaragoza.es\/blog\/wp-content\/uploads\/2015\/07\/10504811_10205536650229952_9056682543597896779_o-160x160.jpg 160w, http:\/\/madeinzaragoza.es\/blog\/wp-content\/uploads\/2015\/07\/10504811_10205536650229952_9056682543597896779_o-40x40.jpg 40w, http:\/\/madeinzaragoza.es\/blog\/wp-content\/uploads\/2015\/07\/10504811_10205536650229952_9056682543597896779_o-70x70.jpg 70w\" sizes=\"(max-width: 150px) 85vw, 150px\" \/><\/a>\n\t\t\t<\/div>\n\t\t\t\t<figcaption class='wp-caption-text gallery-caption' id='gallery-5-9637'>\n\t\t\t\tNaguisas\n\t\t\t\t<\/figcaption><\/figure><figure class='gallery-item'>\n\t\t\t<div class='gallery-icon portrait'>\n\t\t\t\t<a href='http:\/\/madeinzaragoza.es\/blog\/calzados-de-comercios-locales-este-verano\/11109584_10205536422104249_5745182230111925191_o\/'><img loading=\"lazy\" decoding=\"async\" width=\"150\" height=\"150\" src=\"http:\/\/madeinzaragoza.es\/blog\/wp-content\/uploads\/2015\/07\/11109584_10205536422104249_5745182230111925191_o-150x150.jpg\" class=\"attachment-thumbnail size-thumbnail\" alt=\"\" aria-describedby=\"gallery-5-9638\" srcset=\"http:\/\/madeinzaragoza.es\/blog\/wp-content\/uploads\/2015\/07\/11109584_10205536422104249_5745182230111925191_o-150x150.jpg 150w, http:\/\/madeinzaragoza.es\/blog\/wp-content\/uploads\/2015\/07\/11109584_10205536422104249_5745182230111925191_o-160x160.jpg 160w, http:\/\/madeinzaragoza.es\/blog\/wp-content\/uploads\/2015\/07\/11109584_10205536422104249_5745182230111925191_o-40x40.jpg 40w, http:\/\/madeinzaragoza.es\/blog\/wp-content\/uploads\/2015\/07\/11109584_10205536422104249_5745182230111925191_o-70x70.jpg 70w\" sizes=\"(max-width: 150px) 85vw, 150px\" \/><\/a>\n\t\t\t<\/div>\n\t\t\t\t<figcaption class='wp-caption-text gallery-caption' id='gallery-5-9638'>\n\t\t\t\tXPERIMENTAL\n\t\t\t\t<\/figcaption><\/figure><figure class='gallery-item'>\n\t\t\t<div class='gallery-icon landscape'>\n\t\t\t\t<a href='http:\/\/madeinzaragoza.es\/blog\/calzados-de-comercios-locales-este-verano\/11164637_10205549141542227_3234065662182182067_o\/'><img loading=\"lazy\" decoding=\"async\" width=\"150\" height=\"150\" src=\"http:\/\/madeinzaragoza.es\/blog\/wp-content\/uploads\/2015\/07\/11164637_10205549141542227_3234065662182182067_o-150x150.jpg\" class=\"attachment-thumbnail size-thumbnail\" alt=\"\" aria-describedby=\"gallery-5-9639\" srcset=\"http:\/\/madeinzaragoza.es\/blog\/wp-content\/uploads\/2015\/07\/11164637_10205549141542227_3234065662182182067_o-150x150.jpg 150w, http:\/\/madeinzaragoza.es\/blog\/wp-content\/uploads\/2015\/07\/11164637_10205549141542227_3234065662182182067_o-160x160.jpg 160w, http:\/\/madeinzaragoza.es\/blog\/wp-content\/uploads\/2015\/07\/11164637_10205549141542227_3234065662182182067_o-40x40.jpg 40w, http:\/\/madeinzaragoza.es\/blog\/wp-content\/uploads\/2015\/07\/11164637_10205549141542227_3234065662182182067_o-70x70.jpg 70w\" sizes=\"(max-width: 150px) 85vw, 150px\" \/><\/a>\n\t\t\t<\/div>\n\t\t\t\t<figcaption class='wp-caption-text gallery-caption' id='gallery-5-9639'>\n\t\t\t\tDe Ubieta\n\t\t\t\t<\/figcaption><\/figure><figure class='gallery-item'>\n\t\t\t<div class='gallery-icon landscape'>\n\t\t\t\t<a href='http:\/\/madeinzaragoza.es\/blog\/calzados-de-comercios-locales-este-verano\/p77\/'><img loading=\"lazy\" decoding=\"async\" width=\"150\" height=\"150\" src=\"http:\/\/madeinzaragoza.es\/blog\/wp-content\/uploads\/2015\/07\/p77-150x150.jpg\" class=\"attachment-thumbnail size-thumbnail\" alt=\"\" aria-describedby=\"gallery-5-9640\" srcset=\"http:\/\/madeinzaragoza.es\/blog\/wp-content\/uploads\/2015\/07\/p77-150x150.jpg 150w, http:\/\/madeinzaragoza.es\/blog\/wp-content\/uploads\/2015\/07\/p77-160x160.jpg 160w, http:\/\/madeinzaragoza.es\/blog\/wp-content\/uploads\/2015\/07\/p77-40x40.jpg 40w, http:\/\/madeinzaragoza.es\/blog\/wp-content\/uploads\/2015\/07\/p77-70x70.jpg 70w\" sizes=\"(max-width: 150px) 85vw, 150px\" \/><\/a>\n\t\t\t<\/div>\n\t\t\t\t<figcaption class='wp-caption-text gallery-caption' id='gallery-5-9640'>\n\t\t\t\tPla, zapatos artesanos\n\t\t\t\t<\/figcaption><\/figure>\n\t\t<\/div>\n\n","protected":false},"excerpt":{"rendered":"<p>Con la llegada del calor y el buen tiempo, la comodidad, los colores y los estampados invaden nuestro armario. Hemos hablado con algunas zapater\u00edas j\u00f3venes de Zaragoza localizadas en la zona del Casco Viejo de Zaragoza para saber cuales son para ellas los\u00a0zapatos estrella para de la temporada. Canalla Shop, N\u00facleo Zapatillas, Ocho y Medio &hellip; <a href=\"http:\/\/madeinzaragoza.es\/blog\/calzados-de-comercios-locales-este-verano\/\" class=\"more-link\">Continuar leyendo<span class=\"screen-reader-text\"> \u00abCalzado c\u00f3modo y de dise\u00f1o que puedes encontrar en comercios locales este verano\u00bb<\/span><\/a><\/p>\n","protected":false},"author":3,"featured_media":9632,"comment_status":"open","ping_status":"open","sticky":false,"template":"","format":"standard","meta":{"footnotes":""},"categories":[1],"tags":[1168],"yoast_head":"<!-- This site is optimized with the Yoast SEO plugin v19.7.2 - https:\/\/yoast.com\/wordpress\/plugins\/seo\/ -->\n<title>Calzado c\u00f3modo y de dise\u00f1o que puedes encontrar en comercios locales este verano<\/title>\n<meta name=\"robots\" content=\"index, follow, max-snippet:-1, max-image-preview:large, max-video-preview:-1\" \/>\n<link rel=\"canonical\" href=\"http:\/\/madeinzaragoza.es\/blog\/calzados-de-comercios-locales-este-verano\/\" \/>\n<meta property=\"og:locale\" content=\"es_ES\" \/>\n<meta property=\"og:type\" content=\"article\" \/>\n<meta property=\"og:title\" content=\"Calzado c\u00f3modo y de dise\u00f1o que puedes encontrar en comercios locales este verano\" \/>\n<meta property=\"og:description\" content=\"Con la llegada del calor y el buen tiempo, la comodidad, los colores y los estampados invaden nuestro armario. Hemos hablado con algunas zapater\u00edas j\u00f3venes de Zaragoza localizadas en la zona del Casco Viejo de Zaragoza para saber cuales son para ellas los\u00a0zapatos estrella para de la temporada. Canalla Shop, N\u00facleo Zapatillas, Ocho y Medio &hellip; Continuar leyendo &quot;Calzado c\u00f3modo y de dise\u00f1o que puedes encontrar en comercios locales este verano&quot;\" \/>\n<meta property=\"og:url\" content=\"http:\/\/madeinzaragoza.es\/blog\/calzados-de-comercios-locales-este-verano\/\" \/>\n<meta property=\"og:site_name\" content=\"Made in Zaragoza\" \/>\n<meta property=\"article:publisher\" content=\"https:\/\/www.facebook.com\/madeinzaragoza.es\/\" \/>\n<meta property=\"article:author\" content=\"misstechin\" \/>\n<meta property=\"article:published_time\" content=\"2015-07-25T13:39:07+00:00\" \/>\n<meta property=\"article:modified_time\" content=\"2015-07-25T13:43:30+00:00\" \/>\n<meta property=\"og:image\" content=\"http:\/\/madeinzaragoza.es\/blog\/wp-content\/uploads\/2015\/07\/11714463_752939671495184_1690947331_n.jpg\" \/>\n\t<meta property=\"og:image:width\" content=\"960\" \/>\n\t<meta property=\"og:image:height\" content=\"642\" \/>\n\t<meta property=\"og:image:type\" content=\"image\/jpeg\" \/>\n<meta name=\"author\" content=\"Monica Gim\u00e9nez\" \/>\n<meta name=\"twitter:card\" content=\"summary\" \/>\n<meta name=\"twitter:creator\" content=\"@misstechin\" \/>\n<meta name=\"twitter:site\" content=\"@madeinzaragoza\" \/>\n<meta name=\"twitter:label1\" content=\"Escrito por\" \/>\n\t<meta name=\"twitter:data1\" content=\"Monica Gim\u00e9nez\" \/>\n\t<meta name=\"twitter:label2\" content=\"Tiempo de lectura\" \/>\n\t<meta name=\"twitter:data2\" content=\"2 minutos\" \/>\n<script type=\"application\/ld+json\" class=\"yoast-schema-graph\">{\"@context\":\"https:\/\/schema.org\",\"@graph\":[{\"@type\":\"Article\",\"@id\":\"http:\/\/madeinzaragoza.es\/blog\/calzados-de-comercios-locales-este-verano\/#article\",\"isPartOf\":{\"@id\":\"http:\/\/madeinzaragoza.es\/blog\/calzados-de-comercios-locales-este-verano\/\"},\"author\":{\"name\":\"Monica Gim\u00e9nez\",\"@id\":\"http:\/\/madeinzaragoza.es\/blog\/#\/schema\/person\/7f474fda5b3cfb05e3d9963093971cca\"},\"headline\":\"Calzado c\u00f3modo y de dise\u00f1o que puedes encontrar en comercios locales este verano\",\"datePublished\":\"2015-07-25T13:39:07+00:00\",\"dateModified\":\"2015-07-25T13:43:30+00:00\",\"mainEntityOfPage\":{\"@id\":\"http:\/\/madeinzaragoza.es\/blog\/calzados-de-comercios-locales-este-verano\/\"},\"wordCount\":420,\"commentCount\":0,\"publisher\":{\"@id\":\"http:\/\/madeinzaragoza.es\/blog\/#organization\"},\"keywords\":[\"zapaterias en Zaragoza\"],\"articleSection\":[\"Tendencias\"],\"inLanguage\":\"es\",\"potentialAction\":[{\"@type\":\"CommentAction\",\"name\":\"Comment\",\"target\":[\"http:\/\/madeinzaragoza.es\/blog\/calzados-de-comercios-locales-este-verano\/#respond\"]}]},{\"@type\":\"WebPage\",\"@id\":\"http:\/\/madeinzaragoza.es\/blog\/calzados-de-comercios-locales-este-verano\/\",\"url\":\"http:\/\/madeinzaragoza.es\/blog\/calzados-de-comercios-locales-este-verano\/\",\"name\":\"Calzado c\u00f3modo y de dise\u00f1o que puedes encontrar en comercios locales este verano\",\"isPartOf\":{\"@id\":\"http:\/\/madeinzaragoza.es\/blog\/#website\"},\"datePublished\":\"2015-07-25T13:39:07+00:00\",\"dateModified\":\"2015-07-25T13:43:30+00:00\",\"breadcrumb\":{\"@id\":\"http:\/\/madeinzaragoza.es\/blog\/calzados-de-comercios-locales-este-verano\/#breadcrumb\"},\"inLanguage\":\"es\",\"potentialAction\":[{\"@type\":\"ReadAction\",\"target\":[\"http:\/\/madeinzaragoza.es\/blog\/calzados-de-comercios-locales-este-verano\/\"]}]},{\"@type\":\"BreadcrumbList\",\"@id\":\"http:\/\/madeinzaragoza.es\/blog\/calzados-de-comercios-locales-este-verano\/#breadcrumb\",\"itemListElement\":[{\"@type\":\"ListItem\",\"position\":1,\"name\":\"Portada\",\"item\":\"http:\/\/madeinzaragoza.es\/blog\/\"},{\"@type\":\"ListItem\",\"position\":2,\"name\":\"Calzado c\u00f3modo y de dise\u00f1o que puedes encontrar en comercios locales este verano\"}]},{\"@type\":\"WebSite\",\"@id\":\"http:\/\/madeinzaragoza.es\/blog\/#website\",\"url\":\"http:\/\/madeinzaragoza.es\/blog\/\",\"name\":\"Made in Zaragoza\",\"description\":\"Blog de MadeinZGZ, Red de Econom\u00eda Creativa de Zaragoza\",\"publisher\":{\"@id\":\"http:\/\/madeinzaragoza.es\/blog\/#organization\"},\"potentialAction\":[{\"@type\":\"SearchAction\",\"target\":{\"@type\":\"EntryPoint\",\"urlTemplate\":\"http:\/\/madeinzaragoza.es\/blog\/?s={search_term_string}\"},\"query-input\":\"required name=search_term_string\"}],\"inLanguage\":\"es\"},{\"@type\":\"Organization\",\"@id\":\"http:\/\/madeinzaragoza.es\/blog\/#organization\",\"name\":\"Made In Zaragoza\",\"url\":\"http:\/\/madeinzaragoza.es\/blog\/\",\"sameAs\":[\"https:\/\/www.instagram.com\/madeinzaragoza.es\/\",\"https:\/\/www.facebook.com\/madeinzaragoza.es\/\",\"https:\/\/twitter.com\/madeinzaragoza\"],\"logo\":{\"@type\":\"ImageObject\",\"inLanguage\":\"es\",\"@id\":\"http:\/\/madeinzaragoza.es\/blog\/#\/schema\/logo\/image\/\",\"url\":\"https:\/\/madeinzaragoza.es\/blog\/wp-content\/uploads\/2022\/05\/logo.png\",\"contentUrl\":\"https:\/\/madeinzaragoza.es\/blog\/wp-content\/uploads\/2022\/05\/logo.png\",\"width\":193,\"height\":176,\"caption\":\"Made In Zaragoza\"},\"image\":{\"@id\":\"http:\/\/madeinzaragoza.es\/blog\/#\/schema\/logo\/image\/\"}},{\"@type\":\"Person\",\"@id\":\"http:\/\/madeinzaragoza.es\/blog\/#\/schema\/person\/7f474fda5b3cfb05e3d9963093971cca\",\"name\":\"Monica Gim\u00e9nez\",\"image\":{\"@type\":\"ImageObject\",\"inLanguage\":\"es\",\"@id\":\"http:\/\/madeinzaragoza.es\/blog\/#\/schema\/person\/image\/\",\"url\":\"http:\/\/2.gravatar.com\/avatar\/bdd60894f529a2929832a56d3c3eb2f2?s=96&d=mm&r=g\",\"contentUrl\":\"http:\/\/2.gravatar.com\/avatar\/bdd60894f529a2929832a56d3c3eb2f2?s=96&d=mm&r=g\",\"caption\":\"Monica Gim\u00e9nez\"},\"description\":\"Coordinadora del blog de MadeinZaragoza. Me dedico a la comunicaci\u00f3n y al marketing online. Me gusta el teatro, leer c\u00f3mic, comer sushi y descubrir nuevos lugares con encanto en mi ciudad.\",\"sameAs\":[\"https:\/\/misstechin.com\",\"misstechin\",\"https:\/\/twitter.com\/misstechin\"],\"url\":\"http:\/\/madeinzaragoza.es\/blog\/author\/moni\/\"}]}<\/script>\n<!-- \/ Yoast SEO plugin. -->","yoast_head_json":{"title":"Calzado c\u00f3modo y de dise\u00f1o que puedes encontrar en comercios locales este verano","robots":{"index":"index","follow":"follow","max-snippet":"max-snippet:-1","max-image-preview":"max-image-preview:large","max-video-preview":"max-video-preview:-1"},"canonical":"http:\/\/madeinzaragoza.es\/blog\/calzados-de-comercios-locales-este-verano\/","og_locale":"es_ES","og_type":"article","og_title":"Calzado c\u00f3modo y de dise\u00f1o que puedes encontrar en comercios locales este verano","og_description":"Con la llegada del calor y el buen tiempo, la comodidad, los colores y los estampados invaden nuestro armario. Hemos hablado con algunas zapater\u00edas j\u00f3venes de Zaragoza localizadas en la zona del Casco Viejo de Zaragoza para saber cuales son para ellas los\u00a0zapatos estrella para de la temporada. Canalla Shop, N\u00facleo Zapatillas, Ocho y Medio &hellip; Continuar leyendo \"Calzado c\u00f3modo y de dise\u00f1o que puedes encontrar en comercios locales este verano\"","og_url":"http:\/\/madeinzaragoza.es\/blog\/calzados-de-comercios-locales-este-verano\/","og_site_name":"Made in Zaragoza","article_publisher":"https:\/\/www.facebook.com\/madeinzaragoza.es\/","article_author":"misstechin","article_published_time":"2015-07-25T13:39:07+00:00","article_modified_time":"2015-07-25T13:43:30+00:00","og_image":[{"width":960,"height":642,"url":"http:\/\/madeinzaragoza.es\/blog\/wp-content\/uploads\/2015\/07\/11714463_752939671495184_1690947331_n.jpg","type":"image\/jpeg"}],"author":"Monica Gim\u00e9nez","twitter_card":"summary","twitter_creator":"@misstechin","twitter_site":"@madeinzaragoza","twitter_misc":{"Escrito por":"Monica Gim\u00e9nez","Tiempo de lectura":"2 minutos"},"schema":{"@context":"https:\/\/schema.org","@graph":[{"@type":"Article","@id":"http:\/\/madeinzaragoza.es\/blog\/calzados-de-comercios-locales-este-verano\/#article","isPartOf":{"@id":"http:\/\/madeinzaragoza.es\/blog\/calzados-de-comercios-locales-este-verano\/"},"author":{"name":"Monica Gim\u00e9nez","@id":"http:\/\/madeinzaragoza.es\/blog\/#\/schema\/person\/7f474fda5b3cfb05e3d9963093971cca"},"headline":"Calzado c\u00f3modo y de dise\u00f1o que puedes encontrar en comercios locales este verano","datePublished":"2015-07-25T13:39:07+00:00","dateModified":"2015-07-25T13:43:30+00:00","mainEntityOfPage":{"@id":"http:\/\/madeinzaragoza.es\/blog\/calzados-de-comercios-locales-este-verano\/"},"wordCount":420,"commentCount":0,"publisher":{"@id":"http:\/\/madeinzaragoza.es\/blog\/#organization"},"keywords":["zapaterias en Zaragoza"],"articleSection":["Tendencias"],"inLanguage":"es","potentialAction":[{"@type":"CommentAction","name":"Comment","target":["http:\/\/madeinzaragoza.es\/blog\/calzados-de-comercios-locales-este-verano\/#respond"]}]},{"@type":"WebPage","@id":"http:\/\/madeinzaragoza.es\/blog\/calzados-de-comercios-locales-este-verano\/","url":"http:\/\/madeinzaragoza.es\/blog\/calzados-de-comercios-locales-este-verano\/","name":"Calzado c\u00f3modo y de dise\u00f1o que puedes encontrar en comercios locales este verano","isPartOf":{"@id":"http:\/\/madeinzaragoza.es\/blog\/#website"},"datePublished":"2015-07-25T13:39:07+00:00","dateModified":"2015-07-25T13:43:30+00:00","breadcrumb":{"@id":"http:\/\/madeinzaragoza.es\/blog\/calzados-de-comercios-locales-este-verano\/#breadcrumb"},"inLanguage":"es","potentialAction":[{"@type":"ReadAction","target":["http:\/\/madeinzaragoza.es\/blog\/calzados-de-comercios-locales-este-verano\/"]}]},{"@type":"BreadcrumbList","@id":"http:\/\/madeinzaragoza.es\/blog\/calzados-de-comercios-locales-este-verano\/#breadcrumb","itemListElement":[{"@type":"ListItem","position":1,"name":"Portada","item":"http:\/\/madeinzaragoza.es\/blog\/"},{"@type":"ListItem","position":2,"name":"Calzado c\u00f3modo y de dise\u00f1o que puedes encontrar en comercios locales este verano"}]},{"@type":"WebSite","@id":"http:\/\/madeinzaragoza.es\/blog\/#website","url":"http:\/\/madeinzaragoza.es\/blog\/","name":"Made in Zaragoza","description":"Blog de MadeinZGZ, Red de Econom\u00eda Creativa de Zaragoza","publisher":{"@id":"http:\/\/madeinzaragoza.es\/blog\/#organization"},"potentialAction":[{"@type":"SearchAction","target":{"@type":"EntryPoint","urlTemplate":"http:\/\/madeinzaragoza.es\/blog\/?s={search_term_string}"},"query-input":"required name=search_term_string"}],"inLanguage":"es"},{"@type":"Organization","@id":"http:\/\/madeinzaragoza.es\/blog\/#organization","name":"Made In Zaragoza","url":"http:\/\/madeinzaragoza.es\/blog\/","sameAs":["https:\/\/www.instagram.com\/madeinzaragoza.es\/","https:\/\/www.facebook.com\/madeinzaragoza.es\/","https:\/\/twitter.com\/madeinzaragoza"],"logo":{"@type":"ImageObject","inLanguage":"es","@id":"http:\/\/madeinzaragoza.es\/blog\/#\/schema\/logo\/image\/","url":"https:\/\/madeinzaragoza.es\/blog\/wp-content\/uploads\/2022\/05\/logo.png","contentUrl":"https:\/\/madeinzaragoza.es\/blog\/wp-content\/uploads\/2022\/05\/logo.png","width":193,"height":176,"caption":"Made In Zaragoza"},"image":{"@id":"http:\/\/madeinzaragoza.es\/blog\/#\/schema\/logo\/image\/"}},{"@type":"Person","@id":"http:\/\/madeinzaragoza.es\/blog\/#\/schema\/person\/7f474fda5b3cfb05e3d9963093971cca","name":"Monica Gim\u00e9nez","image":{"@type":"ImageObject","inLanguage":"es","@id":"http:\/\/madeinzaragoza.es\/blog\/#\/schema\/person\/image\/","url":"http:\/\/2.gravatar.com\/avatar\/bdd60894f529a2929832a56d3c3eb2f2?s=96&d=mm&r=g","contentUrl":"http:\/\/2.gravatar.com\/avatar\/bdd60894f529a2929832a56d3c3eb2f2?s=96&d=mm&r=g","caption":"Monica Gim\u00e9nez"},"description":"Coordinadora del blog de MadeinZaragoza. Me dedico a la comunicaci\u00f3n y al marketing online. Me gusta el teatro, leer c\u00f3mic, comer sushi y descubrir nuevos lugares con encanto en mi ciudad.","sameAs":["https:\/\/misstechin.com","misstechin","https:\/\/twitter.com\/misstechin"],"url":"http:\/\/madeinzaragoza.es\/blog\/author\/moni\/"}]}},"_links":{"self":[{"href":"http:\/\/madeinzaragoza.es\/blog\/wp-json\/wp\/v2\/posts\/9625"}],"collection":[{"href":"http:\/\/madeinzaragoza.es\/blog\/wp-json\/wp\/v2\/posts"}],"about":[{"href":"http:\/\/madeinzaragoza.es\/blog\/wp-json\/wp\/v2\/types\/post"}],"author":[{"embeddable":true,"href":"http:\/\/madeinzaragoza.es\/blog\/wp-json\/wp\/v2\/users\/3"}],"replies":[{"embeddable":true,"href":"http:\/\/madeinzaragoza.es\/blog\/wp-json\/wp\/v2\/comments?post=9625"}],"version-history":[{"count":2,"href":"http:\/\/madeinzaragoza.es\/blog\/wp-json\/wp\/v2\/posts\/9625\/revisions"}],"predecessor-version":[{"id":9642,"href":"http:\/\/madeinzaragoza.es\/blog\/wp-json\/wp\/v2\/posts\/9625\/revisions\/9642"}],"wp:featuredmedia":[{"embeddable":true,"href":"http:\/\/madeinzaragoza.es\/blog\/wp-json\/wp\/v2\/media\/9632"}],"wp:attachment":[{"href":"http:\/\/madeinzaragoza.es\/blog\/wp-json\/wp\/v2\/media?parent=9625"}],"wp:term":[{"taxonomy":"category","embeddable":true,"href":"http:\/\/madeinzaragoza.es\/blog\/wp-json\/wp\/v2\/categories?post=9625"},{"taxonomy":"post_tag","embeddable":true,"href":"http:\/\/madeinzaragoza.es\/blog\/wp-json\/wp\/v2\/tags?post=9625"}],"curies":[{"name":"wp","href":"https:\/\/api.w.org\/{rel}","templated":true}]}}