{"id":9619,"date":"2015-07-25T13:27:10","date_gmt":"2015-07-25T12:27:10","guid":{"rendered":"http:\/\/madeinzaragoza.es\/blog\/?p=9619"},"modified":"2015-07-25T13:27:10","modified_gmt":"2015-07-25T12:27:10","slug":"presentacion-proyecto-vacioespaciolleno-de-sergio-muro-en-el-espacio-de-transito-del-centro-de-historias","status":"publish","type":"post","link":"http:\/\/madeinzaragoza.es\/blog\/presentacion-proyecto-vacioespaciolleno-de-sergio-muro-en-el-espacio-de-transito-del-centro-de-historias\/","title":{"rendered":"Presentaci\u00f3n Proyecto Vac\u00edo\/Espacio\/Lleno de Sergio Muro en el Espacio de Tr\u00e1nsito del Centro de Historias"},"content":{"rendered":"<p><img loading=\"lazy\" decoding=\"async\" class=\"aligncenter  wp-image-9620\" src=\"http:\/\/madeinzaragoza.es\/blog\/wp-content\/uploads\/2015\/07\/sergio-muro-vacio-1024x682.jpg\" alt=\"sergio muro vacio\" width=\"497\" height=\"331\" srcset=\"http:\/\/madeinzaragoza.es\/blog\/wp-content\/uploads\/2015\/07\/sergio-muro-vacio-1024x682.jpg 1024w, http:\/\/madeinzaragoza.es\/blog\/wp-content\/uploads\/2015\/07\/sergio-muro-vacio-300x199.jpg 300w, http:\/\/madeinzaragoza.es\/blog\/wp-content\/uploads\/2015\/07\/sergio-muro-vacio-163x109.jpg 163w, http:\/\/madeinzaragoza.es\/blog\/wp-content\/uploads\/2015\/07\/sergio-muro-vacio-105x70.jpg 105w, http:\/\/madeinzaragoza.es\/blog\/wp-content\/uploads\/2015\/07\/sergio-muro-vacio-625x416.jpg 625w, http:\/\/madeinzaragoza.es\/blog\/wp-content\/uploads\/2015\/07\/sergio-muro-vacio-180x119.jpg 180w, http:\/\/madeinzaragoza.es\/blog\/wp-content\/uploads\/2015\/07\/sergio-muro-vacio-960x639.jpg 960w, http:\/\/madeinzaragoza.es\/blog\/wp-content\/uploads\/2015\/07\/sergio-muro-vacio-350x233.jpg 350w, http:\/\/madeinzaragoza.es\/blog\/wp-content\/uploads\/2015\/07\/sergio-muro-vacio.jpg 1208w\" sizes=\"(max-width: 497px) 85vw, 497px\" \/><\/p>\n<p>El jueves 30 de julio a las 19 horas se inaugura en el Espacio Tr\u00e1nsito del Centro de Historias el nuevo proyecto art\u00edstico de <a href=\"http:\/\/www.artixcreativo.com\/sergio-muro\/\" target=\"_blank\" class=\"broken_link\"><strong>Sergio Muro<\/strong><\/a>, que durar\u00e1 un mes entero, contando con la presencia del artista durante todo el proceso creativo dentro del espacio.<\/p>\n<p>Sergio Muro se presenta sin nada en el Espacio Tr\u00e1nsito del Centro de Historias de Zaragoza, en un inicio totalmente vac\u00edo. Parte de cero. <strong>Propone al espectador un acto creativo conjunto donde cada persona que se acerque a ver al artista, puede llevar lo que desee, principalmente objetos y materiales para crear<\/strong> (Pinturas, ropa, sillas, mesas, lienzos, libros, radios, cubos, mu\u00f1ecos, cinta americana\u2026). Incluso, la propia palabra del espectador tambi\u00e9n es bienvenida. Todo ser\u00e1 utilizado para crear arte, donde el proceso creativo es esencial y donde la interactuaci\u00f3n con el p\u00fablico primar\u00e1.<\/p>\n<p>El artista estar\u00e1 en el espacio todo el mes de agosto, en el horario de apertura del centro, todas las tardes de 17 a 21 horas -con horario matutino los fines de semana-, donde se recoger\u00e1n las donaciones de los espectadores y el artista trabajar\u00e1 en base a ellos.<\/p>\n<p>Como si trabajase en el Museo, su funci\u00f3n ser\u00e1 crear arte, y el presupuesto que ha pedido es el de mileurista.<\/p>\n<p>Este concepto ya lo evoc\u00f3 Isidoro Valc\u00e1rcel Medina cuando pint\u00f3 el muro del MACBA de blanco por lo que hubiese cobrado un pintor de \u201cbrocha gorda\u201d.<\/p>\n<p>Tambi\u00e9n hay otras referencias de artistas que se han \u201cencerrado\u201d en un espacio art\u00edstico, como Joseph Beuys en una Galer\u00eda Neoyorkina durante 4 d\u00edas con un coyote o los Gilbert and George que fueron esculturas cantantes dentro de un Museo, all\u00e1 por los a\u00f1os 70.<\/p>\n<p>Es una cr\u00edtica a la situaci\u00f3n actual de la cultura y el arte, con muchos recortes, infravalorada\u00a0por los gobernantes, siendo esencial para una sociedad libre y educada.<br \/>\nPero, parad\u00f3jicamente, por otro lado el arte en muchas ocasiones est\u00e1 sobrevalorado, como podemos ver en las casas de subastas donde las piezas adquieren precios desorbitados.<\/p>\n<p><img loading=\"lazy\" decoding=\"async\" class=\"aligncenter  wp-image-9621\" src=\"http:\/\/madeinzaragoza.es\/blog\/wp-content\/uploads\/2015\/07\/sergio_muro.jpg\" alt=\"sergio_muro\" width=\"487\" height=\"366\" srcset=\"http:\/\/madeinzaragoza.es\/blog\/wp-content\/uploads\/2015\/07\/sergio_muro.jpg 900w, http:\/\/madeinzaragoza.es\/blog\/wp-content\/uploads\/2015\/07\/sergio_muro-300x225.jpg 300w, http:\/\/madeinzaragoza.es\/blog\/wp-content\/uploads\/2015\/07\/sergio_muro-625x468.jpg 625w, http:\/\/madeinzaragoza.es\/blog\/wp-content\/uploads\/2015\/07\/sergio_muro-180x135.jpg 180w, http:\/\/madeinzaragoza.es\/blog\/wp-content\/uploads\/2015\/07\/sergio_muro-350x262.jpg 350w\" sizes=\"(max-width: 487px) 85vw, 487px\" \/><\/p>\n<p>A la vez, es un ensalzamiento a la creaci\u00f3n pura, al instante, a lo espont\u00e1neo. El movimiento Fluxus ya manten\u00eda que el arte y la creatividad est\u00e1n innatos en todo ser humano.<br \/>\nDe ah\u00ed, que el artista quiera involucrar al visitante, para que sea consciente de sus capacidades, y se integre dentro de la idea desde el momento que sale de su casa con el objeto elegido.<\/p>\n<p>El d\u00eda de la inauguraci\u00f3n realizar\u00e1 <strong>\u00abThe Opening\u00bb<\/strong> y clausura el proyecto con otro performance titulado \u00abLa \u00faltima cena\u00bb, preparados ex profeso. Este \u00faltimo ser\u00e1 el s\u00e1bado 29 de agosto, coincidiendo con la programaci\u00f3n del Festival de Performance Out of Mind, que Artix organiza desde hace 5 temporadas.<\/p>\n<p>&nbsp;<\/p>\n","protected":false},"excerpt":{"rendered":"<p>El jueves 30 de julio a las 19 horas se inaugura en el Espacio Tr\u00e1nsito del Centro de Historias el nuevo proyecto art\u00edstico de Sergio Muro, que durar\u00e1 un mes entero, contando con la presencia del artista durante todo el proceso creativo dentro del espacio. Sergio Muro se presenta sin nada en el Espacio Tr\u00e1nsito &hellip; <a href=\"http:\/\/madeinzaragoza.es\/blog\/presentacion-proyecto-vacioespaciolleno-de-sergio-muro-en-el-espacio-de-transito-del-centro-de-historias\/\" class=\"more-link\">Continuar leyendo<span class=\"screen-reader-text\"> \u00abPresentaci\u00f3n Proyecto Vac\u00edo\/Espacio\/Lleno de Sergio Muro en el Espacio de Tr\u00e1nsito del Centro de Historias\u00bb<\/span><\/a><\/p>\n","protected":false},"author":3,"featured_media":9620,"comment_status":"open","ping_status":"open","sticky":false,"template":"","format":"standard","meta":{"footnotes":""},"categories":[829,7],"tags":[],"yoast_head":"<!-- This site is optimized with the Yoast SEO plugin v19.7.2 - https:\/\/yoast.com\/wordpress\/plugins\/seo\/ -->\n<title>Presentaci\u00f3n Proyecto Vac\u00edo\/Espacio\/Lleno de Sergio Muro en el Espacio de Tr\u00e1nsito del Centro de Historias - Made in Zaragoza<\/title>\n<meta name=\"robots\" content=\"index, follow, max-snippet:-1, max-image-preview:large, max-video-preview:-1\" \/>\n<link rel=\"canonical\" href=\"http:\/\/madeinzaragoza.es\/blog\/presentacion-proyecto-vacioespaciolleno-de-sergio-muro-en-el-espacio-de-transito-del-centro-de-historias\/\" \/>\n<meta property=\"og:locale\" content=\"es_ES\" \/>\n<meta property=\"og:type\" content=\"article\" \/>\n<meta property=\"og:title\" content=\"Presentaci\u00f3n Proyecto Vac\u00edo\/Espacio\/Lleno de Sergio Muro en el Espacio de Tr\u00e1nsito del Centro de Historias - Made in Zaragoza\" \/>\n<meta property=\"og:description\" content=\"El jueves 30 de julio a las 19 horas se inaugura en el Espacio Tr\u00e1nsito del Centro de Historias el nuevo proyecto art\u00edstico de Sergio Muro, que durar\u00e1 un mes entero, contando con la presencia del artista durante todo el proceso creativo dentro del espacio. Sergio Muro se presenta sin nada en el Espacio Tr\u00e1nsito &hellip; Continuar leyendo &quot;Presentaci\u00f3n Proyecto Vac\u00edo\/Espacio\/Lleno de Sergio Muro en el Espacio de Tr\u00e1nsito del Centro de Historias&quot;\" \/>\n<meta property=\"og:url\" content=\"http:\/\/madeinzaragoza.es\/blog\/presentacion-proyecto-vacioespaciolleno-de-sergio-muro-en-el-espacio-de-transito-del-centro-de-historias\/\" \/>\n<meta property=\"og:site_name\" content=\"Made in Zaragoza\" \/>\n<meta property=\"article:publisher\" content=\"https:\/\/www.facebook.com\/madeinzaragoza.es\/\" \/>\n<meta property=\"article:author\" content=\"misstechin\" \/>\n<meta property=\"article:published_time\" content=\"2015-07-25T12:27:10+00:00\" \/>\n<meta property=\"og:image\" content=\"http:\/\/madeinzaragoza.es\/blog\/wp-content\/uploads\/2015\/07\/sergio-muro-vacio.jpg\" \/>\n\t<meta property=\"og:image:width\" content=\"1208\" \/>\n\t<meta property=\"og:image:height\" content=\"805\" \/>\n\t<meta property=\"og:image:type\" content=\"image\/jpeg\" \/>\n<meta name=\"author\" content=\"Monica Gim\u00e9nez\" \/>\n<meta name=\"twitter:card\" content=\"summary\" \/>\n<meta name=\"twitter:creator\" content=\"@misstechin\" \/>\n<meta name=\"twitter:site\" content=\"@madeinzaragoza\" \/>\n<meta name=\"twitter:label1\" content=\"Escrito por\" \/>\n\t<meta name=\"twitter:data1\" content=\"Monica Gim\u00e9nez\" \/>\n\t<meta name=\"twitter:label2\" content=\"Tiempo de lectura\" \/>\n\t<meta name=\"twitter:data2\" content=\"2 minutos\" \/>\n<script type=\"application\/ld+json\" class=\"yoast-schema-graph\">{\"@context\":\"https:\/\/schema.org\",\"@graph\":[{\"@type\":\"Article\",\"@id\":\"http:\/\/madeinzaragoza.es\/blog\/presentacion-proyecto-vacioespaciolleno-de-sergio-muro-en-el-espacio-de-transito-del-centro-de-historias\/#article\",\"isPartOf\":{\"@id\":\"http:\/\/madeinzaragoza.es\/blog\/presentacion-proyecto-vacioespaciolleno-de-sergio-muro-en-el-espacio-de-transito-del-centro-de-historias\/\"},\"author\":{\"name\":\"Monica Gim\u00e9nez\",\"@id\":\"http:\/\/madeinzaragoza.es\/blog\/#\/schema\/person\/7f474fda5b3cfb05e3d9963093971cca\"},\"headline\":\"Presentaci\u00f3n Proyecto Vac\u00edo\/Espacio\/Lleno de Sergio Muro en el Espacio de Tr\u00e1nsito del Centro de Historias\",\"datePublished\":\"2015-07-25T12:27:10+00:00\",\"dateModified\":\"2015-07-25T12:27:10+00:00\",\"mainEntityOfPage\":{\"@id\":\"http:\/\/madeinzaragoza.es\/blog\/presentacion-proyecto-vacioespaciolleno-de-sergio-muro-en-el-espacio-de-transito-del-centro-de-historias\/\"},\"wordCount\":487,\"commentCount\":1,\"publisher\":{\"@id\":\"http:\/\/madeinzaragoza.es\/blog\/#organization\"},\"articleSection\":[\"Cultura\",\"Qu\u00e9 hacer\"],\"inLanguage\":\"es\",\"potentialAction\":[{\"@type\":\"CommentAction\",\"name\":\"Comment\",\"target\":[\"http:\/\/madeinzaragoza.es\/blog\/presentacion-proyecto-vacioespaciolleno-de-sergio-muro-en-el-espacio-de-transito-del-centro-de-historias\/#respond\"]}]},{\"@type\":\"WebPage\",\"@id\":\"http:\/\/madeinzaragoza.es\/blog\/presentacion-proyecto-vacioespaciolleno-de-sergio-muro-en-el-espacio-de-transito-del-centro-de-historias\/\",\"url\":\"http:\/\/madeinzaragoza.es\/blog\/presentacion-proyecto-vacioespaciolleno-de-sergio-muro-en-el-espacio-de-transito-del-centro-de-historias\/\",\"name\":\"Presentaci\u00f3n Proyecto Vac\u00edo\/Espacio\/Lleno de Sergio Muro en el Espacio de Tr\u00e1nsito del Centro de Historias - Made in Zaragoza\",\"isPartOf\":{\"@id\":\"http:\/\/madeinzaragoza.es\/blog\/#website\"},\"datePublished\":\"2015-07-25T12:27:10+00:00\",\"dateModified\":\"2015-07-25T12:27:10+00:00\",\"breadcrumb\":{\"@id\":\"http:\/\/madeinzaragoza.es\/blog\/presentacion-proyecto-vacioespaciolleno-de-sergio-muro-en-el-espacio-de-transito-del-centro-de-historias\/#breadcrumb\"},\"inLanguage\":\"es\",\"potentialAction\":[{\"@type\":\"ReadAction\",\"target\":[\"http:\/\/madeinzaragoza.es\/blog\/presentacion-proyecto-vacioespaciolleno-de-sergio-muro-en-el-espacio-de-transito-del-centro-de-historias\/\"]}]},{\"@type\":\"BreadcrumbList\",\"@id\":\"http:\/\/madeinzaragoza.es\/blog\/presentacion-proyecto-vacioespaciolleno-de-sergio-muro-en-el-espacio-de-transito-del-centro-de-historias\/#breadcrumb\",\"itemListElement\":[{\"@type\":\"ListItem\",\"position\":1,\"name\":\"Portada\",\"item\":\"http:\/\/madeinzaragoza.es\/blog\/\"},{\"@type\":\"ListItem\",\"position\":2,\"name\":\"Presentaci\u00f3n Proyecto Vac\u00edo\/Espacio\/Lleno de Sergio Muro en el Espacio de Tr\u00e1nsito del Centro de Historias\"}]},{\"@type\":\"WebSite\",\"@id\":\"http:\/\/madeinzaragoza.es\/blog\/#website\",\"url\":\"http:\/\/madeinzaragoza.es\/blog\/\",\"name\":\"Made in Zaragoza\",\"description\":\"Blog de MadeinZGZ, Red de Econom\u00eda Creativa de Zaragoza\",\"publisher\":{\"@id\":\"http:\/\/madeinzaragoza.es\/blog\/#organization\"},\"potentialAction\":[{\"@type\":\"SearchAction\",\"target\":{\"@type\":\"EntryPoint\",\"urlTemplate\":\"http:\/\/madeinzaragoza.es\/blog\/?s={search_term_string}\"},\"query-input\":\"required name=search_term_string\"}],\"inLanguage\":\"es\"},{\"@type\":\"Organization\",\"@id\":\"http:\/\/madeinzaragoza.es\/blog\/#organization\",\"name\":\"Made In Zaragoza\",\"url\":\"http:\/\/madeinzaragoza.es\/blog\/\",\"sameAs\":[\"https:\/\/www.instagram.com\/madeinzaragoza.es\/\",\"https:\/\/www.facebook.com\/madeinzaragoza.es\/\",\"https:\/\/twitter.com\/madeinzaragoza\"],\"logo\":{\"@type\":\"ImageObject\",\"inLanguage\":\"es\",\"@id\":\"http:\/\/madeinzaragoza.es\/blog\/#\/schema\/logo\/image\/\",\"url\":\"https:\/\/madeinzaragoza.es\/blog\/wp-content\/uploads\/2022\/05\/logo.png\",\"contentUrl\":\"https:\/\/madeinzaragoza.es\/blog\/wp-content\/uploads\/2022\/05\/logo.png\",\"width\":193,\"height\":176,\"caption\":\"Made In Zaragoza\"},\"image\":{\"@id\":\"http:\/\/madeinzaragoza.es\/blog\/#\/schema\/logo\/image\/\"}},{\"@type\":\"Person\",\"@id\":\"http:\/\/madeinzaragoza.es\/blog\/#\/schema\/person\/7f474fda5b3cfb05e3d9963093971cca\",\"name\":\"Monica Gim\u00e9nez\",\"image\":{\"@type\":\"ImageObject\",\"inLanguage\":\"es\",\"@id\":\"http:\/\/madeinzaragoza.es\/blog\/#\/schema\/person\/image\/\",\"url\":\"http:\/\/2.gravatar.com\/avatar\/bdd60894f529a2929832a56d3c3eb2f2?s=96&d=mm&r=g\",\"contentUrl\":\"http:\/\/2.gravatar.com\/avatar\/bdd60894f529a2929832a56d3c3eb2f2?s=96&d=mm&r=g\",\"caption\":\"Monica Gim\u00e9nez\"},\"description\":\"Coordinadora del blog de MadeinZaragoza. Me dedico a la comunicaci\u00f3n y al marketing online. Me gusta el teatro, leer c\u00f3mic, comer sushi y descubrir nuevos lugares con encanto en mi ciudad.\",\"sameAs\":[\"https:\/\/misstechin.com\",\"misstechin\",\"https:\/\/twitter.com\/misstechin\"],\"url\":\"http:\/\/madeinzaragoza.es\/blog\/author\/moni\/\"}]}<\/script>\n<!-- \/ Yoast SEO plugin. -->","yoast_head_json":{"title":"Presentaci\u00f3n Proyecto Vac\u00edo\/Espacio\/Lleno de Sergio Muro en el Espacio de Tr\u00e1nsito del Centro de Historias - Made in Zaragoza","robots":{"index":"index","follow":"follow","max-snippet":"max-snippet:-1","max-image-preview":"max-image-preview:large","max-video-preview":"max-video-preview:-1"},"canonical":"http:\/\/madeinzaragoza.es\/blog\/presentacion-proyecto-vacioespaciolleno-de-sergio-muro-en-el-espacio-de-transito-del-centro-de-historias\/","og_locale":"es_ES","og_type":"article","og_title":"Presentaci\u00f3n Proyecto Vac\u00edo\/Espacio\/Lleno de Sergio Muro en el Espacio de Tr\u00e1nsito del Centro de Historias - Made in Zaragoza","og_description":"El jueves 30 de julio a las 19 horas se inaugura en el Espacio Tr\u00e1nsito del Centro de Historias el nuevo proyecto art\u00edstico de Sergio Muro, que durar\u00e1 un mes entero, contando con la presencia del artista durante todo el proceso creativo dentro del espacio. Sergio Muro se presenta sin nada en el Espacio Tr\u00e1nsito &hellip; Continuar leyendo \"Presentaci\u00f3n Proyecto Vac\u00edo\/Espacio\/Lleno de Sergio Muro en el Espacio de Tr\u00e1nsito del Centro de Historias\"","og_url":"http:\/\/madeinzaragoza.es\/blog\/presentacion-proyecto-vacioespaciolleno-de-sergio-muro-en-el-espacio-de-transito-del-centro-de-historias\/","og_site_name":"Made in Zaragoza","article_publisher":"https:\/\/www.facebook.com\/madeinzaragoza.es\/","article_author":"misstechin","article_published_time":"2015-07-25T12:27:10+00:00","og_image":[{"width":1208,"height":805,"url":"http:\/\/madeinzaragoza.es\/blog\/wp-content\/uploads\/2015\/07\/sergio-muro-vacio.jpg","type":"image\/jpeg"}],"author":"Monica Gim\u00e9nez","twitter_card":"summary","twitter_creator":"@misstechin","twitter_site":"@madeinzaragoza","twitter_misc":{"Escrito por":"Monica Gim\u00e9nez","Tiempo de lectura":"2 minutos"},"schema":{"@context":"https:\/\/schema.org","@graph":[{"@type":"Article","@id":"http:\/\/madeinzaragoza.es\/blog\/presentacion-proyecto-vacioespaciolleno-de-sergio-muro-en-el-espacio-de-transito-del-centro-de-historias\/#article","isPartOf":{"@id":"http:\/\/madeinzaragoza.es\/blog\/presentacion-proyecto-vacioespaciolleno-de-sergio-muro-en-el-espacio-de-transito-del-centro-de-historias\/"},"author":{"name":"Monica Gim\u00e9nez","@id":"http:\/\/madeinzaragoza.es\/blog\/#\/schema\/person\/7f474fda5b3cfb05e3d9963093971cca"},"headline":"Presentaci\u00f3n Proyecto Vac\u00edo\/Espacio\/Lleno de Sergio Muro en el Espacio de Tr\u00e1nsito del Centro de Historias","datePublished":"2015-07-25T12:27:10+00:00","dateModified":"2015-07-25T12:27:10+00:00","mainEntityOfPage":{"@id":"http:\/\/madeinzaragoza.es\/blog\/presentacion-proyecto-vacioespaciolleno-de-sergio-muro-en-el-espacio-de-transito-del-centro-de-historias\/"},"wordCount":487,"commentCount":1,"publisher":{"@id":"http:\/\/madeinzaragoza.es\/blog\/#organization"},"articleSection":["Cultura","Qu\u00e9 hacer"],"inLanguage":"es","potentialAction":[{"@type":"CommentAction","name":"Comment","target":["http:\/\/madeinzaragoza.es\/blog\/presentacion-proyecto-vacioespaciolleno-de-sergio-muro-en-el-espacio-de-transito-del-centro-de-historias\/#respond"]}]},{"@type":"WebPage","@id":"http:\/\/madeinzaragoza.es\/blog\/presentacion-proyecto-vacioespaciolleno-de-sergio-muro-en-el-espacio-de-transito-del-centro-de-historias\/","url":"http:\/\/madeinzaragoza.es\/blog\/presentacion-proyecto-vacioespaciolleno-de-sergio-muro-en-el-espacio-de-transito-del-centro-de-historias\/","name":"Presentaci\u00f3n Proyecto Vac\u00edo\/Espacio\/Lleno de Sergio Muro en el Espacio de Tr\u00e1nsito del Centro de Historias - Made in Zaragoza","isPartOf":{"@id":"http:\/\/madeinzaragoza.es\/blog\/#website"},"datePublished":"2015-07-25T12:27:10+00:00","dateModified":"2015-07-25T12:27:10+00:00","breadcrumb":{"@id":"http:\/\/madeinzaragoza.es\/blog\/presentacion-proyecto-vacioespaciolleno-de-sergio-muro-en-el-espacio-de-transito-del-centro-de-historias\/#breadcrumb"},"inLanguage":"es","potentialAction":[{"@type":"ReadAction","target":["http:\/\/madeinzaragoza.es\/blog\/presentacion-proyecto-vacioespaciolleno-de-sergio-muro-en-el-espacio-de-transito-del-centro-de-historias\/"]}]},{"@type":"BreadcrumbList","@id":"http:\/\/madeinzaragoza.es\/blog\/presentacion-proyecto-vacioespaciolleno-de-sergio-muro-en-el-espacio-de-transito-del-centro-de-historias\/#breadcrumb","itemListElement":[{"@type":"ListItem","position":1,"name":"Portada","item":"http:\/\/madeinzaragoza.es\/blog\/"},{"@type":"ListItem","position":2,"name":"Presentaci\u00f3n Proyecto Vac\u00edo\/Espacio\/Lleno de Sergio Muro en el Espacio de Tr\u00e1nsito del Centro de Historias"}]},{"@type":"WebSite","@id":"http:\/\/madeinzaragoza.es\/blog\/#website","url":"http:\/\/madeinzaragoza.es\/blog\/","name":"Made in Zaragoza","description":"Blog de MadeinZGZ, Red de Econom\u00eda Creativa de Zaragoza","publisher":{"@id":"http:\/\/madeinzaragoza.es\/blog\/#organization"},"potentialAction":[{"@type":"SearchAction","target":{"@type":"EntryPoint","urlTemplate":"http:\/\/madeinzaragoza.es\/blog\/?s={search_term_string}"},"query-input":"required name=search_term_string"}],"inLanguage":"es"},{"@type":"Organization","@id":"http:\/\/madeinzaragoza.es\/blog\/#organization","name":"Made In Zaragoza","url":"http:\/\/madeinzaragoza.es\/blog\/","sameAs":["https:\/\/www.instagram.com\/madeinzaragoza.es\/","https:\/\/www.facebook.com\/madeinzaragoza.es\/","https:\/\/twitter.com\/madeinzaragoza"],"logo":{"@type":"ImageObject","inLanguage":"es","@id":"http:\/\/madeinzaragoza.es\/blog\/#\/schema\/logo\/image\/","url":"https:\/\/madeinzaragoza.es\/blog\/wp-content\/uploads\/2022\/05\/logo.png","contentUrl":"https:\/\/madeinzaragoza.es\/blog\/wp-content\/uploads\/2022\/05\/logo.png","width":193,"height":176,"caption":"Made In Zaragoza"},"image":{"@id":"http:\/\/madeinzaragoza.es\/blog\/#\/schema\/logo\/image\/"}},{"@type":"Person","@id":"http:\/\/madeinzaragoza.es\/blog\/#\/schema\/person\/7f474fda5b3cfb05e3d9963093971cca","name":"Monica Gim\u00e9nez","image":{"@type":"ImageObject","inLanguage":"es","@id":"http:\/\/madeinzaragoza.es\/blog\/#\/schema\/person\/image\/","url":"http:\/\/2.gravatar.com\/avatar\/bdd60894f529a2929832a56d3c3eb2f2?s=96&d=mm&r=g","contentUrl":"http:\/\/2.gravatar.com\/avatar\/bdd60894f529a2929832a56d3c3eb2f2?s=96&d=mm&r=g","caption":"Monica Gim\u00e9nez"},"description":"Coordinadora del blog de MadeinZaragoza. Me dedico a la comunicaci\u00f3n y al marketing online. Me gusta el teatro, leer c\u00f3mic, comer sushi y descubrir nuevos lugares con encanto en mi ciudad.","sameAs":["https:\/\/misstechin.com","misstechin","https:\/\/twitter.com\/misstechin"],"url":"http:\/\/madeinzaragoza.es\/blog\/author\/moni\/"}]}},"_links":{"self":[{"href":"http:\/\/madeinzaragoza.es\/blog\/wp-json\/wp\/v2\/posts\/9619"}],"collection":[{"href":"http:\/\/madeinzaragoza.es\/blog\/wp-json\/wp\/v2\/posts"}],"about":[{"href":"http:\/\/madeinzaragoza.es\/blog\/wp-json\/wp\/v2\/types\/post"}],"author":[{"embeddable":true,"href":"http:\/\/madeinzaragoza.es\/blog\/wp-json\/wp\/v2\/users\/3"}],"replies":[{"embeddable":true,"href":"http:\/\/madeinzaragoza.es\/blog\/wp-json\/wp\/v2\/comments?post=9619"}],"version-history":[{"count":1,"href":"http:\/\/madeinzaragoza.es\/blog\/wp-json\/wp\/v2\/posts\/9619\/revisions"}],"predecessor-version":[{"id":9622,"href":"http:\/\/madeinzaragoza.es\/blog\/wp-json\/wp\/v2\/posts\/9619\/revisions\/9622"}],"wp:featuredmedia":[{"embeddable":true,"href":"http:\/\/madeinzaragoza.es\/blog\/wp-json\/wp\/v2\/media\/9620"}],"wp:attachment":[{"href":"http:\/\/madeinzaragoza.es\/blog\/wp-json\/wp\/v2\/media?parent=9619"}],"wp:term":[{"taxonomy":"category","embeddable":true,"href":"http:\/\/madeinzaragoza.es\/blog\/wp-json\/wp\/v2\/categories?post=9619"},{"taxonomy":"post_tag","embeddable":true,"href":"http:\/\/madeinzaragoza.es\/blog\/wp-json\/wp\/v2\/tags?post=9619"}],"curies":[{"name":"wp","href":"https:\/\/api.w.org\/{rel}","templated":true}]}}