{"id":9609,"date":"2015-07-22T19:24:33","date_gmt":"2015-07-22T18:24:33","guid":{"rendered":"http:\/\/madeinzaragoza.es\/blog\/?p=9609"},"modified":"2015-07-22T19:57:59","modified_gmt":"2015-07-22T18:57:59","slug":"arterias-2-videoentrevista-a-la-artista-multidisciplinar-eli-lost","status":"publish","type":"post","link":"http:\/\/madeinzaragoza.es\/blog\/arterias-2-videoentrevista-a-la-artista-multidisciplinar-eli-lost\/","title":{"rendered":"Arterias 2: Videoentrevista a la artista multidisciplinar Eli Lost"},"content":{"rendered":"<p><img loading=\"lazy\" decoding=\"async\" class=\"aligncenter wp-image-9610\" src=\"http:\/\/madeinzaragoza.es\/blog\/wp-content\/uploads\/2015\/07\/eli-lost.png\" alt=\"eli lost\" width=\"574\" height=\"339\" srcset=\"http:\/\/madeinzaragoza.es\/blog\/wp-content\/uploads\/2015\/07\/eli-lost.png 792w, http:\/\/madeinzaragoza.es\/blog\/wp-content\/uploads\/2015\/07\/eli-lost-300x177.png 300w, http:\/\/madeinzaragoza.es\/blog\/wp-content\/uploads\/2015\/07\/eli-lost-230x135.png 230w, http:\/\/madeinzaragoza.es\/blog\/wp-content\/uploads\/2015\/07\/eli-lost-625x369.png 625w, http:\/\/madeinzaragoza.es\/blog\/wp-content\/uploads\/2015\/07\/eli-lost-180x106.png 180w, http:\/\/madeinzaragoza.es\/blog\/wp-content\/uploads\/2015\/07\/eli-lost-350x206.png 350w\" sizes=\"(max-width: 574px) 85vw, 574px\" \/><\/p>\n<p><a href=\"http:\/\/madeinzaragoza.es\/blog\/author\/carlos-villar\/\"><strong>\u201cARTERIAS\u201d<\/strong><\/a>\u00a0son arte-factos audiovisuales sobre artistas visuales y pl\u00e1sticos que trabajan en Zaragoza.\u00a0Estos espacios pretenden acercarse a sus t\u00e9cnicas y mecanismos de creaci\u00f3n, a sus diferentes propuestas y a la intimidad de su espacio de creaci\u00f3n y de su pensamiento. La serie est\u00e1 formada por c\u00e1psulas monogr\u00e1ficas de unos 15 \u2013 20 minutos de duraci\u00f3n.<\/p>\n<p>Este ARTERIAS n\u00famero 2\u00a0se introduce en el proceso de trabajo de la\u00a0multidisciplinar Eli Lost.<\/p>\n<p>Eli trabaja desde Zaragoza creando en \u00e1mbitos tan variados como el <strong>arte urbano, las intervenciones y creaciones en espacios abiertos naturales, la ilustraci\u00f3n, las t\u00e9cnicas de impresi\u00f3n, la animaci\u00f3n por ordenador, el arte textil<\/strong>, etc.<\/p>\n<p>Su universo m\u00e1gico, hipn\u00f3tico y rebosante de creatividad queda reflejado en estos minutos en los que la c\u00e1mara penetr\u00f3 en su mundo.<\/p>\n<p><iframe loading=\"lazy\" src=\"https:\/\/player.vimeo.com\/video\/133056961\" width=\"571\" height=\"428\" frameborder=\"0\" allowfullscreen=\"allowfullscreen\"><\/iframe><\/p>\n<p>Grabado en Zaragoza durante febrero 2015.<br \/>\nC\u00e1mara: Panasonic M7 VHS.<br \/>\nEditado en \u00abEl b\u00fanker\u00bb [ZGZ].<br \/>\nEdici\u00f3n y m\u00fasica: Egosystem.<\/p>\n","protected":false},"excerpt":{"rendered":"<p>\u201cARTERIAS\u201d\u00a0son arte-factos audiovisuales sobre artistas visuales y pl\u00e1sticos que trabajan en Zaragoza.\u00a0Estos espacios pretenden acercarse a sus t\u00e9cnicas y mecanismos de creaci\u00f3n, a sus diferentes propuestas y a la intimidad de su espacio de creaci\u00f3n y de su pensamiento. La serie est\u00e1 formada por c\u00e1psulas monogr\u00e1ficas de unos 15 \u2013 20 minutos de duraci\u00f3n. Este &hellip; <a href=\"http:\/\/madeinzaragoza.es\/blog\/arterias-2-videoentrevista-a-la-artista-multidisciplinar-eli-lost\/\" class=\"more-link\">Continuar leyendo<span class=\"screen-reader-text\"> \u00abArterias 2: Videoentrevista a la artista multidisciplinar Eli Lost\u00bb<\/span><\/a><\/p>\n","protected":false},"author":22,"featured_media":9610,"comment_status":"open","ping_status":"open","sticky":false,"template":"","format":"standard","meta":{"footnotes":""},"categories":[829,6],"tags":[],"yoast_head":"<!-- This site is optimized with the Yoast SEO plugin v19.7.2 - https:\/\/yoast.com\/wordpress\/plugins\/seo\/ -->\n<title>Arterias 2: Videoentrevista a la artista multidisciplinar Eli Lost<\/title>\n<meta name=\"description\" content=\"Eli trabaja desde Zaragoza creando en \u00e1mbitos tan variados como el arte urbano, las intervenciones y creaciones en espacios abiertos naturales, la ilustraci\u00f3n, las t\u00e9cnicas de impresi\u00f3n, la animaci\u00f3n por ordenador, el arte textil, etc.\" \/>\n<meta name=\"robots\" content=\"index, follow, max-snippet:-1, max-image-preview:large, max-video-preview:-1\" \/>\n<link rel=\"canonical\" href=\"http:\/\/madeinzaragoza.es\/blog\/arterias-2-videoentrevista-a-la-artista-multidisciplinar-eli-lost\/\" \/>\n<meta property=\"og:locale\" content=\"es_ES\" \/>\n<meta property=\"og:type\" content=\"article\" \/>\n<meta property=\"og:title\" content=\"Arterias 2: Videoentrevista a la artista multidisciplinar Eli Lost\" \/>\n<meta property=\"og:description\" content=\"Eli trabaja desde Zaragoza creando en \u00e1mbitos tan variados como el arte urbano, las intervenciones y creaciones en espacios abiertos naturales, la ilustraci\u00f3n, las t\u00e9cnicas de impresi\u00f3n, la animaci\u00f3n por ordenador, el arte textil, etc.\" \/>\n<meta property=\"og:url\" content=\"http:\/\/madeinzaragoza.es\/blog\/arterias-2-videoentrevista-a-la-artista-multidisciplinar-eli-lost\/\" \/>\n<meta property=\"og:site_name\" content=\"Made in Zaragoza\" \/>\n<meta property=\"article:publisher\" content=\"https:\/\/www.facebook.com\/madeinzaragoza.es\/\" \/>\n<meta property=\"article:author\" content=\"LasArmasZAC\" \/>\n<meta property=\"article:published_time\" content=\"2015-07-22T18:24:33+00:00\" \/>\n<meta property=\"article:modified_time\" content=\"2015-07-22T18:57:59+00:00\" \/>\n<meta property=\"og:image\" content=\"http:\/\/madeinzaragoza.es\/blog\/wp-content\/uploads\/2015\/07\/eli-lost.png\" \/>\n\t<meta property=\"og:image:width\" content=\"792\" \/>\n\t<meta property=\"og:image:height\" content=\"468\" \/>\n\t<meta property=\"og:image:type\" content=\"image\/png\" \/>\n<meta name=\"author\" content=\"MadeinZGZ\" \/>\n<meta name=\"twitter:card\" content=\"summary\" \/>\n<meta name=\"twitter:creator\" content=\"@madeinzaragoza\" \/>\n<meta name=\"twitter:site\" content=\"@madeinzaragoza\" \/>\n<meta name=\"twitter:label1\" content=\"Escrito por\" \/>\n\t<meta name=\"twitter:data1\" content=\"MadeinZGZ\" \/>\n\t<meta name=\"twitter:label2\" content=\"Tiempo de lectura\" \/>\n\t<meta name=\"twitter:data2\" content=\"1 minuto\" \/>\n<script type=\"application\/ld+json\" class=\"yoast-schema-graph\">{\"@context\":\"https:\/\/schema.org\",\"@graph\":[{\"@type\":\"Article\",\"@id\":\"http:\/\/madeinzaragoza.es\/blog\/arterias-2-videoentrevista-a-la-artista-multidisciplinar-eli-lost\/#article\",\"isPartOf\":{\"@id\":\"http:\/\/madeinzaragoza.es\/blog\/arterias-2-videoentrevista-a-la-artista-multidisciplinar-eli-lost\/\"},\"author\":{\"name\":\"MadeinZGZ\",\"@id\":\"http:\/\/madeinzaragoza.es\/blog\/#\/schema\/person\/59f4073cf7e7bc2b2f33b48241478a32\"},\"headline\":\"Arterias 2: Videoentrevista a la artista multidisciplinar Eli Lost\",\"datePublished\":\"2015-07-22T18:24:33+00:00\",\"dateModified\":\"2015-07-22T18:57:59+00:00\",\"mainEntityOfPage\":{\"@id\":\"http:\/\/madeinzaragoza.es\/blog\/arterias-2-videoentrevista-a-la-artista-multidisciplinar-eli-lost\/\"},\"wordCount\":170,\"commentCount\":0,\"publisher\":{\"@id\":\"http:\/\/madeinzaragoza.es\/blog\/#organization\"},\"articleSection\":[\"Cultura\",\"Gente\"],\"inLanguage\":\"es\",\"potentialAction\":[{\"@type\":\"CommentAction\",\"name\":\"Comment\",\"target\":[\"http:\/\/madeinzaragoza.es\/blog\/arterias-2-videoentrevista-a-la-artista-multidisciplinar-eli-lost\/#respond\"]}]},{\"@type\":\"WebPage\",\"@id\":\"http:\/\/madeinzaragoza.es\/blog\/arterias-2-videoentrevista-a-la-artista-multidisciplinar-eli-lost\/\",\"url\":\"http:\/\/madeinzaragoza.es\/blog\/arterias-2-videoentrevista-a-la-artista-multidisciplinar-eli-lost\/\",\"name\":\"Arterias 2: Videoentrevista a la artista multidisciplinar Eli Lost\",\"isPartOf\":{\"@id\":\"http:\/\/madeinzaragoza.es\/blog\/#website\"},\"datePublished\":\"2015-07-22T18:24:33+00:00\",\"dateModified\":\"2015-07-22T18:57:59+00:00\",\"description\":\"Eli trabaja desde Zaragoza creando en \u00e1mbitos tan variados como el arte urbano, las intervenciones y creaciones en espacios abiertos naturales, la ilustraci\u00f3n, las t\u00e9cnicas de impresi\u00f3n, la animaci\u00f3n por ordenador, el arte textil, etc.\",\"breadcrumb\":{\"@id\":\"http:\/\/madeinzaragoza.es\/blog\/arterias-2-videoentrevista-a-la-artista-multidisciplinar-eli-lost\/#breadcrumb\"},\"inLanguage\":\"es\",\"potentialAction\":[{\"@type\":\"ReadAction\",\"target\":[\"http:\/\/madeinzaragoza.es\/blog\/arterias-2-videoentrevista-a-la-artista-multidisciplinar-eli-lost\/\"]}]},{\"@type\":\"BreadcrumbList\",\"@id\":\"http:\/\/madeinzaragoza.es\/blog\/arterias-2-videoentrevista-a-la-artista-multidisciplinar-eli-lost\/#breadcrumb\",\"itemListElement\":[{\"@type\":\"ListItem\",\"position\":1,\"name\":\"Portada\",\"item\":\"http:\/\/madeinzaragoza.es\/blog\/\"},{\"@type\":\"ListItem\",\"position\":2,\"name\":\"Arterias 2: Videoentrevista a la artista multidisciplinar Eli Lost\"}]},{\"@type\":\"WebSite\",\"@id\":\"http:\/\/madeinzaragoza.es\/blog\/#website\",\"url\":\"http:\/\/madeinzaragoza.es\/blog\/\",\"name\":\"Made in Zaragoza\",\"description\":\"Blog de MadeinZGZ, Red de Econom\u00eda Creativa de Zaragoza\",\"publisher\":{\"@id\":\"http:\/\/madeinzaragoza.es\/blog\/#organization\"},\"potentialAction\":[{\"@type\":\"SearchAction\",\"target\":{\"@type\":\"EntryPoint\",\"urlTemplate\":\"http:\/\/madeinzaragoza.es\/blog\/?s={search_term_string}\"},\"query-input\":\"required name=search_term_string\"}],\"inLanguage\":\"es\"},{\"@type\":\"Organization\",\"@id\":\"http:\/\/madeinzaragoza.es\/blog\/#organization\",\"name\":\"Made In Zaragoza\",\"url\":\"http:\/\/madeinzaragoza.es\/blog\/\",\"sameAs\":[\"https:\/\/www.instagram.com\/madeinzaragoza.es\/\",\"https:\/\/www.facebook.com\/madeinzaragoza.es\/\",\"https:\/\/twitter.com\/madeinzaragoza\"],\"logo\":{\"@type\":\"ImageObject\",\"inLanguage\":\"es\",\"@id\":\"http:\/\/madeinzaragoza.es\/blog\/#\/schema\/logo\/image\/\",\"url\":\"https:\/\/madeinzaragoza.es\/blog\/wp-content\/uploads\/2022\/05\/logo.png\",\"contentUrl\":\"https:\/\/madeinzaragoza.es\/blog\/wp-content\/uploads\/2022\/05\/logo.png\",\"width\":193,\"height\":176,\"caption\":\"Made In Zaragoza\"},\"image\":{\"@id\":\"http:\/\/madeinzaragoza.es\/blog\/#\/schema\/logo\/image\/\"}},{\"@type\":\"Person\",\"@id\":\"http:\/\/madeinzaragoza.es\/blog\/#\/schema\/person\/59f4073cf7e7bc2b2f33b48241478a32\",\"name\":\"MadeinZGZ\",\"image\":{\"@type\":\"ImageObject\",\"inLanguage\":\"es\",\"@id\":\"http:\/\/madeinzaragoza.es\/blog\/#\/schema\/person\/image\/\",\"url\":\"http:\/\/2.gravatar.com\/avatar\/23c2456a35687aa268b52997d8f142d1?s=96&d=mm&r=g\",\"contentUrl\":\"http:\/\/2.gravatar.com\/avatar\/23c2456a35687aa268b52997d8f142d1?s=96&d=mm&r=g\",\"caption\":\"MadeinZGZ\"},\"description\":\"Red de comercios y emprendedores creativos de Zaragoza impulsada por ZGZ Activa.\",\"sameAs\":[\"LasArmasZAC\",\"https:\/\/twitter.com\/madeinzaragoza\"],\"url\":\"http:\/\/madeinzaragoza.es\/blog\/author\/madeinzgz\/\"}]}<\/script>\n<!-- \/ Yoast SEO plugin. -->","yoast_head_json":{"title":"Arterias 2: Videoentrevista a la artista multidisciplinar Eli Lost","description":"Eli trabaja desde Zaragoza creando en \u00e1mbitos tan variados como el arte urbano, las intervenciones y creaciones en espacios abiertos naturales, la ilustraci\u00f3n, las t\u00e9cnicas de impresi\u00f3n, la animaci\u00f3n por ordenador, el arte textil, etc.","robots":{"index":"index","follow":"follow","max-snippet":"max-snippet:-1","max-image-preview":"max-image-preview:large","max-video-preview":"max-video-preview:-1"},"canonical":"http:\/\/madeinzaragoza.es\/blog\/arterias-2-videoentrevista-a-la-artista-multidisciplinar-eli-lost\/","og_locale":"es_ES","og_type":"article","og_title":"Arterias 2: Videoentrevista a la artista multidisciplinar Eli Lost","og_description":"Eli trabaja desde Zaragoza creando en \u00e1mbitos tan variados como el arte urbano, las intervenciones y creaciones en espacios abiertos naturales, la ilustraci\u00f3n, las t\u00e9cnicas de impresi\u00f3n, la animaci\u00f3n por ordenador, el arte textil, etc.","og_url":"http:\/\/madeinzaragoza.es\/blog\/arterias-2-videoentrevista-a-la-artista-multidisciplinar-eli-lost\/","og_site_name":"Made in Zaragoza","article_publisher":"https:\/\/www.facebook.com\/madeinzaragoza.es\/","article_author":"LasArmasZAC","article_published_time":"2015-07-22T18:24:33+00:00","article_modified_time":"2015-07-22T18:57:59+00:00","og_image":[{"width":792,"height":468,"url":"http:\/\/madeinzaragoza.es\/blog\/wp-content\/uploads\/2015\/07\/eli-lost.png","type":"image\/png"}],"author":"MadeinZGZ","twitter_card":"summary","twitter_creator":"@madeinzaragoza","twitter_site":"@madeinzaragoza","twitter_misc":{"Escrito por":"MadeinZGZ","Tiempo de lectura":"1 minuto"},"schema":{"@context":"https:\/\/schema.org","@graph":[{"@type":"Article","@id":"http:\/\/madeinzaragoza.es\/blog\/arterias-2-videoentrevista-a-la-artista-multidisciplinar-eli-lost\/#article","isPartOf":{"@id":"http:\/\/madeinzaragoza.es\/blog\/arterias-2-videoentrevista-a-la-artista-multidisciplinar-eli-lost\/"},"author":{"name":"MadeinZGZ","@id":"http:\/\/madeinzaragoza.es\/blog\/#\/schema\/person\/59f4073cf7e7bc2b2f33b48241478a32"},"headline":"Arterias 2: Videoentrevista a la artista multidisciplinar Eli Lost","datePublished":"2015-07-22T18:24:33+00:00","dateModified":"2015-07-22T18:57:59+00:00","mainEntityOfPage":{"@id":"http:\/\/madeinzaragoza.es\/blog\/arterias-2-videoentrevista-a-la-artista-multidisciplinar-eli-lost\/"},"wordCount":170,"commentCount":0,"publisher":{"@id":"http:\/\/madeinzaragoza.es\/blog\/#organization"},"articleSection":["Cultura","Gente"],"inLanguage":"es","potentialAction":[{"@type":"CommentAction","name":"Comment","target":["http:\/\/madeinzaragoza.es\/blog\/arterias-2-videoentrevista-a-la-artista-multidisciplinar-eli-lost\/#respond"]}]},{"@type":"WebPage","@id":"http:\/\/madeinzaragoza.es\/blog\/arterias-2-videoentrevista-a-la-artista-multidisciplinar-eli-lost\/","url":"http:\/\/madeinzaragoza.es\/blog\/arterias-2-videoentrevista-a-la-artista-multidisciplinar-eli-lost\/","name":"Arterias 2: Videoentrevista a la artista multidisciplinar Eli Lost","isPartOf":{"@id":"http:\/\/madeinzaragoza.es\/blog\/#website"},"datePublished":"2015-07-22T18:24:33+00:00","dateModified":"2015-07-22T18:57:59+00:00","description":"Eli trabaja desde Zaragoza creando en \u00e1mbitos tan variados como el arte urbano, las intervenciones y creaciones en espacios abiertos naturales, la ilustraci\u00f3n, las t\u00e9cnicas de impresi\u00f3n, la animaci\u00f3n por ordenador, el arte textil, etc.","breadcrumb":{"@id":"http:\/\/madeinzaragoza.es\/blog\/arterias-2-videoentrevista-a-la-artista-multidisciplinar-eli-lost\/#breadcrumb"},"inLanguage":"es","potentialAction":[{"@type":"ReadAction","target":["http:\/\/madeinzaragoza.es\/blog\/arterias-2-videoentrevista-a-la-artista-multidisciplinar-eli-lost\/"]}]},{"@type":"BreadcrumbList","@id":"http:\/\/madeinzaragoza.es\/blog\/arterias-2-videoentrevista-a-la-artista-multidisciplinar-eli-lost\/#breadcrumb","itemListElement":[{"@type":"ListItem","position":1,"name":"Portada","item":"http:\/\/madeinzaragoza.es\/blog\/"},{"@type":"ListItem","position":2,"name":"Arterias 2: Videoentrevista a la artista multidisciplinar Eli Lost"}]},{"@type":"WebSite","@id":"http:\/\/madeinzaragoza.es\/blog\/#website","url":"http:\/\/madeinzaragoza.es\/blog\/","name":"Made in Zaragoza","description":"Blog de MadeinZGZ, Red de Econom\u00eda Creativa de Zaragoza","publisher":{"@id":"http:\/\/madeinzaragoza.es\/blog\/#organization"},"potentialAction":[{"@type":"SearchAction","target":{"@type":"EntryPoint","urlTemplate":"http:\/\/madeinzaragoza.es\/blog\/?s={search_term_string}"},"query-input":"required name=search_term_string"}],"inLanguage":"es"},{"@type":"Organization","@id":"http:\/\/madeinzaragoza.es\/blog\/#organization","name":"Made In Zaragoza","url":"http:\/\/madeinzaragoza.es\/blog\/","sameAs":["https:\/\/www.instagram.com\/madeinzaragoza.es\/","https:\/\/www.facebook.com\/madeinzaragoza.es\/","https:\/\/twitter.com\/madeinzaragoza"],"logo":{"@type":"ImageObject","inLanguage":"es","@id":"http:\/\/madeinzaragoza.es\/blog\/#\/schema\/logo\/image\/","url":"https:\/\/madeinzaragoza.es\/blog\/wp-content\/uploads\/2022\/05\/logo.png","contentUrl":"https:\/\/madeinzaragoza.es\/blog\/wp-content\/uploads\/2022\/05\/logo.png","width":193,"height":176,"caption":"Made In Zaragoza"},"image":{"@id":"http:\/\/madeinzaragoza.es\/blog\/#\/schema\/logo\/image\/"}},{"@type":"Person","@id":"http:\/\/madeinzaragoza.es\/blog\/#\/schema\/person\/59f4073cf7e7bc2b2f33b48241478a32","name":"MadeinZGZ","image":{"@type":"ImageObject","inLanguage":"es","@id":"http:\/\/madeinzaragoza.es\/blog\/#\/schema\/person\/image\/","url":"http:\/\/2.gravatar.com\/avatar\/23c2456a35687aa268b52997d8f142d1?s=96&d=mm&r=g","contentUrl":"http:\/\/2.gravatar.com\/avatar\/23c2456a35687aa268b52997d8f142d1?s=96&d=mm&r=g","caption":"MadeinZGZ"},"description":"Red de comercios y emprendedores creativos de Zaragoza impulsada por ZGZ Activa.","sameAs":["LasArmasZAC","https:\/\/twitter.com\/madeinzaragoza"],"url":"http:\/\/madeinzaragoza.es\/blog\/author\/madeinzgz\/"}]}},"_links":{"self":[{"href":"http:\/\/madeinzaragoza.es\/blog\/wp-json\/wp\/v2\/posts\/9609"}],"collection":[{"href":"http:\/\/madeinzaragoza.es\/blog\/wp-json\/wp\/v2\/posts"}],"about":[{"href":"http:\/\/madeinzaragoza.es\/blog\/wp-json\/wp\/v2\/types\/post"}],"author":[{"embeddable":true,"href":"http:\/\/madeinzaragoza.es\/blog\/wp-json\/wp\/v2\/users\/22"}],"replies":[{"embeddable":true,"href":"http:\/\/madeinzaragoza.es\/blog\/wp-json\/wp\/v2\/comments?post=9609"}],"version-history":[{"count":4,"href":"http:\/\/madeinzaragoza.es\/blog\/wp-json\/wp\/v2\/posts\/9609\/revisions"}],"predecessor-version":[{"id":9617,"href":"http:\/\/madeinzaragoza.es\/blog\/wp-json\/wp\/v2\/posts\/9609\/revisions\/9617"}],"wp:featuredmedia":[{"embeddable":true,"href":"http:\/\/madeinzaragoza.es\/blog\/wp-json\/wp\/v2\/media\/9610"}],"wp:attachment":[{"href":"http:\/\/madeinzaragoza.es\/blog\/wp-json\/wp\/v2\/media?parent=9609"}],"wp:term":[{"taxonomy":"category","embeddable":true,"href":"http:\/\/madeinzaragoza.es\/blog\/wp-json\/wp\/v2\/categories?post=9609"},{"taxonomy":"post_tag","embeddable":true,"href":"http:\/\/madeinzaragoza.es\/blog\/wp-json\/wp\/v2\/tags?post=9609"}],"curies":[{"name":"wp","href":"https:\/\/api.w.org\/{rel}","templated":true}]}}