{"id":9579,"date":"2015-07-15T15:58:39","date_gmt":"2015-07-15T14:58:39","guid":{"rendered":"http:\/\/madeinzaragoza.es\/blog\/?p=9579"},"modified":"2022-04-04T22:20:38","modified_gmt":"2022-04-04T21:20:38","slug":"mi-cuca-aromas-refrescantes-moda-y-complementos-para-mamas-y-peques","status":"publish","type":"post","link":"http:\/\/madeinzaragoza.es\/blog\/mi-cuca-aromas-refrescantes-moda-y-complementos-para-mamas-y-peques\/","title":{"rendered":"Mi Cuca: aromas refrescantes, moda y complementos para mam\u00e1s y peques"},"content":{"rendered":"<p style=\"text-align: justify;\">Noelia es una mujer con muchas inquietudes, con una permanente sonrisa en la cara, y siempre pensando en el siguiente reto. Noelia es la creadora de\u00a0Mi Cuca, una firma que Blogssipgirl conoci\u00f3 por casualidad hace unos meses, que le cautiv\u00f3 desde el principio y\u00a0que\u00a0ahora tiene el placer de presentarte<\/p>\n<p style=\"text-align: justify;\"><a href=\"http:\/\/madeinzaragoza.es\/blog\/wp-content\/uploads\/2015\/07\/logo-transparente.png\"><img loading=\"lazy\" decoding=\"async\" class=\"aligncenter size-full wp-image-9580\" src=\"http:\/\/madeinzaragoza.es\/blog\/wp-content\/uploads\/2015\/07\/logo-transparente.png\" alt=\"logo-transparente\" width=\"185\" height=\"140\" srcset=\"http:\/\/madeinzaragoza.es\/blog\/wp-content\/uploads\/2015\/07\/logo-transparente.png 185w, http:\/\/madeinzaragoza.es\/blog\/wp-content\/uploads\/2015\/07\/logo-transparente-180x136.png 180w\" sizes=\"(max-width: 185px) 85vw, 185px\" \/><\/a><\/p>\n<p style=\"text-align: justify;\">Mi Cuca\u00a0es la tienda online donde mam\u00e1s y peques compran juntas ropa, colonia, accesorios&#8230; Se trata de un proyecto apasionante en el que Noelia puede echar a volar su imaginaci\u00f3n. Son productos hechos a mano y con much\u00edsimo amor, son art\u00edculos exclusivos para personas muy muy muy especiales.<\/p>\n<p style=\"text-align: justify;\"><a href=\"http:\/\/madeinzaragoza.es\/blog\/wp-content\/uploads\/2015\/07\/MI-CUCA-2.jpg\"><img loading=\"lazy\" decoding=\"async\" class=\"aligncenter  wp-image-9581\" src=\"http:\/\/madeinzaragoza.es\/blog\/wp-content\/uploads\/2015\/07\/MI-CUCA-2-300x172.jpg\" alt=\"MI CUCA (2)\" width=\"417\" height=\"239\" srcset=\"http:\/\/madeinzaragoza.es\/blog\/wp-content\/uploads\/2015\/07\/MI-CUCA-2-300x172.jpg 300w, http:\/\/madeinzaragoza.es\/blog\/wp-content\/uploads\/2015\/07\/MI-CUCA-2-1024x588.jpg 1024w, http:\/\/madeinzaragoza.es\/blog\/wp-content\/uploads\/2015\/07\/MI-CUCA-2-190x108.jpg 190w, http:\/\/madeinzaragoza.es\/blog\/wp-content\/uploads\/2015\/07\/MI-CUCA-2-625x359.jpg 625w, http:\/\/madeinzaragoza.es\/blog\/wp-content\/uploads\/2015\/07\/MI-CUCA-2-180x103.jpg 180w, http:\/\/madeinzaragoza.es\/blog\/wp-content\/uploads\/2015\/07\/MI-CUCA-2-960x552.jpg 960w, http:\/\/madeinzaragoza.es\/blog\/wp-content\/uploads\/2015\/07\/MI-CUCA-2-350x201.jpg 350w, http:\/\/madeinzaragoza.es\/blog\/wp-content\/uploads\/2015\/07\/MI-CUCA-2.jpg 1600w\" sizes=\"(max-width: 417px) 85vw, 417px\" \/><\/a><\/p>\n<p style=\"text-align: justify;\"><span style=\"text-decoration: underline;\">La historia<\/span>:\u00a0<strong>Mi Cuca,\u00a0<\/strong>una firma de Zaragoza<strong>,\u00a0<\/strong>naci\u00f3 a trav\u00e9s de un proyecto de investigaci\u00f3n en 2014. De ah\u00ed sali\u00f3 la colonia\u00a0<strong>Mi Cuca,\u00a0<\/strong>un perfume fresco y muy personal para mam\u00e1s y peques, un aroma para compartir que llena de energ\u00eda positiva y que, adem\u00e1s, contiene citronella,\u00a0un ingrediente fant\u00e1stico para mantener a los mosquitos bien alejados&#8230;<\/p>\n<p style=\"text-align: justify;\">Posteriormente nacieron otros productos que para el d\u00eda a d\u00eda son\u00a0imprescindibles: el\u00a0planning\u00a0para estar organizada sin perder nunca el estilo,<\/p>\n<p style=\"text-align: justify;\"><a href=\"http:\/\/madeinzaragoza.es\/blog\/wp-content\/uploads\/2015\/07\/DSC_0073.jpg\"><img loading=\"lazy\" decoding=\"async\" class=\"aligncenter  wp-image-9582\" src=\"http:\/\/madeinzaragoza.es\/blog\/wp-content\/uploads\/2015\/07\/DSC_0073-300x199.jpg\" alt=\"DSC_0073\" width=\"420\" height=\"278\" srcset=\"http:\/\/madeinzaragoza.es\/blog\/wp-content\/uploads\/2015\/07\/DSC_0073-300x199.jpg 300w, http:\/\/madeinzaragoza.es\/blog\/wp-content\/uploads\/2015\/07\/DSC_0073-1024x680.jpg 1024w, http:\/\/madeinzaragoza.es\/blog\/wp-content\/uploads\/2015\/07\/DSC_0073-163x109.jpg 163w, http:\/\/madeinzaragoza.es\/blog\/wp-content\/uploads\/2015\/07\/DSC_0073-105x70.jpg 105w, http:\/\/madeinzaragoza.es\/blog\/wp-content\/uploads\/2015\/07\/DSC_0073-625x415.jpg 625w, http:\/\/madeinzaragoza.es\/blog\/wp-content\/uploads\/2015\/07\/DSC_0073-180x119.jpg 180w, http:\/\/madeinzaragoza.es\/blog\/wp-content\/uploads\/2015\/07\/DSC_0073-960x638.jpg 960w, http:\/\/madeinzaragoza.es\/blog\/wp-content\/uploads\/2015\/07\/DSC_0073-350x232.jpg 350w, http:\/\/madeinzaragoza.es\/blog\/wp-content\/uploads\/2015\/07\/DSC_0073.jpg 1600w\" sizes=\"(max-width: 420px) 85vw, 420px\" \/><\/a>Los\u00a0neceseres\u00a0para las medicinas, maquillaje&#8230; y bolsitas y mochilas para la ropa del gym, lencer\u00eda, para guardar zapatos en los viajes sin que se estropeen, mudas de los beb\u00e9s y pa\u00f1ales, los ba\u00f1adores que, al salir de la playa o piscina est\u00e1n mojados, se meten en las bolsitas forradas de pl\u00e1stico por dentro y con cremalleras y no se moja nada. Son productos que facilitan el d\u00eda a d\u00eda.<\/p>\n<p style=\"text-align: justify;\"><a href=\"http:\/\/madeinzaragoza.es\/blog\/wp-content\/uploads\/2015\/07\/mochila-azul-447x600-16\u20ac.jpg\"><img loading=\"lazy\" decoding=\"async\" class=\"aligncenter size-medium wp-image-9590\" src=\"http:\/\/madeinzaragoza.es\/blog\/wp-content\/uploads\/2015\/07\/mochila-azul-447x600-16\u20ac-223x300.jpg\" alt=\"mochila-azul-447x600 16\u20ac\" width=\"223\" height=\"300\" srcset=\"http:\/\/madeinzaragoza.es\/blog\/wp-content\/uploads\/2015\/07\/mochila-azul-447x600-16\u20ac-223x300.jpg 223w, http:\/\/madeinzaragoza.es\/blog\/wp-content\/uploads\/2015\/07\/mochila-azul-447x600-16\u20ac-300x402.jpg 300w, http:\/\/madeinzaragoza.es\/blog\/wp-content\/uploads\/2015\/07\/mochila-azul-447x600-16\u20ac-180x241.jpg 180w, http:\/\/madeinzaragoza.es\/blog\/wp-content\/uploads\/2015\/07\/mochila-azul-447x600-16\u20ac-350x469.jpg 350w, http:\/\/madeinzaragoza.es\/blog\/wp-content\/uploads\/2015\/07\/mochila-azul-447x600-16\u20ac.jpg 447w\" sizes=\"(max-width: 223px) 85vw, 223px\" \/><\/a> <a href=\"http:\/\/madeinzaragoza.es\/blog\/wp-content\/uploads\/2015\/07\/bolsita-mediana-31-447x600-11\u20ac.jpg\"><img loading=\"lazy\" decoding=\"async\" class=\"aligncenter size-medium wp-image-9588\" src=\"http:\/\/madeinzaragoza.es\/blog\/wp-content\/uploads\/2015\/07\/bolsita-mediana-31-447x600-11\u20ac-223x300.jpg\" alt=\"bolsita-mediana-31-447x600 11\u20ac\" width=\"223\" height=\"300\" srcset=\"http:\/\/madeinzaragoza.es\/blog\/wp-content\/uploads\/2015\/07\/bolsita-mediana-31-447x600-11\u20ac-223x300.jpg 223w, http:\/\/madeinzaragoza.es\/blog\/wp-content\/uploads\/2015\/07\/bolsita-mediana-31-447x600-11\u20ac-300x402.jpg 300w, http:\/\/madeinzaragoza.es\/blog\/wp-content\/uploads\/2015\/07\/bolsita-mediana-31-447x600-11\u20ac-180x241.jpg 180w, http:\/\/madeinzaragoza.es\/blog\/wp-content\/uploads\/2015\/07\/bolsita-mediana-31-447x600-11\u20ac-350x469.jpg 350w, http:\/\/madeinzaragoza.es\/blog\/wp-content\/uploads\/2015\/07\/bolsita-mediana-31-447x600-11\u20ac.jpg 447w\" sizes=\"(max-width: 223px) 85vw, 223px\" \/><\/a> <a href=\"http:\/\/madeinzaragoza.es\/blog\/wp-content\/uploads\/2015\/07\/bolsita-morada-447x600-11\u20ac.jpg\"><img loading=\"lazy\" decoding=\"async\" class=\"aligncenter size-medium wp-image-9589\" src=\"http:\/\/madeinzaragoza.es\/blog\/wp-content\/uploads\/2015\/07\/bolsita-morada-447x600-11\u20ac-223x300.jpg\" alt=\"bolsita-morada-447x600 11\u20ac\" width=\"223\" height=\"300\" srcset=\"http:\/\/madeinzaragoza.es\/blog\/wp-content\/uploads\/2015\/07\/bolsita-morada-447x600-11\u20ac-223x300.jpg 223w, http:\/\/madeinzaragoza.es\/blog\/wp-content\/uploads\/2015\/07\/bolsita-morada-447x600-11\u20ac-300x402.jpg 300w, http:\/\/madeinzaragoza.es\/blog\/wp-content\/uploads\/2015\/07\/bolsita-morada-447x600-11\u20ac-180x241.jpg 180w, http:\/\/madeinzaragoza.es\/blog\/wp-content\/uploads\/2015\/07\/bolsita-morada-447x600-11\u20ac-350x469.jpg 350w, http:\/\/madeinzaragoza.es\/blog\/wp-content\/uploads\/2015\/07\/bolsita-morada-447x600-11\u20ac.jpg 447w\" sizes=\"(max-width: 223px) 85vw, 223px\" \/><\/a><\/p>\n<p style=\"text-align: justify;\">La\u00a0colecci\u00f3n de ropa de ni\u00f1as\u00a0hasta los cuatro a\u00f1os (por ahora&#8230;) es un proyecto apasionante, detr\u00e1s de cada vestido hay una historia, y por supuesto cada vestido tiene su propio nombre.<\/p>\n<p style=\"text-align: justify;\"><a href=\"http:\/\/madeinzaragoza.es\/blog\/wp-content\/uploads\/2015\/07\/4.jpg\"><img loading=\"lazy\" decoding=\"async\" class=\"aligncenter size-medium wp-image-9583\" src=\"http:\/\/madeinzaragoza.es\/blog\/wp-content\/uploads\/2015\/07\/4-193x300.jpg\" alt=\"4\" width=\"193\" height=\"300\" srcset=\"http:\/\/madeinzaragoza.es\/blog\/wp-content\/uploads\/2015\/07\/4-193x300.jpg 193w, http:\/\/madeinzaragoza.es\/blog\/wp-content\/uploads\/2015\/07\/4-661x1024.jpg 661w, http:\/\/madeinzaragoza.es\/blog\/wp-content\/uploads\/2015\/07\/4-625x967.jpg 625w, http:\/\/madeinzaragoza.es\/blog\/wp-content\/uploads\/2015\/07\/4-300x464.jpg 300w, http:\/\/madeinzaragoza.es\/blog\/wp-content\/uploads\/2015\/07\/4-960x1485.jpg 960w, http:\/\/madeinzaragoza.es\/blog\/wp-content\/uploads\/2015\/07\/4.jpg 1034w\" sizes=\"(max-width: 193px) 85vw, 193px\" \/><\/a> <a href=\"http:\/\/madeinzaragoza.es\/blog\/wp-content\/uploads\/2015\/07\/6.jpg\"><img loading=\"lazy\" decoding=\"async\" class=\"aligncenter size-medium wp-image-9584\" src=\"http:\/\/madeinzaragoza.es\/blog\/wp-content\/uploads\/2015\/07\/6-242x300.jpg\" alt=\"6\" width=\"242\" height=\"300\" srcset=\"http:\/\/madeinzaragoza.es\/blog\/wp-content\/uploads\/2015\/07\/6-242x300.jpg 242w, http:\/\/madeinzaragoza.es\/blog\/wp-content\/uploads\/2015\/07\/6-826x1024.jpg 826w, http:\/\/madeinzaragoza.es\/blog\/wp-content\/uploads\/2015\/07\/6-625x774.jpg 625w, http:\/\/madeinzaragoza.es\/blog\/wp-content\/uploads\/2015\/07\/6-300x371.jpg 300w, http:\/\/madeinzaragoza.es\/blog\/wp-content\/uploads\/2015\/07\/6-180x223.jpg 180w, http:\/\/madeinzaragoza.es\/blog\/wp-content\/uploads\/2015\/07\/6-960x1189.jpg 960w, http:\/\/madeinzaragoza.es\/blog\/wp-content\/uploads\/2015\/07\/6-350x433.jpg 350w, http:\/\/madeinzaragoza.es\/blog\/wp-content\/uploads\/2015\/07\/6.jpg 1291w\" sizes=\"(max-width: 242px) 85vw, 242px\" \/><\/a> <a href=\"http:\/\/madeinzaragoza.es\/blog\/wp-content\/uploads\/2015\/07\/13.jpg\"><img loading=\"lazy\" decoding=\"async\" class=\"aligncenter size-medium wp-image-9585\" src=\"http:\/\/madeinzaragoza.es\/blog\/wp-content\/uploads\/2015\/07\/13-222x300.jpg\" alt=\"13\" width=\"222\" height=\"300\" srcset=\"http:\/\/madeinzaragoza.es\/blog\/wp-content\/uploads\/2015\/07\/13-222x300.jpg 222w, http:\/\/madeinzaragoza.es\/blog\/wp-content\/uploads\/2015\/07\/13-759x1024.jpg 759w, http:\/\/madeinzaragoza.es\/blog\/wp-content\/uploads\/2015\/07\/13-625x843.jpg 625w, http:\/\/madeinzaragoza.es\/blog\/wp-content\/uploads\/2015\/07\/13-300x404.jpg 300w, http:\/\/madeinzaragoza.es\/blog\/wp-content\/uploads\/2015\/07\/13-180x242.jpg 180w, http:\/\/madeinzaragoza.es\/blog\/wp-content\/uploads\/2015\/07\/13-960x1295.jpg 960w, http:\/\/madeinzaragoza.es\/blog\/wp-content\/uploads\/2015\/07\/13-350x472.jpg 350w, http:\/\/madeinzaragoza.es\/blog\/wp-content\/uploads\/2015\/07\/13.jpg 1186w\" sizes=\"(max-width: 222px) 85vw, 222px\" \/><\/a> <a href=\"http:\/\/madeinzaragoza.es\/blog\/wp-content\/uploads\/2015\/07\/17.jpg\"><img loading=\"lazy\" decoding=\"async\" class=\"aligncenter size-medium wp-image-9586\" src=\"http:\/\/madeinzaragoza.es\/blog\/wp-content\/uploads\/2015\/07\/17-290x300.jpg\" alt=\"17\" width=\"290\" height=\"300\" srcset=\"http:\/\/madeinzaragoza.es\/blog\/wp-content\/uploads\/2015\/07\/17-290x300.jpg 290w, http:\/\/madeinzaragoza.es\/blog\/wp-content\/uploads\/2015\/07\/17-992x1024.jpg 992w, http:\/\/madeinzaragoza.es\/blog\/wp-content\/uploads\/2015\/07\/17-40x40.jpg 40w, http:\/\/madeinzaragoza.es\/blog\/wp-content\/uploads\/2015\/07\/17-625x645.jpg 625w, http:\/\/madeinzaragoza.es\/blog\/wp-content\/uploads\/2015\/07\/17-300x309.jpg 300w, http:\/\/madeinzaragoza.es\/blog\/wp-content\/uploads\/2015\/07\/17-180x185.jpg 180w, http:\/\/madeinzaragoza.es\/blog\/wp-content\/uploads\/2015\/07\/17-960x990.jpg 960w, http:\/\/madeinzaragoza.es\/blog\/wp-content\/uploads\/2015\/07\/17-350x361.jpg 350w, http:\/\/madeinzaragoza.es\/blog\/wp-content\/uploads\/2015\/07\/17.jpg 1550w\" sizes=\"(max-width: 290px) 85vw, 290px\" \/><\/a> <a href=\"http:\/\/madeinzaragoza.es\/blog\/wp-content\/uploads\/2015\/07\/21.jpg\"><img loading=\"lazy\" decoding=\"async\" class=\"aligncenter size-medium wp-image-9587\" src=\"http:\/\/madeinzaragoza.es\/blog\/wp-content\/uploads\/2015\/07\/21-173x300.jpg\" alt=\"21\" width=\"173\" height=\"300\" srcset=\"http:\/\/madeinzaragoza.es\/blog\/wp-content\/uploads\/2015\/07\/21-173x300.jpg 173w, http:\/\/madeinzaragoza.es\/blog\/wp-content\/uploads\/2015\/07\/21-593x1024.jpg 593w, http:\/\/madeinzaragoza.es\/blog\/wp-content\/uploads\/2015\/07\/21-350x604.jpg 350w, http:\/\/madeinzaragoza.es\/blog\/wp-content\/uploads\/2015\/07\/21.jpg 927w\" sizes=\"(max-width: 173px) 85vw, 173px\" \/><\/a><\/p>\n<p style=\"text-align: justify;\"><a href=\"http:\/\/madeinzaragoza.es\/blog\/wp-content\/uploads\/2015\/07\/MiCuca-100515-27.jpg\"><img loading=\"lazy\" decoding=\"async\" class=\"aligncenter size-medium wp-image-9592\" src=\"http:\/\/madeinzaragoza.es\/blog\/wp-content\/uploads\/2015\/07\/MiCuca-100515-27-225x300.jpg\" alt=\"MiCuca 100515 (27)\" width=\"225\" height=\"300\" srcset=\"http:\/\/madeinzaragoza.es\/blog\/wp-content\/uploads\/2015\/07\/MiCuca-100515-27-225x300.jpg 225w, http:\/\/madeinzaragoza.es\/blog\/wp-content\/uploads\/2015\/07\/MiCuca-100515-27-768x1024.jpg 768w, http:\/\/madeinzaragoza.es\/blog\/wp-content\/uploads\/2015\/07\/MiCuca-100515-27-625x833.jpg 625w, http:\/\/madeinzaragoza.es\/blog\/wp-content\/uploads\/2015\/07\/MiCuca-100515-27-300x400.jpg 300w, http:\/\/madeinzaragoza.es\/blog\/wp-content\/uploads\/2015\/07\/MiCuca-100515-27-180x240.jpg 180w, http:\/\/madeinzaragoza.es\/blog\/wp-content\/uploads\/2015\/07\/MiCuca-100515-27-960x1280.jpg 960w, http:\/\/madeinzaragoza.es\/blog\/wp-content\/uploads\/2015\/07\/MiCuca-100515-27-350x466.jpg 350w, http:\/\/madeinzaragoza.es\/blog\/wp-content\/uploads\/2015\/07\/MiCuca-100515-27.jpg 1200w\" sizes=\"(max-width: 225px) 85vw, 225px\" \/><\/a><\/p>\n<p style=\"text-align: justify;\">Para este verano hay dos modelos (Irresistiblemente chic\u00a0y\u00a0Mil mariposas, que est\u00e1n disponibles para que ni\u00f1as y mam\u00e1s puedan ir vestidas igual\u2026<\/p>\n<p style=\"text-align: justify;\"><a href=\"http:\/\/madeinzaragoza.es\/blog\/wp-content\/uploads\/2015\/07\/sesi_n_fotos_100515_PV15_38_.jpg\"><img loading=\"lazy\" decoding=\"async\" class=\"aligncenter size-medium wp-image-9595\" src=\"http:\/\/madeinzaragoza.es\/blog\/wp-content\/uploads\/2015\/07\/sesi_n_fotos_100515_PV15_38_-201x300.jpg\" alt=\"sesi_n_fotos_100515_PV15_38_\" width=\"201\" height=\"300\" srcset=\"http:\/\/madeinzaragoza.es\/blog\/wp-content\/uploads\/2015\/07\/sesi_n_fotos_100515_PV15_38_-201x300.jpg 201w, http:\/\/madeinzaragoza.es\/blog\/wp-content\/uploads\/2015\/07\/sesi_n_fotos_100515_PV15_38_-689x1024.jpg 689w, http:\/\/madeinzaragoza.es\/blog\/wp-content\/uploads\/2015\/07\/sesi_n_fotos_100515_PV15_38_-960x1426.jpg 960w, http:\/\/madeinzaragoza.es\/blog\/wp-content\/uploads\/2015\/07\/sesi_n_fotos_100515_PV15_38_.jpg 1077w\" sizes=\"(max-width: 201px) 85vw, 201px\" \/><\/a> <a href=\"http:\/\/madeinzaragoza.es\/blog\/wp-content\/uploads\/2015\/07\/sesi\u00f3n-fotos-100515-PV15-30-1.jpg\"><img loading=\"lazy\" decoding=\"async\" class=\"aligncenter size-medium wp-image-9596\" src=\"http:\/\/madeinzaragoza.es\/blog\/wp-content\/uploads\/2015\/07\/sesi\u00f3n-fotos-100515-PV15-30-1-300x229.jpg\" alt=\"sesi\u00f3n fotos 100515 PV15 (30) (1)\" width=\"300\" height=\"229\" srcset=\"http:\/\/madeinzaragoza.es\/blog\/wp-content\/uploads\/2015\/07\/sesi\u00f3n-fotos-100515-PV15-30-1-300x229.jpg 300w, http:\/\/madeinzaragoza.es\/blog\/wp-content\/uploads\/2015\/07\/sesi\u00f3n-fotos-100515-PV15-30-1-1024x784.jpg 1024w, http:\/\/madeinzaragoza.es\/blog\/wp-content\/uploads\/2015\/07\/sesi\u00f3n-fotos-100515-PV15-30-1-625x478.jpg 625w, http:\/\/madeinzaragoza.es\/blog\/wp-content\/uploads\/2015\/07\/sesi\u00f3n-fotos-100515-PV15-30-1-180x137.jpg 180w, http:\/\/madeinzaragoza.es\/blog\/wp-content\/uploads\/2015\/07\/sesi\u00f3n-fotos-100515-PV15-30-1-960x735.jpg 960w, http:\/\/madeinzaragoza.es\/blog\/wp-content\/uploads\/2015\/07\/sesi\u00f3n-fotos-100515-PV15-30-1-350x267.jpg 350w, http:\/\/madeinzaragoza.es\/blog\/wp-content\/uploads\/2015\/07\/sesi\u00f3n-fotos-100515-PV15-30-1.jpg 1600w\" sizes=\"(max-width: 300px) 85vw, 300px\" \/><\/a><\/p>\n<p style=\"text-align: justify;\">Los\u00a0arrullos,\u00a0chupeteros, servilleteros,\u00a0cuellos super chic para mam\u00e1s y ni\u00f1as\u00a0que en invierno son s\u00faper calentitos, \u00a0un mont\u00f3n de productos para compartir, regalar\u2026<\/p>\n<p style=\"text-align: justify;\"><a href=\"http:\/\/madeinzaragoza.es\/blog\/wp-content\/uploads\/2015\/07\/mantita_12-447x600-60\u20ac.jpg\"><img loading=\"lazy\" decoding=\"async\" class=\"aligncenter size-medium wp-image-9599\" src=\"http:\/\/madeinzaragoza.es\/blog\/wp-content\/uploads\/2015\/07\/mantita_12-447x600-60\u20ac-223x300.jpg\" alt=\"mantita_12-447x600 60\u20ac\" width=\"223\" height=\"300\" srcset=\"http:\/\/madeinzaragoza.es\/blog\/wp-content\/uploads\/2015\/07\/mantita_12-447x600-60\u20ac-223x300.jpg 223w, http:\/\/madeinzaragoza.es\/blog\/wp-content\/uploads\/2015\/07\/mantita_12-447x600-60\u20ac-300x402.jpg 300w, http:\/\/madeinzaragoza.es\/blog\/wp-content\/uploads\/2015\/07\/mantita_12-447x600-60\u20ac-180x241.jpg 180w, http:\/\/madeinzaragoza.es\/blog\/wp-content\/uploads\/2015\/07\/mantita_12-447x600-60\u20ac-350x469.jpg 350w, http:\/\/madeinzaragoza.es\/blog\/wp-content\/uploads\/2015\/07\/mantita_12-447x600-60\u20ac.jpg 447w\" sizes=\"(max-width: 223px) 85vw, 223px\" \/><\/a> <a href=\"http:\/\/madeinzaragoza.es\/blog\/wp-content\/uploads\/2015\/07\/servilletero-chupetero-11-447x600-13\u20ac.jpg\"><img loading=\"lazy\" decoding=\"async\" class=\"aligncenter size-medium wp-image-9594\" src=\"http:\/\/madeinzaragoza.es\/blog\/wp-content\/uploads\/2015\/07\/servilletero-chupetero-11-447x600-13\u20ac-223x300.jpg\" alt=\"servilletero-chupetero-11-447x600 13\u20ac\" width=\"223\" height=\"300\" srcset=\"http:\/\/madeinzaragoza.es\/blog\/wp-content\/uploads\/2015\/07\/servilletero-chupetero-11-447x600-13\u20ac-223x300.jpg 223w, http:\/\/madeinzaragoza.es\/blog\/wp-content\/uploads\/2015\/07\/servilletero-chupetero-11-447x600-13\u20ac-300x402.jpg 300w, http:\/\/madeinzaragoza.es\/blog\/wp-content\/uploads\/2015\/07\/servilletero-chupetero-11-447x600-13\u20ac-180x241.jpg 180w, http:\/\/madeinzaragoza.es\/blog\/wp-content\/uploads\/2015\/07\/servilletero-chupetero-11-447x600-13\u20ac-350x469.jpg 350w, http:\/\/madeinzaragoza.es\/blog\/wp-content\/uploads\/2015\/07\/servilletero-chupetero-11-447x600-13\u20ac.jpg 447w\" sizes=\"(max-width: 223px) 85vw, 223px\" \/><\/a><\/p>\n<p style=\"text-align: justify;\"><span style=\"text-decoration: underline;\">La revoluci\u00f3n:\u00a0<\/span>La evoluci\u00f3n de\u00a0<strong>Mi cuca<\/strong>\u00a0est\u00e1 siendo fant\u00e1stica, tanto en\u00a0facebook\u00a0como en pedidos a trav\u00e9s de la\u00a0p\u00e1gina. Noelia se muestra emocionada y content\u00edsima con la respuesta de la gente. El pasado mes de marzo se present\u00f3 f\u00edsicamente en sociedad en el\u00a0<a href=\"http:\/\/blogssipgirl.blogspot.com.es\/2015\/03\/blogssipgirl-ha-estado-alli-show-menuda.html\">Show Shopping de Menuda Feria<\/a>\u00a0y desde entonces son muchos los incondicionales de esta firma.<br \/>\n<a href=\"http:\/\/madeinzaragoza.es\/blog\/wp-content\/uploads\/2015\/07\/ShowShopping-010315-39.jpg\"><img loading=\"lazy\" decoding=\"async\" class=\"aligncenter size-medium wp-image-9598\" src=\"http:\/\/madeinzaragoza.es\/blog\/wp-content\/uploads\/2015\/07\/ShowShopping-010315-39-225x300.jpg\" alt=\"ShowShopping 010315 (39)\" width=\"225\" height=\"300\" srcset=\"http:\/\/madeinzaragoza.es\/blog\/wp-content\/uploads\/2015\/07\/ShowShopping-010315-39-225x300.jpg 225w, http:\/\/madeinzaragoza.es\/blog\/wp-content\/uploads\/2015\/07\/ShowShopping-010315-39-768x1024.jpg 768w, http:\/\/madeinzaragoza.es\/blog\/wp-content\/uploads\/2015\/07\/ShowShopping-010315-39-625x833.jpg 625w, http:\/\/madeinzaragoza.es\/blog\/wp-content\/uploads\/2015\/07\/ShowShopping-010315-39-300x400.jpg 300w, http:\/\/madeinzaragoza.es\/blog\/wp-content\/uploads\/2015\/07\/ShowShopping-010315-39-180x240.jpg 180w, http:\/\/madeinzaragoza.es\/blog\/wp-content\/uploads\/2015\/07\/ShowShopping-010315-39-960x1280.jpg 960w, http:\/\/madeinzaragoza.es\/blog\/wp-content\/uploads\/2015\/07\/ShowShopping-010315-39-350x466.jpg 350w, http:\/\/madeinzaragoza.es\/blog\/wp-content\/uploads\/2015\/07\/ShowShopping-010315-39.jpg 1200w\" sizes=\"(max-width: 225px) 85vw, 225px\" \/><\/a><\/p>\n<p style=\"text-align: justify;\"><span style=\"text-decoration: underline;\">El funcionamiento:<\/span>\u00a0Los pedidos se realizan a trav\u00e9s de la\u00a0tienda online\u00a0y si est\u00e1n en stock,\u00a0como\u00a0la colonia y el planning,\u00a0la entrega es inmediata. El resto, al tratarse de art\u00edculos\u00a0artesanales, cosidos a mano, requiere un tiempo de unos 8-10 d\u00edas laborables. Las entregas\u00a0en\u00a0Zaragoza\u00a0son\u00a0gratuitas y es Noelia en persona quien se encarga de llevar los\u00a0pedidos, ya que confiesa que le encanta ver las caras de los destinatarios.<\/p>\n<p style=\"text-align: justify;\"><span style=\"text-decoration: underline;\">Puntos de venta:<\/span>\u00a0Adem\u00e1s de\u00a0realizar\u00a0c\u00f3modamente\u00a0los pedidos en la tienda online, puedes\u00a0encontrar\u00a0algunos\u00a0art\u00edculos\u00a0<strong>Mi Cuca<\/strong>\u00a0en comercios que se\u00a0est\u00e1n\u00a0interesando\u00a0por la firma. Es el caso de<a href=\"https:\/\/www.facebook.com\/photo.php?fbid=1430812467236569&amp;set=pcb.1430824853901997&amp;type=1&amp;theater\">\u00a0Le petit querubin\u00a0<\/a>que ha apostado\u00a0por el perfume y los chupeteros,\u00a0<a href=\"https:\/\/www.facebook.com\/loscaprichosderocio\">Roc\u00edo&#8230; les caprices<\/a>\u00a0tambi\u00e9n con el perfume o\u00a0<a href=\"http:\/\/www.juliettespassion.com\/\">Juliettes passion<\/a>\u00a0con el planning<br \/>\nOpini\u00f3n personal:\u00a0Una firma que transmite optimismo y energ\u00eda. Desde el primer contacto con Noelia, Blogssipgirl qued\u00f3 enamorada de su filosof\u00eda y sus dise\u00f1os cargados de sentimiento, ilusi\u00f3n y cari\u00f1o.<\/p>\n<p style=\"text-align: justify;\"><span style=\"text-decoration: underline;\">Una sugerencia<\/span>:\u00a0Tanto si tienes peques como si no, te invito a que descubras el rom\u00e1ntico mundo de\u00a0<strong>Mi Cuca:<\/strong>\u00a0la colonia, refrescante y perfecta para esta \u00e9poca del a\u00f1o, te llenar\u00e1 de energ\u00eda, el planning y las bolsitas te mantendr\u00e1n organizada&#8230; y ohhh esos vestidos para ni\u00f1as son puro amor&#8230;<\/p>\n<p style=\"text-align: justify;\"><span style=\"text-decoration: underline;\">Un cotilleo:<\/span>\u00a0Pr\u00f3ximamente Noelia, siendo fiel a su vena inquieta, so\u00f1adora, rom\u00e1ntica y emprendedora,\u00a0incorporar\u00e1\u00a0en\u00a0<strong>Mi Cuca<\/strong><i><strong>\u00a0<\/strong><\/i>nuevas ideas y colecciones&#8230; Como una l\u00ednea de polos pensada para\u00a0pap\u00e1s y ni\u00f1os, una estupenda idea que muchos ya est\u00e1n impacientes por conocer&#8230; As\u00ed que no la pierdas de vista.<\/p>\n<p style=\"text-align: justify;\"><span style=\"text-decoration: underline;\">M\u00e1s informaci\u00f3n:<\/span>\u00a0En su\u00a0web, a trav\u00e9s de\u00a0facebook\u00a0y\u00a0por email: info@micuca.com<\/p>\n<p style=\"text-align: justify;\"><a href=\"http:\/\/madeinzaragoza.es\/blog\/wp-content\/uploads\/2015\/07\/MiCuca-100515-591.jpg\"><img loading=\"lazy\" decoding=\"async\" class=\"aligncenter size-medium wp-image-9593\" src=\"http:\/\/madeinzaragoza.es\/blog\/wp-content\/uploads\/2015\/07\/MiCuca-100515-591-291x300.jpg\" alt=\"MiCuca 100515 (59)1\" width=\"291\" height=\"300\" srcset=\"http:\/\/madeinzaragoza.es\/blog\/wp-content\/uploads\/2015\/07\/MiCuca-100515-591-291x300.jpg 291w, http:\/\/madeinzaragoza.es\/blog\/wp-content\/uploads\/2015\/07\/MiCuca-100515-591-40x40.jpg 40w, http:\/\/madeinzaragoza.es\/blog\/wp-content\/uploads\/2015\/07\/MiCuca-100515-591-300x308.jpg 300w, http:\/\/madeinzaragoza.es\/blog\/wp-content\/uploads\/2015\/07\/MiCuca-100515-591.jpg 582w\" sizes=\"(max-width: 291px) 85vw, 291px\" \/><\/a><\/p>\n<p style=\"text-align: justify;\"><a href=\"http:\/\/madeinzaragoza.es\/blog\/wp-content\/uploads\/2015\/07\/240215.jpg\"><img loading=\"lazy\" decoding=\"async\" class=\"aligncenter size-medium wp-image-9600\" src=\"http:\/\/madeinzaragoza.es\/blog\/wp-content\/uploads\/2015\/07\/240215-300x300.jpg\" alt=\"240215\" width=\"300\" height=\"300\" srcset=\"http:\/\/madeinzaragoza.es\/blog\/wp-content\/uploads\/2015\/07\/240215-300x300.jpg 300w, http:\/\/madeinzaragoza.es\/blog\/wp-content\/uploads\/2015\/07\/240215-150x150.jpg 150w, http:\/\/madeinzaragoza.es\/blog\/wp-content\/uploads\/2015\/07\/240215-1024x1024.jpg 1024w, http:\/\/madeinzaragoza.es\/blog\/wp-content\/uploads\/2015\/07\/240215-160x160.jpg 160w, http:\/\/madeinzaragoza.es\/blog\/wp-content\/uploads\/2015\/07\/240215-40x40.jpg 40w, http:\/\/madeinzaragoza.es\/blog\/wp-content\/uploads\/2015\/07\/240215-70x70.jpg 70w, http:\/\/madeinzaragoza.es\/blog\/wp-content\/uploads\/2015\/07\/240215-625x625.jpg 625w, http:\/\/madeinzaragoza.es\/blog\/wp-content\/uploads\/2015\/07\/240215-180x180.jpg 180w, http:\/\/madeinzaragoza.es\/blog\/wp-content\/uploads\/2015\/07\/240215-960x960.jpg 960w, http:\/\/madeinzaragoza.es\/blog\/wp-content\/uploads\/2015\/07\/240215-350x350.jpg 350w, http:\/\/madeinzaragoza.es\/blog\/wp-content\/uploads\/2015\/07\/240215.jpg 1600w\" sizes=\"(max-width: 300px) 85vw, 300px\" \/><\/a><\/p>\n<p style=\"text-align: justify;\">Blogssipgirl ya tiene su colonia\u00a0<strong>Mi Cuca<\/strong>\u00a0energizante, fresca y llena de optimismo y su planning chic para mantenerse organizada. Y t\u00fa \u00bfya conoces la energ\u00eda positiva de\u00a0<strong>Mi Cuca<\/strong>?<\/p>\n<p style=\"text-align: justify;\">Bisous, bisous<\/p>\n<p style=\"text-align: justify;\">S.<\/p>\n<p style=\"text-align: justify;\">\n","protected":false},"excerpt":{"rendered":"<p>Noelia es una mujer con muchas inquietudes, con una permanente sonrisa en la cara, y siempre pensando en el siguiente reto. Noelia es la creadora de\u00a0Mi Cuca, una firma que Blogssipgirl conoci\u00f3 por casualidad hace unos meses, que le cautiv\u00f3 desde el principio y\u00a0que\u00a0ahora tiene el placer de presentarte Mi Cuca\u00a0es la tienda online donde &hellip; <a href=\"http:\/\/madeinzaragoza.es\/blog\/mi-cuca-aromas-refrescantes-moda-y-complementos-para-mamas-y-peques\/\" class=\"more-link\">Continuar leyendo<span class=\"screen-reader-text\"> \u00abMi Cuca: aromas refrescantes, moda y complementos para mam\u00e1s y peques\u00bb<\/span><\/a><\/p>\n","protected":false},"author":4,"featured_media":9581,"comment_status":"open","ping_status":"open","sticky":false,"template":"","format":"standard","meta":{"footnotes":""},"categories":[1],"tags":[130,1166],"yoast_head":"<!-- This site is optimized with the Yoast SEO plugin v19.7.2 - https:\/\/yoast.com\/wordpress\/plugins\/seo\/ -->\n<title>Mi Cuca: aromas refrescantes, moda y complementos para mam\u00e1s y peques - Made in Zaragoza<\/title>\n<meta name=\"robots\" content=\"index, follow, max-snippet:-1, max-image-preview:large, max-video-preview:-1\" \/>\n<link rel=\"canonical\" href=\"https:\/\/madeinzaragoza.es\/blog\/mi-cuca-aromas-refrescantes-moda-y-complementos-para-mamas-y-peques\/\" \/>\n<meta property=\"og:locale\" content=\"es_ES\" \/>\n<meta property=\"og:type\" content=\"article\" \/>\n<meta property=\"og:title\" content=\"Mi Cuca: aromas refrescantes, moda y complementos para mam\u00e1s y peques - Made in Zaragoza\" \/>\n<meta property=\"og:description\" content=\"Noelia es una mujer con muchas inquietudes, con una permanente sonrisa en la cara, y siempre pensando en el siguiente reto. Noelia es la creadora de\u00a0Mi Cuca, una firma que Blogssipgirl conoci\u00f3 por casualidad hace unos meses, que le cautiv\u00f3 desde el principio y\u00a0que\u00a0ahora tiene el placer de presentarte Mi Cuca\u00a0es la tienda online donde &hellip; Continuar leyendo &quot;Mi Cuca: aromas refrescantes, moda y complementos para mam\u00e1s y peques&quot;\" \/>\n<meta property=\"og:url\" content=\"https:\/\/madeinzaragoza.es\/blog\/mi-cuca-aromas-refrescantes-moda-y-complementos-para-mamas-y-peques\/\" \/>\n<meta property=\"og:site_name\" content=\"Made in Zaragoza\" \/>\n<meta property=\"article:publisher\" content=\"https:\/\/www.facebook.com\/madeinzaragoza.es\/\" \/>\n<meta property=\"article:author\" content=\"blogssipgirl\/197083753685798\" \/>\n<meta property=\"article:published_time\" content=\"2015-07-15T14:58:39+00:00\" \/>\n<meta property=\"article:modified_time\" content=\"2022-04-04T21:20:38+00:00\" \/>\n<meta property=\"og:image\" content=\"https:\/\/madeinzaragoza.es\/blog\/wp-content\/uploads\/2015\/07\/MI-CUCA-2.jpg\" \/>\n\t<meta property=\"og:image:width\" content=\"1600\" \/>\n\t<meta property=\"og:image:height\" content=\"920\" \/>\n\t<meta property=\"og:image:type\" content=\"image\/jpeg\" \/>\n<meta name=\"author\" content=\"Blogssipgirl\" \/>\n<meta name=\"twitter:card\" content=\"summary\" \/>\n<meta name=\"twitter:creator\" content=\"@blogssipgirl1\" \/>\n<meta name=\"twitter:site\" content=\"@madeinzaragoza\" \/>\n<meta name=\"twitter:label1\" content=\"Escrito por\" \/>\n\t<meta name=\"twitter:data1\" content=\"Blogssipgirl\" \/>\n\t<meta name=\"twitter:label2\" content=\"Tiempo de lectura\" \/>\n\t<meta name=\"twitter:data2\" content=\"4 minutos\" \/>\n<script type=\"application\/ld+json\" class=\"yoast-schema-graph\">{\"@context\":\"https:\/\/schema.org\",\"@graph\":[{\"@type\":\"Article\",\"@id\":\"https:\/\/madeinzaragoza.es\/blog\/mi-cuca-aromas-refrescantes-moda-y-complementos-para-mamas-y-peques\/#article\",\"isPartOf\":{\"@id\":\"https:\/\/madeinzaragoza.es\/blog\/mi-cuca-aromas-refrescantes-moda-y-complementos-para-mamas-y-peques\/\"},\"author\":{\"name\":\"Blogssipgirl\",\"@id\":\"http:\/\/madeinzaragoza.es\/blog\/#\/schema\/person\/b6199e649857e868c4cf0717b007a717\"},\"headline\":\"Mi Cuca: aromas refrescantes, moda y complementos para mam\u00e1s y peques\",\"datePublished\":\"2015-07-15T14:58:39+00:00\",\"dateModified\":\"2022-04-04T21:20:38+00:00\",\"mainEntityOfPage\":{\"@id\":\"https:\/\/madeinzaragoza.es\/blog\/mi-cuca-aromas-refrescantes-moda-y-complementos-para-mamas-y-peques\/\"},\"wordCount\":782,\"commentCount\":0,\"publisher\":{\"@id\":\"http:\/\/madeinzaragoza.es\/blog\/#organization\"},\"keywords\":[\"emprendedores\",\"perfumes\"],\"articleSection\":[\"Tendencias\"],\"inLanguage\":\"es\",\"potentialAction\":[{\"@type\":\"CommentAction\",\"name\":\"Comment\",\"target\":[\"https:\/\/madeinzaragoza.es\/blog\/mi-cuca-aromas-refrescantes-moda-y-complementos-para-mamas-y-peques\/#respond\"]}]},{\"@type\":\"WebPage\",\"@id\":\"https:\/\/madeinzaragoza.es\/blog\/mi-cuca-aromas-refrescantes-moda-y-complementos-para-mamas-y-peques\/\",\"url\":\"https:\/\/madeinzaragoza.es\/blog\/mi-cuca-aromas-refrescantes-moda-y-complementos-para-mamas-y-peques\/\",\"name\":\"Mi Cuca: aromas refrescantes, moda y complementos para mam\u00e1s y peques - Made in Zaragoza\",\"isPartOf\":{\"@id\":\"http:\/\/madeinzaragoza.es\/blog\/#website\"},\"datePublished\":\"2015-07-15T14:58:39+00:00\",\"dateModified\":\"2022-04-04T21:20:38+00:00\",\"breadcrumb\":{\"@id\":\"https:\/\/madeinzaragoza.es\/blog\/mi-cuca-aromas-refrescantes-moda-y-complementos-para-mamas-y-peques\/#breadcrumb\"},\"inLanguage\":\"es\",\"potentialAction\":[{\"@type\":\"ReadAction\",\"target\":[\"https:\/\/madeinzaragoza.es\/blog\/mi-cuca-aromas-refrescantes-moda-y-complementos-para-mamas-y-peques\/\"]}]},{\"@type\":\"BreadcrumbList\",\"@id\":\"https:\/\/madeinzaragoza.es\/blog\/mi-cuca-aromas-refrescantes-moda-y-complementos-para-mamas-y-peques\/#breadcrumb\",\"itemListElement\":[{\"@type\":\"ListItem\",\"position\":1,\"name\":\"Portada\",\"item\":\"http:\/\/madeinzaragoza.es\/blog\/\"},{\"@type\":\"ListItem\",\"position\":2,\"name\":\"Mi Cuca: aromas refrescantes, moda y complementos para mam\u00e1s y peques\"}]},{\"@type\":\"WebSite\",\"@id\":\"http:\/\/madeinzaragoza.es\/blog\/#website\",\"url\":\"http:\/\/madeinzaragoza.es\/blog\/\",\"name\":\"Made in Zaragoza\",\"description\":\"Blog de MadeinZGZ, Red de Econom\u00eda Creativa de Zaragoza\",\"publisher\":{\"@id\":\"http:\/\/madeinzaragoza.es\/blog\/#organization\"},\"potentialAction\":[{\"@type\":\"SearchAction\",\"target\":{\"@type\":\"EntryPoint\",\"urlTemplate\":\"http:\/\/madeinzaragoza.es\/blog\/?s={search_term_string}\"},\"query-input\":\"required name=search_term_string\"}],\"inLanguage\":\"es\"},{\"@type\":\"Organization\",\"@id\":\"http:\/\/madeinzaragoza.es\/blog\/#organization\",\"name\":\"Made In Zaragoza\",\"url\":\"http:\/\/madeinzaragoza.es\/blog\/\",\"sameAs\":[\"https:\/\/www.instagram.com\/madeinzaragoza.es\/\",\"https:\/\/www.facebook.com\/madeinzaragoza.es\/\",\"https:\/\/twitter.com\/madeinzaragoza\"],\"logo\":{\"@type\":\"ImageObject\",\"inLanguage\":\"es\",\"@id\":\"http:\/\/madeinzaragoza.es\/blog\/#\/schema\/logo\/image\/\",\"url\":\"https:\/\/madeinzaragoza.es\/blog\/wp-content\/uploads\/2022\/05\/logo.png\",\"contentUrl\":\"https:\/\/madeinzaragoza.es\/blog\/wp-content\/uploads\/2022\/05\/logo.png\",\"width\":193,\"height\":176,\"caption\":\"Made In Zaragoza\"},\"image\":{\"@id\":\"http:\/\/madeinzaragoza.es\/blog\/#\/schema\/logo\/image\/\"}},{\"@type\":\"Person\",\"@id\":\"http:\/\/madeinzaragoza.es\/blog\/#\/schema\/person\/b6199e649857e868c4cf0717b007a717\",\"name\":\"Blogssipgirl\",\"image\":{\"@type\":\"ImageObject\",\"inLanguage\":\"es\",\"@id\":\"http:\/\/madeinzaragoza.es\/blog\/#\/schema\/person\/image\/\",\"url\":\"http:\/\/0.gravatar.com\/avatar\/6171ea2cd2ec17b189583c580ab912a7?s=96&d=mm&r=g\",\"contentUrl\":\"http:\/\/0.gravatar.com\/avatar\/6171ea2cd2ec17b189583c580ab912a7?s=96&d=mm&r=g\",\"caption\":\"Blogssipgirl\"},\"description\":\"Organizadora de eventos, editora de blogs y gestora de RRSS. Y como hobby, bloguera: Blogssipgirl es mi alterego... Me gusta moverme por las redes sociales y colaborar en miles de proyectos, no s\u00e9 estar quieta. Me apasiona la moda y el buen gusto, adoro los peque\u00f1os placeres como pasear y disfrutar de mi familia y amigos.\",\"sameAs\":[\"http:\/\/blogssipgirl.blogspot.com\",\"blogssipgirl\/197083753685798\",\"https:\/\/twitter.com\/blogssipgirl1\"],\"url\":\"http:\/\/madeinzaragoza.es\/blog\/author\/blogssipgirl\/\"}]}<\/script>\n<!-- \/ Yoast SEO plugin. -->","yoast_head_json":{"title":"Mi Cuca: aromas refrescantes, moda y complementos para mam\u00e1s y peques - Made in Zaragoza","robots":{"index":"index","follow":"follow","max-snippet":"max-snippet:-1","max-image-preview":"max-image-preview:large","max-video-preview":"max-video-preview:-1"},"canonical":"https:\/\/madeinzaragoza.es\/blog\/mi-cuca-aromas-refrescantes-moda-y-complementos-para-mamas-y-peques\/","og_locale":"es_ES","og_type":"article","og_title":"Mi Cuca: aromas refrescantes, moda y complementos para mam\u00e1s y peques - Made in Zaragoza","og_description":"Noelia es una mujer con muchas inquietudes, con una permanente sonrisa en la cara, y siempre pensando en el siguiente reto. Noelia es la creadora de\u00a0Mi Cuca, una firma que Blogssipgirl conoci\u00f3 por casualidad hace unos meses, que le cautiv\u00f3 desde el principio y\u00a0que\u00a0ahora tiene el placer de presentarte Mi Cuca\u00a0es la tienda online donde &hellip; Continuar leyendo \"Mi Cuca: aromas refrescantes, moda y complementos para mam\u00e1s y peques\"","og_url":"https:\/\/madeinzaragoza.es\/blog\/mi-cuca-aromas-refrescantes-moda-y-complementos-para-mamas-y-peques\/","og_site_name":"Made in Zaragoza","article_publisher":"https:\/\/www.facebook.com\/madeinzaragoza.es\/","article_author":"blogssipgirl\/197083753685798","article_published_time":"2015-07-15T14:58:39+00:00","article_modified_time":"2022-04-04T21:20:38+00:00","og_image":[{"width":1600,"height":920,"url":"https:\/\/madeinzaragoza.es\/blog\/wp-content\/uploads\/2015\/07\/MI-CUCA-2.jpg","type":"image\/jpeg"}],"author":"Blogssipgirl","twitter_card":"summary","twitter_creator":"@blogssipgirl1","twitter_site":"@madeinzaragoza","twitter_misc":{"Escrito por":"Blogssipgirl","Tiempo de lectura":"4 minutos"},"schema":{"@context":"https:\/\/schema.org","@graph":[{"@type":"Article","@id":"https:\/\/madeinzaragoza.es\/blog\/mi-cuca-aromas-refrescantes-moda-y-complementos-para-mamas-y-peques\/#article","isPartOf":{"@id":"https:\/\/madeinzaragoza.es\/blog\/mi-cuca-aromas-refrescantes-moda-y-complementos-para-mamas-y-peques\/"},"author":{"name":"Blogssipgirl","@id":"http:\/\/madeinzaragoza.es\/blog\/#\/schema\/person\/b6199e649857e868c4cf0717b007a717"},"headline":"Mi Cuca: aromas refrescantes, moda y complementos para mam\u00e1s y peques","datePublished":"2015-07-15T14:58:39+00:00","dateModified":"2022-04-04T21:20:38+00:00","mainEntityOfPage":{"@id":"https:\/\/madeinzaragoza.es\/blog\/mi-cuca-aromas-refrescantes-moda-y-complementos-para-mamas-y-peques\/"},"wordCount":782,"commentCount":0,"publisher":{"@id":"http:\/\/madeinzaragoza.es\/blog\/#organization"},"keywords":["emprendedores","perfumes"],"articleSection":["Tendencias"],"inLanguage":"es","potentialAction":[{"@type":"CommentAction","name":"Comment","target":["https:\/\/madeinzaragoza.es\/blog\/mi-cuca-aromas-refrescantes-moda-y-complementos-para-mamas-y-peques\/#respond"]}]},{"@type":"WebPage","@id":"https:\/\/madeinzaragoza.es\/blog\/mi-cuca-aromas-refrescantes-moda-y-complementos-para-mamas-y-peques\/","url":"https:\/\/madeinzaragoza.es\/blog\/mi-cuca-aromas-refrescantes-moda-y-complementos-para-mamas-y-peques\/","name":"Mi Cuca: aromas refrescantes, moda y complementos para mam\u00e1s y peques - Made in Zaragoza","isPartOf":{"@id":"http:\/\/madeinzaragoza.es\/blog\/#website"},"datePublished":"2015-07-15T14:58:39+00:00","dateModified":"2022-04-04T21:20:38+00:00","breadcrumb":{"@id":"https:\/\/madeinzaragoza.es\/blog\/mi-cuca-aromas-refrescantes-moda-y-complementos-para-mamas-y-peques\/#breadcrumb"},"inLanguage":"es","potentialAction":[{"@type":"ReadAction","target":["https:\/\/madeinzaragoza.es\/blog\/mi-cuca-aromas-refrescantes-moda-y-complementos-para-mamas-y-peques\/"]}]},{"@type":"BreadcrumbList","@id":"https:\/\/madeinzaragoza.es\/blog\/mi-cuca-aromas-refrescantes-moda-y-complementos-para-mamas-y-peques\/#breadcrumb","itemListElement":[{"@type":"ListItem","position":1,"name":"Portada","item":"http:\/\/madeinzaragoza.es\/blog\/"},{"@type":"ListItem","position":2,"name":"Mi Cuca: aromas refrescantes, moda y complementos para mam\u00e1s y peques"}]},{"@type":"WebSite","@id":"http:\/\/madeinzaragoza.es\/blog\/#website","url":"http:\/\/madeinzaragoza.es\/blog\/","name":"Made in Zaragoza","description":"Blog de MadeinZGZ, Red de Econom\u00eda Creativa de Zaragoza","publisher":{"@id":"http:\/\/madeinzaragoza.es\/blog\/#organization"},"potentialAction":[{"@type":"SearchAction","target":{"@type":"EntryPoint","urlTemplate":"http:\/\/madeinzaragoza.es\/blog\/?s={search_term_string}"},"query-input":"required name=search_term_string"}],"inLanguage":"es"},{"@type":"Organization","@id":"http:\/\/madeinzaragoza.es\/blog\/#organization","name":"Made In Zaragoza","url":"http:\/\/madeinzaragoza.es\/blog\/","sameAs":["https:\/\/www.instagram.com\/madeinzaragoza.es\/","https:\/\/www.facebook.com\/madeinzaragoza.es\/","https:\/\/twitter.com\/madeinzaragoza"],"logo":{"@type":"ImageObject","inLanguage":"es","@id":"http:\/\/madeinzaragoza.es\/blog\/#\/schema\/logo\/image\/","url":"https:\/\/madeinzaragoza.es\/blog\/wp-content\/uploads\/2022\/05\/logo.png","contentUrl":"https:\/\/madeinzaragoza.es\/blog\/wp-content\/uploads\/2022\/05\/logo.png","width":193,"height":176,"caption":"Made In Zaragoza"},"image":{"@id":"http:\/\/madeinzaragoza.es\/blog\/#\/schema\/logo\/image\/"}},{"@type":"Person","@id":"http:\/\/madeinzaragoza.es\/blog\/#\/schema\/person\/b6199e649857e868c4cf0717b007a717","name":"Blogssipgirl","image":{"@type":"ImageObject","inLanguage":"es","@id":"http:\/\/madeinzaragoza.es\/blog\/#\/schema\/person\/image\/","url":"http:\/\/0.gravatar.com\/avatar\/6171ea2cd2ec17b189583c580ab912a7?s=96&d=mm&r=g","contentUrl":"http:\/\/0.gravatar.com\/avatar\/6171ea2cd2ec17b189583c580ab912a7?s=96&d=mm&r=g","caption":"Blogssipgirl"},"description":"Organizadora de eventos, editora de blogs y gestora de RRSS. Y como hobby, bloguera: Blogssipgirl es mi alterego... Me gusta moverme por las redes sociales y colaborar en miles de proyectos, no s\u00e9 estar quieta. Me apasiona la moda y el buen gusto, adoro los peque\u00f1os placeres como pasear y disfrutar de mi familia y amigos.","sameAs":["http:\/\/blogssipgirl.blogspot.com","blogssipgirl\/197083753685798","https:\/\/twitter.com\/blogssipgirl1"],"url":"http:\/\/madeinzaragoza.es\/blog\/author\/blogssipgirl\/"}]}},"_links":{"self":[{"href":"http:\/\/madeinzaragoza.es\/blog\/wp-json\/wp\/v2\/posts\/9579"}],"collection":[{"href":"http:\/\/madeinzaragoza.es\/blog\/wp-json\/wp\/v2\/posts"}],"about":[{"href":"http:\/\/madeinzaragoza.es\/blog\/wp-json\/wp\/v2\/types\/post"}],"author":[{"embeddable":true,"href":"http:\/\/madeinzaragoza.es\/blog\/wp-json\/wp\/v2\/users\/4"}],"replies":[{"embeddable":true,"href":"http:\/\/madeinzaragoza.es\/blog\/wp-json\/wp\/v2\/comments?post=9579"}],"version-history":[{"count":16,"href":"http:\/\/madeinzaragoza.es\/blog\/wp-json\/wp\/v2\/posts\/9579\/revisions"}],"predecessor-version":[{"id":34237,"href":"http:\/\/madeinzaragoza.es\/blog\/wp-json\/wp\/v2\/posts\/9579\/revisions\/34237"}],"wp:featuredmedia":[{"embeddable":true,"href":"http:\/\/madeinzaragoza.es\/blog\/wp-json\/wp\/v2\/media\/9581"}],"wp:attachment":[{"href":"http:\/\/madeinzaragoza.es\/blog\/wp-json\/wp\/v2\/media?parent=9579"}],"wp:term":[{"taxonomy":"category","embeddable":true,"href":"http:\/\/madeinzaragoza.es\/blog\/wp-json\/wp\/v2\/categories?post=9579"},{"taxonomy":"post_tag","embeddable":true,"href":"http:\/\/madeinzaragoza.es\/blog\/wp-json\/wp\/v2\/tags?post=9579"}],"curies":[{"name":"wp","href":"https:\/\/api.w.org\/{rel}","templated":true}]}}