{"id":9439,"date":"2021-06-14T17:05:00","date_gmt":"2021-06-14T16:05:00","guid":{"rendered":"http:\/\/madeinzaragoza.es\/blog\/?p=9439"},"modified":"2024-05-01T16:01:35","modified_gmt":"2024-05-01T15:01:35","slug":"taller-dedos","status":"publish","type":"post","link":"http:\/\/madeinzaragoza.es\/blog\/taller-dedos\/","title":{"rendered":"Joyas de capricho en Taller deDos"},"content":{"rendered":"\n<h2 class=\"wp-block-heading\">Orfebrer\u00eda creativa en Zaragoza<\/h2>\n\n\n\n<p>Llevar puesta una peque\u00f1a obra de arte conceptualizada, creada, dise\u00f1ada y elaborada por <strong><a href=\"https:\/\/madeinzaragoza.es\/comercio\/taller-dedos\/\">Taller deDos<\/a><\/strong> es un lujo al alcance de cualquiera. Inspiraciones naturalistas, colores emocionales y dise\u00f1os \u00fanicos son la base de las piezas realizadas a mano por <strong>Paco Soler y Ana Bel\u00e9n Guerrero<\/strong>.<\/p>\n\n\n\n<p><\/p>\n\n\n\n<h3 class=\"wp-block-heading\"><strong>\u00bfDe d\u00f3nde surge la idea de montar la Joyer\u00eda Taller DeDos?<\/strong><\/h3>\n\n\n\n<p>Comenzamos en 2006 vendiendo nuestras creaciones en mercados y ferias de artesan\u00edas y, viendo que a la gente les gustaban nuestras creaciones, decidimos en 2008 montar la tienda. Vimos el local, nos gust\u00f3 y aqu\u00ed creamos nuestro taller, en la calle San Lorenzo, 32.<\/p>\n\n\n\n<p><\/p>\n\n\n\n<h3 class=\"wp-block-heading\"><strong>El oficio de orfebre, \u00bfes herencia familiar?<\/strong><\/h3>\n\n\n\n<p>Yo no soy de formaci\u00f3n orfebre, soy ilustrador. A partir de esta disciplina fui pasando por grabado, cer\u00e1mica y por diferentes t\u00e9cnicas art\u00edsticas. Y, finalmente fui a parar a la joyer\u00eda. La rentabilidad es mayor y quer\u00eda vivir de lo que hac\u00eda con mis manos, por eso escogimos&nbsp;esta disciplina para desarrollar nuestra profesi\u00f3n.<\/p>\n\n\n\n<p><\/p>\n\n\n<div class=\"wp-block-image\">\n<figure class=\"aligncenter size-large is-resized\"><img loading=\"lazy\" decoding=\"async\" width=\"1024\" height=\"683\" src=\"https:\/\/madeinzaragoza.es\/blog\/wp-content\/uploads\/2024\/05\/de-dos-20210924-21_1619991307-1024x683.jpg\" alt=\"\" class=\"wp-image-41412\" style=\"width:665px;height:auto\" srcset=\"http:\/\/madeinzaragoza.es\/blog\/wp-content\/uploads\/2024\/05\/de-dos-20210924-21_1619991307-1024x683.jpg 1024w, http:\/\/madeinzaragoza.es\/blog\/wp-content\/uploads\/2024\/05\/de-dos-20210924-21_1619991307-450x300.jpg 450w, http:\/\/madeinzaragoza.es\/blog\/wp-content\/uploads\/2024\/05\/de-dos-20210924-21_1619991307-768x512.jpg 768w, http:\/\/madeinzaragoza.es\/blog\/wp-content\/uploads\/2024\/05\/de-dos-20210924-21_1619991307-1200x801.jpg 1200w, http:\/\/madeinzaragoza.es\/blog\/wp-content\/uploads\/2024\/05\/de-dos-20210924-21_1619991307.jpg 1400w\" sizes=\"(max-width: 709px) 85vw, (max-width: 909px) 67vw, (max-width: 1362px) 62vw, 840px\" \/><\/figure><\/div>\n\n\n<p><\/p>\n\n\n\n<p><\/p>\n\n\n\n<h3 class=\"wp-block-heading\"><strong>La dificultad de trabajar con este tipo de materiales, \u00bfno es m\u00e1s alta?<\/strong><\/h3>\n\n\n\n<p>En mi caso no me cost\u00f3 mucho, ya que estuve varios a\u00f1os trabajando el metal en una empresa. Adem\u00e1s, algunos amigos ten\u00edan conocimiento de orfebrer\u00eda y me ayudaron mucho en mis comienzos.<\/p>\n\n\n\n<p><\/p>\n\n\n\n<h3 class=\"wp-block-heading\"><strong>\u00bfQu\u00e9 materiales utiliz\u00e1is?<\/strong><\/h3>\n\n\n\n<p>Plata, oro y cobre, por lo general.<\/p>\n\n\n\n<p><\/p>\n\n\n<div class=\"wp-block-image\">\n<figure class=\"aligncenter is-resized\"><a href=\"http:\/\/madeinzaragoza.es\/blog\/wp-content\/uploads\/2015\/06\/joyas-cobre.jpg\"><img loading=\"lazy\" decoding=\"async\" width=\"300\" height=\"200\" src=\"http:\/\/madeinzaragoza.es\/blog\/wp-content\/uploads\/2015\/06\/joyas-cobre-300x200.jpg\" alt=\"entrevista Taller deDos Zaragoza\" class=\"wp-image-9443\" style=\"width:538px;height:auto\" srcset=\"http:\/\/madeinzaragoza.es\/blog\/wp-content\/uploads\/2015\/06\/joyas-cobre-300x200.jpg 300w, http:\/\/madeinzaragoza.es\/blog\/wp-content\/uploads\/2015\/06\/joyas-cobre-1024x682.jpg 1024w, http:\/\/madeinzaragoza.es\/blog\/wp-content\/uploads\/2015\/06\/joyas-cobre-163x109.jpg 163w, http:\/\/madeinzaragoza.es\/blog\/wp-content\/uploads\/2015\/06\/joyas-cobre-105x70.jpg 105w, http:\/\/madeinzaragoza.es\/blog\/wp-content\/uploads\/2015\/06\/joyas-cobre-625x416.jpg 625w, http:\/\/madeinzaragoza.es\/blog\/wp-content\/uploads\/2015\/06\/joyas-cobre-180x120.jpg 180w, http:\/\/madeinzaragoza.es\/blog\/wp-content\/uploads\/2015\/06\/joyas-cobre-960x640.jpg 960w, http:\/\/madeinzaragoza.es\/blog\/wp-content\/uploads\/2015\/06\/joyas-cobre-350x233.jpg 350w\" sizes=\"(max-width: 300px) 85vw, 300px\" \/><\/a><figcaption class=\"wp-element-caption\">L\u00ednea de cobre de Taller deDos<\/figcaption><\/figure><\/div>\n\n\n<p><\/p>\n\n\n\n<h3 class=\"wp-block-heading\"><strong>\u00bfCu\u00e1les de \u00e9stos tienen m\u00e1s aceptaci\u00f3n?<\/strong><\/h3>\n\n\n\n<p>Tienen mucha aceptaci\u00f3n los productos de cobre, ya que intentamos darle un aire m\u00e1s contempor\u00e1neo. Le aplicamos color con las patinas y nos dejamos llevar un poco m\u00e1s por la creatividad. Es como una joyer\u00eda m\u00e1s fresca. La plata tambi\u00e9n se vende bien, pero no deja de ser una joyer\u00eda m\u00e1s cl\u00e1sica.<\/p>\n\n\n\n<p><\/p>\n\n\n\n<h3 class=\"wp-block-heading\"><strong>\u00bfTrabaj\u00e1is con alg\u00fan material m\u00e1s de decoraci\u00f3n?<\/strong><\/h3>\n\n\n\n<p>Con varios tipos de piedras y tambi\u00e9n con resinas para dar color a las piezas en plata.<\/p>\n\n\n\n<p><\/p>\n\n\n\n<h3 class=\"wp-block-heading\"><strong>\u00bfD\u00f3nde se hacen las diferentes piezas que vend\u00e9is?<\/strong><\/h3>\n\n\n\n<p>Trabajamos todo en nuestro taller que est\u00e1 situado en la parte de atr\u00e1s de la tienda, en pleno coraz\u00f3n del barrio de la Madalena.<\/p>\n\n\n\n<p><\/p>\n\n\n<div class=\"wp-block-image\">\n<figure class=\"aligncenter is-resized\"><a href=\"http:\/\/madeinzaragoza.es\/blog\/wp-content\/uploads\/2015\/06\/joyeria-deDos.jpg\"><img loading=\"lazy\" decoding=\"async\" width=\"300\" height=\"200\" src=\"http:\/\/madeinzaragoza.es\/blog\/wp-content\/uploads\/2015\/06\/joyeria-deDos-300x200.jpg\" alt=\"entrevista Taller deDos Zaragoza\" class=\"wp-image-9444\" style=\"width:544px;height:auto\" srcset=\"http:\/\/madeinzaragoza.es\/blog\/wp-content\/uploads\/2015\/06\/joyeria-deDos-300x200.jpg 300w, http:\/\/madeinzaragoza.es\/blog\/wp-content\/uploads\/2015\/06\/joyeria-deDos-1024x682.jpg 1024w, http:\/\/madeinzaragoza.es\/blog\/wp-content\/uploads\/2015\/06\/joyeria-deDos-163x109.jpg 163w, http:\/\/madeinzaragoza.es\/blog\/wp-content\/uploads\/2015\/06\/joyeria-deDos-105x70.jpg 105w, http:\/\/madeinzaragoza.es\/blog\/wp-content\/uploads\/2015\/06\/joyeria-deDos-625x416.jpg 625w, http:\/\/madeinzaragoza.es\/blog\/wp-content\/uploads\/2015\/06\/joyeria-deDos-180x120.jpg 180w, http:\/\/madeinzaragoza.es\/blog\/wp-content\/uploads\/2015\/06\/joyeria-deDos-960x640.jpg 960w, http:\/\/madeinzaragoza.es\/blog\/wp-content\/uploads\/2015\/06\/joyeria-deDos-350x233.jpg 350w\" sizes=\"(max-width: 300px) 85vw, 300px\" \/><\/a><figcaption class=\"wp-element-caption\">Trabajo orfebre totalmente manual<\/figcaption><\/figure><\/div>\n\n\n<p><\/p>\n\n\n\n<h3 class=\"wp-block-heading\"><strong>\u00bfEn qu\u00e9 os inspir\u00e1is al realizar las creaciones?<\/strong><\/h3>\n\n\n\n<p>Dentro del mundo art\u00edstico somos multidisciplinares e intentamos trasladar nuestros dise\u00f1os al mundo de la joyer\u00eda. Tendemos bastante a los elementos naturales, aunque tambi\u00e9n tenemos una l\u00ednea de joyas m\u00e1s geom\u00e9trica. Otra gran inspiraci\u00f3n son las piezas bereberes, con m\u00e1s filigrana, pero siempre intentando conceptualizarlo y trasladarlo al dise\u00f1o contempor\u00e1neo.<\/p>\n\n\n\n<blockquote class=\"wp-block-quote is-style-plain\">\n<h3 class=\"wp-block-heading\"><em><strong>\u00abNuestro objetivo es aportar algo nuestro a lo ya existente\u00bb<\/strong><\/em><\/h3>\n<\/blockquote>\n\n\n\n<h3 class=\"wp-block-heading\">&nbsp;<\/h3>\n\n\n\n<h3 class=\"wp-block-heading\"><strong>\u00bfTambi\u00e9n realiz\u00e1is piezas por encargo?<\/strong><\/h3>\n\n\n\n<p>S\u00ed, tambi\u00e9n elaboramos piezas por encargo. Si necesitas algo en concreto, algo que no has visto en ning\u00fan sitio, puedes proponerlo y te lo hacemos.<\/p>\n\n\n\n<p><\/p>\n\n\n\n<h3 class=\"wp-block-heading\"><strong>\u00bfA qu\u00e9 p\u00fablico van dirigido vuestras joyas?<\/strong><\/h3>\n\n\n\n<p>El p\u00fablico es muy diverso, ya que&nbsp;el cobre llega a mujeres m\u00e1s j\u00f3venes, al ser m\u00e1s econ\u00f3mico, moderno y creativo. Por otro lado, la plata y el oro suele ir destinado a mujeres que buscan piezas m\u00e1s especiales.<\/p>\n\n\n\n<p><\/p>\n\n\n\n<h3 class=\"wp-block-heading\"><strong>\u00bfY los hombres?<\/strong><\/h3>\n\n\n\n<p>No trabajamos demasiado las piezas para hombres. De vez en cuando hacemos anillos y alguna que otra cosa, pero no nos hemos especializado en ellos.<\/p>\n\n\n\n<p><\/p>\n\n\n\n<h3 class=\"wp-block-heading\"><strong>\u00bfD\u00f3nde podemos comprar vuestras creaciones?<\/strong><\/h3>\n\n\n\n<p>Estamos en casi todos los mercados artesanos que se celebran en Zaragoza, adem\u00e1s del Mercado Medieval y otras Ferias del estilo, pero d\u00f3nde siempre podr\u00e9is encontrarnos en nuestra tienda Taller deDos situado en la C\/ Rufas, 5-7. Tambi\u00e9n pod\u00e9is ver <a href=\"https:\/\/www.tallerdedos.es\/\" target=\"_blank\" rel=\"noreferrer noopener\">nuestra p\u00e1gina web<\/a> y seguirnos a trav\u00e9s de <a href=\"https:\/\/www.instagram.com\/tallerdedos\/?hl=es\" target=\"_blank\" rel=\"noreferrer noopener\">Instagram<\/a>.<\/p>\n","protected":false},"excerpt":{"rendered":"<p>Orfebrer\u00eda creativa en Zaragoza Llevar puesta una peque\u00f1a obra de arte conceptualizada, creada, dise\u00f1ada y elaborada por Taller deDos es un lujo al alcance de cualquiera. Inspiraciones naturalistas, colores emocionales y dise\u00f1os \u00fanicos son la base de las piezas realizadas a mano por Paco Soler y Ana Bel\u00e9n Guerrero. \u00bfDe d\u00f3nde surge la idea de &hellip; <a href=\"http:\/\/madeinzaragoza.es\/blog\/taller-dedos\/\" class=\"more-link\">Continuar leyendo<span class=\"screen-reader-text\"> \u00abJoyas de capricho en Taller deDos\u00bb<\/span><\/a><\/p>\n","protected":false},"author":22,"featured_media":41411,"comment_status":"open","ping_status":"open","sticky":false,"template":"","format":"standard","meta":{"footnotes":""},"categories":[8],"tags":[26,130],"yoast_head":"<!-- This site is optimized with the Yoast SEO plugin v19.7.2 - https:\/\/yoast.com\/wordpress\/plugins\/seo\/ -->\n<title>Joyas de capricho en Taller deDos<\/title>\n<meta name=\"description\" content=\"Inspiraciones naturalistas son realizadas a mano por Paco Soler y Ana Bel\u00e9n Guerrero en su Taller deDos. Situado en pleno coraz\u00f3n de la Madalena.\" \/>\n<meta name=\"robots\" content=\"index, follow, max-snippet:-1, max-image-preview:large, max-video-preview:-1\" \/>\n<link rel=\"canonical\" href=\"https:\/\/madeinzaragoza.es\/blog\/taller-dedos\/\" \/>\n<meta property=\"og:locale\" content=\"es_ES\" \/>\n<meta property=\"og:type\" content=\"article\" \/>\n<meta property=\"og:title\" content=\"Joyas de capricho en Taller deDos\" \/>\n<meta property=\"og:description\" content=\"Inspiraciones naturalistas son realizadas a mano por Paco Soler y Ana Bel\u00e9n Guerrero en su Taller deDos. Situado en pleno coraz\u00f3n de la Madalena.\" \/>\n<meta property=\"og:url\" content=\"https:\/\/madeinzaragoza.es\/blog\/taller-dedos\/\" \/>\n<meta property=\"og:site_name\" content=\"Made in Zaragoza\" \/>\n<meta property=\"article:publisher\" content=\"https:\/\/www.facebook.com\/madeinzaragoza.es\/\" \/>\n<meta property=\"article:author\" content=\"LasArmasZAC\" \/>\n<meta property=\"article:published_time\" content=\"2021-06-14T16:05:00+00:00\" \/>\n<meta property=\"article:modified_time\" content=\"2024-05-01T15:01:35+00:00\" \/>\n<meta property=\"og:image\" content=\"https:\/\/madeinzaragoza.es\/blog\/wp-content\/uploads\/2015\/06\/de-dos-20210924-14_165353070.jpg\" \/>\n\t<meta property=\"og:image:width\" content=\"1400\" \/>\n\t<meta property=\"og:image:height\" content=\"934\" \/>\n\t<meta property=\"og:image:type\" content=\"image\/jpeg\" \/>\n<meta name=\"author\" content=\"MadeinZGZ\" \/>\n<meta name=\"twitter:card\" content=\"summary\" \/>\n<meta name=\"twitter:creator\" content=\"@madeinzaragoza\" \/>\n<meta name=\"twitter:site\" content=\"@madeinzaragoza\" \/>\n<meta name=\"twitter:label1\" content=\"Escrito por\" \/>\n\t<meta name=\"twitter:data1\" content=\"MadeinZGZ\" \/>\n\t<meta name=\"twitter:label2\" content=\"Tiempo de lectura\" \/>\n\t<meta name=\"twitter:data2\" content=\"3 minutos\" \/>\n<script type=\"application\/ld+json\" class=\"yoast-schema-graph\">{\"@context\":\"https:\/\/schema.org\",\"@graph\":[{\"@type\":\"Article\",\"@id\":\"https:\/\/madeinzaragoza.es\/blog\/taller-dedos\/#article\",\"isPartOf\":{\"@id\":\"https:\/\/madeinzaragoza.es\/blog\/taller-dedos\/\"},\"author\":{\"name\":\"MadeinZGZ\",\"@id\":\"http:\/\/madeinzaragoza.es\/blog\/#\/schema\/person\/59f4073cf7e7bc2b2f33b48241478a32\"},\"headline\":\"Joyas de capricho en Taller deDos\",\"datePublished\":\"2021-06-14T16:05:00+00:00\",\"dateModified\":\"2024-05-01T15:01:35+00:00\",\"mainEntityOfPage\":{\"@id\":\"https:\/\/madeinzaragoza.es\/blog\/taller-dedos\/\"},\"wordCount\":652,\"commentCount\":0,\"publisher\":{\"@id\":\"http:\/\/madeinzaragoza.es\/blog\/#organization\"},\"keywords\":[\"Artesanos\",\"emprendedores\"],\"articleSection\":[\"Red MIZ\"],\"inLanguage\":\"es\",\"potentialAction\":[{\"@type\":\"CommentAction\",\"name\":\"Comment\",\"target\":[\"https:\/\/madeinzaragoza.es\/blog\/taller-dedos\/#respond\"]}]},{\"@type\":\"WebPage\",\"@id\":\"https:\/\/madeinzaragoza.es\/blog\/taller-dedos\/\",\"url\":\"https:\/\/madeinzaragoza.es\/blog\/taller-dedos\/\",\"name\":\"Joyas de capricho en Taller deDos\",\"isPartOf\":{\"@id\":\"http:\/\/madeinzaragoza.es\/blog\/#website\"},\"datePublished\":\"2021-06-14T16:05:00+00:00\",\"dateModified\":\"2024-05-01T15:01:35+00:00\",\"description\":\"Inspiraciones naturalistas son realizadas a mano por Paco Soler y Ana Bel\u00e9n Guerrero en su Taller deDos. Situado en pleno coraz\u00f3n de la Madalena.\",\"breadcrumb\":{\"@id\":\"https:\/\/madeinzaragoza.es\/blog\/taller-dedos\/#breadcrumb\"},\"inLanguage\":\"es\",\"potentialAction\":[{\"@type\":\"ReadAction\",\"target\":[\"https:\/\/madeinzaragoza.es\/blog\/taller-dedos\/\"]}]},{\"@type\":\"BreadcrumbList\",\"@id\":\"https:\/\/madeinzaragoza.es\/blog\/taller-dedos\/#breadcrumb\",\"itemListElement\":[{\"@type\":\"ListItem\",\"position\":1,\"name\":\"Portada\",\"item\":\"http:\/\/madeinzaragoza.es\/blog\/\"},{\"@type\":\"ListItem\",\"position\":2,\"name\":\"Joyas de capricho en Taller deDos\"}]},{\"@type\":\"WebSite\",\"@id\":\"http:\/\/madeinzaragoza.es\/blog\/#website\",\"url\":\"http:\/\/madeinzaragoza.es\/blog\/\",\"name\":\"Made in Zaragoza\",\"description\":\"Blog de MadeinZGZ, Red de Econom\u00eda Creativa de Zaragoza\",\"publisher\":{\"@id\":\"http:\/\/madeinzaragoza.es\/blog\/#organization\"},\"potentialAction\":[{\"@type\":\"SearchAction\",\"target\":{\"@type\":\"EntryPoint\",\"urlTemplate\":\"http:\/\/madeinzaragoza.es\/blog\/?s={search_term_string}\"},\"query-input\":\"required name=search_term_string\"}],\"inLanguage\":\"es\"},{\"@type\":\"Organization\",\"@id\":\"http:\/\/madeinzaragoza.es\/blog\/#organization\",\"name\":\"Made In Zaragoza\",\"url\":\"http:\/\/madeinzaragoza.es\/blog\/\",\"sameAs\":[\"https:\/\/www.instagram.com\/madeinzaragoza.es\/\",\"https:\/\/www.facebook.com\/madeinzaragoza.es\/\",\"https:\/\/twitter.com\/madeinzaragoza\"],\"logo\":{\"@type\":\"ImageObject\",\"inLanguage\":\"es\",\"@id\":\"http:\/\/madeinzaragoza.es\/blog\/#\/schema\/logo\/image\/\",\"url\":\"https:\/\/madeinzaragoza.es\/blog\/wp-content\/uploads\/2022\/05\/logo.png\",\"contentUrl\":\"https:\/\/madeinzaragoza.es\/blog\/wp-content\/uploads\/2022\/05\/logo.png\",\"width\":193,\"height\":176,\"caption\":\"Made In Zaragoza\"},\"image\":{\"@id\":\"http:\/\/madeinzaragoza.es\/blog\/#\/schema\/logo\/image\/\"}},{\"@type\":\"Person\",\"@id\":\"http:\/\/madeinzaragoza.es\/blog\/#\/schema\/person\/59f4073cf7e7bc2b2f33b48241478a32\",\"name\":\"MadeinZGZ\",\"image\":{\"@type\":\"ImageObject\",\"inLanguage\":\"es\",\"@id\":\"http:\/\/madeinzaragoza.es\/blog\/#\/schema\/person\/image\/\",\"url\":\"http:\/\/2.gravatar.com\/avatar\/23c2456a35687aa268b52997d8f142d1?s=96&d=mm&r=g\",\"contentUrl\":\"http:\/\/2.gravatar.com\/avatar\/23c2456a35687aa268b52997d8f142d1?s=96&d=mm&r=g\",\"caption\":\"MadeinZGZ\"},\"description\":\"Red de comercios y emprendedores creativos de Zaragoza impulsada por ZGZ Activa.\",\"sameAs\":[\"LasArmasZAC\",\"https:\/\/twitter.com\/madeinzaragoza\"],\"url\":\"http:\/\/madeinzaragoza.es\/blog\/author\/madeinzgz\/\"}]}<\/script>\n<!-- \/ Yoast SEO plugin. -->","yoast_head_json":{"title":"Joyas de capricho en Taller deDos","description":"Inspiraciones naturalistas son realizadas a mano por Paco Soler y Ana Bel\u00e9n Guerrero en su Taller deDos. Situado en pleno coraz\u00f3n de la Madalena.","robots":{"index":"index","follow":"follow","max-snippet":"max-snippet:-1","max-image-preview":"max-image-preview:large","max-video-preview":"max-video-preview:-1"},"canonical":"https:\/\/madeinzaragoza.es\/blog\/taller-dedos\/","og_locale":"es_ES","og_type":"article","og_title":"Joyas de capricho en Taller deDos","og_description":"Inspiraciones naturalistas son realizadas a mano por Paco Soler y Ana Bel\u00e9n Guerrero en su Taller deDos. Situado en pleno coraz\u00f3n de la Madalena.","og_url":"https:\/\/madeinzaragoza.es\/blog\/taller-dedos\/","og_site_name":"Made in Zaragoza","article_publisher":"https:\/\/www.facebook.com\/madeinzaragoza.es\/","article_author":"LasArmasZAC","article_published_time":"2021-06-14T16:05:00+00:00","article_modified_time":"2024-05-01T15:01:35+00:00","og_image":[{"width":1400,"height":934,"url":"https:\/\/madeinzaragoza.es\/blog\/wp-content\/uploads\/2015\/06\/de-dos-20210924-14_165353070.jpg","type":"image\/jpeg"}],"author":"MadeinZGZ","twitter_card":"summary","twitter_creator":"@madeinzaragoza","twitter_site":"@madeinzaragoza","twitter_misc":{"Escrito por":"MadeinZGZ","Tiempo de lectura":"3 minutos"},"schema":{"@context":"https:\/\/schema.org","@graph":[{"@type":"Article","@id":"https:\/\/madeinzaragoza.es\/blog\/taller-dedos\/#article","isPartOf":{"@id":"https:\/\/madeinzaragoza.es\/blog\/taller-dedos\/"},"author":{"name":"MadeinZGZ","@id":"http:\/\/madeinzaragoza.es\/blog\/#\/schema\/person\/59f4073cf7e7bc2b2f33b48241478a32"},"headline":"Joyas de capricho en Taller deDos","datePublished":"2021-06-14T16:05:00+00:00","dateModified":"2024-05-01T15:01:35+00:00","mainEntityOfPage":{"@id":"https:\/\/madeinzaragoza.es\/blog\/taller-dedos\/"},"wordCount":652,"commentCount":0,"publisher":{"@id":"http:\/\/madeinzaragoza.es\/blog\/#organization"},"keywords":["Artesanos","emprendedores"],"articleSection":["Red MIZ"],"inLanguage":"es","potentialAction":[{"@type":"CommentAction","name":"Comment","target":["https:\/\/madeinzaragoza.es\/blog\/taller-dedos\/#respond"]}]},{"@type":"WebPage","@id":"https:\/\/madeinzaragoza.es\/blog\/taller-dedos\/","url":"https:\/\/madeinzaragoza.es\/blog\/taller-dedos\/","name":"Joyas de capricho en Taller deDos","isPartOf":{"@id":"http:\/\/madeinzaragoza.es\/blog\/#website"},"datePublished":"2021-06-14T16:05:00+00:00","dateModified":"2024-05-01T15:01:35+00:00","description":"Inspiraciones naturalistas son realizadas a mano por Paco Soler y Ana Bel\u00e9n Guerrero en su Taller deDos. Situado en pleno coraz\u00f3n de la Madalena.","breadcrumb":{"@id":"https:\/\/madeinzaragoza.es\/blog\/taller-dedos\/#breadcrumb"},"inLanguage":"es","potentialAction":[{"@type":"ReadAction","target":["https:\/\/madeinzaragoza.es\/blog\/taller-dedos\/"]}]},{"@type":"BreadcrumbList","@id":"https:\/\/madeinzaragoza.es\/blog\/taller-dedos\/#breadcrumb","itemListElement":[{"@type":"ListItem","position":1,"name":"Portada","item":"http:\/\/madeinzaragoza.es\/blog\/"},{"@type":"ListItem","position":2,"name":"Joyas de capricho en Taller deDos"}]},{"@type":"WebSite","@id":"http:\/\/madeinzaragoza.es\/blog\/#website","url":"http:\/\/madeinzaragoza.es\/blog\/","name":"Made in Zaragoza","description":"Blog de MadeinZGZ, Red de Econom\u00eda Creativa de Zaragoza","publisher":{"@id":"http:\/\/madeinzaragoza.es\/blog\/#organization"},"potentialAction":[{"@type":"SearchAction","target":{"@type":"EntryPoint","urlTemplate":"http:\/\/madeinzaragoza.es\/blog\/?s={search_term_string}"},"query-input":"required name=search_term_string"}],"inLanguage":"es"},{"@type":"Organization","@id":"http:\/\/madeinzaragoza.es\/blog\/#organization","name":"Made In Zaragoza","url":"http:\/\/madeinzaragoza.es\/blog\/","sameAs":["https:\/\/www.instagram.com\/madeinzaragoza.es\/","https:\/\/www.facebook.com\/madeinzaragoza.es\/","https:\/\/twitter.com\/madeinzaragoza"],"logo":{"@type":"ImageObject","inLanguage":"es","@id":"http:\/\/madeinzaragoza.es\/blog\/#\/schema\/logo\/image\/","url":"https:\/\/madeinzaragoza.es\/blog\/wp-content\/uploads\/2022\/05\/logo.png","contentUrl":"https:\/\/madeinzaragoza.es\/blog\/wp-content\/uploads\/2022\/05\/logo.png","width":193,"height":176,"caption":"Made In Zaragoza"},"image":{"@id":"http:\/\/madeinzaragoza.es\/blog\/#\/schema\/logo\/image\/"}},{"@type":"Person","@id":"http:\/\/madeinzaragoza.es\/blog\/#\/schema\/person\/59f4073cf7e7bc2b2f33b48241478a32","name":"MadeinZGZ","image":{"@type":"ImageObject","inLanguage":"es","@id":"http:\/\/madeinzaragoza.es\/blog\/#\/schema\/person\/image\/","url":"http:\/\/2.gravatar.com\/avatar\/23c2456a35687aa268b52997d8f142d1?s=96&d=mm&r=g","contentUrl":"http:\/\/2.gravatar.com\/avatar\/23c2456a35687aa268b52997d8f142d1?s=96&d=mm&r=g","caption":"MadeinZGZ"},"description":"Red de comercios y emprendedores creativos de Zaragoza impulsada por ZGZ Activa.","sameAs":["LasArmasZAC","https:\/\/twitter.com\/madeinzaragoza"],"url":"http:\/\/madeinzaragoza.es\/blog\/author\/madeinzgz\/"}]}},"_links":{"self":[{"href":"http:\/\/madeinzaragoza.es\/blog\/wp-json\/wp\/v2\/posts\/9439"}],"collection":[{"href":"http:\/\/madeinzaragoza.es\/blog\/wp-json\/wp\/v2\/posts"}],"about":[{"href":"http:\/\/madeinzaragoza.es\/blog\/wp-json\/wp\/v2\/types\/post"}],"author":[{"embeddable":true,"href":"http:\/\/madeinzaragoza.es\/blog\/wp-json\/wp\/v2\/users\/22"}],"replies":[{"embeddable":true,"href":"http:\/\/madeinzaragoza.es\/blog\/wp-json\/wp\/v2\/comments?post=9439"}],"version-history":[{"count":13,"href":"http:\/\/madeinzaragoza.es\/blog\/wp-json\/wp\/v2\/posts\/9439\/revisions"}],"predecessor-version":[{"id":41415,"href":"http:\/\/madeinzaragoza.es\/blog\/wp-json\/wp\/v2\/posts\/9439\/revisions\/41415"}],"wp:featuredmedia":[{"embeddable":true,"href":"http:\/\/madeinzaragoza.es\/blog\/wp-json\/wp\/v2\/media\/41411"}],"wp:attachment":[{"href":"http:\/\/madeinzaragoza.es\/blog\/wp-json\/wp\/v2\/media?parent=9439"}],"wp:term":[{"taxonomy":"category","embeddable":true,"href":"http:\/\/madeinzaragoza.es\/blog\/wp-json\/wp\/v2\/categories?post=9439"},{"taxonomy":"post_tag","embeddable":true,"href":"http:\/\/madeinzaragoza.es\/blog\/wp-json\/wp\/v2\/tags?post=9439"}],"curies":[{"name":"wp","href":"https:\/\/api.w.org\/{rel}","templated":true}]}}