{"id":8109,"date":"2014-12-13T14:38:00","date_gmt":"2014-12-13T13:38:00","guid":{"rendered":"http:\/\/madeinzaragoza.es\/blog\/?p=8109"},"modified":"2018-07-04T05:32:22","modified_gmt":"2018-07-04T04:32:22","slug":"miz-responde-zaragoza-en-2034","status":"publish","type":"post","link":"http:\/\/madeinzaragoza.es\/blog\/miz-responde-zaragoza-en-2034\/","title":{"rendered":"Comunidad MIZ responde: \u00bfC\u00f3mo te imaginas Zaragoza en 2034?  #LAB2034"},"content":{"rendered":"<p><a href=\"http:\/\/madeinzaragoza.es\/blog\/wp-content\/uploads\/2014\/12\/lab2034_redes.png\"><img loading=\"lazy\" decoding=\"async\" class=\"aligncenter  wp-image-8111\" src=\"http:\/\/madeinzaragoza.es\/blog\/wp-content\/uploads\/2014\/12\/lab2034_redes.png\" alt=\"lab2034\" width=\"566\" height=\"323\" srcset=\"http:\/\/madeinzaragoza.es\/blog\/wp-content\/uploads\/2014\/12\/lab2034_redes.png 935w, http:\/\/madeinzaragoza.es\/blog\/wp-content\/uploads\/2014\/12\/lab2034_redes-300x171.png 300w, http:\/\/madeinzaragoza.es\/blog\/wp-content\/uploads\/2014\/12\/lab2034_redes-190x108.png 190w, http:\/\/madeinzaragoza.es\/blog\/wp-content\/uploads\/2014\/12\/lab2034_redes-625x356.png 625w, http:\/\/madeinzaragoza.es\/blog\/wp-content\/uploads\/2014\/12\/lab2034_redes-180x102.png 180w, http:\/\/madeinzaragoza.es\/blog\/wp-content\/uploads\/2014\/12\/lab2034_redes-350x199.png 350w\" sizes=\"(max-width: 566px) 85vw, 566px\" \/><\/a><\/p>\n<p>Falta poco para que el a\u00f1o 2014 llegue a su fin. El cierre de un a\u00f1o y la llegada de uno nuevo siempre ocasiona reflexi\u00f3n y nuevas objetivos.<\/p>\n<p>El equipo de Zaragoza Activa ha\u00a0abierto debate a trav\u00e9s de sus redes sociales con la pregunta <em><strong>\u00ab\u00bfC\u00f3mo imaginas Zaragoza en el a\u00f1o 2034?\u00bb<\/strong><\/em>. Algunos de los redactores de Made in Zaragoza damos nuestro punto de vista:<\/p>\n<p>&nbsp;<\/p>\n<p><strong>Yasmina Herrero (<a href=\"https:\/\/twitter.com\/yasminaherrero\" target=\"_blank\">@yasminaherrero<\/a>)<\/strong><\/p>\n<p>En 2034, me imagino Zaragoza como una<em><strong> ciudad m\u00e1s participativa con su entorno<\/strong><\/em>, donde los ciudadanos estar\u00e1n m\u00e1s involucrados con todo lo que les rodee y ser\u00e1n m\u00e1s creativos a la hora de desarrollar sus ideas o metas para llevarlas a cabo. Por no decir, que el <em><strong>transporte ser\u00e1 m\u00e1s ecol\u00f3gico<\/strong><\/em> y menos contaminante. Y por ello, Zaragoza ser\u00e1 una ciudad ecol\u00f3gica con grandes ideas en desarrollo y m\u00e1s humanitaria en todos los aspectos.<\/p>\n<p><strong>Sergio Rup\u00e9rez (@Parisian224)<\/strong><\/p>\n<p>Zaragoza en 2034 ser\u00e1 una ciudad mucho m\u00e1s grande pero habitable a la vez. La<em><strong> ecolog\u00eda<\/strong><\/em> ser\u00e1 la t\u00f3nica general de la urbe con transportes no contaminantes, grandes \u00e1reas peatonales e iluminaci\u00f3n proveniente de fuentes de energ\u00eda renovables. La <em><strong>cultura<\/strong><\/em> tendr\u00e1 un papel importante entre las actividades de la ciudad y el <em><strong>comercio de proximidad<\/strong><\/em>, renovado pero con la atenci\u00f3n y calidad de siempre, habr\u00e1 reconquistado de nuevo al ciudadano. Ser\u00e1 desde luego gran lugar para vivir.<\/p>\n<p><strong>Leticia Stream\u00a0(<a href=\"https:\/\/twitter.com\/leticiastream\" target=\"_blank\">@LeticiaStream<\/a>)<\/strong><\/p>\n<p>Zaragoza ser\u00e1 en 2034 una ciudad clave para la econom\u00eda nacional. Un punto de encuentro con un <em><strong>transporte eficiente y ecol\u00f3gico<\/strong><\/em> no s\u00f3lo dentro de la ciudad, si no en las <em><strong>conexiones con Europa y el resto de Espa\u00f1a<\/strong><\/em>.\u00a0La cultura y la moda tendr\u00e1n gran importancia en la vida de la ciudad, con nuevas instalaciones para la organizaci\u00f3n de eventos en los que se mostrar\u00e1n las creaciones de nuestros dise\u00f1adores con proyecci\u00f3n internacional.\u00a0Una \u00ab<em><strong>ciudad laboratorio<\/strong><\/em>\u00bb que atraer\u00e1 a la gente por su modernidad y la calidez de sus habitantes.<\/p>\n<p><strong>Alberto Oliv\u00e1n (<a href=\"https:\/\/twitter.com\/hunteet\" target=\"_blank\">@Hunteet<\/a>)<\/strong><\/p>\n<p>En 2034, imagino Zaragoza como una ciudad de referencia a nivel Europeo en cuanto a <em><strong>emprendimiento<\/strong><\/em>, debido a su posici\u00f3n estrat\u00e9gica en Espa\u00f1a y al compromiso de sus gentes, j\u00f3venes de toda Europa se establecer\u00e1n en la capital ma\u00f1ana con sus <em><strong>Start Ups<\/strong><\/em>, lo que europeizar\u00e1 la ciudad, la <em><strong>bicicleta<\/strong><\/em> ser\u00e1 el medio de transporte por excelencia y en los \u00e1ticos de las casas la gente estar\u00e1 obligada a tener una <em><strong>zona verde, con plantas y huertos urbanos<\/strong><\/em>.<\/p>\n<p><strong>Elena Jim\u00e9nez<\/strong><\/p>\n<p>Zaragoza 2034. <em><strong>La tecnolog\u00eda agiliza y simplifica una ciudad fluida y din\u00e1mica<\/strong><\/em>. El zumbido de los coches el\u00e9ctricos y la ausencia de humos dan un brillo especial a la atm\u00f3sfera y favorecen la sensaci\u00f3n de tranquilidad en las calles incluso en los momentos mas ajetreados. Transporte p\u00fablico eficiente, bicicletas por doquier. Zaragoza es amable y acogedora para propios y extra\u00f1os. El <em><strong>escaso tr\u00e1fico en el centro de la ciudad<\/strong><\/em> es regulado por sem\u00e1foros inteligentes, existe informaci\u00f3n de parking en tiempo real que elimina el caos de aquellos que vagan sin rumbo buscando un lugar donde estacionar.\u00a0Por la noche las calles se iluminan a la par de los pasos de los transe\u00fantes. Las luces de los establecimientos que cierran se mezclan con las m\u00faltiples alternativas de ocio urbano que abren sus puertas, dando color al variado reguero de gente que viene y va.<\/p>\n<p><strong>Lorenzo Ib\u00e1\u00f1ez (<a href=\"https:\/\/twitter.com\/zaragusta\" target=\"_blank\">@Zaragusta<\/a>)<\/strong><\/p>\n<p>Me imagino Zaragoza como una <em><strong>ciudad referencia a nivel cultural<\/strong><\/em>, con un Casco Viejo recuperado y lleno de vida, siendo ejemplo a nivel europeo.\u00a0Quiero pensar que<em><strong> el turismo<\/strong><\/em> ser\u00e1 fundamental en la recuperaci\u00f3n econ\u00f3mica de la ciudad por su ubicaci\u00f3n y pasado hist\u00f3rico.<\/p>\n<p><strong>Laura Buri (<a href=\"https:\/\/twitter.com\/Laura_Buri\" target=\"_blank\">@Laura_Buri<\/a><\/strong>)<\/p>\n<p>Me la imagino con lo mejor de ahora y lo mejor de entonces, me sigo imaginando una ciudad llena de Leones escondidos que cuentan historias, con <em><strong>nuevos edificios, nuevas familias, nuevas historias, nuevas formas de comunicaci\u00f3n y socializaci\u00f3n<\/strong><\/em>. Pero me la quiero seguir imaginando con la misma esencia que tuvo siempre y que sigue teniendo ahora. Y sobre todo me la imagina conmigo y con los m\u00edos dentro de ella<\/p>\n<p><strong>M\u00f3nica Gim\u00e9nez (<a href=\"https:\/\/twitter.com\/misstechin\" target=\"_blank\">@misstechin<\/a>)<\/strong><\/p>\n<p>Pensar en c\u00f3mo ser\u00e1 la ciudad del futuro me lleva -sin quererlo- a recordar\u00a0esa visi\u00f3n radical que han tenido directores de cine de todos los tiempos. Las grandes diferencias entre clases que retrataba Metr\u00f3polis, la corrupci\u00f3n pol\u00edtica y el desorden social de Akira, los robots pr\u00e1cticamente humanos\u00a0de Blade Runner o la\u00a0extrema revoluci\u00f3n digital de Minority Report. Creo que justo esas cosas son las que no deseo. Quiero una Zaragoza\u00a0que sea <em><strong>consciente de\u00a0los recursos, cuide del\u00a0entorno y en el que abunden las zonas verdes<\/strong><\/em>; un futuro en el que todos puedan <em><strong>emprender f\u00e1cilmente<\/strong><\/em> el proyecto con el que siempre han so\u00f1ado y Zaragoza se diferencie respecto al resto de ciudades por ello; un futuro en el que <em><strong>se valora la memoria hist\u00f3rica de la ciudad y del Reino de Arag\u00f3n<\/strong><\/em> tanto en Espa\u00f1a como en Europa; un futuro sin prisas y en el que prime la <em><strong>calidad de las cosas respecto a la cantidad<\/strong><\/em>; \u00a0un futuro\u00a0en el que la tecnolog\u00eda se adapte y facilite la vida de las personas&#8230; un futuro del que todos nos sintamos orgullosos.<\/p>\n<p><strong>Un\u00e9te al debate <a href=\"https:\/\/www.facebook.com\/LasArmasZAC\/photos\/a.152593731569367.1073741828.152589188236488\/376772219151516\/?type=1&amp;theater\" target=\"_blank\">en Facebook<\/a>\u00a0o en Twitter utilizando el hashtag #LAB2034<\/strong>.<\/p>\n<p>&nbsp;<\/p>\n","protected":false},"excerpt":{"rendered":"<p>Falta poco para que el a\u00f1o 2014 llegue a su fin. El cierre de un a\u00f1o y la llegada de uno nuevo siempre ocasiona reflexi\u00f3n y nuevas objetivos. El equipo de Zaragoza Activa ha\u00a0abierto debate a trav\u00e9s de sus redes sociales con la pregunta \u00ab\u00bfC\u00f3mo imaginas Zaragoza en el a\u00f1o 2034?\u00bb. Algunos de los redactores &hellip; <a href=\"http:\/\/madeinzaragoza.es\/blog\/miz-responde-zaragoza-en-2034\/\" class=\"more-link\">Continuar leyendo<span class=\"screen-reader-text\"> \u00abComunidad MIZ responde: \u00bfC\u00f3mo te imaginas Zaragoza en 2034?  #LAB2034\u00bb<\/span><\/a><\/p>\n","protected":false},"author":22,"featured_media":8111,"comment_status":"open","ping_status":"open","sticky":false,"template":"","format":"standard","meta":{"footnotes":""},"categories":[8],"tags":[1047],"yoast_head":"<!-- This site is optimized with the Yoast SEO plugin v19.7.2 - https:\/\/yoast.com\/wordpress\/plugins\/seo\/ -->\n<title>Comunidad MIZ responde: \u00bfC\u00f3mo te imaginas Zaragoza en 2034? #LAB2034 - Made in Zaragoza<\/title>\n<meta name=\"robots\" content=\"index, follow, max-snippet:-1, max-image-preview:large, max-video-preview:-1\" \/>\n<link rel=\"canonical\" href=\"https:\/\/madeinzaragoza.es\/blog\/miz-responde-zaragoza-en-2034\/\" \/>\n<meta property=\"og:locale\" content=\"es_ES\" \/>\n<meta property=\"og:type\" content=\"article\" \/>\n<meta property=\"og:title\" content=\"Comunidad MIZ responde: \u00bfC\u00f3mo te imaginas Zaragoza en 2034? #LAB2034 - Made in Zaragoza\" \/>\n<meta property=\"og:description\" content=\"Falta poco para que el a\u00f1o 2014 llegue a su fin. El cierre de un a\u00f1o y la llegada de uno nuevo siempre ocasiona reflexi\u00f3n y nuevas objetivos. El equipo de Zaragoza Activa ha\u00a0abierto debate a trav\u00e9s de sus redes sociales con la pregunta \u00ab\u00bfC\u00f3mo imaginas Zaragoza en el a\u00f1o 2034?\u00bb. Algunos de los redactores &hellip; Continuar leyendo &quot;Comunidad MIZ responde: \u00bfC\u00f3mo te imaginas Zaragoza en 2034? #LAB2034&quot;\" \/>\n<meta property=\"og:url\" content=\"https:\/\/madeinzaragoza.es\/blog\/miz-responde-zaragoza-en-2034\/\" \/>\n<meta property=\"og:site_name\" content=\"Made in Zaragoza\" \/>\n<meta property=\"article:publisher\" content=\"https:\/\/www.facebook.com\/madeinzaragoza.es\/\" \/>\n<meta property=\"article:author\" content=\"LasArmasZAC\" \/>\n<meta property=\"article:published_time\" content=\"2014-12-13T13:38:00+00:00\" \/>\n<meta property=\"article:modified_time\" content=\"2018-07-04T04:32:22+00:00\" \/>\n<meta property=\"og:image\" content=\"https:\/\/madeinzaragoza.es\/blog\/wp-content\/uploads\/2014\/12\/lab2034_redes.png\" \/>\n\t<meta property=\"og:image:width\" content=\"935\" \/>\n\t<meta property=\"og:image:height\" content=\"534\" \/>\n\t<meta property=\"og:image:type\" content=\"image\/png\" \/>\n<meta name=\"author\" content=\"MadeinZGZ\" \/>\n<meta name=\"twitter:card\" content=\"summary\" \/>\n<meta name=\"twitter:creator\" content=\"@madeinzaragoza\" \/>\n<meta name=\"twitter:site\" content=\"@madeinzaragoza\" \/>\n<meta name=\"twitter:label1\" content=\"Escrito por\" \/>\n\t<meta name=\"twitter:data1\" content=\"MadeinZGZ\" \/>\n\t<meta name=\"twitter:label2\" content=\"Tiempo de lectura\" \/>\n\t<meta name=\"twitter:data2\" content=\"5 minutos\" \/>\n<script type=\"application\/ld+json\" class=\"yoast-schema-graph\">{\"@context\":\"https:\/\/schema.org\",\"@graph\":[{\"@type\":\"Article\",\"@id\":\"https:\/\/madeinzaragoza.es\/blog\/miz-responde-zaragoza-en-2034\/#article\",\"isPartOf\":{\"@id\":\"https:\/\/madeinzaragoza.es\/blog\/miz-responde-zaragoza-en-2034\/\"},\"author\":{\"name\":\"MadeinZGZ\",\"@id\":\"http:\/\/madeinzaragoza.es\/blog\/#\/schema\/person\/59f4073cf7e7bc2b2f33b48241478a32\"},\"headline\":\"Comunidad MIZ responde: \u00bfC\u00f3mo te imaginas Zaragoza en 2034? #LAB2034\",\"datePublished\":\"2014-12-13T13:38:00+00:00\",\"dateModified\":\"2018-07-04T04:32:22+00:00\",\"mainEntityOfPage\":{\"@id\":\"https:\/\/madeinzaragoza.es\/blog\/miz-responde-zaragoza-en-2034\/\"},\"wordCount\":941,\"commentCount\":0,\"publisher\":{\"@id\":\"http:\/\/madeinzaragoza.es\/blog\/#organization\"},\"keywords\":[\"lab2034\"],\"articleSection\":[\"Red MIZ\"],\"inLanguage\":\"es\",\"potentialAction\":[{\"@type\":\"CommentAction\",\"name\":\"Comment\",\"target\":[\"https:\/\/madeinzaragoza.es\/blog\/miz-responde-zaragoza-en-2034\/#respond\"]}]},{\"@type\":\"WebPage\",\"@id\":\"https:\/\/madeinzaragoza.es\/blog\/miz-responde-zaragoza-en-2034\/\",\"url\":\"https:\/\/madeinzaragoza.es\/blog\/miz-responde-zaragoza-en-2034\/\",\"name\":\"Comunidad MIZ responde: \u00bfC\u00f3mo te imaginas Zaragoza en 2034? #LAB2034 - Made in Zaragoza\",\"isPartOf\":{\"@id\":\"http:\/\/madeinzaragoza.es\/blog\/#website\"},\"datePublished\":\"2014-12-13T13:38:00+00:00\",\"dateModified\":\"2018-07-04T04:32:22+00:00\",\"breadcrumb\":{\"@id\":\"https:\/\/madeinzaragoza.es\/blog\/miz-responde-zaragoza-en-2034\/#breadcrumb\"},\"inLanguage\":\"es\",\"potentialAction\":[{\"@type\":\"ReadAction\",\"target\":[\"https:\/\/madeinzaragoza.es\/blog\/miz-responde-zaragoza-en-2034\/\"]}]},{\"@type\":\"BreadcrumbList\",\"@id\":\"https:\/\/madeinzaragoza.es\/blog\/miz-responde-zaragoza-en-2034\/#breadcrumb\",\"itemListElement\":[{\"@type\":\"ListItem\",\"position\":1,\"name\":\"Portada\",\"item\":\"http:\/\/madeinzaragoza.es\/blog\/\"},{\"@type\":\"ListItem\",\"position\":2,\"name\":\"Comunidad MIZ responde: \u00bfC\u00f3mo te imaginas Zaragoza en 2034? #LAB2034\"}]},{\"@type\":\"WebSite\",\"@id\":\"http:\/\/madeinzaragoza.es\/blog\/#website\",\"url\":\"http:\/\/madeinzaragoza.es\/blog\/\",\"name\":\"Made in Zaragoza\",\"description\":\"Blog de MadeinZGZ, Red de Econom\u00eda Creativa de Zaragoza\",\"publisher\":{\"@id\":\"http:\/\/madeinzaragoza.es\/blog\/#organization\"},\"potentialAction\":[{\"@type\":\"SearchAction\",\"target\":{\"@type\":\"EntryPoint\",\"urlTemplate\":\"http:\/\/madeinzaragoza.es\/blog\/?s={search_term_string}\"},\"query-input\":\"required name=search_term_string\"}],\"inLanguage\":\"es\"},{\"@type\":\"Organization\",\"@id\":\"http:\/\/madeinzaragoza.es\/blog\/#organization\",\"name\":\"Made In Zaragoza\",\"url\":\"http:\/\/madeinzaragoza.es\/blog\/\",\"sameAs\":[\"https:\/\/www.instagram.com\/madeinzaragoza.es\/\",\"https:\/\/www.facebook.com\/madeinzaragoza.es\/\",\"https:\/\/twitter.com\/madeinzaragoza\"],\"logo\":{\"@type\":\"ImageObject\",\"inLanguage\":\"es\",\"@id\":\"http:\/\/madeinzaragoza.es\/blog\/#\/schema\/logo\/image\/\",\"url\":\"https:\/\/madeinzaragoza.es\/blog\/wp-content\/uploads\/2022\/05\/logo.png\",\"contentUrl\":\"https:\/\/madeinzaragoza.es\/blog\/wp-content\/uploads\/2022\/05\/logo.png\",\"width\":193,\"height\":176,\"caption\":\"Made In Zaragoza\"},\"image\":{\"@id\":\"http:\/\/madeinzaragoza.es\/blog\/#\/schema\/logo\/image\/\"}},{\"@type\":\"Person\",\"@id\":\"http:\/\/madeinzaragoza.es\/blog\/#\/schema\/person\/59f4073cf7e7bc2b2f33b48241478a32\",\"name\":\"MadeinZGZ\",\"image\":{\"@type\":\"ImageObject\",\"inLanguage\":\"es\",\"@id\":\"http:\/\/madeinzaragoza.es\/blog\/#\/schema\/person\/image\/\",\"url\":\"http:\/\/2.gravatar.com\/avatar\/23c2456a35687aa268b52997d8f142d1?s=96&d=mm&r=g\",\"contentUrl\":\"http:\/\/2.gravatar.com\/avatar\/23c2456a35687aa268b52997d8f142d1?s=96&d=mm&r=g\",\"caption\":\"MadeinZGZ\"},\"description\":\"Red de comercios y emprendedores creativos de Zaragoza impulsada por ZGZ Activa.\",\"sameAs\":[\"LasArmasZAC\",\"https:\/\/twitter.com\/madeinzaragoza\"],\"url\":\"http:\/\/madeinzaragoza.es\/blog\/author\/madeinzgz\/\"}]}<\/script>\n<!-- \/ Yoast SEO plugin. -->","yoast_head_json":{"title":"Comunidad MIZ responde: \u00bfC\u00f3mo te imaginas Zaragoza en 2034? #LAB2034 - Made in Zaragoza","robots":{"index":"index","follow":"follow","max-snippet":"max-snippet:-1","max-image-preview":"max-image-preview:large","max-video-preview":"max-video-preview:-1"},"canonical":"https:\/\/madeinzaragoza.es\/blog\/miz-responde-zaragoza-en-2034\/","og_locale":"es_ES","og_type":"article","og_title":"Comunidad MIZ responde: \u00bfC\u00f3mo te imaginas Zaragoza en 2034? #LAB2034 - Made in Zaragoza","og_description":"Falta poco para que el a\u00f1o 2014 llegue a su fin. El cierre de un a\u00f1o y la llegada de uno nuevo siempre ocasiona reflexi\u00f3n y nuevas objetivos. El equipo de Zaragoza Activa ha\u00a0abierto debate a trav\u00e9s de sus redes sociales con la pregunta \u00ab\u00bfC\u00f3mo imaginas Zaragoza en el a\u00f1o 2034?\u00bb. Algunos de los redactores &hellip; Continuar leyendo \"Comunidad MIZ responde: \u00bfC\u00f3mo te imaginas Zaragoza en 2034? #LAB2034\"","og_url":"https:\/\/madeinzaragoza.es\/blog\/miz-responde-zaragoza-en-2034\/","og_site_name":"Made in Zaragoza","article_publisher":"https:\/\/www.facebook.com\/madeinzaragoza.es\/","article_author":"LasArmasZAC","article_published_time":"2014-12-13T13:38:00+00:00","article_modified_time":"2018-07-04T04:32:22+00:00","og_image":[{"width":935,"height":534,"url":"https:\/\/madeinzaragoza.es\/blog\/wp-content\/uploads\/2014\/12\/lab2034_redes.png","type":"image\/png"}],"author":"MadeinZGZ","twitter_card":"summary","twitter_creator":"@madeinzaragoza","twitter_site":"@madeinzaragoza","twitter_misc":{"Escrito por":"MadeinZGZ","Tiempo de lectura":"5 minutos"},"schema":{"@context":"https:\/\/schema.org","@graph":[{"@type":"Article","@id":"https:\/\/madeinzaragoza.es\/blog\/miz-responde-zaragoza-en-2034\/#article","isPartOf":{"@id":"https:\/\/madeinzaragoza.es\/blog\/miz-responde-zaragoza-en-2034\/"},"author":{"name":"MadeinZGZ","@id":"http:\/\/madeinzaragoza.es\/blog\/#\/schema\/person\/59f4073cf7e7bc2b2f33b48241478a32"},"headline":"Comunidad MIZ responde: \u00bfC\u00f3mo te imaginas Zaragoza en 2034? #LAB2034","datePublished":"2014-12-13T13:38:00+00:00","dateModified":"2018-07-04T04:32:22+00:00","mainEntityOfPage":{"@id":"https:\/\/madeinzaragoza.es\/blog\/miz-responde-zaragoza-en-2034\/"},"wordCount":941,"commentCount":0,"publisher":{"@id":"http:\/\/madeinzaragoza.es\/blog\/#organization"},"keywords":["lab2034"],"articleSection":["Red MIZ"],"inLanguage":"es","potentialAction":[{"@type":"CommentAction","name":"Comment","target":["https:\/\/madeinzaragoza.es\/blog\/miz-responde-zaragoza-en-2034\/#respond"]}]},{"@type":"WebPage","@id":"https:\/\/madeinzaragoza.es\/blog\/miz-responde-zaragoza-en-2034\/","url":"https:\/\/madeinzaragoza.es\/blog\/miz-responde-zaragoza-en-2034\/","name":"Comunidad MIZ responde: \u00bfC\u00f3mo te imaginas Zaragoza en 2034? #LAB2034 - Made in Zaragoza","isPartOf":{"@id":"http:\/\/madeinzaragoza.es\/blog\/#website"},"datePublished":"2014-12-13T13:38:00+00:00","dateModified":"2018-07-04T04:32:22+00:00","breadcrumb":{"@id":"https:\/\/madeinzaragoza.es\/blog\/miz-responde-zaragoza-en-2034\/#breadcrumb"},"inLanguage":"es","potentialAction":[{"@type":"ReadAction","target":["https:\/\/madeinzaragoza.es\/blog\/miz-responde-zaragoza-en-2034\/"]}]},{"@type":"BreadcrumbList","@id":"https:\/\/madeinzaragoza.es\/blog\/miz-responde-zaragoza-en-2034\/#breadcrumb","itemListElement":[{"@type":"ListItem","position":1,"name":"Portada","item":"http:\/\/madeinzaragoza.es\/blog\/"},{"@type":"ListItem","position":2,"name":"Comunidad MIZ responde: \u00bfC\u00f3mo te imaginas Zaragoza en 2034? #LAB2034"}]},{"@type":"WebSite","@id":"http:\/\/madeinzaragoza.es\/blog\/#website","url":"http:\/\/madeinzaragoza.es\/blog\/","name":"Made in Zaragoza","description":"Blog de MadeinZGZ, Red de Econom\u00eda Creativa de Zaragoza","publisher":{"@id":"http:\/\/madeinzaragoza.es\/blog\/#organization"},"potentialAction":[{"@type":"SearchAction","target":{"@type":"EntryPoint","urlTemplate":"http:\/\/madeinzaragoza.es\/blog\/?s={search_term_string}"},"query-input":"required name=search_term_string"}],"inLanguage":"es"},{"@type":"Organization","@id":"http:\/\/madeinzaragoza.es\/blog\/#organization","name":"Made In Zaragoza","url":"http:\/\/madeinzaragoza.es\/blog\/","sameAs":["https:\/\/www.instagram.com\/madeinzaragoza.es\/","https:\/\/www.facebook.com\/madeinzaragoza.es\/","https:\/\/twitter.com\/madeinzaragoza"],"logo":{"@type":"ImageObject","inLanguage":"es","@id":"http:\/\/madeinzaragoza.es\/blog\/#\/schema\/logo\/image\/","url":"https:\/\/madeinzaragoza.es\/blog\/wp-content\/uploads\/2022\/05\/logo.png","contentUrl":"https:\/\/madeinzaragoza.es\/blog\/wp-content\/uploads\/2022\/05\/logo.png","width":193,"height":176,"caption":"Made In Zaragoza"},"image":{"@id":"http:\/\/madeinzaragoza.es\/blog\/#\/schema\/logo\/image\/"}},{"@type":"Person","@id":"http:\/\/madeinzaragoza.es\/blog\/#\/schema\/person\/59f4073cf7e7bc2b2f33b48241478a32","name":"MadeinZGZ","image":{"@type":"ImageObject","inLanguage":"es","@id":"http:\/\/madeinzaragoza.es\/blog\/#\/schema\/person\/image\/","url":"http:\/\/2.gravatar.com\/avatar\/23c2456a35687aa268b52997d8f142d1?s=96&d=mm&r=g","contentUrl":"http:\/\/2.gravatar.com\/avatar\/23c2456a35687aa268b52997d8f142d1?s=96&d=mm&r=g","caption":"MadeinZGZ"},"description":"Red de comercios y emprendedores creativos de Zaragoza impulsada por ZGZ Activa.","sameAs":["LasArmasZAC","https:\/\/twitter.com\/madeinzaragoza"],"url":"http:\/\/madeinzaragoza.es\/blog\/author\/madeinzgz\/"}]}},"_links":{"self":[{"href":"http:\/\/madeinzaragoza.es\/blog\/wp-json\/wp\/v2\/posts\/8109"}],"collection":[{"href":"http:\/\/madeinzaragoza.es\/blog\/wp-json\/wp\/v2\/posts"}],"about":[{"href":"http:\/\/madeinzaragoza.es\/blog\/wp-json\/wp\/v2\/types\/post"}],"author":[{"embeddable":true,"href":"http:\/\/madeinzaragoza.es\/blog\/wp-json\/wp\/v2\/users\/22"}],"replies":[{"embeddable":true,"href":"http:\/\/madeinzaragoza.es\/blog\/wp-json\/wp\/v2\/comments?post=8109"}],"version-history":[{"count":3,"href":"http:\/\/madeinzaragoza.es\/blog\/wp-json\/wp\/v2\/posts\/8109\/revisions"}],"predecessor-version":[{"id":21056,"href":"http:\/\/madeinzaragoza.es\/blog\/wp-json\/wp\/v2\/posts\/8109\/revisions\/21056"}],"wp:featuredmedia":[{"embeddable":true,"href":"http:\/\/madeinzaragoza.es\/blog\/wp-json\/wp\/v2\/media\/8111"}],"wp:attachment":[{"href":"http:\/\/madeinzaragoza.es\/blog\/wp-json\/wp\/v2\/media?parent=8109"}],"wp:term":[{"taxonomy":"category","embeddable":true,"href":"http:\/\/madeinzaragoza.es\/blog\/wp-json\/wp\/v2\/categories?post=8109"},{"taxonomy":"post_tag","embeddable":true,"href":"http:\/\/madeinzaragoza.es\/blog\/wp-json\/wp\/v2\/tags?post=8109"}],"curies":[{"name":"wp","href":"https:\/\/api.w.org\/{rel}","templated":true}]}}