{"id":7908,"date":"2014-11-20T20:47:54","date_gmt":"2014-11-20T19:47:54","guid":{"rendered":"http:\/\/madeinzaragoza.es\/blog\/?p=7908"},"modified":"2018-11-30T19:17:52","modified_gmt":"2018-11-30T18:17:52","slug":"las-miradas-de-susana-blasco-en-coner-miz","status":"publish","type":"post","link":"http:\/\/madeinzaragoza.es\/blog\/las-miradas-de-susana-blasco-en-coner-miz\/","title":{"rendered":"Miradas. Susana Blasco en C\u00f3rner MIZ"},"content":{"rendered":"<h3>Trans Social Express 5.<\/h3>\n<p style=\"text-align: justify\">Las <strong>fotograf\u00edas antiguas<\/strong> son el material con el que <strong><a href=\"\/\/\" target=\"_blank\" rel=\"noopener\">Susana Blasco<\/a> <\/strong>trabaja sus <em><strong>collages<\/strong><\/em>. Fotograf\u00edas que busca,\u00a0 colecciona, documenta, estudia, descompone y recompone creando aut\u00e9nticas maravillas visuales. Como ella nos cont\u00f3 en los <a href=\"http:\/\/blogzac.es\/dialogos-trans-social-express-susana-blasco\/\" target=\"_blank\" rel=\"noopener\">Di\u00e1logos Trans Social Express<\/a>, estas fotograf\u00edas son de ubicaciones geogr\u00e1ficas muy dispares y los medios por los que las encuentra tambi\u00e9n: unas las compra ella en mercadillos, en mercados de pulgas, tiendas de viejo o a trav\u00e9s de Internet; otras se las env\u00edan sus amigos y contactos quienes le proveen de im\u00e1genes para trabajar; en algunos casos las descubre y recupera de la basura&#8230; todas ellas las conserva bajo una especie de instinto maternal para trabajar posteriormente sus collages.<\/p>\n<p>&nbsp;<\/p>\n<p style=\"text-align: justify\">Pero no se trata de unas fotograf\u00edas cualquiera, las que Susana usa son <strong>retratos fotogr\u00e1ficos<\/strong>. Fotograf\u00edas de personajes an\u00f3nimos, personas de otras generaciones que quedaron retratadas en placas y trozos de papel y que por circunstancias de la vida acabaron en el olvido. Retratos de personas siempre anteriores a 1960.<\/p>\n<p>&nbsp;<\/p>\n<p style=\"text-align: justify\">El <strong>retrato<\/strong> es un g\u00e9nero art\u00edstico que consiste en la representaci\u00f3n de una figura humana y muestra las cualidades f\u00edsicas o psicol\u00f3gicas de las personas representadas. El origen del retrato lo encontrar\u00edamos en la Antig\u00fcedad y se ha utilizado y mantenido a lo largo de la historia para representar e inmortalizar personajes de considerada importancia en todas las disciplinas art\u00edsticas: en pintura, en escultura, en numism\u00e1tica o en joyer\u00eda. El <strong>retrato pict\u00f3rico<\/strong> ha sido el m\u00e1s utilizado para la inmortalizaci\u00f3n y permanencia en el tiempo del retratado y se puede considerar como el precedente del <strong>retrato fotogr\u00e1fico<\/strong>.<\/p>\n<p>&nbsp;<\/p>\n<figure id=\"attachment_7915\" aria-describedby=\"caption-attachment-7915\" style=\"width: 640px\" class=\"wp-caption aligncenter\"><a href=\"http:\/\/madeinzaragoza.es\/blog\/wp-content\/uploads\/2014\/11\/1920436_676581622406485_70723939_n.jpg\"><img loading=\"lazy\" decoding=\"async\" class=\"size-full wp-image-7915\" src=\"http:\/\/madeinzaragoza.es\/blog\/wp-content\/uploads\/2014\/11\/1920436_676581622406485_70723939_n.jpg\" alt=\"Fotograf\u00edas de Susana Blasco\" width=\"640\" height=\"640\" srcset=\"http:\/\/madeinzaragoza.es\/blog\/wp-content\/uploads\/2014\/11\/1920436_676581622406485_70723939_n.jpg 640w, http:\/\/madeinzaragoza.es\/blog\/wp-content\/uploads\/2014\/11\/1920436_676581622406485_70723939_n-150x150.jpg 150w, http:\/\/madeinzaragoza.es\/blog\/wp-content\/uploads\/2014\/11\/1920436_676581622406485_70723939_n-300x300.jpg 300w, http:\/\/madeinzaragoza.es\/blog\/wp-content\/uploads\/2014\/11\/1920436_676581622406485_70723939_n-160x160.jpg 160w, http:\/\/madeinzaragoza.es\/blog\/wp-content\/uploads\/2014\/11\/1920436_676581622406485_70723939_n-40x40.jpg 40w, http:\/\/madeinzaragoza.es\/blog\/wp-content\/uploads\/2014\/11\/1920436_676581622406485_70723939_n-70x70.jpg 70w, http:\/\/madeinzaragoza.es\/blog\/wp-content\/uploads\/2014\/11\/1920436_676581622406485_70723939_n-625x625.jpg 625w, http:\/\/madeinzaragoza.es\/blog\/wp-content\/uploads\/2014\/11\/1920436_676581622406485_70723939_n-180x180.jpg 180w, http:\/\/madeinzaragoza.es\/blog\/wp-content\/uploads\/2014\/11\/1920436_676581622406485_70723939_n-350x350.jpg 350w\" sizes=\"(max-width: 709px) 85vw, (max-width: 909px) 67vw, (max-width: 984px) 61vw, (max-width: 1362px) 45vw, 600px\" \/><\/a><figcaption id=\"caption-attachment-7915\" class=\"wp-caption-text\">Fotograf\u00edas de Susana Blasco<\/figcaption><\/figure>\n<p style=\"text-align: justify\">Con la aparici\u00f3n y desarrollo de la fotograf\u00eda el retrato sufre un gran desarrollo debido al abaratamiento de costes y la facilidad de producci\u00f3n. La t\u00e9cnica fotogr\u00e1fica se generaliza y los estudios fotogr\u00e1ficos se multiplican en las principales ciudades y provincias del mundo popularizando el retrato fotogr\u00e1fico. Las clases burguesas y medias tienen acceso a este g\u00e9nero y el retratarse se convierte en un acto social y familiar. Poco a poco y gracias a los avances de la fotograf\u00eda aparecen nuevas tipolog\u00edas de retratos en papel: los retratos en <em>carte de visite <\/em>(de 10,2&#215;6,3 cm), las <em>cabinet card\u00a0<\/em>(de 17&#215;11 cm), <em>boudour\u00a0<\/em>(de 21,5&#215;13,4 cm), <em>promenade<\/em> (de 21&#215;10,8 cm) o <em>imperial<\/em> (de 25&#215;17,5 cm) lo que permite casi una producci\u00f3n a escala industrial de retratos fotogr\u00e1ficos. Esto unido al auge de fot\u00f3grafos aficcionados produjo la producci\u00f3n de millones de fotograf\u00edas de retrato.<\/p>\n<p>&nbsp;<\/p>\n<p style=\"text-align: justify\">Algunas de estas fotograf\u00edas, de distintas \u00e9pocas, son las que han llegado a Susana y con las que trabaja. Son fotograf\u00edas que perdieron todo su valor afectivo y emocional para la familia y, que en un momento dado, alguien las tir\u00f3 o se deshizo de ellas. Los personajes retratados quedaron en el olvido de las sucesivas generaciones.<\/p>\n<p>&nbsp;<\/p>\n<p style=\"text-align: justify\">Susana Blasco ha adquirido muchas fotograf\u00edas de retrato recuper\u00e1ndolas para ofrecerles una nueva vida y algunas de ellas son la que ha utilizado para su intervenci\u00f3n en <strong><a href=\"http:\/\/madeinzaragoza.es\/blog\/category\/corner-miz\/\" target=\"_blank\" rel=\"noopener\">C\u00f3rner MIZ<\/a><\/strong>. Son fotograf\u00edas de diferentes momentos temporales y diferente procedencia geogr\u00e1fica. Para la creaci\u00f3n de esta obra, Susana no ha utilizado el rostro completo del retrato, si no que se ha centrado en una parte de \u00e9l: <strong>los ojos de los retratados<\/strong>.<\/p>\n<p>&nbsp;<\/p>\n<p style=\"text-align: justify\"><a href=\"http:\/\/madeinzaragoza.es\/blog\/wp-content\/uploads\/2014\/11\/DSC_2618.jpg\"><img loading=\"lazy\" decoding=\"async\" class=\"aligncenter size-full wp-image-7921\" src=\"http:\/\/madeinzaragoza.es\/blog\/wp-content\/uploads\/2014\/11\/DSC_2618.jpg\" alt=\"DSC_2618\" width=\"625\" height=\"418\" srcset=\"http:\/\/madeinzaragoza.es\/blog\/wp-content\/uploads\/2014\/11\/DSC_2618.jpg 625w, http:\/\/madeinzaragoza.es\/blog\/wp-content\/uploads\/2014\/11\/DSC_2618-300x200.jpg 300w, http:\/\/madeinzaragoza.es\/blog\/wp-content\/uploads\/2014\/11\/DSC_2618-163x109.jpg 163w, http:\/\/madeinzaragoza.es\/blog\/wp-content\/uploads\/2014\/11\/DSC_2618-105x70.jpg 105w, http:\/\/madeinzaragoza.es\/blog\/wp-content\/uploads\/2014\/11\/DSC_2618-180x120.jpg 180w, http:\/\/madeinzaragoza.es\/blog\/wp-content\/uploads\/2014\/11\/DSC_2618-350x234.jpg 350w\" sizes=\"(max-width: 709px) 85vw, (max-width: 909px) 67vw, (max-width: 984px) 61vw, (max-width: 1362px) 45vw, 600px\" \/><\/a><\/p>\n<p style=\"text-align: justify\"><strong><em>Los ojos son el espejo del alma<\/em><\/strong>, seg\u00fan dice el refr\u00e1n y son el rasgo m\u00e1s identificativo y expresivo del rostro de una persona. Los ojos son una parte esencial del lenguaje corporal, transmiten informaci\u00f3n, emociones, sentimientos y estados de \u00e1nimo. Sin duda su funci\u00f3n comunicativa excede su mera funci\u00f3n visual.<\/p>\n<p>&nbsp;<\/p>\n<p style=\"text-align: justify\">Susana Blasco utiliza el poder de los ojos como elemento central de su obra. En C\u00f3rner MIZ ha compuesto una galer\u00eda corrida de <strong>miradas yuxtapuestas<\/strong> que ocupan todo el espacio f\u00edsico de esta zona de tr\u00e1nsito. La artista ha analizado el espacio expositivo y lo que sucede en \u00e9l: es un espacio de paso por el que transitan centenares de personas al d\u00eda. Personas a las que observar en silencio.<\/p>\n<p>&nbsp;<\/p>\n<figure id=\"attachment_7925\" aria-describedby=\"caption-attachment-7925\" style=\"width: 625px\" class=\"wp-caption aligncenter\"><a href=\"http:\/\/madeinzaragoza.es\/blog\/wp-content\/uploads\/2014\/11\/miradas.jpg\"><img loading=\"lazy\" decoding=\"async\" class=\"size-full wp-image-7925\" src=\"http:\/\/madeinzaragoza.es\/blog\/wp-content\/uploads\/2014\/11\/miradas.jpg\" alt=\"Miradas en C\u00f3rner MIZ\" width=\"625\" height=\"188\" srcset=\"http:\/\/madeinzaragoza.es\/blog\/wp-content\/uploads\/2014\/11\/miradas.jpg 625w, http:\/\/madeinzaragoza.es\/blog\/wp-content\/uploads\/2014\/11\/miradas-300x90.jpg 300w, http:\/\/madeinzaragoza.es\/blog\/wp-content\/uploads\/2014\/11\/miradas-180x54.jpg 180w, http:\/\/madeinzaragoza.es\/blog\/wp-content\/uploads\/2014\/11\/miradas-350x105.jpg 350w\" sizes=\"(max-width: 709px) 85vw, (max-width: 909px) 67vw, (max-width: 984px) 61vw, (max-width: 1362px) 45vw, 600px\" \/><\/a><figcaption id=\"caption-attachment-7925\" class=\"wp-caption-text\">Miradas en C\u00f3rner MIZ<\/figcaption><\/figure>\n<p style=\"text-align: justify\">Susana Blasco ha usado fotograf\u00edas de dos personas diferentes para la creaci\u00f3n de cada una de los personajes que presenta en esta <strong>galer\u00eda de miradas<\/strong>. Por tanto, la presencia f\u00edsica de estas personas viene derivada de la conjunci\u00f3n y combinaci\u00f3n de rasgos de dos personas, a saber, ajenas o pr\u00f3ximas en v\u00ednculos familiares, tiempo o espacio. En realidad, este collage geom\u00e9trico est\u00e1 representando una galer\u00eda de miradas mezcladas, de miradas h\u00edbridas, que nos observan desde el pasado, desde otro tiempo. Tiempos diferentes y sentimientos desconocidos los de estas personas que a trav\u00e9s de la mirada, intentan entablar una conversaci\u00f3n con nosotros, con el presente, con la actualidad.<\/p>\n<p>&nbsp;<\/p>\n<p style=\"text-align: justify\">Susana est\u00e1 presentando un puente temporal entre <strong>pasado<\/strong>, <strong>presente<\/strong> y <strong>futuro<\/strong>. Sus miradas son personas del pasado que observan a la gente -del presente- que transitan por este espacio de Zaragoza Activa, un centro p\u00fablico cuya misi\u00f3n es impulsar un <em>ecosistema emprendedor, innovador, creativo y colaborativo <\/em>en Zaragoza y ofrecer oportunidades de futuro a estas personas. Nos plantea un di\u00e1logo intergeneracional y a trav\u00e9s del tiempo.<\/p>\n<p>&nbsp;<\/p>\n<p style=\"text-align: justify\">Al mismo tiempo, rescata a estas personas fotografiadas del olvido ofreci\u00e9ndoles una nueva oportunidad, aunque ef\u00edmera, de presenciar c\u00f3mo fue el futuro que ellos no llegaron a conocer.<\/p>\n<p>&nbsp;<\/p>\n<figure id=\"attachment_7928\" aria-describedby=\"caption-attachment-7928\" style=\"width: 625px\" class=\"wp-caption aligncenter\"><a href=\"http:\/\/madeinzaragoza.es\/blog\/wp-content\/uploads\/2014\/11\/DSC_0041.jpg\"><img loading=\"lazy\" decoding=\"async\" class=\"size-full wp-image-7928\" src=\"http:\/\/madeinzaragoza.es\/blog\/wp-content\/uploads\/2014\/11\/DSC_0041.jpg\" alt=\"Intervenci\u00f3n de Susana Blasco, C\u00f3rner MIZ\" width=\"625\" height=\"409\" srcset=\"http:\/\/madeinzaragoza.es\/blog\/wp-content\/uploads\/2014\/11\/DSC_0041.jpg 625w, http:\/\/madeinzaragoza.es\/blog\/wp-content\/uploads\/2014\/11\/DSC_0041-300x196.jpg 300w, http:\/\/madeinzaragoza.es\/blog\/wp-content\/uploads\/2014\/11\/DSC_0041-105x70.jpg 105w, http:\/\/madeinzaragoza.es\/blog\/wp-content\/uploads\/2014\/11\/DSC_0041-180x117.jpg 180w, http:\/\/madeinzaragoza.es\/blog\/wp-content\/uploads\/2014\/11\/DSC_0041-350x229.jpg 350w\" sizes=\"(max-width: 709px) 85vw, (max-width: 909px) 67vw, (max-width: 984px) 61vw, (max-width: 1362px) 45vw, 600px\" \/><\/a><figcaption id=\"caption-attachment-7928\" class=\"wp-caption-text\">Intervenci\u00f3n de Susana Blasco, C\u00f3rner MIZ<\/figcaption><\/figure>\n<p>La obra de Susana Blasco se puede ver en C\u00f3rner MIZ hasta el 9 de enero de 2015.<\/p>\n<p><em>Fotograf\u00edas: zarayorkers.<\/em><\/p>\n","protected":false},"excerpt":{"rendered":"<p>Trans Social Express 5. Las fotograf\u00edas antiguas son el material con el que Susana Blasco trabaja sus collages. Fotograf\u00edas que busca,\u00a0 colecciona, documenta, estudia, descompone y recompone creando aut\u00e9nticas maravillas visuales. Como ella nos cont\u00f3 en los Di\u00e1logos Trans Social Express, estas fotograf\u00edas son de ubicaciones geogr\u00e1ficas muy dispares y los medios por los que &hellip; <a href=\"http:\/\/madeinzaragoza.es\/blog\/las-miradas-de-susana-blasco-en-coner-miz\/\" class=\"more-link\">Continuar leyendo<span class=\"screen-reader-text\"> \u00abMiradas. Susana Blasco en C\u00f3rner MIZ\u00bb<\/span><\/a><\/p>\n","protected":false},"author":36,"featured_media":7926,"comment_status":"open","ping_status":"open","sticky":false,"template":"","format":"standard","meta":{"footnotes":""},"categories":[831,829],"tags":[27,765,1027,834,28,1337,62,30,1028,1010,1024],"yoast_head":"<!-- This site is optimized with the Yoast SEO plugin v19.7.2 - https:\/\/yoast.com\/wordpress\/plugins\/seo\/ -->\n<title>Miradas. Susana Blasco en C\u00f3rner MIZ - Made in Zaragoza<\/title>\n<meta name=\"robots\" content=\"index, follow, max-snippet:-1, max-image-preview:large, max-video-preview:-1\" \/>\n<link rel=\"canonical\" href=\"http:\/\/madeinzaragoza.es\/blog\/las-miradas-de-susana-blasco-en-coner-miz\/\" \/>\n<meta property=\"og:locale\" content=\"es_ES\" \/>\n<meta property=\"og:type\" content=\"article\" \/>\n<meta property=\"og:title\" content=\"Miradas. Susana Blasco en C\u00f3rner MIZ - Made in Zaragoza\" \/>\n<meta property=\"og:description\" content=\"Trans Social Express 5. Las fotograf\u00edas antiguas son el material con el que Susana Blasco trabaja sus collages. Fotograf\u00edas que busca,\u00a0 colecciona, documenta, estudia, descompone y recompone creando aut\u00e9nticas maravillas visuales. Como ella nos cont\u00f3 en los Di\u00e1logos Trans Social Express, estas fotograf\u00edas son de ubicaciones geogr\u00e1ficas muy dispares y los medios por los que &hellip; Continuar leyendo &quot;Miradas. Susana Blasco en C\u00f3rner MIZ&quot;\" \/>\n<meta property=\"og:url\" content=\"http:\/\/madeinzaragoza.es\/blog\/las-miradas-de-susana-blasco-en-coner-miz\/\" \/>\n<meta property=\"og:site_name\" content=\"Made in Zaragoza\" \/>\n<meta property=\"article:publisher\" content=\"https:\/\/www.facebook.com\/madeinzaragoza.es\/\" \/>\n<meta property=\"article:author\" content=\"zarayorkers\" \/>\n<meta property=\"article:published_time\" content=\"2014-11-20T19:47:54+00:00\" \/>\n<meta property=\"article:modified_time\" content=\"2018-11-30T18:17:52+00:00\" \/>\n<meta property=\"og:image\" content=\"http:\/\/madeinzaragoza.es\/blog\/wp-content\/uploads\/2014\/11\/sub.jpg\" \/>\n\t<meta property=\"og:image:width\" content=\"650\" \/>\n\t<meta property=\"og:image:height\" content=\"301\" \/>\n\t<meta property=\"og:image:type\" content=\"image\/jpeg\" \/>\n<meta name=\"author\" content=\"Sergio Sevilla\" \/>\n<meta name=\"twitter:card\" content=\"summary\" \/>\n<meta name=\"twitter:creator\" content=\"@madeinzaragoza\" \/>\n<meta name=\"twitter:site\" content=\"@madeinzaragoza\" \/>\n<meta name=\"twitter:label1\" content=\"Escrito por\" \/>\n\t<meta name=\"twitter:data1\" content=\"Sergio Sevilla\" \/>\n\t<meta name=\"twitter:label2\" content=\"Tiempo de lectura\" \/>\n\t<meta name=\"twitter:data2\" content=\"5 minutos\" \/>\n<script type=\"application\/ld+json\" class=\"yoast-schema-graph\">{\"@context\":\"https:\/\/schema.org\",\"@graph\":[{\"@type\":\"Article\",\"@id\":\"http:\/\/madeinzaragoza.es\/blog\/las-miradas-de-susana-blasco-en-coner-miz\/#article\",\"isPartOf\":{\"@id\":\"http:\/\/madeinzaragoza.es\/blog\/las-miradas-de-susana-blasco-en-coner-miz\/\"},\"author\":{\"name\":\"Sergio Sevilla\",\"@id\":\"https:\/\/madeinzaragoza.es\/blog\/#\/schema\/person\/fd836a8fe1177b6200bc8deffc3ad342\"},\"headline\":\"Miradas. Susana Blasco en C\u00f3rner MIZ\",\"datePublished\":\"2014-11-20T19:47:54+00:00\",\"dateModified\":\"2018-11-30T18:17:52+00:00\",\"mainEntityOfPage\":{\"@id\":\"http:\/\/madeinzaragoza.es\/blog\/las-miradas-de-susana-blasco-en-coner-miz\/\"},\"wordCount\":1012,\"commentCount\":1,\"publisher\":{\"@id\":\"https:\/\/madeinzaragoza.es\/blog\/#organization\"},\"keywords\":[\"Artistas de Zaragoza\",\"Collage\",\"Collage fotogr\u00e1fico\",\"Corner MIZ\",\"creatividad\",\"Cultura\",\"Exposiciones\",\"fotografia\",\"Sergio Sevilla\",\"Susana Blasco\",\"zarayorkers\"],\"articleSection\":[\"CornerMIZ\",\"Cultura\"],\"inLanguage\":\"es\",\"potentialAction\":[{\"@type\":\"CommentAction\",\"name\":\"Comment\",\"target\":[\"http:\/\/madeinzaragoza.es\/blog\/las-miradas-de-susana-blasco-en-coner-miz\/#respond\"]}]},{\"@type\":\"WebPage\",\"@id\":\"http:\/\/madeinzaragoza.es\/blog\/las-miradas-de-susana-blasco-en-coner-miz\/\",\"url\":\"http:\/\/madeinzaragoza.es\/blog\/las-miradas-de-susana-blasco-en-coner-miz\/\",\"name\":\"Miradas. Susana Blasco en C\u00f3rner MIZ - Made in Zaragoza\",\"isPartOf\":{\"@id\":\"https:\/\/madeinzaragoza.es\/blog\/#website\"},\"datePublished\":\"2014-11-20T19:47:54+00:00\",\"dateModified\":\"2018-11-30T18:17:52+00:00\",\"breadcrumb\":{\"@id\":\"http:\/\/madeinzaragoza.es\/blog\/las-miradas-de-susana-blasco-en-coner-miz\/#breadcrumb\"},\"inLanguage\":\"es\",\"potentialAction\":[{\"@type\":\"ReadAction\",\"target\":[\"http:\/\/madeinzaragoza.es\/blog\/las-miradas-de-susana-blasco-en-coner-miz\/\"]}]},{\"@type\":\"BreadcrumbList\",\"@id\":\"http:\/\/madeinzaragoza.es\/blog\/las-miradas-de-susana-blasco-en-coner-miz\/#breadcrumb\",\"itemListElement\":[{\"@type\":\"ListItem\",\"position\":1,\"name\":\"Portada\",\"item\":\"https:\/\/madeinzaragoza.es\/blog\/\"},{\"@type\":\"ListItem\",\"position\":2,\"name\":\"Miradas. Susana Blasco en C\u00f3rner MIZ\"}]},{\"@type\":\"WebSite\",\"@id\":\"https:\/\/madeinzaragoza.es\/blog\/#website\",\"url\":\"https:\/\/madeinzaragoza.es\/blog\/\",\"name\":\"Made in Zaragoza\",\"description\":\"Blog de MadeinZGZ, Red de Econom\u00eda Creativa de Zaragoza\",\"publisher\":{\"@id\":\"https:\/\/madeinzaragoza.es\/blog\/#organization\"},\"potentialAction\":[{\"@type\":\"SearchAction\",\"target\":{\"@type\":\"EntryPoint\",\"urlTemplate\":\"https:\/\/madeinzaragoza.es\/blog\/?s={search_term_string}\"},\"query-input\":\"required name=search_term_string\"}],\"inLanguage\":\"es\"},{\"@type\":\"Organization\",\"@id\":\"https:\/\/madeinzaragoza.es\/blog\/#organization\",\"name\":\"Made In Zaragoza\",\"url\":\"https:\/\/madeinzaragoza.es\/blog\/\",\"sameAs\":[\"https:\/\/www.instagram.com\/madeinzaragoza.es\/\",\"https:\/\/www.facebook.com\/madeinzaragoza.es\/\",\"https:\/\/twitter.com\/madeinzaragoza\"],\"logo\":{\"@type\":\"ImageObject\",\"inLanguage\":\"es\",\"@id\":\"https:\/\/madeinzaragoza.es\/blog\/#\/schema\/logo\/image\/\",\"url\":\"https:\/\/madeinzaragoza.es\/blog\/wp-content\/uploads\/2022\/05\/logo.png\",\"contentUrl\":\"https:\/\/madeinzaragoza.es\/blog\/wp-content\/uploads\/2022\/05\/logo.png\",\"width\":193,\"height\":176,\"caption\":\"Made In Zaragoza\"},\"image\":{\"@id\":\"https:\/\/madeinzaragoza.es\/blog\/#\/schema\/logo\/image\/\"}},{\"@type\":\"Person\",\"@id\":\"https:\/\/madeinzaragoza.es\/blog\/#\/schema\/person\/fd836a8fe1177b6200bc8deffc3ad342\",\"name\":\"Sergio Sevilla\",\"image\":{\"@type\":\"ImageObject\",\"inLanguage\":\"es\",\"@id\":\"https:\/\/madeinzaragoza.es\/blog\/#\/schema\/person\/image\/\",\"url\":\"http:\/\/1.gravatar.com\/avatar\/4a59e3901b7e749c4e3750c4fd5d0b43?s=96&d=mm&r=g\",\"contentUrl\":\"http:\/\/1.gravatar.com\/avatar\/4a59e3901b7e749c4e3750c4fd5d0b43?s=96&d=mm&r=g\",\"caption\":\"Sergio Sevilla\"},\"description\":\"Gesti\u00f3n e Innovaci\u00f3n cultural (I+C) Mi trabajo se basa en la b\u00fasqueda de conexiones culturales en espacios de tr\u00e1nsito. Soy director y programador de proyectos culturales. He coordinado el espacio C\u00f3rner MIZ de Made in Zaragoza y, en la actualidad, me dedico a investigar, documentar y poner en valor el muralismo cer\u00e1mico de los a\u00f1os 60, 70 y 80 de Zaragoza y su relaci\u00f3n con los entornos arquitect\u00f3nicos y decorativos de la \u00e9poca. Descubre el perfil de @ZaragozaModerna en Instagram. Take a walk on the Art side.\",\"sameAs\":[\"zarayorkers\",\"@zaragozamoderna\",\"\/sergiosevillatabernero\"],\"url\":\"http:\/\/madeinzaragoza.es\/blog\/author\/sergiosevilla\/\"}]}<\/script>\n<!-- \/ Yoast SEO plugin. -->","yoast_head_json":{"title":"Miradas. Susana Blasco en C\u00f3rner MIZ - Made in Zaragoza","robots":{"index":"index","follow":"follow","max-snippet":"max-snippet:-1","max-image-preview":"max-image-preview:large","max-video-preview":"max-video-preview:-1"},"canonical":"http:\/\/madeinzaragoza.es\/blog\/las-miradas-de-susana-blasco-en-coner-miz\/","og_locale":"es_ES","og_type":"article","og_title":"Miradas. Susana Blasco en C\u00f3rner MIZ - Made in Zaragoza","og_description":"Trans Social Express 5. Las fotograf\u00edas antiguas son el material con el que Susana Blasco trabaja sus collages. Fotograf\u00edas que busca,\u00a0 colecciona, documenta, estudia, descompone y recompone creando aut\u00e9nticas maravillas visuales. Como ella nos cont\u00f3 en los Di\u00e1logos Trans Social Express, estas fotograf\u00edas son de ubicaciones geogr\u00e1ficas muy dispares y los medios por los que &hellip; Continuar leyendo \"Miradas. Susana Blasco en C\u00f3rner MIZ\"","og_url":"http:\/\/madeinzaragoza.es\/blog\/las-miradas-de-susana-blasco-en-coner-miz\/","og_site_name":"Made in Zaragoza","article_publisher":"https:\/\/www.facebook.com\/madeinzaragoza.es\/","article_author":"zarayorkers","article_published_time":"2014-11-20T19:47:54+00:00","article_modified_time":"2018-11-30T18:17:52+00:00","og_image":[{"width":650,"height":301,"url":"http:\/\/madeinzaragoza.es\/blog\/wp-content\/uploads\/2014\/11\/sub.jpg","type":"image\/jpeg"}],"author":"Sergio Sevilla","twitter_card":"summary","twitter_creator":"@madeinzaragoza","twitter_site":"@madeinzaragoza","twitter_misc":{"Escrito por":"Sergio Sevilla","Tiempo de lectura":"5 minutos"},"schema":{"@context":"https:\/\/schema.org","@graph":[{"@type":"Article","@id":"http:\/\/madeinzaragoza.es\/blog\/las-miradas-de-susana-blasco-en-coner-miz\/#article","isPartOf":{"@id":"http:\/\/madeinzaragoza.es\/blog\/las-miradas-de-susana-blasco-en-coner-miz\/"},"author":{"name":"Sergio Sevilla","@id":"https:\/\/madeinzaragoza.es\/blog\/#\/schema\/person\/fd836a8fe1177b6200bc8deffc3ad342"},"headline":"Miradas. Susana Blasco en C\u00f3rner MIZ","datePublished":"2014-11-20T19:47:54+00:00","dateModified":"2018-11-30T18:17:52+00:00","mainEntityOfPage":{"@id":"http:\/\/madeinzaragoza.es\/blog\/las-miradas-de-susana-blasco-en-coner-miz\/"},"wordCount":1012,"commentCount":1,"publisher":{"@id":"https:\/\/madeinzaragoza.es\/blog\/#organization"},"keywords":["Artistas de Zaragoza","Collage","Collage fotogr\u00e1fico","Corner MIZ","creatividad","Cultura","Exposiciones","fotografia","Sergio Sevilla","Susana Blasco","zarayorkers"],"articleSection":["CornerMIZ","Cultura"],"inLanguage":"es","potentialAction":[{"@type":"CommentAction","name":"Comment","target":["http:\/\/madeinzaragoza.es\/blog\/las-miradas-de-susana-blasco-en-coner-miz\/#respond"]}]},{"@type":"WebPage","@id":"http:\/\/madeinzaragoza.es\/blog\/las-miradas-de-susana-blasco-en-coner-miz\/","url":"http:\/\/madeinzaragoza.es\/blog\/las-miradas-de-susana-blasco-en-coner-miz\/","name":"Miradas. Susana Blasco en C\u00f3rner MIZ - Made in Zaragoza","isPartOf":{"@id":"https:\/\/madeinzaragoza.es\/blog\/#website"},"datePublished":"2014-11-20T19:47:54+00:00","dateModified":"2018-11-30T18:17:52+00:00","breadcrumb":{"@id":"http:\/\/madeinzaragoza.es\/blog\/las-miradas-de-susana-blasco-en-coner-miz\/#breadcrumb"},"inLanguage":"es","potentialAction":[{"@type":"ReadAction","target":["http:\/\/madeinzaragoza.es\/blog\/las-miradas-de-susana-blasco-en-coner-miz\/"]}]},{"@type":"BreadcrumbList","@id":"http:\/\/madeinzaragoza.es\/blog\/las-miradas-de-susana-blasco-en-coner-miz\/#breadcrumb","itemListElement":[{"@type":"ListItem","position":1,"name":"Portada","item":"https:\/\/madeinzaragoza.es\/blog\/"},{"@type":"ListItem","position":2,"name":"Miradas. Susana Blasco en C\u00f3rner MIZ"}]},{"@type":"WebSite","@id":"https:\/\/madeinzaragoza.es\/blog\/#website","url":"https:\/\/madeinzaragoza.es\/blog\/","name":"Made in Zaragoza","description":"Blog de MadeinZGZ, Red de Econom\u00eda Creativa de Zaragoza","publisher":{"@id":"https:\/\/madeinzaragoza.es\/blog\/#organization"},"potentialAction":[{"@type":"SearchAction","target":{"@type":"EntryPoint","urlTemplate":"https:\/\/madeinzaragoza.es\/blog\/?s={search_term_string}"},"query-input":"required name=search_term_string"}],"inLanguage":"es"},{"@type":"Organization","@id":"https:\/\/madeinzaragoza.es\/blog\/#organization","name":"Made In Zaragoza","url":"https:\/\/madeinzaragoza.es\/blog\/","sameAs":["https:\/\/www.instagram.com\/madeinzaragoza.es\/","https:\/\/www.facebook.com\/madeinzaragoza.es\/","https:\/\/twitter.com\/madeinzaragoza"],"logo":{"@type":"ImageObject","inLanguage":"es","@id":"https:\/\/madeinzaragoza.es\/blog\/#\/schema\/logo\/image\/","url":"https:\/\/madeinzaragoza.es\/blog\/wp-content\/uploads\/2022\/05\/logo.png","contentUrl":"https:\/\/madeinzaragoza.es\/blog\/wp-content\/uploads\/2022\/05\/logo.png","width":193,"height":176,"caption":"Made In Zaragoza"},"image":{"@id":"https:\/\/madeinzaragoza.es\/blog\/#\/schema\/logo\/image\/"}},{"@type":"Person","@id":"https:\/\/madeinzaragoza.es\/blog\/#\/schema\/person\/fd836a8fe1177b6200bc8deffc3ad342","name":"Sergio Sevilla","image":{"@type":"ImageObject","inLanguage":"es","@id":"https:\/\/madeinzaragoza.es\/blog\/#\/schema\/person\/image\/","url":"http:\/\/1.gravatar.com\/avatar\/4a59e3901b7e749c4e3750c4fd5d0b43?s=96&d=mm&r=g","contentUrl":"http:\/\/1.gravatar.com\/avatar\/4a59e3901b7e749c4e3750c4fd5d0b43?s=96&d=mm&r=g","caption":"Sergio Sevilla"},"description":"Gesti\u00f3n e Innovaci\u00f3n cultural (I+C) Mi trabajo se basa en la b\u00fasqueda de conexiones culturales en espacios de tr\u00e1nsito. Soy director y programador de proyectos culturales. He coordinado el espacio C\u00f3rner MIZ de Made in Zaragoza y, en la actualidad, me dedico a investigar, documentar y poner en valor el muralismo cer\u00e1mico de los a\u00f1os 60, 70 y 80 de Zaragoza y su relaci\u00f3n con los entornos arquitect\u00f3nicos y decorativos de la \u00e9poca. Descubre el perfil de @ZaragozaModerna en Instagram. Take a walk on the Art side.","sameAs":["zarayorkers","@zaragozamoderna","\/sergiosevillatabernero"],"url":"http:\/\/madeinzaragoza.es\/blog\/author\/sergiosevilla\/"}]}},"_links":{"self":[{"href":"http:\/\/madeinzaragoza.es\/blog\/wp-json\/wp\/v2\/posts\/7908"}],"collection":[{"href":"http:\/\/madeinzaragoza.es\/blog\/wp-json\/wp\/v2\/posts"}],"about":[{"href":"http:\/\/madeinzaragoza.es\/blog\/wp-json\/wp\/v2\/types\/post"}],"author":[{"embeddable":true,"href":"http:\/\/madeinzaragoza.es\/blog\/wp-json\/wp\/v2\/users\/36"}],"replies":[{"embeddable":true,"href":"http:\/\/madeinzaragoza.es\/blog\/wp-json\/wp\/v2\/comments?post=7908"}],"version-history":[{"count":23,"href":"http:\/\/madeinzaragoza.es\/blog\/wp-json\/wp\/v2\/posts\/7908\/revisions"}],"predecessor-version":[{"id":22590,"href":"http:\/\/madeinzaragoza.es\/blog\/wp-json\/wp\/v2\/posts\/7908\/revisions\/22590"}],"wp:featuredmedia":[{"embeddable":true,"href":"http:\/\/madeinzaragoza.es\/blog\/wp-json\/wp\/v2\/media\/7926"}],"wp:attachment":[{"href":"http:\/\/madeinzaragoza.es\/blog\/wp-json\/wp\/v2\/media?parent=7908"}],"wp:term":[{"taxonomy":"category","embeddable":true,"href":"http:\/\/madeinzaragoza.es\/blog\/wp-json\/wp\/v2\/categories?post=7908"},{"taxonomy":"post_tag","embeddable":true,"href":"http:\/\/madeinzaragoza.es\/blog\/wp-json\/wp\/v2\/tags?post=7908"}],"curies":[{"name":"wp","href":"https:\/\/api.w.org\/{rel}","templated":true}]}}