{"id":7282,"date":"2014-06-16T21:08:42","date_gmt":"2014-06-16T20:08:42","guid":{"rendered":"http:\/\/madeinzaragoza.es\/blog\/?p=7282"},"modified":"2014-07-06T11:12:28","modified_gmt":"2014-07-06T10:12:28","slug":"presentacion-del-libro-la-creatividad-de-la-idea-la-accion-experiencia-artistica-en-oslo","status":"publish","type":"post","link":"http:\/\/madeinzaragoza.es\/blog\/presentacion-del-libro-la-creatividad-de-la-idea-la-accion-experiencia-artistica-en-oslo\/","title":{"rendered":"Presentaci\u00f3n del libro \u201cLa Creatividad, de la idea a la Acci\u00f3n \u2013experiencia art\u00edstica en Oslo-\u201c"},"content":{"rendered":"<p><a href=\"http:\/\/madeinzaragoza.es\/blog\/wp-content\/uploads\/2014\/06\/unnamed.jpg\"><img loading=\"lazy\" decoding=\"async\" class=\"aligncenter size-full wp-image-7284\" src=\"http:\/\/madeinzaragoza.es\/blog\/wp-content\/uploads\/2014\/06\/unnamed.jpg\" alt=\"Performance de Sergio Muro e Ida Grimsgaard\" width=\"516\" height=\"363\" srcset=\"http:\/\/madeinzaragoza.es\/blog\/wp-content\/uploads\/2014\/06\/unnamed.jpg 516w, http:\/\/madeinzaragoza.es\/blog\/wp-content\/uploads\/2014\/06\/unnamed-300x211.jpg 300w, http:\/\/madeinzaragoza.es\/blog\/wp-content\/uploads\/2014\/06\/unnamed-180x126.jpg 180w, http:\/\/madeinzaragoza.es\/blog\/wp-content\/uploads\/2014\/06\/unnamed-350x246.jpg 350w\" sizes=\"(max-width: 516px) 85vw, 516px\" \/><\/a><\/p>\n<p>Sergio Muro, presenta su publicaci\u00f3n <strong>\u201cLa Creatividad, de la idea a la Acci\u00f3n \u2013experiencia art\u00edstica en Oslo-\u201c<\/strong>, en la Sal\u00f3n de Actos del Centro de Historias el mi\u00e9rcoles d\u00eda 18 a las 20 horas. Contando con la presencia de Eva Puig Syversen, Responsable de Comunicaci\u00f3n y del Mecanismo Financiero del Espacio Econ\u00f3mico Europeo en la Embajada de Noruega.<\/p>\n<p>El artista zaragozano, con el que hemos contado para la organizaci\u00f3n de varios talleres \u00a0YO SOY CREATIVO en la <a href=\"http:\/\/www.zaragoza.es\/zac\/\" target=\"_blank\">Escuela para Creativos de Made in Zaragoza<\/a>,\u00a0fue seleccionado por la Embajada de Noruega en Espa\u00f1a para hacer un Exchange a trav\u00e9s de las Ayudas EEA Grants del Programa \u201cDiversidad Cultural e intercambio Cultural\u201d para el apoyo a la movilidad de artistas.\u00a0\u201cEl Intercambio\u201d fue entre artistas espa\u00f1oles y noruegos de P.A.O. en el Atelier ANX de Oslo, Noruega durante diez d\u00edas desde el 28 de marzo al 7 de abril del 2014.<\/p>\n<p>En su publicaci\u00f3n, Sergio Muro, contextualiza y hace una introducci\u00f3n de <strong>qu\u00e9 es la creatividad y c\u00f3mo potenciarla<\/strong> (a trav\u00e9s de din\u00e1micas y actividades que propone e incita) para acabar con su ejemplo pr\u00e1ctico que fue el susodicho Intercambio.<\/p>\n<p>El cu\u00e1l consisti\u00f3 en una residencia art\u00edstica donde todos los artistas colaboraron conjuntamente por parejas (un espa\u00f1ol y un noruego). El resultado final se present\u00f3 en un evento con los performances. La esencia del proyecto estaba focalizada en compartir diferentes puntos de vista en todos los aspectos (art\u00edsticos, sociales y culturales), colaborando en parejas de diferentes bagajes, empezando de cero, trabajando en proceso y creando juntos algo nuevo. Revisti\u00f3 gran importancia no s\u00f3lo para los artistas sino tambi\u00e9n para el entorno donde se llev\u00f3 a cabo.<\/p>\n<p style=\"text-align: center;\"><a href=\"http:\/\/madeinzaragoza.es\/blog\/wp-content\/uploads\/2014\/06\/prensa.jpg\"><img loading=\"lazy\" decoding=\"async\" class=\"aligncenter  wp-image-7285\" src=\"http:\/\/madeinzaragoza.es\/blog\/wp-content\/uploads\/2014\/06\/prensa.jpg\" alt=\"prensa\" width=\"559\" height=\"230\" srcset=\"http:\/\/madeinzaragoza.es\/blog\/wp-content\/uploads\/2014\/06\/prensa.jpg 1552w, http:\/\/madeinzaragoza.es\/blog\/wp-content\/uploads\/2014\/06\/prensa-300x123.jpg 300w, http:\/\/madeinzaragoza.es\/blog\/wp-content\/uploads\/2014\/06\/prensa-1024x422.jpg 1024w, http:\/\/madeinzaragoza.es\/blog\/wp-content\/uploads\/2014\/06\/prensa-625x257.jpg 625w, http:\/\/madeinzaragoza.es\/blog\/wp-content\/uploads\/2014\/06\/prensa-180x74.jpg 180w, http:\/\/madeinzaragoza.es\/blog\/wp-content\/uploads\/2014\/06\/prensa-960x395.jpg 960w, http:\/\/madeinzaragoza.es\/blog\/wp-content\/uploads\/2014\/06\/prensa-350x144.jpg 350w\" sizes=\"(max-width: 559px) 85vw, 559px\" \/><\/a><\/p>\n<p>Este arte en vivo, la performance, muy actual y muy presente en la agenda internacional, est\u00e1 siendo promovido precisamente por <a href=\"http:\/\/www.artixcreativo.com\" target=\"_blank\" class=\"broken_link\">Artix <\/a>(Juan Esc\u00f3s y Sergio Muro) con el Festival que organiza<a href=\"http:\/\/www.artixcreativo.com\/festival-oou-of-mind\/\" target=\"_blank\" class=\"broken_link\"> Out of Mind <\/a>en el casco hist\u00f3rico de Zaragoza. Esta disciplina se alimenta del resto de las disciplinas art\u00edsticas, pero tambi\u00e9n abraza y est\u00e1 conectado a la propia vida y a lo cotidiano.<\/p>\n","protected":false},"excerpt":{"rendered":"<p>Sergio Muro, presenta su publicaci\u00f3n \u201cLa Creatividad, de la idea a la Acci\u00f3n \u2013experiencia art\u00edstica en Oslo-\u201c, en la Sal\u00f3n de Actos del Centro de Historias el mi\u00e9rcoles d\u00eda 18 a las 20 horas. Contando con la presencia de Eva Puig Syversen, Responsable de Comunicaci\u00f3n y del Mecanismo Financiero del Espacio Econ\u00f3mico Europeo en la &hellip; <a href=\"http:\/\/madeinzaragoza.es\/blog\/presentacion-del-libro-la-creatividad-de-la-idea-la-accion-experiencia-artistica-en-oslo\/\" class=\"more-link\">Continuar leyendo<span class=\"screen-reader-text\"> \u00abPresentaci\u00f3n del libro \u201cLa Creatividad, de la idea a la Acci\u00f3n \u2013experiencia art\u00edstica en Oslo-\u201c\u00bb<\/span><\/a><\/p>\n","protected":false},"author":3,"featured_media":7284,"comment_status":"open","ping_status":"open","sticky":false,"template":"","format":"standard","meta":{"footnotes":""},"categories":[7],"tags":[28],"yoast_head":"<!-- This site is optimized with the Yoast SEO plugin v19.7.2 - https:\/\/yoast.com\/wordpress\/plugins\/seo\/ -->\n<title>Presentaci\u00f3n del libro \u201cLa Creatividad, de la idea a la Acci\u00f3n \u2013experiencia art\u00edstica en Oslo-\u201c<\/title>\n<meta name=\"description\" content=\"Sergio Muro, presenta su publicaci\u00f3n \u201cLa Creatividad, de la idea a la Acci\u00f3n \u2013experiencia art\u00edstica en Oslo-\u201c, en la Sal\u00f3n de Actos del Centro de Historias el mi\u00e9rcoles d\u00eda 18 a las 20 horas\" \/>\n<meta name=\"robots\" content=\"index, follow, max-snippet:-1, max-image-preview:large, max-video-preview:-1\" \/>\n<link rel=\"canonical\" href=\"http:\/\/madeinzaragoza.es\/blog\/presentacion-del-libro-la-creatividad-de-la-idea-la-accion-experiencia-artistica-en-oslo\/\" \/>\n<meta property=\"og:locale\" content=\"es_ES\" \/>\n<meta property=\"og:type\" content=\"article\" \/>\n<meta property=\"og:title\" content=\"Presentaci\u00f3n del libro \u201cLa Creatividad, de la idea a la Acci\u00f3n \u2013experiencia art\u00edstica en Oslo-\u201c\" \/>\n<meta property=\"og:description\" content=\"Sergio Muro, presenta su publicaci\u00f3n \u201cLa Creatividad, de la idea a la Acci\u00f3n \u2013experiencia art\u00edstica en Oslo-\u201c, en la Sal\u00f3n de Actos del Centro de Historias el mi\u00e9rcoles d\u00eda 18 a las 20 horas\" \/>\n<meta property=\"og:url\" content=\"http:\/\/madeinzaragoza.es\/blog\/presentacion-del-libro-la-creatividad-de-la-idea-la-accion-experiencia-artistica-en-oslo\/\" \/>\n<meta property=\"og:site_name\" content=\"Made in Zaragoza\" \/>\n<meta property=\"article:publisher\" content=\"https:\/\/www.facebook.com\/madeinzaragoza.es\/\" \/>\n<meta property=\"article:author\" content=\"misstechin\" \/>\n<meta property=\"article:published_time\" content=\"2014-06-16T20:08:42+00:00\" \/>\n<meta property=\"article:modified_time\" content=\"2014-07-06T10:12:28+00:00\" \/>\n<meta property=\"og:image\" content=\"http:\/\/madeinzaragoza.es\/blog\/wp-content\/uploads\/2014\/06\/unnamed.jpg\" \/>\n\t<meta property=\"og:image:width\" content=\"516\" \/>\n\t<meta property=\"og:image:height\" content=\"363\" \/>\n\t<meta property=\"og:image:type\" content=\"image\/jpeg\" \/>\n<meta name=\"author\" content=\"Monica Gim\u00e9nez\" \/>\n<meta name=\"twitter:card\" content=\"summary\" \/>\n<meta name=\"twitter:creator\" content=\"@misstechin\" \/>\n<meta name=\"twitter:site\" content=\"@madeinzaragoza\" \/>\n<meta name=\"twitter:label1\" content=\"Escrito por\" \/>\n\t<meta name=\"twitter:data1\" content=\"Monica Gim\u00e9nez\" \/>\n\t<meta name=\"twitter:label2\" content=\"Tiempo de lectura\" \/>\n\t<meta name=\"twitter:data2\" content=\"2 minutos\" \/>\n<script type=\"application\/ld+json\" class=\"yoast-schema-graph\">{\"@context\":\"https:\/\/schema.org\",\"@graph\":[{\"@type\":\"Article\",\"@id\":\"http:\/\/madeinzaragoza.es\/blog\/presentacion-del-libro-la-creatividad-de-la-idea-la-accion-experiencia-artistica-en-oslo\/#article\",\"isPartOf\":{\"@id\":\"http:\/\/madeinzaragoza.es\/blog\/presentacion-del-libro-la-creatividad-de-la-idea-la-accion-experiencia-artistica-en-oslo\/\"},\"author\":{\"name\":\"Monica Gim\u00e9nez\",\"@id\":\"https:\/\/madeinzaragoza.es\/blog\/#\/schema\/person\/7f474fda5b3cfb05e3d9963093971cca\"},\"headline\":\"Presentaci\u00f3n del libro \u201cLa Creatividad, de la idea a la Acci\u00f3n \u2013experiencia art\u00edstica en Oslo-\u201c\",\"datePublished\":\"2014-06-16T20:08:42+00:00\",\"dateModified\":\"2014-07-06T10:12:28+00:00\",\"mainEntityOfPage\":{\"@id\":\"http:\/\/madeinzaragoza.es\/blog\/presentacion-del-libro-la-creatividad-de-la-idea-la-accion-experiencia-artistica-en-oslo\/\"},\"wordCount\":383,\"commentCount\":1,\"publisher\":{\"@id\":\"https:\/\/madeinzaragoza.es\/blog\/#organization\"},\"keywords\":[\"creatividad\"],\"articleSection\":[\"Qu\u00e9 hacer\"],\"inLanguage\":\"es\",\"potentialAction\":[{\"@type\":\"CommentAction\",\"name\":\"Comment\",\"target\":[\"http:\/\/madeinzaragoza.es\/blog\/presentacion-del-libro-la-creatividad-de-la-idea-la-accion-experiencia-artistica-en-oslo\/#respond\"]}]},{\"@type\":\"WebPage\",\"@id\":\"http:\/\/madeinzaragoza.es\/blog\/presentacion-del-libro-la-creatividad-de-la-idea-la-accion-experiencia-artistica-en-oslo\/\",\"url\":\"http:\/\/madeinzaragoza.es\/blog\/presentacion-del-libro-la-creatividad-de-la-idea-la-accion-experiencia-artistica-en-oslo\/\",\"name\":\"Presentaci\u00f3n del libro \u201cLa Creatividad, de la idea a la Acci\u00f3n \u2013experiencia art\u00edstica en Oslo-\u201c\",\"isPartOf\":{\"@id\":\"https:\/\/madeinzaragoza.es\/blog\/#website\"},\"datePublished\":\"2014-06-16T20:08:42+00:00\",\"dateModified\":\"2014-07-06T10:12:28+00:00\",\"description\":\"Sergio Muro, presenta su publicaci\u00f3n \u201cLa Creatividad, de la idea a la Acci\u00f3n \u2013experiencia art\u00edstica en Oslo-\u201c, en la Sal\u00f3n de Actos del Centro de Historias el mi\u00e9rcoles d\u00eda 18 a las 20 horas\",\"breadcrumb\":{\"@id\":\"http:\/\/madeinzaragoza.es\/blog\/presentacion-del-libro-la-creatividad-de-la-idea-la-accion-experiencia-artistica-en-oslo\/#breadcrumb\"},\"inLanguage\":\"es\",\"potentialAction\":[{\"@type\":\"ReadAction\",\"target\":[\"http:\/\/madeinzaragoza.es\/blog\/presentacion-del-libro-la-creatividad-de-la-idea-la-accion-experiencia-artistica-en-oslo\/\"]}]},{\"@type\":\"BreadcrumbList\",\"@id\":\"http:\/\/madeinzaragoza.es\/blog\/presentacion-del-libro-la-creatividad-de-la-idea-la-accion-experiencia-artistica-en-oslo\/#breadcrumb\",\"itemListElement\":[{\"@type\":\"ListItem\",\"position\":1,\"name\":\"Portada\",\"item\":\"https:\/\/madeinzaragoza.es\/blog\/\"},{\"@type\":\"ListItem\",\"position\":2,\"name\":\"Presentaci\u00f3n del libro \u201cLa Creatividad, de la idea a la Acci\u00f3n \u2013experiencia art\u00edstica en Oslo-\u201c\"}]},{\"@type\":\"WebSite\",\"@id\":\"https:\/\/madeinzaragoza.es\/blog\/#website\",\"url\":\"https:\/\/madeinzaragoza.es\/blog\/\",\"name\":\"Made in Zaragoza\",\"description\":\"Blog de MadeinZGZ, Red de Econom\u00eda Creativa de Zaragoza\",\"publisher\":{\"@id\":\"https:\/\/madeinzaragoza.es\/blog\/#organization\"},\"potentialAction\":[{\"@type\":\"SearchAction\",\"target\":{\"@type\":\"EntryPoint\",\"urlTemplate\":\"https:\/\/madeinzaragoza.es\/blog\/?s={search_term_string}\"},\"query-input\":\"required name=search_term_string\"}],\"inLanguage\":\"es\"},{\"@type\":\"Organization\",\"@id\":\"https:\/\/madeinzaragoza.es\/blog\/#organization\",\"name\":\"Made In Zaragoza\",\"url\":\"https:\/\/madeinzaragoza.es\/blog\/\",\"sameAs\":[\"https:\/\/www.instagram.com\/madeinzaragoza.es\/\",\"https:\/\/www.facebook.com\/madeinzaragoza.es\/\",\"https:\/\/twitter.com\/madeinzaragoza\"],\"logo\":{\"@type\":\"ImageObject\",\"inLanguage\":\"es\",\"@id\":\"https:\/\/madeinzaragoza.es\/blog\/#\/schema\/logo\/image\/\",\"url\":\"https:\/\/madeinzaragoza.es\/blog\/wp-content\/uploads\/2022\/05\/logo.png\",\"contentUrl\":\"https:\/\/madeinzaragoza.es\/blog\/wp-content\/uploads\/2022\/05\/logo.png\",\"width\":193,\"height\":176,\"caption\":\"Made In Zaragoza\"},\"image\":{\"@id\":\"https:\/\/madeinzaragoza.es\/blog\/#\/schema\/logo\/image\/\"}},{\"@type\":\"Person\",\"@id\":\"https:\/\/madeinzaragoza.es\/blog\/#\/schema\/person\/7f474fda5b3cfb05e3d9963093971cca\",\"name\":\"Monica Gim\u00e9nez\",\"image\":{\"@type\":\"ImageObject\",\"inLanguage\":\"es\",\"@id\":\"https:\/\/madeinzaragoza.es\/blog\/#\/schema\/person\/image\/\",\"url\":\"http:\/\/2.gravatar.com\/avatar\/bdd60894f529a2929832a56d3c3eb2f2?s=96&d=mm&r=g\",\"contentUrl\":\"http:\/\/2.gravatar.com\/avatar\/bdd60894f529a2929832a56d3c3eb2f2?s=96&d=mm&r=g\",\"caption\":\"Monica Gim\u00e9nez\"},\"description\":\"Coordinadora del blog de MadeinZaragoza. Me dedico a la comunicaci\u00f3n y al marketing online. Me gusta el teatro, leer c\u00f3mic, comer sushi y descubrir nuevos lugares con encanto en mi ciudad.\",\"sameAs\":[\"https:\/\/misstechin.com\",\"misstechin\",\"https:\/\/twitter.com\/misstechin\"],\"url\":\"http:\/\/madeinzaragoza.es\/blog\/author\/moni\/\"}]}<\/script>\n<!-- \/ Yoast SEO plugin. -->","yoast_head_json":{"title":"Presentaci\u00f3n del libro \u201cLa Creatividad, de la idea a la Acci\u00f3n \u2013experiencia art\u00edstica en Oslo-\u201c","description":"Sergio Muro, presenta su publicaci\u00f3n \u201cLa Creatividad, de la idea a la Acci\u00f3n \u2013experiencia art\u00edstica en Oslo-\u201c, en la Sal\u00f3n de Actos del Centro de Historias el mi\u00e9rcoles d\u00eda 18 a las 20 horas","robots":{"index":"index","follow":"follow","max-snippet":"max-snippet:-1","max-image-preview":"max-image-preview:large","max-video-preview":"max-video-preview:-1"},"canonical":"http:\/\/madeinzaragoza.es\/blog\/presentacion-del-libro-la-creatividad-de-la-idea-la-accion-experiencia-artistica-en-oslo\/","og_locale":"es_ES","og_type":"article","og_title":"Presentaci\u00f3n del libro \u201cLa Creatividad, de la idea a la Acci\u00f3n \u2013experiencia art\u00edstica en Oslo-\u201c","og_description":"Sergio Muro, presenta su publicaci\u00f3n \u201cLa Creatividad, de la idea a la Acci\u00f3n \u2013experiencia art\u00edstica en Oslo-\u201c, en la Sal\u00f3n de Actos del Centro de Historias el mi\u00e9rcoles d\u00eda 18 a las 20 horas","og_url":"http:\/\/madeinzaragoza.es\/blog\/presentacion-del-libro-la-creatividad-de-la-idea-la-accion-experiencia-artistica-en-oslo\/","og_site_name":"Made in Zaragoza","article_publisher":"https:\/\/www.facebook.com\/madeinzaragoza.es\/","article_author":"misstechin","article_published_time":"2014-06-16T20:08:42+00:00","article_modified_time":"2014-07-06T10:12:28+00:00","og_image":[{"width":516,"height":363,"url":"http:\/\/madeinzaragoza.es\/blog\/wp-content\/uploads\/2014\/06\/unnamed.jpg","type":"image\/jpeg"}],"author":"Monica Gim\u00e9nez","twitter_card":"summary","twitter_creator":"@misstechin","twitter_site":"@madeinzaragoza","twitter_misc":{"Escrito por":"Monica Gim\u00e9nez","Tiempo de lectura":"2 minutos"},"schema":{"@context":"https:\/\/schema.org","@graph":[{"@type":"Article","@id":"http:\/\/madeinzaragoza.es\/blog\/presentacion-del-libro-la-creatividad-de-la-idea-la-accion-experiencia-artistica-en-oslo\/#article","isPartOf":{"@id":"http:\/\/madeinzaragoza.es\/blog\/presentacion-del-libro-la-creatividad-de-la-idea-la-accion-experiencia-artistica-en-oslo\/"},"author":{"name":"Monica Gim\u00e9nez","@id":"https:\/\/madeinzaragoza.es\/blog\/#\/schema\/person\/7f474fda5b3cfb05e3d9963093971cca"},"headline":"Presentaci\u00f3n del libro \u201cLa Creatividad, de la idea a la Acci\u00f3n \u2013experiencia art\u00edstica en Oslo-\u201c","datePublished":"2014-06-16T20:08:42+00:00","dateModified":"2014-07-06T10:12:28+00:00","mainEntityOfPage":{"@id":"http:\/\/madeinzaragoza.es\/blog\/presentacion-del-libro-la-creatividad-de-la-idea-la-accion-experiencia-artistica-en-oslo\/"},"wordCount":383,"commentCount":1,"publisher":{"@id":"https:\/\/madeinzaragoza.es\/blog\/#organization"},"keywords":["creatividad"],"articleSection":["Qu\u00e9 hacer"],"inLanguage":"es","potentialAction":[{"@type":"CommentAction","name":"Comment","target":["http:\/\/madeinzaragoza.es\/blog\/presentacion-del-libro-la-creatividad-de-la-idea-la-accion-experiencia-artistica-en-oslo\/#respond"]}]},{"@type":"WebPage","@id":"http:\/\/madeinzaragoza.es\/blog\/presentacion-del-libro-la-creatividad-de-la-idea-la-accion-experiencia-artistica-en-oslo\/","url":"http:\/\/madeinzaragoza.es\/blog\/presentacion-del-libro-la-creatividad-de-la-idea-la-accion-experiencia-artistica-en-oslo\/","name":"Presentaci\u00f3n del libro \u201cLa Creatividad, de la idea a la Acci\u00f3n \u2013experiencia art\u00edstica en Oslo-\u201c","isPartOf":{"@id":"https:\/\/madeinzaragoza.es\/blog\/#website"},"datePublished":"2014-06-16T20:08:42+00:00","dateModified":"2014-07-06T10:12:28+00:00","description":"Sergio Muro, presenta su publicaci\u00f3n \u201cLa Creatividad, de la idea a la Acci\u00f3n \u2013experiencia art\u00edstica en Oslo-\u201c, en la Sal\u00f3n de Actos del Centro de Historias el mi\u00e9rcoles d\u00eda 18 a las 20 horas","breadcrumb":{"@id":"http:\/\/madeinzaragoza.es\/blog\/presentacion-del-libro-la-creatividad-de-la-idea-la-accion-experiencia-artistica-en-oslo\/#breadcrumb"},"inLanguage":"es","potentialAction":[{"@type":"ReadAction","target":["http:\/\/madeinzaragoza.es\/blog\/presentacion-del-libro-la-creatividad-de-la-idea-la-accion-experiencia-artistica-en-oslo\/"]}]},{"@type":"BreadcrumbList","@id":"http:\/\/madeinzaragoza.es\/blog\/presentacion-del-libro-la-creatividad-de-la-idea-la-accion-experiencia-artistica-en-oslo\/#breadcrumb","itemListElement":[{"@type":"ListItem","position":1,"name":"Portada","item":"https:\/\/madeinzaragoza.es\/blog\/"},{"@type":"ListItem","position":2,"name":"Presentaci\u00f3n del libro \u201cLa Creatividad, de la idea a la Acci\u00f3n \u2013experiencia art\u00edstica en Oslo-\u201c"}]},{"@type":"WebSite","@id":"https:\/\/madeinzaragoza.es\/blog\/#website","url":"https:\/\/madeinzaragoza.es\/blog\/","name":"Made in Zaragoza","description":"Blog de MadeinZGZ, Red de Econom\u00eda Creativa de Zaragoza","publisher":{"@id":"https:\/\/madeinzaragoza.es\/blog\/#organization"},"potentialAction":[{"@type":"SearchAction","target":{"@type":"EntryPoint","urlTemplate":"https:\/\/madeinzaragoza.es\/blog\/?s={search_term_string}"},"query-input":"required name=search_term_string"}],"inLanguage":"es"},{"@type":"Organization","@id":"https:\/\/madeinzaragoza.es\/blog\/#organization","name":"Made In Zaragoza","url":"https:\/\/madeinzaragoza.es\/blog\/","sameAs":["https:\/\/www.instagram.com\/madeinzaragoza.es\/","https:\/\/www.facebook.com\/madeinzaragoza.es\/","https:\/\/twitter.com\/madeinzaragoza"],"logo":{"@type":"ImageObject","inLanguage":"es","@id":"https:\/\/madeinzaragoza.es\/blog\/#\/schema\/logo\/image\/","url":"https:\/\/madeinzaragoza.es\/blog\/wp-content\/uploads\/2022\/05\/logo.png","contentUrl":"https:\/\/madeinzaragoza.es\/blog\/wp-content\/uploads\/2022\/05\/logo.png","width":193,"height":176,"caption":"Made In Zaragoza"},"image":{"@id":"https:\/\/madeinzaragoza.es\/blog\/#\/schema\/logo\/image\/"}},{"@type":"Person","@id":"https:\/\/madeinzaragoza.es\/blog\/#\/schema\/person\/7f474fda5b3cfb05e3d9963093971cca","name":"Monica Gim\u00e9nez","image":{"@type":"ImageObject","inLanguage":"es","@id":"https:\/\/madeinzaragoza.es\/blog\/#\/schema\/person\/image\/","url":"http:\/\/2.gravatar.com\/avatar\/bdd60894f529a2929832a56d3c3eb2f2?s=96&d=mm&r=g","contentUrl":"http:\/\/2.gravatar.com\/avatar\/bdd60894f529a2929832a56d3c3eb2f2?s=96&d=mm&r=g","caption":"Monica Gim\u00e9nez"},"description":"Coordinadora del blog de MadeinZaragoza. Me dedico a la comunicaci\u00f3n y al marketing online. Me gusta el teatro, leer c\u00f3mic, comer sushi y descubrir nuevos lugares con encanto en mi ciudad.","sameAs":["https:\/\/misstechin.com","misstechin","https:\/\/twitter.com\/misstechin"],"url":"http:\/\/madeinzaragoza.es\/blog\/author\/moni\/"}]}},"_links":{"self":[{"href":"http:\/\/madeinzaragoza.es\/blog\/wp-json\/wp\/v2\/posts\/7282"}],"collection":[{"href":"http:\/\/madeinzaragoza.es\/blog\/wp-json\/wp\/v2\/posts"}],"about":[{"href":"http:\/\/madeinzaragoza.es\/blog\/wp-json\/wp\/v2\/types\/post"}],"author":[{"embeddable":true,"href":"http:\/\/madeinzaragoza.es\/blog\/wp-json\/wp\/v2\/users\/3"}],"replies":[{"embeddable":true,"href":"http:\/\/madeinzaragoza.es\/blog\/wp-json\/wp\/v2\/comments?post=7282"}],"version-history":[{"count":2,"href":"http:\/\/madeinzaragoza.es\/blog\/wp-json\/wp\/v2\/posts\/7282\/revisions"}],"predecessor-version":[{"id":7370,"href":"http:\/\/madeinzaragoza.es\/blog\/wp-json\/wp\/v2\/posts\/7282\/revisions\/7370"}],"wp:featuredmedia":[{"embeddable":true,"href":"http:\/\/madeinzaragoza.es\/blog\/wp-json\/wp\/v2\/media\/7284"}],"wp:attachment":[{"href":"http:\/\/madeinzaragoza.es\/blog\/wp-json\/wp\/v2\/media?parent=7282"}],"wp:term":[{"taxonomy":"category","embeddable":true,"href":"http:\/\/madeinzaragoza.es\/blog\/wp-json\/wp\/v2\/categories?post=7282"},{"taxonomy":"post_tag","embeddable":true,"href":"http:\/\/madeinzaragoza.es\/blog\/wp-json\/wp\/v2\/tags?post=7282"}],"curies":[{"name":"wp","href":"https:\/\/api.w.org\/{rel}","templated":true}]}}