{"id":6817,"date":"2014-04-02T18:46:36","date_gmt":"2014-04-02T17:46:36","guid":{"rendered":"http:\/\/madeinzaragoza.es\/blog\/?p=6817"},"modified":"2018-11-27T16:09:44","modified_gmt":"2018-11-27T15:09:44","slug":"el-proceso-creativo-en-la-obra-de-yann-leto","status":"publish","type":"post","link":"http:\/\/madeinzaragoza.es\/blog\/el-proceso-creativo-en-la-obra-de-yann-leto\/","title":{"rendered":"El proceso creativo en la obra de Yann Leto"},"content":{"rendered":"<p style=\"text-align: justify\">Un proyecto como C\u00f3rner MIZ tiene unas caracter\u00edsticas muy especiales. Una de ellas es el propio espacio f\u00edsico donde se desarrolla: un espacio de tr\u00e1nsito. Trabajar en espacios de tr\u00e1nsito es una gran oportunidad para provocar conexiones culturales de forma natural, conexiones sobre todo entre el p\u00fablico y el artista. Podr\u00edamos decir que es casi como un lugar m\u00e1gico, un lugar donde suceden cosas y se provocan reacciones. El arte siempre ha provocado sensaciones y reacciones y de esto Yann Leto sabe bastante.<\/p>\n<p>&nbsp;<\/p>\n<p style=\"text-align: justify\">En este espacio de tr\u00e1nsito, Yann Leto ha trabajado durante dos d\u00edas para realizar la obra NEMEF dentro del programa Made in Zaragoza de <strong>Zaragoza Activa<\/strong> y pudimos observar su proceso creativo.<\/p>\n<p>&nbsp;<\/p>\n<p style=\"text-align: justify\"><a href=\"http:\/\/madeinzaragoza.es\/blog\/wp-content\/uploads\/2014\/03\/Yann-Leto.jpg\"><img loading=\"lazy\" decoding=\"async\" class=\"aligncenter size-full wp-image-6822\" src=\"http:\/\/madeinzaragoza.es\/blog\/wp-content\/uploads\/2014\/03\/Yann-Leto.jpg\" alt=\"Yann Leto\" width=\"625\" height=\"418\" srcset=\"http:\/\/madeinzaragoza.es\/blog\/wp-content\/uploads\/2014\/03\/Yann-Leto.jpg 625w, http:\/\/madeinzaragoza.es\/blog\/wp-content\/uploads\/2014\/03\/Yann-Leto-300x200.jpg 300w, http:\/\/madeinzaragoza.es\/blog\/wp-content\/uploads\/2014\/03\/Yann-Leto-163x109.jpg 163w, http:\/\/madeinzaragoza.es\/blog\/wp-content\/uploads\/2014\/03\/Yann-Leto-105x70.jpg 105w, http:\/\/madeinzaragoza.es\/blog\/wp-content\/uploads\/2014\/03\/Yann-Leto-180x120.jpg 180w, http:\/\/madeinzaragoza.es\/blog\/wp-content\/uploads\/2014\/03\/Yann-Leto-350x234.jpg 350w\" sizes=\"(max-width: 709px) 85vw, (max-width: 909px) 67vw, (max-width: 984px) 61vw, (max-width: 1362px) 45vw, 600px\" \/><\/a><\/p>\n<p style=\"text-align: justify\">Su obra se caracteriza por su contundencia visual y verlo trabajar en directo es una oportunidad \u00fanica para comprender mejor su obra y su proceso de creaci\u00f3n. Lejos de esa agresividad y abigarramiento est\u00e9tico y de contenidos que lo caracteriza formalmente, Leto trabaja de un modo reflexivo, pausado y con una cont\u00ednua visi\u00f3n de la composici\u00f3n global.<\/p>\n<p>&nbsp;<\/p>\n<p style=\"text-align: justify\">Sobre el lienzo blanco de la pared va proyectando im\u00e1genes que pinta y transfiere -con pintura acr\u00edlica-, dej\u00e1ndolas plasmadas en la propia pared; es un proceso laborioso y pausado. Mentalmente tiene hecha la composici\u00f3n global de la obra, pero trabaja a partir de im\u00e1genes individualizadas que luego va uniendo entre s\u00ed\u00a0 para formar una imagen \u00fanica.<\/p>\n<p>&nbsp;<\/p>\n<figure id=\"attachment_6823\" aria-describedby=\"caption-attachment-6823\" style=\"width: 625px\" class=\"wp-caption aligncenter\"><a href=\"http:\/\/madeinzaragoza.es\/blog\/wp-content\/uploads\/2014\/03\/3-1.jpg\"><img loading=\"lazy\" decoding=\"async\" class=\"size-full wp-image-6823\" src=\"http:\/\/madeinzaragoza.es\/blog\/wp-content\/uploads\/2014\/03\/3-1.jpg\" alt=\"Yann Leto en C\u00f3rner MIZ\" width=\"625\" height=\"420\" srcset=\"http:\/\/madeinzaragoza.es\/blog\/wp-content\/uploads\/2014\/03\/3-1.jpg 625w, http:\/\/madeinzaragoza.es\/blog\/wp-content\/uploads\/2014\/03\/3-1-300x201.jpg 300w, http:\/\/madeinzaragoza.es\/blog\/wp-content\/uploads\/2014\/03\/3-1-163x109.jpg 163w, http:\/\/madeinzaragoza.es\/blog\/wp-content\/uploads\/2014\/03\/3-1-105x70.jpg 105w, http:\/\/madeinzaragoza.es\/blog\/wp-content\/uploads\/2014\/03\/3-1-180x120.jpg 180w, http:\/\/madeinzaragoza.es\/blog\/wp-content\/uploads\/2014\/03\/3-1-350x235.jpg 350w\" sizes=\"(max-width: 709px) 85vw, (max-width: 909px) 67vw, (max-width: 984px) 61vw, (max-width: 1362px) 45vw, 600px\" \/><\/a><figcaption id=\"caption-attachment-6823\" class=\"wp-caption-text\">Yann Leto en C\u00f3rner MIZ<\/figcaption><\/figure>\n<p style=\"text-align: justify\">Ya vimos en los <a href=\"http:\/\/blogzac.es\/dialogos-trans-social-express-yann-leto\/\" target=\"_blank\" rel=\"noopener\">Di\u00e1logos Trans Social Express<\/a> que Yann Leto colecciona im\u00e1genes de la actualidad y esto forma parte tambi\u00e9n del proceso creativo; esta es la parte que no se ve en directo pero que tiene igual o m\u00e1s importancia que el resto. En su obra la imagen tiene un gran peso y es el punto de partida para la obra pl\u00e1stica.<\/p>\n<p>&nbsp;<\/p>\n<p style=\"text-align: justify\">La imagen fotogr\u00e1fica se transforma en imagen pict\u00f3rica en sus manos. Al transformar estas im\u00e1genes con pintura, define las formas pero con cierta libertad, dejando la pintura fluir y caer sobre la pared. Utiliza colores saturados -a veces irreales- para representar los personajes, todo dentro de un lenguaje figurativo muy expresionista. Tambi\u00e9n distorsiona los personajes, las piernas, los rostros dotando a las figuras de un car\u00e1cter m\u00e1s pronunciado; deformando la realidad y transformando, como ya vimos, los conceptos.<\/p>\n<p>&nbsp;<\/p>\n<figure id=\"attachment_6824\" aria-describedby=\"caption-attachment-6824\" style=\"width: 625px\" class=\"wp-caption aligncenter\"><a href=\"http:\/\/madeinzaragoza.es\/blog\/wp-content\/uploads\/2014\/03\/3-2.jpg\"><img loading=\"lazy\" decoding=\"async\" class=\"size-full wp-image-6824\" src=\"http:\/\/madeinzaragoza.es\/blog\/wp-content\/uploads\/2014\/03\/3-2.jpg\" alt=\"Fragmentos de la obra NEMEF\" width=\"625\" height=\"591\" srcset=\"http:\/\/madeinzaragoza.es\/blog\/wp-content\/uploads\/2014\/03\/3-2.jpg 625w, http:\/\/madeinzaragoza.es\/blog\/wp-content\/uploads\/2014\/03\/3-2-300x283.jpg 300w, http:\/\/madeinzaragoza.es\/blog\/wp-content\/uploads\/2014\/03\/3-2-180x170.jpg 180w, http:\/\/madeinzaragoza.es\/blog\/wp-content\/uploads\/2014\/03\/3-2-350x330.jpg 350w\" sizes=\"(max-width: 709px) 85vw, (max-width: 909px) 67vw, (max-width: 984px) 61vw, (max-width: 1362px) 45vw, 600px\" \/><\/a><figcaption id=\"caption-attachment-6824\" class=\"wp-caption-text\">Fragmentos de la obra NEMEF<\/figcaption><\/figure>\n<p style=\"text-align: justify\">El proceso de creaci\u00f3n de este mural en C\u00f3rner MIZ ha sido registrado en v\u00eddeo por <a href=\"https:\/\/www.flickr.com\/photos\/beatrizor\/\" target=\"_blank\" rel=\"noopener\">Beatriz Ordu\u00f1a<\/a> (Imgenio) para tener la documentaci\u00f3n de esta obra \u00fanica, temporal y ef\u00edmera para que pueda ser vista y recordada. Tambi\u00e9n se pueden consultar las fotograf\u00edas de Yann Leto trabajando en C\u00f3rner MIZ <a href=\"https:\/\/www.flickr.com\/photos\/zara_yorkers\/\" target=\"_blank\" rel=\"noopener\">aqu\u00ed<\/a>. Os dejamos el v\u00eddeo de su obra donde se puede ver su trabajo.<\/p>\n<p>&nbsp;<\/p>\n<p><iframe loading=\"lazy\" width=\"840\" height=\"473\" src=\"https:\/\/www.youtube.com\/embed\/AQ2HdbZcUeU?feature=oembed\" frameborder=\"0\" allow=\"accelerometer; autoplay; encrypted-media; gyroscope; picture-in-picture\" allowfullscreen><\/iframe><\/p>\n<p>&nbsp;<\/p>\n<p style=\"text-align: justify\"><span style=\"color: #808080\">El mural ef\u00edmero NEMEF de Yann Leto puede verse en C\u00f3rner MIZ hasta el 25 de abril de 2014.<\/span><\/p>\n<p><span style=\"color: #999999\"><em>\u00a0Fotograf\u00edas: zarayorkers<\/em><\/span><\/p>\n","protected":false},"excerpt":{"rendered":"<p>Un proyecto como C\u00f3rner MIZ tiene unas caracter\u00edsticas muy especiales. Una de ellas es el propio espacio f\u00edsico donde se desarrolla: un espacio de tr\u00e1nsito. Trabajar en espacios de tr\u00e1nsito es una gran oportunidad para provocar conexiones culturales de forma natural, conexiones sobre todo entre el p\u00fablico y el artista. Podr\u00edamos decir que es casi &hellip; <a href=\"http:\/\/madeinzaragoza.es\/blog\/el-proceso-creativo-en-la-obra-de-yann-leto\/\" class=\"more-link\">Continuar leyendo<span class=\"screen-reader-text\"> \u00abEl proceso creativo en la obra de Yann Leto\u00bb<\/span><\/a><\/p>\n","protected":false},"author":36,"featured_media":6847,"comment_status":"open","ping_status":"open","sticky":false,"template":"","format":"standard","meta":{"footnotes":""},"categories":[831,829],"tags":[27,1338,28,131,63,62,84,1028,346],"yoast_head":"<!-- This site is optimized with the Yoast SEO plugin v19.7.2 - https:\/\/yoast.com\/wordpress\/plugins\/seo\/ -->\n<title>El proceso creativo en la obra de Yann Leto - Made in Zaragoza<\/title>\n<meta name=\"description\" content=\"zarayorkers, intervenci\u00f3n artistica de Yann Leto basada en el movimiento de protesta social FEMEN\" \/>\n<meta name=\"robots\" content=\"index, follow, max-snippet:-1, max-image-preview:large, max-video-preview:-1\" \/>\n<link rel=\"canonical\" href=\"http:\/\/madeinzaragoza.es\/blog\/el-proceso-creativo-en-la-obra-de-yann-leto\/\" \/>\n<meta property=\"og:locale\" content=\"es_ES\" \/>\n<meta property=\"og:type\" content=\"article\" \/>\n<meta property=\"og:title\" content=\"El proceso creativo en la obra de Yann Leto - Made in Zaragoza\" \/>\n<meta property=\"og:description\" content=\"zarayorkers, intervenci\u00f3n artistica de Yann Leto basada en el movimiento de protesta social FEMEN\" \/>\n<meta property=\"og:url\" content=\"http:\/\/madeinzaragoza.es\/blog\/el-proceso-creativo-en-la-obra-de-yann-leto\/\" \/>\n<meta property=\"og:site_name\" content=\"Made in Zaragoza\" \/>\n<meta property=\"article:publisher\" content=\"https:\/\/www.facebook.com\/madeinzaragoza.es\/\" \/>\n<meta property=\"article:author\" content=\"zarayorkers\" \/>\n<meta property=\"article:published_time\" content=\"2014-04-02T17:46:36+00:00\" \/>\n<meta property=\"article:modified_time\" content=\"2018-11-27T15:09:44+00:00\" \/>\n<meta property=\"og:image\" content=\"http:\/\/madeinzaragoza.es\/blog\/wp-content\/uploads\/2014\/03\/3-3.jpg\" \/>\n\t<meta property=\"og:image:width\" content=\"650\" \/>\n\t<meta property=\"og:image:height\" content=\"296\" \/>\n\t<meta property=\"og:image:type\" content=\"image\/jpeg\" \/>\n<meta name=\"author\" content=\"Sergio Sevilla\" \/>\n<meta name=\"twitter:card\" content=\"summary\" \/>\n<meta name=\"twitter:creator\" content=\"@madeinzaragoza\" \/>\n<meta name=\"twitter:site\" content=\"@madeinzaragoza\" \/>\n<meta name=\"twitter:label1\" content=\"Escrito por\" \/>\n\t<meta name=\"twitter:data1\" content=\"Sergio Sevilla\" \/>\n\t<meta name=\"twitter:label2\" content=\"Tiempo de lectura\" \/>\n\t<meta name=\"twitter:data2\" content=\"3 minutos\" \/>\n<script type=\"application\/ld+json\" class=\"yoast-schema-graph\">{\"@context\":\"https:\/\/schema.org\",\"@graph\":[{\"@type\":\"Article\",\"@id\":\"http:\/\/madeinzaragoza.es\/blog\/el-proceso-creativo-en-la-obra-de-yann-leto\/#article\",\"isPartOf\":{\"@id\":\"http:\/\/madeinzaragoza.es\/blog\/el-proceso-creativo-en-la-obra-de-yann-leto\/\"},\"author\":{\"name\":\"Sergio Sevilla\",\"@id\":\"https:\/\/madeinzaragoza.es\/blog\/#\/schema\/person\/fd836a8fe1177b6200bc8deffc3ad342\"},\"headline\":\"El proceso creativo en la obra de Yann Leto\",\"datePublished\":\"2014-04-02T17:46:36+00:00\",\"dateModified\":\"2018-11-27T15:09:44+00:00\",\"mainEntityOfPage\":{\"@id\":\"http:\/\/madeinzaragoza.es\/blog\/el-proceso-creativo-en-la-obra-de-yann-leto\/\"},\"wordCount\":550,\"commentCount\":0,\"publisher\":{\"@id\":\"https:\/\/madeinzaragoza.es\/blog\/#organization\"},\"keywords\":[\"Artistas de Zaragoza\",\"CornerMIZ\",\"creatividad\",\"creativos\",\"exposicion\",\"Exposiciones\",\"gente\",\"Sergio Sevilla\",\"Zaragoza Activa\"],\"articleSection\":[\"CornerMIZ\",\"Cultura\"],\"inLanguage\":\"es\",\"potentialAction\":[{\"@type\":\"CommentAction\",\"name\":\"Comment\",\"target\":[\"http:\/\/madeinzaragoza.es\/blog\/el-proceso-creativo-en-la-obra-de-yann-leto\/#respond\"]}]},{\"@type\":\"WebPage\",\"@id\":\"http:\/\/madeinzaragoza.es\/blog\/el-proceso-creativo-en-la-obra-de-yann-leto\/\",\"url\":\"http:\/\/madeinzaragoza.es\/blog\/el-proceso-creativo-en-la-obra-de-yann-leto\/\",\"name\":\"El proceso creativo en la obra de Yann Leto - Made in Zaragoza\",\"isPartOf\":{\"@id\":\"https:\/\/madeinzaragoza.es\/blog\/#website\"},\"datePublished\":\"2014-04-02T17:46:36+00:00\",\"dateModified\":\"2018-11-27T15:09:44+00:00\",\"description\":\"zarayorkers, intervenci\u00f3n artistica de Yann Leto basada en el movimiento de protesta social FEMEN\",\"breadcrumb\":{\"@id\":\"http:\/\/madeinzaragoza.es\/blog\/el-proceso-creativo-en-la-obra-de-yann-leto\/#breadcrumb\"},\"inLanguage\":\"es\",\"potentialAction\":[{\"@type\":\"ReadAction\",\"target\":[\"http:\/\/madeinzaragoza.es\/blog\/el-proceso-creativo-en-la-obra-de-yann-leto\/\"]}]},{\"@type\":\"BreadcrumbList\",\"@id\":\"http:\/\/madeinzaragoza.es\/blog\/el-proceso-creativo-en-la-obra-de-yann-leto\/#breadcrumb\",\"itemListElement\":[{\"@type\":\"ListItem\",\"position\":1,\"name\":\"Portada\",\"item\":\"https:\/\/madeinzaragoza.es\/blog\/\"},{\"@type\":\"ListItem\",\"position\":2,\"name\":\"El proceso creativo en la obra de Yann Leto\"}]},{\"@type\":\"WebSite\",\"@id\":\"https:\/\/madeinzaragoza.es\/blog\/#website\",\"url\":\"https:\/\/madeinzaragoza.es\/blog\/\",\"name\":\"Made in Zaragoza\",\"description\":\"Blog de MadeinZGZ, Red de Econom\u00eda Creativa de Zaragoza\",\"publisher\":{\"@id\":\"https:\/\/madeinzaragoza.es\/blog\/#organization\"},\"potentialAction\":[{\"@type\":\"SearchAction\",\"target\":{\"@type\":\"EntryPoint\",\"urlTemplate\":\"https:\/\/madeinzaragoza.es\/blog\/?s={search_term_string}\"},\"query-input\":\"required name=search_term_string\"}],\"inLanguage\":\"es\"},{\"@type\":\"Organization\",\"@id\":\"https:\/\/madeinzaragoza.es\/blog\/#organization\",\"name\":\"Made In Zaragoza\",\"url\":\"https:\/\/madeinzaragoza.es\/blog\/\",\"sameAs\":[\"https:\/\/www.instagram.com\/madeinzaragoza.es\/\",\"https:\/\/www.facebook.com\/madeinzaragoza.es\/\",\"https:\/\/twitter.com\/madeinzaragoza\"],\"logo\":{\"@type\":\"ImageObject\",\"inLanguage\":\"es\",\"@id\":\"https:\/\/madeinzaragoza.es\/blog\/#\/schema\/logo\/image\/\",\"url\":\"https:\/\/madeinzaragoza.es\/blog\/wp-content\/uploads\/2022\/05\/logo.png\",\"contentUrl\":\"https:\/\/madeinzaragoza.es\/blog\/wp-content\/uploads\/2022\/05\/logo.png\",\"width\":193,\"height\":176,\"caption\":\"Made In Zaragoza\"},\"image\":{\"@id\":\"https:\/\/madeinzaragoza.es\/blog\/#\/schema\/logo\/image\/\"}},{\"@type\":\"Person\",\"@id\":\"https:\/\/madeinzaragoza.es\/blog\/#\/schema\/person\/fd836a8fe1177b6200bc8deffc3ad342\",\"name\":\"Sergio Sevilla\",\"image\":{\"@type\":\"ImageObject\",\"inLanguage\":\"es\",\"@id\":\"https:\/\/madeinzaragoza.es\/blog\/#\/schema\/person\/image\/\",\"url\":\"http:\/\/1.gravatar.com\/avatar\/4a59e3901b7e749c4e3750c4fd5d0b43?s=96&d=mm&r=g\",\"contentUrl\":\"http:\/\/1.gravatar.com\/avatar\/4a59e3901b7e749c4e3750c4fd5d0b43?s=96&d=mm&r=g\",\"caption\":\"Sergio Sevilla\"},\"description\":\"Gesti\u00f3n e Innovaci\u00f3n cultural (I+C) Mi trabajo se basa en la b\u00fasqueda de conexiones culturales en espacios de tr\u00e1nsito. Soy director y programador de proyectos culturales. He coordinado el espacio C\u00f3rner MIZ de Made in Zaragoza y, en la actualidad, me dedico a investigar, documentar y poner en valor el muralismo cer\u00e1mico de los a\u00f1os 60, 70 y 80 de Zaragoza y su relaci\u00f3n con los entornos arquitect\u00f3nicos y decorativos de la \u00e9poca. Descubre el perfil de @ZaragozaModerna en Instagram. Take a walk on the Art side.\",\"sameAs\":[\"zarayorkers\",\"@zaragozamoderna\",\"\/sergiosevillatabernero\"],\"url\":\"http:\/\/madeinzaragoza.es\/blog\/author\/sergiosevilla\/\"}]}<\/script>\n<!-- \/ Yoast SEO plugin. -->","yoast_head_json":{"title":"El proceso creativo en la obra de Yann Leto - Made in Zaragoza","description":"zarayorkers, intervenci\u00f3n artistica de Yann Leto basada en el movimiento de protesta social FEMEN","robots":{"index":"index","follow":"follow","max-snippet":"max-snippet:-1","max-image-preview":"max-image-preview:large","max-video-preview":"max-video-preview:-1"},"canonical":"http:\/\/madeinzaragoza.es\/blog\/el-proceso-creativo-en-la-obra-de-yann-leto\/","og_locale":"es_ES","og_type":"article","og_title":"El proceso creativo en la obra de Yann Leto - Made in Zaragoza","og_description":"zarayorkers, intervenci\u00f3n artistica de Yann Leto basada en el movimiento de protesta social FEMEN","og_url":"http:\/\/madeinzaragoza.es\/blog\/el-proceso-creativo-en-la-obra-de-yann-leto\/","og_site_name":"Made in Zaragoza","article_publisher":"https:\/\/www.facebook.com\/madeinzaragoza.es\/","article_author":"zarayorkers","article_published_time":"2014-04-02T17:46:36+00:00","article_modified_time":"2018-11-27T15:09:44+00:00","og_image":[{"width":650,"height":296,"url":"http:\/\/madeinzaragoza.es\/blog\/wp-content\/uploads\/2014\/03\/3-3.jpg","type":"image\/jpeg"}],"author":"Sergio Sevilla","twitter_card":"summary","twitter_creator":"@madeinzaragoza","twitter_site":"@madeinzaragoza","twitter_misc":{"Escrito por":"Sergio Sevilla","Tiempo de lectura":"3 minutos"},"schema":{"@context":"https:\/\/schema.org","@graph":[{"@type":"Article","@id":"http:\/\/madeinzaragoza.es\/blog\/el-proceso-creativo-en-la-obra-de-yann-leto\/#article","isPartOf":{"@id":"http:\/\/madeinzaragoza.es\/blog\/el-proceso-creativo-en-la-obra-de-yann-leto\/"},"author":{"name":"Sergio Sevilla","@id":"https:\/\/madeinzaragoza.es\/blog\/#\/schema\/person\/fd836a8fe1177b6200bc8deffc3ad342"},"headline":"El proceso creativo en la obra de Yann Leto","datePublished":"2014-04-02T17:46:36+00:00","dateModified":"2018-11-27T15:09:44+00:00","mainEntityOfPage":{"@id":"http:\/\/madeinzaragoza.es\/blog\/el-proceso-creativo-en-la-obra-de-yann-leto\/"},"wordCount":550,"commentCount":0,"publisher":{"@id":"https:\/\/madeinzaragoza.es\/blog\/#organization"},"keywords":["Artistas de Zaragoza","CornerMIZ","creatividad","creativos","exposicion","Exposiciones","gente","Sergio Sevilla","Zaragoza Activa"],"articleSection":["CornerMIZ","Cultura"],"inLanguage":"es","potentialAction":[{"@type":"CommentAction","name":"Comment","target":["http:\/\/madeinzaragoza.es\/blog\/el-proceso-creativo-en-la-obra-de-yann-leto\/#respond"]}]},{"@type":"WebPage","@id":"http:\/\/madeinzaragoza.es\/blog\/el-proceso-creativo-en-la-obra-de-yann-leto\/","url":"http:\/\/madeinzaragoza.es\/blog\/el-proceso-creativo-en-la-obra-de-yann-leto\/","name":"El proceso creativo en la obra de Yann Leto - Made in Zaragoza","isPartOf":{"@id":"https:\/\/madeinzaragoza.es\/blog\/#website"},"datePublished":"2014-04-02T17:46:36+00:00","dateModified":"2018-11-27T15:09:44+00:00","description":"zarayorkers, intervenci\u00f3n artistica de Yann Leto basada en el movimiento de protesta social FEMEN","breadcrumb":{"@id":"http:\/\/madeinzaragoza.es\/blog\/el-proceso-creativo-en-la-obra-de-yann-leto\/#breadcrumb"},"inLanguage":"es","potentialAction":[{"@type":"ReadAction","target":["http:\/\/madeinzaragoza.es\/blog\/el-proceso-creativo-en-la-obra-de-yann-leto\/"]}]},{"@type":"BreadcrumbList","@id":"http:\/\/madeinzaragoza.es\/blog\/el-proceso-creativo-en-la-obra-de-yann-leto\/#breadcrumb","itemListElement":[{"@type":"ListItem","position":1,"name":"Portada","item":"https:\/\/madeinzaragoza.es\/blog\/"},{"@type":"ListItem","position":2,"name":"El proceso creativo en la obra de Yann Leto"}]},{"@type":"WebSite","@id":"https:\/\/madeinzaragoza.es\/blog\/#website","url":"https:\/\/madeinzaragoza.es\/blog\/","name":"Made in Zaragoza","description":"Blog de MadeinZGZ, Red de Econom\u00eda Creativa de Zaragoza","publisher":{"@id":"https:\/\/madeinzaragoza.es\/blog\/#organization"},"potentialAction":[{"@type":"SearchAction","target":{"@type":"EntryPoint","urlTemplate":"https:\/\/madeinzaragoza.es\/blog\/?s={search_term_string}"},"query-input":"required name=search_term_string"}],"inLanguage":"es"},{"@type":"Organization","@id":"https:\/\/madeinzaragoza.es\/blog\/#organization","name":"Made In Zaragoza","url":"https:\/\/madeinzaragoza.es\/blog\/","sameAs":["https:\/\/www.instagram.com\/madeinzaragoza.es\/","https:\/\/www.facebook.com\/madeinzaragoza.es\/","https:\/\/twitter.com\/madeinzaragoza"],"logo":{"@type":"ImageObject","inLanguage":"es","@id":"https:\/\/madeinzaragoza.es\/blog\/#\/schema\/logo\/image\/","url":"https:\/\/madeinzaragoza.es\/blog\/wp-content\/uploads\/2022\/05\/logo.png","contentUrl":"https:\/\/madeinzaragoza.es\/blog\/wp-content\/uploads\/2022\/05\/logo.png","width":193,"height":176,"caption":"Made In Zaragoza"},"image":{"@id":"https:\/\/madeinzaragoza.es\/blog\/#\/schema\/logo\/image\/"}},{"@type":"Person","@id":"https:\/\/madeinzaragoza.es\/blog\/#\/schema\/person\/fd836a8fe1177b6200bc8deffc3ad342","name":"Sergio Sevilla","image":{"@type":"ImageObject","inLanguage":"es","@id":"https:\/\/madeinzaragoza.es\/blog\/#\/schema\/person\/image\/","url":"http:\/\/1.gravatar.com\/avatar\/4a59e3901b7e749c4e3750c4fd5d0b43?s=96&d=mm&r=g","contentUrl":"http:\/\/1.gravatar.com\/avatar\/4a59e3901b7e749c4e3750c4fd5d0b43?s=96&d=mm&r=g","caption":"Sergio Sevilla"},"description":"Gesti\u00f3n e Innovaci\u00f3n cultural (I+C) Mi trabajo se basa en la b\u00fasqueda de conexiones culturales en espacios de tr\u00e1nsito. Soy director y programador de proyectos culturales. He coordinado el espacio C\u00f3rner MIZ de Made in Zaragoza y, en la actualidad, me dedico a investigar, documentar y poner en valor el muralismo cer\u00e1mico de los a\u00f1os 60, 70 y 80 de Zaragoza y su relaci\u00f3n con los entornos arquitect\u00f3nicos y decorativos de la \u00e9poca. Descubre el perfil de @ZaragozaModerna en Instagram. Take a walk on the Art side.","sameAs":["zarayorkers","@zaragozamoderna","\/sergiosevillatabernero"],"url":"http:\/\/madeinzaragoza.es\/blog\/author\/sergiosevilla\/"}]}},"_links":{"self":[{"href":"http:\/\/madeinzaragoza.es\/blog\/wp-json\/wp\/v2\/posts\/6817"}],"collection":[{"href":"http:\/\/madeinzaragoza.es\/blog\/wp-json\/wp\/v2\/posts"}],"about":[{"href":"http:\/\/madeinzaragoza.es\/blog\/wp-json\/wp\/v2\/types\/post"}],"author":[{"embeddable":true,"href":"http:\/\/madeinzaragoza.es\/blog\/wp-json\/wp\/v2\/users\/36"}],"replies":[{"embeddable":true,"href":"http:\/\/madeinzaragoza.es\/blog\/wp-json\/wp\/v2\/comments?post=6817"}],"version-history":[{"count":28,"href":"http:\/\/madeinzaragoza.es\/blog\/wp-json\/wp\/v2\/posts\/6817\/revisions"}],"predecessor-version":[{"id":22546,"href":"http:\/\/madeinzaragoza.es\/blog\/wp-json\/wp\/v2\/posts\/6817\/revisions\/22546"}],"wp:featuredmedia":[{"embeddable":true,"href":"http:\/\/madeinzaragoza.es\/blog\/wp-json\/wp\/v2\/media\/6847"}],"wp:attachment":[{"href":"http:\/\/madeinzaragoza.es\/blog\/wp-json\/wp\/v2\/media?parent=6817"}],"wp:term":[{"taxonomy":"category","embeddable":true,"href":"http:\/\/madeinzaragoza.es\/blog\/wp-json\/wp\/v2\/categories?post=6817"},{"taxonomy":"post_tag","embeddable":true,"href":"http:\/\/madeinzaragoza.es\/blog\/wp-json\/wp\/v2\/tags?post=6817"}],"curies":[{"name":"wp","href":"https:\/\/api.w.org\/{rel}","templated":true}]}}