{"id":6538,"date":"2014-03-12T07:48:24","date_gmt":"2014-03-12T06:48:24","guid":{"rendered":"http:\/\/madeinzaragoza.es\/blog\/?p=6538"},"modified":"2022-04-04T22:19:09","modified_gmt":"2022-04-04T21:19:09","slug":"de-estreno-para-la-semana-del-hazlo-tu-mismo","status":"publish","type":"post","link":"http:\/\/madeinzaragoza.es\/blog\/de-estreno-para-la-semana-del-hazlo-tu-mismo\/","title":{"rendered":"De estreno para la semana del Hazlo tu mismo"},"content":{"rendered":"<p style=\"text-align: center\"><a href=\"http:\/\/madeinzaragoza.es\/blog\/wp-content\/uploads\/2014\/03\/cartel-pdf.pdf\"><a href=\"http:\/\/madeinzaragoza.es\/blog\/wp-content\/uploads\/2014\/03\/cartel-miz.jpg\"><img loading=\"lazy\" decoding=\"async\" class=\"aligncenter size-full wp-image-6717\" alt=\"cartel-miz\" src=\"http:\/\/madeinzaragoza.es\/blog\/wp-content\/uploads\/2014\/03\/cartel-miz.jpg\" width=\"453\" height=\"641\" srcset=\"http:\/\/madeinzaragoza.es\/blog\/wp-content\/uploads\/2014\/03\/cartel-miz.jpg 453w, http:\/\/madeinzaragoza.es\/blog\/wp-content\/uploads\/2014\/03\/cartel-miz-212x300.jpg 212w, http:\/\/madeinzaragoza.es\/blog\/wp-content\/uploads\/2014\/03\/cartel-miz-300x424.jpg 300w, http:\/\/madeinzaragoza.es\/blog\/wp-content\/uploads\/2014\/03\/cartel-miz-180x254.jpg 180w, http:\/\/madeinzaragoza.es\/blog\/wp-content\/uploads\/2014\/03\/cartel-miz-350x495.jpg 350w\" sizes=\"(max-width: 453px) 85vw, 453px\" \/><\/a><\/a><\/p>\n<p>Estamos super contentos de poder dar la bienvenida a varias empresas y comercios a la red Made in Zaragoza. Su estreno como miembros de la red ser\u00e1 durante la semana del Hazlo tu mismo y la II edici\u00f3n del market el pr\u00f3ximo 6 de abril, as\u00ed que desde ya \u00a1Bienvenidos!<\/p>\n<p>Os los vamos a presentar para que vay\u00e1is poni\u00e9ndoles nombre y apellidos \ud83d\ude09<\/p>\n<p><a href=\"https:\/\/www.facebook.com\/ladamadeseda?ref=hl\">La dama de seda<\/a> se trata de un espacio que puede considerarse\u00a0centro social, academia y tienda.<\/p>\n<p style=\"text-align: center\"><a href=\"http:\/\/madeinzaragoza.es\/blog\/wp-content\/uploads\/2014\/03\/IMG-20140304-WA0005.jpg\"><img loading=\"lazy\" decoding=\"async\" class=\"aligncenter  wp-image-6587\" alt=\"la dama de seda tienda\" src=\"http:\/\/madeinzaragoza.es\/blog\/wp-content\/uploads\/2014\/03\/IMG-20140304-WA0005.jpg\" width=\"566\" height=\"360\" srcset=\"http:\/\/madeinzaragoza.es\/blog\/wp-content\/uploads\/2014\/03\/IMG-20140304-WA0005.jpg 708w, http:\/\/madeinzaragoza.es\/blog\/wp-content\/uploads\/2014\/03\/IMG-20140304-WA0005-300x190.jpg 300w, http:\/\/madeinzaragoza.es\/blog\/wp-content\/uploads\/2014\/03\/IMG-20140304-WA0005-625x397.jpg 625w, http:\/\/madeinzaragoza.es\/blog\/wp-content\/uploads\/2014\/03\/IMG-20140304-WA0005-180x114.jpg 180w, http:\/\/madeinzaragoza.es\/blog\/wp-content\/uploads\/2014\/03\/IMG-20140304-WA0005-350x222.jpg 350w, http:\/\/madeinzaragoza.es\/blog\/wp-content\/uploads\/2014\/03\/IMG-20140304-WA0005-110x70.jpg 110w\" sizes=\"(max-width: 566px) 85vw, 566px\" \/><\/a><\/p>\n<p><b>Centro Social<\/b>\u00a0porque la gente va a \u00e9l a relacionarse, a\u00a0compartir sus conocimientos con gente con sus mismas aficiones e ilusiones,\u00a0a reunirse para pasar un buen rato y a hacer amigas.<br \/>\n<b>Academia<\/b>\u00a0porque aprendes, desde cero o un pasito m\u00e1s de lo que ya\u00a0sab\u00edas. Iras desarrollando tus proyectos o los que las profesoras te propongan.<br \/>\n<b>Tienda<\/b>\u00a0porque puedes comprar lanas, telas para patchwork y para confecci\u00f3n infantil y\u00a0mercer\u00eda\u00a0b\u00e1sica para la costura.<\/p>\n<div><b>Pero sobre todo, <a href=\"https:\/\/www.facebook.com\/ladamadeseda?ref=hl\">la dama de seda <\/a>es un lugar donde dejar volar tu creatividad y desconectar.<\/b><\/div>\n<p>Si os apetece pasar por\u00a0all\u00ed, esta en la avenida\u00a0Pablo Gargallo n\u00ba1\u00a0<i>(Andador Giuseppe Verdi)<\/i><\/p>\n<p><strong><a href=\"http:\/\/www.reimwood.com\">Reimwood <\/a><\/strong>es la empresa que da nombre a los dise\u00f1os de Ramiro Merinero, arquitecto que dise\u00f1a y fabrica juegos de mesa para toda la familia. Son objetos de dise\u00f1o en si mismos, con una est\u00e9tica y mec\u00e1nica muy cuidada y novedosa y una tirada limitada y numerada.<\/p>\n<p style=\"text-align: center\"><a href=\"http:\/\/madeinzaragoza.es\/blog\/wp-content\/uploads\/2014\/03\/sello_calidad.jpg\"><img loading=\"lazy\" decoding=\"async\" class=\"aligncenter  wp-image-6558\" alt=\"reimwood lacrado\" src=\"http:\/\/madeinzaragoza.es\/blog\/wp-content\/uploads\/2014\/03\/sello_calidad.jpg\" width=\"640\" height=\"237\" srcset=\"http:\/\/madeinzaragoza.es\/blog\/wp-content\/uploads\/2014\/03\/sello_calidad.jpg 800w, http:\/\/madeinzaragoza.es\/blog\/wp-content\/uploads\/2014\/03\/sello_calidad-300x111.jpg 300w, http:\/\/madeinzaragoza.es\/blog\/wp-content\/uploads\/2014\/03\/sello_calidad-625x231.jpg 625w, http:\/\/madeinzaragoza.es\/blog\/wp-content\/uploads\/2014\/03\/sello_calidad-180x66.jpg 180w, http:\/\/madeinzaragoza.es\/blog\/wp-content\/uploads\/2014\/03\/sello_calidad-350x129.jpg 350w\" sizes=\"(max-width: 709px) 85vw, (max-width: 909px) 67vw, (max-width: 984px) 61vw, (max-width: 1362px) 45vw, 600px\" \/><\/a><\/p>\n<p>Se elaboran artesanalmente, combinando t\u00e9cnicas tradicionales como el pirograbado, lijado, encerado, etc con \u00faltima tecnolog\u00eda como el corte l\u00e1ser o el dise\u00f1o renderizado.<\/p>\n<p><a href=\"http:\/\/youtu.be\/UQgLOe9Zlu0\">En el mercado del d\u00eda 6 podremos disfrutar de partidas de Polder<\/a>, un nuevo concepto de juego de estrateg\u00eda donde con s\u00f3lo un giro, puedes ganar o perder.\u00a0<a href=\"http:\/\/youtu.be\/UQgLOe9Zlu0\"><br \/>\n<\/a><\/p>\n<p style=\"text-align: center\"><a href=\"http:\/\/madeinzaragoza.es\/blog\/wp-content\/uploads\/2014\/03\/planta_polder.jpg\"><img loading=\"lazy\" decoding=\"async\" class=\"aligncenter  wp-image-6557\" alt=\"polder juego\" src=\"http:\/\/madeinzaragoza.es\/blog\/wp-content\/uploads\/2014\/03\/planta_polder.jpg\" width=\"640\" height=\"640\" srcset=\"http:\/\/madeinzaragoza.es\/blog\/wp-content\/uploads\/2014\/03\/planta_polder.jpg 800w, http:\/\/madeinzaragoza.es\/blog\/wp-content\/uploads\/2014\/03\/planta_polder-150x150.jpg 150w, http:\/\/madeinzaragoza.es\/blog\/wp-content\/uploads\/2014\/03\/planta_polder-300x300.jpg 300w, http:\/\/madeinzaragoza.es\/blog\/wp-content\/uploads\/2014\/03\/planta_polder-160x160.jpg 160w, http:\/\/madeinzaragoza.es\/blog\/wp-content\/uploads\/2014\/03\/planta_polder-40x40.jpg 40w, http:\/\/madeinzaragoza.es\/blog\/wp-content\/uploads\/2014\/03\/planta_polder-70x70.jpg 70w, http:\/\/madeinzaragoza.es\/blog\/wp-content\/uploads\/2014\/03\/planta_polder-625x625.jpg 625w, http:\/\/madeinzaragoza.es\/blog\/wp-content\/uploads\/2014\/03\/planta_polder-180x180.jpg 180w, http:\/\/madeinzaragoza.es\/blog\/wp-content\/uploads\/2014\/03\/planta_polder-350x350.jpg 350w\" sizes=\"(max-width: 709px) 85vw, (max-width: 909px) 67vw, (max-width: 984px) 61vw, (max-width: 1362px) 45vw, 600px\" \/><\/a><\/p>\n<div title=\"Page 2\">\n<p>\u00a0<strong>Tres en caja<\/strong> realiza artesan\u00eda digital. Partiendo de su formaci\u00f3n como arquitectos, dise\u00f1an productos de decoraci\u00f3n principalmente con un aire fresco, \u00fanico, sostenible y personalizable. Destaca el cuidado y mimo con el que terminan todos sus trabajos manualmente y como aprovechan las ventajas y precisi\u00f3n de la tecn\u00f3log\u00eda para realizar sus dise\u00f1os.<\/p>\n<\/div>\n<p style=\"text-align: center\"><a href=\"http:\/\/madeinzaragoza.es\/blog\/wp-content\/uploads\/2014\/03\/tresencaja.jpg\"><img loading=\"lazy\" decoding=\"async\" class=\"aligncenter  wp-image-6561\" alt=\"3encaja productos\" src=\"http:\/\/madeinzaragoza.es\/blog\/wp-content\/uploads\/2014\/03\/tresencaja.jpg\" width=\"640\" height=\"480\" srcset=\"http:\/\/madeinzaragoza.es\/blog\/wp-content\/uploads\/2014\/03\/tresencaja.jpg 800w, http:\/\/madeinzaragoza.es\/blog\/wp-content\/uploads\/2014\/03\/tresencaja-300x225.jpg 300w, http:\/\/madeinzaragoza.es\/blog\/wp-content\/uploads\/2014\/03\/tresencaja-625x468.jpg 625w, http:\/\/madeinzaragoza.es\/blog\/wp-content\/uploads\/2014\/03\/tresencaja-180x135.jpg 180w, http:\/\/madeinzaragoza.es\/blog\/wp-content\/uploads\/2014\/03\/tresencaja-350x262.jpg 350w\" sizes=\"(max-width: 709px) 85vw, (max-width: 909px) 67vw, (max-width: 984px) 61vw, (max-width: 1362px) 45vw, 600px\" \/><\/a><\/p>\n<p>Podeis ver m\u00e1s muestras de su trabajo en <a href=\"http:\/\/www.facebook.com\/tresencaja\">Facebook<\/a>, <a href=\"http:\/\/www.twitter.com\/tresencaja\">twitter<\/a>\u00a0y <a href=\"http:\/\/www.pinterest.com\/tresencaja\">pinterest<\/a><\/p>\n<p><strong><a href=\"http:\/\/miesquinadelaencuadernacion.blogspot.com\">Copisteria Bruno Solano<\/a><\/strong> es algo m\u00e1s que un sitio donde hacer copias o impresiones digitales. Adem\u00e1s es especialista en encuadernaciones, desde las m\u00e1s sencillas en Wire O a encuadernaciones artesanales en piel, con t\u00e9cnicas japonesas, etc<div id='gallery-1' class='gallery galleryid-6538 gallery-columns-2 gallery-size-thumbnail'><figure class='gallery-item'>\n\t\t\t<div class='gallery-icon landscape'>\n\t\t\t\t<a href='http:\/\/madeinzaragoza.es\/blog\/de-estreno-para-la-semana-del-hazlo-tu-mismo\/brunosolano2\/'><img loading=\"lazy\" decoding=\"async\" width=\"150\" height=\"150\" src=\"http:\/\/madeinzaragoza.es\/blog\/wp-content\/uploads\/2014\/03\/brunosolano2-150x150.jpg\" class=\"attachment-thumbnail size-thumbnail\" alt=\"Cajita Bruno Solano\" aria-describedby=\"gallery-1-6589\" srcset=\"http:\/\/madeinzaragoza.es\/blog\/wp-content\/uploads\/2014\/03\/brunosolano2-150x150.jpg 150w, http:\/\/madeinzaragoza.es\/blog\/wp-content\/uploads\/2014\/03\/brunosolano2-160x160.jpg 160w, http:\/\/madeinzaragoza.es\/blog\/wp-content\/uploads\/2014\/03\/brunosolano2-40x40.jpg 40w, http:\/\/madeinzaragoza.es\/blog\/wp-content\/uploads\/2014\/03\/brunosolano2-70x70.jpg 70w\" sizes=\"(max-width: 150px) 85vw, 150px\" \/><\/a>\n\t\t\t<\/div>\n\t\t\t\t<figcaption class='wp-caption-text gallery-caption' id='gallery-1-6589'>\n\t\t\t\tcaja bruno solano\n\t\t\t\t<\/figcaption><\/figure><figure class='gallery-item'>\n\t\t\t<div class='gallery-icon landscape'>\n\t\t\t\t<a href='http:\/\/madeinzaragoza.es\/blog\/de-estreno-para-la-semana-del-hazlo-tu-mismo\/bruno-solano\/'><img loading=\"lazy\" decoding=\"async\" width=\"150\" height=\"150\" src=\"http:\/\/madeinzaragoza.es\/blog\/wp-content\/uploads\/2014\/03\/Bruno-solano-150x150.jpg\" class=\"attachment-thumbnail size-thumbnail\" alt=\"Encuadernacion Bruno Solano\" aria-describedby=\"gallery-1-6588\" srcset=\"http:\/\/madeinzaragoza.es\/blog\/wp-content\/uploads\/2014\/03\/Bruno-solano-150x150.jpg 150w, http:\/\/madeinzaragoza.es\/blog\/wp-content\/uploads\/2014\/03\/Bruno-solano-160x160.jpg 160w, http:\/\/madeinzaragoza.es\/blog\/wp-content\/uploads\/2014\/03\/Bruno-solano-40x40.jpg 40w, http:\/\/madeinzaragoza.es\/blog\/wp-content\/uploads\/2014\/03\/Bruno-solano-70x70.jpg 70w\" sizes=\"(max-width: 150px) 85vw, 150px\" \/><\/a>\n\t\t\t<\/div>\n\t\t\t\t<figcaption class='wp-caption-text gallery-caption' id='gallery-1-6588'>\n\t\t\t\tlibreta bruno solano\n\t\t\t\t<\/figcaption><\/figure>\n\t\t<\/div>\n<\/p>\n<p>Por si esto fuera poco, tambi\u00e9n fabrica objetos: libretas, agendas, cofres&#8230; y ense\u00f1a estas t\u00e9cnicas artesanales en workshops dedicados.<br \/>\nSi os apetece pasar por\u00a0all\u00ed, esta en la calle Bruno Solano, 8.<i><br \/>\n<\/i><\/p>\n<p><a href=\"https:\/\/www.facebook.com\/merceriarosmar.causape\"><strong>Merceria Rosmar<\/strong><\/a>\u00a0vende\u00a0art\u00edculos de mercer\u00eda, lencer\u00eda y ropa de bebe como el resto de mercer\u00edas, pero adem\u00e1s ofrece\u00a0arreglos, bordados a m\u00e1quina y con punto de cruz.<br \/>\nSu especialidad son las canastillas de bebe personalizadas y los\u00a0cursos que imparten de goma eva y costura creativa combinada con Patchwork tanto para adultos como ni\u00f1os.<\/p>\n<p><a href=\"http:\/\/madeinzaragoza.es\/blog\/wp-content\/uploads\/2014\/03\/Rosmar.jpg\"><img loading=\"lazy\" decoding=\"async\" class=\"aligncenter size-full wp-image-6608\" alt=\"productos Rosmar\" src=\"http:\/\/madeinzaragoza.es\/blog\/wp-content\/uploads\/2014\/03\/Rosmar.jpg\" width=\"438\" height=\"237\" srcset=\"http:\/\/madeinzaragoza.es\/blog\/wp-content\/uploads\/2014\/03\/Rosmar.jpg 438w, http:\/\/madeinzaragoza.es\/blog\/wp-content\/uploads\/2014\/03\/Rosmar-300x162.jpg 300w, http:\/\/madeinzaragoza.es\/blog\/wp-content\/uploads\/2014\/03\/Rosmar-180x97.jpg 180w, http:\/\/madeinzaragoza.es\/blog\/wp-content\/uploads\/2014\/03\/Rosmar-350x189.jpg 350w\" sizes=\"(max-width: 438px) 85vw, 438px\" \/><\/a><br \/>\nSi os apetece pasar por\u00a0all\u00ed, esta en la calle Torero Nicanor Villalta, justo en la confluencia de calle Rioja y Juli\u00e1n Sanz Iba\u00f1ez.<\/p>\n<p>Bueno que os parecen las incorporaciones, \u00bfno esta mal para ir abriendo boca no? Lo dicho, <strong>\u00a1bienvenidos a la familia MIZ!<\/strong><\/p>\n","protected":false},"excerpt":{"rendered":"<p>Estamos super contentos de poder dar la bienvenida a varias empresas y comercios a la red Made in Zaragoza. Su estreno como miembros de la red ser\u00e1 durante la semana del Hazlo tu mismo y la II edici\u00f3n del market el pr\u00f3ximo 6 de abril, as\u00ed que desde ya \u00a1Bienvenidos! Os los vamos a presentar &hellip; <a href=\"http:\/\/madeinzaragoza.es\/blog\/de-estreno-para-la-semana-del-hazlo-tu-mismo\/\" class=\"more-link\">Continuar leyendo<span class=\"screen-reader-text\"> \u00abDe estreno para la semana del Hazlo tu mismo\u00bb<\/span><\/a><\/p>\n","protected":false},"author":22,"featured_media":6717,"comment_status":"open","ping_status":"open","sticky":false,"template":"","format":"standard","meta":{"footnotes":""},"categories":[8],"tags":[26,606],"yoast_head":"<!-- This site is optimized with the Yoast SEO plugin v19.7.2 - https:\/\/yoast.com\/wordpress\/plugins\/seo\/ -->\n<title>De estreno para la semana del Hazlo tu mismo - Made in Zaragoza<\/title>\n<meta name=\"description\" content=\"Estamos super contentos de poder dar la bienvenida a varias empresas y comercios a la red Made in Zaragoza para la semana del Hazlo tu Mismo \u00a1Bienvenidos!\" \/>\n<meta name=\"robots\" content=\"index, follow, max-snippet:-1, max-image-preview:large, max-video-preview:-1\" \/>\n<link rel=\"canonical\" href=\"https:\/\/madeinzaragoza.es\/blog\/de-estreno-para-la-semana-del-hazlo-tu-mismo\/\" \/>\n<meta property=\"og:locale\" content=\"es_ES\" \/>\n<meta property=\"og:type\" content=\"article\" \/>\n<meta property=\"og:title\" content=\"De estreno para la semana del Hazlo tu mismo - Made in Zaragoza\" \/>\n<meta property=\"og:description\" content=\"Estamos super contentos de poder dar la bienvenida a varias empresas y comercios a la red Made in Zaragoza para la semana del Hazlo tu Mismo \u00a1Bienvenidos!\" \/>\n<meta property=\"og:url\" content=\"https:\/\/madeinzaragoza.es\/blog\/de-estreno-para-la-semana-del-hazlo-tu-mismo\/\" \/>\n<meta property=\"og:site_name\" content=\"Made in Zaragoza\" \/>\n<meta property=\"article:publisher\" content=\"https:\/\/www.facebook.com\/madeinzaragoza.es\/\" \/>\n<meta property=\"article:author\" content=\"LasArmasZAC\" \/>\n<meta property=\"article:published_time\" content=\"2014-03-12T06:48:24+00:00\" \/>\n<meta property=\"article:modified_time\" content=\"2022-04-04T21:19:09+00:00\" \/>\n<meta property=\"og:image\" content=\"https:\/\/madeinzaragoza.es\/blog\/wp-content\/uploads\/2014\/03\/cartel-miz.jpg\" \/>\n\t<meta property=\"og:image:width\" content=\"453\" \/>\n\t<meta property=\"og:image:height\" content=\"641\" \/>\n\t<meta property=\"og:image:type\" content=\"image\/jpeg\" \/>\n<meta name=\"author\" content=\"MadeinZGZ\" \/>\n<meta name=\"twitter:card\" content=\"summary\" \/>\n<meta name=\"twitter:creator\" content=\"@madeinzaragoza\" \/>\n<meta name=\"twitter:site\" content=\"@madeinzaragoza\" \/>\n<meta name=\"twitter:label1\" content=\"Escrito por\" \/>\n\t<meta name=\"twitter:data1\" content=\"MadeinZGZ\" \/>\n\t<meta name=\"twitter:label2\" content=\"Tiempo de lectura\" \/>\n\t<meta name=\"twitter:data2\" content=\"3 minutos\" \/>\n<script type=\"application\/ld+json\" class=\"yoast-schema-graph\">{\"@context\":\"https:\/\/schema.org\",\"@graph\":[{\"@type\":\"Article\",\"@id\":\"https:\/\/madeinzaragoza.es\/blog\/de-estreno-para-la-semana-del-hazlo-tu-mismo\/#article\",\"isPartOf\":{\"@id\":\"https:\/\/madeinzaragoza.es\/blog\/de-estreno-para-la-semana-del-hazlo-tu-mismo\/\"},\"author\":{\"name\":\"MadeinZGZ\",\"@id\":\"http:\/\/madeinzaragoza.es\/blog\/#\/schema\/person\/59f4073cf7e7bc2b2f33b48241478a32\"},\"headline\":\"De estreno para la semana del Hazlo tu mismo\",\"datePublished\":\"2014-03-12T06:48:24+00:00\",\"dateModified\":\"2022-04-04T21:19:09+00:00\",\"mainEntityOfPage\":{\"@id\":\"https:\/\/madeinzaragoza.es\/blog\/de-estreno-para-la-semana-del-hazlo-tu-mismo\/\"},\"wordCount\":573,\"commentCount\":2,\"publisher\":{\"@id\":\"http:\/\/madeinzaragoza.es\/blog\/#organization\"},\"keywords\":[\"Artesanos\",\"DIY\"],\"articleSection\":[\"Red MIZ\"],\"inLanguage\":\"es\",\"potentialAction\":[{\"@type\":\"CommentAction\",\"name\":\"Comment\",\"target\":[\"https:\/\/madeinzaragoza.es\/blog\/de-estreno-para-la-semana-del-hazlo-tu-mismo\/#respond\"]}]},{\"@type\":\"WebPage\",\"@id\":\"https:\/\/madeinzaragoza.es\/blog\/de-estreno-para-la-semana-del-hazlo-tu-mismo\/\",\"url\":\"https:\/\/madeinzaragoza.es\/blog\/de-estreno-para-la-semana-del-hazlo-tu-mismo\/\",\"name\":\"De estreno para la semana del Hazlo tu mismo - Made in Zaragoza\",\"isPartOf\":{\"@id\":\"http:\/\/madeinzaragoza.es\/blog\/#website\"},\"datePublished\":\"2014-03-12T06:48:24+00:00\",\"dateModified\":\"2022-04-04T21:19:09+00:00\",\"description\":\"Estamos super contentos de poder dar la bienvenida a varias empresas y comercios a la red Made in Zaragoza para la semana del Hazlo tu Mismo \u00a1Bienvenidos!\",\"breadcrumb\":{\"@id\":\"https:\/\/madeinzaragoza.es\/blog\/de-estreno-para-la-semana-del-hazlo-tu-mismo\/#breadcrumb\"},\"inLanguage\":\"es\",\"potentialAction\":[{\"@type\":\"ReadAction\",\"target\":[\"https:\/\/madeinzaragoza.es\/blog\/de-estreno-para-la-semana-del-hazlo-tu-mismo\/\"]}]},{\"@type\":\"BreadcrumbList\",\"@id\":\"https:\/\/madeinzaragoza.es\/blog\/de-estreno-para-la-semana-del-hazlo-tu-mismo\/#breadcrumb\",\"itemListElement\":[{\"@type\":\"ListItem\",\"position\":1,\"name\":\"Portada\",\"item\":\"http:\/\/madeinzaragoza.es\/blog\/\"},{\"@type\":\"ListItem\",\"position\":2,\"name\":\"De estreno para la semana del Hazlo tu mismo\"}]},{\"@type\":\"WebSite\",\"@id\":\"http:\/\/madeinzaragoza.es\/blog\/#website\",\"url\":\"http:\/\/madeinzaragoza.es\/blog\/\",\"name\":\"Made in Zaragoza\",\"description\":\"Blog de MadeinZGZ, Red de Econom\u00eda Creativa de Zaragoza\",\"publisher\":{\"@id\":\"http:\/\/madeinzaragoza.es\/blog\/#organization\"},\"potentialAction\":[{\"@type\":\"SearchAction\",\"target\":{\"@type\":\"EntryPoint\",\"urlTemplate\":\"http:\/\/madeinzaragoza.es\/blog\/?s={search_term_string}\"},\"query-input\":\"required name=search_term_string\"}],\"inLanguage\":\"es\"},{\"@type\":\"Organization\",\"@id\":\"http:\/\/madeinzaragoza.es\/blog\/#organization\",\"name\":\"Made In Zaragoza\",\"url\":\"http:\/\/madeinzaragoza.es\/blog\/\",\"sameAs\":[\"https:\/\/www.instagram.com\/madeinzaragoza.es\/\",\"https:\/\/www.facebook.com\/madeinzaragoza.es\/\",\"https:\/\/twitter.com\/madeinzaragoza\"],\"logo\":{\"@type\":\"ImageObject\",\"inLanguage\":\"es\",\"@id\":\"http:\/\/madeinzaragoza.es\/blog\/#\/schema\/logo\/image\/\",\"url\":\"https:\/\/madeinzaragoza.es\/blog\/wp-content\/uploads\/2022\/05\/logo.png\",\"contentUrl\":\"https:\/\/madeinzaragoza.es\/blog\/wp-content\/uploads\/2022\/05\/logo.png\",\"width\":193,\"height\":176,\"caption\":\"Made In Zaragoza\"},\"image\":{\"@id\":\"http:\/\/madeinzaragoza.es\/blog\/#\/schema\/logo\/image\/\"}},{\"@type\":\"Person\",\"@id\":\"http:\/\/madeinzaragoza.es\/blog\/#\/schema\/person\/59f4073cf7e7bc2b2f33b48241478a32\",\"name\":\"MadeinZGZ\",\"image\":{\"@type\":\"ImageObject\",\"inLanguage\":\"es\",\"@id\":\"http:\/\/madeinzaragoza.es\/blog\/#\/schema\/person\/image\/\",\"url\":\"http:\/\/2.gravatar.com\/avatar\/23c2456a35687aa268b52997d8f142d1?s=96&d=mm&r=g\",\"contentUrl\":\"http:\/\/2.gravatar.com\/avatar\/23c2456a35687aa268b52997d8f142d1?s=96&d=mm&r=g\",\"caption\":\"MadeinZGZ\"},\"description\":\"Red de comercios y emprendedores creativos de Zaragoza impulsada por ZGZ Activa.\",\"sameAs\":[\"LasArmasZAC\",\"https:\/\/twitter.com\/madeinzaragoza\"],\"url\":\"http:\/\/madeinzaragoza.es\/blog\/author\/madeinzgz\/\"}]}<\/script>\n<!-- \/ Yoast SEO plugin. -->","yoast_head_json":{"title":"De estreno para la semana del Hazlo tu mismo - Made in Zaragoza","description":"Estamos super contentos de poder dar la bienvenida a varias empresas y comercios a la red Made in Zaragoza para la semana del Hazlo tu Mismo \u00a1Bienvenidos!","robots":{"index":"index","follow":"follow","max-snippet":"max-snippet:-1","max-image-preview":"max-image-preview:large","max-video-preview":"max-video-preview:-1"},"canonical":"https:\/\/madeinzaragoza.es\/blog\/de-estreno-para-la-semana-del-hazlo-tu-mismo\/","og_locale":"es_ES","og_type":"article","og_title":"De estreno para la semana del Hazlo tu mismo - Made in Zaragoza","og_description":"Estamos super contentos de poder dar la bienvenida a varias empresas y comercios a la red Made in Zaragoza para la semana del Hazlo tu Mismo \u00a1Bienvenidos!","og_url":"https:\/\/madeinzaragoza.es\/blog\/de-estreno-para-la-semana-del-hazlo-tu-mismo\/","og_site_name":"Made in Zaragoza","article_publisher":"https:\/\/www.facebook.com\/madeinzaragoza.es\/","article_author":"LasArmasZAC","article_published_time":"2014-03-12T06:48:24+00:00","article_modified_time":"2022-04-04T21:19:09+00:00","og_image":[{"width":453,"height":641,"url":"https:\/\/madeinzaragoza.es\/blog\/wp-content\/uploads\/2014\/03\/cartel-miz.jpg","type":"image\/jpeg"}],"author":"MadeinZGZ","twitter_card":"summary","twitter_creator":"@madeinzaragoza","twitter_site":"@madeinzaragoza","twitter_misc":{"Escrito por":"MadeinZGZ","Tiempo de lectura":"3 minutos"},"schema":{"@context":"https:\/\/schema.org","@graph":[{"@type":"Article","@id":"https:\/\/madeinzaragoza.es\/blog\/de-estreno-para-la-semana-del-hazlo-tu-mismo\/#article","isPartOf":{"@id":"https:\/\/madeinzaragoza.es\/blog\/de-estreno-para-la-semana-del-hazlo-tu-mismo\/"},"author":{"name":"MadeinZGZ","@id":"http:\/\/madeinzaragoza.es\/blog\/#\/schema\/person\/59f4073cf7e7bc2b2f33b48241478a32"},"headline":"De estreno para la semana del Hazlo tu mismo","datePublished":"2014-03-12T06:48:24+00:00","dateModified":"2022-04-04T21:19:09+00:00","mainEntityOfPage":{"@id":"https:\/\/madeinzaragoza.es\/blog\/de-estreno-para-la-semana-del-hazlo-tu-mismo\/"},"wordCount":573,"commentCount":2,"publisher":{"@id":"http:\/\/madeinzaragoza.es\/blog\/#organization"},"keywords":["Artesanos","DIY"],"articleSection":["Red MIZ"],"inLanguage":"es","potentialAction":[{"@type":"CommentAction","name":"Comment","target":["https:\/\/madeinzaragoza.es\/blog\/de-estreno-para-la-semana-del-hazlo-tu-mismo\/#respond"]}]},{"@type":"WebPage","@id":"https:\/\/madeinzaragoza.es\/blog\/de-estreno-para-la-semana-del-hazlo-tu-mismo\/","url":"https:\/\/madeinzaragoza.es\/blog\/de-estreno-para-la-semana-del-hazlo-tu-mismo\/","name":"De estreno para la semana del Hazlo tu mismo - Made in Zaragoza","isPartOf":{"@id":"http:\/\/madeinzaragoza.es\/blog\/#website"},"datePublished":"2014-03-12T06:48:24+00:00","dateModified":"2022-04-04T21:19:09+00:00","description":"Estamos super contentos de poder dar la bienvenida a varias empresas y comercios a la red Made in Zaragoza para la semana del Hazlo tu Mismo \u00a1Bienvenidos!","breadcrumb":{"@id":"https:\/\/madeinzaragoza.es\/blog\/de-estreno-para-la-semana-del-hazlo-tu-mismo\/#breadcrumb"},"inLanguage":"es","potentialAction":[{"@type":"ReadAction","target":["https:\/\/madeinzaragoza.es\/blog\/de-estreno-para-la-semana-del-hazlo-tu-mismo\/"]}]},{"@type":"BreadcrumbList","@id":"https:\/\/madeinzaragoza.es\/blog\/de-estreno-para-la-semana-del-hazlo-tu-mismo\/#breadcrumb","itemListElement":[{"@type":"ListItem","position":1,"name":"Portada","item":"http:\/\/madeinzaragoza.es\/blog\/"},{"@type":"ListItem","position":2,"name":"De estreno para la semana del Hazlo tu mismo"}]},{"@type":"WebSite","@id":"http:\/\/madeinzaragoza.es\/blog\/#website","url":"http:\/\/madeinzaragoza.es\/blog\/","name":"Made in Zaragoza","description":"Blog de MadeinZGZ, Red de Econom\u00eda Creativa de Zaragoza","publisher":{"@id":"http:\/\/madeinzaragoza.es\/blog\/#organization"},"potentialAction":[{"@type":"SearchAction","target":{"@type":"EntryPoint","urlTemplate":"http:\/\/madeinzaragoza.es\/blog\/?s={search_term_string}"},"query-input":"required name=search_term_string"}],"inLanguage":"es"},{"@type":"Organization","@id":"http:\/\/madeinzaragoza.es\/blog\/#organization","name":"Made In Zaragoza","url":"http:\/\/madeinzaragoza.es\/blog\/","sameAs":["https:\/\/www.instagram.com\/madeinzaragoza.es\/","https:\/\/www.facebook.com\/madeinzaragoza.es\/","https:\/\/twitter.com\/madeinzaragoza"],"logo":{"@type":"ImageObject","inLanguage":"es","@id":"http:\/\/madeinzaragoza.es\/blog\/#\/schema\/logo\/image\/","url":"https:\/\/madeinzaragoza.es\/blog\/wp-content\/uploads\/2022\/05\/logo.png","contentUrl":"https:\/\/madeinzaragoza.es\/blog\/wp-content\/uploads\/2022\/05\/logo.png","width":193,"height":176,"caption":"Made In Zaragoza"},"image":{"@id":"http:\/\/madeinzaragoza.es\/blog\/#\/schema\/logo\/image\/"}},{"@type":"Person","@id":"http:\/\/madeinzaragoza.es\/blog\/#\/schema\/person\/59f4073cf7e7bc2b2f33b48241478a32","name":"MadeinZGZ","image":{"@type":"ImageObject","inLanguage":"es","@id":"http:\/\/madeinzaragoza.es\/blog\/#\/schema\/person\/image\/","url":"http:\/\/2.gravatar.com\/avatar\/23c2456a35687aa268b52997d8f142d1?s=96&d=mm&r=g","contentUrl":"http:\/\/2.gravatar.com\/avatar\/23c2456a35687aa268b52997d8f142d1?s=96&d=mm&r=g","caption":"MadeinZGZ"},"description":"Red de comercios y emprendedores creativos de Zaragoza impulsada por ZGZ Activa.","sameAs":["LasArmasZAC","https:\/\/twitter.com\/madeinzaragoza"],"url":"http:\/\/madeinzaragoza.es\/blog\/author\/madeinzgz\/"}]}},"_links":{"self":[{"href":"http:\/\/madeinzaragoza.es\/blog\/wp-json\/wp\/v2\/posts\/6538"}],"collection":[{"href":"http:\/\/madeinzaragoza.es\/blog\/wp-json\/wp\/v2\/posts"}],"about":[{"href":"http:\/\/madeinzaragoza.es\/blog\/wp-json\/wp\/v2\/types\/post"}],"author":[{"embeddable":true,"href":"http:\/\/madeinzaragoza.es\/blog\/wp-json\/wp\/v2\/users\/22"}],"replies":[{"embeddable":true,"href":"http:\/\/madeinzaragoza.es\/blog\/wp-json\/wp\/v2\/comments?post=6538"}],"version-history":[{"count":15,"href":"http:\/\/madeinzaragoza.es\/blog\/wp-json\/wp\/v2\/posts\/6538\/revisions"}],"predecessor-version":[{"id":34170,"href":"http:\/\/madeinzaragoza.es\/blog\/wp-json\/wp\/v2\/posts\/6538\/revisions\/34170"}],"wp:featuredmedia":[{"embeddable":true,"href":"http:\/\/madeinzaragoza.es\/blog\/wp-json\/wp\/v2\/media\/6717"}],"wp:attachment":[{"href":"http:\/\/madeinzaragoza.es\/blog\/wp-json\/wp\/v2\/media?parent=6538"}],"wp:term":[{"taxonomy":"category","embeddable":true,"href":"http:\/\/madeinzaragoza.es\/blog\/wp-json\/wp\/v2\/categories?post=6538"},{"taxonomy":"post_tag","embeddable":true,"href":"http:\/\/madeinzaragoza.es\/blog\/wp-json\/wp\/v2\/tags?post=6538"}],"curies":[{"name":"wp","href":"https:\/\/api.w.org\/{rel}","templated":true}]}}