{"id":6229,"date":"2014-02-05T09:30:40","date_gmt":"2014-02-05T08:30:40","guid":{"rendered":"http:\/\/madeinzaragoza.es\/blog\/?p=6229"},"modified":"2014-02-07T10:31:49","modified_gmt":"2014-02-07T09:31:49","slug":"raquel-galvez-un-diseno-de-cine","status":"publish","type":"post","link":"http:\/\/madeinzaragoza.es\/blog\/raquel-galvez-un-diseno-de-cine\/","title":{"rendered":"Raquel G\u00e1lvez, un dise\u00f1o de cine."},"content":{"rendered":"<p>Con tan solo 24 a\u00f1os Raquel Galvez ha sido elegida para vestir a algunos de los entregadores de las estatuillas en la gala de los Goya. Adem\u00e1s, obtuvo el primer premio nacional en la categor\u00eda de moda de un concurso europeo realizado por Chevrolet y represent\u00f3 a Espa\u00f1a en la fase europea en Londres. Tambi\u00e9n fue finalista en el certamen al Mejor Joven Dise\u00f1ador de Arag\u00f3n XIII.<\/p>\n<p>Raquel no deja de sumar logros a pesar de estar a\u00fan cursando el cuarto a\u00f1o de sus estudios superiores de Dise\u00f1o de Moda. Nosotros hemos querido que nos cuente un poco como est\u00e1 viviendo esta etapa y as\u00ed conozcamos mejor a esta talentosa joven.<\/p>\n<p><a href=\"http:\/\/madeinzaragoza.es\/blog\/wp-content\/uploads\/2014\/02\/madeinzgz.jpg\"><img loading=\"lazy\" decoding=\"async\" class=\"alignnone size-full wp-image-6233\" alt=\"raquel_galvez\" src=\"http:\/\/madeinzaragoza.es\/blog\/wp-content\/uploads\/2014\/02\/madeinzgz.jpg\" width=\"620\" height=\"543\" srcset=\"http:\/\/madeinzaragoza.es\/blog\/wp-content\/uploads\/2014\/02\/madeinzgz.jpg 620w, http:\/\/madeinzaragoza.es\/blog\/wp-content\/uploads\/2014\/02\/madeinzgz-300x262.jpg 300w, http:\/\/madeinzaragoza.es\/blog\/wp-content\/uploads\/2014\/02\/madeinzgz-180x157.jpg 180w, http:\/\/madeinzaragoza.es\/blog\/wp-content\/uploads\/2014\/02\/madeinzgz-350x306.jpg 350w\" sizes=\"(max-width: 709px) 85vw, (max-width: 909px) 67vw, (max-width: 984px) 61vw, (max-width: 1362px) 45vw, 600px\" \/><\/a><\/p>\n<p><strong>Para empezar, \u00a1enhorabuena! menuda temporada de buenas noticias, estar\u00e1s como en una nube \u00bfno? \u00bfQu\u00e9 se siente al ver que se reconoce tu talento y trabajo?<\/strong><br \/>\nCuando empiezas a estudiar Dise\u00f1o de Moda la meta ut\u00f3pica es ense\u00f1ar al mundo tu trabajo y que sea reconocido, pero al mismo tiempo te vas dando cuenta que este sector es m\u00e1s complejo de lo que parece. He tenido la suerte de ver en menos de un a\u00f1o como mi trabajo ha destacado en tres concursos diferentes. Esto supone una motivaci\u00f3n incre\u00edble.<\/p>\n<p><strong>Y cu\u00e1ndo adem\u00e1s te enteras de lo de los Goya\u2026<\/strong><br \/>\nVer como unos profesionales del mundo de la moda como Modesto Lomba, Tatiana Hern\u00e1ndez y Andr\u00e9s Aberasturi eligen tu trabajo entre m\u00e1s de 72 propuestas es un privilegio, adem\u00e1s de una gran oportunidad para mostrar parte de mi trabajo como dise\u00f1adora.\u00a0<span style=\"line-height: 1.5em\">Los Goya es uno de los eventos m\u00e1s importantes que tenemos en nuestro pa\u00eds a nivel cultural as\u00ed que estoy nerviosa por ver c\u00f3mo quedan los dise\u00f1os reales en los entregadores.<\/span><\/p>\n<p><strong>Ahora supongo que un mont\u00f3n de viajes a Madrid. \u00bfC\u00f3mo est\u00e1 siendo el proceso y la experiencia?<\/strong><br \/>\n<span style=\"line-height: 1.5em\">Ha sido todo muy r\u00e1pido desde que me comunicaron que hab\u00eda ganado. Pr\u00e1cticamente de un d\u00eda para otro tuve que ir a Madrid para la rueda de prensa. Despu\u00e9s ha tocado ultimar los detalles sobre el dise\u00f1o, si hab\u00eda que modificar alguna cosa, etc.\u00a0<\/span>Sin duda es una gran experiencia porque he podido conocer a gente muy interesante y estar junto a un dise\u00f1ador con tanta trayectoria como Modesto Lomba.<\/p>\n<p><strong>\u00bfNos puedes contar un poco sobre el dise\u00f1o?<br \/>\n<\/strong>Por un lado ten\u00eda que ser algo sencillo porque al fin y al cabo iba a vestir a los entregadores, no deb\u00edan destacar m\u00e1s que los actores que iban a recibir la estatuilla. En segundo lugar no sab\u00eda qu\u00e9 personas iban a ponerse estos dise\u00f1os, de forma que ten\u00eda que ser algo que pudiera adaptarse a distintas figuras. Partiendo de ese punto, y de los colores que se pod\u00edan emplear (rojo, blanco y negro) decid\u00ed realizar un vestido inspirado en los a\u00f1os 60, evas\u00e9 y con un detalle de volante en el bajo que me recordaba al movimiento del celuloide de las antiguas cintas de pel\u00edcula. El traje de caballero quer\u00eda que fuera sobrio, pero al mismo tiempo juvenil y elegante. Es negro con detalles rojos que armonizan con el vestido de mujer.<\/p>\n<p><a href=\"http:\/\/madeinzaragoza.es\/blog\/wp-content\/uploads\/2014\/02\/anacronia-1.jpg\"><img loading=\"lazy\" decoding=\"async\" class=\"alignnone size-large wp-image-6234\" alt=\"anacronia-1\" src=\"http:\/\/madeinzaragoza.es\/blog\/wp-content\/uploads\/2014\/02\/anacronia-1-553x1024.jpg\" width=\"553\" height=\"1024\" srcset=\"http:\/\/madeinzaragoza.es\/blog\/wp-content\/uploads\/2014\/02\/anacronia-1-553x1024.jpg 553w, http:\/\/madeinzaragoza.es\/blog\/wp-content\/uploads\/2014\/02\/anacronia-1-162x300.jpg 162w, http:\/\/madeinzaragoza.es\/blog\/wp-content\/uploads\/2014\/02\/anacronia-1-300x555.jpg 300w, http:\/\/madeinzaragoza.es\/blog\/wp-content\/uploads\/2014\/02\/anacronia-1-180x333.jpg 180w, http:\/\/madeinzaragoza.es\/blog\/wp-content\/uploads\/2014\/02\/anacronia-1-350x648.jpg 350w, http:\/\/madeinzaragoza.es\/blog\/wp-content\/uploads\/2014\/02\/anacronia-1.jpg 620w\" sizes=\"(max-width: 553px) 85vw, 553px\" \/><\/a><\/p>\n<p><strong>\u00bfC\u00f3mo y cu\u00e1ndo te diste cuenta de que quer\u00edas dedicarte a dise\u00f1ar moda?<\/strong><br \/>\nLa verdad es que siempre me ha apasionado el dibujo. Cuando era peque\u00f1a me pasaba el d\u00eda dibujando mientras mi abuela cos\u00eda, algo que me llamaba mucho la atenci\u00f3n. El proceso de ver c\u00f3mo un dibujo o un patr\u00f3n de papel se termina convirtiendo en una prenda me resulta m\u00e1gico y emocionante. Cuando me enter\u00e9 de que se pod\u00eda estudiar para ser dise\u00f1ador de moda no lo pens\u00e9 dos veces.<\/p>\n<p><strong>\u00bfC\u00f3mo ves la oferta de formaci\u00f3n en este campo en nuestra ciudad y el ambiente en general sobre la moda?<\/strong><br \/>\nAfortunadamente en Zaragoza hay mucha gente emprendedora. Desde hace un par de a\u00f1os empieza a haber m\u00e1s movimiento con iniciativas como El Mercado de Las Armas.\u00a0<span style=\"line-height: 1.5em\">Sin embargo aun queda mucho camino por recorrer.\u00a0<\/span>Respecto a la moda, en general la gente sigue siendo muy comedida y no se atreve a arriesgar, pero seguro que llega el d\u00eda en el que cada uno pueda vestir como quiera sin prejuicios.<\/p>\n<p><strong>\u00bfCon qu\u00e9 estilo te identificas m\u00e1s? \u00bfQu\u00e9 es lo que m\u00e1s te inspira a la hora de dise\u00f1ar?<br \/>\n<\/strong>Me encanta el movimiento que gener\u00f3 la era espacial en los a\u00f1os 60. Tiene un poco de todo lo que me inspira a la hora de dise\u00f1ar, futurismo, minimalismo y nostalgia por lo retro. Es uno de los periodos que m\u00e1s me gustan en el mundo del dise\u00f1o.<\/p>\n<p><strong>Adem\u00e1s de seguir ganando concursos\u2026 \u00bfqu\u00e9 proyectos tienes o qu\u00e9 quieres hacer cuando termines los estudios?<br \/>\n<\/strong>Quisiera especializarme en un campo m\u00e1s concreto, pero al mismo tiempo seguir\u00e9 trabajando en nuevas colecciones y proyectos.<\/p>\n<p><a href=\"http:\/\/madeinzaragoza.es\/blog\/wp-content\/uploads\/2014\/02\/raquelgalvez.jpg\"><img loading=\"lazy\" decoding=\"async\" class=\"alignnone size-full wp-image-6237\" alt=\"raquelgalvez_2\" src=\"http:\/\/madeinzaragoza.es\/blog\/wp-content\/uploads\/2014\/02\/raquelgalvez.jpg\" width=\"620\" height=\"510\" srcset=\"http:\/\/madeinzaragoza.es\/blog\/wp-content\/uploads\/2014\/02\/raquelgalvez.jpg 620w, http:\/\/madeinzaragoza.es\/blog\/wp-content\/uploads\/2014\/02\/raquelgalvez-300x246.jpg 300w, http:\/\/madeinzaragoza.es\/blog\/wp-content\/uploads\/2014\/02\/raquelgalvez-180x148.jpg 180w, http:\/\/madeinzaragoza.es\/blog\/wp-content\/uploads\/2014\/02\/raquelgalvez-350x287.jpg 350w\" sizes=\"(max-width: 709px) 85vw, (max-width: 909px) 67vw, (max-width: 984px) 61vw, (max-width: 1362px) 45vw, 600px\" \/><\/a><\/p>\n<p>Desde MadeinZGZ le deseamos mucha suerte en su carrera. La noche del 9 de febrero estaremos atentos a la televisi\u00f3n para no perdernos sus dise\u00f1os en directo en la gala de los Premios Goya.<\/p>\n<p>\u00a1Enhorabuena Raquel!<\/p>\n","protected":false},"excerpt":{"rendered":"<p>Con tan solo 24 a\u00f1os Raquel Galvez ha sido elegida para vestir a algunos de los entregadores de las estatuillas en la gala de los Goya. Adem\u00e1s, obtuvo el primer premio nacional en la categor\u00eda de moda de un concurso europeo realizado por Chevrolet y represent\u00f3 a Espa\u00f1a en la fase europea en Londres. Tambi\u00e9n &hellip; <a href=\"http:\/\/madeinzaragoza.es\/blog\/raquel-galvez-un-diseno-de-cine\/\" class=\"more-link\">Continuar leyendo<span class=\"screen-reader-text\"> \u00abRaquel G\u00e1lvez, un dise\u00f1o de cine.\u00bb<\/span><\/a><\/p>\n","protected":false},"author":22,"featured_media":6237,"comment_status":"open","ping_status":"open","sticky":false,"template":"","format":"standard","meta":{"footnotes":""},"categories":[6],"tags":[270,24,39],"yoast_head":"<!-- This site is optimized with the Yoast SEO plugin v19.7.2 - https:\/\/yoast.com\/wordpress\/plugins\/seo\/ -->\n<title>Raquel G\u00e1lvez, un dise\u00f1o de cine. - Made in Zaragoza<\/title>\n<meta name=\"robots\" content=\"index, follow, max-snippet:-1, max-image-preview:large, max-video-preview:-1\" \/>\n<link rel=\"canonical\" href=\"http:\/\/madeinzaragoza.es\/blog\/raquel-galvez-un-diseno-de-cine\/\" \/>\n<meta property=\"og:locale\" content=\"es_ES\" \/>\n<meta property=\"og:type\" content=\"article\" \/>\n<meta property=\"og:title\" content=\"Raquel G\u00e1lvez, un dise\u00f1o de cine. - Made in Zaragoza\" \/>\n<meta property=\"og:description\" content=\"Con tan solo 24 a\u00f1os Raquel Galvez ha sido elegida para vestir a algunos de los entregadores de las estatuillas en la gala de los Goya. Adem\u00e1s, obtuvo el primer premio nacional en la categor\u00eda de moda de un concurso europeo realizado por Chevrolet y represent\u00f3 a Espa\u00f1a en la fase europea en Londres. Tambi\u00e9n &hellip; Continuar leyendo &quot;Raquel G\u00e1lvez, un dise\u00f1o de cine.&quot;\" \/>\n<meta property=\"og:url\" content=\"http:\/\/madeinzaragoza.es\/blog\/raquel-galvez-un-diseno-de-cine\/\" \/>\n<meta property=\"og:site_name\" content=\"Made in Zaragoza\" \/>\n<meta property=\"article:publisher\" content=\"https:\/\/www.facebook.com\/madeinzaragoza.es\/\" \/>\n<meta property=\"article:author\" content=\"LasArmasZAC\" \/>\n<meta property=\"article:published_time\" content=\"2014-02-05T08:30:40+00:00\" \/>\n<meta property=\"article:modified_time\" content=\"2014-02-07T09:31:49+00:00\" \/>\n<meta property=\"og:image\" content=\"http:\/\/madeinzaragoza.es\/blog\/wp-content\/uploads\/2014\/02\/raquelgalvez.jpg\" \/>\n\t<meta property=\"og:image:width\" content=\"620\" \/>\n\t<meta property=\"og:image:height\" content=\"510\" \/>\n\t<meta property=\"og:image:type\" content=\"image\/jpeg\" \/>\n<meta name=\"author\" content=\"MadeinZGZ\" \/>\n<meta name=\"twitter:card\" content=\"summary\" \/>\n<meta name=\"twitter:creator\" content=\"@madeinzaragoza\" \/>\n<meta name=\"twitter:site\" content=\"@madeinzaragoza\" \/>\n<meta name=\"twitter:label1\" content=\"Escrito por\" \/>\n\t<meta name=\"twitter:data1\" content=\"MadeinZGZ\" \/>\n\t<meta name=\"twitter:label2\" content=\"Tiempo de lectura\" \/>\n\t<meta name=\"twitter:data2\" content=\"4 minutos\" \/>\n<script type=\"application\/ld+json\" class=\"yoast-schema-graph\">{\"@context\":\"https:\/\/schema.org\",\"@graph\":[{\"@type\":\"Article\",\"@id\":\"http:\/\/madeinzaragoza.es\/blog\/raquel-galvez-un-diseno-de-cine\/#article\",\"isPartOf\":{\"@id\":\"http:\/\/madeinzaragoza.es\/blog\/raquel-galvez-un-diseno-de-cine\/\"},\"author\":{\"name\":\"MadeinZGZ\",\"@id\":\"http:\/\/madeinzaragoza.es\/blog\/#\/schema\/person\/59f4073cf7e7bc2b2f33b48241478a32\"},\"headline\":\"Raquel G\u00e1lvez, un dise\u00f1o de cine.\",\"datePublished\":\"2014-02-05T08:30:40+00:00\",\"dateModified\":\"2014-02-07T09:31:49+00:00\",\"mainEntityOfPage\":{\"@id\":\"http:\/\/madeinzaragoza.es\/blog\/raquel-galvez-un-diseno-de-cine\/\"},\"wordCount\":900,\"commentCount\":1,\"publisher\":{\"@id\":\"http:\/\/madeinzaragoza.es\/blog\/#organization\"},\"keywords\":[\"Dise\u00f1adores de moda\",\"entrevista\",\"moda\"],\"articleSection\":[\"Gente\"],\"inLanguage\":\"es\",\"potentialAction\":[{\"@type\":\"CommentAction\",\"name\":\"Comment\",\"target\":[\"http:\/\/madeinzaragoza.es\/blog\/raquel-galvez-un-diseno-de-cine\/#respond\"]}]},{\"@type\":\"WebPage\",\"@id\":\"http:\/\/madeinzaragoza.es\/blog\/raquel-galvez-un-diseno-de-cine\/\",\"url\":\"http:\/\/madeinzaragoza.es\/blog\/raquel-galvez-un-diseno-de-cine\/\",\"name\":\"Raquel G\u00e1lvez, un dise\u00f1o de cine. - Made in Zaragoza\",\"isPartOf\":{\"@id\":\"http:\/\/madeinzaragoza.es\/blog\/#website\"},\"datePublished\":\"2014-02-05T08:30:40+00:00\",\"dateModified\":\"2014-02-07T09:31:49+00:00\",\"breadcrumb\":{\"@id\":\"http:\/\/madeinzaragoza.es\/blog\/raquel-galvez-un-diseno-de-cine\/#breadcrumb\"},\"inLanguage\":\"es\",\"potentialAction\":[{\"@type\":\"ReadAction\",\"target\":[\"http:\/\/madeinzaragoza.es\/blog\/raquel-galvez-un-diseno-de-cine\/\"]}]},{\"@type\":\"BreadcrumbList\",\"@id\":\"http:\/\/madeinzaragoza.es\/blog\/raquel-galvez-un-diseno-de-cine\/#breadcrumb\",\"itemListElement\":[{\"@type\":\"ListItem\",\"position\":1,\"name\":\"Portada\",\"item\":\"http:\/\/madeinzaragoza.es\/blog\/\"},{\"@type\":\"ListItem\",\"position\":2,\"name\":\"Raquel G\u00e1lvez, un dise\u00f1o de cine.\"}]},{\"@type\":\"WebSite\",\"@id\":\"http:\/\/madeinzaragoza.es\/blog\/#website\",\"url\":\"http:\/\/madeinzaragoza.es\/blog\/\",\"name\":\"Made in Zaragoza\",\"description\":\"Blog de MadeinZGZ, Red de Econom\u00eda Creativa de Zaragoza\",\"publisher\":{\"@id\":\"http:\/\/madeinzaragoza.es\/blog\/#organization\"},\"potentialAction\":[{\"@type\":\"SearchAction\",\"target\":{\"@type\":\"EntryPoint\",\"urlTemplate\":\"http:\/\/madeinzaragoza.es\/blog\/?s={search_term_string}\"},\"query-input\":\"required name=search_term_string\"}],\"inLanguage\":\"es\"},{\"@type\":\"Organization\",\"@id\":\"http:\/\/madeinzaragoza.es\/blog\/#organization\",\"name\":\"Made In Zaragoza\",\"url\":\"http:\/\/madeinzaragoza.es\/blog\/\",\"sameAs\":[\"https:\/\/www.instagram.com\/madeinzaragoza.es\/\",\"https:\/\/www.facebook.com\/madeinzaragoza.es\/\",\"https:\/\/twitter.com\/madeinzaragoza\"],\"logo\":{\"@type\":\"ImageObject\",\"inLanguage\":\"es\",\"@id\":\"http:\/\/madeinzaragoza.es\/blog\/#\/schema\/logo\/image\/\",\"url\":\"https:\/\/madeinzaragoza.es\/blog\/wp-content\/uploads\/2022\/05\/logo.png\",\"contentUrl\":\"https:\/\/madeinzaragoza.es\/blog\/wp-content\/uploads\/2022\/05\/logo.png\",\"width\":193,\"height\":176,\"caption\":\"Made In Zaragoza\"},\"image\":{\"@id\":\"http:\/\/madeinzaragoza.es\/blog\/#\/schema\/logo\/image\/\"}},{\"@type\":\"Person\",\"@id\":\"http:\/\/madeinzaragoza.es\/blog\/#\/schema\/person\/59f4073cf7e7bc2b2f33b48241478a32\",\"name\":\"MadeinZGZ\",\"image\":{\"@type\":\"ImageObject\",\"inLanguage\":\"es\",\"@id\":\"http:\/\/madeinzaragoza.es\/blog\/#\/schema\/person\/image\/\",\"url\":\"http:\/\/2.gravatar.com\/avatar\/23c2456a35687aa268b52997d8f142d1?s=96&d=mm&r=g\",\"contentUrl\":\"http:\/\/2.gravatar.com\/avatar\/23c2456a35687aa268b52997d8f142d1?s=96&d=mm&r=g\",\"caption\":\"MadeinZGZ\"},\"description\":\"Red de comercios y emprendedores creativos de Zaragoza impulsada por ZGZ Activa.\",\"sameAs\":[\"LasArmasZAC\",\"https:\/\/twitter.com\/madeinzaragoza\"],\"url\":\"http:\/\/madeinzaragoza.es\/blog\/author\/madeinzgz\/\"}]}<\/script>\n<!-- \/ Yoast SEO plugin. -->","yoast_head_json":{"title":"Raquel G\u00e1lvez, un dise\u00f1o de cine. - Made in Zaragoza","robots":{"index":"index","follow":"follow","max-snippet":"max-snippet:-1","max-image-preview":"max-image-preview:large","max-video-preview":"max-video-preview:-1"},"canonical":"http:\/\/madeinzaragoza.es\/blog\/raquel-galvez-un-diseno-de-cine\/","og_locale":"es_ES","og_type":"article","og_title":"Raquel G\u00e1lvez, un dise\u00f1o de cine. - Made in Zaragoza","og_description":"Con tan solo 24 a\u00f1os Raquel Galvez ha sido elegida para vestir a algunos de los entregadores de las estatuillas en la gala de los Goya. Adem\u00e1s, obtuvo el primer premio nacional en la categor\u00eda de moda de un concurso europeo realizado por Chevrolet y represent\u00f3 a Espa\u00f1a en la fase europea en Londres. Tambi\u00e9n &hellip; Continuar leyendo \"Raquel G\u00e1lvez, un dise\u00f1o de cine.\"","og_url":"http:\/\/madeinzaragoza.es\/blog\/raquel-galvez-un-diseno-de-cine\/","og_site_name":"Made in Zaragoza","article_publisher":"https:\/\/www.facebook.com\/madeinzaragoza.es\/","article_author":"LasArmasZAC","article_published_time":"2014-02-05T08:30:40+00:00","article_modified_time":"2014-02-07T09:31:49+00:00","og_image":[{"width":620,"height":510,"url":"http:\/\/madeinzaragoza.es\/blog\/wp-content\/uploads\/2014\/02\/raquelgalvez.jpg","type":"image\/jpeg"}],"author":"MadeinZGZ","twitter_card":"summary","twitter_creator":"@madeinzaragoza","twitter_site":"@madeinzaragoza","twitter_misc":{"Escrito por":"MadeinZGZ","Tiempo de lectura":"4 minutos"},"schema":{"@context":"https:\/\/schema.org","@graph":[{"@type":"Article","@id":"http:\/\/madeinzaragoza.es\/blog\/raquel-galvez-un-diseno-de-cine\/#article","isPartOf":{"@id":"http:\/\/madeinzaragoza.es\/blog\/raquel-galvez-un-diseno-de-cine\/"},"author":{"name":"MadeinZGZ","@id":"http:\/\/madeinzaragoza.es\/blog\/#\/schema\/person\/59f4073cf7e7bc2b2f33b48241478a32"},"headline":"Raquel G\u00e1lvez, un dise\u00f1o de cine.","datePublished":"2014-02-05T08:30:40+00:00","dateModified":"2014-02-07T09:31:49+00:00","mainEntityOfPage":{"@id":"http:\/\/madeinzaragoza.es\/blog\/raquel-galvez-un-diseno-de-cine\/"},"wordCount":900,"commentCount":1,"publisher":{"@id":"http:\/\/madeinzaragoza.es\/blog\/#organization"},"keywords":["Dise\u00f1adores de moda","entrevista","moda"],"articleSection":["Gente"],"inLanguage":"es","potentialAction":[{"@type":"CommentAction","name":"Comment","target":["http:\/\/madeinzaragoza.es\/blog\/raquel-galvez-un-diseno-de-cine\/#respond"]}]},{"@type":"WebPage","@id":"http:\/\/madeinzaragoza.es\/blog\/raquel-galvez-un-diseno-de-cine\/","url":"http:\/\/madeinzaragoza.es\/blog\/raquel-galvez-un-diseno-de-cine\/","name":"Raquel G\u00e1lvez, un dise\u00f1o de cine. - Made in Zaragoza","isPartOf":{"@id":"http:\/\/madeinzaragoza.es\/blog\/#website"},"datePublished":"2014-02-05T08:30:40+00:00","dateModified":"2014-02-07T09:31:49+00:00","breadcrumb":{"@id":"http:\/\/madeinzaragoza.es\/blog\/raquel-galvez-un-diseno-de-cine\/#breadcrumb"},"inLanguage":"es","potentialAction":[{"@type":"ReadAction","target":["http:\/\/madeinzaragoza.es\/blog\/raquel-galvez-un-diseno-de-cine\/"]}]},{"@type":"BreadcrumbList","@id":"http:\/\/madeinzaragoza.es\/blog\/raquel-galvez-un-diseno-de-cine\/#breadcrumb","itemListElement":[{"@type":"ListItem","position":1,"name":"Portada","item":"http:\/\/madeinzaragoza.es\/blog\/"},{"@type":"ListItem","position":2,"name":"Raquel G\u00e1lvez, un dise\u00f1o de cine."}]},{"@type":"WebSite","@id":"http:\/\/madeinzaragoza.es\/blog\/#website","url":"http:\/\/madeinzaragoza.es\/blog\/","name":"Made in Zaragoza","description":"Blog de MadeinZGZ, Red de Econom\u00eda Creativa de Zaragoza","publisher":{"@id":"http:\/\/madeinzaragoza.es\/blog\/#organization"},"potentialAction":[{"@type":"SearchAction","target":{"@type":"EntryPoint","urlTemplate":"http:\/\/madeinzaragoza.es\/blog\/?s={search_term_string}"},"query-input":"required name=search_term_string"}],"inLanguage":"es"},{"@type":"Organization","@id":"http:\/\/madeinzaragoza.es\/blog\/#organization","name":"Made In Zaragoza","url":"http:\/\/madeinzaragoza.es\/blog\/","sameAs":["https:\/\/www.instagram.com\/madeinzaragoza.es\/","https:\/\/www.facebook.com\/madeinzaragoza.es\/","https:\/\/twitter.com\/madeinzaragoza"],"logo":{"@type":"ImageObject","inLanguage":"es","@id":"http:\/\/madeinzaragoza.es\/blog\/#\/schema\/logo\/image\/","url":"https:\/\/madeinzaragoza.es\/blog\/wp-content\/uploads\/2022\/05\/logo.png","contentUrl":"https:\/\/madeinzaragoza.es\/blog\/wp-content\/uploads\/2022\/05\/logo.png","width":193,"height":176,"caption":"Made In Zaragoza"},"image":{"@id":"http:\/\/madeinzaragoza.es\/blog\/#\/schema\/logo\/image\/"}},{"@type":"Person","@id":"http:\/\/madeinzaragoza.es\/blog\/#\/schema\/person\/59f4073cf7e7bc2b2f33b48241478a32","name":"MadeinZGZ","image":{"@type":"ImageObject","inLanguage":"es","@id":"http:\/\/madeinzaragoza.es\/blog\/#\/schema\/person\/image\/","url":"http:\/\/2.gravatar.com\/avatar\/23c2456a35687aa268b52997d8f142d1?s=96&d=mm&r=g","contentUrl":"http:\/\/2.gravatar.com\/avatar\/23c2456a35687aa268b52997d8f142d1?s=96&d=mm&r=g","caption":"MadeinZGZ"},"description":"Red de comercios y emprendedores creativos de Zaragoza impulsada por ZGZ Activa.","sameAs":["LasArmasZAC","https:\/\/twitter.com\/madeinzaragoza"],"url":"http:\/\/madeinzaragoza.es\/blog\/author\/madeinzgz\/"}]}},"_links":{"self":[{"href":"http:\/\/madeinzaragoza.es\/blog\/wp-json\/wp\/v2\/posts\/6229"}],"collection":[{"href":"http:\/\/madeinzaragoza.es\/blog\/wp-json\/wp\/v2\/posts"}],"about":[{"href":"http:\/\/madeinzaragoza.es\/blog\/wp-json\/wp\/v2\/types\/post"}],"author":[{"embeddable":true,"href":"http:\/\/madeinzaragoza.es\/blog\/wp-json\/wp\/v2\/users\/22"}],"replies":[{"embeddable":true,"href":"http:\/\/madeinzaragoza.es\/blog\/wp-json\/wp\/v2\/comments?post=6229"}],"version-history":[{"count":9,"href":"http:\/\/madeinzaragoza.es\/blog\/wp-json\/wp\/v2\/posts\/6229\/revisions"}],"predecessor-version":[{"id":6263,"href":"http:\/\/madeinzaragoza.es\/blog\/wp-json\/wp\/v2\/posts\/6229\/revisions\/6263"}],"wp:featuredmedia":[{"embeddable":true,"href":"http:\/\/madeinzaragoza.es\/blog\/wp-json\/wp\/v2\/media\/6237"}],"wp:attachment":[{"href":"http:\/\/madeinzaragoza.es\/blog\/wp-json\/wp\/v2\/media?parent=6229"}],"wp:term":[{"taxonomy":"category","embeddable":true,"href":"http:\/\/madeinzaragoza.es\/blog\/wp-json\/wp\/v2\/categories?post=6229"},{"taxonomy":"post_tag","embeddable":true,"href":"http:\/\/madeinzaragoza.es\/blog\/wp-json\/wp\/v2\/tags?post=6229"}],"curies":[{"name":"wp","href":"https:\/\/api.w.org\/{rel}","templated":true}]}}