{"id":45423,"date":"2026-03-16T23:30:41","date_gmt":"2026-03-16T22:30:41","guid":{"rendered":"http:\/\/madeinzaragoza.es\/blog\/?p=45423"},"modified":"2026-03-17T20:53:43","modified_gmt":"2026-03-17T19:53:43","slug":"creactivate-creatividad-luis-orus","status":"publish","type":"post","link":"http:\/\/madeinzaragoza.es\/blog\/creactivate-creatividad-luis-orus\/","title":{"rendered":"CreActivaTe: descubre tu creatividad con el dibujante de c\u00f3mic\u2026 Luis Or\u00fas"},"content":{"rendered":"\n<h3 class=\"wp-block-heading\"><strong>Dec\u00eda la escritora Ursula K. Le Guin que \u201cUn adulto creativo, es un ni\u00f1o que ha sobrevivido\u201d. El prop\u00f3sito de los talleres es guiar a estos ni\u00f1os\/as y mostrarles que son capaces de generar ideas originales y \u00fanicas. Y que la creatividad nace de la capacidad de integrar experiencias, emociones o intuiciones y sobre todo de abrirse a lo inesperado.<\/strong><\/h3>\n\n\n\n<p><\/p>\n\n\n\n<p><strong>CreActivaTe<\/strong> es una propuesta de <em>Made in Zaragoza<\/em>, la red de econom\u00eda creativa de <em>Zaragoza Activa<\/em> que tiene como objetivo, por un lado, motivar y potenciar la creatividad entre los m\u00e1s j\u00f3venes. Y por otro lado, quiere poner en valor el trabajo de los profesionales del \u00e1mbito de la econom\u00eda creativa de nuestra tierra.<\/p>\n\n\n\n<p>Esta iniciativa, que he puesto en marcha junto con Zaragoza Activa, consiste en una serie de talleres con varios creadores en activo de nuestra ciudad que nos ense\u00f1an su proceso de trabajo y comparten con los grupos un tiempo de experimentaci\u00f3n y creaci\u00f3n conjunta.&nbsp;<\/p>\n\n\n\n<p>En estos talleres vamos a conocer la trayectoria y el trabajo de un gran creativo de Fuentes de Ebro, el es el ilustrador y dibujante de c\u00f3mic, <a href=\"http:\/\/luisorus.es\" target=\"_blank\" rel=\"noreferrer noopener\">Luis Or\u00fas.<\/a><\/p>\n\n\n\n<p><\/p>\n\n\n\n<figure class=\"wp-block-gallery has-nested-images columns-default is-cropped wp-block-gallery-1 is-layout-flex wp-block-gallery-is-layout-flex\">\n<figure class=\"wp-block-image size-large\"><img loading=\"lazy\" decoding=\"async\" width=\"578\" height=\"1024\" data-id=\"45434\" src=\"http:\/\/madeinzaragoza.es\/blog\/wp-content\/uploads\/2026\/03\/2-2-578x1024.jpg\" alt=\"\" class=\"wp-image-45434\" srcset=\"http:\/\/madeinzaragoza.es\/blog\/wp-content\/uploads\/2026\/03\/2-2-578x1024.jpg 578w, http:\/\/madeinzaragoza.es\/blog\/wp-content\/uploads\/2026\/03\/2-2-254x450.jpg 254w, http:\/\/madeinzaragoza.es\/blog\/wp-content\/uploads\/2026\/03\/2-2-768x1362.jpg 768w, http:\/\/madeinzaragoza.es\/blog\/wp-content\/uploads\/2026\/03\/2-2-866x1536.jpg 866w, http:\/\/madeinzaragoza.es\/blog\/wp-content\/uploads\/2026\/03\/2-2-1155x2048.jpg 1155w, http:\/\/madeinzaragoza.es\/blog\/wp-content\/uploads\/2026\/03\/2-2-1200x2128.jpg 1200w, http:\/\/madeinzaragoza.es\/blog\/wp-content\/uploads\/2026\/03\/2-2-scaled.jpg 1444w\" sizes=\"(max-width: 578px) 85vw, 578px\" \/><\/figure>\n\n\n\n<figure class=\"wp-block-image size-large\"><img loading=\"lazy\" decoding=\"async\" width=\"578\" height=\"1024\" data-id=\"45432\" src=\"http:\/\/madeinzaragoza.es\/blog\/wp-content\/uploads\/2026\/03\/1-1-578x1024.jpg\" alt=\"\" class=\"wp-image-45432\" srcset=\"http:\/\/madeinzaragoza.es\/blog\/wp-content\/uploads\/2026\/03\/1-1-578x1024.jpg 578w, http:\/\/madeinzaragoza.es\/blog\/wp-content\/uploads\/2026\/03\/1-1-254x450.jpg 254w, http:\/\/madeinzaragoza.es\/blog\/wp-content\/uploads\/2026\/03\/1-1-768x1362.jpg 768w, http:\/\/madeinzaragoza.es\/blog\/wp-content\/uploads\/2026\/03\/1-1-866x1536.jpg 866w, http:\/\/madeinzaragoza.es\/blog\/wp-content\/uploads\/2026\/03\/1-1-1155x2048.jpg 1155w, http:\/\/madeinzaragoza.es\/blog\/wp-content\/uploads\/2026\/03\/1-1-1200x2128.jpg 1200w, http:\/\/madeinzaragoza.es\/blog\/wp-content\/uploads\/2026\/03\/1-1-scaled.jpg 1444w\" sizes=\"(max-width: 578px) 85vw, 578px\" \/><\/figure>\n\n\n\n<figure class=\"wp-block-image size-large\"><img loading=\"lazy\" decoding=\"async\" width=\"578\" height=\"1024\" data-id=\"45433\" src=\"http:\/\/madeinzaragoza.es\/blog\/wp-content\/uploads\/2026\/03\/3-1-578x1024.jpg\" alt=\"\" class=\"wp-image-45433\" srcset=\"http:\/\/madeinzaragoza.es\/blog\/wp-content\/uploads\/2026\/03\/3-1-578x1024.jpg 578w, http:\/\/madeinzaragoza.es\/blog\/wp-content\/uploads\/2026\/03\/3-1-254x450.jpg 254w, http:\/\/madeinzaragoza.es\/blog\/wp-content\/uploads\/2026\/03\/3-1-768x1362.jpg 768w, http:\/\/madeinzaragoza.es\/blog\/wp-content\/uploads\/2026\/03\/3-1-866x1536.jpg 866w, http:\/\/madeinzaragoza.es\/blog\/wp-content\/uploads\/2026\/03\/3-1-1155x2048.jpg 1155w, http:\/\/madeinzaragoza.es\/blog\/wp-content\/uploads\/2026\/03\/3-1-1200x2128.jpg 1200w, http:\/\/madeinzaragoza.es\/blog\/wp-content\/uploads\/2026\/03\/3-1-scaled.jpg 1444w\" sizes=\"(max-width: 578px) 85vw, 578px\" \/><\/figure>\n<\/figure>\n\n\n\n<p><\/p>\n\n\n\n<h2 class=\"wp-block-heading\"><strong>Davis y Dali, dos artistas entre la perfecci\u00f3n y el error<\/strong><\/h2>\n\n\n\n<p><\/p>\n\n\n\n<p>Antes de comenzar los talleres intento explicarles a los alumnos y alumnas que tienen que estar listos para aceptar el error en su proceso creativo. Porque el error no existe. O como dec\u00eda el m\u00fasico de jazz Miles Davis \u201cUna nota equivocada deja de serlo si la integramos en el discurso\u201d. Esto significa que un error puede transformarse en parte de la obra si lo integramos en nuestro proceso.<\/p>\n\n\n\n<p>En los talleres a algunos\/as les cuesta empezar y a otros\/as les cuesta terminar su obra. Siempre buscando que el resultado sea perfecto. Hay que hacer las cosas lo mejor que podamos en cada momento, pero no debemos frustrarnos buscando la perfecci\u00f3n. Ya lo dec\u00eda Salvador Dali <em><strong>\u201cNo tengas miedo a la perfecci\u00f3n, nunca la vas a alcanzar\u201d.\u00a0<\/strong><\/em><\/p>\n\n\n\n<p><\/p>\n\n\n\n<figure class=\"wp-block-gallery has-nested-images columns-default is-cropped wp-block-gallery-2 is-layout-flex wp-block-gallery-is-layout-flex\">\n<figure class=\"wp-block-image size-large\"><img loading=\"lazy\" decoding=\"async\" width=\"578\" height=\"1024\" data-id=\"45437\" src=\"http:\/\/madeinzaragoza.es\/blog\/wp-content\/uploads\/2026\/03\/5-1-578x1024.jpg\" alt=\"\" class=\"wp-image-45437\" srcset=\"http:\/\/madeinzaragoza.es\/blog\/wp-content\/uploads\/2026\/03\/5-1-578x1024.jpg 578w, http:\/\/madeinzaragoza.es\/blog\/wp-content\/uploads\/2026\/03\/5-1-254x450.jpg 254w, http:\/\/madeinzaragoza.es\/blog\/wp-content\/uploads\/2026\/03\/5-1-768x1362.jpg 768w, http:\/\/madeinzaragoza.es\/blog\/wp-content\/uploads\/2026\/03\/5-1-866x1536.jpg 866w, http:\/\/madeinzaragoza.es\/blog\/wp-content\/uploads\/2026\/03\/5-1-1155x2048.jpg 1155w, http:\/\/madeinzaragoza.es\/blog\/wp-content\/uploads\/2026\/03\/5-1-1200x2128.jpg 1200w, http:\/\/madeinzaragoza.es\/blog\/wp-content\/uploads\/2026\/03\/5-1-scaled.jpg 1444w\" sizes=\"(max-width: 578px) 85vw, 578px\" \/><\/figure>\n\n\n\n<figure class=\"wp-block-image size-large\"><img loading=\"lazy\" decoding=\"async\" width=\"578\" height=\"1024\" data-id=\"45436\" src=\"http:\/\/madeinzaragoza.es\/blog\/wp-content\/uploads\/2026\/03\/6-1-578x1024.jpg\" alt=\"\" class=\"wp-image-45436\" srcset=\"http:\/\/madeinzaragoza.es\/blog\/wp-content\/uploads\/2026\/03\/6-1-578x1024.jpg 578w, http:\/\/madeinzaragoza.es\/blog\/wp-content\/uploads\/2026\/03\/6-1-254x450.jpg 254w, http:\/\/madeinzaragoza.es\/blog\/wp-content\/uploads\/2026\/03\/6-1-768x1362.jpg 768w, http:\/\/madeinzaragoza.es\/blog\/wp-content\/uploads\/2026\/03\/6-1-866x1536.jpg 866w, http:\/\/madeinzaragoza.es\/blog\/wp-content\/uploads\/2026\/03\/6-1-1155x2048.jpg 1155w, http:\/\/madeinzaragoza.es\/blog\/wp-content\/uploads\/2026\/03\/6-1-1200x2128.jpg 1200w, http:\/\/madeinzaragoza.es\/blog\/wp-content\/uploads\/2026\/03\/6-1-scaled.jpg 1444w\" sizes=\"(max-width: 578px) 85vw, 578px\" \/><\/figure>\n\n\n\n<figure class=\"wp-block-image size-large\"><img loading=\"lazy\" decoding=\"async\" width=\"578\" height=\"1024\" data-id=\"45435\" src=\"http:\/\/madeinzaragoza.es\/blog\/wp-content\/uploads\/2026\/03\/4-1-578x1024.jpg\" alt=\"\" class=\"wp-image-45435\" srcset=\"http:\/\/madeinzaragoza.es\/blog\/wp-content\/uploads\/2026\/03\/4-1-578x1024.jpg 578w, http:\/\/madeinzaragoza.es\/blog\/wp-content\/uploads\/2026\/03\/4-1-254x450.jpg 254w, http:\/\/madeinzaragoza.es\/blog\/wp-content\/uploads\/2026\/03\/4-1-768x1362.jpg 768w, http:\/\/madeinzaragoza.es\/blog\/wp-content\/uploads\/2026\/03\/4-1-866x1536.jpg 866w, http:\/\/madeinzaragoza.es\/blog\/wp-content\/uploads\/2026\/03\/4-1-1155x2048.jpg 1155w, http:\/\/madeinzaragoza.es\/blog\/wp-content\/uploads\/2026\/03\/4-1-1200x2128.jpg 1200w, http:\/\/madeinzaragoza.es\/blog\/wp-content\/uploads\/2026\/03\/4-1-scaled.jpg 1444w\" sizes=\"(max-width: 578px) 85vw, 578px\" \/><\/figure>\n<\/figure>\n\n\n\n<p><\/p>\n\n\n\n<p><\/p>\n\n\n\n<h2 class=\"wp-block-heading\"><strong>Procesos creativos igual a resultados creativos<\/strong><\/h2>\n\n\n\n<p><\/p>\n\n\n\n<p>Para fomentar esta habilidad de conectar ideas, se busca acercar al alumnado al concepto de la <strong>creatividad como un recurso propio e inagotable para solucionar problemas<\/strong> y encontrar nuevas formas de realizar las cosas.<\/p>\n\n\n\n<p>Los alumnos participantes en los talleres encontrar\u00e1n a lo largo de las diferentes sesiones, <strong>herramientas para plasmar sus ideas de manera libre<\/strong> y se aproximar\u00e1n a diferentes t\u00e9cnicas y procesos creativos que les ayudar\u00e1n a desarrollar su imaginaci\u00f3n.<\/p>\n\n\n\n<p><\/p>\n\n\n\n<figure class=\"wp-block-gallery has-nested-images columns-default is-cropped wp-block-gallery-3 is-layout-flex wp-block-gallery-is-layout-flex\">\n<figure class=\"wp-block-image size-large\"><img loading=\"lazy\" decoding=\"async\" width=\"578\" height=\"1024\" data-id=\"45440\" src=\"http:\/\/madeinzaragoza.es\/blog\/wp-content\/uploads\/2026\/03\/8-3-578x1024.jpg\" alt=\"\" class=\"wp-image-45440\" srcset=\"http:\/\/madeinzaragoza.es\/blog\/wp-content\/uploads\/2026\/03\/8-3-578x1024.jpg 578w, http:\/\/madeinzaragoza.es\/blog\/wp-content\/uploads\/2026\/03\/8-3-254x450.jpg 254w, http:\/\/madeinzaragoza.es\/blog\/wp-content\/uploads\/2026\/03\/8-3-768x1362.jpg 768w, http:\/\/madeinzaragoza.es\/blog\/wp-content\/uploads\/2026\/03\/8-3-866x1536.jpg 866w, http:\/\/madeinzaragoza.es\/blog\/wp-content\/uploads\/2026\/03\/8-3-1155x2048.jpg 1155w, http:\/\/madeinzaragoza.es\/blog\/wp-content\/uploads\/2026\/03\/8-3-1200x2128.jpg 1200w, http:\/\/madeinzaragoza.es\/blog\/wp-content\/uploads\/2026\/03\/8-3-scaled.jpg 1444w\" sizes=\"(max-width: 578px) 85vw, 578px\" \/><\/figure>\n\n\n\n<figure class=\"wp-block-image size-large\"><img loading=\"lazy\" decoding=\"async\" width=\"578\" height=\"1024\" data-id=\"45438\" src=\"http:\/\/madeinzaragoza.es\/blog\/wp-content\/uploads\/2026\/03\/7-578x1024.jpg\" alt=\"\" class=\"wp-image-45438\" srcset=\"http:\/\/madeinzaragoza.es\/blog\/wp-content\/uploads\/2026\/03\/7-578x1024.jpg 578w, http:\/\/madeinzaragoza.es\/blog\/wp-content\/uploads\/2026\/03\/7-254x450.jpg 254w, http:\/\/madeinzaragoza.es\/blog\/wp-content\/uploads\/2026\/03\/7-768x1362.jpg 768w, http:\/\/madeinzaragoza.es\/blog\/wp-content\/uploads\/2026\/03\/7-866x1536.jpg 866w, http:\/\/madeinzaragoza.es\/blog\/wp-content\/uploads\/2026\/03\/7-1155x2048.jpg 1155w, http:\/\/madeinzaragoza.es\/blog\/wp-content\/uploads\/2026\/03\/7-1200x2128.jpg 1200w, http:\/\/madeinzaragoza.es\/blog\/wp-content\/uploads\/2026\/03\/7-scaled.jpg 1444w\" sizes=\"(max-width: 578px) 85vw, 578px\" \/><\/figure>\n\n\n\n<figure class=\"wp-block-image size-large\"><img loading=\"lazy\" decoding=\"async\" width=\"578\" height=\"1024\" data-id=\"45439\" src=\"http:\/\/madeinzaragoza.es\/blog\/wp-content\/uploads\/2026\/03\/9-578x1024.jpg\" alt=\"\" class=\"wp-image-45439\" srcset=\"http:\/\/madeinzaragoza.es\/blog\/wp-content\/uploads\/2026\/03\/9-578x1024.jpg 578w, http:\/\/madeinzaragoza.es\/blog\/wp-content\/uploads\/2026\/03\/9-254x450.jpg 254w, http:\/\/madeinzaragoza.es\/blog\/wp-content\/uploads\/2026\/03\/9-768x1362.jpg 768w, http:\/\/madeinzaragoza.es\/blog\/wp-content\/uploads\/2026\/03\/9-866x1536.jpg 866w, http:\/\/madeinzaragoza.es\/blog\/wp-content\/uploads\/2026\/03\/9-1155x2048.jpg 1155w, http:\/\/madeinzaragoza.es\/blog\/wp-content\/uploads\/2026\/03\/9-1200x2128.jpg 1200w, http:\/\/madeinzaragoza.es\/blog\/wp-content\/uploads\/2026\/03\/9-scaled.jpg 1444w\" sizes=\"(max-width: 578px) 85vw, 578px\" \/><\/figure>\n<\/figure>\n\n\n\n<p><\/p>\n\n\n\n<p><\/p>\n\n\n\n<h2 class=\"wp-block-heading\"><strong>Luis Or\u00fas, el dibujo y las vi\u00f1etas como oficio<\/strong><\/h2>\n\n\n\n<p><\/p>\n\n\n\n<p>Luis Or\u00fas es ilustrador, dibujante de c\u00f3mics y dise\u00f1ador gr\u00e1fico. Ha dibujado y creado mundos incre\u00edbles desde que tiene uso de raz\u00f3n, pero debido a un accidente, en el que casi pierde la capacidad de dibujar, decidi\u00f3 hacer de la ilustraci\u00f3n y el dibujo su oficio.\u00a0<\/p>\n\n\n\n<p><\/p>\n\n\n\n<figure class=\"wp-block-gallery has-nested-images columns-default is-cropped wp-block-gallery-4 is-layout-flex wp-block-gallery-is-layout-flex\">\n<figure class=\"wp-block-image size-large\"><img loading=\"lazy\" decoding=\"async\" width=\"725\" height=\"1024\" data-id=\"45426\" src=\"http:\/\/madeinzaragoza.es\/blog\/wp-content\/uploads\/2026\/03\/4-725x1024.jpg\" alt=\"\" class=\"wp-image-45426\" srcset=\"http:\/\/madeinzaragoza.es\/blog\/wp-content\/uploads\/2026\/03\/4-725x1024.jpg 725w, http:\/\/madeinzaragoza.es\/blog\/wp-content\/uploads\/2026\/03\/4-319x450.jpg 319w, http:\/\/madeinzaragoza.es\/blog\/wp-content\/uploads\/2026\/03\/4-768x1085.jpg 768w, http:\/\/madeinzaragoza.es\/blog\/wp-content\/uploads\/2026\/03\/4-1088x1536.jpg 1088w, http:\/\/madeinzaragoza.es\/blog\/wp-content\/uploads\/2026\/03\/4-1450x2048.jpg 1450w, http:\/\/madeinzaragoza.es\/blog\/wp-content\/uploads\/2026\/03\/4-1200x1695.jpg 1200w, http:\/\/madeinzaragoza.es\/blog\/wp-content\/uploads\/2026\/03\/4-scaled.jpg 1813w\" sizes=\"(max-width: 709px) 85vw, (max-width: 909px) 67vw, (max-width: 984px) 61vw, (max-width: 1362px) 45vw, 600px\" \/><\/figure>\n\n\n\n<figure class=\"wp-block-image size-large\"><img loading=\"lazy\" decoding=\"async\" width=\"719\" height=\"1024\" data-id=\"45427\" src=\"http:\/\/madeinzaragoza.es\/blog\/wp-content\/uploads\/2026\/03\/3-719x1024.jpg\" alt=\"\" class=\"wp-image-45427\" srcset=\"http:\/\/madeinzaragoza.es\/blog\/wp-content\/uploads\/2026\/03\/3-719x1024.jpg 719w, http:\/\/madeinzaragoza.es\/blog\/wp-content\/uploads\/2026\/03\/3-316x450.jpg 316w, http:\/\/madeinzaragoza.es\/blog\/wp-content\/uploads\/2026\/03\/3-768x1094.jpg 768w, http:\/\/madeinzaragoza.es\/blog\/wp-content\/uploads\/2026\/03\/3-1078x1536.jpg 1078w, http:\/\/madeinzaragoza.es\/blog\/wp-content\/uploads\/2026\/03\/3-1437x2048.jpg 1437w, http:\/\/madeinzaragoza.es\/blog\/wp-content\/uploads\/2026\/03\/3-1200x1710.jpg 1200w, http:\/\/madeinzaragoza.es\/blog\/wp-content\/uploads\/2026\/03\/3-scaled.jpg 1796w\" sizes=\"(max-width: 709px) 85vw, (max-width: 909px) 67vw, (max-width: 984px) 61vw, (max-width: 1362px) 45vw, 600px\" \/><\/figure>\n<\/figure>\n\n\n\n<p><\/p>\n\n\n\n<p>Su trabajo se divide en tres \u00e1reas; la primera es el <strong>dibujo y creaci\u00f3n de c\u00f3mics y libros<\/strong>. Ha publicado muchos c\u00f3mics entre ellos est\u00e1n \u2018Cebolla t\u00fa, cebolla yo\u2019, \u2018Mythober\u2019, \u2018Pezmocamu\u2019, \u2018Ventanas\u2019, \u2018G\u00fcevo\u2019 o \u2018Becario\u2019 y \u2018Funcionario\u2019 (primera y segunda parte de la Saga de Lars Ulrich) y libros ilustrados como \u2018Sistema Solar qu\u00e9 fant\u00e1stico lugar\u2019, \u2018Me encantan los dinosaurios\u2019 o \u2018Traj\u00edn navide\u00f1o\u2019.<\/p>\n\n\n\n<p>La segunda es la <strong>ilustraci\u00f3n<\/strong>. Ilustraci\u00f3n particular o corporativa de caricaturas, invitaciones, logos, carteler\u00eda y cualquier cosa imaginable. Combinando la ilustraci\u00f3n con el dise\u00f1o gr\u00e1fico. <\/p>\n\n\n\n<p><\/p>\n\n\n\n<figure class=\"wp-block-gallery has-nested-images columns-default is-cropped wp-block-gallery-5 is-layout-flex wp-block-gallery-is-layout-flex\">\n<figure class=\"wp-block-image size-large\"><img loading=\"lazy\" decoding=\"async\" width=\"692\" height=\"622\" data-id=\"45428\" src=\"http:\/\/madeinzaragoza.es\/blog\/wp-content\/uploads\/2026\/03\/5.jpg\" alt=\"\" class=\"wp-image-45428\" srcset=\"http:\/\/madeinzaragoza.es\/blog\/wp-content\/uploads\/2026\/03\/5.jpg 692w, http:\/\/madeinzaragoza.es\/blog\/wp-content\/uploads\/2026\/03\/5-450x404.jpg 450w\" sizes=\"(max-width: 709px) 85vw, (max-width: 909px) 67vw, (max-width: 984px) 61vw, (max-width: 1362px) 45vw, 600px\" \/><\/figure>\n\n\n\n<figure class=\"wp-block-image size-large\"><img loading=\"lazy\" decoding=\"async\" width=\"691\" height=\"623\" data-id=\"45429\" src=\"http:\/\/madeinzaragoza.es\/blog\/wp-content\/uploads\/2026\/03\/6.jpg\" alt=\"\" class=\"wp-image-45429\" srcset=\"http:\/\/madeinzaragoza.es\/blog\/wp-content\/uploads\/2026\/03\/6.jpg 691w, http:\/\/madeinzaragoza.es\/blog\/wp-content\/uploads\/2026\/03\/6-450x406.jpg 450w\" sizes=\"(max-width: 709px) 85vw, (max-width: 909px) 67vw, (max-width: 984px) 61vw, (max-width: 1362px) 45vw, 600px\" \/><\/figure>\n<\/figure>\n\n\n\n<p><\/p>\n\n\n\n<p>Y la tercera, son los <strong>talleres y actividades de c\u00f3mic e ilustraci\u00f3n<\/strong> para todas las edades y en diferentes espacios como colegios, asociaciones, ayuntamientos, particulares.\u00a0<\/p>\n\n\n\n<p>Sus ilustraciones y dise\u00f1os han aparecido en diversas \u00e1reas (editorial, publicidad, portadas de libros, cartelera, dise\u00f1o, etc\u2026). Adem\u00e1s ha participado en numerosos fanzines y exposiciones.<\/p>\n\n\n\n<p><\/p>\n\n\n\n<figure class=\"wp-block-gallery has-nested-images columns-default is-cropped wp-block-gallery-6 is-layout-flex wp-block-gallery-is-layout-flex\">\n<figure class=\"wp-block-image size-large\"><img loading=\"lazy\" decoding=\"async\" width=\"1024\" height=\"956\" data-id=\"45430\" src=\"http:\/\/madeinzaragoza.es\/blog\/wp-content\/uploads\/2026\/03\/1-1024x956.jpg\" alt=\"\" class=\"wp-image-45430\" srcset=\"http:\/\/madeinzaragoza.es\/blog\/wp-content\/uploads\/2026\/03\/1-1024x956.jpg 1024w, http:\/\/madeinzaragoza.es\/blog\/wp-content\/uploads\/2026\/03\/1-450x420.jpg 450w, http:\/\/madeinzaragoza.es\/blog\/wp-content\/uploads\/2026\/03\/1-768x717.jpg 768w, http:\/\/madeinzaragoza.es\/blog\/wp-content\/uploads\/2026\/03\/1-1536x1434.jpg 1536w, http:\/\/madeinzaragoza.es\/blog\/wp-content\/uploads\/2026\/03\/1-1200x1120.jpg 1200w, http:\/\/madeinzaragoza.es\/blog\/wp-content\/uploads\/2026\/03\/1.jpg 1772w\" sizes=\"(max-width: 709px) 85vw, (max-width: 909px) 67vw, (max-width: 1362px) 62vw, 840px\" \/><\/figure>\n\n\n\n<figure class=\"wp-block-image size-large\"><img loading=\"lazy\" decoding=\"async\" width=\"1024\" height=\"956\" data-id=\"45431\" src=\"http:\/\/madeinzaragoza.es\/blog\/wp-content\/uploads\/2026\/03\/2-1-1024x956.jpg\" alt=\"\" class=\"wp-image-45431\" srcset=\"http:\/\/madeinzaragoza.es\/blog\/wp-content\/uploads\/2026\/03\/2-1-1024x956.jpg 1024w, http:\/\/madeinzaragoza.es\/blog\/wp-content\/uploads\/2026\/03\/2-1-450x420.jpg 450w, http:\/\/madeinzaragoza.es\/blog\/wp-content\/uploads\/2026\/03\/2-1-768x717.jpg 768w, http:\/\/madeinzaragoza.es\/blog\/wp-content\/uploads\/2026\/03\/2-1-1536x1434.jpg 1536w, http:\/\/madeinzaragoza.es\/blog\/wp-content\/uploads\/2026\/03\/2-1-1200x1120.jpg 1200w, http:\/\/madeinzaragoza.es\/blog\/wp-content\/uploads\/2026\/03\/2-1.jpg 1772w\" sizes=\"(max-width: 709px) 85vw, (max-width: 909px) 67vw, (max-width: 1362px) 62vw, 840px\" \/><\/figure>\n<\/figure>\n\n\n\n<p><\/p>\n\n\n\n<p><\/p>\n\n\n\n<h2 class=\"wp-block-heading\"><strong>Creatividad art\u00edstica como forma de comunicaci\u00f3n<\/strong><\/h2>\n\n\n\n<p><\/p>\n\n\n\n<p>En los talleres realizados por Luis han venido varios grupos del IES Clara Campoamor de 5\u00ba de Primaria del colegio El Buen Pastor de 2\u00ba de la ESO. Alumnado con diferentes franjas de edades que, como siempre, han respondido de manera fant\u00e1stica a las propuestas. Esta vez con un ejercicio de creaci\u00f3n de un personaje para c\u00f3mic.<\/p>\n\n\n\n<p>Los talleres los comenzamos siempre con una <strong>charla din\u00e1mica sobre creatividad<\/strong> para que los alumnos empiecen a interactuar. Queremos que aprendan qu\u00e9 es la creatividad y sobre todo, c\u00f3mo sacarla de su interior. Una vez que han comprendido que todos y todas son creativos en potencia y se han centrado en el objetivo, pasamos a realizar el taller.\u00a0<\/p>\n\n\n\n<p><\/p>\n\n\n\n<figure class=\"wp-block-image size-large\"><img loading=\"lazy\" decoding=\"async\" width=\"1024\" height=\"724\" src=\"http:\/\/madeinzaragoza.es\/blog\/wp-content\/uploads\/2026\/03\/0012-1024x724.jpg\" alt=\"\" class=\"wp-image-45453\" srcset=\"http:\/\/madeinzaragoza.es\/blog\/wp-content\/uploads\/2026\/03\/0012-1024x724.jpg 1024w, http:\/\/madeinzaragoza.es\/blog\/wp-content\/uploads\/2026\/03\/0012-450x318.jpg 450w, http:\/\/madeinzaragoza.es\/blog\/wp-content\/uploads\/2026\/03\/0012-768x543.jpg 768w, http:\/\/madeinzaragoza.es\/blog\/wp-content\/uploads\/2026\/03\/0012-1536x1086.jpg 1536w, http:\/\/madeinzaragoza.es\/blog\/wp-content\/uploads\/2026\/03\/0012-2048x1448.jpg 2048w, http:\/\/madeinzaragoza.es\/blog\/wp-content\/uploads\/2026\/03\/0012-1200x849.jpg 1200w\" sizes=\"(max-width: 709px) 85vw, (max-width: 909px) 67vw, (max-width: 1362px) 62vw, 840px\" \/><\/figure>\n\n\n\n<p><\/p>\n\n\n\n<p>En los talleres de Luis la propuesta de la actividad es <strong>dise\u00f1ar un personaje<\/strong>. En esta actividad los alumnos aprenden a crear personajes que podr\u00e1n usar despu\u00e9s en sus c\u00f3mics. De una forma divertida y participativa los alumnos ir\u00e1n dando vida y forma a sus dibujos usando trucos y t\u00e9cnicas que les har\u00e1n m\u00e1s f\u00e1cil el proceso creativo y les ayudar\u00e1n a darles personalidad a sus protagonistas.<\/p>\n\n\n\n<p>El objetivo de este ejercicio es descubrir que la creatividad habita en todo lo que hacemos. Que cada uno realiza las conexiones de una manera diferente para crear su propia idea y sus propios personajes.<\/p>\n\n\n\n<p><\/p>\n\n\n\n<figure class=\"wp-block-gallery has-nested-images columns-default is-cropped wp-block-gallery-7 is-layout-flex wp-block-gallery-is-layout-flex\">\n<figure class=\"wp-block-image size-large\"><img loading=\"lazy\" decoding=\"async\" width=\"578\" height=\"1024\" data-id=\"45441\" src=\"http:\/\/madeinzaragoza.es\/blog\/wp-content\/uploads\/2026\/03\/10-578x1024.jpg\" alt=\"\" class=\"wp-image-45441\" srcset=\"http:\/\/madeinzaragoza.es\/blog\/wp-content\/uploads\/2026\/03\/10-578x1024.jpg 578w, http:\/\/madeinzaragoza.es\/blog\/wp-content\/uploads\/2026\/03\/10-254x450.jpg 254w, http:\/\/madeinzaragoza.es\/blog\/wp-content\/uploads\/2026\/03\/10-768x1362.jpg 768w, http:\/\/madeinzaragoza.es\/blog\/wp-content\/uploads\/2026\/03\/10-866x1536.jpg 866w, http:\/\/madeinzaragoza.es\/blog\/wp-content\/uploads\/2026\/03\/10-1155x2048.jpg 1155w, http:\/\/madeinzaragoza.es\/blog\/wp-content\/uploads\/2026\/03\/10-1200x2128.jpg 1200w, http:\/\/madeinzaragoza.es\/blog\/wp-content\/uploads\/2026\/03\/10-scaled.jpg 1444w\" sizes=\"(max-width: 578px) 85vw, 578px\" \/><\/figure>\n\n\n\n<figure class=\"wp-block-image size-large\"><img loading=\"lazy\" decoding=\"async\" width=\"578\" height=\"1024\" data-id=\"45442\" src=\"http:\/\/madeinzaragoza.es\/blog\/wp-content\/uploads\/2026\/03\/11-578x1024.jpg\" alt=\"\" class=\"wp-image-45442\" srcset=\"http:\/\/madeinzaragoza.es\/blog\/wp-content\/uploads\/2026\/03\/11-578x1024.jpg 578w, http:\/\/madeinzaragoza.es\/blog\/wp-content\/uploads\/2026\/03\/11-254x450.jpg 254w, http:\/\/madeinzaragoza.es\/blog\/wp-content\/uploads\/2026\/03\/11-768x1362.jpg 768w, http:\/\/madeinzaragoza.es\/blog\/wp-content\/uploads\/2026\/03\/11-866x1536.jpg 866w, http:\/\/madeinzaragoza.es\/blog\/wp-content\/uploads\/2026\/03\/11-1155x2048.jpg 1155w, http:\/\/madeinzaragoza.es\/blog\/wp-content\/uploads\/2026\/03\/11-1200x2128.jpg 1200w, http:\/\/madeinzaragoza.es\/blog\/wp-content\/uploads\/2026\/03\/11-scaled.jpg 1444w\" sizes=\"(max-width: 578px) 85vw, 578px\" \/><\/figure>\n\n\n\n<figure class=\"wp-block-image size-large\"><img loading=\"lazy\" decoding=\"async\" width=\"578\" height=\"1024\" data-id=\"45443\" src=\"http:\/\/madeinzaragoza.es\/blog\/wp-content\/uploads\/2026\/03\/12-578x1024.jpg\" alt=\"\" class=\"wp-image-45443\" srcset=\"http:\/\/madeinzaragoza.es\/blog\/wp-content\/uploads\/2026\/03\/12-578x1024.jpg 578w, http:\/\/madeinzaragoza.es\/blog\/wp-content\/uploads\/2026\/03\/12-254x450.jpg 254w, http:\/\/madeinzaragoza.es\/blog\/wp-content\/uploads\/2026\/03\/12-768x1362.jpg 768w, http:\/\/madeinzaragoza.es\/blog\/wp-content\/uploads\/2026\/03\/12-866x1536.jpg 866w, http:\/\/madeinzaragoza.es\/blog\/wp-content\/uploads\/2026\/03\/12-1155x2048.jpg 1155w, http:\/\/madeinzaragoza.es\/blog\/wp-content\/uploads\/2026\/03\/12-1200x2128.jpg 1200w, http:\/\/madeinzaragoza.es\/blog\/wp-content\/uploads\/2026\/03\/12-scaled.jpg 1444w\" sizes=\"(max-width: 578px) 85vw, 578px\" \/><\/figure>\n<\/figure>\n\n\n\n<p><\/p>\n\n\n\n<p><\/p>\n\n\n\n<h2 class=\"wp-block-heading\"><strong>Todo lo bueno pasa r\u00e1pido. Los talleres tambi\u00e9n<\/strong><\/h2>\n\n\n\n<p><\/p>\n\n\n\n<p>Una vez terminados los talleres con el dibujante de c\u00f3mic Luis Or\u00fas, podemos decir que hemos pasado el ecuador del CreActivaTe de este a\u00f1o. Empezamos con los talleres de la muralista <a href=\"https:\/\/madeinzaragoza.es\/blog\/creactivate-descubre-tu-creatividad-con-arantxa-recio-harsa\/\">Arantxa Recio (Harsa) <\/a>y finalizaremos con los talleres del ilustrador <a href=\"https:\/\/gamongamon.com\">Alberto Gam\u00f3n<\/a>. Como todos los a\u00f1os es un lujo poder contar con estos artistas y profesionales de su trabajo.<\/p>\n\n\n\n<p>La variedad que intentamos mostrar en los talleres que proponemos demuestra la versatilidad de facetas que tiene tanto la creatividad en si misma, como los creativos y creativas de nuestra comunidad.&nbsp;<\/p>\n\n\n\n<p>Aunque repitamos de un a\u00f1o para otro, con algunas t\u00e9cnicas o propuestas, al final siempre es diferente porque cada taller parte de la experiencia del artista que nos visita y as\u00ed consiguen proponernos nuevas formas de afrontar los procesos creativos.<\/p>\n\n\n\n<p><\/p>\n\n\n\n<figure class=\"wp-block-gallery has-nested-images columns-default is-cropped wp-block-gallery-8 is-layout-flex wp-block-gallery-is-layout-flex\">\n<figure class=\"wp-block-image size-large\"><img loading=\"lazy\" decoding=\"async\" width=\"578\" height=\"1024\" data-id=\"45444\" src=\"http:\/\/madeinzaragoza.es\/blog\/wp-content\/uploads\/2026\/03\/13-578x1024.jpg\" alt=\"\" class=\"wp-image-45444\" srcset=\"http:\/\/madeinzaragoza.es\/blog\/wp-content\/uploads\/2026\/03\/13-578x1024.jpg 578w, http:\/\/madeinzaragoza.es\/blog\/wp-content\/uploads\/2026\/03\/13-254x450.jpg 254w, http:\/\/madeinzaragoza.es\/blog\/wp-content\/uploads\/2026\/03\/13-768x1362.jpg 768w, http:\/\/madeinzaragoza.es\/blog\/wp-content\/uploads\/2026\/03\/13-866x1536.jpg 866w, http:\/\/madeinzaragoza.es\/blog\/wp-content\/uploads\/2026\/03\/13-1155x2048.jpg 1155w, http:\/\/madeinzaragoza.es\/blog\/wp-content\/uploads\/2026\/03\/13-1200x2128.jpg 1200w, http:\/\/madeinzaragoza.es\/blog\/wp-content\/uploads\/2026\/03\/13-scaled.jpg 1444w\" sizes=\"(max-width: 578px) 85vw, 578px\" \/><\/figure>\n\n\n\n<figure class=\"wp-block-image size-large\"><img loading=\"lazy\" decoding=\"async\" width=\"578\" height=\"1024\" data-id=\"45446\" src=\"http:\/\/madeinzaragoza.es\/blog\/wp-content\/uploads\/2026\/03\/15-578x1024.jpg\" alt=\"\" class=\"wp-image-45446\" srcset=\"http:\/\/madeinzaragoza.es\/blog\/wp-content\/uploads\/2026\/03\/15-578x1024.jpg 578w, http:\/\/madeinzaragoza.es\/blog\/wp-content\/uploads\/2026\/03\/15-254x450.jpg 254w, http:\/\/madeinzaragoza.es\/blog\/wp-content\/uploads\/2026\/03\/15-768x1362.jpg 768w, http:\/\/madeinzaragoza.es\/blog\/wp-content\/uploads\/2026\/03\/15-866x1536.jpg 866w, http:\/\/madeinzaragoza.es\/blog\/wp-content\/uploads\/2026\/03\/15-1155x2048.jpg 1155w, http:\/\/madeinzaragoza.es\/blog\/wp-content\/uploads\/2026\/03\/15-1200x2128.jpg 1200w, http:\/\/madeinzaragoza.es\/blog\/wp-content\/uploads\/2026\/03\/15-scaled.jpg 1444w\" sizes=\"(max-width: 578px) 85vw, 578px\" \/><\/figure>\n\n\n\n<figure class=\"wp-block-image size-large\"><img loading=\"lazy\" decoding=\"async\" width=\"578\" height=\"1024\" data-id=\"45445\" src=\"http:\/\/madeinzaragoza.es\/blog\/wp-content\/uploads\/2026\/03\/14-578x1024.jpg\" alt=\"\" class=\"wp-image-45445\" srcset=\"http:\/\/madeinzaragoza.es\/blog\/wp-content\/uploads\/2026\/03\/14-578x1024.jpg 578w, http:\/\/madeinzaragoza.es\/blog\/wp-content\/uploads\/2026\/03\/14-254x450.jpg 254w, http:\/\/madeinzaragoza.es\/blog\/wp-content\/uploads\/2026\/03\/14-768x1362.jpg 768w, http:\/\/madeinzaragoza.es\/blog\/wp-content\/uploads\/2026\/03\/14-866x1536.jpg 866w, http:\/\/madeinzaragoza.es\/blog\/wp-content\/uploads\/2026\/03\/14-1155x2048.jpg 1155w, http:\/\/madeinzaragoza.es\/blog\/wp-content\/uploads\/2026\/03\/14-1200x2128.jpg 1200w, http:\/\/madeinzaragoza.es\/blog\/wp-content\/uploads\/2026\/03\/14-scaled.jpg 1444w\" sizes=\"(max-width: 578px) 85vw, 578px\" \/><\/figure>\n<\/figure>\n\n\n\n<p><\/p>\n\n\n\n<p>Muchas veces la creatividad surge sin pretenderlo. Una vez metidos en el proceso, y el proceso siempre es creativo, aunque no sepamos lo que estamos buscando, surgir\u00e1n conexiones que no esperabamos encontrar. <\/p>\n\n\n\n<p>Como dice una cita, que no recuerdo ahora de qui\u00e9n es, <em><strong>\u201cSi nos planteamos un problema, ya lo estamos resolviendo\u201d. Podr\u00edamos decir que la gasolina de la creatividad son los problemas. Y como dice la canci\u00f3n, \u00ab\u00a1Dame m\u00e1s gasolina!\u00bb.<\/strong><\/em><\/p>\n\n\n\n<p><\/p>\n","protected":false},"excerpt":{"rendered":"<p>Dec\u00eda la escritora Ursula K. Le Guin que \u201cUn adulto creativo, es un ni\u00f1o que ha sobrevivido\u201d. El prop\u00f3sito de los talleres es guiar a estos ni\u00f1os\/as y mostrarles que son capaces de generar ideas originales y \u00fanicas. Y que la creatividad nace de la capacidad de integrar experiencias, emociones o intuiciones y sobre todo &hellip; <a href=\"http:\/\/madeinzaragoza.es\/blog\/creactivate-creatividad-luis-orus\/\" class=\"more-link\">Continuar leyendo<span class=\"screen-reader-text\"> \u00abCreActivaTe: descubre tu creatividad con el dibujante de c\u00f3mic\u2026 Luis Or\u00fas\u00bb<\/span><\/a><\/p>\n","protected":false},"author":78,"featured_media":45424,"comment_status":"open","ping_status":"open","sticky":false,"template":"","format":"standard","meta":{"footnotes":""},"categories":[8],"tags":[21,28,2598,2763,2926],"yoast_head":"<!-- This site is optimized with the Yoast SEO plugin v19.7.2 - https:\/\/yoast.com\/wordpress\/plugins\/seo\/ -->\n<title>CreActivaTe: descubre tu creatividad con el dibujante de c\u00f3mic\u2026 Luis Or\u00fas - Made in Zaragoza<\/title>\n<meta name=\"description\" content=\"En estos talleres CreActivate vamos a conocer la trayectoria y el trabajo de un gran creativo de Fuentes de Ebro, el es el ilustrador y dibujante de c\u00f3mic, Luis Or\u00fas.\" \/>\n<meta name=\"robots\" content=\"index, follow, max-snippet:-1, max-image-preview:large, max-video-preview:-1\" \/>\n<link rel=\"canonical\" href=\"http:\/\/madeinzaragoza.es\/blog\/creactivate-creatividad-luis-orus\/\" \/>\n<meta property=\"og:locale\" content=\"es_ES\" \/>\n<meta property=\"og:type\" content=\"article\" \/>\n<meta property=\"og:title\" content=\"CreActivaTe: descubre tu creatividad con el dibujante de c\u00f3mic\u2026 Luis Or\u00fas - Made in Zaragoza\" \/>\n<meta property=\"og:description\" content=\"En estos talleres CreActivate vamos a conocer la trayectoria y el trabajo de un gran creativo de Fuentes de Ebro, el es el ilustrador y dibujante de c\u00f3mic, Luis Or\u00fas.\" \/>\n<meta property=\"og:url\" content=\"http:\/\/madeinzaragoza.es\/blog\/creactivate-creatividad-luis-orus\/\" \/>\n<meta property=\"og:site_name\" content=\"Made in Zaragoza\" \/>\n<meta property=\"article:publisher\" content=\"https:\/\/www.facebook.com\/madeinzaragoza.es\/\" \/>\n<meta property=\"article:published_time\" content=\"2026-03-16T22:30:41+00:00\" \/>\n<meta property=\"article:modified_time\" content=\"2026-03-17T19:53:43+00:00\" \/>\n<meta property=\"og:image\" content=\"http:\/\/madeinzaragoza.es\/blog\/wp-content\/uploads\/2026\/03\/portada-scaled.jpg\" \/>\n\t<meta property=\"og:image:width\" content=\"2560\" \/>\n\t<meta property=\"og:image:height\" content=\"1444\" \/>\n\t<meta property=\"og:image:type\" content=\"image\/jpeg\" \/>\n<meta name=\"author\" content=\"Victor Garcia Romano\" \/>\n<meta name=\"twitter:card\" content=\"summary\" \/>\n<meta name=\"twitter:creator\" content=\"@madeinzaragoza\" \/>\n<meta name=\"twitter:site\" content=\"@madeinzaragoza\" \/>\n<meta name=\"twitter:label1\" content=\"Escrito por\" \/>\n\t<meta name=\"twitter:data1\" content=\"Victor Garcia Romano\" \/>\n\t<meta name=\"twitter:label2\" content=\"Tiempo de lectura\" \/>\n\t<meta name=\"twitter:data2\" content=\"6 minutos\" \/>\n<script type=\"application\/ld+json\" class=\"yoast-schema-graph\">{\"@context\":\"https:\/\/schema.org\",\"@graph\":[{\"@type\":\"Article\",\"@id\":\"http:\/\/madeinzaragoza.es\/blog\/creactivate-creatividad-luis-orus\/#article\",\"isPartOf\":{\"@id\":\"http:\/\/madeinzaragoza.es\/blog\/creactivate-creatividad-luis-orus\/\"},\"author\":{\"name\":\"Victor Garcia Romano\",\"@id\":\"https:\/\/madeinzaragoza.es\/blog\/#\/schema\/person\/643de3bb01548c61dbb595c283ea52d6\"},\"headline\":\"CreActivaTe: descubre tu creatividad con el dibujante de c\u00f3mic\u2026 Luis Or\u00fas\",\"datePublished\":\"2026-03-16T22:30:41+00:00\",\"dateModified\":\"2026-03-17T19:53:43+00:00\",\"mainEntityOfPage\":{\"@id\":\"http:\/\/madeinzaragoza.es\/blog\/creactivate-creatividad-luis-orus\/\"},\"wordCount\":1128,\"commentCount\":0,\"publisher\":{\"@id\":\"https:\/\/madeinzaragoza.es\/blog\/#organization\"},\"keywords\":[\"C\u00f3mic\",\"creatividad\",\"dibujo\",\"ilustraci\u00f3n\",\"luisor\u00fas\"],\"articleSection\":[\"Red MIZ\"],\"inLanguage\":\"es\",\"potentialAction\":[{\"@type\":\"CommentAction\",\"name\":\"Comment\",\"target\":[\"http:\/\/madeinzaragoza.es\/blog\/creactivate-creatividad-luis-orus\/#respond\"]}]},{\"@type\":\"WebPage\",\"@id\":\"http:\/\/madeinzaragoza.es\/blog\/creactivate-creatividad-luis-orus\/\",\"url\":\"http:\/\/madeinzaragoza.es\/blog\/creactivate-creatividad-luis-orus\/\",\"name\":\"CreActivaTe: descubre tu creatividad con el dibujante de c\u00f3mic\u2026 Luis Or\u00fas - Made in Zaragoza\",\"isPartOf\":{\"@id\":\"https:\/\/madeinzaragoza.es\/blog\/#website\"},\"datePublished\":\"2026-03-16T22:30:41+00:00\",\"dateModified\":\"2026-03-17T19:53:43+00:00\",\"description\":\"En estos talleres CreActivate vamos a conocer la trayectoria y el trabajo de un gran creativo de Fuentes de Ebro, el es el ilustrador y dibujante de c\u00f3mic, Luis Or\u00fas.\",\"breadcrumb\":{\"@id\":\"http:\/\/madeinzaragoza.es\/blog\/creactivate-creatividad-luis-orus\/#breadcrumb\"},\"inLanguage\":\"es\",\"potentialAction\":[{\"@type\":\"ReadAction\",\"target\":[\"http:\/\/madeinzaragoza.es\/blog\/creactivate-creatividad-luis-orus\/\"]}]},{\"@type\":\"BreadcrumbList\",\"@id\":\"http:\/\/madeinzaragoza.es\/blog\/creactivate-creatividad-luis-orus\/#breadcrumb\",\"itemListElement\":[{\"@type\":\"ListItem\",\"position\":1,\"name\":\"Portada\",\"item\":\"https:\/\/madeinzaragoza.es\/blog\/\"},{\"@type\":\"ListItem\",\"position\":2,\"name\":\"CreActivaTe: descubre tu creatividad con el dibujante de c\u00f3mic\u2026 Luis Or\u00fas\"}]},{\"@type\":\"WebSite\",\"@id\":\"https:\/\/madeinzaragoza.es\/blog\/#website\",\"url\":\"https:\/\/madeinzaragoza.es\/blog\/\",\"name\":\"Made in Zaragoza\",\"description\":\"Blog de MadeinZGZ, Red de Econom\u00eda Creativa de Zaragoza\",\"publisher\":{\"@id\":\"https:\/\/madeinzaragoza.es\/blog\/#organization\"},\"potentialAction\":[{\"@type\":\"SearchAction\",\"target\":{\"@type\":\"EntryPoint\",\"urlTemplate\":\"https:\/\/madeinzaragoza.es\/blog\/?s={search_term_string}\"},\"query-input\":\"required name=search_term_string\"}],\"inLanguage\":\"es\"},{\"@type\":\"Organization\",\"@id\":\"https:\/\/madeinzaragoza.es\/blog\/#organization\",\"name\":\"Made In Zaragoza\",\"url\":\"https:\/\/madeinzaragoza.es\/blog\/\",\"sameAs\":[\"https:\/\/www.instagram.com\/madeinzaragoza.es\/\",\"https:\/\/www.facebook.com\/madeinzaragoza.es\/\",\"https:\/\/twitter.com\/madeinzaragoza\"],\"logo\":{\"@type\":\"ImageObject\",\"inLanguage\":\"es\",\"@id\":\"https:\/\/madeinzaragoza.es\/blog\/#\/schema\/logo\/image\/\",\"url\":\"https:\/\/madeinzaragoza.es\/blog\/wp-content\/uploads\/2022\/05\/logo.png\",\"contentUrl\":\"https:\/\/madeinzaragoza.es\/blog\/wp-content\/uploads\/2022\/05\/logo.png\",\"width\":193,\"height\":176,\"caption\":\"Made In Zaragoza\"},\"image\":{\"@id\":\"https:\/\/madeinzaragoza.es\/blog\/#\/schema\/logo\/image\/\"}},{\"@type\":\"Person\",\"@id\":\"https:\/\/madeinzaragoza.es\/blog\/#\/schema\/person\/643de3bb01548c61dbb595c283ea52d6\",\"name\":\"Victor Garcia Romano\",\"image\":{\"@type\":\"ImageObject\",\"inLanguage\":\"es\",\"@id\":\"https:\/\/madeinzaragoza.es\/blog\/#\/schema\/person\/image\/\",\"url\":\"http:\/\/0.gravatar.com\/avatar\/6720c0f1c84e6a6250dcd70b33e2b5f9?s=96&d=mm&r=g\",\"contentUrl\":\"http:\/\/0.gravatar.com\/avatar\/6720c0f1c84e6a6250dcd70b33e2b5f9?s=96&d=mm&r=g\",\"caption\":\"Victor Garcia Romano\"},\"description\":\"Librero en El Armadillo Ilustrado y dibujante de c\u00f3mic. Leo y dibujo todo lo que puedo, pero menos de lo que quiero. Organizo el \u2018Festival de Fanzines\u2019 y el \u2018Mercado del Libro\u2019 de Zaragoza.\",\"sameAs\":[\"@romano_comic\"],\"url\":\"http:\/\/madeinzaragoza.es\/blog\/author\/victorgarcia\/\"}]}<\/script>\n<!-- \/ Yoast SEO plugin. -->","yoast_head_json":{"title":"CreActivaTe: descubre tu creatividad con el dibujante de c\u00f3mic\u2026 Luis Or\u00fas - Made in Zaragoza","description":"En estos talleres CreActivate vamos a conocer la trayectoria y el trabajo de un gran creativo de Fuentes de Ebro, el es el ilustrador y dibujante de c\u00f3mic, Luis Or\u00fas.","robots":{"index":"index","follow":"follow","max-snippet":"max-snippet:-1","max-image-preview":"max-image-preview:large","max-video-preview":"max-video-preview:-1"},"canonical":"http:\/\/madeinzaragoza.es\/blog\/creactivate-creatividad-luis-orus\/","og_locale":"es_ES","og_type":"article","og_title":"CreActivaTe: descubre tu creatividad con el dibujante de c\u00f3mic\u2026 Luis Or\u00fas - Made in Zaragoza","og_description":"En estos talleres CreActivate vamos a conocer la trayectoria y el trabajo de un gran creativo de Fuentes de Ebro, el es el ilustrador y dibujante de c\u00f3mic, Luis Or\u00fas.","og_url":"http:\/\/madeinzaragoza.es\/blog\/creactivate-creatividad-luis-orus\/","og_site_name":"Made in Zaragoza","article_publisher":"https:\/\/www.facebook.com\/madeinzaragoza.es\/","article_published_time":"2026-03-16T22:30:41+00:00","article_modified_time":"2026-03-17T19:53:43+00:00","og_image":[{"width":2560,"height":1444,"url":"http:\/\/madeinzaragoza.es\/blog\/wp-content\/uploads\/2026\/03\/portada-scaled.jpg","type":"image\/jpeg"}],"author":"Victor Garcia Romano","twitter_card":"summary","twitter_creator":"@madeinzaragoza","twitter_site":"@madeinzaragoza","twitter_misc":{"Escrito por":"Victor Garcia Romano","Tiempo de lectura":"6 minutos"},"schema":{"@context":"https:\/\/schema.org","@graph":[{"@type":"Article","@id":"http:\/\/madeinzaragoza.es\/blog\/creactivate-creatividad-luis-orus\/#article","isPartOf":{"@id":"http:\/\/madeinzaragoza.es\/blog\/creactivate-creatividad-luis-orus\/"},"author":{"name":"Victor Garcia Romano","@id":"https:\/\/madeinzaragoza.es\/blog\/#\/schema\/person\/643de3bb01548c61dbb595c283ea52d6"},"headline":"CreActivaTe: descubre tu creatividad con el dibujante de c\u00f3mic\u2026 Luis Or\u00fas","datePublished":"2026-03-16T22:30:41+00:00","dateModified":"2026-03-17T19:53:43+00:00","mainEntityOfPage":{"@id":"http:\/\/madeinzaragoza.es\/blog\/creactivate-creatividad-luis-orus\/"},"wordCount":1128,"commentCount":0,"publisher":{"@id":"https:\/\/madeinzaragoza.es\/blog\/#organization"},"keywords":["C\u00f3mic","creatividad","dibujo","ilustraci\u00f3n","luisor\u00fas"],"articleSection":["Red MIZ"],"inLanguage":"es","potentialAction":[{"@type":"CommentAction","name":"Comment","target":["http:\/\/madeinzaragoza.es\/blog\/creactivate-creatividad-luis-orus\/#respond"]}]},{"@type":"WebPage","@id":"http:\/\/madeinzaragoza.es\/blog\/creactivate-creatividad-luis-orus\/","url":"http:\/\/madeinzaragoza.es\/blog\/creactivate-creatividad-luis-orus\/","name":"CreActivaTe: descubre tu creatividad con el dibujante de c\u00f3mic\u2026 Luis Or\u00fas - Made in Zaragoza","isPartOf":{"@id":"https:\/\/madeinzaragoza.es\/blog\/#website"},"datePublished":"2026-03-16T22:30:41+00:00","dateModified":"2026-03-17T19:53:43+00:00","description":"En estos talleres CreActivate vamos a conocer la trayectoria y el trabajo de un gran creativo de Fuentes de Ebro, el es el ilustrador y dibujante de c\u00f3mic, Luis Or\u00fas.","breadcrumb":{"@id":"http:\/\/madeinzaragoza.es\/blog\/creactivate-creatividad-luis-orus\/#breadcrumb"},"inLanguage":"es","potentialAction":[{"@type":"ReadAction","target":["http:\/\/madeinzaragoza.es\/blog\/creactivate-creatividad-luis-orus\/"]}]},{"@type":"BreadcrumbList","@id":"http:\/\/madeinzaragoza.es\/blog\/creactivate-creatividad-luis-orus\/#breadcrumb","itemListElement":[{"@type":"ListItem","position":1,"name":"Portada","item":"https:\/\/madeinzaragoza.es\/blog\/"},{"@type":"ListItem","position":2,"name":"CreActivaTe: descubre tu creatividad con el dibujante de c\u00f3mic\u2026 Luis Or\u00fas"}]},{"@type":"WebSite","@id":"https:\/\/madeinzaragoza.es\/blog\/#website","url":"https:\/\/madeinzaragoza.es\/blog\/","name":"Made in Zaragoza","description":"Blog de MadeinZGZ, Red de Econom\u00eda Creativa de Zaragoza","publisher":{"@id":"https:\/\/madeinzaragoza.es\/blog\/#organization"},"potentialAction":[{"@type":"SearchAction","target":{"@type":"EntryPoint","urlTemplate":"https:\/\/madeinzaragoza.es\/blog\/?s={search_term_string}"},"query-input":"required name=search_term_string"}],"inLanguage":"es"},{"@type":"Organization","@id":"https:\/\/madeinzaragoza.es\/blog\/#organization","name":"Made In Zaragoza","url":"https:\/\/madeinzaragoza.es\/blog\/","sameAs":["https:\/\/www.instagram.com\/madeinzaragoza.es\/","https:\/\/www.facebook.com\/madeinzaragoza.es\/","https:\/\/twitter.com\/madeinzaragoza"],"logo":{"@type":"ImageObject","inLanguage":"es","@id":"https:\/\/madeinzaragoza.es\/blog\/#\/schema\/logo\/image\/","url":"https:\/\/madeinzaragoza.es\/blog\/wp-content\/uploads\/2022\/05\/logo.png","contentUrl":"https:\/\/madeinzaragoza.es\/blog\/wp-content\/uploads\/2022\/05\/logo.png","width":193,"height":176,"caption":"Made In Zaragoza"},"image":{"@id":"https:\/\/madeinzaragoza.es\/blog\/#\/schema\/logo\/image\/"}},{"@type":"Person","@id":"https:\/\/madeinzaragoza.es\/blog\/#\/schema\/person\/643de3bb01548c61dbb595c283ea52d6","name":"Victor Garcia Romano","image":{"@type":"ImageObject","inLanguage":"es","@id":"https:\/\/madeinzaragoza.es\/blog\/#\/schema\/person\/image\/","url":"http:\/\/0.gravatar.com\/avatar\/6720c0f1c84e6a6250dcd70b33e2b5f9?s=96&d=mm&r=g","contentUrl":"http:\/\/0.gravatar.com\/avatar\/6720c0f1c84e6a6250dcd70b33e2b5f9?s=96&d=mm&r=g","caption":"Victor Garcia Romano"},"description":"Librero en El Armadillo Ilustrado y dibujante de c\u00f3mic. Leo y dibujo todo lo que puedo, pero menos de lo que quiero. Organizo el \u2018Festival de Fanzines\u2019 y el \u2018Mercado del Libro\u2019 de Zaragoza.","sameAs":["@romano_comic"],"url":"http:\/\/madeinzaragoza.es\/blog\/author\/victorgarcia\/"}]}},"_links":{"self":[{"href":"http:\/\/madeinzaragoza.es\/blog\/wp-json\/wp\/v2\/posts\/45423"}],"collection":[{"href":"http:\/\/madeinzaragoza.es\/blog\/wp-json\/wp\/v2\/posts"}],"about":[{"href":"http:\/\/madeinzaragoza.es\/blog\/wp-json\/wp\/v2\/types\/post"}],"author":[{"embeddable":true,"href":"http:\/\/madeinzaragoza.es\/blog\/wp-json\/wp\/v2\/users\/78"}],"replies":[{"embeddable":true,"href":"http:\/\/madeinzaragoza.es\/blog\/wp-json\/wp\/v2\/comments?post=45423"}],"version-history":[{"count":9,"href":"http:\/\/madeinzaragoza.es\/blog\/wp-json\/wp\/v2\/posts\/45423\/revisions"}],"predecessor-version":[{"id":45481,"href":"http:\/\/madeinzaragoza.es\/blog\/wp-json\/wp\/v2\/posts\/45423\/revisions\/45481"}],"wp:featuredmedia":[{"embeddable":true,"href":"http:\/\/madeinzaragoza.es\/blog\/wp-json\/wp\/v2\/media\/45424"}],"wp:attachment":[{"href":"http:\/\/madeinzaragoza.es\/blog\/wp-json\/wp\/v2\/media?parent=45423"}],"wp:term":[{"taxonomy":"category","embeddable":true,"href":"http:\/\/madeinzaragoza.es\/blog\/wp-json\/wp\/v2\/categories?post=45423"},{"taxonomy":"post_tag","embeddable":true,"href":"http:\/\/madeinzaragoza.es\/blog\/wp-json\/wp\/v2\/tags?post=45423"}],"curies":[{"name":"wp","href":"https:\/\/api.w.org\/{rel}","templated":true}]}}