{"id":44816,"date":"2025-12-05T16:40:01","date_gmt":"2025-12-05T15:40:01","guid":{"rendered":"https:\/\/madeinzaragoza.es\/blog\/?p=44816"},"modified":"2025-12-13T17:21:16","modified_gmt":"2025-12-13T16:21:16","slug":"expo-prenavidena-100-a-100-en-galeria-cristina-marin","status":"publish","type":"post","link":"http:\/\/madeinzaragoza.es\/blog\/expo-prenavidena-100-a-100-en-galeria-cristina-marin\/","title":{"rendered":"Arte para regalar: \u201cExpo Prenavide\u00f1a 100 a 100&#8243; en Galer\u00eda Cristina Mar\u00edn"},"content":{"rendered":"\n<p>Llega la Navidad, una \u00e9poca entra\u00f1able para compartir alegr\u00eda, uni\u00f3n\u2026 y mucho arte. Cristina Mar\u00edn ha reunido todos estos ingredientes y, desde su galer\u00eda, nos invita a sumergirnos en un universo de color rebosante de cultura y talento. Un talento que se refleja en la selecci\u00f3n de artistas aragoneses que participan en una nueva edici\u00f3n de <strong>\u201cExpo Prenavide\u00f1a 100 a 100\u201d<\/strong>, con obras listas para llenar de vida nuestros hogares.<\/p>\n\n\n\n<p>La exposici\u00f3n puede visitarse en la <strong><strong><a href=\"https:\/\/www.instagram.com\/galeriacristinamarin\/\" target=\"_blank\" rel=\"noreferrer noopener\">Galer\u00eda Cristina Mar\u00edn<\/a><\/strong><\/strong>, situada en <strong>Calle Manuela Sancho 11, local, 50001 Zaragoza<\/strong>.<\/p>\n\n\n\n<p>Cristina Mar\u00edn, licenciada en Historia del Arte, lleva 18 a\u00f1os al frente de su galer\u00eda. <em>\u201cAmo el arte de vanguardia y, tras muchos a\u00f1os en este mundo, me di cuenta de que hac\u00eda falta un gran espacio para potenciar el arte aragon\u00e9s\u201d<\/em>, se\u00f1ala.<\/p>\n\n\n\n<p><\/p>\n\n\n\n<figure class=\"wp-block-image size-full\"><img loading=\"lazy\" decoding=\"async\" width=\"960\" height=\"635\" src=\"https:\/\/madeinzaragoza.es\/blog\/wp-content\/uploads\/2025\/12\/Galeria-Cristina-Marin-041225-19-1.jpg\" alt=\"\" class=\"wp-image-44865\" srcset=\"http:\/\/madeinzaragoza.es\/blog\/wp-content\/uploads\/2025\/12\/Galeria-Cristina-Marin-041225-19-1.jpg 960w, http:\/\/madeinzaragoza.es\/blog\/wp-content\/uploads\/2025\/12\/Galeria-Cristina-Marin-041225-19-1-450x298.jpg 450w, http:\/\/madeinzaragoza.es\/blog\/wp-content\/uploads\/2025\/12\/Galeria-Cristina-Marin-041225-19-1-768x508.jpg 768w\" sizes=\"(max-width: 709px) 85vw, (max-width: 909px) 67vw, (max-width: 1362px) 62vw, 840px\" \/><\/figure>\n\n\n\n<p><\/p>\n\n\n\n<p><strong>\u00bfQu\u00e9 encontramos en la Galer\u00eda Cristina Mar\u00edn en un d\u00eda cualquiera?<\/strong><br><\/p>\n\n\n\n<p>Un espacio de m\u00e1s de 200 metros cuadrados, con cinco metros de altura y completamente blanco, inspirado en las galer\u00edas neoyorquinas de Chelsea. Un entorno tipo nave donde las obras son las aut\u00e9nticas protagonistas. Adem\u00e1s, la galer\u00eda ofrece la posibilidad de concertar cita previa fuera del horario habitual para quienes deseen una visita m\u00e1s tranquila o personalizada.<\/p>\n\n\n\n<p>Durante estos 18 a\u00f1os, la galer\u00eda ha apostado firmemente por artistas aragoneses. Este a\u00f1o, esa apuesta se ha intensificado hasta convertirse casi en exclusiva, con el objetivo de reivindicar \u2014alto y claro\u2014 la calidad del arte de vanguardia que se produce en Arag\u00f3n. Aunque son especialistas en obra de gran formato, para esta exposici\u00f3n han hecho una excepci\u00f3n.<\/p>\n\n\n\n<p><strong>Actualmente puede visitarse una nueva edici\u00f3n de \u201cExpo Prenavide\u00f1a 100 a 100\u201d. \u00bfEn qu\u00e9 consiste?<\/strong><br><\/p>\n\n\n\n<p>Como cada a\u00f1o, por estas fechas la galer\u00eda celebra una muestra especial en la que todas las obras tienen el mismo precio. La mayor\u00eda de las piezas son originales, complementadas con una selecci\u00f3n menor de obra gr\u00e1fica. Se trata de una oportunidad \u00fanica, ya que las obras se ofrecen a un precio inferior al habitual, convirti\u00e9ndose en una opci\u00f3n ideal para regalar arte en estas fechas tan se\u00f1aladas.<\/p>\n\n\n\n<p>En esta edici\u00f3n se exponen m\u00e1s de 100 obras originales de formato medio, todas ellas enmarcadas, con el prop\u00f3sito de que cualquier persona pueda llevarse una pieza \u00fanica, tanto para disfrutarla en su hogar como para regalar.<\/p>\n\n\n\n<p><\/p>\n\n\n\n<figure class=\"wp-block-image size-large\"><img loading=\"lazy\" decoding=\"async\" width=\"819\" height=\"1024\" src=\"https:\/\/madeinzaragoza.es\/blog\/wp-content\/uploads\/2025\/12\/Galeria-Cristina-Marin-041225-9-819x1024.jpg\" alt=\"\" class=\"wp-image-44820\" srcset=\"http:\/\/madeinzaragoza.es\/blog\/wp-content\/uploads\/2025\/12\/Galeria-Cristina-Marin-041225-9-819x1024.jpg 819w, http:\/\/madeinzaragoza.es\/blog\/wp-content\/uploads\/2025\/12\/Galeria-Cristina-Marin-041225-9-360x450.jpg 360w, http:\/\/madeinzaragoza.es\/blog\/wp-content\/uploads\/2025\/12\/Galeria-Cristina-Marin-041225-9-768x960.jpg 768w, http:\/\/madeinzaragoza.es\/blog\/wp-content\/uploads\/2025\/12\/Galeria-Cristina-Marin-041225-9.jpg 1075w\" sizes=\"(max-width: 709px) 85vw, (max-width: 909px) 67vw, (max-width: 984px) 61vw, (max-width: 1362px) 45vw, 600px\" \/><\/figure>\n\n\n\n<p><\/p>\n\n\n\n<p><\/p>\n\n\n\n<p><strong>\u00bfQu\u00e9 artistas han sido seleccionados? \u00bfY qu\u00e9 rasgo distintivo comparten para formar parte del universo Cristina Mar\u00edn?<\/strong><br><\/p>\n\n\n\n<p>Nuestra apuesta es firme: defender y poner en valor a los artistas contempor\u00e1neos de nuestra tierra. En esta edici\u00f3n participan tanto nombres emblem\u00e1ticos &#8211; Mira, Vera, Matur\u00e9n, Fernando Navarro, Sah\u00fan, Antonio Fern\u00e1ndez Molina, Nacho Fort\u00fan, Alonso M\u00e1rquez &#8211; como talentos m\u00e1s j\u00f3venes, entre ellos Gejo y Lorena Domingo.<\/p>\n\n\n\n<p>Todos ellos forman parte del alma de la galer\u00eda y comparten un rasgo esencial: una mirada contempor\u00e1nea propia, valiente y llena de coherencia art\u00edstica. Son creadores que representan la diversidad, la calidad y la fuerza del arte aragon\u00e9s actual, y por eso son los artistas que este a\u00f1o colaboran en la exposici\u00f3n.<\/p>\n\n\n\n<p><\/p>\n\n\n\n<figure class=\"wp-block-gallery has-nested-images columns-default is-cropped wp-block-gallery-1 is-layout-flex wp-block-gallery-is-layout-flex\">\n<figure class=\"wp-block-image size-large\"><img loading=\"lazy\" decoding=\"async\" width=\"536\" height=\"578\" data-id=\"44822\" src=\"https:\/\/madeinzaragoza.es\/blog\/wp-content\/uploads\/2025\/12\/Galeria-Cristina-Marin-041225-2.jpg\" alt=\"\" class=\"wp-image-44822\" srcset=\"http:\/\/madeinzaragoza.es\/blog\/wp-content\/uploads\/2025\/12\/Galeria-Cristina-Marin-041225-2.jpg 536w, http:\/\/madeinzaragoza.es\/blog\/wp-content\/uploads\/2025\/12\/Galeria-Cristina-Marin-041225-2-417x450.jpg 417w\" sizes=\"(max-width: 536px) 85vw, 536px\" \/><\/figure>\n\n\n\n<figure class=\"wp-block-image size-large\"><img loading=\"lazy\" decoding=\"async\" width=\"759\" height=\"1024\" data-id=\"44826\" src=\"https:\/\/madeinzaragoza.es\/blog\/wp-content\/uploads\/2025\/12\/Galeria-Cristina-Marin-041225-4-759x1024.jpg\" alt=\"\" class=\"wp-image-44826\" srcset=\"http:\/\/madeinzaragoza.es\/blog\/wp-content\/uploads\/2025\/12\/Galeria-Cristina-Marin-041225-4-759x1024.jpg 759w, http:\/\/madeinzaragoza.es\/blog\/wp-content\/uploads\/2025\/12\/Galeria-Cristina-Marin-041225-4-333x450.jpg 333w, http:\/\/madeinzaragoza.es\/blog\/wp-content\/uploads\/2025\/12\/Galeria-Cristina-Marin-041225-4-768x1037.jpg 768w, http:\/\/madeinzaragoza.es\/blog\/wp-content\/uploads\/2025\/12\/Galeria-Cristina-Marin-041225-4-1138x1536.jpg 1138w, http:\/\/madeinzaragoza.es\/blog\/wp-content\/uploads\/2025\/12\/Galeria-Cristina-Marin-041225-4-1200x1620.jpg 1200w, http:\/\/madeinzaragoza.es\/blog\/wp-content\/uploads\/2025\/12\/Galeria-Cristina-Marin-041225-4.jpg 1517w\" sizes=\"(max-width: 709px) 85vw, (max-width: 909px) 67vw, (max-width: 984px) 61vw, (max-width: 1362px) 45vw, 600px\" \/><\/figure>\n\n\n\n<figure class=\"wp-block-image size-large\"><img loading=\"lazy\" decoding=\"async\" width=\"713\" height=\"1024\" data-id=\"44825\" src=\"https:\/\/madeinzaragoza.es\/blog\/wp-content\/uploads\/2025\/12\/Galeria-Cristina-Marin-041225-13-713x1024.jpg\" alt=\"\" class=\"wp-image-44825\" srcset=\"http:\/\/madeinzaragoza.es\/blog\/wp-content\/uploads\/2025\/12\/Galeria-Cristina-Marin-041225-13-713x1024.jpg 713w, http:\/\/madeinzaragoza.es\/blog\/wp-content\/uploads\/2025\/12\/Galeria-Cristina-Marin-041225-13-313x450.jpg 313w, http:\/\/madeinzaragoza.es\/blog\/wp-content\/uploads\/2025\/12\/Galeria-Cristina-Marin-041225-13-768x1104.jpg 768w, http:\/\/madeinzaragoza.es\/blog\/wp-content\/uploads\/2025\/12\/Galeria-Cristina-Marin-041225-13-1069x1536.jpg 1069w, http:\/\/madeinzaragoza.es\/blog\/wp-content\/uploads\/2025\/12\/Galeria-Cristina-Marin-041225-13-1200x1725.jpg 1200w, http:\/\/madeinzaragoza.es\/blog\/wp-content\/uploads\/2025\/12\/Galeria-Cristina-Marin-041225-13.jpg 1425w\" sizes=\"(max-width: 709px) 85vw, (max-width: 909px) 67vw, (max-width: 984px) 61vw, (max-width: 1362px) 45vw, 600px\" \/><\/figure>\n\n\n\n<figure class=\"wp-block-image size-large\"><img loading=\"lazy\" decoding=\"async\" width=\"818\" height=\"1024\" data-id=\"44824\" src=\"https:\/\/madeinzaragoza.es\/blog\/wp-content\/uploads\/2025\/12\/Galeria-Cristina-Marin-041225-15-818x1024.jpg\" alt=\"\" class=\"wp-image-44824\" srcset=\"http:\/\/madeinzaragoza.es\/blog\/wp-content\/uploads\/2025\/12\/Galeria-Cristina-Marin-041225-15-818x1024.jpg 818w, http:\/\/madeinzaragoza.es\/blog\/wp-content\/uploads\/2025\/12\/Galeria-Cristina-Marin-041225-15-359x450.jpg 359w, http:\/\/madeinzaragoza.es\/blog\/wp-content\/uploads\/2025\/12\/Galeria-Cristina-Marin-041225-15-768x962.jpg 768w, http:\/\/madeinzaragoza.es\/blog\/wp-content\/uploads\/2025\/12\/Galeria-Cristina-Marin-041225-15.jpg 1192w\" sizes=\"(max-width: 709px) 85vw, (max-width: 909px) 67vw, (max-width: 984px) 61vw, (max-width: 1362px) 45vw, 600px\" \/><\/figure>\n\n\n\n<figure class=\"wp-block-image size-large\"><img loading=\"lazy\" decoding=\"async\" width=\"731\" height=\"1024\" data-id=\"44827\" src=\"https:\/\/madeinzaragoza.es\/blog\/wp-content\/uploads\/2025\/12\/Galeria-Cristina-Marin-041225-17-731x1024.jpg\" alt=\"\" class=\"wp-image-44827\" srcset=\"http:\/\/madeinzaragoza.es\/blog\/wp-content\/uploads\/2025\/12\/Galeria-Cristina-Marin-041225-17-731x1024.jpg 731w, http:\/\/madeinzaragoza.es\/blog\/wp-content\/uploads\/2025\/12\/Galeria-Cristina-Marin-041225-17-321x450.jpg 321w, http:\/\/madeinzaragoza.es\/blog\/wp-content\/uploads\/2025\/12\/Galeria-Cristina-Marin-041225-17-768x1076.jpg 768w, http:\/\/madeinzaragoza.es\/blog\/wp-content\/uploads\/2025\/12\/Galeria-Cristina-Marin-041225-17-1097x1536.jpg 1097w, http:\/\/madeinzaragoza.es\/blog\/wp-content\/uploads\/2025\/12\/Galeria-Cristina-Marin-041225-17-1200x1681.jpg 1200w, http:\/\/madeinzaragoza.es\/blog\/wp-content\/uploads\/2025\/12\/Galeria-Cristina-Marin-041225-17.jpg 1462w\" sizes=\"(max-width: 709px) 85vw, (max-width: 909px) 67vw, (max-width: 984px) 61vw, (max-width: 1362px) 45vw, 600px\" \/><\/figure>\n\n\n\n<figure class=\"wp-block-image size-large\"><img loading=\"lazy\" decoding=\"async\" width=\"605\" height=\"827\" data-id=\"44821\" src=\"https:\/\/madeinzaragoza.es\/blog\/wp-content\/uploads\/2025\/12\/Galeria-Cristina-Marin-041225-21.jpg\" alt=\"\" class=\"wp-image-44821\" srcset=\"http:\/\/madeinzaragoza.es\/blog\/wp-content\/uploads\/2025\/12\/Galeria-Cristina-Marin-041225-21.jpg 605w, http:\/\/madeinzaragoza.es\/blog\/wp-content\/uploads\/2025\/12\/Galeria-Cristina-Marin-041225-21-329x450.jpg 329w\" sizes=\"(max-width: 709px) 85vw, (max-width: 909px) 67vw, (max-width: 984px) 61vw, (max-width: 1362px) 45vw, 600px\" \/><\/figure>\n<\/figure>\n\n\n\n<p><\/p>\n\n\n\n<p><strong>\u00bfC\u00f3mo ves el panorama art\u00edstico actual en nuestra tierra?<\/strong><\/p>\n\n\n\n<p>El panorama art\u00edstico en Arag\u00f3n es extraordinariamente rico; quiz\u00e1s el \u00fanico reto pendiente es creer m\u00e1s en nuestro propio valor. Tenemos talento, calidad y propuestas de gran nivel, y es importante reconocerlo y proyectarlo.<\/p>\n\n\n\n<figure class=\"wp-block-image size-full\"><img loading=\"lazy\" decoding=\"async\" width=\"868\" height=\"747\" src=\"http:\/\/madeinzaragoza.es\/blog\/wp-content\/uploads\/2025\/12\/Galeria-Cristina-Marin-041225-10-1.jpg\" alt=\"\" class=\"wp-image-44828\" srcset=\"http:\/\/madeinzaragoza.es\/blog\/wp-content\/uploads\/2025\/12\/Galeria-Cristina-Marin-041225-10-1.jpg 868w, http:\/\/madeinzaragoza.es\/blog\/wp-content\/uploads\/2025\/12\/Galeria-Cristina-Marin-041225-10-1-450x387.jpg 450w, http:\/\/madeinzaragoza.es\/blog\/wp-content\/uploads\/2025\/12\/Galeria-Cristina-Marin-041225-10-1-768x661.jpg 768w\" sizes=\"(max-width: 709px) 85vw, (max-width: 909px) 67vw, (max-width: 1362px) 62vw, 840px\" \/><\/figure>\n\n\n\n<p><\/p>\n\n\n\n<p><strong>\u00bfHasta cu\u00e1ndo puede visitarse la exposici\u00f3n y cu\u00e1l es el horario?<\/strong><\/p>\n\n\n\n<p>La muestra permanecer\u00e1 abierta hasta el <strong>4 de enero de 2026<\/strong>.<br>El horario de visita es:<\/p>\n\n\n\n<ul>\n<li><strong>De martes a viernes<\/strong>, de <strong>18:00 a 20:30<\/strong><\/li>\n\n\n\n<li><strong>S\u00e1bados por la ma\u00f1ana<\/strong>, de <strong>11:00 a 13:30<\/strong><\/li>\n<\/ul>\n\n\n\n<p>La exposici\u00f3n puede visitarse en <strong>Calle Manuela Sancho 11, local, 50001 Zaragoza<\/strong>.<\/p>\n\n\n\n<figure class=\"wp-block-image size-large\"><img loading=\"lazy\" decoding=\"async\" width=\"768\" height=\"1024\" src=\"http:\/\/madeinzaragoza.es\/blog\/wp-content\/uploads\/2025\/12\/CM-Blogssipgirl-101225-16-768x1024.jpg\" alt=\"\" class=\"wp-image-44881\" srcset=\"http:\/\/madeinzaragoza.es\/blog\/wp-content\/uploads\/2025\/12\/CM-Blogssipgirl-101225-16-768x1024.jpg 768w, http:\/\/madeinzaragoza.es\/blog\/wp-content\/uploads\/2025\/12\/CM-Blogssipgirl-101225-16-338x450.jpg 338w, http:\/\/madeinzaragoza.es\/blog\/wp-content\/uploads\/2025\/12\/CM-Blogssipgirl-101225-16-1152x1536.jpg 1152w, http:\/\/madeinzaragoza.es\/blog\/wp-content\/uploads\/2025\/12\/CM-Blogssipgirl-101225-16.jpg 1200w\" sizes=\"(max-width: 709px) 85vw, (max-width: 909px) 67vw, (max-width: 984px) 61vw, (max-width: 1362px) 45vw, 600px\" \/><\/figure>\n\n\n\n<p><\/p>\n\n\n\n<p><strong>M\u00e1s informaci\u00f3n:<\/strong> En <strong><a href=\"https:\/\/www.instagram.com\/galeriacristinamarin\/\" target=\"_blank\" rel=\"noreferrer noopener\">Instagram<\/a><\/strong>, <strong><a href=\"https:\/\/www.facebook.com\/profile.php?id=100070146757226\" target=\"_blank\" rel=\"noreferrer noopener\">Facebook<\/a><\/strong> y directamente en la Galer\u00eda, situada en Calle Manuela Sancho 11, local. 50001 Zaragoza.<\/p>\n","protected":false},"excerpt":{"rendered":"<p>Llega la Navidad, una \u00e9poca entra\u00f1able para compartir alegr\u00eda, uni\u00f3n\u2026 y mucho arte. Cristina Mar\u00edn ha reunido todos estos ingredientes y, desde su galer\u00eda, nos invita a sumergirnos en un universo de color rebosante de cultura y talento. Un talento que se refleja en la selecci\u00f3n de artistas aragoneses que participan en una nueva edici\u00f3n &hellip; <a href=\"http:\/\/madeinzaragoza.es\/blog\/expo-prenavidena-100-a-100-en-galeria-cristina-marin\/\" class=\"more-link\">Continuar leyendo<span class=\"screen-reader-text\"> \u00abArte para regalar: \u201cExpo Prenavide\u00f1a 100 a 100&#8243; en Galer\u00eda Cristina Mar\u00edn\u00bb<\/span><\/a><\/p>\n","protected":false},"author":4,"featured_media":44867,"comment_status":"open","ping_status":"open","sticky":false,"template":"","format":"standard","meta":{"footnotes":""},"categories":[829,7,1],"tags":[2364,1016,1337,63,2898,178],"yoast_head":"<!-- This site is optimized with the Yoast SEO plugin v19.7.2 - https:\/\/yoast.com\/wordpress\/plugins\/seo\/ -->\n<title>Arte para regalar: \u201cExpo Prenavide\u00f1a 100 a 100&quot; en Galer\u00eda Cristina Mar\u00edn - Made in Zaragoza<\/title>\n<meta name=\"description\" content=\"Descubre la Expo Prenavide\u00f1a 100 a 100 en la Galer\u00eda Cristina Mar\u00edn. M\u00e1s de 100 obras originales de artistas aragoneses. Vis\u00edtala en Zaragoza hasta el 4 de enero de 2026.\" \/>\n<meta name=\"robots\" content=\"index, follow, max-snippet:-1, max-image-preview:large, max-video-preview:-1\" \/>\n<link rel=\"canonical\" href=\"http:\/\/madeinzaragoza.es\/blog\/expo-prenavidena-100-a-100-en-galeria-cristina-marin\/\" \/>\n<meta property=\"og:locale\" content=\"es_ES\" \/>\n<meta property=\"og:type\" content=\"article\" \/>\n<meta property=\"og:title\" content=\"Arte para regalar: \u201cExpo Prenavide\u00f1a 100 a 100&quot; en Galer\u00eda Cristina Mar\u00edn - Made in Zaragoza\" \/>\n<meta property=\"og:description\" content=\"Descubre la Expo Prenavide\u00f1a 100 a 100 en la Galer\u00eda Cristina Mar\u00edn. M\u00e1s de 100 obras originales de artistas aragoneses. Vis\u00edtala en Zaragoza hasta el 4 de enero de 2026.\" \/>\n<meta property=\"og:url\" content=\"http:\/\/madeinzaragoza.es\/blog\/expo-prenavidena-100-a-100-en-galeria-cristina-marin\/\" \/>\n<meta property=\"og:site_name\" content=\"Made in Zaragoza\" \/>\n<meta property=\"article:publisher\" content=\"https:\/\/www.facebook.com\/madeinzaragoza.es\/\" \/>\n<meta property=\"article:author\" content=\"blogssipgirl\/197083753685798\" \/>\n<meta property=\"article:published_time\" content=\"2025-12-05T15:40:01+00:00\" \/>\n<meta property=\"article:modified_time\" content=\"2025-12-13T16:21:16+00:00\" \/>\n<meta property=\"og:image\" content=\"http:\/\/madeinzaragoza.es\/blog\/wp-content\/uploads\/2025\/12\/Galeria-Cristina-Marin-041225-20-1.jpg\" \/>\n\t<meta property=\"og:image:width\" content=\"960\" \/>\n\t<meta property=\"og:image:height\" content=\"635\" \/>\n\t<meta property=\"og:image:type\" content=\"image\/jpeg\" \/>\n<meta name=\"author\" content=\"Blogssipgirl\" \/>\n<meta name=\"twitter:card\" content=\"summary\" \/>\n<meta name=\"twitter:creator\" content=\"@blogssipgirl1\" \/>\n<meta name=\"twitter:site\" content=\"@madeinzaragoza\" \/>\n<meta name=\"twitter:label1\" content=\"Escrito por\" \/>\n\t<meta name=\"twitter:data1\" content=\"Blogssipgirl\" \/>\n\t<meta name=\"twitter:label2\" content=\"Tiempo de lectura\" \/>\n\t<meta name=\"twitter:data2\" content=\"3 minutos\" \/>\n<script type=\"application\/ld+json\" class=\"yoast-schema-graph\">{\"@context\":\"https:\/\/schema.org\",\"@graph\":[{\"@type\":\"Article\",\"@id\":\"http:\/\/madeinzaragoza.es\/blog\/expo-prenavidena-100-a-100-en-galeria-cristina-marin\/#article\",\"isPartOf\":{\"@id\":\"http:\/\/madeinzaragoza.es\/blog\/expo-prenavidena-100-a-100-en-galeria-cristina-marin\/\"},\"author\":{\"name\":\"Blogssipgirl\",\"@id\":\"https:\/\/madeinzaragoza.es\/blog\/#\/schema\/person\/b6199e649857e868c4cf0717b007a717\"},\"headline\":\"Arte para regalar: \u201cExpo Prenavide\u00f1a 100 a 100&#8243; en Galer\u00eda Cristina Mar\u00edn\",\"datePublished\":\"2025-12-05T15:40:01+00:00\",\"dateModified\":\"2025-12-13T16:21:16+00:00\",\"mainEntityOfPage\":{\"@id\":\"http:\/\/madeinzaragoza.es\/blog\/expo-prenavidena-100-a-100-en-galeria-cristina-marin\/\"},\"wordCount\":682,\"commentCount\":0,\"publisher\":{\"@id\":\"https:\/\/madeinzaragoza.es\/blog\/#organization\"},\"keywords\":[\"Arte\",\"Arte Contempor\u00e1neo\",\"Cultura\",\"exposicion\",\"Galer\u00eda Cristina Mar\u00edn\",\"galeria de arte\"],\"articleSection\":[\"Cultura\",\"Qu\u00e9 hacer\",\"Tendencias\"],\"inLanguage\":\"es\",\"potentialAction\":[{\"@type\":\"CommentAction\",\"name\":\"Comment\",\"target\":[\"http:\/\/madeinzaragoza.es\/blog\/expo-prenavidena-100-a-100-en-galeria-cristina-marin\/#respond\"]}]},{\"@type\":\"WebPage\",\"@id\":\"http:\/\/madeinzaragoza.es\/blog\/expo-prenavidena-100-a-100-en-galeria-cristina-marin\/\",\"url\":\"http:\/\/madeinzaragoza.es\/blog\/expo-prenavidena-100-a-100-en-galeria-cristina-marin\/\",\"name\":\"Arte para regalar: \u201cExpo Prenavide\u00f1a 100 a 100\\\" en Galer\u00eda Cristina Mar\u00edn - Made in Zaragoza\",\"isPartOf\":{\"@id\":\"https:\/\/madeinzaragoza.es\/blog\/#website\"},\"datePublished\":\"2025-12-05T15:40:01+00:00\",\"dateModified\":\"2025-12-13T16:21:16+00:00\",\"description\":\"Descubre la Expo Prenavide\u00f1a 100 a 100 en la Galer\u00eda Cristina Mar\u00edn. M\u00e1s de 100 obras originales de artistas aragoneses. Vis\u00edtala en Zaragoza hasta el 4 de enero de 2026.\",\"breadcrumb\":{\"@id\":\"http:\/\/madeinzaragoza.es\/blog\/expo-prenavidena-100-a-100-en-galeria-cristina-marin\/#breadcrumb\"},\"inLanguage\":\"es\",\"potentialAction\":[{\"@type\":\"ReadAction\",\"target\":[\"http:\/\/madeinzaragoza.es\/blog\/expo-prenavidena-100-a-100-en-galeria-cristina-marin\/\"]}]},{\"@type\":\"BreadcrumbList\",\"@id\":\"http:\/\/madeinzaragoza.es\/blog\/expo-prenavidena-100-a-100-en-galeria-cristina-marin\/#breadcrumb\",\"itemListElement\":[{\"@type\":\"ListItem\",\"position\":1,\"name\":\"Portada\",\"item\":\"https:\/\/madeinzaragoza.es\/blog\/\"},{\"@type\":\"ListItem\",\"position\":2,\"name\":\"Arte para regalar: \u201cExpo Prenavide\u00f1a 100 a 100&#8243; en Galer\u00eda Cristina Mar\u00edn\"}]},{\"@type\":\"WebSite\",\"@id\":\"https:\/\/madeinzaragoza.es\/blog\/#website\",\"url\":\"https:\/\/madeinzaragoza.es\/blog\/\",\"name\":\"Made in Zaragoza\",\"description\":\"Blog de MadeinZGZ, Red de Econom\u00eda Creativa de Zaragoza\",\"publisher\":{\"@id\":\"https:\/\/madeinzaragoza.es\/blog\/#organization\"},\"potentialAction\":[{\"@type\":\"SearchAction\",\"target\":{\"@type\":\"EntryPoint\",\"urlTemplate\":\"https:\/\/madeinzaragoza.es\/blog\/?s={search_term_string}\"},\"query-input\":\"required name=search_term_string\"}],\"inLanguage\":\"es\"},{\"@type\":\"Organization\",\"@id\":\"https:\/\/madeinzaragoza.es\/blog\/#organization\",\"name\":\"Made In Zaragoza\",\"url\":\"https:\/\/madeinzaragoza.es\/blog\/\",\"sameAs\":[\"https:\/\/www.instagram.com\/madeinzaragoza.es\/\",\"https:\/\/www.facebook.com\/madeinzaragoza.es\/\",\"https:\/\/twitter.com\/madeinzaragoza\"],\"logo\":{\"@type\":\"ImageObject\",\"inLanguage\":\"es\",\"@id\":\"https:\/\/madeinzaragoza.es\/blog\/#\/schema\/logo\/image\/\",\"url\":\"https:\/\/madeinzaragoza.es\/blog\/wp-content\/uploads\/2022\/05\/logo.png\",\"contentUrl\":\"https:\/\/madeinzaragoza.es\/blog\/wp-content\/uploads\/2022\/05\/logo.png\",\"width\":193,\"height\":176,\"caption\":\"Made In Zaragoza\"},\"image\":{\"@id\":\"https:\/\/madeinzaragoza.es\/blog\/#\/schema\/logo\/image\/\"}},{\"@type\":\"Person\",\"@id\":\"https:\/\/madeinzaragoza.es\/blog\/#\/schema\/person\/b6199e649857e868c4cf0717b007a717\",\"name\":\"Blogssipgirl\",\"image\":{\"@type\":\"ImageObject\",\"inLanguage\":\"es\",\"@id\":\"https:\/\/madeinzaragoza.es\/blog\/#\/schema\/person\/image\/\",\"url\":\"http:\/\/0.gravatar.com\/avatar\/6171ea2cd2ec17b189583c580ab912a7?s=96&d=mm&r=g\",\"contentUrl\":\"http:\/\/0.gravatar.com\/avatar\/6171ea2cd2ec17b189583c580ab912a7?s=96&d=mm&r=g\",\"caption\":\"Blogssipgirl\"},\"description\":\"Organizadora de eventos, editora de blogs y gestora de RRSS. Y como hobby, bloguera: Blogssipgirl es mi alterego... Me gusta moverme por las redes sociales y colaborar en miles de proyectos, no s\u00e9 estar quieta. Me apasiona la moda y el buen gusto, adoro los peque\u00f1os placeres como pasear y disfrutar de mi familia y amigos.\",\"sameAs\":[\"http:\/\/blogssipgirl.blogspot.com\",\"blogssipgirl\/197083753685798\",\"https:\/\/twitter.com\/blogssipgirl1\"],\"url\":\"http:\/\/madeinzaragoza.es\/blog\/author\/blogssipgirl\/\"}]}<\/script>\n<!-- \/ Yoast SEO plugin. -->","yoast_head_json":{"title":"Arte para regalar: \u201cExpo Prenavide\u00f1a 100 a 100\" en Galer\u00eda Cristina Mar\u00edn - Made in Zaragoza","description":"Descubre la Expo Prenavide\u00f1a 100 a 100 en la Galer\u00eda Cristina Mar\u00edn. M\u00e1s de 100 obras originales de artistas aragoneses. Vis\u00edtala en Zaragoza hasta el 4 de enero de 2026.","robots":{"index":"index","follow":"follow","max-snippet":"max-snippet:-1","max-image-preview":"max-image-preview:large","max-video-preview":"max-video-preview:-1"},"canonical":"http:\/\/madeinzaragoza.es\/blog\/expo-prenavidena-100-a-100-en-galeria-cristina-marin\/","og_locale":"es_ES","og_type":"article","og_title":"Arte para regalar: \u201cExpo Prenavide\u00f1a 100 a 100\" en Galer\u00eda Cristina Mar\u00edn - Made in Zaragoza","og_description":"Descubre la Expo Prenavide\u00f1a 100 a 100 en la Galer\u00eda Cristina Mar\u00edn. M\u00e1s de 100 obras originales de artistas aragoneses. Vis\u00edtala en Zaragoza hasta el 4 de enero de 2026.","og_url":"http:\/\/madeinzaragoza.es\/blog\/expo-prenavidena-100-a-100-en-galeria-cristina-marin\/","og_site_name":"Made in Zaragoza","article_publisher":"https:\/\/www.facebook.com\/madeinzaragoza.es\/","article_author":"blogssipgirl\/197083753685798","article_published_time":"2025-12-05T15:40:01+00:00","article_modified_time":"2025-12-13T16:21:16+00:00","og_image":[{"width":960,"height":635,"url":"http:\/\/madeinzaragoza.es\/blog\/wp-content\/uploads\/2025\/12\/Galeria-Cristina-Marin-041225-20-1.jpg","type":"image\/jpeg"}],"author":"Blogssipgirl","twitter_card":"summary","twitter_creator":"@blogssipgirl1","twitter_site":"@madeinzaragoza","twitter_misc":{"Escrito por":"Blogssipgirl","Tiempo de lectura":"3 minutos"},"schema":{"@context":"https:\/\/schema.org","@graph":[{"@type":"Article","@id":"http:\/\/madeinzaragoza.es\/blog\/expo-prenavidena-100-a-100-en-galeria-cristina-marin\/#article","isPartOf":{"@id":"http:\/\/madeinzaragoza.es\/blog\/expo-prenavidena-100-a-100-en-galeria-cristina-marin\/"},"author":{"name":"Blogssipgirl","@id":"https:\/\/madeinzaragoza.es\/blog\/#\/schema\/person\/b6199e649857e868c4cf0717b007a717"},"headline":"Arte para regalar: \u201cExpo Prenavide\u00f1a 100 a 100&#8243; en Galer\u00eda Cristina Mar\u00edn","datePublished":"2025-12-05T15:40:01+00:00","dateModified":"2025-12-13T16:21:16+00:00","mainEntityOfPage":{"@id":"http:\/\/madeinzaragoza.es\/blog\/expo-prenavidena-100-a-100-en-galeria-cristina-marin\/"},"wordCount":682,"commentCount":0,"publisher":{"@id":"https:\/\/madeinzaragoza.es\/blog\/#organization"},"keywords":["Arte","Arte Contempor\u00e1neo","Cultura","exposicion","Galer\u00eda Cristina Mar\u00edn","galeria de arte"],"articleSection":["Cultura","Qu\u00e9 hacer","Tendencias"],"inLanguage":"es","potentialAction":[{"@type":"CommentAction","name":"Comment","target":["http:\/\/madeinzaragoza.es\/blog\/expo-prenavidena-100-a-100-en-galeria-cristina-marin\/#respond"]}]},{"@type":"WebPage","@id":"http:\/\/madeinzaragoza.es\/blog\/expo-prenavidena-100-a-100-en-galeria-cristina-marin\/","url":"http:\/\/madeinzaragoza.es\/blog\/expo-prenavidena-100-a-100-en-galeria-cristina-marin\/","name":"Arte para regalar: \u201cExpo Prenavide\u00f1a 100 a 100\" en Galer\u00eda Cristina Mar\u00edn - Made in Zaragoza","isPartOf":{"@id":"https:\/\/madeinzaragoza.es\/blog\/#website"},"datePublished":"2025-12-05T15:40:01+00:00","dateModified":"2025-12-13T16:21:16+00:00","description":"Descubre la Expo Prenavide\u00f1a 100 a 100 en la Galer\u00eda Cristina Mar\u00edn. M\u00e1s de 100 obras originales de artistas aragoneses. Vis\u00edtala en Zaragoza hasta el 4 de enero de 2026.","breadcrumb":{"@id":"http:\/\/madeinzaragoza.es\/blog\/expo-prenavidena-100-a-100-en-galeria-cristina-marin\/#breadcrumb"},"inLanguage":"es","potentialAction":[{"@type":"ReadAction","target":["http:\/\/madeinzaragoza.es\/blog\/expo-prenavidena-100-a-100-en-galeria-cristina-marin\/"]}]},{"@type":"BreadcrumbList","@id":"http:\/\/madeinzaragoza.es\/blog\/expo-prenavidena-100-a-100-en-galeria-cristina-marin\/#breadcrumb","itemListElement":[{"@type":"ListItem","position":1,"name":"Portada","item":"https:\/\/madeinzaragoza.es\/blog\/"},{"@type":"ListItem","position":2,"name":"Arte para regalar: \u201cExpo Prenavide\u00f1a 100 a 100&#8243; en Galer\u00eda Cristina Mar\u00edn"}]},{"@type":"WebSite","@id":"https:\/\/madeinzaragoza.es\/blog\/#website","url":"https:\/\/madeinzaragoza.es\/blog\/","name":"Made in Zaragoza","description":"Blog de MadeinZGZ, Red de Econom\u00eda Creativa de Zaragoza","publisher":{"@id":"https:\/\/madeinzaragoza.es\/blog\/#organization"},"potentialAction":[{"@type":"SearchAction","target":{"@type":"EntryPoint","urlTemplate":"https:\/\/madeinzaragoza.es\/blog\/?s={search_term_string}"},"query-input":"required name=search_term_string"}],"inLanguage":"es"},{"@type":"Organization","@id":"https:\/\/madeinzaragoza.es\/blog\/#organization","name":"Made In Zaragoza","url":"https:\/\/madeinzaragoza.es\/blog\/","sameAs":["https:\/\/www.instagram.com\/madeinzaragoza.es\/","https:\/\/www.facebook.com\/madeinzaragoza.es\/","https:\/\/twitter.com\/madeinzaragoza"],"logo":{"@type":"ImageObject","inLanguage":"es","@id":"https:\/\/madeinzaragoza.es\/blog\/#\/schema\/logo\/image\/","url":"https:\/\/madeinzaragoza.es\/blog\/wp-content\/uploads\/2022\/05\/logo.png","contentUrl":"https:\/\/madeinzaragoza.es\/blog\/wp-content\/uploads\/2022\/05\/logo.png","width":193,"height":176,"caption":"Made In Zaragoza"},"image":{"@id":"https:\/\/madeinzaragoza.es\/blog\/#\/schema\/logo\/image\/"}},{"@type":"Person","@id":"https:\/\/madeinzaragoza.es\/blog\/#\/schema\/person\/b6199e649857e868c4cf0717b007a717","name":"Blogssipgirl","image":{"@type":"ImageObject","inLanguage":"es","@id":"https:\/\/madeinzaragoza.es\/blog\/#\/schema\/person\/image\/","url":"http:\/\/0.gravatar.com\/avatar\/6171ea2cd2ec17b189583c580ab912a7?s=96&d=mm&r=g","contentUrl":"http:\/\/0.gravatar.com\/avatar\/6171ea2cd2ec17b189583c580ab912a7?s=96&d=mm&r=g","caption":"Blogssipgirl"},"description":"Organizadora de eventos, editora de blogs y gestora de RRSS. Y como hobby, bloguera: Blogssipgirl es mi alterego... Me gusta moverme por las redes sociales y colaborar en miles de proyectos, no s\u00e9 estar quieta. Me apasiona la moda y el buen gusto, adoro los peque\u00f1os placeres como pasear y disfrutar de mi familia y amigos.","sameAs":["http:\/\/blogssipgirl.blogspot.com","blogssipgirl\/197083753685798","https:\/\/twitter.com\/blogssipgirl1"],"url":"http:\/\/madeinzaragoza.es\/blog\/author\/blogssipgirl\/"}]}},"_links":{"self":[{"href":"http:\/\/madeinzaragoza.es\/blog\/wp-json\/wp\/v2\/posts\/44816"}],"collection":[{"href":"http:\/\/madeinzaragoza.es\/blog\/wp-json\/wp\/v2\/posts"}],"about":[{"href":"http:\/\/madeinzaragoza.es\/blog\/wp-json\/wp\/v2\/types\/post"}],"author":[{"embeddable":true,"href":"http:\/\/madeinzaragoza.es\/blog\/wp-json\/wp\/v2\/users\/4"}],"replies":[{"embeddable":true,"href":"http:\/\/madeinzaragoza.es\/blog\/wp-json\/wp\/v2\/comments?post=44816"}],"version-history":[{"count":10,"href":"http:\/\/madeinzaragoza.es\/blog\/wp-json\/wp\/v2\/posts\/44816\/revisions"}],"predecessor-version":[{"id":44883,"href":"http:\/\/madeinzaragoza.es\/blog\/wp-json\/wp\/v2\/posts\/44816\/revisions\/44883"}],"wp:featuredmedia":[{"embeddable":true,"href":"http:\/\/madeinzaragoza.es\/blog\/wp-json\/wp\/v2\/media\/44867"}],"wp:attachment":[{"href":"http:\/\/madeinzaragoza.es\/blog\/wp-json\/wp\/v2\/media?parent=44816"}],"wp:term":[{"taxonomy":"category","embeddable":true,"href":"http:\/\/madeinzaragoza.es\/blog\/wp-json\/wp\/v2\/categories?post=44816"},{"taxonomy":"post_tag","embeddable":true,"href":"http:\/\/madeinzaragoza.es\/blog\/wp-json\/wp\/v2\/tags?post=44816"}],"curies":[{"name":"wp","href":"https:\/\/api.w.org\/{rel}","templated":true}]}}