{"id":44602,"date":"2025-11-04T12:42:30","date_gmt":"2025-11-04T11:42:30","guid":{"rendered":"https:\/\/madeinzaragoza.es\/blog\/?p=44602"},"modified":"2025-11-12T12:43:04","modified_gmt":"2025-11-12T11:43:04","slug":"pioneras-ilustradas-ii-ilustrando-a-las-primeras-universitarias-zaragozanas","status":"publish","type":"post","link":"http:\/\/madeinzaragoza.es\/blog\/pioneras-ilustradas-ii-ilustrando-a-las-primeras-universitarias-zaragozanas\/","title":{"rendered":"Pioneras ilustradas II, ilustrando a las primeras universitarias zaragozanas"},"content":{"rendered":"\n<p>Mujeres brillantes que abrieron camino cuando casi todo estaba por conquistar. Estudiantes valientes, con mentes curiosas y decididas, que hicieron historia en las aulas de la Universidad de Zaragoza. Hoy, sus vidas y su legado vuelven a cobrar luz y color gracias al talento de un grupo excepcional de ilustradoras aragonesas.<\/p>\n\n\n\n<p><\/p>\n\n\n\n<figure class=\"wp-block-gallery has-nested-images columns-default is-cropped wp-block-gallery-1 is-layout-flex wp-block-gallery-is-layout-flex\">\n<figure class=\"wp-block-image size-large\"><img loading=\"lazy\" decoding=\"async\" width=\"1024\" height=\"765\" data-id=\"44622\" src=\"http:\/\/madeinzaragoza.es\/blog\/wp-content\/uploads\/2025\/10\/pioneras-ilustradas-blogssipgirl-011025-16-1-1024x765.jpg\" alt=\"\" class=\"wp-image-44622\" srcset=\"http:\/\/madeinzaragoza.es\/blog\/wp-content\/uploads\/2025\/10\/pioneras-ilustradas-blogssipgirl-011025-16-1-1024x765.jpg 1024w, http:\/\/madeinzaragoza.es\/blog\/wp-content\/uploads\/2025\/10\/pioneras-ilustradas-blogssipgirl-011025-16-1-450x336.jpg 450w, http:\/\/madeinzaragoza.es\/blog\/wp-content\/uploads\/2025\/10\/pioneras-ilustradas-blogssipgirl-011025-16-1-768x574.jpg 768w, http:\/\/madeinzaragoza.es\/blog\/wp-content\/uploads\/2025\/10\/pioneras-ilustradas-blogssipgirl-011025-16-1-1536x1148.jpg 1536w, http:\/\/madeinzaragoza.es\/blog\/wp-content\/uploads\/2025\/10\/pioneras-ilustradas-blogssipgirl-011025-16-1-1200x897.jpg 1200w, http:\/\/madeinzaragoza.es\/blog\/wp-content\/uploads\/2025\/10\/pioneras-ilustradas-blogssipgirl-011025-16-1.jpg 1600w\" sizes=\"(max-width: 709px) 85vw, (max-width: 909px) 67vw, (max-width: 1362px) 62vw, 840px\" \/><\/figure>\n\n\n\n<figure class=\"wp-block-image size-large\"><img loading=\"lazy\" decoding=\"async\" width=\"1024\" height=\"765\" data-id=\"44621\" src=\"http:\/\/madeinzaragoza.es\/blog\/wp-content\/uploads\/2025\/10\/pioneras-ilustradas-blogssipgirl-011025-11-1024x765.jpg\" alt=\"\" class=\"wp-image-44621\" srcset=\"http:\/\/madeinzaragoza.es\/blog\/wp-content\/uploads\/2025\/10\/pioneras-ilustradas-blogssipgirl-011025-11-1024x765.jpg 1024w, http:\/\/madeinzaragoza.es\/blog\/wp-content\/uploads\/2025\/10\/pioneras-ilustradas-blogssipgirl-011025-11-450x336.jpg 450w, http:\/\/madeinzaragoza.es\/blog\/wp-content\/uploads\/2025\/10\/pioneras-ilustradas-blogssipgirl-011025-11-768x574.jpg 768w, http:\/\/madeinzaragoza.es\/blog\/wp-content\/uploads\/2025\/10\/pioneras-ilustradas-blogssipgirl-011025-11-1536x1148.jpg 1536w, http:\/\/madeinzaragoza.es\/blog\/wp-content\/uploads\/2025\/10\/pioneras-ilustradas-blogssipgirl-011025-11-1200x897.jpg 1200w, http:\/\/madeinzaragoza.es\/blog\/wp-content\/uploads\/2025\/10\/pioneras-ilustradas-blogssipgirl-011025-11.jpg 1600w\" sizes=\"(max-width: 709px) 85vw, (max-width: 909px) 67vw, (max-width: 1362px) 62vw, 840px\" \/><\/figure>\n<\/figure>\n\n\n\n<p><br>\u201cPioneras ilustradas II\u201d es mucho m\u00e1s que una exposici\u00f3n: es un homenaje colectivo a la inteligencia, la sensibilidad y la creatividad femenina. La muestra puede visitarse en el Paraninfo de la Universidad de Zaragoza hasta el 10 de enero de 2026, y supone la continuaci\u00f3n del proyecto expositivo y editorial que naci\u00f3 en 2021 bajo el mismo t\u00edtulo. En esta nueva edici\u00f3n, comisariada por la historiadora del arte Patricia D\u00edez Calvo, se profundiza en la investigaci\u00f3n sobre aquellas mujeres que se titularon entre 1856 y 1936, abriendo paso a generaciones futuras.<\/p>\n\n\n\n<p>A trav\u00e9s de sus obras, las ilustradoras reinterpretan el esp\u00edritu y la fuerza de estas pioneras, conectando pasado y presente con una mirada contempor\u00e1nea y profundamente humana. Cada trazo es una ventana al contexto, los desaf\u00edos y los sue\u00f1os de unas mujeres que cambiaron el rumbo de la educaci\u00f3n en nuestro pa\u00eds.<\/p>\n\n\n\n<p>Estas son las artistas que dan forma y emoci\u00f3n a las historias de las primeras universitarias zaragozanas:<\/p>\n\n\n\n<p><\/p>\n\n\n\n<figure class=\"wp-block-image size-large\"><img loading=\"lazy\" decoding=\"async\" width=\"1024\" height=\"765\" src=\"https:\/\/madeinzaragoza.es\/blog\/wp-content\/uploads\/2025\/10\/pioneras-ilustradas-blogssipgirl-011025-27-1024x765.jpg\" alt=\"\" class=\"wp-image-44606\" srcset=\"http:\/\/madeinzaragoza.es\/blog\/wp-content\/uploads\/2025\/10\/pioneras-ilustradas-blogssipgirl-011025-27-1024x765.jpg 1024w, http:\/\/madeinzaragoza.es\/blog\/wp-content\/uploads\/2025\/10\/pioneras-ilustradas-blogssipgirl-011025-27-450x336.jpg 450w, http:\/\/madeinzaragoza.es\/blog\/wp-content\/uploads\/2025\/10\/pioneras-ilustradas-blogssipgirl-011025-27-768x574.jpg 768w, http:\/\/madeinzaragoza.es\/blog\/wp-content\/uploads\/2025\/10\/pioneras-ilustradas-blogssipgirl-011025-27-1536x1148.jpg 1536w, http:\/\/madeinzaragoza.es\/blog\/wp-content\/uploads\/2025\/10\/pioneras-ilustradas-blogssipgirl-011025-27-1200x897.jpg 1200w, http:\/\/madeinzaragoza.es\/blog\/wp-content\/uploads\/2025\/10\/pioneras-ilustradas-blogssipgirl-011025-27.jpg 1600w\" sizes=\"(max-width: 709px) 85vw, (max-width: 909px) 67vw, (max-width: 1362px) 62vw, 840px\" \/><\/figure>\n\n\n\n<p><\/p>\n\n\n\n<p><strong><a href=\"https:\/\/aliciablasco.com\/\">Alicia Blasco<\/a><\/strong> ha ilustrado a <strong><a href=\"https:\/\/pioneras.unizar.es\/rosa-franco-rivas\/\">Rosa Franco Rivas<\/a><\/strong>, perita industrial qu\u00edmica.<\/p>\n\n\n\n<figure class=\"wp-block-gallery has-nested-images columns-default is-cropped wp-block-gallery-2 is-layout-flex wp-block-gallery-is-layout-flex\">\n<figure class=\"wp-block-image size-full\"><img loading=\"lazy\" decoding=\"async\" width=\"480\" height=\"725\" data-id=\"44607\" src=\"https:\/\/madeinzaragoza.es\/blog\/wp-content\/uploads\/2025\/10\/alicia-blasco.jpg\" alt=\"\" class=\"wp-image-44607\" srcset=\"http:\/\/madeinzaragoza.es\/blog\/wp-content\/uploads\/2025\/10\/alicia-blasco.jpg 480w, http:\/\/madeinzaragoza.es\/blog\/wp-content\/uploads\/2025\/10\/alicia-blasco-298x450.jpg 298w\" sizes=\"(max-width: 480px) 85vw, 480px\" \/><\/figure>\n<\/figure>\n\n\n\n<p><\/p>\n\n\n\n<p><strong>Ana L\u00f3bez<\/strong> a <strong><a href=\"https:\/\/pioneras.unizar.es\/lorenza-julia-alvarez-resano\/\">Lorenza Julia \u00c1lvarez Resano<\/a><\/strong>, primera mujer gobernadora civil por Ciudad Real. <\/p>\n\n\n\n<figure class=\"wp-block-image size-large\"><img loading=\"lazy\" decoding=\"async\" width=\"1024\" height=\"766\" src=\"https:\/\/madeinzaragoza.es\/blog\/wp-content\/uploads\/2025\/10\/pioneras-ilustradas-blogssipgirl-151025-10-ana-lobez-1024x766.jpg\" alt=\"\" class=\"wp-image-44664\" srcset=\"http:\/\/madeinzaragoza.es\/blog\/wp-content\/uploads\/2025\/10\/pioneras-ilustradas-blogssipgirl-151025-10-ana-lobez-1024x766.jpg 1024w, http:\/\/madeinzaragoza.es\/blog\/wp-content\/uploads\/2025\/10\/pioneras-ilustradas-blogssipgirl-151025-10-ana-lobez-450x337.jpg 450w, http:\/\/madeinzaragoza.es\/blog\/wp-content\/uploads\/2025\/10\/pioneras-ilustradas-blogssipgirl-151025-10-ana-lobez-768x574.jpg 768w, http:\/\/madeinzaragoza.es\/blog\/wp-content\/uploads\/2025\/10\/pioneras-ilustradas-blogssipgirl-151025-10-ana-lobez-1536x1149.jpg 1536w, http:\/\/madeinzaragoza.es\/blog\/wp-content\/uploads\/2025\/10\/pioneras-ilustradas-blogssipgirl-151025-10-ana-lobez-1200x898.jpg 1200w, http:\/\/madeinzaragoza.es\/blog\/wp-content\/uploads\/2025\/10\/pioneras-ilustradas-blogssipgirl-151025-10-ana-lobez.jpg 2000w\" sizes=\"(max-width: 709px) 85vw, (max-width: 909px) 67vw, (max-width: 1362px) 62vw, 840px\" \/><\/figure>\n\n\n\n<p> <\/p>\n\n\n\n<p><strong><a href=\"https:\/\/www.andreaespier.com\/\">Andrea Espier<\/a><\/strong> a <strong><a href=\"https:\/\/pioneras.unizar.es\/rosa-matute-tofe\/\" target=\"_blank\" rel=\"noreferrer noopener\">Rosa Matute<\/a><\/strong>, primera practicanta de la Universidad de Zaragoza. <br><\/p>\n\n\n\n<figure class=\"wp-block-gallery has-nested-images columns-default is-cropped wp-block-gallery-3 is-layout-flex wp-block-gallery-is-layout-flex\">\n<figure class=\"wp-block-image size-large\"><img loading=\"lazy\" decoding=\"async\" width=\"1024\" height=\"768\" data-id=\"44609\" src=\"https:\/\/madeinzaragoza.es\/blog\/wp-content\/uploads\/2025\/10\/andrea-espier-1024x768.jpg\" alt=\"\" class=\"wp-image-44609\" srcset=\"http:\/\/madeinzaragoza.es\/blog\/wp-content\/uploads\/2025\/10\/andrea-espier-1024x768.jpg 1024w, http:\/\/madeinzaragoza.es\/blog\/wp-content\/uploads\/2025\/10\/andrea-espier-450x338.jpg 450w, http:\/\/madeinzaragoza.es\/blog\/wp-content\/uploads\/2025\/10\/andrea-espier-768x576.jpg 768w, http:\/\/madeinzaragoza.es\/blog\/wp-content\/uploads\/2025\/10\/andrea-espier-1536x1152.jpg 1536w, http:\/\/madeinzaragoza.es\/blog\/wp-content\/uploads\/2025\/10\/andrea-espier-1200x900.jpg 1200w, http:\/\/madeinzaragoza.es\/blog\/wp-content\/uploads\/2025\/10\/andrea-espier.jpg 2048w\" sizes=\"(max-width: 709px) 85vw, (max-width: 909px) 67vw, (max-width: 1362px) 62vw, 840px\" \/><\/figure>\n\n\n\n<figure class=\"wp-block-image size-large\"><img loading=\"lazy\" decoding=\"async\" width=\"1024\" height=\"765\" data-id=\"44608\" src=\"https:\/\/madeinzaragoza.es\/blog\/wp-content\/uploads\/2025\/10\/pioneras-ilustradas-blogssipgirl-011025-21-1024x765.jpg\" alt=\"\" class=\"wp-image-44608\" srcset=\"http:\/\/madeinzaragoza.es\/blog\/wp-content\/uploads\/2025\/10\/pioneras-ilustradas-blogssipgirl-011025-21-1024x765.jpg 1024w, http:\/\/madeinzaragoza.es\/blog\/wp-content\/uploads\/2025\/10\/pioneras-ilustradas-blogssipgirl-011025-21-450x336.jpg 450w, http:\/\/madeinzaragoza.es\/blog\/wp-content\/uploads\/2025\/10\/pioneras-ilustradas-blogssipgirl-011025-21-768x574.jpg 768w, http:\/\/madeinzaragoza.es\/blog\/wp-content\/uploads\/2025\/10\/pioneras-ilustradas-blogssipgirl-011025-21-1536x1148.jpg 1536w, http:\/\/madeinzaragoza.es\/blog\/wp-content\/uploads\/2025\/10\/pioneras-ilustradas-blogssipgirl-011025-21-1200x897.jpg 1200w, http:\/\/madeinzaragoza.es\/blog\/wp-content\/uploads\/2025\/10\/pioneras-ilustradas-blogssipgirl-011025-21.jpg 1600w\" sizes=\"(max-width: 709px) 85vw, (max-width: 909px) 67vw, (max-width: 1362px) 62vw, 840px\" \/><\/figure>\n<\/figure>\n\n\n\n<p> <\/p>\n\n\n\n<p><a style=\"font-weight: bold;\" href=\"https:\/\/madeinzaragoza.es\/blog\/christina-healy-holyoke-studio\/\">Christina Healy <\/a>a <strong><a href=\"https:\/\/pioneras.unizar.es\/mercedes-gironza-solanas\/\">Mercedes Gironza Solanas<\/a><\/strong>, cuarta mujer licenciada en Medicina en Zaragoza. <\/p>\n\n\n\n<figure class=\"wp-block-image size-large\"><img loading=\"lazy\" decoding=\"async\" width=\"768\" height=\"1024\" src=\"https:\/\/madeinzaragoza.es\/blog\/wp-content\/uploads\/2025\/10\/df81189f-46c0-4149-90f3-fcef5510dd0d-768x1024.jpg\" alt=\"\" class=\"wp-image-44610\" srcset=\"http:\/\/madeinzaragoza.es\/blog\/wp-content\/uploads\/2025\/10\/df81189f-46c0-4149-90f3-fcef5510dd0d-768x1024.jpg 768w, http:\/\/madeinzaragoza.es\/blog\/wp-content\/uploads\/2025\/10\/df81189f-46c0-4149-90f3-fcef5510dd0d-338x450.jpg 338w, http:\/\/madeinzaragoza.es\/blog\/wp-content\/uploads\/2025\/10\/df81189f-46c0-4149-90f3-fcef5510dd0d-1152x1536.jpg 1152w, http:\/\/madeinzaragoza.es\/blog\/wp-content\/uploads\/2025\/10\/df81189f-46c0-4149-90f3-fcef5510dd0d-1200x1600.jpg 1200w, http:\/\/madeinzaragoza.es\/blog\/wp-content\/uploads\/2025\/10\/df81189f-46c0-4149-90f3-fcef5510dd0d.jpg 1536w\" sizes=\"(max-width: 709px) 85vw, (max-width: 909px) 67vw, (max-width: 984px) 61vw, (max-width: 1362px) 45vw, 600px\" \/><\/figure>\n\n\n\n<p><\/p>\n\n\n\n<p><strong><a href=\"https:\/\/www.behance.net\/gallery\/152136933\/Portfolio-Clara-Brun-Basarte?fbclid=PAZXh0bgNhZW0CMTEAAafTVEm4_s221N4Kp82NdA1TPhozxtPa3Jtgo5G7kLhYpGDLzT7UjEvcyHXaLA_aem_Mlqb-kSCGy8gqTMC5us59Q\">Clara Brun Basarte<\/a><\/strong> a <strong><a href=\"https:\/\/pioneras.unizar.es\/carmen-moraleda-carrascal\/\">Carmen <\/a><a href=\"https:\/\/pioneras.unizar.es\/carmen-moraleda-carrascal\/\" target=\"_blank\" rel=\"noreferrer noopener\">Moraleda<\/a><a href=\"https:\/\/pioneras.unizar.es\/carmen-moraleda-carrascal\/\"> Carrascal<\/a><\/strong>, pionera en el \u00e1mbito de la medicina. <\/p>\n\n\n\n<figure class=\"wp-block-gallery has-nested-images columns-default is-cropped wp-block-gallery-4 is-layout-flex wp-block-gallery-is-layout-flex\">\n<figure class=\"wp-block-image size-full\"><img loading=\"lazy\" decoding=\"async\" width=\"480\" height=\"640\" data-id=\"44629\" src=\"https:\/\/madeinzaragoza.es\/blog\/wp-content\/uploads\/2025\/10\/clara.jpg\" alt=\"\" class=\"wp-image-44629\" srcset=\"http:\/\/madeinzaragoza.es\/blog\/wp-content\/uploads\/2025\/10\/clara.jpg 480w, http:\/\/madeinzaragoza.es\/blog\/wp-content\/uploads\/2025\/10\/clara-338x450.jpg 338w\" sizes=\"(max-width: 480px) 85vw, 480px\" \/><\/figure>\n<\/figure>\n\n\n\n<p><\/p>\n\n\n\n<p><strong><a href=\"https:\/\/evacortesilustra.com\/\">Eva Cort\u00e9s Jim\u00e9nez<\/a><\/strong> a <strong><a href=\"https:\/\/pioneras.unizar.es\/maria-de-la-consolacion-sanz-pastor-fernandez-de-pierola\/\" target=\"_blank\" rel=\"noreferrer noopener\">M\u00aa Consolaci\u00f3n Sanz-Pastor<\/a><\/strong>, primera generaci\u00f3n de mujeres que accedieron al Cuerpo Facultativo de Conservadores de Museos. <\/p>\n\n\n\n<figure class=\"wp-block-gallery has-nested-images columns-default is-cropped wp-block-gallery-5 is-layout-flex wp-block-gallery-is-layout-flex\">\n<figure class=\"wp-block-image size-large\"><img loading=\"lazy\" decoding=\"async\" width=\"1024\" height=\"683\" data-id=\"44626\" src=\"https:\/\/madeinzaragoza.es\/blog\/wp-content\/uploads\/2025\/10\/evacortesilustra-2-1-1024x683.jpg\" alt=\"\" class=\"wp-image-44626\" srcset=\"http:\/\/madeinzaragoza.es\/blog\/wp-content\/uploads\/2025\/10\/evacortesilustra-2-1-1024x683.jpg 1024w, http:\/\/madeinzaragoza.es\/blog\/wp-content\/uploads\/2025\/10\/evacortesilustra-2-1-450x300.jpg 450w, http:\/\/madeinzaragoza.es\/blog\/wp-content\/uploads\/2025\/10\/evacortesilustra-2-1-768x512.jpg 768w, http:\/\/madeinzaragoza.es\/blog\/wp-content\/uploads\/2025\/10\/evacortesilustra-2-1-1536x1024.jpg 1536w, http:\/\/madeinzaragoza.es\/blog\/wp-content\/uploads\/2025\/10\/evacortesilustra-2-1-2048x1365.jpg 2048w, http:\/\/madeinzaragoza.es\/blog\/wp-content\/uploads\/2025\/10\/evacortesilustra-2-1-1200x800.jpg 1200w\" sizes=\"(max-width: 709px) 85vw, (max-width: 909px) 67vw, (max-width: 1362px) 62vw, 840px\" \/><\/figure>\n\n\n\n<figure class=\"wp-block-image size-large\"><img loading=\"lazy\" decoding=\"async\" width=\"1024\" height=\"765\" data-id=\"44625\" src=\"https:\/\/madeinzaragoza.es\/blog\/wp-content\/uploads\/2025\/10\/pioneras-ilustradas-blogssipgirl-011025-3-eva-cortes-1024x765.jpg\" alt=\"\" class=\"wp-image-44625\" srcset=\"http:\/\/madeinzaragoza.es\/blog\/wp-content\/uploads\/2025\/10\/pioneras-ilustradas-blogssipgirl-011025-3-eva-cortes-1024x765.jpg 1024w, http:\/\/madeinzaragoza.es\/blog\/wp-content\/uploads\/2025\/10\/pioneras-ilustradas-blogssipgirl-011025-3-eva-cortes-450x336.jpg 450w, http:\/\/madeinzaragoza.es\/blog\/wp-content\/uploads\/2025\/10\/pioneras-ilustradas-blogssipgirl-011025-3-eva-cortes-768x574.jpg 768w, http:\/\/madeinzaragoza.es\/blog\/wp-content\/uploads\/2025\/10\/pioneras-ilustradas-blogssipgirl-011025-3-eva-cortes-1536x1148.jpg 1536w, http:\/\/madeinzaragoza.es\/blog\/wp-content\/uploads\/2025\/10\/pioneras-ilustradas-blogssipgirl-011025-3-eva-cortes-1200x897.jpg 1200w, http:\/\/madeinzaragoza.es\/blog\/wp-content\/uploads\/2025\/10\/pioneras-ilustradas-blogssipgirl-011025-3-eva-cortes.jpg 1600w\" sizes=\"(max-width: 709px) 85vw, (max-width: 909px) 67vw, (max-width: 1362px) 62vw, 840px\" \/><\/figure>\n<\/figure>\n\n\n\n<p><\/p>\n\n\n\n<p><strong><a href=\"https:\/\/helenapallares.com\/\">Helena Pallar\u00e9s<\/a><\/strong> a <strong><a href=\"https:\/\/pioneras.unizar.es\/asuncion-martinez-bara\/\" target=\"_blank\" rel=\"noreferrer noopener\">Asunci\u00f3n Mart\u00ednez Bara,<\/a><\/strong> fundadora del Instituto de Estudios Oscenses. <\/p>\n\n\n\n<figure class=\"wp-block-gallery has-nested-images columns-default is-cropped wp-block-gallery-6 is-layout-flex wp-block-gallery-is-layout-flex\">\n<figure class=\"wp-block-image size-large\"><img loading=\"lazy\" decoding=\"async\" width=\"480\" height=\"360\" data-id=\"44628\" src=\"https:\/\/madeinzaragoza.es\/blog\/wp-content\/uploads\/2025\/10\/helena-pallares.jpg\" alt=\"\" class=\"wp-image-44628\" srcset=\"http:\/\/madeinzaragoza.es\/blog\/wp-content\/uploads\/2025\/10\/helena-pallares.jpg 480w, http:\/\/madeinzaragoza.es\/blog\/wp-content\/uploads\/2025\/10\/helena-pallares-450x338.jpg 450w\" sizes=\"(max-width: 480px) 85vw, 480px\" \/><\/figure>\n\n\n\n<figure class=\"wp-block-image size-large\"><img loading=\"lazy\" decoding=\"async\" width=\"1024\" height=\"766\" data-id=\"44665\" src=\"https:\/\/madeinzaragoza.es\/blog\/wp-content\/uploads\/2025\/10\/pioneras-ilustradas-blogssipgirl-151025-11-helena-pallares-1024x766.jpg\" alt=\"\" class=\"wp-image-44665\" srcset=\"http:\/\/madeinzaragoza.es\/blog\/wp-content\/uploads\/2025\/10\/pioneras-ilustradas-blogssipgirl-151025-11-helena-pallares-1024x766.jpg 1024w, http:\/\/madeinzaragoza.es\/blog\/wp-content\/uploads\/2025\/10\/pioneras-ilustradas-blogssipgirl-151025-11-helena-pallares-450x337.jpg 450w, http:\/\/madeinzaragoza.es\/blog\/wp-content\/uploads\/2025\/10\/pioneras-ilustradas-blogssipgirl-151025-11-helena-pallares-768x574.jpg 768w, http:\/\/madeinzaragoza.es\/blog\/wp-content\/uploads\/2025\/10\/pioneras-ilustradas-blogssipgirl-151025-11-helena-pallares-1536x1149.jpg 1536w, http:\/\/madeinzaragoza.es\/blog\/wp-content\/uploads\/2025\/10\/pioneras-ilustradas-blogssipgirl-151025-11-helena-pallares-1200x898.jpg 1200w, http:\/\/madeinzaragoza.es\/blog\/wp-content\/uploads\/2025\/10\/pioneras-ilustradas-blogssipgirl-151025-11-helena-pallares.jpg 2000w\" sizes=\"(max-width: 709px) 85vw, (max-width: 909px) 67vw, (max-width: 1362px) 62vw, 840px\" \/><\/figure>\n<\/figure>\n\n\n\n<p><\/p>\n\n\n\n<p><a href=\"https:\/\/www.instagram.com\/ineso__\/\"><strong>In\u00e9s Oliveras Castillo<\/strong> <\/a>a <strong><a href=\"https:\/\/pioneras.unizar.es\/filomena-perez-urtasun\/\" target=\"_blank\" rel=\"noreferrer noopener\">Filomena P\u00e9rez Urtasun<\/a><\/strong>, primera matrona de la Universidad de Zaragoza. <\/p>\n\n\n\n<figure class=\"wp-block-gallery has-nested-images columns-default is-cropped wp-block-gallery-7 is-layout-flex wp-block-gallery-is-layout-flex\">\n<figure class=\"wp-block-image size-large\"><img loading=\"lazy\" decoding=\"async\" width=\"552\" height=\"368\" data-id=\"44640\" src=\"https:\/\/madeinzaragoza.es\/blog\/wp-content\/uploads\/2025\/10\/ineso.jpg\" alt=\"\" class=\"wp-image-44640\" srcset=\"http:\/\/madeinzaragoza.es\/blog\/wp-content\/uploads\/2025\/10\/ineso.jpg 552w, http:\/\/madeinzaragoza.es\/blog\/wp-content\/uploads\/2025\/10\/ineso-450x300.jpg 450w\" sizes=\"(max-width: 552px) 85vw, 552px\" \/><\/figure>\n\n\n\n<figure class=\"wp-block-image size-large\"><img loading=\"lazy\" decoding=\"async\" width=\"1024\" height=\"765\" data-id=\"44641\" src=\"https:\/\/madeinzaragoza.es\/blog\/wp-content\/uploads\/2025\/10\/pioneras-ilustradas-blogssipgirl-011025-28-ines-oliveras-1024x765.jpg\" alt=\"\" class=\"wp-image-44641\" srcset=\"http:\/\/madeinzaragoza.es\/blog\/wp-content\/uploads\/2025\/10\/pioneras-ilustradas-blogssipgirl-011025-28-ines-oliveras-1024x765.jpg 1024w, http:\/\/madeinzaragoza.es\/blog\/wp-content\/uploads\/2025\/10\/pioneras-ilustradas-blogssipgirl-011025-28-ines-oliveras-450x336.jpg 450w, http:\/\/madeinzaragoza.es\/blog\/wp-content\/uploads\/2025\/10\/pioneras-ilustradas-blogssipgirl-011025-28-ines-oliveras-768x574.jpg 768w, http:\/\/madeinzaragoza.es\/blog\/wp-content\/uploads\/2025\/10\/pioneras-ilustradas-blogssipgirl-011025-28-ines-oliveras-1536x1148.jpg 1536w, http:\/\/madeinzaragoza.es\/blog\/wp-content\/uploads\/2025\/10\/pioneras-ilustradas-blogssipgirl-011025-28-ines-oliveras-1200x897.jpg 1200w, http:\/\/madeinzaragoza.es\/blog\/wp-content\/uploads\/2025\/10\/pioneras-ilustradas-blogssipgirl-011025-28-ines-oliveras.jpg 1600w\" sizes=\"(max-width: 709px) 85vw, (max-width: 909px) 67vw, (max-width: 1362px) 62vw, 840px\" \/><\/figure>\n<\/figure>\n\n\n\n<p><br><strong><a href=\"https:\/\/www.jenkastudio.com\/\">Jenni K\u00e4rn\u00e4-Escalante<\/a><\/strong> a <strong><a href=\"https:\/\/pioneras.unizar.es\/enriqueta-castejon-anadon-2\/\" target=\"_blank\" rel=\"noreferrer noopener\">Mar\u00eda Enriqueta Castej\u00f3n<\/a><\/strong>, una de las primeras farmac\u00e9uticas en Espa\u00f1a. <\/p>\n\n\n\n<figure class=\"wp-block-gallery has-nested-images columns-default is-cropped wp-block-gallery-8 is-layout-flex wp-block-gallery-is-layout-flex\">\n<figure class=\"wp-block-image size-large\"><img loading=\"lazy\" decoding=\"async\" width=\"632\" height=\"1024\" data-id=\"44613\" src=\"https:\/\/madeinzaragoza.es\/blog\/wp-content\/uploads\/2025\/10\/jeni-karna-632x1024.jpg\" alt=\"\" class=\"wp-image-44613\" srcset=\"http:\/\/madeinzaragoza.es\/blog\/wp-content\/uploads\/2025\/10\/jeni-karna-632x1024.jpg 632w, http:\/\/madeinzaragoza.es\/blog\/wp-content\/uploads\/2025\/10\/jeni-karna-278x450.jpg 278w, http:\/\/madeinzaragoza.es\/blog\/wp-content\/uploads\/2025\/10\/jeni-karna-768x1244.jpg 768w, http:\/\/madeinzaragoza.es\/blog\/wp-content\/uploads\/2025\/10\/jeni-karna-948x1536.jpg 948w, http:\/\/madeinzaragoza.es\/blog\/wp-content\/uploads\/2025\/10\/jeni-karna.jpg 1187w\" sizes=\"(max-width: 709px) 85vw, (max-width: 909px) 67vw, (max-width: 984px) 61vw, (max-width: 1362px) 45vw, 600px\" \/><\/figure>\n<\/figure>\n\n\n\n<p><\/p>\n\n\n\n<p><a style=\"font-weight: bold;\" href=\"https:\/\/miaw-illustrations.myshopify.com\/\">Jesana Motilva <\/a>a <strong><a href=\"https:\/\/pioneras.unizar.es\/vicenta-ferreres-meseguer\/\">Vicenta Ferreres <\/a><a href=\"https:\/\/pioneras.unizar.es\/vicenta-ferreres-meseguer\/\" target=\"_blank\" rel=\"noreferrer noopener\">Meseguer<\/a><\/strong>, primera mujer en la Escuela Superior de Veterinaria de Zaragoza. <\/p>\n\n\n\n<figure class=\"wp-block-gallery has-nested-images columns-default is-cropped wp-block-gallery-9 is-layout-flex wp-block-gallery-is-layout-flex\">\n<figure class=\"wp-block-image size-full\"><img loading=\"lazy\" decoding=\"async\" width=\"480\" height=\"640\" data-id=\"44614\" src=\"https:\/\/madeinzaragoza.es\/blog\/wp-content\/uploads\/2025\/10\/jesanao.jpg\" alt=\"\" class=\"wp-image-44614\" srcset=\"http:\/\/madeinzaragoza.es\/blog\/wp-content\/uploads\/2025\/10\/jesanao.jpg 480w, http:\/\/madeinzaragoza.es\/blog\/wp-content\/uploads\/2025\/10\/jesanao-338x450.jpg 338w\" sizes=\"(max-width: 480px) 85vw, 480px\" \/><\/figure>\n<\/figure>\n\n\n\n<p><\/p>\n\n\n\n<p><strong><a href=\"https:\/\/www.julsenmoos.com\/\">Julsen Moos<\/a><\/strong> a <strong><a href=\"https:\/\/pioneras.unizar.es\/gregoria-brun-catarecha\/\" target=\"_blank\" rel=\"noreferrer noopener\">Gregoria Brun Catarecha<\/a><\/strong>, fundadora de la Escuela Normal de Maestras de Zaragoza. <\/p>\n\n\n\n<figure class=\"wp-block-gallery has-nested-images columns-default is-cropped wp-block-gallery-10 is-layout-flex wp-block-gallery-is-layout-flex\">\n<figure class=\"wp-block-image size-large\"><img loading=\"lazy\" decoding=\"async\" width=\"480\" height=\"693\" data-id=\"44676\" src=\"https:\/\/madeinzaragoza.es\/blog\/wp-content\/uploads\/2025\/10\/julsen-moos.jpg\" alt=\"\" class=\"wp-image-44676\" srcset=\"http:\/\/madeinzaragoza.es\/blog\/wp-content\/uploads\/2025\/10\/julsen-moos.jpg 480w, http:\/\/madeinzaragoza.es\/blog\/wp-content\/uploads\/2025\/10\/julsen-moos-312x450.jpg 312w\" sizes=\"(max-width: 480px) 85vw, 480px\" \/><\/figure>\n\n\n\n<figure class=\"wp-block-image size-large\"><img loading=\"lazy\" decoding=\"async\" width=\"1024\" height=\"765\" data-id=\"44677\" src=\"https:\/\/madeinzaragoza.es\/blog\/wp-content\/uploads\/2025\/10\/pioneras-ilustradas-blogssipgirl-011025-26-julsen-moos-1024x765.jpg\" alt=\"\" class=\"wp-image-44677\" srcset=\"http:\/\/madeinzaragoza.es\/blog\/wp-content\/uploads\/2025\/10\/pioneras-ilustradas-blogssipgirl-011025-26-julsen-moos-1024x765.jpg 1024w, http:\/\/madeinzaragoza.es\/blog\/wp-content\/uploads\/2025\/10\/pioneras-ilustradas-blogssipgirl-011025-26-julsen-moos-450x336.jpg 450w, http:\/\/madeinzaragoza.es\/blog\/wp-content\/uploads\/2025\/10\/pioneras-ilustradas-blogssipgirl-011025-26-julsen-moos-768x574.jpg 768w, http:\/\/madeinzaragoza.es\/blog\/wp-content\/uploads\/2025\/10\/pioneras-ilustradas-blogssipgirl-011025-26-julsen-moos-1536x1148.jpg 1536w, http:\/\/madeinzaragoza.es\/blog\/wp-content\/uploads\/2025\/10\/pioneras-ilustradas-blogssipgirl-011025-26-julsen-moos-1200x897.jpg 1200w, http:\/\/madeinzaragoza.es\/blog\/wp-content\/uploads\/2025\/10\/pioneras-ilustradas-blogssipgirl-011025-26-julsen-moos.jpg 1600w\" sizes=\"(max-width: 709px) 85vw, (max-width: 909px) 67vw, (max-width: 1362px) 62vw, 840px\" \/><\/figure>\n<\/figure>\n\n\n\n<p><strong><a href=\"https:\/\/marinamontero.com\/\">Marina Montero<\/a><\/strong> a <strong><a href=\"https:\/\/pioneras.unizar.es\/isabel-leon-pueyo-2\/\" target=\"_blank\" rel=\"noreferrer noopener\">Isabel Le\u00f3n Pueyo,<\/a><\/strong> segunda licenciada en Qu\u00edmicas en la Universidad de Zaragoza y con premio extraordinario. <\/p>\n\n\n\n<figure class=\"wp-block-gallery has-nested-images columns-default is-cropped wp-block-gallery-11 is-layout-flex wp-block-gallery-is-layout-flex\">\n<figure class=\"wp-block-image size-large\"><img loading=\"lazy\" decoding=\"async\" width=\"480\" height=\"384\" data-id=\"44616\" src=\"https:\/\/madeinzaragoza.es\/blog\/wp-content\/uploads\/2025\/10\/marina-montero.jpg\" alt=\"\" class=\"wp-image-44616\" srcset=\"http:\/\/madeinzaragoza.es\/blog\/wp-content\/uploads\/2025\/10\/marina-montero.jpg 480w, http:\/\/madeinzaragoza.es\/blog\/wp-content\/uploads\/2025\/10\/marina-montero-450x360.jpg 450w\" sizes=\"(max-width: 480px) 85vw, 480px\" \/><\/figure>\n\n\n\n<figure class=\"wp-block-image size-large\"><img loading=\"lazy\" decoding=\"async\" width=\"600\" height=\"375\" data-id=\"44615\" src=\"https:\/\/madeinzaragoza.es\/blog\/wp-content\/uploads\/2025\/10\/marina-montero1.jpg\" alt=\"\" class=\"wp-image-44615\" srcset=\"http:\/\/madeinzaragoza.es\/blog\/wp-content\/uploads\/2025\/10\/marina-montero1.jpg 600w, http:\/\/madeinzaragoza.es\/blog\/wp-content\/uploads\/2025\/10\/marina-montero1-450x281.jpg 450w\" sizes=\"(max-width: 709px) 85vw, (max-width: 909px) 67vw, (max-width: 984px) 61vw, (max-width: 1362px) 45vw, 600px\" \/><\/figure>\n<\/figure>\n\n\n\n<p><\/p>\n\n\n\n<p><a style=\"font-weight: bold;\" href=\"https:\/\/www.behance.net\/marinandome\">Marina Velasc<\/a> a <strong><a href=\"https:\/\/pioneras.unizar.es\/vicenta-esponera-andres\/\" target=\"_blank\" rel=\"noreferrer noopener\">Vicenta Esponera Andr\u00e9s,<\/a><\/strong> religiosa y de la primera generaci\u00f3n de tituladas en Ciencias Exactas de la Universidad de Zaragoza.<\/p>\n\n\n\n<figure class=\"wp-block-gallery has-nested-images columns-default is-cropped wp-block-gallery-12 is-layout-flex wp-block-gallery-is-layout-flex\">\n<figure class=\"wp-block-image size-large\"><img loading=\"lazy\" decoding=\"async\" width=\"552\" height=\"368\" data-id=\"44617\" src=\"https:\/\/madeinzaragoza.es\/blog\/wp-content\/uploads\/2025\/10\/Marina-velasco.jpg\" alt=\"\" class=\"wp-image-44617\" srcset=\"http:\/\/madeinzaragoza.es\/blog\/wp-content\/uploads\/2025\/10\/Marina-velasco.jpg 552w, http:\/\/madeinzaragoza.es\/blog\/wp-content\/uploads\/2025\/10\/Marina-velasco-450x300.jpg 450w\" sizes=\"(max-width: 552px) 85vw, 552px\" \/><\/figure>\n\n\n\n<figure class=\"wp-block-image size-large\"><img loading=\"lazy\" decoding=\"async\" width=\"1024\" height=\"765\" data-id=\"44618\" src=\"https:\/\/madeinzaragoza.es\/blog\/wp-content\/uploads\/2025\/10\/pioneras-ilustradas-blogssipgirl-011025-10-marina-velasco-1024x765.jpg\" alt=\"\" class=\"wp-image-44618\" srcset=\"http:\/\/madeinzaragoza.es\/blog\/wp-content\/uploads\/2025\/10\/pioneras-ilustradas-blogssipgirl-011025-10-marina-velasco-1024x765.jpg 1024w, http:\/\/madeinzaragoza.es\/blog\/wp-content\/uploads\/2025\/10\/pioneras-ilustradas-blogssipgirl-011025-10-marina-velasco-450x336.jpg 450w, http:\/\/madeinzaragoza.es\/blog\/wp-content\/uploads\/2025\/10\/pioneras-ilustradas-blogssipgirl-011025-10-marina-velasco-768x574.jpg 768w, http:\/\/madeinzaragoza.es\/blog\/wp-content\/uploads\/2025\/10\/pioneras-ilustradas-blogssipgirl-011025-10-marina-velasco-1536x1148.jpg 1536w, http:\/\/madeinzaragoza.es\/blog\/wp-content\/uploads\/2025\/10\/pioneras-ilustradas-blogssipgirl-011025-10-marina-velasco-1200x897.jpg 1200w, http:\/\/madeinzaragoza.es\/blog\/wp-content\/uploads\/2025\/10\/pioneras-ilustradas-blogssipgirl-011025-10-marina-velasco.jpg 1600w\" sizes=\"(max-width: 709px) 85vw, (max-width: 909px) 67vw, (max-width: 1362px) 62vw, 840px\" \/><\/figure>\n<\/figure>\n\n\n\n<p><\/p>\n\n\n\n<p><strong><a href=\"https:\/\/madeinzaragoza.es\/blog\/rebeca-zarza-cuando-el-arte-semiabstracto-invade-los-espacios\/\">Rebeca Zarza<\/a><\/strong> a <strong><a href=\"https:\/\/pioneras.unizar.es\/maria-remon-lopez\/\" target=\"_blank\" rel=\"noreferrer noopener\">Mar\u00eda Rem\u00f3n L\u00f3pez<\/a><\/strong>, primera perita mercantil de Zaragoza. <\/p>\n\n\n\n<figure class=\"wp-block-gallery has-nested-images columns-default is-cropped wp-block-gallery-13 is-layout-flex wp-block-gallery-is-layout-flex\">\n<figure class=\"wp-block-image size-large\"><img loading=\"lazy\" decoding=\"async\" width=\"768\" height=\"1024\" data-id=\"44619\" src=\"https:\/\/madeinzaragoza.es\/blog\/wp-content\/uploads\/2025\/10\/rebeca-768x1024.jpg\" alt=\"\" class=\"wp-image-44619\" srcset=\"http:\/\/madeinzaragoza.es\/blog\/wp-content\/uploads\/2025\/10\/rebeca-768x1024.jpg 768w, http:\/\/madeinzaragoza.es\/blog\/wp-content\/uploads\/2025\/10\/rebeca-338x450.jpg 338w, http:\/\/madeinzaragoza.es\/blog\/wp-content\/uploads\/2025\/10\/rebeca-1152x1536.jpg 1152w, http:\/\/madeinzaragoza.es\/blog\/wp-content\/uploads\/2025\/10\/rebeca.jpg 1200w\" sizes=\"(max-width: 709px) 85vw, (max-width: 909px) 67vw, (max-width: 984px) 61vw, (max-width: 1362px) 45vw, 600px\" \/><\/figure>\n<\/figure>\n\n\n\n<p><\/p>\n\n\n\n<p><strong><a href=\"https:\/\/susanablasco.com\/\">Susana Blasco<\/a><\/strong> a <strong><a href=\"https:\/\/pioneras.unizar.es\/maria-remon-lopez\/\" target=\"_blank\" rel=\"noreferrer noopener\">Leonor Serrano Pablo<\/a><\/strong>, primera abogada en actuar en un juicio en la Audiencia de Barcelona.<\/p>\n\n\n\n<p><\/p>\n\n\n\n<figure class=\"wp-block-gallery has-nested-images columns-default is-cropped wp-block-gallery-14 is-layout-flex wp-block-gallery-is-layout-flex\">\n<figure class=\"wp-block-image size-full\"><img loading=\"lazy\" decoding=\"async\" width=\"480\" height=\"480\" data-id=\"44612\" src=\"http:\/\/madeinzaragoza.es\/blog\/wp-content\/uploads\/2025\/10\/Susana-Blasco.jpg\" alt=\"\" class=\"wp-image-44612\" srcset=\"http:\/\/madeinzaragoza.es\/blog\/wp-content\/uploads\/2025\/10\/Susana-Blasco.jpg 480w, http:\/\/madeinzaragoza.es\/blog\/wp-content\/uploads\/2025\/10\/Susana-Blasco-450x450.jpg 450w, http:\/\/madeinzaragoza.es\/blog\/wp-content\/uploads\/2025\/10\/Susana-Blasco-150x150.jpg 150w, http:\/\/madeinzaragoza.es\/blog\/wp-content\/uploads\/2025\/10\/Susana-Blasco-120x120.jpg 120w\" sizes=\"(max-width: 480px) 85vw, 480px\" \/><\/figure>\n\n\n\n<figure class=\"wp-block-image size-large\"><img loading=\"lazy\" decoding=\"async\" width=\"1024\" height=\"765\" data-id=\"44611\" src=\"http:\/\/madeinzaragoza.es\/blog\/wp-content\/uploads\/2025\/10\/pioneras-ilustradas-blogssipgirl-011025-13-susana-blasco-1024x765.jpg\" alt=\"\" class=\"wp-image-44611\" srcset=\"http:\/\/madeinzaragoza.es\/blog\/wp-content\/uploads\/2025\/10\/pioneras-ilustradas-blogssipgirl-011025-13-susana-blasco-1024x765.jpg 1024w, http:\/\/madeinzaragoza.es\/blog\/wp-content\/uploads\/2025\/10\/pioneras-ilustradas-blogssipgirl-011025-13-susana-blasco-450x336.jpg 450w, http:\/\/madeinzaragoza.es\/blog\/wp-content\/uploads\/2025\/10\/pioneras-ilustradas-blogssipgirl-011025-13-susana-blasco-768x574.jpg 768w, http:\/\/madeinzaragoza.es\/blog\/wp-content\/uploads\/2025\/10\/pioneras-ilustradas-blogssipgirl-011025-13-susana-blasco-1536x1148.jpg 1536w, http:\/\/madeinzaragoza.es\/blog\/wp-content\/uploads\/2025\/10\/pioneras-ilustradas-blogssipgirl-011025-13-susana-blasco-1200x897.jpg 1200w, http:\/\/madeinzaragoza.es\/blog\/wp-content\/uploads\/2025\/10\/pioneras-ilustradas-blogssipgirl-011025-13-susana-blasco.jpg 1600w\" sizes=\"(max-width: 709px) 85vw, (max-width: 909px) 67vw, (max-width: 1362px) 62vw, 840px\" \/><\/figure>\n<\/figure>\n\n\n\n<p><br>Cada una de estas creadoras aporta su propio lenguaje visual, su sensibilidad y su universo art\u00edstico, logrando que las pioneras universitarias vuelvan a dialogar con el presente. El resultado es una exposici\u00f3n llena de emoci\u00f3n, color y memoria colectiva, donde el arte se convierte en un veh\u00edculo para reivindicar la historia de las mujeres que abrieron caminos.<\/p>\n\n\n\n<p><br><strong>Fechas y horarios: <\/strong>Hasta el 10 de enero de 2026.  De lunes a s\u00e1bados: de 11 a 14 y de 17 a 21h \/ Festivos autorizados: de 11 a 14h \/ Entrada libre hasta completar aforo.<\/p>\n\n\n\n<p><strong>Lugar:<\/strong> Sala \u00c1frica Ibarra. Edificio Paraninfo (Plaza Basilio Para\u00edso, 4). Zaragoza.<\/p>\n\n\n\n<p><\/p>\n\n\n\n<figure class=\"wp-block-gallery has-nested-images columns-default is-cropped wp-block-gallery-15 is-layout-flex wp-block-gallery-is-layout-flex\">\n<figure class=\"wp-block-image size-large\"><img loading=\"lazy\" decoding=\"async\" width=\"1024\" height=\"766\" data-id=\"44670\" src=\"https:\/\/madeinzaragoza.es\/blog\/wp-content\/uploads\/2025\/10\/pioneras-ilustradas-blogssipgirl-151025-1-1024x766.jpg\" alt=\"\" class=\"wp-image-44670\" srcset=\"http:\/\/madeinzaragoza.es\/blog\/wp-content\/uploads\/2025\/10\/pioneras-ilustradas-blogssipgirl-151025-1-1024x766.jpg 1024w, http:\/\/madeinzaragoza.es\/blog\/wp-content\/uploads\/2025\/10\/pioneras-ilustradas-blogssipgirl-151025-1-450x337.jpg 450w, http:\/\/madeinzaragoza.es\/blog\/wp-content\/uploads\/2025\/10\/pioneras-ilustradas-blogssipgirl-151025-1-768x574.jpg 768w, http:\/\/madeinzaragoza.es\/blog\/wp-content\/uploads\/2025\/10\/pioneras-ilustradas-blogssipgirl-151025-1-1536x1149.jpg 1536w, http:\/\/madeinzaragoza.es\/blog\/wp-content\/uploads\/2025\/10\/pioneras-ilustradas-blogssipgirl-151025-1-1200x898.jpg 1200w, http:\/\/madeinzaragoza.es\/blog\/wp-content\/uploads\/2025\/10\/pioneras-ilustradas-blogssipgirl-151025-1.jpg 2000w\" sizes=\"(max-width: 709px) 85vw, (max-width: 909px) 67vw, (max-width: 1362px) 62vw, 840px\" \/><\/figure>\n\n\n\n<figure class=\"wp-block-image size-large\"><img loading=\"lazy\" decoding=\"async\" width=\"1024\" height=\"766\" data-id=\"44671\" src=\"https:\/\/madeinzaragoza.es\/blog\/wp-content\/uploads\/2025\/10\/pioneras-ilustradas-blogssipgirl-151025-5-1024x766.jpg\" alt=\"\" class=\"wp-image-44671\" srcset=\"http:\/\/madeinzaragoza.es\/blog\/wp-content\/uploads\/2025\/10\/pioneras-ilustradas-blogssipgirl-151025-5-1024x766.jpg 1024w, http:\/\/madeinzaragoza.es\/blog\/wp-content\/uploads\/2025\/10\/pioneras-ilustradas-blogssipgirl-151025-5-450x337.jpg 450w, http:\/\/madeinzaragoza.es\/blog\/wp-content\/uploads\/2025\/10\/pioneras-ilustradas-blogssipgirl-151025-5-768x574.jpg 768w, http:\/\/madeinzaragoza.es\/blog\/wp-content\/uploads\/2025\/10\/pioneras-ilustradas-blogssipgirl-151025-5-1536x1149.jpg 1536w, http:\/\/madeinzaragoza.es\/blog\/wp-content\/uploads\/2025\/10\/pioneras-ilustradas-blogssipgirl-151025-5-1200x898.jpg 1200w, http:\/\/madeinzaragoza.es\/blog\/wp-content\/uploads\/2025\/10\/pioneras-ilustradas-blogssipgirl-151025-5.jpg 2000w\" sizes=\"(max-width: 709px) 85vw, (max-width: 909px) 67vw, (max-width: 1362px) 62vw, 840px\" \/><\/figure>\n\n\n\n<figure class=\"wp-block-image size-large\"><img loading=\"lazy\" decoding=\"async\" width=\"1024\" height=\"766\" data-id=\"44672\" src=\"https:\/\/madeinzaragoza.es\/blog\/wp-content\/uploads\/2025\/10\/pioneras-ilustradas-blogssipgirl-151025-6-1024x766.jpg\" alt=\"\" class=\"wp-image-44672\" srcset=\"http:\/\/madeinzaragoza.es\/blog\/wp-content\/uploads\/2025\/10\/pioneras-ilustradas-blogssipgirl-151025-6-1024x766.jpg 1024w, http:\/\/madeinzaragoza.es\/blog\/wp-content\/uploads\/2025\/10\/pioneras-ilustradas-blogssipgirl-151025-6-450x337.jpg 450w, http:\/\/madeinzaragoza.es\/blog\/wp-content\/uploads\/2025\/10\/pioneras-ilustradas-blogssipgirl-151025-6-768x574.jpg 768w, http:\/\/madeinzaragoza.es\/blog\/wp-content\/uploads\/2025\/10\/pioneras-ilustradas-blogssipgirl-151025-6-1536x1149.jpg 1536w, http:\/\/madeinzaragoza.es\/blog\/wp-content\/uploads\/2025\/10\/pioneras-ilustradas-blogssipgirl-151025-6-1200x898.jpg 1200w, http:\/\/madeinzaragoza.es\/blog\/wp-content\/uploads\/2025\/10\/pioneras-ilustradas-blogssipgirl-151025-6.jpg 2000w\" sizes=\"(max-width: 709px) 85vw, (max-width: 909px) 67vw, (max-width: 1362px) 62vw, 840px\" \/><\/figure>\n<\/figure>\n\n\n\n<p><br><strong>M\u00e1s informaci\u00f3n acerca de actividades culturales de la Universidad de Zaragoza<\/strong>: En la <strong><a href=\"https:\/\/cultura.unizar.es\/presentaci%C3%B3n\">web<\/a><\/strong>, por <strong><a href=\"https:\/\/www.instagram.com\/culturauz\/?hl=es\">Instagram<\/a><\/strong>, <strong><a href=\"https:\/\/x.com\/culturauz\">X<\/a><\/strong>, <strong><a href=\"https:\/\/www.facebook.com\/culturauz\">Facebook<\/a><\/strong>, en <strong><a href=\"https:\/\/www.youtube.com\/user\/CulturaUnizar\">YouTube<\/a><\/strong>. <br><\/p>\n","protected":false},"excerpt":{"rendered":"<p>Mujeres brillantes que abrieron camino cuando casi todo estaba por conquistar. Estudiantes valientes, con mentes curiosas y decididas, que hicieron historia en las aulas de la Universidad de Zaragoza. Hoy, sus vidas y su legado vuelven a cobrar luz y color gracias al talento de un grupo excepcional de ilustradoras aragonesas. \u201cPioneras ilustradas II\u201d es &hellip; <a href=\"http:\/\/madeinzaragoza.es\/blog\/pioneras-ilustradas-ii-ilustrando-a-las-primeras-universitarias-zaragozanas\/\" class=\"more-link\">Continuar leyendo<span class=\"screen-reader-text\"> \u00abPioneras ilustradas II, ilustrando a las primeras universitarias zaragozanas\u00bb<\/span><\/a><\/p>\n","protected":false},"author":4,"featured_media":44669,"comment_status":"open","ping_status":"open","sticky":false,"template":"","format":"standard","meta":{"footnotes":""},"categories":[829,7],"tags":[],"yoast_head":"<!-- This site is optimized with the Yoast SEO plugin v19.7.2 - https:\/\/yoast.com\/wordpress\/plugins\/seo\/ -->\n<title>Pioneras ilustradas II, ilustrando a las primeras universitarias zaragozanas - Made in Zaragoza<\/title>\n<meta name=\"description\" content=\"Mujeres brillantes y valientes que abrieron camino en la Universidad de Zaragoza cobran vida en Pioneras Ilustradas, la exposici\u00f3n del Paraninfo que une arte e historia a trav\u00e9s del talento de ilustradoras aragonesas.\" \/>\n<meta name=\"robots\" content=\"index, follow, max-snippet:-1, max-image-preview:large, max-video-preview:-1\" \/>\n<link rel=\"canonical\" href=\"http:\/\/madeinzaragoza.es\/blog\/pioneras-ilustradas-ii-ilustrando-a-las-primeras-universitarias-zaragozanas\/\" \/>\n<meta property=\"og:locale\" content=\"es_ES\" \/>\n<meta property=\"og:type\" content=\"article\" \/>\n<meta property=\"og:title\" content=\"Pioneras ilustradas II, ilustrando a las primeras universitarias zaragozanas - Made in Zaragoza\" \/>\n<meta property=\"og:description\" content=\"Mujeres brillantes y valientes que abrieron camino en la Universidad de Zaragoza cobran vida en Pioneras Ilustradas, la exposici\u00f3n del Paraninfo que une arte e historia a trav\u00e9s del talento de ilustradoras aragonesas.\" \/>\n<meta property=\"og:url\" content=\"http:\/\/madeinzaragoza.es\/blog\/pioneras-ilustradas-ii-ilustrando-a-las-primeras-universitarias-zaragozanas\/\" \/>\n<meta property=\"og:site_name\" content=\"Made in Zaragoza\" \/>\n<meta property=\"article:publisher\" content=\"https:\/\/www.facebook.com\/madeinzaragoza.es\/\" \/>\n<meta property=\"article:author\" content=\"blogssipgirl\/197083753685798\" \/>\n<meta property=\"article:published_time\" content=\"2025-11-04T11:42:30+00:00\" \/>\n<meta property=\"article:modified_time\" content=\"2025-11-12T11:43:04+00:00\" \/>\n<meta property=\"og:image\" content=\"http:\/\/madeinzaragoza.es\/blog\/wp-content\/uploads\/2025\/10\/pioneras-ilustradas-blogssipgirl-011025-port.jpg\" \/>\n\t<meta property=\"og:image:width\" content=\"2000\" \/>\n\t<meta property=\"og:image:height\" content=\"1193\" \/>\n\t<meta property=\"og:image:type\" content=\"image\/jpeg\" \/>\n<meta name=\"author\" content=\"Blogssipgirl\" \/>\n<meta name=\"twitter:card\" content=\"summary\" \/>\n<meta name=\"twitter:creator\" content=\"@blogssipgirl1\" \/>\n<meta name=\"twitter:site\" content=\"@madeinzaragoza\" \/>\n<meta name=\"twitter:label1\" content=\"Escrito por\" \/>\n\t<meta name=\"twitter:data1\" content=\"Blogssipgirl\" \/>\n\t<meta name=\"twitter:label2\" content=\"Tiempo de lectura\" \/>\n\t<meta name=\"twitter:data2\" content=\"3 minutos\" \/>\n<script type=\"application\/ld+json\" class=\"yoast-schema-graph\">{\"@context\":\"https:\/\/schema.org\",\"@graph\":[{\"@type\":\"Article\",\"@id\":\"http:\/\/madeinzaragoza.es\/blog\/pioneras-ilustradas-ii-ilustrando-a-las-primeras-universitarias-zaragozanas\/#article\",\"isPartOf\":{\"@id\":\"http:\/\/madeinzaragoza.es\/blog\/pioneras-ilustradas-ii-ilustrando-a-las-primeras-universitarias-zaragozanas\/\"},\"author\":{\"name\":\"Blogssipgirl\",\"@id\":\"https:\/\/madeinzaragoza.es\/blog\/#\/schema\/person\/b6199e649857e868c4cf0717b007a717\"},\"headline\":\"Pioneras ilustradas II, ilustrando a las primeras universitarias zaragozanas\",\"datePublished\":\"2025-11-04T11:42:30+00:00\",\"dateModified\":\"2025-11-12T11:43:04+00:00\",\"mainEntityOfPage\":{\"@id\":\"http:\/\/madeinzaragoza.es\/blog\/pioneras-ilustradas-ii-ilustrando-a-las-primeras-universitarias-zaragozanas\/\"},\"wordCount\":601,\"commentCount\":0,\"publisher\":{\"@id\":\"https:\/\/madeinzaragoza.es\/blog\/#organization\"},\"articleSection\":[\"Cultura\",\"Qu\u00e9 hacer\"],\"inLanguage\":\"es\",\"potentialAction\":[{\"@type\":\"CommentAction\",\"name\":\"Comment\",\"target\":[\"http:\/\/madeinzaragoza.es\/blog\/pioneras-ilustradas-ii-ilustrando-a-las-primeras-universitarias-zaragozanas\/#respond\"]}]},{\"@type\":\"WebPage\",\"@id\":\"http:\/\/madeinzaragoza.es\/blog\/pioneras-ilustradas-ii-ilustrando-a-las-primeras-universitarias-zaragozanas\/\",\"url\":\"http:\/\/madeinzaragoza.es\/blog\/pioneras-ilustradas-ii-ilustrando-a-las-primeras-universitarias-zaragozanas\/\",\"name\":\"Pioneras ilustradas II, ilustrando a las primeras universitarias zaragozanas - Made in Zaragoza\",\"isPartOf\":{\"@id\":\"https:\/\/madeinzaragoza.es\/blog\/#website\"},\"datePublished\":\"2025-11-04T11:42:30+00:00\",\"dateModified\":\"2025-11-12T11:43:04+00:00\",\"description\":\"Mujeres brillantes y valientes que abrieron camino en la Universidad de Zaragoza cobran vida en Pioneras Ilustradas, la exposici\u00f3n del Paraninfo que une arte e historia a trav\u00e9s del talento de ilustradoras aragonesas.\",\"breadcrumb\":{\"@id\":\"http:\/\/madeinzaragoza.es\/blog\/pioneras-ilustradas-ii-ilustrando-a-las-primeras-universitarias-zaragozanas\/#breadcrumb\"},\"inLanguage\":\"es\",\"potentialAction\":[{\"@type\":\"ReadAction\",\"target\":[\"http:\/\/madeinzaragoza.es\/blog\/pioneras-ilustradas-ii-ilustrando-a-las-primeras-universitarias-zaragozanas\/\"]}]},{\"@type\":\"BreadcrumbList\",\"@id\":\"http:\/\/madeinzaragoza.es\/blog\/pioneras-ilustradas-ii-ilustrando-a-las-primeras-universitarias-zaragozanas\/#breadcrumb\",\"itemListElement\":[{\"@type\":\"ListItem\",\"position\":1,\"name\":\"Portada\",\"item\":\"https:\/\/madeinzaragoza.es\/blog\/\"},{\"@type\":\"ListItem\",\"position\":2,\"name\":\"Pioneras ilustradas II, ilustrando a las primeras universitarias zaragozanas\"}]},{\"@type\":\"WebSite\",\"@id\":\"https:\/\/madeinzaragoza.es\/blog\/#website\",\"url\":\"https:\/\/madeinzaragoza.es\/blog\/\",\"name\":\"Made in Zaragoza\",\"description\":\"Blog de MadeinZGZ, Red de Econom\u00eda Creativa de Zaragoza\",\"publisher\":{\"@id\":\"https:\/\/madeinzaragoza.es\/blog\/#organization\"},\"potentialAction\":[{\"@type\":\"SearchAction\",\"target\":{\"@type\":\"EntryPoint\",\"urlTemplate\":\"https:\/\/madeinzaragoza.es\/blog\/?s={search_term_string}\"},\"query-input\":\"required name=search_term_string\"}],\"inLanguage\":\"es\"},{\"@type\":\"Organization\",\"@id\":\"https:\/\/madeinzaragoza.es\/blog\/#organization\",\"name\":\"Made In Zaragoza\",\"url\":\"https:\/\/madeinzaragoza.es\/blog\/\",\"sameAs\":[\"https:\/\/www.instagram.com\/madeinzaragoza.es\/\",\"https:\/\/www.facebook.com\/madeinzaragoza.es\/\",\"https:\/\/twitter.com\/madeinzaragoza\"],\"logo\":{\"@type\":\"ImageObject\",\"inLanguage\":\"es\",\"@id\":\"https:\/\/madeinzaragoza.es\/blog\/#\/schema\/logo\/image\/\",\"url\":\"https:\/\/madeinzaragoza.es\/blog\/wp-content\/uploads\/2022\/05\/logo.png\",\"contentUrl\":\"https:\/\/madeinzaragoza.es\/blog\/wp-content\/uploads\/2022\/05\/logo.png\",\"width\":193,\"height\":176,\"caption\":\"Made In Zaragoza\"},\"image\":{\"@id\":\"https:\/\/madeinzaragoza.es\/blog\/#\/schema\/logo\/image\/\"}},{\"@type\":\"Person\",\"@id\":\"https:\/\/madeinzaragoza.es\/blog\/#\/schema\/person\/b6199e649857e868c4cf0717b007a717\",\"name\":\"Blogssipgirl\",\"image\":{\"@type\":\"ImageObject\",\"inLanguage\":\"es\",\"@id\":\"https:\/\/madeinzaragoza.es\/blog\/#\/schema\/person\/image\/\",\"url\":\"http:\/\/0.gravatar.com\/avatar\/6171ea2cd2ec17b189583c580ab912a7?s=96&d=mm&r=g\",\"contentUrl\":\"http:\/\/0.gravatar.com\/avatar\/6171ea2cd2ec17b189583c580ab912a7?s=96&d=mm&r=g\",\"caption\":\"Blogssipgirl\"},\"description\":\"Organizadora de eventos, editora de blogs y gestora de RRSS. Y como hobby, bloguera: Blogssipgirl es mi alterego... Me gusta moverme por las redes sociales y colaborar en miles de proyectos, no s\u00e9 estar quieta. Me apasiona la moda y el buen gusto, adoro los peque\u00f1os placeres como pasear y disfrutar de mi familia y amigos.\",\"sameAs\":[\"http:\/\/blogssipgirl.blogspot.com\",\"blogssipgirl\/197083753685798\",\"https:\/\/twitter.com\/blogssipgirl1\"],\"url\":\"http:\/\/madeinzaragoza.es\/blog\/author\/blogssipgirl\/\"}]}<\/script>\n<!-- \/ Yoast SEO plugin. -->","yoast_head_json":{"title":"Pioneras ilustradas II, ilustrando a las primeras universitarias zaragozanas - Made in Zaragoza","description":"Mujeres brillantes y valientes que abrieron camino en la Universidad de Zaragoza cobran vida en Pioneras Ilustradas, la exposici\u00f3n del Paraninfo que une arte e historia a trav\u00e9s del talento de ilustradoras aragonesas.","robots":{"index":"index","follow":"follow","max-snippet":"max-snippet:-1","max-image-preview":"max-image-preview:large","max-video-preview":"max-video-preview:-1"},"canonical":"http:\/\/madeinzaragoza.es\/blog\/pioneras-ilustradas-ii-ilustrando-a-las-primeras-universitarias-zaragozanas\/","og_locale":"es_ES","og_type":"article","og_title":"Pioneras ilustradas II, ilustrando a las primeras universitarias zaragozanas - Made in Zaragoza","og_description":"Mujeres brillantes y valientes que abrieron camino en la Universidad de Zaragoza cobran vida en Pioneras Ilustradas, la exposici\u00f3n del Paraninfo que une arte e historia a trav\u00e9s del talento de ilustradoras aragonesas.","og_url":"http:\/\/madeinzaragoza.es\/blog\/pioneras-ilustradas-ii-ilustrando-a-las-primeras-universitarias-zaragozanas\/","og_site_name":"Made in Zaragoza","article_publisher":"https:\/\/www.facebook.com\/madeinzaragoza.es\/","article_author":"blogssipgirl\/197083753685798","article_published_time":"2025-11-04T11:42:30+00:00","article_modified_time":"2025-11-12T11:43:04+00:00","og_image":[{"width":2000,"height":1193,"url":"http:\/\/madeinzaragoza.es\/blog\/wp-content\/uploads\/2025\/10\/pioneras-ilustradas-blogssipgirl-011025-port.jpg","type":"image\/jpeg"}],"author":"Blogssipgirl","twitter_card":"summary","twitter_creator":"@blogssipgirl1","twitter_site":"@madeinzaragoza","twitter_misc":{"Escrito por":"Blogssipgirl","Tiempo de lectura":"3 minutos"},"schema":{"@context":"https:\/\/schema.org","@graph":[{"@type":"Article","@id":"http:\/\/madeinzaragoza.es\/blog\/pioneras-ilustradas-ii-ilustrando-a-las-primeras-universitarias-zaragozanas\/#article","isPartOf":{"@id":"http:\/\/madeinzaragoza.es\/blog\/pioneras-ilustradas-ii-ilustrando-a-las-primeras-universitarias-zaragozanas\/"},"author":{"name":"Blogssipgirl","@id":"https:\/\/madeinzaragoza.es\/blog\/#\/schema\/person\/b6199e649857e868c4cf0717b007a717"},"headline":"Pioneras ilustradas II, ilustrando a las primeras universitarias zaragozanas","datePublished":"2025-11-04T11:42:30+00:00","dateModified":"2025-11-12T11:43:04+00:00","mainEntityOfPage":{"@id":"http:\/\/madeinzaragoza.es\/blog\/pioneras-ilustradas-ii-ilustrando-a-las-primeras-universitarias-zaragozanas\/"},"wordCount":601,"commentCount":0,"publisher":{"@id":"https:\/\/madeinzaragoza.es\/blog\/#organization"},"articleSection":["Cultura","Qu\u00e9 hacer"],"inLanguage":"es","potentialAction":[{"@type":"CommentAction","name":"Comment","target":["http:\/\/madeinzaragoza.es\/blog\/pioneras-ilustradas-ii-ilustrando-a-las-primeras-universitarias-zaragozanas\/#respond"]}]},{"@type":"WebPage","@id":"http:\/\/madeinzaragoza.es\/blog\/pioneras-ilustradas-ii-ilustrando-a-las-primeras-universitarias-zaragozanas\/","url":"http:\/\/madeinzaragoza.es\/blog\/pioneras-ilustradas-ii-ilustrando-a-las-primeras-universitarias-zaragozanas\/","name":"Pioneras ilustradas II, ilustrando a las primeras universitarias zaragozanas - Made in Zaragoza","isPartOf":{"@id":"https:\/\/madeinzaragoza.es\/blog\/#website"},"datePublished":"2025-11-04T11:42:30+00:00","dateModified":"2025-11-12T11:43:04+00:00","description":"Mujeres brillantes y valientes que abrieron camino en la Universidad de Zaragoza cobran vida en Pioneras Ilustradas, la exposici\u00f3n del Paraninfo que une arte e historia a trav\u00e9s del talento de ilustradoras aragonesas.","breadcrumb":{"@id":"http:\/\/madeinzaragoza.es\/blog\/pioneras-ilustradas-ii-ilustrando-a-las-primeras-universitarias-zaragozanas\/#breadcrumb"},"inLanguage":"es","potentialAction":[{"@type":"ReadAction","target":["http:\/\/madeinzaragoza.es\/blog\/pioneras-ilustradas-ii-ilustrando-a-las-primeras-universitarias-zaragozanas\/"]}]},{"@type":"BreadcrumbList","@id":"http:\/\/madeinzaragoza.es\/blog\/pioneras-ilustradas-ii-ilustrando-a-las-primeras-universitarias-zaragozanas\/#breadcrumb","itemListElement":[{"@type":"ListItem","position":1,"name":"Portada","item":"https:\/\/madeinzaragoza.es\/blog\/"},{"@type":"ListItem","position":2,"name":"Pioneras ilustradas II, ilustrando a las primeras universitarias zaragozanas"}]},{"@type":"WebSite","@id":"https:\/\/madeinzaragoza.es\/blog\/#website","url":"https:\/\/madeinzaragoza.es\/blog\/","name":"Made in Zaragoza","description":"Blog de MadeinZGZ, Red de Econom\u00eda Creativa de Zaragoza","publisher":{"@id":"https:\/\/madeinzaragoza.es\/blog\/#organization"},"potentialAction":[{"@type":"SearchAction","target":{"@type":"EntryPoint","urlTemplate":"https:\/\/madeinzaragoza.es\/blog\/?s={search_term_string}"},"query-input":"required name=search_term_string"}],"inLanguage":"es"},{"@type":"Organization","@id":"https:\/\/madeinzaragoza.es\/blog\/#organization","name":"Made In Zaragoza","url":"https:\/\/madeinzaragoza.es\/blog\/","sameAs":["https:\/\/www.instagram.com\/madeinzaragoza.es\/","https:\/\/www.facebook.com\/madeinzaragoza.es\/","https:\/\/twitter.com\/madeinzaragoza"],"logo":{"@type":"ImageObject","inLanguage":"es","@id":"https:\/\/madeinzaragoza.es\/blog\/#\/schema\/logo\/image\/","url":"https:\/\/madeinzaragoza.es\/blog\/wp-content\/uploads\/2022\/05\/logo.png","contentUrl":"https:\/\/madeinzaragoza.es\/blog\/wp-content\/uploads\/2022\/05\/logo.png","width":193,"height":176,"caption":"Made In Zaragoza"},"image":{"@id":"https:\/\/madeinzaragoza.es\/blog\/#\/schema\/logo\/image\/"}},{"@type":"Person","@id":"https:\/\/madeinzaragoza.es\/blog\/#\/schema\/person\/b6199e649857e868c4cf0717b007a717","name":"Blogssipgirl","image":{"@type":"ImageObject","inLanguage":"es","@id":"https:\/\/madeinzaragoza.es\/blog\/#\/schema\/person\/image\/","url":"http:\/\/0.gravatar.com\/avatar\/6171ea2cd2ec17b189583c580ab912a7?s=96&d=mm&r=g","contentUrl":"http:\/\/0.gravatar.com\/avatar\/6171ea2cd2ec17b189583c580ab912a7?s=96&d=mm&r=g","caption":"Blogssipgirl"},"description":"Organizadora de eventos, editora de blogs y gestora de RRSS. Y como hobby, bloguera: Blogssipgirl es mi alterego... Me gusta moverme por las redes sociales y colaborar en miles de proyectos, no s\u00e9 estar quieta. Me apasiona la moda y el buen gusto, adoro los peque\u00f1os placeres como pasear y disfrutar de mi familia y amigos.","sameAs":["http:\/\/blogssipgirl.blogspot.com","blogssipgirl\/197083753685798","https:\/\/twitter.com\/blogssipgirl1"],"url":"http:\/\/madeinzaragoza.es\/blog\/author\/blogssipgirl\/"}]}},"_links":{"self":[{"href":"http:\/\/madeinzaragoza.es\/blog\/wp-json\/wp\/v2\/posts\/44602"}],"collection":[{"href":"http:\/\/madeinzaragoza.es\/blog\/wp-json\/wp\/v2\/posts"}],"about":[{"href":"http:\/\/madeinzaragoza.es\/blog\/wp-json\/wp\/v2\/types\/post"}],"author":[{"embeddable":true,"href":"http:\/\/madeinzaragoza.es\/blog\/wp-json\/wp\/v2\/users\/4"}],"replies":[{"embeddable":true,"href":"http:\/\/madeinzaragoza.es\/blog\/wp-json\/wp\/v2\/comments?post=44602"}],"version-history":[{"count":18,"href":"http:\/\/madeinzaragoza.es\/blog\/wp-json\/wp\/v2\/posts\/44602\/revisions"}],"predecessor-version":[{"id":44785,"href":"http:\/\/madeinzaragoza.es\/blog\/wp-json\/wp\/v2\/posts\/44602\/revisions\/44785"}],"wp:featuredmedia":[{"embeddable":true,"href":"http:\/\/madeinzaragoza.es\/blog\/wp-json\/wp\/v2\/media\/44669"}],"wp:attachment":[{"href":"http:\/\/madeinzaragoza.es\/blog\/wp-json\/wp\/v2\/media?parent=44602"}],"wp:term":[{"taxonomy":"category","embeddable":true,"href":"http:\/\/madeinzaragoza.es\/blog\/wp-json\/wp\/v2\/categories?post=44602"},{"taxonomy":"post_tag","embeddable":true,"href":"http:\/\/madeinzaragoza.es\/blog\/wp-json\/wp\/v2\/tags?post=44602"}],"curies":[{"name":"wp","href":"https:\/\/api.w.org\/{rel}","templated":true}]}}