{"id":44516,"date":"2025-09-18T10:47:16","date_gmt":"2025-09-18T09:47:16","guid":{"rendered":"https:\/\/madeinzaragoza.es\/blog\/?p=44516"},"modified":"2025-09-24T08:32:34","modified_gmt":"2025-09-24T07:32:34","slug":"talleres-fuego-y-alquimia","status":"publish","type":"post","link":"http:\/\/madeinzaragoza.es\/blog\/talleres-fuego-y-alquimia\/","title":{"rendered":"Fuego y Alquimia, una experiencia \u00fanica para crear tu propia vela arom\u00e1tica y bruma"},"content":{"rendered":"\n<p>Seguro que alguna vez has hecho un taller de cer\u00e1mica o has pintado un cuadro con tus amigas. Pero, \u00bfAlguna vez te has puesto en <strong>la piel de un alquimista<\/strong>?&nbsp;<\/p>\n\n\n\n<p>Hay planes dentro de la <a href=\"https:\/\/madeinzaragoza.es\/comercios\/categorias.php\">red de comercio creativo de Zaragoza<\/a> que sorprenden por lo especiales que son. Y este, sin duda, entra en esa lista.&nbsp;<\/p>\n\n\n\n<p><strong>Raquel y Pablo<\/strong>, creadores de<a href=\"https:\/\/fuegoyalquimia.com\/\" target=\"_blank\" rel=\"noreferrer noopener\"> <strong>Fuego y Alquimia<\/strong><\/a>, <strong>han dise\u00f1ado un<\/strong> <strong>taller<\/strong> donde los participantes no solo aprenden a <strong>hacer una vela o una bruma arom\u00e1tica<\/strong>: se convierten en <strong>verdaderos alquimistas<\/strong> por unas horas. <strong>Una experiencia sensorial, creativa y \u00fanica<\/strong> que va mucho m\u00e1s all\u00e1 de un simple taller artesanal.<\/p>\n\n\n\n<p>\u00a1Y c\u00f3mo no! No he podido resistirme a vivir esta maravillosa experiencia en primera persona. \u00bfVives la experiencia junto a mi?<\/p>\n\n\n\n<p>Si a\u00fan no conoc\u00e9is a esta pareja de artesanos y a sus m\u00e1gicas <strong><a href=\"https:\/\/fuegoyalquimia.com\/collections\/coleccion-cine-series-videojuegos\" target=\"_blank\" rel=\"noreferrer noopener\">velas y brumas inspiradas <\/a>en series<\/strong>, <strong>pel\u00edculas y folklore<\/strong>, puedes descubrir todos los detalles, <a href=\"https:\/\/madeinzaragoza.es\/blog\/fuego-y-alquimia-velas-artesanales-aromaticas\/\">aqu\u00ed.<\/a><\/p>\n\n\n\n<h2 class=\"wp-block-heading\"><strong>Una bienvenida m\u00e1gica<\/strong><\/h2>\n\n\n\n<p>El fin de semana puede empezar muy bien cuando tienes un taller artesanal por delante. As\u00ed que me acerqu\u00e9 hasta la <strong>C\/Cortes de Arag\u00f3n<\/strong> para realizar una creaci\u00f3n \u00fanica e irrepetible.<\/p>\n\n\n\n<p>El taller<strong> comenz\u00f3 con la cercan\u00eda que caracteriza a Raquel y Pablo<\/strong> y antes de ponernos manos a la obra, Pablo nos hizo una peque\u00f1a <strong>introducci\u00f3n sobre la marca y sobre la naturaleza y seguridad <\/strong>de los materiales que utilizan en todos sus productos artesanales.&nbsp;<br><\/p>\n\n\n\n<figure class=\"wp-block-gallery has-nested-images columns-default is-cropped wp-block-gallery-1 is-layout-flex wp-block-gallery-is-layout-flex\">\n<figure class=\"wp-block-image size-large\"><img loading=\"lazy\" decoding=\"async\" width=\"768\" height=\"1024\" data-id=\"44522\" src=\"https:\/\/madeinzaragoza.es\/blog\/wp-content\/uploads\/2025\/09\/talleres-Fuego-y-Alquimia-zaragoza-768x1024.png\" alt=\"\" class=\"wp-image-44522\" srcset=\"http:\/\/madeinzaragoza.es\/blog\/wp-content\/uploads\/2025\/09\/talleres-Fuego-y-Alquimia-zaragoza-768x1024.png 768w, http:\/\/madeinzaragoza.es\/blog\/wp-content\/uploads\/2025\/09\/talleres-Fuego-y-Alquimia-zaragoza-338x450.png 338w, http:\/\/madeinzaragoza.es\/blog\/wp-content\/uploads\/2025\/09\/talleres-Fuego-y-Alquimia-zaragoza-1152x1536.png 1152w, http:\/\/madeinzaragoza.es\/blog\/wp-content\/uploads\/2025\/09\/talleres-Fuego-y-Alquimia-zaragoza-1536x2048.png 1536w, http:\/\/madeinzaragoza.es\/blog\/wp-content\/uploads\/2025\/09\/talleres-Fuego-y-Alquimia-zaragoza-1200x1600.png 1200w\" sizes=\"(max-width: 709px) 85vw, (max-width: 909px) 67vw, (max-width: 984px) 61vw, (max-width: 1362px) 45vw, 600px\" \/><figcaption class=\"wp-element-caption\">Selecci\u00f3n aromas de la temporada de oto\u00f1o<\/figcaption><\/figure>\n\n\n\n<figure class=\"wp-block-image size-large\"><img loading=\"lazy\" decoding=\"async\" width=\"768\" height=\"1024\" data-id=\"44523\" src=\"https:\/\/madeinzaragoza.es\/blog\/wp-content\/uploads\/2025\/09\/talleres-Fuego-y-Alquimia-zaragoza_1-768x1024.png\" alt=\"\" class=\"wp-image-44523\" srcset=\"http:\/\/madeinzaragoza.es\/blog\/wp-content\/uploads\/2025\/09\/talleres-Fuego-y-Alquimia-zaragoza_1-768x1024.png 768w, http:\/\/madeinzaragoza.es\/blog\/wp-content\/uploads\/2025\/09\/talleres-Fuego-y-Alquimia-zaragoza_1-338x450.png 338w, http:\/\/madeinzaragoza.es\/blog\/wp-content\/uploads\/2025\/09\/talleres-Fuego-y-Alquimia-zaragoza_1-1152x1536.png 1152w, http:\/\/madeinzaragoza.es\/blog\/wp-content\/uploads\/2025\/09\/talleres-Fuego-y-Alquimia-zaragoza_1-1536x2048.png 1536w, http:\/\/madeinzaragoza.es\/blog\/wp-content\/uploads\/2025\/09\/talleres-Fuego-y-Alquimia-zaragoza_1-1200x1600.png 1200w\" sizes=\"(max-width: 709px) 85vw, (max-width: 909px) 67vw, (max-width: 984px) 61vw, (max-width: 1362px) 45vw, 600px\" \/><figcaption class=\"wp-element-caption\">Pablo de Fuego y Alquimia<\/figcaption><\/figure>\n<\/figure>\n\n\n\n<p><br>Sus velas est\u00e1n elaboradas con <strong>cera 100% de soja<\/strong>, <strong>mechas ecol\u00f3gicas y esencias de primera calidad<\/strong>, siempre <strong>libres de t\u00f3xicos y de componentes da\u00f1inos<\/strong> para la salud\u2026 Ya que aqu\u00ed, la creatividad no est\u00e1 re\u00f1ida con el bienestar y todo est\u00e1 pensado para que el proceso sea tan seguro como fascinante.<\/p>\n\n\n\n<h2 class=\"wp-block-heading\"><strong>Preparados para crear<\/strong><\/h2>\n\n\n\n<p>Con guantes y gafas puestos, empieza la aventura. Lo primero es <strong>elegir los aromas<\/strong>. <strong>Cada temporada, Pablo y Raquel seleccionan diferentes esencias<\/strong>, siempre relacionadas con el momento del a\u00f1o, lo que hace que cada taller sea irrepetible y puedas revivir la experiencia tantas veces como quieras.<\/p>\n\n\n\n<p>Despu\u00e9s de la selecci\u00f3n, te gu\u00edan en un peque\u00f1o <strong>an\u00e1lisis olfativo <\/strong>para que los aromas se combinen de la mejor forma y no se solapen unos con otros. As\u00ed consigues dar con la f\u00f3rmula que mejor represente tu esencia, recuerdo o sensaci\u00f3n que quieres evocar cada vez que prendas tu vela o refresques el ambiente con tu bruma.<\/p>\n\n\n\n<p><\/p>\n\n\n\n<figure class=\"wp-block-image size-large\"><img loading=\"lazy\" decoding=\"async\" width=\"1024\" height=\"768\" src=\"https:\/\/madeinzaragoza.es\/blog\/wp-content\/uploads\/2025\/09\/Peluqtaller-creacion-de-velas-y-brumas-aromaticas-1024x768.png\" alt=\"\" class=\"wp-image-44526\" srcset=\"http:\/\/madeinzaragoza.es\/blog\/wp-content\/uploads\/2025\/09\/Peluqtaller-creacion-de-velas-y-brumas-aromaticas-1024x768.png 1024w, http:\/\/madeinzaragoza.es\/blog\/wp-content\/uploads\/2025\/09\/Peluqtaller-creacion-de-velas-y-brumas-aromaticas-450x338.png 450w, http:\/\/madeinzaragoza.es\/blog\/wp-content\/uploads\/2025\/09\/Peluqtaller-creacion-de-velas-y-brumas-aromaticas-768x576.png 768w, http:\/\/madeinzaragoza.es\/blog\/wp-content\/uploads\/2025\/09\/Peluqtaller-creacion-de-velas-y-brumas-aromaticas-1536x1152.png 1536w, http:\/\/madeinzaragoza.es\/blog\/wp-content\/uploads\/2025\/09\/Peluqtaller-creacion-de-velas-y-brumas-aromaticas-2048x1536.png 2048w, http:\/\/madeinzaragoza.es\/blog\/wp-content\/uploads\/2025\/09\/Peluqtaller-creacion-de-velas-y-brumas-aromaticas-1200x900.png 1200w\" sizes=\"(max-width: 709px) 85vw, (max-width: 909px) 67vw, (max-width: 1362px) 62vw, 840px\" \/><\/figure>\n\n\n\n<p>La primera parada es la <strong>bruma arom\u00e1tica<\/strong>. Con pipetas y tubos de ensayo, comenzamos a <strong>mezclar las diferentes esencias<\/strong>. Ver c\u00f3mo los aromas reaccionan y se integran entre s\u00ed es un aut\u00e9ntico espect\u00e1culo visual.&nbsp;<\/p>\n\n\n\n<p>El resultado, una <strong>bruma personalizada<\/strong> que se agita suavemente y se envasa en un frasquito que deber\u00e1s dejar reposar 24 horas en la nevera para que alcance todo su potencial.<\/p>\n\n\n\n<p><\/p>\n\n\n\n<figure class=\"wp-block-gallery has-nested-images columns-default is-cropped wp-block-gallery-2 is-layout-flex wp-block-gallery-is-layout-flex\">\n<figure class=\"wp-block-image size-large\"><img loading=\"lazy\" decoding=\"async\" width=\"1024\" height=\"748\" data-id=\"44530\" src=\"https:\/\/madeinzaragoza.es\/blog\/wp-content\/uploads\/2025\/09\/talleres-Fuego-y-Alquimia-zaragoza_13-1024x748.png\" alt=\"\" class=\"wp-image-44530\" srcset=\"http:\/\/madeinzaragoza.es\/blog\/wp-content\/uploads\/2025\/09\/talleres-Fuego-y-Alquimia-zaragoza_13-1024x748.png 1024w, http:\/\/madeinzaragoza.es\/blog\/wp-content\/uploads\/2025\/09\/talleres-Fuego-y-Alquimia-zaragoza_13-450x329.png 450w, http:\/\/madeinzaragoza.es\/blog\/wp-content\/uploads\/2025\/09\/talleres-Fuego-y-Alquimia-zaragoza_13-768x561.png 768w, http:\/\/madeinzaragoza.es\/blog\/wp-content\/uploads\/2025\/09\/talleres-Fuego-y-Alquimia-zaragoza_13-1536x1122.png 1536w, http:\/\/madeinzaragoza.es\/blog\/wp-content\/uploads\/2025\/09\/talleres-Fuego-y-Alquimia-zaragoza_13-2048x1496.png 2048w, http:\/\/madeinzaragoza.es\/blog\/wp-content\/uploads\/2025\/09\/talleres-Fuego-y-Alquimia-zaragoza_13-1200x876.png 1200w\" sizes=\"(max-width: 709px) 85vw, (max-width: 909px) 67vw, (max-width: 1362px) 62vw, 840px\" \/><\/figure>\n<\/figure>\n\n\n\n<p><br>La segunda parte del taller es la creaci\u00f3n de la <strong>vela arom\u00e1tica<\/strong>. Aqu\u00ed la magia se multiplica. Mientras la cera (una mezcla de hasta 5 tipos diferentes) se va derritiendo lentamente, cada persona mezcla los diferentes aromas en otro tubo de ensayo para obtener una vela \u00fanica e irrepetible.<\/p>\n\n\n\n<p><strong>Pablo y Raquel<\/strong> est\u00e1n <strong>presentes en cada paso<\/strong>, ayud\u00e1ndote a medir las cantidades exactas para que predomine la nota principal sin que se pierdan los matices.<\/p>\n\n\n\n<p>Mientras remueves la cera en un recipiente de metal, a\u00f1ades tu mezcla de aromas. Despu\u00e9s, llega el momento de <strong>verterla en el frasco de cristal, fijar la mecha y dejar reposar<\/strong>.&nbsp;<\/p>\n\n\n\n<p>Una vez anotada la composici\u00f3n arom\u00e1tica de tu vela deber\u00e1s esperar a que Raquel y Pablo te avisen para recogerlas, ya que se encargan de realizar una <strong>decoraci\u00f3n totalmente personalizada<\/strong> para tu vela.<\/p>\n\n\n\n<p><\/p>\n\n\n\n<figure class=\"wp-block-gallery has-nested-images columns-default is-cropped wp-block-gallery-3 is-layout-flex wp-block-gallery-is-layout-flex\">\n<figure class=\"wp-block-image size-large\"><img loading=\"lazy\" decoding=\"async\" width=\"863\" height=\"1024\" data-id=\"44528\" src=\"https:\/\/madeinzaragoza.es\/blog\/wp-content\/uploads\/2025\/09\/talleres-Fuego-y-Alquimia-zaragoza_2-863x1024.png\" alt=\"\" class=\"wp-image-44528\" srcset=\"http:\/\/madeinzaragoza.es\/blog\/wp-content\/uploads\/2025\/09\/talleres-Fuego-y-Alquimia-zaragoza_2-863x1024.png 863w, http:\/\/madeinzaragoza.es\/blog\/wp-content\/uploads\/2025\/09\/talleres-Fuego-y-Alquimia-zaragoza_2-379x450.png 379w, http:\/\/madeinzaragoza.es\/blog\/wp-content\/uploads\/2025\/09\/talleres-Fuego-y-Alquimia-zaragoza_2-768x912.png 768w, http:\/\/madeinzaragoza.es\/blog\/wp-content\/uploads\/2025\/09\/talleres-Fuego-y-Alquimia-zaragoza_2-1294x1536.png 1294w, http:\/\/madeinzaragoza.es\/blog\/wp-content\/uploads\/2025\/09\/talleres-Fuego-y-Alquimia-zaragoza_2-1725x2048.png 1725w, http:\/\/madeinzaragoza.es\/blog\/wp-content\/uploads\/2025\/09\/talleres-Fuego-y-Alquimia-zaragoza_2-1200x1424.png 1200w\" sizes=\"(max-width: 709px) 85vw, (max-width: 909px) 67vw, (max-width: 1362px) 62vw, 840px\" \/><figcaption class=\"wp-element-caption\">Raquel y Pablo<\/figcaption><\/figure>\n\n\n\n<figure class=\"wp-block-image size-large\"><img loading=\"lazy\" decoding=\"async\" width=\"750\" height=\"1024\" data-id=\"44527\" src=\"https:\/\/madeinzaragoza.es\/blog\/wp-content\/uploads\/2025\/09\/talleres-Fuego-y-Alquimia-zaragoza_3-750x1024.png\" alt=\"\" class=\"wp-image-44527\" srcset=\"http:\/\/madeinzaragoza.es\/blog\/wp-content\/uploads\/2025\/09\/talleres-Fuego-y-Alquimia-zaragoza_3-750x1024.png 750w, http:\/\/madeinzaragoza.es\/blog\/wp-content\/uploads\/2025\/09\/talleres-Fuego-y-Alquimia-zaragoza_3-329x450.png 329w, http:\/\/madeinzaragoza.es\/blog\/wp-content\/uploads\/2025\/09\/talleres-Fuego-y-Alquimia-zaragoza_3-768x1049.png 768w, http:\/\/madeinzaragoza.es\/blog\/wp-content\/uploads\/2025\/09\/talleres-Fuego-y-Alquimia-zaragoza_3-1124x1536.png 1124w, http:\/\/madeinzaragoza.es\/blog\/wp-content\/uploads\/2025\/09\/talleres-Fuego-y-Alquimia-zaragoza_3-1499x2048.png 1499w, http:\/\/madeinzaragoza.es\/blog\/wp-content\/uploads\/2025\/09\/talleres-Fuego-y-Alquimia-zaragoza_3-1200x1639.png 1200w\" sizes=\"(max-width: 709px) 85vw, (max-width: 909px) 67vw, (max-width: 984px) 61vw, (max-width: 1362px) 45vw, 600px\" \/><figcaption class=\"wp-element-caption\">Medidas de aromas<\/figcaption><\/figure>\n<\/figure>\n\n\n\n<h2 class=\"wp-block-heading\"><br><strong>Nuevo taller relacionado con los signos del zodiaco<\/strong><\/h2>\n\n\n\n<p>Esta pareja siempre est\u00e1 creando. A su oferta de talleres, acaban de a\u00f1adir un taller especial y de edici\u00f3n limitada <strong>relacionado con los signos del zodiaco<\/strong>, donde cada aroma estar\u00e1 inspirado en la energ\u00eda de cada signo. <\/p>\n\n\n\n<p>Una experiencia que promete unir astrolog\u00eda y alquimia en una cita \u00fanica.<\/p>\n\n\n\n<p><\/p>\n\n\n\n<h2 class=\"wp-block-heading\"><strong>Un plan diferente en Zaragoza<\/strong><\/h2>\n\n\n\n<p>Estos talleres no solo son un proceso creativo. Tambi\u00e9n son un <strong>momento de calma, de juego, de conexi\u00f3n con los sentidos<\/strong>. Descubre lo hipn\u00f3tico que puede ser observar c\u00f3mo se integran los aromas, lo gratificante de dise\u00f1ar algo propio desde cero y la satisfacci\u00f3n de llevarte a casa una pieza \u00fanica que has creado con tus manos.<\/p>\n\n\n\n<p>El grupo reducido (Max 10-12 personas) hace que la experiencia sea a\u00fan m\u00e1s especial: hay <strong>tiempo para charlar, para preguntar y para dejarse inspirar por la pasi\u00f3n de estos creativos.<\/strong> No hay prisa, no hay manuales r\u00edgidos: solo la magia de crear y dejarte llevar por el olfato.<\/p>\n\n\n\n<p>Vivir este taller es <strong>entender mejor el alma de Fuego y Alquimia<\/strong>. Sus <a href=\"https:\/\/fuegoyalquimia.com\/collections\/coleccion-cine-series-videojuegos\">vela<\/a><a href=\"https:\/\/fuegoyalquimia.com\/collections\/nuestros-packs\">s<\/a> siempre han sido un puente hacia mundos imaginarios, inspiradas en la literatura, el cine, las leyendas o el folklore. Ahora, ese puente lo cruzas t\u00fa mismo al crear tu propia fragancia.&nbsp;<br><\/p>\n\n\n\n<figure class=\"wp-block-gallery has-nested-images columns-default is-cropped wp-block-gallery-4 is-layout-flex wp-block-gallery-is-layout-flex\">\n<figure class=\"wp-block-image size-large\"><img loading=\"lazy\" decoding=\"async\" width=\"768\" height=\"1024\" data-id=\"44531\" src=\"https:\/\/madeinzaragoza.es\/blog\/wp-content\/uploads\/2025\/09\/taller-creacion-de-velas-y-brumas-Fuego-y-Alquimia_2-768x1024.png\" alt=\"\" class=\"wp-image-44531\" srcset=\"http:\/\/madeinzaragoza.es\/blog\/wp-content\/uploads\/2025\/09\/taller-creacion-de-velas-y-brumas-Fuego-y-Alquimia_2-768x1024.png 768w, http:\/\/madeinzaragoza.es\/blog\/wp-content\/uploads\/2025\/09\/taller-creacion-de-velas-y-brumas-Fuego-y-Alquimia_2-338x450.png 338w, http:\/\/madeinzaragoza.es\/blog\/wp-content\/uploads\/2025\/09\/taller-creacion-de-velas-y-brumas-Fuego-y-Alquimia_2-1152x1536.png 1152w, http:\/\/madeinzaragoza.es\/blog\/wp-content\/uploads\/2025\/09\/taller-creacion-de-velas-y-brumas-Fuego-y-Alquimia_2-1536x2048.png 1536w, http:\/\/madeinzaragoza.es\/blog\/wp-content\/uploads\/2025\/09\/taller-creacion-de-velas-y-brumas-Fuego-y-Alquimia_2-1200x1600.png 1200w\" sizes=\"(max-width: 709px) 85vw, (max-width: 909px) 67vw, (max-width: 984px) 61vw, (max-width: 1362px) 45vw, 600px\" \/><figcaption class=\"wp-element-caption\">Velas Fuego y Alquimia<\/figcaption><\/figure>\n\n\n\n<figure class=\"wp-block-image size-large\"><img loading=\"lazy\" decoding=\"async\" width=\"743\" height=\"1024\" data-id=\"44532\" src=\"https:\/\/madeinzaragoza.es\/blog\/wp-content\/uploads\/2025\/09\/taller-creacion-de-velas-y-brumas-Fuego-y-Alquimia_1-743x1024.png\" alt=\"\" class=\"wp-image-44532\" srcset=\"http:\/\/madeinzaragoza.es\/blog\/wp-content\/uploads\/2025\/09\/taller-creacion-de-velas-y-brumas-Fuego-y-Alquimia_1-743x1024.png 743w, http:\/\/madeinzaragoza.es\/blog\/wp-content\/uploads\/2025\/09\/taller-creacion-de-velas-y-brumas-Fuego-y-Alquimia_1-327x450.png 327w, http:\/\/madeinzaragoza.es\/blog\/wp-content\/uploads\/2025\/09\/taller-creacion-de-velas-y-brumas-Fuego-y-Alquimia_1-768x1058.png 768w, http:\/\/madeinzaragoza.es\/blog\/wp-content\/uploads\/2025\/09\/taller-creacion-de-velas-y-brumas-Fuego-y-Alquimia_1-1115x1536.png 1115w, http:\/\/madeinzaragoza.es\/blog\/wp-content\/uploads\/2025\/09\/taller-creacion-de-velas-y-brumas-Fuego-y-Alquimia_1-1487x2048.png 1487w, http:\/\/madeinzaragoza.es\/blog\/wp-content\/uploads\/2025\/09\/taller-creacion-de-velas-y-brumas-Fuego-y-Alquimia_1-1200x1653.png 1200w\" sizes=\"(max-width: 709px) 85vw, (max-width: 909px) 67vw, (max-width: 984px) 61vw, (max-width: 1362px) 45vw, 600px\" \/><figcaption class=\"wp-element-caption\">Selecci\u00f3n de productos Fuego y Alquimia<\/figcaption><\/figure>\n<\/figure>\n\n\n\n<p><br>Un <strong>plan diferente, perfecto para regalar (o regalarte)<\/strong>, para compartir con amigos o simplemente para disfrutar de un rato \u00fanico contigo mismo.<\/p>\n\n\n\n<p>Porque no todos los d\u00edas se tiene la oportunidad de ser alquimista. Y, si adem\u00e1s lo haces de la mano de dos personas que ponen tanto cari\u00f1o y pasi\u00f3n en cada detalle. <\/p>\n\n\n\n<p>La experiencia se convierte en un rato de lo m\u00e1s especial. Porque hay experiencias que no se pueden contar; s\u00f3lo hay que vivirlas.<\/p>\n","protected":false},"excerpt":{"rendered":"<p>Seguro que alguna vez has hecho un taller de cer\u00e1mica o has pintado un cuadro con tus amigas. Pero, \u00bfAlguna vez te has puesto en la piel de un alquimista?&nbsp; Hay planes dentro de la red de comercio creativo de Zaragoza que sorprenden por lo especiales que son. Y este, sin duda, entra en esa &hellip; <a href=\"http:\/\/madeinzaragoza.es\/blog\/talleres-fuego-y-alquimia\/\" class=\"more-link\">Continuar leyendo<span class=\"screen-reader-text\"> \u00abFuego y Alquimia, una experiencia \u00fanica para crear tu propia vela arom\u00e1tica y bruma\u00bb<\/span><\/a><\/p>\n","protected":false},"author":84,"featured_media":44524,"comment_status":"open","ping_status":"open","sticky":false,"template":"","format":"standard","meta":{"footnotes":""},"categories":[9,7,8,1],"tags":[28,130,2891,2890],"yoast_head":"<!-- This site is optimized with the Yoast SEO plugin v19.7.2 - https:\/\/yoast.com\/wordpress\/plugins\/seo\/ -->\n<title>Fuego y Alquimia, una experiencia \u00fanica para crear tu propia vela arom\u00e1tica y bruma - Made in Zaragoza<\/title>\n<meta name=\"description\" content=\"Vive la experiencia de Fuego y Alquimia con Raquel y Pablo: talleres creativos para convertirte en alquimista, creando velas y brumas arom\u00e1ticas \u00fanicas.\" \/>\n<meta name=\"robots\" content=\"index, follow, max-snippet:-1, max-image-preview:large, max-video-preview:-1\" \/>\n<link rel=\"canonical\" href=\"https:\/\/madeinzaragoza.es\/blog\/talleres-fuego-y-alquimia\/\" \/>\n<meta property=\"og:locale\" content=\"es_ES\" \/>\n<meta property=\"og:type\" content=\"article\" \/>\n<meta property=\"og:title\" content=\"Fuego y Alquimia, una experiencia \u00fanica para crear tu propia vela arom\u00e1tica y bruma - Made in Zaragoza\" \/>\n<meta property=\"og:description\" content=\"Vive la experiencia de Fuego y Alquimia con Raquel y Pablo: talleres creativos para convertirte en alquimista, creando velas y brumas arom\u00e1ticas \u00fanicas.\" \/>\n<meta property=\"og:url\" content=\"https:\/\/madeinzaragoza.es\/blog\/talleres-fuego-y-alquimia\/\" \/>\n<meta property=\"og:site_name\" content=\"Made in Zaragoza\" \/>\n<meta property=\"article:publisher\" content=\"https:\/\/www.facebook.com\/madeinzaragoza.es\/\" \/>\n<meta property=\"article:published_time\" content=\"2025-09-18T09:47:16+00:00\" \/>\n<meta property=\"article:modified_time\" content=\"2025-09-24T07:32:34+00:00\" \/>\n<meta property=\"og:image\" content=\"https:\/\/madeinzaragoza.es\/blog\/wp-content\/uploads\/2025\/09\/Peluqtaller-creacion-de-velas-y-brumas-aromaticas_1-1024x757.png\" \/>\n\t<meta property=\"og:image:width\" content=\"1024\" \/>\n\t<meta property=\"og:image:height\" content=\"757\" \/>\n\t<meta property=\"og:image:type\" content=\"image\/png\" \/>\n<meta name=\"author\" content=\"Nagore Delgado\" \/>\n<meta name=\"twitter:card\" content=\"summary\" \/>\n<meta name=\"twitter:creator\" content=\"@madeinzaragoza\" \/>\n<meta name=\"twitter:site\" content=\"@madeinzaragoza\" \/>\n<meta name=\"twitter:label1\" content=\"Escrito por\" \/>\n\t<meta name=\"twitter:data1\" content=\"Nagore Delgado\" \/>\n\t<meta name=\"twitter:label2\" content=\"Tiempo de lectura\" \/>\n\t<meta name=\"twitter:data2\" content=\"5 minutos\" \/>\n<script type=\"application\/ld+json\" class=\"yoast-schema-graph\">{\"@context\":\"https:\/\/schema.org\",\"@graph\":[{\"@type\":\"Article\",\"@id\":\"https:\/\/madeinzaragoza.es\/blog\/talleres-fuego-y-alquimia\/#article\",\"isPartOf\":{\"@id\":\"https:\/\/madeinzaragoza.es\/blog\/talleres-fuego-y-alquimia\/\"},\"author\":{\"name\":\"Nagore Delgado\",\"@id\":\"https:\/\/madeinzaragoza.es\/blog\/#\/schema\/person\/9a0b249cbeeadd393f2fe8a350f05bae\"},\"headline\":\"Fuego y Alquimia, una experiencia \u00fanica para crear tu propia vela arom\u00e1tica y bruma\",\"datePublished\":\"2025-09-18T09:47:16+00:00\",\"dateModified\":\"2025-09-24T07:32:34+00:00\",\"mainEntityOfPage\":{\"@id\":\"https:\/\/madeinzaragoza.es\/blog\/talleres-fuego-y-alquimia\/\"},\"wordCount\":997,\"commentCount\":0,\"publisher\":{\"@id\":\"https:\/\/madeinzaragoza.es\/blog\/#organization\"},\"keywords\":[\"creatividad\",\"emprendedores\",\"experiencia Zaragoza\",\"taller artesanal\"],\"articleSection\":[\"Econom\u00eda Creativa\",\"Qu\u00e9 hacer\",\"Red MIZ\",\"Tendencias\"],\"inLanguage\":\"es\",\"potentialAction\":[{\"@type\":\"CommentAction\",\"name\":\"Comment\",\"target\":[\"https:\/\/madeinzaragoza.es\/blog\/talleres-fuego-y-alquimia\/#respond\"]}]},{\"@type\":\"WebPage\",\"@id\":\"https:\/\/madeinzaragoza.es\/blog\/talleres-fuego-y-alquimia\/\",\"url\":\"https:\/\/madeinzaragoza.es\/blog\/talleres-fuego-y-alquimia\/\",\"name\":\"Fuego y Alquimia, una experiencia \u00fanica para crear tu propia vela arom\u00e1tica y bruma - Made in Zaragoza\",\"isPartOf\":{\"@id\":\"https:\/\/madeinzaragoza.es\/blog\/#website\"},\"datePublished\":\"2025-09-18T09:47:16+00:00\",\"dateModified\":\"2025-09-24T07:32:34+00:00\",\"description\":\"Vive la experiencia de Fuego y Alquimia con Raquel y Pablo: talleres creativos para convertirte en alquimista, creando velas y brumas arom\u00e1ticas \u00fanicas.\",\"breadcrumb\":{\"@id\":\"https:\/\/madeinzaragoza.es\/blog\/talleres-fuego-y-alquimia\/#breadcrumb\"},\"inLanguage\":\"es\",\"potentialAction\":[{\"@type\":\"ReadAction\",\"target\":[\"https:\/\/madeinzaragoza.es\/blog\/talleres-fuego-y-alquimia\/\"]}]},{\"@type\":\"BreadcrumbList\",\"@id\":\"https:\/\/madeinzaragoza.es\/blog\/talleres-fuego-y-alquimia\/#breadcrumb\",\"itemListElement\":[{\"@type\":\"ListItem\",\"position\":1,\"name\":\"Portada\",\"item\":\"https:\/\/madeinzaragoza.es\/blog\/\"},{\"@type\":\"ListItem\",\"position\":2,\"name\":\"Fuego y Alquimia, una experiencia \u00fanica para crear tu propia vela arom\u00e1tica y bruma\"}]},{\"@type\":\"WebSite\",\"@id\":\"https:\/\/madeinzaragoza.es\/blog\/#website\",\"url\":\"https:\/\/madeinzaragoza.es\/blog\/\",\"name\":\"Made in Zaragoza\",\"description\":\"Blog de MadeinZGZ, Red de Econom\u00eda Creativa de Zaragoza\",\"publisher\":{\"@id\":\"https:\/\/madeinzaragoza.es\/blog\/#organization\"},\"potentialAction\":[{\"@type\":\"SearchAction\",\"target\":{\"@type\":\"EntryPoint\",\"urlTemplate\":\"https:\/\/madeinzaragoza.es\/blog\/?s={search_term_string}\"},\"query-input\":\"required name=search_term_string\"}],\"inLanguage\":\"es\"},{\"@type\":\"Organization\",\"@id\":\"https:\/\/madeinzaragoza.es\/blog\/#organization\",\"name\":\"Made In Zaragoza\",\"url\":\"https:\/\/madeinzaragoza.es\/blog\/\",\"sameAs\":[\"https:\/\/www.instagram.com\/madeinzaragoza.es\/\",\"https:\/\/www.facebook.com\/madeinzaragoza.es\/\",\"https:\/\/twitter.com\/madeinzaragoza\"],\"logo\":{\"@type\":\"ImageObject\",\"inLanguage\":\"es\",\"@id\":\"https:\/\/madeinzaragoza.es\/blog\/#\/schema\/logo\/image\/\",\"url\":\"https:\/\/madeinzaragoza.es\/blog\/wp-content\/uploads\/2022\/05\/logo.png\",\"contentUrl\":\"https:\/\/madeinzaragoza.es\/blog\/wp-content\/uploads\/2022\/05\/logo.png\",\"width\":193,\"height\":176,\"caption\":\"Made In Zaragoza\"},\"image\":{\"@id\":\"https:\/\/madeinzaragoza.es\/blog\/#\/schema\/logo\/image\/\"}},{\"@type\":\"Person\",\"@id\":\"https:\/\/madeinzaragoza.es\/blog\/#\/schema\/person\/9a0b249cbeeadd393f2fe8a350f05bae\",\"name\":\"Nagore Delgado\",\"image\":{\"@type\":\"ImageObject\",\"inLanguage\":\"es\",\"@id\":\"https:\/\/madeinzaragoza.es\/blog\/#\/schema\/person\/image\/\",\"url\":\"http:\/\/2.gravatar.com\/avatar\/e938711838316a554100b9066f648c31?s=96&d=mm&r=g\",\"contentUrl\":\"http:\/\/2.gravatar.com\/avatar\/e938711838316a554100b9066f648c31?s=96&d=mm&r=g\",\"caption\":\"Nagore Delgado\"},\"description\":\"Amante de la creatividad y de los proyectos con mucha alma. Mezclo mis dos pasiones, la fotograf\u00eda con el Marketing Digital. Creo y gestiono contenido y estrategias para las RRSS y blogs, a la vez que hago mis pinitos en el mundo del Dise\u00f1o Gr\u00e1fico. Imprescindible la comunicaci\u00f3n, en todas sus formas, pero siempre clara y transparente \u00a1Nos vemos en las redes!\",\"url\":\"http:\/\/madeinzaragoza.es\/blog\/author\/nagoredelgado\/\"}]}<\/script>\n<!-- \/ Yoast SEO plugin. -->","yoast_head_json":{"title":"Fuego y Alquimia, una experiencia \u00fanica para crear tu propia vela arom\u00e1tica y bruma - Made in Zaragoza","description":"Vive la experiencia de Fuego y Alquimia con Raquel y Pablo: talleres creativos para convertirte en alquimista, creando velas y brumas arom\u00e1ticas \u00fanicas.","robots":{"index":"index","follow":"follow","max-snippet":"max-snippet:-1","max-image-preview":"max-image-preview:large","max-video-preview":"max-video-preview:-1"},"canonical":"https:\/\/madeinzaragoza.es\/blog\/talleres-fuego-y-alquimia\/","og_locale":"es_ES","og_type":"article","og_title":"Fuego y Alquimia, una experiencia \u00fanica para crear tu propia vela arom\u00e1tica y bruma - Made in Zaragoza","og_description":"Vive la experiencia de Fuego y Alquimia con Raquel y Pablo: talleres creativos para convertirte en alquimista, creando velas y brumas arom\u00e1ticas \u00fanicas.","og_url":"https:\/\/madeinzaragoza.es\/blog\/talleres-fuego-y-alquimia\/","og_site_name":"Made in Zaragoza","article_publisher":"https:\/\/www.facebook.com\/madeinzaragoza.es\/","article_published_time":"2025-09-18T09:47:16+00:00","article_modified_time":"2025-09-24T07:32:34+00:00","og_image":[{"width":1024,"height":757,"url":"https:\/\/madeinzaragoza.es\/blog\/wp-content\/uploads\/2025\/09\/Peluqtaller-creacion-de-velas-y-brumas-aromaticas_1-1024x757.png","type":"image\/png"}],"author":"Nagore Delgado","twitter_card":"summary","twitter_creator":"@madeinzaragoza","twitter_site":"@madeinzaragoza","twitter_misc":{"Escrito por":"Nagore Delgado","Tiempo de lectura":"5 minutos"},"schema":{"@context":"https:\/\/schema.org","@graph":[{"@type":"Article","@id":"https:\/\/madeinzaragoza.es\/blog\/talleres-fuego-y-alquimia\/#article","isPartOf":{"@id":"https:\/\/madeinzaragoza.es\/blog\/talleres-fuego-y-alquimia\/"},"author":{"name":"Nagore Delgado","@id":"https:\/\/madeinzaragoza.es\/blog\/#\/schema\/person\/9a0b249cbeeadd393f2fe8a350f05bae"},"headline":"Fuego y Alquimia, una experiencia \u00fanica para crear tu propia vela arom\u00e1tica y bruma","datePublished":"2025-09-18T09:47:16+00:00","dateModified":"2025-09-24T07:32:34+00:00","mainEntityOfPage":{"@id":"https:\/\/madeinzaragoza.es\/blog\/talleres-fuego-y-alquimia\/"},"wordCount":997,"commentCount":0,"publisher":{"@id":"https:\/\/madeinzaragoza.es\/blog\/#organization"},"keywords":["creatividad","emprendedores","experiencia Zaragoza","taller artesanal"],"articleSection":["Econom\u00eda Creativa","Qu\u00e9 hacer","Red MIZ","Tendencias"],"inLanguage":"es","potentialAction":[{"@type":"CommentAction","name":"Comment","target":["https:\/\/madeinzaragoza.es\/blog\/talleres-fuego-y-alquimia\/#respond"]}]},{"@type":"WebPage","@id":"https:\/\/madeinzaragoza.es\/blog\/talleres-fuego-y-alquimia\/","url":"https:\/\/madeinzaragoza.es\/blog\/talleres-fuego-y-alquimia\/","name":"Fuego y Alquimia, una experiencia \u00fanica para crear tu propia vela arom\u00e1tica y bruma - Made in Zaragoza","isPartOf":{"@id":"https:\/\/madeinzaragoza.es\/blog\/#website"},"datePublished":"2025-09-18T09:47:16+00:00","dateModified":"2025-09-24T07:32:34+00:00","description":"Vive la experiencia de Fuego y Alquimia con Raquel y Pablo: talleres creativos para convertirte en alquimista, creando velas y brumas arom\u00e1ticas \u00fanicas.","breadcrumb":{"@id":"https:\/\/madeinzaragoza.es\/blog\/talleres-fuego-y-alquimia\/#breadcrumb"},"inLanguage":"es","potentialAction":[{"@type":"ReadAction","target":["https:\/\/madeinzaragoza.es\/blog\/talleres-fuego-y-alquimia\/"]}]},{"@type":"BreadcrumbList","@id":"https:\/\/madeinzaragoza.es\/blog\/talleres-fuego-y-alquimia\/#breadcrumb","itemListElement":[{"@type":"ListItem","position":1,"name":"Portada","item":"https:\/\/madeinzaragoza.es\/blog\/"},{"@type":"ListItem","position":2,"name":"Fuego y Alquimia, una experiencia \u00fanica para crear tu propia vela arom\u00e1tica y bruma"}]},{"@type":"WebSite","@id":"https:\/\/madeinzaragoza.es\/blog\/#website","url":"https:\/\/madeinzaragoza.es\/blog\/","name":"Made in Zaragoza","description":"Blog de MadeinZGZ, Red de Econom\u00eda Creativa de Zaragoza","publisher":{"@id":"https:\/\/madeinzaragoza.es\/blog\/#organization"},"potentialAction":[{"@type":"SearchAction","target":{"@type":"EntryPoint","urlTemplate":"https:\/\/madeinzaragoza.es\/blog\/?s={search_term_string}"},"query-input":"required name=search_term_string"}],"inLanguage":"es"},{"@type":"Organization","@id":"https:\/\/madeinzaragoza.es\/blog\/#organization","name":"Made In Zaragoza","url":"https:\/\/madeinzaragoza.es\/blog\/","sameAs":["https:\/\/www.instagram.com\/madeinzaragoza.es\/","https:\/\/www.facebook.com\/madeinzaragoza.es\/","https:\/\/twitter.com\/madeinzaragoza"],"logo":{"@type":"ImageObject","inLanguage":"es","@id":"https:\/\/madeinzaragoza.es\/blog\/#\/schema\/logo\/image\/","url":"https:\/\/madeinzaragoza.es\/blog\/wp-content\/uploads\/2022\/05\/logo.png","contentUrl":"https:\/\/madeinzaragoza.es\/blog\/wp-content\/uploads\/2022\/05\/logo.png","width":193,"height":176,"caption":"Made In Zaragoza"},"image":{"@id":"https:\/\/madeinzaragoza.es\/blog\/#\/schema\/logo\/image\/"}},{"@type":"Person","@id":"https:\/\/madeinzaragoza.es\/blog\/#\/schema\/person\/9a0b249cbeeadd393f2fe8a350f05bae","name":"Nagore Delgado","image":{"@type":"ImageObject","inLanguage":"es","@id":"https:\/\/madeinzaragoza.es\/blog\/#\/schema\/person\/image\/","url":"http:\/\/2.gravatar.com\/avatar\/e938711838316a554100b9066f648c31?s=96&d=mm&r=g","contentUrl":"http:\/\/2.gravatar.com\/avatar\/e938711838316a554100b9066f648c31?s=96&d=mm&r=g","caption":"Nagore Delgado"},"description":"Amante de la creatividad y de los proyectos con mucha alma. Mezclo mis dos pasiones, la fotograf\u00eda con el Marketing Digital. Creo y gestiono contenido y estrategias para las RRSS y blogs, a la vez que hago mis pinitos en el mundo del Dise\u00f1o Gr\u00e1fico. Imprescindible la comunicaci\u00f3n, en todas sus formas, pero siempre clara y transparente \u00a1Nos vemos en las redes!","url":"http:\/\/madeinzaragoza.es\/blog\/author\/nagoredelgado\/"}]}},"_links":{"self":[{"href":"http:\/\/madeinzaragoza.es\/blog\/wp-json\/wp\/v2\/posts\/44516"}],"collection":[{"href":"http:\/\/madeinzaragoza.es\/blog\/wp-json\/wp\/v2\/posts"}],"about":[{"href":"http:\/\/madeinzaragoza.es\/blog\/wp-json\/wp\/v2\/types\/post"}],"author":[{"embeddable":true,"href":"http:\/\/madeinzaragoza.es\/blog\/wp-json\/wp\/v2\/users\/84"}],"replies":[{"embeddable":true,"href":"http:\/\/madeinzaragoza.es\/blog\/wp-json\/wp\/v2\/comments?post=44516"}],"version-history":[{"count":11,"href":"http:\/\/madeinzaragoza.es\/blog\/wp-json\/wp\/v2\/posts\/44516\/revisions"}],"predecessor-version":[{"id":44544,"href":"http:\/\/madeinzaragoza.es\/blog\/wp-json\/wp\/v2\/posts\/44516\/revisions\/44544"}],"wp:featuredmedia":[{"embeddable":true,"href":"http:\/\/madeinzaragoza.es\/blog\/wp-json\/wp\/v2\/media\/44524"}],"wp:attachment":[{"href":"http:\/\/madeinzaragoza.es\/blog\/wp-json\/wp\/v2\/media?parent=44516"}],"wp:term":[{"taxonomy":"category","embeddable":true,"href":"http:\/\/madeinzaragoza.es\/blog\/wp-json\/wp\/v2\/categories?post=44516"},{"taxonomy":"post_tag","embeddable":true,"href":"http:\/\/madeinzaragoza.es\/blog\/wp-json\/wp\/v2\/tags?post=44516"}],"curies":[{"name":"wp","href":"https:\/\/api.w.org\/{rel}","templated":true}]}}