{"id":42971,"date":"2024-12-27T10:57:45","date_gmt":"2024-12-27T09:57:45","guid":{"rendered":"https:\/\/madeinzaragoza.es\/blog\/?p=42971"},"modified":"2024-12-29T08:37:49","modified_gmt":"2024-12-29T07:37:49","slug":"ines-gran-arte-abstracto-explosion-de-color","status":"publish","type":"post","link":"http:\/\/madeinzaragoza.es\/blog\/ines-gran-arte-abstracto-explosion-de-color\/","title":{"rendered":"In\u00e9s Gran, arte abstracto, explosi\u00f3n de color"},"content":{"rendered":"\n<p>Arte abstracto, con trazos en\u00e9rgicos y colores vibrantes, que descubre una naturaleza envolvente y sugerente.<\/p>\n\n\n\n<p><strong>In\u00e9s Gran<\/strong> es una zaragozana apasionada de la b\u00fasqueda de la libertad a trav\u00e9s de sus pinturas. <strong>In\u00e9s <\/strong>se considera ciudadana del mundo, ha vivido en Blanes (Costa Brava), en Dinamarca y en Roma. Y ahora, a punto de cumplir los 60 a\u00f1os, confiesa que, aunque, le da un poco de v\u00e9rtigo, se mira hacia dentro y se siente muy joven y con ganas de aprender y de emprender aventuras.<\/p>\n\n\n\n<p><\/p>\n\n\n\n<figure class=\"wp-block-image size-large\"><img loading=\"lazy\" decoding=\"async\" width=\"1024\" height=\"627\" src=\"http:\/\/madeinzaragoza.es\/blog\/wp-content\/uploads\/2024\/12\/Ines-Gran-Blogssipgirl-101224-18-1-1024x627.jpg\" alt=\"\" class=\"wp-image-42991\" srcset=\"http:\/\/madeinzaragoza.es\/blog\/wp-content\/uploads\/2024\/12\/Ines-Gran-Blogssipgirl-101224-18-1-1024x627.jpg 1024w, http:\/\/madeinzaragoza.es\/blog\/wp-content\/uploads\/2024\/12\/Ines-Gran-Blogssipgirl-101224-18-1-450x275.jpg 450w, http:\/\/madeinzaragoza.es\/blog\/wp-content\/uploads\/2024\/12\/Ines-Gran-Blogssipgirl-101224-18-1-768x470.jpg 768w, http:\/\/madeinzaragoza.es\/blog\/wp-content\/uploads\/2024\/12\/Ines-Gran-Blogssipgirl-101224-18-1-1536x940.jpg 1536w, http:\/\/madeinzaragoza.es\/blog\/wp-content\/uploads\/2024\/12\/Ines-Gran-Blogssipgirl-101224-18-1-1200x734.jpg 1200w, http:\/\/madeinzaragoza.es\/blog\/wp-content\/uploads\/2024\/12\/Ines-Gran-Blogssipgirl-101224-18-1.jpg 1600w\" sizes=\"(max-width: 709px) 85vw, (max-width: 909px) 67vw, (max-width: 1362px) 62vw, 840px\" \/><\/figure>\n\n\n\n<p><\/p>\n\n\n\n<p><strong>In\u00e9s<\/strong>, a trav\u00e9s de esta entrevista, nos abre su interior y nos dibuja, con alegres pinceladas, aspectos de su vida. Una vida marcada por una infancia movida y nada aburrida.<\/p>\n\n\n\n<p>\u00abEn mi ni\u00f1ez tuve que tener por fuerza un esp\u00edritu so\u00f1ador, me falt\u00f3 mi padre desde los 5 a\u00f1os por la separaci\u00f3n mis padres. Se separaron en una \u00e9poca en que no exist\u00eda el divorcio en Espa\u00f1a y tuve que inventarme una vida en la que sus ausencias no me produjeran mucho dolor. <\/p>\n\n\n\n<p>Mi madre tuvo que ser una mujer fuerte por obligaci\u00f3n y no ten\u00eda mucho tiempo para mi hermano ni para m\u00ed. Se incorpor\u00f3 al mundo del trabajo desde su condici\u00f3n de \u201csus labores\u201d, profesi\u00f3n de la mayor\u00eda de mujeres en la Espa\u00f1a de los 70, para sacar a sus hijos sola adelante. En los 70 y 80 Espa\u00f1a era un pa\u00eds muy distinto a lo que tenemos ahora. Viv\u00ed la transici\u00f3n e incluso la movida madrile\u00f1a. Culturalmente era un pa\u00eds realmente loco y divertido, la gente ten\u00eda muchas ganas de cambiarlo todo, y \u00e9ramos rebeldes y so\u00f1adores. <\/p>\n\n\n\n<p>En mi infancia, y por esta circunstancia de la separaci\u00f3n de mis padres, tuve experiencias de lo m\u00e1s distintas con respecto a los otros ni\u00f1os y compa\u00f1eros con los que crec\u00ed en el colegio. Mi padre viv\u00eda con una danesa y estuvo 9 a\u00f1os viviendo en Dinamarca. Yo viv\u00eda todo eso con los ojos abiertos como platos, disfrutando cuando me iba de viaje de vacaciones a Dinamarca, incluso estuve estudiando all\u00ed en un colegio de la embajada espa\u00f1ola en Copenhague. Tuve una infancia, ni mejor ni peor que la de otros ni\u00f1os pero s\u00ed, algo distinta. Es muy largo de contar, sobre todo la sensaci\u00f3n de libertad, de modernidad que supon\u00eda conocer una sociedad como la danesa. Tengo, por supuesto, maravillosos recuerdos.\u00bb <\/p>\n\n\n\n<p><\/p>\n\n\n\n<figure class=\"wp-block-image size-large\"><img loading=\"lazy\" decoding=\"async\" width=\"1024\" height=\"654\" src=\"http:\/\/madeinzaragoza.es\/blog\/wp-content\/uploads\/2024\/12\/Ines-Gran-Blogssipgirl-101224-19-1024x654.jpg\" alt=\"\" class=\"wp-image-42992\" srcset=\"http:\/\/madeinzaragoza.es\/blog\/wp-content\/uploads\/2024\/12\/Ines-Gran-Blogssipgirl-101224-19-1024x654.jpg 1024w, http:\/\/madeinzaragoza.es\/blog\/wp-content\/uploads\/2024\/12\/Ines-Gran-Blogssipgirl-101224-19-450x287.jpg 450w, http:\/\/madeinzaragoza.es\/blog\/wp-content\/uploads\/2024\/12\/Ines-Gran-Blogssipgirl-101224-19-768x491.jpg 768w, http:\/\/madeinzaragoza.es\/blog\/wp-content\/uploads\/2024\/12\/Ines-Gran-Blogssipgirl-101224-19-1536x981.jpg 1536w, http:\/\/madeinzaragoza.es\/blog\/wp-content\/uploads\/2024\/12\/Ines-Gran-Blogssipgirl-101224-19-1200x767.jpg 1200w, http:\/\/madeinzaragoza.es\/blog\/wp-content\/uploads\/2024\/12\/Ines-Gran-Blogssipgirl-101224-19.jpg 1556w\" sizes=\"(max-width: 709px) 85vw, (max-width: 909px) 67vw, (max-width: 1362px) 62vw, 840px\" \/><\/figure>\n\n\n\n<p><\/p>\n\n\n\n<p><strong>\u00bfC\u00f3mo descubriste tu lado creativo? <\/strong><\/p>\n\n\n\n<p>Mi vida ha estado unida al arte desde que tengo uso de raz\u00f3n, sobre todo a las artes aplicadas, a trav\u00e9s de mi padre, que es joyero de profesi\u00f3n y al que de peque\u00f1a ve\u00eda trabajar en su banco de joyero, estirar y fundir los metales, darles forma y pulirlos&#8230; y de aqu\u00ed creo me viene todo lo art\u00edstico. <\/p>\n\n\n\n<p>He sentido admiraci\u00f3n por todo lo que al arte se refiere, sobre todo lo creado con las manos. Me une a mis emociones m\u00e1s \u00edntimas y me conectan con mi ni\u00f1o interior. Es algo primitivo y muy aut\u00e9ntico que nace de dentro. <\/p>\n\n\n\n<p><\/p>\n\n\n\n<figure class=\"wp-block-embed is-type-video is-provider-youtube wp-block-embed-youtube wp-embed-aspect-16-9 wp-has-aspect-ratio\"><div class=\"wp-block-embed__wrapper\">\n<iframe loading=\"lazy\" title=\"INES GRAN &quot;El rostro de las cosas&quot; @inesgranmarco\" width=\"840\" height=\"473\" src=\"https:\/\/www.youtube.com\/embed\/2H_PaxpWoWA?feature=oembed\" frameborder=\"0\" allow=\"accelerometer; autoplay; clipboard-write; encrypted-media; gyroscope; picture-in-picture; web-share\" referrerpolicy=\"strict-origin-when-cross-origin\" allowfullscreen><\/iframe>\n<\/div><\/figure>\n\n\n\n<figure class=\"wp-block-image size-large\"><img loading=\"lazy\" decoding=\"async\" width=\"1024\" height=\"806\" src=\"https:\/\/madeinzaragoza.es\/blog\/wp-content\/uploads\/2024\/12\/Ines-Gran-Blogssipgirl-101224-11-1024x806.jpg\" alt=\"\" class=\"wp-image-42993\" srcset=\"http:\/\/madeinzaragoza.es\/blog\/wp-content\/uploads\/2024\/12\/Ines-Gran-Blogssipgirl-101224-11-1024x806.jpg 1024w, http:\/\/madeinzaragoza.es\/blog\/wp-content\/uploads\/2024\/12\/Ines-Gran-Blogssipgirl-101224-11-450x354.jpg 450w, http:\/\/madeinzaragoza.es\/blog\/wp-content\/uploads\/2024\/12\/Ines-Gran-Blogssipgirl-101224-11-768x604.jpg 768w, http:\/\/madeinzaragoza.es\/blog\/wp-content\/uploads\/2024\/12\/Ines-Gran-Blogssipgirl-101224-11-1200x944.jpg 1200w, http:\/\/madeinzaragoza.es\/blog\/wp-content\/uploads\/2024\/12\/Ines-Gran-Blogssipgirl-101224-11.jpg 1493w\" sizes=\"(max-width: 709px) 85vw, (max-width: 909px) 67vw, (max-width: 1362px) 62vw, 840px\" \/><\/figure>\n\n\n\n<p><\/p>\n\n\n\n<p><strong>\u00bfCu\u00e1ndo descubres que puedes dedicarte plenamente al arte y el dise\u00f1o?<\/strong> <\/p>\n\n\n\n<p>Al dejar el instituto en 2\u00ba de BUP me apunt\u00e9 a la Escuela de Artes Aplicadas de la plaza de los Sitios de Zaragoza y all\u00ed curs\u00e9 5 a\u00f1os, en los cuales trabaj\u00e9 el dibujo art\u00edstico y lineal, la cer\u00e1mica, forja, fotograf\u00eda, t\u00e9cnicas de policromado, y sobre todo me encantaban las clases de modelado y escultura en barro. Es algo que recuerdo con gran placer, me ten\u00edan siempre que echar de los talleres porque me daba la hora del cierre de la escuela. <\/p>\n\n\n\n<p>Disfrut\u00e9 much\u00edsimo de mi paso por esa escuela, el sitio y el edificio eran preciosos. Un lujo. <\/p>\n\n\n\n<p>En los dos \u00faltimos a\u00f1os opt\u00e9 por la especialidad de \u201cDibujo publicitario\u201d lo que ahora es \u201cDise\u00f1o gr\u00e1fico\u201d. Era el a\u00f1o 1987 y quiero anotar que no exist\u00eda el dise\u00f1o gr\u00e1fico, eso es algo que lleg\u00f3 despu\u00e9s, y sobre todo en Espa\u00f1a con la incorporaci\u00f3n de los ordenadores. En 1989, acab\u00e9 la escuela y llegaron los primeros Mac a nuestras vidas. Se incorporan a las imprentas y las agencias de publicidad como paso entre los originales y la impresi\u00f3n, la preimpresi\u00f3n, y as\u00ed me incorpor\u00e9 al mundo del dise\u00f1o gr\u00e1fico, primero en un peri\u00f3dico, varias imprentas y agencias de publicidad. <\/p>\n\n\n\n<p>Hasta que en 2003 comienzo a trabajar por mi cuenta y me hago aut\u00f3noma, m\u00e1s de 35 a\u00f1os trabajando como dise\u00f1adora gr\u00e1fica, sobre todo para el Ayuntamiento de Zaragoza, en pr\u00e1cticamente todos sus departamentos; cultura, educaci\u00f3n, servicios sociales, juventud, etc. Tiempos que recuerdo con aut\u00e9ntico placer, de crear, de crecer en lo profesional y personal. Era todo realmente nuevo y la experiencia muy enriquecedora, no me puedo quejar. <\/p>\n\n\n\n<p>Realic\u00e9 durante 7 a\u00f1os la campa\u00f1a de Navidad del Ayuntamiento de Zaragoza con Zaragoza Cultura de la mano de Sonia Sin. Durante 14 a\u00f1os el Zaragoza Diversa con la casa de las Culturas. Tuvo que llegar un COVID para que se dejase de hacer mi imagen del mu\u00f1eco de colores. El dise\u00f1o ha ocupado una parte muy importante de mi vida. Ha sido mi vida profesional, una gozada la verdad.<\/p>\n\n\n\n<p><\/p>\n\n\n\n<figure class=\"wp-block-gallery has-nested-images columns-default is-cropped wp-block-gallery-1 is-layout-flex wp-block-gallery-is-layout-flex\">\n<figure class=\"wp-block-image size-large\"><img loading=\"lazy\" decoding=\"async\" width=\"601\" height=\"1024\" data-id=\"42997\" src=\"https:\/\/madeinzaragoza.es\/blog\/wp-content\/uploads\/2024\/12\/Navidad-601x1024.jpg\" alt=\"\" class=\"wp-image-42997\" srcset=\"http:\/\/madeinzaragoza.es\/blog\/wp-content\/uploads\/2024\/12\/Navidad-601x1024.jpg 601w, http:\/\/madeinzaragoza.es\/blog\/wp-content\/uploads\/2024\/12\/Navidad-264x450.jpg 264w, http:\/\/madeinzaragoza.es\/blog\/wp-content\/uploads\/2024\/12\/Navidad-768x1310.jpg 768w, http:\/\/madeinzaragoza.es\/blog\/wp-content\/uploads\/2024\/12\/Navidad-901x1536.jpg 901w, http:\/\/madeinzaragoza.es\/blog\/wp-content\/uploads\/2024\/12\/Navidad.jpg 1170w\" sizes=\"(max-width: 709px) 85vw, (max-width: 909px) 67vw, (max-width: 984px) 61vw, (max-width: 1362px) 45vw, 600px\" \/><\/figure>\n\n\n\n<figure class=\"wp-block-image size-large\"><img loading=\"lazy\" decoding=\"async\" width=\"632\" height=\"1024\" data-id=\"42996\" src=\"https:\/\/madeinzaragoza.es\/blog\/wp-content\/uploads\/2024\/12\/san-valero-632x1024.jpg\" alt=\"\" class=\"wp-image-42996\" srcset=\"http:\/\/madeinzaragoza.es\/blog\/wp-content\/uploads\/2024\/12\/san-valero-632x1024.jpg 632w, http:\/\/madeinzaragoza.es\/blog\/wp-content\/uploads\/2024\/12\/san-valero-278x450.jpg 278w, http:\/\/madeinzaragoza.es\/blog\/wp-content\/uploads\/2024\/12\/san-valero-768x1245.jpg 768w, http:\/\/madeinzaragoza.es\/blog\/wp-content\/uploads\/2024\/12\/san-valero-948x1536.jpg 948w, http:\/\/madeinzaragoza.es\/blog\/wp-content\/uploads\/2024\/12\/san-valero.jpg 1170w\" sizes=\"(max-width: 709px) 85vw, (max-width: 909px) 67vw, (max-width: 984px) 61vw, (max-width: 1362px) 45vw, 600px\" \/><\/figure>\n\n\n\n<figure class=\"wp-block-image size-large\"><img loading=\"lazy\" decoding=\"async\" width=\"821\" height=\"1024\" data-id=\"42995\" src=\"https:\/\/madeinzaragoza.es\/blog\/wp-content\/uploads\/2024\/12\/semana-contra-el-racismo-821x1024.jpg\" alt=\"\" class=\"wp-image-42995\" srcset=\"http:\/\/madeinzaragoza.es\/blog\/wp-content\/uploads\/2024\/12\/semana-contra-el-racismo-821x1024.jpg 821w, http:\/\/madeinzaragoza.es\/blog\/wp-content\/uploads\/2024\/12\/semana-contra-el-racismo-361x450.jpg 361w, http:\/\/madeinzaragoza.es\/blog\/wp-content\/uploads\/2024\/12\/semana-contra-el-racismo-768x958.jpg 768w, http:\/\/madeinzaragoza.es\/blog\/wp-content\/uploads\/2024\/12\/semana-contra-el-racismo.jpg 1170w\" sizes=\"(max-width: 709px) 85vw, (max-width: 909px) 67vw, (max-width: 984px) 61vw, (max-width: 1362px) 45vw, 600px\" \/><\/figure>\n\n\n\n<figure class=\"wp-block-image size-large\"><img loading=\"lazy\" decoding=\"async\" width=\"896\" height=\"1024\" data-id=\"42994\" src=\"https:\/\/madeinzaragoza.es\/blog\/wp-content\/uploads\/2024\/12\/Zaragoza-diversa-896x1024.jpg\" alt=\"\" class=\"wp-image-42994\" srcset=\"http:\/\/madeinzaragoza.es\/blog\/wp-content\/uploads\/2024\/12\/Zaragoza-diversa-896x1024.jpg 896w, http:\/\/madeinzaragoza.es\/blog\/wp-content\/uploads\/2024\/12\/Zaragoza-diversa-394x450.jpg 394w, http:\/\/madeinzaragoza.es\/blog\/wp-content\/uploads\/2024\/12\/Zaragoza-diversa-768x878.jpg 768w, http:\/\/madeinzaragoza.es\/blog\/wp-content\/uploads\/2024\/12\/Zaragoza-diversa.jpg 1170w\" sizes=\"(max-width: 709px) 85vw, (max-width: 909px) 67vw, (max-width: 1362px) 62vw, 840px\" \/><\/figure>\n<\/figure>\n\n\n\n<p><\/p>\n\n\n\n<p><strong>\u00bfEl arte te sirve como terapia?<\/strong> <\/p>\n\n\n\n<p>Fui muy mala estudiante y muy rebelde, ten\u00eda mucha rabia dentro y as\u00ed descubr\u00ed que creando es d\u00f3nde saco mi mejor versi\u00f3n, sobre todo porque me sumerjo en el mundo de la creaci\u00f3n y las horas pasan en un suspiro. Soy nerviosa e impaciente por naturaleza y crear me sirve como una gimnasia, un entrenamiento donde dejo mis energ\u00edas y al finalizar respiro con tranquilidad.<\/p>\n\n\n\n<p><\/p>\n\n\n\n<figure class=\"wp-block-image size-large\"><img loading=\"lazy\" decoding=\"async\" width=\"768\" height=\"1024\" src=\"https:\/\/madeinzaragoza.es\/blog\/wp-content\/uploads\/2024\/12\/unnamed-2-768x1024.jpg\" alt=\"\" class=\"wp-image-43014\" srcset=\"http:\/\/madeinzaragoza.es\/blog\/wp-content\/uploads\/2024\/12\/unnamed-2-768x1024.jpg 768w, http:\/\/madeinzaragoza.es\/blog\/wp-content\/uploads\/2024\/12\/unnamed-2-338x450.jpg 338w, http:\/\/madeinzaragoza.es\/blog\/wp-content\/uploads\/2024\/12\/unnamed-2-1152x1536.jpg 1152w, http:\/\/madeinzaragoza.es\/blog\/wp-content\/uploads\/2024\/12\/unnamed-2-1536x2048.jpg 1536w, http:\/\/madeinzaragoza.es\/blog\/wp-content\/uploads\/2024\/12\/unnamed-2-1200x1600.jpg 1200w, http:\/\/madeinzaragoza.es\/blog\/wp-content\/uploads\/2024\/12\/unnamed-2-scaled.jpg 1920w\" sizes=\"(max-width: 709px) 85vw, (max-width: 909px) 67vw, (max-width: 984px) 61vw, (max-width: 1362px) 45vw, 600px\" \/><\/figure>\n\n\n\n<p><\/p>\n\n\n\n<p><strong>Tu arte expresa, con colores vibrantes y trazos en\u00e9rgicos, una alegr\u00eda y vitalidad desbordantes. \u00bfQu\u00e9 buscas transmitir con tus creaciones?<\/strong> <\/p>\n\n\n\n<p>Es un camino de sanaci\u00f3n y de introspecci\u00f3n. Yo soy una persona con mucha energ\u00eda y fuerza, siempre he sido y soy muy positiva, incluso en los momentos m\u00e1s duros, que los he tenido como todo el mundo. Pienso que la vida es un regalo incre\u00edble y tenemos que vivirla a tope, cada uno con las cartas que le toquen, seguramente los colores son mi modo de conectar con la felicidad y la alegr\u00eda, y los trazos en\u00e9rgicos es la fuerza desbordante de la propia vida, no se ver los unos sin los otros, y adem\u00e1s me conectan con la naturaleza y los espacios que habitamos. Yo busco trasmitir mi uni\u00f3n con la creaci\u00f3n a trav\u00e9s de la propia creaci\u00f3n, la madre tierra, nuestra madre \u201cGAIA\u201d, un organismo vivo del que formamos parte y del que no podemos desvincularnos. <\/p>\n\n\n\n<p>Somos una especie m\u00e1s que habita ese cosmos poderoso y dependemos de \u00e9l, no somos nada sin todo lo que es el universo, y no somos tan importantes como nos creemos, es probable que nos acabemos extinguiendo por no tener la capacidad de vivir en armon\u00eda con este planeta. Me entristece pensarlo y necesito crear escenas y pinturas para rendir homenaje a la vida, la vida primordial, que sostiene este planeta tan bello. Al final, lo siento como una religi\u00f3n, algo que me acerca al origen, no soy creyente pero necesito creer en algo y la naturaleza, sobre todo el mar, es un b\u00e1lsamo, me ha ayudado junto con la pintura en los momentos m\u00e1s duros a reconciliarme con todo.<\/p>\n\n\n\n<p><\/p>\n\n\n\n<figure class=\"wp-block-gallery has-nested-images columns-default is-cropped wp-block-gallery-2 is-layout-flex wp-block-gallery-is-layout-flex\">\n<figure class=\"wp-block-image size-large\"><img loading=\"lazy\" decoding=\"async\" width=\"768\" height=\"1024\" data-id=\"43015\" src=\"https:\/\/madeinzaragoza.es\/blog\/wp-content\/uploads\/2024\/12\/unnamed-3-768x1024.jpg\" alt=\"\" class=\"wp-image-43015\" srcset=\"http:\/\/madeinzaragoza.es\/blog\/wp-content\/uploads\/2024\/12\/unnamed-3-768x1024.jpg 768w, http:\/\/madeinzaragoza.es\/blog\/wp-content\/uploads\/2024\/12\/unnamed-3-338x450.jpg 338w, http:\/\/madeinzaragoza.es\/blog\/wp-content\/uploads\/2024\/12\/unnamed-3-1152x1536.jpg 1152w, http:\/\/madeinzaragoza.es\/blog\/wp-content\/uploads\/2024\/12\/unnamed-3-1536x2048.jpg 1536w, http:\/\/madeinzaragoza.es\/blog\/wp-content\/uploads\/2024\/12\/unnamed-3-1200x1600.jpg 1200w, http:\/\/madeinzaragoza.es\/blog\/wp-content\/uploads\/2024\/12\/unnamed-3-scaled.jpg 1920w\" sizes=\"(max-width: 709px) 85vw, (max-width: 909px) 67vw, (max-width: 984px) 61vw, (max-width: 1362px) 45vw, 600px\" \/><\/figure>\n\n\n\n<figure class=\"wp-block-image size-large\"><img loading=\"lazy\" decoding=\"async\" width=\"768\" height=\"1024\" data-id=\"43016\" src=\"https:\/\/madeinzaragoza.es\/blog\/wp-content\/uploads\/2024\/12\/unnamed-768x1024.jpg\" alt=\"\" class=\"wp-image-43016\" srcset=\"http:\/\/madeinzaragoza.es\/blog\/wp-content\/uploads\/2024\/12\/unnamed-768x1024.jpg 768w, http:\/\/madeinzaragoza.es\/blog\/wp-content\/uploads\/2024\/12\/unnamed-338x450.jpg 338w, http:\/\/madeinzaragoza.es\/blog\/wp-content\/uploads\/2024\/12\/unnamed-1152x1536.jpg 1152w, http:\/\/madeinzaragoza.es\/blog\/wp-content\/uploads\/2024\/12\/unnamed-1536x2048.jpg 1536w, http:\/\/madeinzaragoza.es\/blog\/wp-content\/uploads\/2024\/12\/unnamed-1200x1600.jpg 1200w, http:\/\/madeinzaragoza.es\/blog\/wp-content\/uploads\/2024\/12\/unnamed-scaled.jpg 1920w\" sizes=\"(max-width: 709px) 85vw, (max-width: 909px) 67vw, (max-width: 984px) 61vw, (max-width: 1362px) 45vw, 600px\" \/><\/figure>\n<\/figure>\n\n\n\n<p><\/p>\n\n\n\n<p><strong>Actualmente podemos conocer tus obras en la exposici\u00f3n \u00abEl rostro de las cosas\u00bb que, hasta el 10 de enero de 2025, acoge el espacio Fundaci\u00f3n Caja Rural de Arag\u00f3n en la Sala Canfranc, C\/Canfranc, 22, Zaragoza, en horario de lunes a viernes de 18:00h a 20:00h. \u00bfQu\u00e9 vamos a encontrar en esta muestra?<\/strong> <\/p>\n\n\n\n<p>Pues sobre todo mucho color y energ\u00eda. <\/p>\n\n\n\n<p>Una persona que ha estado en la exposici\u00f3n me dijo que le aportaba paz y serenidad, que se sent\u00eda muy a gusto rodeado de las pinturas, eso me sorprendi\u00f3 gratamente. <\/p>\n\n\n\n<p>Obras con color y trazos en\u00e9rgicos pero que te trasmiten cosas para descansar la mente. Imagino que cada uno tendr\u00e1 unas sensaciones. Para m\u00ed han sido 3 a\u00f1os de apostar por la vitalidad y energ\u00eda del color, despu\u00e9s del COVID y de la muerte de mi madre necesitaba sentir mucha alegr\u00eda y eso es lo que he querido sacar fuera la alegr\u00eda de vivir, de sentir el viento, el sol, el mar, la tierra, ya que nos aportan todo para ser aut\u00e9nticos.<\/p>\n\n\n\n<p><\/p>\n\n\n\n<figure class=\"wp-block-gallery has-nested-images columns-default is-cropped wp-block-gallery-3 is-layout-flex wp-block-gallery-is-layout-flex\">\n<figure class=\"wp-block-image size-large\"><img loading=\"lazy\" decoding=\"async\" width=\"1024\" height=\"847\" data-id=\"43004\" src=\"https:\/\/madeinzaragoza.es\/blog\/wp-content\/uploads\/2024\/12\/Ines-Gran-Blogssipgirl-101224-1-1024x847.jpg\" alt=\"\" class=\"wp-image-43004\" srcset=\"http:\/\/madeinzaragoza.es\/blog\/wp-content\/uploads\/2024\/12\/Ines-Gran-Blogssipgirl-101224-1-1024x847.jpg 1024w, http:\/\/madeinzaragoza.es\/blog\/wp-content\/uploads\/2024\/12\/Ines-Gran-Blogssipgirl-101224-1-450x372.jpg 450w, http:\/\/madeinzaragoza.es\/blog\/wp-content\/uploads\/2024\/12\/Ines-Gran-Blogssipgirl-101224-1-768x635.jpg 768w, http:\/\/madeinzaragoza.es\/blog\/wp-content\/uploads\/2024\/12\/Ines-Gran-Blogssipgirl-101224-1-1200x993.jpg 1200w, http:\/\/madeinzaragoza.es\/blog\/wp-content\/uploads\/2024\/12\/Ines-Gran-Blogssipgirl-101224-1.jpg 1412w\" sizes=\"(max-width: 709px) 85vw, (max-width: 909px) 67vw, (max-width: 1362px) 62vw, 840px\" \/><\/figure>\n\n\n\n<figure class=\"wp-block-image size-large\"><img loading=\"lazy\" decoding=\"async\" width=\"1024\" height=\"765\" data-id=\"43002\" src=\"https:\/\/madeinzaragoza.es\/blog\/wp-content\/uploads\/2024\/12\/Ines-Gran-Blogssipgirl-101224-5-1024x765.jpg\" alt=\"\" class=\"wp-image-43002\" srcset=\"http:\/\/madeinzaragoza.es\/blog\/wp-content\/uploads\/2024\/12\/Ines-Gran-Blogssipgirl-101224-5-1024x765.jpg 1024w, http:\/\/madeinzaragoza.es\/blog\/wp-content\/uploads\/2024\/12\/Ines-Gran-Blogssipgirl-101224-5-450x336.jpg 450w, http:\/\/madeinzaragoza.es\/blog\/wp-content\/uploads\/2024\/12\/Ines-Gran-Blogssipgirl-101224-5-768x574.jpg 768w, http:\/\/madeinzaragoza.es\/blog\/wp-content\/uploads\/2024\/12\/Ines-Gran-Blogssipgirl-101224-5-1536x1148.jpg 1536w, http:\/\/madeinzaragoza.es\/blog\/wp-content\/uploads\/2024\/12\/Ines-Gran-Blogssipgirl-101224-5-1200x897.jpg 1200w, http:\/\/madeinzaragoza.es\/blog\/wp-content\/uploads\/2024\/12\/Ines-Gran-Blogssipgirl-101224-5.jpg 1600w\" sizes=\"(max-width: 709px) 85vw, (max-width: 909px) 67vw, (max-width: 1362px) 62vw, 840px\" \/><\/figure>\n\n\n\n<figure class=\"wp-block-image size-large\"><img loading=\"lazy\" decoding=\"async\" width=\"1024\" height=\"728\" data-id=\"43005\" src=\"https:\/\/madeinzaragoza.es\/blog\/wp-content\/uploads\/2024\/12\/Ines-Gran-Blogssipgirl-101224-7-1024x728.jpg\" alt=\"\" class=\"wp-image-43005\" srcset=\"http:\/\/madeinzaragoza.es\/blog\/wp-content\/uploads\/2024\/12\/Ines-Gran-Blogssipgirl-101224-7-1024x728.jpg 1024w, http:\/\/madeinzaragoza.es\/blog\/wp-content\/uploads\/2024\/12\/Ines-Gran-Blogssipgirl-101224-7-450x320.jpg 450w, http:\/\/madeinzaragoza.es\/blog\/wp-content\/uploads\/2024\/12\/Ines-Gran-Blogssipgirl-101224-7-768x546.jpg 768w, http:\/\/madeinzaragoza.es\/blog\/wp-content\/uploads\/2024\/12\/Ines-Gran-Blogssipgirl-101224-7-1200x853.jpg 1200w, http:\/\/madeinzaragoza.es\/blog\/wp-content\/uploads\/2024\/12\/Ines-Gran-Blogssipgirl-101224-7.jpg 1507w\" sizes=\"(max-width: 709px) 85vw, (max-width: 909px) 67vw, (max-width: 1362px) 62vw, 840px\" \/><\/figure>\n\n\n\n<figure class=\"wp-block-image size-large\"><img loading=\"lazy\" decoding=\"async\" width=\"1024\" height=\"765\" data-id=\"43003\" src=\"https:\/\/madeinzaragoza.es\/blog\/wp-content\/uploads\/2024\/12\/Ines-Gran-Blogssipgirl-101224-8-1024x765.jpg\" alt=\"\" class=\"wp-image-43003\" srcset=\"http:\/\/madeinzaragoza.es\/blog\/wp-content\/uploads\/2024\/12\/Ines-Gran-Blogssipgirl-101224-8-1024x765.jpg 1024w, http:\/\/madeinzaragoza.es\/blog\/wp-content\/uploads\/2024\/12\/Ines-Gran-Blogssipgirl-101224-8-450x336.jpg 450w, http:\/\/madeinzaragoza.es\/blog\/wp-content\/uploads\/2024\/12\/Ines-Gran-Blogssipgirl-101224-8-768x574.jpg 768w, http:\/\/madeinzaragoza.es\/blog\/wp-content\/uploads\/2024\/12\/Ines-Gran-Blogssipgirl-101224-8-1536x1148.jpg 1536w, http:\/\/madeinzaragoza.es\/blog\/wp-content\/uploads\/2024\/12\/Ines-Gran-Blogssipgirl-101224-8-1200x897.jpg 1200w, http:\/\/madeinzaragoza.es\/blog\/wp-content\/uploads\/2024\/12\/Ines-Gran-Blogssipgirl-101224-8.jpg 1600w\" sizes=\"(max-width: 709px) 85vw, (max-width: 909px) 67vw, (max-width: 1362px) 62vw, 840px\" \/><\/figure>\n\n\n\n<figure class=\"wp-block-image size-large\"><img loading=\"lazy\" decoding=\"async\" width=\"1024\" height=\"682\" data-id=\"43008\" src=\"https:\/\/madeinzaragoza.es\/blog\/wp-content\/uploads\/2024\/12\/Ines-Gran-Blogssipgirl-101224-9-1024x682.jpg\" alt=\"\" class=\"wp-image-43008\" srcset=\"http:\/\/madeinzaragoza.es\/blog\/wp-content\/uploads\/2024\/12\/Ines-Gran-Blogssipgirl-101224-9-1024x682.jpg 1024w, http:\/\/madeinzaragoza.es\/blog\/wp-content\/uploads\/2024\/12\/Ines-Gran-Blogssipgirl-101224-9-450x300.jpg 450w, http:\/\/madeinzaragoza.es\/blog\/wp-content\/uploads\/2024\/12\/Ines-Gran-Blogssipgirl-101224-9-768x511.jpg 768w, http:\/\/madeinzaragoza.es\/blog\/wp-content\/uploads\/2024\/12\/Ines-Gran-Blogssipgirl-101224-9-1200x799.jpg 1200w, http:\/\/madeinzaragoza.es\/blog\/wp-content\/uploads\/2024\/12\/Ines-Gran-Blogssipgirl-101224-9.jpg 1534w\" sizes=\"(max-width: 709px) 85vw, (max-width: 909px) 67vw, (max-width: 1362px) 62vw, 840px\" \/><\/figure>\n\n\n\n<figure class=\"wp-block-image size-large\"><img loading=\"lazy\" decoding=\"async\" width=\"1024\" height=\"704\" data-id=\"43007\" src=\"https:\/\/madeinzaragoza.es\/blog\/wp-content\/uploads\/2024\/12\/Ines-Gran-Blogssipgirl-101224-14-1024x704.jpg\" alt=\"\" class=\"wp-image-43007\" srcset=\"http:\/\/madeinzaragoza.es\/blog\/wp-content\/uploads\/2024\/12\/Ines-Gran-Blogssipgirl-101224-14-1024x704.jpg 1024w, http:\/\/madeinzaragoza.es\/blog\/wp-content\/uploads\/2024\/12\/Ines-Gran-Blogssipgirl-101224-14-450x309.jpg 450w, http:\/\/madeinzaragoza.es\/blog\/wp-content\/uploads\/2024\/12\/Ines-Gran-Blogssipgirl-101224-14-768x528.jpg 768w, http:\/\/madeinzaragoza.es\/blog\/wp-content\/uploads\/2024\/12\/Ines-Gran-Blogssipgirl-101224-14-1200x824.jpg 1200w, http:\/\/madeinzaragoza.es\/blog\/wp-content\/uploads\/2024\/12\/Ines-Gran-Blogssipgirl-101224-14.jpg 1486w\" sizes=\"(max-width: 709px) 85vw, (max-width: 909px) 67vw, (max-width: 1362px) 62vw, 840px\" \/><\/figure>\n\n\n\n<figure class=\"wp-block-image size-large\"><img loading=\"lazy\" decoding=\"async\" width=\"1024\" height=\"765\" data-id=\"43009\" src=\"https:\/\/madeinzaragoza.es\/blog\/wp-content\/uploads\/2024\/12\/Ines-Gran-Blogssipgirl-101224-23-1024x765.jpg\" alt=\"\" class=\"wp-image-43009\" srcset=\"http:\/\/madeinzaragoza.es\/blog\/wp-content\/uploads\/2024\/12\/Ines-Gran-Blogssipgirl-101224-23-1024x765.jpg 1024w, http:\/\/madeinzaragoza.es\/blog\/wp-content\/uploads\/2024\/12\/Ines-Gran-Blogssipgirl-101224-23-450x336.jpg 450w, http:\/\/madeinzaragoza.es\/blog\/wp-content\/uploads\/2024\/12\/Ines-Gran-Blogssipgirl-101224-23-768x574.jpg 768w, http:\/\/madeinzaragoza.es\/blog\/wp-content\/uploads\/2024\/12\/Ines-Gran-Blogssipgirl-101224-23-1536x1148.jpg 1536w, http:\/\/madeinzaragoza.es\/blog\/wp-content\/uploads\/2024\/12\/Ines-Gran-Blogssipgirl-101224-23-1200x897.jpg 1200w, http:\/\/madeinzaragoza.es\/blog\/wp-content\/uploads\/2024\/12\/Ines-Gran-Blogssipgirl-101224-23.jpg 1600w\" sizes=\"(max-width: 709px) 85vw, (max-width: 909px) 67vw, (max-width: 1362px) 62vw, 840px\" \/><\/figure>\n\n\n\n<figure class=\"wp-block-image size-large\"><img loading=\"lazy\" decoding=\"async\" width=\"1024\" height=\"765\" data-id=\"43006\" src=\"https:\/\/madeinzaragoza.es\/blog\/wp-content\/uploads\/2024\/12\/Ines-Gran-Blogssipgirl-101224-26-1024x765.jpg\" alt=\"\" class=\"wp-image-43006\" srcset=\"http:\/\/madeinzaragoza.es\/blog\/wp-content\/uploads\/2024\/12\/Ines-Gran-Blogssipgirl-101224-26-1024x765.jpg 1024w, http:\/\/madeinzaragoza.es\/blog\/wp-content\/uploads\/2024\/12\/Ines-Gran-Blogssipgirl-101224-26-450x336.jpg 450w, http:\/\/madeinzaragoza.es\/blog\/wp-content\/uploads\/2024\/12\/Ines-Gran-Blogssipgirl-101224-26-768x574.jpg 768w, http:\/\/madeinzaragoza.es\/blog\/wp-content\/uploads\/2024\/12\/Ines-Gran-Blogssipgirl-101224-26-1536x1148.jpg 1536w, http:\/\/madeinzaragoza.es\/blog\/wp-content\/uploads\/2024\/12\/Ines-Gran-Blogssipgirl-101224-26-1200x897.jpg 1200w, http:\/\/madeinzaragoza.es\/blog\/wp-content\/uploads\/2024\/12\/Ines-Gran-Blogssipgirl-101224-26.jpg 1600w\" sizes=\"(max-width: 709px) 85vw, (max-width: 909px) 67vw, (max-width: 1362px) 62vw, 840px\" \/><\/figure>\n<\/figure>\n\n\n\n<p><\/p>\n\n\n\n<p><strong>\u00bfC\u00f3mo defines el estilo In\u00e9s Gran?<\/strong> <\/p>\n\n\n\n<p>Pinto abstracto, expresionismo abstracto. Me dejo llevar en el momento de pintar por mis emociones, mi lucha interna, mi amor y admiraci\u00f3n por lo que me rodea. Todo fluye y no me da tiempo a pensar, s\u00f3lo sentir, dejarme llevar y con los colores y la pincelada, crear desde dentro, una catarsis de eso que siento en el pecho y en la mente.<\/p>\n\n\n\n<p><\/p>\n\n\n\n<figure class=\"wp-block-image size-large\"><img loading=\"lazy\" decoding=\"async\" width=\"1014\" height=\"1024\" src=\"https:\/\/madeinzaragoza.es\/blog\/wp-content\/uploads\/2024\/12\/unnamed-4-1014x1024.jpg\" alt=\"\" class=\"wp-image-43010\" srcset=\"http:\/\/madeinzaragoza.es\/blog\/wp-content\/uploads\/2024\/12\/unnamed-4-1014x1024.jpg 1014w, http:\/\/madeinzaragoza.es\/blog\/wp-content\/uploads\/2024\/12\/unnamed-4-446x450.jpg 446w, http:\/\/madeinzaragoza.es\/blog\/wp-content\/uploads\/2024\/12\/unnamed-4-150x150.jpg 150w, http:\/\/madeinzaragoza.es\/blog\/wp-content\/uploads\/2024\/12\/unnamed-4-768x775.jpg 768w, http:\/\/madeinzaragoza.es\/blog\/wp-content\/uploads\/2024\/12\/unnamed-4-120x120.jpg 120w, http:\/\/madeinzaragoza.es\/blog\/wp-content\/uploads\/2024\/12\/unnamed-4.jpg 1170w\" sizes=\"(max-width: 709px) 85vw, (max-width: 909px) 67vw, (max-width: 1362px) 62vw, 840px\" \/><\/figure>\n\n\n\n<p><\/p>\n\n\n\n<p><strong>\u00bfQu\u00e9 t\u00e9cnicas y materiales utilizas en tus creaciones?<\/strong> <\/p>\n\n\n\n<p>Desde que trabajo la abstracci\u00f3n, pinto en acr\u00edlico, en soporte de lienzo, alguna vez texturas, con arenas, polvo de m\u00e1rmol, Gesso\u2026 Pero por norma, es todo muy b\u00e1sico, eso s\u00ed, pinto con las manos ya que los pinceles me limitan, y me siento mucho m\u00e1s libre pintando directamente con las manos. Las manos son mis pinceles, tienen alas y me gusta dejarlas volar libres por el lienzo, es una sensaci\u00f3n muy agradable.<\/p>\n\n\n\n<p><\/p>\n\n\n\n<figure class=\"wp-block-gallery has-nested-images columns-default is-cropped wp-block-gallery-4 is-layout-flex wp-block-gallery-is-layout-flex\">\n<figure class=\"wp-block-image size-large\"><img loading=\"lazy\" decoding=\"async\" width=\"579\" height=\"1024\" data-id=\"43011\" src=\"https:\/\/madeinzaragoza.es\/blog\/wp-content\/uploads\/2024\/12\/unnamed-5-1-579x1024.jpg\" alt=\"\" class=\"wp-image-43011\" srcset=\"http:\/\/madeinzaragoza.es\/blog\/wp-content\/uploads\/2024\/12\/unnamed-5-1-579x1024.jpg 579w, http:\/\/madeinzaragoza.es\/blog\/wp-content\/uploads\/2024\/12\/unnamed-5-1-255x450.jpg 255w, http:\/\/madeinzaragoza.es\/blog\/wp-content\/uploads\/2024\/12\/unnamed-5-1-768x1357.jpg 768w, http:\/\/madeinzaragoza.es\/blog\/wp-content\/uploads\/2024\/12\/unnamed-5-1-869x1536.jpg 869w, http:\/\/madeinzaragoza.es\/blog\/wp-content\/uploads\/2024\/12\/unnamed-5-1-1159x2048.jpg 1159w, http:\/\/madeinzaragoza.es\/blog\/wp-content\/uploads\/2024\/12\/unnamed-5-1.jpg 1170w\" sizes=\"(max-width: 579px) 85vw, 579px\" \/><\/figure>\n\n\n\n<figure class=\"wp-block-image size-large\"><img loading=\"lazy\" decoding=\"async\" width=\"665\" height=\"1024\" data-id=\"43013\" src=\"https:\/\/madeinzaragoza.es\/blog\/wp-content\/uploads\/2024\/12\/unnamed-8-665x1024.jpg\" alt=\"\" class=\"wp-image-43013\" srcset=\"http:\/\/madeinzaragoza.es\/blog\/wp-content\/uploads\/2024\/12\/unnamed-8-665x1024.jpg 665w, http:\/\/madeinzaragoza.es\/blog\/wp-content\/uploads\/2024\/12\/unnamed-8-292x450.jpg 292w, http:\/\/madeinzaragoza.es\/blog\/wp-content\/uploads\/2024\/12\/unnamed-8-768x1182.jpg 768w, http:\/\/madeinzaragoza.es\/blog\/wp-content\/uploads\/2024\/12\/unnamed-8-998x1536.jpg 998w, http:\/\/madeinzaragoza.es\/blog\/wp-content\/uploads\/2024\/12\/unnamed-8.jpg 1170w\" sizes=\"(max-width: 709px) 85vw, (max-width: 909px) 67vw, (max-width: 984px) 61vw, (max-width: 1362px) 45vw, 600px\" \/><\/figure>\n\n\n\n<figure class=\"wp-block-image size-large\"><img loading=\"lazy\" decoding=\"async\" width=\"768\" height=\"1024\" data-id=\"43012\" src=\"https:\/\/madeinzaragoza.es\/blog\/wp-content\/uploads\/2024\/12\/unnamed-9-1-768x1024.jpg\" alt=\"\" class=\"wp-image-43012\" srcset=\"http:\/\/madeinzaragoza.es\/blog\/wp-content\/uploads\/2024\/12\/unnamed-9-1-768x1025.jpg 768w, http:\/\/madeinzaragoza.es\/blog\/wp-content\/uploads\/2024\/12\/unnamed-9-1-337x450.jpg 337w, http:\/\/madeinzaragoza.es\/blog\/wp-content\/uploads\/2024\/12\/unnamed-9-1-1151x1536.jpg 1151w, http:\/\/madeinzaragoza.es\/blog\/wp-content\/uploads\/2024\/12\/unnamed-9-1.jpg 1170w\" sizes=\"(max-width: 709px) 85vw, (max-width: 909px) 67vw, (max-width: 984px) 61vw, (max-width: 1362px) 45vw, 600px\" \/><\/figure>\n<\/figure>\n\n\n\n<p><\/p>\n\n\n\n<p><strong>\u00bfCu\u00e1ndo surge y d\u00f3nde encuentras la inspiraci\u00f3n?<\/strong> <\/p>\n\n\n\n<p>La inspiraci\u00f3n la encuentro en la necesidad de crear. Siempre me inspira el lugar d\u00f3nde me encuentro f\u00edsicamente en ese momento. Si estoy en el mar, es fant\u00e1stico, \u00e9l me da fuerza, energ\u00eda y vida, si es en la ciudad, son esas im\u00e1genes de lo que veo, lo represento de un modo que no tiene nada que ver con la realidad, lo idealizo. Me ayuda mucho, verlo en colores y con energ\u00eda para afrontar el invierno, as\u00ed prefiero renacer. Tambi\u00e9n las noticias de la actualidad me inspiran, no soy indiferente a las guerras y eso me hace sentir dolor y rabia, tengo cuadro pintados con ese motivo en los que he volcado mucha rabia. <\/p>\n\n\n\n<p>Reconozco que, para protegerme, prefiero un mundo idealizado, pero claro no vivo de espaldas a las atrocidades que se cometen en nombre de religiones o luchas de poder. Y el cambio clim\u00e1tico tambi\u00e9n es otro tema que me preocupa mucho, amo este planeta as\u00ed que sentir que enferma por muestras malas praxis me ha inspirado en muchos momentos, es un modo de rendirle homenaje.<\/p>\n\n\n\n<p><\/p>\n\n\n\n<figure class=\"wp-block-image size-large\"><img loading=\"lazy\" decoding=\"async\" width=\"768\" height=\"1024\" src=\"https:\/\/madeinzaragoza.es\/blog\/wp-content\/uploads\/2024\/12\/unnamed-1-1-768x1024.jpg\" alt=\"\" class=\"wp-image-43018\" srcset=\"http:\/\/madeinzaragoza.es\/blog\/wp-content\/uploads\/2024\/12\/unnamed-1-1-768x1024.jpg 768w, http:\/\/madeinzaragoza.es\/blog\/wp-content\/uploads\/2024\/12\/unnamed-1-1-338x450.jpg 338w, http:\/\/madeinzaragoza.es\/blog\/wp-content\/uploads\/2024\/12\/unnamed-1-1-1152x1536.jpg 1152w, http:\/\/madeinzaragoza.es\/blog\/wp-content\/uploads\/2024\/12\/unnamed-1-1-1536x2048.jpg 1536w, http:\/\/madeinzaragoza.es\/blog\/wp-content\/uploads\/2024\/12\/unnamed-1-1-1200x1600.jpg 1200w, http:\/\/madeinzaragoza.es\/blog\/wp-content\/uploads\/2024\/12\/unnamed-1-1-scaled.jpg 1920w\" sizes=\"(max-width: 709px) 85vw, (max-width: 909px) 67vw, (max-width: 984px) 61vw, (max-width: 1362px) 45vw, 600px\" \/><\/figure>\n\n\n\n<p><\/p>\n\n\n\n<p><strong>\u00bfC\u00f3mo ves el panorama art\u00edstico actual?<\/strong> <\/p>\n\n\n\n<p>Me encanta, lo veo lleno de creatividad. La gente tiene unas ganas locas de comunicarse y crear, es una maravilla. Yo, muchas veces, no s\u00e9 ni c\u00f3mo es posible la cantidad de grandes artistas desconocidos que existen por todo el planeta. El ser humano necesita del arte, de la ciencia, de la comunicaci\u00f3n, de realizarse m\u00e1s all\u00e1 de lo que le imponen, necesita la libertad, y a trav\u00e9s de estas disciplinas se siente mucho m\u00e1s cerca de ella <\/p>\n\n\n\n<p><\/p>\n\n\n\n<figure class=\"wp-block-image size-large\"><img loading=\"lazy\" decoding=\"async\" width=\"772\" height=\"1024\" src=\"https:\/\/madeinzaragoza.es\/blog\/wp-content\/uploads\/2024\/12\/unnamed-11-772x1024.jpg\" alt=\"\" class=\"wp-image-43020\" srcset=\"http:\/\/madeinzaragoza.es\/blog\/wp-content\/uploads\/2024\/12\/unnamed-11-772x1024.jpg 772w, http:\/\/madeinzaragoza.es\/blog\/wp-content\/uploads\/2024\/12\/unnamed-11-339x450.jpg 339w, http:\/\/madeinzaragoza.es\/blog\/wp-content\/uploads\/2024\/12\/unnamed-11-768x1018.jpg 768w, http:\/\/madeinzaragoza.es\/blog\/wp-content\/uploads\/2024\/12\/unnamed-11-1159x1536.jpg 1159w, http:\/\/madeinzaragoza.es\/blog\/wp-content\/uploads\/2024\/12\/unnamed-11.jpg 1170w\" sizes=\"(max-width: 709px) 85vw, (max-width: 909px) 67vw, (max-width: 984px) 61vw, (max-width: 1362px) 45vw, 600px\" \/><\/figure>\n\n\n\n<p><\/p>\n\n\n\n<p><strong>\u00bfHas obtenido alg\u00fan reconocimiento a lo largo de tu carrera?<\/strong> <\/p>\n\n\n\n<p>Pues la verdad que no tengo ning\u00fan reconocimiento del que pueda presumir. Me present\u00e9 al concurso del Cartel de Ecozine del 2010 y lo gan\u00e9, pero no tengo nada m\u00e1s,  es un mundo dif\u00edcil\u2026 Bueno, en 2022 me present\u00e9 a un concurso del Gobierno de Arag\u00f3n AREX y me catalogaron entre los 25 mejores artistas de Arte contempor\u00e1neo aragon\u00e9s, me hizo mucha ilusi\u00f3n. <\/p>\n\n\n\n<p>Estoy junto a otros artistas que admiro, pero despu\u00e9s tampoco me ha servido para mucho. Prometieron hacer acciones desde esa instituci\u00f3n y todo se qued\u00f3 en nada. Las instituciones tendr\u00edan que implicarse mas en la difusi\u00f3n de todo tipo de artes y ciencias, pero eso es otro tema.<\/p>\n\n\n\n<p><\/p>\n\n\n\n<figure class=\"wp-block-image size-large\"><img loading=\"lazy\" decoding=\"async\" width=\"628\" height=\"1024\" src=\"https:\/\/madeinzaragoza.es\/blog\/wp-content\/uploads\/2024\/12\/ECOZINE-628x1024.jpg\" alt=\"\" class=\"wp-image-42998\" srcset=\"http:\/\/madeinzaragoza.es\/blog\/wp-content\/uploads\/2024\/12\/ECOZINE-628x1024.jpg 628w, http:\/\/madeinzaragoza.es\/blog\/wp-content\/uploads\/2024\/12\/ECOZINE-276x450.jpg 276w, http:\/\/madeinzaragoza.es\/blog\/wp-content\/uploads\/2024\/12\/ECOZINE-768x1252.jpg 768w, http:\/\/madeinzaragoza.es\/blog\/wp-content\/uploads\/2024\/12\/ECOZINE-942x1536.jpg 942w, http:\/\/madeinzaragoza.es\/blog\/wp-content\/uploads\/2024\/12\/ECOZINE.jpg 1170w\" sizes=\"(max-width: 709px) 85vw, (max-width: 909px) 67vw, (max-width: 984px) 61vw, (max-width: 1362px) 45vw, 600px\" \/><\/figure>\n\n\n\n<p><\/p>\n\n\n\n<p><strong>M\u00e1s informaci\u00f3n:<\/strong> En su <strong><a href=\"https:\/\/inesgran.com\/\">Web<\/a><\/strong>, en <strong><a href=\"https:\/\/www.instagram.com\/inesgran.art\/\">Instagram<\/a><\/strong>, en <strong><a href=\"https:\/\/www.facebook.com\/ines.granmarco\">Facebook<\/a><\/strong>, <strong><a href=\"https:\/\/www.linkedin.com\/in\/in%C3%A9sgranmarco\/\">LinkedIn<\/a><\/strong>, <strong><a href=\"https:\/\/www.youtube.com\/channel\/UCtVZXO6d-aZBQdDE2sfNCrQ\">YouTube<\/a><\/strong>, por mail info@inesgran.com y por tel\u00e9fono: 617741057<br><br><\/p>\n","protected":false},"excerpt":{"rendered":"<p>Arte abstracto, con trazos en\u00e9rgicos y colores vibrantes, que descubre una naturaleza envolvente y sugerente. In\u00e9s Gran es una zaragozana apasionada de la b\u00fasqueda de la libertad a trav\u00e9s de sus pinturas. In\u00e9s se considera ciudadana del mundo, ha vivido en Blanes (Costa Brava), en Dinamarca y en Roma. Y ahora, a punto de cumplir &hellip; <a href=\"http:\/\/madeinzaragoza.es\/blog\/ines-gran-arte-abstracto-explosion-de-color\/\" class=\"more-link\">Continuar leyendo<span class=\"screen-reader-text\"> \u00abIn\u00e9s Gran, arte abstracto, explosi\u00f3n de color\u00bb<\/span><\/a><\/p>\n","protected":false},"author":4,"featured_media":42990,"comment_status":"open","ping_status":"open","sticky":false,"template":"","format":"standard","meta":{"footnotes":""},"categories":[829,6,1],"tags":[],"yoast_head":"<!-- This site is optimized with the Yoast SEO plugin v19.7.2 - https:\/\/yoast.com\/wordpress\/plugins\/seo\/ -->\n<title>In\u00e9s Gran, arte abstracto, explosi\u00f3n de color - Made in Zaragoza<\/title>\n<meta name=\"robots\" content=\"index, follow, max-snippet:-1, max-image-preview:large, max-video-preview:-1\" \/>\n<link rel=\"canonical\" href=\"https:\/\/madeinzaragoza.es\/blog\/ines-gran-arte-abstracto-explosion-de-color\/\" \/>\n<meta property=\"og:locale\" content=\"es_ES\" \/>\n<meta property=\"og:type\" content=\"article\" \/>\n<meta property=\"og:title\" content=\"In\u00e9s Gran, arte abstracto, explosi\u00f3n de color - Made in Zaragoza\" \/>\n<meta property=\"og:description\" content=\"Arte abstracto, con trazos en\u00e9rgicos y colores vibrantes, que descubre una naturaleza envolvente y sugerente. In\u00e9s Gran es una zaragozana apasionada de la b\u00fasqueda de la libertad a trav\u00e9s de sus pinturas. In\u00e9s se considera ciudadana del mundo, ha vivido en Blanes (Costa Brava), en Dinamarca y en Roma. Y ahora, a punto de cumplir &hellip; Continuar leyendo &quot;In\u00e9s Gran, arte abstracto, explosi\u00f3n de color&quot;\" \/>\n<meta property=\"og:url\" content=\"https:\/\/madeinzaragoza.es\/blog\/ines-gran-arte-abstracto-explosion-de-color\/\" \/>\n<meta property=\"og:site_name\" content=\"Made in Zaragoza\" \/>\n<meta property=\"article:publisher\" content=\"https:\/\/www.facebook.com\/madeinzaragoza.es\/\" \/>\n<meta property=\"article:author\" content=\"blogssipgirl\/197083753685798\" \/>\n<meta property=\"article:published_time\" content=\"2024-12-27T09:57:45+00:00\" \/>\n<meta property=\"article:modified_time\" content=\"2024-12-29T07:37:49+00:00\" \/>\n<meta property=\"og:image\" content=\"https:\/\/madeinzaragoza.es\/blog\/wp-content\/uploads\/2024\/12\/Ines-Gran-Blogssipgirl-101224-13.jpg\" \/>\n\t<meta property=\"og:image:width\" content=\"1465\" \/>\n\t<meta property=\"og:image:height\" content=\"1109\" \/>\n\t<meta property=\"og:image:type\" content=\"image\/jpeg\" \/>\n<meta name=\"author\" content=\"Blogssipgirl\" \/>\n<meta name=\"twitter:card\" content=\"summary\" \/>\n<meta name=\"twitter:creator\" content=\"@blogssipgirl1\" \/>\n<meta name=\"twitter:site\" content=\"@madeinzaragoza\" \/>\n<meta name=\"twitter:label1\" content=\"Escrito por\" \/>\n\t<meta name=\"twitter:data1\" content=\"Blogssipgirl\" \/>\n\t<meta name=\"twitter:label2\" content=\"Tiempo de lectura\" \/>\n\t<meta name=\"twitter:data2\" content=\"10 minutos\" \/>\n<script type=\"application\/ld+json\" class=\"yoast-schema-graph\">{\"@context\":\"https:\/\/schema.org\",\"@graph\":[{\"@type\":\"Article\",\"@id\":\"https:\/\/madeinzaragoza.es\/blog\/ines-gran-arte-abstracto-explosion-de-color\/#article\",\"isPartOf\":{\"@id\":\"https:\/\/madeinzaragoza.es\/blog\/ines-gran-arte-abstracto-explosion-de-color\/\"},\"author\":{\"name\":\"Blogssipgirl\",\"@id\":\"https:\/\/madeinzaragoza.es\/blog\/#\/schema\/person\/b6199e649857e868c4cf0717b007a717\"},\"headline\":\"In\u00e9s Gran, arte abstracto, explosi\u00f3n de color\",\"datePublished\":\"2024-12-27T09:57:45+00:00\",\"dateModified\":\"2024-12-29T07:37:49+00:00\",\"mainEntityOfPage\":{\"@id\":\"https:\/\/madeinzaragoza.es\/blog\/ines-gran-arte-abstracto-explosion-de-color\/\"},\"wordCount\":2087,\"commentCount\":0,\"publisher\":{\"@id\":\"https:\/\/madeinzaragoza.es\/blog\/#organization\"},\"articleSection\":[\"Cultura\",\"Gente\",\"Tendencias\"],\"inLanguage\":\"es\",\"potentialAction\":[{\"@type\":\"CommentAction\",\"name\":\"Comment\",\"target\":[\"https:\/\/madeinzaragoza.es\/blog\/ines-gran-arte-abstracto-explosion-de-color\/#respond\"]}]},{\"@type\":\"WebPage\",\"@id\":\"https:\/\/madeinzaragoza.es\/blog\/ines-gran-arte-abstracto-explosion-de-color\/\",\"url\":\"https:\/\/madeinzaragoza.es\/blog\/ines-gran-arte-abstracto-explosion-de-color\/\",\"name\":\"In\u00e9s Gran, arte abstracto, explosi\u00f3n de color - Made in Zaragoza\",\"isPartOf\":{\"@id\":\"https:\/\/madeinzaragoza.es\/blog\/#website\"},\"datePublished\":\"2024-12-27T09:57:45+00:00\",\"dateModified\":\"2024-12-29T07:37:49+00:00\",\"breadcrumb\":{\"@id\":\"https:\/\/madeinzaragoza.es\/blog\/ines-gran-arte-abstracto-explosion-de-color\/#breadcrumb\"},\"inLanguage\":\"es\",\"potentialAction\":[{\"@type\":\"ReadAction\",\"target\":[\"https:\/\/madeinzaragoza.es\/blog\/ines-gran-arte-abstracto-explosion-de-color\/\"]}]},{\"@type\":\"BreadcrumbList\",\"@id\":\"https:\/\/madeinzaragoza.es\/blog\/ines-gran-arte-abstracto-explosion-de-color\/#breadcrumb\",\"itemListElement\":[{\"@type\":\"ListItem\",\"position\":1,\"name\":\"Portada\",\"item\":\"https:\/\/madeinzaragoza.es\/blog\/\"},{\"@type\":\"ListItem\",\"position\":2,\"name\":\"In\u00e9s Gran, arte abstracto, explosi\u00f3n de color\"}]},{\"@type\":\"WebSite\",\"@id\":\"https:\/\/madeinzaragoza.es\/blog\/#website\",\"url\":\"https:\/\/madeinzaragoza.es\/blog\/\",\"name\":\"Made in Zaragoza\",\"description\":\"Blog de MadeinZGZ, Red de Econom\u00eda Creativa de Zaragoza\",\"publisher\":{\"@id\":\"https:\/\/madeinzaragoza.es\/blog\/#organization\"},\"potentialAction\":[{\"@type\":\"SearchAction\",\"target\":{\"@type\":\"EntryPoint\",\"urlTemplate\":\"https:\/\/madeinzaragoza.es\/blog\/?s={search_term_string}\"},\"query-input\":\"required name=search_term_string\"}],\"inLanguage\":\"es\"},{\"@type\":\"Organization\",\"@id\":\"https:\/\/madeinzaragoza.es\/blog\/#organization\",\"name\":\"Made In Zaragoza\",\"url\":\"https:\/\/madeinzaragoza.es\/blog\/\",\"sameAs\":[\"https:\/\/www.instagram.com\/madeinzaragoza.es\/\",\"https:\/\/www.facebook.com\/madeinzaragoza.es\/\",\"https:\/\/twitter.com\/madeinzaragoza\"],\"logo\":{\"@type\":\"ImageObject\",\"inLanguage\":\"es\",\"@id\":\"https:\/\/madeinzaragoza.es\/blog\/#\/schema\/logo\/image\/\",\"url\":\"https:\/\/madeinzaragoza.es\/blog\/wp-content\/uploads\/2022\/05\/logo.png\",\"contentUrl\":\"https:\/\/madeinzaragoza.es\/blog\/wp-content\/uploads\/2022\/05\/logo.png\",\"width\":193,\"height\":176,\"caption\":\"Made In Zaragoza\"},\"image\":{\"@id\":\"https:\/\/madeinzaragoza.es\/blog\/#\/schema\/logo\/image\/\"}},{\"@type\":\"Person\",\"@id\":\"https:\/\/madeinzaragoza.es\/blog\/#\/schema\/person\/b6199e649857e868c4cf0717b007a717\",\"name\":\"Blogssipgirl\",\"image\":{\"@type\":\"ImageObject\",\"inLanguage\":\"es\",\"@id\":\"https:\/\/madeinzaragoza.es\/blog\/#\/schema\/person\/image\/\",\"url\":\"http:\/\/0.gravatar.com\/avatar\/6171ea2cd2ec17b189583c580ab912a7?s=96&d=mm&r=g\",\"contentUrl\":\"http:\/\/0.gravatar.com\/avatar\/6171ea2cd2ec17b189583c580ab912a7?s=96&d=mm&r=g\",\"caption\":\"Blogssipgirl\"},\"description\":\"Organizadora de eventos, editora de blogs y gestora de RRSS. Y como hobby, bloguera: Blogssipgirl es mi alterego... Me gusta moverme por las redes sociales y colaborar en miles de proyectos, no s\u00e9 estar quieta. Me apasiona la moda y el buen gusto, adoro los peque\u00f1os placeres como pasear y disfrutar de mi familia y amigos.\",\"sameAs\":[\"http:\/\/blogssipgirl.blogspot.com\",\"blogssipgirl\/197083753685798\",\"https:\/\/twitter.com\/blogssipgirl1\"],\"url\":\"http:\/\/madeinzaragoza.es\/blog\/author\/blogssipgirl\/\"}]}<\/script>\n<!-- \/ Yoast SEO plugin. -->","yoast_head_json":{"title":"In\u00e9s Gran, arte abstracto, explosi\u00f3n de color - Made in Zaragoza","robots":{"index":"index","follow":"follow","max-snippet":"max-snippet:-1","max-image-preview":"max-image-preview:large","max-video-preview":"max-video-preview:-1"},"canonical":"https:\/\/madeinzaragoza.es\/blog\/ines-gran-arte-abstracto-explosion-de-color\/","og_locale":"es_ES","og_type":"article","og_title":"In\u00e9s Gran, arte abstracto, explosi\u00f3n de color - Made in Zaragoza","og_description":"Arte abstracto, con trazos en\u00e9rgicos y colores vibrantes, que descubre una naturaleza envolvente y sugerente. In\u00e9s Gran es una zaragozana apasionada de la b\u00fasqueda de la libertad a trav\u00e9s de sus pinturas. In\u00e9s se considera ciudadana del mundo, ha vivido en Blanes (Costa Brava), en Dinamarca y en Roma. Y ahora, a punto de cumplir &hellip; Continuar leyendo \"In\u00e9s Gran, arte abstracto, explosi\u00f3n de color\"","og_url":"https:\/\/madeinzaragoza.es\/blog\/ines-gran-arte-abstracto-explosion-de-color\/","og_site_name":"Made in Zaragoza","article_publisher":"https:\/\/www.facebook.com\/madeinzaragoza.es\/","article_author":"blogssipgirl\/197083753685798","article_published_time":"2024-12-27T09:57:45+00:00","article_modified_time":"2024-12-29T07:37:49+00:00","og_image":[{"width":1465,"height":1109,"url":"https:\/\/madeinzaragoza.es\/blog\/wp-content\/uploads\/2024\/12\/Ines-Gran-Blogssipgirl-101224-13.jpg","type":"image\/jpeg"}],"author":"Blogssipgirl","twitter_card":"summary","twitter_creator":"@blogssipgirl1","twitter_site":"@madeinzaragoza","twitter_misc":{"Escrito por":"Blogssipgirl","Tiempo de lectura":"10 minutos"},"schema":{"@context":"https:\/\/schema.org","@graph":[{"@type":"Article","@id":"https:\/\/madeinzaragoza.es\/blog\/ines-gran-arte-abstracto-explosion-de-color\/#article","isPartOf":{"@id":"https:\/\/madeinzaragoza.es\/blog\/ines-gran-arte-abstracto-explosion-de-color\/"},"author":{"name":"Blogssipgirl","@id":"https:\/\/madeinzaragoza.es\/blog\/#\/schema\/person\/b6199e649857e868c4cf0717b007a717"},"headline":"In\u00e9s Gran, arte abstracto, explosi\u00f3n de color","datePublished":"2024-12-27T09:57:45+00:00","dateModified":"2024-12-29T07:37:49+00:00","mainEntityOfPage":{"@id":"https:\/\/madeinzaragoza.es\/blog\/ines-gran-arte-abstracto-explosion-de-color\/"},"wordCount":2087,"commentCount":0,"publisher":{"@id":"https:\/\/madeinzaragoza.es\/blog\/#organization"},"articleSection":["Cultura","Gente","Tendencias"],"inLanguage":"es","potentialAction":[{"@type":"CommentAction","name":"Comment","target":["https:\/\/madeinzaragoza.es\/blog\/ines-gran-arte-abstracto-explosion-de-color\/#respond"]}]},{"@type":"WebPage","@id":"https:\/\/madeinzaragoza.es\/blog\/ines-gran-arte-abstracto-explosion-de-color\/","url":"https:\/\/madeinzaragoza.es\/blog\/ines-gran-arte-abstracto-explosion-de-color\/","name":"In\u00e9s Gran, arte abstracto, explosi\u00f3n de color - Made in Zaragoza","isPartOf":{"@id":"https:\/\/madeinzaragoza.es\/blog\/#website"},"datePublished":"2024-12-27T09:57:45+00:00","dateModified":"2024-12-29T07:37:49+00:00","breadcrumb":{"@id":"https:\/\/madeinzaragoza.es\/blog\/ines-gran-arte-abstracto-explosion-de-color\/#breadcrumb"},"inLanguage":"es","potentialAction":[{"@type":"ReadAction","target":["https:\/\/madeinzaragoza.es\/blog\/ines-gran-arte-abstracto-explosion-de-color\/"]}]},{"@type":"BreadcrumbList","@id":"https:\/\/madeinzaragoza.es\/blog\/ines-gran-arte-abstracto-explosion-de-color\/#breadcrumb","itemListElement":[{"@type":"ListItem","position":1,"name":"Portada","item":"https:\/\/madeinzaragoza.es\/blog\/"},{"@type":"ListItem","position":2,"name":"In\u00e9s Gran, arte abstracto, explosi\u00f3n de color"}]},{"@type":"WebSite","@id":"https:\/\/madeinzaragoza.es\/blog\/#website","url":"https:\/\/madeinzaragoza.es\/blog\/","name":"Made in Zaragoza","description":"Blog de MadeinZGZ, Red de Econom\u00eda Creativa de Zaragoza","publisher":{"@id":"https:\/\/madeinzaragoza.es\/blog\/#organization"},"potentialAction":[{"@type":"SearchAction","target":{"@type":"EntryPoint","urlTemplate":"https:\/\/madeinzaragoza.es\/blog\/?s={search_term_string}"},"query-input":"required name=search_term_string"}],"inLanguage":"es"},{"@type":"Organization","@id":"https:\/\/madeinzaragoza.es\/blog\/#organization","name":"Made In Zaragoza","url":"https:\/\/madeinzaragoza.es\/blog\/","sameAs":["https:\/\/www.instagram.com\/madeinzaragoza.es\/","https:\/\/www.facebook.com\/madeinzaragoza.es\/","https:\/\/twitter.com\/madeinzaragoza"],"logo":{"@type":"ImageObject","inLanguage":"es","@id":"https:\/\/madeinzaragoza.es\/blog\/#\/schema\/logo\/image\/","url":"https:\/\/madeinzaragoza.es\/blog\/wp-content\/uploads\/2022\/05\/logo.png","contentUrl":"https:\/\/madeinzaragoza.es\/blog\/wp-content\/uploads\/2022\/05\/logo.png","width":193,"height":176,"caption":"Made In Zaragoza"},"image":{"@id":"https:\/\/madeinzaragoza.es\/blog\/#\/schema\/logo\/image\/"}},{"@type":"Person","@id":"https:\/\/madeinzaragoza.es\/blog\/#\/schema\/person\/b6199e649857e868c4cf0717b007a717","name":"Blogssipgirl","image":{"@type":"ImageObject","inLanguage":"es","@id":"https:\/\/madeinzaragoza.es\/blog\/#\/schema\/person\/image\/","url":"http:\/\/0.gravatar.com\/avatar\/6171ea2cd2ec17b189583c580ab912a7?s=96&d=mm&r=g","contentUrl":"http:\/\/0.gravatar.com\/avatar\/6171ea2cd2ec17b189583c580ab912a7?s=96&d=mm&r=g","caption":"Blogssipgirl"},"description":"Organizadora de eventos, editora de blogs y gestora de RRSS. Y como hobby, bloguera: Blogssipgirl es mi alterego... Me gusta moverme por las redes sociales y colaborar en miles de proyectos, no s\u00e9 estar quieta. Me apasiona la moda y el buen gusto, adoro los peque\u00f1os placeres como pasear y disfrutar de mi familia y amigos.","sameAs":["http:\/\/blogssipgirl.blogspot.com","blogssipgirl\/197083753685798","https:\/\/twitter.com\/blogssipgirl1"],"url":"http:\/\/madeinzaragoza.es\/blog\/author\/blogssipgirl\/"}]}},"_links":{"self":[{"href":"http:\/\/madeinzaragoza.es\/blog\/wp-json\/wp\/v2\/posts\/42971"}],"collection":[{"href":"http:\/\/madeinzaragoza.es\/blog\/wp-json\/wp\/v2\/posts"}],"about":[{"href":"http:\/\/madeinzaragoza.es\/blog\/wp-json\/wp\/v2\/types\/post"}],"author":[{"embeddable":true,"href":"http:\/\/madeinzaragoza.es\/blog\/wp-json\/wp\/v2\/users\/4"}],"replies":[{"embeddable":true,"href":"http:\/\/madeinzaragoza.es\/blog\/wp-json\/wp\/v2\/comments?post=42971"}],"version-history":[{"count":7,"href":"http:\/\/madeinzaragoza.es\/blog\/wp-json\/wp\/v2\/posts\/42971\/revisions"}],"predecessor-version":[{"id":43143,"href":"http:\/\/madeinzaragoza.es\/blog\/wp-json\/wp\/v2\/posts\/42971\/revisions\/43143"}],"wp:featuredmedia":[{"embeddable":true,"href":"http:\/\/madeinzaragoza.es\/blog\/wp-json\/wp\/v2\/media\/42990"}],"wp:attachment":[{"href":"http:\/\/madeinzaragoza.es\/blog\/wp-json\/wp\/v2\/media?parent=42971"}],"wp:term":[{"taxonomy":"category","embeddable":true,"href":"http:\/\/madeinzaragoza.es\/blog\/wp-json\/wp\/v2\/categories?post=42971"},{"taxonomy":"post_tag","embeddable":true,"href":"http:\/\/madeinzaragoza.es\/blog\/wp-json\/wp\/v2\/tags?post=42971"}],"curies":[{"name":"wp","href":"https:\/\/api.w.org\/{rel}","templated":true}]}}