{"id":40097,"date":"2024-01-17T09:10:00","date_gmt":"2024-01-17T08:10:00","guid":{"rendered":"https:\/\/madeinzaragoza.es\/blog\/?p=40097"},"modified":"2024-01-22T08:51:33","modified_gmt":"2024-01-22T07:51:33","slug":"miz-lab-8-resultados-de-la-asesoria-de-espacio-fisico-e-imagen-con-el-arquetipo","status":"publish","type":"post","link":"http:\/\/madeinzaragoza.es\/blog\/miz-lab-8-resultados-de-la-asesoria-de-espacio-fisico-e-imagen-con-el-arquetipo\/","title":{"rendered":"MIZ-Lab 8: Resultados de la asesor\u00eda de espacio f\u00edsico e imagen con El Arquetipo"},"content":{"rendered":"\n<p>Tenemos la suerte que el eje de espacio e imagen es el m\u00e1s visual de los 3 que se llevan a cabo en las asesor\u00edas del <a href=\"https:\/\/madeinzaragoza.es\/mizlab\/\">MIZ-Lab<\/a>. Tambi\u00e9n es el m\u00e1s inmediato, no hace falta esperar mucho tiempo para ver resultados y m\u00e1s cuando las mejoras se llevan a cabo tan r\u00e1pido como ha hecho David en <a href=\"https:\/\/madeinzaragoza.es\/blog\/el-arquetipo-una-experiencia-artistica-unica-y-divertida-con-el-escultor-david-ballester\/\">El Arquetipo<\/a>.<\/p>\n\n\n\n<p>Todo empez\u00f3 con la necesidad de <strong>crear una identidad gr\u00e1fica corporativa. <\/strong>Inspiradas por el trabajo que David hace, creamos varias opciones de logotipo para, desde ah\u00ed, crear el resto de elementos gr\u00e1ficos que necesitara para el negocio. <\/p>\n\n\n\n<p>En cualquier negocio, sea del \u00e1mbito que sea, es imprescindible que la imagen corporativa transmita la esencia, ya que visualmente va a ser lo que te va a representar. En el caso de David nos hemos apoyado en los materiales con los que trabaja, el alabastro, la madera y el barro.<\/p>\n\n\n\n<figure class=\"wp-block-image size-large\"><img loading=\"lazy\" decoding=\"async\" width=\"1024\" height=\"365\" src=\"https:\/\/madeinzaragoza.es\/blog\/wp-content\/uploads\/2024\/01\/elarquetipo01-1024x365.jpg\" alt=\"\" class=\"wp-image-40374\" srcset=\"http:\/\/madeinzaragoza.es\/blog\/wp-content\/uploads\/2024\/01\/elarquetipo01-1024x365.jpg 1024w, http:\/\/madeinzaragoza.es\/blog\/wp-content\/uploads\/2024\/01\/elarquetipo01-450x161.jpg 450w, http:\/\/madeinzaragoza.es\/blog\/wp-content\/uploads\/2024\/01\/elarquetipo01-768x274.jpg 768w, http:\/\/madeinzaragoza.es\/blog\/wp-content\/uploads\/2024\/01\/elarquetipo01-1536x548.jpg 1536w, http:\/\/madeinzaragoza.es\/blog\/wp-content\/uploads\/2024\/01\/elarquetipo01-2048x731.jpg 2048w, http:\/\/madeinzaragoza.es\/blog\/wp-content\/uploads\/2024\/01\/elarquetipo01-1200x428.jpg 1200w\" sizes=\"(max-width: 709px) 85vw, (max-width: 909px) 67vw, (max-width: 1362px) 62vw, 840px\" \/><\/figure>\n\n\n\n<p>Se han creado variaciones del logotipo para que cada una de ellas represente diferentes elementos que David tiene que comunicar. De esta manera la imagen es m\u00e1s viva y cambiante, m\u00e1s creativa como lo es David.<\/p>\n\n\n\n<p>Tambi\u00e9n se han creado variaciones de tono, bas\u00e1ndonos en una paleta de colores naturales, neutros y tierras.<\/p>\n\n\n\n<p><\/p>\n\n\n\n<figure class=\"wp-block-image size-large\"><img loading=\"lazy\" decoding=\"async\" width=\"1024\" height=\"1024\" src=\"https:\/\/madeinzaragoza.es\/blog\/wp-content\/uploads\/2024\/01\/elarquetipo02-1024x1024.jpg\" alt=\"\" class=\"wp-image-40375\" srcset=\"http:\/\/madeinzaragoza.es\/blog\/wp-content\/uploads\/2024\/01\/elarquetipo02-1024x1024.jpg 1024w, http:\/\/madeinzaragoza.es\/blog\/wp-content\/uploads\/2024\/01\/elarquetipo02-450x450.jpg 450w, http:\/\/madeinzaragoza.es\/blog\/wp-content\/uploads\/2024\/01\/elarquetipo02-150x150.jpg 150w, http:\/\/madeinzaragoza.es\/blog\/wp-content\/uploads\/2024\/01\/elarquetipo02-768x768.jpg 768w, http:\/\/madeinzaragoza.es\/blog\/wp-content\/uploads\/2024\/01\/elarquetipo02-120x120.jpg 120w, http:\/\/madeinzaragoza.es\/blog\/wp-content\/uploads\/2024\/01\/elarquetipo02.jpg 1080w\" sizes=\"(max-width: 709px) 85vw, (max-width: 909px) 67vw, (max-width: 1362px) 62vw, 840px\" \/><\/figure>\n\n\n\n<p><\/p>\n\n\n\n<p>Una vez elaborada esta imagen creamos las adaptaciones necesarias para David, carteler\u00eda, r\u00f3tulo para el espacio f\u00edsico, tarjetas corporativas&#8230;<\/p>\n\n\n\n<p><\/p>\n\n\n\n<figure class=\"wp-block-gallery has-nested-images columns-default is-cropped wp-block-gallery-1 is-layout-flex wp-block-gallery-is-layout-flex\">\n<figure class=\"wp-block-image size-large\"><img loading=\"lazy\" decoding=\"async\" width=\"1024\" height=\"768\" data-id=\"40377\" src=\"https:\/\/madeinzaragoza.es\/blog\/wp-content\/uploads\/2024\/01\/elarquetipo03-1024x768.jpg\" alt=\"\" class=\"wp-image-40377\" srcset=\"http:\/\/madeinzaragoza.es\/blog\/wp-content\/uploads\/2024\/01\/elarquetipo03-1024x768.jpg 1024w, http:\/\/madeinzaragoza.es\/blog\/wp-content\/uploads\/2024\/01\/elarquetipo03-450x338.jpg 450w, http:\/\/madeinzaragoza.es\/blog\/wp-content\/uploads\/2024\/01\/elarquetipo03-768x576.jpg 768w, http:\/\/madeinzaragoza.es\/blog\/wp-content\/uploads\/2024\/01\/elarquetipo03-1536x1152.jpg 1536w, http:\/\/madeinzaragoza.es\/blog\/wp-content\/uploads\/2024\/01\/elarquetipo03-2048x1536.jpg 2048w, http:\/\/madeinzaragoza.es\/blog\/wp-content\/uploads\/2024\/01\/elarquetipo03-1200x900.jpg 1200w\" sizes=\"(max-width: 709px) 85vw, (max-width: 909px) 67vw, (max-width: 1362px) 62vw, 840px\" \/><\/figure>\n<\/figure>\n\n\n\n<p><\/p>\n\n\n\n<p>En el caso de El Arquetipo, su necesidad primordial era la adecuaci\u00f3n de la imagen gr\u00e1fica. Respecto al espacio f\u00edsico se realizaron algunos cambios en el almacenaje del material y se ha puesto en valor el escaparate ya que antes David lo usaba como almacenaje. Aprovechando que el espacio exterior de fachada es amplio y visible, y que se ha colocado el r\u00f3tulo del negocio del que carec\u00eda, tambi\u00e9n se han puesto luminarias en el escaparate y David ha colocado piezas suyas a la venta. <\/p>\n\n\n\n<p><\/p>\n\n\n\n<p>A estas piezas les ha colocado el precio, esto es un punto importante en un escaparate, ya que si colocas producto sin precio puede parecer que no est\u00e1 a la venta, o tambi\u00e9n puede ser que alguien interesado pase de largo por no entrar a preguntar.<\/p>\n\n\n\n<p>Hasta aqu\u00ed podemos contar de nuestro mentorizaje y trabajo de dise\u00f1o en este MIZ-Lab. Esperamos haber ayudado a David tanto en dise\u00f1o, como en estrategia y comunicaci\u00f3n.<\/p>\n","protected":false},"excerpt":{"rendered":"<p>Tenemos la suerte que el eje de espacio e imagen es el m\u00e1s visual de los 3 que se llevan a cabo en las asesor\u00edas del MIZ-Lab. Tambi\u00e9n es el m\u00e1s inmediato, no hace falta esperar mucho tiempo para ver resultados y m\u00e1s cuando las mejoras se llevan a cabo tan r\u00e1pido como ha hecho &hellip; <a href=\"http:\/\/madeinzaragoza.es\/blog\/miz-lab-8-resultados-de-la-asesoria-de-espacio-fisico-e-imagen-con-el-arquetipo\/\" class=\"more-link\">Continuar leyendo<span class=\"screen-reader-text\"> \u00abMIZ-Lab 8: Resultados de la asesor\u00eda de espacio f\u00edsico e imagen con El Arquetipo\u00bb<\/span><\/a><\/p>\n","protected":false},"author":49,"featured_media":40378,"comment_status":"open","ping_status":"open","sticky":false,"template":"","format":"standard","meta":{"footnotes":""},"categories":[1554],"tags":[1823,1910,2714],"yoast_head":"<!-- This site is optimized with the Yoast SEO plugin v19.7.2 - https:\/\/yoast.com\/wordpress\/plugins\/seo\/ -->\n<title>MIZ-Lab 8: Resultados de la asesor\u00eda de espacio f\u00edsico e imagen con El Arquetipo - Made in Zaragoza<\/title>\n<meta name=\"description\" content=\"Te mostramos c\u00f3mo hemos creado una identidad gr\u00e1fica corporativa para El Arquetipo y qu\u00e9 ajustes hemos realizado en su espacio f\u00edsico.\" \/>\n<meta name=\"robots\" content=\"index, follow, max-snippet:-1, max-image-preview:large, max-video-preview:-1\" \/>\n<link rel=\"canonical\" href=\"https:\/\/madeinzaragoza.es\/blog\/miz-lab-8-resultados-de-la-asesoria-de-espacio-fisico-e-imagen-con-el-arquetipo\/\" \/>\n<meta property=\"og:locale\" content=\"es_ES\" \/>\n<meta property=\"og:type\" content=\"article\" \/>\n<meta property=\"og:title\" content=\"MIZ-Lab 8: Resultados de la asesor\u00eda de espacio f\u00edsico e imagen con El Arquetipo - Made in Zaragoza\" \/>\n<meta property=\"og:description\" content=\"Te mostramos c\u00f3mo hemos creado una identidad gr\u00e1fica corporativa para El Arquetipo y qu\u00e9 ajustes hemos realizado en su espacio f\u00edsico.\" \/>\n<meta property=\"og:url\" content=\"https:\/\/madeinzaragoza.es\/blog\/miz-lab-8-resultados-de-la-asesoria-de-espacio-fisico-e-imagen-con-el-arquetipo\/\" \/>\n<meta property=\"og:site_name\" content=\"Made in Zaragoza\" \/>\n<meta property=\"article:publisher\" content=\"https:\/\/www.facebook.com\/madeinzaragoza.es\/\" \/>\n<meta property=\"article:published_time\" content=\"2024-01-17T08:10:00+00:00\" \/>\n<meta property=\"article:modified_time\" content=\"2024-01-22T07:51:33+00:00\" \/>\n<meta property=\"og:image\" content=\"https:\/\/madeinzaragoza.es\/blog\/wp-content\/uploads\/2024\/01\/elarquetipo04-scaled.jpg\" \/>\n\t<meta property=\"og:image:width\" content=\"2560\" \/>\n\t<meta property=\"og:image:height\" content=\"1920\" \/>\n\t<meta property=\"og:image:type\" content=\"image\/jpeg\" \/>\n<meta name=\"author\" content=\"Recreando Estudio\" \/>\n<meta name=\"twitter:card\" content=\"summary\" \/>\n<meta name=\"twitter:creator\" content=\"@madeinzaragoza\" \/>\n<meta name=\"twitter:site\" content=\"@madeinzaragoza\" \/>\n<meta name=\"twitter:label1\" content=\"Escrito por\" \/>\n\t<meta name=\"twitter:data1\" content=\"Recreando Estudio\" \/>\n\t<meta name=\"twitter:label2\" content=\"Tiempo de lectura\" \/>\n\t<meta name=\"twitter:data2\" content=\"3 minutos\" \/>\n<script type=\"application\/ld+json\" class=\"yoast-schema-graph\">{\"@context\":\"https:\/\/schema.org\",\"@graph\":[{\"@type\":\"Article\",\"@id\":\"https:\/\/madeinzaragoza.es\/blog\/miz-lab-8-resultados-de-la-asesoria-de-espacio-fisico-e-imagen-con-el-arquetipo\/#article\",\"isPartOf\":{\"@id\":\"https:\/\/madeinzaragoza.es\/blog\/miz-lab-8-resultados-de-la-asesoria-de-espacio-fisico-e-imagen-con-el-arquetipo\/\"},\"author\":{\"name\":\"Recreando Estudio\",\"@id\":\"http:\/\/madeinzaragoza.es\/blog\/#\/schema\/person\/a7967e126429bfd6d3b99d3b34a2590e\"},\"headline\":\"MIZ-Lab 8: Resultados de la asesor\u00eda de espacio f\u00edsico e imagen con El Arquetipo\",\"datePublished\":\"2024-01-17T08:10:00+00:00\",\"dateModified\":\"2024-01-22T07:51:33+00:00\",\"mainEntityOfPage\":{\"@id\":\"https:\/\/madeinzaragoza.es\/blog\/miz-lab-8-resultados-de-la-asesoria-de-espacio-fisico-e-imagen-con-el-arquetipo\/\"},\"wordCount\":416,\"commentCount\":0,\"publisher\":{\"@id\":\"http:\/\/madeinzaragoza.es\/blog\/#organization\"},\"keywords\":[\"laboratorio de innovaci\u00f3n comercial\",\"Laboratorio Innovaci\u00f3n Comercial\",\"Mizlab8\"],\"articleSection\":[\"MIZ-Lab\"],\"inLanguage\":\"es\",\"potentialAction\":[{\"@type\":\"CommentAction\",\"name\":\"Comment\",\"target\":[\"https:\/\/madeinzaragoza.es\/blog\/miz-lab-8-resultados-de-la-asesoria-de-espacio-fisico-e-imagen-con-el-arquetipo\/#respond\"]}]},{\"@type\":\"WebPage\",\"@id\":\"https:\/\/madeinzaragoza.es\/blog\/miz-lab-8-resultados-de-la-asesoria-de-espacio-fisico-e-imagen-con-el-arquetipo\/\",\"url\":\"https:\/\/madeinzaragoza.es\/blog\/miz-lab-8-resultados-de-la-asesoria-de-espacio-fisico-e-imagen-con-el-arquetipo\/\",\"name\":\"MIZ-Lab 8: Resultados de la asesor\u00eda de espacio f\u00edsico e imagen con El Arquetipo - Made in Zaragoza\",\"isPartOf\":{\"@id\":\"http:\/\/madeinzaragoza.es\/blog\/#website\"},\"datePublished\":\"2024-01-17T08:10:00+00:00\",\"dateModified\":\"2024-01-22T07:51:33+00:00\",\"description\":\"Te mostramos c\u00f3mo hemos creado una identidad gr\u00e1fica corporativa para El Arquetipo y qu\u00e9 ajustes hemos realizado en su espacio f\u00edsico.\",\"breadcrumb\":{\"@id\":\"https:\/\/madeinzaragoza.es\/blog\/miz-lab-8-resultados-de-la-asesoria-de-espacio-fisico-e-imagen-con-el-arquetipo\/#breadcrumb\"},\"inLanguage\":\"es\",\"potentialAction\":[{\"@type\":\"ReadAction\",\"target\":[\"https:\/\/madeinzaragoza.es\/blog\/miz-lab-8-resultados-de-la-asesoria-de-espacio-fisico-e-imagen-con-el-arquetipo\/\"]}]},{\"@type\":\"BreadcrumbList\",\"@id\":\"https:\/\/madeinzaragoza.es\/blog\/miz-lab-8-resultados-de-la-asesoria-de-espacio-fisico-e-imagen-con-el-arquetipo\/#breadcrumb\",\"itemListElement\":[{\"@type\":\"ListItem\",\"position\":1,\"name\":\"Portada\",\"item\":\"http:\/\/madeinzaragoza.es\/blog\/\"},{\"@type\":\"ListItem\",\"position\":2,\"name\":\"MIZ-Lab 8: Resultados de la asesor\u00eda de espacio f\u00edsico e imagen con El Arquetipo\"}]},{\"@type\":\"WebSite\",\"@id\":\"http:\/\/madeinzaragoza.es\/blog\/#website\",\"url\":\"http:\/\/madeinzaragoza.es\/blog\/\",\"name\":\"Made in Zaragoza\",\"description\":\"Blog de MadeinZGZ, Red de Econom\u00eda Creativa de Zaragoza\",\"publisher\":{\"@id\":\"http:\/\/madeinzaragoza.es\/blog\/#organization\"},\"potentialAction\":[{\"@type\":\"SearchAction\",\"target\":{\"@type\":\"EntryPoint\",\"urlTemplate\":\"http:\/\/madeinzaragoza.es\/blog\/?s={search_term_string}\"},\"query-input\":\"required name=search_term_string\"}],\"inLanguage\":\"es\"},{\"@type\":\"Organization\",\"@id\":\"http:\/\/madeinzaragoza.es\/blog\/#organization\",\"name\":\"Made In Zaragoza\",\"url\":\"http:\/\/madeinzaragoza.es\/blog\/\",\"sameAs\":[\"https:\/\/www.instagram.com\/madeinzaragoza.es\/\",\"https:\/\/www.facebook.com\/madeinzaragoza.es\/\",\"https:\/\/twitter.com\/madeinzaragoza\"],\"logo\":{\"@type\":\"ImageObject\",\"inLanguage\":\"es\",\"@id\":\"http:\/\/madeinzaragoza.es\/blog\/#\/schema\/logo\/image\/\",\"url\":\"https:\/\/madeinzaragoza.es\/blog\/wp-content\/uploads\/2022\/05\/logo.png\",\"contentUrl\":\"https:\/\/madeinzaragoza.es\/blog\/wp-content\/uploads\/2022\/05\/logo.png\",\"width\":193,\"height\":176,\"caption\":\"Made In Zaragoza\"},\"image\":{\"@id\":\"http:\/\/madeinzaragoza.es\/blog\/#\/schema\/logo\/image\/\"}},{\"@type\":\"Person\",\"@id\":\"http:\/\/madeinzaragoza.es\/blog\/#\/schema\/person\/a7967e126429bfd6d3b99d3b34a2590e\",\"name\":\"Recreando Estudio\",\"image\":{\"@type\":\"ImageObject\",\"inLanguage\":\"es\",\"@id\":\"http:\/\/madeinzaragoza.es\/blog\/#\/schema\/person\/image\/\",\"url\":\"http:\/\/2.gravatar.com\/avatar\/b64a9b785b875a20d135b20d711a193d?s=96&d=mm&r=g\",\"contentUrl\":\"http:\/\/2.gravatar.com\/avatar\/b64a9b785b875a20d135b20d711a193d?s=96&d=mm&r=g\",\"caption\":\"Recreando Estudio\"},\"description\":\"Recreando Estudio Creativo es una cooperativa de iniciativa social que dise\u00f1a y desarrolla proyectos creativos poniendo en el centro el cuidado de las personas y el entorno. Como consultoras de imagen en el MIZ-Lab, ayudan a proyectos locales a alinear su identidad visual y sus espacios con el valor real de sus productos, desplegando su creatividad y valores en cada intervenci\u00f3n.\",\"sameAs\":[\"https:\/\/recreandoestudio.com\/\",\"https:\/\/www.instagram.com\/recreandoestudio\/\",\"https:\/\/www.linkedin.com\/company\/recreando-estudio-creativo\/?originalSubdomain=es\"],\"url\":\"http:\/\/madeinzaragoza.es\/blog\/author\/recreando-estudio\/\"}]}<\/script>\n<!-- \/ Yoast SEO plugin. -->","yoast_head_json":{"title":"MIZ-Lab 8: Resultados de la asesor\u00eda de espacio f\u00edsico e imagen con El Arquetipo - Made in Zaragoza","description":"Te mostramos c\u00f3mo hemos creado una identidad gr\u00e1fica corporativa para El Arquetipo y qu\u00e9 ajustes hemos realizado en su espacio f\u00edsico.","robots":{"index":"index","follow":"follow","max-snippet":"max-snippet:-1","max-image-preview":"max-image-preview:large","max-video-preview":"max-video-preview:-1"},"canonical":"https:\/\/madeinzaragoza.es\/blog\/miz-lab-8-resultados-de-la-asesoria-de-espacio-fisico-e-imagen-con-el-arquetipo\/","og_locale":"es_ES","og_type":"article","og_title":"MIZ-Lab 8: Resultados de la asesor\u00eda de espacio f\u00edsico e imagen con El Arquetipo - Made in Zaragoza","og_description":"Te mostramos c\u00f3mo hemos creado una identidad gr\u00e1fica corporativa para El Arquetipo y qu\u00e9 ajustes hemos realizado en su espacio f\u00edsico.","og_url":"https:\/\/madeinzaragoza.es\/blog\/miz-lab-8-resultados-de-la-asesoria-de-espacio-fisico-e-imagen-con-el-arquetipo\/","og_site_name":"Made in Zaragoza","article_publisher":"https:\/\/www.facebook.com\/madeinzaragoza.es\/","article_published_time":"2024-01-17T08:10:00+00:00","article_modified_time":"2024-01-22T07:51:33+00:00","og_image":[{"width":2560,"height":1920,"url":"https:\/\/madeinzaragoza.es\/blog\/wp-content\/uploads\/2024\/01\/elarquetipo04-scaled.jpg","type":"image\/jpeg"}],"author":"Recreando Estudio","twitter_card":"summary","twitter_creator":"@madeinzaragoza","twitter_site":"@madeinzaragoza","twitter_misc":{"Escrito por":"Recreando Estudio","Tiempo de lectura":"3 minutos"},"schema":{"@context":"https:\/\/schema.org","@graph":[{"@type":"Article","@id":"https:\/\/madeinzaragoza.es\/blog\/miz-lab-8-resultados-de-la-asesoria-de-espacio-fisico-e-imagen-con-el-arquetipo\/#article","isPartOf":{"@id":"https:\/\/madeinzaragoza.es\/blog\/miz-lab-8-resultados-de-la-asesoria-de-espacio-fisico-e-imagen-con-el-arquetipo\/"},"author":{"name":"Recreando Estudio","@id":"http:\/\/madeinzaragoza.es\/blog\/#\/schema\/person\/a7967e126429bfd6d3b99d3b34a2590e"},"headline":"MIZ-Lab 8: Resultados de la asesor\u00eda de espacio f\u00edsico e imagen con El Arquetipo","datePublished":"2024-01-17T08:10:00+00:00","dateModified":"2024-01-22T07:51:33+00:00","mainEntityOfPage":{"@id":"https:\/\/madeinzaragoza.es\/blog\/miz-lab-8-resultados-de-la-asesoria-de-espacio-fisico-e-imagen-con-el-arquetipo\/"},"wordCount":416,"commentCount":0,"publisher":{"@id":"http:\/\/madeinzaragoza.es\/blog\/#organization"},"keywords":["laboratorio de innovaci\u00f3n comercial","Laboratorio Innovaci\u00f3n Comercial","Mizlab8"],"articleSection":["MIZ-Lab"],"inLanguage":"es","potentialAction":[{"@type":"CommentAction","name":"Comment","target":["https:\/\/madeinzaragoza.es\/blog\/miz-lab-8-resultados-de-la-asesoria-de-espacio-fisico-e-imagen-con-el-arquetipo\/#respond"]}]},{"@type":"WebPage","@id":"https:\/\/madeinzaragoza.es\/blog\/miz-lab-8-resultados-de-la-asesoria-de-espacio-fisico-e-imagen-con-el-arquetipo\/","url":"https:\/\/madeinzaragoza.es\/blog\/miz-lab-8-resultados-de-la-asesoria-de-espacio-fisico-e-imagen-con-el-arquetipo\/","name":"MIZ-Lab 8: Resultados de la asesor\u00eda de espacio f\u00edsico e imagen con El Arquetipo - Made in Zaragoza","isPartOf":{"@id":"http:\/\/madeinzaragoza.es\/blog\/#website"},"datePublished":"2024-01-17T08:10:00+00:00","dateModified":"2024-01-22T07:51:33+00:00","description":"Te mostramos c\u00f3mo hemos creado una identidad gr\u00e1fica corporativa para El Arquetipo y qu\u00e9 ajustes hemos realizado en su espacio f\u00edsico.","breadcrumb":{"@id":"https:\/\/madeinzaragoza.es\/blog\/miz-lab-8-resultados-de-la-asesoria-de-espacio-fisico-e-imagen-con-el-arquetipo\/#breadcrumb"},"inLanguage":"es","potentialAction":[{"@type":"ReadAction","target":["https:\/\/madeinzaragoza.es\/blog\/miz-lab-8-resultados-de-la-asesoria-de-espacio-fisico-e-imagen-con-el-arquetipo\/"]}]},{"@type":"BreadcrumbList","@id":"https:\/\/madeinzaragoza.es\/blog\/miz-lab-8-resultados-de-la-asesoria-de-espacio-fisico-e-imagen-con-el-arquetipo\/#breadcrumb","itemListElement":[{"@type":"ListItem","position":1,"name":"Portada","item":"http:\/\/madeinzaragoza.es\/blog\/"},{"@type":"ListItem","position":2,"name":"MIZ-Lab 8: Resultados de la asesor\u00eda de espacio f\u00edsico e imagen con El Arquetipo"}]},{"@type":"WebSite","@id":"http:\/\/madeinzaragoza.es\/blog\/#website","url":"http:\/\/madeinzaragoza.es\/blog\/","name":"Made in Zaragoza","description":"Blog de MadeinZGZ, Red de Econom\u00eda Creativa de Zaragoza","publisher":{"@id":"http:\/\/madeinzaragoza.es\/blog\/#organization"},"potentialAction":[{"@type":"SearchAction","target":{"@type":"EntryPoint","urlTemplate":"http:\/\/madeinzaragoza.es\/blog\/?s={search_term_string}"},"query-input":"required name=search_term_string"}],"inLanguage":"es"},{"@type":"Organization","@id":"http:\/\/madeinzaragoza.es\/blog\/#organization","name":"Made In Zaragoza","url":"http:\/\/madeinzaragoza.es\/blog\/","sameAs":["https:\/\/www.instagram.com\/madeinzaragoza.es\/","https:\/\/www.facebook.com\/madeinzaragoza.es\/","https:\/\/twitter.com\/madeinzaragoza"],"logo":{"@type":"ImageObject","inLanguage":"es","@id":"http:\/\/madeinzaragoza.es\/blog\/#\/schema\/logo\/image\/","url":"https:\/\/madeinzaragoza.es\/blog\/wp-content\/uploads\/2022\/05\/logo.png","contentUrl":"https:\/\/madeinzaragoza.es\/blog\/wp-content\/uploads\/2022\/05\/logo.png","width":193,"height":176,"caption":"Made In Zaragoza"},"image":{"@id":"http:\/\/madeinzaragoza.es\/blog\/#\/schema\/logo\/image\/"}},{"@type":"Person","@id":"http:\/\/madeinzaragoza.es\/blog\/#\/schema\/person\/a7967e126429bfd6d3b99d3b34a2590e","name":"Recreando Estudio","image":{"@type":"ImageObject","inLanguage":"es","@id":"http:\/\/madeinzaragoza.es\/blog\/#\/schema\/person\/image\/","url":"http:\/\/2.gravatar.com\/avatar\/b64a9b785b875a20d135b20d711a193d?s=96&d=mm&r=g","contentUrl":"http:\/\/2.gravatar.com\/avatar\/b64a9b785b875a20d135b20d711a193d?s=96&d=mm&r=g","caption":"Recreando Estudio"},"description":"Recreando Estudio Creativo es una cooperativa de iniciativa social que dise\u00f1a y desarrolla proyectos creativos poniendo en el centro el cuidado de las personas y el entorno. Como consultoras de imagen en el MIZ-Lab, ayudan a proyectos locales a alinear su identidad visual y sus espacios con el valor real de sus productos, desplegando su creatividad y valores en cada intervenci\u00f3n.","sameAs":["https:\/\/recreandoestudio.com\/","https:\/\/www.instagram.com\/recreandoestudio\/","https:\/\/www.linkedin.com\/company\/recreando-estudio-creativo\/?originalSubdomain=es"],"url":"http:\/\/madeinzaragoza.es\/blog\/author\/recreando-estudio\/"}]}},"_links":{"self":[{"href":"http:\/\/madeinzaragoza.es\/blog\/wp-json\/wp\/v2\/posts\/40097"}],"collection":[{"href":"http:\/\/madeinzaragoza.es\/blog\/wp-json\/wp\/v2\/posts"}],"about":[{"href":"http:\/\/madeinzaragoza.es\/blog\/wp-json\/wp\/v2\/types\/post"}],"author":[{"embeddable":true,"href":"http:\/\/madeinzaragoza.es\/blog\/wp-json\/wp\/v2\/users\/49"}],"replies":[{"embeddable":true,"href":"http:\/\/madeinzaragoza.es\/blog\/wp-json\/wp\/v2\/comments?post=40097"}],"version-history":[{"count":8,"href":"http:\/\/madeinzaragoza.es\/blog\/wp-json\/wp\/v2\/posts\/40097\/revisions"}],"predecessor-version":[{"id":40380,"href":"http:\/\/madeinzaragoza.es\/blog\/wp-json\/wp\/v2\/posts\/40097\/revisions\/40380"}],"wp:featuredmedia":[{"embeddable":true,"href":"http:\/\/madeinzaragoza.es\/blog\/wp-json\/wp\/v2\/media\/40378"}],"wp:attachment":[{"href":"http:\/\/madeinzaragoza.es\/blog\/wp-json\/wp\/v2\/media?parent=40097"}],"wp:term":[{"taxonomy":"category","embeddable":true,"href":"http:\/\/madeinzaragoza.es\/blog\/wp-json\/wp\/v2\/categories?post=40097"},{"taxonomy":"post_tag","embeddable":true,"href":"http:\/\/madeinzaragoza.es\/blog\/wp-json\/wp\/v2\/tags?post=40097"}],"curies":[{"name":"wp","href":"https:\/\/api.w.org\/{rel}","templated":true}]}}