{"id":39843,"date":"2023-11-20T08:31:35","date_gmt":"2023-11-20T07:31:35","guid":{"rendered":"http:\/\/madeinzaragoza.es\/blog\/?p=39843"},"modified":"2023-11-20T08:32:25","modified_gmt":"2023-11-20T07:32:25","slug":"los-ochenta-y-los-comics-de-la-movida-aragonesa","status":"publish","type":"post","link":"http:\/\/madeinzaragoza.es\/blog\/los-ochenta-y-los-comics-de-la-movida-aragonesa\/","title":{"rendered":"Los ochenta y los c\u00f3mics de la movida aragonesa"},"content":{"rendered":"\n<h3 class=\"wp-block-heading\"><strong>En la exposici\u00f3n \u201cLos 80 dibujados. C\u00f3mics de la movida aragonesa\u201d vamos a encontrar un recorrido cronol\u00f3gico y tem\u00e1tico del c\u00f3mic en la d\u00e9cada de los 80 en Arag\u00f3n. Desde las primeras revistas y fanzines hasta la profesionalizaci\u00f3n de los autores y las \u00faltimas investigaciones sobre c\u00f3mic.<\/strong><\/h3>\n\n\n\n<p><\/p>\n\n\n\n<p>El Paraninfo Universitario acoge hasta el 20 de enero (2024) esta exposici\u00f3n en la que vas a encontrar m\u00e1s de ciento cincuenta obras de los autores m\u00e1s significativos de los 80. Una \u00e9poca en la que la creatividad andaba desbocada y quedaba impresa en revistas como <em>El Pollo Urbano, Zeta, Bustr\u00f3fedon, El Balano, Kaspa de Rata o Neur\u00f3ptica.<\/em><\/p>\n\n\n\n<p>Algunos de sus autores os van a sonar, ya que muchos son ahora maestros del c\u00f3mic, el dise\u00f1o o la ilustraci\u00f3n: Antonio Altarriba, Samuel Aznar, Carlos Azagra, Alberto Calvo, Carlos Errazu <em>(Kalitos)<\/em>, Manuel Estradera <em>(Strader)<\/em>, Fernando de Felipe, Isidro Ferrer, V\u00edctor Gomoll\u00f3n, Mar\u00eda Pilar Herrero, Ricardo Joven, V\u00edctor Lahuerta, Isabel Mart\u00ednez, Ignacio Mayayo, Manuel Mastral, Eduardo Pelegr\u00edn <em>(Calpurnio)<\/em>, Dionisio Platel, Luis Royo, Vicente S\u00e1nchez o Paco Sim\u00f3n.<\/p>\n\n\n\n<p><\/p>\n\n\n\n<figure class=\"wp-block-gallery has-nested-images columns-default is-cropped wp-block-gallery-1 is-layout-flex wp-block-gallery-is-layout-flex\">\n<figure class=\"wp-block-image size-large\"><img loading=\"lazy\" decoding=\"async\" width=\"1024\" height=\"578\" data-id=\"39866\" src=\"http:\/\/madeinzaragoza.es\/blog\/wp-content\/uploads\/2023\/11\/PLANO-1-1024x578.jpg\" alt=\"\" class=\"wp-image-39866\" srcset=\"http:\/\/madeinzaragoza.es\/blog\/wp-content\/uploads\/2023\/11\/PLANO-1-1024x578.jpg 1024w, http:\/\/madeinzaragoza.es\/blog\/wp-content\/uploads\/2023\/11\/PLANO-1-450x254.jpg 450w, http:\/\/madeinzaragoza.es\/blog\/wp-content\/uploads\/2023\/11\/PLANO-1-768x433.jpg 768w, http:\/\/madeinzaragoza.es\/blog\/wp-content\/uploads\/2023\/11\/PLANO-1-1536x866.jpg 1536w, http:\/\/madeinzaragoza.es\/blog\/wp-content\/uploads\/2023\/11\/PLANO-1-2048x1155.jpg 2048w, http:\/\/madeinzaragoza.es\/blog\/wp-content\/uploads\/2023\/11\/PLANO-1-1200x677.jpg 1200w\" sizes=\"(max-width: 709px) 85vw, (max-width: 909px) 67vw, (max-width: 1362px) 62vw, 840px\" \/><\/figure>\n\n\n\n<figure class=\"wp-block-image size-large\"><img loading=\"lazy\" decoding=\"async\" width=\"578\" height=\"1024\" data-id=\"39867\" src=\"http:\/\/madeinzaragoza.es\/blog\/wp-content\/uploads\/2023\/11\/VICTA-1-578x1024.jpg\" alt=\"\" class=\"wp-image-39867\" srcset=\"http:\/\/madeinzaragoza.es\/blog\/wp-content\/uploads\/2023\/11\/VICTA-1-578x1024.jpg 578w, http:\/\/madeinzaragoza.es\/blog\/wp-content\/uploads\/2023\/11\/VICTA-1-254x450.jpg 254w, http:\/\/madeinzaragoza.es\/blog\/wp-content\/uploads\/2023\/11\/VICTA-1-768x1362.jpg 768w, http:\/\/madeinzaragoza.es\/blog\/wp-content\/uploads\/2023\/11\/VICTA-1-866x1536.jpg 866w, http:\/\/madeinzaragoza.es\/blog\/wp-content\/uploads\/2023\/11\/VICTA-1-1155x2048.jpg 1155w, http:\/\/madeinzaragoza.es\/blog\/wp-content\/uploads\/2023\/11\/VICTA-1-1200x2128.jpg 1200w, http:\/\/madeinzaragoza.es\/blog\/wp-content\/uploads\/2023\/11\/VICTA-1-scaled.jpg 1444w\" sizes=\"(max-width: 578px) 85vw, 578px\" \/><\/figure>\n\n\n\n<figure class=\"wp-block-image size-large\"><img loading=\"lazy\" decoding=\"async\" width=\"578\" height=\"1024\" data-id=\"39868\" src=\"http:\/\/madeinzaragoza.es\/blog\/wp-content\/uploads\/2023\/11\/VICTa2-1-578x1024.jpg\" alt=\"\" class=\"wp-image-39868\" srcset=\"http:\/\/madeinzaragoza.es\/blog\/wp-content\/uploads\/2023\/11\/VICTa2-1-578x1024.jpg 578w, http:\/\/madeinzaragoza.es\/blog\/wp-content\/uploads\/2023\/11\/VICTa2-1-254x450.jpg 254w, http:\/\/madeinzaragoza.es\/blog\/wp-content\/uploads\/2023\/11\/VICTa2-1-768x1362.jpg 768w, http:\/\/madeinzaragoza.es\/blog\/wp-content\/uploads\/2023\/11\/VICTa2-1-866x1536.jpg 866w, http:\/\/madeinzaragoza.es\/blog\/wp-content\/uploads\/2023\/11\/VICTa2-1-1155x2048.jpg 1155w, http:\/\/madeinzaragoza.es\/blog\/wp-content\/uploads\/2023\/11\/VICTa2-1-1200x2128.jpg 1200w, http:\/\/madeinzaragoza.es\/blog\/wp-content\/uploads\/2023\/11\/VICTa2-1-scaled.jpg 1444w\" sizes=\"(max-width: 578px) 85vw, 578px\" \/><\/figure>\n<\/figure>\n\n\n\n<p><\/p>\n\n\n\n<p>Llegados a este punto me gustar\u00eda que os pregunt\u00e1rais \u00bfde d\u00f3nde sale la idea para esta exposici\u00f3n? o mejor dicho \u00bfde qui\u00e9n?&#8230; La respuesta es <a href=\"https:\/\/juliogracialana.com\">Julio Gracia Lana<\/a>, doctor en Historia del Arte y docente en la Universidad de Zaragoza; pero sobretodo un gran defensor de nuestro patrimonio art\u00edstico, en este caso, del c\u00f3mic. &nbsp;<\/p>\n\n\n\n<p>Julio ha escrito los libros &#8216;El c\u00f3mic espa\u00f1ol de la democracia&#8217; (Prensas Uni. Zaragoza), &#8216;Las revistas como escuela de vida&#8217; (Grafikalismos) y &#8216;Creatividad e independencia. Colectivos de c\u00f3mic durante la Transici\u00f3n&#8217; (Ed. Idea), adem\u00e1s de publicar en otros libros y revistas.<\/p>\n\n\n\n<p>Adem\u00e1s dirige la &#8216;Fundaci\u00f3n El arte de volar&#8217;, un proyecto que busca apoyar a autores e investigadores noveles; coordina la nueva etapa de la revista Neur\u00f3ptica; codirige junto a Ana Asi\u00f3n el Congreso Internacional de Estudios Interdisciplinares sobre C\u00f3mic (CIEIC) en la Universidad de Zaragoza y forma parte de la Asociaci\u00f3n Internacional de Cr\u00edticos de Arte (AICA).<\/p>\n\n\n\n<p><\/p>\n\n\n\n<figure class=\"wp-block-image size-large\"><img loading=\"lazy\" decoding=\"async\" width=\"1024\" height=\"578\" src=\"http:\/\/madeinzaragoza.es\/blog\/wp-content\/uploads\/2023\/11\/JUL-1024x578.jpg\" alt=\"\" class=\"wp-image-39854\" srcset=\"http:\/\/madeinzaragoza.es\/blog\/wp-content\/uploads\/2023\/11\/JUL-1024x578.jpg 1024w, http:\/\/madeinzaragoza.es\/blog\/wp-content\/uploads\/2023\/11\/JUL-450x254.jpg 450w, http:\/\/madeinzaragoza.es\/blog\/wp-content\/uploads\/2023\/11\/JUL-768x433.jpg 768w, http:\/\/madeinzaragoza.es\/blog\/wp-content\/uploads\/2023\/11\/JUL-1536x866.jpg 1536w, http:\/\/madeinzaragoza.es\/blog\/wp-content\/uploads\/2023\/11\/JUL-2048x1155.jpg 2048w, http:\/\/madeinzaragoza.es\/blog\/wp-content\/uploads\/2023\/11\/JUL-1200x677.jpg 1200w\" sizes=\"(max-width: 709px) 85vw, (max-width: 909px) 67vw, (max-width: 1362px) 62vw, 840px\" \/><figcaption>Julio Gracia Lana<\/figcaption><\/figure>\n\n\n\n<p><\/p>\n\n\n\n<p><\/p>\n\n\n\n<h3 class=\"wp-block-heading\"><strong>\u00bfDe d\u00f3nde le viene tu inter\u00e9s por el c\u00f3mic?<\/strong><\/h3>\n\n\n\n<p><\/p>\n\n\n\n<p>Le\u00eda c\u00f3mic cuando era adolescente, al igual que acud\u00eda al cine o le\u00eda novelas. No me centr\u00e9 especialmente en el medio, sino que lo consum\u00eda con normalidad dentro del universo cultural.<\/p>\n\n\n\n<p><\/p>\n\n\n\n<h3 class=\"wp-block-heading\"><strong>Cuando comienzas a estudiar historia del arte, \u00bftienes en mente que vas a dirigir tus investigaciones sobre el c\u00f3mic?<\/strong><\/h3>\n\n\n\n<p><\/p>\n\n\n\n<p>No, surgi\u00f3 cuando me plante\u00e9 el doctorado. Como te dec\u00eda, yo ve\u00eda la historieta como una parte m\u00e1s de mi consumo cultural, pero no encontraba muchos libros especializados en el tema. Tampoco dentro de la carrera recib\u00ed mucha formaci\u00f3n sobre teor\u00eda del c\u00f3mic. Me pareci\u00f3 interesante abordarlo desde el punto de vista de la investigaci\u00f3n. Me gustaba y ofrec\u00eda muchas lagunas por llenar.<\/p>\n\n\n\n<p><\/p>\n\n\n\n<h3 class=\"wp-block-heading\"><strong>Tu trabajo se centra en los 80, el nacimiento de la democracia en Espa\u00f1a, la transici\u00f3n, \u00bfpor qu\u00e9 esa etapa en particular?<\/strong><\/h3>\n\n\n\n<p><\/p>\n\n\n\n<p>Me llam\u00f3 la atenci\u00f3n desde el principio que, en un momento muy cercano a nosotros, el c\u00f3mic se segu\u00eda vendiendo en los quioscos y permit\u00eda ir siguiendo las historias a trav\u00e9s de diferentes continuar\u00e1. Fue ese el punto que me llev\u00f3 a acercarme a la \u00e9poca, que me interesaba adem\u00e1s desde el plano pol\u00edtico y social.&nbsp;<\/p>\n\n\n\n<p><\/p>\n\n\n\n<figure class=\"wp-block-gallery has-nested-images columns-default is-cropped wp-block-gallery-2 is-layout-flex wp-block-gallery-is-layout-flex\">\n<figure class=\"wp-block-image size-large\"><img loading=\"lazy\" decoding=\"async\" width=\"1024\" height=\"578\" data-id=\"39856\" src=\"http:\/\/madeinzaragoza.es\/blog\/wp-content\/uploads\/2023\/11\/B1-1024x578.jpg\" alt=\"\" class=\"wp-image-39856\" srcset=\"http:\/\/madeinzaragoza.es\/blog\/wp-content\/uploads\/2023\/11\/B1-1024x578.jpg 1024w, http:\/\/madeinzaragoza.es\/blog\/wp-content\/uploads\/2023\/11\/B1-450x254.jpg 450w, http:\/\/madeinzaragoza.es\/blog\/wp-content\/uploads\/2023\/11\/B1-768x433.jpg 768w, http:\/\/madeinzaragoza.es\/blog\/wp-content\/uploads\/2023\/11\/B1-1536x866.jpg 1536w, http:\/\/madeinzaragoza.es\/blog\/wp-content\/uploads\/2023\/11\/B1-2048x1155.jpg 2048w, http:\/\/madeinzaragoza.es\/blog\/wp-content\/uploads\/2023\/11\/B1-1200x677.jpg 1200w\" sizes=\"(max-width: 709px) 85vw, (max-width: 909px) 67vw, (max-width: 1362px) 62vw, 840px\" \/><\/figure>\n<\/figure>\n\n\n\n<figure class=\"wp-block-image size-large\"><img loading=\"lazy\" decoding=\"async\" width=\"1024\" height=\"578\" src=\"http:\/\/madeinzaragoza.es\/blog\/wp-content\/uploads\/2023\/11\/B2-1-1024x578.jpg\" alt=\"\" class=\"wp-image-39857\" srcset=\"http:\/\/madeinzaragoza.es\/blog\/wp-content\/uploads\/2023\/11\/B2-1-1024x578.jpg 1024w, http:\/\/madeinzaragoza.es\/blog\/wp-content\/uploads\/2023\/11\/B2-1-450x254.jpg 450w, http:\/\/madeinzaragoza.es\/blog\/wp-content\/uploads\/2023\/11\/B2-1-768x433.jpg 768w, http:\/\/madeinzaragoza.es\/blog\/wp-content\/uploads\/2023\/11\/B2-1-1536x866.jpg 1536w, http:\/\/madeinzaragoza.es\/blog\/wp-content\/uploads\/2023\/11\/B2-1-2048x1155.jpg 2048w, http:\/\/madeinzaragoza.es\/blog\/wp-content\/uploads\/2023\/11\/B2-1-1200x677.jpg 1200w\" sizes=\"(max-width: 709px) 85vw, (max-width: 909px) 67vw, (max-width: 1362px) 62vw, 840px\" \/><\/figure>\n\n\n\n<p><\/p>\n\n\n\n<h3 class=\"wp-block-heading\"><strong>Como historiador tienes que hacer tambi\u00e9n labores de detective para tus libros o en este caso para la exposici\u00f3n, \u00bflogras seguir la pista a todos los autores o hay algunos imposibles de rastrear?<\/strong><\/h3>\n\n\n\n<p><\/p>\n\n\n\n<p>Es un proceso, podr\u00edamos decir, con paralelismos pero diferente en cada caso. De forma resumida podr\u00edamos decir que hay que marcar objetivos y recopilar fuente primaria (fanzines, revistas o entrevistas orales, entre otros materiales), para leerla y, a partir de ah\u00ed, analizar y desarrollar un discurso. <\/p>\n\n\n\n<p>Tiene varios problemas, por ejemplo, \u00bfcu\u00e1ndo es suficiente el n\u00famero de materiales recopilados? Es una pregunta para la que no hay una respuesta clara. Y\u2026 la verdad es que no, no logro seguir la pista a todos los autores. Como bien sabes, especialmente esquivas resultan, de hecho, muchas autoras en Arag\u00f3n.&nbsp;<\/p>\n\n\n\n<p><\/p>\n\n\n\n<h3 class=\"wp-block-heading\"><strong>Es la primera exposici\u00f3n sobre c\u00f3mic que se hace en la Universidad de Zaragoza y tengo entendido que est\u00e1n muy contentos con el resultado \u00bfc\u00f3mo valoras la experiencia? <\/strong><\/h3>\n\n\n\n<p><\/p>\n\n\n\n<p>Muy buena. Trabajar con todo el equipo de actividades culturales ha sido un placer. Desde all\u00ed sacan adelante iniciativas incre\u00edbles y han convertido al edificio Paraninfo en un aut\u00e9ntico referente dentro de la ciudad. Todav\u00eda recuerdo cuando Mar\u00eda Garc\u00eda me invit\u00f3 a desarrollar el proyecto. Ha sido un proceso bonito, que adem\u00e1s ha contado en el dise\u00f1o con un autor del momento: Samuel Aznar.<\/p>\n\n\n\n<p><\/p>\n\n\n\n<figure class=\"wp-block-image size-large\"><img loading=\"lazy\" decoding=\"async\" width=\"1024\" height=\"578\" src=\"http:\/\/madeinzaragoza.es\/blog\/wp-content\/uploads\/2023\/11\/B3-1024x578.jpg\" alt=\"\" class=\"wp-image-39858\" srcset=\"http:\/\/madeinzaragoza.es\/blog\/wp-content\/uploads\/2023\/11\/B3-1024x578.jpg 1024w, http:\/\/madeinzaragoza.es\/blog\/wp-content\/uploads\/2023\/11\/B3-450x254.jpg 450w, http:\/\/madeinzaragoza.es\/blog\/wp-content\/uploads\/2023\/11\/B3-768x433.jpg 768w, http:\/\/madeinzaragoza.es\/blog\/wp-content\/uploads\/2023\/11\/B3-1536x866.jpg 1536w, http:\/\/madeinzaragoza.es\/blog\/wp-content\/uploads\/2023\/11\/B3-2048x1155.jpg 2048w, http:\/\/madeinzaragoza.es\/blog\/wp-content\/uploads\/2023\/11\/B3-1200x677.jpg 1200w\" sizes=\"(max-width: 709px) 85vw, (max-width: 909px) 67vw, (max-width: 1362px) 62vw, 840px\" \/><\/figure>\n\n\n\n<figure class=\"wp-block-image size-large\"><img loading=\"lazy\" decoding=\"async\" width=\"1024\" height=\"578\" src=\"http:\/\/madeinzaragoza.es\/blog\/wp-content\/uploads\/2023\/11\/C1-1-1024x578.jpg\" alt=\"\" class=\"wp-image-39869\" srcset=\"http:\/\/madeinzaragoza.es\/blog\/wp-content\/uploads\/2023\/11\/C1-1-1024x578.jpg 1024w, http:\/\/madeinzaragoza.es\/blog\/wp-content\/uploads\/2023\/11\/C1-1-450x254.jpg 450w, http:\/\/madeinzaragoza.es\/blog\/wp-content\/uploads\/2023\/11\/C1-1-768x433.jpg 768w, http:\/\/madeinzaragoza.es\/blog\/wp-content\/uploads\/2023\/11\/C1-1-1536x866.jpg 1536w, http:\/\/madeinzaragoza.es\/blog\/wp-content\/uploads\/2023\/11\/C1-1-2048x1155.jpg 2048w, http:\/\/madeinzaragoza.es\/blog\/wp-content\/uploads\/2023\/11\/C1-1-1200x677.jpg 1200w\" sizes=\"(max-width: 709px) 85vw, (max-width: 909px) 67vw, (max-width: 1362px) 62vw, 840px\" \/><\/figure>\n\n\n\n<p><\/p>\n\n\n\n<h3 class=\"wp-block-heading\"><strong>Tu faceta como divulgador es muy amplia; libros, exposiciones, el congreso de c\u00f3mic. \u00bfCu\u00e9ntanos que hac\u00e9is all\u00ed y cu\u00e1ndo es el pr\u00f3ximo?<\/strong><\/h3>\n\n\n\n<p><\/p>\n\n\n\n<p>\u00a1Muchas gracias! El pr\u00f3ximo congreso est\u00e1 previsto para abril-mayo del a\u00f1o 2024 y tratar\u00e1 sobre las relaciones entre c\u00f3mic y cine, desde una perspectiva amplia.<\/p>\n\n\n\n<p><\/p>\n\n\n\n<h3 class=\"wp-block-heading\"><strong>Por \u00faltimo, quer\u00eda que nos contaras algo sobre la labor que realizas en la fundaci\u00f3n &#8216;El Arte de Volar&#8217;. <\/strong><\/h3>\n\n\n\n<p><\/p>\n\n\n\n<p>Surge gracias a Antonio Altarriba, como una entidad que busca apoyar a autoras, autores, investigadoras e investigadores, especialmente noveles. El objetivo es apoyar adem\u00e1s iniciativas que tengan que ver con la historieta en un sentido amplio. <\/p>\n\n\n\n<p>Entre los proyectos que desarrollamos se encuentra la Beca de Creaci\u00f3n El arte de volar, que organizamos junto a Norma Editorial y Edelvives. La primera premiada fue Clara de Frutos por su proyecto sobre las Sinsombrero.<\/p>\n\n\n\n<p><\/p>\n\n\n\n<figure class=\"wp-block-image size-large\"><img loading=\"lazy\" decoding=\"async\" width=\"1024\" height=\"578\" src=\"http:\/\/madeinzaragoza.es\/blog\/wp-content\/uploads\/2023\/11\/B4-1024x578.jpg\" alt=\"\" class=\"wp-image-39859\" srcset=\"http:\/\/madeinzaragoza.es\/blog\/wp-content\/uploads\/2023\/11\/B4-1024x578.jpg 1024w, http:\/\/madeinzaragoza.es\/blog\/wp-content\/uploads\/2023\/11\/B4-450x254.jpg 450w, http:\/\/madeinzaragoza.es\/blog\/wp-content\/uploads\/2023\/11\/B4-768x433.jpg 768w, http:\/\/madeinzaragoza.es\/blog\/wp-content\/uploads\/2023\/11\/B4-1536x866.jpg 1536w, http:\/\/madeinzaragoza.es\/blog\/wp-content\/uploads\/2023\/11\/B4-2048x1155.jpg 2048w, http:\/\/madeinzaragoza.es\/blog\/wp-content\/uploads\/2023\/11\/B4-1200x677.jpg 1200w\" sizes=\"(max-width: 709px) 85vw, (max-width: 909px) 67vw, (max-width: 1362px) 62vw, 840px\" \/><\/figure>\n\n\n\n<figure class=\"wp-block-image size-large\"><img loading=\"lazy\" decoding=\"async\" width=\"1024\" height=\"578\" src=\"http:\/\/madeinzaragoza.es\/blog\/wp-content\/uploads\/2023\/11\/C2-1-1024x578.jpg\" alt=\"\" class=\"wp-image-39870\" srcset=\"http:\/\/madeinzaragoza.es\/blog\/wp-content\/uploads\/2023\/11\/C2-1-1024x578.jpg 1024w, http:\/\/madeinzaragoza.es\/blog\/wp-content\/uploads\/2023\/11\/C2-1-450x254.jpg 450w, http:\/\/madeinzaragoza.es\/blog\/wp-content\/uploads\/2023\/11\/C2-1-768x433.jpg 768w, http:\/\/madeinzaragoza.es\/blog\/wp-content\/uploads\/2023\/11\/C2-1-1536x866.jpg 1536w, http:\/\/madeinzaragoza.es\/blog\/wp-content\/uploads\/2023\/11\/C2-1-2048x1155.jpg 2048w, http:\/\/madeinzaragoza.es\/blog\/wp-content\/uploads\/2023\/11\/C2-1-1200x677.jpg 1200w\" sizes=\"(max-width: 709px) 85vw, (max-width: 909px) 67vw, (max-width: 1362px) 62vw, 840px\" \/><\/figure>\n\n\n\n<p><\/p>\n\n\n\n<h3 class=\"wp-block-heading\"><strong>CUESTIONARIO EXPR\u00c9S \u201cLas 10 preguntas de c\u00f3mic de los 80\u201d<\/strong><\/h3>\n\n\n\n<p><\/p>\n\n\n\n<p><strong>1\/\/ Autor que m\u00e1s te marc\u00f3&nbsp;<\/strong><\/p>\n\n\n\n<p>Claro, aqu\u00ed hay un obvio ganador: Antonio Altarriba.<\/p>\n\n\n\n<p><strong>2\/\/ El tr\u00edo calavera de los 80<\/strong><\/p>\n\n\n\n<p>Tres de los miembros iniciales de <em>El Pollo Urbano<\/em>: Ignacio Mayayo, Dionisio S\u00e1nchez y Vicente S\u00e1nchez.<\/p>\n\n\n\n<p><strong>3\/\/ \u00daltima autora descubierta<\/strong><\/p>\n\n\n\n<p>Isabel Mart\u00ednez, aunque no la he localizado (\u00a1si lee esta entrevista, que me escriba!).<\/p>\n\n\n\n<p><strong>4\/\/ C\u00f3mic que guardas<em> \u00abcomo oro en pa\u00f1o\u00bb<\/em><\/strong><\/p>\n\n\n\n<p>Los <em>Japo <\/em>que realizaba Calpurnio.&nbsp;<\/p>\n\n\n\n<p><strong>5\/\/ Fanzine que marc\u00f3 una \u00e9poca<\/strong><\/p>\n\n\n\n<p><em>Zeta y Bustr\u00f3fedon.<\/em><\/p>\n\n\n\n<p><\/p>\n\n\n\n<figure class=\"wp-block-image size-large\"><img loading=\"lazy\" decoding=\"async\" width=\"1024\" height=\"578\" src=\"http:\/\/madeinzaragoza.es\/blog\/wp-content\/uploads\/2023\/11\/C3-1024x578.jpg\" alt=\"\" class=\"wp-image-39871\" srcset=\"http:\/\/madeinzaragoza.es\/blog\/wp-content\/uploads\/2023\/11\/C3-1024x578.jpg 1024w, http:\/\/madeinzaragoza.es\/blog\/wp-content\/uploads\/2023\/11\/C3-450x254.jpg 450w, http:\/\/madeinzaragoza.es\/blog\/wp-content\/uploads\/2023\/11\/C3-768x433.jpg 768w, http:\/\/madeinzaragoza.es\/blog\/wp-content\/uploads\/2023\/11\/C3-1536x866.jpg 1536w, http:\/\/madeinzaragoza.es\/blog\/wp-content\/uploads\/2023\/11\/C3-2048x1155.jpg 2048w, http:\/\/madeinzaragoza.es\/blog\/wp-content\/uploads\/2023\/11\/C3-1200x677.jpg 1200w\" sizes=\"(max-width: 709px) 85vw, (max-width: 909px) 67vw, (max-width: 1362px) 62vw, 840px\" \/><\/figure>\n\n\n\n<figure class=\"wp-block-image size-large\"><img loading=\"lazy\" decoding=\"async\" width=\"1024\" height=\"578\" src=\"http:\/\/madeinzaragoza.es\/blog\/wp-content\/uploads\/2023\/11\/C4-1024x578.jpg\" alt=\"\" class=\"wp-image-39872\" srcset=\"http:\/\/madeinzaragoza.es\/blog\/wp-content\/uploads\/2023\/11\/C4-1024x578.jpg 1024w, http:\/\/madeinzaragoza.es\/blog\/wp-content\/uploads\/2023\/11\/C4-450x254.jpg 450w, http:\/\/madeinzaragoza.es\/blog\/wp-content\/uploads\/2023\/11\/C4-768x433.jpg 768w, http:\/\/madeinzaragoza.es\/blog\/wp-content\/uploads\/2023\/11\/C4-1536x866.jpg 1536w, http:\/\/madeinzaragoza.es\/blog\/wp-content\/uploads\/2023\/11\/C4-2048x1155.jpg 2048w, http:\/\/madeinzaragoza.es\/blog\/wp-content\/uploads\/2023\/11\/C4-1200x677.jpg 1200w\" sizes=\"(max-width: 709px) 85vw, (max-width: 909px) 67vw, (max-width: 1362px) 62vw, 840px\" \/><\/figure>\n\n\n\n<p><\/p>\n\n\n\n<p><strong>6\/\/ Revista que te gustar\u00eda tener completa<\/strong><\/p>\n\n\n\n<p><em>El V\u00edbora<\/em> \u00a1No la tengo entera!<\/p>\n\n\n\n<p><strong>7\/\/ Inventa un nombre de fanzine de los 80<\/strong><\/p>\n\n\n\n<p><em>Heavyc\u00f3mic.<\/em><\/p>\n\n\n\n<p><strong>8\/\/ Onomatopeya preferida<\/strong><\/p>\n\n\n\n<p>\u00a1Ouch!<\/p>\n\n\n\n<p><strong>9\/\/ Autor que se merece una tesis<\/strong><\/p>\n\n\n\n<p>Muchos. Pero voy a elegir a Calpurnio.<\/p>\n\n\n\n<p><strong>10\/\/ Material que te gustar\u00eda ver reeditado<\/strong><\/p>\n\n\n\n<p>Una buena parte de lo publicado en <em>TVO.<\/em><\/p>\n\n\n\n<p><\/p>\n\n\n\n<figure class=\"wp-block-image size-large\"><img loading=\"lazy\" decoding=\"async\" width=\"1024\" height=\"578\" src=\"http:\/\/madeinzaragoza.es\/blog\/wp-content\/uploads\/2023\/11\/AUTORES-1024x578.jpg\" alt=\"\" class=\"wp-image-39873\" srcset=\"http:\/\/madeinzaragoza.es\/blog\/wp-content\/uploads\/2023\/11\/AUTORES-1024x578.jpg 1024w, http:\/\/madeinzaragoza.es\/blog\/wp-content\/uploads\/2023\/11\/AUTORES-450x254.jpg 450w, http:\/\/madeinzaragoza.es\/blog\/wp-content\/uploads\/2023\/11\/AUTORES-768x433.jpg 768w, http:\/\/madeinzaragoza.es\/blog\/wp-content\/uploads\/2023\/11\/AUTORES-1536x866.jpg 1536w, http:\/\/madeinzaragoza.es\/blog\/wp-content\/uploads\/2023\/11\/AUTORES-2048x1155.jpg 2048w, http:\/\/madeinzaragoza.es\/blog\/wp-content\/uploads\/2023\/11\/AUTORES-1200x677.jpg 1200w\" sizes=\"(max-width: 709px) 85vw, (max-width: 909px) 67vw, (max-width: 1362px) 62vw, 840px\" \/><figcaption>Ricardo Joven, V\u00edctor Gomoll\u00f3n, Paco Sim\u00f3n, Manuel Estradera (Strader), Luis Royo, Dionisio Platel y Manuel Mastral.<\/figcaption><\/figure>\n\n\n\n<p><\/p>\n\n\n\n<p><\/p>\n\n\n\n<p>A las nuevas generaciones les puede venir bien recordar que el camino ya ha sido recorrido y que tienen a sus espaldas un buen pu\u00f1ado de buenos referentes. A veces olvidamos el pasado, aunque siga estando muy presente.&nbsp;<\/p>\n\n\n\n<p>Esta exposici\u00f3n viene a reivindicar a toda una generaci\u00f3n de autores y autoras y ponerlos en el sitio que se merecen. <em>\u00a1\u00a1No os la pod\u00e9is perder!!<\/em><\/p>\n","protected":false},"excerpt":{"rendered":"<p>En la exposici\u00f3n \u201cLos 80 dibujados. C\u00f3mics de la movida aragonesa\u201d vamos a encontrar un recorrido cronol\u00f3gico y tem\u00e1tico del c\u00f3mic en la d\u00e9cada de los 80 en Arag\u00f3n. Desde las primeras revistas y fanzines hasta la profesionalizaci\u00f3n de los autores y las \u00faltimas investigaciones sobre c\u00f3mic. El Paraninfo Universitario acoge hasta el 20 de &hellip; <a href=\"http:\/\/madeinzaragoza.es\/blog\/los-ochenta-y-los-comics-de-la-movida-aragonesa\/\" class=\"more-link\">Continuar leyendo<span class=\"screen-reader-text\"> \u00abLos ochenta y los c\u00f3mics de la movida aragonesa\u00bb<\/span><\/a><\/p>\n","protected":false},"author":78,"featured_media":39850,"comment_status":"open","ping_status":"open","sticky":false,"template":"","format":"standard","meta":{"footnotes":""},"categories":[829,6,7],"tags":[2632,2654,2546,21,2598,24,2746,2747,1866],"yoast_head":"<!-- This site is optimized with the Yoast SEO plugin v19.7.2 - https:\/\/yoast.com\/wordpress\/plugins\/seo\/ -->\n<title>Los ochenta y los c\u00f3mics de la movida aragonesa - Made in Zaragoza<\/title>\n<meta name=\"description\" content=\"Exposici\u00f3n \u201cLos 80 dibujados. C\u00f3mics de la movida aragonesa\u201d. Un recorrido cronol\u00f3gico y tem\u00e1tico del c\u00f3mic en la d\u00e9cada de los 80 en Arag\u00f3n.\" \/>\n<meta name=\"robots\" content=\"index, follow, max-snippet:-1, max-image-preview:large, max-video-preview:-1\" \/>\n<link rel=\"canonical\" href=\"https:\/\/madeinzaragoza.es\/blog\/los-ochenta-y-los-comics-de-la-movida-aragonesa\/\" \/>\n<meta property=\"og:locale\" content=\"es_ES\" \/>\n<meta property=\"og:type\" content=\"article\" \/>\n<meta property=\"og:title\" content=\"Los ochenta y los c\u00f3mics de la movida aragonesa - Made in Zaragoza\" \/>\n<meta property=\"og:description\" content=\"Exposici\u00f3n \u201cLos 80 dibujados. C\u00f3mics de la movida aragonesa\u201d. Un recorrido cronol\u00f3gico y tem\u00e1tico del c\u00f3mic en la d\u00e9cada de los 80 en Arag\u00f3n.\" \/>\n<meta property=\"og:url\" content=\"https:\/\/madeinzaragoza.es\/blog\/los-ochenta-y-los-comics-de-la-movida-aragonesa\/\" \/>\n<meta property=\"og:site_name\" content=\"Made in Zaragoza\" \/>\n<meta property=\"article:publisher\" content=\"https:\/\/www.facebook.com\/madeinzaragoza.es\/\" \/>\n<meta property=\"article:published_time\" content=\"2023-11-20T07:31:35+00:00\" \/>\n<meta property=\"article:modified_time\" content=\"2023-11-20T07:32:25+00:00\" \/>\n<meta property=\"og:image\" content=\"https:\/\/madeinzaragoza.es\/blog\/wp-content\/uploads\/2023\/11\/CENTRAL-scaled.jpg\" \/>\n\t<meta property=\"og:image:width\" content=\"2560\" \/>\n\t<meta property=\"og:image:height\" content=\"1444\" \/>\n\t<meta property=\"og:image:type\" content=\"image\/jpeg\" \/>\n<meta name=\"author\" content=\"Victor Garcia Romano\" \/>\n<meta name=\"twitter:card\" content=\"summary\" \/>\n<meta name=\"twitter:creator\" content=\"@madeinzaragoza\" \/>\n<meta name=\"twitter:site\" content=\"@madeinzaragoza\" \/>\n<meta name=\"twitter:label1\" content=\"Escrito por\" \/>\n\t<meta name=\"twitter:data1\" content=\"Victor Garcia Romano\" \/>\n\t<meta name=\"twitter:label2\" content=\"Tiempo de lectura\" \/>\n\t<meta name=\"twitter:data2\" content=\"8 minutos\" \/>\n<script type=\"application\/ld+json\" class=\"yoast-schema-graph\">{\"@context\":\"https:\/\/schema.org\",\"@graph\":[{\"@type\":\"Article\",\"@id\":\"https:\/\/madeinzaragoza.es\/blog\/los-ochenta-y-los-comics-de-la-movida-aragonesa\/#article\",\"isPartOf\":{\"@id\":\"https:\/\/madeinzaragoza.es\/blog\/los-ochenta-y-los-comics-de-la-movida-aragonesa\/\"},\"author\":{\"name\":\"Victor Garcia Romano\",\"@id\":\"https:\/\/madeinzaragoza.es\/blog\/#\/schema\/person\/643de3bb01548c61dbb595c283ea52d6\"},\"headline\":\"Los ochenta y los c\u00f3mics de la movida aragonesa\",\"datePublished\":\"2023-11-20T07:31:35+00:00\",\"dateModified\":\"2023-11-20T07:32:25+00:00\",\"mainEntityOfPage\":{\"@id\":\"https:\/\/madeinzaragoza.es\/blog\/los-ochenta-y-los-comics-de-la-movida-aragonesa\/\"},\"wordCount\":1226,\"commentCount\":0,\"publisher\":{\"@id\":\"https:\/\/madeinzaragoza.es\/blog\/#organization\"},\"keywords\":[\"Arag\u00f3n\",\"autoras\",\"autores\",\"C\u00f3mic\",\"dibujo\",\"entrevista\",\"movida\",\"ochenta\",\"Paraninfo\"],\"articleSection\":[\"Cultura\",\"Gente\",\"Qu\u00e9 hacer\"],\"inLanguage\":\"es\",\"potentialAction\":[{\"@type\":\"CommentAction\",\"name\":\"Comment\",\"target\":[\"https:\/\/madeinzaragoza.es\/blog\/los-ochenta-y-los-comics-de-la-movida-aragonesa\/#respond\"]}]},{\"@type\":\"WebPage\",\"@id\":\"https:\/\/madeinzaragoza.es\/blog\/los-ochenta-y-los-comics-de-la-movida-aragonesa\/\",\"url\":\"https:\/\/madeinzaragoza.es\/blog\/los-ochenta-y-los-comics-de-la-movida-aragonesa\/\",\"name\":\"Los ochenta y los c\u00f3mics de la movida aragonesa - Made in Zaragoza\",\"isPartOf\":{\"@id\":\"https:\/\/madeinzaragoza.es\/blog\/#website\"},\"datePublished\":\"2023-11-20T07:31:35+00:00\",\"dateModified\":\"2023-11-20T07:32:25+00:00\",\"description\":\"Exposici\u00f3n \u201cLos 80 dibujados. C\u00f3mics de la movida aragonesa\u201d. Un recorrido cronol\u00f3gico y tem\u00e1tico del c\u00f3mic en la d\u00e9cada de los 80 en Arag\u00f3n.\",\"breadcrumb\":{\"@id\":\"https:\/\/madeinzaragoza.es\/blog\/los-ochenta-y-los-comics-de-la-movida-aragonesa\/#breadcrumb\"},\"inLanguage\":\"es\",\"potentialAction\":[{\"@type\":\"ReadAction\",\"target\":[\"https:\/\/madeinzaragoza.es\/blog\/los-ochenta-y-los-comics-de-la-movida-aragonesa\/\"]}]},{\"@type\":\"BreadcrumbList\",\"@id\":\"https:\/\/madeinzaragoza.es\/blog\/los-ochenta-y-los-comics-de-la-movida-aragonesa\/#breadcrumb\",\"itemListElement\":[{\"@type\":\"ListItem\",\"position\":1,\"name\":\"Portada\",\"item\":\"https:\/\/madeinzaragoza.es\/blog\/\"},{\"@type\":\"ListItem\",\"position\":2,\"name\":\"Los ochenta y los c\u00f3mics de la movida aragonesa\"}]},{\"@type\":\"WebSite\",\"@id\":\"https:\/\/madeinzaragoza.es\/blog\/#website\",\"url\":\"https:\/\/madeinzaragoza.es\/blog\/\",\"name\":\"Made in Zaragoza\",\"description\":\"Blog de MadeinZGZ, Red de Econom\u00eda Creativa de Zaragoza\",\"publisher\":{\"@id\":\"https:\/\/madeinzaragoza.es\/blog\/#organization\"},\"potentialAction\":[{\"@type\":\"SearchAction\",\"target\":{\"@type\":\"EntryPoint\",\"urlTemplate\":\"https:\/\/madeinzaragoza.es\/blog\/?s={search_term_string}\"},\"query-input\":\"required name=search_term_string\"}],\"inLanguage\":\"es\"},{\"@type\":\"Organization\",\"@id\":\"https:\/\/madeinzaragoza.es\/blog\/#organization\",\"name\":\"Made In Zaragoza\",\"url\":\"https:\/\/madeinzaragoza.es\/blog\/\",\"sameAs\":[\"https:\/\/www.instagram.com\/madeinzaragoza.es\/\",\"https:\/\/www.facebook.com\/madeinzaragoza.es\/\",\"https:\/\/twitter.com\/madeinzaragoza\"],\"logo\":{\"@type\":\"ImageObject\",\"inLanguage\":\"es\",\"@id\":\"https:\/\/madeinzaragoza.es\/blog\/#\/schema\/logo\/image\/\",\"url\":\"https:\/\/madeinzaragoza.es\/blog\/wp-content\/uploads\/2022\/05\/logo.png\",\"contentUrl\":\"https:\/\/madeinzaragoza.es\/blog\/wp-content\/uploads\/2022\/05\/logo.png\",\"width\":193,\"height\":176,\"caption\":\"Made In Zaragoza\"},\"image\":{\"@id\":\"https:\/\/madeinzaragoza.es\/blog\/#\/schema\/logo\/image\/\"}},{\"@type\":\"Person\",\"@id\":\"https:\/\/madeinzaragoza.es\/blog\/#\/schema\/person\/643de3bb01548c61dbb595c283ea52d6\",\"name\":\"Victor Garcia Romano\",\"image\":{\"@type\":\"ImageObject\",\"inLanguage\":\"es\",\"@id\":\"https:\/\/madeinzaragoza.es\/blog\/#\/schema\/person\/image\/\",\"url\":\"http:\/\/0.gravatar.com\/avatar\/6720c0f1c84e6a6250dcd70b33e2b5f9?s=96&d=mm&r=g\",\"contentUrl\":\"http:\/\/0.gravatar.com\/avatar\/6720c0f1c84e6a6250dcd70b33e2b5f9?s=96&d=mm&r=g\",\"caption\":\"Victor Garcia Romano\"},\"description\":\"Librero en El Armadillo Ilustrado y dibujante de c\u00f3mic. Leo y dibujo todo lo que puedo, pero menos de lo que quiero. Organizo el \u2018Festival de Fanzines\u2019 y el \u2018Mercado del Libro\u2019 de Zaragoza.\",\"sameAs\":[\"@romano_comic\"],\"url\":\"http:\/\/madeinzaragoza.es\/blog\/author\/victorgarcia\/\"}]}<\/script>\n<!-- \/ Yoast SEO plugin. -->","yoast_head_json":{"title":"Los ochenta y los c\u00f3mics de la movida aragonesa - Made in Zaragoza","description":"Exposici\u00f3n \u201cLos 80 dibujados. C\u00f3mics de la movida aragonesa\u201d. Un recorrido cronol\u00f3gico y tem\u00e1tico del c\u00f3mic en la d\u00e9cada de los 80 en Arag\u00f3n.","robots":{"index":"index","follow":"follow","max-snippet":"max-snippet:-1","max-image-preview":"max-image-preview:large","max-video-preview":"max-video-preview:-1"},"canonical":"https:\/\/madeinzaragoza.es\/blog\/los-ochenta-y-los-comics-de-la-movida-aragonesa\/","og_locale":"es_ES","og_type":"article","og_title":"Los ochenta y los c\u00f3mics de la movida aragonesa - Made in Zaragoza","og_description":"Exposici\u00f3n \u201cLos 80 dibujados. C\u00f3mics de la movida aragonesa\u201d. Un recorrido cronol\u00f3gico y tem\u00e1tico del c\u00f3mic en la d\u00e9cada de los 80 en Arag\u00f3n.","og_url":"https:\/\/madeinzaragoza.es\/blog\/los-ochenta-y-los-comics-de-la-movida-aragonesa\/","og_site_name":"Made in Zaragoza","article_publisher":"https:\/\/www.facebook.com\/madeinzaragoza.es\/","article_published_time":"2023-11-20T07:31:35+00:00","article_modified_time":"2023-11-20T07:32:25+00:00","og_image":[{"width":2560,"height":1444,"url":"https:\/\/madeinzaragoza.es\/blog\/wp-content\/uploads\/2023\/11\/CENTRAL-scaled.jpg","type":"image\/jpeg"}],"author":"Victor Garcia Romano","twitter_card":"summary","twitter_creator":"@madeinzaragoza","twitter_site":"@madeinzaragoza","twitter_misc":{"Escrito por":"Victor Garcia Romano","Tiempo de lectura":"8 minutos"},"schema":{"@context":"https:\/\/schema.org","@graph":[{"@type":"Article","@id":"https:\/\/madeinzaragoza.es\/blog\/los-ochenta-y-los-comics-de-la-movida-aragonesa\/#article","isPartOf":{"@id":"https:\/\/madeinzaragoza.es\/blog\/los-ochenta-y-los-comics-de-la-movida-aragonesa\/"},"author":{"name":"Victor Garcia Romano","@id":"https:\/\/madeinzaragoza.es\/blog\/#\/schema\/person\/643de3bb01548c61dbb595c283ea52d6"},"headline":"Los ochenta y los c\u00f3mics de la movida aragonesa","datePublished":"2023-11-20T07:31:35+00:00","dateModified":"2023-11-20T07:32:25+00:00","mainEntityOfPage":{"@id":"https:\/\/madeinzaragoza.es\/blog\/los-ochenta-y-los-comics-de-la-movida-aragonesa\/"},"wordCount":1226,"commentCount":0,"publisher":{"@id":"https:\/\/madeinzaragoza.es\/blog\/#organization"},"keywords":["Arag\u00f3n","autoras","autores","C\u00f3mic","dibujo","entrevista","movida","ochenta","Paraninfo"],"articleSection":["Cultura","Gente","Qu\u00e9 hacer"],"inLanguage":"es","potentialAction":[{"@type":"CommentAction","name":"Comment","target":["https:\/\/madeinzaragoza.es\/blog\/los-ochenta-y-los-comics-de-la-movida-aragonesa\/#respond"]}]},{"@type":"WebPage","@id":"https:\/\/madeinzaragoza.es\/blog\/los-ochenta-y-los-comics-de-la-movida-aragonesa\/","url":"https:\/\/madeinzaragoza.es\/blog\/los-ochenta-y-los-comics-de-la-movida-aragonesa\/","name":"Los ochenta y los c\u00f3mics de la movida aragonesa - Made in Zaragoza","isPartOf":{"@id":"https:\/\/madeinzaragoza.es\/blog\/#website"},"datePublished":"2023-11-20T07:31:35+00:00","dateModified":"2023-11-20T07:32:25+00:00","description":"Exposici\u00f3n \u201cLos 80 dibujados. C\u00f3mics de la movida aragonesa\u201d. Un recorrido cronol\u00f3gico y tem\u00e1tico del c\u00f3mic en la d\u00e9cada de los 80 en Arag\u00f3n.","breadcrumb":{"@id":"https:\/\/madeinzaragoza.es\/blog\/los-ochenta-y-los-comics-de-la-movida-aragonesa\/#breadcrumb"},"inLanguage":"es","potentialAction":[{"@type":"ReadAction","target":["https:\/\/madeinzaragoza.es\/blog\/los-ochenta-y-los-comics-de-la-movida-aragonesa\/"]}]},{"@type":"BreadcrumbList","@id":"https:\/\/madeinzaragoza.es\/blog\/los-ochenta-y-los-comics-de-la-movida-aragonesa\/#breadcrumb","itemListElement":[{"@type":"ListItem","position":1,"name":"Portada","item":"https:\/\/madeinzaragoza.es\/blog\/"},{"@type":"ListItem","position":2,"name":"Los ochenta y los c\u00f3mics de la movida aragonesa"}]},{"@type":"WebSite","@id":"https:\/\/madeinzaragoza.es\/blog\/#website","url":"https:\/\/madeinzaragoza.es\/blog\/","name":"Made in Zaragoza","description":"Blog de MadeinZGZ, Red de Econom\u00eda Creativa de Zaragoza","publisher":{"@id":"https:\/\/madeinzaragoza.es\/blog\/#organization"},"potentialAction":[{"@type":"SearchAction","target":{"@type":"EntryPoint","urlTemplate":"https:\/\/madeinzaragoza.es\/blog\/?s={search_term_string}"},"query-input":"required name=search_term_string"}],"inLanguage":"es"},{"@type":"Organization","@id":"https:\/\/madeinzaragoza.es\/blog\/#organization","name":"Made In Zaragoza","url":"https:\/\/madeinzaragoza.es\/blog\/","sameAs":["https:\/\/www.instagram.com\/madeinzaragoza.es\/","https:\/\/www.facebook.com\/madeinzaragoza.es\/","https:\/\/twitter.com\/madeinzaragoza"],"logo":{"@type":"ImageObject","inLanguage":"es","@id":"https:\/\/madeinzaragoza.es\/blog\/#\/schema\/logo\/image\/","url":"https:\/\/madeinzaragoza.es\/blog\/wp-content\/uploads\/2022\/05\/logo.png","contentUrl":"https:\/\/madeinzaragoza.es\/blog\/wp-content\/uploads\/2022\/05\/logo.png","width":193,"height":176,"caption":"Made In Zaragoza"},"image":{"@id":"https:\/\/madeinzaragoza.es\/blog\/#\/schema\/logo\/image\/"}},{"@type":"Person","@id":"https:\/\/madeinzaragoza.es\/blog\/#\/schema\/person\/643de3bb01548c61dbb595c283ea52d6","name":"Victor Garcia Romano","image":{"@type":"ImageObject","inLanguage":"es","@id":"https:\/\/madeinzaragoza.es\/blog\/#\/schema\/person\/image\/","url":"http:\/\/0.gravatar.com\/avatar\/6720c0f1c84e6a6250dcd70b33e2b5f9?s=96&d=mm&r=g","contentUrl":"http:\/\/0.gravatar.com\/avatar\/6720c0f1c84e6a6250dcd70b33e2b5f9?s=96&d=mm&r=g","caption":"Victor Garcia Romano"},"description":"Librero en El Armadillo Ilustrado y dibujante de c\u00f3mic. Leo y dibujo todo lo que puedo, pero menos de lo que quiero. Organizo el \u2018Festival de Fanzines\u2019 y el \u2018Mercado del Libro\u2019 de Zaragoza.","sameAs":["@romano_comic"],"url":"http:\/\/madeinzaragoza.es\/blog\/author\/victorgarcia\/"}]}},"_links":{"self":[{"href":"http:\/\/madeinzaragoza.es\/blog\/wp-json\/wp\/v2\/posts\/39843"}],"collection":[{"href":"http:\/\/madeinzaragoza.es\/blog\/wp-json\/wp\/v2\/posts"}],"about":[{"href":"http:\/\/madeinzaragoza.es\/blog\/wp-json\/wp\/v2\/types\/post"}],"author":[{"embeddable":true,"href":"http:\/\/madeinzaragoza.es\/blog\/wp-json\/wp\/v2\/users\/78"}],"replies":[{"embeddable":true,"href":"http:\/\/madeinzaragoza.es\/blog\/wp-json\/wp\/v2\/comments?post=39843"}],"version-history":[{"count":10,"href":"http:\/\/madeinzaragoza.es\/blog\/wp-json\/wp\/v2\/posts\/39843\/revisions"}],"predecessor-version":[{"id":39975,"href":"http:\/\/madeinzaragoza.es\/blog\/wp-json\/wp\/v2\/posts\/39843\/revisions\/39975"}],"wp:featuredmedia":[{"embeddable":true,"href":"http:\/\/madeinzaragoza.es\/blog\/wp-json\/wp\/v2\/media\/39850"}],"wp:attachment":[{"href":"http:\/\/madeinzaragoza.es\/blog\/wp-json\/wp\/v2\/media?parent=39843"}],"wp:term":[{"taxonomy":"category","embeddable":true,"href":"http:\/\/madeinzaragoza.es\/blog\/wp-json\/wp\/v2\/categories?post=39843"},{"taxonomy":"post_tag","embeddable":true,"href":"http:\/\/madeinzaragoza.es\/blog\/wp-json\/wp\/v2\/tags?post=39843"}],"curies":[{"name":"wp","href":"https:\/\/api.w.org\/{rel}","templated":true}]}}