{"id":39585,"date":"2023-10-16T17:24:04","date_gmt":"2023-10-16T16:24:04","guid":{"rendered":"https:\/\/madeinzaragoza.es\/blog\/?p=39585"},"modified":"2023-11-15T17:58:17","modified_gmt":"2023-11-15T16:58:17","slug":"mizlab8-el-arquetipo","status":"publish","type":"post","link":"http:\/\/madeinzaragoza.es\/blog\/mizlab8-el-arquetipo\/","title":{"rendered":"El Arquetipo, proyecto seleccionado para una nueva edici\u00f3n del Laboratorio de Innovaci\u00f3n Comercial MIZ-Lab"},"content":{"rendered":"\n<p>Made in Zaragoza, la red de econom\u00eda creativa de Zaragoza Activa, contin\u00faa su misi\u00f3n de visibilizar la vida creativa de la ciudad a trav\u00e9s de proyectos emprendedores. En su esfuerzo por promover el peque\u00f1o comercio creativo e innovador, han seleccionado un nuevo proyecto para la <a href=\"https:\/\/madeinzaragoza.es\/blog\/convocatoria-miz-lab-8-el-cambio-esta-en-tus-manos\/\" target=\"_blank\" rel=\"noreferrer noopener\">octava edici\u00f3n del laboratorio de innovaci\u00f3n comercial, MIZ-Lab<\/a>. <\/p>\n\n\n\n<p>En esta edici\u00f3n, el objetivo era dirigirse a emprendedores que forman parte de la red de emprendedores Made in Zaragoza y <strong>la respuesta ha sido abrumadora<\/strong>, lo que demuestra que iniciativas como esta pueden beneficiar tanto al sector comercial directamente, como a la comunidad creativa en su conjunto al crear ejemplos inspiradores y compartir conocimientos a trav\u00e9s de un proceso de trabajo transparente. <\/p>\n\n\n\n<p>En la reuni\u00f3n del 25 de septiembre, la <strong>Comisi\u00f3n de Valoraci\u00f3n del Laboratorio, compuesta por expertos de Zaragoza Activa y especialistas en estrategia empresarial, espacio f\u00edsico y comunicaci\u00f3n online<\/strong>, tuvo la dif\u00edcil tarea de seleccionar un proyecto entre los numerosos participantes. Despu\u00e9s de una cuidadosa reflexi\u00f3n,<a href=\"https:\/\/madeinzaragoza.es\/comercio\/el-arquetipo\/\"> El Arquetipo<\/a> destac\u00f3 por su singularidad y la perspectiva art\u00edstica que aporta a la comunidad. <\/p>\n\n\n\n<p><\/p>\n\n\n\n<figure class=\"wp-block-image size-large\"><img loading=\"lazy\" decoding=\"async\" width=\"1024\" height=\"458\" src=\"https:\/\/madeinzaragoza.es\/blog\/wp-content\/uploads\/2023\/10\/mizlab-8-1024x458.png\" alt=\"\" class=\"wp-image-39587\" srcset=\"http:\/\/madeinzaragoza.es\/blog\/wp-content\/uploads\/2023\/10\/mizlab-8-1024x458.png 1024w, http:\/\/madeinzaragoza.es\/blog\/wp-content\/uploads\/2023\/10\/mizlab-8-450x201.png 450w, http:\/\/madeinzaragoza.es\/blog\/wp-content\/uploads\/2023\/10\/mizlab-8-768x343.png 768w, http:\/\/madeinzaragoza.es\/blog\/wp-content\/uploads\/2023\/10\/mizlab-8-1536x686.png 1536w, http:\/\/madeinzaragoza.es\/blog\/wp-content\/uploads\/2023\/10\/mizlab-8-2048x915.png 2048w, http:\/\/madeinzaragoza.es\/blog\/wp-content\/uploads\/2023\/10\/mizlab-8-1200x536.png 1200w\" sizes=\"(max-width: 709px) 85vw, (max-width: 909px) 67vw, (max-width: 1362px) 62vw, 840px\" \/><figcaption><em>Proceso de trabajo en ediciones anteriores del Laboratorio de Innovaci\u00f3n Comercial.<\/em><\/figcaption><\/figure>\n\n\n\n<p><\/p>\n\n\n\n<h2 class=\"wp-block-heading\"><strong>El Arquetipo<\/strong><\/h2>\n\n\n\n<p><strong>El Arquetipo<\/strong> es un espacio creativo dise\u00f1ado por David Ballestar para realizar esculturas en madera y piedra, as\u00ed como para ofrecer clases regulares y cursos monogr\u00e1ficos. El taller est\u00e1 especialmente dise\u00f1ado para el trabajo de escultura, con todas las herramientas necesarias para trabajar en madera y alabastro. Pero El Arquetipo no es solo un taller, es un lugar donde la magia de la creaci\u00f3n cobra vida. <\/p>\n\n\n\n<p>David Ballestar ve el mundo como un lienzo en blanco, transformando objetos cotidianos en piezas \u00fanicas de arte. Este taller es un reflejo de su visi\u00f3n, y tambi\u00e9n un espacio donde otros pueden aprender a dar forma a sus propias ideas y conceptos. El enfoque de El Arquetipo es claro: fomentar la creatividad, permitir a las personas experimentar, y disfrutar del proceso de creaci\u00f3n. Este espacio es una oportunidad para imaginar y dar vida a las ilusiones, un lugar donde todos tienen una historia que contar. <\/p>\n\n\n\n<p><\/p>\n\n\n\n<figure class=\"wp-block-gallery has-nested-images columns-default is-cropped wp-block-gallery-1 is-layout-flex wp-block-gallery-is-layout-flex\">\n<figure class=\"wp-block-image size-large\"><img loading=\"lazy\" decoding=\"async\" width=\"1024\" height=\"1024\" data-id=\"39588\" src=\"https:\/\/madeinzaragoza.es\/blog\/wp-content\/uploads\/2023\/10\/285471461_1119339585311212_2623675897537229506_n-1024x1024.jpg\" alt=\"\" class=\"wp-image-39588\" srcset=\"http:\/\/madeinzaragoza.es\/blog\/wp-content\/uploads\/2023\/10\/285471461_1119339585311212_2623675897537229506_n-1024x1024.jpg 1024w, http:\/\/madeinzaragoza.es\/blog\/wp-content\/uploads\/2023\/10\/285471461_1119339585311212_2623675897537229506_n-450x450.jpg 450w, http:\/\/madeinzaragoza.es\/blog\/wp-content\/uploads\/2023\/10\/285471461_1119339585311212_2623675897537229506_n-150x150.jpg 150w, http:\/\/madeinzaragoza.es\/blog\/wp-content\/uploads\/2023\/10\/285471461_1119339585311212_2623675897537229506_n-768x768.jpg 768w, http:\/\/madeinzaragoza.es\/blog\/wp-content\/uploads\/2023\/10\/285471461_1119339585311212_2623675897537229506_n-120x120.jpg 120w, http:\/\/madeinzaragoza.es\/blog\/wp-content\/uploads\/2023\/10\/285471461_1119339585311212_2623675897537229506_n.jpg 1080w\" sizes=\"(max-width: 709px) 85vw, (max-width: 909px) 67vw, (max-width: 1362px) 62vw, 840px\" \/><\/figure>\n\n\n\n<figure class=\"wp-block-image size-large\"><img loading=\"lazy\" decoding=\"async\" width=\"1024\" height=\"1024\" data-id=\"39589\" src=\"https:\/\/madeinzaragoza.es\/blog\/wp-content\/uploads\/2023\/10\/309627068_617952863441599_1480190177413099244_n-1024x1024.jpg\" alt=\"\" class=\"wp-image-39589\" srcset=\"http:\/\/madeinzaragoza.es\/blog\/wp-content\/uploads\/2023\/10\/309627068_617952863441599_1480190177413099244_n-1024x1024.jpg 1024w, http:\/\/madeinzaragoza.es\/blog\/wp-content\/uploads\/2023\/10\/309627068_617952863441599_1480190177413099244_n-450x450.jpg 450w, http:\/\/madeinzaragoza.es\/blog\/wp-content\/uploads\/2023\/10\/309627068_617952863441599_1480190177413099244_n-150x150.jpg 150w, http:\/\/madeinzaragoza.es\/blog\/wp-content\/uploads\/2023\/10\/309627068_617952863441599_1480190177413099244_n-768x768.jpg 768w, http:\/\/madeinzaragoza.es\/blog\/wp-content\/uploads\/2023\/10\/309627068_617952863441599_1480190177413099244_n-120x120.jpg 120w, http:\/\/madeinzaragoza.es\/blog\/wp-content\/uploads\/2023\/10\/309627068_617952863441599_1480190177413099244_n.jpg 1200w\" sizes=\"(max-width: 709px) 85vw, (max-width: 909px) 67vw, (max-width: 1362px) 62vw, 840px\" \/><\/figure>\n<\/figure>\n\n\n\n<p><\/p>\n\n\n\n<p>El laboratorio de innovaci\u00f3n comercial, MIZ-Lab, se embarca en un proceso de mentor\u00eda integral. Expertos en estrategia empresarial, imagen de marca y comunicaci\u00f3n colaboran con los emprendedores durante dos meses para optimizar y mejorar sus negocios.<\/p>\n\n\n\n<p>Estaremos atentos a los desarrollos de MIZ-Lab mientras trabajan codo a codo con David.<\/p>\n\n\n\n<p>\u00a1S\u00edguenos en el blog y en redes sociales para vivir este proceso de trabajo en detalle!  <\/p>\n","protected":false},"excerpt":{"rendered":"<p>Made in Zaragoza, la red de econom\u00eda creativa de Zaragoza Activa, contin\u00faa su misi\u00f3n de visibilizar la vida creativa de la ciudad a trav\u00e9s de proyectos emprendedores. En su esfuerzo por promover el peque\u00f1o comercio creativo e innovador, han seleccionado un nuevo proyecto para la octava edici\u00f3n del laboratorio de innovaci\u00f3n comercial, MIZ-Lab. En esta &hellip; <a href=\"http:\/\/madeinzaragoza.es\/blog\/mizlab8-el-arquetipo\/\" class=\"more-link\">Continuar leyendo<span class=\"screen-reader-text\"> \u00abEl Arquetipo, proyecto seleccionado para una nueva edici\u00f3n del Laboratorio de Innovaci\u00f3n Comercial MIZ-Lab\u00bb<\/span><\/a><\/p>\n","protected":false},"author":22,"featured_media":39586,"comment_status":"open","ping_status":"open","sticky":false,"template":"","format":"standard","meta":{"footnotes":""},"categories":[1554],"tags":[1823,1910,2599,2714],"yoast_head":"<!-- This site is optimized with the Yoast SEO plugin v19.7.2 - https:\/\/yoast.com\/wordpress\/plugins\/seo\/ -->\n<title>El Arquetipo, proyecto seleccionado para una nueva edici\u00f3n del Laboratorio de Innovaci\u00f3n Comercial MIZ-Lab - Made in Zaragoza<\/title>\n<meta name=\"description\" content=\"El Arquetipo, nuevo proyecto para la octava edici\u00f3n del laboratorio de innovaci\u00f3n comercial, MIZ-Lab. Conoce todos los detalles de esta edici\u00f3n.\" \/>\n<meta name=\"robots\" content=\"index, follow, max-snippet:-1, max-image-preview:large, max-video-preview:-1\" \/>\n<link rel=\"canonical\" href=\"http:\/\/madeinzaragoza.es\/blog\/mizlab8-el-arquetipo\/\" \/>\n<meta property=\"og:locale\" content=\"es_ES\" \/>\n<meta property=\"og:type\" content=\"article\" \/>\n<meta property=\"og:title\" content=\"El Arquetipo, proyecto seleccionado para una nueva edici\u00f3n del Laboratorio de Innovaci\u00f3n Comercial MIZ-Lab - Made in Zaragoza\" \/>\n<meta property=\"og:description\" content=\"El Arquetipo, nuevo proyecto para la octava edici\u00f3n del laboratorio de innovaci\u00f3n comercial, MIZ-Lab. Conoce todos los detalles de esta edici\u00f3n.\" \/>\n<meta property=\"og:url\" content=\"http:\/\/madeinzaragoza.es\/blog\/mizlab8-el-arquetipo\/\" \/>\n<meta property=\"og:site_name\" content=\"Made in Zaragoza\" \/>\n<meta property=\"article:publisher\" content=\"https:\/\/www.facebook.com\/madeinzaragoza.es\/\" \/>\n<meta property=\"article:author\" content=\"LasArmasZAC\" \/>\n<meta property=\"article:published_time\" content=\"2023-10-16T16:24:04+00:00\" \/>\n<meta property=\"article:modified_time\" content=\"2023-11-15T16:58:17+00:00\" \/>\n<meta property=\"og:image\" content=\"http:\/\/madeinzaragoza.es\/blog\/wp-content\/uploads\/2023\/10\/el_arquetipo-20170615-1_887352685.jpg\" \/>\n\t<meta property=\"og:image:width\" content=\"1400\" \/>\n\t<meta property=\"og:image:height\" content=\"935\" \/>\n\t<meta property=\"og:image:type\" content=\"image\/jpeg\" \/>\n<meta name=\"author\" content=\"MadeinZGZ\" \/>\n<meta name=\"twitter:card\" content=\"summary\" \/>\n<meta name=\"twitter:creator\" content=\"@madeinzaragoza\" \/>\n<meta name=\"twitter:site\" content=\"@madeinzaragoza\" \/>\n<meta name=\"twitter:label1\" content=\"Escrito por\" \/>\n\t<meta name=\"twitter:data1\" content=\"MadeinZGZ\" \/>\n\t<meta name=\"twitter:label2\" content=\"Tiempo de lectura\" \/>\n\t<meta name=\"twitter:data2\" content=\"3 minutos\" \/>\n<script type=\"application\/ld+json\" class=\"yoast-schema-graph\">{\"@context\":\"https:\/\/schema.org\",\"@graph\":[{\"@type\":\"Article\",\"@id\":\"http:\/\/madeinzaragoza.es\/blog\/mizlab8-el-arquetipo\/#article\",\"isPartOf\":{\"@id\":\"http:\/\/madeinzaragoza.es\/blog\/mizlab8-el-arquetipo\/\"},\"author\":{\"name\":\"MadeinZGZ\",\"@id\":\"http:\/\/madeinzaragoza.es\/blog\/#\/schema\/person\/59f4073cf7e7bc2b2f33b48241478a32\"},\"headline\":\"El Arquetipo, proyecto seleccionado para una nueva edici\u00f3n del Laboratorio de Innovaci\u00f3n Comercial MIZ-Lab\",\"datePublished\":\"2023-10-16T16:24:04+00:00\",\"dateModified\":\"2023-11-15T16:58:17+00:00\",\"mainEntityOfPage\":{\"@id\":\"http:\/\/madeinzaragoza.es\/blog\/mizlab8-el-arquetipo\/\"},\"wordCount\":453,\"commentCount\":0,\"publisher\":{\"@id\":\"http:\/\/madeinzaragoza.es\/blog\/#organization\"},\"keywords\":[\"laboratorio de innovaci\u00f3n comercial\",\"Laboratorio Innovaci\u00f3n Comercial\",\"mizlab\",\"Mizlab8\"],\"articleSection\":[\"MIZ-Lab\"],\"inLanguage\":\"es\",\"potentialAction\":[{\"@type\":\"CommentAction\",\"name\":\"Comment\",\"target\":[\"http:\/\/madeinzaragoza.es\/blog\/mizlab8-el-arquetipo\/#respond\"]}]},{\"@type\":\"WebPage\",\"@id\":\"http:\/\/madeinzaragoza.es\/blog\/mizlab8-el-arquetipo\/\",\"url\":\"http:\/\/madeinzaragoza.es\/blog\/mizlab8-el-arquetipo\/\",\"name\":\"El Arquetipo, proyecto seleccionado para una nueva edici\u00f3n del Laboratorio de Innovaci\u00f3n Comercial MIZ-Lab - Made in Zaragoza\",\"isPartOf\":{\"@id\":\"http:\/\/madeinzaragoza.es\/blog\/#website\"},\"datePublished\":\"2023-10-16T16:24:04+00:00\",\"dateModified\":\"2023-11-15T16:58:17+00:00\",\"description\":\"El Arquetipo, nuevo proyecto para la octava edici\u00f3n del laboratorio de innovaci\u00f3n comercial, MIZ-Lab. Conoce todos los detalles de esta edici\u00f3n.\",\"breadcrumb\":{\"@id\":\"http:\/\/madeinzaragoza.es\/blog\/mizlab8-el-arquetipo\/#breadcrumb\"},\"inLanguage\":\"es\",\"potentialAction\":[{\"@type\":\"ReadAction\",\"target\":[\"http:\/\/madeinzaragoza.es\/blog\/mizlab8-el-arquetipo\/\"]}]},{\"@type\":\"BreadcrumbList\",\"@id\":\"http:\/\/madeinzaragoza.es\/blog\/mizlab8-el-arquetipo\/#breadcrumb\",\"itemListElement\":[{\"@type\":\"ListItem\",\"position\":1,\"name\":\"Portada\",\"item\":\"http:\/\/madeinzaragoza.es\/blog\/\"},{\"@type\":\"ListItem\",\"position\":2,\"name\":\"El Arquetipo, proyecto seleccionado para una nueva edici\u00f3n del Laboratorio de Innovaci\u00f3n Comercial MIZ-Lab\"}]},{\"@type\":\"WebSite\",\"@id\":\"http:\/\/madeinzaragoza.es\/blog\/#website\",\"url\":\"http:\/\/madeinzaragoza.es\/blog\/\",\"name\":\"Made in Zaragoza\",\"description\":\"Blog de MadeinZGZ, Red de Econom\u00eda Creativa de Zaragoza\",\"publisher\":{\"@id\":\"http:\/\/madeinzaragoza.es\/blog\/#organization\"},\"potentialAction\":[{\"@type\":\"SearchAction\",\"target\":{\"@type\":\"EntryPoint\",\"urlTemplate\":\"http:\/\/madeinzaragoza.es\/blog\/?s={search_term_string}\"},\"query-input\":\"required name=search_term_string\"}],\"inLanguage\":\"es\"},{\"@type\":\"Organization\",\"@id\":\"http:\/\/madeinzaragoza.es\/blog\/#organization\",\"name\":\"Made In Zaragoza\",\"url\":\"http:\/\/madeinzaragoza.es\/blog\/\",\"sameAs\":[\"https:\/\/www.instagram.com\/madeinzaragoza.es\/\",\"https:\/\/www.facebook.com\/madeinzaragoza.es\/\",\"https:\/\/twitter.com\/madeinzaragoza\"],\"logo\":{\"@type\":\"ImageObject\",\"inLanguage\":\"es\",\"@id\":\"http:\/\/madeinzaragoza.es\/blog\/#\/schema\/logo\/image\/\",\"url\":\"https:\/\/madeinzaragoza.es\/blog\/wp-content\/uploads\/2022\/05\/logo.png\",\"contentUrl\":\"https:\/\/madeinzaragoza.es\/blog\/wp-content\/uploads\/2022\/05\/logo.png\",\"width\":193,\"height\":176,\"caption\":\"Made In Zaragoza\"},\"image\":{\"@id\":\"http:\/\/madeinzaragoza.es\/blog\/#\/schema\/logo\/image\/\"}},{\"@type\":\"Person\",\"@id\":\"http:\/\/madeinzaragoza.es\/blog\/#\/schema\/person\/59f4073cf7e7bc2b2f33b48241478a32\",\"name\":\"MadeinZGZ\",\"image\":{\"@type\":\"ImageObject\",\"inLanguage\":\"es\",\"@id\":\"http:\/\/madeinzaragoza.es\/blog\/#\/schema\/person\/image\/\",\"url\":\"http:\/\/2.gravatar.com\/avatar\/23c2456a35687aa268b52997d8f142d1?s=96&d=mm&r=g\",\"contentUrl\":\"http:\/\/2.gravatar.com\/avatar\/23c2456a35687aa268b52997d8f142d1?s=96&d=mm&r=g\",\"caption\":\"MadeinZGZ\"},\"description\":\"Red de comercios y emprendedores creativos de Zaragoza impulsada por ZGZ Activa.\",\"sameAs\":[\"LasArmasZAC\",\"https:\/\/twitter.com\/madeinzaragoza\"],\"url\":\"http:\/\/madeinzaragoza.es\/blog\/author\/madeinzgz\/\"}]}<\/script>\n<!-- \/ Yoast SEO plugin. -->","yoast_head_json":{"title":"El Arquetipo, proyecto seleccionado para una nueva edici\u00f3n del Laboratorio de Innovaci\u00f3n Comercial MIZ-Lab - Made in Zaragoza","description":"El Arquetipo, nuevo proyecto para la octava edici\u00f3n del laboratorio de innovaci\u00f3n comercial, MIZ-Lab. Conoce todos los detalles de esta edici\u00f3n.","robots":{"index":"index","follow":"follow","max-snippet":"max-snippet:-1","max-image-preview":"max-image-preview:large","max-video-preview":"max-video-preview:-1"},"canonical":"http:\/\/madeinzaragoza.es\/blog\/mizlab8-el-arquetipo\/","og_locale":"es_ES","og_type":"article","og_title":"El Arquetipo, proyecto seleccionado para una nueva edici\u00f3n del Laboratorio de Innovaci\u00f3n Comercial MIZ-Lab - Made in Zaragoza","og_description":"El Arquetipo, nuevo proyecto para la octava edici\u00f3n del laboratorio de innovaci\u00f3n comercial, MIZ-Lab. Conoce todos los detalles de esta edici\u00f3n.","og_url":"http:\/\/madeinzaragoza.es\/blog\/mizlab8-el-arquetipo\/","og_site_name":"Made in Zaragoza","article_publisher":"https:\/\/www.facebook.com\/madeinzaragoza.es\/","article_author":"LasArmasZAC","article_published_time":"2023-10-16T16:24:04+00:00","article_modified_time":"2023-11-15T16:58:17+00:00","og_image":[{"width":1400,"height":935,"url":"http:\/\/madeinzaragoza.es\/blog\/wp-content\/uploads\/2023\/10\/el_arquetipo-20170615-1_887352685.jpg","type":"image\/jpeg"}],"author":"MadeinZGZ","twitter_card":"summary","twitter_creator":"@madeinzaragoza","twitter_site":"@madeinzaragoza","twitter_misc":{"Escrito por":"MadeinZGZ","Tiempo de lectura":"3 minutos"},"schema":{"@context":"https:\/\/schema.org","@graph":[{"@type":"Article","@id":"http:\/\/madeinzaragoza.es\/blog\/mizlab8-el-arquetipo\/#article","isPartOf":{"@id":"http:\/\/madeinzaragoza.es\/blog\/mizlab8-el-arquetipo\/"},"author":{"name":"MadeinZGZ","@id":"http:\/\/madeinzaragoza.es\/blog\/#\/schema\/person\/59f4073cf7e7bc2b2f33b48241478a32"},"headline":"El Arquetipo, proyecto seleccionado para una nueva edici\u00f3n del Laboratorio de Innovaci\u00f3n Comercial MIZ-Lab","datePublished":"2023-10-16T16:24:04+00:00","dateModified":"2023-11-15T16:58:17+00:00","mainEntityOfPage":{"@id":"http:\/\/madeinzaragoza.es\/blog\/mizlab8-el-arquetipo\/"},"wordCount":453,"commentCount":0,"publisher":{"@id":"http:\/\/madeinzaragoza.es\/blog\/#organization"},"keywords":["laboratorio de innovaci\u00f3n comercial","Laboratorio Innovaci\u00f3n Comercial","mizlab","Mizlab8"],"articleSection":["MIZ-Lab"],"inLanguage":"es","potentialAction":[{"@type":"CommentAction","name":"Comment","target":["http:\/\/madeinzaragoza.es\/blog\/mizlab8-el-arquetipo\/#respond"]}]},{"@type":"WebPage","@id":"http:\/\/madeinzaragoza.es\/blog\/mizlab8-el-arquetipo\/","url":"http:\/\/madeinzaragoza.es\/blog\/mizlab8-el-arquetipo\/","name":"El Arquetipo, proyecto seleccionado para una nueva edici\u00f3n del Laboratorio de Innovaci\u00f3n Comercial MIZ-Lab - Made in Zaragoza","isPartOf":{"@id":"http:\/\/madeinzaragoza.es\/blog\/#website"},"datePublished":"2023-10-16T16:24:04+00:00","dateModified":"2023-11-15T16:58:17+00:00","description":"El Arquetipo, nuevo proyecto para la octava edici\u00f3n del laboratorio de innovaci\u00f3n comercial, MIZ-Lab. Conoce todos los detalles de esta edici\u00f3n.","breadcrumb":{"@id":"http:\/\/madeinzaragoza.es\/blog\/mizlab8-el-arquetipo\/#breadcrumb"},"inLanguage":"es","potentialAction":[{"@type":"ReadAction","target":["http:\/\/madeinzaragoza.es\/blog\/mizlab8-el-arquetipo\/"]}]},{"@type":"BreadcrumbList","@id":"http:\/\/madeinzaragoza.es\/blog\/mizlab8-el-arquetipo\/#breadcrumb","itemListElement":[{"@type":"ListItem","position":1,"name":"Portada","item":"http:\/\/madeinzaragoza.es\/blog\/"},{"@type":"ListItem","position":2,"name":"El Arquetipo, proyecto seleccionado para una nueva edici\u00f3n del Laboratorio de Innovaci\u00f3n Comercial MIZ-Lab"}]},{"@type":"WebSite","@id":"http:\/\/madeinzaragoza.es\/blog\/#website","url":"http:\/\/madeinzaragoza.es\/blog\/","name":"Made in Zaragoza","description":"Blog de MadeinZGZ, Red de Econom\u00eda Creativa de Zaragoza","publisher":{"@id":"http:\/\/madeinzaragoza.es\/blog\/#organization"},"potentialAction":[{"@type":"SearchAction","target":{"@type":"EntryPoint","urlTemplate":"http:\/\/madeinzaragoza.es\/blog\/?s={search_term_string}"},"query-input":"required name=search_term_string"}],"inLanguage":"es"},{"@type":"Organization","@id":"http:\/\/madeinzaragoza.es\/blog\/#organization","name":"Made In Zaragoza","url":"http:\/\/madeinzaragoza.es\/blog\/","sameAs":["https:\/\/www.instagram.com\/madeinzaragoza.es\/","https:\/\/www.facebook.com\/madeinzaragoza.es\/","https:\/\/twitter.com\/madeinzaragoza"],"logo":{"@type":"ImageObject","inLanguage":"es","@id":"http:\/\/madeinzaragoza.es\/blog\/#\/schema\/logo\/image\/","url":"https:\/\/madeinzaragoza.es\/blog\/wp-content\/uploads\/2022\/05\/logo.png","contentUrl":"https:\/\/madeinzaragoza.es\/blog\/wp-content\/uploads\/2022\/05\/logo.png","width":193,"height":176,"caption":"Made In Zaragoza"},"image":{"@id":"http:\/\/madeinzaragoza.es\/blog\/#\/schema\/logo\/image\/"}},{"@type":"Person","@id":"http:\/\/madeinzaragoza.es\/blog\/#\/schema\/person\/59f4073cf7e7bc2b2f33b48241478a32","name":"MadeinZGZ","image":{"@type":"ImageObject","inLanguage":"es","@id":"http:\/\/madeinzaragoza.es\/blog\/#\/schema\/person\/image\/","url":"http:\/\/2.gravatar.com\/avatar\/23c2456a35687aa268b52997d8f142d1?s=96&d=mm&r=g","contentUrl":"http:\/\/2.gravatar.com\/avatar\/23c2456a35687aa268b52997d8f142d1?s=96&d=mm&r=g","caption":"MadeinZGZ"},"description":"Red de comercios y emprendedores creativos de Zaragoza impulsada por ZGZ Activa.","sameAs":["LasArmasZAC","https:\/\/twitter.com\/madeinzaragoza"],"url":"http:\/\/madeinzaragoza.es\/blog\/author\/madeinzgz\/"}]}},"_links":{"self":[{"href":"http:\/\/madeinzaragoza.es\/blog\/wp-json\/wp\/v2\/posts\/39585"}],"collection":[{"href":"http:\/\/madeinzaragoza.es\/blog\/wp-json\/wp\/v2\/posts"}],"about":[{"href":"http:\/\/madeinzaragoza.es\/blog\/wp-json\/wp\/v2\/types\/post"}],"author":[{"embeddable":true,"href":"http:\/\/madeinzaragoza.es\/blog\/wp-json\/wp\/v2\/users\/22"}],"replies":[{"embeddable":true,"href":"http:\/\/madeinzaragoza.es\/blog\/wp-json\/wp\/v2\/comments?post=39585"}],"version-history":[{"count":1,"href":"http:\/\/madeinzaragoza.es\/blog\/wp-json\/wp\/v2\/posts\/39585\/revisions"}],"predecessor-version":[{"id":39590,"href":"http:\/\/madeinzaragoza.es\/blog\/wp-json\/wp\/v2\/posts\/39585\/revisions\/39590"}],"wp:featuredmedia":[{"embeddable":true,"href":"http:\/\/madeinzaragoza.es\/blog\/wp-json\/wp\/v2\/media\/39586"}],"wp:attachment":[{"href":"http:\/\/madeinzaragoza.es\/blog\/wp-json\/wp\/v2\/media?parent=39585"}],"wp:term":[{"taxonomy":"category","embeddable":true,"href":"http:\/\/madeinzaragoza.es\/blog\/wp-json\/wp\/v2\/categories?post=39585"},{"taxonomy":"post_tag","embeddable":true,"href":"http:\/\/madeinzaragoza.es\/blog\/wp-json\/wp\/v2\/tags?post=39585"}],"curies":[{"name":"wp","href":"https:\/\/api.w.org\/{rel}","templated":true}]}}