{"id":39265,"date":"2023-09-12T11:04:09","date_gmt":"2023-09-12T10:04:09","guid":{"rendered":"http:\/\/madeinzaragoza.es\/blog\/?p=39265"},"modified":"2023-09-13T16:53:40","modified_gmt":"2023-09-13T15:53:40","slug":"monica-anchelergues-con-peques-en-zaragoza","status":"publish","type":"post","link":"http:\/\/madeinzaragoza.es\/blog\/monica-anchelergues-con-peques-en-zaragoza\/","title":{"rendered":"M\u00f3nica Anchelergues: \u00abQueremos que Con peques en Zaragoza siga siendo un referente para las familias\u00bb"},"content":{"rendered":"\n<h2 class=\"wp-block-heading\">Made in Zaragoza entrevista a la responsable de la popular (y consultada) agenda digital con planes familiares, educativos y de ocio<\/h2>\n\n\n\n<p><\/p>\n\n\n\n<p><strong><a href=\"https:\/\/madeinzaragoza.es\/comercio\/con-peques-en-zaragoza\/\" target=\"_blank\" rel=\"noreferrer noopener\">Con peques en Zaragoza<\/a><\/strong> es un espacio de consulta habitual para muchas familias que buscan actividades y planes con ni\u00f1os. <strong>Nacida en 2010, la agenda digital se ha convertido en un referente<\/strong> por el volumen de informaci\u00f3n \u00fatil que ofrece. As\u00ed lo indican por ejemplo los <strong>100.000 usuarios que visitan su web cada mes<\/strong>, cifra a la que se suma su seguimiento en redes. Made in Zaragoza invita a conocer mejor el proyecto mediante una <strong>entrevista a M\u00f3nica Anchelergues, su responsable<\/strong>.<\/p>\n\n\n\n<p><strong>\u00bfCu\u00e1l fue su andadura profesional antes de iniciar el proyecto de Con peques en Zaragoza?<\/strong><\/p>\n\n\n\n<p>Estudi\u00e9 Publicidad y mi idea era dedicarme a la creatividad publicitaria. Mientras estudiaba hice en paralelo un mont\u00f3n de cursos y, como comenzaba Internet, empec\u00e9 a hacer p\u00e1ginas web y programaci\u00f3n web, lo que al acabar me abri\u00f3 la oportunidad de empezar a trabajar en una agencia de publicidad. Fueron los a\u00f1os de la burbuja digital y hab\u00eda mucho trabajo, muchas ofertas, y de hecho enseguida cambi\u00e9 de agencia. Pero entonces empec\u00e9 a cansarme un poco de lo que era la creatividad y de las condiciones de este tipo de empleo. Vi que el marketing me gustaba tambi\u00e9n y que pod\u00eda estar mejor al implicar llevar las estrategias. Hice un m\u00e1ster en marketing digital y de ah\u00ed pas\u00e9 a trabajar como marketing manager de toda la parte digital de las webs de Cond\u00e9 Nast. Aprend\u00ed mucho, si bien por temas personales regres\u00e9 a Zaragoza en el a\u00f1o de la Expo. Estuve en una empresa de turismo digital y luego en una agencia de comunicaci\u00f3n. Vino la crisis y sal\u00ed de esa empresa, aunque segu\u00ed colaborando.<\/p>\n\n\n\n<p><strong>Con peques en Zaragoza naci\u00f3 en 2010. \u00bfC\u00f3mo surgi\u00f3?<\/strong><\/p>\n\n\n\n<p>Con peques en Zaragoza surgi\u00f3 dentro de la empresa en la que trabajaba entonces. Fue un poco probar porque en aquella \u00e9poca no hab\u00eda agendas digitales y vimos que pod\u00eda estar bien hacer una especializada en ni\u00f1os porque la informaci\u00f3n estaba muy dispersa por todos lados y era dif\u00edcil encontrar las cosas. Desde el principio vimos que hab\u00eda que hacerla digital para consultarla a trav\u00e9s de las redes y la web y que esa f\u00f3rmula pod\u00eda resultar mucho m\u00e1s f\u00e1cil para una familia.<\/p>\n\n\n\n<p><\/p>\n\n\n\n<div class=\"wp-block-image\"><figure class=\"aligncenter size-full\"><img loading=\"lazy\" decoding=\"async\" width=\"535\" height=\"729\" src=\"http:\/\/madeinzaragoza.es\/blog\/wp-content\/uploads\/2023\/09\/instaconpeques.png\" alt=\"El Instagram de Con peques en Zaragoza\" class=\"wp-image-39269\" srcset=\"http:\/\/madeinzaragoza.es\/blog\/wp-content\/uploads\/2023\/09\/instaconpeques.png 535w, http:\/\/madeinzaragoza.es\/blog\/wp-content\/uploads\/2023\/09\/instaconpeques-330x450.png 330w\" sizes=\"(max-width: 535px) 85vw, 535px\" \/><figcaption>El Instagram de Con peques en Zaragoza<\/figcaption><\/figure><\/div>\n\n\n\n<p><strong>Su agenda digital se ha convertido en un referente en su \u00e1mbito y en un espacio de consulta recurrente para muchas familias.<\/strong><\/p>\n\n\n\n<p>La clave ha estado en ser pioneros, y por mi experiencia previa sab\u00eda c\u00f3mo funcionaba un medio digital y tambi\u00e9n c\u00f3mo promocionarlo. Aunque la verdad es que al principio no estaba tan segura de su \u00e9xito en cuanto a tr\u00e1fico. Sin embargo, al abrir las redes se produjo un crecimiento exponencial. M\u00e1s o menos en la primera semana ya conseguimos 1.000 seguidores en <a href=\"https:\/\/www.facebook.com\/conpequesenzgz\/\" target=\"_blank\" rel=\"noreferrer noopener nofollow\">Facebook<\/a>, y en 2010 la penetraci\u00f3n de Internet no era tan alta. En la actualidad tenemos m\u00e1s de 20.000 seguidores en Facebook y 10.600 en <a href=\"https:\/\/www.instagram.com\/conpequesenzgz\/\" target=\"_blank\" rel=\"noreferrer noopener nofollow\">Instagram<\/a>.<\/p>\n\n\n\n<p><strong>\u00bfC\u00f3mo es el proceso de trabajo interno de una agenda digital?<\/strong><\/p>\n\n\n\n<p>Ha cambiado mucho. Al principio la b\u00fasqueda ten\u00eda que ser muy activa porque la informaci\u00f3n estaba muy dispersa y hab\u00eda que estar detr\u00e1s de todo, llamar a mucha gente\u2026 Con el tiempo tambi\u00e9n te van conociendo y te mandan las cosas, por ah\u00ed s\u00ed que se facilita pero sigue estando presente la b\u00fasqueda activa. Desde el principio tuvimos claro que ten\u00eda que financiarse con publicidad, y tambi\u00e9n la vocaci\u00f3n de que fuera un medio abierto y que cualquier familia pudiera acceder a la informaci\u00f3n. Nuestra vocaci\u00f3n ha sido la de poner muy a mano toda la informaci\u00f3n a las familias.<\/p>\n\n\n\n<p><strong>\u00bfCu\u00e1les son las dificultades y singularidades de llevar una agenda de estas caracter\u00edsticas?<\/strong><\/p>\n\n\n\n<p>Son much\u00edsimas horas de trabajo. Cuando hablas con la gente se piensa que te pones un rato y ya, pero no. Es un trabajo a tiempo completo por la creaci\u00f3n de contenidos o el mantenimiento de la web, que sigue siendo importante. La web es lo que permanece y lees con calma, la informaci\u00f3n en redes es ef\u00edmera. Tambi\u00e9n siempre vamos un poco m\u00e1s all\u00e1 a la hora de redactar. Cuidamos el contenido y no volcamos las informaciones facilitadas tal cual.<\/p>\n\n\n\n<p><strong>Septiembre es una de las \u00e9pocas intensas de actividad interna en Con peques en Zaragoza, aunque ni mucho menos es la \u00fanica y pronto llegan otras.<\/strong><\/p>\n\n\n\n<p>El curso ha empezado ahora tambi\u00e9n para Con peques en Zaragoza. El oto\u00f1o es la \u00e9poca de m\u00e1s trabajo. Primero es la vuelta al cole, cuando empezamos tambi\u00e9n con informaci\u00f3n de extraescolares, academias\u2026, y adem\u00e1s es cuando en la ciudad se retoman todas las actividades. En verano en Zaragoza hay mucho par\u00f3n. Las actividades existentes en julio y agosto son bastante limitadas. Siempre tienes valores seguros (el Acuario, el Parque de Atracciones, los museos) pero por ejemplo el teatro\u2026 En ese sentido son las piscinas y poco m\u00e1s. Y en septiembre llega el boom y empieza a haber mucho movimiento, tanto de tr\u00e1fico como de empresas que se quieren promocionar. Despu\u00e9s, casi sin parar, enganchamos con Pilares. Luego viene Halloween, que aunque es m\u00e1s corto son d\u00edas muy fuertes, y directamente enlazamos con la Navidad. En enero se para un poquito aunque en ese mes y en febrero empieza el tema del proceso de escolarizaci\u00f3n de los ni\u00f1os. Luego vienen primavera y la Semana Santa.<\/p>\n\n\n\n<p><\/p>\n\n\n\n<div class=\"wp-block-image\"><figure class=\"aligncenter size-full\"><img loading=\"lazy\" decoding=\"async\" width=\"654\" height=\"436\" src=\"http:\/\/madeinzaragoza.es\/blog\/wp-content\/uploads\/2023\/09\/Con-Peques-Premios-Heraldo.jpeg\" alt=\"M\u00f3nica Anchelergues, en los IX Premios Arag\u00f3n en la Red\" class=\"wp-image-39271\" srcset=\"http:\/\/madeinzaragoza.es\/blog\/wp-content\/uploads\/2023\/09\/Con-Peques-Premios-Heraldo.jpeg 654w, http:\/\/madeinzaragoza.es\/blog\/wp-content\/uploads\/2023\/09\/Con-Peques-Premios-Heraldo-450x300.jpeg 450w\" sizes=\"(max-width: 709px) 85vw, (max-width: 909px) 67vw, (max-width: 984px) 61vw, (max-width: 1362px) 45vw, 600px\" \/><figcaption>M\u00f3nica Anchelergues, en los IX Premios Arag\u00f3n en la Red<\/figcaption><\/figure><\/div>\n\n\n\n<p><strong>\u00bfQu\u00e9 ideas tiene en mente aplicar a medio y largo plazo en Con Peques en Zaragoza? Hacia d\u00f3nde le gustar\u00eda ir.<\/strong><\/p>\n\n\n\n<p>Mantener la l\u00ednea que hemos tenido siempre: contenido de calidad, ampliaci\u00f3n de contenido porque tenemos aparte el blog y lo queremos fortalecer, incidir m\u00e1s en el apartado de viajes en familia\u2026 Queremos seguir siendo un referente para las familias en contenidos de ocio, cultura, educaci\u00f3n\u2026, de toda la informaci\u00f3n general que una familia puede necesitar. Continuar plasmando nuestra veteran\u00eda y profesionalidad y tratar temas del inter\u00e9s de las familias como los de agenda, extraescolares, colonias, turismo\u2026 La l\u00ednea sigue siendo esa y seguir con una web fuerte apoy\u00e1ndonos mucho en redes. Asimismo, buscamos seguir ofreciendo a empresas, profesionales e instituciones una plataforma digital con contenido de calidad para llegar a sus p\u00fablicos de forma efectiva y positiva.<\/p>\n\n\n\n<p><strong>\u00bfC\u00f3mo valora la oferta cultural y de ocio para ni\u00f1os en Zaragoza?<\/strong><\/p>\n\n\n\n<p>La oferta es bastante amplia. De hecho, cuando volv\u00ed tras unos a\u00f1os en Madrid me sorprendi\u00f3 que hubiera m\u00e1s opciones de las que pensaba. Parece que aqu\u00ed no hay nada pero realmente para ni\u00f1os hay bastante oferta en general. En teatro estamos por ejemplo bastante fuertes por las compa\u00f1\u00edas locales. S\u00ed que es cierto que el tema ni\u00f1os se queda siempre como un poco secundario, como el hermano peque\u00f1o, y no se le da la importancia que deber\u00eda tener. En las instituciones a veces parece que se ve como algo menor. Los ni\u00f1os de hoy son los adultos de ma\u00f1ana y conviene que tengan una base cultural s\u00f3lida y que la cultura llegue a todos, no solo a las familias m\u00e1s activas en la b\u00fasqueda de actividades. La vocaci\u00f3n de Con peques en Zaragoza ha sido la de acercarlas a todo el mundo. Las actividades gratuitas, como las de los centros c\u00edvicos, son las que m\u00e1s promovemos.<\/p>\n","protected":false},"excerpt":{"rendered":"<p>Made in Zaragoza entrevista a la responsable de la popular (y consultada) agenda digital con planes familiares, educativos y de ocio Con peques en Zaragoza es un espacio de consulta habitual para muchas familias que buscan actividades y planes con ni\u00f1os. Nacida en 2010, la agenda digital se ha convertido en un referente por el &hellip; <a href=\"http:\/\/madeinzaragoza.es\/blog\/monica-anchelergues-con-peques-en-zaragoza\/\" class=\"more-link\">Continuar leyendo<span class=\"screen-reader-text\"> \u00abM\u00f3nica Anchelergues: \u00abQueremos que Con peques en Zaragoza siga siendo un referente para las familias\u00bb\u00bb<\/span><\/a><\/p>\n","protected":false},"author":59,"featured_media":39266,"comment_status":"open","ping_status":"open","sticky":false,"template":"","format":"standard","meta":{"footnotes":""},"categories":[8],"tags":[2728,2727,2729],"yoast_head":"<!-- This site is optimized with the Yoast SEO plugin v19.7.2 - https:\/\/yoast.com\/wordpress\/plugins\/seo\/ -->\n<title>&quot;Queremos que Con peques en Zaragoza siga siendo un referente&quot;<\/title>\n<meta name=\"description\" content=\"MIZ entrevista M\u00f3nica Anchelergues, responsable de Con Peques en Zaragoza, agenda digital con 13 a\u00f1os de andadura\" \/>\n<meta name=\"robots\" content=\"index, follow, max-snippet:-1, max-image-preview:large, max-video-preview:-1\" \/>\n<link rel=\"canonical\" href=\"https:\/\/madeinzaragoza.es\/blog\/monica-anchelergues-con-peques-en-zaragoza\/\" \/>\n<meta property=\"og:locale\" content=\"es_ES\" \/>\n<meta property=\"og:type\" content=\"article\" \/>\n<meta property=\"og:title\" content=\"&quot;Queremos que Con peques en Zaragoza siga siendo un referente&quot;\" \/>\n<meta property=\"og:description\" content=\"MIZ entrevista M\u00f3nica Anchelergues, responsable de Con Peques en Zaragoza, agenda digital con 13 a\u00f1os de andadura\" \/>\n<meta property=\"og:url\" content=\"https:\/\/madeinzaragoza.es\/blog\/monica-anchelergues-con-peques-en-zaragoza\/\" \/>\n<meta property=\"og:site_name\" content=\"Made in Zaragoza\" \/>\n<meta property=\"article:publisher\" content=\"https:\/\/www.facebook.com\/madeinzaragoza.es\/\" \/>\n<meta property=\"article:published_time\" content=\"2023-09-12T10:04:09+00:00\" \/>\n<meta property=\"article:modified_time\" content=\"2023-09-13T15:53:40+00:00\" \/>\n<meta property=\"og:image\" content=\"https:\/\/madeinzaragoza.es\/blog\/wp-content\/uploads\/2023\/09\/Monica-Anchelergues.jpg\" \/>\n\t<meta property=\"og:image:width\" content=\"1200\" \/>\n\t<meta property=\"og:image:height\" content=\"982\" \/>\n\t<meta property=\"og:image:type\" content=\"image\/jpeg\" \/>\n<meta name=\"author\" content=\"Enrique Abenia\" \/>\n<meta name=\"twitter:card\" content=\"summary\" \/>\n<meta name=\"twitter:creator\" content=\"@Enrique_Abenia\" \/>\n<meta name=\"twitter:site\" content=\"@madeinzaragoza\" \/>\n<meta name=\"twitter:label1\" content=\"Escrito por\" \/>\n\t<meta name=\"twitter:data1\" content=\"Enrique Abenia\" \/>\n\t<meta name=\"twitter:label2\" content=\"Tiempo de lectura\" \/>\n\t<meta name=\"twitter:data2\" content=\"6 minutos\" \/>\n<script type=\"application\/ld+json\" class=\"yoast-schema-graph\">{\"@context\":\"https:\/\/schema.org\",\"@graph\":[{\"@type\":\"Article\",\"@id\":\"https:\/\/madeinzaragoza.es\/blog\/monica-anchelergues-con-peques-en-zaragoza\/#article\",\"isPartOf\":{\"@id\":\"https:\/\/madeinzaragoza.es\/blog\/monica-anchelergues-con-peques-en-zaragoza\/\"},\"author\":{\"name\":\"Enrique Abenia\",\"@id\":\"https:\/\/madeinzaragoza.es\/blog\/#\/schema\/person\/b4cf98cbc61a51fb48dbdab258a8c523\"},\"headline\":\"M\u00f3nica Anchelergues: \u00abQueremos que Con peques en Zaragoza siga siendo un referente para las familias\u00bb\",\"datePublished\":\"2023-09-12T10:04:09+00:00\",\"dateModified\":\"2023-09-13T15:53:40+00:00\",\"mainEntityOfPage\":{\"@id\":\"https:\/\/madeinzaragoza.es\/blog\/monica-anchelergues-con-peques-en-zaragoza\/\"},\"wordCount\":1325,\"commentCount\":0,\"publisher\":{\"@id\":\"https:\/\/madeinzaragoza.es\/blog\/#organization\"},\"keywords\":[\"agenda Zaragoza\",\"Con peques en Zaragoza\",\"planes ni\u00f1os Zaragoza\"],\"articleSection\":[\"Red MIZ\"],\"inLanguage\":\"es\",\"potentialAction\":[{\"@type\":\"CommentAction\",\"name\":\"Comment\",\"target\":[\"https:\/\/madeinzaragoza.es\/blog\/monica-anchelergues-con-peques-en-zaragoza\/#respond\"]}]},{\"@type\":\"WebPage\",\"@id\":\"https:\/\/madeinzaragoza.es\/blog\/monica-anchelergues-con-peques-en-zaragoza\/\",\"url\":\"https:\/\/madeinzaragoza.es\/blog\/monica-anchelergues-con-peques-en-zaragoza\/\",\"name\":\"\\\"Queremos que Con peques en Zaragoza siga siendo un referente\\\"\",\"isPartOf\":{\"@id\":\"https:\/\/madeinzaragoza.es\/blog\/#website\"},\"datePublished\":\"2023-09-12T10:04:09+00:00\",\"dateModified\":\"2023-09-13T15:53:40+00:00\",\"description\":\"MIZ entrevista M\u00f3nica Anchelergues, responsable de Con Peques en Zaragoza, agenda digital con 13 a\u00f1os de andadura\",\"breadcrumb\":{\"@id\":\"https:\/\/madeinzaragoza.es\/blog\/monica-anchelergues-con-peques-en-zaragoza\/#breadcrumb\"},\"inLanguage\":\"es\",\"potentialAction\":[{\"@type\":\"ReadAction\",\"target\":[\"https:\/\/madeinzaragoza.es\/blog\/monica-anchelergues-con-peques-en-zaragoza\/\"]}]},{\"@type\":\"BreadcrumbList\",\"@id\":\"https:\/\/madeinzaragoza.es\/blog\/monica-anchelergues-con-peques-en-zaragoza\/#breadcrumb\",\"itemListElement\":[{\"@type\":\"ListItem\",\"position\":1,\"name\":\"Portada\",\"item\":\"https:\/\/madeinzaragoza.es\/blog\/\"},{\"@type\":\"ListItem\",\"position\":2,\"name\":\"M\u00f3nica Anchelergues: \u00abQueremos que Con peques en Zaragoza siga siendo un referente para las familias\u00bb\"}]},{\"@type\":\"WebSite\",\"@id\":\"https:\/\/madeinzaragoza.es\/blog\/#website\",\"url\":\"https:\/\/madeinzaragoza.es\/blog\/\",\"name\":\"Made in Zaragoza\",\"description\":\"Blog de MadeinZGZ, Red de Econom\u00eda Creativa de Zaragoza\",\"publisher\":{\"@id\":\"https:\/\/madeinzaragoza.es\/blog\/#organization\"},\"potentialAction\":[{\"@type\":\"SearchAction\",\"target\":{\"@type\":\"EntryPoint\",\"urlTemplate\":\"https:\/\/madeinzaragoza.es\/blog\/?s={search_term_string}\"},\"query-input\":\"required name=search_term_string\"}],\"inLanguage\":\"es\"},{\"@type\":\"Organization\",\"@id\":\"https:\/\/madeinzaragoza.es\/blog\/#organization\",\"name\":\"Made In Zaragoza\",\"url\":\"https:\/\/madeinzaragoza.es\/blog\/\",\"sameAs\":[\"https:\/\/www.instagram.com\/madeinzaragoza.es\/\",\"https:\/\/www.facebook.com\/madeinzaragoza.es\/\",\"https:\/\/twitter.com\/madeinzaragoza\"],\"logo\":{\"@type\":\"ImageObject\",\"inLanguage\":\"es\",\"@id\":\"https:\/\/madeinzaragoza.es\/blog\/#\/schema\/logo\/image\/\",\"url\":\"https:\/\/madeinzaragoza.es\/blog\/wp-content\/uploads\/2022\/05\/logo.png\",\"contentUrl\":\"https:\/\/madeinzaragoza.es\/blog\/wp-content\/uploads\/2022\/05\/logo.png\",\"width\":193,\"height\":176,\"caption\":\"Made In Zaragoza\"},\"image\":{\"@id\":\"https:\/\/madeinzaragoza.es\/blog\/#\/schema\/logo\/image\/\"}},{\"@type\":\"Person\",\"@id\":\"https:\/\/madeinzaragoza.es\/blog\/#\/schema\/person\/b4cf98cbc61a51fb48dbdab258a8c523\",\"name\":\"Enrique Abenia\",\"image\":{\"@type\":\"ImageObject\",\"inLanguage\":\"es\",\"@id\":\"https:\/\/madeinzaragoza.es\/blog\/#\/schema\/person\/image\/\",\"url\":\"http:\/\/1.gravatar.com\/avatar\/a747099e3518ccf440789a57b07dd884?s=96&d=mm&r=g\",\"contentUrl\":\"http:\/\/1.gravatar.com\/avatar\/a747099e3518ccf440789a57b07dd884?s=96&d=mm&r=g\",\"caption\":\"Enrique Abenia\"},\"description\":\"Periodista aut\u00f3nomo. Cr\u00edtico de \u2018Heraldo de Arag\u00f3n\u2019, tambi\u00e9n escribe en 'Cineman\u00eda' y en 20bits, donde analiza smartphones.\",\"sameAs\":[\"https:\/\/twitter.com\/Enrique_Abenia\"],\"url\":\"http:\/\/madeinzaragoza.es\/blog\/author\/enriqueabenia\/\"}]}<\/script>\n<!-- \/ Yoast SEO plugin. -->","yoast_head_json":{"title":"\"Queremos que Con peques en Zaragoza siga siendo un referente\"","description":"MIZ entrevista M\u00f3nica Anchelergues, responsable de Con Peques en Zaragoza, agenda digital con 13 a\u00f1os de andadura","robots":{"index":"index","follow":"follow","max-snippet":"max-snippet:-1","max-image-preview":"max-image-preview:large","max-video-preview":"max-video-preview:-1"},"canonical":"https:\/\/madeinzaragoza.es\/blog\/monica-anchelergues-con-peques-en-zaragoza\/","og_locale":"es_ES","og_type":"article","og_title":"\"Queremos que Con peques en Zaragoza siga siendo un referente\"","og_description":"MIZ entrevista M\u00f3nica Anchelergues, responsable de Con Peques en Zaragoza, agenda digital con 13 a\u00f1os de andadura","og_url":"https:\/\/madeinzaragoza.es\/blog\/monica-anchelergues-con-peques-en-zaragoza\/","og_site_name":"Made in Zaragoza","article_publisher":"https:\/\/www.facebook.com\/madeinzaragoza.es\/","article_published_time":"2023-09-12T10:04:09+00:00","article_modified_time":"2023-09-13T15:53:40+00:00","og_image":[{"width":1200,"height":982,"url":"https:\/\/madeinzaragoza.es\/blog\/wp-content\/uploads\/2023\/09\/Monica-Anchelergues.jpg","type":"image\/jpeg"}],"author":"Enrique Abenia","twitter_card":"summary","twitter_creator":"@Enrique_Abenia","twitter_site":"@madeinzaragoza","twitter_misc":{"Escrito por":"Enrique Abenia","Tiempo de lectura":"6 minutos"},"schema":{"@context":"https:\/\/schema.org","@graph":[{"@type":"Article","@id":"https:\/\/madeinzaragoza.es\/blog\/monica-anchelergues-con-peques-en-zaragoza\/#article","isPartOf":{"@id":"https:\/\/madeinzaragoza.es\/blog\/monica-anchelergues-con-peques-en-zaragoza\/"},"author":{"name":"Enrique Abenia","@id":"https:\/\/madeinzaragoza.es\/blog\/#\/schema\/person\/b4cf98cbc61a51fb48dbdab258a8c523"},"headline":"M\u00f3nica Anchelergues: \u00abQueremos que Con peques en Zaragoza siga siendo un referente para las familias\u00bb","datePublished":"2023-09-12T10:04:09+00:00","dateModified":"2023-09-13T15:53:40+00:00","mainEntityOfPage":{"@id":"https:\/\/madeinzaragoza.es\/blog\/monica-anchelergues-con-peques-en-zaragoza\/"},"wordCount":1325,"commentCount":0,"publisher":{"@id":"https:\/\/madeinzaragoza.es\/blog\/#organization"},"keywords":["agenda Zaragoza","Con peques en Zaragoza","planes ni\u00f1os Zaragoza"],"articleSection":["Red MIZ"],"inLanguage":"es","potentialAction":[{"@type":"CommentAction","name":"Comment","target":["https:\/\/madeinzaragoza.es\/blog\/monica-anchelergues-con-peques-en-zaragoza\/#respond"]}]},{"@type":"WebPage","@id":"https:\/\/madeinzaragoza.es\/blog\/monica-anchelergues-con-peques-en-zaragoza\/","url":"https:\/\/madeinzaragoza.es\/blog\/monica-anchelergues-con-peques-en-zaragoza\/","name":"\"Queremos que Con peques en Zaragoza siga siendo un referente\"","isPartOf":{"@id":"https:\/\/madeinzaragoza.es\/blog\/#website"},"datePublished":"2023-09-12T10:04:09+00:00","dateModified":"2023-09-13T15:53:40+00:00","description":"MIZ entrevista M\u00f3nica Anchelergues, responsable de Con Peques en Zaragoza, agenda digital con 13 a\u00f1os de andadura","breadcrumb":{"@id":"https:\/\/madeinzaragoza.es\/blog\/monica-anchelergues-con-peques-en-zaragoza\/#breadcrumb"},"inLanguage":"es","potentialAction":[{"@type":"ReadAction","target":["https:\/\/madeinzaragoza.es\/blog\/monica-anchelergues-con-peques-en-zaragoza\/"]}]},{"@type":"BreadcrumbList","@id":"https:\/\/madeinzaragoza.es\/blog\/monica-anchelergues-con-peques-en-zaragoza\/#breadcrumb","itemListElement":[{"@type":"ListItem","position":1,"name":"Portada","item":"https:\/\/madeinzaragoza.es\/blog\/"},{"@type":"ListItem","position":2,"name":"M\u00f3nica Anchelergues: \u00abQueremos que Con peques en Zaragoza siga siendo un referente para las familias\u00bb"}]},{"@type":"WebSite","@id":"https:\/\/madeinzaragoza.es\/blog\/#website","url":"https:\/\/madeinzaragoza.es\/blog\/","name":"Made in Zaragoza","description":"Blog de MadeinZGZ, Red de Econom\u00eda Creativa de Zaragoza","publisher":{"@id":"https:\/\/madeinzaragoza.es\/blog\/#organization"},"potentialAction":[{"@type":"SearchAction","target":{"@type":"EntryPoint","urlTemplate":"https:\/\/madeinzaragoza.es\/blog\/?s={search_term_string}"},"query-input":"required name=search_term_string"}],"inLanguage":"es"},{"@type":"Organization","@id":"https:\/\/madeinzaragoza.es\/blog\/#organization","name":"Made In Zaragoza","url":"https:\/\/madeinzaragoza.es\/blog\/","sameAs":["https:\/\/www.instagram.com\/madeinzaragoza.es\/","https:\/\/www.facebook.com\/madeinzaragoza.es\/","https:\/\/twitter.com\/madeinzaragoza"],"logo":{"@type":"ImageObject","inLanguage":"es","@id":"https:\/\/madeinzaragoza.es\/blog\/#\/schema\/logo\/image\/","url":"https:\/\/madeinzaragoza.es\/blog\/wp-content\/uploads\/2022\/05\/logo.png","contentUrl":"https:\/\/madeinzaragoza.es\/blog\/wp-content\/uploads\/2022\/05\/logo.png","width":193,"height":176,"caption":"Made In Zaragoza"},"image":{"@id":"https:\/\/madeinzaragoza.es\/blog\/#\/schema\/logo\/image\/"}},{"@type":"Person","@id":"https:\/\/madeinzaragoza.es\/blog\/#\/schema\/person\/b4cf98cbc61a51fb48dbdab258a8c523","name":"Enrique Abenia","image":{"@type":"ImageObject","inLanguage":"es","@id":"https:\/\/madeinzaragoza.es\/blog\/#\/schema\/person\/image\/","url":"http:\/\/1.gravatar.com\/avatar\/a747099e3518ccf440789a57b07dd884?s=96&d=mm&r=g","contentUrl":"http:\/\/1.gravatar.com\/avatar\/a747099e3518ccf440789a57b07dd884?s=96&d=mm&r=g","caption":"Enrique Abenia"},"description":"Periodista aut\u00f3nomo. Cr\u00edtico de \u2018Heraldo de Arag\u00f3n\u2019, tambi\u00e9n escribe en 'Cineman\u00eda' y en 20bits, donde analiza smartphones.","sameAs":["https:\/\/twitter.com\/Enrique_Abenia"],"url":"http:\/\/madeinzaragoza.es\/blog\/author\/enriqueabenia\/"}]}},"_links":{"self":[{"href":"http:\/\/madeinzaragoza.es\/blog\/wp-json\/wp\/v2\/posts\/39265"}],"collection":[{"href":"http:\/\/madeinzaragoza.es\/blog\/wp-json\/wp\/v2\/posts"}],"about":[{"href":"http:\/\/madeinzaragoza.es\/blog\/wp-json\/wp\/v2\/types\/post"}],"author":[{"embeddable":true,"href":"http:\/\/madeinzaragoza.es\/blog\/wp-json\/wp\/v2\/users\/59"}],"replies":[{"embeddable":true,"href":"http:\/\/madeinzaragoza.es\/blog\/wp-json\/wp\/v2\/comments?post=39265"}],"version-history":[{"count":7,"href":"http:\/\/madeinzaragoza.es\/blog\/wp-json\/wp\/v2\/posts\/39265\/revisions"}],"predecessor-version":[{"id":39281,"href":"http:\/\/madeinzaragoza.es\/blog\/wp-json\/wp\/v2\/posts\/39265\/revisions\/39281"}],"wp:featuredmedia":[{"embeddable":true,"href":"http:\/\/madeinzaragoza.es\/blog\/wp-json\/wp\/v2\/media\/39266"}],"wp:attachment":[{"href":"http:\/\/madeinzaragoza.es\/blog\/wp-json\/wp\/v2\/media?parent=39265"}],"wp:term":[{"taxonomy":"category","embeddable":true,"href":"http:\/\/madeinzaragoza.es\/blog\/wp-json\/wp\/v2\/categories?post=39265"},{"taxonomy":"post_tag","embeddable":true,"href":"http:\/\/madeinzaragoza.es\/blog\/wp-json\/wp\/v2\/tags?post=39265"}],"curies":[{"name":"wp","href":"https:\/\/api.w.org\/{rel}","templated":true}]}}