{"id":38984,"date":"2023-08-15T18:38:00","date_gmt":"2023-08-15T17:38:00","guid":{"rendered":"http:\/\/madeinzaragoza.es\/blog\/?p=38984"},"modified":"2023-08-16T13:47:53","modified_gmt":"2023-08-16T12:47:53","slug":"descubre-la-tienda-taller-de-ceramica-la-nectarina","status":"publish","type":"post","link":"http:\/\/madeinzaragoza.es\/blog\/descubre-la-tienda-taller-de-ceramica-la-nectarina\/","title":{"rendered":"Descubre la tienda-taller de cer\u00e1mica La Nectarina"},"content":{"rendered":"\n<p><br>Desde el pasado noviembre en la calle Sepulcro podemos encontrar una tienda-taller de cer\u00e1mica de lo m\u00e1s original: <a href=\"https:\/\/madeinzaragoza.es\/comercio\/ceramica-la-nectarina\/\">La Nectarina<\/a>, objetos in\u00fatiles que nos son imprescindibles.<br><\/p>\n\n\n\n<p>Hay cosas que sorprenden, y es que en plena era digital nos enganche y reconforte tanto trabajar con las manos, por ejemplo, con el barro. Podr\u00edamos hablar de un <strong>boom de la <a href=\"http:\/\/madeinzaragoza.es\/blog\/la-ceramica-esta-de-moda\/\">cer\u00e1mica<\/a><\/strong>. Cada vez nos gusta m\u00e1s sentir como algo se transforma bajo nuestros dedos, algo que no es una pantalla, un bot\u00f3n, un mando. Algo que no obedece ni a luz ni al sonido, solo a nuestra presi\u00f3n, habilidad, imaginaci\u00f3n y&#8230; paciencia.<\/p>\n\n\n\n<p><br>El contacto de las manos en el barro nos conecta con algo esencial, que tenemos olvidado pero que nuestro instinto, a veces m\u00e1s sabio que nuestros sentidos, reconoce como aut\u00e9ntico: la cer\u00e1mica.<br><\/p>\n\n\n\n<div class=\"wp-block-image\"><figure class=\"aligncenter size-large\"><img loading=\"lazy\" decoding=\"async\" width=\"1024\" height=\"683\" src=\"http:\/\/madeinzaragoza.es\/blog\/wp-content\/uploads\/2023\/08\/LA-NECTARINA-CERAMICA-20230411-1-1024x683.jpg\" alt=\"\" class=\"wp-image-38991\" srcset=\"http:\/\/madeinzaragoza.es\/blog\/wp-content\/uploads\/2023\/08\/LA-NECTARINA-CERAMICA-20230411-1-1024x683.jpg 1024w, http:\/\/madeinzaragoza.es\/blog\/wp-content\/uploads\/2023\/08\/LA-NECTARINA-CERAMICA-20230411-1-450x300.jpg 450w, http:\/\/madeinzaragoza.es\/blog\/wp-content\/uploads\/2023\/08\/LA-NECTARINA-CERAMICA-20230411-1-768x512.jpg 768w, http:\/\/madeinzaragoza.es\/blog\/wp-content\/uploads\/2023\/08\/LA-NECTARINA-CERAMICA-20230411-1-1536x1024.jpg 1536w, http:\/\/madeinzaragoza.es\/blog\/wp-content\/uploads\/2023\/08\/LA-NECTARINA-CERAMICA-20230411-1-1200x800.jpg 1200w, http:\/\/madeinzaragoza.es\/blog\/wp-content\/uploads\/2023\/08\/LA-NECTARINA-CERAMICA-20230411-1.jpg 1920w\" sizes=\"(max-width: 709px) 85vw, (max-width: 909px) 67vw, (max-width: 1362px) 62vw, 840px\" \/><\/figure><\/div>\n\n\n\n<p><\/p>\n\n\n\n<p>Tocar el barro, hacer una pasta, un churro, una bola, jugar y mancharte con un material eterno, que humedeces, moldeas y siempre es distinto y siempre vuelve a nacer. Usar solo la tierra, el agua, el fuego del horno\u2026 Quiz\u00e1 tengamos que reinventarnos en tareas que no han variado mucho desde el Neol\u00edtico para relajar nuestras mentes que andan derrapando de est\u00edmulos\u2026 Y si encima nos lo ponen tan f\u00e1cil en un <a href=\"https:\/\/www.instagram.com\/ceramica_violeta\/?hl=es\" target=\"_blank\" rel=\"noreferrer noopener\">taller<\/a> como La Nectarina no hay m\u00e1s que lanzarse.<br><\/p>\n\n\n\n<h2 class=\"wp-block-heading\">La emprendedora tras el taller<br><\/h2>\n\n\n\n<div class=\"wp-block-image\"><figure class=\"aligncenter size-large\"><img loading=\"lazy\" decoding=\"async\" width=\"1024\" height=\"683\" src=\"http:\/\/madeinzaragoza.es\/blog\/wp-content\/uploads\/2023\/08\/LA-NECTARINA-CERAMICA-20230411-14-1024x683.jpg\" alt=\"ceramica\" class=\"wp-image-38995\" srcset=\"http:\/\/madeinzaragoza.es\/blog\/wp-content\/uploads\/2023\/08\/LA-NECTARINA-CERAMICA-20230411-14-1024x683.jpg 1024w, http:\/\/madeinzaragoza.es\/blog\/wp-content\/uploads\/2023\/08\/LA-NECTARINA-CERAMICA-20230411-14-450x300.jpg 450w, http:\/\/madeinzaragoza.es\/blog\/wp-content\/uploads\/2023\/08\/LA-NECTARINA-CERAMICA-20230411-14-768x512.jpg 768w, http:\/\/madeinzaragoza.es\/blog\/wp-content\/uploads\/2023\/08\/LA-NECTARINA-CERAMICA-20230411-14-1536x1024.jpg 1536w, http:\/\/madeinzaragoza.es\/blog\/wp-content\/uploads\/2023\/08\/LA-NECTARINA-CERAMICA-20230411-14-1200x800.jpg 1200w, http:\/\/madeinzaragoza.es\/blog\/wp-content\/uploads\/2023\/08\/LA-NECTARINA-CERAMICA-20230411-14.jpg 1920w\" sizes=\"(max-width: 709px) 85vw, (max-width: 909px) 67vw, (max-width: 1362px) 62vw, 840px\" \/><\/figure><\/div>\n\n\n\n<p>Conocemos a Violeta, la zaragozana al frente del taller de cer\u00e1mica La Nectarina.<br><\/p>\n\n\n\n<p>Todo comienzo en una profesi\u00f3n requiere una formaci\u00f3n, Violeta nos cuenta que estudi\u00f3 dise\u00f1o gr\u00e1fico en la <a href=\"https:\/\/www.escueladeartedezaragoza.com\/\" target=\"_blank\" rel=\"noreferrer noopener\">Escuela de Arte de Zaragoza<\/a> , \u201cy me di cuenta que trabajar con ordenador no era lo que m\u00e1s me gustaba. Prob\u00e9 con la escultura y me dije \u00a1esto s\u00ed!&#8230; Me fui a vivir una temporada a Escocia y descubr\u00ed la cer\u00e1mica en un taller en Edimburgo. A la vuelta me replante\u00e9 el punto de partida, busqu\u00e9 talleres para ir a clases de cer\u00e1mica \u00a1y me enganch\u00f3!<\/p>\n\n\n\n<p><br><strong>Creo que la cer\u00e1mica es la disciplina m\u00e1s completa<\/strong>. F\u00edjate, practicas la escultura al moldear, la pintura sobre las piezas, la qu\u00edmica en los esmaltes\u2026 \u00a1La cer\u00e1mica te permite tantas cosas! Sus posibilidades son infinitas. A m\u00ed me gusta especialmente esculpir y tambi\u00e9n hacer piezas utilitarias, es como llevarte un trozo de arte a tu casa y disfrutarlo cada d\u00eda.<\/p>\n\n\n\n<p><\/p>\n\n\n\n<div class=\"wp-block-image\"><figure class=\"aligncenter size-large\"><img loading=\"lazy\" decoding=\"async\" width=\"683\" height=\"1024\" src=\"http:\/\/madeinzaragoza.es\/blog\/wp-content\/uploads\/2023\/08\/LA-NECTARINA-CERAMICA-20230411-7-683x1024.jpg\" alt=\"ceramica violeta\" class=\"wp-image-38993\" srcset=\"http:\/\/madeinzaragoza.es\/blog\/wp-content\/uploads\/2023\/08\/LA-NECTARINA-CERAMICA-20230411-7-683x1024.jpg 683w, http:\/\/madeinzaragoza.es\/blog\/wp-content\/uploads\/2023\/08\/LA-NECTARINA-CERAMICA-20230411-7-300x450.jpg 300w, http:\/\/madeinzaragoza.es\/blog\/wp-content\/uploads\/2023\/08\/LA-NECTARINA-CERAMICA-20230411-7-768x1152.jpg 768w, http:\/\/madeinzaragoza.es\/blog\/wp-content\/uploads\/2023\/08\/LA-NECTARINA-CERAMICA-20230411-7-1024x1536.jpg 1024w, http:\/\/madeinzaragoza.es\/blog\/wp-content\/uploads\/2023\/08\/LA-NECTARINA-CERAMICA-20230411-7-1200x1800.jpg 1200w, http:\/\/madeinzaragoza.es\/blog\/wp-content\/uploads\/2023\/08\/LA-NECTARINA-CERAMICA-20230411-7.jpg 1280w\" sizes=\"(max-width: 709px) 85vw, (max-width: 909px) 67vw, (max-width: 984px) 61vw, (max-width: 1362px) 45vw, 600px\" \/><\/figure><\/div>\n\n\n\n<p><br>De mi formaci\u00f3n en cer\u00e1mica destacar\u00eda las <a href=\"https:\/\/www.ceramichelega.it\" target=\"_blank\" rel=\"noreferrer noopener\">pr\u00e1cticas en Italia,<\/a> \u00a1iba a estar dos meses y me quede 4! Aprendes mucho, solo de estar all\u00ed, viendo y absorbiendo lo que hacen, como se organizan el espacio en un taller, como van sacando el trabajo a diario&#8230;<br><\/p>\n\n\n\n<h2 class=\"wp-block-heading\">Aprender y emprender en un taller de cer\u00e1mica<br><\/h2>\n\n\n\n<p>\u201cLa vuelta de Faenza fue ese volver a empezar, replantearte formar algo sostenible. En el caso de un taller de cer\u00e1mica puede no ser tan costoso como los materiales de la escultura, pero hay inversiones que tienes que hacer, como un horno\u2026 <\/p>\n\n\n\n<p><br>Yo lo compr\u00e9 en 2019, hace 4 a\u00f1os, antes de la pandemia.\u201d <\/p>\n\n\n\n<p><\/p>\n\n\n\n<div class=\"wp-block-image\"><figure class=\"aligncenter size-large\"><img loading=\"lazy\" decoding=\"async\" width=\"1024\" height=\"683\" src=\"http:\/\/madeinzaragoza.es\/blog\/wp-content\/uploads\/2023\/08\/LA-NECTARINA-CERAMICA-20230411-12-1024x683.jpg\" alt=\"nectarina ceramica\" class=\"wp-image-38994\" srcset=\"http:\/\/madeinzaragoza.es\/blog\/wp-content\/uploads\/2023\/08\/LA-NECTARINA-CERAMICA-20230411-12-1024x683.jpg 1024w, http:\/\/madeinzaragoza.es\/blog\/wp-content\/uploads\/2023\/08\/LA-NECTARINA-CERAMICA-20230411-12-450x300.jpg 450w, http:\/\/madeinzaragoza.es\/blog\/wp-content\/uploads\/2023\/08\/LA-NECTARINA-CERAMICA-20230411-12-768x512.jpg 768w, http:\/\/madeinzaragoza.es\/blog\/wp-content\/uploads\/2023\/08\/LA-NECTARINA-CERAMICA-20230411-12-1536x1024.jpg 1536w, http:\/\/madeinzaragoza.es\/blog\/wp-content\/uploads\/2023\/08\/LA-NECTARINA-CERAMICA-20230411-12-1200x800.jpg 1200w, http:\/\/madeinzaragoza.es\/blog\/wp-content\/uploads\/2023\/08\/LA-NECTARINA-CERAMICA-20230411-12.jpg 1920w\" sizes=\"(max-width: 709px) 85vw, (max-width: 909px) 67vw, (max-width: 1362px) 62vw, 840px\" \/><\/figure><\/div>\n\n\n\n<p><br>Como emprendedora, \u00bfQu\u00e9 le aconsejar\u00edas a alguien que empieza?<br><\/p>\n\n\n\n<p>\u201cEn mi caso, <strong>yo he ido poco a poco y eso me ha ayudado<\/strong>. Cuesta dar el paso, pero si lo voy haciendo sin precipitarte todo tiene m\u00e1s sentido. Probar a dominar la t\u00e9cnica, y hasta que no lo tienes claro no pasar a otra. As\u00ed vas abri\u00e9ndote a m\u00e1s cosas\u2026 Emprender no es f\u00e1cil, echas a andar en un mundo hostil. Si vas poco a poco y te equivocas, que te va a pasar seguro, vuelves a comenzar y recalculas tus posibilidades y recorrido.\u201d <br><\/p>\n\n\n\n<h2 class=\"wp-block-heading\">El inesperado producto estrella: la <em>tetaceta<\/em><br><\/h2>\n\n\n\n<p>Uno de los <strong>mantras del emprendimiento <\/strong>para conseguir que un proyecto sea sostenible econ\u00f3micamente es tener un producto estrella, algo que se venda f\u00e1cil por el que puedas ser reconocido y sea un gancho para el resto de productos\u2026 En caso de Violeta es sin lugar a duda: las tetas. Y quiz\u00e1 especialmente la <em>tetaceta<\/em>. \u201cHe vendido muchas. El principio de acuerdas de cada pieza que vendes, luego lo normalizas todo y ya no s\u00e9 cuantas tetas habr\u00e9 hecho, \u00a1muchas!<\/p>\n\n\n\n<p><br>Tienen la forma de benditera o peque\u00f1a maceta colgante, son ideales para las plantas a\u00e9reas. Es lo que m\u00e1s vendo, tambi\u00e9n pendientes de tetas\u2026 Y tambi\u00e9n he hecho muchos talleres, uno en agosto <a href=\"https:\/\/www.instagram.com\/ceramica_violeta\" target=\"_blank\" rel=\"noreferrer noopener\">he programado uno<\/a> \u00abhazte tu tetaceta\u00bb, y te haces tu maceta en forma de teta, la decoras, luego yo me las quedo, las horneo dos veces y las esmalto. Y ya las tienes listas para ti o para regalar\u2026<\/p>\n\n\n\n<p><br>Y es que la cer\u00e1mica de Violeta, ya sea en las <em>tetacetas<\/em> o en sus platitos esmaltados con mensajes en letras de imprenta, est\u00e1 <strong>impregnada de un humor dulce e ir\u00f3nico, que te sorprende a veces por la suave rotundidad expl\u00edcita de sus formas<\/strong>, como la vulva espejo.<br><\/p>\n\n\n\n<div class=\"wp-block-image\"><figure class=\"aligncenter size-large\"><img loading=\"lazy\" decoding=\"async\" width=\"577\" height=\"1024\" src=\"http:\/\/madeinzaragoza.es\/blog\/wp-content\/uploads\/2023\/08\/20230511_104829-577x1024.jpg\" alt=\"la nectarina\" class=\"wp-image-38989\" srcset=\"http:\/\/madeinzaragoza.es\/blog\/wp-content\/uploads\/2023\/08\/20230511_104829-577x1024.jpg 577w, http:\/\/madeinzaragoza.es\/blog\/wp-content\/uploads\/2023\/08\/20230511_104829-253x450.jpg 253w, http:\/\/madeinzaragoza.es\/blog\/wp-content\/uploads\/2023\/08\/20230511_104829-768x1364.jpg 768w, http:\/\/madeinzaragoza.es\/blog\/wp-content\/uploads\/2023\/08\/20230511_104829-865x1536.jpg 865w, http:\/\/madeinzaragoza.es\/blog\/wp-content\/uploads\/2023\/08\/20230511_104829-1153x2048.jpg 1153w, http:\/\/madeinzaragoza.es\/blog\/wp-content\/uploads\/2023\/08\/20230511_104829-1200x2131.jpg 1200w, http:\/\/madeinzaragoza.es\/blog\/wp-content\/uploads\/2023\/08\/20230511_104829-scaled.jpg 1442w\" sizes=\"(max-width: 577px) 85vw, 577px\" \/><\/figure><\/div>\n\n\n\n<p><\/p>\n\n\n\n<h2 class=\"wp-block-heading\">La cer\u00e1mica como punto de encuentro<br><\/h2>\n\n\n\n<p>\u00abFormo parte de Las B\u00f3rax Colectiva Cer\u00e1mica que nace en Zaragoza a mediados de 2020, somos <a href=\"https:\/\/www.instagram.com\/lasborax_ceramica\" target=\"_blank\" rel=\"noreferrer noopener\">Violeta Bourrut Lacouture, Isabel Bosque y Ana Urbina.<\/a> <\/p>\n\n\n\n<p><br>Desde la colectiva entendemos la cer\u00e1mica como un espacio de encuentro. Cuidamos los procesos por encima de los resultados: respetar los tiempos propios del material, su posibilidad de reciclaje y aprender del error. Creemos en los valores intr\u00ednsecos del proceso cer\u00e1mico como veh\u00edculo para vivir y trabajar desde formas m\u00e1s cooperativas, afectivas y responsables.<br><\/p>\n\n\n\n<p>El nombre viene de la sal de boro que se usa en cer\u00e1mica, fuimos residentes en La Harinera, hemos colaborado con varias <a href=\"https:\/\/www.teadiraragon.com\/andar-de-nones\/\" target=\"_blank\" rel=\"noreferrer noopener\">asociaciones<\/a> como Andar de Nones, colectivo de artistas con diversidad funcional y ps\u00edquica, hemos hecho cosas para <a href=\"https:\/\/www.cerco.es\/\" target=\"_blank\" rel=\"noreferrer noopener\">Cerco<\/a>\u2026\u00bb<br><\/p>\n\n\n\n<h2 class=\"wp-block-heading\">Donde encontrar La nectarina<\/h2>\n\n\n\n<p>Podemos encontrar la obra de Violeta: en su tienda taller de la calle Sepulcro, 21, en la tienda<a href=\"https:\/\/madeinzaragoza.es\/comercio\/asi-sin-mas\/\"> As\u00ed sin m\u00e1s,<\/a> en C\u00e1diz La Tienda de la Vecina, en la calle Jos\u00e9 del Toro 21, y por supuesto en su <a href=\"ceramicavioletablv@gmail.com\" target=\"_blank\" rel=\"noreferrer noopener\">correo electr\u00f3nico<\/a> y perfil en Instagram.<\/p>\n\n\n\n<p><br>M\u00e1s cerca de lo crees puedes volver a meter la manos en el barro, \u00bfte atreves?<br><br><br><\/p>\n\n\n\n<div class=\"wp-block-image\"><figure class=\"aligncenter size-full\"><img loading=\"lazy\" decoding=\"async\" width=\"694\" height=\"800\" src=\"http:\/\/madeinzaragoza.es\/blog\/wp-content\/uploads\/2023\/08\/IMG-20221223-WA0006-02.jpeg\" alt=\"cer\u00e1mica la nectarina\" class=\"wp-image-38990\" srcset=\"http:\/\/madeinzaragoza.es\/blog\/wp-content\/uploads\/2023\/08\/IMG-20221223-WA0006-02.jpeg 694w, http:\/\/madeinzaragoza.es\/blog\/wp-content\/uploads\/2023\/08\/IMG-20221223-WA0006-02-390x450.jpeg 390w\" sizes=\"(max-width: 709px) 85vw, (max-width: 909px) 67vw, (max-width: 984px) 61vw, (max-width: 1362px) 45vw, 600px\" \/><\/figure><\/div>\n\n\n\n<p><\/p>\n\n\n\n<p>Fotos de Alfredo Bravo Loeches <br><\/p>\n","protected":false},"excerpt":{"rendered":"<p>Desde el pasado noviembre en la calle Sepulcro podemos encontrar una tienda-taller de cer\u00e1mica de lo m\u00e1s original: La Nectarina, objetos in\u00fatiles que nos son imprescindibles. Hay cosas que sorprenden, y es que en plena era digital nos enganche y reconforte tanto trabajar con las manos, por ejemplo, con el barro. Podr\u00edamos hablar de un &hellip; <a href=\"http:\/\/madeinzaragoza.es\/blog\/descubre-la-tienda-taller-de-ceramica-la-nectarina\/\" class=\"more-link\">Continuar leyendo<span class=\"screen-reader-text\"> \u00abDescubre la tienda-taller de cer\u00e1mica La Nectarina\u00bb<\/span><\/a><\/p>\n","protected":false},"author":66,"featured_media":38996,"comment_status":"open","ping_status":"open","sticky":false,"template":"","format":"standard","meta":{"footnotes":""},"categories":[829,9,6,1],"tags":[28,130,848],"yoast_head":"<!-- This site is optimized with the Yoast SEO plugin v19.7.2 - https:\/\/yoast.com\/wordpress\/plugins\/seo\/ -->\n<title>Descubre la tienda-taller de cer\u00e1mica La Nectarina - Made in Zaragoza<\/title>\n<meta name=\"description\" content=\"Descubre la tienda-taller de cer\u00e1mica La Nectarina, la cer\u00e1mica de siempre con un punto p\u00edcaro y tierno que te sorprender\u00e1\" \/>\n<meta name=\"robots\" content=\"index, follow, max-snippet:-1, max-image-preview:large, max-video-preview:-1\" \/>\n<link rel=\"canonical\" href=\"https:\/\/madeinzaragoza.es\/blog\/descubre-la-tienda-taller-de-ceramica-la-nectarina\/\" \/>\n<meta property=\"og:locale\" content=\"es_ES\" \/>\n<meta property=\"og:type\" content=\"article\" \/>\n<meta property=\"og:title\" content=\"Descubre la tienda-taller de cer\u00e1mica La Nectarina - Made in Zaragoza\" \/>\n<meta property=\"og:description\" content=\"Descubre la tienda-taller de cer\u00e1mica La Nectarina, la cer\u00e1mica de siempre con un punto p\u00edcaro y tierno que te sorprender\u00e1\" \/>\n<meta property=\"og:url\" content=\"https:\/\/madeinzaragoza.es\/blog\/descubre-la-tienda-taller-de-ceramica-la-nectarina\/\" \/>\n<meta property=\"og:site_name\" content=\"Made in Zaragoza\" \/>\n<meta property=\"article:publisher\" content=\"https:\/\/www.facebook.com\/madeinzaragoza.es\/\" \/>\n<meta property=\"article:published_time\" content=\"2023-08-15T17:38:00+00:00\" \/>\n<meta property=\"article:modified_time\" content=\"2023-08-16T12:47:53+00:00\" \/>\n<meta property=\"og:image\" content=\"https:\/\/madeinzaragoza.es\/blog\/wp-content\/uploads\/2023\/08\/LA-NECTARINA-CERAMICA-20230411-15.jpg\" \/>\n\t<meta property=\"og:image:width\" content=\"1920\" \/>\n\t<meta property=\"og:image:height\" content=\"1280\" \/>\n\t<meta property=\"og:image:type\" content=\"image\/jpeg\" \/>\n<meta name=\"author\" content=\"Cristina Castejon\" \/>\n<meta name=\"twitter:card\" content=\"summary\" \/>\n<meta name=\"twitter:creator\" content=\"@cdecontar\" \/>\n<meta name=\"twitter:site\" content=\"@madeinzaragoza\" \/>\n<meta name=\"twitter:label1\" content=\"Escrito por\" \/>\n\t<meta name=\"twitter:data1\" content=\"Cristina Castejon\" \/>\n\t<meta name=\"twitter:label2\" content=\"Tiempo de lectura\" \/>\n\t<meta name=\"twitter:data2\" content=\"6 minutos\" \/>\n<script type=\"application\/ld+json\" class=\"yoast-schema-graph\">{\"@context\":\"https:\/\/schema.org\",\"@graph\":[{\"@type\":\"Article\",\"@id\":\"https:\/\/madeinzaragoza.es\/blog\/descubre-la-tienda-taller-de-ceramica-la-nectarina\/#article\",\"isPartOf\":{\"@id\":\"https:\/\/madeinzaragoza.es\/blog\/descubre-la-tienda-taller-de-ceramica-la-nectarina\/\"},\"author\":{\"name\":\"Cristina Castejon\",\"@id\":\"https:\/\/madeinzaragoza.es\/blog\/#\/schema\/person\/f6a3e33e7bb103b00b0f9321931cc3ea\"},\"headline\":\"Descubre la tienda-taller de cer\u00e1mica La Nectarina\",\"datePublished\":\"2023-08-15T17:38:00+00:00\",\"dateModified\":\"2023-08-16T12:47:53+00:00\",\"mainEntityOfPage\":{\"@id\":\"https:\/\/madeinzaragoza.es\/blog\/descubre-la-tienda-taller-de-ceramica-la-nectarina\/\"},\"wordCount\":1047,\"commentCount\":0,\"publisher\":{\"@id\":\"https:\/\/madeinzaragoza.es\/blog\/#organization\"},\"keywords\":[\"creatividad\",\"emprendedores\",\"tiendas creativas\"],\"articleSection\":[\"Cultura\",\"Econom\u00eda Creativa\",\"Gente\",\"Tendencias\"],\"inLanguage\":\"es\",\"potentialAction\":[{\"@type\":\"CommentAction\",\"name\":\"Comment\",\"target\":[\"https:\/\/madeinzaragoza.es\/blog\/descubre-la-tienda-taller-de-ceramica-la-nectarina\/#respond\"]}]},{\"@type\":\"WebPage\",\"@id\":\"https:\/\/madeinzaragoza.es\/blog\/descubre-la-tienda-taller-de-ceramica-la-nectarina\/\",\"url\":\"https:\/\/madeinzaragoza.es\/blog\/descubre-la-tienda-taller-de-ceramica-la-nectarina\/\",\"name\":\"Descubre la tienda-taller de cer\u00e1mica La Nectarina - Made in Zaragoza\",\"isPartOf\":{\"@id\":\"https:\/\/madeinzaragoza.es\/blog\/#website\"},\"datePublished\":\"2023-08-15T17:38:00+00:00\",\"dateModified\":\"2023-08-16T12:47:53+00:00\",\"description\":\"Descubre la tienda-taller de cer\u00e1mica La Nectarina, la cer\u00e1mica de siempre con un punto p\u00edcaro y tierno que te sorprender\u00e1\",\"breadcrumb\":{\"@id\":\"https:\/\/madeinzaragoza.es\/blog\/descubre-la-tienda-taller-de-ceramica-la-nectarina\/#breadcrumb\"},\"inLanguage\":\"es\",\"potentialAction\":[{\"@type\":\"ReadAction\",\"target\":[\"https:\/\/madeinzaragoza.es\/blog\/descubre-la-tienda-taller-de-ceramica-la-nectarina\/\"]}]},{\"@type\":\"BreadcrumbList\",\"@id\":\"https:\/\/madeinzaragoza.es\/blog\/descubre-la-tienda-taller-de-ceramica-la-nectarina\/#breadcrumb\",\"itemListElement\":[{\"@type\":\"ListItem\",\"position\":1,\"name\":\"Portada\",\"item\":\"https:\/\/madeinzaragoza.es\/blog\/\"},{\"@type\":\"ListItem\",\"position\":2,\"name\":\"Descubre la tienda-taller de cer\u00e1mica La Nectarina\"}]},{\"@type\":\"WebSite\",\"@id\":\"https:\/\/madeinzaragoza.es\/blog\/#website\",\"url\":\"https:\/\/madeinzaragoza.es\/blog\/\",\"name\":\"Made in Zaragoza\",\"description\":\"Blog de MadeinZGZ, Red de Econom\u00eda Creativa de Zaragoza\",\"publisher\":{\"@id\":\"https:\/\/madeinzaragoza.es\/blog\/#organization\"},\"potentialAction\":[{\"@type\":\"SearchAction\",\"target\":{\"@type\":\"EntryPoint\",\"urlTemplate\":\"https:\/\/madeinzaragoza.es\/blog\/?s={search_term_string}\"},\"query-input\":\"required name=search_term_string\"}],\"inLanguage\":\"es\"},{\"@type\":\"Organization\",\"@id\":\"https:\/\/madeinzaragoza.es\/blog\/#organization\",\"name\":\"Made In Zaragoza\",\"url\":\"https:\/\/madeinzaragoza.es\/blog\/\",\"sameAs\":[\"https:\/\/www.instagram.com\/madeinzaragoza.es\/\",\"https:\/\/www.facebook.com\/madeinzaragoza.es\/\",\"https:\/\/twitter.com\/madeinzaragoza\"],\"logo\":{\"@type\":\"ImageObject\",\"inLanguage\":\"es\",\"@id\":\"https:\/\/madeinzaragoza.es\/blog\/#\/schema\/logo\/image\/\",\"url\":\"https:\/\/madeinzaragoza.es\/blog\/wp-content\/uploads\/2022\/05\/logo.png\",\"contentUrl\":\"https:\/\/madeinzaragoza.es\/blog\/wp-content\/uploads\/2022\/05\/logo.png\",\"width\":193,\"height\":176,\"caption\":\"Made In Zaragoza\"},\"image\":{\"@id\":\"https:\/\/madeinzaragoza.es\/blog\/#\/schema\/logo\/image\/\"}},{\"@type\":\"Person\",\"@id\":\"https:\/\/madeinzaragoza.es\/blog\/#\/schema\/person\/f6a3e33e7bb103b00b0f9321931cc3ea\",\"name\":\"Cristina Castejon\",\"image\":{\"@type\":\"ImageObject\",\"inLanguage\":\"es\",\"@id\":\"https:\/\/madeinzaragoza.es\/blog\/#\/schema\/person\/image\/\",\"url\":\"http:\/\/2.gravatar.com\/avatar\/2915f57f02d0a7f564ca0bdd8e3ea1cb?s=96&d=mm&r=g\",\"contentUrl\":\"http:\/\/2.gravatar.com\/avatar\/2915f57f02d0a7f564ca0bdd8e3ea1cb?s=96&d=mm&r=g\",\"caption\":\"Cristina Castejon\"},\"description\":\"De letras hasta la m\u00e9dula, siempre he pensado que la narrativa es el pastel, no la guinda. Da igual que sea en un libro o una peli, las buenas historias siempre nos enganchan. Escribo para mi blog www.cdecontar.com y para todo aquel que necesite poner alma a su marca o servicio. Me encanta mirar escaparates, contemplar fachadas y descubrir rincones escondidos. Creo que Zaragoza est\u00e1 plagada de buenas historias: ziudadanos curiosos, \u00a1callejeemos para darles caza!\",\"sameAs\":[\"http:\/\/www.cdecontar.com\",\"https:\/\/twitter.com\/cdecontar\"],\"url\":\"http:\/\/madeinzaragoza.es\/blog\/author\/cristina-castejon\/\"}]}<\/script>\n<!-- \/ Yoast SEO plugin. -->","yoast_head_json":{"title":"Descubre la tienda-taller de cer\u00e1mica La Nectarina - Made in Zaragoza","description":"Descubre la tienda-taller de cer\u00e1mica La Nectarina, la cer\u00e1mica de siempre con un punto p\u00edcaro y tierno que te sorprender\u00e1","robots":{"index":"index","follow":"follow","max-snippet":"max-snippet:-1","max-image-preview":"max-image-preview:large","max-video-preview":"max-video-preview:-1"},"canonical":"https:\/\/madeinzaragoza.es\/blog\/descubre-la-tienda-taller-de-ceramica-la-nectarina\/","og_locale":"es_ES","og_type":"article","og_title":"Descubre la tienda-taller de cer\u00e1mica La Nectarina - Made in Zaragoza","og_description":"Descubre la tienda-taller de cer\u00e1mica La Nectarina, la cer\u00e1mica de siempre con un punto p\u00edcaro y tierno que te sorprender\u00e1","og_url":"https:\/\/madeinzaragoza.es\/blog\/descubre-la-tienda-taller-de-ceramica-la-nectarina\/","og_site_name":"Made in Zaragoza","article_publisher":"https:\/\/www.facebook.com\/madeinzaragoza.es\/","article_published_time":"2023-08-15T17:38:00+00:00","article_modified_time":"2023-08-16T12:47:53+00:00","og_image":[{"width":1920,"height":1280,"url":"https:\/\/madeinzaragoza.es\/blog\/wp-content\/uploads\/2023\/08\/LA-NECTARINA-CERAMICA-20230411-15.jpg","type":"image\/jpeg"}],"author":"Cristina Castejon","twitter_card":"summary","twitter_creator":"@cdecontar","twitter_site":"@madeinzaragoza","twitter_misc":{"Escrito por":"Cristina Castejon","Tiempo de lectura":"6 minutos"},"schema":{"@context":"https:\/\/schema.org","@graph":[{"@type":"Article","@id":"https:\/\/madeinzaragoza.es\/blog\/descubre-la-tienda-taller-de-ceramica-la-nectarina\/#article","isPartOf":{"@id":"https:\/\/madeinzaragoza.es\/blog\/descubre-la-tienda-taller-de-ceramica-la-nectarina\/"},"author":{"name":"Cristina Castejon","@id":"https:\/\/madeinzaragoza.es\/blog\/#\/schema\/person\/f6a3e33e7bb103b00b0f9321931cc3ea"},"headline":"Descubre la tienda-taller de cer\u00e1mica La Nectarina","datePublished":"2023-08-15T17:38:00+00:00","dateModified":"2023-08-16T12:47:53+00:00","mainEntityOfPage":{"@id":"https:\/\/madeinzaragoza.es\/blog\/descubre-la-tienda-taller-de-ceramica-la-nectarina\/"},"wordCount":1047,"commentCount":0,"publisher":{"@id":"https:\/\/madeinzaragoza.es\/blog\/#organization"},"keywords":["creatividad","emprendedores","tiendas creativas"],"articleSection":["Cultura","Econom\u00eda Creativa","Gente","Tendencias"],"inLanguage":"es","potentialAction":[{"@type":"CommentAction","name":"Comment","target":["https:\/\/madeinzaragoza.es\/blog\/descubre-la-tienda-taller-de-ceramica-la-nectarina\/#respond"]}]},{"@type":"WebPage","@id":"https:\/\/madeinzaragoza.es\/blog\/descubre-la-tienda-taller-de-ceramica-la-nectarina\/","url":"https:\/\/madeinzaragoza.es\/blog\/descubre-la-tienda-taller-de-ceramica-la-nectarina\/","name":"Descubre la tienda-taller de cer\u00e1mica La Nectarina - Made in Zaragoza","isPartOf":{"@id":"https:\/\/madeinzaragoza.es\/blog\/#website"},"datePublished":"2023-08-15T17:38:00+00:00","dateModified":"2023-08-16T12:47:53+00:00","description":"Descubre la tienda-taller de cer\u00e1mica La Nectarina, la cer\u00e1mica de siempre con un punto p\u00edcaro y tierno que te sorprender\u00e1","breadcrumb":{"@id":"https:\/\/madeinzaragoza.es\/blog\/descubre-la-tienda-taller-de-ceramica-la-nectarina\/#breadcrumb"},"inLanguage":"es","potentialAction":[{"@type":"ReadAction","target":["https:\/\/madeinzaragoza.es\/blog\/descubre-la-tienda-taller-de-ceramica-la-nectarina\/"]}]},{"@type":"BreadcrumbList","@id":"https:\/\/madeinzaragoza.es\/blog\/descubre-la-tienda-taller-de-ceramica-la-nectarina\/#breadcrumb","itemListElement":[{"@type":"ListItem","position":1,"name":"Portada","item":"https:\/\/madeinzaragoza.es\/blog\/"},{"@type":"ListItem","position":2,"name":"Descubre la tienda-taller de cer\u00e1mica La Nectarina"}]},{"@type":"WebSite","@id":"https:\/\/madeinzaragoza.es\/blog\/#website","url":"https:\/\/madeinzaragoza.es\/blog\/","name":"Made in Zaragoza","description":"Blog de MadeinZGZ, Red de Econom\u00eda Creativa de Zaragoza","publisher":{"@id":"https:\/\/madeinzaragoza.es\/blog\/#organization"},"potentialAction":[{"@type":"SearchAction","target":{"@type":"EntryPoint","urlTemplate":"https:\/\/madeinzaragoza.es\/blog\/?s={search_term_string}"},"query-input":"required name=search_term_string"}],"inLanguage":"es"},{"@type":"Organization","@id":"https:\/\/madeinzaragoza.es\/blog\/#organization","name":"Made In Zaragoza","url":"https:\/\/madeinzaragoza.es\/blog\/","sameAs":["https:\/\/www.instagram.com\/madeinzaragoza.es\/","https:\/\/www.facebook.com\/madeinzaragoza.es\/","https:\/\/twitter.com\/madeinzaragoza"],"logo":{"@type":"ImageObject","inLanguage":"es","@id":"https:\/\/madeinzaragoza.es\/blog\/#\/schema\/logo\/image\/","url":"https:\/\/madeinzaragoza.es\/blog\/wp-content\/uploads\/2022\/05\/logo.png","contentUrl":"https:\/\/madeinzaragoza.es\/blog\/wp-content\/uploads\/2022\/05\/logo.png","width":193,"height":176,"caption":"Made In Zaragoza"},"image":{"@id":"https:\/\/madeinzaragoza.es\/blog\/#\/schema\/logo\/image\/"}},{"@type":"Person","@id":"https:\/\/madeinzaragoza.es\/blog\/#\/schema\/person\/f6a3e33e7bb103b00b0f9321931cc3ea","name":"Cristina Castejon","image":{"@type":"ImageObject","inLanguage":"es","@id":"https:\/\/madeinzaragoza.es\/blog\/#\/schema\/person\/image\/","url":"http:\/\/2.gravatar.com\/avatar\/2915f57f02d0a7f564ca0bdd8e3ea1cb?s=96&d=mm&r=g","contentUrl":"http:\/\/2.gravatar.com\/avatar\/2915f57f02d0a7f564ca0bdd8e3ea1cb?s=96&d=mm&r=g","caption":"Cristina Castejon"},"description":"De letras hasta la m\u00e9dula, siempre he pensado que la narrativa es el pastel, no la guinda. Da igual que sea en un libro o una peli, las buenas historias siempre nos enganchan. Escribo para mi blog www.cdecontar.com y para todo aquel que necesite poner alma a su marca o servicio. Me encanta mirar escaparates, contemplar fachadas y descubrir rincones escondidos. Creo que Zaragoza est\u00e1 plagada de buenas historias: ziudadanos curiosos, \u00a1callejeemos para darles caza!","sameAs":["http:\/\/www.cdecontar.com","https:\/\/twitter.com\/cdecontar"],"url":"http:\/\/madeinzaragoza.es\/blog\/author\/cristina-castejon\/"}]}},"_links":{"self":[{"href":"http:\/\/madeinzaragoza.es\/blog\/wp-json\/wp\/v2\/posts\/38984"}],"collection":[{"href":"http:\/\/madeinzaragoza.es\/blog\/wp-json\/wp\/v2\/posts"}],"about":[{"href":"http:\/\/madeinzaragoza.es\/blog\/wp-json\/wp\/v2\/types\/post"}],"author":[{"embeddable":true,"href":"http:\/\/madeinzaragoza.es\/blog\/wp-json\/wp\/v2\/users\/66"}],"replies":[{"embeddable":true,"href":"http:\/\/madeinzaragoza.es\/blog\/wp-json\/wp\/v2\/comments?post=38984"}],"version-history":[{"count":7,"href":"http:\/\/madeinzaragoza.es\/blog\/wp-json\/wp\/v2\/posts\/38984\/revisions"}],"predecessor-version":[{"id":39120,"href":"http:\/\/madeinzaragoza.es\/blog\/wp-json\/wp\/v2\/posts\/38984\/revisions\/39120"}],"wp:featuredmedia":[{"embeddable":true,"href":"http:\/\/madeinzaragoza.es\/blog\/wp-json\/wp\/v2\/media\/38996"}],"wp:attachment":[{"href":"http:\/\/madeinzaragoza.es\/blog\/wp-json\/wp\/v2\/media?parent=38984"}],"wp:term":[{"taxonomy":"category","embeddable":true,"href":"http:\/\/madeinzaragoza.es\/blog\/wp-json\/wp\/v2\/categories?post=38984"},{"taxonomy":"post_tag","embeddable":true,"href":"http:\/\/madeinzaragoza.es\/blog\/wp-json\/wp\/v2\/tags?post=38984"}],"curies":[{"name":"wp","href":"https:\/\/api.w.org\/{rel}","templated":true}]}}