{"id":38357,"date":"2023-05-06T12:27:00","date_gmt":"2023-05-06T11:27:00","guid":{"rendered":"http:\/\/madeinzaragoza.es\/blog\/?p=38357"},"modified":"2023-05-10T17:17:22","modified_gmt":"2023-05-10T16:17:22","slug":"profesionales-que-viven-de-su-voz","status":"publish","type":"post","link":"http:\/\/madeinzaragoza.es\/blog\/profesionales-que-viven-de-su-voz\/","title":{"rendered":"Profesionales que viven de su voz"},"content":{"rendered":"\n<p>La voz sirve mucho m\u00e1s que para comunicarnos entre nosotros. Algunos profesionales utilizan su voz para trabajar. Locutores de radio, presentadores televisi\u00f3n, actores de doblaje, cantantes, profesores\u2026 son profesionales de la voz. Con motivo del D\u00eda Mundial de la Voz, celebrado el pasado 16 de abril, hablamos con varios de estos profesionales. <\/p>\n\n\n\n<p>El uso profesional de la voz requiere unos cuidados y una preparaci\u00f3n especial. As\u00ed nos lo explicaba <strong>Javier V\u00e1zquez<\/strong>, que cuenta con m\u00e1s de 30 a\u00f1os de experiencia profesional desarrollando diferentes trabajos relacionados con la voz. Locutor de radio, actor, presentador tanto de televisi\u00f3n como de eventos\u2026 \u201cLa voz es un instrumento de trabajo y lo que hay que hacer es cuidarla las 24 horas del d\u00eda, los 365 d\u00edas del a\u00f1o\u201d.<\/p>\n\n\n\n<div class=\"wp-block-image\"><figure class=\"aligncenter size-full\"><img loading=\"lazy\" decoding=\"async\" width=\"800\" height=\"534\" src=\"http:\/\/madeinzaragoza.es\/blog\/wp-content\/uploads\/2023\/05\/DMV-Javier-Va\u0301zquez-actor.jpg\" alt=\"D\u00eda Mundial de la Voz\" class=\"wp-image-38359\" srcset=\"http:\/\/madeinzaragoza.es\/blog\/wp-content\/uploads\/2023\/05\/DMV-Javier-Va\u0301zquez-actor.jpg 800w, http:\/\/madeinzaragoza.es\/blog\/wp-content\/uploads\/2023\/05\/DMV-Javier-Va\u0301zquez-actor-450x300.jpg 450w, http:\/\/madeinzaragoza.es\/blog\/wp-content\/uploads\/2023\/05\/DMV-Javier-Va\u0301zquez-actor-768x513.jpg 768w\" sizes=\"(max-width: 709px) 85vw, (max-width: 909px) 67vw, (max-width: 984px) 61vw, (max-width: 1362px) 45vw, 600px\" \/><figcaption>Foto: Fernando S\u00e1nchez<\/figcaption><\/figure><\/div>\n\n\n\n<p>La voz como instrumento de trabajo requiere unos cuidados, unos h\u00e1bitos saludables para cuidar de la salud vocal, important\u00edsimo en los profesionales. Javier recomienda no gritar, beber mucha agua para hidratarla, beber bebidas no muy fr\u00edas ni muy calientes.<\/p>\n\n\n\n<p>Antes de presentar un evento, ense\u00f1ar teatro o comenzar a hablar en radio, hace un calentamiento vocal. Se trata de unos ejercicios para estirar los m\u00fasculos faciales y as\u00ed sea mucho m\u00e1s f\u00e1cil proyectar la voz y transmitir el mensaje que quieres hacer llegar a la audiencia.<\/p>\n\n\n\n<p><\/p>\n\n\n\n<div class=\"wp-block-image\"><figure class=\"aligncenter size-full\"><img loading=\"lazy\" decoding=\"async\" width=\"800\" height=\"504\" src=\"http:\/\/madeinzaragoza.es\/blog\/wp-content\/uploads\/2023\/05\/DMV-Paco-Ortiz-Remacha-locutor.jpg\" alt=\"D\u00eda Mundial de la Voz\" class=\"wp-image-38366\" srcset=\"http:\/\/madeinzaragoza.es\/blog\/wp-content\/uploads\/2023\/05\/DMV-Paco-Ortiz-Remacha-locutor.jpg 800w, http:\/\/madeinzaragoza.es\/blog\/wp-content\/uploads\/2023\/05\/DMV-Paco-Ortiz-Remacha-locutor-450x284.jpg 450w, http:\/\/madeinzaragoza.es\/blog\/wp-content\/uploads\/2023\/05\/DMV-Paco-Ortiz-Remacha-locutor-768x484.jpg 768w\" sizes=\"(max-width: 709px) 85vw, (max-width: 909px) 67vw, (max-width: 984px) 61vw, (max-width: 1362px) 45vw, 600px\" \/><\/figure><\/div>\n\n\n\n<p><\/p>\n\n\n\n<p>Una de las grandes voces de la radio, <strong>Paco Ortiz Remacha<\/strong>, recalcaba tambi\u00e9n que el cuidado de la voz es fundamental \u201cno solo si eres profesional, sino tambi\u00e9n en la vida diaria, siendo muy importantes la hidrataci\u00f3n y la respiraci\u00f3n para expresarte correctamente y que los dem\u00e1s te entiendan\u201d.<\/p>\n\n\n\n<p>Como dato curioso, Ortiz Remacha dec\u00eda que despu\u00e9s de una transmisi\u00f3n de un partido de f\u00fatbol del Real Zaragoza o de una tertulia deportiva, terminaba con mejor voz que empezaba. \u201cSiempre estoy prepar\u00e1ndome la voz y haciendo ejercicios de musculaci\u00f3n\u201d.<\/p>\n\n\n\n<p>En su amplia trayectoria profesional, ha tenido alguna an\u00e9cdota a la hora de cantar un gol. \u201cTen\u00eda preparadas varios modelos de goles en funci\u00f3n de la importancia\u201d. Seg\u00fan explica Ortiz Remacha, \u201clo importante cuando se consigue un triunfo es explotar pero tiene que ser un estallido en funci\u00f3n de c\u00f3mo quieres explicar lo que est\u00e1 ocurriendo\u201d.<\/p>\n\n\n\n<p>Como consejo para aquellos que comienzan tanto Paco como Javier coinciden en resaltar la importancia de la hidrataci\u00f3n, hacer ejercicios de calentamiento y, sobre todo, una correcta respiraci\u00f3n.<\/p>\n\n\n\n<p><\/p>\n\n\n\n<div class=\"wp-block-image\"><figure class=\"aligncenter size-full\"><img loading=\"lazy\" decoding=\"async\" width=\"600\" height=\"800\" src=\"http:\/\/madeinzaragoza.es\/blog\/wp-content\/uploads\/2023\/05\/DMV-Mari\u0301a-Lahoz-reportera.jpg\" alt=\"D\u00eda Mundial de la Voz\" class=\"wp-image-38363\" srcset=\"http:\/\/madeinzaragoza.es\/blog\/wp-content\/uploads\/2023\/05\/DMV-Mari\u0301a-Lahoz-reportera.jpg 600w, http:\/\/madeinzaragoza.es\/blog\/wp-content\/uploads\/2023\/05\/DMV-Mari\u0301a-Lahoz-reportera-338x450.jpg 338w\" sizes=\"(max-width: 709px) 85vw, (max-width: 909px) 67vw, (max-width: 984px) 61vw, (max-width: 1362px) 45vw, 600px\" \/><\/figure><\/div>\n\n\n\n<p>En televisi\u00f3n tambi\u00e9n es importante la voz. As\u00ed lo destaca <strong>Mar\u00eda Lahoz<\/strong>, reportera de televisi\u00f3n en Arag\u00f3n TV. \u201cHay que cuidarse la voz porque sino d\u00eda tras d\u00eda trabajando con ella, si no te la cuidas, puedes acabar con problemas\u201d. Mar\u00eda nos cuenta que es importante aprender a soltar el aire poco a poco desde el diafragma, ya que la respiraci\u00f3n es muy importante. \u201cTienes que ir soltando el aire poco a poco desde el diafragma para no ahogarte\u201d.<\/p>\n\n\n\n<p>Contaba Mar\u00eda que al principio no se lo tomaba tan en serio, por eso, recomienda a aquellos que comienzan en esta profesi\u00f3n que se cuiden y aprendan siempre a utilizar la voz de forma correcta.<\/p>\n\n\n\n<p><\/p>\n\n\n\n<div class=\"wp-block-image\"><figure class=\"aligncenter size-full is-resized\"><img loading=\"lazy\" decoding=\"async\" src=\"http:\/\/madeinzaragoza.es\/blog\/wp-content\/uploads\/2023\/05\/DMV-Juan-Navarro-actor-doblaje.jpg\" alt=\"D\u00eda Mundial de la Voz\" class=\"wp-image-38361\" width=\"347\" height=\"314\" srcset=\"http:\/\/madeinzaragoza.es\/blog\/wp-content\/uploads\/2023\/05\/DMV-Juan-Navarro-actor-doblaje.jpg 800w, http:\/\/madeinzaragoza.es\/blog\/wp-content\/uploads\/2023\/05\/DMV-Juan-Navarro-actor-doblaje-450x408.jpg 450w, http:\/\/madeinzaragoza.es\/blog\/wp-content\/uploads\/2023\/05\/DMV-Juan-Navarro-actor-doblaje-768x696.jpg 768w\" sizes=\"(max-width: 347px) 85vw, 347px\" \/><\/figure><\/div>\n\n\n\n<p><\/p>\n\n\n\n<p>La voz resulta tambi\u00e9n un instrumento indispensable para actores y actores de doblaje. La voz de los actores y actrices del doblaje es inconfundible para muchos espectadores. De hecho, a <strong>Juan Navarro<\/strong>, actor de doblaje, le han reconocido por su voz en numerosas ocasiones. Y es que Juan pone la voz a Jamie Fraser, protagonista de Outlander, entre otros innumerables personajes.<\/p>\n\n\n\n<p>Para Juan es imprescindible cuidarse la voz. Nos cuenta que antes de comenzar con su jornada laboral, realiza ejercicios de calentamiento. Todo ello lo ha aprendido en una foniatra que le ense\u00f1\u00f3 a utilizar la voz correctamente, a colocarla bien para no hacerse da\u00f1o, a utilizar el diafragma, cu\u00e1les son sus agudos y graves, etc.<\/p>\n\n\n\n<p>Juan Navarro recomienda a todos aquellos profesionales que utilicen su voz para trabajar que \u201ctienen que aprender a utilizar la voz para no hacerse da\u00f1o\u201d.<\/p>\n\n\n\n<p><\/p>\n\n\n\n<div class=\"wp-block-image\"><figure class=\"aligncenter size-full\"><img loading=\"lazy\" decoding=\"async\" width=\"800\" height=\"450\" src=\"http:\/\/madeinzaragoza.es\/blog\/wp-content\/uploads\/2023\/05\/DMV-Viki-Lafuente-cantante.-.jpg\" alt=\"D\u00eda Mundial de la Voz\" class=\"wp-image-38367\" srcset=\"http:\/\/madeinzaragoza.es\/blog\/wp-content\/uploads\/2023\/05\/DMV-Viki-Lafuente-cantante.-.jpg 800w, http:\/\/madeinzaragoza.es\/blog\/wp-content\/uploads\/2023\/05\/DMV-Viki-Lafuente-cantante.--450x253.jpg 450w, http:\/\/madeinzaragoza.es\/blog\/wp-content\/uploads\/2023\/05\/DMV-Viki-Lafuente-cantante.--768x432.jpg 768w\" sizes=\"(max-width: 709px) 85vw, (max-width: 909px) 67vw, (max-width: 984px) 61vw, (max-width: 1362px) 45vw, 600px\" \/><\/figure><\/div>\n\n\n\n<p><\/p>\n\n\n\n<p>Otra profesi\u00f3n en la que cuidar la voz es imprescindible, es la de cantante. As\u00ed nos lo ha explicado <strong>Viki Lafuente<\/strong>, cantante, actriz y productora independiente afincada en Zaragoza. \u201cHace a\u00f1os no ten\u00eda control y me quedaba af\u00f3nica. Por eso, ahora llevo cuidado y procuro descansar y calentar la voz antes de un concierto\u201d.<\/p>\n\n\n\n<p>Como an\u00e9cdota nos cuenta que a su paso por el el popular programa televisivo \u201cLa Voz Espa\u00f1a\u201d, ten\u00eda miedo de que los nervios le jugaran una mala pasada. \u201cA veces en los ensayos ten\u00eda gallos incontrolables de los propios nervios\u201d.<\/p>\n\n\n\n<p><\/p>\n\n\n\n<div class=\"wp-block-image\"><figure class=\"aligncenter size-full\"><img loading=\"lazy\" decoding=\"async\" width=\"800\" height=\"629\" src=\"http:\/\/madeinzaragoza.es\/blog\/wp-content\/uploads\/2023\/05\/DMV-Nata\u0301n-Zubillaga-profesor-de-canto.jpg\" alt=\"D\u00eda Mundial de la Voz\" class=\"wp-image-38364\" srcset=\"http:\/\/madeinzaragoza.es\/blog\/wp-content\/uploads\/2023\/05\/DMV-Nata\u0301n-Zubillaga-profesor-de-canto.jpg 800w, http:\/\/madeinzaragoza.es\/blog\/wp-content\/uploads\/2023\/05\/DMV-Nata\u0301n-Zubillaga-profesor-de-canto-450x354.jpg 450w, http:\/\/madeinzaragoza.es\/blog\/wp-content\/uploads\/2023\/05\/DMV-Nata\u0301n-Zubillaga-profesor-de-canto-768x604.jpg 768w\" sizes=\"(max-width: 709px) 85vw, (max-width: 909px) 67vw, (max-width: 984px) 61vw, (max-width: 1362px) 45vw, 600px\" \/><\/figure><\/div>\n\n\n\n<p>Por su parte, <strong>Nat\u00e1n Zubillaga<\/strong> es el fundador y profesor en la academia vocal que lleva su nombre. Por ella, pasan continuamente personas interesas en mejorar su t\u00e9cnica o aprender a cantar y recibir as\u00ed herramientas, para que su educaci\u00f3n como cantantes sea integral. Nat\u00e1n explica que como profesor de canto con muchas horas de clases seguidas \u201ctengo que dar ejemplo a los alumnos\u201d. \u201cCuido mi voz de una forma especial. Me hidrato mucho, mido constantemente la proyecci\u00f3n de mi voz, hago pausas, etc\u201d.<\/p>\n\n\n\n<p>Desde por la ma\u00f1ana, Nat\u00e1n comienza a cuidarse. La voz tarda un tiempo a despertarse y, por eso, es importante prepararse antes. \u201cEs importante tener una rutina de trabajo con la que ir aprendiendo a escucharnos\u201d.<\/p>\n\n\n\n<p>Como an\u00e9cdota nos ha contado que los nervios tambi\u00e9n le influyen, lo que le ha hecho perder la voz en alguna ocasi\u00f3n.<\/p>\n\n\n\n<p><\/p>\n","protected":false},"excerpt":{"rendered":"<p>La voz sirve mucho m\u00e1s que para comunicarnos entre nosotros. Algunos profesionales utilizan su voz para trabajar. Locutores de radio, presentadores televisi\u00f3n, actores de doblaje, cantantes, profesores\u2026 son profesionales de la voz. Con motivo del D\u00eda Mundial de la Voz, celebrado el pasado 16 de abril, hablamos con varios de estos profesionales. El uso profesional &hellip; <a href=\"http:\/\/madeinzaragoza.es\/blog\/profesionales-que-viven-de-su-voz\/\" class=\"more-link\">Continuar leyendo<span class=\"screen-reader-text\"> \u00abProfesionales que viven de su voz\u00bb<\/span><\/a><\/p>\n","protected":false},"author":77,"featured_media":38422,"comment_status":"open","ping_status":"open","sticky":false,"template":"","format":"standard","meta":{"footnotes":""},"categories":[6],"tags":[2700,2701,2699,2648],"yoast_head":"<!-- This site is optimized with the Yoast SEO plugin v19.7.2 - https:\/\/yoast.com\/wordpress\/plugins\/seo\/ -->\n<title>Profesionales que viven de su voz - Made in Zaragoza<\/title>\n<meta name=\"description\" content=\"Conoce a varios profesionales de Zaragoza que vives de su voz: actores de doblaje, cantantes, locutores de radio y televisi\u00f3n, actores...\" \/>\n<meta name=\"robots\" content=\"index, follow, max-snippet:-1, max-image-preview:large, max-video-preview:-1\" \/>\n<link rel=\"canonical\" href=\"https:\/\/madeinzaragoza.es\/blog\/profesionales-que-viven-de-su-voz\/\" \/>\n<meta property=\"og:locale\" content=\"es_ES\" \/>\n<meta property=\"og:type\" content=\"article\" \/>\n<meta property=\"og:title\" content=\"Profesionales que viven de su voz - Made in Zaragoza\" \/>\n<meta property=\"og:description\" content=\"Conoce a varios profesionales de Zaragoza que vives de su voz: actores de doblaje, cantantes, locutores de radio y televisi\u00f3n, actores...\" \/>\n<meta property=\"og:url\" content=\"https:\/\/madeinzaragoza.es\/blog\/profesionales-que-viven-de-su-voz\/\" \/>\n<meta property=\"og:site_name\" content=\"Made in Zaragoza\" \/>\n<meta property=\"article:publisher\" content=\"https:\/\/www.facebook.com\/madeinzaragoza.es\/\" \/>\n<meta property=\"article:published_time\" content=\"2023-05-06T11:27:00+00:00\" \/>\n<meta property=\"article:modified_time\" content=\"2023-05-10T16:17:22+00:00\" \/>\n<meta property=\"og:image\" content=\"https:\/\/madeinzaragoza.es\/blog\/wp-content\/uploads\/2023\/05\/voz-scaled.jpg\" \/>\n\t<meta property=\"og:image:width\" content=\"2560\" \/>\n\t<meta property=\"og:image:height\" content=\"1707\" \/>\n\t<meta property=\"og:image:type\" content=\"image\/jpeg\" \/>\n<meta name=\"author\" content=\"Alicia Pina\" \/>\n<meta name=\"twitter:card\" content=\"summary\" \/>\n<meta name=\"twitter:creator\" content=\"@madeinzaragoza\" \/>\n<meta name=\"twitter:site\" content=\"@madeinzaragoza\" \/>\n<meta name=\"twitter:label1\" content=\"Escrito por\" \/>\n\t<meta name=\"twitter:data1\" content=\"Alicia Pina\" \/>\n\t<meta name=\"twitter:label2\" content=\"Tiempo de lectura\" \/>\n\t<meta name=\"twitter:data2\" content=\"6 minutos\" \/>\n<script type=\"application\/ld+json\" class=\"yoast-schema-graph\">{\"@context\":\"https:\/\/schema.org\",\"@graph\":[{\"@type\":\"Article\",\"@id\":\"https:\/\/madeinzaragoza.es\/blog\/profesionales-que-viven-de-su-voz\/#article\",\"isPartOf\":{\"@id\":\"https:\/\/madeinzaragoza.es\/blog\/profesionales-que-viven-de-su-voz\/\"},\"author\":{\"name\":\"Alicia Pina\",\"@id\":\"https:\/\/madeinzaragoza.es\/blog\/#\/schema\/person\/0472ffa4d02b212287f7a51b4b228c25\"},\"headline\":\"Profesionales que viven de su voz\",\"datePublished\":\"2023-05-06T11:27:00+00:00\",\"dateModified\":\"2023-05-10T16:17:22+00:00\",\"mainEntityOfPage\":{\"@id\":\"https:\/\/madeinzaragoza.es\/blog\/profesionales-que-viven-de-su-voz\/\"},\"wordCount\":950,\"commentCount\":0,\"publisher\":{\"@id\":\"https:\/\/madeinzaragoza.es\/blog\/#organization\"},\"keywords\":[\"actor de doblaje\",\"cantante\",\"doblaje\",\"Locutor\"],\"articleSection\":[\"Gente\"],\"inLanguage\":\"es\",\"potentialAction\":[{\"@type\":\"CommentAction\",\"name\":\"Comment\",\"target\":[\"https:\/\/madeinzaragoza.es\/blog\/profesionales-que-viven-de-su-voz\/#respond\"]}]},{\"@type\":\"WebPage\",\"@id\":\"https:\/\/madeinzaragoza.es\/blog\/profesionales-que-viven-de-su-voz\/\",\"url\":\"https:\/\/madeinzaragoza.es\/blog\/profesionales-que-viven-de-su-voz\/\",\"name\":\"Profesionales que viven de su voz - Made in Zaragoza\",\"isPartOf\":{\"@id\":\"https:\/\/madeinzaragoza.es\/blog\/#website\"},\"datePublished\":\"2023-05-06T11:27:00+00:00\",\"dateModified\":\"2023-05-10T16:17:22+00:00\",\"description\":\"Conoce a varios profesionales de Zaragoza que vives de su voz: actores de doblaje, cantantes, locutores de radio y televisi\u00f3n, actores...\",\"breadcrumb\":{\"@id\":\"https:\/\/madeinzaragoza.es\/blog\/profesionales-que-viven-de-su-voz\/#breadcrumb\"},\"inLanguage\":\"es\",\"potentialAction\":[{\"@type\":\"ReadAction\",\"target\":[\"https:\/\/madeinzaragoza.es\/blog\/profesionales-que-viven-de-su-voz\/\"]}]},{\"@type\":\"BreadcrumbList\",\"@id\":\"https:\/\/madeinzaragoza.es\/blog\/profesionales-que-viven-de-su-voz\/#breadcrumb\",\"itemListElement\":[{\"@type\":\"ListItem\",\"position\":1,\"name\":\"Portada\",\"item\":\"https:\/\/madeinzaragoza.es\/blog\/\"},{\"@type\":\"ListItem\",\"position\":2,\"name\":\"Profesionales que viven de su voz\"}]},{\"@type\":\"WebSite\",\"@id\":\"https:\/\/madeinzaragoza.es\/blog\/#website\",\"url\":\"https:\/\/madeinzaragoza.es\/blog\/\",\"name\":\"Made in Zaragoza\",\"description\":\"Blog de MadeinZGZ, Red de Econom\u00eda Creativa de Zaragoza\",\"publisher\":{\"@id\":\"https:\/\/madeinzaragoza.es\/blog\/#organization\"},\"potentialAction\":[{\"@type\":\"SearchAction\",\"target\":{\"@type\":\"EntryPoint\",\"urlTemplate\":\"https:\/\/madeinzaragoza.es\/blog\/?s={search_term_string}\"},\"query-input\":\"required name=search_term_string\"}],\"inLanguage\":\"es\"},{\"@type\":\"Organization\",\"@id\":\"https:\/\/madeinzaragoza.es\/blog\/#organization\",\"name\":\"Made In Zaragoza\",\"url\":\"https:\/\/madeinzaragoza.es\/blog\/\",\"sameAs\":[\"https:\/\/www.instagram.com\/madeinzaragoza.es\/\",\"https:\/\/www.facebook.com\/madeinzaragoza.es\/\",\"https:\/\/twitter.com\/madeinzaragoza\"],\"logo\":{\"@type\":\"ImageObject\",\"inLanguage\":\"es\",\"@id\":\"https:\/\/madeinzaragoza.es\/blog\/#\/schema\/logo\/image\/\",\"url\":\"https:\/\/madeinzaragoza.es\/blog\/wp-content\/uploads\/2022\/05\/logo.png\",\"contentUrl\":\"https:\/\/madeinzaragoza.es\/blog\/wp-content\/uploads\/2022\/05\/logo.png\",\"width\":193,\"height\":176,\"caption\":\"Made In Zaragoza\"},\"image\":{\"@id\":\"https:\/\/madeinzaragoza.es\/blog\/#\/schema\/logo\/image\/\"}},{\"@type\":\"Person\",\"@id\":\"https:\/\/madeinzaragoza.es\/blog\/#\/schema\/person\/0472ffa4d02b212287f7a51b4b228c25\",\"name\":\"Alicia Pina\",\"image\":{\"@type\":\"ImageObject\",\"inLanguage\":\"es\",\"@id\":\"https:\/\/madeinzaragoza.es\/blog\/#\/schema\/person\/image\/\",\"url\":\"http:\/\/0.gravatar.com\/avatar\/c3cb732314cdbf686670723d427115e2?s=96&d=mm&r=g\",\"contentUrl\":\"http:\/\/0.gravatar.com\/avatar\/c3cb732314cdbf686670723d427115e2?s=96&d=mm&r=g\",\"caption\":\"Alicia Pina\"},\"description\":\"Periodista por vocaci\u00f3n. Trabaj\u00e9 durante muchos a\u00f1os en diferentes radios locales, aunque siempre me apasion\u00f3 el mundo del dise\u00f1o. Ahora mi mayor hobbie es mi trabajo y creo regalos personalizados en ailoviu.net, un trabajo que me permite disfrutar tambi\u00e9n de mi gran pasi\u00f3n, mi hija. Adem\u00e1s de escribir en varios blogs. \u00bfTe gustar\u00eda conocer m\u00e1s sobre la ciudad a trav\u00e9s de mis textos en Made in Zaragoza? Entonces, qu\u00e9date por aqu\u00ed\u2026\",\"url\":\"http:\/\/madeinzaragoza.es\/blog\/author\/aliciabarcelona\/\"}]}<\/script>\n<!-- \/ Yoast SEO plugin. -->","yoast_head_json":{"title":"Profesionales que viven de su voz - Made in Zaragoza","description":"Conoce a varios profesionales de Zaragoza que vives de su voz: actores de doblaje, cantantes, locutores de radio y televisi\u00f3n, actores...","robots":{"index":"index","follow":"follow","max-snippet":"max-snippet:-1","max-image-preview":"max-image-preview:large","max-video-preview":"max-video-preview:-1"},"canonical":"https:\/\/madeinzaragoza.es\/blog\/profesionales-que-viven-de-su-voz\/","og_locale":"es_ES","og_type":"article","og_title":"Profesionales que viven de su voz - Made in Zaragoza","og_description":"Conoce a varios profesionales de Zaragoza que vives de su voz: actores de doblaje, cantantes, locutores de radio y televisi\u00f3n, actores...","og_url":"https:\/\/madeinzaragoza.es\/blog\/profesionales-que-viven-de-su-voz\/","og_site_name":"Made in Zaragoza","article_publisher":"https:\/\/www.facebook.com\/madeinzaragoza.es\/","article_published_time":"2023-05-06T11:27:00+00:00","article_modified_time":"2023-05-10T16:17:22+00:00","og_image":[{"width":2560,"height":1707,"url":"https:\/\/madeinzaragoza.es\/blog\/wp-content\/uploads\/2023\/05\/voz-scaled.jpg","type":"image\/jpeg"}],"author":"Alicia Pina","twitter_card":"summary","twitter_creator":"@madeinzaragoza","twitter_site":"@madeinzaragoza","twitter_misc":{"Escrito por":"Alicia Pina","Tiempo de lectura":"6 minutos"},"schema":{"@context":"https:\/\/schema.org","@graph":[{"@type":"Article","@id":"https:\/\/madeinzaragoza.es\/blog\/profesionales-que-viven-de-su-voz\/#article","isPartOf":{"@id":"https:\/\/madeinzaragoza.es\/blog\/profesionales-que-viven-de-su-voz\/"},"author":{"name":"Alicia Pina","@id":"https:\/\/madeinzaragoza.es\/blog\/#\/schema\/person\/0472ffa4d02b212287f7a51b4b228c25"},"headline":"Profesionales que viven de su voz","datePublished":"2023-05-06T11:27:00+00:00","dateModified":"2023-05-10T16:17:22+00:00","mainEntityOfPage":{"@id":"https:\/\/madeinzaragoza.es\/blog\/profesionales-que-viven-de-su-voz\/"},"wordCount":950,"commentCount":0,"publisher":{"@id":"https:\/\/madeinzaragoza.es\/blog\/#organization"},"keywords":["actor de doblaje","cantante","doblaje","Locutor"],"articleSection":["Gente"],"inLanguage":"es","potentialAction":[{"@type":"CommentAction","name":"Comment","target":["https:\/\/madeinzaragoza.es\/blog\/profesionales-que-viven-de-su-voz\/#respond"]}]},{"@type":"WebPage","@id":"https:\/\/madeinzaragoza.es\/blog\/profesionales-que-viven-de-su-voz\/","url":"https:\/\/madeinzaragoza.es\/blog\/profesionales-que-viven-de-su-voz\/","name":"Profesionales que viven de su voz - Made in Zaragoza","isPartOf":{"@id":"https:\/\/madeinzaragoza.es\/blog\/#website"},"datePublished":"2023-05-06T11:27:00+00:00","dateModified":"2023-05-10T16:17:22+00:00","description":"Conoce a varios profesionales de Zaragoza que vives de su voz: actores de doblaje, cantantes, locutores de radio y televisi\u00f3n, actores...","breadcrumb":{"@id":"https:\/\/madeinzaragoza.es\/blog\/profesionales-que-viven-de-su-voz\/#breadcrumb"},"inLanguage":"es","potentialAction":[{"@type":"ReadAction","target":["https:\/\/madeinzaragoza.es\/blog\/profesionales-que-viven-de-su-voz\/"]}]},{"@type":"BreadcrumbList","@id":"https:\/\/madeinzaragoza.es\/blog\/profesionales-que-viven-de-su-voz\/#breadcrumb","itemListElement":[{"@type":"ListItem","position":1,"name":"Portada","item":"https:\/\/madeinzaragoza.es\/blog\/"},{"@type":"ListItem","position":2,"name":"Profesionales que viven de su voz"}]},{"@type":"WebSite","@id":"https:\/\/madeinzaragoza.es\/blog\/#website","url":"https:\/\/madeinzaragoza.es\/blog\/","name":"Made in Zaragoza","description":"Blog de MadeinZGZ, Red de Econom\u00eda Creativa de Zaragoza","publisher":{"@id":"https:\/\/madeinzaragoza.es\/blog\/#organization"},"potentialAction":[{"@type":"SearchAction","target":{"@type":"EntryPoint","urlTemplate":"https:\/\/madeinzaragoza.es\/blog\/?s={search_term_string}"},"query-input":"required name=search_term_string"}],"inLanguage":"es"},{"@type":"Organization","@id":"https:\/\/madeinzaragoza.es\/blog\/#organization","name":"Made In Zaragoza","url":"https:\/\/madeinzaragoza.es\/blog\/","sameAs":["https:\/\/www.instagram.com\/madeinzaragoza.es\/","https:\/\/www.facebook.com\/madeinzaragoza.es\/","https:\/\/twitter.com\/madeinzaragoza"],"logo":{"@type":"ImageObject","inLanguage":"es","@id":"https:\/\/madeinzaragoza.es\/blog\/#\/schema\/logo\/image\/","url":"https:\/\/madeinzaragoza.es\/blog\/wp-content\/uploads\/2022\/05\/logo.png","contentUrl":"https:\/\/madeinzaragoza.es\/blog\/wp-content\/uploads\/2022\/05\/logo.png","width":193,"height":176,"caption":"Made In Zaragoza"},"image":{"@id":"https:\/\/madeinzaragoza.es\/blog\/#\/schema\/logo\/image\/"}},{"@type":"Person","@id":"https:\/\/madeinzaragoza.es\/blog\/#\/schema\/person\/0472ffa4d02b212287f7a51b4b228c25","name":"Alicia Pina","image":{"@type":"ImageObject","inLanguage":"es","@id":"https:\/\/madeinzaragoza.es\/blog\/#\/schema\/person\/image\/","url":"http:\/\/0.gravatar.com\/avatar\/c3cb732314cdbf686670723d427115e2?s=96&d=mm&r=g","contentUrl":"http:\/\/0.gravatar.com\/avatar\/c3cb732314cdbf686670723d427115e2?s=96&d=mm&r=g","caption":"Alicia Pina"},"description":"Periodista por vocaci\u00f3n. Trabaj\u00e9 durante muchos a\u00f1os en diferentes radios locales, aunque siempre me apasion\u00f3 el mundo del dise\u00f1o. Ahora mi mayor hobbie es mi trabajo y creo regalos personalizados en ailoviu.net, un trabajo que me permite disfrutar tambi\u00e9n de mi gran pasi\u00f3n, mi hija. Adem\u00e1s de escribir en varios blogs. \u00bfTe gustar\u00eda conocer m\u00e1s sobre la ciudad a trav\u00e9s de mis textos en Made in Zaragoza? Entonces, qu\u00e9date por aqu\u00ed\u2026","url":"http:\/\/madeinzaragoza.es\/blog\/author\/aliciabarcelona\/"}]}},"_links":{"self":[{"href":"http:\/\/madeinzaragoza.es\/blog\/wp-json\/wp\/v2\/posts\/38357"}],"collection":[{"href":"http:\/\/madeinzaragoza.es\/blog\/wp-json\/wp\/v2\/posts"}],"about":[{"href":"http:\/\/madeinzaragoza.es\/blog\/wp-json\/wp\/v2\/types\/post"}],"author":[{"embeddable":true,"href":"http:\/\/madeinzaragoza.es\/blog\/wp-json\/wp\/v2\/users\/77"}],"replies":[{"embeddable":true,"href":"http:\/\/madeinzaragoza.es\/blog\/wp-json\/wp\/v2\/comments?post=38357"}],"version-history":[{"count":7,"href":"http:\/\/madeinzaragoza.es\/blog\/wp-json\/wp\/v2\/posts\/38357\/revisions"}],"predecessor-version":[{"id":38424,"href":"http:\/\/madeinzaragoza.es\/blog\/wp-json\/wp\/v2\/posts\/38357\/revisions\/38424"}],"wp:featuredmedia":[{"embeddable":true,"href":"http:\/\/madeinzaragoza.es\/blog\/wp-json\/wp\/v2\/media\/38422"}],"wp:attachment":[{"href":"http:\/\/madeinzaragoza.es\/blog\/wp-json\/wp\/v2\/media?parent=38357"}],"wp:term":[{"taxonomy":"category","embeddable":true,"href":"http:\/\/madeinzaragoza.es\/blog\/wp-json\/wp\/v2\/categories?post=38357"},{"taxonomy":"post_tag","embeddable":true,"href":"http:\/\/madeinzaragoza.es\/blog\/wp-json\/wp\/v2\/tags?post=38357"}],"curies":[{"name":"wp","href":"https:\/\/api.w.org\/{rel}","templated":true}]}}