{"id":36579,"date":"2022-11-16T08:18:11","date_gmt":"2022-11-16T07:18:11","guid":{"rendered":"http:\/\/madeinzaragoza.es\/blog\/?p=36579"},"modified":"2022-11-16T14:57:32","modified_gmt":"2022-11-16T13:57:32","slug":"silvia-pradas-como-narrar-la-historia-de-los-ultimos-pastores-aragoneses-y-convertirla-en-un-exito-inesperado-inte","status":"publish","type":"post","link":"http:\/\/madeinzaragoza.es\/blog\/silvia-pradas-como-narrar-la-historia-de-los-ultimos-pastores-aragoneses-y-convertirla-en-un-exito-inesperado-inte\/","title":{"rendered":"Silvia Pradas: c\u00f3mo narrar la historia de los \u00faltimos pastores aragoneses y convertirla en un \u00e9xito inesperado"},"content":{"rendered":"\n<p><br>Hablamos con Silvia Pradas, directora de <a href=\"https:\/\/www.lasendadelpastor.com\/\" target=\"_blank\" rel=\"noreferrer noopener\">La Senda del pastor.<\/a> Un documental de direcci\u00f3n, producci\u00f3n y localizaci\u00f3n aragonesas que sigue recibiendo premios internacionales, uno tras otro, y cuyo prestigio y visualizaci\u00f3n no para de crecer en todo el mundo. Y como nos cuenta Silvia, \u201cesto es solo el principio\u201d, al final de la entrevista os contaremos porqu\u00e9\u2026<br><\/p>\n\n\n\n<figure class=\"wp-block-image size-large\"><img loading=\"lazy\" decoding=\"async\" width=\"1024\" height=\"681\" src=\"http:\/\/madeinzaragoza.es\/blog\/wp-content\/uploads\/2022\/11\/siliva-pradas-1024x681.jpg\" alt=\"\" class=\"wp-image-36574\" srcset=\"http:\/\/madeinzaragoza.es\/blog\/wp-content\/uploads\/2022\/11\/siliva-pradas-1024x681.jpg 1024w, http:\/\/madeinzaragoza.es\/blog\/wp-content\/uploads\/2022\/11\/siliva-pradas-450x299.jpg 450w, http:\/\/madeinzaragoza.es\/blog\/wp-content\/uploads\/2022\/11\/siliva-pradas-768x511.jpg 768w, http:\/\/madeinzaragoza.es\/blog\/wp-content\/uploads\/2022\/11\/siliva-pradas-1200x798.jpg 1200w, http:\/\/madeinzaragoza.es\/blog\/wp-content\/uploads\/2022\/11\/siliva-pradas.jpg 1440w\" sizes=\"(max-width: 709px) 85vw, (max-width: 909px) 67vw, (max-width: 1362px) 62vw, 840px\" \/><\/figure>\n\n\n\n<p><\/p>\n\n\n\n<h2 class=\"wp-block-heading\">Por qu\u00e9 hablar de pastores<br><\/h2>\n\n\n\n<p>Podemos pensar, y no ser\u00eda extra\u00f1o, que contar la historia de un oficio alejado del fren\u00e9tico carrusel urbano en la que todos giramos incapaces de bajarnos, situada en un entorno rural, en el que parece que no pasa nada, con personas de apariencia tranquila e intereses alejados de lo com\u00fan podr\u00eda ser\u2026 Aburrido. Pesado. Perfecto para una siesta. Vamos, el t\u00edpico documental sobre algo remoto, como el escarabajo pardo de Borneo, que solo pod\u00eda interesar unos cuantos locos, si es que existen, de las ovejas, del campo o\u2026 \u00bfdel pastoreo?<\/p>\n\n\n\n<p><br>Nuestra mentalidad gregaria urbanita a veces nos predispone en contra de escenarios tan cercanos en kil\u00f3metros, pero a la vez alejados de nuestra realidad, que no tienen ni siquiera el encanto de lo ex\u00f3tico.<br><\/p>\n\n\n\n<p>Sin embargo, Silvia tuvo un p\u00e1lpito muy claro: \u201cHace unos pocos a\u00f1os, cuando yo me dedicaba al rodaje y direcci\u00f3n de spots publicitarios, tuve la oportunidad de conocer a unos pastores de ovino. <strong>Me sorprendi\u00f3 como eran, el amor que sent\u00edan por una profesi\u00f3n que sab\u00edan iba a desaparecer\u201d.<br><\/strong><\/p>\n\n\n\n<figure class=\"wp-block-image size-large\"><img loading=\"lazy\" decoding=\"async\" width=\"1024\" height=\"429\" src=\"http:\/\/madeinzaragoza.es\/blog\/wp-content\/uploads\/2022\/11\/LA-SENDA-DEL-PASTOR_25FPS_STEREO-FULLMIX_20210131.00_57_04_22.Still005-1-1024x429.jpg\" alt=\"\" class=\"wp-image-36568\" srcset=\"http:\/\/madeinzaragoza.es\/blog\/wp-content\/uploads\/2022\/11\/LA-SENDA-DEL-PASTOR_25FPS_STEREO-FULLMIX_20210131.00_57_04_22.Still005-1-1024x429.jpg 1024w, http:\/\/madeinzaragoza.es\/blog\/wp-content\/uploads\/2022\/11\/LA-SENDA-DEL-PASTOR_25FPS_STEREO-FULLMIX_20210131.00_57_04_22.Still005-1-450x189.jpg 450w, http:\/\/madeinzaragoza.es\/blog\/wp-content\/uploads\/2022\/11\/LA-SENDA-DEL-PASTOR_25FPS_STEREO-FULLMIX_20210131.00_57_04_22.Still005-1-768x322.jpg 768w, http:\/\/madeinzaragoza.es\/blog\/wp-content\/uploads\/2022\/11\/LA-SENDA-DEL-PASTOR_25FPS_STEREO-FULLMIX_20210131.00_57_04_22.Still005-1-1536x644.jpg 1536w, http:\/\/madeinzaragoza.es\/blog\/wp-content\/uploads\/2022\/11\/LA-SENDA-DEL-PASTOR_25FPS_STEREO-FULLMIX_20210131.00_57_04_22.Still005-1-2048x858.jpg 2048w, http:\/\/madeinzaragoza.es\/blog\/wp-content\/uploads\/2022\/11\/LA-SENDA-DEL-PASTOR_25FPS_STEREO-FULLMIX_20210131.00_57_04_22.Still005-1-1200x503.jpg 1200w\" sizes=\"(max-width: 709px) 85vw, (max-width: 909px) 67vw, (max-width: 1362px) 62vw, 840px\" \/><\/figure>\n\n\n\n<blockquote class=\"wp-block-quote\"><p>Los pastores se han reducido en m\u00e1s de un 50% en Espa\u00f1a y en todo el mundo. Ocurre en todas partes igual, es un fen\u00f3meno global. Aspiramos a nuestro cachito en la sociedad del bienestar, a trabajar ocho horas y descansar, pero este oficio requiere trabajar todo el tiempo, no hay vacaciones ni fines de semana. Las ovejas tampoco los tienen.<br><\/p><\/blockquote>\n\n\n\n<p>\u201cMe fascin\u00f3 como era ese mundo que vi tan pr\u00f3ximo a su fin. Soy m\u00e1s de ciudad que un metro de asfalto y siempre he tenido una imagen buc\u00f3lica e infantil del campo y de los trabajos rurales.<br><\/p>\n\n\n\n<figure class=\"wp-block-image size-large\"><img loading=\"lazy\" decoding=\"async\" width=\"1024\" height=\"429\" src=\"http:\/\/madeinzaragoza.es\/blog\/wp-content\/uploads\/2022\/11\/LA-SENDA-DEL-PASTOR_25FPS_STEREO-FULLMIX_20210131.00_39_22_18.Still011-1024x429.jpg\" alt=\"\" class=\"wp-image-36567\" srcset=\"http:\/\/madeinzaragoza.es\/blog\/wp-content\/uploads\/2022\/11\/LA-SENDA-DEL-PASTOR_25FPS_STEREO-FULLMIX_20210131.00_39_22_18.Still011-1024x429.jpg 1024w, http:\/\/madeinzaragoza.es\/blog\/wp-content\/uploads\/2022\/11\/LA-SENDA-DEL-PASTOR_25FPS_STEREO-FULLMIX_20210131.00_39_22_18.Still011-450x189.jpg 450w, http:\/\/madeinzaragoza.es\/blog\/wp-content\/uploads\/2022\/11\/LA-SENDA-DEL-PASTOR_25FPS_STEREO-FULLMIX_20210131.00_39_22_18.Still011-768x322.jpg 768w, http:\/\/madeinzaragoza.es\/blog\/wp-content\/uploads\/2022\/11\/LA-SENDA-DEL-PASTOR_25FPS_STEREO-FULLMIX_20210131.00_39_22_18.Still011-1536x644.jpg 1536w, http:\/\/madeinzaragoza.es\/blog\/wp-content\/uploads\/2022\/11\/LA-SENDA-DEL-PASTOR_25FPS_STEREO-FULLMIX_20210131.00_39_22_18.Still011-2048x858.jpg 2048w, http:\/\/madeinzaragoza.es\/blog\/wp-content\/uploads\/2022\/11\/LA-SENDA-DEL-PASTOR_25FPS_STEREO-FULLMIX_20210131.00_39_22_18.Still011-1200x503.jpg 1200w\" sizes=\"(max-width: 709px) 85vw, (max-width: 909px) 67vw, (max-width: 1362px) 62vw, 840px\" \/><\/figure>\n\n\n\n<p>Confieso que no tengo pueblo. Para m\u00ed, lo que rodea al campo y los pueblos tiene el encanto de lo extra\u00f1o. Pero soy curiosa por naturaleza, as\u00ed que pens\u00e9 que hab\u00eda mucho que contar y que m\u00e1s adelante pod\u00eda encontrar el momento y la forma de hacerlo\u00bb.<\/p>\n\n\n\n<h2 class=\"wp-block-heading\">Estudiar y dirigir cine por una zaragozana<br><\/h2>\n\n\n\n<p>Pero primero echemos la vista, Silvia Pradas, con su socio Javier Llover\u00eda, fund\u00f3 una productora en 2015, \u201cyo ten\u00eda solo 25 a\u00f1os y me lanc\u00e9 a la piscina. Hab\u00edamos empezado en publicidad, hay que gente que la ve como la hermana fea de la direcci\u00f3n, pero a m\u00ed me ha ensa\u00f1ado a ser muy r\u00e1pida y h\u00e1bil, conocer bien al cliente y saber tratar con un intermediario, como una agencia. Tienes que empatizar con lo que quieren. Hacer la publicidad fue como hacer la mili, \u00a1puro aprendizaje!<\/p>\n\n\n\n<figure class=\"wp-block-image size-large\"><img loading=\"lazy\" decoding=\"async\" width=\"1024\" height=\"724\" src=\"http:\/\/madeinzaragoza.es\/blog\/wp-content\/uploads\/2022\/11\/directora_01-silvia-pradas-1024x724.jpg\" alt=\"\" class=\"wp-image-36576\" srcset=\"http:\/\/madeinzaragoza.es\/blog\/wp-content\/uploads\/2022\/11\/directora_01-silvia-pradas-1024x724.jpg 1024w, http:\/\/madeinzaragoza.es\/blog\/wp-content\/uploads\/2022\/11\/directora_01-silvia-pradas-450x318.jpg 450w, http:\/\/madeinzaragoza.es\/blog\/wp-content\/uploads\/2022\/11\/directora_01-silvia-pradas-768x543.jpg 768w, http:\/\/madeinzaragoza.es\/blog\/wp-content\/uploads\/2022\/11\/directora_01-silvia-pradas-1536x1086.jpg 1536w, http:\/\/madeinzaragoza.es\/blog\/wp-content\/uploads\/2022\/11\/directora_01-silvia-pradas-2048x1448.jpg 2048w, http:\/\/madeinzaragoza.es\/blog\/wp-content\/uploads\/2022\/11\/directora_01-silvia-pradas-1200x848.jpg 1200w\" sizes=\"(max-width: 709px) 85vw, (max-width: 909px) 67vw, (max-width: 1362px) 62vw, 840px\" \/><\/figure>\n\n\n\n<p><br>Estudi\u00e9 el bachillerato art\u00edstico en la Escuela de Artes, vengo de la pintura, aunque siempre quise hacer cine. Pusieron en Zaragoza la carrera de Comunicaci\u00f3n Audiovisual y estudi\u00e1ndola sent\u00ed que tocaba muchos palos, pero no me especializaba en ninguno y no ten\u00eda los conocimientos necesarios para ser directora de cine. Porque yo quer\u00eda ser \u201cdirector de cine\u201d, crec\u00ed con los 90, con Spielberg, Lucas y compa\u00f1\u00eda y no ten\u00eda muchos referentes femeninos. As\u00ed que estudi\u00e9 en Barcelona la especializaci\u00f3n en direcci\u00f3n de cine, y comenc\u00e9 a hacer cortos. Aprend\u00ed mucho con la pr\u00e1ctica, porque el cine es un oficio muy pr\u00e1ctico. Est\u00e1 muy bien leer y pel\u00edculas, pero luego te tienes que poner a hacerlas.<br>Ya con mi socio estuvimos trabajando entre Madrid y Barcelona, aprendiendo mucho pero tambi\u00e9n quem\u00e1ndonos un poco por como se hac\u00edan las cosas all\u00ed, y pensamos que pod\u00edamos hacer las cosas de forma diferente en Zaragoza.<\/p>\n\n\n\n<p><br>Para m\u00ed, la figura del productor es fundamental, es el cimiento de la casa, si no hay, se hunde un proyecto. As\u00ed que yo me ocupo de la parte creativa y \u00e9l es mi socio y pareja. La verdad es que hemos hecho un viaje juntos, vital y profesional.\u00bb<\/p>\n\n\n\n<h2 class=\"wp-block-heading\"><br>Nace La senda del pastor<br><\/h2>\n\n\n\n<p>A mediados del 2018, vieron que hab\u00eda oportunidad para retomar el proyecto de los pastores. Fue fundamental la colaboraci\u00f3n de Enrique Fantova, veterinario que conoce a todos los pastores de Arag\u00f3n y zonas colindantes. \u201cAl principio, nuestra idea era hacer algo de inter\u00e9s etnogr\u00e1fico, hablar del manejo de las ovejas, del oficio\u2026 <strong>Pero cuando me puse en contacto con los diversos pastores, mi visi\u00f3n cambi\u00f3<\/strong>. Me fascinaron, cada uno con sus caracter\u00edsticas especiales y enseguida pens\u00e9 en hacerlo m\u00e1s social. Hablar de una forma de vida\u201d.<\/p>\n\n\n\n<figure class=\"wp-block-image size-large\"><img loading=\"lazy\" decoding=\"async\" width=\"1024\" height=\"429\" src=\"http:\/\/madeinzaragoza.es\/blog\/wp-content\/uploads\/2022\/11\/LA-SENDA-DEL-PASTOR_25FPS_STEREO-FULLMIX_20210131.00_25_31_09.Still002-1024x429.jpg\" alt=\"\" class=\"wp-image-36565\" srcset=\"http:\/\/madeinzaragoza.es\/blog\/wp-content\/uploads\/2022\/11\/LA-SENDA-DEL-PASTOR_25FPS_STEREO-FULLMIX_20210131.00_25_31_09.Still002-1024x429.jpg 1024w, http:\/\/madeinzaragoza.es\/blog\/wp-content\/uploads\/2022\/11\/LA-SENDA-DEL-PASTOR_25FPS_STEREO-FULLMIX_20210131.00_25_31_09.Still002-450x189.jpg 450w, http:\/\/madeinzaragoza.es\/blog\/wp-content\/uploads\/2022\/11\/LA-SENDA-DEL-PASTOR_25FPS_STEREO-FULLMIX_20210131.00_25_31_09.Still002-768x322.jpg 768w, http:\/\/madeinzaragoza.es\/blog\/wp-content\/uploads\/2022\/11\/LA-SENDA-DEL-PASTOR_25FPS_STEREO-FULLMIX_20210131.00_25_31_09.Still002-1536x644.jpg 1536w, http:\/\/madeinzaragoza.es\/blog\/wp-content\/uploads\/2022\/11\/LA-SENDA-DEL-PASTOR_25FPS_STEREO-FULLMIX_20210131.00_25_31_09.Still002-2048x858.jpg 2048w, http:\/\/madeinzaragoza.es\/blog\/wp-content\/uploads\/2022\/11\/LA-SENDA-DEL-PASTOR_25FPS_STEREO-FULLMIX_20210131.00_25_31_09.Still002-1200x503.jpg 1200w\" sizes=\"(max-width: 709px) 85vw, (max-width: 909px) 67vw, (max-width: 1362px) 62vw, 840px\" \/><\/figure>\n\n\n\n<blockquote class=\"wp-block-quote\"><p><br>Tuvimos que hacer un \u201ccasting de pastores\u201d, buscando el contraste y el abanico generacional.<\/p><\/blockquote>\n\n\n\n<p><br>Siempre quise que ellos fueran los que contaran sus historias, hacerlos protagonistas. Quer\u00eda romper con la visi\u00f3n negativa del pastor, se dice en los pueblos que el que no vale, para pastor. Y ellos mismos dicen que \u201cno sabemos hablar\u201d, pero yo creo que lo que no saben es callar, porque tienen mucho que compartir y les gusta hacerlo\u00bb.<br>Tuvieron la suerte de localizar a dos mujeres j\u00f3venes, las dos tienen estudios superiores. Han vivido fuera y se ha planteado el volver al pueblo y al campo. Y eso era lo que le interesaba contar a Silvia. <\/p>\n\n\n\n<p>Rodaron en 2019 y 2020, filmando d\u00eda a d\u00eda, la evoluci\u00f3n de sus vidas en ese a\u00f1o. Y tuvieron la oportunidad de asistir a un relevo generacional porque un pastor se jubilaba y una de las pastoras ten\u00eda un ni\u00f1o.<\/p>\n\n\n\n<h2 class=\"wp-block-heading\"><br>Y lleg\u00f3 el \u00e9xito: los pastores que nos emocionan<br><\/h2>\n\n\n\n<p>La senda del pastor es un documental, pero desde el montaje se ha intentado dar un formato que recuerde a una pel\u00edcula. Tiene momentos emotivos, de risas y l\u00e1grimas, \u00abme he encontrado con gente llorando despu\u00e9s de verlo, porque le hab\u00eda tocado la fibra. Incluso han llegado a darme las gracias por haber hecho este documental.<br>Este documental me est\u00e1 dando muchas alegr\u00edas inesperadas\u00bb \u2013 echad un vistazo al palmar\u00e9s de premios porque es impresionante-. \u201cAdem\u00e1s, est\u00e1 llegando al extranjero, porque est\u00e1 es una profesi\u00f3n que existe en todo el mundo. Se ha podido ver en aljeezera , \u00ab\u00a1escuchar a mis pastores en \u00e1rabe me hizo explotar la cabeza!\u00bb \u2013 r\u00ede Silvia. Tambi\u00e9n se podr\u00e1 ver en el canal Arte en Francia y Alemania, adem\u00e1s de ser incluida por el Instituto Cervantes en su <a href=\"https:\/\/anotherwayff.com\/muestra\/1\/\">programa.<\/a><\/p>\n\n\n\n<figure class=\"wp-block-image size-large\"><img loading=\"lazy\" decoding=\"async\" width=\"1024\" height=\"429\" src=\"http:\/\/madeinzaragoza.es\/blog\/wp-content\/uploads\/2022\/11\/LA-SENDA-DEL-PASTOR_25FPS_STEREO-FULLMIX_20210131.00_59_34_08.Still004-1024x429.jpg\" alt=\"\" class=\"wp-image-36571\" srcset=\"http:\/\/madeinzaragoza.es\/blog\/wp-content\/uploads\/2022\/11\/LA-SENDA-DEL-PASTOR_25FPS_STEREO-FULLMIX_20210131.00_59_34_08.Still004-1024x429.jpg 1024w, http:\/\/madeinzaragoza.es\/blog\/wp-content\/uploads\/2022\/11\/LA-SENDA-DEL-PASTOR_25FPS_STEREO-FULLMIX_20210131.00_59_34_08.Still004-450x189.jpg 450w, http:\/\/madeinzaragoza.es\/blog\/wp-content\/uploads\/2022\/11\/LA-SENDA-DEL-PASTOR_25FPS_STEREO-FULLMIX_20210131.00_59_34_08.Still004-768x322.jpg 768w, http:\/\/madeinzaragoza.es\/blog\/wp-content\/uploads\/2022\/11\/LA-SENDA-DEL-PASTOR_25FPS_STEREO-FULLMIX_20210131.00_59_34_08.Still004-1536x644.jpg 1536w, http:\/\/madeinzaragoza.es\/blog\/wp-content\/uploads\/2022\/11\/LA-SENDA-DEL-PASTOR_25FPS_STEREO-FULLMIX_20210131.00_59_34_08.Still004-2048x858.jpg 2048w, http:\/\/madeinzaragoza.es\/blog\/wp-content\/uploads\/2022\/11\/LA-SENDA-DEL-PASTOR_25FPS_STEREO-FULLMIX_20210131.00_59_34_08.Still004-1200x503.jpg 1200w\" sizes=\"(max-width: 709px) 85vw, (max-width: 909px) 67vw, (max-width: 1362px) 62vw, 840px\" \/><\/figure>\n\n\n\n<h2 class=\"wp-block-heading\">Estrena La senda del pastor en tu pueblo<\/h2>\n\n\n\n<p><br>Para los curiosos e inquietos os dejamos una oportunidad \u00fanica de disfrutar de un cine diferente: \u201c<strong>Realizamos el pase de la pel\u00edcula como si de un estreno se tratase.<\/strong> Con presencia de la directora de la pel\u00edcula, miembros del equipo, y luego hacemos coloquio. Podemos montar photocall con realidad aumentada, alfombra roja, exposici\u00f3n fotogr\u00e1fica sobre el pastoreo\u2026<\/p>\n\n\n\n<p><br>Con este Ciclo de Proximidad, que pod\u00e9is solicitarlo a trav\u00e9s de su web, quieren acercar al mundo rural la pel\u00edcula para dar valor a la labor del pastor y de las personas que viven en los pueblos.<br>\u201cEste el ciclo de los pueblos est\u00e1 siendo otro \u00e9xito muy entra\u00f1able. La gente te da opiniones muy sinceras, no hemos tenido cr\u00edticas negativas. La primera proyecci\u00f3n fue en Ainsa y las reacciones fueron buenas, me sent\u00ed muy acogida. Y hemos hecho casi 30 pueblos a lo largo del verano.<br><strong>No somos conscientes de que la gente del campo hace posible que podamos llevar la vida que llevamos, comer lo que comemos\u2026 <\/strong>Esta gente hace un trabajo encomiable que damos por sentado\u2026<\/p>\n\n\n\n<figure class=\"wp-block-image size-large\"><img loading=\"lazy\" decoding=\"async\" width=\"1024\" height=\"709\" src=\"http:\/\/madeinzaragoza.es\/blog\/wp-content\/uploads\/2022\/11\/La-senda-del-pastor_100-64-1024x709.jpg\" alt=\"\" class=\"wp-image-36573\" srcset=\"http:\/\/madeinzaragoza.es\/blog\/wp-content\/uploads\/2022\/11\/La-senda-del-pastor_100-64-1024x709.jpg 1024w, http:\/\/madeinzaragoza.es\/blog\/wp-content\/uploads\/2022\/11\/La-senda-del-pastor_100-64-450x312.jpg 450w, http:\/\/madeinzaragoza.es\/blog\/wp-content\/uploads\/2022\/11\/La-senda-del-pastor_100-64-768x532.jpg 768w, http:\/\/madeinzaragoza.es\/blog\/wp-content\/uploads\/2022\/11\/La-senda-del-pastor_100-64-1536x1063.jpg 1536w, http:\/\/madeinzaragoza.es\/blog\/wp-content\/uploads\/2022\/11\/La-senda-del-pastor_100-64-1200x831.jpg 1200w, http:\/\/madeinzaragoza.es\/blog\/wp-content\/uploads\/2022\/11\/La-senda-del-pastor_100-64.jpg 1800w\" sizes=\"(max-width: 709px) 85vw, (max-width: 909px) 67vw, (max-width: 1362px) 62vw, 840px\" \/><\/figure>\n\n\n\n<h2 class=\"wp-block-heading\"><br>Exclusiva para <a href=\"https:\/\/madeinzaragoza.es\/quienes-somos\/made-in-zaragoza.php\">Made in Zaragoza<\/a><br><\/h2>\n\n\n\n<p>Silvia me anuncia al final de la entrevista que esto no se va a quedar as\u00ed, porque <strong>\u00a1va a haber una pel\u00edcula de La senda del Pastor!<\/strong><br>Nada menos que la guionista y escritora \u00c1ngeles Gonz\u00e1lez Sinde va a escribir el <a href=\"https:\/\/es.wikipedia.org\/wiki\/%C3%81ngeles_Gonz%C3%A1lez-Sinde\" target=\"_blank\" rel=\"noreferrer noopener\">guion de la pel\u00edcula<\/a>. Fue la misma \u00c1ngeles la que se ofreci\u00f3 a colaborar con Silvia, <a href=\"http:\/\/festivalecozine.es\/ecozine-2022\/202\/\">tras ver su peli<\/a> en EcoZine.<br>Se conocieron, se entendieron y la guionista se lo propuso, \u00abme dijo, si tienes alg\u00fan proyecto, ll\u00e1mame. As\u00ed que le propuse ficcionar la vida de uno de los protagonistas del documental.<\/p>\n\n\n\n<p><br>Queremos hablar de muchas cosas, de la vuelta al mundo rural, de la mujer en el campo, que ha estado a la sombra siempre, de vivir de acuerdo a una vocaci\u00f3n, ser capaz de vivir en libertad de acuerdo a tus ideales\u2026 Porque ahora mismo, el oficio de pastor es pura vocaci\u00f3n, tienes que lucharlo\u00bb, dice Silvia.<\/p>\n\n\n\n<p>Esperamos con impaciencia la pel\u00edcula.<\/p>\n\n\n\n<figure class=\"wp-block-image size-large\"><img loading=\"lazy\" decoding=\"async\" width=\"1024\" height=\"429\" src=\"http:\/\/madeinzaragoza.es\/blog\/wp-content\/uploads\/2022\/11\/LA-SENDA-DEL-PASTOR_25FPS_STEREO-FULLMIX_20210131.00_37_42_20.Still013-1024x429.jpg\" alt=\"\" class=\"wp-image-36566\" srcset=\"http:\/\/madeinzaragoza.es\/blog\/wp-content\/uploads\/2022\/11\/LA-SENDA-DEL-PASTOR_25FPS_STEREO-FULLMIX_20210131.00_37_42_20.Still013-1024x429.jpg 1024w, http:\/\/madeinzaragoza.es\/blog\/wp-content\/uploads\/2022\/11\/LA-SENDA-DEL-PASTOR_25FPS_STEREO-FULLMIX_20210131.00_37_42_20.Still013-450x189.jpg 450w, http:\/\/madeinzaragoza.es\/blog\/wp-content\/uploads\/2022\/11\/LA-SENDA-DEL-PASTOR_25FPS_STEREO-FULLMIX_20210131.00_37_42_20.Still013-768x322.jpg 768w, http:\/\/madeinzaragoza.es\/blog\/wp-content\/uploads\/2022\/11\/LA-SENDA-DEL-PASTOR_25FPS_STEREO-FULLMIX_20210131.00_37_42_20.Still013-1536x644.jpg 1536w, http:\/\/madeinzaragoza.es\/blog\/wp-content\/uploads\/2022\/11\/LA-SENDA-DEL-PASTOR_25FPS_STEREO-FULLMIX_20210131.00_37_42_20.Still013-2048x858.jpg 2048w, http:\/\/madeinzaragoza.es\/blog\/wp-content\/uploads\/2022\/11\/LA-SENDA-DEL-PASTOR_25FPS_STEREO-FULLMIX_20210131.00_37_42_20.Still013-1200x503.jpg 1200w\" sizes=\"(max-width: 709px) 85vw, (max-width: 909px) 67vw, (max-width: 1362px) 62vw, 840px\" \/><\/figure>\n","protected":false},"excerpt":{"rendered":"<p>Hablamos con Silvia Pradas, directora de La Senda del pastor. Un documental de direcci\u00f3n, producci\u00f3n y localizaci\u00f3n aragonesas que sigue recibiendo premios internacionales, uno tras otro, y cuyo prestigio y visualizaci\u00f3n no para de crecer en todo el mundo. Y como nos cuenta Silvia, \u201cesto es solo el principio\u201d, al final de la entrevista os &hellip; <a href=\"http:\/\/madeinzaragoza.es\/blog\/silvia-pradas-como-narrar-la-historia-de-los-ultimos-pastores-aragoneses-y-convertirla-en-un-exito-inesperado-inte\/\" class=\"more-link\">Continuar leyendo<span class=\"screen-reader-text\"> \u00abSilvia Pradas: c\u00f3mo narrar la historia de los \u00faltimos pastores aragoneses y convertirla en un \u00e9xito inesperado\u00bb<\/span><\/a><\/p>\n","protected":false},"author":66,"featured_media":36575,"comment_status":"open","ping_status":"open","sticky":false,"template":"","format":"standard","meta":{"footnotes":""},"categories":[829,6,1],"tags":[1377,2189,2384,2464],"yoast_head":"<!-- This site is optimized with the Yoast SEO plugin v19.7.2 - https:\/\/yoast.com\/wordpress\/plugins\/seo\/ -->\n<title>Silvia Pradas: c\u00f3mo narrar la historia de los \u00faltimos pastores aragoneses y convertirla en un \u00e9xito inesperado - Made in Zaragoza<\/title>\n<meta name=\"description\" content=\"Descubre el \u00e9xito m\u00e1s inesperado del cine aragon\u00e9s: el documental La Senda del Pastor, de direcci\u00f3n, producci\u00f3n y localizaci\u00f3n aragonesa\" \/>\n<meta name=\"robots\" content=\"index, follow, max-snippet:-1, max-image-preview:large, max-video-preview:-1\" \/>\n<link rel=\"canonical\" href=\"http:\/\/madeinzaragoza.es\/blog\/silvia-pradas-como-narrar-la-historia-de-los-ultimos-pastores-aragoneses-y-convertirla-en-un-exito-inesperado-inte\/\" \/>\n<meta property=\"og:locale\" content=\"es_ES\" \/>\n<meta property=\"og:type\" content=\"article\" \/>\n<meta property=\"og:title\" content=\"Silvia Pradas: c\u00f3mo narrar la historia de los \u00faltimos pastores aragoneses y convertirla en un \u00e9xito inesperado - Made in Zaragoza\" \/>\n<meta property=\"og:description\" content=\"Descubre el \u00e9xito m\u00e1s inesperado del cine aragon\u00e9s: el documental La Senda del Pastor, de direcci\u00f3n, producci\u00f3n y localizaci\u00f3n aragonesa\" \/>\n<meta property=\"og:url\" content=\"http:\/\/madeinzaragoza.es\/blog\/silvia-pradas-como-narrar-la-historia-de-los-ultimos-pastores-aragoneses-y-convertirla-en-un-exito-inesperado-inte\/\" \/>\n<meta property=\"og:site_name\" content=\"Made in Zaragoza\" \/>\n<meta property=\"article:publisher\" content=\"https:\/\/www.facebook.com\/madeinzaragoza.es\/\" \/>\n<meta property=\"article:published_time\" content=\"2022-11-16T07:18:11+00:00\" \/>\n<meta property=\"article:modified_time\" content=\"2022-11-16T13:57:32+00:00\" \/>\n<meta property=\"og:image\" content=\"http:\/\/madeinzaragoza.es\/blog\/wp-content\/uploads\/2022\/11\/direcora_02-silvia-pradas-scaled.jpg\" \/>\n\t<meta property=\"og:image:width\" content=\"2560\" \/>\n\t<meta property=\"og:image:height\" content=\"1810\" \/>\n\t<meta property=\"og:image:type\" content=\"image\/jpeg\" \/>\n<meta name=\"author\" content=\"Cristina Castejon\" \/>\n<meta name=\"twitter:card\" content=\"summary\" \/>\n<meta name=\"twitter:creator\" content=\"@cdecontar\" \/>\n<meta name=\"twitter:site\" content=\"@madeinzaragoza\" \/>\n<meta name=\"twitter:label1\" content=\"Escrito por\" \/>\n\t<meta name=\"twitter:data1\" content=\"Cristina Castejon\" \/>\n\t<meta name=\"twitter:label2\" content=\"Tiempo de lectura\" \/>\n\t<meta name=\"twitter:data2\" content=\"9 minutos\" \/>\n<script type=\"application\/ld+json\" class=\"yoast-schema-graph\">{\"@context\":\"https:\/\/schema.org\",\"@graph\":[{\"@type\":\"Article\",\"@id\":\"http:\/\/madeinzaragoza.es\/blog\/silvia-pradas-como-narrar-la-historia-de-los-ultimos-pastores-aragoneses-y-convertirla-en-un-exito-inesperado-inte\/#article\",\"isPartOf\":{\"@id\":\"http:\/\/madeinzaragoza.es\/blog\/silvia-pradas-como-narrar-la-historia-de-los-ultimos-pastores-aragoneses-y-convertirla-en-un-exito-inesperado-inte\/\"},\"author\":{\"name\":\"Cristina Castejon\",\"@id\":\"https:\/\/madeinzaragoza.es\/blog\/#\/schema\/person\/f6a3e33e7bb103b00b0f9321931cc3ea\"},\"headline\":\"Silvia Pradas: c\u00f3mo narrar la historia de los \u00faltimos pastores aragoneses y convertirla en un \u00e9xito inesperado\",\"datePublished\":\"2022-11-16T07:18:11+00:00\",\"dateModified\":\"2022-11-16T13:57:32+00:00\",\"mainEntityOfPage\":{\"@id\":\"http:\/\/madeinzaragoza.es\/blog\/silvia-pradas-como-narrar-la-historia-de-los-ultimos-pastores-aragoneses-y-convertirla-en-un-exito-inesperado-inte\/\"},\"wordCount\":1512,\"commentCount\":1,\"publisher\":{\"@id\":\"https:\/\/madeinzaragoza.es\/blog\/#organization\"},\"keywords\":[\"Cine aragon\u00e9s\",\"Cine en Zaragoza\",\"Cine realizado por mujeres\",\"Directores de cine\"],\"articleSection\":[\"Cultura\",\"Gente\",\"Tendencias\"],\"inLanguage\":\"es\",\"potentialAction\":[{\"@type\":\"CommentAction\",\"name\":\"Comment\",\"target\":[\"http:\/\/madeinzaragoza.es\/blog\/silvia-pradas-como-narrar-la-historia-de-los-ultimos-pastores-aragoneses-y-convertirla-en-un-exito-inesperado-inte\/#respond\"]}]},{\"@type\":\"WebPage\",\"@id\":\"http:\/\/madeinzaragoza.es\/blog\/silvia-pradas-como-narrar-la-historia-de-los-ultimos-pastores-aragoneses-y-convertirla-en-un-exito-inesperado-inte\/\",\"url\":\"http:\/\/madeinzaragoza.es\/blog\/silvia-pradas-como-narrar-la-historia-de-los-ultimos-pastores-aragoneses-y-convertirla-en-un-exito-inesperado-inte\/\",\"name\":\"Silvia Pradas: c\u00f3mo narrar la historia de los \u00faltimos pastores aragoneses y convertirla en un \u00e9xito inesperado - Made in Zaragoza\",\"isPartOf\":{\"@id\":\"https:\/\/madeinzaragoza.es\/blog\/#website\"},\"datePublished\":\"2022-11-16T07:18:11+00:00\",\"dateModified\":\"2022-11-16T13:57:32+00:00\",\"description\":\"Descubre el \u00e9xito m\u00e1s inesperado del cine aragon\u00e9s: el documental La Senda del Pastor, de direcci\u00f3n, producci\u00f3n y localizaci\u00f3n aragonesa\",\"breadcrumb\":{\"@id\":\"http:\/\/madeinzaragoza.es\/blog\/silvia-pradas-como-narrar-la-historia-de-los-ultimos-pastores-aragoneses-y-convertirla-en-un-exito-inesperado-inte\/#breadcrumb\"},\"inLanguage\":\"es\",\"potentialAction\":[{\"@type\":\"ReadAction\",\"target\":[\"http:\/\/madeinzaragoza.es\/blog\/silvia-pradas-como-narrar-la-historia-de-los-ultimos-pastores-aragoneses-y-convertirla-en-un-exito-inesperado-inte\/\"]}]},{\"@type\":\"BreadcrumbList\",\"@id\":\"http:\/\/madeinzaragoza.es\/blog\/silvia-pradas-como-narrar-la-historia-de-los-ultimos-pastores-aragoneses-y-convertirla-en-un-exito-inesperado-inte\/#breadcrumb\",\"itemListElement\":[{\"@type\":\"ListItem\",\"position\":1,\"name\":\"Portada\",\"item\":\"https:\/\/madeinzaragoza.es\/blog\/\"},{\"@type\":\"ListItem\",\"position\":2,\"name\":\"Silvia Pradas: c\u00f3mo narrar la historia de los \u00faltimos pastores aragoneses y convertirla en un \u00e9xito inesperado\"}]},{\"@type\":\"WebSite\",\"@id\":\"https:\/\/madeinzaragoza.es\/blog\/#website\",\"url\":\"https:\/\/madeinzaragoza.es\/blog\/\",\"name\":\"Made in Zaragoza\",\"description\":\"Blog de MadeinZGZ, Red de Econom\u00eda Creativa de Zaragoza\",\"publisher\":{\"@id\":\"https:\/\/madeinzaragoza.es\/blog\/#organization\"},\"potentialAction\":[{\"@type\":\"SearchAction\",\"target\":{\"@type\":\"EntryPoint\",\"urlTemplate\":\"https:\/\/madeinzaragoza.es\/blog\/?s={search_term_string}\"},\"query-input\":\"required name=search_term_string\"}],\"inLanguage\":\"es\"},{\"@type\":\"Organization\",\"@id\":\"https:\/\/madeinzaragoza.es\/blog\/#organization\",\"name\":\"Made In Zaragoza\",\"url\":\"https:\/\/madeinzaragoza.es\/blog\/\",\"sameAs\":[\"https:\/\/www.instagram.com\/madeinzaragoza.es\/\",\"https:\/\/www.facebook.com\/madeinzaragoza.es\/\",\"https:\/\/twitter.com\/madeinzaragoza\"],\"logo\":{\"@type\":\"ImageObject\",\"inLanguage\":\"es\",\"@id\":\"https:\/\/madeinzaragoza.es\/blog\/#\/schema\/logo\/image\/\",\"url\":\"https:\/\/madeinzaragoza.es\/blog\/wp-content\/uploads\/2022\/05\/logo.png\",\"contentUrl\":\"https:\/\/madeinzaragoza.es\/blog\/wp-content\/uploads\/2022\/05\/logo.png\",\"width\":193,\"height\":176,\"caption\":\"Made In Zaragoza\"},\"image\":{\"@id\":\"https:\/\/madeinzaragoza.es\/blog\/#\/schema\/logo\/image\/\"}},{\"@type\":\"Person\",\"@id\":\"https:\/\/madeinzaragoza.es\/blog\/#\/schema\/person\/f6a3e33e7bb103b00b0f9321931cc3ea\",\"name\":\"Cristina Castejon\",\"image\":{\"@type\":\"ImageObject\",\"inLanguage\":\"es\",\"@id\":\"https:\/\/madeinzaragoza.es\/blog\/#\/schema\/person\/image\/\",\"url\":\"http:\/\/2.gravatar.com\/avatar\/2915f57f02d0a7f564ca0bdd8e3ea1cb?s=96&d=mm&r=g\",\"contentUrl\":\"http:\/\/2.gravatar.com\/avatar\/2915f57f02d0a7f564ca0bdd8e3ea1cb?s=96&d=mm&r=g\",\"caption\":\"Cristina Castejon\"},\"description\":\"De letras hasta la m\u00e9dula, siempre he pensado que la narrativa es el pastel, no la guinda. Da igual que sea en un libro o una peli, las buenas historias siempre nos enganchan. Escribo para mi blog www.cdecontar.com y para todo aquel que necesite poner alma a su marca o servicio. Me encanta mirar escaparates, contemplar fachadas y descubrir rincones escondidos. Creo que Zaragoza est\u00e1 plagada de buenas historias: ziudadanos curiosos, \u00a1callejeemos para darles caza!\",\"sameAs\":[\"http:\/\/www.cdecontar.com\",\"https:\/\/twitter.com\/cdecontar\"],\"url\":\"http:\/\/madeinzaragoza.es\/blog\/author\/cristina-castejon\/\"}]}<\/script>\n<!-- \/ Yoast SEO plugin. -->","yoast_head_json":{"title":"Silvia Pradas: c\u00f3mo narrar la historia de los \u00faltimos pastores aragoneses y convertirla en un \u00e9xito inesperado - Made in Zaragoza","description":"Descubre el \u00e9xito m\u00e1s inesperado del cine aragon\u00e9s: el documental La Senda del Pastor, de direcci\u00f3n, producci\u00f3n y localizaci\u00f3n aragonesa","robots":{"index":"index","follow":"follow","max-snippet":"max-snippet:-1","max-image-preview":"max-image-preview:large","max-video-preview":"max-video-preview:-1"},"canonical":"http:\/\/madeinzaragoza.es\/blog\/silvia-pradas-como-narrar-la-historia-de-los-ultimos-pastores-aragoneses-y-convertirla-en-un-exito-inesperado-inte\/","og_locale":"es_ES","og_type":"article","og_title":"Silvia Pradas: c\u00f3mo narrar la historia de los \u00faltimos pastores aragoneses y convertirla en un \u00e9xito inesperado - Made in Zaragoza","og_description":"Descubre el \u00e9xito m\u00e1s inesperado del cine aragon\u00e9s: el documental La Senda del Pastor, de direcci\u00f3n, producci\u00f3n y localizaci\u00f3n aragonesa","og_url":"http:\/\/madeinzaragoza.es\/blog\/silvia-pradas-como-narrar-la-historia-de-los-ultimos-pastores-aragoneses-y-convertirla-en-un-exito-inesperado-inte\/","og_site_name":"Made in Zaragoza","article_publisher":"https:\/\/www.facebook.com\/madeinzaragoza.es\/","article_published_time":"2022-11-16T07:18:11+00:00","article_modified_time":"2022-11-16T13:57:32+00:00","og_image":[{"width":2560,"height":1810,"url":"http:\/\/madeinzaragoza.es\/blog\/wp-content\/uploads\/2022\/11\/direcora_02-silvia-pradas-scaled.jpg","type":"image\/jpeg"}],"author":"Cristina Castejon","twitter_card":"summary","twitter_creator":"@cdecontar","twitter_site":"@madeinzaragoza","twitter_misc":{"Escrito por":"Cristina Castejon","Tiempo de lectura":"9 minutos"},"schema":{"@context":"https:\/\/schema.org","@graph":[{"@type":"Article","@id":"http:\/\/madeinzaragoza.es\/blog\/silvia-pradas-como-narrar-la-historia-de-los-ultimos-pastores-aragoneses-y-convertirla-en-un-exito-inesperado-inte\/#article","isPartOf":{"@id":"http:\/\/madeinzaragoza.es\/blog\/silvia-pradas-como-narrar-la-historia-de-los-ultimos-pastores-aragoneses-y-convertirla-en-un-exito-inesperado-inte\/"},"author":{"name":"Cristina Castejon","@id":"https:\/\/madeinzaragoza.es\/blog\/#\/schema\/person\/f6a3e33e7bb103b00b0f9321931cc3ea"},"headline":"Silvia Pradas: c\u00f3mo narrar la historia de los \u00faltimos pastores aragoneses y convertirla en un \u00e9xito inesperado","datePublished":"2022-11-16T07:18:11+00:00","dateModified":"2022-11-16T13:57:32+00:00","mainEntityOfPage":{"@id":"http:\/\/madeinzaragoza.es\/blog\/silvia-pradas-como-narrar-la-historia-de-los-ultimos-pastores-aragoneses-y-convertirla-en-un-exito-inesperado-inte\/"},"wordCount":1512,"commentCount":1,"publisher":{"@id":"https:\/\/madeinzaragoza.es\/blog\/#organization"},"keywords":["Cine aragon\u00e9s","Cine en Zaragoza","Cine realizado por mujeres","Directores de cine"],"articleSection":["Cultura","Gente","Tendencias"],"inLanguage":"es","potentialAction":[{"@type":"CommentAction","name":"Comment","target":["http:\/\/madeinzaragoza.es\/blog\/silvia-pradas-como-narrar-la-historia-de-los-ultimos-pastores-aragoneses-y-convertirla-en-un-exito-inesperado-inte\/#respond"]}]},{"@type":"WebPage","@id":"http:\/\/madeinzaragoza.es\/blog\/silvia-pradas-como-narrar-la-historia-de-los-ultimos-pastores-aragoneses-y-convertirla-en-un-exito-inesperado-inte\/","url":"http:\/\/madeinzaragoza.es\/blog\/silvia-pradas-como-narrar-la-historia-de-los-ultimos-pastores-aragoneses-y-convertirla-en-un-exito-inesperado-inte\/","name":"Silvia Pradas: c\u00f3mo narrar la historia de los \u00faltimos pastores aragoneses y convertirla en un \u00e9xito inesperado - Made in Zaragoza","isPartOf":{"@id":"https:\/\/madeinzaragoza.es\/blog\/#website"},"datePublished":"2022-11-16T07:18:11+00:00","dateModified":"2022-11-16T13:57:32+00:00","description":"Descubre el \u00e9xito m\u00e1s inesperado del cine aragon\u00e9s: el documental La Senda del Pastor, de direcci\u00f3n, producci\u00f3n y localizaci\u00f3n aragonesa","breadcrumb":{"@id":"http:\/\/madeinzaragoza.es\/blog\/silvia-pradas-como-narrar-la-historia-de-los-ultimos-pastores-aragoneses-y-convertirla-en-un-exito-inesperado-inte\/#breadcrumb"},"inLanguage":"es","potentialAction":[{"@type":"ReadAction","target":["http:\/\/madeinzaragoza.es\/blog\/silvia-pradas-como-narrar-la-historia-de-los-ultimos-pastores-aragoneses-y-convertirla-en-un-exito-inesperado-inte\/"]}]},{"@type":"BreadcrumbList","@id":"http:\/\/madeinzaragoza.es\/blog\/silvia-pradas-como-narrar-la-historia-de-los-ultimos-pastores-aragoneses-y-convertirla-en-un-exito-inesperado-inte\/#breadcrumb","itemListElement":[{"@type":"ListItem","position":1,"name":"Portada","item":"https:\/\/madeinzaragoza.es\/blog\/"},{"@type":"ListItem","position":2,"name":"Silvia Pradas: c\u00f3mo narrar la historia de los \u00faltimos pastores aragoneses y convertirla en un \u00e9xito inesperado"}]},{"@type":"WebSite","@id":"https:\/\/madeinzaragoza.es\/blog\/#website","url":"https:\/\/madeinzaragoza.es\/blog\/","name":"Made in Zaragoza","description":"Blog de MadeinZGZ, Red de Econom\u00eda Creativa de Zaragoza","publisher":{"@id":"https:\/\/madeinzaragoza.es\/blog\/#organization"},"potentialAction":[{"@type":"SearchAction","target":{"@type":"EntryPoint","urlTemplate":"https:\/\/madeinzaragoza.es\/blog\/?s={search_term_string}"},"query-input":"required name=search_term_string"}],"inLanguage":"es"},{"@type":"Organization","@id":"https:\/\/madeinzaragoza.es\/blog\/#organization","name":"Made In Zaragoza","url":"https:\/\/madeinzaragoza.es\/blog\/","sameAs":["https:\/\/www.instagram.com\/madeinzaragoza.es\/","https:\/\/www.facebook.com\/madeinzaragoza.es\/","https:\/\/twitter.com\/madeinzaragoza"],"logo":{"@type":"ImageObject","inLanguage":"es","@id":"https:\/\/madeinzaragoza.es\/blog\/#\/schema\/logo\/image\/","url":"https:\/\/madeinzaragoza.es\/blog\/wp-content\/uploads\/2022\/05\/logo.png","contentUrl":"https:\/\/madeinzaragoza.es\/blog\/wp-content\/uploads\/2022\/05\/logo.png","width":193,"height":176,"caption":"Made In Zaragoza"},"image":{"@id":"https:\/\/madeinzaragoza.es\/blog\/#\/schema\/logo\/image\/"}},{"@type":"Person","@id":"https:\/\/madeinzaragoza.es\/blog\/#\/schema\/person\/f6a3e33e7bb103b00b0f9321931cc3ea","name":"Cristina Castejon","image":{"@type":"ImageObject","inLanguage":"es","@id":"https:\/\/madeinzaragoza.es\/blog\/#\/schema\/person\/image\/","url":"http:\/\/2.gravatar.com\/avatar\/2915f57f02d0a7f564ca0bdd8e3ea1cb?s=96&d=mm&r=g","contentUrl":"http:\/\/2.gravatar.com\/avatar\/2915f57f02d0a7f564ca0bdd8e3ea1cb?s=96&d=mm&r=g","caption":"Cristina Castejon"},"description":"De letras hasta la m\u00e9dula, siempre he pensado que la narrativa es el pastel, no la guinda. Da igual que sea en un libro o una peli, las buenas historias siempre nos enganchan. Escribo para mi blog www.cdecontar.com y para todo aquel que necesite poner alma a su marca o servicio. Me encanta mirar escaparates, contemplar fachadas y descubrir rincones escondidos. Creo que Zaragoza est\u00e1 plagada de buenas historias: ziudadanos curiosos, \u00a1callejeemos para darles caza!","sameAs":["http:\/\/www.cdecontar.com","https:\/\/twitter.com\/cdecontar"],"url":"http:\/\/madeinzaragoza.es\/blog\/author\/cristina-castejon\/"}]}},"_links":{"self":[{"href":"http:\/\/madeinzaragoza.es\/blog\/wp-json\/wp\/v2\/posts\/36579"}],"collection":[{"href":"http:\/\/madeinzaragoza.es\/blog\/wp-json\/wp\/v2\/posts"}],"about":[{"href":"http:\/\/madeinzaragoza.es\/blog\/wp-json\/wp\/v2\/types\/post"}],"author":[{"embeddable":true,"href":"http:\/\/madeinzaragoza.es\/blog\/wp-json\/wp\/v2\/users\/66"}],"replies":[{"embeddable":true,"href":"http:\/\/madeinzaragoza.es\/blog\/wp-json\/wp\/v2\/comments?post=36579"}],"version-history":[{"count":10,"href":"http:\/\/madeinzaragoza.es\/blog\/wp-json\/wp\/v2\/posts\/36579\/revisions"}],"predecessor-version":[{"id":36592,"href":"http:\/\/madeinzaragoza.es\/blog\/wp-json\/wp\/v2\/posts\/36579\/revisions\/36592"}],"wp:featuredmedia":[{"embeddable":true,"href":"http:\/\/madeinzaragoza.es\/blog\/wp-json\/wp\/v2\/media\/36575"}],"wp:attachment":[{"href":"http:\/\/madeinzaragoza.es\/blog\/wp-json\/wp\/v2\/media?parent=36579"}],"wp:term":[{"taxonomy":"category","embeddable":true,"href":"http:\/\/madeinzaragoza.es\/blog\/wp-json\/wp\/v2\/categories?post=36579"},{"taxonomy":"post_tag","embeddable":true,"href":"http:\/\/madeinzaragoza.es\/blog\/wp-json\/wp\/v2\/tags?post=36579"}],"curies":[{"name":"wp","href":"https:\/\/api.w.org\/{rel}","templated":true}]}}