{"id":36451,"date":"2026-01-08T15:05:00","date_gmt":"2026-01-08T14:05:00","guid":{"rendered":"http:\/\/madeinzaragoza.es\/blog\/?p=36451"},"modified":"2026-01-20T23:31:22","modified_gmt":"2026-01-20T22:31:22","slug":"el-poder-transformador-del-arte-intervenciones-artisticas-en-espacios-publicos-y-privados-para-hacernos-sentir-mejor","status":"publish","type":"post","link":"http:\/\/madeinzaragoza.es\/blog\/el-poder-transformador-del-arte-intervenciones-artisticas-en-espacios-publicos-y-privados-para-hacernos-sentir-mejor\/","title":{"rendered":"El poder transformador del Arte: intervenciones art\u00edsticas en espacios p\u00fablicos y privados para hacernos sentir mejor."},"content":{"rendered":"\n<p>La integraci\u00f3n del arte en los entornos humanos (ya sean naturales, urbanos o arquitect\u00f3nicos) ha sido una constante que se remonta al origen de la humanidad y que responde a necesidades est\u00e9ticas, por puro placer contemplativo, por necesidades simb\u00f3licas o, por otro lado, por un claro deseo de distinci\u00f3n y diferenciaci\u00f3n gracias a la singularidad del propio arte. Y las artes pl\u00e1sticas, sobre todo la pintura, han sido utilizadas de forma habitual para <strong>transformar los espacios y<\/strong> <strong>generar esa sensaci\u00f3n de bienestar<\/strong>.<\/p>\n\n\n\n<p>Durante los \u00faltimos a\u00f1os, la apuesta por mejorar nuestra relaci\u00f3n con los espacios a trav\u00e9s del arte ha crecido considerablemente y las intervenciones art\u00edsticas se han venido desarrollando en diferentes \u00e1mbitos, tanto p\u00fablicos como privados, y en diferentes espacios seg\u00fan su utilidad social. Podemos ver como el arte transforma espacios de la esfera p\u00fablica, como espacios urbanos, espacios sanitarios, espacios de servicios educativos y, tambi\u00e9n,  espacios de la esfera privada, como entornos de trabajo y otros espacios de ocio o de uso residencial. <\/p>\n\n\n\n<p>A continuaci\u00f3n vamos a acercarnos a algunos ejemplos para descubrir el poder transformador del arte para hacernos sentir mejor.<\/p>\n\n\n\n<div style=\"height:50px\" aria-hidden=\"true\" class=\"wp-block-spacer\"><\/div>\n\n\n\n<h1 class=\"wp-block-heading\" style=\"font-size:30px\"><strong>Intervenciones en la esfera p\u00fablica: espacios urbanos, sanitarios y educativos.<\/strong><\/h1>\n\n\n\n<p><\/p>\n\n\n\n<p>Uno de los pioneros en utilizar el arte para generar bienestar ha sido el <strong><a href=\"https:\/\/www.festivalasalto.com\/\" target=\"_blank\" rel=\"noreferrer noopener\">Festival Asalto<\/a><\/strong>. Gracias a este veterano festival de arte, podemos disfrutar en Zaragoza de incre\u00edbles y maravillosas intervenciones de arte urbano que <strong>han transformado diferentes entornos de la ciudad en lugares realmente atractivos y agradables<\/strong> para disfrutarlos socialmente. Recientemente, se ha celebrado la decimos\u00e9ptima edici\u00f3n y el entorno elegido ha sido el barrio de Santa Isabel. All\u00ed, en diferentes ubicaciones, se ha estado interviniendo con propuestas art\u00edsticas vanguardistas, participativas e impactantes desarrolladas in situ por artistas urbanos y colectivos art\u00edsticos del panorama nacional e internacional. <\/p>\n\n\n\n<p>Unas de las intervenciones m\u00e1s espectaculares es, si duda, la realizada por <strong>Diego Vicente<\/strong> en el patio del CEIP El Espartidero. Una maravillosas intervenci\u00f3n en el campo de futbol del patio de recreo que ha conseguido transformar por completo este espacio.<\/p>\n\n\n\n<div style=\"height:20px\" aria-hidden=\"true\" class=\"wp-block-spacer\"><\/div>\n\n\n\n<div class=\"wp-block-image\"><figure class=\"aligncenter size-large\"><img loading=\"lazy\" decoding=\"async\" width=\"1024\" height=\"768\" src=\"http:\/\/madeinzaragoza.es\/blog\/wp-content\/uploads\/2022\/11\/313002325_789436005420913_4197098371220592782_n-1024x768.jpg\" alt=\"\" class=\"wp-image-36452\" srcset=\"http:\/\/madeinzaragoza.es\/blog\/wp-content\/uploads\/2022\/11\/313002325_789436005420913_4197098371220592782_n-1024x768.jpg 1024w, http:\/\/madeinzaragoza.es\/blog\/wp-content\/uploads\/2022\/11\/313002325_789436005420913_4197098371220592782_n-450x338.jpg 450w, http:\/\/madeinzaragoza.es\/blog\/wp-content\/uploads\/2022\/11\/313002325_789436005420913_4197098371220592782_n-768x576.jpg 768w, http:\/\/madeinzaragoza.es\/blog\/wp-content\/uploads\/2022\/11\/313002325_789436005420913_4197098371220592782_n-1200x900.jpg 1200w, http:\/\/madeinzaragoza.es\/blog\/wp-content\/uploads\/2022\/11\/313002325_789436005420913_4197098371220592782_n.jpg 1440w\" sizes=\"(max-width: 709px) 85vw, (max-width: 909px) 67vw, (max-width: 1362px) 62vw, 840px\" \/><figcaption>Intervenci\u00f3n de Diego Vicente en el Festival Asalto 2022 (Fotograf\u00eda: Festival Asalto y Marcos Cebri\u00e1n)<\/figcaption><\/figure><\/div>\n\n\n\n<div style=\"height:20px\" aria-hidden=\"true\" class=\"wp-block-spacer\"><\/div>\n\n\n\n<p>Otra de las propuestas de transformaci\u00f3n del espacio p\u00fablico urbano que nos ofrece el Festival Asalto son las<strong> intervenciones en las paradas del tranv\u00eda<\/strong>. Intervenciones art\u00edsticas de creadores de la ciudad sobre este elemento de mobiliario urbano que consigue transformar el entorno p\u00fablico y a los propios elementos funcionales ofreciendo una cara m\u00e1s amable amenizando la espera a los usuarios del tranv\u00eda.<\/p>\n\n\n\n<div style=\"height:20px\" aria-hidden=\"true\" class=\"wp-block-spacer\"><\/div>\n\n\n\n<div class=\"wp-block-image\"><figure class=\"aligncenter size-large\"><img loading=\"lazy\" decoding=\"async\" width=\"1024\" height=\"768\" src=\"http:\/\/madeinzaragoza.es\/blog\/wp-content\/uploads\/2022\/11\/IMG_5256-1024x768.jpg\" alt=\"\" class=\"wp-image-36453\" srcset=\"http:\/\/madeinzaragoza.es\/blog\/wp-content\/uploads\/2022\/11\/IMG_5256-1024x768.jpg 1024w, http:\/\/madeinzaragoza.es\/blog\/wp-content\/uploads\/2022\/11\/IMG_5256-450x338.jpg 450w, http:\/\/madeinzaragoza.es\/blog\/wp-content\/uploads\/2022\/11\/IMG_5256-768x576.jpg 768w, http:\/\/madeinzaragoza.es\/blog\/wp-content\/uploads\/2022\/11\/IMG_5256-1536x1152.jpg 1536w, http:\/\/madeinzaragoza.es\/blog\/wp-content\/uploads\/2022\/11\/IMG_5256-2048x1536.jpg 2048w, http:\/\/madeinzaragoza.es\/blog\/wp-content\/uploads\/2022\/11\/IMG_5256-1200x900.jpg 1200w\" sizes=\"(max-width: 709px) 85vw, (max-width: 909px) 67vw, (max-width: 1362px) 62vw, 840px\" \/><figcaption>Intervenci\u00f3n de Raquel Jordana en Tranv\u00eda Zaragoza<\/figcaption><\/figure><\/div>\n\n\n\n<div style=\"height:20px\" aria-hidden=\"true\" class=\"wp-block-spacer\"><\/div>\n\n\n\n<p>Otras de las iniciativas que trabajan en la mejora y transformaci\u00f3n de espacios a trav\u00e9s del arte desde hace ya bastante tiempo, es <strong><a href=\"https:\/\/believeinart.org\/\" target=\"_blank\" rel=\"noreferrer noopener\">Believe in Art<\/a><\/strong>. Esta entidad sin \u00e1nimo de lucro trabaja principalmente en espacios sanitarios, desde hospitales a centros de salud, para <strong>crear entornos m\u00e1s agradables para los pacientes y mejorar sus estancias hospitalarias<\/strong>. Su labor a lo largo de estos a\u00f1os, ha logrado transformar y mejorar muchos espacios en Zaragoza obteniendo varios reconocimientos p\u00fablicos.<\/p>\n\n\n\n<blockquote class=\"wp-block-quote\"><p><strong><em>El arte tiene la capacidad de cambiar y&nbsp;humanizar los hasta ahora fr\u00edos espacios hospitalarios.<\/em><\/strong><\/p><cite>Believe in Art.<\/cite><\/blockquote>\n\n\n\n<div style=\"height:20px\" aria-hidden=\"true\" class=\"wp-block-spacer\"><\/div>\n\n\n\n<div class=\"wp-block-image\"><figure class=\"aligncenter size-large\"><img loading=\"lazy\" decoding=\"async\" width=\"1024\" height=\"695\" src=\"http:\/\/madeinzaragoza.es\/blog\/wp-content\/uploads\/2022\/11\/believe-in-art-1024x695.jpg\" alt=\"\" class=\"wp-image-36455\" srcset=\"http:\/\/madeinzaragoza.es\/blog\/wp-content\/uploads\/2022\/11\/believe-in-art-1024x695.jpg 1024w, http:\/\/madeinzaragoza.es\/blog\/wp-content\/uploads\/2022\/11\/believe-in-art-450x305.jpg 450w, http:\/\/madeinzaragoza.es\/blog\/wp-content\/uploads\/2022\/11\/believe-in-art-768x521.jpg 768w, http:\/\/madeinzaragoza.es\/blog\/wp-content\/uploads\/2022\/11\/believe-in-art-1200x814.jpg 1200w, http:\/\/madeinzaragoza.es\/blog\/wp-content\/uploads\/2022\/11\/believe-in-art.jpg 1500w\" sizes=\"(max-width: 709px) 85vw, (max-width: 909px) 67vw, (max-width: 1362px) 62vw, 840px\" \/><figcaption>Diferentes intervenciones en espacios sanitarios impulsadas por Believe in Art. (Fotograf\u00edas: Believe in Art)<\/figcaption><\/figure><\/div>\n\n\n\n<div style=\"height:20px\" aria-hidden=\"true\" class=\"wp-block-spacer\"><\/div>\n\n\n\n<p>Centros educativos, Centros C\u00edvicos y Bibliotecas tambi\u00e9n son espacios en los que se ha intervenido art\u00edsticamente para conseguir <strong>entornos m\u00e1s amables para el usuario<\/strong>. Ya sea a trav\u00e9s de iniciativas p\u00fablicas o de car\u00e1cter privado, en los \u00faltimos a\u00f1os se est\u00e1 desarrollando un auge en la demanda de intervenciones en estos espacios. Un bello ejemplo, es la intervenci\u00f3n que el artista David Guirao realiz\u00f3 en la biblioteca p\u00fablica del Barrio Oliver.<\/p>\n\n\n\n<div class=\"wp-block-image\"><figure class=\"aligncenter size-large\"><img loading=\"lazy\" decoding=\"async\" width=\"1024\" height=\"714\" src=\"http:\/\/madeinzaragoza.es\/blog\/wp-content\/uploads\/2022\/11\/david-guirao-1024x714.jpg\" alt=\"\" class=\"wp-image-36599\" srcset=\"http:\/\/madeinzaragoza.es\/blog\/wp-content\/uploads\/2022\/11\/david-guirao-1024x714.jpg 1024w, http:\/\/madeinzaragoza.es\/blog\/wp-content\/uploads\/2022\/11\/david-guirao-450x314.jpg 450w, http:\/\/madeinzaragoza.es\/blog\/wp-content\/uploads\/2022\/11\/david-guirao-768x535.jpg 768w, http:\/\/madeinzaragoza.es\/blog\/wp-content\/uploads\/2022\/11\/david-guirao-1200x837.jpg 1200w, http:\/\/madeinzaragoza.es\/blog\/wp-content\/uploads\/2022\/11\/david-guirao.jpg 1440w\" sizes=\"(max-width: 709px) 85vw, (max-width: 909px) 67vw, (max-width: 1362px) 62vw, 840px\" \/><figcaption>Intervenci\u00f3n de David Guirao en la biblioteca del Barrio Oliver. Fotograf\u00eda: Facebook de David Guirao.<\/figcaption><\/figure><\/div>\n\n\n\n<h1 class=\"wp-block-heading\" style=\"font-size:30px\"><strong>Intervenciones en la esfera semip\u00fablica y privada: espacios de ocio, de trabajo y de uso residencial.<\/strong><\/h1>\n\n\n\n<p><\/p>\n\n\n\n<p>Del mismo modo que se ha producido un auge del uso de las intervenciones art\u00edsticas para mejorar la sensaci\u00f3n de bienestar de los usuarios en los espacios p\u00fablicos, tambi\u00e9n se est\u00e1 viviendo este fen\u00f3meno en el \u00e1mbito de lo privado. Locales de ocio como bares y restaurantes, comercios y otros establecimientos de servicios est\u00e1n apostando por el <strong>muralismo pict\u00f3rico para crear ambientes realmente singulares y acogedores que generen una experiencia<\/strong> en sus usuarios.<\/p>\n\n\n\n<p>En este \u00e1mbito, el uso de las artes pl\u00e1sticas tambi\u00e9n se ha producido desde siempre. De hecho, en Zaragoza contamos con los impresionantes murales que el artista Andr\u00e9s Conejo realiz\u00f3 en los a\u00f1os 50 para el cine Palafox que todav\u00eda se conservan creando un entorno espectacular y ofreciendo una experiencia realmente singular para el espectador que lo visita.<\/p>\n\n\n\n<div style=\"height:20px\" aria-hidden=\"true\" class=\"wp-block-spacer\"><\/div>\n\n\n\n<div class=\"wp-block-image\"><figure class=\"aligncenter size-large\"><img loading=\"lazy\" decoding=\"async\" width=\"1024\" height=\"768\" src=\"http:\/\/madeinzaragoza.es\/blog\/wp-content\/uploads\/2022\/11\/palafox-1024x768.jpg\" alt=\"\" class=\"wp-image-36602\" srcset=\"http:\/\/madeinzaragoza.es\/blog\/wp-content\/uploads\/2022\/11\/palafox-1024x768.jpg 1024w, http:\/\/madeinzaragoza.es\/blog\/wp-content\/uploads\/2022\/11\/palafox-450x338.jpg 450w, http:\/\/madeinzaragoza.es\/blog\/wp-content\/uploads\/2022\/11\/palafox-768x576.jpg 768w, http:\/\/madeinzaragoza.es\/blog\/wp-content\/uploads\/2022\/11\/palafox.jpg 1200w\" sizes=\"(max-width: 709px) 85vw, (max-width: 909px) 67vw, (max-width: 1362px) 62vw, 840px\" \/><\/figure><\/div>\n\n\n\n<div style=\"height:20px\" aria-hidden=\"true\" class=\"wp-block-spacer\"><\/div>\n\n\n\n<p>Recientemente, la activa artista y muralista <strong>Arantxa Recio<\/strong> ha pintado un mural pict\u00f3rico para un nuevo local de hosteler\u00eda sostenible y diferente que acaba de abrir en Zaragoza. Los bares y restaurantes de nuestra ciudad siempre han sido uno de los sectores que m\u00e1s ha apostado por introducir el arte en sus interiores para darle un toque de distinci\u00f3n y crear ambientes m\u00e1s amables y sugerentes mejorando la sensaci\u00f3n de bienestar de sus usuarios.<\/p>\n\n\n\n<div style=\"height:20px\" aria-hidden=\"true\" class=\"wp-block-spacer\"><\/div>\n\n\n\n<div class=\"wp-block-image\"><figure class=\"aligncenter size-large\"><img loading=\"lazy\" decoding=\"async\" width=\"1024\" height=\"768\" src=\"http:\/\/madeinzaragoza.es\/blog\/wp-content\/uploads\/2022\/11\/harsa-1024x768.jpg\" alt=\"\" class=\"wp-image-36609\" srcset=\"http:\/\/madeinzaragoza.es\/blog\/wp-content\/uploads\/2022\/11\/harsa-1024x768.jpg 1024w, http:\/\/madeinzaragoza.es\/blog\/wp-content\/uploads\/2022\/11\/harsa-450x338.jpg 450w, http:\/\/madeinzaragoza.es\/blog\/wp-content\/uploads\/2022\/11\/harsa-768x576.jpg 768w, http:\/\/madeinzaragoza.es\/blog\/wp-content\/uploads\/2022\/11\/harsa-1536x1152.jpg 1536w, http:\/\/madeinzaragoza.es\/blog\/wp-content\/uploads\/2022\/11\/harsa-1200x900.jpg 1200w, http:\/\/madeinzaragoza.es\/blog\/wp-content\/uploads\/2022\/11\/harsa.jpg 2048w\" sizes=\"(max-width: 709px) 85vw, (max-width: 909px) 67vw, (max-width: 1362px) 62vw, 840px\" \/><figcaption>Intervenci\u00f3n de Arantxa Recio, <em>Harsa<\/em>. (Fotograf\u00eda: Facebook Arantxa Recio.)<\/figcaption><\/figure><\/div>\n\n\n\n<div style=\"height:20px\" aria-hidden=\"true\" class=\"wp-block-spacer\"><\/div>\n\n\n\n<p>Otros de los entornos en los que se ha utilizado el arte para mejorar su conexi\u00f3n con las personas, son los <strong>espacios de uso residencial<\/strong>. Ya desde or\u00edgenes remotos se ha usado el arte para <strong>crear ambientes est\u00e9ticos placenteros en los que habitar<\/strong> y, desde entonces, ha sido una constante a lo largo de la historia. <\/p>\n\n\n\n<p>En Zaragoza, podemos encontrar muchas comunidades de propietarios e inmuebles que han sido decorados con obras de arte y murales de artistas muy relacionados con la ciudad. Sobre todo, durante la d\u00e9cada de los a\u00f1os 60, 70 y 80, se produjo un movimiento muy importante para introducir el <strong>arte en los ambientes residenciales<\/strong>, dejando murales pict\u00f3ricos a murales cer\u00e1micos que hoy en d\u00eda forman parte del patrimonio cultural reciente. En los \u00faltimos a\u00f1os, se est\u00e1 produciendo un regreso al muralismo, sobre todo pict\u00f3rico, para decorar ambientes privados y, aunque de forma a\u00fan muy incipiente, tambi\u00e9n se est\u00e1n reintroduciendo en los ambientes residenciales.<\/p>\n\n\n\n<div style=\"height:20px\" aria-hidden=\"true\" class=\"wp-block-spacer\"><\/div>\n\n\n\n<div class=\"wp-block-image\"><figure class=\"aligncenter size-large\"><img loading=\"lazy\" decoding=\"async\" width=\"1024\" height=\"768\" src=\"http:\/\/madeinzaragoza.es\/blog\/wp-content\/uploads\/2022\/11\/inaki1-1024x768.jpg\" alt=\"\" class=\"wp-image-36604\" srcset=\"http:\/\/madeinzaragoza.es\/blog\/wp-content\/uploads\/2022\/11\/inaki1-1024x768.jpg 1024w, http:\/\/madeinzaragoza.es\/blog\/wp-content\/uploads\/2022\/11\/inaki1-450x338.jpg 450w, http:\/\/madeinzaragoza.es\/blog\/wp-content\/uploads\/2022\/11\/inaki1-768x576.jpg 768w, http:\/\/madeinzaragoza.es\/blog\/wp-content\/uploads\/2022\/11\/inaki1.jpg 1200w\" sizes=\"(max-width: 709px) 85vw, (max-width: 909px) 67vw, (max-width: 1362px) 62vw, 840px\" \/><\/figure><\/div>\n\n\n\n<div class=\"wp-block-image\"><figure class=\"aligncenter size-large\"><img loading=\"lazy\" decoding=\"async\" width=\"1024\" height=\"784\" src=\"http:\/\/madeinzaragoza.es\/blog\/wp-content\/uploads\/2022\/11\/inaki2-1024x784.jpg\" alt=\"\" class=\"wp-image-36605\" srcset=\"http:\/\/madeinzaragoza.es\/blog\/wp-content\/uploads\/2022\/11\/inaki2-1024x784.jpg 1024w, http:\/\/madeinzaragoza.es\/blog\/wp-content\/uploads\/2022\/11\/inaki2-450x345.jpg 450w, http:\/\/madeinzaragoza.es\/blog\/wp-content\/uploads\/2022\/11\/inaki2-768x588.jpg 768w, http:\/\/madeinzaragoza.es\/blog\/wp-content\/uploads\/2022\/11\/inaki2.jpg 1200w\" sizes=\"(max-width: 709px) 85vw, (max-width: 909px) 67vw, (max-width: 1362px) 62vw, 840px\" \/><figcaption>Mural pict\u00f3rico de I\u00f1aki en un inmueble del centro de Zaragoza.<\/figcaption><\/figure><\/div>\n\n\n\n<div style=\"height:20px\" aria-hidden=\"true\" class=\"wp-block-spacer\"><\/div>\n\n\n\n<p>Como vemos, el arte tiene un poder de transformaci\u00f3n de los espacios muy importante para generar una sensaci\u00f3n de bienestar en los usuarios y, en los \u00faltimos a\u00f1os, se est\u00e1 produciendo un auge de su uso visibilizando la creatividad art\u00edstica de este sector. En la red <strong><a href=\"https:\/\/madeinzaragoza.es\/comercios\/categorias.php\" target=\"_blank\" rel=\"noreferrer noopener\">Made in Zaragoza<\/a><\/strong>, tambi\u00e9n hay varios profesionales creativos que se dedican a este \u00e1mbito de la creaci\u00f3n y realizan intervenciones art\u00edsticas en diferentes entornos. Si quieres, puedes conocerlos viendo sus <a href=\"https:\/\/madeinzaragoza.es\/comercios\/categorias.php\">proyectos creativo<\/a>s \ud83d\ude09<\/p>\n\n\n\n<div style=\"height:100px\" aria-hidden=\"true\" class=\"wp-block-spacer\"><\/div>\n","protected":false},"excerpt":{"rendered":"<p>La integraci\u00f3n del arte en los entornos humanos (ya sean naturales, urbanos o arquitect\u00f3nicos) ha sido una constante que se remonta al origen de la humanidad y que responde a necesidades est\u00e9ticas, por puro placer contemplativo, por necesidades simb\u00f3licas o, por otro lado, por un claro deseo de distinci\u00f3n y diferenciaci\u00f3n gracias a la singularidad &hellip; <a href=\"http:\/\/madeinzaragoza.es\/blog\/el-poder-transformador-del-arte-intervenciones-artisticas-en-espacios-publicos-y-privados-para-hacernos-sentir-mejor\/\" class=\"more-link\">Continuar leyendo<span class=\"screen-reader-text\"> \u00abEl poder transformador del Arte: intervenciones art\u00edsticas en espacios p\u00fablicos y privados para hacernos sentir mejor.\u00bb<\/span><\/a><\/p>\n","protected":false},"author":36,"featured_media":36600,"comment_status":"open","ping_status":"open","sticky":false,"template":"","format":"standard","meta":{"footnotes":""},"categories":[829],"tags":[2364,1016,308],"yoast_head":"<!-- This site is optimized with the Yoast SEO plugin v19.7.2 - https:\/\/yoast.com\/wordpress\/plugins\/seo\/ -->\n<title>El poder transformador del Arte: intervenciones art\u00edsticas en espacios p\u00fablicos y privados para hacernos sentir mejor. - Made in Zaragoza<\/title>\n<meta name=\"description\" content=\"Las artes pl\u00e1sticas, sobre todo la pintura, han sido utilizadas para transformar los espacios y generar esa sensaci\u00f3n de bienestar.\" \/>\n<meta name=\"robots\" content=\"index, follow, max-snippet:-1, max-image-preview:large, max-video-preview:-1\" \/>\n<link rel=\"canonical\" href=\"https:\/\/madeinzaragoza.es\/blog\/el-poder-transformador-del-arte-intervenciones-artisticas-en-espacios-publicos-y-privados-para-hacernos-sentir-mejor\/\" \/>\n<meta property=\"og:locale\" content=\"es_ES\" \/>\n<meta property=\"og:type\" content=\"article\" \/>\n<meta property=\"og:title\" content=\"El poder transformador del Arte: intervenciones art\u00edsticas en espacios p\u00fablicos y privados para hacernos sentir mejor. - Made in Zaragoza\" \/>\n<meta property=\"og:description\" content=\"Las artes pl\u00e1sticas, sobre todo la pintura, han sido utilizadas para transformar los espacios y generar esa sensaci\u00f3n de bienestar.\" \/>\n<meta property=\"og:url\" content=\"https:\/\/madeinzaragoza.es\/blog\/el-poder-transformador-del-arte-intervenciones-artisticas-en-espacios-publicos-y-privados-para-hacernos-sentir-mejor\/\" \/>\n<meta property=\"og:site_name\" content=\"Made in Zaragoza\" \/>\n<meta property=\"article:publisher\" content=\"https:\/\/www.facebook.com\/madeinzaragoza.es\/\" \/>\n<meta property=\"article:author\" content=\"zarayorkers\" \/>\n<meta property=\"article:published_time\" content=\"2026-01-08T14:05:00+00:00\" \/>\n<meta property=\"article:modified_time\" content=\"2026-01-20T22:31:22+00:00\" \/>\n<meta property=\"og:image\" content=\"https:\/\/madeinzaragoza.es\/blog\/wp-content\/uploads\/2022\/11\/Diego_Asalto-1320x743-1.jpg\" \/>\n\t<meta property=\"og:image:width\" content=\"1320\" \/>\n\t<meta property=\"og:image:height\" content=\"743\" \/>\n\t<meta property=\"og:image:type\" content=\"image\/jpeg\" \/>\n<meta name=\"author\" content=\"Sergio Sevilla\" \/>\n<meta name=\"twitter:card\" content=\"summary\" \/>\n<meta name=\"twitter:creator\" content=\"@madeinzaragoza\" \/>\n<meta name=\"twitter:site\" content=\"@madeinzaragoza\" \/>\n<meta name=\"twitter:label1\" content=\"Escrito por\" \/>\n\t<meta name=\"twitter:data1\" content=\"Sergio Sevilla\" \/>\n\t<meta name=\"twitter:label2\" content=\"Tiempo de lectura\" \/>\n\t<meta name=\"twitter:data2\" content=\"7 minutos\" \/>\n<script type=\"application\/ld+json\" class=\"yoast-schema-graph\">{\"@context\":\"https:\/\/schema.org\",\"@graph\":[{\"@type\":\"Article\",\"@id\":\"https:\/\/madeinzaragoza.es\/blog\/el-poder-transformador-del-arte-intervenciones-artisticas-en-espacios-publicos-y-privados-para-hacernos-sentir-mejor\/#article\",\"isPartOf\":{\"@id\":\"https:\/\/madeinzaragoza.es\/blog\/el-poder-transformador-del-arte-intervenciones-artisticas-en-espacios-publicos-y-privados-para-hacernos-sentir-mejor\/\"},\"author\":{\"name\":\"Sergio Sevilla\",\"@id\":\"http:\/\/madeinzaragoza.es\/blog\/#\/schema\/person\/fd836a8fe1177b6200bc8deffc3ad342\"},\"headline\":\"El poder transformador del Arte: intervenciones art\u00edsticas en espacios p\u00fablicos y privados para hacernos sentir mejor.\",\"datePublished\":\"2026-01-08T14:05:00+00:00\",\"dateModified\":\"2026-01-20T22:31:22+00:00\",\"mainEntityOfPage\":{\"@id\":\"https:\/\/madeinzaragoza.es\/blog\/el-poder-transformador-del-arte-intervenciones-artisticas-en-espacios-publicos-y-privados-para-hacernos-sentir-mejor\/\"},\"wordCount\":1203,\"commentCount\":0,\"publisher\":{\"@id\":\"http:\/\/madeinzaragoza.es\/blog\/#organization\"},\"keywords\":[\"Arte\",\"Arte Contempor\u00e1neo\",\"pintura\"],\"articleSection\":[\"Cultura\"],\"inLanguage\":\"es\",\"potentialAction\":[{\"@type\":\"CommentAction\",\"name\":\"Comment\",\"target\":[\"https:\/\/madeinzaragoza.es\/blog\/el-poder-transformador-del-arte-intervenciones-artisticas-en-espacios-publicos-y-privados-para-hacernos-sentir-mejor\/#respond\"]}]},{\"@type\":\"WebPage\",\"@id\":\"https:\/\/madeinzaragoza.es\/blog\/el-poder-transformador-del-arte-intervenciones-artisticas-en-espacios-publicos-y-privados-para-hacernos-sentir-mejor\/\",\"url\":\"https:\/\/madeinzaragoza.es\/blog\/el-poder-transformador-del-arte-intervenciones-artisticas-en-espacios-publicos-y-privados-para-hacernos-sentir-mejor\/\",\"name\":\"El poder transformador del Arte: intervenciones art\u00edsticas en espacios p\u00fablicos y privados para hacernos sentir mejor. - Made in Zaragoza\",\"isPartOf\":{\"@id\":\"http:\/\/madeinzaragoza.es\/blog\/#website\"},\"datePublished\":\"2026-01-08T14:05:00+00:00\",\"dateModified\":\"2026-01-20T22:31:22+00:00\",\"description\":\"Las artes pl\u00e1sticas, sobre todo la pintura, han sido utilizadas para transformar los espacios y generar esa sensaci\u00f3n de bienestar.\",\"breadcrumb\":{\"@id\":\"https:\/\/madeinzaragoza.es\/blog\/el-poder-transformador-del-arte-intervenciones-artisticas-en-espacios-publicos-y-privados-para-hacernos-sentir-mejor\/#breadcrumb\"},\"inLanguage\":\"es\",\"potentialAction\":[{\"@type\":\"ReadAction\",\"target\":[\"https:\/\/madeinzaragoza.es\/blog\/el-poder-transformador-del-arte-intervenciones-artisticas-en-espacios-publicos-y-privados-para-hacernos-sentir-mejor\/\"]}]},{\"@type\":\"BreadcrumbList\",\"@id\":\"https:\/\/madeinzaragoza.es\/blog\/el-poder-transformador-del-arte-intervenciones-artisticas-en-espacios-publicos-y-privados-para-hacernos-sentir-mejor\/#breadcrumb\",\"itemListElement\":[{\"@type\":\"ListItem\",\"position\":1,\"name\":\"Portada\",\"item\":\"http:\/\/madeinzaragoza.es\/blog\/\"},{\"@type\":\"ListItem\",\"position\":2,\"name\":\"El poder transformador del Arte: intervenciones art\u00edsticas en espacios p\u00fablicos y privados para hacernos sentir mejor.\"}]},{\"@type\":\"WebSite\",\"@id\":\"http:\/\/madeinzaragoza.es\/blog\/#website\",\"url\":\"http:\/\/madeinzaragoza.es\/blog\/\",\"name\":\"Made in Zaragoza\",\"description\":\"Blog de MadeinZGZ, Red de Econom\u00eda Creativa de Zaragoza\",\"publisher\":{\"@id\":\"http:\/\/madeinzaragoza.es\/blog\/#organization\"},\"potentialAction\":[{\"@type\":\"SearchAction\",\"target\":{\"@type\":\"EntryPoint\",\"urlTemplate\":\"http:\/\/madeinzaragoza.es\/blog\/?s={search_term_string}\"},\"query-input\":\"required name=search_term_string\"}],\"inLanguage\":\"es\"},{\"@type\":\"Organization\",\"@id\":\"http:\/\/madeinzaragoza.es\/blog\/#organization\",\"name\":\"Made In Zaragoza\",\"url\":\"http:\/\/madeinzaragoza.es\/blog\/\",\"sameAs\":[\"https:\/\/www.instagram.com\/madeinzaragoza.es\/\",\"https:\/\/www.facebook.com\/madeinzaragoza.es\/\",\"https:\/\/twitter.com\/madeinzaragoza\"],\"logo\":{\"@type\":\"ImageObject\",\"inLanguage\":\"es\",\"@id\":\"http:\/\/madeinzaragoza.es\/blog\/#\/schema\/logo\/image\/\",\"url\":\"https:\/\/madeinzaragoza.es\/blog\/wp-content\/uploads\/2022\/05\/logo.png\",\"contentUrl\":\"https:\/\/madeinzaragoza.es\/blog\/wp-content\/uploads\/2022\/05\/logo.png\",\"width\":193,\"height\":176,\"caption\":\"Made In Zaragoza\"},\"image\":{\"@id\":\"http:\/\/madeinzaragoza.es\/blog\/#\/schema\/logo\/image\/\"}},{\"@type\":\"Person\",\"@id\":\"http:\/\/madeinzaragoza.es\/blog\/#\/schema\/person\/fd836a8fe1177b6200bc8deffc3ad342\",\"name\":\"Sergio Sevilla\",\"image\":{\"@type\":\"ImageObject\",\"inLanguage\":\"es\",\"@id\":\"http:\/\/madeinzaragoza.es\/blog\/#\/schema\/person\/image\/\",\"url\":\"http:\/\/1.gravatar.com\/avatar\/4a59e3901b7e749c4e3750c4fd5d0b43?s=96&d=mm&r=g\",\"contentUrl\":\"http:\/\/1.gravatar.com\/avatar\/4a59e3901b7e749c4e3750c4fd5d0b43?s=96&d=mm&r=g\",\"caption\":\"Sergio Sevilla\"},\"description\":\"Gesti\u00f3n e Innovaci\u00f3n cultural (I+C) Mi trabajo se basa en la b\u00fasqueda de conexiones culturales en espacios de tr\u00e1nsito. Soy director y programador de proyectos culturales. He coordinado el espacio C\u00f3rner MIZ de Made in Zaragoza y, en la actualidad, me dedico a investigar, documentar y poner en valor el muralismo cer\u00e1mico de los a\u00f1os 60, 70 y 80 de Zaragoza y su relaci\u00f3n con los entornos arquitect\u00f3nicos y decorativos de la \u00e9poca. Descubre el perfil de @ZaragozaModerna en Instagram. Take a walk on the Art side.\",\"sameAs\":[\"zarayorkers\",\"@zaragozamoderna\",\"\/sergiosevillatabernero\"],\"url\":\"http:\/\/madeinzaragoza.es\/blog\/author\/sergiosevilla\/\"}]}<\/script>\n<!-- \/ Yoast SEO plugin. -->","yoast_head_json":{"title":"El poder transformador del Arte: intervenciones art\u00edsticas en espacios p\u00fablicos y privados para hacernos sentir mejor. - Made in Zaragoza","description":"Las artes pl\u00e1sticas, sobre todo la pintura, han sido utilizadas para transformar los espacios y generar esa sensaci\u00f3n de bienestar.","robots":{"index":"index","follow":"follow","max-snippet":"max-snippet:-1","max-image-preview":"max-image-preview:large","max-video-preview":"max-video-preview:-1"},"canonical":"https:\/\/madeinzaragoza.es\/blog\/el-poder-transformador-del-arte-intervenciones-artisticas-en-espacios-publicos-y-privados-para-hacernos-sentir-mejor\/","og_locale":"es_ES","og_type":"article","og_title":"El poder transformador del Arte: intervenciones art\u00edsticas en espacios p\u00fablicos y privados para hacernos sentir mejor. - Made in Zaragoza","og_description":"Las artes pl\u00e1sticas, sobre todo la pintura, han sido utilizadas para transformar los espacios y generar esa sensaci\u00f3n de bienestar.","og_url":"https:\/\/madeinzaragoza.es\/blog\/el-poder-transformador-del-arte-intervenciones-artisticas-en-espacios-publicos-y-privados-para-hacernos-sentir-mejor\/","og_site_name":"Made in Zaragoza","article_publisher":"https:\/\/www.facebook.com\/madeinzaragoza.es\/","article_author":"zarayorkers","article_published_time":"2026-01-08T14:05:00+00:00","article_modified_time":"2026-01-20T22:31:22+00:00","og_image":[{"width":1320,"height":743,"url":"https:\/\/madeinzaragoza.es\/blog\/wp-content\/uploads\/2022\/11\/Diego_Asalto-1320x743-1.jpg","type":"image\/jpeg"}],"author":"Sergio Sevilla","twitter_card":"summary","twitter_creator":"@madeinzaragoza","twitter_site":"@madeinzaragoza","twitter_misc":{"Escrito por":"Sergio Sevilla","Tiempo de lectura":"7 minutos"},"schema":{"@context":"https:\/\/schema.org","@graph":[{"@type":"Article","@id":"https:\/\/madeinzaragoza.es\/blog\/el-poder-transformador-del-arte-intervenciones-artisticas-en-espacios-publicos-y-privados-para-hacernos-sentir-mejor\/#article","isPartOf":{"@id":"https:\/\/madeinzaragoza.es\/blog\/el-poder-transformador-del-arte-intervenciones-artisticas-en-espacios-publicos-y-privados-para-hacernos-sentir-mejor\/"},"author":{"name":"Sergio Sevilla","@id":"http:\/\/madeinzaragoza.es\/blog\/#\/schema\/person\/fd836a8fe1177b6200bc8deffc3ad342"},"headline":"El poder transformador del Arte: intervenciones art\u00edsticas en espacios p\u00fablicos y privados para hacernos sentir mejor.","datePublished":"2026-01-08T14:05:00+00:00","dateModified":"2026-01-20T22:31:22+00:00","mainEntityOfPage":{"@id":"https:\/\/madeinzaragoza.es\/blog\/el-poder-transformador-del-arte-intervenciones-artisticas-en-espacios-publicos-y-privados-para-hacernos-sentir-mejor\/"},"wordCount":1203,"commentCount":0,"publisher":{"@id":"http:\/\/madeinzaragoza.es\/blog\/#organization"},"keywords":["Arte","Arte Contempor\u00e1neo","pintura"],"articleSection":["Cultura"],"inLanguage":"es","potentialAction":[{"@type":"CommentAction","name":"Comment","target":["https:\/\/madeinzaragoza.es\/blog\/el-poder-transformador-del-arte-intervenciones-artisticas-en-espacios-publicos-y-privados-para-hacernos-sentir-mejor\/#respond"]}]},{"@type":"WebPage","@id":"https:\/\/madeinzaragoza.es\/blog\/el-poder-transformador-del-arte-intervenciones-artisticas-en-espacios-publicos-y-privados-para-hacernos-sentir-mejor\/","url":"https:\/\/madeinzaragoza.es\/blog\/el-poder-transformador-del-arte-intervenciones-artisticas-en-espacios-publicos-y-privados-para-hacernos-sentir-mejor\/","name":"El poder transformador del Arte: intervenciones art\u00edsticas en espacios p\u00fablicos y privados para hacernos sentir mejor. - Made in Zaragoza","isPartOf":{"@id":"http:\/\/madeinzaragoza.es\/blog\/#website"},"datePublished":"2026-01-08T14:05:00+00:00","dateModified":"2026-01-20T22:31:22+00:00","description":"Las artes pl\u00e1sticas, sobre todo la pintura, han sido utilizadas para transformar los espacios y generar esa sensaci\u00f3n de bienestar.","breadcrumb":{"@id":"https:\/\/madeinzaragoza.es\/blog\/el-poder-transformador-del-arte-intervenciones-artisticas-en-espacios-publicos-y-privados-para-hacernos-sentir-mejor\/#breadcrumb"},"inLanguage":"es","potentialAction":[{"@type":"ReadAction","target":["https:\/\/madeinzaragoza.es\/blog\/el-poder-transformador-del-arte-intervenciones-artisticas-en-espacios-publicos-y-privados-para-hacernos-sentir-mejor\/"]}]},{"@type":"BreadcrumbList","@id":"https:\/\/madeinzaragoza.es\/blog\/el-poder-transformador-del-arte-intervenciones-artisticas-en-espacios-publicos-y-privados-para-hacernos-sentir-mejor\/#breadcrumb","itemListElement":[{"@type":"ListItem","position":1,"name":"Portada","item":"http:\/\/madeinzaragoza.es\/blog\/"},{"@type":"ListItem","position":2,"name":"El poder transformador del Arte: intervenciones art\u00edsticas en espacios p\u00fablicos y privados para hacernos sentir mejor."}]},{"@type":"WebSite","@id":"http:\/\/madeinzaragoza.es\/blog\/#website","url":"http:\/\/madeinzaragoza.es\/blog\/","name":"Made in Zaragoza","description":"Blog de MadeinZGZ, Red de Econom\u00eda Creativa de Zaragoza","publisher":{"@id":"http:\/\/madeinzaragoza.es\/blog\/#organization"},"potentialAction":[{"@type":"SearchAction","target":{"@type":"EntryPoint","urlTemplate":"http:\/\/madeinzaragoza.es\/blog\/?s={search_term_string}"},"query-input":"required name=search_term_string"}],"inLanguage":"es"},{"@type":"Organization","@id":"http:\/\/madeinzaragoza.es\/blog\/#organization","name":"Made In Zaragoza","url":"http:\/\/madeinzaragoza.es\/blog\/","sameAs":["https:\/\/www.instagram.com\/madeinzaragoza.es\/","https:\/\/www.facebook.com\/madeinzaragoza.es\/","https:\/\/twitter.com\/madeinzaragoza"],"logo":{"@type":"ImageObject","inLanguage":"es","@id":"http:\/\/madeinzaragoza.es\/blog\/#\/schema\/logo\/image\/","url":"https:\/\/madeinzaragoza.es\/blog\/wp-content\/uploads\/2022\/05\/logo.png","contentUrl":"https:\/\/madeinzaragoza.es\/blog\/wp-content\/uploads\/2022\/05\/logo.png","width":193,"height":176,"caption":"Made In Zaragoza"},"image":{"@id":"http:\/\/madeinzaragoza.es\/blog\/#\/schema\/logo\/image\/"}},{"@type":"Person","@id":"http:\/\/madeinzaragoza.es\/blog\/#\/schema\/person\/fd836a8fe1177b6200bc8deffc3ad342","name":"Sergio Sevilla","image":{"@type":"ImageObject","inLanguage":"es","@id":"http:\/\/madeinzaragoza.es\/blog\/#\/schema\/person\/image\/","url":"http:\/\/1.gravatar.com\/avatar\/4a59e3901b7e749c4e3750c4fd5d0b43?s=96&d=mm&r=g","contentUrl":"http:\/\/1.gravatar.com\/avatar\/4a59e3901b7e749c4e3750c4fd5d0b43?s=96&d=mm&r=g","caption":"Sergio Sevilla"},"description":"Gesti\u00f3n e Innovaci\u00f3n cultural (I+C) Mi trabajo se basa en la b\u00fasqueda de conexiones culturales en espacios de tr\u00e1nsito. Soy director y programador de proyectos culturales. He coordinado el espacio C\u00f3rner MIZ de Made in Zaragoza y, en la actualidad, me dedico a investigar, documentar y poner en valor el muralismo cer\u00e1mico de los a\u00f1os 60, 70 y 80 de Zaragoza y su relaci\u00f3n con los entornos arquitect\u00f3nicos y decorativos de la \u00e9poca. Descubre el perfil de @ZaragozaModerna en Instagram. Take a walk on the Art side.","sameAs":["zarayorkers","@zaragozamoderna","\/sergiosevillatabernero"],"url":"http:\/\/madeinzaragoza.es\/blog\/author\/sergiosevilla\/"}]}},"_links":{"self":[{"href":"http:\/\/madeinzaragoza.es\/blog\/wp-json\/wp\/v2\/posts\/36451"}],"collection":[{"href":"http:\/\/madeinzaragoza.es\/blog\/wp-json\/wp\/v2\/posts"}],"about":[{"href":"http:\/\/madeinzaragoza.es\/blog\/wp-json\/wp\/v2\/types\/post"}],"author":[{"embeddable":true,"href":"http:\/\/madeinzaragoza.es\/blog\/wp-json\/wp\/v2\/users\/36"}],"replies":[{"embeddable":true,"href":"http:\/\/madeinzaragoza.es\/blog\/wp-json\/wp\/v2\/comments?post=36451"}],"version-history":[{"count":15,"href":"http:\/\/madeinzaragoza.es\/blog\/wp-json\/wp\/v2\/posts\/36451\/revisions"}],"predecessor-version":[{"id":36972,"href":"http:\/\/madeinzaragoza.es\/blog\/wp-json\/wp\/v2\/posts\/36451\/revisions\/36972"}],"wp:featuredmedia":[{"embeddable":true,"href":"http:\/\/madeinzaragoza.es\/blog\/wp-json\/wp\/v2\/media\/36600"}],"wp:attachment":[{"href":"http:\/\/madeinzaragoza.es\/blog\/wp-json\/wp\/v2\/media?parent=36451"}],"wp:term":[{"taxonomy":"category","embeddable":true,"href":"http:\/\/madeinzaragoza.es\/blog\/wp-json\/wp\/v2\/categories?post=36451"},{"taxonomy":"post_tag","embeddable":true,"href":"http:\/\/madeinzaragoza.es\/blog\/wp-json\/wp\/v2\/tags?post=36451"}],"curies":[{"name":"wp","href":"https:\/\/api.w.org\/{rel}","templated":true}]}}