{"id":30089,"date":"2020-11-23T17:19:43","date_gmt":"2020-11-23T16:19:43","guid":{"rendered":"http:\/\/madeinzaragoza.es\/blog\/?p=30089"},"modified":"2020-11-23T17:19:44","modified_gmt":"2020-11-23T16:19:44","slug":"el-proceso-creativo-en-la-obra-de-emma-gomara","status":"publish","type":"post","link":"http:\/\/madeinzaragoza.es\/blog\/el-proceso-creativo-en-la-obra-de-emma-gomara\/","title":{"rendered":"El proceso creativo en la obra de Emma G\u00f3mara"},"content":{"rendered":"\n<p>Como pudimos conocer en la <a href=\"http:\/\/madeinzaragoza.es\/blog\/la-observacion-figurativa-de-emma-gomara\/\" target=\"_blank\" rel=\"noreferrer noopener\">presentaci\u00f3n <\/a>del trabajo de Emma G\u00f3mara, su obra es el resultado de un poceso de observaci\u00f3n figurativa muy minucioso.  Se trata de una <strong>observaci\u00f3n casi obsesiva<\/strong> de las personas que la artista encuentra en su entorno diario o en espacios urbanos, como por ejemplo, las que ve en cada una de las ciudades que visita.<\/p>\n\n\n\n<p>Cuando estaba preparando la intervenci\u00f3n <strong><em><a href=\"http:\/\/madeinzaragoza.es\/blog\/oi-aquellos-pasos-y-dude-emma-gomara-en-corner-miz\/\" target=\"_blank\" rel=\"noreferrer noopener\">\u00abO\u00ed aquellos pasos y dud\u00e9\u00bb <\/a><\/em><\/strong>para el ciclo <strong>\u00abAutoficci\u00f3n y otras narrativas personales\u00bb<\/strong>, entramos en su estudio creativo para ver c\u00f3mo es este proceso y c\u00f3mo lo desarrolla en la intimidad de su estudio. <\/p>\n\n\n\n<p>En la siguiente galer\u00eda de im\u00e1genes, podemos observar m\u00e1s de cerca c\u00f3mo desarrolla su trabajo y en el v\u00eddeo, ella misma nos explica c\u00f3mo es todo el proceso.<\/p>\n\n\n\n<figure class=\"wp-block-image size-large\"><img loading=\"lazy\" decoding=\"async\" width=\"1024\" height=\"683\" src=\"http:\/\/madeinzaragoza.es\/blog\/wp-content\/uploads\/2020\/11\/Emma_Gomara_3-1-1024x683.jpg\" alt=\"\" class=\"wp-image-30093\" srcset=\"http:\/\/madeinzaragoza.es\/blog\/wp-content\/uploads\/2020\/11\/Emma_Gomara_3-1-1024x683.jpg 1024w, http:\/\/madeinzaragoza.es\/blog\/wp-content\/uploads\/2020\/11\/Emma_Gomara_3-1-300x200.jpg 300w, http:\/\/madeinzaragoza.es\/blog\/wp-content\/uploads\/2020\/11\/Emma_Gomara_3-1-768x512.jpg 768w, http:\/\/madeinzaragoza.es\/blog\/wp-content\/uploads\/2020\/11\/Emma_Gomara_3-1.jpg 1200w\" sizes=\"(max-width: 709px) 85vw, (max-width: 909px) 67vw, (max-width: 1362px) 62vw, 840px\" \/><\/figure>\n\n\n\n<figure class=\"wp-block-gallery aligncenter columns-3 is-cropped wp-block-gallery-1 is-layout-flex wp-block-gallery-is-layout-flex\"><ul class=\"blocks-gallery-grid\"><li class=\"blocks-gallery-item\"><figure><img loading=\"lazy\" decoding=\"async\" width=\"1024\" height=\"683\" src=\"http:\/\/madeinzaragoza.es\/blog\/wp-content\/uploads\/2020\/11\/Emma_Gomara_5-1-1024x683.jpg\" alt=\"\" data-id=\"30095\" data-full-url=\"http:\/\/madeinzaragoza.es\/blog\/wp-content\/uploads\/2020\/11\/Emma_Gomara_5-1.jpg\" data-link=\"http:\/\/madeinzaragoza.es\/blog\/?attachment_id=30095\" class=\"wp-image-30095\" srcset=\"http:\/\/madeinzaragoza.es\/blog\/wp-content\/uploads\/2020\/11\/Emma_Gomara_5-1-1024x683.jpg 1024w, http:\/\/madeinzaragoza.es\/blog\/wp-content\/uploads\/2020\/11\/Emma_Gomara_5-1-300x200.jpg 300w, http:\/\/madeinzaragoza.es\/blog\/wp-content\/uploads\/2020\/11\/Emma_Gomara_5-1-768x512.jpg 768w, http:\/\/madeinzaragoza.es\/blog\/wp-content\/uploads\/2020\/11\/Emma_Gomara_5-1.jpg 1200w\" sizes=\"(max-width: 709px) 85vw, (max-width: 909px) 67vw, (max-width: 1362px) 62vw, 840px\" \/><\/figure><\/li><li class=\"blocks-gallery-item\"><figure><img loading=\"lazy\" decoding=\"async\" width=\"1024\" height=\"683\" src=\"http:\/\/madeinzaragoza.es\/blog\/wp-content\/uploads\/2020\/11\/Emma_Gomara_6-1-1024x683.jpg\" alt=\"\" data-id=\"30096\" data-full-url=\"http:\/\/madeinzaragoza.es\/blog\/wp-content\/uploads\/2020\/11\/Emma_Gomara_6-1.jpg\" data-link=\"http:\/\/madeinzaragoza.es\/blog\/?attachment_id=30096\" class=\"wp-image-30096\" srcset=\"http:\/\/madeinzaragoza.es\/blog\/wp-content\/uploads\/2020\/11\/Emma_Gomara_6-1-1024x683.jpg 1024w, http:\/\/madeinzaragoza.es\/blog\/wp-content\/uploads\/2020\/11\/Emma_Gomara_6-1-300x200.jpg 300w, http:\/\/madeinzaragoza.es\/blog\/wp-content\/uploads\/2020\/11\/Emma_Gomara_6-1-768x512.jpg 768w, http:\/\/madeinzaragoza.es\/blog\/wp-content\/uploads\/2020\/11\/Emma_Gomara_6-1.jpg 1200w\" sizes=\"(max-width: 709px) 85vw, (max-width: 909px) 67vw, (max-width: 1362px) 62vw, 840px\" \/><\/figure><\/li><li class=\"blocks-gallery-item\"><figure><img loading=\"lazy\" decoding=\"async\" width=\"1024\" height=\"683\" src=\"http:\/\/madeinzaragoza.es\/blog\/wp-content\/uploads\/2020\/11\/Emma_Gomara_7-1-1024x683.jpg\" alt=\"\" data-id=\"30097\" data-full-url=\"http:\/\/madeinzaragoza.es\/blog\/wp-content\/uploads\/2020\/11\/Emma_Gomara_7-1.jpg\" data-link=\"http:\/\/madeinzaragoza.es\/blog\/?attachment_id=30097\" class=\"wp-image-30097\" srcset=\"http:\/\/madeinzaragoza.es\/blog\/wp-content\/uploads\/2020\/11\/Emma_Gomara_7-1-1024x683.jpg 1024w, http:\/\/madeinzaragoza.es\/blog\/wp-content\/uploads\/2020\/11\/Emma_Gomara_7-1-300x200.jpg 300w, http:\/\/madeinzaragoza.es\/blog\/wp-content\/uploads\/2020\/11\/Emma_Gomara_7-1-768x512.jpg 768w, http:\/\/madeinzaragoza.es\/blog\/wp-content\/uploads\/2020\/11\/Emma_Gomara_7-1.jpg 1200w\" sizes=\"(max-width: 709px) 85vw, (max-width: 909px) 67vw, (max-width: 1362px) 62vw, 840px\" \/><\/figure><\/li><li class=\"blocks-gallery-item\"><figure><img loading=\"lazy\" decoding=\"async\" width=\"1024\" height=\"683\" src=\"http:\/\/madeinzaragoza.es\/blog\/wp-content\/uploads\/2020\/11\/Emma_Gomara_8-1-1024x683.jpg\" alt=\"\" data-id=\"30098\" data-full-url=\"http:\/\/madeinzaragoza.es\/blog\/wp-content\/uploads\/2020\/11\/Emma_Gomara_8-1.jpg\" data-link=\"http:\/\/madeinzaragoza.es\/blog\/?attachment_id=30098\" class=\"wp-image-30098\" srcset=\"http:\/\/madeinzaragoza.es\/blog\/wp-content\/uploads\/2020\/11\/Emma_Gomara_8-1-1024x683.jpg 1024w, http:\/\/madeinzaragoza.es\/blog\/wp-content\/uploads\/2020\/11\/Emma_Gomara_8-1-300x200.jpg 300w, http:\/\/madeinzaragoza.es\/blog\/wp-content\/uploads\/2020\/11\/Emma_Gomara_8-1-768x512.jpg 768w, http:\/\/madeinzaragoza.es\/blog\/wp-content\/uploads\/2020\/11\/Emma_Gomara_8-1.jpg 1200w\" sizes=\"(max-width: 709px) 85vw, (max-width: 909px) 67vw, (max-width: 1362px) 62vw, 840px\" \/><\/figure><\/li><li class=\"blocks-gallery-item\"><figure><img loading=\"lazy\" decoding=\"async\" width=\"1024\" height=\"683\" src=\"http:\/\/madeinzaragoza.es\/blog\/wp-content\/uploads\/2020\/11\/Emma_Gomara_9-1-1024x683.jpg\" alt=\"\" data-id=\"30099\" data-full-url=\"http:\/\/madeinzaragoza.es\/blog\/wp-content\/uploads\/2020\/11\/Emma_Gomara_9-1.jpg\" data-link=\"http:\/\/madeinzaragoza.es\/blog\/?attachment_id=30099\" class=\"wp-image-30099\" srcset=\"http:\/\/madeinzaragoza.es\/blog\/wp-content\/uploads\/2020\/11\/Emma_Gomara_9-1-1024x683.jpg 1024w, http:\/\/madeinzaragoza.es\/blog\/wp-content\/uploads\/2020\/11\/Emma_Gomara_9-1-300x200.jpg 300w, http:\/\/madeinzaragoza.es\/blog\/wp-content\/uploads\/2020\/11\/Emma_Gomara_9-1-768x512.jpg 768w, http:\/\/madeinzaragoza.es\/blog\/wp-content\/uploads\/2020\/11\/Emma_Gomara_9-1.jpg 1200w\" sizes=\"(max-width: 709px) 85vw, (max-width: 909px) 67vw, (max-width: 1362px) 62vw, 840px\" \/><\/figure><\/li><li class=\"blocks-gallery-item\"><figure><img loading=\"lazy\" decoding=\"async\" width=\"1024\" height=\"683\" src=\"http:\/\/madeinzaragoza.es\/blog\/wp-content\/uploads\/2020\/11\/Emma_Gomara_10-1024x683.jpg\" alt=\"\" data-id=\"30100\" data-full-url=\"http:\/\/madeinzaragoza.es\/blog\/wp-content\/uploads\/2020\/11\/Emma_Gomara_10.jpg\" data-link=\"http:\/\/madeinzaragoza.es\/blog\/?attachment_id=30100\" class=\"wp-image-30100\" srcset=\"http:\/\/madeinzaragoza.es\/blog\/wp-content\/uploads\/2020\/11\/Emma_Gomara_10-1024x683.jpg 1024w, http:\/\/madeinzaragoza.es\/blog\/wp-content\/uploads\/2020\/11\/Emma_Gomara_10-300x200.jpg 300w, http:\/\/madeinzaragoza.es\/blog\/wp-content\/uploads\/2020\/11\/Emma_Gomara_10-768x512.jpg 768w, http:\/\/madeinzaragoza.es\/blog\/wp-content\/uploads\/2020\/11\/Emma_Gomara_10.jpg 1200w\" sizes=\"(max-width: 709px) 85vw, (max-width: 909px) 67vw, (max-width: 1362px) 62vw, 840px\" \/><\/figure><\/li><li class=\"blocks-gallery-item\"><figure><img loading=\"lazy\" decoding=\"async\" width=\"1024\" height=\"683\" src=\"http:\/\/madeinzaragoza.es\/blog\/wp-content\/uploads\/2020\/11\/Emma_Gomara_2-1-1024x683.jpg\" alt=\"\" data-id=\"30092\" data-full-url=\"http:\/\/madeinzaragoza.es\/blog\/wp-content\/uploads\/2020\/11\/Emma_Gomara_2-1.jpg\" data-link=\"http:\/\/madeinzaragoza.es\/blog\/?attachment_id=30092\" class=\"wp-image-30092\" srcset=\"http:\/\/madeinzaragoza.es\/blog\/wp-content\/uploads\/2020\/11\/Emma_Gomara_2-1-1024x683.jpg 1024w, http:\/\/madeinzaragoza.es\/blog\/wp-content\/uploads\/2020\/11\/Emma_Gomara_2-1-300x200.jpg 300w, http:\/\/madeinzaragoza.es\/blog\/wp-content\/uploads\/2020\/11\/Emma_Gomara_2-1-768x512.jpg 768w, http:\/\/madeinzaragoza.es\/blog\/wp-content\/uploads\/2020\/11\/Emma_Gomara_2-1.jpg 1200w\" sizes=\"(max-width: 709px) 85vw, (max-width: 909px) 67vw, (max-width: 1362px) 62vw, 840px\" \/><\/figure><\/li><li class=\"blocks-gallery-item\"><figure><img loading=\"lazy\" decoding=\"async\" width=\"1024\" height=\"683\" src=\"http:\/\/madeinzaragoza.es\/blog\/wp-content\/uploads\/2020\/11\/Emma_Gomara_4-1-1024x683.jpg\" alt=\"\" data-id=\"30090\" data-full-url=\"http:\/\/madeinzaragoza.es\/blog\/wp-content\/uploads\/2020\/11\/Emma_Gomara_4-1.jpg\" data-link=\"http:\/\/madeinzaragoza.es\/blog\/?attachment_id=30090\" class=\"wp-image-30090\" srcset=\"http:\/\/madeinzaragoza.es\/blog\/wp-content\/uploads\/2020\/11\/Emma_Gomara_4-1-1024x683.jpg 1024w, http:\/\/madeinzaragoza.es\/blog\/wp-content\/uploads\/2020\/11\/Emma_Gomara_4-1-300x200.jpg 300w, http:\/\/madeinzaragoza.es\/blog\/wp-content\/uploads\/2020\/11\/Emma_Gomara_4-1-768x512.jpg 768w, http:\/\/madeinzaragoza.es\/blog\/wp-content\/uploads\/2020\/11\/Emma_Gomara_4-1.jpg 1200w\" sizes=\"(max-width: 709px) 85vw, (max-width: 909px) 67vw, (max-width: 1362px) 62vw, 840px\" \/><\/figure><\/li><\/ul><figcaption class=\"blocks-gallery-caption\"><em>Fotograf\u00edas: Daniel Avil\u00e9s<\/em><\/figcaption><\/figure>\n\n\n\n<p>En este v\u00eddeo podemos ver a la artista hablando sobre la instalaci\u00f3n y el proceso creativo de la su obra en general y de la intervenci\u00f3n <em><strong>\u00abO\u00ed aquellos pasos y dud\u00e9\u00bb<\/strong><\/em> que ha presentado en <strong>C\u00f3rner MIZ<\/strong>. Ella misma nos habla sobre la obra y su significado.<\/p>\n\n\n\n<figure class=\"wp-block-embed-youtube wp-block-embed is-type-video is-provider-youtube wp-embed-aspect-16-9 wp-has-aspect-ratio\"><div class=\"wp-block-embed__wrapper\">\n<iframe loading=\"lazy\" title=\"C\u00f3rner MIZ - Emma G\u00f3mara\" width=\"840\" height=\"473\" src=\"https:\/\/www.youtube.com\/embed\/Vbi2q6liezc?feature=oembed\" frameborder=\"0\" allow=\"accelerometer; autoplay; clipboard-write; encrypted-media; gyroscope; picture-in-picture\" allowfullscreen><\/iframe>\n<\/div><\/figure>\n\n\n\n<p>La intervenci\u00f3n ef\u00edmera de Emma G\u00f3mara puede visitarse en C\u00f3rner MIZ hasta el d\u00eda 30 de noviembre.<\/p>\n","protected":false},"excerpt":{"rendered":"<p>Como pudimos conocer en la presentaci\u00f3n del trabajo de Emma G\u00f3mara, su obra es el resultado de un poceso de observaci\u00f3n figurativa muy minucioso. Se trata de una observaci\u00f3n casi obsesiva de las personas que la artista encuentra en su entorno diario o en espacios urbanos, como por ejemplo, las que ve en cada una &hellip; <a href=\"http:\/\/madeinzaragoza.es\/blog\/el-proceso-creativo-en-la-obra-de-emma-gomara\/\" class=\"more-link\">Continuar leyendo<span class=\"screen-reader-text\"> \u00abEl proceso creativo en la obra de Emma G\u00f3mara\u00bb<\/span><\/a><\/p>\n","protected":false},"author":36,"featured_media":30090,"comment_status":"open","ping_status":"open","sticky":false,"template":"","format":"standard","meta":{"footnotes":""},"categories":[831],"tags":[],"yoast_head":"<!-- This site is optimized with the Yoast SEO plugin v19.7.2 - https:\/\/yoast.com\/wordpress\/plugins\/seo\/ -->\n<title>El proceso creativo en la obra de Emma G\u00f3mara - Made in Zaragoza<\/title>\n<meta name=\"robots\" content=\"index, follow, max-snippet:-1, max-image-preview:large, max-video-preview:-1\" \/>\n<link rel=\"canonical\" href=\"http:\/\/madeinzaragoza.es\/blog\/el-proceso-creativo-en-la-obra-de-emma-gomara\/\" \/>\n<meta property=\"og:locale\" content=\"es_ES\" \/>\n<meta property=\"og:type\" content=\"article\" \/>\n<meta property=\"og:title\" content=\"El proceso creativo en la obra de Emma G\u00f3mara - Made in Zaragoza\" \/>\n<meta property=\"og:description\" content=\"Como pudimos conocer en la presentaci\u00f3n del trabajo de Emma G\u00f3mara, su obra es el resultado de un poceso de observaci\u00f3n figurativa muy minucioso. Se trata de una observaci\u00f3n casi obsesiva de las personas que la artista encuentra en su entorno diario o en espacios urbanos, como por ejemplo, las que ve en cada una &hellip; Continuar leyendo &quot;El proceso creativo en la obra de Emma G\u00f3mara&quot;\" \/>\n<meta property=\"og:url\" content=\"http:\/\/madeinzaragoza.es\/blog\/el-proceso-creativo-en-la-obra-de-emma-gomara\/\" \/>\n<meta property=\"og:site_name\" content=\"Made in Zaragoza\" \/>\n<meta property=\"article:publisher\" content=\"https:\/\/www.facebook.com\/madeinzaragoza.es\/\" \/>\n<meta property=\"article:author\" content=\"zarayorkers\" \/>\n<meta property=\"article:published_time\" content=\"2020-11-23T16:19:43+00:00\" \/>\n<meta property=\"article:modified_time\" content=\"2020-11-23T16:19:44+00:00\" \/>\n<meta property=\"og:image\" content=\"http:\/\/madeinzaragoza.es\/blog\/wp-content\/uploads\/2020\/11\/Emma_Gomara_4-1.jpg\" \/>\n\t<meta property=\"og:image:width\" content=\"1200\" \/>\n\t<meta property=\"og:image:height\" content=\"800\" \/>\n\t<meta property=\"og:image:type\" content=\"image\/jpeg\" \/>\n<meta name=\"author\" content=\"Sergio Sevilla\" \/>\n<meta name=\"twitter:card\" content=\"summary\" \/>\n<meta name=\"twitter:creator\" content=\"@madeinzaragoza\" \/>\n<meta name=\"twitter:site\" content=\"@madeinzaragoza\" \/>\n<meta name=\"twitter:label1\" content=\"Escrito por\" \/>\n\t<meta name=\"twitter:data1\" content=\"Sergio Sevilla\" \/>\n\t<meta name=\"twitter:label2\" content=\"Tiempo de lectura\" \/>\n\t<meta name=\"twitter:data2\" content=\"1 minuto\" \/>\n<script type=\"application\/ld+json\" class=\"yoast-schema-graph\">{\"@context\":\"https:\/\/schema.org\",\"@graph\":[{\"@type\":\"Article\",\"@id\":\"http:\/\/madeinzaragoza.es\/blog\/el-proceso-creativo-en-la-obra-de-emma-gomara\/#article\",\"isPartOf\":{\"@id\":\"http:\/\/madeinzaragoza.es\/blog\/el-proceso-creativo-en-la-obra-de-emma-gomara\/\"},\"author\":{\"name\":\"Sergio Sevilla\",\"@id\":\"https:\/\/madeinzaragoza.es\/blog\/#\/schema\/person\/fd836a8fe1177b6200bc8deffc3ad342\"},\"headline\":\"El proceso creativo en la obra de Emma G\u00f3mara\",\"datePublished\":\"2020-11-23T16:19:43+00:00\",\"dateModified\":\"2020-11-23T16:19:44+00:00\",\"mainEntityOfPage\":{\"@id\":\"http:\/\/madeinzaragoza.es\/blog\/el-proceso-creativo-en-la-obra-de-emma-gomara\/\"},\"wordCount\":237,\"commentCount\":0,\"publisher\":{\"@id\":\"https:\/\/madeinzaragoza.es\/blog\/#organization\"},\"articleSection\":[\"CornerMIZ\"],\"inLanguage\":\"es\",\"potentialAction\":[{\"@type\":\"CommentAction\",\"name\":\"Comment\",\"target\":[\"http:\/\/madeinzaragoza.es\/blog\/el-proceso-creativo-en-la-obra-de-emma-gomara\/#respond\"]}]},{\"@type\":\"WebPage\",\"@id\":\"http:\/\/madeinzaragoza.es\/blog\/el-proceso-creativo-en-la-obra-de-emma-gomara\/\",\"url\":\"http:\/\/madeinzaragoza.es\/blog\/el-proceso-creativo-en-la-obra-de-emma-gomara\/\",\"name\":\"El proceso creativo en la obra de Emma G\u00f3mara - Made in Zaragoza\",\"isPartOf\":{\"@id\":\"https:\/\/madeinzaragoza.es\/blog\/#website\"},\"datePublished\":\"2020-11-23T16:19:43+00:00\",\"dateModified\":\"2020-11-23T16:19:44+00:00\",\"breadcrumb\":{\"@id\":\"http:\/\/madeinzaragoza.es\/blog\/el-proceso-creativo-en-la-obra-de-emma-gomara\/#breadcrumb\"},\"inLanguage\":\"es\",\"potentialAction\":[{\"@type\":\"ReadAction\",\"target\":[\"http:\/\/madeinzaragoza.es\/blog\/el-proceso-creativo-en-la-obra-de-emma-gomara\/\"]}]},{\"@type\":\"BreadcrumbList\",\"@id\":\"http:\/\/madeinzaragoza.es\/blog\/el-proceso-creativo-en-la-obra-de-emma-gomara\/#breadcrumb\",\"itemListElement\":[{\"@type\":\"ListItem\",\"position\":1,\"name\":\"Portada\",\"item\":\"https:\/\/madeinzaragoza.es\/blog\/\"},{\"@type\":\"ListItem\",\"position\":2,\"name\":\"El proceso creativo en la obra de Emma G\u00f3mara\"}]},{\"@type\":\"WebSite\",\"@id\":\"https:\/\/madeinzaragoza.es\/blog\/#website\",\"url\":\"https:\/\/madeinzaragoza.es\/blog\/\",\"name\":\"Made in Zaragoza\",\"description\":\"Blog de MadeinZGZ, Red de Econom\u00eda Creativa de Zaragoza\",\"publisher\":{\"@id\":\"https:\/\/madeinzaragoza.es\/blog\/#organization\"},\"potentialAction\":[{\"@type\":\"SearchAction\",\"target\":{\"@type\":\"EntryPoint\",\"urlTemplate\":\"https:\/\/madeinzaragoza.es\/blog\/?s={search_term_string}\"},\"query-input\":\"required name=search_term_string\"}],\"inLanguage\":\"es\"},{\"@type\":\"Organization\",\"@id\":\"https:\/\/madeinzaragoza.es\/blog\/#organization\",\"name\":\"Made In Zaragoza\",\"url\":\"https:\/\/madeinzaragoza.es\/blog\/\",\"sameAs\":[\"https:\/\/www.instagram.com\/madeinzaragoza.es\/\",\"https:\/\/www.facebook.com\/madeinzaragoza.es\/\",\"https:\/\/twitter.com\/madeinzaragoza\"],\"logo\":{\"@type\":\"ImageObject\",\"inLanguage\":\"es\",\"@id\":\"https:\/\/madeinzaragoza.es\/blog\/#\/schema\/logo\/image\/\",\"url\":\"https:\/\/madeinzaragoza.es\/blog\/wp-content\/uploads\/2022\/05\/logo.png\",\"contentUrl\":\"https:\/\/madeinzaragoza.es\/blog\/wp-content\/uploads\/2022\/05\/logo.png\",\"width\":193,\"height\":176,\"caption\":\"Made In Zaragoza\"},\"image\":{\"@id\":\"https:\/\/madeinzaragoza.es\/blog\/#\/schema\/logo\/image\/\"}},{\"@type\":\"Person\",\"@id\":\"https:\/\/madeinzaragoza.es\/blog\/#\/schema\/person\/fd836a8fe1177b6200bc8deffc3ad342\",\"name\":\"Sergio Sevilla\",\"image\":{\"@type\":\"ImageObject\",\"inLanguage\":\"es\",\"@id\":\"https:\/\/madeinzaragoza.es\/blog\/#\/schema\/person\/image\/\",\"url\":\"http:\/\/1.gravatar.com\/avatar\/4a59e3901b7e749c4e3750c4fd5d0b43?s=96&d=mm&r=g\",\"contentUrl\":\"http:\/\/1.gravatar.com\/avatar\/4a59e3901b7e749c4e3750c4fd5d0b43?s=96&d=mm&r=g\",\"caption\":\"Sergio Sevilla\"},\"description\":\"Gesti\u00f3n e Innovaci\u00f3n cultural (I+C) Mi trabajo se basa en la b\u00fasqueda de conexiones culturales en espacios de tr\u00e1nsito. Soy director y programador de proyectos culturales. He coordinado el espacio C\u00f3rner MIZ de Made in Zaragoza y, en la actualidad, me dedico a investigar, documentar y poner en valor el muralismo cer\u00e1mico de los a\u00f1os 60, 70 y 80 de Zaragoza y su relaci\u00f3n con los entornos arquitect\u00f3nicos y decorativos de la \u00e9poca. Descubre el perfil de @ZaragozaModerna en Instagram. Take a walk on the Art side.\",\"sameAs\":[\"zarayorkers\",\"@zaragozamoderna\",\"\/sergiosevillatabernero\"],\"url\":\"http:\/\/madeinzaragoza.es\/blog\/author\/sergiosevilla\/\"}]}<\/script>\n<!-- \/ Yoast SEO plugin. -->","yoast_head_json":{"title":"El proceso creativo en la obra de Emma G\u00f3mara - Made in Zaragoza","robots":{"index":"index","follow":"follow","max-snippet":"max-snippet:-1","max-image-preview":"max-image-preview:large","max-video-preview":"max-video-preview:-1"},"canonical":"http:\/\/madeinzaragoza.es\/blog\/el-proceso-creativo-en-la-obra-de-emma-gomara\/","og_locale":"es_ES","og_type":"article","og_title":"El proceso creativo en la obra de Emma G\u00f3mara - Made in Zaragoza","og_description":"Como pudimos conocer en la presentaci\u00f3n del trabajo de Emma G\u00f3mara, su obra es el resultado de un poceso de observaci\u00f3n figurativa muy minucioso. Se trata de una observaci\u00f3n casi obsesiva de las personas que la artista encuentra en su entorno diario o en espacios urbanos, como por ejemplo, las que ve en cada una &hellip; Continuar leyendo \"El proceso creativo en la obra de Emma G\u00f3mara\"","og_url":"http:\/\/madeinzaragoza.es\/blog\/el-proceso-creativo-en-la-obra-de-emma-gomara\/","og_site_name":"Made in Zaragoza","article_publisher":"https:\/\/www.facebook.com\/madeinzaragoza.es\/","article_author":"zarayorkers","article_published_time":"2020-11-23T16:19:43+00:00","article_modified_time":"2020-11-23T16:19:44+00:00","og_image":[{"width":1200,"height":800,"url":"http:\/\/madeinzaragoza.es\/blog\/wp-content\/uploads\/2020\/11\/Emma_Gomara_4-1.jpg","type":"image\/jpeg"}],"author":"Sergio Sevilla","twitter_card":"summary","twitter_creator":"@madeinzaragoza","twitter_site":"@madeinzaragoza","twitter_misc":{"Escrito por":"Sergio Sevilla","Tiempo de lectura":"1 minuto"},"schema":{"@context":"https:\/\/schema.org","@graph":[{"@type":"Article","@id":"http:\/\/madeinzaragoza.es\/blog\/el-proceso-creativo-en-la-obra-de-emma-gomara\/#article","isPartOf":{"@id":"http:\/\/madeinzaragoza.es\/blog\/el-proceso-creativo-en-la-obra-de-emma-gomara\/"},"author":{"name":"Sergio Sevilla","@id":"https:\/\/madeinzaragoza.es\/blog\/#\/schema\/person\/fd836a8fe1177b6200bc8deffc3ad342"},"headline":"El proceso creativo en la obra de Emma G\u00f3mara","datePublished":"2020-11-23T16:19:43+00:00","dateModified":"2020-11-23T16:19:44+00:00","mainEntityOfPage":{"@id":"http:\/\/madeinzaragoza.es\/blog\/el-proceso-creativo-en-la-obra-de-emma-gomara\/"},"wordCount":237,"commentCount":0,"publisher":{"@id":"https:\/\/madeinzaragoza.es\/blog\/#organization"},"articleSection":["CornerMIZ"],"inLanguage":"es","potentialAction":[{"@type":"CommentAction","name":"Comment","target":["http:\/\/madeinzaragoza.es\/blog\/el-proceso-creativo-en-la-obra-de-emma-gomara\/#respond"]}]},{"@type":"WebPage","@id":"http:\/\/madeinzaragoza.es\/blog\/el-proceso-creativo-en-la-obra-de-emma-gomara\/","url":"http:\/\/madeinzaragoza.es\/blog\/el-proceso-creativo-en-la-obra-de-emma-gomara\/","name":"El proceso creativo en la obra de Emma G\u00f3mara - Made in Zaragoza","isPartOf":{"@id":"https:\/\/madeinzaragoza.es\/blog\/#website"},"datePublished":"2020-11-23T16:19:43+00:00","dateModified":"2020-11-23T16:19:44+00:00","breadcrumb":{"@id":"http:\/\/madeinzaragoza.es\/blog\/el-proceso-creativo-en-la-obra-de-emma-gomara\/#breadcrumb"},"inLanguage":"es","potentialAction":[{"@type":"ReadAction","target":["http:\/\/madeinzaragoza.es\/blog\/el-proceso-creativo-en-la-obra-de-emma-gomara\/"]}]},{"@type":"BreadcrumbList","@id":"http:\/\/madeinzaragoza.es\/blog\/el-proceso-creativo-en-la-obra-de-emma-gomara\/#breadcrumb","itemListElement":[{"@type":"ListItem","position":1,"name":"Portada","item":"https:\/\/madeinzaragoza.es\/blog\/"},{"@type":"ListItem","position":2,"name":"El proceso creativo en la obra de Emma G\u00f3mara"}]},{"@type":"WebSite","@id":"https:\/\/madeinzaragoza.es\/blog\/#website","url":"https:\/\/madeinzaragoza.es\/blog\/","name":"Made in Zaragoza","description":"Blog de MadeinZGZ, Red de Econom\u00eda Creativa de Zaragoza","publisher":{"@id":"https:\/\/madeinzaragoza.es\/blog\/#organization"},"potentialAction":[{"@type":"SearchAction","target":{"@type":"EntryPoint","urlTemplate":"https:\/\/madeinzaragoza.es\/blog\/?s={search_term_string}"},"query-input":"required name=search_term_string"}],"inLanguage":"es"},{"@type":"Organization","@id":"https:\/\/madeinzaragoza.es\/blog\/#organization","name":"Made In Zaragoza","url":"https:\/\/madeinzaragoza.es\/blog\/","sameAs":["https:\/\/www.instagram.com\/madeinzaragoza.es\/","https:\/\/www.facebook.com\/madeinzaragoza.es\/","https:\/\/twitter.com\/madeinzaragoza"],"logo":{"@type":"ImageObject","inLanguage":"es","@id":"https:\/\/madeinzaragoza.es\/blog\/#\/schema\/logo\/image\/","url":"https:\/\/madeinzaragoza.es\/blog\/wp-content\/uploads\/2022\/05\/logo.png","contentUrl":"https:\/\/madeinzaragoza.es\/blog\/wp-content\/uploads\/2022\/05\/logo.png","width":193,"height":176,"caption":"Made In Zaragoza"},"image":{"@id":"https:\/\/madeinzaragoza.es\/blog\/#\/schema\/logo\/image\/"}},{"@type":"Person","@id":"https:\/\/madeinzaragoza.es\/blog\/#\/schema\/person\/fd836a8fe1177b6200bc8deffc3ad342","name":"Sergio Sevilla","image":{"@type":"ImageObject","inLanguage":"es","@id":"https:\/\/madeinzaragoza.es\/blog\/#\/schema\/person\/image\/","url":"http:\/\/1.gravatar.com\/avatar\/4a59e3901b7e749c4e3750c4fd5d0b43?s=96&d=mm&r=g","contentUrl":"http:\/\/1.gravatar.com\/avatar\/4a59e3901b7e749c4e3750c4fd5d0b43?s=96&d=mm&r=g","caption":"Sergio Sevilla"},"description":"Gesti\u00f3n e Innovaci\u00f3n cultural (I+C) Mi trabajo se basa en la b\u00fasqueda de conexiones culturales en espacios de tr\u00e1nsito. Soy director y programador de proyectos culturales. He coordinado el espacio C\u00f3rner MIZ de Made in Zaragoza y, en la actualidad, me dedico a investigar, documentar y poner en valor el muralismo cer\u00e1mico de los a\u00f1os 60, 70 y 80 de Zaragoza y su relaci\u00f3n con los entornos arquitect\u00f3nicos y decorativos de la \u00e9poca. Descubre el perfil de @ZaragozaModerna en Instagram. Take a walk on the Art side.","sameAs":["zarayorkers","@zaragozamoderna","\/sergiosevillatabernero"],"url":"http:\/\/madeinzaragoza.es\/blog\/author\/sergiosevilla\/"}]}},"_links":{"self":[{"href":"http:\/\/madeinzaragoza.es\/blog\/wp-json\/wp\/v2\/posts\/30089"}],"collection":[{"href":"http:\/\/madeinzaragoza.es\/blog\/wp-json\/wp\/v2\/posts"}],"about":[{"href":"http:\/\/madeinzaragoza.es\/blog\/wp-json\/wp\/v2\/types\/post"}],"author":[{"embeddable":true,"href":"http:\/\/madeinzaragoza.es\/blog\/wp-json\/wp\/v2\/users\/36"}],"replies":[{"embeddable":true,"href":"http:\/\/madeinzaragoza.es\/blog\/wp-json\/wp\/v2\/comments?post=30089"}],"version-history":[{"count":3,"href":"http:\/\/madeinzaragoza.es\/blog\/wp-json\/wp\/v2\/posts\/30089\/revisions"}],"predecessor-version":[{"id":30106,"href":"http:\/\/madeinzaragoza.es\/blog\/wp-json\/wp\/v2\/posts\/30089\/revisions\/30106"}],"wp:featuredmedia":[{"embeddable":true,"href":"http:\/\/madeinzaragoza.es\/blog\/wp-json\/wp\/v2\/media\/30090"}],"wp:attachment":[{"href":"http:\/\/madeinzaragoza.es\/blog\/wp-json\/wp\/v2\/media?parent=30089"}],"wp:term":[{"taxonomy":"category","embeddable":true,"href":"http:\/\/madeinzaragoza.es\/blog\/wp-json\/wp\/v2\/categories?post=30089"},{"taxonomy":"post_tag","embeddable":true,"href":"http:\/\/madeinzaragoza.es\/blog\/wp-json\/wp\/v2\/tags?post=30089"}],"curies":[{"name":"wp","href":"https:\/\/api.w.org\/{rel}","templated":true}]}}