{"id":29805,"date":"2020-10-19T18:43:33","date_gmt":"2020-10-19T17:43:33","guid":{"rendered":"http:\/\/madeinzaragoza.es\/blog\/?p=29805"},"modified":"2020-10-26T10:23:06","modified_gmt":"2020-10-26T09:23:06","slug":"la-observacion-figurativa-de-emma-gomara","status":"publish","type":"post","link":"http:\/\/madeinzaragoza.es\/blog\/la-observacion-figurativa-de-emma-gomara\/","title":{"rendered":"La observaci\u00f3n figurativa de Emma G\u00f3mara."},"content":{"rendered":"\n<p><strong><a href=\"http:\/\/emmagomara.com\/\">Emma G\u00f3mara<\/a><\/strong> es una artista de Zaragoza que trabaja  lenguajes pl\u00e1sticos como la pintura, la ilustraci\u00f3n y el collage en el terreno de la <strong>figuraci\u00f3n<\/strong>. Con formaci\u00f3n en artes pl\u00e1sticas gracias a su formaci\u00f3n en el estudio de arte del tambi\u00e9n figurativo Eduardo Lozano y cursos de especializaci\u00f3n de pintura, como el curso \u00abFigura en el paisaje\u00bb que realiz\u00f3 en la Fundacio\u0301n Santa Mari\u0301a de Albarraci\u0301n le hacen decantarse por el estilo figurativo y, sobre todo, por la <strong>figura humana<\/strong>.<\/p>\n\n\n\n<p>Su obra actual, se engloba en <strong>dos grandes tem\u00e1ticas<\/strong> en las que ha trabajado en profundidad la figura humana y que surgen en su entorno m\u00e1s inmediato. Por un lado, las obras derivadas de la serie \u00ab<strong><em>Inmersi\u00f3n\u00bb<\/em><\/strong> en las que profundiza e investiga sobre la figura humana en el mar. Esta l\u00ednea de experimentaci\u00f3n surgi\u00f3 de unas vacaciones en Indonesia y es el resultado de las experiencias de practicar snorkel. Buceadores y fondos marinos son plasmados tanto en lienzos de gran formato como en papel y tablillas. Figuras humanas en acciones recreativas sobre masas de color azul que comparten protagonismo con las propias personas representadas. Esa presencia tan clara del fondo se pierde en su siguiente l\u00ednea de trabajo cediendo todo el protagonismo a la figura humana.<\/p>\n\n\n\n<div class=\"wp-block-image\"><figure class=\"aligncenter size-large\"><img loading=\"lazy\" decoding=\"async\" width=\"1024\" height=\"506\" src=\"http:\/\/madeinzaragoza.es\/blog\/wp-content\/uploads\/2020\/10\/Cuadro3-destacada-1024x506.jpg\" alt=\"\" class=\"wp-image-29806\" srcset=\"http:\/\/madeinzaragoza.es\/blog\/wp-content\/uploads\/2020\/10\/Cuadro3-destacada-1024x506.jpg 1024w, http:\/\/madeinzaragoza.es\/blog\/wp-content\/uploads\/2020\/10\/Cuadro3-destacada-300x148.jpg 300w, http:\/\/madeinzaragoza.es\/blog\/wp-content\/uploads\/2020\/10\/Cuadro3-destacada-768x379.jpg 768w, http:\/\/madeinzaragoza.es\/blog\/wp-content\/uploads\/2020\/10\/Cuadro3-destacada-1536x759.jpg 1536w, http:\/\/madeinzaragoza.es\/blog\/wp-content\/uploads\/2020\/10\/Cuadro3-destacada-1200x593.jpg 1200w, http:\/\/madeinzaragoza.es\/blog\/wp-content\/uploads\/2020\/10\/Cuadro3-destacada.jpg 1539w\" sizes=\"(max-width: 709px) 85vw, (max-width: 909px) 67vw, (max-width: 1362px) 62vw, 840px\" \/><\/figure><\/div>\n\n\n\n<div class=\"wp-block-image\"><figure class=\"aligncenter size-large\"><img loading=\"lazy\" decoding=\"async\" width=\"1000\" height=\"760\" src=\"http:\/\/madeinzaragoza.es\/blog\/wp-content\/uploads\/2020\/10\/Cuadro1_destacada-1.jpg\" alt=\"\" class=\"wp-image-29807\" srcset=\"http:\/\/madeinzaragoza.es\/blog\/wp-content\/uploads\/2020\/10\/Cuadro1_destacada-1.jpg 1000w, http:\/\/madeinzaragoza.es\/blog\/wp-content\/uploads\/2020\/10\/Cuadro1_destacada-1-300x228.jpg 300w, http:\/\/madeinzaragoza.es\/blog\/wp-content\/uploads\/2020\/10\/Cuadro1_destacada-1-768x584.jpg 768w\" sizes=\"(max-width: 709px) 85vw, (max-width: 909px) 67vw, (max-width: 1362px) 62vw, 840px\" \/><\/figure><\/div>\n\n\n\n<p>Su obra se caracteriza por la <strong>observaci\u00f3n casi obsesiva<\/strong> de las personas que la artista encuentra en su entorno, como por ejemplo, las que ve en cada una de las ciudades que visita. Al tratar de concentrarse en el personaje, la mayor\u00eda de las veces los fondos se ven borrosos enfatizando el protagonismo de la figura que queda como congelada en el tiempo. En sus pinturas, la figura humana centra todo el foco de atenci\u00f3n, por esa raz\u00f3n los fondos son siempre blancos o muy borrosos, <strong>creando una atm\u00f3sfera de enso\u00f1aci\u00f3n<\/strong>. <\/p>\n\n\n\n<p>Sin embargo, los personajes que representa no tienen rostro, son seres an\u00f3nimos que acompa\u00f1an los pasos del d\u00eda a d\u00eda y con quienes es f\u00e1cil identificarse ya que podr\u00edamos ser nosotros mismos. Son personajes sacados de su entorno: viajes, vecindario, familia y amigos, que dejan huella y recrean su propio universo.<\/p>\n\n\n\n<div class=\"wp-block-image\"><figure class=\"aligncenter size-large\"><img loading=\"lazy\" decoding=\"async\" width=\"969\" height=\"760\" src=\"http:\/\/madeinzaragoza.es\/blog\/wp-content\/uploads\/2020\/10\/Illustration9_feature-1.jpg\" alt=\"\" class=\"wp-image-29808\" srcset=\"http:\/\/madeinzaragoza.es\/blog\/wp-content\/uploads\/2020\/10\/Illustration9_feature-1.jpg 969w, http:\/\/madeinzaragoza.es\/blog\/wp-content\/uploads\/2020\/10\/Illustration9_feature-1-300x235.jpg 300w, http:\/\/madeinzaragoza.es\/blog\/wp-content\/uploads\/2020\/10\/Illustration9_feature-1-768x602.jpg 768w\" sizes=\"(max-width: 709px) 85vw, (max-width: 909px) 67vw, (max-width: 1362px) 62vw, 840px\" \/><\/figure><\/div>\n\n\n\n<div class=\"wp-block-image\"><figure class=\"aligncenter size-large\"><img loading=\"lazy\" decoding=\"async\" width=\"1024\" height=\"499\" src=\"http:\/\/madeinzaragoza.es\/blog\/wp-content\/uploads\/2020\/10\/Illustration19-feature-1-1024x499.jpg\" alt=\"\" class=\"wp-image-29809\" srcset=\"http:\/\/madeinzaragoza.es\/blog\/wp-content\/uploads\/2020\/10\/Illustration19-feature-1-1024x499.jpg 1024w, http:\/\/madeinzaragoza.es\/blog\/wp-content\/uploads\/2020\/10\/Illustration19-feature-1-300x146.jpg 300w, http:\/\/madeinzaragoza.es\/blog\/wp-content\/uploads\/2020\/10\/Illustration19-feature-1-768x374.jpg 768w, http:\/\/madeinzaragoza.es\/blog\/wp-content\/uploads\/2020\/10\/Illustration19-feature-1-1536x748.jpg 1536w, http:\/\/madeinzaragoza.es\/blog\/wp-content\/uploads\/2020\/10\/Illustration19-feature-1-1200x585.jpg 1200w, http:\/\/madeinzaragoza.es\/blog\/wp-content\/uploads\/2020\/10\/Illustration19-feature-1.jpg 1560w\" sizes=\"(max-width: 709px) 85vw, (max-width: 909px) 67vw, (max-width: 1362px) 62vw, 840px\" \/><\/figure><\/div>\n\n\n\n<p>Emma ha expuesto con anterioridad de forma individual y colectiva en muestras realizadas en el Centro Joaqu\u00edn Roncal de la Fundaci\u00f3n CAI, en el Espacio Visiones, en el espacio expositivo Arte Roma, la Torre Virgen Blanca de la Fundaci\u00f3n Santa Mar\u00eda de Albarrac\u00edn o en Villanueva de G\u00e1llego dentro del concurso Francisco de Pradilla. Recientemente hemos podido verla tambi\u00e9n exponiendo entre las obras seleccionadas en la XXXI edici\u00f3n del Premio de arte <strong><a href=\"http:\/\/madeinzaragoza.es\/blog\/descubrimos-a-los-artistas-de-la-edicion-2020-del-premio-de-arte-santa-isabel-de-aragon-reina-de-portugal\/\">\u00abSanta Isabel de Arag\u00f3n Reina de Portugal\u00bb<\/a><\/strong>.<\/p>\n\n\n\n<div class=\"wp-block-image\"><figure class=\"aligncenter size-large\"><img loading=\"lazy\" decoding=\"async\" width=\"1024\" height=\"768\" src=\"http:\/\/madeinzaragoza.es\/blog\/wp-content\/uploads\/2020\/10\/IMG_1314_low-1024x768.jpg\" alt=\"\" class=\"wp-image-29811\" srcset=\"http:\/\/madeinzaragoza.es\/blog\/wp-content\/uploads\/2020\/10\/IMG_1314_low-1024x768.jpg 1024w, http:\/\/madeinzaragoza.es\/blog\/wp-content\/uploads\/2020\/10\/IMG_1314_low-300x225.jpg 300w, http:\/\/madeinzaragoza.es\/blog\/wp-content\/uploads\/2020\/10\/IMG_1314_low-768x576.jpg 768w, http:\/\/madeinzaragoza.es\/blog\/wp-content\/uploads\/2020\/10\/IMG_1314_low.jpg 1200w\" sizes=\"(max-width: 709px) 85vw, (max-width: 909px) 67vw, (max-width: 1362px) 62vw, 840px\" \/><\/figure><\/div>\n\n\n\n<p>Ahora, la artista llega a <strong><a aria-label=\"undefined (abre en una nueva pesta\u00f1a)\" href=\"http:\/\/madeinzaragoza.es\/cornermiz\/\" target=\"_blank\" rel=\"noreferrer noopener\">C\u00f3rner MIZ<\/a><\/strong> donde va a realizar una intervenci\u00f3n pl\u00e1stica de car\u00e1cter ef\u00edmero bajo el t\u00edtulo <em>\u00abO\u00cd AQUELLOS PASOS Y DUD\u00c9<\/em>\u201d. En l\u00ednea con el concepto de <em><strong><a href=\"http:\/\/madeinzaragoza.es\/cornermiz\/edicion.php?id=7\">Autoficci\u00f3n<\/a><\/strong><\/em>, tem\u00e1tica central de esta temporada, la artista nos presenta un universo de personajes que de alguna manera impactan <strong>en la definici\u00f3n de qui\u00e9n es ella misma<\/strong>. <\/p>\n\n\n\n<p>La presentaci\u00f3n de esta intervenci\u00f3n tendr\u00e1 lugar el <strong>pr\u00f3ximo jueves 22 de octubre a las 19:00h <\/strong>en Zaragoza Activa | La Azucarera (Calle Mas de las Matas, 20). \u00a1Os esperamos!<\/p>\n\n\n\n<p><\/p>\n\n\n","protected":false},"excerpt":{"rendered":"<p>Emma G\u00f3mara es una artista de Zaragoza que trabaja lenguajes pl\u00e1sticos como la pintura, la ilustraci\u00f3n y el collage en el terreno de la figuraci\u00f3n. Con formaci\u00f3n en artes pl\u00e1sticas gracias a su formaci\u00f3n en el estudio de arte del tambi\u00e9n figurativo Eduardo Lozano y cursos de especializaci\u00f3n de pintura, como el curso \u00abFigura en &hellip; <a href=\"http:\/\/madeinzaragoza.es\/blog\/la-observacion-figurativa-de-emma-gomara\/\" class=\"more-link\">Continuar leyendo<span class=\"screen-reader-text\"> \u00abLa observaci\u00f3n figurativa de Emma G\u00f3mara.\u00bb<\/span><\/a><\/p>\n","protected":false},"author":36,"featured_media":29810,"comment_status":"open","ping_status":"open","sticky":false,"template":"","format":"standard","meta":{"footnotes":""},"categories":[831],"tags":[1473,308],"yoast_head":"<!-- This site is optimized with the Yoast SEO plugin v19.7.2 - https:\/\/yoast.com\/wordpress\/plugins\/seo\/ -->\n<title>La observaci\u00f3n figurativa de Emma G\u00f3mara. - Made in Zaragoza<\/title>\n<meta name=\"robots\" content=\"index, follow, max-snippet:-1, max-image-preview:large, max-video-preview:-1\" \/>\n<link rel=\"canonical\" href=\"http:\/\/madeinzaragoza.es\/blog\/la-observacion-figurativa-de-emma-gomara\/\" \/>\n<meta property=\"og:locale\" content=\"es_ES\" \/>\n<meta property=\"og:type\" content=\"article\" \/>\n<meta property=\"og:title\" content=\"La observaci\u00f3n figurativa de Emma G\u00f3mara. - Made in Zaragoza\" \/>\n<meta property=\"og:description\" content=\"Emma G\u00f3mara es una artista de Zaragoza que trabaja lenguajes pl\u00e1sticos como la pintura, la ilustraci\u00f3n y el collage en el terreno de la figuraci\u00f3n. Con formaci\u00f3n en artes pl\u00e1sticas gracias a su formaci\u00f3n en el estudio de arte del tambi\u00e9n figurativo Eduardo Lozano y cursos de especializaci\u00f3n de pintura, como el curso \u00abFigura en &hellip; Continuar leyendo &quot;La observaci\u00f3n figurativa de Emma G\u00f3mara.&quot;\" \/>\n<meta property=\"og:url\" content=\"http:\/\/madeinzaragoza.es\/blog\/la-observacion-figurativa-de-emma-gomara\/\" \/>\n<meta property=\"og:site_name\" content=\"Made in Zaragoza\" \/>\n<meta property=\"article:publisher\" content=\"https:\/\/www.facebook.com\/madeinzaragoza.es\/\" \/>\n<meta property=\"article:author\" content=\"zarayorkers\" \/>\n<meta property=\"article:published_time\" content=\"2020-10-19T17:43:33+00:00\" \/>\n<meta property=\"article:modified_time\" content=\"2020-10-26T09:23:06+00:00\" \/>\n<meta property=\"og:image\" content=\"http:\/\/madeinzaragoza.es\/blog\/wp-content\/uploads\/2020\/10\/Cuadros-113_low.jpg\" \/>\n\t<meta property=\"og:image:width\" content=\"1200\" \/>\n\t<meta property=\"og:image:height\" content=\"864\" \/>\n\t<meta property=\"og:image:type\" content=\"image\/jpeg\" \/>\n<meta name=\"author\" content=\"Sergio Sevilla\" \/>\n<meta name=\"twitter:card\" content=\"summary\" \/>\n<meta name=\"twitter:creator\" content=\"@madeinzaragoza\" \/>\n<meta name=\"twitter:site\" content=\"@madeinzaragoza\" \/>\n<meta name=\"twitter:label1\" content=\"Escrito por\" \/>\n\t<meta name=\"twitter:data1\" content=\"Sergio Sevilla\" \/>\n\t<meta name=\"twitter:label2\" content=\"Tiempo de lectura\" \/>\n\t<meta name=\"twitter:data2\" content=\"3 minutos\" \/>\n<script type=\"application\/ld+json\" class=\"yoast-schema-graph\">{\"@context\":\"https:\/\/schema.org\",\"@graph\":[{\"@type\":\"Article\",\"@id\":\"http:\/\/madeinzaragoza.es\/blog\/la-observacion-figurativa-de-emma-gomara\/#article\",\"isPartOf\":{\"@id\":\"http:\/\/madeinzaragoza.es\/blog\/la-observacion-figurativa-de-emma-gomara\/\"},\"author\":{\"name\":\"Sergio Sevilla\",\"@id\":\"https:\/\/madeinzaragoza.es\/blog\/#\/schema\/person\/fd836a8fe1177b6200bc8deffc3ad342\"},\"headline\":\"La observaci\u00f3n figurativa de Emma G\u00f3mara.\",\"datePublished\":\"2020-10-19T17:43:33+00:00\",\"dateModified\":\"2020-10-26T09:23:06+00:00\",\"mainEntityOfPage\":{\"@id\":\"http:\/\/madeinzaragoza.es\/blog\/la-observacion-figurativa-de-emma-gomara\/\"},\"wordCount\":575,\"commentCount\":0,\"publisher\":{\"@id\":\"https:\/\/madeinzaragoza.es\/blog\/#organization\"},\"keywords\":[\"Instalaci\u00f3n ef\u00edmera\",\"pintura\"],\"articleSection\":[\"CornerMIZ\"],\"inLanguage\":\"es\",\"potentialAction\":[{\"@type\":\"CommentAction\",\"name\":\"Comment\",\"target\":[\"http:\/\/madeinzaragoza.es\/blog\/la-observacion-figurativa-de-emma-gomara\/#respond\"]}]},{\"@type\":\"WebPage\",\"@id\":\"http:\/\/madeinzaragoza.es\/blog\/la-observacion-figurativa-de-emma-gomara\/\",\"url\":\"http:\/\/madeinzaragoza.es\/blog\/la-observacion-figurativa-de-emma-gomara\/\",\"name\":\"La observaci\u00f3n figurativa de Emma G\u00f3mara. - Made in Zaragoza\",\"isPartOf\":{\"@id\":\"https:\/\/madeinzaragoza.es\/blog\/#website\"},\"datePublished\":\"2020-10-19T17:43:33+00:00\",\"dateModified\":\"2020-10-26T09:23:06+00:00\",\"breadcrumb\":{\"@id\":\"http:\/\/madeinzaragoza.es\/blog\/la-observacion-figurativa-de-emma-gomara\/#breadcrumb\"},\"inLanguage\":\"es\",\"potentialAction\":[{\"@type\":\"ReadAction\",\"target\":[\"http:\/\/madeinzaragoza.es\/blog\/la-observacion-figurativa-de-emma-gomara\/\"]}]},{\"@type\":\"BreadcrumbList\",\"@id\":\"http:\/\/madeinzaragoza.es\/blog\/la-observacion-figurativa-de-emma-gomara\/#breadcrumb\",\"itemListElement\":[{\"@type\":\"ListItem\",\"position\":1,\"name\":\"Portada\",\"item\":\"https:\/\/madeinzaragoza.es\/blog\/\"},{\"@type\":\"ListItem\",\"position\":2,\"name\":\"La observaci\u00f3n figurativa de Emma G\u00f3mara.\"}]},{\"@type\":\"WebSite\",\"@id\":\"https:\/\/madeinzaragoza.es\/blog\/#website\",\"url\":\"https:\/\/madeinzaragoza.es\/blog\/\",\"name\":\"Made in Zaragoza\",\"description\":\"Blog de MadeinZGZ, Red de Econom\u00eda Creativa de Zaragoza\",\"publisher\":{\"@id\":\"https:\/\/madeinzaragoza.es\/blog\/#organization\"},\"potentialAction\":[{\"@type\":\"SearchAction\",\"target\":{\"@type\":\"EntryPoint\",\"urlTemplate\":\"https:\/\/madeinzaragoza.es\/blog\/?s={search_term_string}\"},\"query-input\":\"required name=search_term_string\"}],\"inLanguage\":\"es\"},{\"@type\":\"Organization\",\"@id\":\"https:\/\/madeinzaragoza.es\/blog\/#organization\",\"name\":\"Made In Zaragoza\",\"url\":\"https:\/\/madeinzaragoza.es\/blog\/\",\"sameAs\":[\"https:\/\/www.instagram.com\/madeinzaragoza.es\/\",\"https:\/\/www.facebook.com\/madeinzaragoza.es\/\",\"https:\/\/twitter.com\/madeinzaragoza\"],\"logo\":{\"@type\":\"ImageObject\",\"inLanguage\":\"es\",\"@id\":\"https:\/\/madeinzaragoza.es\/blog\/#\/schema\/logo\/image\/\",\"url\":\"https:\/\/madeinzaragoza.es\/blog\/wp-content\/uploads\/2022\/05\/logo.png\",\"contentUrl\":\"https:\/\/madeinzaragoza.es\/blog\/wp-content\/uploads\/2022\/05\/logo.png\",\"width\":193,\"height\":176,\"caption\":\"Made In Zaragoza\"},\"image\":{\"@id\":\"https:\/\/madeinzaragoza.es\/blog\/#\/schema\/logo\/image\/\"}},{\"@type\":\"Person\",\"@id\":\"https:\/\/madeinzaragoza.es\/blog\/#\/schema\/person\/fd836a8fe1177b6200bc8deffc3ad342\",\"name\":\"Sergio Sevilla\",\"image\":{\"@type\":\"ImageObject\",\"inLanguage\":\"es\",\"@id\":\"https:\/\/madeinzaragoza.es\/blog\/#\/schema\/person\/image\/\",\"url\":\"http:\/\/1.gravatar.com\/avatar\/4a59e3901b7e749c4e3750c4fd5d0b43?s=96&d=mm&r=g\",\"contentUrl\":\"http:\/\/1.gravatar.com\/avatar\/4a59e3901b7e749c4e3750c4fd5d0b43?s=96&d=mm&r=g\",\"caption\":\"Sergio Sevilla\"},\"description\":\"Gesti\u00f3n e Innovaci\u00f3n cultural (I+C) Mi trabajo se basa en la b\u00fasqueda de conexiones culturales en espacios de tr\u00e1nsito. Soy director y programador de proyectos culturales. He coordinado el espacio C\u00f3rner MIZ de Made in Zaragoza y, en la actualidad, me dedico a investigar, documentar y poner en valor el muralismo cer\u00e1mico de los a\u00f1os 60, 70 y 80 de Zaragoza y su relaci\u00f3n con los entornos arquitect\u00f3nicos y decorativos de la \u00e9poca. Descubre el perfil de @ZaragozaModerna en Instagram. Take a walk on the Art side.\",\"sameAs\":[\"zarayorkers\",\"@zaragozamoderna\",\"\/sergiosevillatabernero\"],\"url\":\"http:\/\/madeinzaragoza.es\/blog\/author\/sergiosevilla\/\"}]}<\/script>\n<!-- \/ Yoast SEO plugin. -->","yoast_head_json":{"title":"La observaci\u00f3n figurativa de Emma G\u00f3mara. - Made in Zaragoza","robots":{"index":"index","follow":"follow","max-snippet":"max-snippet:-1","max-image-preview":"max-image-preview:large","max-video-preview":"max-video-preview:-1"},"canonical":"http:\/\/madeinzaragoza.es\/blog\/la-observacion-figurativa-de-emma-gomara\/","og_locale":"es_ES","og_type":"article","og_title":"La observaci\u00f3n figurativa de Emma G\u00f3mara. - Made in Zaragoza","og_description":"Emma G\u00f3mara es una artista de Zaragoza que trabaja lenguajes pl\u00e1sticos como la pintura, la ilustraci\u00f3n y el collage en el terreno de la figuraci\u00f3n. Con formaci\u00f3n en artes pl\u00e1sticas gracias a su formaci\u00f3n en el estudio de arte del tambi\u00e9n figurativo Eduardo Lozano y cursos de especializaci\u00f3n de pintura, como el curso \u00abFigura en &hellip; Continuar leyendo \"La observaci\u00f3n figurativa de Emma G\u00f3mara.\"","og_url":"http:\/\/madeinzaragoza.es\/blog\/la-observacion-figurativa-de-emma-gomara\/","og_site_name":"Made in Zaragoza","article_publisher":"https:\/\/www.facebook.com\/madeinzaragoza.es\/","article_author":"zarayorkers","article_published_time":"2020-10-19T17:43:33+00:00","article_modified_time":"2020-10-26T09:23:06+00:00","og_image":[{"width":1200,"height":864,"url":"http:\/\/madeinzaragoza.es\/blog\/wp-content\/uploads\/2020\/10\/Cuadros-113_low.jpg","type":"image\/jpeg"}],"author":"Sergio Sevilla","twitter_card":"summary","twitter_creator":"@madeinzaragoza","twitter_site":"@madeinzaragoza","twitter_misc":{"Escrito por":"Sergio Sevilla","Tiempo de lectura":"3 minutos"},"schema":{"@context":"https:\/\/schema.org","@graph":[{"@type":"Article","@id":"http:\/\/madeinzaragoza.es\/blog\/la-observacion-figurativa-de-emma-gomara\/#article","isPartOf":{"@id":"http:\/\/madeinzaragoza.es\/blog\/la-observacion-figurativa-de-emma-gomara\/"},"author":{"name":"Sergio Sevilla","@id":"https:\/\/madeinzaragoza.es\/blog\/#\/schema\/person\/fd836a8fe1177b6200bc8deffc3ad342"},"headline":"La observaci\u00f3n figurativa de Emma G\u00f3mara.","datePublished":"2020-10-19T17:43:33+00:00","dateModified":"2020-10-26T09:23:06+00:00","mainEntityOfPage":{"@id":"http:\/\/madeinzaragoza.es\/blog\/la-observacion-figurativa-de-emma-gomara\/"},"wordCount":575,"commentCount":0,"publisher":{"@id":"https:\/\/madeinzaragoza.es\/blog\/#organization"},"keywords":["Instalaci\u00f3n ef\u00edmera","pintura"],"articleSection":["CornerMIZ"],"inLanguage":"es","potentialAction":[{"@type":"CommentAction","name":"Comment","target":["http:\/\/madeinzaragoza.es\/blog\/la-observacion-figurativa-de-emma-gomara\/#respond"]}]},{"@type":"WebPage","@id":"http:\/\/madeinzaragoza.es\/blog\/la-observacion-figurativa-de-emma-gomara\/","url":"http:\/\/madeinzaragoza.es\/blog\/la-observacion-figurativa-de-emma-gomara\/","name":"La observaci\u00f3n figurativa de Emma G\u00f3mara. - Made in Zaragoza","isPartOf":{"@id":"https:\/\/madeinzaragoza.es\/blog\/#website"},"datePublished":"2020-10-19T17:43:33+00:00","dateModified":"2020-10-26T09:23:06+00:00","breadcrumb":{"@id":"http:\/\/madeinzaragoza.es\/blog\/la-observacion-figurativa-de-emma-gomara\/#breadcrumb"},"inLanguage":"es","potentialAction":[{"@type":"ReadAction","target":["http:\/\/madeinzaragoza.es\/blog\/la-observacion-figurativa-de-emma-gomara\/"]}]},{"@type":"BreadcrumbList","@id":"http:\/\/madeinzaragoza.es\/blog\/la-observacion-figurativa-de-emma-gomara\/#breadcrumb","itemListElement":[{"@type":"ListItem","position":1,"name":"Portada","item":"https:\/\/madeinzaragoza.es\/blog\/"},{"@type":"ListItem","position":2,"name":"La observaci\u00f3n figurativa de Emma G\u00f3mara."}]},{"@type":"WebSite","@id":"https:\/\/madeinzaragoza.es\/blog\/#website","url":"https:\/\/madeinzaragoza.es\/blog\/","name":"Made in Zaragoza","description":"Blog de MadeinZGZ, Red de Econom\u00eda Creativa de Zaragoza","publisher":{"@id":"https:\/\/madeinzaragoza.es\/blog\/#organization"},"potentialAction":[{"@type":"SearchAction","target":{"@type":"EntryPoint","urlTemplate":"https:\/\/madeinzaragoza.es\/blog\/?s={search_term_string}"},"query-input":"required name=search_term_string"}],"inLanguage":"es"},{"@type":"Organization","@id":"https:\/\/madeinzaragoza.es\/blog\/#organization","name":"Made In Zaragoza","url":"https:\/\/madeinzaragoza.es\/blog\/","sameAs":["https:\/\/www.instagram.com\/madeinzaragoza.es\/","https:\/\/www.facebook.com\/madeinzaragoza.es\/","https:\/\/twitter.com\/madeinzaragoza"],"logo":{"@type":"ImageObject","inLanguage":"es","@id":"https:\/\/madeinzaragoza.es\/blog\/#\/schema\/logo\/image\/","url":"https:\/\/madeinzaragoza.es\/blog\/wp-content\/uploads\/2022\/05\/logo.png","contentUrl":"https:\/\/madeinzaragoza.es\/blog\/wp-content\/uploads\/2022\/05\/logo.png","width":193,"height":176,"caption":"Made In Zaragoza"},"image":{"@id":"https:\/\/madeinzaragoza.es\/blog\/#\/schema\/logo\/image\/"}},{"@type":"Person","@id":"https:\/\/madeinzaragoza.es\/blog\/#\/schema\/person\/fd836a8fe1177b6200bc8deffc3ad342","name":"Sergio Sevilla","image":{"@type":"ImageObject","inLanguage":"es","@id":"https:\/\/madeinzaragoza.es\/blog\/#\/schema\/person\/image\/","url":"http:\/\/1.gravatar.com\/avatar\/4a59e3901b7e749c4e3750c4fd5d0b43?s=96&d=mm&r=g","contentUrl":"http:\/\/1.gravatar.com\/avatar\/4a59e3901b7e749c4e3750c4fd5d0b43?s=96&d=mm&r=g","caption":"Sergio Sevilla"},"description":"Gesti\u00f3n e Innovaci\u00f3n cultural (I+C) Mi trabajo se basa en la b\u00fasqueda de conexiones culturales en espacios de tr\u00e1nsito. Soy director y programador de proyectos culturales. He coordinado el espacio C\u00f3rner MIZ de Made in Zaragoza y, en la actualidad, me dedico a investigar, documentar y poner en valor el muralismo cer\u00e1mico de los a\u00f1os 60, 70 y 80 de Zaragoza y su relaci\u00f3n con los entornos arquitect\u00f3nicos y decorativos de la \u00e9poca. Descubre el perfil de @ZaragozaModerna en Instagram. Take a walk on the Art side.","sameAs":["zarayorkers","@zaragozamoderna","\/sergiosevillatabernero"],"url":"http:\/\/madeinzaragoza.es\/blog\/author\/sergiosevilla\/"}]}},"_links":{"self":[{"href":"http:\/\/madeinzaragoza.es\/blog\/wp-json\/wp\/v2\/posts\/29805"}],"collection":[{"href":"http:\/\/madeinzaragoza.es\/blog\/wp-json\/wp\/v2\/posts"}],"about":[{"href":"http:\/\/madeinzaragoza.es\/blog\/wp-json\/wp\/v2\/types\/post"}],"author":[{"embeddable":true,"href":"http:\/\/madeinzaragoza.es\/blog\/wp-json\/wp\/v2\/users\/36"}],"replies":[{"embeddable":true,"href":"http:\/\/madeinzaragoza.es\/blog\/wp-json\/wp\/v2\/comments?post=29805"}],"version-history":[{"count":7,"href":"http:\/\/madeinzaragoza.es\/blog\/wp-json\/wp\/v2\/posts\/29805\/revisions"}],"predecessor-version":[{"id":29860,"href":"http:\/\/madeinzaragoza.es\/blog\/wp-json\/wp\/v2\/posts\/29805\/revisions\/29860"}],"wp:featuredmedia":[{"embeddable":true,"href":"http:\/\/madeinzaragoza.es\/blog\/wp-json\/wp\/v2\/media\/29810"}],"wp:attachment":[{"href":"http:\/\/madeinzaragoza.es\/blog\/wp-json\/wp\/v2\/media?parent=29805"}],"wp:term":[{"taxonomy":"category","embeddable":true,"href":"http:\/\/madeinzaragoza.es\/blog\/wp-json\/wp\/v2\/categories?post=29805"},{"taxonomy":"post_tag","embeddable":true,"href":"http:\/\/madeinzaragoza.es\/blog\/wp-json\/wp\/v2\/tags?post=29805"}],"curies":[{"name":"wp","href":"https:\/\/api.w.org\/{rel}","templated":true}]}}