{"id":28183,"date":"2020-05-05T10:21:00","date_gmt":"2020-05-05T09:21:00","guid":{"rendered":"http:\/\/madeinzaragoza.es\/blog\/?p=28183"},"modified":"2020-05-06T19:17:11","modified_gmt":"2020-05-06T18:17:11","slug":"consejos-para-mantener-cuerpo-y-mente-en-equilibrio-durante-la-cuarentena","status":"publish","type":"post","link":"http:\/\/madeinzaragoza.es\/blog\/consejos-para-mantener-cuerpo-y-mente-en-equilibrio-durante-la-cuarentena\/","title":{"rendered":"Consejos para mantener cuerpo y mente en equilibrio durante la cuarentena"},"content":{"rendered":"<p>Mantener en <strong>armon\u00eda y equilibrio nuestra mente y cuerpo<\/strong> es una de las metas que, ahora m\u00e1s que nunca, debemos alcanzar. La mente es muy poderosa y si la dejamos enfermar nuestro cuerpo se resentir\u00e1, bajar\u00e1n las defensas, caer\u00e1 el \u00e1nimo&#8230;<\/p>\n<p>El objetivo actual es <strong>conservar la salud<\/strong>, as\u00ed que particularmente invito a levantarnos con una sonrisa todos los d\u00edas, dando gracias por tener la oportunidad de pintar el lienzo en blanco que nos brinda cada amanecer, lanzando colores vivos, alegres, intentando aprovechar al m\u00e1ximo cada d\u00eda que pasa, intentando adaptarse a lo que nos toca vivir en esta incierta \u00e9poca y aceptando el reto de reinvenci\u00f3n.<\/p>\n<p><span class=\"text_exposed_show\">Las circunstancias pueden variar seg\u00fan sea la actitud con la que se afronta la vida y\u00a0 el estar mentalizado y visualizar en positivo funciona. De esto saben mucho a<\/span>lgunas de nuestras amigas, que pertenecen a la <a href=\"http:\/\/madeinzaragoza.es\/comercios\/categorias.php\"><strong>Red Made in Zaragoza<\/strong><\/a>\u00a0, y que trabajan en el campo del bienestar corporal y mental.<\/p>\n<p>Ellas tambi\u00e9n se han sumado a contribuir en el cuidado de nuestra salud y nos dan unos consejos b\u00e1sicos para que llevemos a la pr\u00e1ctica durante estos d\u00edas en los que debemos permanecer en casa.<\/p>\n<h2><strong>Bel\u00e9n de <a href=\"http:\/\/madeinzaragoza.es\/comercios\/comercio.php?id=333\">Bikram Yoga Zaragoza<\/a> nos invita a conocer el apasionante mundo del Bikram y sus m\u00faltiples beneficios.\u00a0<\/strong><\/h2>\n<p><img loading=\"lazy\" decoding=\"async\" class=\"aligncenter size-full wp-image-28439\" src=\"http:\/\/madeinzaragoza.es\/blog\/wp-content\/uploads\/2020\/04\/belen-aranda.png\" alt=\"Bel\u00e9n Aranda Bikram Yoga\" width=\"660\" height=\"607\" srcset=\"http:\/\/madeinzaragoza.es\/blog\/wp-content\/uploads\/2020\/04\/belen-aranda.png 660w, http:\/\/madeinzaragoza.es\/blog\/wp-content\/uploads\/2020\/04\/belen-aranda-300x276.png 300w\" sizes=\"(max-width: 709px) 85vw, (max-width: 909px) 67vw, (max-width: 984px) 61vw, (max-width: 1362px) 45vw, 600px\" \/><\/p>\n<p><em>\u00ab<strong>BIKRAM YOGA<\/strong> es una serie sincronizada y ordenada de 26 posturas (asanas) y 2 respiraciones (pranayama) del Yoga Hahta que se practican durante 90 minutos en una sala acondicionada a 40 grados cent\u00edgrados y 42 % de humedad para precalentar el cuerpo, estirar y fortalecer m\u00fasculos,<\/em><br \/>\n<em>eliminar toxinas y prevenir lesiones. <\/em><em>Es una terapia de salud, previene enfermedades, se fortalecen los <\/em><em>sistemas del cuerpo, ayuda a la perdida de peso, reduce el estr\u00e9s <\/em><em>y el envejecimiento , disminuye el insomnio, el dolor de espalda y la <\/em><em>artritis.<\/em><\/p>\n<p><em>El Yoga Terape\u00fatico, como otras disciplinas de yoga, centra su atenci\u00f3n en la conciencia del cuerpo y en la alineaci\u00f3n corporal pero aqu\u00ed se utilizan mucho las posturas modificadas del Yoga Hahta. Con un conocimiento de la anatom\u00eda y fisiolog\u00eda del cuerpo humano, la pr\u00e1ctica de \u00e9ste, se adapta al paciente en funci\u00f3n de la condici\u00f3n f\u00edsica, caracter\u00edsticas biomec\u00e1nicas y patol\u00f3gicas, estado emocional y patrones de conducta. No es necesario sufrir una patolog\u00eda importante para<\/em><br \/>\n<em>hacerlo.<\/em><\/p>\n<p><em>Para m\u00ed la practica del Yoga es una misi\u00f3n f\u00edsica, mental y espiritual <\/em><em>que te permite alcanzar tu m\u00e1ximo potencial mediante el autoconocimiento<\/em><em>y te ense\u00f1a como la fuerza f\u00edsica y la flexibilidad te aportan claridad <\/em><em>mental y son un camino hacia el amor por uno mismo y la tranquilidad <\/em><em>espiritual. <\/em><em>El yoga es la uni\u00f3n de cuerpo y mente a trav\u00e9s de la respiraci\u00f3n.<\/em><em>Cada postura tiene una forma concreta de respirar que constituye la <\/em><em>respiraci\u00f3n adecuada para esa asana.<\/em><\/p>\n<p><em>Uno de mis consejos ser\u00eda empezar una sesi\u00f3n de yoga con un ejercicio <\/em><em>especifico de respiraci\u00f3n y terminarlo con otro. En la serie Bikram se comienza con Pranayama \u00bb La Respiraci\u00f3n Profunda de pie \u00ab<\/em><\/p>\n<p><em>Debido a los h\u00e1bitos sedentarios, la mayor parte de la gente utiliza <\/em><em>solo un 10 por 100 de sus pulmones y nunca permite que estos alcancen la <\/em><em>capacidad m\u00e1xima de expansi\u00f3n que la madre naturaleza ten\u00eda pensada.<\/em><em>Como resultado de ello son susceptibles al enfisema, al asma, a quedarse <\/em><em>sin aliento y a varios otros problemas respiratorios. La Postura de <\/em><em>Respiraci\u00f3n Profunda de Pie te ense\u00f1a a usar el 90 por 100 restante de <\/em><em>tus pulmones.<\/em><\/p>\n<p><em>Este ejercicio deber\u00eda llevarse a cabo antes de cualquier tipo de <\/em><em>actividad f\u00edsica . Como expande los pulmones hasta que alcanzan su <\/em><em>capacidad m\u00e1xima, incrementa la circulaci\u00f3n sangu\u00ednea por todo el <\/em><em>cuerpo, despertando todas las partes y preparando los m\u00fasculos para la <\/em><em>acci\u00f3n.<\/em><\/p>\n<p><em>El Yoga es 1 por 100 teor\u00eda y 99 por 100 practica, aqu\u00ed os dejo <\/em><em>una demostraci\u00f3n de la respiraci\u00f3n de una de mis clases.\u00bb<\/em><\/p>\n<div style=\"width: 840px;\" class=\"wp-video\"><!--[if lt IE 9]><script>document.createElement('video');<\/script><![endif]-->\n<video class=\"wp-video-shortcode\" id=\"video-28183-1\" width=\"840\" height=\"475\" preload=\"metadata\" controls=\"controls\"><source type=\"video\/mp4\" src=\"http:\/\/madeinzaragoza.es\/blog\/wp-content\/uploads\/2020\/04\/bikram-2.mp4?_=1\" \/><a href=\"http:\/\/madeinzaragoza.es\/blog\/wp-content\/uploads\/2020\/04\/bikram-2.mp4\">http:\/\/madeinzaragoza.es\/blog\/wp-content\/uploads\/2020\/04\/bikram-2.mp4<\/a><\/video><\/div>\n<p><strong>Bel\u00e9n Aranda<\/strong> se gradu\u00f3 por el BIKRAM YOGA COLLEGE OF INDIA en Thailandia por el Maestro Bikram Choudhury y por el CENTRO DE YOGATERAPIA ASANA en Madrid por el Doctor Miguel Fraile.<br \/>\nHa transmitido sus conocimientos, ense\u00f1anzas y experiencia los \u00faltimos<br \/>\na\u00f1os con alumnos de las escuelas de Thailandia, M\u00e9xico y Espa\u00f1a.<\/p>\n<p><img loading=\"lazy\" decoding=\"async\" class=\"aligncenter wp-image-28291 size-full\" src=\"http:\/\/madeinzaragoza.es\/blog\/wp-content\/uploads\/2020\/04\/03434cb4-74e5-45fc-8c00-c648a0ace259.jpg\" alt=\"\" width=\"640\" height=\"621\" srcset=\"http:\/\/madeinzaragoza.es\/blog\/wp-content\/uploads\/2020\/04\/03434cb4-74e5-45fc-8c00-c648a0ace259.jpg 640w, http:\/\/madeinzaragoza.es\/blog\/wp-content\/uploads\/2020\/04\/03434cb4-74e5-45fc-8c00-c648a0ace259-300x291.jpg 300w\" sizes=\"(max-width: 709px) 85vw, (max-width: 909px) 67vw, (max-width: 984px) 61vw, (max-width: 1362px) 45vw, 600px\" \/><\/p>\n<p>Actualmente imparte clases en el estudio de <strong>BIKRAM YOGA ZARAGOZA<\/strong>, situado en C\/ H\u00e9roes del Silencio 13, fundado por la zaragozana en Enero 2018 y as\u00ed se suma a las ya 2000 escuelas oficiales de esta disciplina que existen en todos el mundo, la primera creada en Bervely Hills en 1970 por el creador de la famosa serie.<\/p>\n<p>Adem\u00e1s colabora en el CRMA Emilio Biel, ubicado en Paseo Sagasta 13, con el fisioterapeuta de la Selecci\u00f3n Espa\u00f1ola de Baloncesto durante 23 a\u00f1os y del Real Zaragoza en la rehabilitaci\u00f3n de pacientes con patolog\u00eda musculoesquel\u00e9tica, respiratoria, lesiones de deportistas, enfermedades cr\u00f3nicas y estr\u00e9s entre otras. Est\u00e1 demostrado que el Yoga Terap\u00e9utico ayuda a mejorar la conciencia corporal para que todas las variables de las que depende nuestra postura (sistema \u00f3seo, muscular, fascial&#8230;) puedan equilibrarse y volver a trabajar juntas.<\/p>\n<p>Esto es s\u00f3lo el principio para conseguir esa estabilidad y bienestar f\u00edsica y mental&#8230; As\u00ed que <strong>Bel\u00e9n<\/strong> ya est\u00e1 preparando todo para recibirnos, con todas las garant\u00edas y medidas adaptadas a esta nueva etapa, en su centro situado en C\/ H\u00e9roes del Silencio, 13. Zaragoza &#8211; Tel\u00e9fono:\u00a0 615 254 452. Y adem\u00e1s podemos seguirla y adentrarnos en el fascinante mundo del <strong>Bikram<\/strong> a trav\u00e9s de su web: <strong><a href=\"http:\/\/www.bikramyogazaragoza.com\/\" class=\"broken_link\">\u00a0www.bikramyogazaragoza.com\/<\/a><\/strong>y sus redes sociales: <a href=\"https:\/\/www.facebook.com\/bikramzaragoza\"><strong>Facebook \/\u00a0<\/strong><\/a><a href=\"https:\/\/www.instagram.com\/bikramyogazaragoza\/\" class=\"broken_link\"><strong>Instagram<\/strong><\/a><\/p>\n<h2><strong>Miriam de <a href=\"http:\/\/madeinzaragoza.es\/comercios\/comercio.php?id=367\">Atel\u00e9n Nutrici\u00f3n y Salud<\/a>, nos da unas pautas b\u00e1sicas para sobrellevar estos d\u00edas de confinamiento.<\/strong><\/h2>\n<h2><\/h2>\n<h2><img loading=\"lazy\" decoding=\"async\" class=\"aligncenter wp-image-28235 size-large\" src=\"http:\/\/madeinzaragoza.es\/blog\/wp-content\/uploads\/2020\/04\/ATELEN-20190802-7-1024x684.jpg\" alt=\"\" width=\"840\" height=\"561\" srcset=\"http:\/\/madeinzaragoza.es\/blog\/wp-content\/uploads\/2020\/04\/ATELEN-20190802-7-1024x684.jpg 1024w, http:\/\/madeinzaragoza.es\/blog\/wp-content\/uploads\/2020\/04\/ATELEN-20190802-7-300x200.jpg 300w, http:\/\/madeinzaragoza.es\/blog\/wp-content\/uploads\/2020\/04\/ATELEN-20190802-7-768x513.jpg 768w, http:\/\/madeinzaragoza.es\/blog\/wp-content\/uploads\/2020\/04\/ATELEN-20190802-7-1536x1025.jpg 1536w, http:\/\/madeinzaragoza.es\/blog\/wp-content\/uploads\/2020\/04\/ATELEN-20190802-7-1200x801.jpg 1200w, http:\/\/madeinzaragoza.es\/blog\/wp-content\/uploads\/2020\/04\/ATELEN-20190802-7.jpg 2048w\" sizes=\"(max-width: 709px) 85vw, (max-width: 909px) 67vw, (max-width: 1362px) 62vw, 840px\" \/><\/h2>\n<p><em>\u00abDesde <strong>Atel\u00e9n<\/strong> queremos enviar mucho \u00e1nimo y fuerza para seguir en este camino y os dejamos unos breves consejos:<\/em> <em>\u00a0 \u00a0 \u2022 Escribe tres agradecimientos cada d\u00eda por aquello que te ha sucedido hoy. Te ayudar\u00e1n a sacarte una sonrisa.<\/em> <em>\u00a0 \u00a0 <\/em><\/p>\n<ul>\n<li><em>A-gu-a: no te olvides de ella, va a calmar cualquiera de tus hambres.<\/em> <em>\u00a0 \u00a0 <\/em><\/li>\n<li><em>Sigue este orden: planifica el men\u00fa \u2013 lista de la compra cerrada \u2013 cocina. Evitar\u00e1s comprar picoteos innecesarios y es probable que si tienes que cocinarlo sea comida y no un mal procesado.<\/em><\/li>\n<li><em>Pru\u00e9bate tu ropa, vaqueros y cinturones. Hay otras formas de ver si mi cuerpo est\u00e1 cambiando sin necesidad de subir a la b\u00e1scula.<\/em><\/li>\n<li><em>Mu\u00e9vete! \u00bfah que ya lo has o\u00eddo antes?\u2026 En serio, un poquito, te sentir\u00e1s satisfecho al terminar.\u00bb<\/em><\/li>\n<\/ul>\n<p><strong>Atel\u00e9n Nutrici\u00f3n y Salud<\/strong> es un centro dedicado al cuidado de la salud de las personas. El espacio f\u00edsico est\u00e1 en la Calle Monreal 38, junto al edificio Trovador. Cuentan con nutricionista, psic\u00f3loga y fisioterapeutas todos ellos colegiados. Tambi\u00e9n realizan actividades de pilates y abdominales hipopresivos.<\/p>\n<p>En la actualidad tienen servicio online de psicolog\u00eda y nutrici\u00f3n. Siguen estando cerca de nosotros, las consultas online no tienen mucho que envidiar a las presenciales y nos puede aportar una paz indescriptible hablar con ellos.<\/p>\n<p>No tenemos porqu\u00e9 necesitar ponernos \u201ca dieta\u201d, para tener una cita, quiz\u00e1 s\u00f3lo queramos comprobar que lo que hacemos es lo mejor para el cuerpo o simplemente buscamos informaci\u00f3n nutricional de calidad y sencilla de entender.<\/p>\n<p>En las sesiones de psicolog\u00eda, su psic\u00f3loga <strong>Paloma<\/strong> podr\u00e1 ayudarnos a sobrellevar estos d\u00edas, enfoc\u00e1ndose exclusivamente en lo que necesitemos.<\/p>\n<p>Puedes contactar con todo el equipo de <strong>Atel\u00e9n<\/strong> en el 680181002 o en <a href=\"mailto:info@atelen.com\">info@atelen.com<\/a> y conocerles un poco m\u00e1s a trav\u00e9s de la web <a href=\"http:\/\/www.atelen.com\/\"><strong>www.atelen.com<\/strong><\/a> y sus perfiles en rrss:\u00a0 <a href=\"https:\/\/www.facebook.com\/atelensaludynutricion\/\"><strong>Facebook \/\u00a0<\/strong><\/a><a href=\"https:\/\/www.instagram.com\/atelennutricionysalud\/\" class=\"broken_link\"><strong>Instagram<\/strong><\/a><\/p>\n<h2><strong>Ahitana de\u00a0<a href=\"http:\/\/madeinzaragoza.es\/comercios\/comercio.php?id=250\">Corporal ATC &amp; Yoga Studio<\/a> nos propone 4 asanas para soltar tensiones<\/strong><\/h2>\n<h2><img loading=\"lazy\" decoding=\"async\" class=\"aligncenter wp-image-28216 size-large\" src=\"http:\/\/madeinzaragoza.es\/blog\/wp-content\/uploads\/2020\/04\/05InnSIDEZaragoza-Yoga01-1024x683.jpg\" alt=\"\" width=\"840\" height=\"560\" srcset=\"http:\/\/madeinzaragoza.es\/blog\/wp-content\/uploads\/2020\/04\/05InnSIDEZaragoza-Yoga01-1024x683.jpg 1024w, http:\/\/madeinzaragoza.es\/blog\/wp-content\/uploads\/2020\/04\/05InnSIDEZaragoza-Yoga01-300x200.jpg 300w, http:\/\/madeinzaragoza.es\/blog\/wp-content\/uploads\/2020\/04\/05InnSIDEZaragoza-Yoga01-768x512.jpg 768w, http:\/\/madeinzaragoza.es\/blog\/wp-content\/uploads\/2020\/04\/05InnSIDEZaragoza-Yoga01-1200x800.jpg 1200w, http:\/\/madeinzaragoza.es\/blog\/wp-content\/uploads\/2020\/04\/05InnSIDEZaragoza-Yoga01.jpg 2048w\" sizes=\"(max-width: 709px) 85vw, (max-width: 909px) 67vw, (max-width: 1362px) 62vw, 840px\" \/><\/h2>\n<p><strong>Ahitana Trufero<\/strong>, ahora Directora de <strong>Corporal ATC &amp; Yoga Studio<\/strong>, lleva desde los 18 a\u00f1os dedicada al mundo de las t\u00e9cnicas corporales: ex-bailarina Profesional, Personal training de alto rendimiento,\u00a0 profesora de Anatom\u00eda para el movimiento, pilates ( fisioterapia), m\u00e9todos y t\u00e9cnicas de tratamiento y control postural&#8230;<br \/>\nEn su centro se practica Yoga Vinyasa,\u00a0 Yoga terap\u00e9utico y\u00a0 tambi\u00e9n realiza Entrenamientos Personales.<\/p>\n<p><strong>\u00abCorporal ATC &amp; Yoga Studio<\/strong><em> es un Studio que, desde los cursos que imparten desde all\u00ed, hasta la filosof\u00eda, se basa en un primer precepto: \u00abDISFRUTAR Y CONOCER LO \u00daNICO QUE TENEMOS REALMENTE MATERIAL EN ESTA VIDA&#8230;..NUESTRO CUERPO, NUESTRA MENTE, NUESTRA ENERG\u00cdA&#8230;\u00bb Cuando entran por la puerta del Studio, lo primero que les digo, es que aqu\u00ed lo que hacemos es Cuidarnos, CUIDARNOS en may\u00fasculas, sin\u00a0 <\/em><em>juzgarnos, disfrutando del paso a paso, del momento&#8230;y respirando muuucho.<\/em><\/p>\n<p><em>El Yoga que se practica en CORPORAL, se basa en la flexibilidad, en despegar las adherencias, las fascias, en movilizar cada articulaci\u00f3n para hidratarla, en fortalecer la columna, fortalecer la mente&#8230;y en trabajar la salud, consciente e integral.<\/em><\/p>\n<p><em>En este v\u00eddeo muestro una serie corta para hidratarnos, soltar y subir las defensas.<\/em><\/p>\n<p><iframe loading=\"lazy\" title=\"Subir defensas\" width=\"840\" height=\"473\" src=\"https:\/\/www.youtube.com\/embed\/u_2fZb_vY7E?feature=oembed\" frameborder=\"0\" allow=\"accelerometer; autoplay; encrypted-media; gyroscope; picture-in-picture\" allowfullscreen><\/iframe><\/p>\n<p><em>Las bases de cualquier t\u00e9cnica corporal son:<\/em><\/p>\n<ul>\n<li><em>Nuestros m\u00fasculos son un reflejo de nuestros pensamientos.<\/em><\/li>\n<li><em>Somos como nos movemos, y nos movemos como somos.<\/em><\/li>\n<li><em>La respiraci\u00f3n es el principio de la salud.<\/em><\/li>\n<li><em>Lo que conlleva tener una columna vertebral cif\u00f3tica.<\/em><\/li>\n<\/ul>\n<p><em>La teor\u00eda anat\u00f3mica del cuerpo es muy compleja y super interesante, me cuesta explicar, intentado posicionar los m\u00fasculos y lo que conlleva&#8230; somos un todo integrado.\u00a0 Si tengo mal colocado el pie, tengo mal colocado el hombro&#8230;.y as\u00ed con todo. Pero bueno&#8230;.qui\u00e9n quiera saber m\u00e1s, que venga al Studio &#x1f60a;<\/em><\/p>\n<p><em>En estas fotos muestro las asanas que ayudan tanto a la recolocaci\u00f3n postural, como a descontracturar, flexibilizar y soltar tensiones&#8230;tanto emocionales como f\u00edsicas.<\/em><\/p>\n<p><em>Cada posici\u00f3n se debe mantener 30 segundos, respirando de forma suave<\/em>.\u00bb<\/p>\n<p><img loading=\"lazy\" decoding=\"async\" class=\"aligncenter wp-image-28211 \" src=\"http:\/\/madeinzaragoza.es\/blog\/wp-content\/uploads\/2020\/04\/Screenshot_20200414_182150.jpg\" alt=\"\" width=\"397\" height=\"348\" srcset=\"http:\/\/madeinzaragoza.es\/blog\/wp-content\/uploads\/2020\/04\/Screenshot_20200414_182150.jpg 537w, http:\/\/madeinzaragoza.es\/blog\/wp-content\/uploads\/2020\/04\/Screenshot_20200414_182150-300x263.jpg 300w\" sizes=\"(max-width: 397px) 85vw, 397px\" \/><img loading=\"lazy\" decoding=\"async\" class=\"aligncenter wp-image-28212 \" src=\"http:\/\/madeinzaragoza.es\/blog\/wp-content\/uploads\/2020\/04\/Screenshot_20200414_182228.jpg\" alt=\"\" width=\"369\" height=\"182\" srcset=\"http:\/\/madeinzaragoza.es\/blog\/wp-content\/uploads\/2020\/04\/Screenshot_20200414_182228.jpg 487w, http:\/\/madeinzaragoza.es\/blog\/wp-content\/uploads\/2020\/04\/Screenshot_20200414_182228-300x148.jpg 300w\" sizes=\"(max-width: 369px) 85vw, 369px\" \/><img loading=\"lazy\" decoding=\"async\" class=\"aligncenter wp-image-28213 \" src=\"http:\/\/madeinzaragoza.es\/blog\/wp-content\/uploads\/2020\/04\/Screenshot_20200414_182306.jpg\" alt=\"\" width=\"399\" height=\"199\" srcset=\"http:\/\/madeinzaragoza.es\/blog\/wp-content\/uploads\/2020\/04\/Screenshot_20200414_182306.jpg 537w, http:\/\/madeinzaragoza.es\/blog\/wp-content\/uploads\/2020\/04\/Screenshot_20200414_182306-300x150.jpg 300w\" sizes=\"(max-width: 399px) 85vw, 399px\" \/> <img loading=\"lazy\" decoding=\"async\" class=\"aligncenter wp-image-28214 \" src=\"http:\/\/madeinzaragoza.es\/blog\/wp-content\/uploads\/2020\/04\/Screenshot_20200414_182341.jpg\" alt=\"\" width=\"232\" height=\"279\" srcset=\"http:\/\/madeinzaragoza.es\/blog\/wp-content\/uploads\/2020\/04\/Screenshot_20200414_182341.jpg 479w, http:\/\/madeinzaragoza.es\/blog\/wp-content\/uploads\/2020\/04\/Screenshot_20200414_182341-249x300.jpg 249w\" sizes=\"(max-width: 232px) 85vw, 232px\" \/><\/p>\n<p><strong>Ahitana<\/strong> est\u00e1 deseando atendernos en su centro en C\/Francisco Pizarro 4, entresuelo derecha. Zaragoza &#8211; Tel\u00e9fono: 638 766 912. Pero mientras tanto podemos seguirla a trav\u00e9s de: <a href=\"https:\/\/www.facebook.com\/AhitanaTrufero\/\"><strong>Facebook \/\u00a0<\/strong><\/a><a href=\"https:\/\/www.instagram.com\/corporal.atc\/\" class=\"broken_link\"><strong>Instagram<\/strong><\/a><\/p>\n<h2><\/h2>\n<h2>Marta de <a href=\"http:\/\/madeinzaragoza.es\/comercios\/comercio.php?id=198\">Aeroyoga La vida en verde<\/a>, nos ense\u00f1a unos ejercicios perfectos para estirar nuestro cuerpo y nos anima a conocer los beneficios del aeroyoga<\/h2>\n<h2><img loading=\"lazy\" decoding=\"async\" class=\"aligncenter size-full wp-image-28447\" src=\"http:\/\/madeinzaragoza.es\/blog\/wp-content\/uploads\/2020\/05\/p_la-vida-es-verde-20170918-19_1680595753.jpg\" alt=\"la vida es verde aeroyoga zaragoza\" width=\"550\" height=\"367\" srcset=\"http:\/\/madeinzaragoza.es\/blog\/wp-content\/uploads\/2020\/05\/p_la-vida-es-verde-20170918-19_1680595753.jpg 550w, http:\/\/madeinzaragoza.es\/blog\/wp-content\/uploads\/2020\/05\/p_la-vida-es-verde-20170918-19_1680595753-300x200.jpg 300w\" sizes=\"(max-width: 550px) 85vw, 550px\" \/><\/h2>\n<p><em>\u00abOs muestro a continuaci\u00f3n varios ejercicios. Son ejercicios que hacemos en las sesiones de aeroyoga\u00a0 con la ayuda del columpio y estribos, pero\u00a0 modificados para poder hacerlos en casa sin necesidad de material,\u00a0 simplemente ayud\u00e1ndonos de elementos cotidianos en una casa.<\/em><\/p>\n<p><em>Los primeros ejercicios son estiramientos suaves, pero no menos importantes, para ir preparando el cuerpo y evitar lesiones.\u00a0 Siempre debemos calentar antes de hacer ejercicios de mayor intensidad.<\/em><\/p>\n<p><em>Podemos hacer varias repeticiones de cada ejercicio. No especifico \u00a0para que cada una se lo pueda adaptar a sus necesidades, seg\u00fan el tiempo y la intensidad con la que lo quiera trabajar. Yo aconsejar\u00eda entre 10 y 30 repeticiones para los primeros ejercicios de estiramientos y entre 5 y 15 para los \u00faltimos m\u00e1s avanzados.\u00bb<\/em><\/p>\n<p><iframe loading=\"lazy\" title=\"Varios estiramientos e invertidos para hacer en casa sin columpio\" width=\"840\" height=\"630\" src=\"https:\/\/www.youtube.com\/embed\/8R_m5ubyxvc?feature=oembed\" frameborder=\"0\" allow=\"accelerometer; autoplay; encrypted-media; gyroscope; picture-in-picture\" allowfullscreen><\/iframe><\/p>\n<p>A continuaci\u00f3n <strong>Marta<\/strong> nos habla de la t\u00e9cnica que imparte en su centro y que nos anima conocer:<\/p>\n<p>\u00ab<em><strong>Aeroyoga Zaragoza La vida en Verde<\/strong> somos centro acreditado por el organismo internacional de AeroYoga.<\/em><\/p>\n<p><iframe loading=\"lazy\" title=\"Conoce el AeroYoga\" width=\"840\" height=\"630\" src=\"https:\/\/www.youtube.com\/embed\/hg0apvycems?feature=oembed\" frameborder=\"0\" allow=\"accelerometer; autoplay; encrypted-media; gyroscope; picture-in-picture\" allowfullscreen><\/iframe><\/p>\n<p><em>El AeroYoga es un m\u00e9todo art\u00edstico de crecimiento personal, en el que a trav\u00e9s de un columpio especialmente dise\u00f1ado se realizan ejercicios de yoga, pilates o fitness con menos esfuerzo y mayores resultados, ya que la tela nos ayuda en la postura, sin forzar articulaciones y disfrutando m\u00e1s de la postura.<\/em><br \/>\n<em>Hay tres niveles de intensidad:<\/em><\/p>\n<p><em>Nivel 0, en contacto con el suelo, puede realizarlo el 99% de la poblaci\u00f3n, personas mayores, deportistas con alguna lesi\u00f3n en fase de recuperaci\u00f3n, embarazadas y personas que buscan un extra de trabajo y relajaci\u00f3n en el suelo.<\/em><\/p>\n<p><em>Nivel medio: Se realiza una inversi\u00f3n total en el aire. Son posturas f\u00e1cilmente asequibles que se pueden realizar seg\u00fan la condici\u00f3n f\u00edsica desde el primer d\u00eda o en pocas sesiones.<\/em><\/p>\n<p><em>Nivel acrob\u00e1tico: El m\u00e1s avanzado, hace falta un nivel f\u00edsico m\u00ednimo y un entrenamiento espec\u00edfico.<\/em><\/p>\n<p><em>Para los que nunca hab\u00e9is realizado aeroyoga, si quer\u00e9is iniciaros, primero hacemos un taller de iniciaci\u00f3n de 1 hora y media con las posturas b\u00e1sicas del nivel 0 y medio, para probar y ver si os gusta y en el caso de que os quer\u00e1is apuntar a las clases regulares ver en qu\u00e9 nivel ir\u00edais mejor para empezar.<\/em><br \/>\n<em>Estos d\u00edas, ya que lamentablemente tenemos que estar en casa, aunque no pod\u00e1is hacer aeroyoga, ya que la mayor\u00eda no dispon\u00e9is del material e instalaci\u00f3n para poder realizarlo, s\u00ed que es importante mantenerse activo y estirar el cuerpo.<\/em><\/p>\n<p><em>Hay que tener cuidado, ya que estamos viviendo una situaci\u00f3n nunca antes vivida que nos obliga a permanecer en casa, y no poder realizar actividades cotidianas como por ejemplo andar o pasear.<\/em><\/p>\n<p><em>Pero a la vez por nuestra salud debemos estar activos y hacer alg\u00fan tipo de ejercicio, ya sea yoga, pilates, gimnasia&#8230;<\/em><\/p>\n<p><em>Por internet podemos ver muchas posturas y figuras que os llamen especialmente la atenci\u00f3n y teng\u00e1is la inquietud de querer realizar. Pero debemos de ser conscientes de que las persona que realizan estas posturas seguramente llevar\u00e1n tiempo entrenando para ello y tendr\u00e1n la suficiente fuerza, flexibilidad y coordinaci\u00f3n, que da la pr\u00e1ctica, para poder hacerlo, por lo que tenemos que ser muy conscientes de nuestro nivel corporal y de entrenamiento para realizar seg\u00fan que posturas, ya que si no podemos caernos o lesionarnos y ahora no estamos en el mejor momento para ir a urgencias.<\/em><\/p>\n<p><em>Por eso hay que ir poco a poco. Incluso si os ha gustado una postura y aunque ahora mismo no os ve\u00e1is capaces de hacerla pod\u00e9is empezar a entrenar en casa: estiramientos, fuerza, flexibilidad y equilibrio y cuando est\u00e1 situaci\u00f3n acab\u00e9, que acabar\u00e1 apuntaros a un centro de yoga, AeroYoga, pilates&#8230; Y continuar de la mano de un profesional.<\/em><\/p>\n<p><em>Gracias al aeroyoga, aparte de coger fortaleza f\u00edsica y realizar figuras seguras en el aire, nos prepara de modo seguro para poder hacerlas tambi\u00e9n en el suelo sin necesidad del columpio.<\/em><\/p>\n<p><em>Cuando todo acabe os animo a probar el AeroYoga. Os dejo un enlace a nuestra p\u00e1gina web donde encontrareis una oferta si adquir\u00eds ahora un bono para un taller de iniciaci\u00f3n a canjear cuando todo acabe.<\/em><br \/>\n<strong><a href=\"http:\/\/lavidaenverde.net\/bono-volveremos\/\"><em>http:\/\/lavidaenverde.net\/bono-volveremos\/<\/em><\/a><\/strong><\/p>\n<p><strong>Marta<\/strong> nos espera en su centro situado en: Avda. Valencia, 4. Zaragoza. tel\u00e9fono: 640 824 762. Y mientras tanto nos invita a seguirle a trav\u00e9s de su web: <a href=\"http:\/\/www.lavidaenverde.net\"><strong>www.lavidaenverde.net <\/strong><\/a>y sus redes sociales<strong>:\u00a0 <\/strong><a href=\"https:\/\/www.facebook.com\/LaVidaEnVerdeZaragoza\"><strong>Facebook \/<\/strong><\/a>\u00a0<a href=\"https:\/\/www.facebook.com\/LaVidaEnVerdeZaragoza\"><strong>Instagram<\/strong><\/a><\/p>\n<p>\u00a1Gracias a todas por vuestros valiosos consejos! Seguro que, llev\u00e1ndolos a la pr\u00e1ctica, nos sentimos con mayor vitalidad y en perfecta armon\u00eda f\u00edsica y mental!<\/p>\n<p>Y desde mi casa aprovecho para transmitir serenidad y mucho \u00e1nimo, porque si permanecemos juntos, si somos responsables, sensatos y nos quedamos en casa pronto acabar\u00e1 este mal sue\u00f1o, pronto estaremos m\u00e1s unidos que nunca y podremos disfrutar de un mundo mejor celebrando la vida. #yomequedoencasa<\/p>\n","protected":false},"excerpt":{"rendered":"<p>Mantener en armon\u00eda y equilibrio nuestra mente y cuerpo es una de las metas que, ahora m\u00e1s que nunca, debemos alcanzar. La mente es muy poderosa y si la dejamos enfermar nuestro cuerpo se resentir\u00e1, bajar\u00e1n las defensas, caer\u00e1 el \u00e1nimo&#8230; El objetivo actual es conservar la salud, as\u00ed que particularmente invito a levantarnos con &hellip; <a href=\"http:\/\/madeinzaragoza.es\/blog\/consejos-para-mantener-cuerpo-y-mente-en-equilibrio-durante-la-cuarentena\/\" class=\"more-link\">Continuar leyendo<span class=\"screen-reader-text\"> \u00abConsejos para mantener cuerpo y mente en equilibrio durante la cuarentena\u00bb<\/span><\/a><\/p>\n","protected":false},"author":4,"featured_media":28446,"comment_status":"open","ping_status":"open","sticky":false,"template":"","format":"standard","meta":{"footnotes":""},"categories":[8],"tags":[1641,1915,1640,1761],"yoast_head":"<!-- This site is optimized with the Yoast SEO plugin v19.7.2 - https:\/\/yoast.com\/wordpress\/plugins\/seo\/ -->\n<title>Consejos para mantener cuerpo y mente en equilibrio durante la cuarentena - Made in Zaragoza<\/title>\n<meta name=\"description\" content=\"Mantener en armon\u00eda nuestra mente y cuerpo es la meta. Aeroyoga La vida en verde, Corporal ATC &amp; Yoga Studio y Bikram Yoga nos dan sus consejos.\" \/>\n<meta name=\"robots\" content=\"index, follow, max-snippet:-1, max-image-preview:large, max-video-preview:-1\" \/>\n<link rel=\"canonical\" href=\"http:\/\/madeinzaragoza.es\/blog\/consejos-para-mantener-cuerpo-y-mente-en-equilibrio-durante-la-cuarentena\/\" \/>\n<meta property=\"og:locale\" content=\"es_ES\" \/>\n<meta property=\"og:type\" content=\"article\" \/>\n<meta property=\"og:title\" content=\"Consejos para mantener cuerpo y mente en equilibrio durante la cuarentena - Made in Zaragoza\" \/>\n<meta property=\"og:description\" content=\"Mantener en armon\u00eda nuestra mente y cuerpo es la meta. Aeroyoga La vida en verde, Corporal ATC &amp; Yoga Studio y Bikram Yoga nos dan sus consejos.\" \/>\n<meta property=\"og:url\" content=\"http:\/\/madeinzaragoza.es\/blog\/consejos-para-mantener-cuerpo-y-mente-en-equilibrio-durante-la-cuarentena\/\" \/>\n<meta property=\"og:site_name\" content=\"Made in Zaragoza\" \/>\n<meta property=\"article:publisher\" content=\"https:\/\/www.facebook.com\/madeinzaragoza.es\/\" \/>\n<meta property=\"article:author\" content=\"blogssipgirl\/197083753685798\" \/>\n<meta property=\"article:published_time\" content=\"2020-05-05T09:21:00+00:00\" \/>\n<meta property=\"article:modified_time\" content=\"2020-05-06T18:17:11+00:00\" \/>\n<meta property=\"og:image\" content=\"http:\/\/madeinzaragoza.es\/blog\/wp-content\/uploads\/2020\/05\/consejos-bienestar-desde-casa.jpg\" \/>\n\t<meta property=\"og:image:width\" content=\"1200\" \/>\n\t<meta property=\"og:image:height\" content=\"706\" \/>\n\t<meta property=\"og:image:type\" content=\"image\/jpeg\" \/>\n<meta name=\"author\" content=\"Blogssipgirl\" \/>\n<meta name=\"twitter:card\" content=\"summary\" \/>\n<meta name=\"twitter:creator\" content=\"@blogssipgirl1\" \/>\n<meta name=\"twitter:site\" content=\"@madeinzaragoza\" \/>\n<meta name=\"twitter:label1\" content=\"Escrito por\" \/>\n\t<meta name=\"twitter:data1\" content=\"Blogssipgirl\" \/>\n\t<meta name=\"twitter:label2\" content=\"Tiempo de lectura\" \/>\n\t<meta name=\"twitter:data2\" content=\"13 minutos\" \/>\n<script type=\"application\/ld+json\" class=\"yoast-schema-graph\">{\"@context\":\"https:\/\/schema.org\",\"@graph\":[{\"@type\":\"Article\",\"@id\":\"http:\/\/madeinzaragoza.es\/blog\/consejos-para-mantener-cuerpo-y-mente-en-equilibrio-durante-la-cuarentena\/#article\",\"isPartOf\":{\"@id\":\"http:\/\/madeinzaragoza.es\/blog\/consejos-para-mantener-cuerpo-y-mente-en-equilibrio-durante-la-cuarentena\/\"},\"author\":{\"name\":\"Blogssipgirl\",\"@id\":\"https:\/\/madeinzaragoza.es\/blog\/#\/schema\/person\/b6199e649857e868c4cf0717b007a717\"},\"headline\":\"Consejos para mantener cuerpo y mente en equilibrio durante la cuarentena\",\"datePublished\":\"2020-05-05T09:21:00+00:00\",\"dateModified\":\"2020-05-06T18:17:11+00:00\",\"mainEntityOfPage\":{\"@id\":\"http:\/\/madeinzaragoza.es\/blog\/consejos-para-mantener-cuerpo-y-mente-en-equilibrio-durante-la-cuarentena\/\"},\"wordCount\":2578,\"commentCount\":0,\"publisher\":{\"@id\":\"https:\/\/madeinzaragoza.es\/blog\/#organization\"},\"keywords\":[\"bienestar\",\"Bikram yoga\",\"Espacios y productos de cuidados naturales\",\"yoga\"],\"articleSection\":[\"Red MIZ\"],\"inLanguage\":\"es\",\"potentialAction\":[{\"@type\":\"CommentAction\",\"name\":\"Comment\",\"target\":[\"http:\/\/madeinzaragoza.es\/blog\/consejos-para-mantener-cuerpo-y-mente-en-equilibrio-durante-la-cuarentena\/#respond\"]}]},{\"@type\":\"WebPage\",\"@id\":\"http:\/\/madeinzaragoza.es\/blog\/consejos-para-mantener-cuerpo-y-mente-en-equilibrio-durante-la-cuarentena\/\",\"url\":\"http:\/\/madeinzaragoza.es\/blog\/consejos-para-mantener-cuerpo-y-mente-en-equilibrio-durante-la-cuarentena\/\",\"name\":\"Consejos para mantener cuerpo y mente en equilibrio durante la cuarentena - Made in Zaragoza\",\"isPartOf\":{\"@id\":\"https:\/\/madeinzaragoza.es\/blog\/#website\"},\"datePublished\":\"2020-05-05T09:21:00+00:00\",\"dateModified\":\"2020-05-06T18:17:11+00:00\",\"description\":\"Mantener en armon\u00eda nuestra mente y cuerpo es la meta. Aeroyoga La vida en verde, Corporal ATC & Yoga Studio y Bikram Yoga nos dan sus consejos.\",\"breadcrumb\":{\"@id\":\"http:\/\/madeinzaragoza.es\/blog\/consejos-para-mantener-cuerpo-y-mente-en-equilibrio-durante-la-cuarentena\/#breadcrumb\"},\"inLanguage\":\"es\",\"potentialAction\":[{\"@type\":\"ReadAction\",\"target\":[\"http:\/\/madeinzaragoza.es\/blog\/consejos-para-mantener-cuerpo-y-mente-en-equilibrio-durante-la-cuarentena\/\"]}]},{\"@type\":\"BreadcrumbList\",\"@id\":\"http:\/\/madeinzaragoza.es\/blog\/consejos-para-mantener-cuerpo-y-mente-en-equilibrio-durante-la-cuarentena\/#breadcrumb\",\"itemListElement\":[{\"@type\":\"ListItem\",\"position\":1,\"name\":\"Portada\",\"item\":\"https:\/\/madeinzaragoza.es\/blog\/\"},{\"@type\":\"ListItem\",\"position\":2,\"name\":\"Consejos para mantener cuerpo y mente en equilibrio durante la cuarentena\"}]},{\"@type\":\"WebSite\",\"@id\":\"https:\/\/madeinzaragoza.es\/blog\/#website\",\"url\":\"https:\/\/madeinzaragoza.es\/blog\/\",\"name\":\"Made in Zaragoza\",\"description\":\"Blog de MadeinZGZ, Red de Econom\u00eda Creativa de Zaragoza\",\"publisher\":{\"@id\":\"https:\/\/madeinzaragoza.es\/blog\/#organization\"},\"potentialAction\":[{\"@type\":\"SearchAction\",\"target\":{\"@type\":\"EntryPoint\",\"urlTemplate\":\"https:\/\/madeinzaragoza.es\/blog\/?s={search_term_string}\"},\"query-input\":\"required name=search_term_string\"}],\"inLanguage\":\"es\"},{\"@type\":\"Organization\",\"@id\":\"https:\/\/madeinzaragoza.es\/blog\/#organization\",\"name\":\"Made In Zaragoza\",\"url\":\"https:\/\/madeinzaragoza.es\/blog\/\",\"sameAs\":[\"https:\/\/www.instagram.com\/madeinzaragoza.es\/\",\"https:\/\/www.facebook.com\/madeinzaragoza.es\/\",\"https:\/\/twitter.com\/madeinzaragoza\"],\"logo\":{\"@type\":\"ImageObject\",\"inLanguage\":\"es\",\"@id\":\"https:\/\/madeinzaragoza.es\/blog\/#\/schema\/logo\/image\/\",\"url\":\"https:\/\/madeinzaragoza.es\/blog\/wp-content\/uploads\/2022\/05\/logo.png\",\"contentUrl\":\"https:\/\/madeinzaragoza.es\/blog\/wp-content\/uploads\/2022\/05\/logo.png\",\"width\":193,\"height\":176,\"caption\":\"Made In Zaragoza\"},\"image\":{\"@id\":\"https:\/\/madeinzaragoza.es\/blog\/#\/schema\/logo\/image\/\"}},{\"@type\":\"Person\",\"@id\":\"https:\/\/madeinzaragoza.es\/blog\/#\/schema\/person\/b6199e649857e868c4cf0717b007a717\",\"name\":\"Blogssipgirl\",\"image\":{\"@type\":\"ImageObject\",\"inLanguage\":\"es\",\"@id\":\"https:\/\/madeinzaragoza.es\/blog\/#\/schema\/person\/image\/\",\"url\":\"http:\/\/0.gravatar.com\/avatar\/6171ea2cd2ec17b189583c580ab912a7?s=96&d=mm&r=g\",\"contentUrl\":\"http:\/\/0.gravatar.com\/avatar\/6171ea2cd2ec17b189583c580ab912a7?s=96&d=mm&r=g\",\"caption\":\"Blogssipgirl\"},\"description\":\"Organizadora de eventos, editora de blogs y gestora de RRSS. Y como hobby, bloguera: Blogssipgirl es mi alterego... Me gusta moverme por las redes sociales y colaborar en miles de proyectos, no s\u00e9 estar quieta. Me apasiona la moda y el buen gusto, adoro los peque\u00f1os placeres como pasear y disfrutar de mi familia y amigos.\",\"sameAs\":[\"http:\/\/blogssipgirl.blogspot.com\",\"blogssipgirl\/197083753685798\",\"https:\/\/twitter.com\/blogssipgirl1\"],\"url\":\"http:\/\/madeinzaragoza.es\/blog\/author\/blogssipgirl\/\"}]}<\/script>\n<!-- \/ Yoast SEO plugin. -->","yoast_head_json":{"title":"Consejos para mantener cuerpo y mente en equilibrio durante la cuarentena - Made in Zaragoza","description":"Mantener en armon\u00eda nuestra mente y cuerpo es la meta. Aeroyoga La vida en verde, Corporal ATC & Yoga Studio y Bikram Yoga nos dan sus consejos.","robots":{"index":"index","follow":"follow","max-snippet":"max-snippet:-1","max-image-preview":"max-image-preview:large","max-video-preview":"max-video-preview:-1"},"canonical":"http:\/\/madeinzaragoza.es\/blog\/consejos-para-mantener-cuerpo-y-mente-en-equilibrio-durante-la-cuarentena\/","og_locale":"es_ES","og_type":"article","og_title":"Consejos para mantener cuerpo y mente en equilibrio durante la cuarentena - Made in Zaragoza","og_description":"Mantener en armon\u00eda nuestra mente y cuerpo es la meta. Aeroyoga La vida en verde, Corporal ATC & Yoga Studio y Bikram Yoga nos dan sus consejos.","og_url":"http:\/\/madeinzaragoza.es\/blog\/consejos-para-mantener-cuerpo-y-mente-en-equilibrio-durante-la-cuarentena\/","og_site_name":"Made in Zaragoza","article_publisher":"https:\/\/www.facebook.com\/madeinzaragoza.es\/","article_author":"blogssipgirl\/197083753685798","article_published_time":"2020-05-05T09:21:00+00:00","article_modified_time":"2020-05-06T18:17:11+00:00","og_image":[{"width":1200,"height":706,"url":"http:\/\/madeinzaragoza.es\/blog\/wp-content\/uploads\/2020\/05\/consejos-bienestar-desde-casa.jpg","type":"image\/jpeg"}],"author":"Blogssipgirl","twitter_card":"summary","twitter_creator":"@blogssipgirl1","twitter_site":"@madeinzaragoza","twitter_misc":{"Escrito por":"Blogssipgirl","Tiempo de lectura":"13 minutos"},"schema":{"@context":"https:\/\/schema.org","@graph":[{"@type":"Article","@id":"http:\/\/madeinzaragoza.es\/blog\/consejos-para-mantener-cuerpo-y-mente-en-equilibrio-durante-la-cuarentena\/#article","isPartOf":{"@id":"http:\/\/madeinzaragoza.es\/blog\/consejos-para-mantener-cuerpo-y-mente-en-equilibrio-durante-la-cuarentena\/"},"author":{"name":"Blogssipgirl","@id":"https:\/\/madeinzaragoza.es\/blog\/#\/schema\/person\/b6199e649857e868c4cf0717b007a717"},"headline":"Consejos para mantener cuerpo y mente en equilibrio durante la cuarentena","datePublished":"2020-05-05T09:21:00+00:00","dateModified":"2020-05-06T18:17:11+00:00","mainEntityOfPage":{"@id":"http:\/\/madeinzaragoza.es\/blog\/consejos-para-mantener-cuerpo-y-mente-en-equilibrio-durante-la-cuarentena\/"},"wordCount":2578,"commentCount":0,"publisher":{"@id":"https:\/\/madeinzaragoza.es\/blog\/#organization"},"keywords":["bienestar","Bikram yoga","Espacios y productos de cuidados naturales","yoga"],"articleSection":["Red MIZ"],"inLanguage":"es","potentialAction":[{"@type":"CommentAction","name":"Comment","target":["http:\/\/madeinzaragoza.es\/blog\/consejos-para-mantener-cuerpo-y-mente-en-equilibrio-durante-la-cuarentena\/#respond"]}]},{"@type":"WebPage","@id":"http:\/\/madeinzaragoza.es\/blog\/consejos-para-mantener-cuerpo-y-mente-en-equilibrio-durante-la-cuarentena\/","url":"http:\/\/madeinzaragoza.es\/blog\/consejos-para-mantener-cuerpo-y-mente-en-equilibrio-durante-la-cuarentena\/","name":"Consejos para mantener cuerpo y mente en equilibrio durante la cuarentena - Made in Zaragoza","isPartOf":{"@id":"https:\/\/madeinzaragoza.es\/blog\/#website"},"datePublished":"2020-05-05T09:21:00+00:00","dateModified":"2020-05-06T18:17:11+00:00","description":"Mantener en armon\u00eda nuestra mente y cuerpo es la meta. Aeroyoga La vida en verde, Corporal ATC & Yoga Studio y Bikram Yoga nos dan sus consejos.","breadcrumb":{"@id":"http:\/\/madeinzaragoza.es\/blog\/consejos-para-mantener-cuerpo-y-mente-en-equilibrio-durante-la-cuarentena\/#breadcrumb"},"inLanguage":"es","potentialAction":[{"@type":"ReadAction","target":["http:\/\/madeinzaragoza.es\/blog\/consejos-para-mantener-cuerpo-y-mente-en-equilibrio-durante-la-cuarentena\/"]}]},{"@type":"BreadcrumbList","@id":"http:\/\/madeinzaragoza.es\/blog\/consejos-para-mantener-cuerpo-y-mente-en-equilibrio-durante-la-cuarentena\/#breadcrumb","itemListElement":[{"@type":"ListItem","position":1,"name":"Portada","item":"https:\/\/madeinzaragoza.es\/blog\/"},{"@type":"ListItem","position":2,"name":"Consejos para mantener cuerpo y mente en equilibrio durante la cuarentena"}]},{"@type":"WebSite","@id":"https:\/\/madeinzaragoza.es\/blog\/#website","url":"https:\/\/madeinzaragoza.es\/blog\/","name":"Made in Zaragoza","description":"Blog de MadeinZGZ, Red de Econom\u00eda Creativa de Zaragoza","publisher":{"@id":"https:\/\/madeinzaragoza.es\/blog\/#organization"},"potentialAction":[{"@type":"SearchAction","target":{"@type":"EntryPoint","urlTemplate":"https:\/\/madeinzaragoza.es\/blog\/?s={search_term_string}"},"query-input":"required name=search_term_string"}],"inLanguage":"es"},{"@type":"Organization","@id":"https:\/\/madeinzaragoza.es\/blog\/#organization","name":"Made In Zaragoza","url":"https:\/\/madeinzaragoza.es\/blog\/","sameAs":["https:\/\/www.instagram.com\/madeinzaragoza.es\/","https:\/\/www.facebook.com\/madeinzaragoza.es\/","https:\/\/twitter.com\/madeinzaragoza"],"logo":{"@type":"ImageObject","inLanguage":"es","@id":"https:\/\/madeinzaragoza.es\/blog\/#\/schema\/logo\/image\/","url":"https:\/\/madeinzaragoza.es\/blog\/wp-content\/uploads\/2022\/05\/logo.png","contentUrl":"https:\/\/madeinzaragoza.es\/blog\/wp-content\/uploads\/2022\/05\/logo.png","width":193,"height":176,"caption":"Made In Zaragoza"},"image":{"@id":"https:\/\/madeinzaragoza.es\/blog\/#\/schema\/logo\/image\/"}},{"@type":"Person","@id":"https:\/\/madeinzaragoza.es\/blog\/#\/schema\/person\/b6199e649857e868c4cf0717b007a717","name":"Blogssipgirl","image":{"@type":"ImageObject","inLanguage":"es","@id":"https:\/\/madeinzaragoza.es\/blog\/#\/schema\/person\/image\/","url":"http:\/\/0.gravatar.com\/avatar\/6171ea2cd2ec17b189583c580ab912a7?s=96&d=mm&r=g","contentUrl":"http:\/\/0.gravatar.com\/avatar\/6171ea2cd2ec17b189583c580ab912a7?s=96&d=mm&r=g","caption":"Blogssipgirl"},"description":"Organizadora de eventos, editora de blogs y gestora de RRSS. Y como hobby, bloguera: Blogssipgirl es mi alterego... Me gusta moverme por las redes sociales y colaborar en miles de proyectos, no s\u00e9 estar quieta. Me apasiona la moda y el buen gusto, adoro los peque\u00f1os placeres como pasear y disfrutar de mi familia y amigos.","sameAs":["http:\/\/blogssipgirl.blogspot.com","blogssipgirl\/197083753685798","https:\/\/twitter.com\/blogssipgirl1"],"url":"http:\/\/madeinzaragoza.es\/blog\/author\/blogssipgirl\/"}]}},"_links":{"self":[{"href":"http:\/\/madeinzaragoza.es\/blog\/wp-json\/wp\/v2\/posts\/28183"}],"collection":[{"href":"http:\/\/madeinzaragoza.es\/blog\/wp-json\/wp\/v2\/posts"}],"about":[{"href":"http:\/\/madeinzaragoza.es\/blog\/wp-json\/wp\/v2\/types\/post"}],"author":[{"embeddable":true,"href":"http:\/\/madeinzaragoza.es\/blog\/wp-json\/wp\/v2\/users\/4"}],"replies":[{"embeddable":true,"href":"http:\/\/madeinzaragoza.es\/blog\/wp-json\/wp\/v2\/comments?post=28183"}],"version-history":[{"count":28,"href":"http:\/\/madeinzaragoza.es\/blog\/wp-json\/wp\/v2\/posts\/28183\/revisions"}],"predecessor-version":[{"id":28464,"href":"http:\/\/madeinzaragoza.es\/blog\/wp-json\/wp\/v2\/posts\/28183\/revisions\/28464"}],"wp:featuredmedia":[{"embeddable":true,"href":"http:\/\/madeinzaragoza.es\/blog\/wp-json\/wp\/v2\/media\/28446"}],"wp:attachment":[{"href":"http:\/\/madeinzaragoza.es\/blog\/wp-json\/wp\/v2\/media?parent=28183"}],"wp:term":[{"taxonomy":"category","embeddable":true,"href":"http:\/\/madeinzaragoza.es\/blog\/wp-json\/wp\/v2\/categories?post=28183"},{"taxonomy":"post_tag","embeddable":true,"href":"http:\/\/madeinzaragoza.es\/blog\/wp-json\/wp\/v2\/tags?post=28183"}],"curies":[{"name":"wp","href":"https:\/\/api.w.org\/{rel}","templated":true}]}}