{"id":27772,"date":"2020-03-03T20:41:27","date_gmt":"2020-03-03T19:41:27","guid":{"rendered":"http:\/\/madeinzaragoza.es\/blog\/?p=27772"},"modified":"2020-03-03T20:50:43","modified_gmt":"2020-03-03T19:50:43","slug":"realidades-paralelas-a-lo-invisible-paco-rallo-en-corner-miz","status":"publish","type":"post","link":"http:\/\/madeinzaragoza.es\/blog\/realidades-paralelas-a-lo-invisible-paco-rallo-en-corner-miz\/","title":{"rendered":"\u00abRealidades paralelas a lo invisible\u00bb. Paco Rallo en C\u00f3rner MIZ"},"content":{"rendered":"<h5><strong>C\u00f3rner MIZ 2020: Autoficci\u00f3n y otras narrativas personales.<\/strong><\/h5>\n<h5><strong>Paco Rallo.<\/strong><\/h5>\n<p>&nbsp;<\/p>\n<p>Con <strong>Paco Rallo<\/strong> comenzamos el nuevo ciclo de <a href=\"http:\/\/madeinzaragoza.es\/cornermiz\/\"><strong>C\u00f3rner MIZ<\/strong><\/a> que bajo el desarrollo argumental <em><strong>\u00abAutoficci\u00f3n y otras narrativas personales\u00bb<\/strong><\/em> se va a desarrollar durante el presente 2020 englobando seis intervenciones espec\u00edficas para este espacio expositivo en La Azucarera. As\u00ed, tomamos el t\u00e9rmino <strong><em>autoficci\u00f3n <\/em><\/strong>(t\u00e9rmino literario creado en 1977 que se caracteriza por una mezcla de narraciones aparentemente opuestas, por un lado la autobiograf\u00eda y por otro la ficci\u00f3n) y lo trasladamos al terreno del arte para presentarlo como punto de partida de las intervenciones.<\/p>\n<p>&nbsp;<\/p>\n<p>Bajo esta perspectiva, proponemos a las y los artistas y creativos participantes que nos presenten sus propias autoficciones en forma de intervenci\u00f3n para hablarnos de si mismos, bajo un prisma real e imaginario, donde realidad y ficci\u00f3n se mezclan para construir una visi\u00f3n personal de si mismos. Cada intervenci\u00f3n ser\u00e1 una suerte de autorretrato del artista creado a partir de la <strong><em>autoficci\u00f3n y otras narrativas personales<\/em><\/strong>.<\/p>\n<p>&nbsp;<\/p>\n<p><img loading=\"lazy\" decoding=\"async\" class=\"aligncenter size-full wp-image-27774\" src=\"http:\/\/madeinzaragoza.es\/blog\/wp-content\/uploads\/2020\/03\/Paco_rallo_c\u00f3rner_8.jpg\" alt=\"\" width=\"1200\" height=\"900\" srcset=\"http:\/\/madeinzaragoza.es\/blog\/wp-content\/uploads\/2020\/03\/Paco_rallo_c\u00f3rner_8.jpg 1200w, http:\/\/madeinzaragoza.es\/blog\/wp-content\/uploads\/2020\/03\/Paco_rallo_c\u00f3rner_8-300x225.jpg 300w, http:\/\/madeinzaragoza.es\/blog\/wp-content\/uploads\/2020\/03\/Paco_rallo_c\u00f3rner_8-768x576.jpg 768w, http:\/\/madeinzaragoza.es\/blog\/wp-content\/uploads\/2020\/03\/Paco_rallo_c\u00f3rner_8-1024x768.jpg 1024w\" sizes=\"(max-width: 709px) 85vw, (max-width: 909px) 67vw, (max-width: 1362px) 62vw, 840px\" \/> <img loading=\"lazy\" decoding=\"async\" class=\"aligncenter size-full wp-image-27776\" src=\"http:\/\/madeinzaragoza.es\/blog\/wp-content\/uploads\/2020\/03\/Paco_rallo_c\u00f3rner_2.jpg\" alt=\"\" width=\"1200\" height=\"900\" srcset=\"http:\/\/madeinzaragoza.es\/blog\/wp-content\/uploads\/2020\/03\/Paco_rallo_c\u00f3rner_2.jpg 1200w, http:\/\/madeinzaragoza.es\/blog\/wp-content\/uploads\/2020\/03\/Paco_rallo_c\u00f3rner_2-300x225.jpg 300w, http:\/\/madeinzaragoza.es\/blog\/wp-content\/uploads\/2020\/03\/Paco_rallo_c\u00f3rner_2-768x576.jpg 768w, http:\/\/madeinzaragoza.es\/blog\/wp-content\/uploads\/2020\/03\/Paco_rallo_c\u00f3rner_2-1024x768.jpg 1024w\" sizes=\"(max-width: 709px) 85vw, (max-width: 909px) 67vw, (max-width: 1362px) 62vw, 840px\" \/><\/p>\n<p>Bajo este prisma argumental, el artista <a href=\"http:\/\/madeinzaragoza.es\/blog\/paco-rallo\/\"><strong>Paco Rallo<\/strong><\/a> ha desarrollado una <strong>intervenci\u00f3n escult\u00f3rica<\/strong> compuesta por cinco bustos p\u00e9treos sobre unas ligeras peanas de madera. Ya vimos en la presentaci\u00f3n, que Paco Rallo ha desarrollado de manera profunda la escultura en su obra. Desde aquellas primeras obras de aprendiz en el estudio de su padre, el escultor <strong>Francisco Rallo Lahoz<\/strong>, a esta intervenci\u00f3n que ahora nos presenta, pasando por sus fant\u00e1sticas obras realizadas en tiempos del <strong>Grupo Forma.<\/strong><\/p>\n<p>&nbsp;<\/p>\n<p>Tambi\u00e9n en un momento del pasado, en concreto, en el a\u00f1o 1984, esculpi\u00f3 <strong>cinco bustos en piedra<\/strong> como encargo para un comercio de la \u00e9poca. En aquella \u00e9poca fueron usados como elementos art\u00edsticos en el escaparate del comercio y despu\u00e9s el artista les perdi\u00f3 la pista. Tanto es as\u00ed que incluso, en su memoria, recordaba solamente tres esculturas y no cinco y quedaron perdidos entre sus recuerdos. Despu\u00e9s de todo este tiempo, 36 a\u00f1os, Paco retom\u00f3 el recuerdo de estas esculturas y <strong>entabl\u00f3 un di\u00e1logo mental<\/strong> con ellas para poder volver a verlas y recuperarlas de alg\u00fan modo sin saber d\u00f3nde o c\u00f3mo estar\u00edan despu\u00e9s de tanto tiempo.<\/p>\n<p>&nbsp;<\/p>\n<p><img loading=\"lazy\" decoding=\"async\" class=\"aligncenter size-full wp-image-27773\" src=\"http:\/\/madeinzaragoza.es\/blog\/wp-content\/uploads\/2020\/03\/Paco_rallo_c\u00f3rner_7.jpg\" alt=\"\" width=\"1200\" height=\"900\" srcset=\"http:\/\/madeinzaragoza.es\/blog\/wp-content\/uploads\/2020\/03\/Paco_rallo_c\u00f3rner_7.jpg 1200w, http:\/\/madeinzaragoza.es\/blog\/wp-content\/uploads\/2020\/03\/Paco_rallo_c\u00f3rner_7-300x225.jpg 300w, http:\/\/madeinzaragoza.es\/blog\/wp-content\/uploads\/2020\/03\/Paco_rallo_c\u00f3rner_7-768x576.jpg 768w, http:\/\/madeinzaragoza.es\/blog\/wp-content\/uploads\/2020\/03\/Paco_rallo_c\u00f3rner_7-1024x768.jpg 1024w\" sizes=\"(max-width: 709px) 85vw, (max-width: 909px) 67vw, (max-width: 1362px) 62vw, 840px\" \/><\/p>\n<p>Se puso a investigar y tirando de pistas y contactos lleg\u00f3 a encontrar al propietario, que segu\u00eda siendo el mismo que los encarg\u00f3 en aquel lejano a\u00f1o 1984. Una vez de nuevo en sus manos termin\u00f3 de crear esta intervenci\u00f3n que tiene este <strong>marcado car\u00e1cter narrativo<\/strong> uniendo el pasado con el presente a trav\u00e9s de estas piezas que, por sorpresa para \u00e9l, eran cinco y no tres como recordaba.<\/p>\n<p>&nbsp;<\/p>\n<p>Una vez de nuevo en su estudio termin\u00f3 de crear el desarrollo de la obra que es muy conceptual, ya que trae unas piezas recuperadas del pasado al presente <em><strong>creando unas realidades paralelas a lo invisible<\/strong><\/em>.<\/p>\n<p>&nbsp;<\/p>\n<p>Los bustos est\u00e1n esculpidos en piedra y se puede ver en su relieve el trabajo del cincelado realizado por el artista. Son cinco personajes masculinos, de <strong>rasgos f\u00edsicos muy marcados a excepci\u00f3n de los ojos<\/strong> que no tienen detalle y se pierden ofreci\u00e9ndole a las caras un <strong>fuerte aire metaf\u00edsico<\/strong>, una mirada ausente eterna y atemporal (casi como la propia piedra tallada).<\/p>\n<p>El artista, presenta los cinco bustos sobre unas peanas de madera nuevas creadas para esta pieza. De este modo, seg\u00fan sus palabra, configura una obra nueva -bajo esta perspectiva narrativa y casi literaria- a partir de una obra que viene del pasado, la piedra, y una obra nueva del presente, la madera, que conviven\u00a0 conceptualmente en la intervenci\u00f3n.<\/p>\n<p>&nbsp;<\/p>\n<p><img loading=\"lazy\" decoding=\"async\" class=\"aligncenter size-full wp-image-27775\" src=\"http:\/\/madeinzaragoza.es\/blog\/wp-content\/uploads\/2020\/03\/Paco_rallo_c\u00f3rner_9.jpg\" alt=\"\" width=\"1200\" height=\"785\" srcset=\"http:\/\/madeinzaragoza.es\/blog\/wp-content\/uploads\/2020\/03\/Paco_rallo_c\u00f3rner_9.jpg 1200w, http:\/\/madeinzaragoza.es\/blog\/wp-content\/uploads\/2020\/03\/Paco_rallo_c\u00f3rner_9-300x196.jpg 300w, http:\/\/madeinzaragoza.es\/blog\/wp-content\/uploads\/2020\/03\/Paco_rallo_c\u00f3rner_9-768x502.jpg 768w, http:\/\/madeinzaragoza.es\/blog\/wp-content\/uploads\/2020\/03\/Paco_rallo_c\u00f3rner_9-1024x670.jpg 1024w\" sizes=\"(max-width: 709px) 85vw, (max-width: 909px) 67vw, (max-width: 1362px) 62vw, 840px\" \/> <img loading=\"lazy\" decoding=\"async\" class=\"aligncenter size-full wp-image-27777\" src=\"http:\/\/madeinzaragoza.es\/blog\/wp-content\/uploads\/2020\/03\/Paco_rallo_c\u00f3rner_3.jpg\" alt=\"\" width=\"1200\" height=\"900\" srcset=\"http:\/\/madeinzaragoza.es\/blog\/wp-content\/uploads\/2020\/03\/Paco_rallo_c\u00f3rner_3.jpg 1200w, http:\/\/madeinzaragoza.es\/blog\/wp-content\/uploads\/2020\/03\/Paco_rallo_c\u00f3rner_3-300x225.jpg 300w, http:\/\/madeinzaragoza.es\/blog\/wp-content\/uploads\/2020\/03\/Paco_rallo_c\u00f3rner_3-768x576.jpg 768w, http:\/\/madeinzaragoza.es\/blog\/wp-content\/uploads\/2020\/03\/Paco_rallo_c\u00f3rner_3-1024x768.jpg 1024w\" sizes=\"(max-width: 709px) 85vw, (max-width: 909px) 67vw, (max-width: 1362px) 62vw, 840px\" \/><\/p>\n<p>&nbsp;<\/p>\n<p>La instalaci\u00f3n de <strong>Paco Rallo <em>\u00abRealidades paralelas a lo invisible\u00bb<\/em><\/strong> se puede visitar en <span style=\"color: #ff0000\"><strong>C\u00f3rner MIZ | La Azucarera<\/strong><\/span> (Calle Mas de las Matas, 20) hasta el 20 de marzo de 2020, de lunes a viernes en horario de 09.00 a 21.00h.<\/p>\n<p>&nbsp;<\/p>\n<p><img loading=\"lazy\" decoding=\"async\" class=\"aligncenter size-full wp-image-27778\" src=\"http:\/\/madeinzaragoza.es\/blog\/wp-content\/uploads\/2020\/03\/Paco_rallo_c\u00f3rner_6.jpg\" alt=\"\" width=\"1200\" height=\"712\" srcset=\"http:\/\/madeinzaragoza.es\/blog\/wp-content\/uploads\/2020\/03\/Paco_rallo_c\u00f3rner_6.jpg 1200w, http:\/\/madeinzaragoza.es\/blog\/wp-content\/uploads\/2020\/03\/Paco_rallo_c\u00f3rner_6-300x178.jpg 300w, http:\/\/madeinzaragoza.es\/blog\/wp-content\/uploads\/2020\/03\/Paco_rallo_c\u00f3rner_6-768x456.jpg 768w, http:\/\/madeinzaragoza.es\/blog\/wp-content\/uploads\/2020\/03\/Paco_rallo_c\u00f3rner_6-1024x608.jpg 1024w\" sizes=\"(max-width: 709px) 85vw, (max-width: 909px) 67vw, (max-width: 1362px) 62vw, 840px\" \/><\/p>\n<p>&nbsp;<\/p>\n","protected":false},"excerpt":{"rendered":"<p>C\u00f3rner MIZ 2020: Autoficci\u00f3n y otras narrativas personales. Paco Rallo. &nbsp; Con Paco Rallo comenzamos el nuevo ciclo de C\u00f3rner MIZ que bajo el desarrollo argumental \u00abAutoficci\u00f3n y otras narrativas personales\u00bb se va a desarrollar durante el presente 2020 englobando seis intervenciones espec\u00edficas para este espacio expositivo en La Azucarera. As\u00ed, tomamos el t\u00e9rmino autoficci\u00f3n &hellip; <a href=\"http:\/\/madeinzaragoza.es\/blog\/realidades-paralelas-a-lo-invisible-paco-rallo-en-corner-miz\/\" class=\"more-link\">Continuar leyendo<span class=\"screen-reader-text\"> \u00ab\u00abRealidades paralelas a lo invisible\u00bb. Paco Rallo en C\u00f3rner MIZ\u00bb<\/span><\/a><\/p>\n","protected":false},"author":36,"featured_media":27776,"comment_status":"open","ping_status":"open","sticky":false,"template":"","format":"standard","meta":{"footnotes":""},"categories":[831],"tags":[834,945,2114],"yoast_head":"<!-- This site is optimized with the Yoast SEO plugin v19.7.2 - https:\/\/yoast.com\/wordpress\/plugins\/seo\/ -->\n<title>&quot;Realidades paralelas a lo invisible&quot;. Paco Rallo en C\u00f3rner MIZ - Made in Zaragoza<\/title>\n<meta name=\"robots\" content=\"index, follow, max-snippet:-1, max-image-preview:large, max-video-preview:-1\" \/>\n<link rel=\"canonical\" href=\"https:\/\/madeinzaragoza.es\/blog\/realidades-paralelas-a-lo-invisible-paco-rallo-en-corner-miz\/\" \/>\n<meta property=\"og:locale\" content=\"es_ES\" \/>\n<meta property=\"og:type\" content=\"article\" \/>\n<meta property=\"og:title\" content=\"&quot;Realidades paralelas a lo invisible&quot;. Paco Rallo en C\u00f3rner MIZ - Made in Zaragoza\" \/>\n<meta property=\"og:description\" content=\"C\u00f3rner MIZ 2020: Autoficci\u00f3n y otras narrativas personales. Paco Rallo. &nbsp; Con Paco Rallo comenzamos el nuevo ciclo de C\u00f3rner MIZ que bajo el desarrollo argumental \u00abAutoficci\u00f3n y otras narrativas personales\u00bb se va a desarrollar durante el presente 2020 englobando seis intervenciones espec\u00edficas para este espacio expositivo en La Azucarera. As\u00ed, tomamos el t\u00e9rmino autoficci\u00f3n &hellip; Continuar leyendo &quot;\u00abRealidades paralelas a lo invisible\u00bb. Paco Rallo en C\u00f3rner MIZ&quot;\" \/>\n<meta property=\"og:url\" content=\"https:\/\/madeinzaragoza.es\/blog\/realidades-paralelas-a-lo-invisible-paco-rallo-en-corner-miz\/\" \/>\n<meta property=\"og:site_name\" content=\"Made in Zaragoza\" \/>\n<meta property=\"article:publisher\" content=\"https:\/\/www.facebook.com\/madeinzaragoza.es\/\" \/>\n<meta property=\"article:author\" content=\"zarayorkers\" \/>\n<meta property=\"article:published_time\" content=\"2020-03-03T19:41:27+00:00\" \/>\n<meta property=\"article:modified_time\" content=\"2020-03-03T19:50:43+00:00\" \/>\n<meta property=\"og:image\" content=\"https:\/\/madeinzaragoza.es\/blog\/wp-content\/uploads\/2020\/03\/Paco_rallo_c\u00f3rner_2.jpg\" \/>\n\t<meta property=\"og:image:width\" content=\"1200\" \/>\n\t<meta property=\"og:image:height\" content=\"900\" \/>\n\t<meta property=\"og:image:type\" content=\"image\/jpeg\" \/>\n<meta name=\"author\" content=\"Sergio Sevilla\" \/>\n<meta name=\"twitter:card\" content=\"summary\" \/>\n<meta name=\"twitter:creator\" content=\"@madeinzaragoza\" \/>\n<meta name=\"twitter:site\" content=\"@madeinzaragoza\" \/>\n<meta name=\"twitter:label1\" content=\"Escrito por\" \/>\n\t<meta name=\"twitter:data1\" content=\"Sergio Sevilla\" \/>\n\t<meta name=\"twitter:label2\" content=\"Tiempo de lectura\" \/>\n\t<meta name=\"twitter:data2\" content=\"3 minutos\" \/>\n<script type=\"application\/ld+json\" class=\"yoast-schema-graph\">{\"@context\":\"https:\/\/schema.org\",\"@graph\":[{\"@type\":\"Article\",\"@id\":\"https:\/\/madeinzaragoza.es\/blog\/realidades-paralelas-a-lo-invisible-paco-rallo-en-corner-miz\/#article\",\"isPartOf\":{\"@id\":\"https:\/\/madeinzaragoza.es\/blog\/realidades-paralelas-a-lo-invisible-paco-rallo-en-corner-miz\/\"},\"author\":{\"name\":\"Sergio Sevilla\",\"@id\":\"https:\/\/madeinzaragoza.es\/blog\/#\/schema\/person\/fd836a8fe1177b6200bc8deffc3ad342\"},\"headline\":\"\u00abRealidades paralelas a lo invisible\u00bb. Paco Rallo en C\u00f3rner MIZ\",\"datePublished\":\"2020-03-03T19:41:27+00:00\",\"dateModified\":\"2020-03-03T19:50:43+00:00\",\"mainEntityOfPage\":{\"@id\":\"https:\/\/madeinzaragoza.es\/blog\/realidades-paralelas-a-lo-invisible-paco-rallo-en-corner-miz\/\"},\"wordCount\":671,\"commentCount\":0,\"publisher\":{\"@id\":\"https:\/\/madeinzaragoza.es\/blog\/#organization\"},\"keywords\":[\"Corner MIZ\",\"intervenci\u00f3n\",\"Paco Rallo\"],\"articleSection\":[\"CornerMIZ\"],\"inLanguage\":\"es\",\"potentialAction\":[{\"@type\":\"CommentAction\",\"name\":\"Comment\",\"target\":[\"https:\/\/madeinzaragoza.es\/blog\/realidades-paralelas-a-lo-invisible-paco-rallo-en-corner-miz\/#respond\"]}]},{\"@type\":\"WebPage\",\"@id\":\"https:\/\/madeinzaragoza.es\/blog\/realidades-paralelas-a-lo-invisible-paco-rallo-en-corner-miz\/\",\"url\":\"https:\/\/madeinzaragoza.es\/blog\/realidades-paralelas-a-lo-invisible-paco-rallo-en-corner-miz\/\",\"name\":\"\\\"Realidades paralelas a lo invisible\\\". Paco Rallo en C\u00f3rner MIZ - Made in Zaragoza\",\"isPartOf\":{\"@id\":\"https:\/\/madeinzaragoza.es\/blog\/#website\"},\"datePublished\":\"2020-03-03T19:41:27+00:00\",\"dateModified\":\"2020-03-03T19:50:43+00:00\",\"breadcrumb\":{\"@id\":\"https:\/\/madeinzaragoza.es\/blog\/realidades-paralelas-a-lo-invisible-paco-rallo-en-corner-miz\/#breadcrumb\"},\"inLanguage\":\"es\",\"potentialAction\":[{\"@type\":\"ReadAction\",\"target\":[\"https:\/\/madeinzaragoza.es\/blog\/realidades-paralelas-a-lo-invisible-paco-rallo-en-corner-miz\/\"]}]},{\"@type\":\"BreadcrumbList\",\"@id\":\"https:\/\/madeinzaragoza.es\/blog\/realidades-paralelas-a-lo-invisible-paco-rallo-en-corner-miz\/#breadcrumb\",\"itemListElement\":[{\"@type\":\"ListItem\",\"position\":1,\"name\":\"Portada\",\"item\":\"https:\/\/madeinzaragoza.es\/blog\/\"},{\"@type\":\"ListItem\",\"position\":2,\"name\":\"\u00abRealidades paralelas a lo invisible\u00bb. Paco Rallo en C\u00f3rner MIZ\"}]},{\"@type\":\"WebSite\",\"@id\":\"https:\/\/madeinzaragoza.es\/blog\/#website\",\"url\":\"https:\/\/madeinzaragoza.es\/blog\/\",\"name\":\"Made in Zaragoza\",\"description\":\"Blog de MadeinZGZ, Red de Econom\u00eda Creativa de Zaragoza\",\"publisher\":{\"@id\":\"https:\/\/madeinzaragoza.es\/blog\/#organization\"},\"potentialAction\":[{\"@type\":\"SearchAction\",\"target\":{\"@type\":\"EntryPoint\",\"urlTemplate\":\"https:\/\/madeinzaragoza.es\/blog\/?s={search_term_string}\"},\"query-input\":\"required name=search_term_string\"}],\"inLanguage\":\"es\"},{\"@type\":\"Organization\",\"@id\":\"https:\/\/madeinzaragoza.es\/blog\/#organization\",\"name\":\"Made In Zaragoza\",\"url\":\"https:\/\/madeinzaragoza.es\/blog\/\",\"sameAs\":[\"https:\/\/www.instagram.com\/madeinzaragoza.es\/\",\"https:\/\/www.facebook.com\/madeinzaragoza.es\/\",\"https:\/\/twitter.com\/madeinzaragoza\"],\"logo\":{\"@type\":\"ImageObject\",\"inLanguage\":\"es\",\"@id\":\"https:\/\/madeinzaragoza.es\/blog\/#\/schema\/logo\/image\/\",\"url\":\"https:\/\/madeinzaragoza.es\/blog\/wp-content\/uploads\/2022\/05\/logo.png\",\"contentUrl\":\"https:\/\/madeinzaragoza.es\/blog\/wp-content\/uploads\/2022\/05\/logo.png\",\"width\":193,\"height\":176,\"caption\":\"Made In Zaragoza\"},\"image\":{\"@id\":\"https:\/\/madeinzaragoza.es\/blog\/#\/schema\/logo\/image\/\"}},{\"@type\":\"Person\",\"@id\":\"https:\/\/madeinzaragoza.es\/blog\/#\/schema\/person\/fd836a8fe1177b6200bc8deffc3ad342\",\"name\":\"Sergio Sevilla\",\"image\":{\"@type\":\"ImageObject\",\"inLanguage\":\"es\",\"@id\":\"https:\/\/madeinzaragoza.es\/blog\/#\/schema\/person\/image\/\",\"url\":\"http:\/\/1.gravatar.com\/avatar\/4a59e3901b7e749c4e3750c4fd5d0b43?s=96&d=mm&r=g\",\"contentUrl\":\"http:\/\/1.gravatar.com\/avatar\/4a59e3901b7e749c4e3750c4fd5d0b43?s=96&d=mm&r=g\",\"caption\":\"Sergio Sevilla\"},\"description\":\"Gesti\u00f3n e Innovaci\u00f3n cultural (I+C) Mi trabajo se basa en la b\u00fasqueda de conexiones culturales en espacios de tr\u00e1nsito. Soy director y programador de proyectos culturales. He coordinado el espacio C\u00f3rner MIZ de Made in Zaragoza y, en la actualidad, me dedico a investigar, documentar y poner en valor el muralismo cer\u00e1mico de los a\u00f1os 60, 70 y 80 de Zaragoza y su relaci\u00f3n con los entornos arquitect\u00f3nicos y decorativos de la \u00e9poca. Descubre el perfil de @ZaragozaModerna en Instagram. Take a walk on the Art side.\",\"sameAs\":[\"zarayorkers\",\"@zaragozamoderna\",\"\/sergiosevillatabernero\"],\"url\":\"http:\/\/madeinzaragoza.es\/blog\/author\/sergiosevilla\/\"}]}<\/script>\n<!-- \/ Yoast SEO plugin. -->","yoast_head_json":{"title":"\"Realidades paralelas a lo invisible\". Paco Rallo en C\u00f3rner MIZ - Made in Zaragoza","robots":{"index":"index","follow":"follow","max-snippet":"max-snippet:-1","max-image-preview":"max-image-preview:large","max-video-preview":"max-video-preview:-1"},"canonical":"https:\/\/madeinzaragoza.es\/blog\/realidades-paralelas-a-lo-invisible-paco-rallo-en-corner-miz\/","og_locale":"es_ES","og_type":"article","og_title":"\"Realidades paralelas a lo invisible\". Paco Rallo en C\u00f3rner MIZ - Made in Zaragoza","og_description":"C\u00f3rner MIZ 2020: Autoficci\u00f3n y otras narrativas personales. Paco Rallo. &nbsp; Con Paco Rallo comenzamos el nuevo ciclo de C\u00f3rner MIZ que bajo el desarrollo argumental \u00abAutoficci\u00f3n y otras narrativas personales\u00bb se va a desarrollar durante el presente 2020 englobando seis intervenciones espec\u00edficas para este espacio expositivo en La Azucarera. As\u00ed, tomamos el t\u00e9rmino autoficci\u00f3n &hellip; Continuar leyendo \"\u00abRealidades paralelas a lo invisible\u00bb. Paco Rallo en C\u00f3rner MIZ\"","og_url":"https:\/\/madeinzaragoza.es\/blog\/realidades-paralelas-a-lo-invisible-paco-rallo-en-corner-miz\/","og_site_name":"Made in Zaragoza","article_publisher":"https:\/\/www.facebook.com\/madeinzaragoza.es\/","article_author":"zarayorkers","article_published_time":"2020-03-03T19:41:27+00:00","article_modified_time":"2020-03-03T19:50:43+00:00","og_image":[{"width":1200,"height":900,"url":"https:\/\/madeinzaragoza.es\/blog\/wp-content\/uploads\/2020\/03\/Paco_rallo_c\u00f3rner_2.jpg","type":"image\/jpeg"}],"author":"Sergio Sevilla","twitter_card":"summary","twitter_creator":"@madeinzaragoza","twitter_site":"@madeinzaragoza","twitter_misc":{"Escrito por":"Sergio Sevilla","Tiempo de lectura":"3 minutos"},"schema":{"@context":"https:\/\/schema.org","@graph":[{"@type":"Article","@id":"https:\/\/madeinzaragoza.es\/blog\/realidades-paralelas-a-lo-invisible-paco-rallo-en-corner-miz\/#article","isPartOf":{"@id":"https:\/\/madeinzaragoza.es\/blog\/realidades-paralelas-a-lo-invisible-paco-rallo-en-corner-miz\/"},"author":{"name":"Sergio Sevilla","@id":"https:\/\/madeinzaragoza.es\/blog\/#\/schema\/person\/fd836a8fe1177b6200bc8deffc3ad342"},"headline":"\u00abRealidades paralelas a lo invisible\u00bb. Paco Rallo en C\u00f3rner MIZ","datePublished":"2020-03-03T19:41:27+00:00","dateModified":"2020-03-03T19:50:43+00:00","mainEntityOfPage":{"@id":"https:\/\/madeinzaragoza.es\/blog\/realidades-paralelas-a-lo-invisible-paco-rallo-en-corner-miz\/"},"wordCount":671,"commentCount":0,"publisher":{"@id":"https:\/\/madeinzaragoza.es\/blog\/#organization"},"keywords":["Corner MIZ","intervenci\u00f3n","Paco Rallo"],"articleSection":["CornerMIZ"],"inLanguage":"es","potentialAction":[{"@type":"CommentAction","name":"Comment","target":["https:\/\/madeinzaragoza.es\/blog\/realidades-paralelas-a-lo-invisible-paco-rallo-en-corner-miz\/#respond"]}]},{"@type":"WebPage","@id":"https:\/\/madeinzaragoza.es\/blog\/realidades-paralelas-a-lo-invisible-paco-rallo-en-corner-miz\/","url":"https:\/\/madeinzaragoza.es\/blog\/realidades-paralelas-a-lo-invisible-paco-rallo-en-corner-miz\/","name":"\"Realidades paralelas a lo invisible\". Paco Rallo en C\u00f3rner MIZ - Made in Zaragoza","isPartOf":{"@id":"https:\/\/madeinzaragoza.es\/blog\/#website"},"datePublished":"2020-03-03T19:41:27+00:00","dateModified":"2020-03-03T19:50:43+00:00","breadcrumb":{"@id":"https:\/\/madeinzaragoza.es\/blog\/realidades-paralelas-a-lo-invisible-paco-rallo-en-corner-miz\/#breadcrumb"},"inLanguage":"es","potentialAction":[{"@type":"ReadAction","target":["https:\/\/madeinzaragoza.es\/blog\/realidades-paralelas-a-lo-invisible-paco-rallo-en-corner-miz\/"]}]},{"@type":"BreadcrumbList","@id":"https:\/\/madeinzaragoza.es\/blog\/realidades-paralelas-a-lo-invisible-paco-rallo-en-corner-miz\/#breadcrumb","itemListElement":[{"@type":"ListItem","position":1,"name":"Portada","item":"https:\/\/madeinzaragoza.es\/blog\/"},{"@type":"ListItem","position":2,"name":"\u00abRealidades paralelas a lo invisible\u00bb. Paco Rallo en C\u00f3rner MIZ"}]},{"@type":"WebSite","@id":"https:\/\/madeinzaragoza.es\/blog\/#website","url":"https:\/\/madeinzaragoza.es\/blog\/","name":"Made in Zaragoza","description":"Blog de MadeinZGZ, Red de Econom\u00eda Creativa de Zaragoza","publisher":{"@id":"https:\/\/madeinzaragoza.es\/blog\/#organization"},"potentialAction":[{"@type":"SearchAction","target":{"@type":"EntryPoint","urlTemplate":"https:\/\/madeinzaragoza.es\/blog\/?s={search_term_string}"},"query-input":"required name=search_term_string"}],"inLanguage":"es"},{"@type":"Organization","@id":"https:\/\/madeinzaragoza.es\/blog\/#organization","name":"Made In Zaragoza","url":"https:\/\/madeinzaragoza.es\/blog\/","sameAs":["https:\/\/www.instagram.com\/madeinzaragoza.es\/","https:\/\/www.facebook.com\/madeinzaragoza.es\/","https:\/\/twitter.com\/madeinzaragoza"],"logo":{"@type":"ImageObject","inLanguage":"es","@id":"https:\/\/madeinzaragoza.es\/blog\/#\/schema\/logo\/image\/","url":"https:\/\/madeinzaragoza.es\/blog\/wp-content\/uploads\/2022\/05\/logo.png","contentUrl":"https:\/\/madeinzaragoza.es\/blog\/wp-content\/uploads\/2022\/05\/logo.png","width":193,"height":176,"caption":"Made In Zaragoza"},"image":{"@id":"https:\/\/madeinzaragoza.es\/blog\/#\/schema\/logo\/image\/"}},{"@type":"Person","@id":"https:\/\/madeinzaragoza.es\/blog\/#\/schema\/person\/fd836a8fe1177b6200bc8deffc3ad342","name":"Sergio Sevilla","image":{"@type":"ImageObject","inLanguage":"es","@id":"https:\/\/madeinzaragoza.es\/blog\/#\/schema\/person\/image\/","url":"http:\/\/1.gravatar.com\/avatar\/4a59e3901b7e749c4e3750c4fd5d0b43?s=96&d=mm&r=g","contentUrl":"http:\/\/1.gravatar.com\/avatar\/4a59e3901b7e749c4e3750c4fd5d0b43?s=96&d=mm&r=g","caption":"Sergio Sevilla"},"description":"Gesti\u00f3n e Innovaci\u00f3n cultural (I+C) Mi trabajo se basa en la b\u00fasqueda de conexiones culturales en espacios de tr\u00e1nsito. Soy director y programador de proyectos culturales. He coordinado el espacio C\u00f3rner MIZ de Made in Zaragoza y, en la actualidad, me dedico a investigar, documentar y poner en valor el muralismo cer\u00e1mico de los a\u00f1os 60, 70 y 80 de Zaragoza y su relaci\u00f3n con los entornos arquitect\u00f3nicos y decorativos de la \u00e9poca. Descubre el perfil de @ZaragozaModerna en Instagram. Take a walk on the Art side.","sameAs":["zarayorkers","@zaragozamoderna","\/sergiosevillatabernero"],"url":"http:\/\/madeinzaragoza.es\/blog\/author\/sergiosevilla\/"}]}},"_links":{"self":[{"href":"http:\/\/madeinzaragoza.es\/blog\/wp-json\/wp\/v2\/posts\/27772"}],"collection":[{"href":"http:\/\/madeinzaragoza.es\/blog\/wp-json\/wp\/v2\/posts"}],"about":[{"href":"http:\/\/madeinzaragoza.es\/blog\/wp-json\/wp\/v2\/types\/post"}],"author":[{"embeddable":true,"href":"http:\/\/madeinzaragoza.es\/blog\/wp-json\/wp\/v2\/users\/36"}],"replies":[{"embeddable":true,"href":"http:\/\/madeinzaragoza.es\/blog\/wp-json\/wp\/v2\/comments?post=27772"}],"version-history":[{"count":8,"href":"http:\/\/madeinzaragoza.es\/blog\/wp-json\/wp\/v2\/posts\/27772\/revisions"}],"predecessor-version":[{"id":27811,"href":"http:\/\/madeinzaragoza.es\/blog\/wp-json\/wp\/v2\/posts\/27772\/revisions\/27811"}],"wp:featuredmedia":[{"embeddable":true,"href":"http:\/\/madeinzaragoza.es\/blog\/wp-json\/wp\/v2\/media\/27776"}],"wp:attachment":[{"href":"http:\/\/madeinzaragoza.es\/blog\/wp-json\/wp\/v2\/media?parent=27772"}],"wp:term":[{"taxonomy":"category","embeddable":true,"href":"http:\/\/madeinzaragoza.es\/blog\/wp-json\/wp\/v2\/categories?post=27772"},{"taxonomy":"post_tag","embeddable":true,"href":"http:\/\/madeinzaragoza.es\/blog\/wp-json\/wp\/v2\/tags?post=27772"}],"curies":[{"name":"wp","href":"https:\/\/api.w.org\/{rel}","templated":true}]}}