{"id":27060,"date":"2019-12-11T19:32:15","date_gmt":"2019-12-11T18:32:15","guid":{"rendered":"http:\/\/madeinzaragoza.es\/blog\/?p=27060"},"modified":"2019-12-11T19:32:15","modified_gmt":"2019-12-11T18:32:15","slug":"magallon-sicilia-en-torno-al-vacio","status":"publish","type":"post","link":"http:\/\/madeinzaragoza.es\/blog\/magallon-sicilia-en-torno-al-vacio\/","title":{"rendered":"Magall\u00f3n Sicilia, en torno al vac\u00edo."},"content":{"rendered":"<h5><strong>C\u00f3rner 2019: Jos\u00e9 Ram\u00f3n Magall\u00f3n Sicilia.<\/strong><\/h5>\n<p>&nbsp;<\/p>\n<p><a href=\"https:\/\/magallonsicilia.com\/\"><strong>Jos\u00e9 Ram\u00f3n Magall\u00f3n Sicilia<\/strong><\/a> (Zaragoza, 1969) es un artista abstracto formado en la Escuela Artes de Zaragoza. Siempre interesado por los <strong>procesos del \u201calma\u201d<\/strong>: la percepci\u00f3n y la imaginaci\u00f3n, la memoria y el olvido, o la correlaci\u00f3n entre el transcurrir de la vida y la entrop\u00eda de la materia. Su trabajo interroga al azar desde la m\u00e1s rigurosa racionalidad.<\/p>\n<p>&nbsp;<\/p>\n<p>Ha realizado numerosas muestras individuales, tanto en Zaragoza como en Madrid, Bruselas, Valencia o Huesca, cabe distinguir tambi\u00e9n sus\u00a0 abundantes obras seleccionadas en cert\u00e1menes y premios de artes visuales, figurando estas en diversaspublicaciones y colecciones de arte tanto p\u00fablicas como privadas.<\/p>\n<p>&nbsp;<\/p>\n<p><img loading=\"lazy\" decoding=\"async\" class=\"aligncenter size-full wp-image-27068\" src=\"http:\/\/madeinzaragoza.es\/blog\/wp-content\/uploads\/2019\/12\/magallon-sicilia.jpg\" alt=\"\" width=\"1200\" height=\"752\" srcset=\"http:\/\/madeinzaragoza.es\/blog\/wp-content\/uploads\/2019\/12\/magallon-sicilia.jpg 1200w, http:\/\/madeinzaragoza.es\/blog\/wp-content\/uploads\/2019\/12\/magallon-sicilia-300x188.jpg 300w, http:\/\/madeinzaragoza.es\/blog\/wp-content\/uploads\/2019\/12\/magallon-sicilia-768x481.jpg 768w, http:\/\/madeinzaragoza.es\/blog\/wp-content\/uploads\/2019\/12\/magallon-sicilia-1024x642.jpg 1024w\" sizes=\"(max-width: 709px) 85vw, (max-width: 909px) 67vw, (max-width: 1362px) 62vw, 840px\" \/><\/p>\n<p>La obra de este artista visual se caracteriza por el <strong>lenguaje abstracto<\/strong> en el que se mueve. Una abstracci\u00f3n geom\u00e9trica que, como vamos a ver, se desliza hacia una abstracci\u00f3n m\u00e1s l\u00edrica y emocional. Sus obras se componen pl\u00e1sticamente siguiendo unos <strong>ritmos geom\u00e9tricos<\/strong> muy precisos y marcados. Encontramos formas geom\u00e9tricas de l\u00edneas rectas y puras que se entremezclan con otras formas geom\u00e9tricas m\u00e1s org\u00e1nicas, conjugando en sus piezas racionalidad y emoci\u00f3n casi a partes iguales.<\/p>\n<p>&nbsp;<\/p>\n<p>Este <strong>juego fronterizo entre la raz\u00f3n y la emoci\u00f3n<\/strong> se enfatiza a\u00fan m\u00e1s si cabe con el juego crom\u00e1tico que el artista utiliza y la t\u00e9cnica de difuminado que aplica al propio color. De bloques crom\u00e1ticos cerrados pasa desliz\u00e1ndose a campos difuminados de color donde la pasi\u00f3n y lo emocional encuentran su terreno. Con este juego de formas cerradas y abiertas, de colores contenidos y libres, consigue dotar a sus obras una <strong>vibraci\u00f3n<\/strong> <strong>crom\u00e1tica<\/strong> especial que es muy catacter\u00edstica en su producci\u00f3n.<\/p>\n<p>&nbsp;<\/p>\n<p><img loading=\"lazy\" decoding=\"async\" class=\"aligncenter size-full wp-image-27065\" src=\"http:\/\/madeinzaragoza.es\/blog\/wp-content\/uploads\/2019\/12\/Cantos-rodados-1024x777.jpg\" alt=\"\" width=\"1024\" height=\"777\" srcset=\"http:\/\/madeinzaragoza.es\/blog\/wp-content\/uploads\/2019\/12\/Cantos-rodados-1024x777.jpg 1024w, http:\/\/madeinzaragoza.es\/blog\/wp-content\/uploads\/2019\/12\/Cantos-rodados-1024x777-300x228.jpg 300w, http:\/\/madeinzaragoza.es\/blog\/wp-content\/uploads\/2019\/12\/Cantos-rodados-1024x777-768x583.jpg 768w\" sizes=\"(max-width: 709px) 85vw, (max-width: 909px) 67vw, (max-width: 1362px) 62vw, 840px\" \/><img loading=\"lazy\" decoding=\"async\" class=\"aligncenter size-full wp-image-27066\" src=\"http:\/\/madeinzaragoza.es\/blog\/wp-content\/uploads\/2019\/12\/Hito-III-M\u00e1s-Blanco.jpg\" alt=\"\" width=\"960\" height=\"800\" srcset=\"http:\/\/madeinzaragoza.es\/blog\/wp-content\/uploads\/2019\/12\/Hito-III-M\u00e1s-Blanco.jpg 960w, http:\/\/madeinzaragoza.es\/blog\/wp-content\/uploads\/2019\/12\/Hito-III-M\u00e1s-Blanco-300x250.jpg 300w, http:\/\/madeinzaragoza.es\/blog\/wp-content\/uploads\/2019\/12\/Hito-III-M\u00e1s-Blanco-768x640.jpg 768w\" sizes=\"(max-width: 709px) 85vw, (max-width: 909px) 67vw, (max-width: 1362px) 62vw, 840px\" \/><\/p>\n<p>Otra de las caracter\u00edsticas de su obra es el juego que hace en el espacio con el vac\u00edo. El vac\u00edo, al igual que la <strong>memoria<\/strong> que tambi\u00e9n es un <strong>tema recurrente<\/strong> en su obra, aparece casi como protagonista en sus piezas. El vac\u00edo es la ausencia total de material en los elementos en un determinado espacio o lugar y Magall\u00f3n Sicilia lo utiliza para enfatizar esas ausencias -o tal vez presencias en la memoria- que encuentra en sus lugares y espacios.<\/p>\n<p>&nbsp;<\/p>\n<p>Hemos comenzado diciendo que la obra de este artista es de un marcado sentido geom\u00e9trico pero a medida que vamos profundizando en ella y adentr\u00e1ndonos, vemos que quiza solo sea un juego pl\u00e1stico y, en realidad, su obra puede ser m\u00e1s figurativa que abstracta. En cuanto a la tem\u00e1tica, Jos\u00e9 Ram\u00f3n Magall\u00f3n Sicilia nos est\u00e1 hablando continuamente de <strong>espacios (naturales)<\/strong>, de <strong>paisajes<\/strong> casi cl\u00e1sicos podr\u00edamos decir ya que los elementos que aparecen en sus obras y sobre las que nos habla, son elementos naturales: cantos rodados, piedras, ramas, troncos, \u00e1rboles. En definitiva, elementos naturales que encontramos en la naturaleza y que el ordena mental y pl\u00e1sticamente en sus obras a trav\u00e9s de la <strong>memoria<\/strong>.<\/p>\n<p><img loading=\"lazy\" decoding=\"async\" class=\"aligncenter size-full wp-image-27061\" src=\"http:\/\/madeinzaragoza.es\/blog\/wp-content\/uploads\/2019\/12\/IMG_20161221_220337-1-1024x564.jpg\" alt=\"\" width=\"1024\" height=\"564\" srcset=\"http:\/\/madeinzaragoza.es\/blog\/wp-content\/uploads\/2019\/12\/IMG_20161221_220337-1-1024x564.jpg 1024w, http:\/\/madeinzaragoza.es\/blog\/wp-content\/uploads\/2019\/12\/IMG_20161221_220337-1-1024x564-300x165.jpg 300w, http:\/\/madeinzaragoza.es\/blog\/wp-content\/uploads\/2019\/12\/IMG_20161221_220337-1-1024x564-768x423.jpg 768w\" sizes=\"(max-width: 709px) 85vw, (max-width: 909px) 67vw, (max-width: 1362px) 62vw, 840px\" \/> <img loading=\"lazy\" decoding=\"async\" class=\"aligncenter size-full wp-image-27062\" src=\"http:\/\/madeinzaragoza.es\/blog\/wp-content\/uploads\/2019\/12\/IMG_20161221_215949-1-1024x564.jpg\" alt=\"\" width=\"1024\" height=\"564\" srcset=\"http:\/\/madeinzaragoza.es\/blog\/wp-content\/uploads\/2019\/12\/IMG_20161221_215949-1-1024x564.jpg 1024w, http:\/\/madeinzaragoza.es\/blog\/wp-content\/uploads\/2019\/12\/IMG_20161221_215949-1-1024x564-300x165.jpg 300w, http:\/\/madeinzaragoza.es\/blog\/wp-content\/uploads\/2019\/12\/IMG_20161221_215949-1-1024x564-768x423.jpg 768w\" sizes=\"(max-width: 709px) 85vw, (max-width: 909px) 67vw, (max-width: 1362px) 62vw, 840px\" \/><\/p>\n<p>Ahora Jos\u00e9 Ram\u00f3n Magall\u00f3n Sicilia llega a <a href=\"http:\/\/madeinzaragoza.es\/cornermiz\/\"><strong>C\u00f3rner MIZ<\/strong><\/a> donde va a realizar una triple intervenci\u00f3n de car\u00e1cter escult\u00f3rico en las que reflexiona sobre el soporte f\u00edsico de los recuerdos y su huella, la arqueolog\u00eda de los recuerdos y, por \u00faltimo, sobre la arquitectura en la naturaleza, entre la geometr\u00eda y la entrop\u00eda.<\/p>\n<p>&nbsp;<\/p>\n<p>Las obras de Magall\u00f3n Sicilia se presentan el jueves 12 de diciembre en La Azucarera y, posteriormente, se podr\u00e1n visitar en los espacios de La Azucarera y Las Armas hasta el 31 de enero de 2020.<\/p>\n<p>&nbsp;<\/p>\n","protected":false},"excerpt":{"rendered":"<p>C\u00f3rner 2019: Jos\u00e9 Ram\u00f3n Magall\u00f3n Sicilia. &nbsp; Jos\u00e9 Ram\u00f3n Magall\u00f3n Sicilia (Zaragoza, 1969) es un artista abstracto formado en la Escuela Artes de Zaragoza. Siempre interesado por los procesos del \u201calma\u201d: la percepci\u00f3n y la imaginaci\u00f3n, la memoria y el olvido, o la correlaci\u00f3n entre el transcurrir de la vida y la entrop\u00eda de la &hellip; <a href=\"http:\/\/madeinzaragoza.es\/blog\/magallon-sicilia-en-torno-al-vacio\/\" class=\"more-link\">Continuar leyendo<span class=\"screen-reader-text\"> \u00abMagall\u00f3n Sicilia, en torno al vac\u00edo.\u00bb<\/span><\/a><\/p>\n","protected":false},"author":36,"featured_media":27069,"comment_status":"open","ping_status":"open","sticky":false,"template":"","format":"standard","meta":{"footnotes":""},"categories":[831],"tags":[834],"yoast_head":"<!-- This site is optimized with the Yoast SEO plugin v19.7.2 - https:\/\/yoast.com\/wordpress\/plugins\/seo\/ -->\n<title>Magall\u00f3n Sicilia, en torno al vac\u00edo. - Made in Zaragoza<\/title>\n<meta name=\"robots\" content=\"index, follow, max-snippet:-1, max-image-preview:large, max-video-preview:-1\" \/>\n<link rel=\"canonical\" href=\"http:\/\/madeinzaragoza.es\/blog\/magallon-sicilia-en-torno-al-vacio\/\" \/>\n<meta property=\"og:locale\" content=\"es_ES\" \/>\n<meta property=\"og:type\" content=\"article\" \/>\n<meta property=\"og:title\" content=\"Magall\u00f3n Sicilia, en torno al vac\u00edo. - Made in Zaragoza\" \/>\n<meta property=\"og:description\" content=\"C\u00f3rner 2019: Jos\u00e9 Ram\u00f3n Magall\u00f3n Sicilia. &nbsp; Jos\u00e9 Ram\u00f3n Magall\u00f3n Sicilia (Zaragoza, 1969) es un artista abstracto formado en la Escuela Artes de Zaragoza. Siempre interesado por los procesos del \u201calma\u201d: la percepci\u00f3n y la imaginaci\u00f3n, la memoria y el olvido, o la correlaci\u00f3n entre el transcurrir de la vida y la entrop\u00eda de la &hellip; Continuar leyendo &quot;Magall\u00f3n Sicilia, en torno al vac\u00edo.&quot;\" \/>\n<meta property=\"og:url\" content=\"http:\/\/madeinzaragoza.es\/blog\/magallon-sicilia-en-torno-al-vacio\/\" \/>\n<meta property=\"og:site_name\" content=\"Made in Zaragoza\" \/>\n<meta property=\"article:publisher\" content=\"https:\/\/www.facebook.com\/madeinzaragoza.es\/\" \/>\n<meta property=\"article:author\" content=\"zarayorkers\" \/>\n<meta property=\"article:published_time\" content=\"2019-12-11T18:32:15+00:00\" \/>\n<meta property=\"og:image\" content=\"http:\/\/madeinzaragoza.es\/blog\/wp-content\/uploads\/2019\/12\/Piedra-y-vac\u00edo-IV-768x760.jpg\" \/>\n\t<meta property=\"og:image:width\" content=\"768\" \/>\n\t<meta property=\"og:image:height\" content=\"760\" \/>\n\t<meta property=\"og:image:type\" content=\"image\/jpeg\" \/>\n<meta name=\"author\" content=\"Sergio Sevilla\" \/>\n<meta name=\"twitter:card\" content=\"summary\" \/>\n<meta name=\"twitter:creator\" content=\"@madeinzaragoza\" \/>\n<meta name=\"twitter:site\" content=\"@madeinzaragoza\" \/>\n<meta name=\"twitter:label1\" content=\"Escrito por\" \/>\n\t<meta name=\"twitter:data1\" content=\"Sergio Sevilla\" \/>\n\t<meta name=\"twitter:label2\" content=\"Tiempo de lectura\" \/>\n\t<meta name=\"twitter:data2\" content=\"3 minutos\" \/>\n<script type=\"application\/ld+json\" class=\"yoast-schema-graph\">{\"@context\":\"https:\/\/schema.org\",\"@graph\":[{\"@type\":\"Article\",\"@id\":\"http:\/\/madeinzaragoza.es\/blog\/magallon-sicilia-en-torno-al-vacio\/#article\",\"isPartOf\":{\"@id\":\"http:\/\/madeinzaragoza.es\/blog\/magallon-sicilia-en-torno-al-vacio\/\"},\"author\":{\"name\":\"Sergio Sevilla\",\"@id\":\"https:\/\/madeinzaragoza.es\/blog\/#\/schema\/person\/fd836a8fe1177b6200bc8deffc3ad342\"},\"headline\":\"Magall\u00f3n Sicilia, en torno al vac\u00edo.\",\"datePublished\":\"2019-12-11T18:32:15+00:00\",\"dateModified\":\"2019-12-11T18:32:15+00:00\",\"mainEntityOfPage\":{\"@id\":\"http:\/\/madeinzaragoza.es\/blog\/magallon-sicilia-en-torno-al-vacio\/\"},\"wordCount\":626,\"commentCount\":0,\"publisher\":{\"@id\":\"https:\/\/madeinzaragoza.es\/blog\/#organization\"},\"keywords\":[\"Corner MIZ\"],\"articleSection\":[\"CornerMIZ\"],\"inLanguage\":\"es\",\"potentialAction\":[{\"@type\":\"CommentAction\",\"name\":\"Comment\",\"target\":[\"http:\/\/madeinzaragoza.es\/blog\/magallon-sicilia-en-torno-al-vacio\/#respond\"]}]},{\"@type\":\"WebPage\",\"@id\":\"http:\/\/madeinzaragoza.es\/blog\/magallon-sicilia-en-torno-al-vacio\/\",\"url\":\"http:\/\/madeinzaragoza.es\/blog\/magallon-sicilia-en-torno-al-vacio\/\",\"name\":\"Magall\u00f3n Sicilia, en torno al vac\u00edo. - Made in Zaragoza\",\"isPartOf\":{\"@id\":\"https:\/\/madeinzaragoza.es\/blog\/#website\"},\"datePublished\":\"2019-12-11T18:32:15+00:00\",\"dateModified\":\"2019-12-11T18:32:15+00:00\",\"breadcrumb\":{\"@id\":\"http:\/\/madeinzaragoza.es\/blog\/magallon-sicilia-en-torno-al-vacio\/#breadcrumb\"},\"inLanguage\":\"es\",\"potentialAction\":[{\"@type\":\"ReadAction\",\"target\":[\"http:\/\/madeinzaragoza.es\/blog\/magallon-sicilia-en-torno-al-vacio\/\"]}]},{\"@type\":\"BreadcrumbList\",\"@id\":\"http:\/\/madeinzaragoza.es\/blog\/magallon-sicilia-en-torno-al-vacio\/#breadcrumb\",\"itemListElement\":[{\"@type\":\"ListItem\",\"position\":1,\"name\":\"Portada\",\"item\":\"https:\/\/madeinzaragoza.es\/blog\/\"},{\"@type\":\"ListItem\",\"position\":2,\"name\":\"Magall\u00f3n Sicilia, en torno al vac\u00edo.\"}]},{\"@type\":\"WebSite\",\"@id\":\"https:\/\/madeinzaragoza.es\/blog\/#website\",\"url\":\"https:\/\/madeinzaragoza.es\/blog\/\",\"name\":\"Made in Zaragoza\",\"description\":\"Blog de MadeinZGZ, Red de Econom\u00eda Creativa de Zaragoza\",\"publisher\":{\"@id\":\"https:\/\/madeinzaragoza.es\/blog\/#organization\"},\"potentialAction\":[{\"@type\":\"SearchAction\",\"target\":{\"@type\":\"EntryPoint\",\"urlTemplate\":\"https:\/\/madeinzaragoza.es\/blog\/?s={search_term_string}\"},\"query-input\":\"required name=search_term_string\"}],\"inLanguage\":\"es\"},{\"@type\":\"Organization\",\"@id\":\"https:\/\/madeinzaragoza.es\/blog\/#organization\",\"name\":\"Made In Zaragoza\",\"url\":\"https:\/\/madeinzaragoza.es\/blog\/\",\"sameAs\":[\"https:\/\/www.instagram.com\/madeinzaragoza.es\/\",\"https:\/\/www.facebook.com\/madeinzaragoza.es\/\",\"https:\/\/twitter.com\/madeinzaragoza\"],\"logo\":{\"@type\":\"ImageObject\",\"inLanguage\":\"es\",\"@id\":\"https:\/\/madeinzaragoza.es\/blog\/#\/schema\/logo\/image\/\",\"url\":\"https:\/\/madeinzaragoza.es\/blog\/wp-content\/uploads\/2022\/05\/logo.png\",\"contentUrl\":\"https:\/\/madeinzaragoza.es\/blog\/wp-content\/uploads\/2022\/05\/logo.png\",\"width\":193,\"height\":176,\"caption\":\"Made In Zaragoza\"},\"image\":{\"@id\":\"https:\/\/madeinzaragoza.es\/blog\/#\/schema\/logo\/image\/\"}},{\"@type\":\"Person\",\"@id\":\"https:\/\/madeinzaragoza.es\/blog\/#\/schema\/person\/fd836a8fe1177b6200bc8deffc3ad342\",\"name\":\"Sergio Sevilla\",\"image\":{\"@type\":\"ImageObject\",\"inLanguage\":\"es\",\"@id\":\"https:\/\/madeinzaragoza.es\/blog\/#\/schema\/person\/image\/\",\"url\":\"http:\/\/1.gravatar.com\/avatar\/4a59e3901b7e749c4e3750c4fd5d0b43?s=96&d=mm&r=g\",\"contentUrl\":\"http:\/\/1.gravatar.com\/avatar\/4a59e3901b7e749c4e3750c4fd5d0b43?s=96&d=mm&r=g\",\"caption\":\"Sergio Sevilla\"},\"description\":\"Gesti\u00f3n e Innovaci\u00f3n cultural (I+C) Mi trabajo se basa en la b\u00fasqueda de conexiones culturales en espacios de tr\u00e1nsito. Soy director y programador de proyectos culturales. He coordinado el espacio C\u00f3rner MIZ de Made in Zaragoza y, en la actualidad, me dedico a investigar, documentar y poner en valor el muralismo cer\u00e1mico de los a\u00f1os 60, 70 y 80 de Zaragoza y su relaci\u00f3n con los entornos arquitect\u00f3nicos y decorativos de la \u00e9poca. Descubre el perfil de @ZaragozaModerna en Instagram. Take a walk on the Art side.\",\"sameAs\":[\"zarayorkers\",\"@zaragozamoderna\",\"\/sergiosevillatabernero\"],\"url\":\"http:\/\/madeinzaragoza.es\/blog\/author\/sergiosevilla\/\"}]}<\/script>\n<!-- \/ Yoast SEO plugin. -->","yoast_head_json":{"title":"Magall\u00f3n Sicilia, en torno al vac\u00edo. - Made in Zaragoza","robots":{"index":"index","follow":"follow","max-snippet":"max-snippet:-1","max-image-preview":"max-image-preview:large","max-video-preview":"max-video-preview:-1"},"canonical":"http:\/\/madeinzaragoza.es\/blog\/magallon-sicilia-en-torno-al-vacio\/","og_locale":"es_ES","og_type":"article","og_title":"Magall\u00f3n Sicilia, en torno al vac\u00edo. - Made in Zaragoza","og_description":"C\u00f3rner 2019: Jos\u00e9 Ram\u00f3n Magall\u00f3n Sicilia. &nbsp; Jos\u00e9 Ram\u00f3n Magall\u00f3n Sicilia (Zaragoza, 1969) es un artista abstracto formado en la Escuela Artes de Zaragoza. Siempre interesado por los procesos del \u201calma\u201d: la percepci\u00f3n y la imaginaci\u00f3n, la memoria y el olvido, o la correlaci\u00f3n entre el transcurrir de la vida y la entrop\u00eda de la &hellip; Continuar leyendo \"Magall\u00f3n Sicilia, en torno al vac\u00edo.\"","og_url":"http:\/\/madeinzaragoza.es\/blog\/magallon-sicilia-en-torno-al-vacio\/","og_site_name":"Made in Zaragoza","article_publisher":"https:\/\/www.facebook.com\/madeinzaragoza.es\/","article_author":"zarayorkers","article_published_time":"2019-12-11T18:32:15+00:00","og_image":[{"width":768,"height":760,"url":"http:\/\/madeinzaragoza.es\/blog\/wp-content\/uploads\/2019\/12\/Piedra-y-vac\u00edo-IV-768x760.jpg","type":"image\/jpeg"}],"author":"Sergio Sevilla","twitter_card":"summary","twitter_creator":"@madeinzaragoza","twitter_site":"@madeinzaragoza","twitter_misc":{"Escrito por":"Sergio Sevilla","Tiempo de lectura":"3 minutos"},"schema":{"@context":"https:\/\/schema.org","@graph":[{"@type":"Article","@id":"http:\/\/madeinzaragoza.es\/blog\/magallon-sicilia-en-torno-al-vacio\/#article","isPartOf":{"@id":"http:\/\/madeinzaragoza.es\/blog\/magallon-sicilia-en-torno-al-vacio\/"},"author":{"name":"Sergio Sevilla","@id":"https:\/\/madeinzaragoza.es\/blog\/#\/schema\/person\/fd836a8fe1177b6200bc8deffc3ad342"},"headline":"Magall\u00f3n Sicilia, en torno al vac\u00edo.","datePublished":"2019-12-11T18:32:15+00:00","dateModified":"2019-12-11T18:32:15+00:00","mainEntityOfPage":{"@id":"http:\/\/madeinzaragoza.es\/blog\/magallon-sicilia-en-torno-al-vacio\/"},"wordCount":626,"commentCount":0,"publisher":{"@id":"https:\/\/madeinzaragoza.es\/blog\/#organization"},"keywords":["Corner MIZ"],"articleSection":["CornerMIZ"],"inLanguage":"es","potentialAction":[{"@type":"CommentAction","name":"Comment","target":["http:\/\/madeinzaragoza.es\/blog\/magallon-sicilia-en-torno-al-vacio\/#respond"]}]},{"@type":"WebPage","@id":"http:\/\/madeinzaragoza.es\/blog\/magallon-sicilia-en-torno-al-vacio\/","url":"http:\/\/madeinzaragoza.es\/blog\/magallon-sicilia-en-torno-al-vacio\/","name":"Magall\u00f3n Sicilia, en torno al vac\u00edo. - Made in Zaragoza","isPartOf":{"@id":"https:\/\/madeinzaragoza.es\/blog\/#website"},"datePublished":"2019-12-11T18:32:15+00:00","dateModified":"2019-12-11T18:32:15+00:00","breadcrumb":{"@id":"http:\/\/madeinzaragoza.es\/blog\/magallon-sicilia-en-torno-al-vacio\/#breadcrumb"},"inLanguage":"es","potentialAction":[{"@type":"ReadAction","target":["http:\/\/madeinzaragoza.es\/blog\/magallon-sicilia-en-torno-al-vacio\/"]}]},{"@type":"BreadcrumbList","@id":"http:\/\/madeinzaragoza.es\/blog\/magallon-sicilia-en-torno-al-vacio\/#breadcrumb","itemListElement":[{"@type":"ListItem","position":1,"name":"Portada","item":"https:\/\/madeinzaragoza.es\/blog\/"},{"@type":"ListItem","position":2,"name":"Magall\u00f3n Sicilia, en torno al vac\u00edo."}]},{"@type":"WebSite","@id":"https:\/\/madeinzaragoza.es\/blog\/#website","url":"https:\/\/madeinzaragoza.es\/blog\/","name":"Made in Zaragoza","description":"Blog de MadeinZGZ, Red de Econom\u00eda Creativa de Zaragoza","publisher":{"@id":"https:\/\/madeinzaragoza.es\/blog\/#organization"},"potentialAction":[{"@type":"SearchAction","target":{"@type":"EntryPoint","urlTemplate":"https:\/\/madeinzaragoza.es\/blog\/?s={search_term_string}"},"query-input":"required name=search_term_string"}],"inLanguage":"es"},{"@type":"Organization","@id":"https:\/\/madeinzaragoza.es\/blog\/#organization","name":"Made In Zaragoza","url":"https:\/\/madeinzaragoza.es\/blog\/","sameAs":["https:\/\/www.instagram.com\/madeinzaragoza.es\/","https:\/\/www.facebook.com\/madeinzaragoza.es\/","https:\/\/twitter.com\/madeinzaragoza"],"logo":{"@type":"ImageObject","inLanguage":"es","@id":"https:\/\/madeinzaragoza.es\/blog\/#\/schema\/logo\/image\/","url":"https:\/\/madeinzaragoza.es\/blog\/wp-content\/uploads\/2022\/05\/logo.png","contentUrl":"https:\/\/madeinzaragoza.es\/blog\/wp-content\/uploads\/2022\/05\/logo.png","width":193,"height":176,"caption":"Made In Zaragoza"},"image":{"@id":"https:\/\/madeinzaragoza.es\/blog\/#\/schema\/logo\/image\/"}},{"@type":"Person","@id":"https:\/\/madeinzaragoza.es\/blog\/#\/schema\/person\/fd836a8fe1177b6200bc8deffc3ad342","name":"Sergio Sevilla","image":{"@type":"ImageObject","inLanguage":"es","@id":"https:\/\/madeinzaragoza.es\/blog\/#\/schema\/person\/image\/","url":"http:\/\/1.gravatar.com\/avatar\/4a59e3901b7e749c4e3750c4fd5d0b43?s=96&d=mm&r=g","contentUrl":"http:\/\/1.gravatar.com\/avatar\/4a59e3901b7e749c4e3750c4fd5d0b43?s=96&d=mm&r=g","caption":"Sergio Sevilla"},"description":"Gesti\u00f3n e Innovaci\u00f3n cultural (I+C) Mi trabajo se basa en la b\u00fasqueda de conexiones culturales en espacios de tr\u00e1nsito. Soy director y programador de proyectos culturales. He coordinado el espacio C\u00f3rner MIZ de Made in Zaragoza y, en la actualidad, me dedico a investigar, documentar y poner en valor el muralismo cer\u00e1mico de los a\u00f1os 60, 70 y 80 de Zaragoza y su relaci\u00f3n con los entornos arquitect\u00f3nicos y decorativos de la \u00e9poca. Descubre el perfil de @ZaragozaModerna en Instagram. Take a walk on the Art side.","sameAs":["zarayorkers","@zaragozamoderna","\/sergiosevillatabernero"],"url":"http:\/\/madeinzaragoza.es\/blog\/author\/sergiosevilla\/"}]}},"_links":{"self":[{"href":"http:\/\/madeinzaragoza.es\/blog\/wp-json\/wp\/v2\/posts\/27060"}],"collection":[{"href":"http:\/\/madeinzaragoza.es\/blog\/wp-json\/wp\/v2\/posts"}],"about":[{"href":"http:\/\/madeinzaragoza.es\/blog\/wp-json\/wp\/v2\/types\/post"}],"author":[{"embeddable":true,"href":"http:\/\/madeinzaragoza.es\/blog\/wp-json\/wp\/v2\/users\/36"}],"replies":[{"embeddable":true,"href":"http:\/\/madeinzaragoza.es\/blog\/wp-json\/wp\/v2\/comments?post=27060"}],"version-history":[{"count":10,"href":"http:\/\/madeinzaragoza.es\/blog\/wp-json\/wp\/v2\/posts\/27060\/revisions"}],"predecessor-version":[{"id":27082,"href":"http:\/\/madeinzaragoza.es\/blog\/wp-json\/wp\/v2\/posts\/27060\/revisions\/27082"}],"wp:featuredmedia":[{"embeddable":true,"href":"http:\/\/madeinzaragoza.es\/blog\/wp-json\/wp\/v2\/media\/27069"}],"wp:attachment":[{"href":"http:\/\/madeinzaragoza.es\/blog\/wp-json\/wp\/v2\/media?parent=27060"}],"wp:term":[{"taxonomy":"category","embeddable":true,"href":"http:\/\/madeinzaragoza.es\/blog\/wp-json\/wp\/v2\/categories?post=27060"},{"taxonomy":"post_tag","embeddable":true,"href":"http:\/\/madeinzaragoza.es\/blog\/wp-json\/wp\/v2\/tags?post=27060"}],"curies":[{"name":"wp","href":"https:\/\/api.w.org\/{rel}","templated":true}]}}