{"id":27031,"date":"2019-12-11T22:01:53","date_gmt":"2019-12-11T21:01:53","guid":{"rendered":"http:\/\/madeinzaragoza.es\/blog\/?p=27031"},"modified":"2019-12-11T22:03:37","modified_gmt":"2019-12-11T21:03:37","slug":"jose-antonio-bernal-vida-y-obra-de-un-artista-resumida-en-su-exposicion-15-anos-de-monigotero","status":"publish","type":"post","link":"http:\/\/madeinzaragoza.es\/blog\/jose-antonio-bernal-vida-y-obra-de-un-artista-resumida-en-su-exposicion-15-anos-de-monigotero\/","title":{"rendered":"Jos\u00e9 Antonio Bernal. Vida y obra de un artista resumida en su exposici\u00f3n \u00ab15 a\u00f1os de Monigotero\u00bb"},"content":{"rendered":"<p>Un moc\u00e9 que se considera muy afortunado de poderse ganar la vida con su pasi\u00f3n de contar historias a trav\u00e9s de los monigotes.\u00a0 As\u00ed se define <strong>Jos\u00e9 Antonio Bernal<\/strong>, nuestro monigotero m\u00e1s querido, una persona llena de calidad humana, muy cercana, sensible y que adora a su familia, es s\u00f3lo hablar de ella y la mirada le brilla. Aprovechando la celebraci\u00f3n del <a href=\"https:\/\/www.saloncomiczaragoza.com\/\" target=\"_blank\" rel=\"noopener\">Sal\u00f3n del C\u00f3mic de Zaragoza<\/a>, disfrutamos de su exposici\u00f3n \u00ab15 a\u00f1os de monigotero\u00bb , un divertido recorrido por su vida profesional.<\/p>\n<p>&nbsp;<\/p>\n<p><img loading=\"lazy\" decoding=\"async\" class=\"aligncenter wp-image-27040 size-large\" src=\"http:\/\/madeinzaragoza.es\/blog\/wp-content\/uploads\/2019\/12\/expo-bernal-blogssipgirl-031219-96-1024x683.jpg\" alt=\"\" width=\"840\" height=\"560\" srcset=\"http:\/\/madeinzaragoza.es\/blog\/wp-content\/uploads\/2019\/12\/expo-bernal-blogssipgirl-031219-96-1024x683.jpg 1024w, http:\/\/madeinzaragoza.es\/blog\/wp-content\/uploads\/2019\/12\/expo-bernal-blogssipgirl-031219-96-300x200.jpg 300w, http:\/\/madeinzaragoza.es\/blog\/wp-content\/uploads\/2019\/12\/expo-bernal-blogssipgirl-031219-96-768x512.jpg 768w, http:\/\/madeinzaragoza.es\/blog\/wp-content\/uploads\/2019\/12\/expo-bernal-blogssipgirl-031219-96-1200x800.jpg 1200w\" sizes=\"(max-width: 709px) 85vw, (max-width: 909px) 67vw, (max-width: 1362px) 62vw, 840px\" \/><\/p>\n<p>&nbsp;<\/p>\n<p><strong>\u00bfCu\u00e1les son tus inquietudes, deseos, sue\u00f1os?<\/strong><\/p>\n<p>Mmm&#8230; la verdad es que son tantas. Me pod\u00eda pegar hasta ma\u00f1ana\u00a0 numerando. Puedo pasar de un extremo a otro&#8230; desde que se acabe la\u00a0 desigualdad social, que se erradique el machismo, la felicidad de mis hijas y\u00a0 de mi familia y amigos&#8230; hasta que ascienda el Real Zaragoza.<\/p>\n<p>&nbsp;<\/p>\n<p><strong>\u00bfC\u00f3mo y cu\u00e1ndo te iniciaste en el mundo del c\u00f3mic? \u00bfQu\u00e9 es lo que te impuls\u00f3 a vivir este sue\u00f1o?<\/strong><\/p>\n<p>Mis primeros recuerdos con el c\u00f3mic me vienen de mi abuela paterna&#8230; ten\u00eda monta\u00f1as y monta\u00f1as de tebeos que devoraba todav\u00eda sin saber leer. Yo ve\u00eda que hab\u00eda gente que se dedicaba a ello, que hac\u00edan re\u00edr con los monigotes y quise imitarles. As\u00ed segu\u00ed hasta ahora.<\/p>\n<p>&nbsp;<\/p>\n<p><img loading=\"lazy\" decoding=\"async\" class=\"aligncenter wp-image-27043 size-large\" src=\"http:\/\/madeinzaragoza.es\/blog\/wp-content\/uploads\/2019\/12\/expo-bernal-blogssipgirl-031219-105-1024x683.jpg\" alt=\"\" width=\"840\" height=\"560\" srcset=\"http:\/\/madeinzaragoza.es\/blog\/wp-content\/uploads\/2019\/12\/expo-bernal-blogssipgirl-031219-105-1024x683.jpg 1024w, http:\/\/madeinzaragoza.es\/blog\/wp-content\/uploads\/2019\/12\/expo-bernal-blogssipgirl-031219-105-300x200.jpg 300w, http:\/\/madeinzaragoza.es\/blog\/wp-content\/uploads\/2019\/12\/expo-bernal-blogssipgirl-031219-105-768x512.jpg 768w, http:\/\/madeinzaragoza.es\/blog\/wp-content\/uploads\/2019\/12\/expo-bernal-blogssipgirl-031219-105-1200x800.jpg 1200w\" sizes=\"(max-width: 709px) 85vw, (max-width: 909px) 67vw, (max-width: 1362px) 62vw, 840px\" \/><\/p>\n<p>&nbsp;<\/p>\n<p><strong>\u00bfQu\u00e9 estudios realizaste para convertirte en el gran artista que ya has llegado a ser?<\/strong><\/p>\n<p>Pues la verdad es que no he sido nunca de hincar los codos, pero he tenido siempre una muy buena memoria fotogr\u00e1fica&#8230; recuerdo siempre el momento en el que hac\u00eda los dibujos en los cuadernos de apuntes. Recordaba lo que en ese momento hablaba el profesor y me sal\u00edan bien los ex\u00e1menes. Estudi\u00e9 en la Escuela de Artes de Zaragoza&#8230; Bachiller Art\u00edstico y Ciclo superior de ilustraci\u00f3n.<\/p>\n<p>&nbsp;<\/p>\n<p><strong>\u00bfQu\u00e9 consejos dar\u00edas a aquel al que le gustar\u00eda dedicarse al mundo del c\u00f3mic y no sabe por donde comenzar?<\/strong><\/p>\n<p>Bueno, sobre todo que no deje de dibujar (aunque eso estoy seguro que lo har\u00e1). Que se junte con gente que tambi\u00e9n le guste dibujar c\u00f3mics.<\/p>\n<p>&nbsp;<\/p>\n<p>Hoy en d\u00eda en Zaragoza hay un par de editoriales de c\u00f3mics, como por ejemplo <a href=\"https:\/\/gpediciones.com\/\">GPEdiciones<\/a>\u00a0que durante el a\u00f1o saca varios grandes t\u00edtulos con autores de aqu\u00ed. Tambi\u00e9n hay muchos dibujantes y fanzines donde comenzar a publicar y adentrarse en el mundillo. Con gente alrededor es mucho m\u00e1s f\u00e1cil todo.<\/p>\n<p>&nbsp;<\/p>\n<p><img loading=\"lazy\" decoding=\"async\" class=\"aligncenter wp-image-27048 size-large\" src=\"http:\/\/madeinzaragoza.es\/blog\/wp-content\/uploads\/2019\/12\/expo-bernal-blogssipgirl-031219-116-1024x683.jpg\" alt=\"\" width=\"840\" height=\"560\" srcset=\"http:\/\/madeinzaragoza.es\/blog\/wp-content\/uploads\/2019\/12\/expo-bernal-blogssipgirl-031219-116-1024x683.jpg 1024w, http:\/\/madeinzaragoza.es\/blog\/wp-content\/uploads\/2019\/12\/expo-bernal-blogssipgirl-031219-116-300x200.jpg 300w, http:\/\/madeinzaragoza.es\/blog\/wp-content\/uploads\/2019\/12\/expo-bernal-blogssipgirl-031219-116-768x512.jpg 768w, http:\/\/madeinzaragoza.es\/blog\/wp-content\/uploads\/2019\/12\/expo-bernal-blogssipgirl-031219-116-1200x800.jpg 1200w\" sizes=\"(max-width: 709px) 85vw, (max-width: 909px) 67vw, (max-width: 1362px) 62vw, 840px\" \/><\/p>\n<p>&nbsp;<\/p>\n<p><strong>Acabas de inaugurar la exposici\u00f3n \u00ab15 a\u00f1os de Monigotero\u00bb en el <a href=\"http:\/\/www.joaquinroncal.org\/\">Centro Joaqu\u00edn Roncal CAI-ASC<\/a> , Calle San Braulio, 5, \u00bfqu\u00e9 podemos encontrar en ella? <\/strong><\/p>\n<p>\u00a1Mucho material! Tienen para leer un buen rato. Una selecci\u00f3n de mis trabajos divididos por tem\u00e1ticas: pol\u00edtica, social, deporte, Arag\u00f3n y Real Zaragoza. Tambi\u00e9n una pared con mis ilustraciones para libros. Tienen hasta mi mesa de dibujar&#8230; \u00a1la misma mesa que utilizo! Ahora me he tenido que tomar unos meses de descanso&#8230; o dibujar all\u00ed directamente en el Joaqu\u00edn Roncal.<\/p>\n<p>&nbsp;<\/p>\n<p><img loading=\"lazy\" decoding=\"async\" class=\"aligncenter wp-image-27034 size-large\" src=\"http:\/\/madeinzaragoza.es\/blog\/wp-content\/uploads\/2019\/12\/expo-bernal-blogssipgirl-031219-12-1024x683.jpg\" alt=\"\" width=\"840\" height=\"560\" srcset=\"http:\/\/madeinzaragoza.es\/blog\/wp-content\/uploads\/2019\/12\/expo-bernal-blogssipgirl-031219-12-1024x683.jpg 1024w, http:\/\/madeinzaragoza.es\/blog\/wp-content\/uploads\/2019\/12\/expo-bernal-blogssipgirl-031219-12-300x200.jpg 300w, http:\/\/madeinzaragoza.es\/blog\/wp-content\/uploads\/2019\/12\/expo-bernal-blogssipgirl-031219-12-768x512.jpg 768w, http:\/\/madeinzaragoza.es\/blog\/wp-content\/uploads\/2019\/12\/expo-bernal-blogssipgirl-031219-12-1200x800.jpg 1200w\" sizes=\"(max-width: 709px) 85vw, (max-width: 909px) 67vw, (max-width: 1362px) 62vw, 840px\" \/><\/p>\n<p>&nbsp;<\/p>\n<p><strong>\u00bfHasta cu\u00e1ndo y en qu\u00e9 horario podemos visitar esta muestra?<\/strong><\/p>\n<p>La ten\u00e9is hasta el 11 de enero, de lunes a viernes de 18 a 21h, s\u00e1bados de 11 a 13:30 y de 18 a 21h. Los domingos descanso, que hay que ir a misa.<\/p>\n<p>&nbsp;<\/p>\n<p><strong>\u00bfCu\u00e1les son tus trabajos? \u00bfPara qui\u00e9n dise\u00f1as historias?<\/strong><\/p>\n<p>Trabajo cada semana para la revista EL JUEVES tocando temas de actualidad, en la revista PANENKA haciendo vi\u00f1etas de f\u00fatbol, ilustro libros infantiles-juveniles como el \u201cJuan sin m\u00f3vil\u201d o el \u00faltimo, que apenas lleva un par de semanas en librer\u00edas: \u201cChico\u00a0\u00c1guila\u201d. Eso, y encargos varios de por aqu\u00ed y por all\u00e1.<\/p>\n<p>&nbsp;<\/p>\n<p><img loading=\"lazy\" decoding=\"async\" class=\"aligncenter wp-image-27036 size-large\" src=\"http:\/\/madeinzaragoza.es\/blog\/wp-content\/uploads\/2019\/12\/expo-bernal-blogssipgirl-031219-40-1024x683.jpg\" alt=\"\" width=\"840\" height=\"560\" srcset=\"http:\/\/madeinzaragoza.es\/blog\/wp-content\/uploads\/2019\/12\/expo-bernal-blogssipgirl-031219-40-1024x683.jpg 1024w, http:\/\/madeinzaragoza.es\/blog\/wp-content\/uploads\/2019\/12\/expo-bernal-blogssipgirl-031219-40-300x200.jpg 300w, http:\/\/madeinzaragoza.es\/blog\/wp-content\/uploads\/2019\/12\/expo-bernal-blogssipgirl-031219-40-768x512.jpg 768w, http:\/\/madeinzaragoza.es\/blog\/wp-content\/uploads\/2019\/12\/expo-bernal-blogssipgirl-031219-40-1200x800.jpg 1200w\" sizes=\"(max-width: 709px) 85vw, (max-width: 909px) 67vw, (max-width: 1362px) 62vw, 840px\" \/><\/p>\n<p>&nbsp;<\/p>\n<p>&nbsp;<\/p>\n<p><strong>\u00bfCu\u00e1l es el c\u00f3mic del que m\u00e1s orgulloso te sientes?<\/strong><\/p>\n<p>Imposible quedarme con uno. Son como tus criaturas que se les quiere por igual. Todos se hicieron en un momento y una etapa concreta. Aunque he de reconocer que los primeros me dan algo de cosica verlos, pues ahora les cambiar\u00eda los chistes, el dibujo, er&#8230; \u00a1todo!<\/p>\n<p>&nbsp;<\/p>\n<p><img loading=\"lazy\" decoding=\"async\" class=\"aligncenter wp-image-27041 size-large\" src=\"http:\/\/madeinzaragoza.es\/blog\/wp-content\/uploads\/2019\/12\/expo-bernal-blogssipgirl-031219-103-1024x683.jpg\" alt=\"\" width=\"840\" height=\"560\" srcset=\"http:\/\/madeinzaragoza.es\/blog\/wp-content\/uploads\/2019\/12\/expo-bernal-blogssipgirl-031219-103-1024x683.jpg 1024w, http:\/\/madeinzaragoza.es\/blog\/wp-content\/uploads\/2019\/12\/expo-bernal-blogssipgirl-031219-103-300x200.jpg 300w, http:\/\/madeinzaragoza.es\/blog\/wp-content\/uploads\/2019\/12\/expo-bernal-blogssipgirl-031219-103-768x512.jpg 768w, http:\/\/madeinzaragoza.es\/blog\/wp-content\/uploads\/2019\/12\/expo-bernal-blogssipgirl-031219-103-1200x800.jpg 1200w\" sizes=\"(max-width: 709px) 85vw, (max-width: 909px) 67vw, (max-width: 1362px) 62vw, 840px\" \/><\/p>\n<p>&nbsp;<\/p>\n<p><strong>\u00bfEn qui\u00e9n te inspiras a la hora de proyectar tus ideas?\u00a0<\/strong><\/p>\n<p>Dependiendo el tema que quiero tocar, busco sentirme identificado yo mismo con las vi\u00f1etas o los chistes. Pienso en lo que me rodea, vivencias propias y cosas que puedan lograr conectar con el lector. Que les pueda pasar a cualquiera y lograr que una imagen valga m\u00e1s que mil palabras. Es incre\u00edble cuando te dicen que has logrado algo as\u00ed.<\/p>\n<p>&nbsp;<\/p>\n<p><strong>\u00bfTu dibujante fetiche?\u00a0\u00a0<\/strong><\/p>\n<p>Buff&#8230; \u00a1\u00a1es que son tantos tambi\u00e9n!! Es la pregunta que m\u00e1s me cuesta responder, porque es dif\u00edcil quedarme con uno. Con alguno incluso he trabajado conjuntamente. Pero bueno,\u00a0si he de decir uno, me quedar\u00eda con Francisco Iba\u00f1ez&#8230; por ser el primero con el que me enganch\u00e9&#8230; y JAN&#8230; bueno, V\u00e1zquez&#8230; \u00bfves? \u00a1Es muy dif\u00edcil!<\/p>\n<p>&nbsp;<\/p>\n<p><strong>\u00bfComo est\u00e1 siendo tu experiencia y valoraci\u00f3n de todo este tiempo?\u00a0<\/strong><\/p>\n<p>Mi valoraci\u00f3n es que pasa el tiempo volando, jajaja&#8230; \u00a1y con hijas m\u00e1s! Y bueno, en lo laboral no puede ser m\u00e1s satisfactoria. Sigo monigoteando (aunque con m\u00e1s estr\u00e9s de entregas que en mis principios y muchas m\u00e1s canas), publico libros, me dedican exposiciones incre\u00edbles y me siento tremendamente afortunado por ello. No s\u00e9 si esto te lo he dicho ya antes.<\/p>\n<p>&nbsp;<\/p>\n<p><img loading=\"lazy\" decoding=\"async\" class=\"aligncenter wp-image-27042 size-large\" src=\"http:\/\/madeinzaragoza.es\/blog\/wp-content\/uploads\/2019\/12\/expo-bernal-blogssipgirl-031219-104-1024x683.jpg\" alt=\"\" width=\"840\" height=\"560\" srcset=\"http:\/\/madeinzaragoza.es\/blog\/wp-content\/uploads\/2019\/12\/expo-bernal-blogssipgirl-031219-104-1024x683.jpg 1024w, http:\/\/madeinzaragoza.es\/blog\/wp-content\/uploads\/2019\/12\/expo-bernal-blogssipgirl-031219-104-300x200.jpg 300w, http:\/\/madeinzaragoza.es\/blog\/wp-content\/uploads\/2019\/12\/expo-bernal-blogssipgirl-031219-104-768x512.jpg 768w, http:\/\/madeinzaragoza.es\/blog\/wp-content\/uploads\/2019\/12\/expo-bernal-blogssipgirl-031219-104-1200x800.jpg 1200w\" sizes=\"(max-width: 709px) 85vw, (max-width: 909px) 67vw, (max-width: 1362px) 62vw, 840px\" \/><\/p>\n<p>&nbsp;<\/p>\n<p>&nbsp;<\/p>\n<p><strong>A lo largo de estos a\u00f1os has recibido muchos premios y distinciones, \u00bfcu\u00e1les son los que mejor te han hecho sentir?\u00a0<\/strong><\/p>\n<p><strong>\u00a0<\/strong>Les tengo mucho cari\u00f1o a todos, obviamente. Pero he de reconocer que el popular del Sal\u00f3n del c\u00f3mic de Barcelona a \u201cautor revelaci\u00f3n\u201d me hizo much\u00edsima ilusi\u00f3n. Ese premio lo concede el p\u00fablico, que es al que va dirigido siempre nuestro trabajo y ver que gusta y te lo valoran pues te llena. Y el del Humorista del a\u00f1o en el festival del humor de Zaragoza, porque era la primera vez que se lo daban a un monigotero pues me hizo muy feliz. Normalmente se premiaban a actores, monologuistas, gente de escenarios&#8230; y fue un reconocimiento al oficio del monigotero.<\/p>\n<p>&nbsp;<\/p>\n<p><img loading=\"lazy\" decoding=\"async\" class=\"aligncenter wp-image-27051 size-large\" src=\"http:\/\/madeinzaragoza.es\/blog\/wp-content\/uploads\/2019\/12\/expo-bernal-blogssipgirl-031219-1-1024x683.jpg\" alt=\"\" width=\"840\" height=\"560\" srcset=\"http:\/\/madeinzaragoza.es\/blog\/wp-content\/uploads\/2019\/12\/expo-bernal-blogssipgirl-031219-1-1024x683.jpg 1024w, http:\/\/madeinzaragoza.es\/blog\/wp-content\/uploads\/2019\/12\/expo-bernal-blogssipgirl-031219-1-300x200.jpg 300w, http:\/\/madeinzaragoza.es\/blog\/wp-content\/uploads\/2019\/12\/expo-bernal-blogssipgirl-031219-1-768x512.jpg 768w, http:\/\/madeinzaragoza.es\/blog\/wp-content\/uploads\/2019\/12\/expo-bernal-blogssipgirl-031219-1-1200x800.jpg 1200w\" sizes=\"(max-width: 709px) 85vw, (max-width: 909px) 67vw, (max-width: 1362px) 62vw, 840px\" \/><\/p>\n<p>&nbsp;<\/p>\n<p>&nbsp;<\/p>\n<p><strong>\u00bfQu\u00e9 es lo que m\u00e1s te llena de tu profesi\u00f3n?<\/strong><\/p>\n<p>Mira (Me ense\u00f1a el m\u00f3vil con mensajes que recibe), me dan las gracias por alegrarles la vida. No puedo pedir m\u00e1s.<\/p>\n<p>&nbsp;<\/p>\n<p><strong>\u00bfPr\u00f3ximos proyectos en mente? \u00bfuna peque\u00f1a pincelada podr\u00edas dar?\u00a0<\/strong><\/p>\n<p>Soy muy supersticioso. Creo que si las cuento antes que se publiquen se gafan&#8230; pero me ten\u00e9is en El Jueves cada semana, alg\u00fan bolo m\u00e1s espero hacer con Diego Pe\u00f1a y Rafa Blanca y alg\u00fan (algunos) libros de literatura infantil-juvenil espero ilustrar m\u00e1s. Y hasta aqu\u00ed puedo leer.<\/p>\n<p>&nbsp;<\/p>\n<p><strong>\u00bfC\u00f3mo ves el panorama del c\u00f3mic aragon\u00e9s y el nacional en general?\u00a0<\/strong><\/p>\n<p>El aragon\u00e9s INCRE\u00cdBLE. No paran de salir dibujantes, publicar obras, eventos comiqueros, presentaciones, una gozada. La verdad es que Arag\u00f3n siempre ha sido tierra de tebeos, debe ser por el agua del ebro. El nacional en general tambi\u00e9n&#8230; cada mes hay dos o tres salones de c\u00f3mic&#8230; con eso te lo digo todo.<\/p>\n<p>&nbsp;<\/p>\n<p><strong>\u00bfQu\u00e9 mensaje dar\u00edas para animar a la gente a que venga a ver tu exposici\u00f3n<\/strong>?<\/p>\n<p>Que no se la pierdan, claro. All\u00ed ver\u00e1n el trabajo que hay detr\u00e1s. Como aboceto las ideas, los originales y, por supuesto, un porr\u00f3n de vi\u00f1etas, c\u00f3mic e ilustraciones. Mucho que leer, aviso que en un ratico no lo ven todo. Y por supuesto, que como no vayan voy a buscarles y los llevo a rastras.<\/p>\n<p>&nbsp;<\/p>\n<p><img loading=\"lazy\" decoding=\"async\" class=\"aligncenter wp-image-27039 size-large\" src=\"http:\/\/madeinzaragoza.es\/blog\/wp-content\/uploads\/2019\/12\/expo-bernal-blogssipgirl-031219-76-1024x683.jpg\" alt=\"\" width=\"840\" height=\"560\" srcset=\"http:\/\/madeinzaragoza.es\/blog\/wp-content\/uploads\/2019\/12\/expo-bernal-blogssipgirl-031219-76-1024x683.jpg 1024w, http:\/\/madeinzaragoza.es\/blog\/wp-content\/uploads\/2019\/12\/expo-bernal-blogssipgirl-031219-76-300x200.jpg 300w, http:\/\/madeinzaragoza.es\/blog\/wp-content\/uploads\/2019\/12\/expo-bernal-blogssipgirl-031219-76-768x512.jpg 768w, http:\/\/madeinzaragoza.es\/blog\/wp-content\/uploads\/2019\/12\/expo-bernal-blogssipgirl-031219-76-1200x800.jpg 1200w\" sizes=\"(max-width: 709px) 85vw, (max-width: 909px) 67vw, (max-width: 1362px) 62vw, 840px\" \/><\/p>\n<p>&nbsp;<\/p>\n<p>&nbsp;<\/p>\n<p><strong>M\u00e1s informaci\u00f3n en:<\/strong> su <a href=\"http:\/\/bernalweb.blogspot.com\/\"><strong>web<\/strong><\/a>,\u00a0<a href=\"https:\/\/www.facebook.com\/Joseantoniobernal.monigotero\"><strong>facebook<\/strong><\/a>, <a href=\"https:\/\/twitter.com\/J_A_Bernal\"><strong>twitter<\/strong><\/a>,\u00a0<a href=\"https:\/\/www.instagram.com\/j_a_bernal\/\" class=\"broken_link\"><strong>instagram<\/strong><\/a><\/p>\n<p>&nbsp;<\/p>\n","protected":false},"excerpt":{"rendered":"<p>Un moc\u00e9 que se considera muy afortunado de poderse ganar la vida con su pasi\u00f3n de contar historias a trav\u00e9s de los monigotes.\u00a0 As\u00ed se define Jos\u00e9 Antonio Bernal, nuestro monigotero m\u00e1s querido, una persona llena de calidad humana, muy cercana, sensible y que adora a su familia, es s\u00f3lo hablar de ella y la &hellip; <a href=\"http:\/\/madeinzaragoza.es\/blog\/jose-antonio-bernal-vida-y-obra-de-un-artista-resumida-en-su-exposicion-15-anos-de-monigotero\/\" class=\"more-link\">Continuar leyendo<span class=\"screen-reader-text\"> \u00abJos\u00e9 Antonio Bernal. Vida y obra de un artista resumida en su exposici\u00f3n \u00ab15 a\u00f1os de Monigotero\u00bb\u00bb<\/span><\/a><\/p>\n","protected":false},"author":4,"featured_media":27035,"comment_status":"open","ping_status":"open","sticky":false,"template":"","format":"standard","meta":{"footnotes":""},"categories":[6,7],"tags":[502,21,1337,501,24,63],"yoast_head":"<!-- This site is optimized with the Yoast SEO plugin v19.7.2 - https:\/\/yoast.com\/wordpress\/plugins\/seo\/ -->\n<title>Jos\u00e9 Antonio Bernal. Vida y obra de un artista resumida en su exposici\u00f3n &quot;15 a\u00f1os de Monigotero&quot; - Made in Zaragoza<\/title>\n<meta name=\"description\" content=\"Entrevista a Jos\u00e9 Antonio Bernal, nuestro monigotero m\u00e1s querido sobre su exposici\u00f3n de c\u00f3mic 15 a\u00f1os de Monigotero.\" \/>\n<meta name=\"robots\" content=\"index, follow, max-snippet:-1, max-image-preview:large, max-video-preview:-1\" \/>\n<link rel=\"canonical\" href=\"http:\/\/madeinzaragoza.es\/blog\/jose-antonio-bernal-vida-y-obra-de-un-artista-resumida-en-su-exposicion-15-anos-de-monigotero\/\" \/>\n<meta property=\"og:locale\" content=\"es_ES\" \/>\n<meta property=\"og:type\" content=\"article\" \/>\n<meta property=\"og:title\" content=\"Jos\u00e9 Antonio Bernal. Vida y obra de un artista resumida en su exposici\u00f3n &quot;15 a\u00f1os de Monigotero&quot; - Made in Zaragoza\" \/>\n<meta property=\"og:description\" content=\"Entrevista a Jos\u00e9 Antonio Bernal, nuestro monigotero m\u00e1s querido sobre su exposici\u00f3n de c\u00f3mic 15 a\u00f1os de Monigotero.\" \/>\n<meta property=\"og:url\" content=\"http:\/\/madeinzaragoza.es\/blog\/jose-antonio-bernal-vida-y-obra-de-un-artista-resumida-en-su-exposicion-15-anos-de-monigotero\/\" \/>\n<meta property=\"og:site_name\" content=\"Made in Zaragoza\" \/>\n<meta property=\"article:publisher\" content=\"https:\/\/www.facebook.com\/madeinzaragoza.es\/\" \/>\n<meta property=\"article:author\" content=\"blogssipgirl\/197083753685798\" \/>\n<meta property=\"article:published_time\" content=\"2019-12-11T21:01:53+00:00\" \/>\n<meta property=\"article:modified_time\" content=\"2019-12-11T21:03:37+00:00\" \/>\n<meta property=\"og:image\" content=\"http:\/\/madeinzaragoza.es\/blog\/wp-content\/uploads\/2019\/12\/expo-bernal-blogssipgirl-031219-23-1024x682.jpg\" \/>\n\t<meta property=\"og:image:width\" content=\"1024\" \/>\n\t<meta property=\"og:image:height\" content=\"682\" \/>\n\t<meta property=\"og:image:type\" content=\"image\/jpeg\" \/>\n<meta name=\"author\" content=\"Blogssipgirl\" \/>\n<meta name=\"twitter:card\" content=\"summary\" \/>\n<meta name=\"twitter:creator\" content=\"@blogssipgirl1\" \/>\n<meta name=\"twitter:site\" content=\"@madeinzaragoza\" \/>\n<meta name=\"twitter:label1\" content=\"Escrito por\" \/>\n\t<meta name=\"twitter:data1\" content=\"Blogssipgirl\" \/>\n\t<meta name=\"twitter:label2\" content=\"Tiempo de lectura\" \/>\n\t<meta name=\"twitter:data2\" content=\"7 minutos\" \/>\n<script type=\"application\/ld+json\" class=\"yoast-schema-graph\">{\"@context\":\"https:\/\/schema.org\",\"@graph\":[{\"@type\":\"Article\",\"@id\":\"http:\/\/madeinzaragoza.es\/blog\/jose-antonio-bernal-vida-y-obra-de-un-artista-resumida-en-su-exposicion-15-anos-de-monigotero\/#article\",\"isPartOf\":{\"@id\":\"http:\/\/madeinzaragoza.es\/blog\/jose-antonio-bernal-vida-y-obra-de-un-artista-resumida-en-su-exposicion-15-anos-de-monigotero\/\"},\"author\":{\"name\":\"Blogssipgirl\",\"@id\":\"https:\/\/madeinzaragoza.es\/blog\/#\/schema\/person\/b6199e649857e868c4cf0717b007a717\"},\"headline\":\"Jos\u00e9 Antonio Bernal. Vida y obra de un artista resumida en su exposici\u00f3n \u00ab15 a\u00f1os de Monigotero\u00bb\",\"datePublished\":\"2019-12-11T21:01:53+00:00\",\"dateModified\":\"2019-12-11T21:03:37+00:00\",\"mainEntityOfPage\":{\"@id\":\"http:\/\/madeinzaragoza.es\/blog\/jose-antonio-bernal-vida-y-obra-de-un-artista-resumida-en-su-exposicion-15-anos-de-monigotero\/\"},\"wordCount\":1352,\"commentCount\":0,\"publisher\":{\"@id\":\"https:\/\/madeinzaragoza.es\/blog\/#organization\"},\"keywords\":[\"Autores de comic\",\"C\u00f3mic\",\"Cultura\",\"Dibujantes de comic\",\"entrevista\",\"exposicion\"],\"articleSection\":[\"Gente\",\"Qu\u00e9 hacer\"],\"inLanguage\":\"es\",\"potentialAction\":[{\"@type\":\"CommentAction\",\"name\":\"Comment\",\"target\":[\"http:\/\/madeinzaragoza.es\/blog\/jose-antonio-bernal-vida-y-obra-de-un-artista-resumida-en-su-exposicion-15-anos-de-monigotero\/#respond\"]}]},{\"@type\":\"WebPage\",\"@id\":\"http:\/\/madeinzaragoza.es\/blog\/jose-antonio-bernal-vida-y-obra-de-un-artista-resumida-en-su-exposicion-15-anos-de-monigotero\/\",\"url\":\"http:\/\/madeinzaragoza.es\/blog\/jose-antonio-bernal-vida-y-obra-de-un-artista-resumida-en-su-exposicion-15-anos-de-monigotero\/\",\"name\":\"Jos\u00e9 Antonio Bernal. Vida y obra de un artista resumida en su exposici\u00f3n \\\"15 a\u00f1os de Monigotero\\\" - Made in Zaragoza\",\"isPartOf\":{\"@id\":\"https:\/\/madeinzaragoza.es\/blog\/#website\"},\"datePublished\":\"2019-12-11T21:01:53+00:00\",\"dateModified\":\"2019-12-11T21:03:37+00:00\",\"description\":\"Entrevista a Jos\u00e9 Antonio Bernal, nuestro monigotero m\u00e1s querido sobre su exposici\u00f3n de c\u00f3mic 15 a\u00f1os de Monigotero.\",\"breadcrumb\":{\"@id\":\"http:\/\/madeinzaragoza.es\/blog\/jose-antonio-bernal-vida-y-obra-de-un-artista-resumida-en-su-exposicion-15-anos-de-monigotero\/#breadcrumb\"},\"inLanguage\":\"es\",\"potentialAction\":[{\"@type\":\"ReadAction\",\"target\":[\"http:\/\/madeinzaragoza.es\/blog\/jose-antonio-bernal-vida-y-obra-de-un-artista-resumida-en-su-exposicion-15-anos-de-monigotero\/\"]}]},{\"@type\":\"BreadcrumbList\",\"@id\":\"http:\/\/madeinzaragoza.es\/blog\/jose-antonio-bernal-vida-y-obra-de-un-artista-resumida-en-su-exposicion-15-anos-de-monigotero\/#breadcrumb\",\"itemListElement\":[{\"@type\":\"ListItem\",\"position\":1,\"name\":\"Portada\",\"item\":\"https:\/\/madeinzaragoza.es\/blog\/\"},{\"@type\":\"ListItem\",\"position\":2,\"name\":\"Jos\u00e9 Antonio Bernal. Vida y obra de un artista resumida en su exposici\u00f3n \u00ab15 a\u00f1os de Monigotero\u00bb\"}]},{\"@type\":\"WebSite\",\"@id\":\"https:\/\/madeinzaragoza.es\/blog\/#website\",\"url\":\"https:\/\/madeinzaragoza.es\/blog\/\",\"name\":\"Made in Zaragoza\",\"description\":\"Blog de MadeinZGZ, Red de Econom\u00eda Creativa de Zaragoza\",\"publisher\":{\"@id\":\"https:\/\/madeinzaragoza.es\/blog\/#organization\"},\"potentialAction\":[{\"@type\":\"SearchAction\",\"target\":{\"@type\":\"EntryPoint\",\"urlTemplate\":\"https:\/\/madeinzaragoza.es\/blog\/?s={search_term_string}\"},\"query-input\":\"required name=search_term_string\"}],\"inLanguage\":\"es\"},{\"@type\":\"Organization\",\"@id\":\"https:\/\/madeinzaragoza.es\/blog\/#organization\",\"name\":\"Made In Zaragoza\",\"url\":\"https:\/\/madeinzaragoza.es\/blog\/\",\"sameAs\":[\"https:\/\/www.instagram.com\/madeinzaragoza.es\/\",\"https:\/\/www.facebook.com\/madeinzaragoza.es\/\",\"https:\/\/twitter.com\/madeinzaragoza\"],\"logo\":{\"@type\":\"ImageObject\",\"inLanguage\":\"es\",\"@id\":\"https:\/\/madeinzaragoza.es\/blog\/#\/schema\/logo\/image\/\",\"url\":\"https:\/\/madeinzaragoza.es\/blog\/wp-content\/uploads\/2022\/05\/logo.png\",\"contentUrl\":\"https:\/\/madeinzaragoza.es\/blog\/wp-content\/uploads\/2022\/05\/logo.png\",\"width\":193,\"height\":176,\"caption\":\"Made In Zaragoza\"},\"image\":{\"@id\":\"https:\/\/madeinzaragoza.es\/blog\/#\/schema\/logo\/image\/\"}},{\"@type\":\"Person\",\"@id\":\"https:\/\/madeinzaragoza.es\/blog\/#\/schema\/person\/b6199e649857e868c4cf0717b007a717\",\"name\":\"Blogssipgirl\",\"image\":{\"@type\":\"ImageObject\",\"inLanguage\":\"es\",\"@id\":\"https:\/\/madeinzaragoza.es\/blog\/#\/schema\/person\/image\/\",\"url\":\"http:\/\/0.gravatar.com\/avatar\/6171ea2cd2ec17b189583c580ab912a7?s=96&d=mm&r=g\",\"contentUrl\":\"http:\/\/0.gravatar.com\/avatar\/6171ea2cd2ec17b189583c580ab912a7?s=96&d=mm&r=g\",\"caption\":\"Blogssipgirl\"},\"description\":\"Organizadora de eventos, editora de blogs y gestora de RRSS. Y como hobby, bloguera: Blogssipgirl es mi alterego... Me gusta moverme por las redes sociales y colaborar en miles de proyectos, no s\u00e9 estar quieta. Me apasiona la moda y el buen gusto, adoro los peque\u00f1os placeres como pasear y disfrutar de mi familia y amigos.\",\"sameAs\":[\"http:\/\/blogssipgirl.blogspot.com\",\"blogssipgirl\/197083753685798\",\"https:\/\/twitter.com\/blogssipgirl1\"],\"url\":\"http:\/\/madeinzaragoza.es\/blog\/author\/blogssipgirl\/\"}]}<\/script>\n<!-- \/ Yoast SEO plugin. -->","yoast_head_json":{"title":"Jos\u00e9 Antonio Bernal. Vida y obra de un artista resumida en su exposici\u00f3n \"15 a\u00f1os de Monigotero\" - Made in Zaragoza","description":"Entrevista a Jos\u00e9 Antonio Bernal, nuestro monigotero m\u00e1s querido sobre su exposici\u00f3n de c\u00f3mic 15 a\u00f1os de Monigotero.","robots":{"index":"index","follow":"follow","max-snippet":"max-snippet:-1","max-image-preview":"max-image-preview:large","max-video-preview":"max-video-preview:-1"},"canonical":"http:\/\/madeinzaragoza.es\/blog\/jose-antonio-bernal-vida-y-obra-de-un-artista-resumida-en-su-exposicion-15-anos-de-monigotero\/","og_locale":"es_ES","og_type":"article","og_title":"Jos\u00e9 Antonio Bernal. Vida y obra de un artista resumida en su exposici\u00f3n \"15 a\u00f1os de Monigotero\" - Made in Zaragoza","og_description":"Entrevista a Jos\u00e9 Antonio Bernal, nuestro monigotero m\u00e1s querido sobre su exposici\u00f3n de c\u00f3mic 15 a\u00f1os de Monigotero.","og_url":"http:\/\/madeinzaragoza.es\/blog\/jose-antonio-bernal-vida-y-obra-de-un-artista-resumida-en-su-exposicion-15-anos-de-monigotero\/","og_site_name":"Made in Zaragoza","article_publisher":"https:\/\/www.facebook.com\/madeinzaragoza.es\/","article_author":"blogssipgirl\/197083753685798","article_published_time":"2019-12-11T21:01:53+00:00","article_modified_time":"2019-12-11T21:03:37+00:00","og_image":[{"width":1024,"height":682,"url":"http:\/\/madeinzaragoza.es\/blog\/wp-content\/uploads\/2019\/12\/expo-bernal-blogssipgirl-031219-23-1024x682.jpg","type":"image\/jpeg"}],"author":"Blogssipgirl","twitter_card":"summary","twitter_creator":"@blogssipgirl1","twitter_site":"@madeinzaragoza","twitter_misc":{"Escrito por":"Blogssipgirl","Tiempo de lectura":"7 minutos"},"schema":{"@context":"https:\/\/schema.org","@graph":[{"@type":"Article","@id":"http:\/\/madeinzaragoza.es\/blog\/jose-antonio-bernal-vida-y-obra-de-un-artista-resumida-en-su-exposicion-15-anos-de-monigotero\/#article","isPartOf":{"@id":"http:\/\/madeinzaragoza.es\/blog\/jose-antonio-bernal-vida-y-obra-de-un-artista-resumida-en-su-exposicion-15-anos-de-monigotero\/"},"author":{"name":"Blogssipgirl","@id":"https:\/\/madeinzaragoza.es\/blog\/#\/schema\/person\/b6199e649857e868c4cf0717b007a717"},"headline":"Jos\u00e9 Antonio Bernal. Vida y obra de un artista resumida en su exposici\u00f3n \u00ab15 a\u00f1os de Monigotero\u00bb","datePublished":"2019-12-11T21:01:53+00:00","dateModified":"2019-12-11T21:03:37+00:00","mainEntityOfPage":{"@id":"http:\/\/madeinzaragoza.es\/blog\/jose-antonio-bernal-vida-y-obra-de-un-artista-resumida-en-su-exposicion-15-anos-de-monigotero\/"},"wordCount":1352,"commentCount":0,"publisher":{"@id":"https:\/\/madeinzaragoza.es\/blog\/#organization"},"keywords":["Autores de comic","C\u00f3mic","Cultura","Dibujantes de comic","entrevista","exposicion"],"articleSection":["Gente","Qu\u00e9 hacer"],"inLanguage":"es","potentialAction":[{"@type":"CommentAction","name":"Comment","target":["http:\/\/madeinzaragoza.es\/blog\/jose-antonio-bernal-vida-y-obra-de-un-artista-resumida-en-su-exposicion-15-anos-de-monigotero\/#respond"]}]},{"@type":"WebPage","@id":"http:\/\/madeinzaragoza.es\/blog\/jose-antonio-bernal-vida-y-obra-de-un-artista-resumida-en-su-exposicion-15-anos-de-monigotero\/","url":"http:\/\/madeinzaragoza.es\/blog\/jose-antonio-bernal-vida-y-obra-de-un-artista-resumida-en-su-exposicion-15-anos-de-monigotero\/","name":"Jos\u00e9 Antonio Bernal. Vida y obra de un artista resumida en su exposici\u00f3n \"15 a\u00f1os de Monigotero\" - Made in Zaragoza","isPartOf":{"@id":"https:\/\/madeinzaragoza.es\/blog\/#website"},"datePublished":"2019-12-11T21:01:53+00:00","dateModified":"2019-12-11T21:03:37+00:00","description":"Entrevista a Jos\u00e9 Antonio Bernal, nuestro monigotero m\u00e1s querido sobre su exposici\u00f3n de c\u00f3mic 15 a\u00f1os de Monigotero.","breadcrumb":{"@id":"http:\/\/madeinzaragoza.es\/blog\/jose-antonio-bernal-vida-y-obra-de-un-artista-resumida-en-su-exposicion-15-anos-de-monigotero\/#breadcrumb"},"inLanguage":"es","potentialAction":[{"@type":"ReadAction","target":["http:\/\/madeinzaragoza.es\/blog\/jose-antonio-bernal-vida-y-obra-de-un-artista-resumida-en-su-exposicion-15-anos-de-monigotero\/"]}]},{"@type":"BreadcrumbList","@id":"http:\/\/madeinzaragoza.es\/blog\/jose-antonio-bernal-vida-y-obra-de-un-artista-resumida-en-su-exposicion-15-anos-de-monigotero\/#breadcrumb","itemListElement":[{"@type":"ListItem","position":1,"name":"Portada","item":"https:\/\/madeinzaragoza.es\/blog\/"},{"@type":"ListItem","position":2,"name":"Jos\u00e9 Antonio Bernal. Vida y obra de un artista resumida en su exposici\u00f3n \u00ab15 a\u00f1os de Monigotero\u00bb"}]},{"@type":"WebSite","@id":"https:\/\/madeinzaragoza.es\/blog\/#website","url":"https:\/\/madeinzaragoza.es\/blog\/","name":"Made in Zaragoza","description":"Blog de MadeinZGZ, Red de Econom\u00eda Creativa de Zaragoza","publisher":{"@id":"https:\/\/madeinzaragoza.es\/blog\/#organization"},"potentialAction":[{"@type":"SearchAction","target":{"@type":"EntryPoint","urlTemplate":"https:\/\/madeinzaragoza.es\/blog\/?s={search_term_string}"},"query-input":"required name=search_term_string"}],"inLanguage":"es"},{"@type":"Organization","@id":"https:\/\/madeinzaragoza.es\/blog\/#organization","name":"Made In Zaragoza","url":"https:\/\/madeinzaragoza.es\/blog\/","sameAs":["https:\/\/www.instagram.com\/madeinzaragoza.es\/","https:\/\/www.facebook.com\/madeinzaragoza.es\/","https:\/\/twitter.com\/madeinzaragoza"],"logo":{"@type":"ImageObject","inLanguage":"es","@id":"https:\/\/madeinzaragoza.es\/blog\/#\/schema\/logo\/image\/","url":"https:\/\/madeinzaragoza.es\/blog\/wp-content\/uploads\/2022\/05\/logo.png","contentUrl":"https:\/\/madeinzaragoza.es\/blog\/wp-content\/uploads\/2022\/05\/logo.png","width":193,"height":176,"caption":"Made In Zaragoza"},"image":{"@id":"https:\/\/madeinzaragoza.es\/blog\/#\/schema\/logo\/image\/"}},{"@type":"Person","@id":"https:\/\/madeinzaragoza.es\/blog\/#\/schema\/person\/b6199e649857e868c4cf0717b007a717","name":"Blogssipgirl","image":{"@type":"ImageObject","inLanguage":"es","@id":"https:\/\/madeinzaragoza.es\/blog\/#\/schema\/person\/image\/","url":"http:\/\/0.gravatar.com\/avatar\/6171ea2cd2ec17b189583c580ab912a7?s=96&d=mm&r=g","contentUrl":"http:\/\/0.gravatar.com\/avatar\/6171ea2cd2ec17b189583c580ab912a7?s=96&d=mm&r=g","caption":"Blogssipgirl"},"description":"Organizadora de eventos, editora de blogs y gestora de RRSS. Y como hobby, bloguera: Blogssipgirl es mi alterego... Me gusta moverme por las redes sociales y colaborar en miles de proyectos, no s\u00e9 estar quieta. Me apasiona la moda y el buen gusto, adoro los peque\u00f1os placeres como pasear y disfrutar de mi familia y amigos.","sameAs":["http:\/\/blogssipgirl.blogspot.com","blogssipgirl\/197083753685798","https:\/\/twitter.com\/blogssipgirl1"],"url":"http:\/\/madeinzaragoza.es\/blog\/author\/blogssipgirl\/"}]}},"_links":{"self":[{"href":"http:\/\/madeinzaragoza.es\/blog\/wp-json\/wp\/v2\/posts\/27031"}],"collection":[{"href":"http:\/\/madeinzaragoza.es\/blog\/wp-json\/wp\/v2\/posts"}],"about":[{"href":"http:\/\/madeinzaragoza.es\/blog\/wp-json\/wp\/v2\/types\/post"}],"author":[{"embeddable":true,"href":"http:\/\/madeinzaragoza.es\/blog\/wp-json\/wp\/v2\/users\/4"}],"replies":[{"embeddable":true,"href":"http:\/\/madeinzaragoza.es\/blog\/wp-json\/wp\/v2\/comments?post=27031"}],"version-history":[{"count":7,"href":"http:\/\/madeinzaragoza.es\/blog\/wp-json\/wp\/v2\/posts\/27031\/revisions"}],"predecessor-version":[{"id":27086,"href":"http:\/\/madeinzaragoza.es\/blog\/wp-json\/wp\/v2\/posts\/27031\/revisions\/27086"}],"wp:featuredmedia":[{"embeddable":true,"href":"http:\/\/madeinzaragoza.es\/blog\/wp-json\/wp\/v2\/media\/27035"}],"wp:attachment":[{"href":"http:\/\/madeinzaragoza.es\/blog\/wp-json\/wp\/v2\/media?parent=27031"}],"wp:term":[{"taxonomy":"category","embeddable":true,"href":"http:\/\/madeinzaragoza.es\/blog\/wp-json\/wp\/v2\/categories?post=27031"},{"taxonomy":"post_tag","embeddable":true,"href":"http:\/\/madeinzaragoza.es\/blog\/wp-json\/wp\/v2\/tags?post=27031"}],"curies":[{"name":"wp","href":"https:\/\/api.w.org\/{rel}","templated":true}]}}